{"id":482071,"date":"2014-02-02T13:22:20","date_gmt":"2014-02-02T14:22:20","guid":{"rendered":"http:\/\/www.eldigitaldeasturias.com\/noticias\/?p=482071"},"modified":"2014-02-02T13:22:20","modified_gmt":"2014-02-02T14:22:20","slug":"el-fallecimiento-de-luis-aragones-acapara-las-portadas-de-la-prensa-espanola","status":"publish","type":"post","link":"https:\/\/www.eldigitaldeasturias.com\/noticias\/el-fallecimiento-de-luis-aragones-acapara-las-portadas-de-la-prensa-espanola\/","title":{"rendered":"El fallecimiento de Luis Aragon\u00e9s acapara las portadas de la prensa espa\u00f1ola"},"content":{"rendered":"<p><img loading=\"lazy\" decoding=\"async\" class=\"alignleft size-medium wp-image-482072\" alt=\"5900934w\" src=\"https:\/\/www.eldigitaldeasturias.com\/noticias\/wp-content\/uploads\/2014\/02\/5900934w-360x207.jpg\" width=\"360\" height=\"207\" \/>Madrid, 2 feb (EFE).- Todos los peri\u00f3dicos espa\u00f1oles, los deportivos y tambi\u00e9n los generalistas, se hacen eco del fallecimiento del exseleccionador Luis Aragon\u00e9s y llevan la noticia a sus portadas.<\/p>\n<p>&#8216;Sport&#8217; titula: \u00abFallece Luis Aragon\u00e9s\u00bb informando en el antet\u00edtulo que \u00abuna leucemia se llev\u00f3 al exseleccionador\u00bb. \u00abFallece el Sabio del f\u00fatbol\u00bb es el titular que abre una informaci\u00f3n que abarca cuatro p\u00e1ginas.<\/p>\n<p>&#8216;Mundo Deportivo&#8217; concede a Luis de honor de casi toda su portada con un gran \u00abFallece Luis\u00bb y dos sumarios: \u00abAragon\u00e9s muri\u00f3 ayer en Madrid a los 75 a\u00f1os y todo el mundo lo llora\u00bb. Y \u00abEl Atleti fue todo para \u00e9l y \u00e9l lo fue todo para el Atleti\u00bb.<\/p>\n<p>\u00abHasta siempre Luis\u00bb, es el gran titular de una informaci\u00f3n sobre el deceso del exseleccionador que se extiende a lo largo de cinco p\u00e1ginas, Adem\u00e1s, en el suplemento Atl\u00e9tico la portada y tres de las ocho p\u00e1ginas est\u00e1n dedicadas a Luis Aragon\u00e9s.<\/p>\n<p>\u00abContigo cambio todo\u00bb y \u00abAdi\u00f3s al m\u00edster que obr\u00f3 el milagro del f\u00fatbol espa\u00f1ol\u00bb son las llamadas de la portada de &#8216;Marca&#8217; que tambi\u00e9n anuncia un \u00ab\u00a1extra! de 32 paginas sobre el exseleccionador.<\/p>\n<p>\u00abAdi\u00f3s, m\u00edster\u00bb es la llamada de portada de ese suplemento especial del diario madrile\u00f1o, que en su primer art\u00edculo titula: \u00abEspa\u00f1a pierde a un sabio\u00bb.<\/p>\n<p>&#8216;As&#8217; titula: \u00abSe fue Luis, queda La Roja\u00bb sobre una gran foto del exseleccionador. El diario madrile\u00f1o dedica sus ocho primeras p\u00e1ginas a glosar la figura de Aragon\u00e9s. \u00abAdi\u00f3s al Sabio\u00bb, titula en su primer art\u00edculo.<\/p>\n<p>Bajo el t\u00edtulo de \u00abfallece Luis Aragon\u00e9s, el padre de la roja\u00bb, el rotativo barcelon\u00e9s &#8216;La Vanguardia&#8217; a\u00f1ade que \u00abLuis Aragon\u00e9s, el hombre que culmin\u00f3 su larga carrera deportiva como inventor de la selecci\u00f3n de f\u00fatbol que conquist\u00f3 la Eurocopa del 2008, la roja, y que abri\u00f3 la puerta a sus grandes triunfos posteriores, falleci\u00f3 ayer a los 75 a\u00f1os v\u00edctima de una leucemia\u00bb.<\/p>\n<p>&#8216;El Peri\u00f3dico&#8217; inserta en su portada la informaci\u00f3n sobre la muerte del exseleccionador. Con el antet\u00edtulo \u00abInventor de &#8216;La Roja\u00bb, el diario titula: \u00ab!Luis Aragon\u00e9s, un sabio del f\u00fatbol, fallece a los 75 a\u00f1os\u00bb.<\/p>\n<p>\u00abAdi\u00f3s a un genio y figura\u00bb es la llamada de portada de &#8216;El Pa\u00eds&#8217; que a\u00f1ade que Luis Aragon\u00e9s, el hombre que puso m\u00fasica a la pelota en la Eurocopa de 2008, el que acab\u00f3 con el fatalismo del f\u00fatbol espa\u00f1ol, falleci\u00f3 ayer en Madrid a los 75 a\u00f1os\u00bb.<\/p>\n<p>&#8216;El Mundo&#8217; tambi\u00e9n dedica un espacio preferencia en su primera p\u00e1gina a Luis Aragon\u00e9s. \u00abAdi\u00f3s al hombre que nos hizo campeones\u00bb, afirma, a\u00f1adiendo que \u00abLuis Aragon\u00e9s, el entrenador que renov\u00f3 el estilo de la selecci\u00f3n y la llev\u00f3 a conquistar la Eurocopa de 2008 falleci\u00f3 ayer en Madrid a los 75 a\u00f1os a causa de una leucemia\u00bb.<\/p>\n<p>\u00abEl dolor por la noticia trasciende el mundo del f\u00fatbol. Se va una figura extraordinaria, cuyo legado perdura en los actuales campeones del mundo\u00bb.<\/p>\n","protected":false},"excerpt":{"rendered":"<p>Madrid, 2 feb (EFE).- Todos los peri\u00f3dicos espa\u00f1oles, los deportivos y tambi\u00e9n los generalistas, se hacen eco del fallecimiento del exseleccionador Luis Aragon\u00e9s y llevan la noticia a sus portadas. &#8216;Sport&#8217; titula: \u00abFallece Luis Aragon\u00e9s\u00bb informando en el antet\u00edtulo que \u00abuna leucemia se llev\u00f3 al exseleccionador\u00bb. \u00abFallece el Sabio del f\u00fatbol\u00bb es el titular que [&hellip;]<\/p>\n","protected":false},"author":1,"featured_media":482072,"comment_status":"closed","ping_status":"open","sticky":false,"template":"","format":"standard","meta":{"footnotes":""},"categories":[1],"tags":[],"class_list":["post-482071","post","type-post","status-publish","format-standard","has-post-thumbnail","hentry","category-actualidad"],"aioseo_notices":[],"aioseo_head":"\n\t\t<!-- All in One SEO Pro 5.0.1 - aioseo.com -->\n\t<meta name=\"description\" content=\"Madrid, 2 feb (EFE).- Todos los peri\u00f3dicos espa\u00f1oles, los deportivos y tambi\u00e9n los generalistas, se hacen eco del fallecimiento del exseleccionador Luis Aragon\u00e9s y llevan la noticia a sus portadas. &#039;Sport&#039; titula: &quot;Fallece Luis Aragon\u00e9s&quot; informando en el antet\u00edtulo que &quot;una leucemia se llev\u00f3 al exseleccionador&quot;. &quot;Fallece el Sabio del f\u00fatbol&quot; es el titular que\" \/>\n\t<meta name=\"robots\" content=\"max-image-preview:large\" \/>\n\t<meta name=\"author\" content=\"El Digital de Asturias\"\/>\n\t<meta name=\"google-site-verification\" content=\"UA-38556648-1\" \/>\n\t<meta name=\"msvalidate.01\" content=\"7dfe9f3f1b24437ab69f4f2559babe99\" \/>\n\t<meta name=\"keywords\" content=\"actualidad\" \/>\n\t<link rel=\"canonical\" href=\"https:\/\/www.eldigitaldeasturias.com\/noticias\/el-fallecimiento-de-luis-aragones-acapara-las-portadas-de-la-prensa-espanola\/\" \/>\n\t<meta name=\"generator\" content=\"All in One SEO Pro (AIOSEO) 5.0.1\" \/>\n\t\t<meta property=\"og:locale\" content=\"es_ES\" \/>\n\t\t<meta property=\"og:site_name\" content=\"El Digital de Asturias\" \/>\n\t\t<meta property=\"og:type\" content=\"article\" \/>\n\t\t<meta property=\"og:title\" content=\"El fallecimiento de Luis Aragon\u00e9s acapara las portadas de la prensa espa\u00f1ola - El Digital de Asturias\" \/>\n\t\t<meta property=\"og:description\" content=\"Madrid, 2 feb (EFE).- Todos los peri\u00f3dicos espa\u00f1oles, los deportivos y tambi\u00e9n los generalistas, se hacen eco del fallecimiento del exseleccionador Luis Aragon\u00e9s y llevan la noticia a sus portadas. &#039;Sport&#039; titula: &quot;Fallece Luis Aragon\u00e9s&quot; informando en el antet\u00edtulo que &quot;una leucemia se llev\u00f3 al exseleccionador&quot;. &quot;Fallece el Sabio del f\u00fatbol&quot; es el titular que\" \/>\n\t\t<meta property=\"og:url\" content=\"https:\/\/www.eldigitaldeasturias.com\/noticias\/el-fallecimiento-de-luis-aragones-acapara-las-portadas-de-la-prensa-espanola\/\" \/>\n\t\t<meta property=\"article:tag\" content=\"actualidad\" \/>\n\t\t<meta property=\"article:published_time\" content=\"2014-02-02T14:22:20+00:00\" \/>\n\t\t<meta property=\"article:modified_time\" content=\"2014-02-02T14:22:20+00:00\" \/>\n\t\t<meta property=\"article:publisher\" content=\"https:\/\/facebook.com\/eldigitaldeasturias\" \/>\n\t\t<meta name=\"twitter:card\" content=\"summary_large_image\" \/>\n\t\t<meta name=\"twitter:title\" content=\"El fallecimiento de Luis Aragon\u00e9s acapara las portadas de la prensa espa\u00f1ola - El Digital de Asturias\" \/>\n\t\t<meta name=\"twitter:description\" content=\"Madrid, 2 feb (EFE).- Todos los peri\u00f3dicos espa\u00f1oles, los deportivos y tambi\u00e9n los generalistas, se hacen eco del fallecimiento del exseleccionador Luis Aragon\u00e9s y llevan la noticia a sus portadas. &#039;Sport&#039; titula: &quot;Fallece Luis Aragon\u00e9s&quot; informando en el antet\u00edtulo que &quot;una leucemia se llev\u00f3 al exseleccionador&quot;. &quot;Fallece el Sabio del f\u00fatbol&quot; es el titular que\" \/>\n\t\t<meta name=\"twitter:label1\" content=\"Escrito por\" \/>\n\t\t<meta name=\"twitter:data1\" content=\"El Digital de Asturias\" \/>\n\t\t<meta name=\"twitter:label2\" content=\"Tiempo de lectura estimado\" \/>\n\t\t<meta name=\"twitter:data2\" content=\"3 minutos\" \/>\n\t\t<script type=\"application\/ld+json\" class=\"aioseo-schema\">\n\t\t\t{\"@context\":\"https:\\\/\\\/schema.org\",\"@graph\":[{\"@type\":\"BlogPosting\",\"@id\":\"https:\\\/\\\/www.eldigitaldeasturias.com\\\/noticias\\\/el-fallecimiento-de-luis-aragones-acapara-las-portadas-de-la-prensa-espanola\\\/#blogposting\",\"name\":\"El fallecimiento de Luis Aragon\\u00e9s acapara las portadas de la prensa espa\\u00f1ola - El Digital de Asturias\",\"headline\":\"El fallecimiento de Luis Aragon\\u00e9s acapara las portadas de la prensa espa\\u00f1ola\",\"author\":{\"@id\":\"https:\\\/\\\/www.eldigitaldeasturias.com\\\/noticias\\\/author\\\/admin\\\/#author\"},\"publisher\":{\"@id\":\"https:\\\/\\\/www.eldigitaldeasturias.com\\\/noticias\\\/#organization\"},\"image\":{\"@type\":\"ImageObject\",\"url\":482072},\"datePublished\":\"2014-02-02T13:22:20+01:00\",\"dateModified\":\"2014-02-02T13:22:20+01:00\",\"inLanguage\":\"es-ES\",\"mainEntityOfPage\":{\"@id\":\"https:\\\/\\\/www.eldigitaldeasturias.com\\\/noticias\\\/el-fallecimiento-de-luis-aragones-acapara-las-portadas-de-la-prensa-espanola\\\/#webpage\"},\"isPartOf\":{\"@id\":\"https:\\\/\\\/www.eldigitaldeasturias.com\\\/noticias\\\/el-fallecimiento-de-luis-aragones-acapara-las-portadas-de-la-prensa-espanola\\\/#webpage\"},\"articleSection\":\"Actualidad\"},{\"@type\":\"BreadcrumbList\",\"@id\":\"https:\\\/\\\/www.eldigitaldeasturias.com\\\/noticias\\\/el-fallecimiento-de-luis-aragones-acapara-las-portadas-de-la-prensa-espanola\\\/#breadcrumblist\",\"itemListElement\":[{\"@type\":\"ListItem\",\"@id\":\"https:\\\/\\\/www.eldigitaldeasturias.com\\\/noticias#listItem\",\"position\":1,\"name\":\"Home\",\"item\":\"https:\\\/\\\/www.eldigitaldeasturias.com\\\/noticias\",\"nextItem\":{\"@type\":\"ListItem\",\"@id\":\"https:\\\/\\\/www.eldigitaldeasturias.com\\\/noticias\\\/category\\\/actualidad\\\/#listItem\",\"name\":\"Actualidad\"}},{\"@type\":\"ListItem\",\"@id\":\"https:\\\/\\\/www.eldigitaldeasturias.com\\\/noticias\\\/category\\\/actualidad\\\/#listItem\",\"position\":2,\"name\":\"Actualidad\",\"item\":\"https:\\\/\\\/www.eldigitaldeasturias.com\\\/noticias\\\/category\\\/actualidad\\\/\",\"nextItem\":{\"@type\":\"ListItem\",\"@id\":\"https:\\\/\\\/www.eldigitaldeasturias.com\\\/noticias\\\/el-fallecimiento-de-luis-aragones-acapara-las-portadas-de-la-prensa-espanola\\\/#listItem\",\"name\":\"El fallecimiento de Luis Aragon\\u00e9s acapara las portadas de la prensa espa\\u00f1ola\"},\"previousItem\":{\"@type\":\"ListItem\",\"@id\":\"https:\\\/\\\/www.eldigitaldeasturias.com\\\/noticias#listItem\",\"name\":\"Home\"}},{\"@type\":\"ListItem\",\"@id\":\"https:\\\/\\\/www.eldigitaldeasturias.com\\\/noticias\\\/el-fallecimiento-de-luis-aragones-acapara-las-portadas-de-la-prensa-espanola\\\/#listItem\",\"position\":3,\"name\":\"El fallecimiento de Luis Aragon\\u00e9s acapara las portadas de la prensa espa\\u00f1ola\",\"previousItem\":{\"@type\":\"ListItem\",\"@id\":\"https:\\\/\\\/www.eldigitaldeasturias.com\\\/noticias\\\/category\\\/actualidad\\\/#listItem\",\"name\":\"Actualidad\"}}]},{\"@type\":\"Organization\",\"@id\":\"https:\\\/\\\/www.eldigitaldeasturias.com\\\/noticias\\\/#organization\",\"name\":\"El Digital de Asturias\",\"description\":\"Hemeroteca\",\"url\":\"https:\\\/\\\/www.eldigitaldeasturias.com\\\/noticias\\\/\",\"email\":\"info@eldigitaldeasturias.com\",\"telephone\":\"+34652131393\",\"logo\":{\"@type\":\"ImageObject\",\"url\":\"https:\\\/\\\/www.eldigitaldeasturias.com\\\/noticias\\\/wp-content\\\/uploads\\\/2020\\\/12\\\/EDA.jpg\",\"@id\":\"https:\\\/\\\/www.eldigitaldeasturias.com\\\/noticias\\\/el-fallecimiento-de-luis-aragones-acapara-las-portadas-de-la-prensa-espanola\\\/#organizationLogo\"},\"image\":{\"@id\":\"https:\\\/\\\/www.eldigitaldeasturias.com\\\/noticias\\\/el-fallecimiento-de-luis-aragones-acapara-las-portadas-de-la-prensa-espanola\\\/#organizationLogo\"},\"sameAs\":[\"https:\\\/\\\/facebook.com\\\/eldigitaldeasturias\",\"https:\\\/\\\/www.youtube.com\\\/channel\\\/UCZP-2wLEB9Rv6erhFmqVnvg\"],\"address\":{\"@id\":\"https:\\\/\\\/www.eldigitaldeasturias.com\\\/noticias\\\/#postaladdress\",\"@type\":\"PostalAddress\",\"streetAddress\":\"san antonio 4\",\"postalCode\":\"33430\",\"addressLocality\":\"Cand\\u00e1s\",\"addressRegion\":\"Asturias\",\"addressCountry\":\"ES\"}},{\"@type\":\"Person\",\"@id\":\"https:\\\/\\\/www.eldigitaldeasturias.com\\\/noticias\\\/author\\\/admin\\\/#author\",\"url\":\"https:\\\/\\\/www.eldigitaldeasturias.com\\\/noticias\\\/author\\\/admin\\\/\",\"name\":\"El Digital de Asturias\",\"image\":{\"@type\":\"ImageObject\",\"@id\":\"https:\\\/\\\/www.eldigitaldeasturias.com\\\/noticias\\\/el-fallecimiento-de-luis-aragones-acapara-las-portadas-de-la-prensa-espanola\\\/#authorImage\",\"url\":\"https:\\\/\\\/secure.gravatar.com\\\/avatar\\\/df2aeffc32bcd13f8d26072ef8a91b623d677766deac7f97ca815868cd41bf5e?s=96&d=mm&r=g\",\"width\":96,\"height\":96,\"caption\":\"El Digital de Asturias\"}},{\"@type\":\"WebPage\",\"@id\":\"https:\\\/\\\/www.eldigitaldeasturias.com\\\/noticias\\\/el-fallecimiento-de-luis-aragones-acapara-las-portadas-de-la-prensa-espanola\\\/#webpage\",\"url\":\"https:\\\/\\\/www.eldigitaldeasturias.com\\\/noticias\\\/el-fallecimiento-de-luis-aragones-acapara-las-portadas-de-la-prensa-espanola\\\/\",\"name\":\"El fallecimiento de Luis Aragon\\u00e9s acapara las portadas de la prensa espa\\u00f1ola - El Digital de Asturias\",\"description\":\"Madrid, 2 feb (EFE).- Todos los peri\\u00f3dicos espa\\u00f1oles, los deportivos y tambi\\u00e9n los generalistas, se hacen eco del fallecimiento del exseleccionador Luis Aragon\\u00e9s y llevan la noticia a sus portadas. 'Sport' titula: \\\"Fallece Luis Aragon\\u00e9s\\\" informando en el antet\\u00edtulo que \\\"una leucemia se llev\\u00f3 al exseleccionador\\\". \\\"Fallece el Sabio del f\\u00fatbol\\\" es el titular que\",\"inLanguage\":\"es-ES\",\"isPartOf\":{\"@id\":\"https:\\\/\\\/www.eldigitaldeasturias.com\\\/noticias\\\/#website\"},\"breadcrumb\":{\"@id\":\"https:\\\/\\\/www.eldigitaldeasturias.com\\\/noticias\\\/el-fallecimiento-de-luis-aragones-acapara-las-portadas-de-la-prensa-espanola\\\/#breadcrumblist\"},\"author\":{\"@id\":\"https:\\\/\\\/www.eldigitaldeasturias.com\\\/noticias\\\/author\\\/admin\\\/#author\"},\"creator\":{\"@id\":\"https:\\\/\\\/www.eldigitaldeasturias.com\\\/noticias\\\/author\\\/admin\\\/#author\"},\"image\":{\"@type\":\"ImageObject\",\"url\":482072,\"@id\":\"https:\\\/\\\/www.eldigitaldeasturias.com\\\/noticias\\\/el-fallecimiento-de-luis-aragones-acapara-las-portadas-de-la-prensa-espanola\\\/#mainImage\"},\"primaryImageOfPage\":{\"@id\":\"https:\\\/\\\/www.eldigitaldeasturias.com\\\/noticias\\\/el-fallecimiento-de-luis-aragones-acapara-las-portadas-de-la-prensa-espanola\\\/#mainImage\"},\"datePublished\":\"2014-02-02T13:22:20+01:00\",\"dateModified\":\"2014-02-02T13:22:20+01:00\"},{\"@type\":\"WebSite\",\"@id\":\"https:\\\/\\\/www.eldigitaldeasturias.com\\\/noticias\\\/#website\",\"url\":\"https:\\\/\\\/www.eldigitaldeasturias.com\\\/noticias\\\/\",\"name\":\"El Digital de Asturias - Diario de actualidad y noticias\",\"alternateName\":\"El Digital de Asturias - Diario de actualidad y noticias\",\"description\":\"Hemeroteca\",\"inLanguage\":\"es-ES\",\"publisher\":{\"@id\":\"https:\\\/\\\/www.eldigitaldeasturias.com\\\/noticias\\\/#organization\"}}]}\n\t\t<\/script>\n\t\t<!-- All in One SEO Pro -->\r\n\t\t<title>El fallecimiento de Luis Aragon\u00e9s acapara las portadas de la prensa espa\u00f1ola - El Digital de Asturias<\/title>\n\n","aioseo_head_json":{"title":"El fallecimiento de Luis Aragon\u00e9s acapara las portadas de la prensa espa\u00f1ola - El Digital de Asturias","description":"Madrid, 2 feb (EFE).- Todos los peri\u00f3dicos espa\u00f1oles, los deportivos y tambi\u00e9n los generalistas, se hacen eco del fallecimiento del exseleccionador Luis Aragon\u00e9s y llevan la noticia a sus portadas. 'Sport' titula: \"Fallece Luis Aragon\u00e9s\" informando en el antet\u00edtulo que \"una leucemia se llev\u00f3 al exseleccionador\". \"Fallece el Sabio del f\u00fatbol\" es el titular que","canonical_url":"https:\/\/www.eldigitaldeasturias.com\/noticias\/el-fallecimiento-de-luis-aragones-acapara-las-portadas-de-la-prensa-espanola\/","robots":"max-image-preview:large","keywords":"actualidad","webmasterTools":{"google-site-verification":"UA-38556648-1","msvalidate.01":"7dfe9f3f1b24437ab69f4f2559babe99","miscellaneous":""},"schema":{"@context":"https:\/\/schema.org","@graph":[{"@type":"BlogPosting","@id":"https:\/\/www.eldigitaldeasturias.com\/noticias\/el-fallecimiento-de-luis-aragones-acapara-las-portadas-de-la-prensa-espanola\/#blogposting","name":"El fallecimiento de Luis Aragon\u00e9s acapara las portadas de la prensa espa\u00f1ola - El Digital de Asturias","headline":"El fallecimiento de Luis Aragon\u00e9s acapara las portadas de la prensa espa\u00f1ola","author":{"@id":"https:\/\/www.eldigitaldeasturias.com\/noticias\/author\/admin\/#author"},"publisher":{"@id":"https:\/\/www.eldigitaldeasturias.com\/noticias\/#organization"},"image":{"@type":"ImageObject","url":482072},"datePublished":"2014-02-02T13:22:20+01:00","dateModified":"2014-02-02T13:22:20+01:00","inLanguage":"es-ES","mainEntityOfPage":{"@id":"https:\/\/www.eldigitaldeasturias.com\/noticias\/el-fallecimiento-de-luis-aragones-acapara-las-portadas-de-la-prensa-espanola\/#webpage"},"isPartOf":{"@id":"https:\/\/www.eldigitaldeasturias.com\/noticias\/el-fallecimiento-de-luis-aragones-acapara-las-portadas-de-la-prensa-espanola\/#webpage"},"articleSection":"Actualidad"},{"@type":"BreadcrumbList","@id":"https:\/\/www.eldigitaldeasturias.com\/noticias\/el-fallecimiento-de-luis-aragones-acapara-las-portadas-de-la-prensa-espanola\/#breadcrumblist","itemListElement":[{"@type":"ListItem","@id":"https:\/\/www.eldigitaldeasturias.com\/noticias#listItem","position":1,"name":"Home","item":"https:\/\/www.eldigitaldeasturias.com\/noticias","nextItem":{"@type":"ListItem","@id":"https:\/\/www.eldigitaldeasturias.com\/noticias\/category\/actualidad\/#listItem","name":"Actualidad"}},{"@type":"ListItem","@id":"https:\/\/www.eldigitaldeasturias.com\/noticias\/category\/actualidad\/#listItem","position":2,"name":"Actualidad","item":"https:\/\/www.eldigitaldeasturias.com\/noticias\/category\/actualidad\/","nextItem":{"@type":"ListItem","@id":"https:\/\/www.eldigitaldeasturias.com\/noticias\/el-fallecimiento-de-luis-aragones-acapara-las-portadas-de-la-prensa-espanola\/#listItem","name":"El fallecimiento de Luis Aragon\u00e9s acapara las portadas de la prensa espa\u00f1ola"},"previousItem":{"@type":"ListItem","@id":"https:\/\/www.eldigitaldeasturias.com\/noticias#listItem","name":"Home"}},{"@type":"ListItem","@id":"https:\/\/www.eldigitaldeasturias.com\/noticias\/el-fallecimiento-de-luis-aragones-acapara-las-portadas-de-la-prensa-espanola\/#listItem","position":3,"name":"El fallecimiento de Luis Aragon\u00e9s acapara las portadas de la prensa espa\u00f1ola","previousItem":{"@type":"ListItem","@id":"https:\/\/www.eldigitaldeasturias.com\/noticias\/category\/actualidad\/#listItem","name":"Actualidad"}}]},{"@type":"Organization","@id":"https:\/\/www.eldigitaldeasturias.com\/noticias\/#organization","name":"El Digital de Asturias","description":"Hemeroteca","url":"https:\/\/www.eldigitaldeasturias.com\/noticias\/","email":"info@eldigitaldeasturias.com","telephone":"+34652131393","logo":{"@type":"ImageObject","url":"https:\/\/www.eldigitaldeasturias.com\/noticias\/wp-content\/uploads\/2020\/12\/EDA.jpg","@id":"https:\/\/www.eldigitaldeasturias.com\/noticias\/el-fallecimiento-de-luis-aragones-acapara-las-portadas-de-la-prensa-espanola\/#organizationLogo"},"image":{"@id":"https:\/\/www.eldigitaldeasturias.com\/noticias\/el-fallecimiento-de-luis-aragones-acapara-las-portadas-de-la-prensa-espanola\/#organizationLogo"},"sameAs":["https:\/\/facebook.com\/eldigitaldeasturias","https:\/\/www.youtube.com\/channel\/UCZP-2wLEB9Rv6erhFmqVnvg"],"address":{"@id":"https:\/\/www.eldigitaldeasturias.com\/noticias\/#postaladdress","@type":"PostalAddress","streetAddress":"san antonio 4","postalCode":"33430","addressLocality":"Cand\u00e1s","addressRegion":"Asturias","addressCountry":"ES"}},{"@type":"Person","@id":"https:\/\/www.eldigitaldeasturias.com\/noticias\/author\/admin\/#author","url":"https:\/\/www.eldigitaldeasturias.com\/noticias\/author\/admin\/","name":"El Digital de Asturias","image":{"@type":"ImageObject","@id":"https:\/\/www.eldigitaldeasturias.com\/noticias\/el-fallecimiento-de-luis-aragones-acapara-las-portadas-de-la-prensa-espanola\/#authorImage","url":"https:\/\/secure.gravatar.com\/avatar\/df2aeffc32bcd13f8d26072ef8a91b623d677766deac7f97ca815868cd41bf5e?s=96&d=mm&r=g","width":96,"height":96,"caption":"El Digital de Asturias"}},{"@type":"WebPage","@id":"https:\/\/www.eldigitaldeasturias.com\/noticias\/el-fallecimiento-de-luis-aragones-acapara-las-portadas-de-la-prensa-espanola\/#webpage","url":"https:\/\/www.eldigitaldeasturias.com\/noticias\/el-fallecimiento-de-luis-aragones-acapara-las-portadas-de-la-prensa-espanola\/","name":"El fallecimiento de Luis Aragon\u00e9s acapara las portadas de la prensa espa\u00f1ola - El Digital de Asturias","description":"Madrid, 2 feb (EFE).- Todos los peri\u00f3dicos espa\u00f1oles, los deportivos y tambi\u00e9n los generalistas, se hacen eco del fallecimiento del exseleccionador Luis Aragon\u00e9s y llevan la noticia a sus portadas. 'Sport' titula: \"Fallece Luis Aragon\u00e9s\" informando en el antet\u00edtulo que \"una leucemia se llev\u00f3 al exseleccionador\". \"Fallece el Sabio del f\u00fatbol\" es el titular que","inLanguage":"es-ES","isPartOf":{"@id":"https:\/\/www.eldigitaldeasturias.com\/noticias\/#website"},"breadcrumb":{"@id":"https:\/\/www.eldigitaldeasturias.com\/noticias\/el-fallecimiento-de-luis-aragones-acapara-las-portadas-de-la-prensa-espanola\/#breadcrumblist"},"author":{"@id":"https:\/\/www.eldigitaldeasturias.com\/noticias\/author\/admin\/#author"},"creator":{"@id":"https:\/\/www.eldigitaldeasturias.com\/noticias\/author\/admin\/#author"},"image":{"@type":"ImageObject","url":482072,"@id":"https:\/\/www.eldigitaldeasturias.com\/noticias\/el-fallecimiento-de-luis-aragones-acapara-las-portadas-de-la-prensa-espanola\/#mainImage"},"primaryImageOfPage":{"@id":"https:\/\/www.eldigitaldeasturias.com\/noticias\/el-fallecimiento-de-luis-aragones-acapara-las-portadas-de-la-prensa-espanola\/#mainImage"},"datePublished":"2014-02-02T13:22:20+01:00","dateModified":"2014-02-02T13:22:20+01:00"},{"@type":"WebSite","@id":"https:\/\/www.eldigitaldeasturias.com\/noticias\/#website","url":"https:\/\/www.eldigitaldeasturias.com\/noticias\/","name":"El Digital de Asturias - Diario de actualidad y noticias","alternateName":"El Digital de Asturias - Diario de actualidad y noticias","description":"Hemeroteca","inLanguage":"es-ES","publisher":{"@id":"https:\/\/www.eldigitaldeasturias.com\/noticias\/#organization"}}]},"og:locale":"es_ES","og:site_name":"El Digital de Asturias","og:type":"article","og:title":"El fallecimiento de Luis Aragon\u00e9s acapara las portadas de la prensa espa\u00f1ola - El Digital de Asturias","og:description":"Madrid, 2 feb (EFE).- Todos los peri\u00f3dicos espa\u00f1oles, los deportivos y tambi\u00e9n los generalistas, se hacen eco del fallecimiento del exseleccionador Luis Aragon\u00e9s y llevan la noticia a sus portadas. 'Sport' titula: &quot;Fallece Luis Aragon\u00e9s&quot; informando en el antet\u00edtulo que &quot;una leucemia se llev\u00f3 al exseleccionador&quot;. &quot;Fallece el Sabio del f\u00fatbol&quot; es el titular que","og:url":"https:\/\/www.eldigitaldeasturias.com\/noticias\/el-fallecimiento-de-luis-aragones-acapara-las-portadas-de-la-prensa-espanola\/","article:tag":["actualidad"],"article:published_time":"2014-02-02T14:22:20+00:00","article:modified_time":"2014-02-02T14:22:20+00:00","article:publisher":"https:\/\/facebook.com\/eldigitaldeasturias","twitter:card":"summary_large_image","twitter:title":"El fallecimiento de Luis Aragon\u00e9s acapara las portadas de la prensa espa\u00f1ola - El Digital de Asturias","twitter:description":"Madrid, 2 feb (EFE).- Todos los peri\u00f3dicos espa\u00f1oles, los deportivos y tambi\u00e9n los generalistas, se hacen eco del fallecimiento del exseleccionador Luis Aragon\u00e9s y llevan la noticia a sus portadas. 'Sport' titula: &quot;Fallece Luis Aragon\u00e9s&quot; informando en el antet\u00edtulo que &quot;una leucemia se llev\u00f3 al exseleccionador&quot;. &quot;Fallece el Sabio del f\u00fatbol&quot; es el titular que","twitter:label1":"Escrito por","twitter:data1":"El Digital de Asturias","twitter:label2":"Tiempo de lectura estimado","twitter:data2":"3 minutos"},"aioseo_meta_data":{"post_id":"482071","title":null,"description":null,"keywords":null,"keyphrases":null,"primary_term":null,"canonical_url":null,"og_title":null,"og_description":null,"og_object_type":"default","og_image_type":"default","og_image_url":null,"og_image_width":null,"og_image_height":null,"og_image_custom_url":null,"og_image_custom_fields":null,"og_video":null,"og_custom_url":null,"og_article_section":null,"og_article_tags":null,"twitter_use_og":true,"twitter_card":"default","twitter_image_type":"default","twitter_image_url":null,"twitter_image_custom_url":null,"twitter_image_custom_fields":null,"twitter_title":null,"twitter_description":null,"schema":{"blockGraphs":[],"customGraphs":[],"default":{"data":{"Article":[],"Course":[],"Dataset":[],"FAQPage":[],"Movie":[],"Person":[],"Product":[],"ProductReview":[],"Car":[],"Recipe":[],"Service":[],"SoftwareApplication":[],"WebPage":[]},"graphName":"","isEnabled":true},"graphs":[],"defaultGraph":"","defaultPostTypeGraph":""},"schema_type":null,"schema_type_options":null,"pillar_content":false,"robots_default":true,"robots_noindex":false,"robots_noarchive":false,"robots_nosnippet":false,"robots_nofollow":false,"robots_noimageindex":false,"robots_noodp":false,"robots_notranslate":false,"robots_max_snippet":null,"robots_max_videopreview":null,"robots_max_imagepreview":"none","priority":null,"frequency":null,"local_seo":null,"seo_analyzer_scan_date":"2026-06-02 08:42:49","breadcrumb_settings":null,"limit_modified_date":false,"open_ai":null,"ai":null,"created":"2020-11-14 22:54:31","updated":"2026-06-02 08:42:49","focus_keyword":null,"additional_keywords":null,"truseo_locale":null},"aioseo_breadcrumb":"<div class=\"aioseo-breadcrumbs\"><span class=\"aioseo-breadcrumb\">\n\t<a href=\"https:\/\/www.eldigitaldeasturias.com\/noticias\" title=\"Home\">Home<\/a>\n<\/span><span class=\"aioseo-breadcrumb-separator\">\u2013<\/span><span class=\"aioseo-breadcrumb\">\n\t<a href=\"https:\/\/www.eldigitaldeasturias.com\/noticias\/category\/actualidad\/\" title=\"Actualidad\">Actualidad<\/a>\n<\/span><span class=\"aioseo-breadcrumb-separator\">\u2013<\/span><span class=\"aioseo-breadcrumb\">\n\t<a href=\"https:\/\/www.eldigitaldeasturias.com\/noticias\/el-fallecimiento-de-luis-aragones-acapara-las-portadas-de-la-prensa-espanola\/\" title=\"El fallecimiento de Luis Aragon\u00e9s acapara las portadas de la prensa espa\u00f1ola\">El fallecimiento de Luis Aragon\u00e9s acapara las portadas de la prensa espa\u00f1ola<\/a>\n<\/span><\/div>","aioseo_breadcrumb_json":[{"label":"Home","link":"https:\/\/www.eldigitaldeasturias.com\/noticias"},{"label":"Actualidad","link":"https:\/\/www.eldigitaldeasturias.com\/noticias\/category\/actualidad\/"},{"label":"El fallecimiento de Luis Aragon\u00e9s acapara las portadas de la prensa espa\u00f1ola","link":"https:\/\/www.eldigitaldeasturias.com\/noticias\/el-fallecimiento-de-luis-aragones-acapara-las-portadas-de-la-prensa-espanola\/"}],"_links":{"self":[{"href":"https:\/\/www.eldigitaldeasturias.com\/noticias\/wp-json\/wp\/v2\/posts\/482071","targetHints":{"allow":["GET"]}}],"collection":[{"href":"https:\/\/www.eldigitaldeasturias.com\/noticias\/wp-json\/wp\/v2\/posts"}],"about":[{"href":"https:\/\/www.eldigitaldeasturias.com\/noticias\/wp-json\/wp\/v2\/types\/post"}],"author":[{"embeddable":true,"href":"https:\/\/www.eldigitaldeasturias.com\/noticias\/wp-json\/wp\/v2\/users\/1"}],"replies":[{"embeddable":true,"href":"https:\/\/www.eldigitaldeasturias.com\/noticias\/wp-json\/wp\/v2\/comments?post=482071"}],"version-history":[{"count":0,"href":"https:\/\/www.eldigitaldeasturias.com\/noticias\/wp-json\/wp\/v2\/posts\/482071\/revisions"}],"wp:attachment":[{"href":"https:\/\/www.eldigitaldeasturias.com\/noticias\/wp-json\/wp\/v2\/media?parent=482071"}],"wp:term":[{"taxonomy":"category","embeddable":true,"href":"https:\/\/www.eldigitaldeasturias.com\/noticias\/wp-json\/wp\/v2\/categories?post=482071"},{"taxonomy":"post_tag","embeddable":true,"href":"https:\/\/www.eldigitaldeasturias.com\/noticias\/wp-json\/wp\/v2\/tags?post=482071"}],"curies":[{"name":"wp","href":"https:\/\/api.w.org\/{rel}","templated":true}]}}