{"id":482056,"date":"2014-02-02T13:16:52","date_gmt":"2014-02-02T14:16:52","guid":{"rendered":"http:\/\/www.eldigitaldeasturias.com\/noticias\/?p=482056"},"modified":"2014-02-02T13:16:52","modified_gmt":"2014-02-02T14:16:52","slug":"abas-y-el-lider-de-hamas-se-reunieron-para-analizar-una-posible-reconciliacion","status":"publish","type":"post","link":"https:\/\/www.eldigitaldeasturias.com\/noticias\/abas-y-el-lider-de-hamas-se-reunieron-para-analizar-una-posible-reconciliacion\/","title":{"rendered":"Ab\u00e1s y el l\u00edder de Ham\u00e1s se reunieron para analizar una posible reconciliaci\u00f3n"},"content":{"rendered":"<p><img loading=\"lazy\" decoding=\"async\" class=\"alignleft size-medium wp-image-482057\" alt=\"5900904w\" src=\"https:\/\/www.eldigitaldeasturias.com\/noticias\/wp-content\/uploads\/2014\/02\/5900904w-360x233.jpg\" width=\"360\" height=\"233\" \/>Ramala (Cisjordania), 2 feb (EFE).- El presidente de la Autoridad Nacional Palestina (ANP), Mahmud Ab\u00e1s, y un destacado dirigente del grupo islamista Ham\u00e1s en Cisjordania mantuvieron un inusual encuentro el s\u00e1bado para analizar v\u00edas para una posible reconciliaci\u00f3n nacional.<\/p>\n<p>La reuni\u00f3n se celebr\u00f3 en Ramala, considerada capital administrativa de Cisjordania, y fue \u00abfruct\u00edfera y pr\u00e1ctica\u00bb, declar\u00f3 a Efe Naser al Din al Shaer, el dirigente de Ham\u00e1s participante en la reuni\u00f3n, quien fuera viceprimer ministro del Ejecutivo islamista hasta su destituci\u00f3n por la ANP en 2007.<\/p>\n<p>\u00abAnalizamos cuestiones importantes como las medidas que deben ser adoptadas para acelerar la reconciliaci\u00f3n y acabar con el estado de divisi\u00f3n\u00bb, argument\u00f3 el l\u00edder pol\u00edtico de Ham\u00e1s en Cisjordania.<\/p>\n<p>Al Shaer asegur\u00f3 que el presidente palestino se ha comprometido a adoptar los pasos necesarios para poner fin a la divisi\u00f3n pol\u00edtica entre Cisjordania bajo un Ejecutivo leal a la ANP, y la franja de Gaza, gobernada por Ham\u00e1s.<\/p>\n<p>Ambos abordaron la situaci\u00f3n general que se vive en los territorios palestinos y la manera para poner en pr\u00e1ctica lo antes posible el \u00faltimo acuerdo de reconciliaci\u00f3n que incluye la celebraci\u00f3n de elecciones.<\/p>\n<p>La divisi\u00f3n interna palestina se profundiz\u00f3 a ra\u00edz de la toma de Ham\u00e1s de la franja de Gaza en junio de 2007 y la expulsi\u00f3n y persecuci\u00f3n de las fuerzas leales al presidente Ab\u00e1s, que encabeza la ANP y el partido nacionalista secular Al Fatah.<\/p>\n<p>Desde entonces, ambas facciones mayoritarias palestinas han tratado sin \u00e9xito y con distintos mediadores de acabar con sus diferencias, si bien en la pr\u00e1ctica no han implementado ninguno de los acuerdos de reconciliaci\u00f3n nacional.<\/p>\n","protected":false},"excerpt":{"rendered":"<p>Ramala (Cisjordania), 2 feb (EFE).- El presidente de la Autoridad Nacional Palestina (ANP), Mahmud Ab\u00e1s, y un destacado dirigente del grupo islamista Ham\u00e1s en Cisjordania mantuvieron un inusual encuentro el s\u00e1bado para analizar v\u00edas para una posible reconciliaci\u00f3n nacional. La reuni\u00f3n se celebr\u00f3 en Ramala, considerada capital administrativa de Cisjordania, y fue \u00abfruct\u00edfera y pr\u00e1ctica\u00bb, [&hellip;]<\/p>\n","protected":false},"author":1,"featured_media":482057,"comment_status":"closed","ping_status":"open","sticky":false,"template":"","format":"standard","meta":{"footnotes":""},"categories":[1],"tags":[],"class_list":["post-482056","post","type-post","status-publish","format-standard","has-post-thumbnail","hentry","category-actualidad"],"aioseo_notices":[],"aioseo_head":"\n\t\t<!-- All in One SEO Pro 5.0.1 - aioseo.com -->\n\t<meta name=\"description\" content=\"Ramala (Cisjordania), 2 feb (EFE).- El presidente de la Autoridad Nacional Palestina (ANP), Mahmud Ab\u00e1s, y un destacado dirigente del grupo islamista Ham\u00e1s en Cisjordania mantuvieron un inusual encuentro el s\u00e1bado para analizar v\u00edas para una posible reconciliaci\u00f3n nacional. La reuni\u00f3n se celebr\u00f3 en Ramala, considerada capital administrativa de Cisjordania, y fue &quot;fruct\u00edfera y pr\u00e1ctica&quot;,\" \/>\n\t<meta name=\"robots\" content=\"max-image-preview:large\" \/>\n\t<meta name=\"author\" content=\"El Digital de Asturias\"\/>\n\t<meta name=\"google-site-verification\" content=\"UA-38556648-1\" \/>\n\t<meta name=\"msvalidate.01\" content=\"7dfe9f3f1b24437ab69f4f2559babe99\" \/>\n\t<meta name=\"keywords\" content=\"actualidad\" \/>\n\t<link rel=\"canonical\" href=\"https:\/\/www.eldigitaldeasturias.com\/noticias\/abas-y-el-lider-de-hamas-se-reunieron-para-analizar-una-posible-reconciliacion\/\" \/>\n\t<meta name=\"generator\" content=\"All in One SEO Pro (AIOSEO) 5.0.1\" \/>\n\t\t<meta property=\"og:locale\" content=\"es_ES\" \/>\n\t\t<meta property=\"og:site_name\" content=\"El Digital de Asturias\" \/>\n\t\t<meta property=\"og:type\" content=\"article\" \/>\n\t\t<meta property=\"og:title\" content=\"Ab\u00e1s y el l\u00edder de Ham\u00e1s se reunieron para analizar una posible reconciliaci\u00f3n - El Digital de Asturias\" \/>\n\t\t<meta property=\"og:description\" content=\"Ramala (Cisjordania), 2 feb (EFE).- El presidente de la Autoridad Nacional Palestina (ANP), Mahmud Ab\u00e1s, y un destacado dirigente del grupo islamista Ham\u00e1s en Cisjordania mantuvieron un inusual encuentro el s\u00e1bado para analizar v\u00edas para una posible reconciliaci\u00f3n nacional. La reuni\u00f3n se celebr\u00f3 en Ramala, considerada capital administrativa de Cisjordania, y fue &quot;fruct\u00edfera y pr\u00e1ctica&quot;,\" \/>\n\t\t<meta property=\"og:url\" content=\"https:\/\/www.eldigitaldeasturias.com\/noticias\/abas-y-el-lider-de-hamas-se-reunieron-para-analizar-una-posible-reconciliacion\/\" \/>\n\t\t<meta property=\"article:tag\" content=\"actualidad\" \/>\n\t\t<meta property=\"article:published_time\" content=\"2014-02-02T14:16:52+00:00\" \/>\n\t\t<meta property=\"article:modified_time\" content=\"2014-02-02T14:16:52+00:00\" \/>\n\t\t<meta property=\"article:publisher\" content=\"https:\/\/facebook.com\/eldigitaldeasturias\" \/>\n\t\t<meta name=\"twitter:card\" content=\"summary_large_image\" \/>\n\t\t<meta name=\"twitter:title\" content=\"Ab\u00e1s y el l\u00edder de Ham\u00e1s se reunieron para analizar una posible reconciliaci\u00f3n - El Digital de Asturias\" \/>\n\t\t<meta name=\"twitter:description\" content=\"Ramala (Cisjordania), 2 feb (EFE).- El presidente de la Autoridad Nacional Palestina (ANP), Mahmud Ab\u00e1s, y un destacado dirigente del grupo islamista Ham\u00e1s en Cisjordania mantuvieron un inusual encuentro el s\u00e1bado para analizar v\u00edas para una posible reconciliaci\u00f3n nacional. La reuni\u00f3n se celebr\u00f3 en Ramala, considerada capital administrativa de Cisjordania, y fue &quot;fruct\u00edfera y pr\u00e1ctica&quot;,\" \/>\n\t\t<meta name=\"twitter:label1\" content=\"Escrito por\" \/>\n\t\t<meta name=\"twitter:data1\" content=\"El Digital de Asturias\" \/>\n\t\t<meta name=\"twitter:label2\" content=\"Tiempo de lectura estimado\" \/>\n\t\t<meta name=\"twitter:data2\" content=\"1 minuto\" \/>\n\t\t<script type=\"application\/ld+json\" class=\"aioseo-schema\">\n\t\t\t{\"@context\":\"https:\\\/\\\/schema.org\",\"@graph\":[{\"@type\":\"BlogPosting\",\"@id\":\"https:\\\/\\\/www.eldigitaldeasturias.com\\\/noticias\\\/abas-y-el-lider-de-hamas-se-reunieron-para-analizar-una-posible-reconciliacion\\\/#blogposting\",\"name\":\"Ab\\u00e1s y el l\\u00edder de Ham\\u00e1s se reunieron para analizar una posible reconciliaci\\u00f3n - El Digital de Asturias\",\"headline\":\"Ab\\u00e1s y el l\\u00edder de Ham\\u00e1s se reunieron para analizar una posible reconciliaci\\u00f3n\",\"author\":{\"@id\":\"https:\\\/\\\/www.eldigitaldeasturias.com\\\/noticias\\\/author\\\/admin\\\/#author\"},\"publisher\":{\"@id\":\"https:\\\/\\\/www.eldigitaldeasturias.com\\\/noticias\\\/#organization\"},\"image\":{\"@type\":\"ImageObject\",\"url\":482057},\"datePublished\":\"2014-02-02T13:16:52+01:00\",\"dateModified\":\"2014-02-02T13:16:52+01:00\",\"inLanguage\":\"es-ES\",\"mainEntityOfPage\":{\"@id\":\"https:\\\/\\\/www.eldigitaldeasturias.com\\\/noticias\\\/abas-y-el-lider-de-hamas-se-reunieron-para-analizar-una-posible-reconciliacion\\\/#webpage\"},\"isPartOf\":{\"@id\":\"https:\\\/\\\/www.eldigitaldeasturias.com\\\/noticias\\\/abas-y-el-lider-de-hamas-se-reunieron-para-analizar-una-posible-reconciliacion\\\/#webpage\"},\"articleSection\":\"Actualidad\"},{\"@type\":\"BreadcrumbList\",\"@id\":\"https:\\\/\\\/www.eldigitaldeasturias.com\\\/noticias\\\/abas-y-el-lider-de-hamas-se-reunieron-para-analizar-una-posible-reconciliacion\\\/#breadcrumblist\",\"itemListElement\":[{\"@type\":\"ListItem\",\"@id\":\"https:\\\/\\\/www.eldigitaldeasturias.com\\\/noticias#listItem\",\"position\":1,\"name\":\"Home\",\"item\":\"https:\\\/\\\/www.eldigitaldeasturias.com\\\/noticias\",\"nextItem\":{\"@type\":\"ListItem\",\"@id\":\"https:\\\/\\\/www.eldigitaldeasturias.com\\\/noticias\\\/category\\\/actualidad\\\/#listItem\",\"name\":\"Actualidad\"}},{\"@type\":\"ListItem\",\"@id\":\"https:\\\/\\\/www.eldigitaldeasturias.com\\\/noticias\\\/category\\\/actualidad\\\/#listItem\",\"position\":2,\"name\":\"Actualidad\",\"item\":\"https:\\\/\\\/www.eldigitaldeasturias.com\\\/noticias\\\/category\\\/actualidad\\\/\",\"nextItem\":{\"@type\":\"ListItem\",\"@id\":\"https:\\\/\\\/www.eldigitaldeasturias.com\\\/noticias\\\/abas-y-el-lider-de-hamas-se-reunieron-para-analizar-una-posible-reconciliacion\\\/#listItem\",\"name\":\"Ab\\u00e1s y el l\\u00edder de Ham\\u00e1s se reunieron para analizar una posible reconciliaci\\u00f3n\"},\"previousItem\":{\"@type\":\"ListItem\",\"@id\":\"https:\\\/\\\/www.eldigitaldeasturias.com\\\/noticias#listItem\",\"name\":\"Home\"}},{\"@type\":\"ListItem\",\"@id\":\"https:\\\/\\\/www.eldigitaldeasturias.com\\\/noticias\\\/abas-y-el-lider-de-hamas-se-reunieron-para-analizar-una-posible-reconciliacion\\\/#listItem\",\"position\":3,\"name\":\"Ab\\u00e1s y el l\\u00edder de Ham\\u00e1s se reunieron para analizar una posible reconciliaci\\u00f3n\",\"previousItem\":{\"@type\":\"ListItem\",\"@id\":\"https:\\\/\\\/www.eldigitaldeasturias.com\\\/noticias\\\/category\\\/actualidad\\\/#listItem\",\"name\":\"Actualidad\"}}]},{\"@type\":\"Organization\",\"@id\":\"https:\\\/\\\/www.eldigitaldeasturias.com\\\/noticias\\\/#organization\",\"name\":\"El Digital de Asturias\",\"description\":\"Hemeroteca\",\"url\":\"https:\\\/\\\/www.eldigitaldeasturias.com\\\/noticias\\\/\",\"email\":\"info@eldigitaldeasturias.com\",\"telephone\":\"+34652131393\",\"logo\":{\"@type\":\"ImageObject\",\"url\":\"https:\\\/\\\/www.eldigitaldeasturias.com\\\/noticias\\\/wp-content\\\/uploads\\\/2020\\\/12\\\/EDA.jpg\",\"@id\":\"https:\\\/\\\/www.eldigitaldeasturias.com\\\/noticias\\\/abas-y-el-lider-de-hamas-se-reunieron-para-analizar-una-posible-reconciliacion\\\/#organizationLogo\"},\"image\":{\"@id\":\"https:\\\/\\\/www.eldigitaldeasturias.com\\\/noticias\\\/abas-y-el-lider-de-hamas-se-reunieron-para-analizar-una-posible-reconciliacion\\\/#organizationLogo\"},\"sameAs\":[\"https:\\\/\\\/facebook.com\\\/eldigitaldeasturias\",\"https:\\\/\\\/www.youtube.com\\\/channel\\\/UCZP-2wLEB9Rv6erhFmqVnvg\"],\"address\":{\"@id\":\"https:\\\/\\\/www.eldigitaldeasturias.com\\\/noticias\\\/#postaladdress\",\"@type\":\"PostalAddress\",\"streetAddress\":\"san antonio 4\",\"postalCode\":\"33430\",\"addressLocality\":\"Cand\\u00e1s\",\"addressRegion\":\"Asturias\",\"addressCountry\":\"ES\"}},{\"@type\":\"Person\",\"@id\":\"https:\\\/\\\/www.eldigitaldeasturias.com\\\/noticias\\\/author\\\/admin\\\/#author\",\"url\":\"https:\\\/\\\/www.eldigitaldeasturias.com\\\/noticias\\\/author\\\/admin\\\/\",\"name\":\"El Digital de Asturias\",\"image\":{\"@type\":\"ImageObject\",\"@id\":\"https:\\\/\\\/www.eldigitaldeasturias.com\\\/noticias\\\/abas-y-el-lider-de-hamas-se-reunieron-para-analizar-una-posible-reconciliacion\\\/#authorImage\",\"url\":\"https:\\\/\\\/secure.gravatar.com\\\/avatar\\\/df2aeffc32bcd13f8d26072ef8a91b623d677766deac7f97ca815868cd41bf5e?s=96&d=mm&r=g\",\"width\":96,\"height\":96,\"caption\":\"El Digital de Asturias\"}},{\"@type\":\"WebPage\",\"@id\":\"https:\\\/\\\/www.eldigitaldeasturias.com\\\/noticias\\\/abas-y-el-lider-de-hamas-se-reunieron-para-analizar-una-posible-reconciliacion\\\/#webpage\",\"url\":\"https:\\\/\\\/www.eldigitaldeasturias.com\\\/noticias\\\/abas-y-el-lider-de-hamas-se-reunieron-para-analizar-una-posible-reconciliacion\\\/\",\"name\":\"Ab\\u00e1s y el l\\u00edder de Ham\\u00e1s se reunieron para analizar una posible reconciliaci\\u00f3n - El Digital de Asturias\",\"description\":\"Ramala (Cisjordania), 2 feb (EFE).- El presidente de la Autoridad Nacional Palestina (ANP), Mahmud Ab\\u00e1s, y un destacado dirigente del grupo islamista Ham\\u00e1s en Cisjordania mantuvieron un inusual encuentro el s\\u00e1bado para analizar v\\u00edas para una posible reconciliaci\\u00f3n nacional. La reuni\\u00f3n se celebr\\u00f3 en Ramala, considerada capital administrativa de Cisjordania, y fue \\\"fruct\\u00edfera y pr\\u00e1ctica\\\",\",\"inLanguage\":\"es-ES\",\"isPartOf\":{\"@id\":\"https:\\\/\\\/www.eldigitaldeasturias.com\\\/noticias\\\/#website\"},\"breadcrumb\":{\"@id\":\"https:\\\/\\\/www.eldigitaldeasturias.com\\\/noticias\\\/abas-y-el-lider-de-hamas-se-reunieron-para-analizar-una-posible-reconciliacion\\\/#breadcrumblist\"},\"author\":{\"@id\":\"https:\\\/\\\/www.eldigitaldeasturias.com\\\/noticias\\\/author\\\/admin\\\/#author\"},\"creator\":{\"@id\":\"https:\\\/\\\/www.eldigitaldeasturias.com\\\/noticias\\\/author\\\/admin\\\/#author\"},\"image\":{\"@type\":\"ImageObject\",\"url\":482057,\"@id\":\"https:\\\/\\\/www.eldigitaldeasturias.com\\\/noticias\\\/abas-y-el-lider-de-hamas-se-reunieron-para-analizar-una-posible-reconciliacion\\\/#mainImage\"},\"primaryImageOfPage\":{\"@id\":\"https:\\\/\\\/www.eldigitaldeasturias.com\\\/noticias\\\/abas-y-el-lider-de-hamas-se-reunieron-para-analizar-una-posible-reconciliacion\\\/#mainImage\"},\"datePublished\":\"2014-02-02T13:16:52+01:00\",\"dateModified\":\"2014-02-02T13:16:52+01:00\"},{\"@type\":\"WebSite\",\"@id\":\"https:\\\/\\\/www.eldigitaldeasturias.com\\\/noticias\\\/#website\",\"url\":\"https:\\\/\\\/www.eldigitaldeasturias.com\\\/noticias\\\/\",\"name\":\"El Digital de Asturias - Diario de actualidad y noticias\",\"alternateName\":\"El Digital de Asturias - Diario de actualidad y noticias\",\"description\":\"Hemeroteca\",\"inLanguage\":\"es-ES\",\"publisher\":{\"@id\":\"https:\\\/\\\/www.eldigitaldeasturias.com\\\/noticias\\\/#organization\"}}]}\n\t\t<\/script>\n\t\t<!-- All in One SEO Pro -->\r\n\t\t<title>Ab\u00e1s y el l\u00edder de Ham\u00e1s se reunieron para analizar una posible reconciliaci\u00f3n - El Digital de Asturias<\/title>\n\n","aioseo_head_json":{"title":"Ab\u00e1s y el l\u00edder de Ham\u00e1s se reunieron para analizar una posible reconciliaci\u00f3n - El Digital de Asturias","description":"Ramala (Cisjordania), 2 feb (EFE).- El presidente de la Autoridad Nacional Palestina (ANP), Mahmud Ab\u00e1s, y un destacado dirigente del grupo islamista Ham\u00e1s en Cisjordania mantuvieron un inusual encuentro el s\u00e1bado para analizar v\u00edas para una posible reconciliaci\u00f3n nacional. La reuni\u00f3n se celebr\u00f3 en Ramala, considerada capital administrativa de Cisjordania, y fue \"fruct\u00edfera y pr\u00e1ctica\",","canonical_url":"https:\/\/www.eldigitaldeasturias.com\/noticias\/abas-y-el-lider-de-hamas-se-reunieron-para-analizar-una-posible-reconciliacion\/","robots":"max-image-preview:large","keywords":"actualidad","webmasterTools":{"google-site-verification":"UA-38556648-1","msvalidate.01":"7dfe9f3f1b24437ab69f4f2559babe99","miscellaneous":""},"schema":{"@context":"https:\/\/schema.org","@graph":[{"@type":"BlogPosting","@id":"https:\/\/www.eldigitaldeasturias.com\/noticias\/abas-y-el-lider-de-hamas-se-reunieron-para-analizar-una-posible-reconciliacion\/#blogposting","name":"Ab\u00e1s y el l\u00edder de Ham\u00e1s se reunieron para analizar una posible reconciliaci\u00f3n - El Digital de Asturias","headline":"Ab\u00e1s y el l\u00edder de Ham\u00e1s se reunieron para analizar una posible reconciliaci\u00f3n","author":{"@id":"https:\/\/www.eldigitaldeasturias.com\/noticias\/author\/admin\/#author"},"publisher":{"@id":"https:\/\/www.eldigitaldeasturias.com\/noticias\/#organization"},"image":{"@type":"ImageObject","url":482057},"datePublished":"2014-02-02T13:16:52+01:00","dateModified":"2014-02-02T13:16:52+01:00","inLanguage":"es-ES","mainEntityOfPage":{"@id":"https:\/\/www.eldigitaldeasturias.com\/noticias\/abas-y-el-lider-de-hamas-se-reunieron-para-analizar-una-posible-reconciliacion\/#webpage"},"isPartOf":{"@id":"https:\/\/www.eldigitaldeasturias.com\/noticias\/abas-y-el-lider-de-hamas-se-reunieron-para-analizar-una-posible-reconciliacion\/#webpage"},"articleSection":"Actualidad"},{"@type":"BreadcrumbList","@id":"https:\/\/www.eldigitaldeasturias.com\/noticias\/abas-y-el-lider-de-hamas-se-reunieron-para-analizar-una-posible-reconciliacion\/#breadcrumblist","itemListElement":[{"@type":"ListItem","@id":"https:\/\/www.eldigitaldeasturias.com\/noticias#listItem","position":1,"name":"Home","item":"https:\/\/www.eldigitaldeasturias.com\/noticias","nextItem":{"@type":"ListItem","@id":"https:\/\/www.eldigitaldeasturias.com\/noticias\/category\/actualidad\/#listItem","name":"Actualidad"}},{"@type":"ListItem","@id":"https:\/\/www.eldigitaldeasturias.com\/noticias\/category\/actualidad\/#listItem","position":2,"name":"Actualidad","item":"https:\/\/www.eldigitaldeasturias.com\/noticias\/category\/actualidad\/","nextItem":{"@type":"ListItem","@id":"https:\/\/www.eldigitaldeasturias.com\/noticias\/abas-y-el-lider-de-hamas-se-reunieron-para-analizar-una-posible-reconciliacion\/#listItem","name":"Ab\u00e1s y el l\u00edder de Ham\u00e1s se reunieron para analizar una posible reconciliaci\u00f3n"},"previousItem":{"@type":"ListItem","@id":"https:\/\/www.eldigitaldeasturias.com\/noticias#listItem","name":"Home"}},{"@type":"ListItem","@id":"https:\/\/www.eldigitaldeasturias.com\/noticias\/abas-y-el-lider-de-hamas-se-reunieron-para-analizar-una-posible-reconciliacion\/#listItem","position":3,"name":"Ab\u00e1s y el l\u00edder de Ham\u00e1s se reunieron para analizar una posible reconciliaci\u00f3n","previousItem":{"@type":"ListItem","@id":"https:\/\/www.eldigitaldeasturias.com\/noticias\/category\/actualidad\/#listItem","name":"Actualidad"}}]},{"@type":"Organization","@id":"https:\/\/www.eldigitaldeasturias.com\/noticias\/#organization","name":"El Digital de Asturias","description":"Hemeroteca","url":"https:\/\/www.eldigitaldeasturias.com\/noticias\/","email":"info@eldigitaldeasturias.com","telephone":"+34652131393","logo":{"@type":"ImageObject","url":"https:\/\/www.eldigitaldeasturias.com\/noticias\/wp-content\/uploads\/2020\/12\/EDA.jpg","@id":"https:\/\/www.eldigitaldeasturias.com\/noticias\/abas-y-el-lider-de-hamas-se-reunieron-para-analizar-una-posible-reconciliacion\/#organizationLogo"},"image":{"@id":"https:\/\/www.eldigitaldeasturias.com\/noticias\/abas-y-el-lider-de-hamas-se-reunieron-para-analizar-una-posible-reconciliacion\/#organizationLogo"},"sameAs":["https:\/\/facebook.com\/eldigitaldeasturias","https:\/\/www.youtube.com\/channel\/UCZP-2wLEB9Rv6erhFmqVnvg"],"address":{"@id":"https:\/\/www.eldigitaldeasturias.com\/noticias\/#postaladdress","@type":"PostalAddress","streetAddress":"san antonio 4","postalCode":"33430","addressLocality":"Cand\u00e1s","addressRegion":"Asturias","addressCountry":"ES"}},{"@type":"Person","@id":"https:\/\/www.eldigitaldeasturias.com\/noticias\/author\/admin\/#author","url":"https:\/\/www.eldigitaldeasturias.com\/noticias\/author\/admin\/","name":"El Digital de Asturias","image":{"@type":"ImageObject","@id":"https:\/\/www.eldigitaldeasturias.com\/noticias\/abas-y-el-lider-de-hamas-se-reunieron-para-analizar-una-posible-reconciliacion\/#authorImage","url":"https:\/\/secure.gravatar.com\/avatar\/df2aeffc32bcd13f8d26072ef8a91b623d677766deac7f97ca815868cd41bf5e?s=96&d=mm&r=g","width":96,"height":96,"caption":"El Digital de Asturias"}},{"@type":"WebPage","@id":"https:\/\/www.eldigitaldeasturias.com\/noticias\/abas-y-el-lider-de-hamas-se-reunieron-para-analizar-una-posible-reconciliacion\/#webpage","url":"https:\/\/www.eldigitaldeasturias.com\/noticias\/abas-y-el-lider-de-hamas-se-reunieron-para-analizar-una-posible-reconciliacion\/","name":"Ab\u00e1s y el l\u00edder de Ham\u00e1s se reunieron para analizar una posible reconciliaci\u00f3n - El Digital de Asturias","description":"Ramala (Cisjordania), 2 feb (EFE).- El presidente de la Autoridad Nacional Palestina (ANP), Mahmud Ab\u00e1s, y un destacado dirigente del grupo islamista Ham\u00e1s en Cisjordania mantuvieron un inusual encuentro el s\u00e1bado para analizar v\u00edas para una posible reconciliaci\u00f3n nacional. La reuni\u00f3n se celebr\u00f3 en Ramala, considerada capital administrativa de Cisjordania, y fue \"fruct\u00edfera y pr\u00e1ctica\",","inLanguage":"es-ES","isPartOf":{"@id":"https:\/\/www.eldigitaldeasturias.com\/noticias\/#website"},"breadcrumb":{"@id":"https:\/\/www.eldigitaldeasturias.com\/noticias\/abas-y-el-lider-de-hamas-se-reunieron-para-analizar-una-posible-reconciliacion\/#breadcrumblist"},"author":{"@id":"https:\/\/www.eldigitaldeasturias.com\/noticias\/author\/admin\/#author"},"creator":{"@id":"https:\/\/www.eldigitaldeasturias.com\/noticias\/author\/admin\/#author"},"image":{"@type":"ImageObject","url":482057,"@id":"https:\/\/www.eldigitaldeasturias.com\/noticias\/abas-y-el-lider-de-hamas-se-reunieron-para-analizar-una-posible-reconciliacion\/#mainImage"},"primaryImageOfPage":{"@id":"https:\/\/www.eldigitaldeasturias.com\/noticias\/abas-y-el-lider-de-hamas-se-reunieron-para-analizar-una-posible-reconciliacion\/#mainImage"},"datePublished":"2014-02-02T13:16:52+01:00","dateModified":"2014-02-02T13:16:52+01:00"},{"@type":"WebSite","@id":"https:\/\/www.eldigitaldeasturias.com\/noticias\/#website","url":"https:\/\/www.eldigitaldeasturias.com\/noticias\/","name":"El Digital de Asturias - Diario de actualidad y noticias","alternateName":"El Digital de Asturias - Diario de actualidad y noticias","description":"Hemeroteca","inLanguage":"es-ES","publisher":{"@id":"https:\/\/www.eldigitaldeasturias.com\/noticias\/#organization"}}]},"og:locale":"es_ES","og:site_name":"El Digital de Asturias","og:type":"article","og:title":"Ab\u00e1s y el l\u00edder de Ham\u00e1s se reunieron para analizar una posible reconciliaci\u00f3n - El Digital de Asturias","og:description":"Ramala (Cisjordania), 2 feb (EFE).- El presidente de la Autoridad Nacional Palestina (ANP), Mahmud Ab\u00e1s, y un destacado dirigente del grupo islamista Ham\u00e1s en Cisjordania mantuvieron un inusual encuentro el s\u00e1bado para analizar v\u00edas para una posible reconciliaci\u00f3n nacional. La reuni\u00f3n se celebr\u00f3 en Ramala, considerada capital administrativa de Cisjordania, y fue &quot;fruct\u00edfera y pr\u00e1ctica&quot;,","og:url":"https:\/\/www.eldigitaldeasturias.com\/noticias\/abas-y-el-lider-de-hamas-se-reunieron-para-analizar-una-posible-reconciliacion\/","article:tag":["actualidad"],"article:published_time":"2014-02-02T14:16:52+00:00","article:modified_time":"2014-02-02T14:16:52+00:00","article:publisher":"https:\/\/facebook.com\/eldigitaldeasturias","twitter:card":"summary_large_image","twitter:title":"Ab\u00e1s y el l\u00edder de Ham\u00e1s se reunieron para analizar una posible reconciliaci\u00f3n - El Digital de Asturias","twitter:description":"Ramala (Cisjordania), 2 feb (EFE).- El presidente de la Autoridad Nacional Palestina (ANP), Mahmud Ab\u00e1s, y un destacado dirigente del grupo islamista Ham\u00e1s en Cisjordania mantuvieron un inusual encuentro el s\u00e1bado para analizar v\u00edas para una posible reconciliaci\u00f3n nacional. La reuni\u00f3n se celebr\u00f3 en Ramala, considerada capital administrativa de Cisjordania, y fue &quot;fruct\u00edfera y pr\u00e1ctica&quot;,","twitter:label1":"Escrito por","twitter:data1":"El Digital de Asturias","twitter:label2":"Tiempo de lectura estimado","twitter:data2":"1 minuto"},"aioseo_meta_data":{"post_id":"482056","title":null,"description":null,"keywords":null,"keyphrases":null,"primary_term":null,"canonical_url":null,"og_title":null,"og_description":null,"og_object_type":"default","og_image_type":"default","og_image_url":null,"og_image_width":null,"og_image_height":null,"og_image_custom_url":null,"og_image_custom_fields":null,"og_video":null,"og_custom_url":null,"og_article_section":null,"og_article_tags":null,"twitter_use_og":true,"twitter_card":"default","twitter_image_type":"default","twitter_image_url":null,"twitter_image_custom_url":null,"twitter_image_custom_fields":null,"twitter_title":null,"twitter_description":null,"schema":{"blockGraphs":[],"customGraphs":[],"default":{"data":{"Article":[],"Course":[],"Dataset":[],"FAQPage":[],"Movie":[],"Person":[],"Product":[],"ProductReview":[],"Car":[],"Recipe":[],"Service":[],"SoftwareApplication":[],"WebPage":[]},"graphName":"","isEnabled":true},"graphs":[],"defaultGraph":"","defaultPostTypeGraph":""},"schema_type":null,"schema_type_options":null,"pillar_content":false,"robots_default":true,"robots_noindex":false,"robots_noarchive":false,"robots_nosnippet":false,"robots_nofollow":false,"robots_noimageindex":false,"robots_noodp":false,"robots_notranslate":false,"robots_max_snippet":null,"robots_max_videopreview":null,"robots_max_imagepreview":"none","priority":null,"frequency":null,"local_seo":null,"seo_analyzer_scan_date":"2026-06-02 08:40:53","breadcrumb_settings":null,"limit_modified_date":false,"open_ai":null,"ai":null,"created":"2020-11-14 22:54:31","updated":"2026-06-02 08:40:53","focus_keyword":null,"additional_keywords":null,"truseo_locale":null},"aioseo_breadcrumb":"<div class=\"aioseo-breadcrumbs\"><span class=\"aioseo-breadcrumb\">\n\t<a href=\"https:\/\/www.eldigitaldeasturias.com\/noticias\" title=\"Home\">Home<\/a>\n<\/span><span class=\"aioseo-breadcrumb-separator\">\u2013<\/span><span class=\"aioseo-breadcrumb\">\n\t<a href=\"https:\/\/www.eldigitaldeasturias.com\/noticias\/category\/actualidad\/\" title=\"Actualidad\">Actualidad<\/a>\n<\/span><span class=\"aioseo-breadcrumb-separator\">\u2013<\/span><span class=\"aioseo-breadcrumb\">\n\t<a href=\"https:\/\/www.eldigitaldeasturias.com\/noticias\/abas-y-el-lider-de-hamas-se-reunieron-para-analizar-una-posible-reconciliacion\/\" title=\"Ab\u00e1s y el l\u00edder de Ham\u00e1s se reunieron para analizar una posible reconciliaci\u00f3n\">Ab\u00e1s y el l\u00edder de Ham\u00e1s se reunieron para analizar una posible reconciliaci\u00f3n<\/a>\n<\/span><\/div>","aioseo_breadcrumb_json":[{"label":"Home","link":"https:\/\/www.eldigitaldeasturias.com\/noticias"},{"label":"Actualidad","link":"https:\/\/www.eldigitaldeasturias.com\/noticias\/category\/actualidad\/"},{"label":"Ab\u00e1s y el l\u00edder de Ham\u00e1s se reunieron para analizar una posible reconciliaci\u00f3n","link":"https:\/\/www.eldigitaldeasturias.com\/noticias\/abas-y-el-lider-de-hamas-se-reunieron-para-analizar-una-posible-reconciliacion\/"}],"_links":{"self":[{"href":"https:\/\/www.eldigitaldeasturias.com\/noticias\/wp-json\/wp\/v2\/posts\/482056","targetHints":{"allow":["GET"]}}],"collection":[{"href":"https:\/\/www.eldigitaldeasturias.com\/noticias\/wp-json\/wp\/v2\/posts"}],"about":[{"href":"https:\/\/www.eldigitaldeasturias.com\/noticias\/wp-json\/wp\/v2\/types\/post"}],"author":[{"embeddable":true,"href":"https:\/\/www.eldigitaldeasturias.com\/noticias\/wp-json\/wp\/v2\/users\/1"}],"replies":[{"embeddable":true,"href":"https:\/\/www.eldigitaldeasturias.com\/noticias\/wp-json\/wp\/v2\/comments?post=482056"}],"version-history":[{"count":0,"href":"https:\/\/www.eldigitaldeasturias.com\/noticias\/wp-json\/wp\/v2\/posts\/482056\/revisions"}],"wp:attachment":[{"href":"https:\/\/www.eldigitaldeasturias.com\/noticias\/wp-json\/wp\/v2\/media?parent=482056"}],"wp:term":[{"taxonomy":"category","embeddable":true,"href":"https:\/\/www.eldigitaldeasturias.com\/noticias\/wp-json\/wp\/v2\/categories?post=482056"},{"taxonomy":"post_tag","embeddable":true,"href":"https:\/\/www.eldigitaldeasturias.com\/noticias\/wp-json\/wp\/v2\/tags?post=482056"}],"curies":[{"name":"wp","href":"https:\/\/api.w.org\/{rel}","templated":true}]}}