{"id":482053,"date":"2014-02-02T13:15:39","date_gmt":"2014-02-02T14:15:39","guid":{"rendered":"http:\/\/www.eldigitaldeasturias.com\/noticias\/?p=482053"},"modified":"2014-02-02T13:15:39","modified_gmt":"2014-02-02T14:15:39","slug":"los-vip-a-la-espera-del-indulto","status":"publish","type":"post","link":"https:\/\/www.eldigitaldeasturias.com\/noticias\/los-vip-a-la-espera-del-indulto\/","title":{"rendered":"Los VIP a la espera del indulto"},"content":{"rendered":"<p><img loading=\"lazy\" decoding=\"async\" class=\"alignleft size-medium wp-image-482054\" alt=\"5900902w\" src=\"https:\/\/www.eldigitaldeasturias.com\/noticias\/wp-content\/uploads\/2014\/02\/5900902w-360x249.jpg\" width=\"360\" height=\"249\" \/>Madrid, 2 feb (EFE).- Al Consejo de Ministros se le acumulan las peticiones de indulto de personajes muy conocidos: Juli\u00e1n Mu\u00f1oz, Jos\u00e9 Mar\u00eda Del Nido, Jos\u00e9 Ortega Cano, Jaume Matas y Baltasar Garz\u00f3n son algunos de los nombres que figuran en el listado de expedientes por resolver.<\/p>\n<p>El \u00faltimo en solicitar la medida de gracia ha sido el pol\u00e9mico exalcalde de Marbella Juli\u00e1n Mu\u00f1oz, que este viernes ha cursado la petici\u00f3n por motivos de salud y que, tras su implicaci\u00f3n en el caso \u00abMalaya\u00bb, cumple varias condenas por blanqueo de capitales y corrupci\u00f3n.<\/p>\n<p>Tambi\u00e9n en el mundo de la pol\u00edtica, el pasado 11 de diciembre el expresidente balear Jaume Matas solicit\u00f3 el perd\u00f3n de su pena a nueve meses de c\u00e1rcel, impuesta por ejercer tr\u00e1fico de influencias y presionar a un subordinado para que entregara fondos p\u00fablicos de forma ilegal a un periodista que le escrib\u00eda discursos.<\/p>\n<p>Seg\u00fan explic\u00f3 la abogada de Matas, Pilar G\u00f3mez Pav\u00f3n, los argumentos que respaldaron la petici\u00f3n del expresidente fueron razones de equidad y humanidad, y que la pena no resulta, a su juicio, adecuada desde el punto de vista de la proporcionalidad.<\/p>\n<p>Poco despu\u00e9s que Matas, el 27 de diciembre, fue el diestro Jos\u00e9 Ortega Cano el que pidi\u00f3 el perd\u00f3n a la sentencia de dos a\u00f1os y medio de c\u00e1rcel que le fue impuesta por un accidente de tr\u00e1fico ocurrido en mayo de 2011 en la provincia de Sevilla.<\/p>\n<p>Cuando provoc\u00f3 el siniestro, que se sald\u00f3 con la muerte del conductor del veh\u00edculo contrario, el torero conduc\u00eda con un nivel de alcohol que triplicaba el m\u00e1ximo permitido.<\/p>\n<p>Tambi\u00e9n est\u00e1 a la espera del indulto el expresidente del Sevilla C.F. y abogado Jos\u00e9 Mar\u00eda del Nido, condenado a siete a\u00f1os de c\u00e1rcel por cobros irregulares en encargos al Ayuntamiento de Marbella, precisamente en la etapa de Juli\u00e1n Mu\u00f1oz al frente de la Alcald\u00eda.<\/p>\n<p>Finalmente, la solicitud de la medida de gracia para el ex juez de la Audiencia Nacional Baltasar Garz\u00f3n es m\u00e1s lejana en el tiempo, ya que el Gobierno comenz\u00f3 a tramitarla en junio de 2012 aunque est\u00e1 a\u00fan pendiente de resolverse.<\/p>\n<p>En su caso, se solicita el perd\u00f3n para la pena que le impuso en febrero de 2012 el Tribunal Supremo por las escuchas del caso G\u00fcrtel, una condena a once a\u00f1os de inhabilitaci\u00f3n que la Asociaci\u00f3n de Magistrados Europeos por la Democracia y las Libertades (Medel), impulsora de la petici\u00f3n de indulto, considera desproporcionada.<\/p>\n<p>La pasada semana el PSOE anunci\u00f3 que pedir\u00e1 explicaciones al ministro de Justicia, Alberto Ruiz-Gallard\u00f3n, por la tardanza en la tramitaci\u00f3n de esta petici\u00f3n.<\/p>\n<p>El indulto es una medida de gracia excepcional que concede el Rey, a propuesta del Ministerio de Justicia y previa deliberaci\u00f3n del Consejo de Ministros, y que conlleva el perd\u00f3n total o parcial de la pena, aunque no supone la cancelaci\u00f3n de los antecedentes penales.<\/p>\n<p>Las peticiones suelen ir acompa\u00f1adas de un informe de conducta del penado y pueden ser avaladas tanto por el tribunal sentenciador como por la Fiscal\u00eda, si bien ninguno de estos elementos es vinculante para la resoluci\u00f3n del expediente.<\/p>\n<p>Aunque el Gobierno, el ministerio p\u00fablico e incluso el propio tribunal que impone la condena pueden iniciar los tr\u00e1mites para el indulto, lo m\u00e1s habitual es que sea el propio condenado o sus familiares quienes cursen la petici\u00f3n. Desde 2004, el n\u00famero anual de indultos concedidos supera los 300.<\/p>\n<p>Por Ibon Ur\u00eda<\/p>\n","protected":false},"excerpt":{"rendered":"<p>Madrid, 2 feb (EFE).- Al Consejo de Ministros se le acumulan las peticiones de indulto de personajes muy conocidos: Juli\u00e1n Mu\u00f1oz, Jos\u00e9 Mar\u00eda Del Nido, Jos\u00e9 Ortega Cano, Jaume Matas y Baltasar Garz\u00f3n son algunos de los nombres que figuran en el listado de expedientes por resolver. El \u00faltimo en solicitar la medida de gracia [&hellip;]<\/p>\n","protected":false},"author":1,"featured_media":482054,"comment_status":"closed","ping_status":"open","sticky":false,"template":"","format":"standard","meta":{"footnotes":""},"categories":[1],"tags":[],"class_list":["post-482053","post","type-post","status-publish","format-standard","has-post-thumbnail","hentry","category-actualidad"],"aioseo_notices":[],"aioseo_head":"\n\t\t<!-- All in One SEO Pro 5.0.1 - aioseo.com -->\n\t<meta name=\"description\" content=\"Madrid, 2 feb (EFE).- Al Consejo de Ministros se le acumulan las peticiones de indulto de personajes muy conocidos: Juli\u00e1n Mu\u00f1oz, Jos\u00e9 Mar\u00eda Del Nido, Jos\u00e9 Ortega Cano, Jaume Matas y Baltasar Garz\u00f3n son algunos de los nombres que figuran en el listado de expedientes por resolver. El \u00faltimo en solicitar la medida de gracia\" \/>\n\t<meta name=\"robots\" content=\"max-image-preview:large\" \/>\n\t<meta name=\"author\" content=\"El Digital de Asturias\"\/>\n\t<meta name=\"google-site-verification\" content=\"UA-38556648-1\" \/>\n\t<meta name=\"msvalidate.01\" content=\"7dfe9f3f1b24437ab69f4f2559babe99\" \/>\n\t<meta name=\"keywords\" content=\"actualidad\" \/>\n\t<link rel=\"canonical\" href=\"https:\/\/www.eldigitaldeasturias.com\/noticias\/los-vip-a-la-espera-del-indulto\/\" \/>\n\t<meta name=\"generator\" content=\"All in One SEO Pro (AIOSEO) 5.0.1\" \/>\n\t\t<meta property=\"og:locale\" content=\"es_ES\" \/>\n\t\t<meta property=\"og:site_name\" content=\"El Digital de Asturias\" \/>\n\t\t<meta property=\"og:type\" content=\"article\" \/>\n\t\t<meta property=\"og:title\" content=\"Los VIP a la espera del indulto - El Digital de Asturias\" \/>\n\t\t<meta property=\"og:description\" content=\"Madrid, 2 feb (EFE).- Al Consejo de Ministros se le acumulan las peticiones de indulto de personajes muy conocidos: Juli\u00e1n Mu\u00f1oz, Jos\u00e9 Mar\u00eda Del Nido, Jos\u00e9 Ortega Cano, Jaume Matas y Baltasar Garz\u00f3n son algunos de los nombres que figuran en el listado de expedientes por resolver. El \u00faltimo en solicitar la medida de gracia\" \/>\n\t\t<meta property=\"og:url\" content=\"https:\/\/www.eldigitaldeasturias.com\/noticias\/los-vip-a-la-espera-del-indulto\/\" \/>\n\t\t<meta property=\"article:tag\" content=\"actualidad\" \/>\n\t\t<meta property=\"article:published_time\" content=\"2014-02-02T14:15:39+00:00\" \/>\n\t\t<meta property=\"article:modified_time\" content=\"2014-02-02T14:15:39+00:00\" \/>\n\t\t<meta property=\"article:publisher\" content=\"https:\/\/facebook.com\/eldigitaldeasturias\" \/>\n\t\t<meta name=\"twitter:card\" content=\"summary_large_image\" \/>\n\t\t<meta name=\"twitter:title\" content=\"Los VIP a la espera del indulto - El Digital de Asturias\" \/>\n\t\t<meta name=\"twitter:description\" content=\"Madrid, 2 feb (EFE).- Al Consejo de Ministros se le acumulan las peticiones de indulto de personajes muy conocidos: Juli\u00e1n Mu\u00f1oz, Jos\u00e9 Mar\u00eda Del Nido, Jos\u00e9 Ortega Cano, Jaume Matas y Baltasar Garz\u00f3n son algunos de los nombres que figuran en el listado de expedientes por resolver. El \u00faltimo en solicitar la medida de gracia\" \/>\n\t\t<meta name=\"twitter:label1\" content=\"Escrito por\" \/>\n\t\t<meta name=\"twitter:data1\" content=\"El Digital de Asturias\" \/>\n\t\t<meta name=\"twitter:label2\" content=\"Tiempo de lectura estimado\" \/>\n\t\t<meta name=\"twitter:data2\" content=\"3 minutos\" \/>\n\t\t<script type=\"application\/ld+json\" class=\"aioseo-schema\">\n\t\t\t{\"@context\":\"https:\\\/\\\/schema.org\",\"@graph\":[{\"@type\":\"BlogPosting\",\"@id\":\"https:\\\/\\\/www.eldigitaldeasturias.com\\\/noticias\\\/los-vip-a-la-espera-del-indulto\\\/#blogposting\",\"name\":\"Los VIP a la espera del indulto - El Digital de Asturias\",\"headline\":\"Los VIP a la espera del indulto\",\"author\":{\"@id\":\"https:\\\/\\\/www.eldigitaldeasturias.com\\\/noticias\\\/author\\\/admin\\\/#author\"},\"publisher\":{\"@id\":\"https:\\\/\\\/www.eldigitaldeasturias.com\\\/noticias\\\/#organization\"},\"image\":{\"@type\":\"ImageObject\",\"url\":482054},\"datePublished\":\"2014-02-02T13:15:39+01:00\",\"dateModified\":\"2014-02-02T13:15:39+01:00\",\"inLanguage\":\"es-ES\",\"mainEntityOfPage\":{\"@id\":\"https:\\\/\\\/www.eldigitaldeasturias.com\\\/noticias\\\/los-vip-a-la-espera-del-indulto\\\/#webpage\"},\"isPartOf\":{\"@id\":\"https:\\\/\\\/www.eldigitaldeasturias.com\\\/noticias\\\/los-vip-a-la-espera-del-indulto\\\/#webpage\"},\"articleSection\":\"Actualidad\"},{\"@type\":\"BreadcrumbList\",\"@id\":\"https:\\\/\\\/www.eldigitaldeasturias.com\\\/noticias\\\/los-vip-a-la-espera-del-indulto\\\/#breadcrumblist\",\"itemListElement\":[{\"@type\":\"ListItem\",\"@id\":\"https:\\\/\\\/www.eldigitaldeasturias.com\\\/noticias#listItem\",\"position\":1,\"name\":\"Home\",\"item\":\"https:\\\/\\\/www.eldigitaldeasturias.com\\\/noticias\",\"nextItem\":{\"@type\":\"ListItem\",\"@id\":\"https:\\\/\\\/www.eldigitaldeasturias.com\\\/noticias\\\/category\\\/actualidad\\\/#listItem\",\"name\":\"Actualidad\"}},{\"@type\":\"ListItem\",\"@id\":\"https:\\\/\\\/www.eldigitaldeasturias.com\\\/noticias\\\/category\\\/actualidad\\\/#listItem\",\"position\":2,\"name\":\"Actualidad\",\"item\":\"https:\\\/\\\/www.eldigitaldeasturias.com\\\/noticias\\\/category\\\/actualidad\\\/\",\"nextItem\":{\"@type\":\"ListItem\",\"@id\":\"https:\\\/\\\/www.eldigitaldeasturias.com\\\/noticias\\\/los-vip-a-la-espera-del-indulto\\\/#listItem\",\"name\":\"Los VIP a la espera del indulto\"},\"previousItem\":{\"@type\":\"ListItem\",\"@id\":\"https:\\\/\\\/www.eldigitaldeasturias.com\\\/noticias#listItem\",\"name\":\"Home\"}},{\"@type\":\"ListItem\",\"@id\":\"https:\\\/\\\/www.eldigitaldeasturias.com\\\/noticias\\\/los-vip-a-la-espera-del-indulto\\\/#listItem\",\"position\":3,\"name\":\"Los VIP a la espera del indulto\",\"previousItem\":{\"@type\":\"ListItem\",\"@id\":\"https:\\\/\\\/www.eldigitaldeasturias.com\\\/noticias\\\/category\\\/actualidad\\\/#listItem\",\"name\":\"Actualidad\"}}]},{\"@type\":\"Organization\",\"@id\":\"https:\\\/\\\/www.eldigitaldeasturias.com\\\/noticias\\\/#organization\",\"name\":\"El Digital de Asturias\",\"description\":\"Hemeroteca\",\"url\":\"https:\\\/\\\/www.eldigitaldeasturias.com\\\/noticias\\\/\",\"email\":\"info@eldigitaldeasturias.com\",\"telephone\":\"+34652131393\",\"logo\":{\"@type\":\"ImageObject\",\"url\":\"https:\\\/\\\/www.eldigitaldeasturias.com\\\/noticias\\\/wp-content\\\/uploads\\\/2020\\\/12\\\/EDA.jpg\",\"@id\":\"https:\\\/\\\/www.eldigitaldeasturias.com\\\/noticias\\\/los-vip-a-la-espera-del-indulto\\\/#organizationLogo\"},\"image\":{\"@id\":\"https:\\\/\\\/www.eldigitaldeasturias.com\\\/noticias\\\/los-vip-a-la-espera-del-indulto\\\/#organizationLogo\"},\"sameAs\":[\"https:\\\/\\\/facebook.com\\\/eldigitaldeasturias\",\"https:\\\/\\\/www.youtube.com\\\/channel\\\/UCZP-2wLEB9Rv6erhFmqVnvg\"],\"address\":{\"@id\":\"https:\\\/\\\/www.eldigitaldeasturias.com\\\/noticias\\\/#postaladdress\",\"@type\":\"PostalAddress\",\"streetAddress\":\"san antonio 4\",\"postalCode\":\"33430\",\"addressLocality\":\"Cand\\u00e1s\",\"addressRegion\":\"Asturias\",\"addressCountry\":\"ES\"}},{\"@type\":\"Person\",\"@id\":\"https:\\\/\\\/www.eldigitaldeasturias.com\\\/noticias\\\/author\\\/admin\\\/#author\",\"url\":\"https:\\\/\\\/www.eldigitaldeasturias.com\\\/noticias\\\/author\\\/admin\\\/\",\"name\":\"El Digital de Asturias\",\"image\":{\"@type\":\"ImageObject\",\"@id\":\"https:\\\/\\\/www.eldigitaldeasturias.com\\\/noticias\\\/los-vip-a-la-espera-del-indulto\\\/#authorImage\",\"url\":\"https:\\\/\\\/secure.gravatar.com\\\/avatar\\\/df2aeffc32bcd13f8d26072ef8a91b623d677766deac7f97ca815868cd41bf5e?s=96&d=mm&r=g\",\"width\":96,\"height\":96,\"caption\":\"El Digital de Asturias\"}},{\"@type\":\"WebPage\",\"@id\":\"https:\\\/\\\/www.eldigitaldeasturias.com\\\/noticias\\\/los-vip-a-la-espera-del-indulto\\\/#webpage\",\"url\":\"https:\\\/\\\/www.eldigitaldeasturias.com\\\/noticias\\\/los-vip-a-la-espera-del-indulto\\\/\",\"name\":\"Los VIP a la espera del indulto - El Digital de Asturias\",\"description\":\"Madrid, 2 feb (EFE).- Al Consejo de Ministros se le acumulan las peticiones de indulto de personajes muy conocidos: Juli\\u00e1n Mu\\u00f1oz, Jos\\u00e9 Mar\\u00eda Del Nido, Jos\\u00e9 Ortega Cano, Jaume Matas y Baltasar Garz\\u00f3n son algunos de los nombres que figuran en el listado de expedientes por resolver. El \\u00faltimo en solicitar la medida de gracia\",\"inLanguage\":\"es-ES\",\"isPartOf\":{\"@id\":\"https:\\\/\\\/www.eldigitaldeasturias.com\\\/noticias\\\/#website\"},\"breadcrumb\":{\"@id\":\"https:\\\/\\\/www.eldigitaldeasturias.com\\\/noticias\\\/los-vip-a-la-espera-del-indulto\\\/#breadcrumblist\"},\"author\":{\"@id\":\"https:\\\/\\\/www.eldigitaldeasturias.com\\\/noticias\\\/author\\\/admin\\\/#author\"},\"creator\":{\"@id\":\"https:\\\/\\\/www.eldigitaldeasturias.com\\\/noticias\\\/author\\\/admin\\\/#author\"},\"image\":{\"@type\":\"ImageObject\",\"url\":482054,\"@id\":\"https:\\\/\\\/www.eldigitaldeasturias.com\\\/noticias\\\/los-vip-a-la-espera-del-indulto\\\/#mainImage\"},\"primaryImageOfPage\":{\"@id\":\"https:\\\/\\\/www.eldigitaldeasturias.com\\\/noticias\\\/los-vip-a-la-espera-del-indulto\\\/#mainImage\"},\"datePublished\":\"2014-02-02T13:15:39+01:00\",\"dateModified\":\"2014-02-02T13:15:39+01:00\"},{\"@type\":\"WebSite\",\"@id\":\"https:\\\/\\\/www.eldigitaldeasturias.com\\\/noticias\\\/#website\",\"url\":\"https:\\\/\\\/www.eldigitaldeasturias.com\\\/noticias\\\/\",\"name\":\"El Digital de Asturias - Diario de actualidad y noticias\",\"alternateName\":\"El Digital de Asturias - Diario de actualidad y noticias\",\"description\":\"Hemeroteca\",\"inLanguage\":\"es-ES\",\"publisher\":{\"@id\":\"https:\\\/\\\/www.eldigitaldeasturias.com\\\/noticias\\\/#organization\"}}]}\n\t\t<\/script>\n\t\t<!-- All in One SEO Pro -->\r\n\t\t<title>Los VIP a la espera del indulto - El Digital de Asturias<\/title>\n\n","aioseo_head_json":{"title":"Los VIP a la espera del indulto - El Digital de Asturias","description":"Madrid, 2 feb (EFE).- Al Consejo de Ministros se le acumulan las peticiones de indulto de personajes muy conocidos: Juli\u00e1n Mu\u00f1oz, Jos\u00e9 Mar\u00eda Del Nido, Jos\u00e9 Ortega Cano, Jaume Matas y Baltasar Garz\u00f3n son algunos de los nombres que figuran en el listado de expedientes por resolver. El \u00faltimo en solicitar la medida de gracia","canonical_url":"https:\/\/www.eldigitaldeasturias.com\/noticias\/los-vip-a-la-espera-del-indulto\/","robots":"max-image-preview:large","keywords":"actualidad","webmasterTools":{"google-site-verification":"UA-38556648-1","msvalidate.01":"7dfe9f3f1b24437ab69f4f2559babe99","miscellaneous":""},"schema":{"@context":"https:\/\/schema.org","@graph":[{"@type":"BlogPosting","@id":"https:\/\/www.eldigitaldeasturias.com\/noticias\/los-vip-a-la-espera-del-indulto\/#blogposting","name":"Los VIP a la espera del indulto - El Digital de Asturias","headline":"Los VIP a la espera del indulto","author":{"@id":"https:\/\/www.eldigitaldeasturias.com\/noticias\/author\/admin\/#author"},"publisher":{"@id":"https:\/\/www.eldigitaldeasturias.com\/noticias\/#organization"},"image":{"@type":"ImageObject","url":482054},"datePublished":"2014-02-02T13:15:39+01:00","dateModified":"2014-02-02T13:15:39+01:00","inLanguage":"es-ES","mainEntityOfPage":{"@id":"https:\/\/www.eldigitaldeasturias.com\/noticias\/los-vip-a-la-espera-del-indulto\/#webpage"},"isPartOf":{"@id":"https:\/\/www.eldigitaldeasturias.com\/noticias\/los-vip-a-la-espera-del-indulto\/#webpage"},"articleSection":"Actualidad"},{"@type":"BreadcrumbList","@id":"https:\/\/www.eldigitaldeasturias.com\/noticias\/los-vip-a-la-espera-del-indulto\/#breadcrumblist","itemListElement":[{"@type":"ListItem","@id":"https:\/\/www.eldigitaldeasturias.com\/noticias#listItem","position":1,"name":"Home","item":"https:\/\/www.eldigitaldeasturias.com\/noticias","nextItem":{"@type":"ListItem","@id":"https:\/\/www.eldigitaldeasturias.com\/noticias\/category\/actualidad\/#listItem","name":"Actualidad"}},{"@type":"ListItem","@id":"https:\/\/www.eldigitaldeasturias.com\/noticias\/category\/actualidad\/#listItem","position":2,"name":"Actualidad","item":"https:\/\/www.eldigitaldeasturias.com\/noticias\/category\/actualidad\/","nextItem":{"@type":"ListItem","@id":"https:\/\/www.eldigitaldeasturias.com\/noticias\/los-vip-a-la-espera-del-indulto\/#listItem","name":"Los VIP a la espera del indulto"},"previousItem":{"@type":"ListItem","@id":"https:\/\/www.eldigitaldeasturias.com\/noticias#listItem","name":"Home"}},{"@type":"ListItem","@id":"https:\/\/www.eldigitaldeasturias.com\/noticias\/los-vip-a-la-espera-del-indulto\/#listItem","position":3,"name":"Los VIP a la espera del indulto","previousItem":{"@type":"ListItem","@id":"https:\/\/www.eldigitaldeasturias.com\/noticias\/category\/actualidad\/#listItem","name":"Actualidad"}}]},{"@type":"Organization","@id":"https:\/\/www.eldigitaldeasturias.com\/noticias\/#organization","name":"El Digital de Asturias","description":"Hemeroteca","url":"https:\/\/www.eldigitaldeasturias.com\/noticias\/","email":"info@eldigitaldeasturias.com","telephone":"+34652131393","logo":{"@type":"ImageObject","url":"https:\/\/www.eldigitaldeasturias.com\/noticias\/wp-content\/uploads\/2020\/12\/EDA.jpg","@id":"https:\/\/www.eldigitaldeasturias.com\/noticias\/los-vip-a-la-espera-del-indulto\/#organizationLogo"},"image":{"@id":"https:\/\/www.eldigitaldeasturias.com\/noticias\/los-vip-a-la-espera-del-indulto\/#organizationLogo"},"sameAs":["https:\/\/facebook.com\/eldigitaldeasturias","https:\/\/www.youtube.com\/channel\/UCZP-2wLEB9Rv6erhFmqVnvg"],"address":{"@id":"https:\/\/www.eldigitaldeasturias.com\/noticias\/#postaladdress","@type":"PostalAddress","streetAddress":"san antonio 4","postalCode":"33430","addressLocality":"Cand\u00e1s","addressRegion":"Asturias","addressCountry":"ES"}},{"@type":"Person","@id":"https:\/\/www.eldigitaldeasturias.com\/noticias\/author\/admin\/#author","url":"https:\/\/www.eldigitaldeasturias.com\/noticias\/author\/admin\/","name":"El Digital de Asturias","image":{"@type":"ImageObject","@id":"https:\/\/www.eldigitaldeasturias.com\/noticias\/los-vip-a-la-espera-del-indulto\/#authorImage","url":"https:\/\/secure.gravatar.com\/avatar\/df2aeffc32bcd13f8d26072ef8a91b623d677766deac7f97ca815868cd41bf5e?s=96&d=mm&r=g","width":96,"height":96,"caption":"El Digital de Asturias"}},{"@type":"WebPage","@id":"https:\/\/www.eldigitaldeasturias.com\/noticias\/los-vip-a-la-espera-del-indulto\/#webpage","url":"https:\/\/www.eldigitaldeasturias.com\/noticias\/los-vip-a-la-espera-del-indulto\/","name":"Los VIP a la espera del indulto - El Digital de Asturias","description":"Madrid, 2 feb (EFE).- Al Consejo de Ministros se le acumulan las peticiones de indulto de personajes muy conocidos: Juli\u00e1n Mu\u00f1oz, Jos\u00e9 Mar\u00eda Del Nido, Jos\u00e9 Ortega Cano, Jaume Matas y Baltasar Garz\u00f3n son algunos de los nombres que figuran en el listado de expedientes por resolver. El \u00faltimo en solicitar la medida de gracia","inLanguage":"es-ES","isPartOf":{"@id":"https:\/\/www.eldigitaldeasturias.com\/noticias\/#website"},"breadcrumb":{"@id":"https:\/\/www.eldigitaldeasturias.com\/noticias\/los-vip-a-la-espera-del-indulto\/#breadcrumblist"},"author":{"@id":"https:\/\/www.eldigitaldeasturias.com\/noticias\/author\/admin\/#author"},"creator":{"@id":"https:\/\/www.eldigitaldeasturias.com\/noticias\/author\/admin\/#author"},"image":{"@type":"ImageObject","url":482054,"@id":"https:\/\/www.eldigitaldeasturias.com\/noticias\/los-vip-a-la-espera-del-indulto\/#mainImage"},"primaryImageOfPage":{"@id":"https:\/\/www.eldigitaldeasturias.com\/noticias\/los-vip-a-la-espera-del-indulto\/#mainImage"},"datePublished":"2014-02-02T13:15:39+01:00","dateModified":"2014-02-02T13:15:39+01:00"},{"@type":"WebSite","@id":"https:\/\/www.eldigitaldeasturias.com\/noticias\/#website","url":"https:\/\/www.eldigitaldeasturias.com\/noticias\/","name":"El Digital de Asturias - Diario de actualidad y noticias","alternateName":"El Digital de Asturias - Diario de actualidad y noticias","description":"Hemeroteca","inLanguage":"es-ES","publisher":{"@id":"https:\/\/www.eldigitaldeasturias.com\/noticias\/#organization"}}]},"og:locale":"es_ES","og:site_name":"El Digital de Asturias","og:type":"article","og:title":"Los VIP a la espera del indulto - El Digital de Asturias","og:description":"Madrid, 2 feb (EFE).- Al Consejo de Ministros se le acumulan las peticiones de indulto de personajes muy conocidos: Juli\u00e1n Mu\u00f1oz, Jos\u00e9 Mar\u00eda Del Nido, Jos\u00e9 Ortega Cano, Jaume Matas y Baltasar Garz\u00f3n son algunos de los nombres que figuran en el listado de expedientes por resolver. El \u00faltimo en solicitar la medida de gracia","og:url":"https:\/\/www.eldigitaldeasturias.com\/noticias\/los-vip-a-la-espera-del-indulto\/","article:tag":["actualidad"],"article:published_time":"2014-02-02T14:15:39+00:00","article:modified_time":"2014-02-02T14:15:39+00:00","article:publisher":"https:\/\/facebook.com\/eldigitaldeasturias","twitter:card":"summary_large_image","twitter:title":"Los VIP a la espera del indulto - El Digital de Asturias","twitter:description":"Madrid, 2 feb (EFE).- Al Consejo de Ministros se le acumulan las peticiones de indulto de personajes muy conocidos: Juli\u00e1n Mu\u00f1oz, Jos\u00e9 Mar\u00eda Del Nido, Jos\u00e9 Ortega Cano, Jaume Matas y Baltasar Garz\u00f3n son algunos de los nombres que figuran en el listado de expedientes por resolver. El \u00faltimo en solicitar la medida de gracia","twitter:label1":"Escrito por","twitter:data1":"El Digital de Asturias","twitter:label2":"Tiempo de lectura estimado","twitter:data2":"3 minutos"},"aioseo_meta_data":{"post_id":"482053","title":null,"description":null,"keywords":null,"keyphrases":null,"primary_term":null,"canonical_url":null,"og_title":null,"og_description":null,"og_object_type":"default","og_image_type":"default","og_image_url":null,"og_image_width":null,"og_image_height":null,"og_image_custom_url":null,"og_image_custom_fields":null,"og_video":null,"og_custom_url":null,"og_article_section":null,"og_article_tags":null,"twitter_use_og":true,"twitter_card":"default","twitter_image_type":"default","twitter_image_url":null,"twitter_image_custom_url":null,"twitter_image_custom_fields":null,"twitter_title":null,"twitter_description":null,"schema":{"blockGraphs":[],"customGraphs":[],"default":{"data":{"Article":[],"Course":[],"Dataset":[],"FAQPage":[],"Movie":[],"Person":[],"Product":[],"ProductReview":[],"Car":[],"Recipe":[],"Service":[],"SoftwareApplication":[],"WebPage":[]},"graphName":"","isEnabled":true},"graphs":[],"defaultGraph":"","defaultPostTypeGraph":""},"schema_type":null,"schema_type_options":null,"pillar_content":false,"robots_default":true,"robots_noindex":false,"robots_noarchive":false,"robots_nosnippet":false,"robots_nofollow":false,"robots_noimageindex":false,"robots_noodp":false,"robots_notranslate":false,"robots_max_snippet":null,"robots_max_videopreview":null,"robots_max_imagepreview":"none","priority":null,"frequency":null,"local_seo":null,"seo_analyzer_scan_date":"2026-06-02 08:40:53","breadcrumb_settings":null,"limit_modified_date":false,"open_ai":null,"ai":null,"created":"2020-11-14 22:54:31","updated":"2026-06-02 08:40:53","focus_keyword":null,"additional_keywords":null,"truseo_locale":null},"aioseo_breadcrumb":"<div class=\"aioseo-breadcrumbs\"><span class=\"aioseo-breadcrumb\">\n\t<a href=\"https:\/\/www.eldigitaldeasturias.com\/noticias\" title=\"Home\">Home<\/a>\n<\/span><span class=\"aioseo-breadcrumb-separator\">\u2013<\/span><span class=\"aioseo-breadcrumb\">\n\t<a href=\"https:\/\/www.eldigitaldeasturias.com\/noticias\/category\/actualidad\/\" title=\"Actualidad\">Actualidad<\/a>\n<\/span><span class=\"aioseo-breadcrumb-separator\">\u2013<\/span><span class=\"aioseo-breadcrumb\">\n\t<a href=\"https:\/\/www.eldigitaldeasturias.com\/noticias\/los-vip-a-la-espera-del-indulto\/\" title=\"Los VIP a la espera del indulto\">Los VIP a la espera del indulto<\/a>\n<\/span><\/div>","aioseo_breadcrumb_json":[{"label":"Home","link":"https:\/\/www.eldigitaldeasturias.com\/noticias"},{"label":"Actualidad","link":"https:\/\/www.eldigitaldeasturias.com\/noticias\/category\/actualidad\/"},{"label":"Los VIP a la espera del indulto","link":"https:\/\/www.eldigitaldeasturias.com\/noticias\/los-vip-a-la-espera-del-indulto\/"}],"_links":{"self":[{"href":"https:\/\/www.eldigitaldeasturias.com\/noticias\/wp-json\/wp\/v2\/posts\/482053","targetHints":{"allow":["GET"]}}],"collection":[{"href":"https:\/\/www.eldigitaldeasturias.com\/noticias\/wp-json\/wp\/v2\/posts"}],"about":[{"href":"https:\/\/www.eldigitaldeasturias.com\/noticias\/wp-json\/wp\/v2\/types\/post"}],"author":[{"embeddable":true,"href":"https:\/\/www.eldigitaldeasturias.com\/noticias\/wp-json\/wp\/v2\/users\/1"}],"replies":[{"embeddable":true,"href":"https:\/\/www.eldigitaldeasturias.com\/noticias\/wp-json\/wp\/v2\/comments?post=482053"}],"version-history":[{"count":0,"href":"https:\/\/www.eldigitaldeasturias.com\/noticias\/wp-json\/wp\/v2\/posts\/482053\/revisions"}],"wp:attachment":[{"href":"https:\/\/www.eldigitaldeasturias.com\/noticias\/wp-json\/wp\/v2\/media?parent=482053"}],"wp:term":[{"taxonomy":"category","embeddable":true,"href":"https:\/\/www.eldigitaldeasturias.com\/noticias\/wp-json\/wp\/v2\/categories?post=482053"},{"taxonomy":"post_tag","embeddable":true,"href":"https:\/\/www.eldigitaldeasturias.com\/noticias\/wp-json\/wp\/v2\/tags?post=482053"}],"curies":[{"name":"wp","href":"https:\/\/api.w.org\/{rel}","templated":true}]}}