{"id":482044,"date":"2014-02-02T13:12:22","date_gmt":"2014-02-02T14:12:22","guid":{"rendered":"http:\/\/www.eldigitaldeasturias.com\/noticias\/?p=482044"},"modified":"2014-02-02T13:12:22","modified_gmt":"2014-02-02T14:12:22","slug":"el-rey-inaugura-manana-una-agenda-semanal-dominada-por-la-politica-exterior","status":"publish","type":"post","link":"https:\/\/www.eldigitaldeasturias.com\/noticias\/el-rey-inaugura-manana-una-agenda-semanal-dominada-por-la-politica-exterior\/","title":{"rendered":"El Rey inaugura ma\u00f1ana una agenda semanal dominada por la pol\u00edtica exterior"},"content":{"rendered":"<p><img loading=\"lazy\" decoding=\"async\" class=\"alignleft size-medium wp-image-482045\" alt=\"5900893w\" src=\"https:\/\/www.eldigitaldeasturias.com\/noticias\/wp-content\/uploads\/2014\/02\/5900893w-207x320.jpg\" width=\"207\" height=\"320\" \/>Madrid, 2 feb (EFE).- La pol\u00edtica exterior domina la agenda oficial del Rey en la semana entrante, al recibir ma\u00f1ana al ministro emirat\u00ed de Asuntos Exteriores, jeque Abdal\u00e1 bin Zayed al Nahyan, y presidir el mi\u00e9rcoles la tradicional recepci\u00f3n al cuerpo diplom\u00e1tico con motivo del nuevo a\u00f1o.<\/p>\n<p>En esta ceremonia, en la que le acompa\u00f1ar\u00e1n la Reina y los Pr\u00edncipes, don Juan Carlos tomar\u00e1 la palabra ante m\u00e1s de cien asistentes -entre ellos el presidente del Gobierno, Mariano Rajoy, y el ministro de Asuntos Exteriores, Jos\u00e9 Manuel Garc\u00eda-Margallo- en el Sal\u00f3n del Trono del Palacio Real, el mismo escenario donde pronunci\u00f3 hace unas semanas su discurso de la Pascua Militar.<\/p>\n<p>La alocuci\u00f3n del mi\u00e9rcoles ser\u00e1 la primera que pronuncie el Monarca desde aquella intervenci\u00f3n, que gener\u00f3 un gran n\u00famero de comentarios en los medios de comunicaci\u00f3n por las dificultades que mostr\u00f3 para leer algunas frases, originadas, seg\u00fan explic\u00f3 entonces la Casa del Rey, por efecto de una inadecuada iluminaci\u00f3n de las hojas del discurso sobre el atril.<\/p>\n<p>El nuncio del Vaticano, Renzo Fratini, en su calidad de decano del cuerpo diplom\u00e1tico, intervendr\u00e1 tambi\u00e9n ante los invitados a esta ceremonia, que seguir\u00e1 el protocolo simplificado que se inaugur\u00f3 hace un a\u00f1o, de modo que s\u00f3lo el decano saludar\u00e1 a los Reyes y los Pr\u00edncipes en la Saleta Gasparini, mientras que el resto de representantes aguardar\u00e1n su llegada en el Sal\u00f3n del Trono,<\/p>\n<p>Entre ellos, asistir\u00e1n los 31 nuevos embajadores que presentaron en enero sus cartas credenciales al Rey repartidos en dos sencillos actos oficiales organizados en la Zarzuela para adecuarse a las necesidades de la recuperaci\u00f3n f\u00edsica de don Juan Carlos, que sustituyeron de forma excepcional a las vistosas ceremonias tradicionales del Palacio Real.<\/p>\n<p>El Rey inaugurar\u00e1 su agenda semanal ma\u00f1ana por la ma\u00f1ana con una audiencia ofrecida al ministro de Asuntos Exteriores de los Emiratos \u00c1rabes Unidos, el jeque Abdal\u00e1 bin Zayed al Nahyan, con quien tendr\u00e1 ocasi\u00f3n de explorar las perspectivas de colaboraci\u00f3n econ\u00f3mica en sectores como el tur\u00edstico, el de hidrocarburos y el de energ\u00edas renovables.<\/p>\n<p>La anterior reuni\u00f3n que mantuvo con don Juan Carlos en la Zarzuela, en abril de 2012, fue la primera actividad de pol\u00edtica exterior que realiz\u00f3 el Rey tras su operaci\u00f3n de cadera por la fractura sufrida en Botsuana y, precisamente durante aquella audiencia, sufri\u00f3 una luxaci\u00f3n, por un mal movimiento, que le desajust\u00f3 la pr\u00f3tesis reci\u00e9n implantada.<\/p>\n<p>El titular emirat\u00ed de Exteriores es el hermano del presidente de los Emiratos, Jalifa bin Zayed Al Nahyan, y del pr\u00edncipe heredero, Jeque Mohamed bin Zayed Al Nahyan, que visit\u00f3 Espa\u00f1a en octubre de 2011 para inaugurar junto a don Juan Carlos la nueva planta termosolar \u00abGemasolar\u00bb en Fuentes de Andaluc\u00eda (Sevilla).<\/p>\n<p>Dentro del proceso de progresiva recuperaci\u00f3n de sus actividades, el Rey se desplazar\u00e1 a el pr\u00f3ximo 11 de febrero a Lisboa, en su primer viaje tras la intervenci\u00f3n quir\u00fargica del pasado 21 de noviembre, para intervenir en el IX Encuentro Cotec Europa junto a los presidentes de Italia, Giorgio Napolitano, y Portugal, An\u00edbal Cavaco Silva.<\/p>\n<p>Las autoridades y los empresarios participantes en este foro debatir\u00e1n durante la ma\u00f1ana del d\u00eda siguiente sobre el compromiso de estos tres pa\u00edses europeos con la reindustrializaci\u00f3n como medio de contribuir al crecimiento econ\u00f3mico y la creaci\u00f3n de empleos cualificados.<\/p>\n<p>La Fundaci\u00f3n Cotec para la Innovaci\u00f3n Tecnol\u00f3gica fue creada en Espa\u00f1a hace m\u00e1s de veinte a\u00f1os por un grupo de empresarios a ra\u00edz de una sugerencia del Monarca, tras la visita que don Juan Carlos realiz\u00f3 a EEUU a finales de los a\u00f1os ochenta y en la que pudo comprobar los efectos positivos de la relaci\u00f3n entre innovaci\u00f3n y crecimiento econ\u00f3mico.<\/p>\n<p>El Rey es tambi\u00e9n el responsable de la puesta en marcha, en mayo de 2005, de Cotec Europa -que surgi\u00f3 tras la creaci\u00f3n de fundaciones similares en Italia y Portugal-, con el fin de aunar los esfuerzos de los tres pa\u00edses en favor de una respuesta eficaz a las necesidades empresariales en el sur del continente.<\/p>\n","protected":false},"excerpt":{"rendered":"<p>Madrid, 2 feb (EFE).- La pol\u00edtica exterior domina la agenda oficial del Rey en la semana entrante, al recibir ma\u00f1ana al ministro emirat\u00ed de Asuntos Exteriores, jeque Abdal\u00e1 bin Zayed al Nahyan, y presidir el mi\u00e9rcoles la tradicional recepci\u00f3n al cuerpo diplom\u00e1tico con motivo del nuevo a\u00f1o. En esta ceremonia, en la que le acompa\u00f1ar\u00e1n [&hellip;]<\/p>\n","protected":false},"author":1,"featured_media":482045,"comment_status":"closed","ping_status":"open","sticky":false,"template":"","format":"standard","meta":{"footnotes":""},"categories":[1],"tags":[],"class_list":["post-482044","post","type-post","status-publish","format-standard","has-post-thumbnail","hentry","category-actualidad"],"aioseo_notices":[],"aioseo_head":"\n\t\t<!-- All in One SEO Pro 5.0.1 - aioseo.com -->\n\t<meta name=\"description\" content=\"Madrid, 2 feb (EFE).- La pol\u00edtica exterior domina la agenda oficial del Rey en la semana entrante, al recibir ma\u00f1ana al ministro emirat\u00ed de Asuntos Exteriores, jeque Abdal\u00e1 bin Zayed al Nahyan, y presidir el mi\u00e9rcoles la tradicional recepci\u00f3n al cuerpo diplom\u00e1tico con motivo del nuevo a\u00f1o. En esta ceremonia, en la que le acompa\u00f1ar\u00e1n\" \/>\n\t<meta name=\"robots\" content=\"max-image-preview:large\" \/>\n\t<meta name=\"author\" content=\"El Digital de Asturias\"\/>\n\t<meta name=\"google-site-verification\" content=\"UA-38556648-1\" \/>\n\t<meta name=\"msvalidate.01\" content=\"7dfe9f3f1b24437ab69f4f2559babe99\" \/>\n\t<meta name=\"keywords\" content=\"actualidad\" \/>\n\t<link rel=\"canonical\" href=\"https:\/\/www.eldigitaldeasturias.com\/noticias\/el-rey-inaugura-manana-una-agenda-semanal-dominada-por-la-politica-exterior\/\" \/>\n\t<meta name=\"generator\" content=\"All in One SEO Pro (AIOSEO) 5.0.1\" \/>\n\t\t<meta property=\"og:locale\" content=\"es_ES\" \/>\n\t\t<meta property=\"og:site_name\" content=\"El Digital de Asturias\" \/>\n\t\t<meta property=\"og:type\" content=\"article\" \/>\n\t\t<meta property=\"og:title\" content=\"El Rey inaugura ma\u00f1ana una agenda semanal dominada por la pol\u00edtica exterior - El Digital de Asturias\" \/>\n\t\t<meta property=\"og:description\" content=\"Madrid, 2 feb (EFE).- La pol\u00edtica exterior domina la agenda oficial del Rey en la semana entrante, al recibir ma\u00f1ana al ministro emirat\u00ed de Asuntos Exteriores, jeque Abdal\u00e1 bin Zayed al Nahyan, y presidir el mi\u00e9rcoles la tradicional recepci\u00f3n al cuerpo diplom\u00e1tico con motivo del nuevo a\u00f1o. En esta ceremonia, en la que le acompa\u00f1ar\u00e1n\" \/>\n\t\t<meta property=\"og:url\" content=\"https:\/\/www.eldigitaldeasturias.com\/noticias\/el-rey-inaugura-manana-una-agenda-semanal-dominada-por-la-politica-exterior\/\" \/>\n\t\t<meta property=\"article:tag\" content=\"actualidad\" \/>\n\t\t<meta property=\"article:published_time\" content=\"2014-02-02T14:12:22+00:00\" \/>\n\t\t<meta property=\"article:modified_time\" content=\"2014-02-02T14:12:22+00:00\" \/>\n\t\t<meta property=\"article:publisher\" content=\"https:\/\/facebook.com\/eldigitaldeasturias\" \/>\n\t\t<meta name=\"twitter:card\" content=\"summary_large_image\" \/>\n\t\t<meta name=\"twitter:title\" content=\"El Rey inaugura ma\u00f1ana una agenda semanal dominada por la pol\u00edtica exterior - El Digital de Asturias\" \/>\n\t\t<meta name=\"twitter:description\" content=\"Madrid, 2 feb (EFE).- La pol\u00edtica exterior domina la agenda oficial del Rey en la semana entrante, al recibir ma\u00f1ana al ministro emirat\u00ed de Asuntos Exteriores, jeque Abdal\u00e1 bin Zayed al Nahyan, y presidir el mi\u00e9rcoles la tradicional recepci\u00f3n al cuerpo diplom\u00e1tico con motivo del nuevo a\u00f1o. En esta ceremonia, en la que le acompa\u00f1ar\u00e1n\" \/>\n\t\t<meta name=\"twitter:label1\" content=\"Escrito por\" \/>\n\t\t<meta name=\"twitter:data1\" content=\"El Digital de Asturias\" \/>\n\t\t<meta name=\"twitter:label2\" content=\"Tiempo de lectura estimado\" \/>\n\t\t<meta name=\"twitter:data2\" content=\"4 minutos\" \/>\n\t\t<script type=\"application\/ld+json\" class=\"aioseo-schema\">\n\t\t\t{\"@context\":\"https:\\\/\\\/schema.org\",\"@graph\":[{\"@type\":\"BlogPosting\",\"@id\":\"https:\\\/\\\/www.eldigitaldeasturias.com\\\/noticias\\\/el-rey-inaugura-manana-una-agenda-semanal-dominada-por-la-politica-exterior\\\/#blogposting\",\"name\":\"El Rey inaugura ma\\u00f1ana una agenda semanal dominada por la pol\\u00edtica exterior - El Digital de Asturias\",\"headline\":\"El Rey inaugura ma\\u00f1ana una agenda semanal dominada por la pol\\u00edtica exterior\",\"author\":{\"@id\":\"https:\\\/\\\/www.eldigitaldeasturias.com\\\/noticias\\\/author\\\/admin\\\/#author\"},\"publisher\":{\"@id\":\"https:\\\/\\\/www.eldigitaldeasturias.com\\\/noticias\\\/#organization\"},\"image\":{\"@type\":\"ImageObject\",\"url\":482045},\"datePublished\":\"2014-02-02T13:12:22+01:00\",\"dateModified\":\"2014-02-02T13:12:22+01:00\",\"inLanguage\":\"es-ES\",\"mainEntityOfPage\":{\"@id\":\"https:\\\/\\\/www.eldigitaldeasturias.com\\\/noticias\\\/el-rey-inaugura-manana-una-agenda-semanal-dominada-por-la-politica-exterior\\\/#webpage\"},\"isPartOf\":{\"@id\":\"https:\\\/\\\/www.eldigitaldeasturias.com\\\/noticias\\\/el-rey-inaugura-manana-una-agenda-semanal-dominada-por-la-politica-exterior\\\/#webpage\"},\"articleSection\":\"Actualidad\"},{\"@type\":\"BreadcrumbList\",\"@id\":\"https:\\\/\\\/www.eldigitaldeasturias.com\\\/noticias\\\/el-rey-inaugura-manana-una-agenda-semanal-dominada-por-la-politica-exterior\\\/#breadcrumblist\",\"itemListElement\":[{\"@type\":\"ListItem\",\"@id\":\"https:\\\/\\\/www.eldigitaldeasturias.com\\\/noticias#listItem\",\"position\":1,\"name\":\"Home\",\"item\":\"https:\\\/\\\/www.eldigitaldeasturias.com\\\/noticias\",\"nextItem\":{\"@type\":\"ListItem\",\"@id\":\"https:\\\/\\\/www.eldigitaldeasturias.com\\\/noticias\\\/category\\\/actualidad\\\/#listItem\",\"name\":\"Actualidad\"}},{\"@type\":\"ListItem\",\"@id\":\"https:\\\/\\\/www.eldigitaldeasturias.com\\\/noticias\\\/category\\\/actualidad\\\/#listItem\",\"position\":2,\"name\":\"Actualidad\",\"item\":\"https:\\\/\\\/www.eldigitaldeasturias.com\\\/noticias\\\/category\\\/actualidad\\\/\",\"nextItem\":{\"@type\":\"ListItem\",\"@id\":\"https:\\\/\\\/www.eldigitaldeasturias.com\\\/noticias\\\/el-rey-inaugura-manana-una-agenda-semanal-dominada-por-la-politica-exterior\\\/#listItem\",\"name\":\"El Rey inaugura ma\\u00f1ana una agenda semanal dominada por la pol\\u00edtica exterior\"},\"previousItem\":{\"@type\":\"ListItem\",\"@id\":\"https:\\\/\\\/www.eldigitaldeasturias.com\\\/noticias#listItem\",\"name\":\"Home\"}},{\"@type\":\"ListItem\",\"@id\":\"https:\\\/\\\/www.eldigitaldeasturias.com\\\/noticias\\\/el-rey-inaugura-manana-una-agenda-semanal-dominada-por-la-politica-exterior\\\/#listItem\",\"position\":3,\"name\":\"El Rey inaugura ma\\u00f1ana una agenda semanal dominada por la pol\\u00edtica exterior\",\"previousItem\":{\"@type\":\"ListItem\",\"@id\":\"https:\\\/\\\/www.eldigitaldeasturias.com\\\/noticias\\\/category\\\/actualidad\\\/#listItem\",\"name\":\"Actualidad\"}}]},{\"@type\":\"Organization\",\"@id\":\"https:\\\/\\\/www.eldigitaldeasturias.com\\\/noticias\\\/#organization\",\"name\":\"El Digital de Asturias\",\"description\":\"Hemeroteca\",\"url\":\"https:\\\/\\\/www.eldigitaldeasturias.com\\\/noticias\\\/\",\"email\":\"info@eldigitaldeasturias.com\",\"telephone\":\"+34652131393\",\"logo\":{\"@type\":\"ImageObject\",\"url\":\"https:\\\/\\\/www.eldigitaldeasturias.com\\\/noticias\\\/wp-content\\\/uploads\\\/2020\\\/12\\\/EDA.jpg\",\"@id\":\"https:\\\/\\\/www.eldigitaldeasturias.com\\\/noticias\\\/el-rey-inaugura-manana-una-agenda-semanal-dominada-por-la-politica-exterior\\\/#organizationLogo\"},\"image\":{\"@id\":\"https:\\\/\\\/www.eldigitaldeasturias.com\\\/noticias\\\/el-rey-inaugura-manana-una-agenda-semanal-dominada-por-la-politica-exterior\\\/#organizationLogo\"},\"sameAs\":[\"https:\\\/\\\/facebook.com\\\/eldigitaldeasturias\",\"https:\\\/\\\/www.youtube.com\\\/channel\\\/UCZP-2wLEB9Rv6erhFmqVnvg\"],\"address\":{\"@id\":\"https:\\\/\\\/www.eldigitaldeasturias.com\\\/noticias\\\/#postaladdress\",\"@type\":\"PostalAddress\",\"streetAddress\":\"san antonio 4\",\"postalCode\":\"33430\",\"addressLocality\":\"Cand\\u00e1s\",\"addressRegion\":\"Asturias\",\"addressCountry\":\"ES\"}},{\"@type\":\"Person\",\"@id\":\"https:\\\/\\\/www.eldigitaldeasturias.com\\\/noticias\\\/author\\\/admin\\\/#author\",\"url\":\"https:\\\/\\\/www.eldigitaldeasturias.com\\\/noticias\\\/author\\\/admin\\\/\",\"name\":\"El Digital de Asturias\",\"image\":{\"@type\":\"ImageObject\",\"@id\":\"https:\\\/\\\/www.eldigitaldeasturias.com\\\/noticias\\\/el-rey-inaugura-manana-una-agenda-semanal-dominada-por-la-politica-exterior\\\/#authorImage\",\"url\":\"https:\\\/\\\/secure.gravatar.com\\\/avatar\\\/df2aeffc32bcd13f8d26072ef8a91b623d677766deac7f97ca815868cd41bf5e?s=96&d=mm&r=g\",\"width\":96,\"height\":96,\"caption\":\"El Digital de Asturias\"}},{\"@type\":\"WebPage\",\"@id\":\"https:\\\/\\\/www.eldigitaldeasturias.com\\\/noticias\\\/el-rey-inaugura-manana-una-agenda-semanal-dominada-por-la-politica-exterior\\\/#webpage\",\"url\":\"https:\\\/\\\/www.eldigitaldeasturias.com\\\/noticias\\\/el-rey-inaugura-manana-una-agenda-semanal-dominada-por-la-politica-exterior\\\/\",\"name\":\"El Rey inaugura ma\\u00f1ana una agenda semanal dominada por la pol\\u00edtica exterior - El Digital de Asturias\",\"description\":\"Madrid, 2 feb (EFE).- La pol\\u00edtica exterior domina la agenda oficial del Rey en la semana entrante, al recibir ma\\u00f1ana al ministro emirat\\u00ed de Asuntos Exteriores, jeque Abdal\\u00e1 bin Zayed al Nahyan, y presidir el mi\\u00e9rcoles la tradicional recepci\\u00f3n al cuerpo diplom\\u00e1tico con motivo del nuevo a\\u00f1o. En esta ceremonia, en la que le acompa\\u00f1ar\\u00e1n\",\"inLanguage\":\"es-ES\",\"isPartOf\":{\"@id\":\"https:\\\/\\\/www.eldigitaldeasturias.com\\\/noticias\\\/#website\"},\"breadcrumb\":{\"@id\":\"https:\\\/\\\/www.eldigitaldeasturias.com\\\/noticias\\\/el-rey-inaugura-manana-una-agenda-semanal-dominada-por-la-politica-exterior\\\/#breadcrumblist\"},\"author\":{\"@id\":\"https:\\\/\\\/www.eldigitaldeasturias.com\\\/noticias\\\/author\\\/admin\\\/#author\"},\"creator\":{\"@id\":\"https:\\\/\\\/www.eldigitaldeasturias.com\\\/noticias\\\/author\\\/admin\\\/#author\"},\"image\":{\"@type\":\"ImageObject\",\"url\":482045,\"@id\":\"https:\\\/\\\/www.eldigitaldeasturias.com\\\/noticias\\\/el-rey-inaugura-manana-una-agenda-semanal-dominada-por-la-politica-exterior\\\/#mainImage\"},\"primaryImageOfPage\":{\"@id\":\"https:\\\/\\\/www.eldigitaldeasturias.com\\\/noticias\\\/el-rey-inaugura-manana-una-agenda-semanal-dominada-por-la-politica-exterior\\\/#mainImage\"},\"datePublished\":\"2014-02-02T13:12:22+01:00\",\"dateModified\":\"2014-02-02T13:12:22+01:00\"},{\"@type\":\"WebSite\",\"@id\":\"https:\\\/\\\/www.eldigitaldeasturias.com\\\/noticias\\\/#website\",\"url\":\"https:\\\/\\\/www.eldigitaldeasturias.com\\\/noticias\\\/\",\"name\":\"El Digital de Asturias - Diario de actualidad y noticias\",\"alternateName\":\"El Digital de Asturias - Diario de actualidad y noticias\",\"description\":\"Hemeroteca\",\"inLanguage\":\"es-ES\",\"publisher\":{\"@id\":\"https:\\\/\\\/www.eldigitaldeasturias.com\\\/noticias\\\/#organization\"}}]}\n\t\t<\/script>\n\t\t<!-- All in One SEO Pro -->\r\n\t\t<title>El Rey inaugura ma\u00f1ana una agenda semanal dominada por la pol\u00edtica exterior - El Digital de Asturias<\/title>\n\n","aioseo_head_json":{"title":"El Rey inaugura ma\u00f1ana una agenda semanal dominada por la pol\u00edtica exterior - El Digital de Asturias","description":"Madrid, 2 feb (EFE).- La pol\u00edtica exterior domina la agenda oficial del Rey en la semana entrante, al recibir ma\u00f1ana al ministro emirat\u00ed de Asuntos Exteriores, jeque Abdal\u00e1 bin Zayed al Nahyan, y presidir el mi\u00e9rcoles la tradicional recepci\u00f3n al cuerpo diplom\u00e1tico con motivo del nuevo a\u00f1o. En esta ceremonia, en la que le acompa\u00f1ar\u00e1n","canonical_url":"https:\/\/www.eldigitaldeasturias.com\/noticias\/el-rey-inaugura-manana-una-agenda-semanal-dominada-por-la-politica-exterior\/","robots":"max-image-preview:large","keywords":"actualidad","webmasterTools":{"google-site-verification":"UA-38556648-1","msvalidate.01":"7dfe9f3f1b24437ab69f4f2559babe99","miscellaneous":""},"schema":{"@context":"https:\/\/schema.org","@graph":[{"@type":"BlogPosting","@id":"https:\/\/www.eldigitaldeasturias.com\/noticias\/el-rey-inaugura-manana-una-agenda-semanal-dominada-por-la-politica-exterior\/#blogposting","name":"El Rey inaugura ma\u00f1ana una agenda semanal dominada por la pol\u00edtica exterior - El Digital de Asturias","headline":"El Rey inaugura ma\u00f1ana una agenda semanal dominada por la pol\u00edtica exterior","author":{"@id":"https:\/\/www.eldigitaldeasturias.com\/noticias\/author\/admin\/#author"},"publisher":{"@id":"https:\/\/www.eldigitaldeasturias.com\/noticias\/#organization"},"image":{"@type":"ImageObject","url":482045},"datePublished":"2014-02-02T13:12:22+01:00","dateModified":"2014-02-02T13:12:22+01:00","inLanguage":"es-ES","mainEntityOfPage":{"@id":"https:\/\/www.eldigitaldeasturias.com\/noticias\/el-rey-inaugura-manana-una-agenda-semanal-dominada-por-la-politica-exterior\/#webpage"},"isPartOf":{"@id":"https:\/\/www.eldigitaldeasturias.com\/noticias\/el-rey-inaugura-manana-una-agenda-semanal-dominada-por-la-politica-exterior\/#webpage"},"articleSection":"Actualidad"},{"@type":"BreadcrumbList","@id":"https:\/\/www.eldigitaldeasturias.com\/noticias\/el-rey-inaugura-manana-una-agenda-semanal-dominada-por-la-politica-exterior\/#breadcrumblist","itemListElement":[{"@type":"ListItem","@id":"https:\/\/www.eldigitaldeasturias.com\/noticias#listItem","position":1,"name":"Home","item":"https:\/\/www.eldigitaldeasturias.com\/noticias","nextItem":{"@type":"ListItem","@id":"https:\/\/www.eldigitaldeasturias.com\/noticias\/category\/actualidad\/#listItem","name":"Actualidad"}},{"@type":"ListItem","@id":"https:\/\/www.eldigitaldeasturias.com\/noticias\/category\/actualidad\/#listItem","position":2,"name":"Actualidad","item":"https:\/\/www.eldigitaldeasturias.com\/noticias\/category\/actualidad\/","nextItem":{"@type":"ListItem","@id":"https:\/\/www.eldigitaldeasturias.com\/noticias\/el-rey-inaugura-manana-una-agenda-semanal-dominada-por-la-politica-exterior\/#listItem","name":"El Rey inaugura ma\u00f1ana una agenda semanal dominada por la pol\u00edtica exterior"},"previousItem":{"@type":"ListItem","@id":"https:\/\/www.eldigitaldeasturias.com\/noticias#listItem","name":"Home"}},{"@type":"ListItem","@id":"https:\/\/www.eldigitaldeasturias.com\/noticias\/el-rey-inaugura-manana-una-agenda-semanal-dominada-por-la-politica-exterior\/#listItem","position":3,"name":"El Rey inaugura ma\u00f1ana una agenda semanal dominada por la pol\u00edtica exterior","previousItem":{"@type":"ListItem","@id":"https:\/\/www.eldigitaldeasturias.com\/noticias\/category\/actualidad\/#listItem","name":"Actualidad"}}]},{"@type":"Organization","@id":"https:\/\/www.eldigitaldeasturias.com\/noticias\/#organization","name":"El Digital de Asturias","description":"Hemeroteca","url":"https:\/\/www.eldigitaldeasturias.com\/noticias\/","email":"info@eldigitaldeasturias.com","telephone":"+34652131393","logo":{"@type":"ImageObject","url":"https:\/\/www.eldigitaldeasturias.com\/noticias\/wp-content\/uploads\/2020\/12\/EDA.jpg","@id":"https:\/\/www.eldigitaldeasturias.com\/noticias\/el-rey-inaugura-manana-una-agenda-semanal-dominada-por-la-politica-exterior\/#organizationLogo"},"image":{"@id":"https:\/\/www.eldigitaldeasturias.com\/noticias\/el-rey-inaugura-manana-una-agenda-semanal-dominada-por-la-politica-exterior\/#organizationLogo"},"sameAs":["https:\/\/facebook.com\/eldigitaldeasturias","https:\/\/www.youtube.com\/channel\/UCZP-2wLEB9Rv6erhFmqVnvg"],"address":{"@id":"https:\/\/www.eldigitaldeasturias.com\/noticias\/#postaladdress","@type":"PostalAddress","streetAddress":"san antonio 4","postalCode":"33430","addressLocality":"Cand\u00e1s","addressRegion":"Asturias","addressCountry":"ES"}},{"@type":"Person","@id":"https:\/\/www.eldigitaldeasturias.com\/noticias\/author\/admin\/#author","url":"https:\/\/www.eldigitaldeasturias.com\/noticias\/author\/admin\/","name":"El Digital de Asturias","image":{"@type":"ImageObject","@id":"https:\/\/www.eldigitaldeasturias.com\/noticias\/el-rey-inaugura-manana-una-agenda-semanal-dominada-por-la-politica-exterior\/#authorImage","url":"https:\/\/secure.gravatar.com\/avatar\/df2aeffc32bcd13f8d26072ef8a91b623d677766deac7f97ca815868cd41bf5e?s=96&d=mm&r=g","width":96,"height":96,"caption":"El Digital de Asturias"}},{"@type":"WebPage","@id":"https:\/\/www.eldigitaldeasturias.com\/noticias\/el-rey-inaugura-manana-una-agenda-semanal-dominada-por-la-politica-exterior\/#webpage","url":"https:\/\/www.eldigitaldeasturias.com\/noticias\/el-rey-inaugura-manana-una-agenda-semanal-dominada-por-la-politica-exterior\/","name":"El Rey inaugura ma\u00f1ana una agenda semanal dominada por la pol\u00edtica exterior - El Digital de Asturias","description":"Madrid, 2 feb (EFE).- La pol\u00edtica exterior domina la agenda oficial del Rey en la semana entrante, al recibir ma\u00f1ana al ministro emirat\u00ed de Asuntos Exteriores, jeque Abdal\u00e1 bin Zayed al Nahyan, y presidir el mi\u00e9rcoles la tradicional recepci\u00f3n al cuerpo diplom\u00e1tico con motivo del nuevo a\u00f1o. En esta ceremonia, en la que le acompa\u00f1ar\u00e1n","inLanguage":"es-ES","isPartOf":{"@id":"https:\/\/www.eldigitaldeasturias.com\/noticias\/#website"},"breadcrumb":{"@id":"https:\/\/www.eldigitaldeasturias.com\/noticias\/el-rey-inaugura-manana-una-agenda-semanal-dominada-por-la-politica-exterior\/#breadcrumblist"},"author":{"@id":"https:\/\/www.eldigitaldeasturias.com\/noticias\/author\/admin\/#author"},"creator":{"@id":"https:\/\/www.eldigitaldeasturias.com\/noticias\/author\/admin\/#author"},"image":{"@type":"ImageObject","url":482045,"@id":"https:\/\/www.eldigitaldeasturias.com\/noticias\/el-rey-inaugura-manana-una-agenda-semanal-dominada-por-la-politica-exterior\/#mainImage"},"primaryImageOfPage":{"@id":"https:\/\/www.eldigitaldeasturias.com\/noticias\/el-rey-inaugura-manana-una-agenda-semanal-dominada-por-la-politica-exterior\/#mainImage"},"datePublished":"2014-02-02T13:12:22+01:00","dateModified":"2014-02-02T13:12:22+01:00"},{"@type":"WebSite","@id":"https:\/\/www.eldigitaldeasturias.com\/noticias\/#website","url":"https:\/\/www.eldigitaldeasturias.com\/noticias\/","name":"El Digital de Asturias - Diario de actualidad y noticias","alternateName":"El Digital de Asturias - Diario de actualidad y noticias","description":"Hemeroteca","inLanguage":"es-ES","publisher":{"@id":"https:\/\/www.eldigitaldeasturias.com\/noticias\/#organization"}}]},"og:locale":"es_ES","og:site_name":"El Digital de Asturias","og:type":"article","og:title":"El Rey inaugura ma\u00f1ana una agenda semanal dominada por la pol\u00edtica exterior - El Digital de Asturias","og:description":"Madrid, 2 feb (EFE).- La pol\u00edtica exterior domina la agenda oficial del Rey en la semana entrante, al recibir ma\u00f1ana al ministro emirat\u00ed de Asuntos Exteriores, jeque Abdal\u00e1 bin Zayed al Nahyan, y presidir el mi\u00e9rcoles la tradicional recepci\u00f3n al cuerpo diplom\u00e1tico con motivo del nuevo a\u00f1o. En esta ceremonia, en la que le acompa\u00f1ar\u00e1n","og:url":"https:\/\/www.eldigitaldeasturias.com\/noticias\/el-rey-inaugura-manana-una-agenda-semanal-dominada-por-la-politica-exterior\/","article:tag":["actualidad"],"article:published_time":"2014-02-02T14:12:22+00:00","article:modified_time":"2014-02-02T14:12:22+00:00","article:publisher":"https:\/\/facebook.com\/eldigitaldeasturias","twitter:card":"summary_large_image","twitter:title":"El Rey inaugura ma\u00f1ana una agenda semanal dominada por la pol\u00edtica exterior - El Digital de Asturias","twitter:description":"Madrid, 2 feb (EFE).- La pol\u00edtica exterior domina la agenda oficial del Rey en la semana entrante, al recibir ma\u00f1ana al ministro emirat\u00ed de Asuntos Exteriores, jeque Abdal\u00e1 bin Zayed al Nahyan, y presidir el mi\u00e9rcoles la tradicional recepci\u00f3n al cuerpo diplom\u00e1tico con motivo del nuevo a\u00f1o. En esta ceremonia, en la que le acompa\u00f1ar\u00e1n","twitter:label1":"Escrito por","twitter:data1":"El Digital de Asturias","twitter:label2":"Tiempo de lectura estimado","twitter:data2":"4 minutos"},"aioseo_meta_data":{"post_id":"482044","title":null,"description":null,"keywords":null,"keyphrases":null,"primary_term":null,"canonical_url":null,"og_title":null,"og_description":null,"og_object_type":"default","og_image_type":"default","og_image_url":null,"og_image_width":null,"og_image_height":null,"og_image_custom_url":null,"og_image_custom_fields":null,"og_video":null,"og_custom_url":null,"og_article_section":null,"og_article_tags":null,"twitter_use_og":true,"twitter_card":"default","twitter_image_type":"default","twitter_image_url":null,"twitter_image_custom_url":null,"twitter_image_custom_fields":null,"twitter_title":null,"twitter_description":null,"schema":{"blockGraphs":[],"customGraphs":[],"default":{"data":{"Article":[],"Course":[],"Dataset":[],"FAQPage":[],"Movie":[],"Person":[],"Product":[],"ProductReview":[],"Car":[],"Recipe":[],"Service":[],"SoftwareApplication":[],"WebPage":[]},"graphName":"","isEnabled":true},"graphs":[],"defaultGraph":"","defaultPostTypeGraph":""},"schema_type":null,"schema_type_options":null,"pillar_content":false,"robots_default":true,"robots_noindex":false,"robots_noarchive":false,"robots_nosnippet":false,"robots_nofollow":false,"robots_noimageindex":false,"robots_noodp":false,"robots_notranslate":false,"robots_max_snippet":null,"robots_max_videopreview":null,"robots_max_imagepreview":"none","priority":null,"frequency":null,"local_seo":null,"seo_analyzer_scan_date":"2026-06-02 08:38:59","breadcrumb_settings":null,"limit_modified_date":false,"open_ai":null,"ai":null,"created":"2020-11-14 22:54:31","updated":"2026-06-02 08:38:59","focus_keyword":null,"additional_keywords":null,"truseo_locale":null},"aioseo_breadcrumb":"<div class=\"aioseo-breadcrumbs\"><span class=\"aioseo-breadcrumb\">\n\t<a href=\"https:\/\/www.eldigitaldeasturias.com\/noticias\" title=\"Home\">Home<\/a>\n<\/span><span class=\"aioseo-breadcrumb-separator\">\u2013<\/span><span class=\"aioseo-breadcrumb\">\n\t<a href=\"https:\/\/www.eldigitaldeasturias.com\/noticias\/category\/actualidad\/\" title=\"Actualidad\">Actualidad<\/a>\n<\/span><span class=\"aioseo-breadcrumb-separator\">\u2013<\/span><span class=\"aioseo-breadcrumb\">\n\t<a href=\"https:\/\/www.eldigitaldeasturias.com\/noticias\/el-rey-inaugura-manana-una-agenda-semanal-dominada-por-la-politica-exterior\/\" title=\"El Rey inaugura ma\u00f1ana una agenda semanal dominada por la pol\u00edtica exterior\">El Rey inaugura ma\u00f1ana una agenda semanal dominada por la pol\u00edtica exterior<\/a>\n<\/span><\/div>","aioseo_breadcrumb_json":[{"label":"Home","link":"https:\/\/www.eldigitaldeasturias.com\/noticias"},{"label":"Actualidad","link":"https:\/\/www.eldigitaldeasturias.com\/noticias\/category\/actualidad\/"},{"label":"El Rey inaugura ma\u00f1ana una agenda semanal dominada por la pol\u00edtica exterior","link":"https:\/\/www.eldigitaldeasturias.com\/noticias\/el-rey-inaugura-manana-una-agenda-semanal-dominada-por-la-politica-exterior\/"}],"_links":{"self":[{"href":"https:\/\/www.eldigitaldeasturias.com\/noticias\/wp-json\/wp\/v2\/posts\/482044","targetHints":{"allow":["GET"]}}],"collection":[{"href":"https:\/\/www.eldigitaldeasturias.com\/noticias\/wp-json\/wp\/v2\/posts"}],"about":[{"href":"https:\/\/www.eldigitaldeasturias.com\/noticias\/wp-json\/wp\/v2\/types\/post"}],"author":[{"embeddable":true,"href":"https:\/\/www.eldigitaldeasturias.com\/noticias\/wp-json\/wp\/v2\/users\/1"}],"replies":[{"embeddable":true,"href":"https:\/\/www.eldigitaldeasturias.com\/noticias\/wp-json\/wp\/v2\/comments?post=482044"}],"version-history":[{"count":0,"href":"https:\/\/www.eldigitaldeasturias.com\/noticias\/wp-json\/wp\/v2\/posts\/482044\/revisions"}],"wp:attachment":[{"href":"https:\/\/www.eldigitaldeasturias.com\/noticias\/wp-json\/wp\/v2\/media?parent=482044"}],"wp:term":[{"taxonomy":"category","embeddable":true,"href":"https:\/\/www.eldigitaldeasturias.com\/noticias\/wp-json\/wp\/v2\/categories?post=482044"},{"taxonomy":"post_tag","embeddable":true,"href":"https:\/\/www.eldigitaldeasturias.com\/noticias\/wp-json\/wp\/v2\/tags?post=482044"}],"curies":[{"name":"wp","href":"https:\/\/api.w.org\/{rel}","templated":true}]}}