{"id":482038,"date":"2014-02-02T13:10:16","date_gmt":"2014-02-02T14:10:16","guid":{"rendered":"http:\/\/www.eldigitaldeasturias.com\/noticias\/?p=482038"},"modified":"2014-02-02T13:10:16","modified_gmt":"2014-02-02T14:10:16","slug":"izquierda-socialista-preve-que-las-primarias-sean-entre-patxi-lopez-y-chacon","status":"publish","type":"post","link":"https:\/\/www.eldigitaldeasturias.com\/noticias\/izquierda-socialista-preve-que-las-primarias-sean-entre-patxi-lopez-y-chacon\/","title":{"rendered":"Izquierda Socialista prev\u00e9 que las primarias sean entre Patxi L\u00f3pez y Chac\u00f3n"},"content":{"rendered":"<p><img loading=\"lazy\" decoding=\"async\" class=\"alignleft size-medium wp-image-482039\" alt=\"5900886w\" src=\"https:\/\/www.eldigitaldeasturias.com\/noticias\/wp-content\/uploads\/2014\/02\/5900886w-360x223.jpg\" width=\"360\" height=\"223\" \/>Madrid, 2 feb (EFE).- El dirigente de Izquierda Socialista (IS) Juan Antonio Barrio de Penagos se ha mostrado convencido, en una entrevista con Efe, de que Carmen Chac\u00f3n concurrir\u00e1 a las primarias del PSOE y ha apostado por ella frente a Patxi L\u00f3pez, el otro aspirante que, a su juicio, est\u00e1 m\u00e1s cerca de presentarse.<\/p>\n<p>\u00abLos que veo m\u00e1s inclinados a presentarse son Patxi L\u00f3pez y Carmen Chac\u00f3n. Creo que los candidatos ser\u00e1n ellos y quiz\u00e1s un tercero\u00bb, ha apuntado, sin cerrar la puerta a que su corriente -la \u00fanica reconocida en los Estatutos Federales del PSOE- aporte un candidato propio.<\/p>\n<p>En su opini\u00f3n, la intervenci\u00f3n de Chac\u00f3n en el Comit\u00e9 Federal del pasado d\u00eda 18 refleja que \u00e9sta \u00abno ha descartado en absoluto presentarse, m\u00e1s bien lo contrario\u00bb, aunque ser\u00e1 \u00abmuy cerca del verano, pero despu\u00e9s de las europeas\u00bb cuando la inc\u00f3gnita se despeje.<\/p>\n<p>\u00abElla no ha manifestado todav\u00eda p\u00fablicamente su voluntad de presentarse, pero no cabe duda de que ser\u00eda un hecho importante si lo manifestara as\u00ed y que nosotros lo considerar\u00edamos (apoyarla)\u00bb, ha alentado el hist\u00f3rico exdiputado, para quien la catalana ser\u00eda una \u00abbuena candidata\u00bb.<\/p>\n<p>Seg\u00fan dice, prefiere a Eduardo Madina que a Pedro S\u00e1nchez, aunque cree que \u00abMadina est\u00e1 un poco mas lejos de la candidatura\u00bb y que \u00abel que est\u00e1 m\u00e1s cerca es Patxi L\u00f3pez\u00bb, dentro del plantel de candidatos que se baraja.<\/p>\n<p>\u00abSi Patxi L\u00f3pez es candidato no tengo claro que Eduardo Madina, siendo los dos de la misma federaci\u00f3n, se presente\u00bb, plantea el madrile\u00f1o.<\/p>\n<p>A su 59 a\u00f1os, Barrio de Penagos -de profesi\u00f3n t\u00e9cnico de Marketing farmac\u00e9utico- sostiene que el paso atr\u00e1s de Rubalcaba (de 62), al que se refiere como una persona \u00abextremadamente v\u00e1lida\u00bb y una de las mas inteligentes de su partido -\u00abno es una cuesti\u00f3n de edad\u00bb, sino de \u00abcredibilidad de cara a la opini\u00f3n publica\u00bb.<\/p>\n<p>Defensor de las primarias abiertas, advierte asimismo de que estas saldr\u00e1n bien \u00absi vota por lo menos tanta gente de fuera como de dentro\u00bb del partido.<\/p>\n<p>En el Comit\u00e9 Federal del d\u00eda 18, que aprob\u00f3 el calendario y reglamento de las primarias, Barrio de Penagos fue, junto al expresidente de Castilla-La Mancha Jose Mar\u00eda Barreda, el \u00fanico miembro que se abstuvo, por entender que el requisito de inscribirse en un censo antes del d\u00eda de la votaci\u00f3n desincentivar\u00e1 la participaci\u00f3n.<\/p>\n<p>A ese respecto, advierte de que las primarias abiertas \u00abson un medicamento (contra la desafecci\u00f3n) que puede perder eficacia\u00bb.<\/p>\n<p>Alerta adem\u00e1s de que el \u00abexperimento\u00bb puede desembocar no ya en una bicefalia o en \u00abdisfunciones\u00bb, si el candidato elegido no es diputado, sino en una \u00abtricefalia\u00bb: la del secretario general, el candidato y el portavoz parlamentario.<\/p>\n<p>Sobre las aspiraciones de la presidenta de Andaluc\u00eda, Susana D\u00edaz, subraya que ella misma ha manifestado que \u00abno tiene otro objetivo\u00bb que ser \u00abrelegitimada como presidenta de Andaluc\u00eda en las elecciones que se celebren all\u00ed\u00bb y que esa le \u00abparece que es una buena decisi\u00f3n\u00bb.<\/p>\n<p>Respecto a las elecciones europeas, el portavoz de IS considera que \u00abno hay resultado que no sea ganar\u00bb y que \u00abcualquier otro resultado ser\u00eda muy negativo\u00bb para su partido.<\/p>\n<p>Aunque no cree que vaya a haber una nueva \u00abdebacle\u00bb, advierte de que un \u00abresultado negativo deber\u00eda dar que pensar, porque no ser\u00eda muy buen augurio ni de cara a las municipales y auton\u00f3micas ni de cara a las generales\u00bb, afirma, tras se\u00f1alar que con el t\u00e1ndem Elena Valenciano-Ram\u00f3n Ja\u00faregui para encabezar la lista, su partido \u00abno tendr\u00e1 menos votos, pero tampoco m\u00e1s\u00bb.<\/p>\n<p>Partidario de que el PSOE intente un \u00abacuerdo de m\u00ednimos\u00bb con IU e ICV sobre la reforma constitucional y Catalu\u00f1a, el dirigente de IS apela al \u00abdi\u00e1logo\u00bb frente a un horizonte territorial que considera \u00abpreocupante\u00bb y dice que espera y desea que \u00abno haya ruptura ente las dos almas del PSC\u00bb.<\/p>\n","protected":false},"excerpt":{"rendered":"<p>Madrid, 2 feb (EFE).- El dirigente de Izquierda Socialista (IS) Juan Antonio Barrio de Penagos se ha mostrado convencido, en una entrevista con Efe, de que Carmen Chac\u00f3n concurrir\u00e1 a las primarias del PSOE y ha apostado por ella frente a Patxi L\u00f3pez, el otro aspirante que, a su juicio, est\u00e1 m\u00e1s cerca de presentarse. [&hellip;]<\/p>\n","protected":false},"author":1,"featured_media":482039,"comment_status":"closed","ping_status":"open","sticky":false,"template":"","format":"standard","meta":{"footnotes":""},"categories":[1],"tags":[],"class_list":["post-482038","post","type-post","status-publish","format-standard","has-post-thumbnail","hentry","category-actualidad"],"aioseo_notices":[],"aioseo_head":"\n\t\t<!-- All in One SEO Pro 5.0.1 - aioseo.com -->\n\t<meta name=\"description\" content=\"Madrid, 2 feb (EFE).- El dirigente de Izquierda Socialista (IS) Juan Antonio Barrio de Penagos se ha mostrado convencido, en una entrevista con Efe, de que Carmen Chac\u00f3n concurrir\u00e1 a las primarias del PSOE y ha apostado por ella frente a Patxi L\u00f3pez, el otro aspirante que, a su juicio, est\u00e1 m\u00e1s cerca de presentarse.\" \/>\n\t<meta name=\"robots\" content=\"max-image-preview:large\" \/>\n\t<meta name=\"author\" content=\"El Digital de Asturias\"\/>\n\t<meta name=\"google-site-verification\" content=\"UA-38556648-1\" \/>\n\t<meta name=\"msvalidate.01\" content=\"7dfe9f3f1b24437ab69f4f2559babe99\" \/>\n\t<meta name=\"keywords\" content=\"actualidad\" \/>\n\t<link rel=\"canonical\" href=\"https:\/\/www.eldigitaldeasturias.com\/noticias\/izquierda-socialista-preve-que-las-primarias-sean-entre-patxi-lopez-y-chacon\/\" \/>\n\t<meta name=\"generator\" content=\"All in One SEO Pro (AIOSEO) 5.0.1\" \/>\n\t\t<meta property=\"og:locale\" content=\"es_ES\" \/>\n\t\t<meta property=\"og:site_name\" content=\"El Digital de Asturias\" \/>\n\t\t<meta property=\"og:type\" content=\"article\" \/>\n\t\t<meta property=\"og:title\" content=\"Izquierda Socialista prev\u00e9 que las primarias sean entre Patxi L\u00f3pez y Chac\u00f3n - El Digital de Asturias\" \/>\n\t\t<meta property=\"og:description\" content=\"Madrid, 2 feb (EFE).- El dirigente de Izquierda Socialista (IS) Juan Antonio Barrio de Penagos se ha mostrado convencido, en una entrevista con Efe, de que Carmen Chac\u00f3n concurrir\u00e1 a las primarias del PSOE y ha apostado por ella frente a Patxi L\u00f3pez, el otro aspirante que, a su juicio, est\u00e1 m\u00e1s cerca de presentarse.\" \/>\n\t\t<meta property=\"og:url\" content=\"https:\/\/www.eldigitaldeasturias.com\/noticias\/izquierda-socialista-preve-que-las-primarias-sean-entre-patxi-lopez-y-chacon\/\" \/>\n\t\t<meta property=\"article:tag\" content=\"actualidad\" \/>\n\t\t<meta property=\"article:published_time\" content=\"2014-02-02T14:10:16+00:00\" \/>\n\t\t<meta property=\"article:modified_time\" content=\"2014-02-02T14:10:16+00:00\" \/>\n\t\t<meta property=\"article:publisher\" content=\"https:\/\/facebook.com\/eldigitaldeasturias\" \/>\n\t\t<meta name=\"twitter:card\" content=\"summary_large_image\" \/>\n\t\t<meta name=\"twitter:title\" content=\"Izquierda Socialista prev\u00e9 que las primarias sean entre Patxi L\u00f3pez y Chac\u00f3n - El Digital de Asturias\" \/>\n\t\t<meta name=\"twitter:description\" content=\"Madrid, 2 feb (EFE).- El dirigente de Izquierda Socialista (IS) Juan Antonio Barrio de Penagos se ha mostrado convencido, en una entrevista con Efe, de que Carmen Chac\u00f3n concurrir\u00e1 a las primarias del PSOE y ha apostado por ella frente a Patxi L\u00f3pez, el otro aspirante que, a su juicio, est\u00e1 m\u00e1s cerca de presentarse.\" \/>\n\t\t<meta name=\"twitter:label1\" content=\"Escrito por\" \/>\n\t\t<meta name=\"twitter:data1\" content=\"El Digital de Asturias\" \/>\n\t\t<meta name=\"twitter:label2\" content=\"Tiempo de lectura estimado\" \/>\n\t\t<meta name=\"twitter:data2\" content=\"3 minutos\" \/>\n\t\t<script type=\"application\/ld+json\" class=\"aioseo-schema\">\n\t\t\t{\"@context\":\"https:\\\/\\\/schema.org\",\"@graph\":[{\"@type\":\"BlogPosting\",\"@id\":\"https:\\\/\\\/www.eldigitaldeasturias.com\\\/noticias\\\/izquierda-socialista-preve-que-las-primarias-sean-entre-patxi-lopez-y-chacon\\\/#blogposting\",\"name\":\"Izquierda Socialista prev\\u00e9 que las primarias sean entre Patxi L\\u00f3pez y Chac\\u00f3n - El Digital de Asturias\",\"headline\":\"Izquierda Socialista prev\\u00e9 que las primarias sean entre Patxi L\\u00f3pez y Chac\\u00f3n\",\"author\":{\"@id\":\"https:\\\/\\\/www.eldigitaldeasturias.com\\\/noticias\\\/author\\\/admin\\\/#author\"},\"publisher\":{\"@id\":\"https:\\\/\\\/www.eldigitaldeasturias.com\\\/noticias\\\/#organization\"},\"image\":{\"@type\":\"ImageObject\",\"url\":482039},\"datePublished\":\"2014-02-02T13:10:16+01:00\",\"dateModified\":\"2014-02-02T13:10:16+01:00\",\"inLanguage\":\"es-ES\",\"mainEntityOfPage\":{\"@id\":\"https:\\\/\\\/www.eldigitaldeasturias.com\\\/noticias\\\/izquierda-socialista-preve-que-las-primarias-sean-entre-patxi-lopez-y-chacon\\\/#webpage\"},\"isPartOf\":{\"@id\":\"https:\\\/\\\/www.eldigitaldeasturias.com\\\/noticias\\\/izquierda-socialista-preve-que-las-primarias-sean-entre-patxi-lopez-y-chacon\\\/#webpage\"},\"articleSection\":\"Actualidad\"},{\"@type\":\"BreadcrumbList\",\"@id\":\"https:\\\/\\\/www.eldigitaldeasturias.com\\\/noticias\\\/izquierda-socialista-preve-que-las-primarias-sean-entre-patxi-lopez-y-chacon\\\/#breadcrumblist\",\"itemListElement\":[{\"@type\":\"ListItem\",\"@id\":\"https:\\\/\\\/www.eldigitaldeasturias.com\\\/noticias#listItem\",\"position\":1,\"name\":\"Home\",\"item\":\"https:\\\/\\\/www.eldigitaldeasturias.com\\\/noticias\",\"nextItem\":{\"@type\":\"ListItem\",\"@id\":\"https:\\\/\\\/www.eldigitaldeasturias.com\\\/noticias\\\/category\\\/actualidad\\\/#listItem\",\"name\":\"Actualidad\"}},{\"@type\":\"ListItem\",\"@id\":\"https:\\\/\\\/www.eldigitaldeasturias.com\\\/noticias\\\/category\\\/actualidad\\\/#listItem\",\"position\":2,\"name\":\"Actualidad\",\"item\":\"https:\\\/\\\/www.eldigitaldeasturias.com\\\/noticias\\\/category\\\/actualidad\\\/\",\"nextItem\":{\"@type\":\"ListItem\",\"@id\":\"https:\\\/\\\/www.eldigitaldeasturias.com\\\/noticias\\\/izquierda-socialista-preve-que-las-primarias-sean-entre-patxi-lopez-y-chacon\\\/#listItem\",\"name\":\"Izquierda Socialista prev\\u00e9 que las primarias sean entre Patxi L\\u00f3pez y Chac\\u00f3n\"},\"previousItem\":{\"@type\":\"ListItem\",\"@id\":\"https:\\\/\\\/www.eldigitaldeasturias.com\\\/noticias#listItem\",\"name\":\"Home\"}},{\"@type\":\"ListItem\",\"@id\":\"https:\\\/\\\/www.eldigitaldeasturias.com\\\/noticias\\\/izquierda-socialista-preve-que-las-primarias-sean-entre-patxi-lopez-y-chacon\\\/#listItem\",\"position\":3,\"name\":\"Izquierda Socialista prev\\u00e9 que las primarias sean entre Patxi L\\u00f3pez y Chac\\u00f3n\",\"previousItem\":{\"@type\":\"ListItem\",\"@id\":\"https:\\\/\\\/www.eldigitaldeasturias.com\\\/noticias\\\/category\\\/actualidad\\\/#listItem\",\"name\":\"Actualidad\"}}]},{\"@type\":\"Organization\",\"@id\":\"https:\\\/\\\/www.eldigitaldeasturias.com\\\/noticias\\\/#organization\",\"name\":\"El Digital de Asturias\",\"description\":\"Hemeroteca\",\"url\":\"https:\\\/\\\/www.eldigitaldeasturias.com\\\/noticias\\\/\",\"email\":\"info@eldigitaldeasturias.com\",\"telephone\":\"+34652131393\",\"logo\":{\"@type\":\"ImageObject\",\"url\":\"https:\\\/\\\/www.eldigitaldeasturias.com\\\/noticias\\\/wp-content\\\/uploads\\\/2020\\\/12\\\/EDA.jpg\",\"@id\":\"https:\\\/\\\/www.eldigitaldeasturias.com\\\/noticias\\\/izquierda-socialista-preve-que-las-primarias-sean-entre-patxi-lopez-y-chacon\\\/#organizationLogo\"},\"image\":{\"@id\":\"https:\\\/\\\/www.eldigitaldeasturias.com\\\/noticias\\\/izquierda-socialista-preve-que-las-primarias-sean-entre-patxi-lopez-y-chacon\\\/#organizationLogo\"},\"sameAs\":[\"https:\\\/\\\/facebook.com\\\/eldigitaldeasturias\",\"https:\\\/\\\/www.youtube.com\\\/channel\\\/UCZP-2wLEB9Rv6erhFmqVnvg\"],\"address\":{\"@id\":\"https:\\\/\\\/www.eldigitaldeasturias.com\\\/noticias\\\/#postaladdress\",\"@type\":\"PostalAddress\",\"streetAddress\":\"san antonio 4\",\"postalCode\":\"33430\",\"addressLocality\":\"Cand\\u00e1s\",\"addressRegion\":\"Asturias\",\"addressCountry\":\"ES\"}},{\"@type\":\"Person\",\"@id\":\"https:\\\/\\\/www.eldigitaldeasturias.com\\\/noticias\\\/author\\\/admin\\\/#author\",\"url\":\"https:\\\/\\\/www.eldigitaldeasturias.com\\\/noticias\\\/author\\\/admin\\\/\",\"name\":\"El Digital de Asturias\",\"image\":{\"@type\":\"ImageObject\",\"@id\":\"https:\\\/\\\/www.eldigitaldeasturias.com\\\/noticias\\\/izquierda-socialista-preve-que-las-primarias-sean-entre-patxi-lopez-y-chacon\\\/#authorImage\",\"url\":\"https:\\\/\\\/secure.gravatar.com\\\/avatar\\\/df2aeffc32bcd13f8d26072ef8a91b623d677766deac7f97ca815868cd41bf5e?s=96&d=mm&r=g\",\"width\":96,\"height\":96,\"caption\":\"El Digital de Asturias\"}},{\"@type\":\"WebPage\",\"@id\":\"https:\\\/\\\/www.eldigitaldeasturias.com\\\/noticias\\\/izquierda-socialista-preve-que-las-primarias-sean-entre-patxi-lopez-y-chacon\\\/#webpage\",\"url\":\"https:\\\/\\\/www.eldigitaldeasturias.com\\\/noticias\\\/izquierda-socialista-preve-que-las-primarias-sean-entre-patxi-lopez-y-chacon\\\/\",\"name\":\"Izquierda Socialista prev\\u00e9 que las primarias sean entre Patxi L\\u00f3pez y Chac\\u00f3n - El Digital de Asturias\",\"description\":\"Madrid, 2 feb (EFE).- El dirigente de Izquierda Socialista (IS) Juan Antonio Barrio de Penagos se ha mostrado convencido, en una entrevista con Efe, de que Carmen Chac\\u00f3n concurrir\\u00e1 a las primarias del PSOE y ha apostado por ella frente a Patxi L\\u00f3pez, el otro aspirante que, a su juicio, est\\u00e1 m\\u00e1s cerca de presentarse.\",\"inLanguage\":\"es-ES\",\"isPartOf\":{\"@id\":\"https:\\\/\\\/www.eldigitaldeasturias.com\\\/noticias\\\/#website\"},\"breadcrumb\":{\"@id\":\"https:\\\/\\\/www.eldigitaldeasturias.com\\\/noticias\\\/izquierda-socialista-preve-que-las-primarias-sean-entre-patxi-lopez-y-chacon\\\/#breadcrumblist\"},\"author\":{\"@id\":\"https:\\\/\\\/www.eldigitaldeasturias.com\\\/noticias\\\/author\\\/admin\\\/#author\"},\"creator\":{\"@id\":\"https:\\\/\\\/www.eldigitaldeasturias.com\\\/noticias\\\/author\\\/admin\\\/#author\"},\"image\":{\"@type\":\"ImageObject\",\"url\":482039,\"@id\":\"https:\\\/\\\/www.eldigitaldeasturias.com\\\/noticias\\\/izquierda-socialista-preve-que-las-primarias-sean-entre-patxi-lopez-y-chacon\\\/#mainImage\"},\"primaryImageOfPage\":{\"@id\":\"https:\\\/\\\/www.eldigitaldeasturias.com\\\/noticias\\\/izquierda-socialista-preve-que-las-primarias-sean-entre-patxi-lopez-y-chacon\\\/#mainImage\"},\"datePublished\":\"2014-02-02T13:10:16+01:00\",\"dateModified\":\"2014-02-02T13:10:16+01:00\"},{\"@type\":\"WebSite\",\"@id\":\"https:\\\/\\\/www.eldigitaldeasturias.com\\\/noticias\\\/#website\",\"url\":\"https:\\\/\\\/www.eldigitaldeasturias.com\\\/noticias\\\/\",\"name\":\"El Digital de Asturias - Diario de actualidad y noticias\",\"alternateName\":\"El Digital de Asturias - Diario de actualidad y noticias\",\"description\":\"Hemeroteca\",\"inLanguage\":\"es-ES\",\"publisher\":{\"@id\":\"https:\\\/\\\/www.eldigitaldeasturias.com\\\/noticias\\\/#organization\"}}]}\n\t\t<\/script>\n\t\t<!-- All in One SEO Pro -->\r\n\t\t<title>Izquierda Socialista prev\u00e9 que las primarias sean entre Patxi L\u00f3pez y Chac\u00f3n - El Digital de Asturias<\/title>\n\n","aioseo_head_json":{"title":"Izquierda Socialista prev\u00e9 que las primarias sean entre Patxi L\u00f3pez y Chac\u00f3n - El Digital de Asturias","description":"Madrid, 2 feb (EFE).- El dirigente de Izquierda Socialista (IS) Juan Antonio Barrio de Penagos se ha mostrado convencido, en una entrevista con Efe, de que Carmen Chac\u00f3n concurrir\u00e1 a las primarias del PSOE y ha apostado por ella frente a Patxi L\u00f3pez, el otro aspirante que, a su juicio, est\u00e1 m\u00e1s cerca de presentarse.","canonical_url":"https:\/\/www.eldigitaldeasturias.com\/noticias\/izquierda-socialista-preve-que-las-primarias-sean-entre-patxi-lopez-y-chacon\/","robots":"max-image-preview:large","keywords":"actualidad","webmasterTools":{"google-site-verification":"UA-38556648-1","msvalidate.01":"7dfe9f3f1b24437ab69f4f2559babe99","miscellaneous":""},"schema":{"@context":"https:\/\/schema.org","@graph":[{"@type":"BlogPosting","@id":"https:\/\/www.eldigitaldeasturias.com\/noticias\/izquierda-socialista-preve-que-las-primarias-sean-entre-patxi-lopez-y-chacon\/#blogposting","name":"Izquierda Socialista prev\u00e9 que las primarias sean entre Patxi L\u00f3pez y Chac\u00f3n - El Digital de Asturias","headline":"Izquierda Socialista prev\u00e9 que las primarias sean entre Patxi L\u00f3pez y Chac\u00f3n","author":{"@id":"https:\/\/www.eldigitaldeasturias.com\/noticias\/author\/admin\/#author"},"publisher":{"@id":"https:\/\/www.eldigitaldeasturias.com\/noticias\/#organization"},"image":{"@type":"ImageObject","url":482039},"datePublished":"2014-02-02T13:10:16+01:00","dateModified":"2014-02-02T13:10:16+01:00","inLanguage":"es-ES","mainEntityOfPage":{"@id":"https:\/\/www.eldigitaldeasturias.com\/noticias\/izquierda-socialista-preve-que-las-primarias-sean-entre-patxi-lopez-y-chacon\/#webpage"},"isPartOf":{"@id":"https:\/\/www.eldigitaldeasturias.com\/noticias\/izquierda-socialista-preve-que-las-primarias-sean-entre-patxi-lopez-y-chacon\/#webpage"},"articleSection":"Actualidad"},{"@type":"BreadcrumbList","@id":"https:\/\/www.eldigitaldeasturias.com\/noticias\/izquierda-socialista-preve-que-las-primarias-sean-entre-patxi-lopez-y-chacon\/#breadcrumblist","itemListElement":[{"@type":"ListItem","@id":"https:\/\/www.eldigitaldeasturias.com\/noticias#listItem","position":1,"name":"Home","item":"https:\/\/www.eldigitaldeasturias.com\/noticias","nextItem":{"@type":"ListItem","@id":"https:\/\/www.eldigitaldeasturias.com\/noticias\/category\/actualidad\/#listItem","name":"Actualidad"}},{"@type":"ListItem","@id":"https:\/\/www.eldigitaldeasturias.com\/noticias\/category\/actualidad\/#listItem","position":2,"name":"Actualidad","item":"https:\/\/www.eldigitaldeasturias.com\/noticias\/category\/actualidad\/","nextItem":{"@type":"ListItem","@id":"https:\/\/www.eldigitaldeasturias.com\/noticias\/izquierda-socialista-preve-que-las-primarias-sean-entre-patxi-lopez-y-chacon\/#listItem","name":"Izquierda Socialista prev\u00e9 que las primarias sean entre Patxi L\u00f3pez y Chac\u00f3n"},"previousItem":{"@type":"ListItem","@id":"https:\/\/www.eldigitaldeasturias.com\/noticias#listItem","name":"Home"}},{"@type":"ListItem","@id":"https:\/\/www.eldigitaldeasturias.com\/noticias\/izquierda-socialista-preve-que-las-primarias-sean-entre-patxi-lopez-y-chacon\/#listItem","position":3,"name":"Izquierda Socialista prev\u00e9 que las primarias sean entre Patxi L\u00f3pez y Chac\u00f3n","previousItem":{"@type":"ListItem","@id":"https:\/\/www.eldigitaldeasturias.com\/noticias\/category\/actualidad\/#listItem","name":"Actualidad"}}]},{"@type":"Organization","@id":"https:\/\/www.eldigitaldeasturias.com\/noticias\/#organization","name":"El Digital de Asturias","description":"Hemeroteca","url":"https:\/\/www.eldigitaldeasturias.com\/noticias\/","email":"info@eldigitaldeasturias.com","telephone":"+34652131393","logo":{"@type":"ImageObject","url":"https:\/\/www.eldigitaldeasturias.com\/noticias\/wp-content\/uploads\/2020\/12\/EDA.jpg","@id":"https:\/\/www.eldigitaldeasturias.com\/noticias\/izquierda-socialista-preve-que-las-primarias-sean-entre-patxi-lopez-y-chacon\/#organizationLogo"},"image":{"@id":"https:\/\/www.eldigitaldeasturias.com\/noticias\/izquierda-socialista-preve-que-las-primarias-sean-entre-patxi-lopez-y-chacon\/#organizationLogo"},"sameAs":["https:\/\/facebook.com\/eldigitaldeasturias","https:\/\/www.youtube.com\/channel\/UCZP-2wLEB9Rv6erhFmqVnvg"],"address":{"@id":"https:\/\/www.eldigitaldeasturias.com\/noticias\/#postaladdress","@type":"PostalAddress","streetAddress":"san antonio 4","postalCode":"33430","addressLocality":"Cand\u00e1s","addressRegion":"Asturias","addressCountry":"ES"}},{"@type":"Person","@id":"https:\/\/www.eldigitaldeasturias.com\/noticias\/author\/admin\/#author","url":"https:\/\/www.eldigitaldeasturias.com\/noticias\/author\/admin\/","name":"El Digital de Asturias","image":{"@type":"ImageObject","@id":"https:\/\/www.eldigitaldeasturias.com\/noticias\/izquierda-socialista-preve-que-las-primarias-sean-entre-patxi-lopez-y-chacon\/#authorImage","url":"https:\/\/secure.gravatar.com\/avatar\/df2aeffc32bcd13f8d26072ef8a91b623d677766deac7f97ca815868cd41bf5e?s=96&d=mm&r=g","width":96,"height":96,"caption":"El Digital de Asturias"}},{"@type":"WebPage","@id":"https:\/\/www.eldigitaldeasturias.com\/noticias\/izquierda-socialista-preve-que-las-primarias-sean-entre-patxi-lopez-y-chacon\/#webpage","url":"https:\/\/www.eldigitaldeasturias.com\/noticias\/izquierda-socialista-preve-que-las-primarias-sean-entre-patxi-lopez-y-chacon\/","name":"Izquierda Socialista prev\u00e9 que las primarias sean entre Patxi L\u00f3pez y Chac\u00f3n - El Digital de Asturias","description":"Madrid, 2 feb (EFE).- El dirigente de Izquierda Socialista (IS) Juan Antonio Barrio de Penagos se ha mostrado convencido, en una entrevista con Efe, de que Carmen Chac\u00f3n concurrir\u00e1 a las primarias del PSOE y ha apostado por ella frente a Patxi L\u00f3pez, el otro aspirante que, a su juicio, est\u00e1 m\u00e1s cerca de presentarse.","inLanguage":"es-ES","isPartOf":{"@id":"https:\/\/www.eldigitaldeasturias.com\/noticias\/#website"},"breadcrumb":{"@id":"https:\/\/www.eldigitaldeasturias.com\/noticias\/izquierda-socialista-preve-que-las-primarias-sean-entre-patxi-lopez-y-chacon\/#breadcrumblist"},"author":{"@id":"https:\/\/www.eldigitaldeasturias.com\/noticias\/author\/admin\/#author"},"creator":{"@id":"https:\/\/www.eldigitaldeasturias.com\/noticias\/author\/admin\/#author"},"image":{"@type":"ImageObject","url":482039,"@id":"https:\/\/www.eldigitaldeasturias.com\/noticias\/izquierda-socialista-preve-que-las-primarias-sean-entre-patxi-lopez-y-chacon\/#mainImage"},"primaryImageOfPage":{"@id":"https:\/\/www.eldigitaldeasturias.com\/noticias\/izquierda-socialista-preve-que-las-primarias-sean-entre-patxi-lopez-y-chacon\/#mainImage"},"datePublished":"2014-02-02T13:10:16+01:00","dateModified":"2014-02-02T13:10:16+01:00"},{"@type":"WebSite","@id":"https:\/\/www.eldigitaldeasturias.com\/noticias\/#website","url":"https:\/\/www.eldigitaldeasturias.com\/noticias\/","name":"El Digital de Asturias - Diario de actualidad y noticias","alternateName":"El Digital de Asturias - Diario de actualidad y noticias","description":"Hemeroteca","inLanguage":"es-ES","publisher":{"@id":"https:\/\/www.eldigitaldeasturias.com\/noticias\/#organization"}}]},"og:locale":"es_ES","og:site_name":"El Digital de Asturias","og:type":"article","og:title":"Izquierda Socialista prev\u00e9 que las primarias sean entre Patxi L\u00f3pez y Chac\u00f3n - El Digital de Asturias","og:description":"Madrid, 2 feb (EFE).- El dirigente de Izquierda Socialista (IS) Juan Antonio Barrio de Penagos se ha mostrado convencido, en una entrevista con Efe, de que Carmen Chac\u00f3n concurrir\u00e1 a las primarias del PSOE y ha apostado por ella frente a Patxi L\u00f3pez, el otro aspirante que, a su juicio, est\u00e1 m\u00e1s cerca de presentarse.","og:url":"https:\/\/www.eldigitaldeasturias.com\/noticias\/izquierda-socialista-preve-que-las-primarias-sean-entre-patxi-lopez-y-chacon\/","article:tag":["actualidad"],"article:published_time":"2014-02-02T14:10:16+00:00","article:modified_time":"2014-02-02T14:10:16+00:00","article:publisher":"https:\/\/facebook.com\/eldigitaldeasturias","twitter:card":"summary_large_image","twitter:title":"Izquierda Socialista prev\u00e9 que las primarias sean entre Patxi L\u00f3pez y Chac\u00f3n - El Digital de Asturias","twitter:description":"Madrid, 2 feb (EFE).- El dirigente de Izquierda Socialista (IS) Juan Antonio Barrio de Penagos se ha mostrado convencido, en una entrevista con Efe, de que Carmen Chac\u00f3n concurrir\u00e1 a las primarias del PSOE y ha apostado por ella frente a Patxi L\u00f3pez, el otro aspirante que, a su juicio, est\u00e1 m\u00e1s cerca de presentarse.","twitter:label1":"Escrito por","twitter:data1":"El Digital de Asturias","twitter:label2":"Tiempo de lectura estimado","twitter:data2":"3 minutos"},"aioseo_meta_data":{"post_id":"482038","title":null,"description":null,"keywords":null,"keyphrases":null,"primary_term":null,"canonical_url":null,"og_title":null,"og_description":null,"og_object_type":"default","og_image_type":"default","og_image_url":null,"og_image_width":null,"og_image_height":null,"og_image_custom_url":null,"og_image_custom_fields":null,"og_video":null,"og_custom_url":null,"og_article_section":null,"og_article_tags":null,"twitter_use_og":true,"twitter_card":"default","twitter_image_type":"default","twitter_image_url":null,"twitter_image_custom_url":null,"twitter_image_custom_fields":null,"twitter_title":null,"twitter_description":null,"schema":{"blockGraphs":[],"customGraphs":[],"default":{"data":{"Article":[],"Course":[],"Dataset":[],"FAQPage":[],"Movie":[],"Person":[],"Product":[],"ProductReview":[],"Car":[],"Recipe":[],"Service":[],"SoftwareApplication":[],"WebPage":[]},"graphName":"","isEnabled":true},"graphs":[],"defaultGraph":"","defaultPostTypeGraph":""},"schema_type":null,"schema_type_options":null,"pillar_content":false,"robots_default":true,"robots_noindex":false,"robots_noarchive":false,"robots_nosnippet":false,"robots_nofollow":false,"robots_noimageindex":false,"robots_noodp":false,"robots_notranslate":false,"robots_max_snippet":null,"robots_max_videopreview":null,"robots_max_imagepreview":"none","priority":null,"frequency":null,"local_seo":null,"seo_analyzer_scan_date":"2026-06-02 08:37:00","breadcrumb_settings":null,"limit_modified_date":false,"open_ai":null,"ai":null,"created":"2020-11-14 22:54:31","updated":"2026-06-02 08:37:00","focus_keyword":null,"additional_keywords":null,"truseo_locale":null},"aioseo_breadcrumb":"<div class=\"aioseo-breadcrumbs\"><span class=\"aioseo-breadcrumb\">\n\t<a href=\"https:\/\/www.eldigitaldeasturias.com\/noticias\" title=\"Home\">Home<\/a>\n<\/span><span class=\"aioseo-breadcrumb-separator\">\u2013<\/span><span class=\"aioseo-breadcrumb\">\n\t<a href=\"https:\/\/www.eldigitaldeasturias.com\/noticias\/category\/actualidad\/\" title=\"Actualidad\">Actualidad<\/a>\n<\/span><span class=\"aioseo-breadcrumb-separator\">\u2013<\/span><span class=\"aioseo-breadcrumb\">\n\t<a href=\"https:\/\/www.eldigitaldeasturias.com\/noticias\/izquierda-socialista-preve-que-las-primarias-sean-entre-patxi-lopez-y-chacon\/\" title=\"Izquierda Socialista prev\u00e9 que las primarias sean entre Patxi L\u00f3pez y Chac\u00f3n\">Izquierda Socialista prev\u00e9 que las primarias sean entre Patxi L\u00f3pez y Chac\u00f3n<\/a>\n<\/span><\/div>","aioseo_breadcrumb_json":[{"label":"Home","link":"https:\/\/www.eldigitaldeasturias.com\/noticias"},{"label":"Actualidad","link":"https:\/\/www.eldigitaldeasturias.com\/noticias\/category\/actualidad\/"},{"label":"Izquierda Socialista prev\u00e9 que las primarias sean entre Patxi L\u00f3pez y Chac\u00f3n","link":"https:\/\/www.eldigitaldeasturias.com\/noticias\/izquierda-socialista-preve-que-las-primarias-sean-entre-patxi-lopez-y-chacon\/"}],"_links":{"self":[{"href":"https:\/\/www.eldigitaldeasturias.com\/noticias\/wp-json\/wp\/v2\/posts\/482038","targetHints":{"allow":["GET"]}}],"collection":[{"href":"https:\/\/www.eldigitaldeasturias.com\/noticias\/wp-json\/wp\/v2\/posts"}],"about":[{"href":"https:\/\/www.eldigitaldeasturias.com\/noticias\/wp-json\/wp\/v2\/types\/post"}],"author":[{"embeddable":true,"href":"https:\/\/www.eldigitaldeasturias.com\/noticias\/wp-json\/wp\/v2\/users\/1"}],"replies":[{"embeddable":true,"href":"https:\/\/www.eldigitaldeasturias.com\/noticias\/wp-json\/wp\/v2\/comments?post=482038"}],"version-history":[{"count":0,"href":"https:\/\/www.eldigitaldeasturias.com\/noticias\/wp-json\/wp\/v2\/posts\/482038\/revisions"}],"wp:attachment":[{"href":"https:\/\/www.eldigitaldeasturias.com\/noticias\/wp-json\/wp\/v2\/media?parent=482038"}],"wp:term":[{"taxonomy":"category","embeddable":true,"href":"https:\/\/www.eldigitaldeasturias.com\/noticias\/wp-json\/wp\/v2\/categories?post=482038"},{"taxonomy":"post_tag","embeddable":true,"href":"https:\/\/www.eldigitaldeasturias.com\/noticias\/wp-json\/wp\/v2\/tags?post=482038"}],"curies":[{"name":"wp","href":"https:\/\/api.w.org\/{rel}","templated":true}]}}