{"id":482035,"date":"2014-02-02T13:09:21","date_gmt":"2014-02-02T14:09:21","guid":{"rendered":"http:\/\/www.eldigitaldeasturias.com\/noticias\/?p=482035"},"modified":"2014-02-02T13:09:21","modified_gmt":"2014-02-02T14:09:21","slug":"secuestran-a-un-ciudadano-aleman-en-la-capital-yemeni","status":"publish","type":"post","link":"https:\/\/www.eldigitaldeasturias.com\/noticias\/secuestran-a-un-ciudadano-aleman-en-la-capital-yemeni\/","title":{"rendered":"Secuestran a un ciudadano alem\u00e1n en la capital yemen\u00ed"},"content":{"rendered":"<p><img loading=\"lazy\" decoding=\"async\" class=\"alignleft size-medium wp-image-482036\" alt=\"5900795w\" src=\"https:\/\/www.eldigitaldeasturias.com\/noticias\/wp-content\/uploads\/2014\/02\/5900795w-360x239.jpg\" width=\"360\" height=\"239\" \/>San\u00e1, 2 feb (EFE).- Hombres armados vinculados a tribus yemen\u00edes han secuestrado a un ciudadano alem\u00e1n en la capital de Yemen y lo han trasladado a la provincia de Mareb, al noreste de San\u00e1, informaron hoy a Efe fuentes de seguridad yemen\u00edes.<\/p>\n<p>El rapto tuvo lugar ayer, s\u00e1bado, a punta de pistola y a plena luz del d\u00eda, seg\u00fan las fuentes, que no pudieron confirmar si el reh\u00e9n es trabajador de la Embajada alemana en Yemen.<\/p>\n<p>Uno de los secuestradores reivindic\u00f3 esta acci\u00f3n en declaraciones al diario local &#8216;Mareb Press&#8217; y pidi\u00f3 a cambio del reh\u00e9n la liberaci\u00f3n de dos miembros de su tribu detenidos por las autoridades.<\/p>\n<p>\u00abExigimos la liberaci\u00f3n de nuestros hijos y entonces liberaremos inmediatamente al ciudadano alem\u00e1n secuestrado\u00bb, afirm\u00f3 Naser Harikdan, del poderoso clan Shabun.<\/p>\n<p>Harikdan no revel\u00f3 la identidad de la v\u00edctima ni el lugar del secuestro, mientras que la Embajada alemana en San\u00e1 tampoco se ha pronunciado al respecto.<\/p>\n<p>El alem\u00e1n se encuentra supuestamente en la zona de Wadi Abida, en Mareb, un basti\u00f3n del clan Shabun y de la organizaci\u00f3n terrorista Al Qaeda.<\/p>\n<p>Los secuestros de extranjeros son frecuentes en Yemen y en su mayor\u00eda son perpetrados por tribus que usan a los rehenes para presionar al Gobierno de San\u00e1 para que responda a sus peticiones.<\/p>\n<p>El pasado 10 de enero, una ciudadana sudafricana fue liberada tras siete meses de cautiverio, aunque su marido contin\u00faa en manos de los secuestradores.<\/p>\n<p>Yemen, el pa\u00eds m\u00e1s pobre de la pen\u00ednsula Ar\u00e1biga, se ha vuelto m\u00e1s inestable desde que estallaran las protestas en 2011 contra el entonces presidente, Ali Abdal\u00e1 Saleh, quien cedi\u00f3 el poder en febrero de 2012 a Abdo Rabu Mansur Hadi.<\/p>\n","protected":false},"excerpt":{"rendered":"<p>San\u00e1, 2 feb (EFE).- Hombres armados vinculados a tribus yemen\u00edes han secuestrado a un ciudadano alem\u00e1n en la capital de Yemen y lo han trasladado a la provincia de Mareb, al noreste de San\u00e1, informaron hoy a Efe fuentes de seguridad yemen\u00edes. El rapto tuvo lugar ayer, s\u00e1bado, a punta de pistola y a plena [&hellip;]<\/p>\n","protected":false},"author":1,"featured_media":482036,"comment_status":"closed","ping_status":"open","sticky":false,"template":"","format":"standard","meta":{"footnotes":""},"categories":[1],"tags":[],"class_list":["post-482035","post","type-post","status-publish","format-standard","has-post-thumbnail","hentry","category-actualidad"],"aioseo_notices":[],"aioseo_head":"\n\t\t<!-- All in One SEO Pro 5.0.1 - aioseo.com -->\n\t<meta name=\"description\" content=\"San\u00e1, 2 feb (EFE).- Hombres armados vinculados a tribus yemen\u00edes han secuestrado a un ciudadano alem\u00e1n en la capital de Yemen y lo han trasladado a la provincia de Mareb, al noreste de San\u00e1, informaron hoy a Efe fuentes de seguridad yemen\u00edes. El rapto tuvo lugar ayer, s\u00e1bado, a punta de pistola y a plena\" \/>\n\t<meta name=\"robots\" content=\"max-image-preview:large\" \/>\n\t<meta name=\"author\" content=\"El Digital de Asturias\"\/>\n\t<meta name=\"google-site-verification\" content=\"UA-38556648-1\" \/>\n\t<meta name=\"msvalidate.01\" content=\"7dfe9f3f1b24437ab69f4f2559babe99\" \/>\n\t<meta name=\"keywords\" content=\"actualidad\" \/>\n\t<link rel=\"canonical\" href=\"https:\/\/www.eldigitaldeasturias.com\/noticias\/secuestran-a-un-ciudadano-aleman-en-la-capital-yemeni\/\" \/>\n\t<meta name=\"generator\" content=\"All in One SEO Pro (AIOSEO) 5.0.1\" \/>\n\t\t<meta property=\"og:locale\" content=\"es_ES\" \/>\n\t\t<meta property=\"og:site_name\" content=\"El Digital de Asturias\" \/>\n\t\t<meta property=\"og:type\" content=\"article\" \/>\n\t\t<meta property=\"og:title\" content=\"Secuestran a un ciudadano alem\u00e1n en la capital yemen\u00ed - El Digital de Asturias\" \/>\n\t\t<meta property=\"og:description\" content=\"San\u00e1, 2 feb (EFE).- Hombres armados vinculados a tribus yemen\u00edes han secuestrado a un ciudadano alem\u00e1n en la capital de Yemen y lo han trasladado a la provincia de Mareb, al noreste de San\u00e1, informaron hoy a Efe fuentes de seguridad yemen\u00edes. El rapto tuvo lugar ayer, s\u00e1bado, a punta de pistola y a plena\" \/>\n\t\t<meta property=\"og:url\" content=\"https:\/\/www.eldigitaldeasturias.com\/noticias\/secuestran-a-un-ciudadano-aleman-en-la-capital-yemeni\/\" \/>\n\t\t<meta property=\"article:tag\" content=\"actualidad\" \/>\n\t\t<meta property=\"article:published_time\" content=\"2014-02-02T14:09:21+00:00\" \/>\n\t\t<meta property=\"article:modified_time\" content=\"2014-02-02T14:09:21+00:00\" \/>\n\t\t<meta property=\"article:publisher\" content=\"https:\/\/facebook.com\/eldigitaldeasturias\" \/>\n\t\t<meta name=\"twitter:card\" content=\"summary_large_image\" \/>\n\t\t<meta name=\"twitter:title\" content=\"Secuestran a un ciudadano alem\u00e1n en la capital yemen\u00ed - El Digital de Asturias\" \/>\n\t\t<meta name=\"twitter:description\" content=\"San\u00e1, 2 feb (EFE).- Hombres armados vinculados a tribus yemen\u00edes han secuestrado a un ciudadano alem\u00e1n en la capital de Yemen y lo han trasladado a la provincia de Mareb, al noreste de San\u00e1, informaron hoy a Efe fuentes de seguridad yemen\u00edes. El rapto tuvo lugar ayer, s\u00e1bado, a punta de pistola y a plena\" \/>\n\t\t<meta name=\"twitter:label1\" content=\"Escrito por\" \/>\n\t\t<meta name=\"twitter:data1\" content=\"El Digital de Asturias\" \/>\n\t\t<meta name=\"twitter:label2\" content=\"Tiempo de lectura estimado\" \/>\n\t\t<meta name=\"twitter:data2\" content=\"1 minuto\" \/>\n\t\t<script type=\"application\/ld+json\" class=\"aioseo-schema\">\n\t\t\t{\"@context\":\"https:\\\/\\\/schema.org\",\"@graph\":[{\"@type\":\"BlogPosting\",\"@id\":\"https:\\\/\\\/www.eldigitaldeasturias.com\\\/noticias\\\/secuestran-a-un-ciudadano-aleman-en-la-capital-yemeni\\\/#blogposting\",\"name\":\"Secuestran a un ciudadano alem\\u00e1n en la capital yemen\\u00ed - El Digital de Asturias\",\"headline\":\"Secuestran a un ciudadano alem\\u00e1n en la capital yemen\\u00ed\",\"author\":{\"@id\":\"https:\\\/\\\/www.eldigitaldeasturias.com\\\/noticias\\\/author\\\/admin\\\/#author\"},\"publisher\":{\"@id\":\"https:\\\/\\\/www.eldigitaldeasturias.com\\\/noticias\\\/#organization\"},\"image\":{\"@type\":\"ImageObject\",\"url\":482036},\"datePublished\":\"2014-02-02T13:09:21+01:00\",\"dateModified\":\"2014-02-02T13:09:21+01:00\",\"inLanguage\":\"es-ES\",\"mainEntityOfPage\":{\"@id\":\"https:\\\/\\\/www.eldigitaldeasturias.com\\\/noticias\\\/secuestran-a-un-ciudadano-aleman-en-la-capital-yemeni\\\/#webpage\"},\"isPartOf\":{\"@id\":\"https:\\\/\\\/www.eldigitaldeasturias.com\\\/noticias\\\/secuestran-a-un-ciudadano-aleman-en-la-capital-yemeni\\\/#webpage\"},\"articleSection\":\"Actualidad\"},{\"@type\":\"BreadcrumbList\",\"@id\":\"https:\\\/\\\/www.eldigitaldeasturias.com\\\/noticias\\\/secuestran-a-un-ciudadano-aleman-en-la-capital-yemeni\\\/#breadcrumblist\",\"itemListElement\":[{\"@type\":\"ListItem\",\"@id\":\"https:\\\/\\\/www.eldigitaldeasturias.com\\\/noticias#listItem\",\"position\":1,\"name\":\"Home\",\"item\":\"https:\\\/\\\/www.eldigitaldeasturias.com\\\/noticias\",\"nextItem\":{\"@type\":\"ListItem\",\"@id\":\"https:\\\/\\\/www.eldigitaldeasturias.com\\\/noticias\\\/category\\\/actualidad\\\/#listItem\",\"name\":\"Actualidad\"}},{\"@type\":\"ListItem\",\"@id\":\"https:\\\/\\\/www.eldigitaldeasturias.com\\\/noticias\\\/category\\\/actualidad\\\/#listItem\",\"position\":2,\"name\":\"Actualidad\",\"item\":\"https:\\\/\\\/www.eldigitaldeasturias.com\\\/noticias\\\/category\\\/actualidad\\\/\",\"nextItem\":{\"@type\":\"ListItem\",\"@id\":\"https:\\\/\\\/www.eldigitaldeasturias.com\\\/noticias\\\/secuestran-a-un-ciudadano-aleman-en-la-capital-yemeni\\\/#listItem\",\"name\":\"Secuestran a un ciudadano alem\\u00e1n en la capital yemen\\u00ed\"},\"previousItem\":{\"@type\":\"ListItem\",\"@id\":\"https:\\\/\\\/www.eldigitaldeasturias.com\\\/noticias#listItem\",\"name\":\"Home\"}},{\"@type\":\"ListItem\",\"@id\":\"https:\\\/\\\/www.eldigitaldeasturias.com\\\/noticias\\\/secuestran-a-un-ciudadano-aleman-en-la-capital-yemeni\\\/#listItem\",\"position\":3,\"name\":\"Secuestran a un ciudadano alem\\u00e1n en la capital yemen\\u00ed\",\"previousItem\":{\"@type\":\"ListItem\",\"@id\":\"https:\\\/\\\/www.eldigitaldeasturias.com\\\/noticias\\\/category\\\/actualidad\\\/#listItem\",\"name\":\"Actualidad\"}}]},{\"@type\":\"Organization\",\"@id\":\"https:\\\/\\\/www.eldigitaldeasturias.com\\\/noticias\\\/#organization\",\"name\":\"El Digital de Asturias\",\"description\":\"Hemeroteca\",\"url\":\"https:\\\/\\\/www.eldigitaldeasturias.com\\\/noticias\\\/\",\"email\":\"info@eldigitaldeasturias.com\",\"telephone\":\"+34652131393\",\"logo\":{\"@type\":\"ImageObject\",\"url\":\"https:\\\/\\\/www.eldigitaldeasturias.com\\\/noticias\\\/wp-content\\\/uploads\\\/2020\\\/12\\\/EDA.jpg\",\"@id\":\"https:\\\/\\\/www.eldigitaldeasturias.com\\\/noticias\\\/secuestran-a-un-ciudadano-aleman-en-la-capital-yemeni\\\/#organizationLogo\"},\"image\":{\"@id\":\"https:\\\/\\\/www.eldigitaldeasturias.com\\\/noticias\\\/secuestran-a-un-ciudadano-aleman-en-la-capital-yemeni\\\/#organizationLogo\"},\"sameAs\":[\"https:\\\/\\\/facebook.com\\\/eldigitaldeasturias\",\"https:\\\/\\\/www.youtube.com\\\/channel\\\/UCZP-2wLEB9Rv6erhFmqVnvg\"],\"address\":{\"@id\":\"https:\\\/\\\/www.eldigitaldeasturias.com\\\/noticias\\\/#postaladdress\",\"@type\":\"PostalAddress\",\"streetAddress\":\"san antonio 4\",\"postalCode\":\"33430\",\"addressLocality\":\"Cand\\u00e1s\",\"addressRegion\":\"Asturias\",\"addressCountry\":\"ES\"}},{\"@type\":\"Person\",\"@id\":\"https:\\\/\\\/www.eldigitaldeasturias.com\\\/noticias\\\/author\\\/admin\\\/#author\",\"url\":\"https:\\\/\\\/www.eldigitaldeasturias.com\\\/noticias\\\/author\\\/admin\\\/\",\"name\":\"El Digital de Asturias\",\"image\":{\"@type\":\"ImageObject\",\"@id\":\"https:\\\/\\\/www.eldigitaldeasturias.com\\\/noticias\\\/secuestran-a-un-ciudadano-aleman-en-la-capital-yemeni\\\/#authorImage\",\"url\":\"https:\\\/\\\/secure.gravatar.com\\\/avatar\\\/df2aeffc32bcd13f8d26072ef8a91b623d677766deac7f97ca815868cd41bf5e?s=96&d=mm&r=g\",\"width\":96,\"height\":96,\"caption\":\"El Digital de Asturias\"}},{\"@type\":\"WebPage\",\"@id\":\"https:\\\/\\\/www.eldigitaldeasturias.com\\\/noticias\\\/secuestran-a-un-ciudadano-aleman-en-la-capital-yemeni\\\/#webpage\",\"url\":\"https:\\\/\\\/www.eldigitaldeasturias.com\\\/noticias\\\/secuestran-a-un-ciudadano-aleman-en-la-capital-yemeni\\\/\",\"name\":\"Secuestran a un ciudadano alem\\u00e1n en la capital yemen\\u00ed - El Digital de Asturias\",\"description\":\"San\\u00e1, 2 feb (EFE).- Hombres armados vinculados a tribus yemen\\u00edes han secuestrado a un ciudadano alem\\u00e1n en la capital de Yemen y lo han trasladado a la provincia de Mareb, al noreste de San\\u00e1, informaron hoy a Efe fuentes de seguridad yemen\\u00edes. El rapto tuvo lugar ayer, s\\u00e1bado, a punta de pistola y a plena\",\"inLanguage\":\"es-ES\",\"isPartOf\":{\"@id\":\"https:\\\/\\\/www.eldigitaldeasturias.com\\\/noticias\\\/#website\"},\"breadcrumb\":{\"@id\":\"https:\\\/\\\/www.eldigitaldeasturias.com\\\/noticias\\\/secuestran-a-un-ciudadano-aleman-en-la-capital-yemeni\\\/#breadcrumblist\"},\"author\":{\"@id\":\"https:\\\/\\\/www.eldigitaldeasturias.com\\\/noticias\\\/author\\\/admin\\\/#author\"},\"creator\":{\"@id\":\"https:\\\/\\\/www.eldigitaldeasturias.com\\\/noticias\\\/author\\\/admin\\\/#author\"},\"image\":{\"@type\":\"ImageObject\",\"url\":482036,\"@id\":\"https:\\\/\\\/www.eldigitaldeasturias.com\\\/noticias\\\/secuestran-a-un-ciudadano-aleman-en-la-capital-yemeni\\\/#mainImage\"},\"primaryImageOfPage\":{\"@id\":\"https:\\\/\\\/www.eldigitaldeasturias.com\\\/noticias\\\/secuestran-a-un-ciudadano-aleman-en-la-capital-yemeni\\\/#mainImage\"},\"datePublished\":\"2014-02-02T13:09:21+01:00\",\"dateModified\":\"2014-02-02T13:09:21+01:00\"},{\"@type\":\"WebSite\",\"@id\":\"https:\\\/\\\/www.eldigitaldeasturias.com\\\/noticias\\\/#website\",\"url\":\"https:\\\/\\\/www.eldigitaldeasturias.com\\\/noticias\\\/\",\"name\":\"El Digital de Asturias - Diario de actualidad y noticias\",\"alternateName\":\"El Digital de Asturias - Diario de actualidad y noticias\",\"description\":\"Hemeroteca\",\"inLanguage\":\"es-ES\",\"publisher\":{\"@id\":\"https:\\\/\\\/www.eldigitaldeasturias.com\\\/noticias\\\/#organization\"}}]}\n\t\t<\/script>\n\t\t<!-- All in One SEO Pro -->\r\n\t\t<title>Secuestran a un ciudadano alem\u00e1n en la capital yemen\u00ed - El Digital de Asturias<\/title>\n\n","aioseo_head_json":{"title":"Secuestran a un ciudadano alem\u00e1n en la capital yemen\u00ed - El Digital de Asturias","description":"San\u00e1, 2 feb (EFE).- Hombres armados vinculados a tribus yemen\u00edes han secuestrado a un ciudadano alem\u00e1n en la capital de Yemen y lo han trasladado a la provincia de Mareb, al noreste de San\u00e1, informaron hoy a Efe fuentes de seguridad yemen\u00edes. El rapto tuvo lugar ayer, s\u00e1bado, a punta de pistola y a plena","canonical_url":"https:\/\/www.eldigitaldeasturias.com\/noticias\/secuestran-a-un-ciudadano-aleman-en-la-capital-yemeni\/","robots":"max-image-preview:large","keywords":"actualidad","webmasterTools":{"google-site-verification":"UA-38556648-1","msvalidate.01":"7dfe9f3f1b24437ab69f4f2559babe99","miscellaneous":""},"schema":{"@context":"https:\/\/schema.org","@graph":[{"@type":"BlogPosting","@id":"https:\/\/www.eldigitaldeasturias.com\/noticias\/secuestran-a-un-ciudadano-aleman-en-la-capital-yemeni\/#blogposting","name":"Secuestran a un ciudadano alem\u00e1n en la capital yemen\u00ed - El Digital de Asturias","headline":"Secuestran a un ciudadano alem\u00e1n en la capital yemen\u00ed","author":{"@id":"https:\/\/www.eldigitaldeasturias.com\/noticias\/author\/admin\/#author"},"publisher":{"@id":"https:\/\/www.eldigitaldeasturias.com\/noticias\/#organization"},"image":{"@type":"ImageObject","url":482036},"datePublished":"2014-02-02T13:09:21+01:00","dateModified":"2014-02-02T13:09:21+01:00","inLanguage":"es-ES","mainEntityOfPage":{"@id":"https:\/\/www.eldigitaldeasturias.com\/noticias\/secuestran-a-un-ciudadano-aleman-en-la-capital-yemeni\/#webpage"},"isPartOf":{"@id":"https:\/\/www.eldigitaldeasturias.com\/noticias\/secuestran-a-un-ciudadano-aleman-en-la-capital-yemeni\/#webpage"},"articleSection":"Actualidad"},{"@type":"BreadcrumbList","@id":"https:\/\/www.eldigitaldeasturias.com\/noticias\/secuestran-a-un-ciudadano-aleman-en-la-capital-yemeni\/#breadcrumblist","itemListElement":[{"@type":"ListItem","@id":"https:\/\/www.eldigitaldeasturias.com\/noticias#listItem","position":1,"name":"Home","item":"https:\/\/www.eldigitaldeasturias.com\/noticias","nextItem":{"@type":"ListItem","@id":"https:\/\/www.eldigitaldeasturias.com\/noticias\/category\/actualidad\/#listItem","name":"Actualidad"}},{"@type":"ListItem","@id":"https:\/\/www.eldigitaldeasturias.com\/noticias\/category\/actualidad\/#listItem","position":2,"name":"Actualidad","item":"https:\/\/www.eldigitaldeasturias.com\/noticias\/category\/actualidad\/","nextItem":{"@type":"ListItem","@id":"https:\/\/www.eldigitaldeasturias.com\/noticias\/secuestran-a-un-ciudadano-aleman-en-la-capital-yemeni\/#listItem","name":"Secuestran a un ciudadano alem\u00e1n en la capital yemen\u00ed"},"previousItem":{"@type":"ListItem","@id":"https:\/\/www.eldigitaldeasturias.com\/noticias#listItem","name":"Home"}},{"@type":"ListItem","@id":"https:\/\/www.eldigitaldeasturias.com\/noticias\/secuestran-a-un-ciudadano-aleman-en-la-capital-yemeni\/#listItem","position":3,"name":"Secuestran a un ciudadano alem\u00e1n en la capital yemen\u00ed","previousItem":{"@type":"ListItem","@id":"https:\/\/www.eldigitaldeasturias.com\/noticias\/category\/actualidad\/#listItem","name":"Actualidad"}}]},{"@type":"Organization","@id":"https:\/\/www.eldigitaldeasturias.com\/noticias\/#organization","name":"El Digital de Asturias","description":"Hemeroteca","url":"https:\/\/www.eldigitaldeasturias.com\/noticias\/","email":"info@eldigitaldeasturias.com","telephone":"+34652131393","logo":{"@type":"ImageObject","url":"https:\/\/www.eldigitaldeasturias.com\/noticias\/wp-content\/uploads\/2020\/12\/EDA.jpg","@id":"https:\/\/www.eldigitaldeasturias.com\/noticias\/secuestran-a-un-ciudadano-aleman-en-la-capital-yemeni\/#organizationLogo"},"image":{"@id":"https:\/\/www.eldigitaldeasturias.com\/noticias\/secuestran-a-un-ciudadano-aleman-en-la-capital-yemeni\/#organizationLogo"},"sameAs":["https:\/\/facebook.com\/eldigitaldeasturias","https:\/\/www.youtube.com\/channel\/UCZP-2wLEB9Rv6erhFmqVnvg"],"address":{"@id":"https:\/\/www.eldigitaldeasturias.com\/noticias\/#postaladdress","@type":"PostalAddress","streetAddress":"san antonio 4","postalCode":"33430","addressLocality":"Cand\u00e1s","addressRegion":"Asturias","addressCountry":"ES"}},{"@type":"Person","@id":"https:\/\/www.eldigitaldeasturias.com\/noticias\/author\/admin\/#author","url":"https:\/\/www.eldigitaldeasturias.com\/noticias\/author\/admin\/","name":"El Digital de Asturias","image":{"@type":"ImageObject","@id":"https:\/\/www.eldigitaldeasturias.com\/noticias\/secuestran-a-un-ciudadano-aleman-en-la-capital-yemeni\/#authorImage","url":"https:\/\/secure.gravatar.com\/avatar\/df2aeffc32bcd13f8d26072ef8a91b623d677766deac7f97ca815868cd41bf5e?s=96&d=mm&r=g","width":96,"height":96,"caption":"El Digital de Asturias"}},{"@type":"WebPage","@id":"https:\/\/www.eldigitaldeasturias.com\/noticias\/secuestran-a-un-ciudadano-aleman-en-la-capital-yemeni\/#webpage","url":"https:\/\/www.eldigitaldeasturias.com\/noticias\/secuestran-a-un-ciudadano-aleman-en-la-capital-yemeni\/","name":"Secuestran a un ciudadano alem\u00e1n en la capital yemen\u00ed - El Digital de Asturias","description":"San\u00e1, 2 feb (EFE).- Hombres armados vinculados a tribus yemen\u00edes han secuestrado a un ciudadano alem\u00e1n en la capital de Yemen y lo han trasladado a la provincia de Mareb, al noreste de San\u00e1, informaron hoy a Efe fuentes de seguridad yemen\u00edes. El rapto tuvo lugar ayer, s\u00e1bado, a punta de pistola y a plena","inLanguage":"es-ES","isPartOf":{"@id":"https:\/\/www.eldigitaldeasturias.com\/noticias\/#website"},"breadcrumb":{"@id":"https:\/\/www.eldigitaldeasturias.com\/noticias\/secuestran-a-un-ciudadano-aleman-en-la-capital-yemeni\/#breadcrumblist"},"author":{"@id":"https:\/\/www.eldigitaldeasturias.com\/noticias\/author\/admin\/#author"},"creator":{"@id":"https:\/\/www.eldigitaldeasturias.com\/noticias\/author\/admin\/#author"},"image":{"@type":"ImageObject","url":482036,"@id":"https:\/\/www.eldigitaldeasturias.com\/noticias\/secuestran-a-un-ciudadano-aleman-en-la-capital-yemeni\/#mainImage"},"primaryImageOfPage":{"@id":"https:\/\/www.eldigitaldeasturias.com\/noticias\/secuestran-a-un-ciudadano-aleman-en-la-capital-yemeni\/#mainImage"},"datePublished":"2014-02-02T13:09:21+01:00","dateModified":"2014-02-02T13:09:21+01:00"},{"@type":"WebSite","@id":"https:\/\/www.eldigitaldeasturias.com\/noticias\/#website","url":"https:\/\/www.eldigitaldeasturias.com\/noticias\/","name":"El Digital de Asturias - Diario de actualidad y noticias","alternateName":"El Digital de Asturias - Diario de actualidad y noticias","description":"Hemeroteca","inLanguage":"es-ES","publisher":{"@id":"https:\/\/www.eldigitaldeasturias.com\/noticias\/#organization"}}]},"og:locale":"es_ES","og:site_name":"El Digital de Asturias","og:type":"article","og:title":"Secuestran a un ciudadano alem\u00e1n en la capital yemen\u00ed - El Digital de Asturias","og:description":"San\u00e1, 2 feb (EFE).- Hombres armados vinculados a tribus yemen\u00edes han secuestrado a un ciudadano alem\u00e1n en la capital de Yemen y lo han trasladado a la provincia de Mareb, al noreste de San\u00e1, informaron hoy a Efe fuentes de seguridad yemen\u00edes. El rapto tuvo lugar ayer, s\u00e1bado, a punta de pistola y a plena","og:url":"https:\/\/www.eldigitaldeasturias.com\/noticias\/secuestran-a-un-ciudadano-aleman-en-la-capital-yemeni\/","article:tag":["actualidad"],"article:published_time":"2014-02-02T14:09:21+00:00","article:modified_time":"2014-02-02T14:09:21+00:00","article:publisher":"https:\/\/facebook.com\/eldigitaldeasturias","twitter:card":"summary_large_image","twitter:title":"Secuestran a un ciudadano alem\u00e1n en la capital yemen\u00ed - El Digital de Asturias","twitter:description":"San\u00e1, 2 feb (EFE).- Hombres armados vinculados a tribus yemen\u00edes han secuestrado a un ciudadano alem\u00e1n en la capital de Yemen y lo han trasladado a la provincia de Mareb, al noreste de San\u00e1, informaron hoy a Efe fuentes de seguridad yemen\u00edes. El rapto tuvo lugar ayer, s\u00e1bado, a punta de pistola y a plena","twitter:label1":"Escrito por","twitter:data1":"El Digital de Asturias","twitter:label2":"Tiempo de lectura estimado","twitter:data2":"1 minuto"},"aioseo_meta_data":{"post_id":"482035","title":null,"description":null,"keywords":null,"keyphrases":null,"primary_term":null,"canonical_url":null,"og_title":null,"og_description":null,"og_object_type":"default","og_image_type":"default","og_image_url":null,"og_image_width":null,"og_image_height":null,"og_image_custom_url":null,"og_image_custom_fields":null,"og_video":null,"og_custom_url":null,"og_article_section":null,"og_article_tags":null,"twitter_use_og":true,"twitter_card":"default","twitter_image_type":"default","twitter_image_url":null,"twitter_image_custom_url":null,"twitter_image_custom_fields":null,"twitter_title":null,"twitter_description":null,"schema":{"blockGraphs":[],"customGraphs":[],"default":{"data":{"Article":[],"Course":[],"Dataset":[],"FAQPage":[],"Movie":[],"Person":[],"Product":[],"ProductReview":[],"Car":[],"Recipe":[],"Service":[],"SoftwareApplication":[],"WebPage":[]},"graphName":"","isEnabled":true},"graphs":[],"defaultGraph":"","defaultPostTypeGraph":""},"schema_type":null,"schema_type_options":null,"pillar_content":false,"robots_default":true,"robots_noindex":false,"robots_noarchive":false,"robots_nosnippet":false,"robots_nofollow":false,"robots_noimageindex":false,"robots_noodp":false,"robots_notranslate":false,"robots_max_snippet":null,"robots_max_videopreview":null,"robots_max_imagepreview":"none","priority":null,"frequency":null,"local_seo":null,"seo_analyzer_scan_date":"2026-06-02 08:36:59","breadcrumb_settings":null,"limit_modified_date":false,"open_ai":null,"ai":null,"created":"2020-11-14 22:54:31","updated":"2026-06-02 08:36:59","focus_keyword":null,"additional_keywords":null,"truseo_locale":null},"aioseo_breadcrumb":"<div class=\"aioseo-breadcrumbs\"><span class=\"aioseo-breadcrumb\">\n\t<a href=\"https:\/\/www.eldigitaldeasturias.com\/noticias\" title=\"Home\">Home<\/a>\n<\/span><span class=\"aioseo-breadcrumb-separator\">\u2013<\/span><span class=\"aioseo-breadcrumb\">\n\t<a href=\"https:\/\/www.eldigitaldeasturias.com\/noticias\/category\/actualidad\/\" title=\"Actualidad\">Actualidad<\/a>\n<\/span><span class=\"aioseo-breadcrumb-separator\">\u2013<\/span><span class=\"aioseo-breadcrumb\">\n\t<a href=\"https:\/\/www.eldigitaldeasturias.com\/noticias\/secuestran-a-un-ciudadano-aleman-en-la-capital-yemeni\/\" title=\"Secuestran a un ciudadano alem\u00e1n en la capital yemen\u00ed\">Secuestran a un ciudadano alem\u00e1n en la capital yemen\u00ed<\/a>\n<\/span><\/div>","aioseo_breadcrumb_json":[{"label":"Home","link":"https:\/\/www.eldigitaldeasturias.com\/noticias"},{"label":"Actualidad","link":"https:\/\/www.eldigitaldeasturias.com\/noticias\/category\/actualidad\/"},{"label":"Secuestran a un ciudadano alem\u00e1n en la capital yemen\u00ed","link":"https:\/\/www.eldigitaldeasturias.com\/noticias\/secuestran-a-un-ciudadano-aleman-en-la-capital-yemeni\/"}],"_links":{"self":[{"href":"https:\/\/www.eldigitaldeasturias.com\/noticias\/wp-json\/wp\/v2\/posts\/482035","targetHints":{"allow":["GET"]}}],"collection":[{"href":"https:\/\/www.eldigitaldeasturias.com\/noticias\/wp-json\/wp\/v2\/posts"}],"about":[{"href":"https:\/\/www.eldigitaldeasturias.com\/noticias\/wp-json\/wp\/v2\/types\/post"}],"author":[{"embeddable":true,"href":"https:\/\/www.eldigitaldeasturias.com\/noticias\/wp-json\/wp\/v2\/users\/1"}],"replies":[{"embeddable":true,"href":"https:\/\/www.eldigitaldeasturias.com\/noticias\/wp-json\/wp\/v2\/comments?post=482035"}],"version-history":[{"count":0,"href":"https:\/\/www.eldigitaldeasturias.com\/noticias\/wp-json\/wp\/v2\/posts\/482035\/revisions"}],"wp:attachment":[{"href":"https:\/\/www.eldigitaldeasturias.com\/noticias\/wp-json\/wp\/v2\/media?parent=482035"}],"wp:term":[{"taxonomy":"category","embeddable":true,"href":"https:\/\/www.eldigitaldeasturias.com\/noticias\/wp-json\/wp\/v2\/categories?post=482035"},{"taxonomy":"post_tag","embeddable":true,"href":"https:\/\/www.eldigitaldeasturias.com\/noticias\/wp-json\/wp\/v2\/tags?post=482035"}],"curies":[{"name":"wp","href":"https:\/\/api.w.org\/{rel}","templated":true}]}}