{"id":482032,"date":"2014-02-02T13:08:30","date_gmt":"2014-02-02T14:08:30","guid":{"rendered":"http:\/\/www.eldigitaldeasturias.com\/noticias\/?p=482032"},"modified":"2014-02-02T13:08:30","modified_gmt":"2014-02-02T14:08:30","slug":"seul-y-washington-renuevan-su-acuerdo-por-el-que-comparten-gastos-militares","status":"publish","type":"post","link":"https:\/\/www.eldigitaldeasturias.com\/noticias\/seul-y-washington-renuevan-su-acuerdo-por-el-que-comparten-gastos-militares\/","title":{"rendered":"Se\u00fal y Washington renuevan su acuerdo por el que comparten gastos militares"},"content":{"rendered":"<p><img loading=\"lazy\" decoding=\"async\" class=\"alignleft size-medium wp-image-482033\" alt=\"5900842w\" src=\"https:\/\/www.eldigitaldeasturias.com\/noticias\/wp-content\/uploads\/2014\/02\/5900842w-360x246.jpg\" width=\"360\" height=\"246\" \/>Se\u00fal, 2 feb (EFE).- Se\u00fal y Washington firmaron hoy un acuerdo por el que Corea del Sur pagar\u00e1 866 millones d\u00f3lares (634 millones de euros) anuales a Estados Unidos como aportaci\u00f3n al gasto de mantenimiento de sus tropas en territorio surcoreano, lo que supone un 5,8 por ciento m\u00e1s que en 2013.<\/p>\n<p>El ministro de Asuntos Exteriores surcoreano, Yun Byung-se, y el embajador estadounidense en Corea del Sur, Sung Kim, firmaron tras meses de negociaciones la renovaci\u00f3n del tratado que deber\u00e1 ser ahora ratificado por el Parlamento de Se\u00fal.<\/p>\n<p>EEUU mantiene 28.500 militares en Corea del Sur y se compromete a defender a su aliado en caso de conflicto con el Norte como vestigio de la Guerra de Corea (1950-53), que concluy\u00f3 con un armisticio nunca reemplazado por un tratado de paz definitivo.<\/p>\n<p>\u00abEste acuerdo sobre los gastos de defensa (&#8230;) supondr\u00e1 un gran impulso en la alianza entre EEUU y Corea del Sur y en su mutua confianza\u00bb, asegur\u00f3 en un comunicado el Ministerio de Asuntos Exteriores surcoreano.<\/p>\n<p>El pasado 14 de enero, tras varias rondas de negociaciones que comenzaron en julio de 2013, los dos aliados consiguieron llegar a un acuerdo para renovar el anterior tratado firmado en 2009 y que finaliz\u00f3 en diciembre del pasado a\u00f1o.<\/p>\n<p>Seg\u00fan la agencia local Yonhap, la ratificaci\u00f3n del documento en la Asamblea Nacional puede encontrar dificultades ya que bastantes diputados han criticado el importante aumento de la contribuci\u00f3n surcoreana.<\/p>\n<p>En este sentido, Se\u00fal y Washington tambi\u00e9n han decidido, como parte del acuerdo que estar\u00e1 vigor durante los pr\u00f3ximos cinco a\u00f1os, informar regularmente al Parlamento sobre los gastos de estos fondos con el fin de mejorar la transparencia.<\/p>\n<p>EL Gobierno surcoreano pretend\u00eda mantener su aportaci\u00f3n en 900.000 millones de wones (620 millones de euros), mientras que EEUU exig\u00eda que la cifra llegara a los 950.000 millones (655 millones de euros), pero finalmente el acuerdo establece que ser\u00e1 de 920.000 millones durante los pr\u00f3ximos cinco a\u00f1os.<\/p>\n<p>El pacto de defensa entre EEUU y Corea del Sur inicialmente contemplaba que solo Washington corriera con los gastos, pero los dos aliados empezaron en 1991 a compartir el coste de la misi\u00f3n a trav\u00e9s de un acuerdo que se renueva cada cinco a\u00f1os.<\/p>\n","protected":false},"excerpt":{"rendered":"<p>Se\u00fal, 2 feb (EFE).- Se\u00fal y Washington firmaron hoy un acuerdo por el que Corea del Sur pagar\u00e1 866 millones d\u00f3lares (634 millones de euros) anuales a Estados Unidos como aportaci\u00f3n al gasto de mantenimiento de sus tropas en territorio surcoreano, lo que supone un 5,8 por ciento m\u00e1s que en 2013. El ministro de [&hellip;]<\/p>\n","protected":false},"author":1,"featured_media":482033,"comment_status":"closed","ping_status":"open","sticky":false,"template":"","format":"standard","meta":{"footnotes":""},"categories":[1],"tags":[],"class_list":["post-482032","post","type-post","status-publish","format-standard","has-post-thumbnail","hentry","category-actualidad"],"aioseo_notices":[],"aioseo_head":"\n\t\t<!-- All in One SEO Pro 5.0.1 - aioseo.com -->\n\t<meta name=\"description\" content=\"Se\u00fal, 2 feb (EFE).- Se\u00fal y Washington firmaron hoy un acuerdo por el que Corea del Sur pagar\u00e1 866 millones d\u00f3lares (634 millones de euros) anuales a Estados Unidos como aportaci\u00f3n al gasto de mantenimiento de sus tropas en territorio surcoreano, lo que supone un 5,8 por ciento m\u00e1s que en 2013. El ministro de\" \/>\n\t<meta name=\"robots\" content=\"max-image-preview:large\" \/>\n\t<meta name=\"author\" content=\"El Digital de Asturias\"\/>\n\t<meta name=\"google-site-verification\" content=\"UA-38556648-1\" \/>\n\t<meta name=\"msvalidate.01\" content=\"7dfe9f3f1b24437ab69f4f2559babe99\" \/>\n\t<meta name=\"keywords\" content=\"actualidad\" \/>\n\t<link rel=\"canonical\" href=\"https:\/\/www.eldigitaldeasturias.com\/noticias\/seul-y-washington-renuevan-su-acuerdo-por-el-que-comparten-gastos-militares\/\" \/>\n\t<meta name=\"generator\" content=\"All in One SEO Pro (AIOSEO) 5.0.1\" \/>\n\t\t<meta property=\"og:locale\" content=\"es_ES\" \/>\n\t\t<meta property=\"og:site_name\" content=\"El Digital de Asturias\" \/>\n\t\t<meta property=\"og:type\" content=\"article\" \/>\n\t\t<meta property=\"og:title\" content=\"Se\u00fal y Washington renuevan su acuerdo por el que comparten gastos militares - El Digital de Asturias\" \/>\n\t\t<meta property=\"og:description\" content=\"Se\u00fal, 2 feb (EFE).- Se\u00fal y Washington firmaron hoy un acuerdo por el que Corea del Sur pagar\u00e1 866 millones d\u00f3lares (634 millones de euros) anuales a Estados Unidos como aportaci\u00f3n al gasto de mantenimiento de sus tropas en territorio surcoreano, lo que supone un 5,8 por ciento m\u00e1s que en 2013. El ministro de\" \/>\n\t\t<meta property=\"og:url\" content=\"https:\/\/www.eldigitaldeasturias.com\/noticias\/seul-y-washington-renuevan-su-acuerdo-por-el-que-comparten-gastos-militares\/\" \/>\n\t\t<meta property=\"article:tag\" content=\"actualidad\" \/>\n\t\t<meta property=\"article:published_time\" content=\"2014-02-02T14:08:30+00:00\" \/>\n\t\t<meta property=\"article:modified_time\" content=\"2014-02-02T14:08:30+00:00\" \/>\n\t\t<meta property=\"article:publisher\" content=\"https:\/\/facebook.com\/eldigitaldeasturias\" \/>\n\t\t<meta name=\"twitter:card\" content=\"summary_large_image\" \/>\n\t\t<meta name=\"twitter:title\" content=\"Se\u00fal y Washington renuevan su acuerdo por el que comparten gastos militares - El Digital de Asturias\" \/>\n\t\t<meta name=\"twitter:description\" content=\"Se\u00fal, 2 feb (EFE).- Se\u00fal y Washington firmaron hoy un acuerdo por el que Corea del Sur pagar\u00e1 866 millones d\u00f3lares (634 millones de euros) anuales a Estados Unidos como aportaci\u00f3n al gasto de mantenimiento de sus tropas en territorio surcoreano, lo que supone un 5,8 por ciento m\u00e1s que en 2013. El ministro de\" \/>\n\t\t<meta name=\"twitter:label1\" content=\"Escrito por\" \/>\n\t\t<meta name=\"twitter:data1\" content=\"El Digital de Asturias\" \/>\n\t\t<meta name=\"twitter:label2\" content=\"Tiempo de lectura estimado\" \/>\n\t\t<meta name=\"twitter:data2\" content=\"2 minutos\" \/>\n\t\t<script type=\"application\/ld+json\" class=\"aioseo-schema\">\n\t\t\t{\"@context\":\"https:\\\/\\\/schema.org\",\"@graph\":[{\"@type\":\"BlogPosting\",\"@id\":\"https:\\\/\\\/www.eldigitaldeasturias.com\\\/noticias\\\/seul-y-washington-renuevan-su-acuerdo-por-el-que-comparten-gastos-militares\\\/#blogposting\",\"name\":\"Se\\u00fal y Washington renuevan su acuerdo por el que comparten gastos militares - El Digital de Asturias\",\"headline\":\"Se\\u00fal y Washington renuevan su acuerdo por el que comparten gastos militares\",\"author\":{\"@id\":\"https:\\\/\\\/www.eldigitaldeasturias.com\\\/noticias\\\/author\\\/admin\\\/#author\"},\"publisher\":{\"@id\":\"https:\\\/\\\/www.eldigitaldeasturias.com\\\/noticias\\\/#organization\"},\"image\":{\"@type\":\"ImageObject\",\"url\":482033},\"datePublished\":\"2014-02-02T13:08:30+01:00\",\"dateModified\":\"2014-02-02T13:08:30+01:00\",\"inLanguage\":\"es-ES\",\"mainEntityOfPage\":{\"@id\":\"https:\\\/\\\/www.eldigitaldeasturias.com\\\/noticias\\\/seul-y-washington-renuevan-su-acuerdo-por-el-que-comparten-gastos-militares\\\/#webpage\"},\"isPartOf\":{\"@id\":\"https:\\\/\\\/www.eldigitaldeasturias.com\\\/noticias\\\/seul-y-washington-renuevan-su-acuerdo-por-el-que-comparten-gastos-militares\\\/#webpage\"},\"articleSection\":\"Actualidad\"},{\"@type\":\"BreadcrumbList\",\"@id\":\"https:\\\/\\\/www.eldigitaldeasturias.com\\\/noticias\\\/seul-y-washington-renuevan-su-acuerdo-por-el-que-comparten-gastos-militares\\\/#breadcrumblist\",\"itemListElement\":[{\"@type\":\"ListItem\",\"@id\":\"https:\\\/\\\/www.eldigitaldeasturias.com\\\/noticias#listItem\",\"position\":1,\"name\":\"Home\",\"item\":\"https:\\\/\\\/www.eldigitaldeasturias.com\\\/noticias\",\"nextItem\":{\"@type\":\"ListItem\",\"@id\":\"https:\\\/\\\/www.eldigitaldeasturias.com\\\/noticias\\\/category\\\/actualidad\\\/#listItem\",\"name\":\"Actualidad\"}},{\"@type\":\"ListItem\",\"@id\":\"https:\\\/\\\/www.eldigitaldeasturias.com\\\/noticias\\\/category\\\/actualidad\\\/#listItem\",\"position\":2,\"name\":\"Actualidad\",\"item\":\"https:\\\/\\\/www.eldigitaldeasturias.com\\\/noticias\\\/category\\\/actualidad\\\/\",\"nextItem\":{\"@type\":\"ListItem\",\"@id\":\"https:\\\/\\\/www.eldigitaldeasturias.com\\\/noticias\\\/seul-y-washington-renuevan-su-acuerdo-por-el-que-comparten-gastos-militares\\\/#listItem\",\"name\":\"Se\\u00fal y Washington renuevan su acuerdo por el que comparten gastos militares\"},\"previousItem\":{\"@type\":\"ListItem\",\"@id\":\"https:\\\/\\\/www.eldigitaldeasturias.com\\\/noticias#listItem\",\"name\":\"Home\"}},{\"@type\":\"ListItem\",\"@id\":\"https:\\\/\\\/www.eldigitaldeasturias.com\\\/noticias\\\/seul-y-washington-renuevan-su-acuerdo-por-el-que-comparten-gastos-militares\\\/#listItem\",\"position\":3,\"name\":\"Se\\u00fal y Washington renuevan su acuerdo por el que comparten gastos militares\",\"previousItem\":{\"@type\":\"ListItem\",\"@id\":\"https:\\\/\\\/www.eldigitaldeasturias.com\\\/noticias\\\/category\\\/actualidad\\\/#listItem\",\"name\":\"Actualidad\"}}]},{\"@type\":\"Organization\",\"@id\":\"https:\\\/\\\/www.eldigitaldeasturias.com\\\/noticias\\\/#organization\",\"name\":\"El Digital de Asturias\",\"description\":\"Hemeroteca\",\"url\":\"https:\\\/\\\/www.eldigitaldeasturias.com\\\/noticias\\\/\",\"email\":\"info@eldigitaldeasturias.com\",\"telephone\":\"+34652131393\",\"logo\":{\"@type\":\"ImageObject\",\"url\":\"https:\\\/\\\/www.eldigitaldeasturias.com\\\/noticias\\\/wp-content\\\/uploads\\\/2020\\\/12\\\/EDA.jpg\",\"@id\":\"https:\\\/\\\/www.eldigitaldeasturias.com\\\/noticias\\\/seul-y-washington-renuevan-su-acuerdo-por-el-que-comparten-gastos-militares\\\/#organizationLogo\"},\"image\":{\"@id\":\"https:\\\/\\\/www.eldigitaldeasturias.com\\\/noticias\\\/seul-y-washington-renuevan-su-acuerdo-por-el-que-comparten-gastos-militares\\\/#organizationLogo\"},\"sameAs\":[\"https:\\\/\\\/facebook.com\\\/eldigitaldeasturias\",\"https:\\\/\\\/www.youtube.com\\\/channel\\\/UCZP-2wLEB9Rv6erhFmqVnvg\"],\"address\":{\"@id\":\"https:\\\/\\\/www.eldigitaldeasturias.com\\\/noticias\\\/#postaladdress\",\"@type\":\"PostalAddress\",\"streetAddress\":\"san antonio 4\",\"postalCode\":\"33430\",\"addressLocality\":\"Cand\\u00e1s\",\"addressRegion\":\"Asturias\",\"addressCountry\":\"ES\"}},{\"@type\":\"Person\",\"@id\":\"https:\\\/\\\/www.eldigitaldeasturias.com\\\/noticias\\\/author\\\/admin\\\/#author\",\"url\":\"https:\\\/\\\/www.eldigitaldeasturias.com\\\/noticias\\\/author\\\/admin\\\/\",\"name\":\"El Digital de Asturias\",\"image\":{\"@type\":\"ImageObject\",\"@id\":\"https:\\\/\\\/www.eldigitaldeasturias.com\\\/noticias\\\/seul-y-washington-renuevan-su-acuerdo-por-el-que-comparten-gastos-militares\\\/#authorImage\",\"url\":\"https:\\\/\\\/secure.gravatar.com\\\/avatar\\\/df2aeffc32bcd13f8d26072ef8a91b623d677766deac7f97ca815868cd41bf5e?s=96&d=mm&r=g\",\"width\":96,\"height\":96,\"caption\":\"El Digital de Asturias\"}},{\"@type\":\"WebPage\",\"@id\":\"https:\\\/\\\/www.eldigitaldeasturias.com\\\/noticias\\\/seul-y-washington-renuevan-su-acuerdo-por-el-que-comparten-gastos-militares\\\/#webpage\",\"url\":\"https:\\\/\\\/www.eldigitaldeasturias.com\\\/noticias\\\/seul-y-washington-renuevan-su-acuerdo-por-el-que-comparten-gastos-militares\\\/\",\"name\":\"Se\\u00fal y Washington renuevan su acuerdo por el que comparten gastos militares - El Digital de Asturias\",\"description\":\"Se\\u00fal, 2 feb (EFE).- Se\\u00fal y Washington firmaron hoy un acuerdo por el que Corea del Sur pagar\\u00e1 866 millones d\\u00f3lares (634 millones de euros) anuales a Estados Unidos como aportaci\\u00f3n al gasto de mantenimiento de sus tropas en territorio surcoreano, lo que supone un 5,8 por ciento m\\u00e1s que en 2013. El ministro de\",\"inLanguage\":\"es-ES\",\"isPartOf\":{\"@id\":\"https:\\\/\\\/www.eldigitaldeasturias.com\\\/noticias\\\/#website\"},\"breadcrumb\":{\"@id\":\"https:\\\/\\\/www.eldigitaldeasturias.com\\\/noticias\\\/seul-y-washington-renuevan-su-acuerdo-por-el-que-comparten-gastos-militares\\\/#breadcrumblist\"},\"author\":{\"@id\":\"https:\\\/\\\/www.eldigitaldeasturias.com\\\/noticias\\\/author\\\/admin\\\/#author\"},\"creator\":{\"@id\":\"https:\\\/\\\/www.eldigitaldeasturias.com\\\/noticias\\\/author\\\/admin\\\/#author\"},\"image\":{\"@type\":\"ImageObject\",\"url\":482033,\"@id\":\"https:\\\/\\\/www.eldigitaldeasturias.com\\\/noticias\\\/seul-y-washington-renuevan-su-acuerdo-por-el-que-comparten-gastos-militares\\\/#mainImage\"},\"primaryImageOfPage\":{\"@id\":\"https:\\\/\\\/www.eldigitaldeasturias.com\\\/noticias\\\/seul-y-washington-renuevan-su-acuerdo-por-el-que-comparten-gastos-militares\\\/#mainImage\"},\"datePublished\":\"2014-02-02T13:08:30+01:00\",\"dateModified\":\"2014-02-02T13:08:30+01:00\"},{\"@type\":\"WebSite\",\"@id\":\"https:\\\/\\\/www.eldigitaldeasturias.com\\\/noticias\\\/#website\",\"url\":\"https:\\\/\\\/www.eldigitaldeasturias.com\\\/noticias\\\/\",\"name\":\"El Digital de Asturias - Diario de actualidad y noticias\",\"alternateName\":\"El Digital de Asturias - Diario de actualidad y noticias\",\"description\":\"Hemeroteca\",\"inLanguage\":\"es-ES\",\"publisher\":{\"@id\":\"https:\\\/\\\/www.eldigitaldeasturias.com\\\/noticias\\\/#organization\"}}]}\n\t\t<\/script>\n\t\t<!-- All in One SEO Pro -->\r\n\t\t<title>Se\u00fal y Washington renuevan su acuerdo por el que comparten gastos militares - El Digital de Asturias<\/title>\n\n","aioseo_head_json":{"title":"Se\u00fal y Washington renuevan su acuerdo por el que comparten gastos militares - El Digital de Asturias","description":"Se\u00fal, 2 feb (EFE).- Se\u00fal y Washington firmaron hoy un acuerdo por el que Corea del Sur pagar\u00e1 866 millones d\u00f3lares (634 millones de euros) anuales a Estados Unidos como aportaci\u00f3n al gasto de mantenimiento de sus tropas en territorio surcoreano, lo que supone un 5,8 por ciento m\u00e1s que en 2013. El ministro de","canonical_url":"https:\/\/www.eldigitaldeasturias.com\/noticias\/seul-y-washington-renuevan-su-acuerdo-por-el-que-comparten-gastos-militares\/","robots":"max-image-preview:large","keywords":"actualidad","webmasterTools":{"google-site-verification":"UA-38556648-1","msvalidate.01":"7dfe9f3f1b24437ab69f4f2559babe99","miscellaneous":""},"schema":{"@context":"https:\/\/schema.org","@graph":[{"@type":"BlogPosting","@id":"https:\/\/www.eldigitaldeasturias.com\/noticias\/seul-y-washington-renuevan-su-acuerdo-por-el-que-comparten-gastos-militares\/#blogposting","name":"Se\u00fal y Washington renuevan su acuerdo por el que comparten gastos militares - El Digital de Asturias","headline":"Se\u00fal y Washington renuevan su acuerdo por el que comparten gastos militares","author":{"@id":"https:\/\/www.eldigitaldeasturias.com\/noticias\/author\/admin\/#author"},"publisher":{"@id":"https:\/\/www.eldigitaldeasturias.com\/noticias\/#organization"},"image":{"@type":"ImageObject","url":482033},"datePublished":"2014-02-02T13:08:30+01:00","dateModified":"2014-02-02T13:08:30+01:00","inLanguage":"es-ES","mainEntityOfPage":{"@id":"https:\/\/www.eldigitaldeasturias.com\/noticias\/seul-y-washington-renuevan-su-acuerdo-por-el-que-comparten-gastos-militares\/#webpage"},"isPartOf":{"@id":"https:\/\/www.eldigitaldeasturias.com\/noticias\/seul-y-washington-renuevan-su-acuerdo-por-el-que-comparten-gastos-militares\/#webpage"},"articleSection":"Actualidad"},{"@type":"BreadcrumbList","@id":"https:\/\/www.eldigitaldeasturias.com\/noticias\/seul-y-washington-renuevan-su-acuerdo-por-el-que-comparten-gastos-militares\/#breadcrumblist","itemListElement":[{"@type":"ListItem","@id":"https:\/\/www.eldigitaldeasturias.com\/noticias#listItem","position":1,"name":"Home","item":"https:\/\/www.eldigitaldeasturias.com\/noticias","nextItem":{"@type":"ListItem","@id":"https:\/\/www.eldigitaldeasturias.com\/noticias\/category\/actualidad\/#listItem","name":"Actualidad"}},{"@type":"ListItem","@id":"https:\/\/www.eldigitaldeasturias.com\/noticias\/category\/actualidad\/#listItem","position":2,"name":"Actualidad","item":"https:\/\/www.eldigitaldeasturias.com\/noticias\/category\/actualidad\/","nextItem":{"@type":"ListItem","@id":"https:\/\/www.eldigitaldeasturias.com\/noticias\/seul-y-washington-renuevan-su-acuerdo-por-el-que-comparten-gastos-militares\/#listItem","name":"Se\u00fal y Washington renuevan su acuerdo por el que comparten gastos militares"},"previousItem":{"@type":"ListItem","@id":"https:\/\/www.eldigitaldeasturias.com\/noticias#listItem","name":"Home"}},{"@type":"ListItem","@id":"https:\/\/www.eldigitaldeasturias.com\/noticias\/seul-y-washington-renuevan-su-acuerdo-por-el-que-comparten-gastos-militares\/#listItem","position":3,"name":"Se\u00fal y Washington renuevan su acuerdo por el que comparten gastos militares","previousItem":{"@type":"ListItem","@id":"https:\/\/www.eldigitaldeasturias.com\/noticias\/category\/actualidad\/#listItem","name":"Actualidad"}}]},{"@type":"Organization","@id":"https:\/\/www.eldigitaldeasturias.com\/noticias\/#organization","name":"El Digital de Asturias","description":"Hemeroteca","url":"https:\/\/www.eldigitaldeasturias.com\/noticias\/","email":"info@eldigitaldeasturias.com","telephone":"+34652131393","logo":{"@type":"ImageObject","url":"https:\/\/www.eldigitaldeasturias.com\/noticias\/wp-content\/uploads\/2020\/12\/EDA.jpg","@id":"https:\/\/www.eldigitaldeasturias.com\/noticias\/seul-y-washington-renuevan-su-acuerdo-por-el-que-comparten-gastos-militares\/#organizationLogo"},"image":{"@id":"https:\/\/www.eldigitaldeasturias.com\/noticias\/seul-y-washington-renuevan-su-acuerdo-por-el-que-comparten-gastos-militares\/#organizationLogo"},"sameAs":["https:\/\/facebook.com\/eldigitaldeasturias","https:\/\/www.youtube.com\/channel\/UCZP-2wLEB9Rv6erhFmqVnvg"],"address":{"@id":"https:\/\/www.eldigitaldeasturias.com\/noticias\/#postaladdress","@type":"PostalAddress","streetAddress":"san antonio 4","postalCode":"33430","addressLocality":"Cand\u00e1s","addressRegion":"Asturias","addressCountry":"ES"}},{"@type":"Person","@id":"https:\/\/www.eldigitaldeasturias.com\/noticias\/author\/admin\/#author","url":"https:\/\/www.eldigitaldeasturias.com\/noticias\/author\/admin\/","name":"El Digital de Asturias","image":{"@type":"ImageObject","@id":"https:\/\/www.eldigitaldeasturias.com\/noticias\/seul-y-washington-renuevan-su-acuerdo-por-el-que-comparten-gastos-militares\/#authorImage","url":"https:\/\/secure.gravatar.com\/avatar\/df2aeffc32bcd13f8d26072ef8a91b623d677766deac7f97ca815868cd41bf5e?s=96&d=mm&r=g","width":96,"height":96,"caption":"El Digital de Asturias"}},{"@type":"WebPage","@id":"https:\/\/www.eldigitaldeasturias.com\/noticias\/seul-y-washington-renuevan-su-acuerdo-por-el-que-comparten-gastos-militares\/#webpage","url":"https:\/\/www.eldigitaldeasturias.com\/noticias\/seul-y-washington-renuevan-su-acuerdo-por-el-que-comparten-gastos-militares\/","name":"Se\u00fal y Washington renuevan su acuerdo por el que comparten gastos militares - El Digital de Asturias","description":"Se\u00fal, 2 feb (EFE).- Se\u00fal y Washington firmaron hoy un acuerdo por el que Corea del Sur pagar\u00e1 866 millones d\u00f3lares (634 millones de euros) anuales a Estados Unidos como aportaci\u00f3n al gasto de mantenimiento de sus tropas en territorio surcoreano, lo que supone un 5,8 por ciento m\u00e1s que en 2013. El ministro de","inLanguage":"es-ES","isPartOf":{"@id":"https:\/\/www.eldigitaldeasturias.com\/noticias\/#website"},"breadcrumb":{"@id":"https:\/\/www.eldigitaldeasturias.com\/noticias\/seul-y-washington-renuevan-su-acuerdo-por-el-que-comparten-gastos-militares\/#breadcrumblist"},"author":{"@id":"https:\/\/www.eldigitaldeasturias.com\/noticias\/author\/admin\/#author"},"creator":{"@id":"https:\/\/www.eldigitaldeasturias.com\/noticias\/author\/admin\/#author"},"image":{"@type":"ImageObject","url":482033,"@id":"https:\/\/www.eldigitaldeasturias.com\/noticias\/seul-y-washington-renuevan-su-acuerdo-por-el-que-comparten-gastos-militares\/#mainImage"},"primaryImageOfPage":{"@id":"https:\/\/www.eldigitaldeasturias.com\/noticias\/seul-y-washington-renuevan-su-acuerdo-por-el-que-comparten-gastos-militares\/#mainImage"},"datePublished":"2014-02-02T13:08:30+01:00","dateModified":"2014-02-02T13:08:30+01:00"},{"@type":"WebSite","@id":"https:\/\/www.eldigitaldeasturias.com\/noticias\/#website","url":"https:\/\/www.eldigitaldeasturias.com\/noticias\/","name":"El Digital de Asturias - Diario de actualidad y noticias","alternateName":"El Digital de Asturias - Diario de actualidad y noticias","description":"Hemeroteca","inLanguage":"es-ES","publisher":{"@id":"https:\/\/www.eldigitaldeasturias.com\/noticias\/#organization"}}]},"og:locale":"es_ES","og:site_name":"El Digital de Asturias","og:type":"article","og:title":"Se\u00fal y Washington renuevan su acuerdo por el que comparten gastos militares - El Digital de Asturias","og:description":"Se\u00fal, 2 feb (EFE).- Se\u00fal y Washington firmaron hoy un acuerdo por el que Corea del Sur pagar\u00e1 866 millones d\u00f3lares (634 millones de euros) anuales a Estados Unidos como aportaci\u00f3n al gasto de mantenimiento de sus tropas en territorio surcoreano, lo que supone un 5,8 por ciento m\u00e1s que en 2013. El ministro de","og:url":"https:\/\/www.eldigitaldeasturias.com\/noticias\/seul-y-washington-renuevan-su-acuerdo-por-el-que-comparten-gastos-militares\/","article:tag":["actualidad"],"article:published_time":"2014-02-02T14:08:30+00:00","article:modified_time":"2014-02-02T14:08:30+00:00","article:publisher":"https:\/\/facebook.com\/eldigitaldeasturias","twitter:card":"summary_large_image","twitter:title":"Se\u00fal y Washington renuevan su acuerdo por el que comparten gastos militares - El Digital de Asturias","twitter:description":"Se\u00fal, 2 feb (EFE).- Se\u00fal y Washington firmaron hoy un acuerdo por el que Corea del Sur pagar\u00e1 866 millones d\u00f3lares (634 millones de euros) anuales a Estados Unidos como aportaci\u00f3n al gasto de mantenimiento de sus tropas en territorio surcoreano, lo que supone un 5,8 por ciento m\u00e1s que en 2013. El ministro de","twitter:label1":"Escrito por","twitter:data1":"El Digital de Asturias","twitter:label2":"Tiempo de lectura estimado","twitter:data2":"2 minutos"},"aioseo_meta_data":{"post_id":"482032","title":null,"description":null,"keywords":null,"keyphrases":null,"primary_term":null,"canonical_url":null,"og_title":null,"og_description":null,"og_object_type":"default","og_image_type":"default","og_image_url":null,"og_image_width":null,"og_image_height":null,"og_image_custom_url":null,"og_image_custom_fields":null,"og_video":null,"og_custom_url":null,"og_article_section":null,"og_article_tags":null,"twitter_use_og":true,"twitter_card":"default","twitter_image_type":"default","twitter_image_url":null,"twitter_image_custom_url":null,"twitter_image_custom_fields":null,"twitter_title":null,"twitter_description":null,"schema":{"blockGraphs":[],"customGraphs":[],"default":{"data":{"Article":[],"Course":[],"Dataset":[],"FAQPage":[],"Movie":[],"Person":[],"Product":[],"ProductReview":[],"Car":[],"Recipe":[],"Service":[],"SoftwareApplication":[],"WebPage":[]},"graphName":"","isEnabled":true},"graphs":[],"defaultGraph":"","defaultPostTypeGraph":""},"schema_type":null,"schema_type_options":null,"pillar_content":false,"robots_default":true,"robots_noindex":false,"robots_noarchive":false,"robots_nosnippet":false,"robots_nofollow":false,"robots_noimageindex":false,"robots_noodp":false,"robots_notranslate":false,"robots_max_snippet":null,"robots_max_videopreview":null,"robots_max_imagepreview":"none","priority":null,"frequency":null,"local_seo":null,"seo_analyzer_scan_date":"2026-06-02 08:36:59","breadcrumb_settings":null,"limit_modified_date":false,"open_ai":null,"ai":null,"created":"2020-11-14 22:54:31","updated":"2026-06-02 08:36:59","focus_keyword":null,"additional_keywords":null,"truseo_locale":null},"aioseo_breadcrumb":"<div class=\"aioseo-breadcrumbs\"><span class=\"aioseo-breadcrumb\">\n\t<a href=\"https:\/\/www.eldigitaldeasturias.com\/noticias\" title=\"Home\">Home<\/a>\n<\/span><span class=\"aioseo-breadcrumb-separator\">\u2013<\/span><span class=\"aioseo-breadcrumb\">\n\t<a href=\"https:\/\/www.eldigitaldeasturias.com\/noticias\/category\/actualidad\/\" title=\"Actualidad\">Actualidad<\/a>\n<\/span><span class=\"aioseo-breadcrumb-separator\">\u2013<\/span><span class=\"aioseo-breadcrumb\">\n\t<a href=\"https:\/\/www.eldigitaldeasturias.com\/noticias\/seul-y-washington-renuevan-su-acuerdo-por-el-que-comparten-gastos-militares\/\" title=\"Se\u00fal y Washington renuevan su acuerdo por el que comparten gastos militares\">Se\u00fal y Washington renuevan su acuerdo por el que comparten gastos militares<\/a>\n<\/span><\/div>","aioseo_breadcrumb_json":[{"label":"Home","link":"https:\/\/www.eldigitaldeasturias.com\/noticias"},{"label":"Actualidad","link":"https:\/\/www.eldigitaldeasturias.com\/noticias\/category\/actualidad\/"},{"label":"Se\u00fal y Washington renuevan su acuerdo por el que comparten gastos militares","link":"https:\/\/www.eldigitaldeasturias.com\/noticias\/seul-y-washington-renuevan-su-acuerdo-por-el-que-comparten-gastos-militares\/"}],"_links":{"self":[{"href":"https:\/\/www.eldigitaldeasturias.com\/noticias\/wp-json\/wp\/v2\/posts\/482032","targetHints":{"allow":["GET"]}}],"collection":[{"href":"https:\/\/www.eldigitaldeasturias.com\/noticias\/wp-json\/wp\/v2\/posts"}],"about":[{"href":"https:\/\/www.eldigitaldeasturias.com\/noticias\/wp-json\/wp\/v2\/types\/post"}],"author":[{"embeddable":true,"href":"https:\/\/www.eldigitaldeasturias.com\/noticias\/wp-json\/wp\/v2\/users\/1"}],"replies":[{"embeddable":true,"href":"https:\/\/www.eldigitaldeasturias.com\/noticias\/wp-json\/wp\/v2\/comments?post=482032"}],"version-history":[{"count":0,"href":"https:\/\/www.eldigitaldeasturias.com\/noticias\/wp-json\/wp\/v2\/posts\/482032\/revisions"}],"wp:attachment":[{"href":"https:\/\/www.eldigitaldeasturias.com\/noticias\/wp-json\/wp\/v2\/media?parent=482032"}],"wp:term":[{"taxonomy":"category","embeddable":true,"href":"https:\/\/www.eldigitaldeasturias.com\/noticias\/wp-json\/wp\/v2\/categories?post=482032"},{"taxonomy":"post_tag","embeddable":true,"href":"https:\/\/www.eldigitaldeasturias.com\/noticias\/wp-json\/wp\/v2\/tags?post=482032"}],"curies":[{"name":"wp","href":"https:\/\/api.w.org\/{rel}","templated":true}]}}