{"id":482029,"date":"2014-02-02T13:07:19","date_gmt":"2014-02-02T14:07:19","guid":{"rendered":"http:\/\/www.eldigitaldeasturias.com\/noticias\/?p=482029"},"modified":"2014-02-02T13:07:19","modified_gmt":"2014-02-02T14:07:19","slug":"mas-afirma-que-si-el-estado-tiene-algo-que-ofrecer-a-cataluna-se-tendra-que-votar","status":"publish","type":"post","link":"https:\/\/www.eldigitaldeasturias.com\/noticias\/mas-afirma-que-si-el-estado-tiene-algo-que-ofrecer-a-cataluna-se-tendra-que-votar\/","title":{"rendered":"Mas afirma que si el Estado tiene algo que ofrecer a Catalu\u00f1a, \u00abse tendr\u00e1 que votar\u00bb"},"content":{"rendered":"<p><img loading=\"lazy\" decoding=\"async\" class=\"alignleft size-medium wp-image-482030\" alt=\"5900839w\" src=\"https:\/\/www.eldigitaldeasturias.com\/noticias\/wp-content\/uploads\/2014\/02\/5900839w-360x252.jpg\" width=\"360\" height=\"252\" \/>Barcelona, 2 feb (EFE).- El presidente de la Generalitat, Artur Mas, ha dicho que si el Estado tiene algo que ofrecer a Catalu\u00f1a \u00abse tendr\u00e1 que votar\u00bb y escoger democr\u00e1ticamente entre esta oferta y la pregunta pactada en Catalu\u00f1a, pero ha asegurado que tiene que haber alguna cosa \u00abal otro lado del Ebro que no sea un no permanente\u00bb.<\/p>\n<p>En una entrevista publicada hoy en La Vanguardia, Mas ha asegurado que ni teme ni quiere un \u00abchoque de trenes\u00bb, pero que hay que evitar que Catalu\u00f1a entre en \u00abv\u00eda muerta\u00bb, que es lo que les \u00abofrece el Estado\u00bb.<\/p>\n<p>Para Mas, la \u00fanica soluci\u00f3n posible es que el pueblo catal\u00e1n pueda decidir su futuro, \u00abya no hay otra salida\u00bb, ha a\u00f1adido, puesto que los \u00abinterlocutores catalanes\u00bb ya no conf\u00edan en el Estado.<\/p>\n<p>Ha dicho que si el Estado no da al Parlament las competencias para hacer la consulta, la c\u00e1mara catalana aprobar\u00e1 una ley de consultas, es lo que llama \u00abla soluci\u00f3n tolerada por el Estado\u00bb, \u00abque nos dejen hacer, que no se metan y, despu\u00e9s ya iremos a Madrid a negociar\u00bb y, la otra v\u00eda, que \u00abno es la ideal\u00bb, pero que es \u00ablegal\u00bb, son unas elecciones de aqu\u00ed a 2016.<\/p>\n<p>Sobre una declaraci\u00f3n unilateral de independencia, Mas ha dicho que no hay que descartar ning\u00fan escenario, excepto el de cualquier tipo de violencia o el de hacer el rid\u00edculo.<\/p>\n<p>Mas ha insistido en que no contempla otro escenario que el de hacer una consulta el d\u00eda 9 de noviembre para conocer la opini\u00f3n de los ciudadanos de Catalu\u00f1a.<\/p>\n<p>El presidente de la Generalitat ha asegurado que el di\u00e1logo con el Gobierno se intenta mantener vivo y que esto se consigui\u00f3 hasta diciembre.<\/p>\n<p>Adem\u00e1s, ha apuntado que de Europa han recibido \u00abcomprensi\u00f3n, respeto o frialdad\u00bb pero \u00abno rechazo expl\u00edcito, hasta ahora\u00bb.<\/p>\n<p>Sobre la permanencia de Catalu\u00f1a en la UE, Mas ha dicho que \u00abhabr\u00eda un proceso de transici\u00f3n\u00bb para ver c\u00f3mo quedar\u00eda Catalu\u00f1a dentro de la UE, pero \u00abno un motivo de expulsi\u00f3n como si fu\u00e9ramos unos apestados\u00bb.<\/p>\n<p>Mas tambi\u00e9n ha asegurado que Catalu\u00f1a \u00ablidera la salida de la crisis nadando contra corriente\u00bb, que Converg\u00e8ncia y Uni\u00f3 \u00abtienen que seguir juntos\u00bb y ha calificado el concepto de independencia cl\u00e1sica como \u00abobsoleta\u00bb porque estamos en un mundo de \u00absoberan\u00edas compartidas\u00bb, \u00abmas de interdependencias que de independencias\u00bb.<\/p>\n<p>Ha afirmado que Catalu\u00f1a nunca ha fallado en los momentos importantes de Espa\u00f1a y que, en el momento crucial para Catalu\u00f1a, \u00abel Estado espa\u00f1ol hizo una pifia monumental\u00bb, el d\u00eda en que el Tribunal Constitucional dict\u00f3 la sentencia sobre el Estatut.<\/p>\n","protected":false},"excerpt":{"rendered":"<p>Barcelona, 2 feb (EFE).- El presidente de la Generalitat, Artur Mas, ha dicho que si el Estado tiene algo que ofrecer a Catalu\u00f1a \u00abse tendr\u00e1 que votar\u00bb y escoger democr\u00e1ticamente entre esta oferta y la pregunta pactada en Catalu\u00f1a, pero ha asegurado que tiene que haber alguna cosa \u00abal otro lado del Ebro que no [&hellip;]<\/p>\n","protected":false},"author":1,"featured_media":482030,"comment_status":"closed","ping_status":"open","sticky":false,"template":"","format":"standard","meta":{"footnotes":""},"categories":[1],"tags":[],"class_list":["post-482029","post","type-post","status-publish","format-standard","has-post-thumbnail","hentry","category-actualidad"],"aioseo_notices":[],"aioseo_head":"\n\t\t<!-- All in One SEO Pro 5.0.1 - aioseo.com -->\n\t<meta name=\"description\" content=\"Barcelona, 2 feb (EFE).- El presidente de la Generalitat, Artur Mas, ha dicho que si el Estado tiene algo que ofrecer a Catalu\u00f1a &quot;se tendr\u00e1 que votar&quot; y escoger democr\u00e1ticamente entre esta oferta y la pregunta pactada en Catalu\u00f1a, pero ha asegurado que tiene que haber alguna cosa &quot;al otro lado del Ebro que no\" \/>\n\t<meta name=\"robots\" content=\"max-image-preview:large\" \/>\n\t<meta name=\"author\" content=\"El Digital de Asturias\"\/>\n\t<meta name=\"google-site-verification\" content=\"UA-38556648-1\" \/>\n\t<meta name=\"msvalidate.01\" content=\"7dfe9f3f1b24437ab69f4f2559babe99\" \/>\n\t<meta name=\"keywords\" content=\"actualidad\" \/>\n\t<link rel=\"canonical\" href=\"https:\/\/www.eldigitaldeasturias.com\/noticias\/mas-afirma-que-si-el-estado-tiene-algo-que-ofrecer-a-cataluna-se-tendra-que-votar\/\" \/>\n\t<meta name=\"generator\" content=\"All in One SEO Pro (AIOSEO) 5.0.1\" \/>\n\t\t<meta property=\"og:locale\" content=\"es_ES\" \/>\n\t\t<meta property=\"og:site_name\" content=\"El Digital de Asturias\" \/>\n\t\t<meta property=\"og:type\" content=\"article\" \/>\n\t\t<meta property=\"og:title\" content=\"Mas afirma que si el Estado tiene algo que ofrecer a Catalu\u00f1a, \u00abse tendr\u00e1 que votar\u00bb - El Digital de Asturias\" \/>\n\t\t<meta property=\"og:description\" content=\"Barcelona, 2 feb (EFE).- El presidente de la Generalitat, Artur Mas, ha dicho que si el Estado tiene algo que ofrecer a Catalu\u00f1a &quot;se tendr\u00e1 que votar&quot; y escoger democr\u00e1ticamente entre esta oferta y la pregunta pactada en Catalu\u00f1a, pero ha asegurado que tiene que haber alguna cosa &quot;al otro lado del Ebro que no\" \/>\n\t\t<meta property=\"og:url\" content=\"https:\/\/www.eldigitaldeasturias.com\/noticias\/mas-afirma-que-si-el-estado-tiene-algo-que-ofrecer-a-cataluna-se-tendra-que-votar\/\" \/>\n\t\t<meta property=\"article:tag\" content=\"actualidad\" \/>\n\t\t<meta property=\"article:published_time\" content=\"2014-02-02T14:07:19+00:00\" \/>\n\t\t<meta property=\"article:modified_time\" content=\"2014-02-02T14:07:19+00:00\" \/>\n\t\t<meta property=\"article:publisher\" content=\"https:\/\/facebook.com\/eldigitaldeasturias\" \/>\n\t\t<meta name=\"twitter:card\" content=\"summary_large_image\" \/>\n\t\t<meta name=\"twitter:title\" content=\"Mas afirma que si el Estado tiene algo que ofrecer a Catalu\u00f1a, \u00abse tendr\u00e1 que votar\u00bb - El Digital de Asturias\" \/>\n\t\t<meta name=\"twitter:description\" content=\"Barcelona, 2 feb (EFE).- El presidente de la Generalitat, Artur Mas, ha dicho que si el Estado tiene algo que ofrecer a Catalu\u00f1a &quot;se tendr\u00e1 que votar&quot; y escoger democr\u00e1ticamente entre esta oferta y la pregunta pactada en Catalu\u00f1a, pero ha asegurado que tiene que haber alguna cosa &quot;al otro lado del Ebro que no\" \/>\n\t\t<meta name=\"twitter:label1\" content=\"Escrito por\" \/>\n\t\t<meta name=\"twitter:data1\" content=\"El Digital de Asturias\" \/>\n\t\t<meta name=\"twitter:label2\" content=\"Tiempo de lectura estimado\" \/>\n\t\t<meta name=\"twitter:data2\" content=\"2 minutos\" \/>\n\t\t<script type=\"application\/ld+json\" class=\"aioseo-schema\">\n\t\t\t{\"@context\":\"https:\\\/\\\/schema.org\",\"@graph\":[{\"@type\":\"BlogPosting\",\"@id\":\"https:\\\/\\\/www.eldigitaldeasturias.com\\\/noticias\\\/mas-afirma-que-si-el-estado-tiene-algo-que-ofrecer-a-cataluna-se-tendra-que-votar\\\/#blogposting\",\"name\":\"Mas afirma que si el Estado tiene algo que ofrecer a Catalu\\u00f1a, \\u00abse tendr\\u00e1 que votar\\u00bb - El Digital de Asturias\",\"headline\":\"Mas afirma que si el Estado tiene algo que ofrecer a Catalu\\u00f1a, \\u00abse tendr\\u00e1 que votar\\u00bb\",\"author\":{\"@id\":\"https:\\\/\\\/www.eldigitaldeasturias.com\\\/noticias\\\/author\\\/admin\\\/#author\"},\"publisher\":{\"@id\":\"https:\\\/\\\/www.eldigitaldeasturias.com\\\/noticias\\\/#organization\"},\"image\":{\"@type\":\"ImageObject\",\"url\":482030},\"datePublished\":\"2014-02-02T13:07:19+01:00\",\"dateModified\":\"2014-02-02T13:07:19+01:00\",\"inLanguage\":\"es-ES\",\"mainEntityOfPage\":{\"@id\":\"https:\\\/\\\/www.eldigitaldeasturias.com\\\/noticias\\\/mas-afirma-que-si-el-estado-tiene-algo-que-ofrecer-a-cataluna-se-tendra-que-votar\\\/#webpage\"},\"isPartOf\":{\"@id\":\"https:\\\/\\\/www.eldigitaldeasturias.com\\\/noticias\\\/mas-afirma-que-si-el-estado-tiene-algo-que-ofrecer-a-cataluna-se-tendra-que-votar\\\/#webpage\"},\"articleSection\":\"Actualidad\"},{\"@type\":\"BreadcrumbList\",\"@id\":\"https:\\\/\\\/www.eldigitaldeasturias.com\\\/noticias\\\/mas-afirma-que-si-el-estado-tiene-algo-que-ofrecer-a-cataluna-se-tendra-que-votar\\\/#breadcrumblist\",\"itemListElement\":[{\"@type\":\"ListItem\",\"@id\":\"https:\\\/\\\/www.eldigitaldeasturias.com\\\/noticias#listItem\",\"position\":1,\"name\":\"Home\",\"item\":\"https:\\\/\\\/www.eldigitaldeasturias.com\\\/noticias\",\"nextItem\":{\"@type\":\"ListItem\",\"@id\":\"https:\\\/\\\/www.eldigitaldeasturias.com\\\/noticias\\\/category\\\/actualidad\\\/#listItem\",\"name\":\"Actualidad\"}},{\"@type\":\"ListItem\",\"@id\":\"https:\\\/\\\/www.eldigitaldeasturias.com\\\/noticias\\\/category\\\/actualidad\\\/#listItem\",\"position\":2,\"name\":\"Actualidad\",\"item\":\"https:\\\/\\\/www.eldigitaldeasturias.com\\\/noticias\\\/category\\\/actualidad\\\/\",\"nextItem\":{\"@type\":\"ListItem\",\"@id\":\"https:\\\/\\\/www.eldigitaldeasturias.com\\\/noticias\\\/mas-afirma-que-si-el-estado-tiene-algo-que-ofrecer-a-cataluna-se-tendra-que-votar\\\/#listItem\",\"name\":\"Mas afirma que si el Estado tiene algo que ofrecer a Catalu\\u00f1a, \\u00abse tendr\\u00e1 que votar\\u00bb\"},\"previousItem\":{\"@type\":\"ListItem\",\"@id\":\"https:\\\/\\\/www.eldigitaldeasturias.com\\\/noticias#listItem\",\"name\":\"Home\"}},{\"@type\":\"ListItem\",\"@id\":\"https:\\\/\\\/www.eldigitaldeasturias.com\\\/noticias\\\/mas-afirma-que-si-el-estado-tiene-algo-que-ofrecer-a-cataluna-se-tendra-que-votar\\\/#listItem\",\"position\":3,\"name\":\"Mas afirma que si el Estado tiene algo que ofrecer a Catalu\\u00f1a, \\u00abse tendr\\u00e1 que votar\\u00bb\",\"previousItem\":{\"@type\":\"ListItem\",\"@id\":\"https:\\\/\\\/www.eldigitaldeasturias.com\\\/noticias\\\/category\\\/actualidad\\\/#listItem\",\"name\":\"Actualidad\"}}]},{\"@type\":\"Organization\",\"@id\":\"https:\\\/\\\/www.eldigitaldeasturias.com\\\/noticias\\\/#organization\",\"name\":\"El Digital de Asturias\",\"description\":\"Hemeroteca\",\"url\":\"https:\\\/\\\/www.eldigitaldeasturias.com\\\/noticias\\\/\",\"email\":\"info@eldigitaldeasturias.com\",\"telephone\":\"+34652131393\",\"logo\":{\"@type\":\"ImageObject\",\"url\":\"https:\\\/\\\/www.eldigitaldeasturias.com\\\/noticias\\\/wp-content\\\/uploads\\\/2020\\\/12\\\/EDA.jpg\",\"@id\":\"https:\\\/\\\/www.eldigitaldeasturias.com\\\/noticias\\\/mas-afirma-que-si-el-estado-tiene-algo-que-ofrecer-a-cataluna-se-tendra-que-votar\\\/#organizationLogo\"},\"image\":{\"@id\":\"https:\\\/\\\/www.eldigitaldeasturias.com\\\/noticias\\\/mas-afirma-que-si-el-estado-tiene-algo-que-ofrecer-a-cataluna-se-tendra-que-votar\\\/#organizationLogo\"},\"sameAs\":[\"https:\\\/\\\/facebook.com\\\/eldigitaldeasturias\",\"https:\\\/\\\/www.youtube.com\\\/channel\\\/UCZP-2wLEB9Rv6erhFmqVnvg\"],\"address\":{\"@id\":\"https:\\\/\\\/www.eldigitaldeasturias.com\\\/noticias\\\/#postaladdress\",\"@type\":\"PostalAddress\",\"streetAddress\":\"san antonio 4\",\"postalCode\":\"33430\",\"addressLocality\":\"Cand\\u00e1s\",\"addressRegion\":\"Asturias\",\"addressCountry\":\"ES\"}},{\"@type\":\"Person\",\"@id\":\"https:\\\/\\\/www.eldigitaldeasturias.com\\\/noticias\\\/author\\\/admin\\\/#author\",\"url\":\"https:\\\/\\\/www.eldigitaldeasturias.com\\\/noticias\\\/author\\\/admin\\\/\",\"name\":\"El Digital de Asturias\",\"image\":{\"@type\":\"ImageObject\",\"@id\":\"https:\\\/\\\/www.eldigitaldeasturias.com\\\/noticias\\\/mas-afirma-que-si-el-estado-tiene-algo-que-ofrecer-a-cataluna-se-tendra-que-votar\\\/#authorImage\",\"url\":\"https:\\\/\\\/secure.gravatar.com\\\/avatar\\\/df2aeffc32bcd13f8d26072ef8a91b623d677766deac7f97ca815868cd41bf5e?s=96&d=mm&r=g\",\"width\":96,\"height\":96,\"caption\":\"El Digital de Asturias\"}},{\"@type\":\"WebPage\",\"@id\":\"https:\\\/\\\/www.eldigitaldeasturias.com\\\/noticias\\\/mas-afirma-que-si-el-estado-tiene-algo-que-ofrecer-a-cataluna-se-tendra-que-votar\\\/#webpage\",\"url\":\"https:\\\/\\\/www.eldigitaldeasturias.com\\\/noticias\\\/mas-afirma-que-si-el-estado-tiene-algo-que-ofrecer-a-cataluna-se-tendra-que-votar\\\/\",\"name\":\"Mas afirma que si el Estado tiene algo que ofrecer a Catalu\\u00f1a, \\u00abse tendr\\u00e1 que votar\\u00bb - El Digital de Asturias\",\"description\":\"Barcelona, 2 feb (EFE).- El presidente de la Generalitat, Artur Mas, ha dicho que si el Estado tiene algo que ofrecer a Catalu\\u00f1a \\\"se tendr\\u00e1 que votar\\\" y escoger democr\\u00e1ticamente entre esta oferta y la pregunta pactada en Catalu\\u00f1a, pero ha asegurado que tiene que haber alguna cosa \\\"al otro lado del Ebro que no\",\"inLanguage\":\"es-ES\",\"isPartOf\":{\"@id\":\"https:\\\/\\\/www.eldigitaldeasturias.com\\\/noticias\\\/#website\"},\"breadcrumb\":{\"@id\":\"https:\\\/\\\/www.eldigitaldeasturias.com\\\/noticias\\\/mas-afirma-que-si-el-estado-tiene-algo-que-ofrecer-a-cataluna-se-tendra-que-votar\\\/#breadcrumblist\"},\"author\":{\"@id\":\"https:\\\/\\\/www.eldigitaldeasturias.com\\\/noticias\\\/author\\\/admin\\\/#author\"},\"creator\":{\"@id\":\"https:\\\/\\\/www.eldigitaldeasturias.com\\\/noticias\\\/author\\\/admin\\\/#author\"},\"image\":{\"@type\":\"ImageObject\",\"url\":482030,\"@id\":\"https:\\\/\\\/www.eldigitaldeasturias.com\\\/noticias\\\/mas-afirma-que-si-el-estado-tiene-algo-que-ofrecer-a-cataluna-se-tendra-que-votar\\\/#mainImage\"},\"primaryImageOfPage\":{\"@id\":\"https:\\\/\\\/www.eldigitaldeasturias.com\\\/noticias\\\/mas-afirma-que-si-el-estado-tiene-algo-que-ofrecer-a-cataluna-se-tendra-que-votar\\\/#mainImage\"},\"datePublished\":\"2014-02-02T13:07:19+01:00\",\"dateModified\":\"2014-02-02T13:07:19+01:00\"},{\"@type\":\"WebSite\",\"@id\":\"https:\\\/\\\/www.eldigitaldeasturias.com\\\/noticias\\\/#website\",\"url\":\"https:\\\/\\\/www.eldigitaldeasturias.com\\\/noticias\\\/\",\"name\":\"El Digital de Asturias - Diario de actualidad y noticias\",\"alternateName\":\"El Digital de Asturias - Diario de actualidad y noticias\",\"description\":\"Hemeroteca\",\"inLanguage\":\"es-ES\",\"publisher\":{\"@id\":\"https:\\\/\\\/www.eldigitaldeasturias.com\\\/noticias\\\/#organization\"}}]}\n\t\t<\/script>\n\t\t<!-- All in One SEO Pro -->\r\n\t\t<title>Mas afirma que si el Estado tiene algo que ofrecer a Catalu\u00f1a, \u00abse tendr\u00e1 que votar\u00bb - El Digital de Asturias<\/title>\n\n","aioseo_head_json":{"title":"Mas afirma que si el Estado tiene algo que ofrecer a Catalu\u00f1a, \u00abse tendr\u00e1 que votar\u00bb - El Digital de Asturias","description":"Barcelona, 2 feb (EFE).- El presidente de la Generalitat, Artur Mas, ha dicho que si el Estado tiene algo que ofrecer a Catalu\u00f1a \"se tendr\u00e1 que votar\" y escoger democr\u00e1ticamente entre esta oferta y la pregunta pactada en Catalu\u00f1a, pero ha asegurado que tiene que haber alguna cosa \"al otro lado del Ebro que no","canonical_url":"https:\/\/www.eldigitaldeasturias.com\/noticias\/mas-afirma-que-si-el-estado-tiene-algo-que-ofrecer-a-cataluna-se-tendra-que-votar\/","robots":"max-image-preview:large","keywords":"actualidad","webmasterTools":{"google-site-verification":"UA-38556648-1","msvalidate.01":"7dfe9f3f1b24437ab69f4f2559babe99","miscellaneous":""},"schema":{"@context":"https:\/\/schema.org","@graph":[{"@type":"BlogPosting","@id":"https:\/\/www.eldigitaldeasturias.com\/noticias\/mas-afirma-que-si-el-estado-tiene-algo-que-ofrecer-a-cataluna-se-tendra-que-votar\/#blogposting","name":"Mas afirma que si el Estado tiene algo que ofrecer a Catalu\u00f1a, \u00abse tendr\u00e1 que votar\u00bb - El Digital de Asturias","headline":"Mas afirma que si el Estado tiene algo que ofrecer a Catalu\u00f1a, \u00abse tendr\u00e1 que votar\u00bb","author":{"@id":"https:\/\/www.eldigitaldeasturias.com\/noticias\/author\/admin\/#author"},"publisher":{"@id":"https:\/\/www.eldigitaldeasturias.com\/noticias\/#organization"},"image":{"@type":"ImageObject","url":482030},"datePublished":"2014-02-02T13:07:19+01:00","dateModified":"2014-02-02T13:07:19+01:00","inLanguage":"es-ES","mainEntityOfPage":{"@id":"https:\/\/www.eldigitaldeasturias.com\/noticias\/mas-afirma-que-si-el-estado-tiene-algo-que-ofrecer-a-cataluna-se-tendra-que-votar\/#webpage"},"isPartOf":{"@id":"https:\/\/www.eldigitaldeasturias.com\/noticias\/mas-afirma-que-si-el-estado-tiene-algo-que-ofrecer-a-cataluna-se-tendra-que-votar\/#webpage"},"articleSection":"Actualidad"},{"@type":"BreadcrumbList","@id":"https:\/\/www.eldigitaldeasturias.com\/noticias\/mas-afirma-que-si-el-estado-tiene-algo-que-ofrecer-a-cataluna-se-tendra-que-votar\/#breadcrumblist","itemListElement":[{"@type":"ListItem","@id":"https:\/\/www.eldigitaldeasturias.com\/noticias#listItem","position":1,"name":"Home","item":"https:\/\/www.eldigitaldeasturias.com\/noticias","nextItem":{"@type":"ListItem","@id":"https:\/\/www.eldigitaldeasturias.com\/noticias\/category\/actualidad\/#listItem","name":"Actualidad"}},{"@type":"ListItem","@id":"https:\/\/www.eldigitaldeasturias.com\/noticias\/category\/actualidad\/#listItem","position":2,"name":"Actualidad","item":"https:\/\/www.eldigitaldeasturias.com\/noticias\/category\/actualidad\/","nextItem":{"@type":"ListItem","@id":"https:\/\/www.eldigitaldeasturias.com\/noticias\/mas-afirma-que-si-el-estado-tiene-algo-que-ofrecer-a-cataluna-se-tendra-que-votar\/#listItem","name":"Mas afirma que si el Estado tiene algo que ofrecer a Catalu\u00f1a, \u00abse tendr\u00e1 que votar\u00bb"},"previousItem":{"@type":"ListItem","@id":"https:\/\/www.eldigitaldeasturias.com\/noticias#listItem","name":"Home"}},{"@type":"ListItem","@id":"https:\/\/www.eldigitaldeasturias.com\/noticias\/mas-afirma-que-si-el-estado-tiene-algo-que-ofrecer-a-cataluna-se-tendra-que-votar\/#listItem","position":3,"name":"Mas afirma que si el Estado tiene algo que ofrecer a Catalu\u00f1a, \u00abse tendr\u00e1 que votar\u00bb","previousItem":{"@type":"ListItem","@id":"https:\/\/www.eldigitaldeasturias.com\/noticias\/category\/actualidad\/#listItem","name":"Actualidad"}}]},{"@type":"Organization","@id":"https:\/\/www.eldigitaldeasturias.com\/noticias\/#organization","name":"El Digital de Asturias","description":"Hemeroteca","url":"https:\/\/www.eldigitaldeasturias.com\/noticias\/","email":"info@eldigitaldeasturias.com","telephone":"+34652131393","logo":{"@type":"ImageObject","url":"https:\/\/www.eldigitaldeasturias.com\/noticias\/wp-content\/uploads\/2020\/12\/EDA.jpg","@id":"https:\/\/www.eldigitaldeasturias.com\/noticias\/mas-afirma-que-si-el-estado-tiene-algo-que-ofrecer-a-cataluna-se-tendra-que-votar\/#organizationLogo"},"image":{"@id":"https:\/\/www.eldigitaldeasturias.com\/noticias\/mas-afirma-que-si-el-estado-tiene-algo-que-ofrecer-a-cataluna-se-tendra-que-votar\/#organizationLogo"},"sameAs":["https:\/\/facebook.com\/eldigitaldeasturias","https:\/\/www.youtube.com\/channel\/UCZP-2wLEB9Rv6erhFmqVnvg"],"address":{"@id":"https:\/\/www.eldigitaldeasturias.com\/noticias\/#postaladdress","@type":"PostalAddress","streetAddress":"san antonio 4","postalCode":"33430","addressLocality":"Cand\u00e1s","addressRegion":"Asturias","addressCountry":"ES"}},{"@type":"Person","@id":"https:\/\/www.eldigitaldeasturias.com\/noticias\/author\/admin\/#author","url":"https:\/\/www.eldigitaldeasturias.com\/noticias\/author\/admin\/","name":"El Digital de Asturias","image":{"@type":"ImageObject","@id":"https:\/\/www.eldigitaldeasturias.com\/noticias\/mas-afirma-que-si-el-estado-tiene-algo-que-ofrecer-a-cataluna-se-tendra-que-votar\/#authorImage","url":"https:\/\/secure.gravatar.com\/avatar\/df2aeffc32bcd13f8d26072ef8a91b623d677766deac7f97ca815868cd41bf5e?s=96&d=mm&r=g","width":96,"height":96,"caption":"El Digital de Asturias"}},{"@type":"WebPage","@id":"https:\/\/www.eldigitaldeasturias.com\/noticias\/mas-afirma-que-si-el-estado-tiene-algo-que-ofrecer-a-cataluna-se-tendra-que-votar\/#webpage","url":"https:\/\/www.eldigitaldeasturias.com\/noticias\/mas-afirma-que-si-el-estado-tiene-algo-que-ofrecer-a-cataluna-se-tendra-que-votar\/","name":"Mas afirma que si el Estado tiene algo que ofrecer a Catalu\u00f1a, \u00abse tendr\u00e1 que votar\u00bb - El Digital de Asturias","description":"Barcelona, 2 feb (EFE).- El presidente de la Generalitat, Artur Mas, ha dicho que si el Estado tiene algo que ofrecer a Catalu\u00f1a \"se tendr\u00e1 que votar\" y escoger democr\u00e1ticamente entre esta oferta y la pregunta pactada en Catalu\u00f1a, pero ha asegurado que tiene que haber alguna cosa \"al otro lado del Ebro que no","inLanguage":"es-ES","isPartOf":{"@id":"https:\/\/www.eldigitaldeasturias.com\/noticias\/#website"},"breadcrumb":{"@id":"https:\/\/www.eldigitaldeasturias.com\/noticias\/mas-afirma-que-si-el-estado-tiene-algo-que-ofrecer-a-cataluna-se-tendra-que-votar\/#breadcrumblist"},"author":{"@id":"https:\/\/www.eldigitaldeasturias.com\/noticias\/author\/admin\/#author"},"creator":{"@id":"https:\/\/www.eldigitaldeasturias.com\/noticias\/author\/admin\/#author"},"image":{"@type":"ImageObject","url":482030,"@id":"https:\/\/www.eldigitaldeasturias.com\/noticias\/mas-afirma-que-si-el-estado-tiene-algo-que-ofrecer-a-cataluna-se-tendra-que-votar\/#mainImage"},"primaryImageOfPage":{"@id":"https:\/\/www.eldigitaldeasturias.com\/noticias\/mas-afirma-que-si-el-estado-tiene-algo-que-ofrecer-a-cataluna-se-tendra-que-votar\/#mainImage"},"datePublished":"2014-02-02T13:07:19+01:00","dateModified":"2014-02-02T13:07:19+01:00"},{"@type":"WebSite","@id":"https:\/\/www.eldigitaldeasturias.com\/noticias\/#website","url":"https:\/\/www.eldigitaldeasturias.com\/noticias\/","name":"El Digital de Asturias - Diario de actualidad y noticias","alternateName":"El Digital de Asturias - Diario de actualidad y noticias","description":"Hemeroteca","inLanguage":"es-ES","publisher":{"@id":"https:\/\/www.eldigitaldeasturias.com\/noticias\/#organization"}}]},"og:locale":"es_ES","og:site_name":"El Digital de Asturias","og:type":"article","og:title":"Mas afirma que si el Estado tiene algo que ofrecer a Catalu\u00f1a, \u00abse tendr\u00e1 que votar\u00bb - El Digital de Asturias","og:description":"Barcelona, 2 feb (EFE).- El presidente de la Generalitat, Artur Mas, ha dicho que si el Estado tiene algo que ofrecer a Catalu\u00f1a &quot;se tendr\u00e1 que votar&quot; y escoger democr\u00e1ticamente entre esta oferta y la pregunta pactada en Catalu\u00f1a, pero ha asegurado que tiene que haber alguna cosa &quot;al otro lado del Ebro que no","og:url":"https:\/\/www.eldigitaldeasturias.com\/noticias\/mas-afirma-que-si-el-estado-tiene-algo-que-ofrecer-a-cataluna-se-tendra-que-votar\/","article:tag":["actualidad"],"article:published_time":"2014-02-02T14:07:19+00:00","article:modified_time":"2014-02-02T14:07:19+00:00","article:publisher":"https:\/\/facebook.com\/eldigitaldeasturias","twitter:card":"summary_large_image","twitter:title":"Mas afirma que si el Estado tiene algo que ofrecer a Catalu\u00f1a, \u00abse tendr\u00e1 que votar\u00bb - El Digital de Asturias","twitter:description":"Barcelona, 2 feb (EFE).- El presidente de la Generalitat, Artur Mas, ha dicho que si el Estado tiene algo que ofrecer a Catalu\u00f1a &quot;se tendr\u00e1 que votar&quot; y escoger democr\u00e1ticamente entre esta oferta y la pregunta pactada en Catalu\u00f1a, pero ha asegurado que tiene que haber alguna cosa &quot;al otro lado del Ebro que no","twitter:label1":"Escrito por","twitter:data1":"El Digital de Asturias","twitter:label2":"Tiempo de lectura estimado","twitter:data2":"2 minutos"},"aioseo_meta_data":{"post_id":"482029","title":null,"description":null,"keywords":null,"keyphrases":null,"primary_term":null,"canonical_url":null,"og_title":null,"og_description":null,"og_object_type":"default","og_image_type":"default","og_image_url":null,"og_image_width":null,"og_image_height":null,"og_image_custom_url":null,"og_image_custom_fields":null,"og_video":null,"og_custom_url":null,"og_article_section":null,"og_article_tags":null,"twitter_use_og":true,"twitter_card":"default","twitter_image_type":"default","twitter_image_url":null,"twitter_image_custom_url":null,"twitter_image_custom_fields":null,"twitter_title":null,"twitter_description":null,"schema":{"blockGraphs":[],"customGraphs":[],"default":{"data":{"Article":[],"Course":[],"Dataset":[],"FAQPage":[],"Movie":[],"Person":[],"Product":[],"ProductReview":[],"Car":[],"Recipe":[],"Service":[],"SoftwareApplication":[],"WebPage":[]},"graphName":"","isEnabled":true},"graphs":[],"defaultGraph":"","defaultPostTypeGraph":""},"schema_type":null,"schema_type_options":null,"pillar_content":false,"robots_default":true,"robots_noindex":false,"robots_noarchive":false,"robots_nosnippet":false,"robots_nofollow":false,"robots_noimageindex":false,"robots_noodp":false,"robots_notranslate":false,"robots_max_snippet":null,"robots_max_videopreview":null,"robots_max_imagepreview":"none","priority":null,"frequency":null,"local_seo":null,"seo_analyzer_scan_date":"2026-06-02 08:36:58","breadcrumb_settings":null,"limit_modified_date":false,"open_ai":null,"ai":null,"created":"2020-11-14 22:54:31","updated":"2026-06-02 08:36:58","focus_keyword":null,"additional_keywords":null,"truseo_locale":null},"aioseo_breadcrumb":"<div class=\"aioseo-breadcrumbs\"><span class=\"aioseo-breadcrumb\">\n\t<a href=\"https:\/\/www.eldigitaldeasturias.com\/noticias\" title=\"Home\">Home<\/a>\n<\/span><span class=\"aioseo-breadcrumb-separator\">\u2013<\/span><span class=\"aioseo-breadcrumb\">\n\t<a href=\"https:\/\/www.eldigitaldeasturias.com\/noticias\/category\/actualidad\/\" title=\"Actualidad\">Actualidad<\/a>\n<\/span><span class=\"aioseo-breadcrumb-separator\">\u2013<\/span><span class=\"aioseo-breadcrumb\">\n\t<a href=\"https:\/\/www.eldigitaldeasturias.com\/noticias\/mas-afirma-que-si-el-estado-tiene-algo-que-ofrecer-a-cataluna-se-tendra-que-votar\/\" title=\"Mas afirma que si el Estado tiene algo que ofrecer a Catalu\u00f1a, \u00abse tendr\u00e1 que votar\u00bb\">Mas afirma que si el Estado tiene algo que ofrecer a Catalu\u00f1a, \u00abse tendr\u00e1 que votar\u00bb<\/a>\n<\/span><\/div>","aioseo_breadcrumb_json":[{"label":"Home","link":"https:\/\/www.eldigitaldeasturias.com\/noticias"},{"label":"Actualidad","link":"https:\/\/www.eldigitaldeasturias.com\/noticias\/category\/actualidad\/"},{"label":"Mas afirma que si el Estado tiene algo que ofrecer a Catalu\u00f1a, \u00abse tendr\u00e1 que votar\u00bb","link":"https:\/\/www.eldigitaldeasturias.com\/noticias\/mas-afirma-que-si-el-estado-tiene-algo-que-ofrecer-a-cataluna-se-tendra-que-votar\/"}],"_links":{"self":[{"href":"https:\/\/www.eldigitaldeasturias.com\/noticias\/wp-json\/wp\/v2\/posts\/482029","targetHints":{"allow":["GET"]}}],"collection":[{"href":"https:\/\/www.eldigitaldeasturias.com\/noticias\/wp-json\/wp\/v2\/posts"}],"about":[{"href":"https:\/\/www.eldigitaldeasturias.com\/noticias\/wp-json\/wp\/v2\/types\/post"}],"author":[{"embeddable":true,"href":"https:\/\/www.eldigitaldeasturias.com\/noticias\/wp-json\/wp\/v2\/users\/1"}],"replies":[{"embeddable":true,"href":"https:\/\/www.eldigitaldeasturias.com\/noticias\/wp-json\/wp\/v2\/comments?post=482029"}],"version-history":[{"count":0,"href":"https:\/\/www.eldigitaldeasturias.com\/noticias\/wp-json\/wp\/v2\/posts\/482029\/revisions"}],"wp:attachment":[{"href":"https:\/\/www.eldigitaldeasturias.com\/noticias\/wp-json\/wp\/v2\/media?parent=482029"}],"wp:term":[{"taxonomy":"category","embeddable":true,"href":"https:\/\/www.eldigitaldeasturias.com\/noticias\/wp-json\/wp\/v2\/categories?post=482029"},{"taxonomy":"post_tag","embeddable":true,"href":"https:\/\/www.eldigitaldeasturias.com\/noticias\/wp-json\/wp\/v2\/tags?post=482029"}],"curies":[{"name":"wp","href":"https:\/\/api.w.org\/{rel}","templated":true}]}}