{"id":482026,"date":"2014-02-02T13:06:07","date_gmt":"2014-02-02T14:06:07","guid":{"rendered":"http:\/\/www.eldigitaldeasturias.com\/noticias\/?p=482026"},"modified":"2014-02-02T13:06:07","modified_gmt":"2014-02-02T14:06:07","slug":"el-psg-se-queda-tres-semanas-sin-el-uruguayo-cavani-por-una-lesion-muscular","status":"publish","type":"post","link":"https:\/\/www.eldigitaldeasturias.com\/noticias\/el-psg-se-queda-tres-semanas-sin-el-uruguayo-cavani-por-una-lesion-muscular\/","title":{"rendered":"El PSG se queda tres semanas sin el uruguayo Cavani por una lesi\u00f3n muscular"},"content":{"rendered":"<p><img loading=\"lazy\" decoding=\"async\" class=\"alignleft size-medium wp-image-482027\" alt=\"5900834w\" src=\"https:\/\/www.eldigitaldeasturias.com\/noticias\/wp-content\/uploads\/2014\/02\/5900834w-360x239.jpg\" width=\"360\" height=\"239\" \/>Par\u00eds, 2 feb (EFE).- El delantero uruguayo del Par\u00eds Saint-Germain (PSG) Edinson Cavani estar\u00e1 al menos tres semanas de baja debido a una lesi\u00f3n muscular en la pierna derecha y se perder\u00e1 el partido de ida de octavos de final de Liga de Campeones contra el Leverkusen, inform\u00f3 hoy el diario \u00abL&#8217;\u00c9quipe\u00bb.<\/p>\n<p>El delantero, que se lesion\u00f3 en el partido de Liga de la semana pasada entre el PSG y el Burdeos (2-2), tambi\u00e9n se perder\u00e1 el duelo el pr\u00f3ximo domingo entre su equipo y el M\u00f3naco, segundo en la clasificaci\u00f3n.<\/p>\n<p>En ese partido tampoco estar\u00e1 la estrella del equipo del Principado, el colombiano Radamel Falcao, que no podr\u00e1 jugar la segunda parte de la temporada por una rotura del ligamento cruzado de la rodilla.<\/p>\n<p>Cavani, de 26 a\u00f1os, ha sumado un total de 17 goles esta temporada con el equipo parisino, al que lleg\u00f3 desde el N\u00e1poles a cambio de 64 millones de euros.<\/p>\n","protected":false},"excerpt":{"rendered":"<p>Par\u00eds, 2 feb (EFE).- El delantero uruguayo del Par\u00eds Saint-Germain (PSG) Edinson Cavani estar\u00e1 al menos tres semanas de baja debido a una lesi\u00f3n muscular en la pierna derecha y se perder\u00e1 el partido de ida de octavos de final de Liga de Campeones contra el Leverkusen, inform\u00f3 hoy el diario \u00abL&#8217;\u00c9quipe\u00bb. El delantero, que [&hellip;]<\/p>\n","protected":false},"author":1,"featured_media":482027,"comment_status":"closed","ping_status":"open","sticky":false,"template":"","format":"standard","meta":{"footnotes":""},"categories":[1],"tags":[],"class_list":["post-482026","post","type-post","status-publish","format-standard","has-post-thumbnail","hentry","category-actualidad"],"aioseo_notices":[],"aioseo_head":"\n\t\t<!-- All in One SEO Pro 5.0.1 - aioseo.com -->\n\t<meta name=\"description\" content=\"Par\u00eds, 2 feb (EFE).- El delantero uruguayo del Par\u00eds Saint-Germain (PSG) Edinson Cavani estar\u00e1 al menos tres semanas de baja debido a una lesi\u00f3n muscular en la pierna derecha y se perder\u00e1 el partido de ida de octavos de final de Liga de Campeones contra el Leverkusen, inform\u00f3 hoy el diario &quot;L&#039;\u00c9quipe&quot;. El delantero, que\" \/>\n\t<meta name=\"robots\" content=\"max-image-preview:large\" \/>\n\t<meta name=\"author\" content=\"El Digital de Asturias\"\/>\n\t<meta name=\"google-site-verification\" content=\"UA-38556648-1\" \/>\n\t<meta name=\"msvalidate.01\" content=\"7dfe9f3f1b24437ab69f4f2559babe99\" \/>\n\t<meta name=\"keywords\" content=\"actualidad\" \/>\n\t<link rel=\"canonical\" href=\"https:\/\/www.eldigitaldeasturias.com\/noticias\/el-psg-se-queda-tres-semanas-sin-el-uruguayo-cavani-por-una-lesion-muscular\/\" \/>\n\t<meta name=\"generator\" content=\"All in One SEO Pro (AIOSEO) 5.0.1\" \/>\n\t\t<meta property=\"og:locale\" content=\"es_ES\" \/>\n\t\t<meta property=\"og:site_name\" content=\"El Digital de Asturias\" \/>\n\t\t<meta property=\"og:type\" content=\"article\" \/>\n\t\t<meta property=\"og:title\" content=\"El PSG se queda tres semanas sin el uruguayo Cavani por una lesi\u00f3n muscular - El Digital de Asturias\" \/>\n\t\t<meta property=\"og:description\" content=\"Par\u00eds, 2 feb (EFE).- El delantero uruguayo del Par\u00eds Saint-Germain (PSG) Edinson Cavani estar\u00e1 al menos tres semanas de baja debido a una lesi\u00f3n muscular en la pierna derecha y se perder\u00e1 el partido de ida de octavos de final de Liga de Campeones contra el Leverkusen, inform\u00f3 hoy el diario &quot;L&#039;\u00c9quipe&quot;. El delantero, que\" \/>\n\t\t<meta property=\"og:url\" content=\"https:\/\/www.eldigitaldeasturias.com\/noticias\/el-psg-se-queda-tres-semanas-sin-el-uruguayo-cavani-por-una-lesion-muscular\/\" \/>\n\t\t<meta property=\"article:tag\" content=\"actualidad\" \/>\n\t\t<meta property=\"article:published_time\" content=\"2014-02-02T14:06:07+00:00\" \/>\n\t\t<meta property=\"article:modified_time\" content=\"2014-02-02T14:06:07+00:00\" \/>\n\t\t<meta property=\"article:publisher\" content=\"https:\/\/facebook.com\/eldigitaldeasturias\" \/>\n\t\t<meta name=\"twitter:card\" content=\"summary_large_image\" \/>\n\t\t<meta name=\"twitter:title\" content=\"El PSG se queda tres semanas sin el uruguayo Cavani por una lesi\u00f3n muscular - El Digital de Asturias\" \/>\n\t\t<meta name=\"twitter:description\" content=\"Par\u00eds, 2 feb (EFE).- El delantero uruguayo del Par\u00eds Saint-Germain (PSG) Edinson Cavani estar\u00e1 al menos tres semanas de baja debido a una lesi\u00f3n muscular en la pierna derecha y se perder\u00e1 el partido de ida de octavos de final de Liga de Campeones contra el Leverkusen, inform\u00f3 hoy el diario &quot;L&#039;\u00c9quipe&quot;. El delantero, que\" \/>\n\t\t<meta name=\"twitter:label1\" content=\"Escrito por\" \/>\n\t\t<meta name=\"twitter:data1\" content=\"El Digital de Asturias\" \/>\n\t\t<meta name=\"twitter:label2\" content=\"Tiempo de lectura estimado\" \/>\n\t\t<meta name=\"twitter:data2\" content=\"1 minuto\" \/>\n\t\t<script type=\"application\/ld+json\" class=\"aioseo-schema\">\n\t\t\t{\"@context\":\"https:\\\/\\\/schema.org\",\"@graph\":[{\"@type\":\"BlogPosting\",\"@id\":\"https:\\\/\\\/www.eldigitaldeasturias.com\\\/noticias\\\/el-psg-se-queda-tres-semanas-sin-el-uruguayo-cavani-por-una-lesion-muscular\\\/#blogposting\",\"name\":\"El PSG se queda tres semanas sin el uruguayo Cavani por una lesi\\u00f3n muscular - El Digital de Asturias\",\"headline\":\"El PSG se queda tres semanas sin el uruguayo Cavani por una lesi\\u00f3n muscular\",\"author\":{\"@id\":\"https:\\\/\\\/www.eldigitaldeasturias.com\\\/noticias\\\/author\\\/admin\\\/#author\"},\"publisher\":{\"@id\":\"https:\\\/\\\/www.eldigitaldeasturias.com\\\/noticias\\\/#organization\"},\"image\":{\"@type\":\"ImageObject\",\"url\":482027},\"datePublished\":\"2014-02-02T13:06:07+01:00\",\"dateModified\":\"2014-02-02T13:06:07+01:00\",\"inLanguage\":\"es-ES\",\"mainEntityOfPage\":{\"@id\":\"https:\\\/\\\/www.eldigitaldeasturias.com\\\/noticias\\\/el-psg-se-queda-tres-semanas-sin-el-uruguayo-cavani-por-una-lesion-muscular\\\/#webpage\"},\"isPartOf\":{\"@id\":\"https:\\\/\\\/www.eldigitaldeasturias.com\\\/noticias\\\/el-psg-se-queda-tres-semanas-sin-el-uruguayo-cavani-por-una-lesion-muscular\\\/#webpage\"},\"articleSection\":\"Actualidad\"},{\"@type\":\"BreadcrumbList\",\"@id\":\"https:\\\/\\\/www.eldigitaldeasturias.com\\\/noticias\\\/el-psg-se-queda-tres-semanas-sin-el-uruguayo-cavani-por-una-lesion-muscular\\\/#breadcrumblist\",\"itemListElement\":[{\"@type\":\"ListItem\",\"@id\":\"https:\\\/\\\/www.eldigitaldeasturias.com\\\/noticias#listItem\",\"position\":1,\"name\":\"Home\",\"item\":\"https:\\\/\\\/www.eldigitaldeasturias.com\\\/noticias\",\"nextItem\":{\"@type\":\"ListItem\",\"@id\":\"https:\\\/\\\/www.eldigitaldeasturias.com\\\/noticias\\\/category\\\/actualidad\\\/#listItem\",\"name\":\"Actualidad\"}},{\"@type\":\"ListItem\",\"@id\":\"https:\\\/\\\/www.eldigitaldeasturias.com\\\/noticias\\\/category\\\/actualidad\\\/#listItem\",\"position\":2,\"name\":\"Actualidad\",\"item\":\"https:\\\/\\\/www.eldigitaldeasturias.com\\\/noticias\\\/category\\\/actualidad\\\/\",\"nextItem\":{\"@type\":\"ListItem\",\"@id\":\"https:\\\/\\\/www.eldigitaldeasturias.com\\\/noticias\\\/el-psg-se-queda-tres-semanas-sin-el-uruguayo-cavani-por-una-lesion-muscular\\\/#listItem\",\"name\":\"El PSG se queda tres semanas sin el uruguayo Cavani por una lesi\\u00f3n muscular\"},\"previousItem\":{\"@type\":\"ListItem\",\"@id\":\"https:\\\/\\\/www.eldigitaldeasturias.com\\\/noticias#listItem\",\"name\":\"Home\"}},{\"@type\":\"ListItem\",\"@id\":\"https:\\\/\\\/www.eldigitaldeasturias.com\\\/noticias\\\/el-psg-se-queda-tres-semanas-sin-el-uruguayo-cavani-por-una-lesion-muscular\\\/#listItem\",\"position\":3,\"name\":\"El PSG se queda tres semanas sin el uruguayo Cavani por una lesi\\u00f3n muscular\",\"previousItem\":{\"@type\":\"ListItem\",\"@id\":\"https:\\\/\\\/www.eldigitaldeasturias.com\\\/noticias\\\/category\\\/actualidad\\\/#listItem\",\"name\":\"Actualidad\"}}]},{\"@type\":\"Organization\",\"@id\":\"https:\\\/\\\/www.eldigitaldeasturias.com\\\/noticias\\\/#organization\",\"name\":\"El Digital de Asturias\",\"description\":\"Hemeroteca\",\"url\":\"https:\\\/\\\/www.eldigitaldeasturias.com\\\/noticias\\\/\",\"email\":\"info@eldigitaldeasturias.com\",\"telephone\":\"+34652131393\",\"logo\":{\"@type\":\"ImageObject\",\"url\":\"https:\\\/\\\/www.eldigitaldeasturias.com\\\/noticias\\\/wp-content\\\/uploads\\\/2020\\\/12\\\/EDA.jpg\",\"@id\":\"https:\\\/\\\/www.eldigitaldeasturias.com\\\/noticias\\\/el-psg-se-queda-tres-semanas-sin-el-uruguayo-cavani-por-una-lesion-muscular\\\/#organizationLogo\"},\"image\":{\"@id\":\"https:\\\/\\\/www.eldigitaldeasturias.com\\\/noticias\\\/el-psg-se-queda-tres-semanas-sin-el-uruguayo-cavani-por-una-lesion-muscular\\\/#organizationLogo\"},\"sameAs\":[\"https:\\\/\\\/facebook.com\\\/eldigitaldeasturias\",\"https:\\\/\\\/www.youtube.com\\\/channel\\\/UCZP-2wLEB9Rv6erhFmqVnvg\"],\"address\":{\"@id\":\"https:\\\/\\\/www.eldigitaldeasturias.com\\\/noticias\\\/#postaladdress\",\"@type\":\"PostalAddress\",\"streetAddress\":\"san antonio 4\",\"postalCode\":\"33430\",\"addressLocality\":\"Cand\\u00e1s\",\"addressRegion\":\"Asturias\",\"addressCountry\":\"ES\"}},{\"@type\":\"Person\",\"@id\":\"https:\\\/\\\/www.eldigitaldeasturias.com\\\/noticias\\\/author\\\/admin\\\/#author\",\"url\":\"https:\\\/\\\/www.eldigitaldeasturias.com\\\/noticias\\\/author\\\/admin\\\/\",\"name\":\"El Digital de Asturias\",\"image\":{\"@type\":\"ImageObject\",\"@id\":\"https:\\\/\\\/www.eldigitaldeasturias.com\\\/noticias\\\/el-psg-se-queda-tres-semanas-sin-el-uruguayo-cavani-por-una-lesion-muscular\\\/#authorImage\",\"url\":\"https:\\\/\\\/secure.gravatar.com\\\/avatar\\\/df2aeffc32bcd13f8d26072ef8a91b623d677766deac7f97ca815868cd41bf5e?s=96&d=mm&r=g\",\"width\":96,\"height\":96,\"caption\":\"El Digital de Asturias\"}},{\"@type\":\"WebPage\",\"@id\":\"https:\\\/\\\/www.eldigitaldeasturias.com\\\/noticias\\\/el-psg-se-queda-tres-semanas-sin-el-uruguayo-cavani-por-una-lesion-muscular\\\/#webpage\",\"url\":\"https:\\\/\\\/www.eldigitaldeasturias.com\\\/noticias\\\/el-psg-se-queda-tres-semanas-sin-el-uruguayo-cavani-por-una-lesion-muscular\\\/\",\"name\":\"El PSG se queda tres semanas sin el uruguayo Cavani por una lesi\\u00f3n muscular - El Digital de Asturias\",\"description\":\"Par\\u00eds, 2 feb (EFE).- El delantero uruguayo del Par\\u00eds Saint-Germain (PSG) Edinson Cavani estar\\u00e1 al menos tres semanas de baja debido a una lesi\\u00f3n muscular en la pierna derecha y se perder\\u00e1 el partido de ida de octavos de final de Liga de Campeones contra el Leverkusen, inform\\u00f3 hoy el diario \\\"L'\\u00c9quipe\\\". El delantero, que\",\"inLanguage\":\"es-ES\",\"isPartOf\":{\"@id\":\"https:\\\/\\\/www.eldigitaldeasturias.com\\\/noticias\\\/#website\"},\"breadcrumb\":{\"@id\":\"https:\\\/\\\/www.eldigitaldeasturias.com\\\/noticias\\\/el-psg-se-queda-tres-semanas-sin-el-uruguayo-cavani-por-una-lesion-muscular\\\/#breadcrumblist\"},\"author\":{\"@id\":\"https:\\\/\\\/www.eldigitaldeasturias.com\\\/noticias\\\/author\\\/admin\\\/#author\"},\"creator\":{\"@id\":\"https:\\\/\\\/www.eldigitaldeasturias.com\\\/noticias\\\/author\\\/admin\\\/#author\"},\"image\":{\"@type\":\"ImageObject\",\"url\":482027,\"@id\":\"https:\\\/\\\/www.eldigitaldeasturias.com\\\/noticias\\\/el-psg-se-queda-tres-semanas-sin-el-uruguayo-cavani-por-una-lesion-muscular\\\/#mainImage\"},\"primaryImageOfPage\":{\"@id\":\"https:\\\/\\\/www.eldigitaldeasturias.com\\\/noticias\\\/el-psg-se-queda-tres-semanas-sin-el-uruguayo-cavani-por-una-lesion-muscular\\\/#mainImage\"},\"datePublished\":\"2014-02-02T13:06:07+01:00\",\"dateModified\":\"2014-02-02T13:06:07+01:00\"},{\"@type\":\"WebSite\",\"@id\":\"https:\\\/\\\/www.eldigitaldeasturias.com\\\/noticias\\\/#website\",\"url\":\"https:\\\/\\\/www.eldigitaldeasturias.com\\\/noticias\\\/\",\"name\":\"El Digital de Asturias - Diario de actualidad y noticias\",\"alternateName\":\"El Digital de Asturias - Diario de actualidad y noticias\",\"description\":\"Hemeroteca\",\"inLanguage\":\"es-ES\",\"publisher\":{\"@id\":\"https:\\\/\\\/www.eldigitaldeasturias.com\\\/noticias\\\/#organization\"}}]}\n\t\t<\/script>\n\t\t<!-- All in One SEO Pro -->\r\n\t\t<title>El PSG se queda tres semanas sin el uruguayo Cavani por una lesi\u00f3n muscular - El Digital de Asturias<\/title>\n\n","aioseo_head_json":{"title":"El PSG se queda tres semanas sin el uruguayo Cavani por una lesi\u00f3n muscular - El Digital de Asturias","description":"Par\u00eds, 2 feb (EFE).- El delantero uruguayo del Par\u00eds Saint-Germain (PSG) Edinson Cavani estar\u00e1 al menos tres semanas de baja debido a una lesi\u00f3n muscular en la pierna derecha y se perder\u00e1 el partido de ida de octavos de final de Liga de Campeones contra el Leverkusen, inform\u00f3 hoy el diario \"L'\u00c9quipe\". El delantero, que","canonical_url":"https:\/\/www.eldigitaldeasturias.com\/noticias\/el-psg-se-queda-tres-semanas-sin-el-uruguayo-cavani-por-una-lesion-muscular\/","robots":"max-image-preview:large","keywords":"actualidad","webmasterTools":{"google-site-verification":"UA-38556648-1","msvalidate.01":"7dfe9f3f1b24437ab69f4f2559babe99","miscellaneous":""},"schema":{"@context":"https:\/\/schema.org","@graph":[{"@type":"BlogPosting","@id":"https:\/\/www.eldigitaldeasturias.com\/noticias\/el-psg-se-queda-tres-semanas-sin-el-uruguayo-cavani-por-una-lesion-muscular\/#blogposting","name":"El PSG se queda tres semanas sin el uruguayo Cavani por una lesi\u00f3n muscular - El Digital de Asturias","headline":"El PSG se queda tres semanas sin el uruguayo Cavani por una lesi\u00f3n muscular","author":{"@id":"https:\/\/www.eldigitaldeasturias.com\/noticias\/author\/admin\/#author"},"publisher":{"@id":"https:\/\/www.eldigitaldeasturias.com\/noticias\/#organization"},"image":{"@type":"ImageObject","url":482027},"datePublished":"2014-02-02T13:06:07+01:00","dateModified":"2014-02-02T13:06:07+01:00","inLanguage":"es-ES","mainEntityOfPage":{"@id":"https:\/\/www.eldigitaldeasturias.com\/noticias\/el-psg-se-queda-tres-semanas-sin-el-uruguayo-cavani-por-una-lesion-muscular\/#webpage"},"isPartOf":{"@id":"https:\/\/www.eldigitaldeasturias.com\/noticias\/el-psg-se-queda-tres-semanas-sin-el-uruguayo-cavani-por-una-lesion-muscular\/#webpage"},"articleSection":"Actualidad"},{"@type":"BreadcrumbList","@id":"https:\/\/www.eldigitaldeasturias.com\/noticias\/el-psg-se-queda-tres-semanas-sin-el-uruguayo-cavani-por-una-lesion-muscular\/#breadcrumblist","itemListElement":[{"@type":"ListItem","@id":"https:\/\/www.eldigitaldeasturias.com\/noticias#listItem","position":1,"name":"Home","item":"https:\/\/www.eldigitaldeasturias.com\/noticias","nextItem":{"@type":"ListItem","@id":"https:\/\/www.eldigitaldeasturias.com\/noticias\/category\/actualidad\/#listItem","name":"Actualidad"}},{"@type":"ListItem","@id":"https:\/\/www.eldigitaldeasturias.com\/noticias\/category\/actualidad\/#listItem","position":2,"name":"Actualidad","item":"https:\/\/www.eldigitaldeasturias.com\/noticias\/category\/actualidad\/","nextItem":{"@type":"ListItem","@id":"https:\/\/www.eldigitaldeasturias.com\/noticias\/el-psg-se-queda-tres-semanas-sin-el-uruguayo-cavani-por-una-lesion-muscular\/#listItem","name":"El PSG se queda tres semanas sin el uruguayo Cavani por una lesi\u00f3n muscular"},"previousItem":{"@type":"ListItem","@id":"https:\/\/www.eldigitaldeasturias.com\/noticias#listItem","name":"Home"}},{"@type":"ListItem","@id":"https:\/\/www.eldigitaldeasturias.com\/noticias\/el-psg-se-queda-tres-semanas-sin-el-uruguayo-cavani-por-una-lesion-muscular\/#listItem","position":3,"name":"El PSG se queda tres semanas sin el uruguayo Cavani por una lesi\u00f3n muscular","previousItem":{"@type":"ListItem","@id":"https:\/\/www.eldigitaldeasturias.com\/noticias\/category\/actualidad\/#listItem","name":"Actualidad"}}]},{"@type":"Organization","@id":"https:\/\/www.eldigitaldeasturias.com\/noticias\/#organization","name":"El Digital de Asturias","description":"Hemeroteca","url":"https:\/\/www.eldigitaldeasturias.com\/noticias\/","email":"info@eldigitaldeasturias.com","telephone":"+34652131393","logo":{"@type":"ImageObject","url":"https:\/\/www.eldigitaldeasturias.com\/noticias\/wp-content\/uploads\/2020\/12\/EDA.jpg","@id":"https:\/\/www.eldigitaldeasturias.com\/noticias\/el-psg-se-queda-tres-semanas-sin-el-uruguayo-cavani-por-una-lesion-muscular\/#organizationLogo"},"image":{"@id":"https:\/\/www.eldigitaldeasturias.com\/noticias\/el-psg-se-queda-tres-semanas-sin-el-uruguayo-cavani-por-una-lesion-muscular\/#organizationLogo"},"sameAs":["https:\/\/facebook.com\/eldigitaldeasturias","https:\/\/www.youtube.com\/channel\/UCZP-2wLEB9Rv6erhFmqVnvg"],"address":{"@id":"https:\/\/www.eldigitaldeasturias.com\/noticias\/#postaladdress","@type":"PostalAddress","streetAddress":"san antonio 4","postalCode":"33430","addressLocality":"Cand\u00e1s","addressRegion":"Asturias","addressCountry":"ES"}},{"@type":"Person","@id":"https:\/\/www.eldigitaldeasturias.com\/noticias\/author\/admin\/#author","url":"https:\/\/www.eldigitaldeasturias.com\/noticias\/author\/admin\/","name":"El Digital de Asturias","image":{"@type":"ImageObject","@id":"https:\/\/www.eldigitaldeasturias.com\/noticias\/el-psg-se-queda-tres-semanas-sin-el-uruguayo-cavani-por-una-lesion-muscular\/#authorImage","url":"https:\/\/secure.gravatar.com\/avatar\/df2aeffc32bcd13f8d26072ef8a91b623d677766deac7f97ca815868cd41bf5e?s=96&d=mm&r=g","width":96,"height":96,"caption":"El Digital de Asturias"}},{"@type":"WebPage","@id":"https:\/\/www.eldigitaldeasturias.com\/noticias\/el-psg-se-queda-tres-semanas-sin-el-uruguayo-cavani-por-una-lesion-muscular\/#webpage","url":"https:\/\/www.eldigitaldeasturias.com\/noticias\/el-psg-se-queda-tres-semanas-sin-el-uruguayo-cavani-por-una-lesion-muscular\/","name":"El PSG se queda tres semanas sin el uruguayo Cavani por una lesi\u00f3n muscular - El Digital de Asturias","description":"Par\u00eds, 2 feb (EFE).- El delantero uruguayo del Par\u00eds Saint-Germain (PSG) Edinson Cavani estar\u00e1 al menos tres semanas de baja debido a una lesi\u00f3n muscular en la pierna derecha y se perder\u00e1 el partido de ida de octavos de final de Liga de Campeones contra el Leverkusen, inform\u00f3 hoy el diario \"L'\u00c9quipe\". El delantero, que","inLanguage":"es-ES","isPartOf":{"@id":"https:\/\/www.eldigitaldeasturias.com\/noticias\/#website"},"breadcrumb":{"@id":"https:\/\/www.eldigitaldeasturias.com\/noticias\/el-psg-se-queda-tres-semanas-sin-el-uruguayo-cavani-por-una-lesion-muscular\/#breadcrumblist"},"author":{"@id":"https:\/\/www.eldigitaldeasturias.com\/noticias\/author\/admin\/#author"},"creator":{"@id":"https:\/\/www.eldigitaldeasturias.com\/noticias\/author\/admin\/#author"},"image":{"@type":"ImageObject","url":482027,"@id":"https:\/\/www.eldigitaldeasturias.com\/noticias\/el-psg-se-queda-tres-semanas-sin-el-uruguayo-cavani-por-una-lesion-muscular\/#mainImage"},"primaryImageOfPage":{"@id":"https:\/\/www.eldigitaldeasturias.com\/noticias\/el-psg-se-queda-tres-semanas-sin-el-uruguayo-cavani-por-una-lesion-muscular\/#mainImage"},"datePublished":"2014-02-02T13:06:07+01:00","dateModified":"2014-02-02T13:06:07+01:00"},{"@type":"WebSite","@id":"https:\/\/www.eldigitaldeasturias.com\/noticias\/#website","url":"https:\/\/www.eldigitaldeasturias.com\/noticias\/","name":"El Digital de Asturias - Diario de actualidad y noticias","alternateName":"El Digital de Asturias - Diario de actualidad y noticias","description":"Hemeroteca","inLanguage":"es-ES","publisher":{"@id":"https:\/\/www.eldigitaldeasturias.com\/noticias\/#organization"}}]},"og:locale":"es_ES","og:site_name":"El Digital de Asturias","og:type":"article","og:title":"El PSG se queda tres semanas sin el uruguayo Cavani por una lesi\u00f3n muscular - El Digital de Asturias","og:description":"Par\u00eds, 2 feb (EFE).- El delantero uruguayo del Par\u00eds Saint-Germain (PSG) Edinson Cavani estar\u00e1 al menos tres semanas de baja debido a una lesi\u00f3n muscular en la pierna derecha y se perder\u00e1 el partido de ida de octavos de final de Liga de Campeones contra el Leverkusen, inform\u00f3 hoy el diario &quot;L'\u00c9quipe&quot;. El delantero, que","og:url":"https:\/\/www.eldigitaldeasturias.com\/noticias\/el-psg-se-queda-tres-semanas-sin-el-uruguayo-cavani-por-una-lesion-muscular\/","article:tag":["actualidad"],"article:published_time":"2014-02-02T14:06:07+00:00","article:modified_time":"2014-02-02T14:06:07+00:00","article:publisher":"https:\/\/facebook.com\/eldigitaldeasturias","twitter:card":"summary_large_image","twitter:title":"El PSG se queda tres semanas sin el uruguayo Cavani por una lesi\u00f3n muscular - El Digital de Asturias","twitter:description":"Par\u00eds, 2 feb (EFE).- El delantero uruguayo del Par\u00eds Saint-Germain (PSG) Edinson Cavani estar\u00e1 al menos tres semanas de baja debido a una lesi\u00f3n muscular en la pierna derecha y se perder\u00e1 el partido de ida de octavos de final de Liga de Campeones contra el Leverkusen, inform\u00f3 hoy el diario &quot;L'\u00c9quipe&quot;. El delantero, que","twitter:label1":"Escrito por","twitter:data1":"El Digital de Asturias","twitter:label2":"Tiempo de lectura estimado","twitter:data2":"1 minuto"},"aioseo_meta_data":{"post_id":"482026","title":null,"description":null,"keywords":null,"keyphrases":null,"primary_term":null,"canonical_url":null,"og_title":null,"og_description":null,"og_object_type":"default","og_image_type":"default","og_image_url":null,"og_image_width":null,"og_image_height":null,"og_image_custom_url":null,"og_image_custom_fields":null,"og_video":null,"og_custom_url":null,"og_article_section":null,"og_article_tags":null,"twitter_use_og":true,"twitter_card":"default","twitter_image_type":"default","twitter_image_url":null,"twitter_image_custom_url":null,"twitter_image_custom_fields":null,"twitter_title":null,"twitter_description":null,"schema":{"blockGraphs":[],"customGraphs":[],"default":{"data":{"Article":[],"Course":[],"Dataset":[],"FAQPage":[],"Movie":[],"Person":[],"Product":[],"ProductReview":[],"Car":[],"Recipe":[],"Service":[],"SoftwareApplication":[],"WebPage":[]},"graphName":"","isEnabled":true},"graphs":[],"defaultGraph":"","defaultPostTypeGraph":""},"schema_type":null,"schema_type_options":null,"pillar_content":false,"robots_default":true,"robots_noindex":false,"robots_noarchive":false,"robots_nosnippet":false,"robots_nofollow":false,"robots_noimageindex":false,"robots_noodp":false,"robots_notranslate":false,"robots_max_snippet":null,"robots_max_videopreview":null,"robots_max_imagepreview":"none","priority":null,"frequency":null,"local_seo":null,"seo_analyzer_scan_date":"2026-06-02 08:34:44","breadcrumb_settings":null,"limit_modified_date":false,"open_ai":null,"ai":null,"created":"2020-11-14 22:54:31","updated":"2026-06-02 08:34:44","focus_keyword":null,"additional_keywords":null,"truseo_locale":null},"aioseo_breadcrumb":"<div class=\"aioseo-breadcrumbs\"><span class=\"aioseo-breadcrumb\">\n\t<a href=\"https:\/\/www.eldigitaldeasturias.com\/noticias\" title=\"Home\">Home<\/a>\n<\/span><span class=\"aioseo-breadcrumb-separator\">\u2013<\/span><span class=\"aioseo-breadcrumb\">\n\t<a href=\"https:\/\/www.eldigitaldeasturias.com\/noticias\/category\/actualidad\/\" title=\"Actualidad\">Actualidad<\/a>\n<\/span><span class=\"aioseo-breadcrumb-separator\">\u2013<\/span><span class=\"aioseo-breadcrumb\">\n\t<a href=\"https:\/\/www.eldigitaldeasturias.com\/noticias\/el-psg-se-queda-tres-semanas-sin-el-uruguayo-cavani-por-una-lesion-muscular\/\" title=\"El PSG se queda tres semanas sin el uruguayo Cavani por una lesi\u00f3n muscular\">El PSG se queda tres semanas sin el uruguayo Cavani por una lesi\u00f3n muscular<\/a>\n<\/span><\/div>","aioseo_breadcrumb_json":[{"label":"Home","link":"https:\/\/www.eldigitaldeasturias.com\/noticias"},{"label":"Actualidad","link":"https:\/\/www.eldigitaldeasturias.com\/noticias\/category\/actualidad\/"},{"label":"El PSG se queda tres semanas sin el uruguayo Cavani por una lesi\u00f3n muscular","link":"https:\/\/www.eldigitaldeasturias.com\/noticias\/el-psg-se-queda-tres-semanas-sin-el-uruguayo-cavani-por-una-lesion-muscular\/"}],"_links":{"self":[{"href":"https:\/\/www.eldigitaldeasturias.com\/noticias\/wp-json\/wp\/v2\/posts\/482026","targetHints":{"allow":["GET"]}}],"collection":[{"href":"https:\/\/www.eldigitaldeasturias.com\/noticias\/wp-json\/wp\/v2\/posts"}],"about":[{"href":"https:\/\/www.eldigitaldeasturias.com\/noticias\/wp-json\/wp\/v2\/types\/post"}],"author":[{"embeddable":true,"href":"https:\/\/www.eldigitaldeasturias.com\/noticias\/wp-json\/wp\/v2\/users\/1"}],"replies":[{"embeddable":true,"href":"https:\/\/www.eldigitaldeasturias.com\/noticias\/wp-json\/wp\/v2\/comments?post=482026"}],"version-history":[{"count":0,"href":"https:\/\/www.eldigitaldeasturias.com\/noticias\/wp-json\/wp\/v2\/posts\/482026\/revisions"}],"wp:attachment":[{"href":"https:\/\/www.eldigitaldeasturias.com\/noticias\/wp-json\/wp\/v2\/media?parent=482026"}],"wp:term":[{"taxonomy":"category","embeddable":true,"href":"https:\/\/www.eldigitaldeasturias.com\/noticias\/wp-json\/wp\/v2\/categories?post=482026"},{"taxonomy":"post_tag","embeddable":true,"href":"https:\/\/www.eldigitaldeasturias.com\/noticias\/wp-json\/wp\/v2\/tags?post=482026"}],"curies":[{"name":"wp","href":"https:\/\/api.w.org\/{rel}","templated":true}]}}