{"id":481986,"date":"2014-02-02T12:14:15","date_gmt":"2014-02-02T13:14:15","guid":{"rendered":"http:\/\/www.eldigitaldeasturias.com\/noticias\/?p=481986"},"modified":"2014-02-02T12:20:17","modified_gmt":"2014-02-02T13:20:17","slug":"aemet-reduce-la-alerta-en-asturias-por-fenomenos-costeros","status":"publish","type":"post","link":"https:\/\/www.eldigitaldeasturias.com\/noticias\/aemet-reduce-la-alerta-en-asturias-por-fenomenos-costeros\/","title":{"rendered":"AEMET reduce la alerta en Asturias por fen\u00f3menos costeros"},"content":{"rendered":"<p><img loading=\"lazy\" decoding=\"async\" class=\"alignleft size-medium wp-image-469759\" alt=\"olas\" src=\"https:\/\/www.eldigitaldeasturias.com\/noticias\/wp-content\/uploads\/2014\/01\/olas-360x276.jpg\" width=\"360\" height=\"276\" \/>Madrid, 2 feb (EFE).- A Coru\u00f1a y Lugo contin\u00faan en alerta roja (la m\u00e1xima) por riesgo extremo de fen\u00f3menos costeros, seg\u00fan la Agencia Estatal de Meteorolog\u00eda (Aemet), que prev\u00e9 para hoy en estas dos provincias olas de m\u00e1s de 8 metros mientras que en Asturias se ha reducido para hoy a nivel naranja.<\/p>\n<p>Tambi\u00e9n en Galicia est\u00e1 afectada por fen\u00f3menos costeros la provincia de Pontevedra, pero en este caso con un nivel naranja, donde el riesgo es importante pero no extremo.<\/p>\n<p>La Aemet informa en su web de que en Pontevedra se prev\u00e9 para hoy mar combinada del noroeste entre cinco y ocho metros, disminuyendo hasta menos de cinco metros hacia las 6:00 horas del d\u00eda 3.<\/p>\n<p>Adem\u00e1s de Pontevedra, est\u00e1n hoy en alerta naranja Cantabria, Vizcaya, Guip\u00fazcoa y Asturias, tambi\u00e9n por fen\u00f3menos costeros.<\/p>\n<p>En estas provincias la Aemet prev\u00e9 olas de entre cinco y ocho metros.<\/p>\n<p>El temporal mar\u00edtimo de las \u00faltimas horas -la situaci\u00f3n ayer fue parecida a la anunciada para hoy- ha provocado da\u00f1os en estas costas.<\/p>\n<p>Por ejemplo, en la playa del Sardinero, en Santander, dej\u00f3 garajes anegados y diversos da\u00f1os en parques y edificios, mientras que en San Sebasti\u00e1n destroz\u00f3 el murete del puente de Santa Catalina y parte de la barandilla de piedra del puente de Santa Cristina, que al igual que los del Kursaal y Mundaiz permanecen cortados.<\/p>\n<p>El fuerte oleaje tambi\u00e9n rompi\u00f3 varios tramos del muro de hormig\u00f3n que protege el puerto pesquero y deportivo de la localidad vizca\u00edna de Bermeo.<\/p>\n","protected":false},"excerpt":{"rendered":"<p>Madrid, 2 feb (EFE).- A Coru\u00f1a y Lugo contin\u00faan en alerta roja (la m\u00e1xima) por riesgo extremo de fen\u00f3menos costeros, seg\u00fan la Agencia Estatal de Meteorolog\u00eda (Aemet), que prev\u00e9 para hoy en estas dos provincias olas de m\u00e1s de 8 metros mientras que en Asturias se ha reducido para hoy a nivel naranja. Tambi\u00e9n en [&hellip;]<\/p>\n","protected":false},"author":1,"featured_media":469759,"comment_status":"closed","ping_status":"open","sticky":false,"template":"","format":"standard","meta":{"footnotes":""},"categories":[1,12],"tags":[],"class_list":["post-481986","post","type-post","status-publish","format-standard","has-post-thumbnail","hentry","category-actualidad","category-actualidad-asturias"],"aioseo_notices":[],"aioseo_head":"\n\t\t<!-- All in One SEO Pro 5.0.1 - aioseo.com -->\n\t<meta name=\"description\" content=\"Madrid, 2 feb (EFE).- A Coru\u00f1a y Lugo contin\u00faan en alerta roja (la m\u00e1xima) por riesgo extremo de fen\u00f3menos costeros, seg\u00fan la Agencia Estatal de Meteorolog\u00eda (Aemet), que prev\u00e9 para hoy en estas dos provincias olas de m\u00e1s de 8 metros mientras que en Asturias se ha reducido para hoy a nivel naranja. Tambi\u00e9n en\" \/>\n\t<meta name=\"robots\" content=\"max-image-preview:large\" \/>\n\t<meta name=\"author\" content=\"El Digital de Asturias\"\/>\n\t<meta name=\"google-site-verification\" content=\"UA-38556648-1\" \/>\n\t<meta name=\"msvalidate.01\" content=\"7dfe9f3f1b24437ab69f4f2559babe99\" \/>\n\t<meta name=\"keywords\" content=\"actualidad,actualidad asturias\" \/>\n\t<link rel=\"canonical\" href=\"https:\/\/www.eldigitaldeasturias.com\/noticias\/aemet-reduce-la-alerta-en-asturias-por-fenomenos-costeros\/\" \/>\n\t<meta name=\"generator\" content=\"All in One SEO Pro (AIOSEO) 5.0.1\" \/>\n\t\t<meta property=\"og:locale\" content=\"es_ES\" \/>\n\t\t<meta property=\"og:site_name\" content=\"El Digital de Asturias\" \/>\n\t\t<meta property=\"og:type\" content=\"article\" \/>\n\t\t<meta property=\"og:title\" content=\"AEMET reduce la alerta en Asturias por fen\u00f3menos costeros - El Digital de Asturias\" \/>\n\t\t<meta property=\"og:description\" content=\"Madrid, 2 feb (EFE).- A Coru\u00f1a y Lugo contin\u00faan en alerta roja (la m\u00e1xima) por riesgo extremo de fen\u00f3menos costeros, seg\u00fan la Agencia Estatal de Meteorolog\u00eda (Aemet), que prev\u00e9 para hoy en estas dos provincias olas de m\u00e1s de 8 metros mientras que en Asturias se ha reducido para hoy a nivel naranja. Tambi\u00e9n en\" \/>\n\t\t<meta property=\"og:url\" content=\"https:\/\/www.eldigitaldeasturias.com\/noticias\/aemet-reduce-la-alerta-en-asturias-por-fenomenos-costeros\/\" \/>\n\t\t<meta property=\"article:tag\" content=\"actualidad\" \/>\n\t\t<meta property=\"article:tag\" content=\"actualidad asturias\" \/>\n\t\t<meta property=\"article:published_time\" content=\"2014-02-02T13:14:15+00:00\" \/>\n\t\t<meta property=\"article:modified_time\" content=\"2014-02-02T13:20:17+00:00\" \/>\n\t\t<meta property=\"article:publisher\" content=\"https:\/\/facebook.com\/eldigitaldeasturias\" \/>\n\t\t<meta name=\"twitter:card\" content=\"summary_large_image\" \/>\n\t\t<meta name=\"twitter:title\" content=\"AEMET reduce la alerta en Asturias por fen\u00f3menos costeros - El Digital de Asturias\" \/>\n\t\t<meta name=\"twitter:description\" content=\"Madrid, 2 feb (EFE).- A Coru\u00f1a y Lugo contin\u00faan en alerta roja (la m\u00e1xima) por riesgo extremo de fen\u00f3menos costeros, seg\u00fan la Agencia Estatal de Meteorolog\u00eda (Aemet), que prev\u00e9 para hoy en estas dos provincias olas de m\u00e1s de 8 metros mientras que en Asturias se ha reducido para hoy a nivel naranja. Tambi\u00e9n en\" \/>\n\t\t<meta name=\"twitter:label1\" content=\"Escrito por\" \/>\n\t\t<meta name=\"twitter:data1\" content=\"El Digital de Asturias\" \/>\n\t\t<meta name=\"twitter:label2\" content=\"Tiempo de lectura estimado\" \/>\n\t\t<meta name=\"twitter:data2\" content=\"1 minuto\" \/>\n\t\t<script type=\"application\/ld+json\" class=\"aioseo-schema\">\n\t\t\t{\"@context\":\"https:\\\/\\\/schema.org\",\"@graph\":[{\"@type\":\"BlogPosting\",\"@id\":\"https:\\\/\\\/www.eldigitaldeasturias.com\\\/noticias\\\/aemet-reduce-la-alerta-en-asturias-por-fenomenos-costeros\\\/#blogposting\",\"name\":\"AEMET reduce la alerta en Asturias por fen\\u00f3menos costeros - El Digital de Asturias\",\"headline\":\"AEMET reduce la alerta en Asturias por fen\\u00f3menos costeros\",\"author\":{\"@id\":\"https:\\\/\\\/www.eldigitaldeasturias.com\\\/noticias\\\/author\\\/admin\\\/#author\"},\"publisher\":{\"@id\":\"https:\\\/\\\/www.eldigitaldeasturias.com\\\/noticias\\\/#organization\"},\"image\":{\"@type\":\"ImageObject\",\"url\":469759},\"datePublished\":\"2014-02-02T12:14:15+01:00\",\"dateModified\":\"2014-02-02T12:20:17+01:00\",\"inLanguage\":\"es-ES\",\"mainEntityOfPage\":{\"@id\":\"https:\\\/\\\/www.eldigitaldeasturias.com\\\/noticias\\\/aemet-reduce-la-alerta-en-asturias-por-fenomenos-costeros\\\/#webpage\"},\"isPartOf\":{\"@id\":\"https:\\\/\\\/www.eldigitaldeasturias.com\\\/noticias\\\/aemet-reduce-la-alerta-en-asturias-por-fenomenos-costeros\\\/#webpage\"},\"articleSection\":\"Actualidad, Actualidad Asturias\"},{\"@type\":\"BreadcrumbList\",\"@id\":\"https:\\\/\\\/www.eldigitaldeasturias.com\\\/noticias\\\/aemet-reduce-la-alerta-en-asturias-por-fenomenos-costeros\\\/#breadcrumblist\",\"itemListElement\":[{\"@type\":\"ListItem\",\"@id\":\"https:\\\/\\\/www.eldigitaldeasturias.com\\\/noticias#listItem\",\"position\":1,\"name\":\"Home\",\"item\":\"https:\\\/\\\/www.eldigitaldeasturias.com\\\/noticias\",\"nextItem\":{\"@type\":\"ListItem\",\"@id\":\"https:\\\/\\\/www.eldigitaldeasturias.com\\\/noticias\\\/category\\\/actualidad\\\/#listItem\",\"name\":\"Actualidad\"}},{\"@type\":\"ListItem\",\"@id\":\"https:\\\/\\\/www.eldigitaldeasturias.com\\\/noticias\\\/category\\\/actualidad\\\/#listItem\",\"position\":2,\"name\":\"Actualidad\",\"item\":\"https:\\\/\\\/www.eldigitaldeasturias.com\\\/noticias\\\/category\\\/actualidad\\\/\",\"nextItem\":{\"@type\":\"ListItem\",\"@id\":\"https:\\\/\\\/www.eldigitaldeasturias.com\\\/noticias\\\/aemet-reduce-la-alerta-en-asturias-por-fenomenos-costeros\\\/#listItem\",\"name\":\"AEMET reduce la alerta en Asturias por fen\\u00f3menos costeros\"},\"previousItem\":{\"@type\":\"ListItem\",\"@id\":\"https:\\\/\\\/www.eldigitaldeasturias.com\\\/noticias#listItem\",\"name\":\"Home\"}},{\"@type\":\"ListItem\",\"@id\":\"https:\\\/\\\/www.eldigitaldeasturias.com\\\/noticias\\\/aemet-reduce-la-alerta-en-asturias-por-fenomenos-costeros\\\/#listItem\",\"position\":3,\"name\":\"AEMET reduce la alerta en Asturias por fen\\u00f3menos costeros\",\"previousItem\":{\"@type\":\"ListItem\",\"@id\":\"https:\\\/\\\/www.eldigitaldeasturias.com\\\/noticias\\\/category\\\/actualidad\\\/#listItem\",\"name\":\"Actualidad\"}}]},{\"@type\":\"Organization\",\"@id\":\"https:\\\/\\\/www.eldigitaldeasturias.com\\\/noticias\\\/#organization\",\"name\":\"El Digital de Asturias\",\"description\":\"Hemeroteca\",\"url\":\"https:\\\/\\\/www.eldigitaldeasturias.com\\\/noticias\\\/\",\"email\":\"info@eldigitaldeasturias.com\",\"telephone\":\"+34652131393\",\"logo\":{\"@type\":\"ImageObject\",\"url\":\"https:\\\/\\\/www.eldigitaldeasturias.com\\\/noticias\\\/wp-content\\\/uploads\\\/2020\\\/12\\\/EDA.jpg\",\"@id\":\"https:\\\/\\\/www.eldigitaldeasturias.com\\\/noticias\\\/aemet-reduce-la-alerta-en-asturias-por-fenomenos-costeros\\\/#organizationLogo\"},\"image\":{\"@id\":\"https:\\\/\\\/www.eldigitaldeasturias.com\\\/noticias\\\/aemet-reduce-la-alerta-en-asturias-por-fenomenos-costeros\\\/#organizationLogo\"},\"sameAs\":[\"https:\\\/\\\/facebook.com\\\/eldigitaldeasturias\",\"https:\\\/\\\/www.youtube.com\\\/channel\\\/UCZP-2wLEB9Rv6erhFmqVnvg\"],\"address\":{\"@id\":\"https:\\\/\\\/www.eldigitaldeasturias.com\\\/noticias\\\/#postaladdress\",\"@type\":\"PostalAddress\",\"streetAddress\":\"san antonio 4\",\"postalCode\":\"33430\",\"addressLocality\":\"Cand\\u00e1s\",\"addressRegion\":\"Asturias\",\"addressCountry\":\"ES\"}},{\"@type\":\"Person\",\"@id\":\"https:\\\/\\\/www.eldigitaldeasturias.com\\\/noticias\\\/author\\\/admin\\\/#author\",\"url\":\"https:\\\/\\\/www.eldigitaldeasturias.com\\\/noticias\\\/author\\\/admin\\\/\",\"name\":\"El Digital de Asturias\",\"image\":{\"@type\":\"ImageObject\",\"@id\":\"https:\\\/\\\/www.eldigitaldeasturias.com\\\/noticias\\\/aemet-reduce-la-alerta-en-asturias-por-fenomenos-costeros\\\/#authorImage\",\"url\":\"https:\\\/\\\/secure.gravatar.com\\\/avatar\\\/df2aeffc32bcd13f8d26072ef8a91b623d677766deac7f97ca815868cd41bf5e?s=96&d=mm&r=g\",\"width\":96,\"height\":96,\"caption\":\"El Digital de Asturias\"}},{\"@type\":\"WebPage\",\"@id\":\"https:\\\/\\\/www.eldigitaldeasturias.com\\\/noticias\\\/aemet-reduce-la-alerta-en-asturias-por-fenomenos-costeros\\\/#webpage\",\"url\":\"https:\\\/\\\/www.eldigitaldeasturias.com\\\/noticias\\\/aemet-reduce-la-alerta-en-asturias-por-fenomenos-costeros\\\/\",\"name\":\"AEMET reduce la alerta en Asturias por fen\\u00f3menos costeros - El Digital de Asturias\",\"description\":\"Madrid, 2 feb (EFE).- A Coru\\u00f1a y Lugo contin\\u00faan en alerta roja (la m\\u00e1xima) por riesgo extremo de fen\\u00f3menos costeros, seg\\u00fan la Agencia Estatal de Meteorolog\\u00eda (Aemet), que prev\\u00e9 para hoy en estas dos provincias olas de m\\u00e1s de 8 metros mientras que en Asturias se ha reducido para hoy a nivel naranja. Tambi\\u00e9n en\",\"inLanguage\":\"es-ES\",\"isPartOf\":{\"@id\":\"https:\\\/\\\/www.eldigitaldeasturias.com\\\/noticias\\\/#website\"},\"breadcrumb\":{\"@id\":\"https:\\\/\\\/www.eldigitaldeasturias.com\\\/noticias\\\/aemet-reduce-la-alerta-en-asturias-por-fenomenos-costeros\\\/#breadcrumblist\"},\"author\":{\"@id\":\"https:\\\/\\\/www.eldigitaldeasturias.com\\\/noticias\\\/author\\\/admin\\\/#author\"},\"creator\":{\"@id\":\"https:\\\/\\\/www.eldigitaldeasturias.com\\\/noticias\\\/author\\\/admin\\\/#author\"},\"image\":{\"@type\":\"ImageObject\",\"url\":469759,\"@id\":\"https:\\\/\\\/www.eldigitaldeasturias.com\\\/noticias\\\/aemet-reduce-la-alerta-en-asturias-por-fenomenos-costeros\\\/#mainImage\"},\"primaryImageOfPage\":{\"@id\":\"https:\\\/\\\/www.eldigitaldeasturias.com\\\/noticias\\\/aemet-reduce-la-alerta-en-asturias-por-fenomenos-costeros\\\/#mainImage\"},\"datePublished\":\"2014-02-02T12:14:15+01:00\",\"dateModified\":\"2014-02-02T12:20:17+01:00\"},{\"@type\":\"WebSite\",\"@id\":\"https:\\\/\\\/www.eldigitaldeasturias.com\\\/noticias\\\/#website\",\"url\":\"https:\\\/\\\/www.eldigitaldeasturias.com\\\/noticias\\\/\",\"name\":\"El Digital de Asturias - Diario de actualidad y noticias\",\"alternateName\":\"El Digital de Asturias - Diario de actualidad y noticias\",\"description\":\"Hemeroteca\",\"inLanguage\":\"es-ES\",\"publisher\":{\"@id\":\"https:\\\/\\\/www.eldigitaldeasturias.com\\\/noticias\\\/#organization\"}}]}\n\t\t<\/script>\n\t\t<!-- All in One SEO Pro -->\r\n\t\t<title>AEMET reduce la alerta en Asturias por fen\u00f3menos costeros - El Digital de Asturias<\/title>\n\n","aioseo_head_json":{"title":"AEMET reduce la alerta en Asturias por fen\u00f3menos costeros - El Digital de Asturias","description":"Madrid, 2 feb (EFE).- A Coru\u00f1a y Lugo contin\u00faan en alerta roja (la m\u00e1xima) por riesgo extremo de fen\u00f3menos costeros, seg\u00fan la Agencia Estatal de Meteorolog\u00eda (Aemet), que prev\u00e9 para hoy en estas dos provincias olas de m\u00e1s de 8 metros mientras que en Asturias se ha reducido para hoy a nivel naranja. Tambi\u00e9n en","canonical_url":"https:\/\/www.eldigitaldeasturias.com\/noticias\/aemet-reduce-la-alerta-en-asturias-por-fenomenos-costeros\/","robots":"max-image-preview:large","keywords":"actualidad,actualidad asturias","webmasterTools":{"google-site-verification":"UA-38556648-1","msvalidate.01":"7dfe9f3f1b24437ab69f4f2559babe99","miscellaneous":""},"schema":{"@context":"https:\/\/schema.org","@graph":[{"@type":"BlogPosting","@id":"https:\/\/www.eldigitaldeasturias.com\/noticias\/aemet-reduce-la-alerta-en-asturias-por-fenomenos-costeros\/#blogposting","name":"AEMET reduce la alerta en Asturias por fen\u00f3menos costeros - El Digital de Asturias","headline":"AEMET reduce la alerta en Asturias por fen\u00f3menos costeros","author":{"@id":"https:\/\/www.eldigitaldeasturias.com\/noticias\/author\/admin\/#author"},"publisher":{"@id":"https:\/\/www.eldigitaldeasturias.com\/noticias\/#organization"},"image":{"@type":"ImageObject","url":469759},"datePublished":"2014-02-02T12:14:15+01:00","dateModified":"2014-02-02T12:20:17+01:00","inLanguage":"es-ES","mainEntityOfPage":{"@id":"https:\/\/www.eldigitaldeasturias.com\/noticias\/aemet-reduce-la-alerta-en-asturias-por-fenomenos-costeros\/#webpage"},"isPartOf":{"@id":"https:\/\/www.eldigitaldeasturias.com\/noticias\/aemet-reduce-la-alerta-en-asturias-por-fenomenos-costeros\/#webpage"},"articleSection":"Actualidad, Actualidad Asturias"},{"@type":"BreadcrumbList","@id":"https:\/\/www.eldigitaldeasturias.com\/noticias\/aemet-reduce-la-alerta-en-asturias-por-fenomenos-costeros\/#breadcrumblist","itemListElement":[{"@type":"ListItem","@id":"https:\/\/www.eldigitaldeasturias.com\/noticias#listItem","position":1,"name":"Home","item":"https:\/\/www.eldigitaldeasturias.com\/noticias","nextItem":{"@type":"ListItem","@id":"https:\/\/www.eldigitaldeasturias.com\/noticias\/category\/actualidad\/#listItem","name":"Actualidad"}},{"@type":"ListItem","@id":"https:\/\/www.eldigitaldeasturias.com\/noticias\/category\/actualidad\/#listItem","position":2,"name":"Actualidad","item":"https:\/\/www.eldigitaldeasturias.com\/noticias\/category\/actualidad\/","nextItem":{"@type":"ListItem","@id":"https:\/\/www.eldigitaldeasturias.com\/noticias\/aemet-reduce-la-alerta-en-asturias-por-fenomenos-costeros\/#listItem","name":"AEMET reduce la alerta en Asturias por fen\u00f3menos costeros"},"previousItem":{"@type":"ListItem","@id":"https:\/\/www.eldigitaldeasturias.com\/noticias#listItem","name":"Home"}},{"@type":"ListItem","@id":"https:\/\/www.eldigitaldeasturias.com\/noticias\/aemet-reduce-la-alerta-en-asturias-por-fenomenos-costeros\/#listItem","position":3,"name":"AEMET reduce la alerta en Asturias por fen\u00f3menos costeros","previousItem":{"@type":"ListItem","@id":"https:\/\/www.eldigitaldeasturias.com\/noticias\/category\/actualidad\/#listItem","name":"Actualidad"}}]},{"@type":"Organization","@id":"https:\/\/www.eldigitaldeasturias.com\/noticias\/#organization","name":"El Digital de Asturias","description":"Hemeroteca","url":"https:\/\/www.eldigitaldeasturias.com\/noticias\/","email":"info@eldigitaldeasturias.com","telephone":"+34652131393","logo":{"@type":"ImageObject","url":"https:\/\/www.eldigitaldeasturias.com\/noticias\/wp-content\/uploads\/2020\/12\/EDA.jpg","@id":"https:\/\/www.eldigitaldeasturias.com\/noticias\/aemet-reduce-la-alerta-en-asturias-por-fenomenos-costeros\/#organizationLogo"},"image":{"@id":"https:\/\/www.eldigitaldeasturias.com\/noticias\/aemet-reduce-la-alerta-en-asturias-por-fenomenos-costeros\/#organizationLogo"},"sameAs":["https:\/\/facebook.com\/eldigitaldeasturias","https:\/\/www.youtube.com\/channel\/UCZP-2wLEB9Rv6erhFmqVnvg"],"address":{"@id":"https:\/\/www.eldigitaldeasturias.com\/noticias\/#postaladdress","@type":"PostalAddress","streetAddress":"san antonio 4","postalCode":"33430","addressLocality":"Cand\u00e1s","addressRegion":"Asturias","addressCountry":"ES"}},{"@type":"Person","@id":"https:\/\/www.eldigitaldeasturias.com\/noticias\/author\/admin\/#author","url":"https:\/\/www.eldigitaldeasturias.com\/noticias\/author\/admin\/","name":"El Digital de Asturias","image":{"@type":"ImageObject","@id":"https:\/\/www.eldigitaldeasturias.com\/noticias\/aemet-reduce-la-alerta-en-asturias-por-fenomenos-costeros\/#authorImage","url":"https:\/\/secure.gravatar.com\/avatar\/df2aeffc32bcd13f8d26072ef8a91b623d677766deac7f97ca815868cd41bf5e?s=96&d=mm&r=g","width":96,"height":96,"caption":"El Digital de Asturias"}},{"@type":"WebPage","@id":"https:\/\/www.eldigitaldeasturias.com\/noticias\/aemet-reduce-la-alerta-en-asturias-por-fenomenos-costeros\/#webpage","url":"https:\/\/www.eldigitaldeasturias.com\/noticias\/aemet-reduce-la-alerta-en-asturias-por-fenomenos-costeros\/","name":"AEMET reduce la alerta en Asturias por fen\u00f3menos costeros - El Digital de Asturias","description":"Madrid, 2 feb (EFE).- A Coru\u00f1a y Lugo contin\u00faan en alerta roja (la m\u00e1xima) por riesgo extremo de fen\u00f3menos costeros, seg\u00fan la Agencia Estatal de Meteorolog\u00eda (Aemet), que prev\u00e9 para hoy en estas dos provincias olas de m\u00e1s de 8 metros mientras que en Asturias se ha reducido para hoy a nivel naranja. Tambi\u00e9n en","inLanguage":"es-ES","isPartOf":{"@id":"https:\/\/www.eldigitaldeasturias.com\/noticias\/#website"},"breadcrumb":{"@id":"https:\/\/www.eldigitaldeasturias.com\/noticias\/aemet-reduce-la-alerta-en-asturias-por-fenomenos-costeros\/#breadcrumblist"},"author":{"@id":"https:\/\/www.eldigitaldeasturias.com\/noticias\/author\/admin\/#author"},"creator":{"@id":"https:\/\/www.eldigitaldeasturias.com\/noticias\/author\/admin\/#author"},"image":{"@type":"ImageObject","url":469759,"@id":"https:\/\/www.eldigitaldeasturias.com\/noticias\/aemet-reduce-la-alerta-en-asturias-por-fenomenos-costeros\/#mainImage"},"primaryImageOfPage":{"@id":"https:\/\/www.eldigitaldeasturias.com\/noticias\/aemet-reduce-la-alerta-en-asturias-por-fenomenos-costeros\/#mainImage"},"datePublished":"2014-02-02T12:14:15+01:00","dateModified":"2014-02-02T12:20:17+01:00"},{"@type":"WebSite","@id":"https:\/\/www.eldigitaldeasturias.com\/noticias\/#website","url":"https:\/\/www.eldigitaldeasturias.com\/noticias\/","name":"El Digital de Asturias - Diario de actualidad y noticias","alternateName":"El Digital de Asturias - Diario de actualidad y noticias","description":"Hemeroteca","inLanguage":"es-ES","publisher":{"@id":"https:\/\/www.eldigitaldeasturias.com\/noticias\/#organization"}}]},"og:locale":"es_ES","og:site_name":"El Digital de Asturias","og:type":"article","og:title":"AEMET reduce la alerta en Asturias por fen\u00f3menos costeros - El Digital de Asturias","og:description":"Madrid, 2 feb (EFE).- A Coru\u00f1a y Lugo contin\u00faan en alerta roja (la m\u00e1xima) por riesgo extremo de fen\u00f3menos costeros, seg\u00fan la Agencia Estatal de Meteorolog\u00eda (Aemet), que prev\u00e9 para hoy en estas dos provincias olas de m\u00e1s de 8 metros mientras que en Asturias se ha reducido para hoy a nivel naranja. Tambi\u00e9n en","og:url":"https:\/\/www.eldigitaldeasturias.com\/noticias\/aemet-reduce-la-alerta-en-asturias-por-fenomenos-costeros\/","article:tag":["actualidad","actualidad asturias"],"article:published_time":"2014-02-02T13:14:15+00:00","article:modified_time":"2014-02-02T13:20:17+00:00","article:publisher":"https:\/\/facebook.com\/eldigitaldeasturias","twitter:card":"summary_large_image","twitter:title":"AEMET reduce la alerta en Asturias por fen\u00f3menos costeros - El Digital de Asturias","twitter:description":"Madrid, 2 feb (EFE).- A Coru\u00f1a y Lugo contin\u00faan en alerta roja (la m\u00e1xima) por riesgo extremo de fen\u00f3menos costeros, seg\u00fan la Agencia Estatal de Meteorolog\u00eda (Aemet), que prev\u00e9 para hoy en estas dos provincias olas de m\u00e1s de 8 metros mientras que en Asturias se ha reducido para hoy a nivel naranja. Tambi\u00e9n en","twitter:label1":"Escrito por","twitter:data1":"El Digital de Asturias","twitter:label2":"Tiempo de lectura estimado","twitter:data2":"1 minuto"},"aioseo_meta_data":{"post_id":"481986","title":null,"description":null,"keywords":null,"keyphrases":null,"primary_term":null,"canonical_url":null,"og_title":null,"og_description":null,"og_object_type":"default","og_image_type":"default","og_image_url":null,"og_image_width":null,"og_image_height":null,"og_image_custom_url":null,"og_image_custom_fields":null,"og_video":null,"og_custom_url":null,"og_article_section":null,"og_article_tags":null,"twitter_use_og":true,"twitter_card":"default","twitter_image_type":"default","twitter_image_url":null,"twitter_image_custom_url":null,"twitter_image_custom_fields":null,"twitter_title":null,"twitter_description":null,"schema":{"blockGraphs":[],"customGraphs":[],"default":{"data":{"Article":[],"Course":[],"Dataset":[],"FAQPage":[],"Movie":[],"Person":[],"Product":[],"ProductReview":[],"Car":[],"Recipe":[],"Service":[],"SoftwareApplication":[],"WebPage":[]},"graphName":"","isEnabled":true},"graphs":[],"defaultGraph":"","defaultPostTypeGraph":""},"schema_type":null,"schema_type_options":null,"pillar_content":false,"robots_default":true,"robots_noindex":false,"robots_noarchive":false,"robots_nosnippet":false,"robots_nofollow":false,"robots_noimageindex":false,"robots_noodp":false,"robots_notranslate":false,"robots_max_snippet":null,"robots_max_videopreview":null,"robots_max_imagepreview":"none","priority":null,"frequency":null,"local_seo":null,"seo_analyzer_scan_date":"2026-06-02 08:29:19","breadcrumb_settings":null,"limit_modified_date":false,"open_ai":null,"ai":null,"created":"2020-11-14 22:54:31","updated":"2026-06-02 08:29:19","focus_keyword":null,"additional_keywords":null,"truseo_locale":null},"aioseo_breadcrumb":"<div class=\"aioseo-breadcrumbs\"><span class=\"aioseo-breadcrumb\">\n\t<a href=\"https:\/\/www.eldigitaldeasturias.com\/noticias\" title=\"Home\">Home<\/a>\n<\/span><span class=\"aioseo-breadcrumb-separator\">\u2013<\/span><span class=\"aioseo-breadcrumb\">\n\t<a href=\"https:\/\/www.eldigitaldeasturias.com\/noticias\/category\/actualidad\/\" title=\"Actualidad\">Actualidad<\/a>\n<\/span><span class=\"aioseo-breadcrumb-separator\">\u2013<\/span><span class=\"aioseo-breadcrumb\">\n\t<a href=\"https:\/\/www.eldigitaldeasturias.com\/noticias\/aemet-reduce-la-alerta-en-asturias-por-fenomenos-costeros\/\" title=\"AEMET reduce la alerta en Asturias por fen\u00f3menos costeros\">AEMET reduce la alerta en Asturias por fen\u00f3menos costeros<\/a>\n<\/span><\/div>","aioseo_breadcrumb_json":[{"label":"Home","link":"https:\/\/www.eldigitaldeasturias.com\/noticias"},{"label":"Actualidad","link":"https:\/\/www.eldigitaldeasturias.com\/noticias\/category\/actualidad\/"},{"label":"AEMET reduce la alerta en Asturias por fen\u00f3menos costeros","link":"https:\/\/www.eldigitaldeasturias.com\/noticias\/aemet-reduce-la-alerta-en-asturias-por-fenomenos-costeros\/"}],"_links":{"self":[{"href":"https:\/\/www.eldigitaldeasturias.com\/noticias\/wp-json\/wp\/v2\/posts\/481986","targetHints":{"allow":["GET"]}}],"collection":[{"href":"https:\/\/www.eldigitaldeasturias.com\/noticias\/wp-json\/wp\/v2\/posts"}],"about":[{"href":"https:\/\/www.eldigitaldeasturias.com\/noticias\/wp-json\/wp\/v2\/types\/post"}],"author":[{"embeddable":true,"href":"https:\/\/www.eldigitaldeasturias.com\/noticias\/wp-json\/wp\/v2\/users\/1"}],"replies":[{"embeddable":true,"href":"https:\/\/www.eldigitaldeasturias.com\/noticias\/wp-json\/wp\/v2\/comments?post=481986"}],"version-history":[{"count":0,"href":"https:\/\/www.eldigitaldeasturias.com\/noticias\/wp-json\/wp\/v2\/posts\/481986\/revisions"}],"wp:attachment":[{"href":"https:\/\/www.eldigitaldeasturias.com\/noticias\/wp-json\/wp\/v2\/media?parent=481986"}],"wp:term":[{"taxonomy":"category","embeddable":true,"href":"https:\/\/www.eldigitaldeasturias.com\/noticias\/wp-json\/wp\/v2\/categories?post=481986"},{"taxonomy":"post_tag","embeddable":true,"href":"https:\/\/www.eldigitaldeasturias.com\/noticias\/wp-json\/wp\/v2\/tags?post=481986"}],"curies":[{"name":"wp","href":"https:\/\/api.w.org\/{rel}","templated":true}]}}