{"id":481972,"date":"2014-02-01T23:52:24","date_gmt":"2014-02-02T00:52:24","guid":{"rendered":"http:\/\/www.eldigitaldeasturias.com\/noticias\/?p=481972"},"modified":"2014-02-01T23:52:24","modified_gmt":"2014-02-02T00:52:24","slug":"costa-rica-se-dispone-a-elegir-nuevo-presidente-con-inclinacion-a-la-izquierda","status":"publish","type":"post","link":"https:\/\/www.eldigitaldeasturias.com\/noticias\/costa-rica-se-dispone-a-elegir-nuevo-presidente-con-inclinacion-a-la-izquierda\/","title":{"rendered":"Costa Rica se dispone a elegir nuevo presidente con inclinaci\u00f3n a la izquierda"},"content":{"rendered":"<p><img loading=\"lazy\" decoding=\"async\" class=\"alignleft size-medium wp-image-481973\" alt=\"5900595w\" src=\"https:\/\/www.eldigitaldeasturias.com\/noticias\/wp-content\/uploads\/2014\/02\/5900595w-360x239.jpg\" width=\"360\" height=\"239\" \/>San Jos\u00e9, 2 feb (EFE).- Los costarricenses elegir\u00e1n este domingo, aparentemente inclinados a la izquierda, al sustituto de la primera mujer que ha presidido el pa\u00eds, Laura Chinchilla, tras una campa\u00f1a que presagia la necesidad de una segunda vuelta en las urnas.<\/p>\n<p>Las \u00faltimas encuestas dejan en manos de los indecisos los votos que decidir\u00e1n el resultado, pero indican una tendencia mayoritaria que se reparten el gobernante Partido Liberaci\u00f3n Nacional (PLN), socialdem\u00f3crata, el izquierdista Frente Amplio (FA), y el Partido Acci\u00f3n Ciudadana (PAC), de centro izquierda.<\/p>\n<p>Muy rezagado queda el derechista Movimiento Libertario, que insiste en presentar por cuarta vez consecutiva la candidatura del abogado de 53 a\u00f1os Otto Guevara, entre los cuatro favoritos de los 13 aspirantes presidenciales en estas elecciones en las que los costarricenses tambi\u00e9n elegir\u00e1n a los 57 miembros del poder legislativo.<\/p>\n<p>A excepci\u00f3n del aspirante del FA, el abogado de 36 a\u00f1os Jos\u00e9 Mar\u00eda Villalta, segundo en las encuestas, los principales candidatos, que siguen en campa\u00f1a callejera hasta el \u00faltimo momento, se prestaron juntos el viernes a ser bendecidos por un pastor evang\u00e9lico en un acto que fue transmitido a todo el pa\u00eds por el canal de televisi\u00f3n de ese l\u00edder religioso.<\/p>\n<p>Este hecho bien puede enmarcar el paisaje pol\u00edtico costarricense, en el que la religi\u00f3n, mayoritariamente cristiana, ejerce un peso del que ninguna opci\u00f3n con vocaci\u00f3n ganadora puede zafarse.<\/p>\n<p>El debate sobre la legislaci\u00f3n que regula el aborto ha sido uno de los m\u00e1s encendidos durante la campa\u00f1a, sin que ning\u00fan candidato, sin embargo, se atraviese a desmarcarse de la norma vigente que restringe esa pr\u00e1ctica a casos en los que corre peligro la vida de la madre, ni siquiera el izquierdista Villalta<\/p>\n<p>Johny Araya, alcalde durante 21 a\u00f1os de San Jos\u00e9 desde las filas del PLN, que tambi\u00e9n ha gobernado el pa\u00eds durante los \u00faltimos tres mandatos, encabeza la preferencia de votos, aunque ni siquiera se acerca al 40 por ciento m\u00e1s uno de los sufragios necesarios para ganar en primera vuelta.<\/p>\n<p>Para consolidar su puesto de favorito y conquistar la victoria en primera vuelta, el exalcalde ha intentado con poco \u00e9xito desmarcarse y desentenderse de la gesti\u00f3n de su compa\u00f1era de filas Chinchilla, que ha ejercido el mandato m\u00e1s impopular de la historia reciente de Costa Rica.<\/p>\n<p>En la recta final de la campa\u00f1a, Araya ha visto c\u00f3mo se le han acercado peligrosamente Villalta y el candidato del PAC, Luis Guilermo Sol\u00eds, profesor universitario de 53 a\u00f1os casado con la espa\u00f1ola Mercedes Pe\u00f1a.<\/p>\n<p>El PAC es una escisi\u00f3n del PLN, formada por una grupo de pol\u00edticos en desacuerdo con el viraje a la derecha de esa formaci\u00f3n, perteneciente a la Internacional Socialista y liderada tradicionalmente por el Premio Nobel de la Paz y expresidente Oscar Arias.<\/p>\n<p>Precisamente el inesperado enfrentamiento entre la familia de Arias y Chinchilla al principio del mandato de esta es uno de los lastres que, seg\u00fan los analistas consultados por EFE, han conducido finalmente al fracaso la gesti\u00f3n de la presidenta.<\/p>\n<p>Chinchilla adem\u00e1s deja al pa\u00eds con un in\u00e9dito aumento del d\u00e9ficit p\u00fablico (4,6%) y una creciente tendencia a la desigualdad entre los costarricenses, en el pa\u00eds latinoamericano hasta ahora con una mejor distribuci\u00f3n de la riqueza.<\/p>\n<p>La privatizaci\u00f3n de la mayor\u00eda de los servicios p\u00fablicos, en una naci\u00f3n tradicionalmente estatista, iniciada por Arias, antecesor y promotor pol\u00edtico de Chinchilla, ha dado por ahora m\u00e1s disgustos que beneficios a los ciudadanos.<\/p>\n<p>Quiz\u00e1s esa sea la raz\u00f3n por la que ha subido como la espuma tanto la popularidad como el \u00abterror pol\u00edtico\u00bb en torno a la figura de Villalta, que ha tenido que soportar durante la campa\u00f1a desde todos los frentes los calificativos de \u00abcomunista\u00bb y \u00abchavista\u00bb.<\/p>\n<p>La asentada oligarqu\u00eda costarricense siente p\u00e1nico ante la posibilidad de ver a su pa\u00eds unido al eje de los de la Alternativa Bolivariana para las Am\u00e9ricas (ALBA), Bolivia, Ecuador, Venezuela, Nicaragua y Cuba, algo ajeno al programa de Villalta.<\/p>\n<p>En Costa Rica, un pa\u00eds de 4,7 millones de habitantes, est\u00e1n habilitados casi 3,1 millones de personas para votar por el presidente, los dos vicepresidentes y los 57 diputados de la Asamblea Legislativa para el periodo 2014-2018.<\/p>\n<p>El Tribunal Supremo de Elecciones (TSE) tiene previsto dar a conocer los primeros resultados de las votaciones en una sesi\u00f3n solemne a las 20.00 hora local del domingo (02.00 GMT del lunes), dos horas despu\u00e9s de cerradas las urnas.<\/p>\n<p>En caso de que exista una diferencia menor al 2 % entre los dos candidatos con mayor cantidad de votos se contar\u00e1n una por una las papeletas.<\/p>\n<p>Alejandro Varela<\/p>\n","protected":false},"excerpt":{"rendered":"<p>San Jos\u00e9, 2 feb (EFE).- Los costarricenses elegir\u00e1n este domingo, aparentemente inclinados a la izquierda, al sustituto de la primera mujer que ha presidido el pa\u00eds, Laura Chinchilla, tras una campa\u00f1a que presagia la necesidad de una segunda vuelta en las urnas. Las \u00faltimas encuestas dejan en manos de los indecisos los votos que decidir\u00e1n [&hellip;]<\/p>\n","protected":false},"author":1,"featured_media":481973,"comment_status":"closed","ping_status":"open","sticky":false,"template":"","format":"standard","meta":{"footnotes":""},"categories":[1],"tags":[],"class_list":["post-481972","post","type-post","status-publish","format-standard","has-post-thumbnail","hentry","category-actualidad"],"aioseo_notices":[],"aioseo_head":"\n\t\t<!-- All in One SEO Pro 5.0.1 - aioseo.com -->\n\t<meta name=\"description\" content=\"San Jos\u00e9, 2 feb (EFE).- Los costarricenses elegir\u00e1n este domingo, aparentemente inclinados a la izquierda, al sustituto de la primera mujer que ha presidido el pa\u00eds, Laura Chinchilla, tras una campa\u00f1a que presagia la necesidad de una segunda vuelta en las urnas. Las \u00faltimas encuestas dejan en manos de los indecisos los votos que decidir\u00e1n\" \/>\n\t<meta name=\"robots\" content=\"max-image-preview:large\" \/>\n\t<meta name=\"author\" content=\"El Digital de Asturias\"\/>\n\t<meta name=\"google-site-verification\" content=\"UA-38556648-1\" \/>\n\t<meta name=\"msvalidate.01\" content=\"7dfe9f3f1b24437ab69f4f2559babe99\" \/>\n\t<meta name=\"keywords\" content=\"actualidad\" \/>\n\t<link rel=\"canonical\" href=\"https:\/\/www.eldigitaldeasturias.com\/noticias\/costa-rica-se-dispone-a-elegir-nuevo-presidente-con-inclinacion-a-la-izquierda\/\" \/>\n\t<meta name=\"generator\" content=\"All in One SEO Pro (AIOSEO) 5.0.1\" \/>\n\t\t<meta property=\"og:locale\" content=\"es_ES\" \/>\n\t\t<meta property=\"og:site_name\" content=\"El Digital de Asturias\" \/>\n\t\t<meta property=\"og:type\" content=\"article\" \/>\n\t\t<meta property=\"og:title\" content=\"Costa Rica se dispone a elegir nuevo presidente con inclinaci\u00f3n a la izquierda - El Digital de Asturias\" \/>\n\t\t<meta property=\"og:description\" content=\"San Jos\u00e9, 2 feb (EFE).- Los costarricenses elegir\u00e1n este domingo, aparentemente inclinados a la izquierda, al sustituto de la primera mujer que ha presidido el pa\u00eds, Laura Chinchilla, tras una campa\u00f1a que presagia la necesidad de una segunda vuelta en las urnas. Las \u00faltimas encuestas dejan en manos de los indecisos los votos que decidir\u00e1n\" \/>\n\t\t<meta property=\"og:url\" content=\"https:\/\/www.eldigitaldeasturias.com\/noticias\/costa-rica-se-dispone-a-elegir-nuevo-presidente-con-inclinacion-a-la-izquierda\/\" \/>\n\t\t<meta property=\"article:tag\" content=\"actualidad\" \/>\n\t\t<meta property=\"article:published_time\" content=\"2014-02-02T00:52:24+00:00\" \/>\n\t\t<meta property=\"article:modified_time\" content=\"2014-02-02T00:52:24+00:00\" \/>\n\t\t<meta property=\"article:publisher\" content=\"https:\/\/facebook.com\/eldigitaldeasturias\" \/>\n\t\t<meta name=\"twitter:card\" content=\"summary_large_image\" \/>\n\t\t<meta name=\"twitter:title\" content=\"Costa Rica se dispone a elegir nuevo presidente con inclinaci\u00f3n a la izquierda - El Digital de Asturias\" \/>\n\t\t<meta name=\"twitter:description\" content=\"San Jos\u00e9, 2 feb (EFE).- Los costarricenses elegir\u00e1n este domingo, aparentemente inclinados a la izquierda, al sustituto de la primera mujer que ha presidido el pa\u00eds, Laura Chinchilla, tras una campa\u00f1a que presagia la necesidad de una segunda vuelta en las urnas. Las \u00faltimas encuestas dejan en manos de los indecisos los votos que decidir\u00e1n\" \/>\n\t\t<meta name=\"twitter:label1\" content=\"Escrito por\" \/>\n\t\t<meta name=\"twitter:data1\" content=\"El Digital de Asturias\" \/>\n\t\t<meta name=\"twitter:label2\" content=\"Tiempo de lectura estimado\" \/>\n\t\t<meta name=\"twitter:data2\" content=\"4 minutos\" \/>\n\t\t<script type=\"application\/ld+json\" class=\"aioseo-schema\">\n\t\t\t{\"@context\":\"https:\\\/\\\/schema.org\",\"@graph\":[{\"@type\":\"BlogPosting\",\"@id\":\"https:\\\/\\\/www.eldigitaldeasturias.com\\\/noticias\\\/costa-rica-se-dispone-a-elegir-nuevo-presidente-con-inclinacion-a-la-izquierda\\\/#blogposting\",\"name\":\"Costa Rica se dispone a elegir nuevo presidente con inclinaci\\u00f3n a la izquierda - El Digital de Asturias\",\"headline\":\"Costa Rica se dispone a elegir nuevo presidente con inclinaci\\u00f3n a la izquierda\",\"author\":{\"@id\":\"https:\\\/\\\/www.eldigitaldeasturias.com\\\/noticias\\\/author\\\/admin\\\/#author\"},\"publisher\":{\"@id\":\"https:\\\/\\\/www.eldigitaldeasturias.com\\\/noticias\\\/#organization\"},\"image\":{\"@type\":\"ImageObject\",\"url\":481973},\"datePublished\":\"2014-02-01T23:52:24+01:00\",\"dateModified\":\"2014-02-01T23:52:24+01:00\",\"inLanguage\":\"es-ES\",\"mainEntityOfPage\":{\"@id\":\"https:\\\/\\\/www.eldigitaldeasturias.com\\\/noticias\\\/costa-rica-se-dispone-a-elegir-nuevo-presidente-con-inclinacion-a-la-izquierda\\\/#webpage\"},\"isPartOf\":{\"@id\":\"https:\\\/\\\/www.eldigitaldeasturias.com\\\/noticias\\\/costa-rica-se-dispone-a-elegir-nuevo-presidente-con-inclinacion-a-la-izquierda\\\/#webpage\"},\"articleSection\":\"Actualidad\"},{\"@type\":\"BreadcrumbList\",\"@id\":\"https:\\\/\\\/www.eldigitaldeasturias.com\\\/noticias\\\/costa-rica-se-dispone-a-elegir-nuevo-presidente-con-inclinacion-a-la-izquierda\\\/#breadcrumblist\",\"itemListElement\":[{\"@type\":\"ListItem\",\"@id\":\"https:\\\/\\\/www.eldigitaldeasturias.com\\\/noticias#listItem\",\"position\":1,\"name\":\"Home\",\"item\":\"https:\\\/\\\/www.eldigitaldeasturias.com\\\/noticias\",\"nextItem\":{\"@type\":\"ListItem\",\"@id\":\"https:\\\/\\\/www.eldigitaldeasturias.com\\\/noticias\\\/category\\\/actualidad\\\/#listItem\",\"name\":\"Actualidad\"}},{\"@type\":\"ListItem\",\"@id\":\"https:\\\/\\\/www.eldigitaldeasturias.com\\\/noticias\\\/category\\\/actualidad\\\/#listItem\",\"position\":2,\"name\":\"Actualidad\",\"item\":\"https:\\\/\\\/www.eldigitaldeasturias.com\\\/noticias\\\/category\\\/actualidad\\\/\",\"nextItem\":{\"@type\":\"ListItem\",\"@id\":\"https:\\\/\\\/www.eldigitaldeasturias.com\\\/noticias\\\/costa-rica-se-dispone-a-elegir-nuevo-presidente-con-inclinacion-a-la-izquierda\\\/#listItem\",\"name\":\"Costa Rica se dispone a elegir nuevo presidente con inclinaci\\u00f3n a la izquierda\"},\"previousItem\":{\"@type\":\"ListItem\",\"@id\":\"https:\\\/\\\/www.eldigitaldeasturias.com\\\/noticias#listItem\",\"name\":\"Home\"}},{\"@type\":\"ListItem\",\"@id\":\"https:\\\/\\\/www.eldigitaldeasturias.com\\\/noticias\\\/costa-rica-se-dispone-a-elegir-nuevo-presidente-con-inclinacion-a-la-izquierda\\\/#listItem\",\"position\":3,\"name\":\"Costa Rica se dispone a elegir nuevo presidente con inclinaci\\u00f3n a la izquierda\",\"previousItem\":{\"@type\":\"ListItem\",\"@id\":\"https:\\\/\\\/www.eldigitaldeasturias.com\\\/noticias\\\/category\\\/actualidad\\\/#listItem\",\"name\":\"Actualidad\"}}]},{\"@type\":\"Organization\",\"@id\":\"https:\\\/\\\/www.eldigitaldeasturias.com\\\/noticias\\\/#organization\",\"name\":\"El Digital de Asturias\",\"description\":\"Hemeroteca\",\"url\":\"https:\\\/\\\/www.eldigitaldeasturias.com\\\/noticias\\\/\",\"email\":\"info@eldigitaldeasturias.com\",\"telephone\":\"+34652131393\",\"logo\":{\"@type\":\"ImageObject\",\"url\":\"https:\\\/\\\/www.eldigitaldeasturias.com\\\/noticias\\\/wp-content\\\/uploads\\\/2020\\\/12\\\/EDA.jpg\",\"@id\":\"https:\\\/\\\/www.eldigitaldeasturias.com\\\/noticias\\\/costa-rica-se-dispone-a-elegir-nuevo-presidente-con-inclinacion-a-la-izquierda\\\/#organizationLogo\"},\"image\":{\"@id\":\"https:\\\/\\\/www.eldigitaldeasturias.com\\\/noticias\\\/costa-rica-se-dispone-a-elegir-nuevo-presidente-con-inclinacion-a-la-izquierda\\\/#organizationLogo\"},\"sameAs\":[\"https:\\\/\\\/facebook.com\\\/eldigitaldeasturias\",\"https:\\\/\\\/www.youtube.com\\\/channel\\\/UCZP-2wLEB9Rv6erhFmqVnvg\"],\"address\":{\"@id\":\"https:\\\/\\\/www.eldigitaldeasturias.com\\\/noticias\\\/#postaladdress\",\"@type\":\"PostalAddress\",\"streetAddress\":\"san antonio 4\",\"postalCode\":\"33430\",\"addressLocality\":\"Cand\\u00e1s\",\"addressRegion\":\"Asturias\",\"addressCountry\":\"ES\"}},{\"@type\":\"Person\",\"@id\":\"https:\\\/\\\/www.eldigitaldeasturias.com\\\/noticias\\\/author\\\/admin\\\/#author\",\"url\":\"https:\\\/\\\/www.eldigitaldeasturias.com\\\/noticias\\\/author\\\/admin\\\/\",\"name\":\"El Digital de Asturias\",\"image\":{\"@type\":\"ImageObject\",\"@id\":\"https:\\\/\\\/www.eldigitaldeasturias.com\\\/noticias\\\/costa-rica-se-dispone-a-elegir-nuevo-presidente-con-inclinacion-a-la-izquierda\\\/#authorImage\",\"url\":\"https:\\\/\\\/secure.gravatar.com\\\/avatar\\\/df2aeffc32bcd13f8d26072ef8a91b623d677766deac7f97ca815868cd41bf5e?s=96&d=mm&r=g\",\"width\":96,\"height\":96,\"caption\":\"El Digital de Asturias\"}},{\"@type\":\"WebPage\",\"@id\":\"https:\\\/\\\/www.eldigitaldeasturias.com\\\/noticias\\\/costa-rica-se-dispone-a-elegir-nuevo-presidente-con-inclinacion-a-la-izquierda\\\/#webpage\",\"url\":\"https:\\\/\\\/www.eldigitaldeasturias.com\\\/noticias\\\/costa-rica-se-dispone-a-elegir-nuevo-presidente-con-inclinacion-a-la-izquierda\\\/\",\"name\":\"Costa Rica se dispone a elegir nuevo presidente con inclinaci\\u00f3n a la izquierda - El Digital de Asturias\",\"description\":\"San Jos\\u00e9, 2 feb (EFE).- Los costarricenses elegir\\u00e1n este domingo, aparentemente inclinados a la izquierda, al sustituto de la primera mujer que ha presidido el pa\\u00eds, Laura Chinchilla, tras una campa\\u00f1a que presagia la necesidad de una segunda vuelta en las urnas. Las \\u00faltimas encuestas dejan en manos de los indecisos los votos que decidir\\u00e1n\",\"inLanguage\":\"es-ES\",\"isPartOf\":{\"@id\":\"https:\\\/\\\/www.eldigitaldeasturias.com\\\/noticias\\\/#website\"},\"breadcrumb\":{\"@id\":\"https:\\\/\\\/www.eldigitaldeasturias.com\\\/noticias\\\/costa-rica-se-dispone-a-elegir-nuevo-presidente-con-inclinacion-a-la-izquierda\\\/#breadcrumblist\"},\"author\":{\"@id\":\"https:\\\/\\\/www.eldigitaldeasturias.com\\\/noticias\\\/author\\\/admin\\\/#author\"},\"creator\":{\"@id\":\"https:\\\/\\\/www.eldigitaldeasturias.com\\\/noticias\\\/author\\\/admin\\\/#author\"},\"image\":{\"@type\":\"ImageObject\",\"url\":481973,\"@id\":\"https:\\\/\\\/www.eldigitaldeasturias.com\\\/noticias\\\/costa-rica-se-dispone-a-elegir-nuevo-presidente-con-inclinacion-a-la-izquierda\\\/#mainImage\"},\"primaryImageOfPage\":{\"@id\":\"https:\\\/\\\/www.eldigitaldeasturias.com\\\/noticias\\\/costa-rica-se-dispone-a-elegir-nuevo-presidente-con-inclinacion-a-la-izquierda\\\/#mainImage\"},\"datePublished\":\"2014-02-01T23:52:24+01:00\",\"dateModified\":\"2014-02-01T23:52:24+01:00\"},{\"@type\":\"WebSite\",\"@id\":\"https:\\\/\\\/www.eldigitaldeasturias.com\\\/noticias\\\/#website\",\"url\":\"https:\\\/\\\/www.eldigitaldeasturias.com\\\/noticias\\\/\",\"name\":\"El Digital de Asturias - Diario de actualidad y noticias\",\"alternateName\":\"El Digital de Asturias - Diario de actualidad y noticias\",\"description\":\"Hemeroteca\",\"inLanguage\":\"es-ES\",\"publisher\":{\"@id\":\"https:\\\/\\\/www.eldigitaldeasturias.com\\\/noticias\\\/#organization\"}}]}\n\t\t<\/script>\n\t\t<!-- All in One SEO Pro -->\r\n\t\t<title>Costa Rica se dispone a elegir nuevo presidente con inclinaci\u00f3n a la izquierda - El Digital de Asturias<\/title>\n\n","aioseo_head_json":{"title":"Costa Rica se dispone a elegir nuevo presidente con inclinaci\u00f3n a la izquierda - El Digital de Asturias","description":"San Jos\u00e9, 2 feb (EFE).- Los costarricenses elegir\u00e1n este domingo, aparentemente inclinados a la izquierda, al sustituto de la primera mujer que ha presidido el pa\u00eds, Laura Chinchilla, tras una campa\u00f1a que presagia la necesidad de una segunda vuelta en las urnas. Las \u00faltimas encuestas dejan en manos de los indecisos los votos que decidir\u00e1n","canonical_url":"https:\/\/www.eldigitaldeasturias.com\/noticias\/costa-rica-se-dispone-a-elegir-nuevo-presidente-con-inclinacion-a-la-izquierda\/","robots":"max-image-preview:large","keywords":"actualidad","webmasterTools":{"google-site-verification":"UA-38556648-1","msvalidate.01":"7dfe9f3f1b24437ab69f4f2559babe99","miscellaneous":""},"schema":{"@context":"https:\/\/schema.org","@graph":[{"@type":"BlogPosting","@id":"https:\/\/www.eldigitaldeasturias.com\/noticias\/costa-rica-se-dispone-a-elegir-nuevo-presidente-con-inclinacion-a-la-izquierda\/#blogposting","name":"Costa Rica se dispone a elegir nuevo presidente con inclinaci\u00f3n a la izquierda - El Digital de Asturias","headline":"Costa Rica se dispone a elegir nuevo presidente con inclinaci\u00f3n a la izquierda","author":{"@id":"https:\/\/www.eldigitaldeasturias.com\/noticias\/author\/admin\/#author"},"publisher":{"@id":"https:\/\/www.eldigitaldeasturias.com\/noticias\/#organization"},"image":{"@type":"ImageObject","url":481973},"datePublished":"2014-02-01T23:52:24+01:00","dateModified":"2014-02-01T23:52:24+01:00","inLanguage":"es-ES","mainEntityOfPage":{"@id":"https:\/\/www.eldigitaldeasturias.com\/noticias\/costa-rica-se-dispone-a-elegir-nuevo-presidente-con-inclinacion-a-la-izquierda\/#webpage"},"isPartOf":{"@id":"https:\/\/www.eldigitaldeasturias.com\/noticias\/costa-rica-se-dispone-a-elegir-nuevo-presidente-con-inclinacion-a-la-izquierda\/#webpage"},"articleSection":"Actualidad"},{"@type":"BreadcrumbList","@id":"https:\/\/www.eldigitaldeasturias.com\/noticias\/costa-rica-se-dispone-a-elegir-nuevo-presidente-con-inclinacion-a-la-izquierda\/#breadcrumblist","itemListElement":[{"@type":"ListItem","@id":"https:\/\/www.eldigitaldeasturias.com\/noticias#listItem","position":1,"name":"Home","item":"https:\/\/www.eldigitaldeasturias.com\/noticias","nextItem":{"@type":"ListItem","@id":"https:\/\/www.eldigitaldeasturias.com\/noticias\/category\/actualidad\/#listItem","name":"Actualidad"}},{"@type":"ListItem","@id":"https:\/\/www.eldigitaldeasturias.com\/noticias\/category\/actualidad\/#listItem","position":2,"name":"Actualidad","item":"https:\/\/www.eldigitaldeasturias.com\/noticias\/category\/actualidad\/","nextItem":{"@type":"ListItem","@id":"https:\/\/www.eldigitaldeasturias.com\/noticias\/costa-rica-se-dispone-a-elegir-nuevo-presidente-con-inclinacion-a-la-izquierda\/#listItem","name":"Costa Rica se dispone a elegir nuevo presidente con inclinaci\u00f3n a la izquierda"},"previousItem":{"@type":"ListItem","@id":"https:\/\/www.eldigitaldeasturias.com\/noticias#listItem","name":"Home"}},{"@type":"ListItem","@id":"https:\/\/www.eldigitaldeasturias.com\/noticias\/costa-rica-se-dispone-a-elegir-nuevo-presidente-con-inclinacion-a-la-izquierda\/#listItem","position":3,"name":"Costa Rica se dispone a elegir nuevo presidente con inclinaci\u00f3n a la izquierda","previousItem":{"@type":"ListItem","@id":"https:\/\/www.eldigitaldeasturias.com\/noticias\/category\/actualidad\/#listItem","name":"Actualidad"}}]},{"@type":"Organization","@id":"https:\/\/www.eldigitaldeasturias.com\/noticias\/#organization","name":"El Digital de Asturias","description":"Hemeroteca","url":"https:\/\/www.eldigitaldeasturias.com\/noticias\/","email":"info@eldigitaldeasturias.com","telephone":"+34652131393","logo":{"@type":"ImageObject","url":"https:\/\/www.eldigitaldeasturias.com\/noticias\/wp-content\/uploads\/2020\/12\/EDA.jpg","@id":"https:\/\/www.eldigitaldeasturias.com\/noticias\/costa-rica-se-dispone-a-elegir-nuevo-presidente-con-inclinacion-a-la-izquierda\/#organizationLogo"},"image":{"@id":"https:\/\/www.eldigitaldeasturias.com\/noticias\/costa-rica-se-dispone-a-elegir-nuevo-presidente-con-inclinacion-a-la-izquierda\/#organizationLogo"},"sameAs":["https:\/\/facebook.com\/eldigitaldeasturias","https:\/\/www.youtube.com\/channel\/UCZP-2wLEB9Rv6erhFmqVnvg"],"address":{"@id":"https:\/\/www.eldigitaldeasturias.com\/noticias\/#postaladdress","@type":"PostalAddress","streetAddress":"san antonio 4","postalCode":"33430","addressLocality":"Cand\u00e1s","addressRegion":"Asturias","addressCountry":"ES"}},{"@type":"Person","@id":"https:\/\/www.eldigitaldeasturias.com\/noticias\/author\/admin\/#author","url":"https:\/\/www.eldigitaldeasturias.com\/noticias\/author\/admin\/","name":"El Digital de Asturias","image":{"@type":"ImageObject","@id":"https:\/\/www.eldigitaldeasturias.com\/noticias\/costa-rica-se-dispone-a-elegir-nuevo-presidente-con-inclinacion-a-la-izquierda\/#authorImage","url":"https:\/\/secure.gravatar.com\/avatar\/df2aeffc32bcd13f8d26072ef8a91b623d677766deac7f97ca815868cd41bf5e?s=96&d=mm&r=g","width":96,"height":96,"caption":"El Digital de Asturias"}},{"@type":"WebPage","@id":"https:\/\/www.eldigitaldeasturias.com\/noticias\/costa-rica-se-dispone-a-elegir-nuevo-presidente-con-inclinacion-a-la-izquierda\/#webpage","url":"https:\/\/www.eldigitaldeasturias.com\/noticias\/costa-rica-se-dispone-a-elegir-nuevo-presidente-con-inclinacion-a-la-izquierda\/","name":"Costa Rica se dispone a elegir nuevo presidente con inclinaci\u00f3n a la izquierda - El Digital de Asturias","description":"San Jos\u00e9, 2 feb (EFE).- Los costarricenses elegir\u00e1n este domingo, aparentemente inclinados a la izquierda, al sustituto de la primera mujer que ha presidido el pa\u00eds, Laura Chinchilla, tras una campa\u00f1a que presagia la necesidad de una segunda vuelta en las urnas. Las \u00faltimas encuestas dejan en manos de los indecisos los votos que decidir\u00e1n","inLanguage":"es-ES","isPartOf":{"@id":"https:\/\/www.eldigitaldeasturias.com\/noticias\/#website"},"breadcrumb":{"@id":"https:\/\/www.eldigitaldeasturias.com\/noticias\/costa-rica-se-dispone-a-elegir-nuevo-presidente-con-inclinacion-a-la-izquierda\/#breadcrumblist"},"author":{"@id":"https:\/\/www.eldigitaldeasturias.com\/noticias\/author\/admin\/#author"},"creator":{"@id":"https:\/\/www.eldigitaldeasturias.com\/noticias\/author\/admin\/#author"},"image":{"@type":"ImageObject","url":481973,"@id":"https:\/\/www.eldigitaldeasturias.com\/noticias\/costa-rica-se-dispone-a-elegir-nuevo-presidente-con-inclinacion-a-la-izquierda\/#mainImage"},"primaryImageOfPage":{"@id":"https:\/\/www.eldigitaldeasturias.com\/noticias\/costa-rica-se-dispone-a-elegir-nuevo-presidente-con-inclinacion-a-la-izquierda\/#mainImage"},"datePublished":"2014-02-01T23:52:24+01:00","dateModified":"2014-02-01T23:52:24+01:00"},{"@type":"WebSite","@id":"https:\/\/www.eldigitaldeasturias.com\/noticias\/#website","url":"https:\/\/www.eldigitaldeasturias.com\/noticias\/","name":"El Digital de Asturias - Diario de actualidad y noticias","alternateName":"El Digital de Asturias - Diario de actualidad y noticias","description":"Hemeroteca","inLanguage":"es-ES","publisher":{"@id":"https:\/\/www.eldigitaldeasturias.com\/noticias\/#organization"}}]},"og:locale":"es_ES","og:site_name":"El Digital de Asturias","og:type":"article","og:title":"Costa Rica se dispone a elegir nuevo presidente con inclinaci\u00f3n a la izquierda - El Digital de Asturias","og:description":"San Jos\u00e9, 2 feb (EFE).- Los costarricenses elegir\u00e1n este domingo, aparentemente inclinados a la izquierda, al sustituto de la primera mujer que ha presidido el pa\u00eds, Laura Chinchilla, tras una campa\u00f1a que presagia la necesidad de una segunda vuelta en las urnas. Las \u00faltimas encuestas dejan en manos de los indecisos los votos que decidir\u00e1n","og:url":"https:\/\/www.eldigitaldeasturias.com\/noticias\/costa-rica-se-dispone-a-elegir-nuevo-presidente-con-inclinacion-a-la-izquierda\/","article:tag":["actualidad"],"article:published_time":"2014-02-02T00:52:24+00:00","article:modified_time":"2014-02-02T00:52:24+00:00","article:publisher":"https:\/\/facebook.com\/eldigitaldeasturias","twitter:card":"summary_large_image","twitter:title":"Costa Rica se dispone a elegir nuevo presidente con inclinaci\u00f3n a la izquierda - El Digital de Asturias","twitter:description":"San Jos\u00e9, 2 feb (EFE).- Los costarricenses elegir\u00e1n este domingo, aparentemente inclinados a la izquierda, al sustituto de la primera mujer que ha presidido el pa\u00eds, Laura Chinchilla, tras una campa\u00f1a que presagia la necesidad de una segunda vuelta en las urnas. Las \u00faltimas encuestas dejan en manos de los indecisos los votos que decidir\u00e1n","twitter:label1":"Escrito por","twitter:data1":"El Digital de Asturias","twitter:label2":"Tiempo de lectura estimado","twitter:data2":"4 minutos"},"aioseo_meta_data":{"post_id":"481972","title":null,"description":null,"keywords":null,"keyphrases":null,"primary_term":null,"canonical_url":null,"og_title":null,"og_description":null,"og_object_type":"default","og_image_type":"default","og_image_url":null,"og_image_width":null,"og_image_height":null,"og_image_custom_url":null,"og_image_custom_fields":null,"og_video":null,"og_custom_url":null,"og_article_section":null,"og_article_tags":null,"twitter_use_og":true,"twitter_card":"default","twitter_image_type":"default","twitter_image_url":null,"twitter_image_custom_url":null,"twitter_image_custom_fields":null,"twitter_title":null,"twitter_description":null,"schema":{"blockGraphs":[],"customGraphs":[],"default":{"data":{"Article":[],"Course":[],"Dataset":[],"FAQPage":[],"Movie":[],"Person":[],"Product":[],"ProductReview":[],"Car":[],"Recipe":[],"Service":[],"SoftwareApplication":[],"WebPage":[]},"graphName":"","isEnabled":true},"graphs":[],"defaultGraph":"","defaultPostTypeGraph":""},"schema_type":null,"schema_type_options":null,"pillar_content":false,"robots_default":true,"robots_noindex":false,"robots_noarchive":false,"robots_nosnippet":false,"robots_nofollow":false,"robots_noimageindex":false,"robots_noodp":false,"robots_notranslate":false,"robots_max_snippet":null,"robots_max_videopreview":null,"robots_max_imagepreview":"none","priority":null,"frequency":null,"local_seo":null,"seo_analyzer_scan_date":"2026-06-02 08:26:51","breadcrumb_settings":null,"limit_modified_date":false,"open_ai":null,"ai":null,"created":"2020-11-14 22:54:31","updated":"2026-06-02 08:26:51","focus_keyword":null,"additional_keywords":null,"truseo_locale":null},"aioseo_breadcrumb":"<div class=\"aioseo-breadcrumbs\"><span class=\"aioseo-breadcrumb\">\n\t<a href=\"https:\/\/www.eldigitaldeasturias.com\/noticias\" title=\"Home\">Home<\/a>\n<\/span><span class=\"aioseo-breadcrumb-separator\">\u2013<\/span><span class=\"aioseo-breadcrumb\">\n\t<a href=\"https:\/\/www.eldigitaldeasturias.com\/noticias\/category\/actualidad\/\" title=\"Actualidad\">Actualidad<\/a>\n<\/span><span class=\"aioseo-breadcrumb-separator\">\u2013<\/span><span class=\"aioseo-breadcrumb\">\n\t<a href=\"https:\/\/www.eldigitaldeasturias.com\/noticias\/costa-rica-se-dispone-a-elegir-nuevo-presidente-con-inclinacion-a-la-izquierda\/\" title=\"Costa Rica se dispone a elegir nuevo presidente con inclinaci\u00f3n a la izquierda\">Costa Rica se dispone a elegir nuevo presidente con inclinaci\u00f3n a la izquierda<\/a>\n<\/span><\/div>","aioseo_breadcrumb_json":[{"label":"Home","link":"https:\/\/www.eldigitaldeasturias.com\/noticias"},{"label":"Actualidad","link":"https:\/\/www.eldigitaldeasturias.com\/noticias\/category\/actualidad\/"},{"label":"Costa Rica se dispone a elegir nuevo presidente con inclinaci\u00f3n a la izquierda","link":"https:\/\/www.eldigitaldeasturias.com\/noticias\/costa-rica-se-dispone-a-elegir-nuevo-presidente-con-inclinacion-a-la-izquierda\/"}],"_links":{"self":[{"href":"https:\/\/www.eldigitaldeasturias.com\/noticias\/wp-json\/wp\/v2\/posts\/481972","targetHints":{"allow":["GET"]}}],"collection":[{"href":"https:\/\/www.eldigitaldeasturias.com\/noticias\/wp-json\/wp\/v2\/posts"}],"about":[{"href":"https:\/\/www.eldigitaldeasturias.com\/noticias\/wp-json\/wp\/v2\/types\/post"}],"author":[{"embeddable":true,"href":"https:\/\/www.eldigitaldeasturias.com\/noticias\/wp-json\/wp\/v2\/users\/1"}],"replies":[{"embeddable":true,"href":"https:\/\/www.eldigitaldeasturias.com\/noticias\/wp-json\/wp\/v2\/comments?post=481972"}],"version-history":[{"count":0,"href":"https:\/\/www.eldigitaldeasturias.com\/noticias\/wp-json\/wp\/v2\/posts\/481972\/revisions"}],"wp:attachment":[{"href":"https:\/\/www.eldigitaldeasturias.com\/noticias\/wp-json\/wp\/v2\/media?parent=481972"}],"wp:term":[{"taxonomy":"category","embeddable":true,"href":"https:\/\/www.eldigitaldeasturias.com\/noticias\/wp-json\/wp\/v2\/categories?post=481972"},{"taxonomy":"post_tag","embeddable":true,"href":"https:\/\/www.eldigitaldeasturias.com\/noticias\/wp-json\/wp\/v2\/tags?post=481972"}],"curies":[{"name":"wp","href":"https:\/\/api.w.org\/{rel}","templated":true}]}}