{"id":481945,"date":"2014-02-01T23:02:55","date_gmt":"2014-02-02T00:02:55","guid":{"rendered":"http:\/\/www.eldigitaldeasturias.com\/noticias\/?p=481945"},"modified":"2014-02-01T23:02:55","modified_gmt":"2014-02-02T00:02:55","slug":"artur-mas-dice-que-no-impediria-una-consulta-en-la-vall-daran","status":"publish","type":"post","link":"https:\/\/www.eldigitaldeasturias.com\/noticias\/artur-mas-dice-que-no-impediria-una-consulta-en-la-vall-daran\/","title":{"rendered":"Artur Mas dice que no impedir\u00eda una consulta en la Vall d&#8217;Ar\u00e1n"},"content":{"rendered":"<p><img loading=\"lazy\" decoding=\"async\" class=\"alignleft size-medium wp-image-481946\" alt=\"5900477w\" src=\"https:\/\/www.eldigitaldeasturias.com\/noticias\/wp-content\/uploads\/2014\/02\/5900477w-360x241.jpg\" width=\"360\" height=\"241\" \/>Barcelona, 1 feb (EFE).- El presidente de la Generalitat, Artur Mas, ha dicho hoy en una visita a la Vall d&#8217;Ar\u00e1n que no impedir\u00eda una consulta si el valle decidiera impulsarla para decidir su futuro en Catalu\u00f1a.<\/p>\n<p>En declaraciones a los medios en la estaci\u00f3n de esqu\u00ed de B\u00e0queira Beret, donde ha participado en la reuni\u00f3n anual de la Asociaci\u00f3n Catalana de Estaciones de Esqu\u00ed, Mas ha se\u00f1alado que \u00absi un d\u00eda el pueblo aran\u00e9s quiere consultar, Catalu\u00f1a deber\u00e1 respetarlo\u00bb y ha argumentado que los catalanes no negar\u00e1n a los araneses el mismo derecho que reclaman para s\u00ed mismos.<\/p>\n<p>A pesar de esta declaraci\u00f3n, Mas ha advertido: \u00abCatalu\u00f1a siempre trabajar\u00e1 para que Ar\u00e1n siga formando parte de Catalu\u00f1a, pero no impedir\u00edamos que hubiera una consulta\u00bb, y ha invitado al Gobierno espa\u00f1ol a tener esa misma actitud.<\/p>\n","protected":false},"excerpt":{"rendered":"<p>Barcelona, 1 feb (EFE).- El presidente de la Generalitat, Artur Mas, ha dicho hoy en una visita a la Vall d&#8217;Ar\u00e1n que no impedir\u00eda una consulta si el valle decidiera impulsarla para decidir su futuro en Catalu\u00f1a. En declaraciones a los medios en la estaci\u00f3n de esqu\u00ed de B\u00e0queira Beret, donde ha participado en la [&hellip;]<\/p>\n","protected":false},"author":1,"featured_media":481946,"comment_status":"closed","ping_status":"open","sticky":false,"template":"","format":"standard","meta":{"footnotes":""},"categories":[1],"tags":[],"class_list":["post-481945","post","type-post","status-publish","format-standard","has-post-thumbnail","hentry","category-actualidad"],"aioseo_notices":[],"aioseo_head":"\n\t\t<!-- All in One SEO Pro 5.0.1 - aioseo.com -->\n\t<meta name=\"description\" content=\"Barcelona, 1 feb (EFE).- El presidente de la Generalitat, Artur Mas, ha dicho hoy en una visita a la Vall d&#039;Ar\u00e1n que no impedir\u00eda una consulta si el valle decidiera impulsarla para decidir su futuro en Catalu\u00f1a. En declaraciones a los medios en la estaci\u00f3n de esqu\u00ed de B\u00e0queira Beret, donde ha participado en la\" \/>\n\t<meta name=\"robots\" content=\"max-image-preview:large\" \/>\n\t<meta name=\"author\" content=\"El Digital de Asturias\"\/>\n\t<meta name=\"google-site-verification\" content=\"UA-38556648-1\" \/>\n\t<meta name=\"msvalidate.01\" content=\"7dfe9f3f1b24437ab69f4f2559babe99\" \/>\n\t<meta name=\"keywords\" content=\"actualidad\" \/>\n\t<link rel=\"canonical\" href=\"https:\/\/www.eldigitaldeasturias.com\/noticias\/artur-mas-dice-que-no-impediria-una-consulta-en-la-vall-daran\/\" \/>\n\t<meta name=\"generator\" content=\"All in One SEO Pro (AIOSEO) 5.0.1\" \/>\n\t\t<meta property=\"og:locale\" content=\"es_ES\" \/>\n\t\t<meta property=\"og:site_name\" content=\"El Digital de Asturias\" \/>\n\t\t<meta property=\"og:type\" content=\"article\" \/>\n\t\t<meta property=\"og:title\" content=\"Artur Mas dice que no impedir\u00eda una consulta en la Vall d\u2019Ar\u00e1n - El Digital de Asturias\" \/>\n\t\t<meta property=\"og:description\" content=\"Barcelona, 1 feb (EFE).- El presidente de la Generalitat, Artur Mas, ha dicho hoy en una visita a la Vall d&#039;Ar\u00e1n que no impedir\u00eda una consulta si el valle decidiera impulsarla para decidir su futuro en Catalu\u00f1a. En declaraciones a los medios en la estaci\u00f3n de esqu\u00ed de B\u00e0queira Beret, donde ha participado en la\" \/>\n\t\t<meta property=\"og:url\" content=\"https:\/\/www.eldigitaldeasturias.com\/noticias\/artur-mas-dice-que-no-impediria-una-consulta-en-la-vall-daran\/\" \/>\n\t\t<meta property=\"article:tag\" content=\"actualidad\" \/>\n\t\t<meta property=\"article:published_time\" content=\"2014-02-02T00:02:55+00:00\" \/>\n\t\t<meta property=\"article:modified_time\" content=\"2014-02-02T00:02:55+00:00\" \/>\n\t\t<meta property=\"article:publisher\" content=\"https:\/\/facebook.com\/eldigitaldeasturias\" \/>\n\t\t<meta name=\"twitter:card\" content=\"summary_large_image\" \/>\n\t\t<meta name=\"twitter:title\" content=\"Artur Mas dice que no impedir\u00eda una consulta en la Vall d\u2019Ar\u00e1n - El Digital de Asturias\" \/>\n\t\t<meta name=\"twitter:description\" content=\"Barcelona, 1 feb (EFE).- El presidente de la Generalitat, Artur Mas, ha dicho hoy en una visita a la Vall d&#039;Ar\u00e1n que no impedir\u00eda una consulta si el valle decidiera impulsarla para decidir su futuro en Catalu\u00f1a. En declaraciones a los medios en la estaci\u00f3n de esqu\u00ed de B\u00e0queira Beret, donde ha participado en la\" \/>\n\t\t<meta name=\"twitter:label1\" content=\"Escrito por\" \/>\n\t\t<meta name=\"twitter:data1\" content=\"El Digital de Asturias\" \/>\n\t\t<meta name=\"twitter:label2\" content=\"Tiempo de lectura estimado\" \/>\n\t\t<meta name=\"twitter:data2\" content=\"1 minuto\" \/>\n\t\t<script type=\"application\/ld+json\" class=\"aioseo-schema\">\n\t\t\t{\"@context\":\"https:\\\/\\\/schema.org\",\"@graph\":[{\"@type\":\"BlogPosting\",\"@id\":\"https:\\\/\\\/www.eldigitaldeasturias.com\\\/noticias\\\/artur-mas-dice-que-no-impediria-una-consulta-en-la-vall-daran\\\/#blogposting\",\"name\":\"Artur Mas dice que no impedir\\u00eda una consulta en la Vall d\\u2019Ar\\u00e1n - El Digital de Asturias\",\"headline\":\"Artur Mas dice que no impedir\\u00eda una consulta en la Vall d&#8217;Ar\\u00e1n\",\"author\":{\"@id\":\"https:\\\/\\\/www.eldigitaldeasturias.com\\\/noticias\\\/author\\\/admin\\\/#author\"},\"publisher\":{\"@id\":\"https:\\\/\\\/www.eldigitaldeasturias.com\\\/noticias\\\/#organization\"},\"image\":{\"@type\":\"ImageObject\",\"url\":481946},\"datePublished\":\"2014-02-01T23:02:55+01:00\",\"dateModified\":\"2014-02-01T23:02:55+01:00\",\"inLanguage\":\"es-ES\",\"mainEntityOfPage\":{\"@id\":\"https:\\\/\\\/www.eldigitaldeasturias.com\\\/noticias\\\/artur-mas-dice-que-no-impediria-una-consulta-en-la-vall-daran\\\/#webpage\"},\"isPartOf\":{\"@id\":\"https:\\\/\\\/www.eldigitaldeasturias.com\\\/noticias\\\/artur-mas-dice-que-no-impediria-una-consulta-en-la-vall-daran\\\/#webpage\"},\"articleSection\":\"Actualidad\"},{\"@type\":\"BreadcrumbList\",\"@id\":\"https:\\\/\\\/www.eldigitaldeasturias.com\\\/noticias\\\/artur-mas-dice-que-no-impediria-una-consulta-en-la-vall-daran\\\/#breadcrumblist\",\"itemListElement\":[{\"@type\":\"ListItem\",\"@id\":\"https:\\\/\\\/www.eldigitaldeasturias.com\\\/noticias#listItem\",\"position\":1,\"name\":\"Home\",\"item\":\"https:\\\/\\\/www.eldigitaldeasturias.com\\\/noticias\",\"nextItem\":{\"@type\":\"ListItem\",\"@id\":\"https:\\\/\\\/www.eldigitaldeasturias.com\\\/noticias\\\/category\\\/actualidad\\\/#listItem\",\"name\":\"Actualidad\"}},{\"@type\":\"ListItem\",\"@id\":\"https:\\\/\\\/www.eldigitaldeasturias.com\\\/noticias\\\/category\\\/actualidad\\\/#listItem\",\"position\":2,\"name\":\"Actualidad\",\"item\":\"https:\\\/\\\/www.eldigitaldeasturias.com\\\/noticias\\\/category\\\/actualidad\\\/\",\"nextItem\":{\"@type\":\"ListItem\",\"@id\":\"https:\\\/\\\/www.eldigitaldeasturias.com\\\/noticias\\\/artur-mas-dice-que-no-impediria-una-consulta-en-la-vall-daran\\\/#listItem\",\"name\":\"Artur Mas dice que no impedir\\u00eda una consulta en la Vall d&#8217;Ar\\u00e1n\"},\"previousItem\":{\"@type\":\"ListItem\",\"@id\":\"https:\\\/\\\/www.eldigitaldeasturias.com\\\/noticias#listItem\",\"name\":\"Home\"}},{\"@type\":\"ListItem\",\"@id\":\"https:\\\/\\\/www.eldigitaldeasturias.com\\\/noticias\\\/artur-mas-dice-que-no-impediria-una-consulta-en-la-vall-daran\\\/#listItem\",\"position\":3,\"name\":\"Artur Mas dice que no impedir\\u00eda una consulta en la Vall d&#8217;Ar\\u00e1n\",\"previousItem\":{\"@type\":\"ListItem\",\"@id\":\"https:\\\/\\\/www.eldigitaldeasturias.com\\\/noticias\\\/category\\\/actualidad\\\/#listItem\",\"name\":\"Actualidad\"}}]},{\"@type\":\"Organization\",\"@id\":\"https:\\\/\\\/www.eldigitaldeasturias.com\\\/noticias\\\/#organization\",\"name\":\"El Digital de Asturias\",\"description\":\"Hemeroteca\",\"url\":\"https:\\\/\\\/www.eldigitaldeasturias.com\\\/noticias\\\/\",\"email\":\"info@eldigitaldeasturias.com\",\"telephone\":\"+34652131393\",\"logo\":{\"@type\":\"ImageObject\",\"url\":\"https:\\\/\\\/www.eldigitaldeasturias.com\\\/noticias\\\/wp-content\\\/uploads\\\/2020\\\/12\\\/EDA.jpg\",\"@id\":\"https:\\\/\\\/www.eldigitaldeasturias.com\\\/noticias\\\/artur-mas-dice-que-no-impediria-una-consulta-en-la-vall-daran\\\/#organizationLogo\"},\"image\":{\"@id\":\"https:\\\/\\\/www.eldigitaldeasturias.com\\\/noticias\\\/artur-mas-dice-que-no-impediria-una-consulta-en-la-vall-daran\\\/#organizationLogo\"},\"sameAs\":[\"https:\\\/\\\/facebook.com\\\/eldigitaldeasturias\",\"https:\\\/\\\/www.youtube.com\\\/channel\\\/UCZP-2wLEB9Rv6erhFmqVnvg\"],\"address\":{\"@id\":\"https:\\\/\\\/www.eldigitaldeasturias.com\\\/noticias\\\/#postaladdress\",\"@type\":\"PostalAddress\",\"streetAddress\":\"san antonio 4\",\"postalCode\":\"33430\",\"addressLocality\":\"Cand\\u00e1s\",\"addressRegion\":\"Asturias\",\"addressCountry\":\"ES\"}},{\"@type\":\"Person\",\"@id\":\"https:\\\/\\\/www.eldigitaldeasturias.com\\\/noticias\\\/author\\\/admin\\\/#author\",\"url\":\"https:\\\/\\\/www.eldigitaldeasturias.com\\\/noticias\\\/author\\\/admin\\\/\",\"name\":\"El Digital de Asturias\",\"image\":{\"@type\":\"ImageObject\",\"@id\":\"https:\\\/\\\/www.eldigitaldeasturias.com\\\/noticias\\\/artur-mas-dice-que-no-impediria-una-consulta-en-la-vall-daran\\\/#authorImage\",\"url\":\"https:\\\/\\\/secure.gravatar.com\\\/avatar\\\/df2aeffc32bcd13f8d26072ef8a91b623d677766deac7f97ca815868cd41bf5e?s=96&d=mm&r=g\",\"width\":96,\"height\":96,\"caption\":\"El Digital de Asturias\"}},{\"@type\":\"WebPage\",\"@id\":\"https:\\\/\\\/www.eldigitaldeasturias.com\\\/noticias\\\/artur-mas-dice-que-no-impediria-una-consulta-en-la-vall-daran\\\/#webpage\",\"url\":\"https:\\\/\\\/www.eldigitaldeasturias.com\\\/noticias\\\/artur-mas-dice-que-no-impediria-una-consulta-en-la-vall-daran\\\/\",\"name\":\"Artur Mas dice que no impedir\\u00eda una consulta en la Vall d\\u2019Ar\\u00e1n - El Digital de Asturias\",\"description\":\"Barcelona, 1 feb (EFE).- El presidente de la Generalitat, Artur Mas, ha dicho hoy en una visita a la Vall d'Ar\\u00e1n que no impedir\\u00eda una consulta si el valle decidiera impulsarla para decidir su futuro en Catalu\\u00f1a. En declaraciones a los medios en la estaci\\u00f3n de esqu\\u00ed de B\\u00e0queira Beret, donde ha participado en la\",\"inLanguage\":\"es-ES\",\"isPartOf\":{\"@id\":\"https:\\\/\\\/www.eldigitaldeasturias.com\\\/noticias\\\/#website\"},\"breadcrumb\":{\"@id\":\"https:\\\/\\\/www.eldigitaldeasturias.com\\\/noticias\\\/artur-mas-dice-que-no-impediria-una-consulta-en-la-vall-daran\\\/#breadcrumblist\"},\"author\":{\"@id\":\"https:\\\/\\\/www.eldigitaldeasturias.com\\\/noticias\\\/author\\\/admin\\\/#author\"},\"creator\":{\"@id\":\"https:\\\/\\\/www.eldigitaldeasturias.com\\\/noticias\\\/author\\\/admin\\\/#author\"},\"image\":{\"@type\":\"ImageObject\",\"url\":481946,\"@id\":\"https:\\\/\\\/www.eldigitaldeasturias.com\\\/noticias\\\/artur-mas-dice-que-no-impediria-una-consulta-en-la-vall-daran\\\/#mainImage\"},\"primaryImageOfPage\":{\"@id\":\"https:\\\/\\\/www.eldigitaldeasturias.com\\\/noticias\\\/artur-mas-dice-que-no-impediria-una-consulta-en-la-vall-daran\\\/#mainImage\"},\"datePublished\":\"2014-02-01T23:02:55+01:00\",\"dateModified\":\"2014-02-01T23:02:55+01:00\"},{\"@type\":\"WebSite\",\"@id\":\"https:\\\/\\\/www.eldigitaldeasturias.com\\\/noticias\\\/#website\",\"url\":\"https:\\\/\\\/www.eldigitaldeasturias.com\\\/noticias\\\/\",\"name\":\"El Digital de Asturias - Diario de actualidad y noticias\",\"alternateName\":\"El Digital de Asturias - Diario de actualidad y noticias\",\"description\":\"Hemeroteca\",\"inLanguage\":\"es-ES\",\"publisher\":{\"@id\":\"https:\\\/\\\/www.eldigitaldeasturias.com\\\/noticias\\\/#organization\"}}]}\n\t\t<\/script>\n\t\t<!-- All in One SEO Pro -->\r\n\t\t<title>Artur Mas dice que no impedir\u00eda una consulta en la Vall d\u2019Ar\u00e1n - El Digital de Asturias<\/title>\n\n","aioseo_head_json":{"title":"Artur Mas dice que no impedir\u00eda una consulta en la Vall d\u2019Ar\u00e1n - El Digital de Asturias","description":"Barcelona, 1 feb (EFE).- El presidente de la Generalitat, Artur Mas, ha dicho hoy en una visita a la Vall d'Ar\u00e1n que no impedir\u00eda una consulta si el valle decidiera impulsarla para decidir su futuro en Catalu\u00f1a. En declaraciones a los medios en la estaci\u00f3n de esqu\u00ed de B\u00e0queira Beret, donde ha participado en la","canonical_url":"https:\/\/www.eldigitaldeasturias.com\/noticias\/artur-mas-dice-que-no-impediria-una-consulta-en-la-vall-daran\/","robots":"max-image-preview:large","keywords":"actualidad","webmasterTools":{"google-site-verification":"UA-38556648-1","msvalidate.01":"7dfe9f3f1b24437ab69f4f2559babe99","miscellaneous":""},"schema":{"@context":"https:\/\/schema.org","@graph":[{"@type":"BlogPosting","@id":"https:\/\/www.eldigitaldeasturias.com\/noticias\/artur-mas-dice-que-no-impediria-una-consulta-en-la-vall-daran\/#blogposting","name":"Artur Mas dice que no impedir\u00eda una consulta en la Vall d\u2019Ar\u00e1n - El Digital de Asturias","headline":"Artur Mas dice que no impedir\u00eda una consulta en la Vall d&#8217;Ar\u00e1n","author":{"@id":"https:\/\/www.eldigitaldeasturias.com\/noticias\/author\/admin\/#author"},"publisher":{"@id":"https:\/\/www.eldigitaldeasturias.com\/noticias\/#organization"},"image":{"@type":"ImageObject","url":481946},"datePublished":"2014-02-01T23:02:55+01:00","dateModified":"2014-02-01T23:02:55+01:00","inLanguage":"es-ES","mainEntityOfPage":{"@id":"https:\/\/www.eldigitaldeasturias.com\/noticias\/artur-mas-dice-que-no-impediria-una-consulta-en-la-vall-daran\/#webpage"},"isPartOf":{"@id":"https:\/\/www.eldigitaldeasturias.com\/noticias\/artur-mas-dice-que-no-impediria-una-consulta-en-la-vall-daran\/#webpage"},"articleSection":"Actualidad"},{"@type":"BreadcrumbList","@id":"https:\/\/www.eldigitaldeasturias.com\/noticias\/artur-mas-dice-que-no-impediria-una-consulta-en-la-vall-daran\/#breadcrumblist","itemListElement":[{"@type":"ListItem","@id":"https:\/\/www.eldigitaldeasturias.com\/noticias#listItem","position":1,"name":"Home","item":"https:\/\/www.eldigitaldeasturias.com\/noticias","nextItem":{"@type":"ListItem","@id":"https:\/\/www.eldigitaldeasturias.com\/noticias\/category\/actualidad\/#listItem","name":"Actualidad"}},{"@type":"ListItem","@id":"https:\/\/www.eldigitaldeasturias.com\/noticias\/category\/actualidad\/#listItem","position":2,"name":"Actualidad","item":"https:\/\/www.eldigitaldeasturias.com\/noticias\/category\/actualidad\/","nextItem":{"@type":"ListItem","@id":"https:\/\/www.eldigitaldeasturias.com\/noticias\/artur-mas-dice-que-no-impediria-una-consulta-en-la-vall-daran\/#listItem","name":"Artur Mas dice que no impedir\u00eda una consulta en la Vall d&#8217;Ar\u00e1n"},"previousItem":{"@type":"ListItem","@id":"https:\/\/www.eldigitaldeasturias.com\/noticias#listItem","name":"Home"}},{"@type":"ListItem","@id":"https:\/\/www.eldigitaldeasturias.com\/noticias\/artur-mas-dice-que-no-impediria-una-consulta-en-la-vall-daran\/#listItem","position":3,"name":"Artur Mas dice que no impedir\u00eda una consulta en la Vall d&#8217;Ar\u00e1n","previousItem":{"@type":"ListItem","@id":"https:\/\/www.eldigitaldeasturias.com\/noticias\/category\/actualidad\/#listItem","name":"Actualidad"}}]},{"@type":"Organization","@id":"https:\/\/www.eldigitaldeasturias.com\/noticias\/#organization","name":"El Digital de Asturias","description":"Hemeroteca","url":"https:\/\/www.eldigitaldeasturias.com\/noticias\/","email":"info@eldigitaldeasturias.com","telephone":"+34652131393","logo":{"@type":"ImageObject","url":"https:\/\/www.eldigitaldeasturias.com\/noticias\/wp-content\/uploads\/2020\/12\/EDA.jpg","@id":"https:\/\/www.eldigitaldeasturias.com\/noticias\/artur-mas-dice-que-no-impediria-una-consulta-en-la-vall-daran\/#organizationLogo"},"image":{"@id":"https:\/\/www.eldigitaldeasturias.com\/noticias\/artur-mas-dice-que-no-impediria-una-consulta-en-la-vall-daran\/#organizationLogo"},"sameAs":["https:\/\/facebook.com\/eldigitaldeasturias","https:\/\/www.youtube.com\/channel\/UCZP-2wLEB9Rv6erhFmqVnvg"],"address":{"@id":"https:\/\/www.eldigitaldeasturias.com\/noticias\/#postaladdress","@type":"PostalAddress","streetAddress":"san antonio 4","postalCode":"33430","addressLocality":"Cand\u00e1s","addressRegion":"Asturias","addressCountry":"ES"}},{"@type":"Person","@id":"https:\/\/www.eldigitaldeasturias.com\/noticias\/author\/admin\/#author","url":"https:\/\/www.eldigitaldeasturias.com\/noticias\/author\/admin\/","name":"El Digital de Asturias","image":{"@type":"ImageObject","@id":"https:\/\/www.eldigitaldeasturias.com\/noticias\/artur-mas-dice-que-no-impediria-una-consulta-en-la-vall-daran\/#authorImage","url":"https:\/\/secure.gravatar.com\/avatar\/df2aeffc32bcd13f8d26072ef8a91b623d677766deac7f97ca815868cd41bf5e?s=96&d=mm&r=g","width":96,"height":96,"caption":"El Digital de Asturias"}},{"@type":"WebPage","@id":"https:\/\/www.eldigitaldeasturias.com\/noticias\/artur-mas-dice-que-no-impediria-una-consulta-en-la-vall-daran\/#webpage","url":"https:\/\/www.eldigitaldeasturias.com\/noticias\/artur-mas-dice-que-no-impediria-una-consulta-en-la-vall-daran\/","name":"Artur Mas dice que no impedir\u00eda una consulta en la Vall d\u2019Ar\u00e1n - El Digital de Asturias","description":"Barcelona, 1 feb (EFE).- El presidente de la Generalitat, Artur Mas, ha dicho hoy en una visita a la Vall d'Ar\u00e1n que no impedir\u00eda una consulta si el valle decidiera impulsarla para decidir su futuro en Catalu\u00f1a. En declaraciones a los medios en la estaci\u00f3n de esqu\u00ed de B\u00e0queira Beret, donde ha participado en la","inLanguage":"es-ES","isPartOf":{"@id":"https:\/\/www.eldigitaldeasturias.com\/noticias\/#website"},"breadcrumb":{"@id":"https:\/\/www.eldigitaldeasturias.com\/noticias\/artur-mas-dice-que-no-impediria-una-consulta-en-la-vall-daran\/#breadcrumblist"},"author":{"@id":"https:\/\/www.eldigitaldeasturias.com\/noticias\/author\/admin\/#author"},"creator":{"@id":"https:\/\/www.eldigitaldeasturias.com\/noticias\/author\/admin\/#author"},"image":{"@type":"ImageObject","url":481946,"@id":"https:\/\/www.eldigitaldeasturias.com\/noticias\/artur-mas-dice-que-no-impediria-una-consulta-en-la-vall-daran\/#mainImage"},"primaryImageOfPage":{"@id":"https:\/\/www.eldigitaldeasturias.com\/noticias\/artur-mas-dice-que-no-impediria-una-consulta-en-la-vall-daran\/#mainImage"},"datePublished":"2014-02-01T23:02:55+01:00","dateModified":"2014-02-01T23:02:55+01:00"},{"@type":"WebSite","@id":"https:\/\/www.eldigitaldeasturias.com\/noticias\/#website","url":"https:\/\/www.eldigitaldeasturias.com\/noticias\/","name":"El Digital de Asturias - Diario de actualidad y noticias","alternateName":"El Digital de Asturias - Diario de actualidad y noticias","description":"Hemeroteca","inLanguage":"es-ES","publisher":{"@id":"https:\/\/www.eldigitaldeasturias.com\/noticias\/#organization"}}]},"og:locale":"es_ES","og:site_name":"El Digital de Asturias","og:type":"article","og:title":"Artur Mas dice que no impedir\u00eda una consulta en la Vall d\u2019Ar\u00e1n - El Digital de Asturias","og:description":"Barcelona, 1 feb (EFE).- El presidente de la Generalitat, Artur Mas, ha dicho hoy en una visita a la Vall d'Ar\u00e1n que no impedir\u00eda una consulta si el valle decidiera impulsarla para decidir su futuro en Catalu\u00f1a. En declaraciones a los medios en la estaci\u00f3n de esqu\u00ed de B\u00e0queira Beret, donde ha participado en la","og:url":"https:\/\/www.eldigitaldeasturias.com\/noticias\/artur-mas-dice-que-no-impediria-una-consulta-en-la-vall-daran\/","article:tag":["actualidad"],"article:published_time":"2014-02-02T00:02:55+00:00","article:modified_time":"2014-02-02T00:02:55+00:00","article:publisher":"https:\/\/facebook.com\/eldigitaldeasturias","twitter:card":"summary_large_image","twitter:title":"Artur Mas dice que no impedir\u00eda una consulta en la Vall d\u2019Ar\u00e1n - El Digital de Asturias","twitter:description":"Barcelona, 1 feb (EFE).- El presidente de la Generalitat, Artur Mas, ha dicho hoy en una visita a la Vall d'Ar\u00e1n que no impedir\u00eda una consulta si el valle decidiera impulsarla para decidir su futuro en Catalu\u00f1a. En declaraciones a los medios en la estaci\u00f3n de esqu\u00ed de B\u00e0queira Beret, donde ha participado en la","twitter:label1":"Escrito por","twitter:data1":"El Digital de Asturias","twitter:label2":"Tiempo de lectura estimado","twitter:data2":"1 minuto"},"aioseo_meta_data":{"post_id":"481945","title":null,"description":null,"keywords":null,"keyphrases":null,"primary_term":null,"canonical_url":null,"og_title":null,"og_description":null,"og_object_type":"default","og_image_type":"default","og_image_url":null,"og_image_width":null,"og_image_height":null,"og_image_custom_url":null,"og_image_custom_fields":null,"og_video":null,"og_custom_url":null,"og_article_section":null,"og_article_tags":null,"twitter_use_og":true,"twitter_card":"default","twitter_image_type":"default","twitter_image_url":null,"twitter_image_custom_url":null,"twitter_image_custom_fields":null,"twitter_title":null,"twitter_description":null,"schema":{"blockGraphs":[],"customGraphs":[],"default":{"data":{"Article":[],"Course":[],"Dataset":[],"FAQPage":[],"Movie":[],"Person":[],"Product":[],"ProductReview":[],"Car":[],"Recipe":[],"Service":[],"SoftwareApplication":[],"WebPage":[]},"graphName":"","isEnabled":true},"graphs":[],"defaultGraph":"","defaultPostTypeGraph":""},"schema_type":null,"schema_type_options":null,"pillar_content":false,"robots_default":true,"robots_noindex":false,"robots_noarchive":false,"robots_nosnippet":false,"robots_nofollow":false,"robots_noimageindex":false,"robots_noodp":false,"robots_notranslate":false,"robots_max_snippet":null,"robots_max_videopreview":null,"robots_max_imagepreview":"none","priority":null,"frequency":null,"local_seo":null,"seo_analyzer_scan_date":"2026-06-02 08:22:58","breadcrumb_settings":null,"limit_modified_date":false,"open_ai":null,"ai":null,"created":"2020-11-14 22:54:31","updated":"2026-06-02 08:22:58","focus_keyword":null,"additional_keywords":null,"truseo_locale":null},"aioseo_breadcrumb":"<div class=\"aioseo-breadcrumbs\"><span class=\"aioseo-breadcrumb\">\n\t<a href=\"https:\/\/www.eldigitaldeasturias.com\/noticias\" title=\"Home\">Home<\/a>\n<\/span><span class=\"aioseo-breadcrumb-separator\">\u2013<\/span><span class=\"aioseo-breadcrumb\">\n\t<a href=\"https:\/\/www.eldigitaldeasturias.com\/noticias\/category\/actualidad\/\" title=\"Actualidad\">Actualidad<\/a>\n<\/span><span class=\"aioseo-breadcrumb-separator\">\u2013<\/span><span class=\"aioseo-breadcrumb\">\n\t<a href=\"https:\/\/www.eldigitaldeasturias.com\/noticias\/artur-mas-dice-que-no-impediria-una-consulta-en-la-vall-daran\/\" title=\"Artur Mas dice que no impedir\u00eda una consulta en la Vall d\u2019Ar\u00e1n\">Artur Mas dice que no impedir\u00eda una consulta en la Vall d\u2019Ar\u00e1n<\/a>\n<\/span><\/div>","aioseo_breadcrumb_json":[{"label":"Home","link":"https:\/\/www.eldigitaldeasturias.com\/noticias"},{"label":"Actualidad","link":"https:\/\/www.eldigitaldeasturias.com\/noticias\/category\/actualidad\/"},{"label":"Artur Mas dice que no impedir\u00eda una consulta en la Vall d&#8217;Ar\u00e1n","link":"https:\/\/www.eldigitaldeasturias.com\/noticias\/artur-mas-dice-que-no-impediria-una-consulta-en-la-vall-daran\/"}],"_links":{"self":[{"href":"https:\/\/www.eldigitaldeasturias.com\/noticias\/wp-json\/wp\/v2\/posts\/481945","targetHints":{"allow":["GET"]}}],"collection":[{"href":"https:\/\/www.eldigitaldeasturias.com\/noticias\/wp-json\/wp\/v2\/posts"}],"about":[{"href":"https:\/\/www.eldigitaldeasturias.com\/noticias\/wp-json\/wp\/v2\/types\/post"}],"author":[{"embeddable":true,"href":"https:\/\/www.eldigitaldeasturias.com\/noticias\/wp-json\/wp\/v2\/users\/1"}],"replies":[{"embeddable":true,"href":"https:\/\/www.eldigitaldeasturias.com\/noticias\/wp-json\/wp\/v2\/comments?post=481945"}],"version-history":[{"count":0,"href":"https:\/\/www.eldigitaldeasturias.com\/noticias\/wp-json\/wp\/v2\/posts\/481945\/revisions"}],"wp:attachment":[{"href":"https:\/\/www.eldigitaldeasturias.com\/noticias\/wp-json\/wp\/v2\/media?parent=481945"}],"wp:term":[{"taxonomy":"category","embeddable":true,"href":"https:\/\/www.eldigitaldeasturias.com\/noticias\/wp-json\/wp\/v2\/categories?post=481945"},{"taxonomy":"post_tag","embeddable":true,"href":"https:\/\/www.eldigitaldeasturias.com\/noticias\/wp-json\/wp\/v2\/tags?post=481945"}],"curies":[{"name":"wp","href":"https:\/\/api.w.org\/{rel}","templated":true}]}}