{"id":481942,"date":"2014-02-01T23:01:55","date_gmt":"2014-02-02T00:01:55","guid":{"rendered":"http:\/\/www.eldigitaldeasturias.com\/noticias\/?p=481942"},"modified":"2014-02-01T23:01:55","modified_gmt":"2014-02-02T00:01:55","slug":"iu-celebra-que-batzarre-concurra-a-los-comicios-europeos-en-la-izquierda-plural","status":"publish","type":"post","link":"https:\/\/www.eldigitaldeasturias.com\/noticias\/iu-celebra-que-batzarre-concurra-a-los-comicios-europeos-en-la-izquierda-plural\/","title":{"rendered":"IU celebra que Batzarre concurra a los comicios europeos en la Izquierda Plural"},"content":{"rendered":"<p><img loading=\"lazy\" decoding=\"async\" class=\"alignleft size-medium wp-image-481943\" alt=\"5900469w\" src=\"https:\/\/www.eldigitaldeasturias.com\/noticias\/wp-content\/uploads\/2014\/02\/5900469w-360x224.jpg\" width=\"360\" height=\"224\" \/>Madrid, 1 feb (EFE).- La direcci\u00f3n federal de Izquierda Unida ha mostrado su \u00absatisfacci\u00f3n\u00bb tras la decisi\u00f3n de la asamblea de Batzarre de concurrir a las elecciones europeas, que tendr\u00e1n lugar el pr\u00f3ximo mes de mayo, junto a la coalici\u00f3n Izquierda Plural, coordinada por Cayo Lara.<\/p>\n<p>Seg\u00fan ha destacado el partido en una nota de prensa, esta decisi\u00f3n \u00abculmina\u00bb los contactos que se iniciaron hace tiempo entre ambas formaciones y supone un avance en la \u00abconvergencia pol\u00edtica y social\u00bb que pueda configurar un frente amplio de la izquierda para \u00abhacer frente a las pol\u00edticas neoliberales impuestas con la excusa de hacer frente a la crisis\u00bb.<\/p>\n<p>La asamblea Batzarre forma la coalici\u00f3n Izquierda-Ezkerra junto con IU en Navarra y ha anunciado hoy su decisi\u00f3n de concurrir a las elecciones europeas con La Izquierda Plural con el deseo de lograr una Europa \u00absocial, democr\u00e1tica y federal\u00bb, seg\u00fan ha afirmado en una rueda de prensa el parlamentario foral Txema Maule\u00f3n.<\/p>\n<p>IU ha reafirmado las valoraciones que han realizado hoy los dirigentes de la asamblea en la explicaci\u00f3n de su decisi\u00f3n en la que tambi\u00e9n han destacado que el objetivo del acuerdo es \u00abbuscar la m\u00e1xima unidad\u00bb y la mayor \u00abconfluencia\u00bb de fuerzas pol\u00edticas y sociales en la izquierda.<\/p>\n<p>Desde el partido han incidido en la importancia de aunar esfuerzos para que la izquierda alternativa concurra \u00ablo m\u00e1s unida posible\u00bb de cara a los pr\u00f3ximos comicios europeos, un objetivo que, seg\u00fan la nota, seguir\u00e1n con \u00abfirmeza y generosidad\u00bb.<\/p>\n<p>Izquierda Unida celebrar\u00e1 el pr\u00f3ximo 2 de marzo una Asamblea Program\u00e1tica donde adem\u00e1s de aprobar las l\u00edneas generales de su programa, ratificar\u00e1n la lista electoral en la que buscan seguir sumando miembros de otras formaciones.<\/p>\n","protected":false},"excerpt":{"rendered":"<p>Madrid, 1 feb (EFE).- La direcci\u00f3n federal de Izquierda Unida ha mostrado su \u00absatisfacci\u00f3n\u00bb tras la decisi\u00f3n de la asamblea de Batzarre de concurrir a las elecciones europeas, que tendr\u00e1n lugar el pr\u00f3ximo mes de mayo, junto a la coalici\u00f3n Izquierda Plural, coordinada por Cayo Lara. Seg\u00fan ha destacado el partido en una nota de [&hellip;]<\/p>\n","protected":false},"author":1,"featured_media":481943,"comment_status":"closed","ping_status":"open","sticky":false,"template":"","format":"standard","meta":{"footnotes":""},"categories":[1],"tags":[],"class_list":["post-481942","post","type-post","status-publish","format-standard","has-post-thumbnail","hentry","category-actualidad"],"aioseo_notices":[],"aioseo_head":"\n\t\t<!-- All in One SEO Pro 5.0.1 - aioseo.com -->\n\t<meta name=\"description\" content=\"Madrid, 1 feb (EFE).- La direcci\u00f3n federal de Izquierda Unida ha mostrado su &quot;satisfacci\u00f3n&quot; tras la decisi\u00f3n de la asamblea de Batzarre de concurrir a las elecciones europeas, que tendr\u00e1n lugar el pr\u00f3ximo mes de mayo, junto a la coalici\u00f3n Izquierda Plural, coordinada por Cayo Lara. Seg\u00fan ha destacado el partido en una nota de\" \/>\n\t<meta name=\"robots\" content=\"max-image-preview:large\" \/>\n\t<meta name=\"author\" content=\"El Digital de Asturias\"\/>\n\t<meta name=\"google-site-verification\" content=\"UA-38556648-1\" \/>\n\t<meta name=\"msvalidate.01\" content=\"7dfe9f3f1b24437ab69f4f2559babe99\" \/>\n\t<meta name=\"keywords\" content=\"actualidad\" \/>\n\t<link rel=\"canonical\" href=\"https:\/\/www.eldigitaldeasturias.com\/noticias\/iu-celebra-que-batzarre-concurra-a-los-comicios-europeos-en-la-izquierda-plural\/\" \/>\n\t<meta name=\"generator\" content=\"All in One SEO Pro (AIOSEO) 5.0.1\" \/>\n\t\t<meta property=\"og:locale\" content=\"es_ES\" \/>\n\t\t<meta property=\"og:site_name\" content=\"El Digital de Asturias\" \/>\n\t\t<meta property=\"og:type\" content=\"article\" \/>\n\t\t<meta property=\"og:title\" content=\"IU celebra que Batzarre concurra a los comicios europeos en la Izquierda Plural - El Digital de Asturias\" \/>\n\t\t<meta property=\"og:description\" content=\"Madrid, 1 feb (EFE).- La direcci\u00f3n federal de Izquierda Unida ha mostrado su &quot;satisfacci\u00f3n&quot; tras la decisi\u00f3n de la asamblea de Batzarre de concurrir a las elecciones europeas, que tendr\u00e1n lugar el pr\u00f3ximo mes de mayo, junto a la coalici\u00f3n Izquierda Plural, coordinada por Cayo Lara. Seg\u00fan ha destacado el partido en una nota de\" \/>\n\t\t<meta property=\"og:url\" content=\"https:\/\/www.eldigitaldeasturias.com\/noticias\/iu-celebra-que-batzarre-concurra-a-los-comicios-europeos-en-la-izquierda-plural\/\" \/>\n\t\t<meta property=\"article:tag\" content=\"actualidad\" \/>\n\t\t<meta property=\"article:published_time\" content=\"2014-02-02T00:01:55+00:00\" \/>\n\t\t<meta property=\"article:modified_time\" content=\"2014-02-02T00:01:55+00:00\" \/>\n\t\t<meta property=\"article:publisher\" content=\"https:\/\/facebook.com\/eldigitaldeasturias\" \/>\n\t\t<meta name=\"twitter:card\" content=\"summary_large_image\" \/>\n\t\t<meta name=\"twitter:title\" content=\"IU celebra que Batzarre concurra a los comicios europeos en la Izquierda Plural - El Digital de Asturias\" \/>\n\t\t<meta name=\"twitter:description\" content=\"Madrid, 1 feb (EFE).- La direcci\u00f3n federal de Izquierda Unida ha mostrado su &quot;satisfacci\u00f3n&quot; tras la decisi\u00f3n de la asamblea de Batzarre de concurrir a las elecciones europeas, que tendr\u00e1n lugar el pr\u00f3ximo mes de mayo, junto a la coalici\u00f3n Izquierda Plural, coordinada por Cayo Lara. Seg\u00fan ha destacado el partido en una nota de\" \/>\n\t\t<meta name=\"twitter:label1\" content=\"Escrito por\" \/>\n\t\t<meta name=\"twitter:data1\" content=\"El Digital de Asturias\" \/>\n\t\t<meta name=\"twitter:label2\" content=\"Tiempo de lectura estimado\" \/>\n\t\t<meta name=\"twitter:data2\" content=\"2 minutos\" \/>\n\t\t<script type=\"application\/ld+json\" class=\"aioseo-schema\">\n\t\t\t{\"@context\":\"https:\\\/\\\/schema.org\",\"@graph\":[{\"@type\":\"BlogPosting\",\"@id\":\"https:\\\/\\\/www.eldigitaldeasturias.com\\\/noticias\\\/iu-celebra-que-batzarre-concurra-a-los-comicios-europeos-en-la-izquierda-plural\\\/#blogposting\",\"name\":\"IU celebra que Batzarre concurra a los comicios europeos en la Izquierda Plural - El Digital de Asturias\",\"headline\":\"IU celebra que Batzarre concurra a los comicios europeos en la Izquierda Plural\",\"author\":{\"@id\":\"https:\\\/\\\/www.eldigitaldeasturias.com\\\/noticias\\\/author\\\/admin\\\/#author\"},\"publisher\":{\"@id\":\"https:\\\/\\\/www.eldigitaldeasturias.com\\\/noticias\\\/#organization\"},\"image\":{\"@type\":\"ImageObject\",\"url\":481943},\"datePublished\":\"2014-02-01T23:01:55+01:00\",\"dateModified\":\"2014-02-01T23:01:55+01:00\",\"inLanguage\":\"es-ES\",\"mainEntityOfPage\":{\"@id\":\"https:\\\/\\\/www.eldigitaldeasturias.com\\\/noticias\\\/iu-celebra-que-batzarre-concurra-a-los-comicios-europeos-en-la-izquierda-plural\\\/#webpage\"},\"isPartOf\":{\"@id\":\"https:\\\/\\\/www.eldigitaldeasturias.com\\\/noticias\\\/iu-celebra-que-batzarre-concurra-a-los-comicios-europeos-en-la-izquierda-plural\\\/#webpage\"},\"articleSection\":\"Actualidad\"},{\"@type\":\"BreadcrumbList\",\"@id\":\"https:\\\/\\\/www.eldigitaldeasturias.com\\\/noticias\\\/iu-celebra-que-batzarre-concurra-a-los-comicios-europeos-en-la-izquierda-plural\\\/#breadcrumblist\",\"itemListElement\":[{\"@type\":\"ListItem\",\"@id\":\"https:\\\/\\\/www.eldigitaldeasturias.com\\\/noticias#listItem\",\"position\":1,\"name\":\"Home\",\"item\":\"https:\\\/\\\/www.eldigitaldeasturias.com\\\/noticias\",\"nextItem\":{\"@type\":\"ListItem\",\"@id\":\"https:\\\/\\\/www.eldigitaldeasturias.com\\\/noticias\\\/category\\\/actualidad\\\/#listItem\",\"name\":\"Actualidad\"}},{\"@type\":\"ListItem\",\"@id\":\"https:\\\/\\\/www.eldigitaldeasturias.com\\\/noticias\\\/category\\\/actualidad\\\/#listItem\",\"position\":2,\"name\":\"Actualidad\",\"item\":\"https:\\\/\\\/www.eldigitaldeasturias.com\\\/noticias\\\/category\\\/actualidad\\\/\",\"nextItem\":{\"@type\":\"ListItem\",\"@id\":\"https:\\\/\\\/www.eldigitaldeasturias.com\\\/noticias\\\/iu-celebra-que-batzarre-concurra-a-los-comicios-europeos-en-la-izquierda-plural\\\/#listItem\",\"name\":\"IU celebra que Batzarre concurra a los comicios europeos en la Izquierda Plural\"},\"previousItem\":{\"@type\":\"ListItem\",\"@id\":\"https:\\\/\\\/www.eldigitaldeasturias.com\\\/noticias#listItem\",\"name\":\"Home\"}},{\"@type\":\"ListItem\",\"@id\":\"https:\\\/\\\/www.eldigitaldeasturias.com\\\/noticias\\\/iu-celebra-que-batzarre-concurra-a-los-comicios-europeos-en-la-izquierda-plural\\\/#listItem\",\"position\":3,\"name\":\"IU celebra que Batzarre concurra a los comicios europeos en la Izquierda Plural\",\"previousItem\":{\"@type\":\"ListItem\",\"@id\":\"https:\\\/\\\/www.eldigitaldeasturias.com\\\/noticias\\\/category\\\/actualidad\\\/#listItem\",\"name\":\"Actualidad\"}}]},{\"@type\":\"Organization\",\"@id\":\"https:\\\/\\\/www.eldigitaldeasturias.com\\\/noticias\\\/#organization\",\"name\":\"El Digital de Asturias\",\"description\":\"Hemeroteca\",\"url\":\"https:\\\/\\\/www.eldigitaldeasturias.com\\\/noticias\\\/\",\"email\":\"info@eldigitaldeasturias.com\",\"telephone\":\"+34652131393\",\"logo\":{\"@type\":\"ImageObject\",\"url\":\"https:\\\/\\\/www.eldigitaldeasturias.com\\\/noticias\\\/wp-content\\\/uploads\\\/2020\\\/12\\\/EDA.jpg\",\"@id\":\"https:\\\/\\\/www.eldigitaldeasturias.com\\\/noticias\\\/iu-celebra-que-batzarre-concurra-a-los-comicios-europeos-en-la-izquierda-plural\\\/#organizationLogo\"},\"image\":{\"@id\":\"https:\\\/\\\/www.eldigitaldeasturias.com\\\/noticias\\\/iu-celebra-que-batzarre-concurra-a-los-comicios-europeos-en-la-izquierda-plural\\\/#organizationLogo\"},\"sameAs\":[\"https:\\\/\\\/facebook.com\\\/eldigitaldeasturias\",\"https:\\\/\\\/www.youtube.com\\\/channel\\\/UCZP-2wLEB9Rv6erhFmqVnvg\"],\"address\":{\"@id\":\"https:\\\/\\\/www.eldigitaldeasturias.com\\\/noticias\\\/#postaladdress\",\"@type\":\"PostalAddress\",\"streetAddress\":\"san antonio 4\",\"postalCode\":\"33430\",\"addressLocality\":\"Cand\\u00e1s\",\"addressRegion\":\"Asturias\",\"addressCountry\":\"ES\"}},{\"@type\":\"Person\",\"@id\":\"https:\\\/\\\/www.eldigitaldeasturias.com\\\/noticias\\\/author\\\/admin\\\/#author\",\"url\":\"https:\\\/\\\/www.eldigitaldeasturias.com\\\/noticias\\\/author\\\/admin\\\/\",\"name\":\"El Digital de Asturias\",\"image\":{\"@type\":\"ImageObject\",\"@id\":\"https:\\\/\\\/www.eldigitaldeasturias.com\\\/noticias\\\/iu-celebra-que-batzarre-concurra-a-los-comicios-europeos-en-la-izquierda-plural\\\/#authorImage\",\"url\":\"https:\\\/\\\/secure.gravatar.com\\\/avatar\\\/df2aeffc32bcd13f8d26072ef8a91b623d677766deac7f97ca815868cd41bf5e?s=96&d=mm&r=g\",\"width\":96,\"height\":96,\"caption\":\"El Digital de Asturias\"}},{\"@type\":\"WebPage\",\"@id\":\"https:\\\/\\\/www.eldigitaldeasturias.com\\\/noticias\\\/iu-celebra-que-batzarre-concurra-a-los-comicios-europeos-en-la-izquierda-plural\\\/#webpage\",\"url\":\"https:\\\/\\\/www.eldigitaldeasturias.com\\\/noticias\\\/iu-celebra-que-batzarre-concurra-a-los-comicios-europeos-en-la-izquierda-plural\\\/\",\"name\":\"IU celebra que Batzarre concurra a los comicios europeos en la Izquierda Plural - El Digital de Asturias\",\"description\":\"Madrid, 1 feb (EFE).- La direcci\\u00f3n federal de Izquierda Unida ha mostrado su \\\"satisfacci\\u00f3n\\\" tras la decisi\\u00f3n de la asamblea de Batzarre de concurrir a las elecciones europeas, que tendr\\u00e1n lugar el pr\\u00f3ximo mes de mayo, junto a la coalici\\u00f3n Izquierda Plural, coordinada por Cayo Lara. Seg\\u00fan ha destacado el partido en una nota de\",\"inLanguage\":\"es-ES\",\"isPartOf\":{\"@id\":\"https:\\\/\\\/www.eldigitaldeasturias.com\\\/noticias\\\/#website\"},\"breadcrumb\":{\"@id\":\"https:\\\/\\\/www.eldigitaldeasturias.com\\\/noticias\\\/iu-celebra-que-batzarre-concurra-a-los-comicios-europeos-en-la-izquierda-plural\\\/#breadcrumblist\"},\"author\":{\"@id\":\"https:\\\/\\\/www.eldigitaldeasturias.com\\\/noticias\\\/author\\\/admin\\\/#author\"},\"creator\":{\"@id\":\"https:\\\/\\\/www.eldigitaldeasturias.com\\\/noticias\\\/author\\\/admin\\\/#author\"},\"image\":{\"@type\":\"ImageObject\",\"url\":481943,\"@id\":\"https:\\\/\\\/www.eldigitaldeasturias.com\\\/noticias\\\/iu-celebra-que-batzarre-concurra-a-los-comicios-europeos-en-la-izquierda-plural\\\/#mainImage\"},\"primaryImageOfPage\":{\"@id\":\"https:\\\/\\\/www.eldigitaldeasturias.com\\\/noticias\\\/iu-celebra-que-batzarre-concurra-a-los-comicios-europeos-en-la-izquierda-plural\\\/#mainImage\"},\"datePublished\":\"2014-02-01T23:01:55+01:00\",\"dateModified\":\"2014-02-01T23:01:55+01:00\"},{\"@type\":\"WebSite\",\"@id\":\"https:\\\/\\\/www.eldigitaldeasturias.com\\\/noticias\\\/#website\",\"url\":\"https:\\\/\\\/www.eldigitaldeasturias.com\\\/noticias\\\/\",\"name\":\"El Digital de Asturias - Diario de actualidad y noticias\",\"alternateName\":\"El Digital de Asturias - Diario de actualidad y noticias\",\"description\":\"Hemeroteca\",\"inLanguage\":\"es-ES\",\"publisher\":{\"@id\":\"https:\\\/\\\/www.eldigitaldeasturias.com\\\/noticias\\\/#organization\"}}]}\n\t\t<\/script>\n\t\t<!-- All in One SEO Pro -->\r\n\t\t<title>IU celebra que Batzarre concurra a los comicios europeos en la Izquierda Plural - El Digital de Asturias<\/title>\n\n","aioseo_head_json":{"title":"IU celebra que Batzarre concurra a los comicios europeos en la Izquierda Plural - El Digital de Asturias","description":"Madrid, 1 feb (EFE).- La direcci\u00f3n federal de Izquierda Unida ha mostrado su \"satisfacci\u00f3n\" tras la decisi\u00f3n de la asamblea de Batzarre de concurrir a las elecciones europeas, que tendr\u00e1n lugar el pr\u00f3ximo mes de mayo, junto a la coalici\u00f3n Izquierda Plural, coordinada por Cayo Lara. Seg\u00fan ha destacado el partido en una nota de","canonical_url":"https:\/\/www.eldigitaldeasturias.com\/noticias\/iu-celebra-que-batzarre-concurra-a-los-comicios-europeos-en-la-izquierda-plural\/","robots":"max-image-preview:large","keywords":"actualidad","webmasterTools":{"google-site-verification":"UA-38556648-1","msvalidate.01":"7dfe9f3f1b24437ab69f4f2559babe99","miscellaneous":""},"schema":{"@context":"https:\/\/schema.org","@graph":[{"@type":"BlogPosting","@id":"https:\/\/www.eldigitaldeasturias.com\/noticias\/iu-celebra-que-batzarre-concurra-a-los-comicios-europeos-en-la-izquierda-plural\/#blogposting","name":"IU celebra que Batzarre concurra a los comicios europeos en la Izquierda Plural - El Digital de Asturias","headline":"IU celebra que Batzarre concurra a los comicios europeos en la Izquierda Plural","author":{"@id":"https:\/\/www.eldigitaldeasturias.com\/noticias\/author\/admin\/#author"},"publisher":{"@id":"https:\/\/www.eldigitaldeasturias.com\/noticias\/#organization"},"image":{"@type":"ImageObject","url":481943},"datePublished":"2014-02-01T23:01:55+01:00","dateModified":"2014-02-01T23:01:55+01:00","inLanguage":"es-ES","mainEntityOfPage":{"@id":"https:\/\/www.eldigitaldeasturias.com\/noticias\/iu-celebra-que-batzarre-concurra-a-los-comicios-europeos-en-la-izquierda-plural\/#webpage"},"isPartOf":{"@id":"https:\/\/www.eldigitaldeasturias.com\/noticias\/iu-celebra-que-batzarre-concurra-a-los-comicios-europeos-en-la-izquierda-plural\/#webpage"},"articleSection":"Actualidad"},{"@type":"BreadcrumbList","@id":"https:\/\/www.eldigitaldeasturias.com\/noticias\/iu-celebra-que-batzarre-concurra-a-los-comicios-europeos-en-la-izquierda-plural\/#breadcrumblist","itemListElement":[{"@type":"ListItem","@id":"https:\/\/www.eldigitaldeasturias.com\/noticias#listItem","position":1,"name":"Home","item":"https:\/\/www.eldigitaldeasturias.com\/noticias","nextItem":{"@type":"ListItem","@id":"https:\/\/www.eldigitaldeasturias.com\/noticias\/category\/actualidad\/#listItem","name":"Actualidad"}},{"@type":"ListItem","@id":"https:\/\/www.eldigitaldeasturias.com\/noticias\/category\/actualidad\/#listItem","position":2,"name":"Actualidad","item":"https:\/\/www.eldigitaldeasturias.com\/noticias\/category\/actualidad\/","nextItem":{"@type":"ListItem","@id":"https:\/\/www.eldigitaldeasturias.com\/noticias\/iu-celebra-que-batzarre-concurra-a-los-comicios-europeos-en-la-izquierda-plural\/#listItem","name":"IU celebra que Batzarre concurra a los comicios europeos en la Izquierda Plural"},"previousItem":{"@type":"ListItem","@id":"https:\/\/www.eldigitaldeasturias.com\/noticias#listItem","name":"Home"}},{"@type":"ListItem","@id":"https:\/\/www.eldigitaldeasturias.com\/noticias\/iu-celebra-que-batzarre-concurra-a-los-comicios-europeos-en-la-izquierda-plural\/#listItem","position":3,"name":"IU celebra que Batzarre concurra a los comicios europeos en la Izquierda Plural","previousItem":{"@type":"ListItem","@id":"https:\/\/www.eldigitaldeasturias.com\/noticias\/category\/actualidad\/#listItem","name":"Actualidad"}}]},{"@type":"Organization","@id":"https:\/\/www.eldigitaldeasturias.com\/noticias\/#organization","name":"El Digital de Asturias","description":"Hemeroteca","url":"https:\/\/www.eldigitaldeasturias.com\/noticias\/","email":"info@eldigitaldeasturias.com","telephone":"+34652131393","logo":{"@type":"ImageObject","url":"https:\/\/www.eldigitaldeasturias.com\/noticias\/wp-content\/uploads\/2020\/12\/EDA.jpg","@id":"https:\/\/www.eldigitaldeasturias.com\/noticias\/iu-celebra-que-batzarre-concurra-a-los-comicios-europeos-en-la-izquierda-plural\/#organizationLogo"},"image":{"@id":"https:\/\/www.eldigitaldeasturias.com\/noticias\/iu-celebra-que-batzarre-concurra-a-los-comicios-europeos-en-la-izquierda-plural\/#organizationLogo"},"sameAs":["https:\/\/facebook.com\/eldigitaldeasturias","https:\/\/www.youtube.com\/channel\/UCZP-2wLEB9Rv6erhFmqVnvg"],"address":{"@id":"https:\/\/www.eldigitaldeasturias.com\/noticias\/#postaladdress","@type":"PostalAddress","streetAddress":"san antonio 4","postalCode":"33430","addressLocality":"Cand\u00e1s","addressRegion":"Asturias","addressCountry":"ES"}},{"@type":"Person","@id":"https:\/\/www.eldigitaldeasturias.com\/noticias\/author\/admin\/#author","url":"https:\/\/www.eldigitaldeasturias.com\/noticias\/author\/admin\/","name":"El Digital de Asturias","image":{"@type":"ImageObject","@id":"https:\/\/www.eldigitaldeasturias.com\/noticias\/iu-celebra-que-batzarre-concurra-a-los-comicios-europeos-en-la-izquierda-plural\/#authorImage","url":"https:\/\/secure.gravatar.com\/avatar\/df2aeffc32bcd13f8d26072ef8a91b623d677766deac7f97ca815868cd41bf5e?s=96&d=mm&r=g","width":96,"height":96,"caption":"El Digital de Asturias"}},{"@type":"WebPage","@id":"https:\/\/www.eldigitaldeasturias.com\/noticias\/iu-celebra-que-batzarre-concurra-a-los-comicios-europeos-en-la-izquierda-plural\/#webpage","url":"https:\/\/www.eldigitaldeasturias.com\/noticias\/iu-celebra-que-batzarre-concurra-a-los-comicios-europeos-en-la-izquierda-plural\/","name":"IU celebra que Batzarre concurra a los comicios europeos en la Izquierda Plural - El Digital de Asturias","description":"Madrid, 1 feb (EFE).- La direcci\u00f3n federal de Izquierda Unida ha mostrado su \"satisfacci\u00f3n\" tras la decisi\u00f3n de la asamblea de Batzarre de concurrir a las elecciones europeas, que tendr\u00e1n lugar el pr\u00f3ximo mes de mayo, junto a la coalici\u00f3n Izquierda Plural, coordinada por Cayo Lara. Seg\u00fan ha destacado el partido en una nota de","inLanguage":"es-ES","isPartOf":{"@id":"https:\/\/www.eldigitaldeasturias.com\/noticias\/#website"},"breadcrumb":{"@id":"https:\/\/www.eldigitaldeasturias.com\/noticias\/iu-celebra-que-batzarre-concurra-a-los-comicios-europeos-en-la-izquierda-plural\/#breadcrumblist"},"author":{"@id":"https:\/\/www.eldigitaldeasturias.com\/noticias\/author\/admin\/#author"},"creator":{"@id":"https:\/\/www.eldigitaldeasturias.com\/noticias\/author\/admin\/#author"},"image":{"@type":"ImageObject","url":481943,"@id":"https:\/\/www.eldigitaldeasturias.com\/noticias\/iu-celebra-que-batzarre-concurra-a-los-comicios-europeos-en-la-izquierda-plural\/#mainImage"},"primaryImageOfPage":{"@id":"https:\/\/www.eldigitaldeasturias.com\/noticias\/iu-celebra-que-batzarre-concurra-a-los-comicios-europeos-en-la-izquierda-plural\/#mainImage"},"datePublished":"2014-02-01T23:01:55+01:00","dateModified":"2014-02-01T23:01:55+01:00"},{"@type":"WebSite","@id":"https:\/\/www.eldigitaldeasturias.com\/noticias\/#website","url":"https:\/\/www.eldigitaldeasturias.com\/noticias\/","name":"El Digital de Asturias - Diario de actualidad y noticias","alternateName":"El Digital de Asturias - Diario de actualidad y noticias","description":"Hemeroteca","inLanguage":"es-ES","publisher":{"@id":"https:\/\/www.eldigitaldeasturias.com\/noticias\/#organization"}}]},"og:locale":"es_ES","og:site_name":"El Digital de Asturias","og:type":"article","og:title":"IU celebra que Batzarre concurra a los comicios europeos en la Izquierda Plural - El Digital de Asturias","og:description":"Madrid, 1 feb (EFE).- La direcci\u00f3n federal de Izquierda Unida ha mostrado su &quot;satisfacci\u00f3n&quot; tras la decisi\u00f3n de la asamblea de Batzarre de concurrir a las elecciones europeas, que tendr\u00e1n lugar el pr\u00f3ximo mes de mayo, junto a la coalici\u00f3n Izquierda Plural, coordinada por Cayo Lara. Seg\u00fan ha destacado el partido en una nota de","og:url":"https:\/\/www.eldigitaldeasturias.com\/noticias\/iu-celebra-que-batzarre-concurra-a-los-comicios-europeos-en-la-izquierda-plural\/","article:tag":["actualidad"],"article:published_time":"2014-02-02T00:01:55+00:00","article:modified_time":"2014-02-02T00:01:55+00:00","article:publisher":"https:\/\/facebook.com\/eldigitaldeasturias","twitter:card":"summary_large_image","twitter:title":"IU celebra que Batzarre concurra a los comicios europeos en la Izquierda Plural - El Digital de Asturias","twitter:description":"Madrid, 1 feb (EFE).- La direcci\u00f3n federal de Izquierda Unida ha mostrado su &quot;satisfacci\u00f3n&quot; tras la decisi\u00f3n de la asamblea de Batzarre de concurrir a las elecciones europeas, que tendr\u00e1n lugar el pr\u00f3ximo mes de mayo, junto a la coalici\u00f3n Izquierda Plural, coordinada por Cayo Lara. Seg\u00fan ha destacado el partido en una nota de","twitter:label1":"Escrito por","twitter:data1":"El Digital de Asturias","twitter:label2":"Tiempo de lectura estimado","twitter:data2":"2 minutos"},"aioseo_meta_data":{"post_id":"481942","title":null,"description":null,"keywords":null,"keyphrases":null,"primary_term":null,"canonical_url":null,"og_title":null,"og_description":null,"og_object_type":"default","og_image_type":"default","og_image_url":null,"og_image_width":null,"og_image_height":null,"og_image_custom_url":null,"og_image_custom_fields":null,"og_video":null,"og_custom_url":null,"og_article_section":null,"og_article_tags":null,"twitter_use_og":true,"twitter_card":"default","twitter_image_type":"default","twitter_image_url":null,"twitter_image_custom_url":null,"twitter_image_custom_fields":null,"twitter_title":null,"twitter_description":null,"schema":{"blockGraphs":[],"customGraphs":[],"default":{"data":{"Article":[],"Course":[],"Dataset":[],"FAQPage":[],"Movie":[],"Person":[],"Product":[],"ProductReview":[],"Car":[],"Recipe":[],"Service":[],"SoftwareApplication":[],"WebPage":[]},"graphName":"","isEnabled":true},"graphs":[],"defaultGraph":"","defaultPostTypeGraph":""},"schema_type":null,"schema_type_options":null,"pillar_content":false,"robots_default":true,"robots_noindex":false,"robots_noarchive":false,"robots_nosnippet":false,"robots_nofollow":false,"robots_noimageindex":false,"robots_noodp":false,"robots_notranslate":false,"robots_max_snippet":null,"robots_max_videopreview":null,"robots_max_imagepreview":"none","priority":null,"frequency":null,"local_seo":null,"seo_analyzer_scan_date":"2026-06-02 08:21:05","breadcrumb_settings":null,"limit_modified_date":false,"open_ai":null,"ai":null,"created":"2020-11-14 22:54:31","updated":"2026-06-02 08:21:05","focus_keyword":null,"additional_keywords":null,"truseo_locale":null},"aioseo_breadcrumb":"<div class=\"aioseo-breadcrumbs\"><span class=\"aioseo-breadcrumb\">\n\t<a href=\"https:\/\/www.eldigitaldeasturias.com\/noticias\" title=\"Home\">Home<\/a>\n<\/span><span class=\"aioseo-breadcrumb-separator\">\u2013<\/span><span class=\"aioseo-breadcrumb\">\n\t<a href=\"https:\/\/www.eldigitaldeasturias.com\/noticias\/category\/actualidad\/\" title=\"Actualidad\">Actualidad<\/a>\n<\/span><span class=\"aioseo-breadcrumb-separator\">\u2013<\/span><span class=\"aioseo-breadcrumb\">\n\t<a href=\"https:\/\/www.eldigitaldeasturias.com\/noticias\/iu-celebra-que-batzarre-concurra-a-los-comicios-europeos-en-la-izquierda-plural\/\" title=\"IU celebra que Batzarre concurra a los comicios europeos en la Izquierda Plural\">IU celebra que Batzarre concurra a los comicios europeos en la Izquierda Plural<\/a>\n<\/span><\/div>","aioseo_breadcrumb_json":[{"label":"Home","link":"https:\/\/www.eldigitaldeasturias.com\/noticias"},{"label":"Actualidad","link":"https:\/\/www.eldigitaldeasturias.com\/noticias\/category\/actualidad\/"},{"label":"IU celebra que Batzarre concurra a los comicios europeos en la Izquierda Plural","link":"https:\/\/www.eldigitaldeasturias.com\/noticias\/iu-celebra-que-batzarre-concurra-a-los-comicios-europeos-en-la-izquierda-plural\/"}],"_links":{"self":[{"href":"https:\/\/www.eldigitaldeasturias.com\/noticias\/wp-json\/wp\/v2\/posts\/481942","targetHints":{"allow":["GET"]}}],"collection":[{"href":"https:\/\/www.eldigitaldeasturias.com\/noticias\/wp-json\/wp\/v2\/posts"}],"about":[{"href":"https:\/\/www.eldigitaldeasturias.com\/noticias\/wp-json\/wp\/v2\/types\/post"}],"author":[{"embeddable":true,"href":"https:\/\/www.eldigitaldeasturias.com\/noticias\/wp-json\/wp\/v2\/users\/1"}],"replies":[{"embeddable":true,"href":"https:\/\/www.eldigitaldeasturias.com\/noticias\/wp-json\/wp\/v2\/comments?post=481942"}],"version-history":[{"count":0,"href":"https:\/\/www.eldigitaldeasturias.com\/noticias\/wp-json\/wp\/v2\/posts\/481942\/revisions"}],"wp:attachment":[{"href":"https:\/\/www.eldigitaldeasturias.com\/noticias\/wp-json\/wp\/v2\/media?parent=481942"}],"wp:term":[{"taxonomy":"category","embeddable":true,"href":"https:\/\/www.eldigitaldeasturias.com\/noticias\/wp-json\/wp\/v2\/categories?post=481942"},{"taxonomy":"post_tag","embeddable":true,"href":"https:\/\/www.eldigitaldeasturias.com\/noticias\/wp-json\/wp\/v2\/tags?post=481942"}],"curies":[{"name":"wp","href":"https:\/\/api.w.org\/{rel}","templated":true}]}}