{"id":481936,"date":"2014-02-01T22:58:26","date_gmt":"2014-02-01T23:58:26","guid":{"rendered":"http:\/\/www.eldigitaldeasturias.com\/noticias\/?p=481936"},"modified":"2014-02-01T22:58:26","modified_gmt":"2014-02-01T23:58:26","slug":"gallardon-promete-no-abdicar-del-compromiso-electoral-de-reformar-el-aborto","status":"publish","type":"post","link":"https:\/\/www.eldigitaldeasturias.com\/noticias\/gallardon-promete-no-abdicar-del-compromiso-electoral-de-reformar-el-aborto\/","title":{"rendered":"Gallard\u00f3n promete no abdicar del compromiso electoral de reformar el aborto"},"content":{"rendered":"<p><img loading=\"lazy\" decoding=\"async\" class=\"alignleft size-medium wp-image-481937\" alt=\"5900326w\" src=\"https:\/\/www.eldigitaldeasturias.com\/noticias\/wp-content\/uploads\/2014\/02\/5900326w-360x239.jpg\" width=\"360\" height=\"239\" \/>Valladolid, 1 feb (EFE).- El ministro de Justicia, Alberto Ruiz-Gallard\u00f3n, ha dado hoy su \u00abpalabra\u00bb de que ning\u00fan insulto o grito le har\u00e1 abdicar de su compromiso con el presidente del Gobierno de cumplir el programa electoral y regular y garantizar los derechos de la mujeres, pero tambi\u00e9n de los concebidos y no nacidos.<\/p>\n<p>El titular de Justicia, que participa en uno de los foros de debate organizados en la convenci\u00f3n nacional del PP, ha aludido as\u00ed a las cr\u00edticas que ha recibido la reforma de la ley del aborto aprobada por el Ejecutivo.<\/p>\n<p>\u00abTen\u00e9is mi palabra y mi compromiso personal de que no habr\u00e1 ni un insulto ni un grito ni una descalificaci\u00f3n que a este ministro le vaya hacer abdicar de cumplir el compromiso que adquir\u00ed con el presidente del Gobierno y con todos vosotros de dar cumplimiento a nuestro programa electoral y regular los derechos de las mujeres, pero tambi\u00e9n los derechos de los concebidos y no nacidos\u00bb, ha dicho Gallard\u00f3n.<\/p>\n<p>Unas palabras que han sido la sorpresa en el final de la segunda jornada de la convenci\u00f3n nacional del PP en la que no estaba previsto en principio que entre los temas a debatir estuviera la reforma del aborto, contra la que hoy se han manifestado miles de personas en Madrid y otras ciudades apoyando la iniciativa del \u00abtren de la libertad\u00bb para exigir su retirada.<\/p>\n<p>Ha sido el moderador del debate, el secretario de Relaciones Internacionales del PP, Jos\u00e9 Ram\u00f3n Garc\u00eda Hern\u00e1ndez, quien ha introducido el asunto pregunt\u00e1ndole por ello directamente al titular de Justicia.<\/p>\n<p>\u00abEsa regulaci\u00f3n de ese derecho fundamental que es la vida, as\u00ed como el derecho de la mujer embarazada la vamos hacer nosotros, la vamos a hacer los compa\u00f1eros del PP, la vamos hacer entre nosotros, estudiando como hemos hecho y acordando, como siempre se hacen las cosas en este partido, todo aquello que nosotros proponemos a la sociedad\u00bb, ha subrayado Gallard\u00f3n.<\/p>\n<p>El ministro ha recordado las palabras del escritor Miguel Delibes -que da nombre al auditorio donde se celebra esta convenci\u00f3n- en defensa de la vida, cuando afirm\u00f3 que lo m\u00e1s progresista que se puede hacer es defender al m\u00e1s d\u00e9bil, que en este caso es el no nacido.<\/p>\n<p>En este sentido, ha reivindicado el trabajo del PP en la defensa de los derechos fundamentales y el orgullo de que haya sido \u00abaut\u00e9nticamente\u00bb el \u00fanico partido que \u00abde verdad\u00bb ha hecho de la defensa del m\u00e1s d\u00e9bil una \u00abbandera\u00bb por encima de cualquier inter\u00e9s particular.<\/p>\n<p>Y ha criticado, por \u00faltimo, a quienes desde la izquierda les ponen etiquetas a los miembros del PP y a los ministros, tras lo que se ha preguntado: \u00ab\u00bfquienes son ellos para etiquetarnos a nosotros?\u00bb, cuando quienes les tienen que juzgar -ha a\u00f1adido- son los ciudadanos.<\/p>\n","protected":false},"excerpt":{"rendered":"<p>Valladolid, 1 feb (EFE).- El ministro de Justicia, Alberto Ruiz-Gallard\u00f3n, ha dado hoy su \u00abpalabra\u00bb de que ning\u00fan insulto o grito le har\u00e1 abdicar de su compromiso con el presidente del Gobierno de cumplir el programa electoral y regular y garantizar los derechos de la mujeres, pero tambi\u00e9n de los concebidos y no nacidos. El [&hellip;]<\/p>\n","protected":false},"author":1,"featured_media":481937,"comment_status":"closed","ping_status":"open","sticky":false,"template":"","format":"standard","meta":{"footnotes":""},"categories":[1],"tags":[],"class_list":["post-481936","post","type-post","status-publish","format-standard","has-post-thumbnail","hentry","category-actualidad"],"aioseo_notices":[],"aioseo_head":"\n\t\t<!-- All in One SEO Pro 5.0.1 - aioseo.com -->\n\t<meta name=\"description\" content=\"Valladolid, 1 feb (EFE).- El ministro de Justicia, Alberto Ruiz-Gallard\u00f3n, ha dado hoy su &quot;palabra&quot; de que ning\u00fan insulto o grito le har\u00e1 abdicar de su compromiso con el presidente del Gobierno de cumplir el programa electoral y regular y garantizar los derechos de la mujeres, pero tambi\u00e9n de los concebidos y no nacidos. El\" \/>\n\t<meta name=\"robots\" content=\"max-image-preview:large\" \/>\n\t<meta name=\"author\" content=\"El Digital de Asturias\"\/>\n\t<meta name=\"google-site-verification\" content=\"UA-38556648-1\" \/>\n\t<meta name=\"msvalidate.01\" content=\"7dfe9f3f1b24437ab69f4f2559babe99\" \/>\n\t<meta name=\"keywords\" content=\"actualidad\" \/>\n\t<link rel=\"canonical\" href=\"https:\/\/www.eldigitaldeasturias.com\/noticias\/gallardon-promete-no-abdicar-del-compromiso-electoral-de-reformar-el-aborto\/\" \/>\n\t<meta name=\"generator\" content=\"All in One SEO Pro (AIOSEO) 5.0.1\" \/>\n\t\t<meta property=\"og:locale\" content=\"es_ES\" \/>\n\t\t<meta property=\"og:site_name\" content=\"El Digital de Asturias\" \/>\n\t\t<meta property=\"og:type\" content=\"article\" \/>\n\t\t<meta property=\"og:title\" content=\"Gallard\u00f3n promete no abdicar del compromiso electoral de reformar el aborto - El Digital de Asturias\" \/>\n\t\t<meta property=\"og:description\" content=\"Valladolid, 1 feb (EFE).- El ministro de Justicia, Alberto Ruiz-Gallard\u00f3n, ha dado hoy su &quot;palabra&quot; de que ning\u00fan insulto o grito le har\u00e1 abdicar de su compromiso con el presidente del Gobierno de cumplir el programa electoral y regular y garantizar los derechos de la mujeres, pero tambi\u00e9n de los concebidos y no nacidos. El\" \/>\n\t\t<meta property=\"og:url\" content=\"https:\/\/www.eldigitaldeasturias.com\/noticias\/gallardon-promete-no-abdicar-del-compromiso-electoral-de-reformar-el-aborto\/\" \/>\n\t\t<meta property=\"article:tag\" content=\"actualidad\" \/>\n\t\t<meta property=\"article:published_time\" content=\"2014-02-01T23:58:26+00:00\" \/>\n\t\t<meta property=\"article:modified_time\" content=\"2014-02-01T23:58:26+00:00\" \/>\n\t\t<meta property=\"article:publisher\" content=\"https:\/\/facebook.com\/eldigitaldeasturias\" \/>\n\t\t<meta name=\"twitter:card\" content=\"summary_large_image\" \/>\n\t\t<meta name=\"twitter:title\" content=\"Gallard\u00f3n promete no abdicar del compromiso electoral de reformar el aborto - El Digital de Asturias\" \/>\n\t\t<meta name=\"twitter:description\" content=\"Valladolid, 1 feb (EFE).- El ministro de Justicia, Alberto Ruiz-Gallard\u00f3n, ha dado hoy su &quot;palabra&quot; de que ning\u00fan insulto o grito le har\u00e1 abdicar de su compromiso con el presidente del Gobierno de cumplir el programa electoral y regular y garantizar los derechos de la mujeres, pero tambi\u00e9n de los concebidos y no nacidos. El\" \/>\n\t\t<meta name=\"twitter:label1\" content=\"Escrito por\" \/>\n\t\t<meta name=\"twitter:data1\" content=\"El Digital de Asturias\" \/>\n\t\t<meta name=\"twitter:label2\" content=\"Tiempo de lectura estimado\" \/>\n\t\t<meta name=\"twitter:data2\" content=\"2 minutos\" \/>\n\t\t<script type=\"application\/ld+json\" class=\"aioseo-schema\">\n\t\t\t{\"@context\":\"https:\\\/\\\/schema.org\",\"@graph\":[{\"@type\":\"BlogPosting\",\"@id\":\"https:\\\/\\\/www.eldigitaldeasturias.com\\\/noticias\\\/gallardon-promete-no-abdicar-del-compromiso-electoral-de-reformar-el-aborto\\\/#blogposting\",\"name\":\"Gallard\\u00f3n promete no abdicar del compromiso electoral de reformar el aborto - El Digital de Asturias\",\"headline\":\"Gallard\\u00f3n promete no abdicar del compromiso electoral de reformar el aborto\",\"author\":{\"@id\":\"https:\\\/\\\/www.eldigitaldeasturias.com\\\/noticias\\\/author\\\/admin\\\/#author\"},\"publisher\":{\"@id\":\"https:\\\/\\\/www.eldigitaldeasturias.com\\\/noticias\\\/#organization\"},\"image\":{\"@type\":\"ImageObject\",\"url\":481937},\"datePublished\":\"2014-02-01T22:58:26+01:00\",\"dateModified\":\"2014-02-01T22:58:26+01:00\",\"inLanguage\":\"es-ES\",\"mainEntityOfPage\":{\"@id\":\"https:\\\/\\\/www.eldigitaldeasturias.com\\\/noticias\\\/gallardon-promete-no-abdicar-del-compromiso-electoral-de-reformar-el-aborto\\\/#webpage\"},\"isPartOf\":{\"@id\":\"https:\\\/\\\/www.eldigitaldeasturias.com\\\/noticias\\\/gallardon-promete-no-abdicar-del-compromiso-electoral-de-reformar-el-aborto\\\/#webpage\"},\"articleSection\":\"Actualidad\"},{\"@type\":\"BreadcrumbList\",\"@id\":\"https:\\\/\\\/www.eldigitaldeasturias.com\\\/noticias\\\/gallardon-promete-no-abdicar-del-compromiso-electoral-de-reformar-el-aborto\\\/#breadcrumblist\",\"itemListElement\":[{\"@type\":\"ListItem\",\"@id\":\"https:\\\/\\\/www.eldigitaldeasturias.com\\\/noticias#listItem\",\"position\":1,\"name\":\"Home\",\"item\":\"https:\\\/\\\/www.eldigitaldeasturias.com\\\/noticias\",\"nextItem\":{\"@type\":\"ListItem\",\"@id\":\"https:\\\/\\\/www.eldigitaldeasturias.com\\\/noticias\\\/category\\\/actualidad\\\/#listItem\",\"name\":\"Actualidad\"}},{\"@type\":\"ListItem\",\"@id\":\"https:\\\/\\\/www.eldigitaldeasturias.com\\\/noticias\\\/category\\\/actualidad\\\/#listItem\",\"position\":2,\"name\":\"Actualidad\",\"item\":\"https:\\\/\\\/www.eldigitaldeasturias.com\\\/noticias\\\/category\\\/actualidad\\\/\",\"nextItem\":{\"@type\":\"ListItem\",\"@id\":\"https:\\\/\\\/www.eldigitaldeasturias.com\\\/noticias\\\/gallardon-promete-no-abdicar-del-compromiso-electoral-de-reformar-el-aborto\\\/#listItem\",\"name\":\"Gallard\\u00f3n promete no abdicar del compromiso electoral de reformar el aborto\"},\"previousItem\":{\"@type\":\"ListItem\",\"@id\":\"https:\\\/\\\/www.eldigitaldeasturias.com\\\/noticias#listItem\",\"name\":\"Home\"}},{\"@type\":\"ListItem\",\"@id\":\"https:\\\/\\\/www.eldigitaldeasturias.com\\\/noticias\\\/gallardon-promete-no-abdicar-del-compromiso-electoral-de-reformar-el-aborto\\\/#listItem\",\"position\":3,\"name\":\"Gallard\\u00f3n promete no abdicar del compromiso electoral de reformar el aborto\",\"previousItem\":{\"@type\":\"ListItem\",\"@id\":\"https:\\\/\\\/www.eldigitaldeasturias.com\\\/noticias\\\/category\\\/actualidad\\\/#listItem\",\"name\":\"Actualidad\"}}]},{\"@type\":\"Organization\",\"@id\":\"https:\\\/\\\/www.eldigitaldeasturias.com\\\/noticias\\\/#organization\",\"name\":\"El Digital de Asturias\",\"description\":\"Hemeroteca\",\"url\":\"https:\\\/\\\/www.eldigitaldeasturias.com\\\/noticias\\\/\",\"email\":\"info@eldigitaldeasturias.com\",\"telephone\":\"+34652131393\",\"logo\":{\"@type\":\"ImageObject\",\"url\":\"https:\\\/\\\/www.eldigitaldeasturias.com\\\/noticias\\\/wp-content\\\/uploads\\\/2020\\\/12\\\/EDA.jpg\",\"@id\":\"https:\\\/\\\/www.eldigitaldeasturias.com\\\/noticias\\\/gallardon-promete-no-abdicar-del-compromiso-electoral-de-reformar-el-aborto\\\/#organizationLogo\"},\"image\":{\"@id\":\"https:\\\/\\\/www.eldigitaldeasturias.com\\\/noticias\\\/gallardon-promete-no-abdicar-del-compromiso-electoral-de-reformar-el-aborto\\\/#organizationLogo\"},\"sameAs\":[\"https:\\\/\\\/facebook.com\\\/eldigitaldeasturias\",\"https:\\\/\\\/www.youtube.com\\\/channel\\\/UCZP-2wLEB9Rv6erhFmqVnvg\"],\"address\":{\"@id\":\"https:\\\/\\\/www.eldigitaldeasturias.com\\\/noticias\\\/#postaladdress\",\"@type\":\"PostalAddress\",\"streetAddress\":\"san antonio 4\",\"postalCode\":\"33430\",\"addressLocality\":\"Cand\\u00e1s\",\"addressRegion\":\"Asturias\",\"addressCountry\":\"ES\"}},{\"@type\":\"Person\",\"@id\":\"https:\\\/\\\/www.eldigitaldeasturias.com\\\/noticias\\\/author\\\/admin\\\/#author\",\"url\":\"https:\\\/\\\/www.eldigitaldeasturias.com\\\/noticias\\\/author\\\/admin\\\/\",\"name\":\"El Digital de Asturias\",\"image\":{\"@type\":\"ImageObject\",\"@id\":\"https:\\\/\\\/www.eldigitaldeasturias.com\\\/noticias\\\/gallardon-promete-no-abdicar-del-compromiso-electoral-de-reformar-el-aborto\\\/#authorImage\",\"url\":\"https:\\\/\\\/secure.gravatar.com\\\/avatar\\\/df2aeffc32bcd13f8d26072ef8a91b623d677766deac7f97ca815868cd41bf5e?s=96&d=mm&r=g\",\"width\":96,\"height\":96,\"caption\":\"El Digital de Asturias\"}},{\"@type\":\"WebPage\",\"@id\":\"https:\\\/\\\/www.eldigitaldeasturias.com\\\/noticias\\\/gallardon-promete-no-abdicar-del-compromiso-electoral-de-reformar-el-aborto\\\/#webpage\",\"url\":\"https:\\\/\\\/www.eldigitaldeasturias.com\\\/noticias\\\/gallardon-promete-no-abdicar-del-compromiso-electoral-de-reformar-el-aborto\\\/\",\"name\":\"Gallard\\u00f3n promete no abdicar del compromiso electoral de reformar el aborto - El Digital de Asturias\",\"description\":\"Valladolid, 1 feb (EFE).- El ministro de Justicia, Alberto Ruiz-Gallard\\u00f3n, ha dado hoy su \\\"palabra\\\" de que ning\\u00fan insulto o grito le har\\u00e1 abdicar de su compromiso con el presidente del Gobierno de cumplir el programa electoral y regular y garantizar los derechos de la mujeres, pero tambi\\u00e9n de los concebidos y no nacidos. El\",\"inLanguage\":\"es-ES\",\"isPartOf\":{\"@id\":\"https:\\\/\\\/www.eldigitaldeasturias.com\\\/noticias\\\/#website\"},\"breadcrumb\":{\"@id\":\"https:\\\/\\\/www.eldigitaldeasturias.com\\\/noticias\\\/gallardon-promete-no-abdicar-del-compromiso-electoral-de-reformar-el-aborto\\\/#breadcrumblist\"},\"author\":{\"@id\":\"https:\\\/\\\/www.eldigitaldeasturias.com\\\/noticias\\\/author\\\/admin\\\/#author\"},\"creator\":{\"@id\":\"https:\\\/\\\/www.eldigitaldeasturias.com\\\/noticias\\\/author\\\/admin\\\/#author\"},\"image\":{\"@type\":\"ImageObject\",\"url\":481937,\"@id\":\"https:\\\/\\\/www.eldigitaldeasturias.com\\\/noticias\\\/gallardon-promete-no-abdicar-del-compromiso-electoral-de-reformar-el-aborto\\\/#mainImage\"},\"primaryImageOfPage\":{\"@id\":\"https:\\\/\\\/www.eldigitaldeasturias.com\\\/noticias\\\/gallardon-promete-no-abdicar-del-compromiso-electoral-de-reformar-el-aborto\\\/#mainImage\"},\"datePublished\":\"2014-02-01T22:58:26+01:00\",\"dateModified\":\"2014-02-01T22:58:26+01:00\"},{\"@type\":\"WebSite\",\"@id\":\"https:\\\/\\\/www.eldigitaldeasturias.com\\\/noticias\\\/#website\",\"url\":\"https:\\\/\\\/www.eldigitaldeasturias.com\\\/noticias\\\/\",\"name\":\"El Digital de Asturias - Diario de actualidad y noticias\",\"alternateName\":\"El Digital de Asturias - Diario de actualidad y noticias\",\"description\":\"Hemeroteca\",\"inLanguage\":\"es-ES\",\"publisher\":{\"@id\":\"https:\\\/\\\/www.eldigitaldeasturias.com\\\/noticias\\\/#organization\"}}]}\n\t\t<\/script>\n\t\t<!-- All in One SEO Pro -->\r\n\t\t<title>Gallard\u00f3n promete no abdicar del compromiso electoral de reformar el aborto - El Digital de Asturias<\/title>\n\n","aioseo_head_json":{"title":"Gallard\u00f3n promete no abdicar del compromiso electoral de reformar el aborto - El Digital de Asturias","description":"Valladolid, 1 feb (EFE).- El ministro de Justicia, Alberto Ruiz-Gallard\u00f3n, ha dado hoy su \"palabra\" de que ning\u00fan insulto o grito le har\u00e1 abdicar de su compromiso con el presidente del Gobierno de cumplir el programa electoral y regular y garantizar los derechos de la mujeres, pero tambi\u00e9n de los concebidos y no nacidos. El","canonical_url":"https:\/\/www.eldigitaldeasturias.com\/noticias\/gallardon-promete-no-abdicar-del-compromiso-electoral-de-reformar-el-aborto\/","robots":"max-image-preview:large","keywords":"actualidad","webmasterTools":{"google-site-verification":"UA-38556648-1","msvalidate.01":"7dfe9f3f1b24437ab69f4f2559babe99","miscellaneous":""},"schema":{"@context":"https:\/\/schema.org","@graph":[{"@type":"BlogPosting","@id":"https:\/\/www.eldigitaldeasturias.com\/noticias\/gallardon-promete-no-abdicar-del-compromiso-electoral-de-reformar-el-aborto\/#blogposting","name":"Gallard\u00f3n promete no abdicar del compromiso electoral de reformar el aborto - El Digital de Asturias","headline":"Gallard\u00f3n promete no abdicar del compromiso electoral de reformar el aborto","author":{"@id":"https:\/\/www.eldigitaldeasturias.com\/noticias\/author\/admin\/#author"},"publisher":{"@id":"https:\/\/www.eldigitaldeasturias.com\/noticias\/#organization"},"image":{"@type":"ImageObject","url":481937},"datePublished":"2014-02-01T22:58:26+01:00","dateModified":"2014-02-01T22:58:26+01:00","inLanguage":"es-ES","mainEntityOfPage":{"@id":"https:\/\/www.eldigitaldeasturias.com\/noticias\/gallardon-promete-no-abdicar-del-compromiso-electoral-de-reformar-el-aborto\/#webpage"},"isPartOf":{"@id":"https:\/\/www.eldigitaldeasturias.com\/noticias\/gallardon-promete-no-abdicar-del-compromiso-electoral-de-reformar-el-aborto\/#webpage"},"articleSection":"Actualidad"},{"@type":"BreadcrumbList","@id":"https:\/\/www.eldigitaldeasturias.com\/noticias\/gallardon-promete-no-abdicar-del-compromiso-electoral-de-reformar-el-aborto\/#breadcrumblist","itemListElement":[{"@type":"ListItem","@id":"https:\/\/www.eldigitaldeasturias.com\/noticias#listItem","position":1,"name":"Home","item":"https:\/\/www.eldigitaldeasturias.com\/noticias","nextItem":{"@type":"ListItem","@id":"https:\/\/www.eldigitaldeasturias.com\/noticias\/category\/actualidad\/#listItem","name":"Actualidad"}},{"@type":"ListItem","@id":"https:\/\/www.eldigitaldeasturias.com\/noticias\/category\/actualidad\/#listItem","position":2,"name":"Actualidad","item":"https:\/\/www.eldigitaldeasturias.com\/noticias\/category\/actualidad\/","nextItem":{"@type":"ListItem","@id":"https:\/\/www.eldigitaldeasturias.com\/noticias\/gallardon-promete-no-abdicar-del-compromiso-electoral-de-reformar-el-aborto\/#listItem","name":"Gallard\u00f3n promete no abdicar del compromiso electoral de reformar el aborto"},"previousItem":{"@type":"ListItem","@id":"https:\/\/www.eldigitaldeasturias.com\/noticias#listItem","name":"Home"}},{"@type":"ListItem","@id":"https:\/\/www.eldigitaldeasturias.com\/noticias\/gallardon-promete-no-abdicar-del-compromiso-electoral-de-reformar-el-aborto\/#listItem","position":3,"name":"Gallard\u00f3n promete no abdicar del compromiso electoral de reformar el aborto","previousItem":{"@type":"ListItem","@id":"https:\/\/www.eldigitaldeasturias.com\/noticias\/category\/actualidad\/#listItem","name":"Actualidad"}}]},{"@type":"Organization","@id":"https:\/\/www.eldigitaldeasturias.com\/noticias\/#organization","name":"El Digital de Asturias","description":"Hemeroteca","url":"https:\/\/www.eldigitaldeasturias.com\/noticias\/","email":"info@eldigitaldeasturias.com","telephone":"+34652131393","logo":{"@type":"ImageObject","url":"https:\/\/www.eldigitaldeasturias.com\/noticias\/wp-content\/uploads\/2020\/12\/EDA.jpg","@id":"https:\/\/www.eldigitaldeasturias.com\/noticias\/gallardon-promete-no-abdicar-del-compromiso-electoral-de-reformar-el-aborto\/#organizationLogo"},"image":{"@id":"https:\/\/www.eldigitaldeasturias.com\/noticias\/gallardon-promete-no-abdicar-del-compromiso-electoral-de-reformar-el-aborto\/#organizationLogo"},"sameAs":["https:\/\/facebook.com\/eldigitaldeasturias","https:\/\/www.youtube.com\/channel\/UCZP-2wLEB9Rv6erhFmqVnvg"],"address":{"@id":"https:\/\/www.eldigitaldeasturias.com\/noticias\/#postaladdress","@type":"PostalAddress","streetAddress":"san antonio 4","postalCode":"33430","addressLocality":"Cand\u00e1s","addressRegion":"Asturias","addressCountry":"ES"}},{"@type":"Person","@id":"https:\/\/www.eldigitaldeasturias.com\/noticias\/author\/admin\/#author","url":"https:\/\/www.eldigitaldeasturias.com\/noticias\/author\/admin\/","name":"El Digital de Asturias","image":{"@type":"ImageObject","@id":"https:\/\/www.eldigitaldeasturias.com\/noticias\/gallardon-promete-no-abdicar-del-compromiso-electoral-de-reformar-el-aborto\/#authorImage","url":"https:\/\/secure.gravatar.com\/avatar\/df2aeffc32bcd13f8d26072ef8a91b623d677766deac7f97ca815868cd41bf5e?s=96&d=mm&r=g","width":96,"height":96,"caption":"El Digital de Asturias"}},{"@type":"WebPage","@id":"https:\/\/www.eldigitaldeasturias.com\/noticias\/gallardon-promete-no-abdicar-del-compromiso-electoral-de-reformar-el-aborto\/#webpage","url":"https:\/\/www.eldigitaldeasturias.com\/noticias\/gallardon-promete-no-abdicar-del-compromiso-electoral-de-reformar-el-aborto\/","name":"Gallard\u00f3n promete no abdicar del compromiso electoral de reformar el aborto - El Digital de Asturias","description":"Valladolid, 1 feb (EFE).- El ministro de Justicia, Alberto Ruiz-Gallard\u00f3n, ha dado hoy su \"palabra\" de que ning\u00fan insulto o grito le har\u00e1 abdicar de su compromiso con el presidente del Gobierno de cumplir el programa electoral y regular y garantizar los derechos de la mujeres, pero tambi\u00e9n de los concebidos y no nacidos. El","inLanguage":"es-ES","isPartOf":{"@id":"https:\/\/www.eldigitaldeasturias.com\/noticias\/#website"},"breadcrumb":{"@id":"https:\/\/www.eldigitaldeasturias.com\/noticias\/gallardon-promete-no-abdicar-del-compromiso-electoral-de-reformar-el-aborto\/#breadcrumblist"},"author":{"@id":"https:\/\/www.eldigitaldeasturias.com\/noticias\/author\/admin\/#author"},"creator":{"@id":"https:\/\/www.eldigitaldeasturias.com\/noticias\/author\/admin\/#author"},"image":{"@type":"ImageObject","url":481937,"@id":"https:\/\/www.eldigitaldeasturias.com\/noticias\/gallardon-promete-no-abdicar-del-compromiso-electoral-de-reformar-el-aborto\/#mainImage"},"primaryImageOfPage":{"@id":"https:\/\/www.eldigitaldeasturias.com\/noticias\/gallardon-promete-no-abdicar-del-compromiso-electoral-de-reformar-el-aborto\/#mainImage"},"datePublished":"2014-02-01T22:58:26+01:00","dateModified":"2014-02-01T22:58:26+01:00"},{"@type":"WebSite","@id":"https:\/\/www.eldigitaldeasturias.com\/noticias\/#website","url":"https:\/\/www.eldigitaldeasturias.com\/noticias\/","name":"El Digital de Asturias - Diario de actualidad y noticias","alternateName":"El Digital de Asturias - Diario de actualidad y noticias","description":"Hemeroteca","inLanguage":"es-ES","publisher":{"@id":"https:\/\/www.eldigitaldeasturias.com\/noticias\/#organization"}}]},"og:locale":"es_ES","og:site_name":"El Digital de Asturias","og:type":"article","og:title":"Gallard\u00f3n promete no abdicar del compromiso electoral de reformar el aborto - El Digital de Asturias","og:description":"Valladolid, 1 feb (EFE).- El ministro de Justicia, Alberto Ruiz-Gallard\u00f3n, ha dado hoy su &quot;palabra&quot; de que ning\u00fan insulto o grito le har\u00e1 abdicar de su compromiso con el presidente del Gobierno de cumplir el programa electoral y regular y garantizar los derechos de la mujeres, pero tambi\u00e9n de los concebidos y no nacidos. El","og:url":"https:\/\/www.eldigitaldeasturias.com\/noticias\/gallardon-promete-no-abdicar-del-compromiso-electoral-de-reformar-el-aborto\/","article:tag":["actualidad"],"article:published_time":"2014-02-01T23:58:26+00:00","article:modified_time":"2014-02-01T23:58:26+00:00","article:publisher":"https:\/\/facebook.com\/eldigitaldeasturias","twitter:card":"summary_large_image","twitter:title":"Gallard\u00f3n promete no abdicar del compromiso electoral de reformar el aborto - El Digital de Asturias","twitter:description":"Valladolid, 1 feb (EFE).- El ministro de Justicia, Alberto Ruiz-Gallard\u00f3n, ha dado hoy su &quot;palabra&quot; de que ning\u00fan insulto o grito le har\u00e1 abdicar de su compromiso con el presidente del Gobierno de cumplir el programa electoral y regular y garantizar los derechos de la mujeres, pero tambi\u00e9n de los concebidos y no nacidos. El","twitter:label1":"Escrito por","twitter:data1":"El Digital de Asturias","twitter:label2":"Tiempo de lectura estimado","twitter:data2":"2 minutos"},"aioseo_meta_data":{"post_id":"481936","title":null,"description":null,"keywords":null,"keyphrases":null,"primary_term":null,"canonical_url":null,"og_title":null,"og_description":null,"og_object_type":"default","og_image_type":"default","og_image_url":null,"og_image_width":null,"og_image_height":null,"og_image_custom_url":null,"og_image_custom_fields":null,"og_video":null,"og_custom_url":null,"og_article_section":null,"og_article_tags":null,"twitter_use_og":true,"twitter_card":"default","twitter_image_type":"default","twitter_image_url":null,"twitter_image_custom_url":null,"twitter_image_custom_fields":null,"twitter_title":null,"twitter_description":null,"schema":{"blockGraphs":[],"customGraphs":[],"default":{"data":{"Article":[],"Course":[],"Dataset":[],"FAQPage":[],"Movie":[],"Person":[],"Product":[],"ProductReview":[],"Car":[],"Recipe":[],"Service":[],"SoftwareApplication":[],"WebPage":[]},"graphName":"","isEnabled":true},"graphs":[],"defaultGraph":"","defaultPostTypeGraph":""},"schema_type":null,"schema_type_options":null,"pillar_content":false,"robots_default":true,"robots_noindex":false,"robots_noarchive":false,"robots_nosnippet":false,"robots_nofollow":false,"robots_noimageindex":false,"robots_noodp":false,"robots_notranslate":false,"robots_max_snippet":null,"robots_max_videopreview":null,"robots_max_imagepreview":"none","priority":null,"frequency":null,"local_seo":null,"seo_analyzer_scan_date":"2026-06-02 08:20:56","breadcrumb_settings":null,"limit_modified_date":false,"open_ai":null,"ai":null,"created":"2020-11-14 22:54:29","updated":"2026-06-02 08:20:56","focus_keyword":null,"additional_keywords":null,"truseo_locale":null},"aioseo_breadcrumb":"<div class=\"aioseo-breadcrumbs\"><span class=\"aioseo-breadcrumb\">\n\t<a href=\"https:\/\/www.eldigitaldeasturias.com\/noticias\" title=\"Home\">Home<\/a>\n<\/span><span class=\"aioseo-breadcrumb-separator\">\u2013<\/span><span class=\"aioseo-breadcrumb\">\n\t<a href=\"https:\/\/www.eldigitaldeasturias.com\/noticias\/category\/actualidad\/\" title=\"Actualidad\">Actualidad<\/a>\n<\/span><span class=\"aioseo-breadcrumb-separator\">\u2013<\/span><span class=\"aioseo-breadcrumb\">\n\t<a href=\"https:\/\/www.eldigitaldeasturias.com\/noticias\/gallardon-promete-no-abdicar-del-compromiso-electoral-de-reformar-el-aborto\/\" title=\"Gallard\u00f3n promete no abdicar del compromiso electoral de reformar el aborto\">Gallard\u00f3n promete no abdicar del compromiso electoral de reformar el aborto<\/a>\n<\/span><\/div>","aioseo_breadcrumb_json":[{"label":"Home","link":"https:\/\/www.eldigitaldeasturias.com\/noticias"},{"label":"Actualidad","link":"https:\/\/www.eldigitaldeasturias.com\/noticias\/category\/actualidad\/"},{"label":"Gallard\u00f3n promete no abdicar del compromiso electoral de reformar el aborto","link":"https:\/\/www.eldigitaldeasturias.com\/noticias\/gallardon-promete-no-abdicar-del-compromiso-electoral-de-reformar-el-aborto\/"}],"_links":{"self":[{"href":"https:\/\/www.eldigitaldeasturias.com\/noticias\/wp-json\/wp\/v2\/posts\/481936","targetHints":{"allow":["GET"]}}],"collection":[{"href":"https:\/\/www.eldigitaldeasturias.com\/noticias\/wp-json\/wp\/v2\/posts"}],"about":[{"href":"https:\/\/www.eldigitaldeasturias.com\/noticias\/wp-json\/wp\/v2\/types\/post"}],"author":[{"embeddable":true,"href":"https:\/\/www.eldigitaldeasturias.com\/noticias\/wp-json\/wp\/v2\/users\/1"}],"replies":[{"embeddable":true,"href":"https:\/\/www.eldigitaldeasturias.com\/noticias\/wp-json\/wp\/v2\/comments?post=481936"}],"version-history":[{"count":0,"href":"https:\/\/www.eldigitaldeasturias.com\/noticias\/wp-json\/wp\/v2\/posts\/481936\/revisions"}],"wp:attachment":[{"href":"https:\/\/www.eldigitaldeasturias.com\/noticias\/wp-json\/wp\/v2\/media?parent=481936"}],"wp:term":[{"taxonomy":"category","embeddable":true,"href":"https:\/\/www.eldigitaldeasturias.com\/noticias\/wp-json\/wp\/v2\/categories?post=481936"},{"taxonomy":"post_tag","embeddable":true,"href":"https:\/\/www.eldigitaldeasturias.com\/noticias\/wp-json\/wp\/v2\/tags?post=481936"}],"curies":[{"name":"wp","href":"https:\/\/api.w.org\/{rel}","templated":true}]}}