{"id":481933,"date":"2014-02-01T22:56:57","date_gmt":"2014-02-01T23:56:57","guid":{"rendered":"http:\/\/www.eldigitaldeasturias.com\/noticias\/?p=481933"},"modified":"2014-02-01T22:56:57","modified_gmt":"2014-02-01T23:56:57","slug":"luto-en-espana-por-la-muerte-del-impulsor-de-la-roja","status":"publish","type":"post","link":"https:\/\/www.eldigitaldeasturias.com\/noticias\/luto-en-espana-por-la-muerte-del-impulsor-de-la-roja\/","title":{"rendered":"Luto en Espa\u00f1a por la muerte del impulsor de la \u00abRoja\u00bb"},"content":{"rendered":"<p><img loading=\"lazy\" decoding=\"async\" class=\"alignleft size-medium wp-image-481934\" alt=\"5900191w\" src=\"https:\/\/www.eldigitaldeasturias.com\/noticias\/wp-content\/uploads\/2014\/02\/5900191w-360x192.jpg\" width=\"360\" height=\"192\" \/>Madrid, 1 feb (EFE).- El mundo del f\u00fatbol, en particular, y la sociedad espa\u00f1ola, en general, llora el primer d\u00eda del mes de febrero la muerte del entrenador Luis Aragon\u00e9s, ocurrida a primera hora de la ma\u00f1ana en la cl\u00ednica Cemtro de la capital de Espa\u00f1a, donde hab\u00eda ingresado la noche anterior tras su \u00faltima reca\u00edda, aquejado de una grave leucemia.<\/p>\n<p>Una clara coincidencia existe entre todos los que le conocieron y trabajaron con \u00e9l, y entre los que, sin haber tenido un contacto tan directo, siguen el f\u00fatbol y saben de su trayectoria. Luis es el gran impulsor de un cambio hist\u00f3rico, el que llev\u00f3 a la selecci\u00f3n espa\u00f1ola a acabar con 44 a\u00f1os de desencantos, los que hab\u00edan transcurrido desde 1964 hasta 2008.<\/p>\n<p>El 29 de junio ese a\u00f1o, en el estadio Ernst Happel de Viena, Fernando Torres puso la guinda a la mutaci\u00f3n espa\u00f1ola, habituada a las decepciones y fracasos, al anotar el tanto de la victoria ante Alemania, la diana que dio a Espa\u00f1a la Eurocopa.<\/p>\n<p>Luis, que dirigi\u00f3 a la selecci\u00f3n durante el periplo 2004-2008, fue el art\u00edfice de todo, el creador de la nueva \u00abRoja\u00bb, el inventor del juego de toque, que sustitu\u00eda a la antigua furia.<\/p>\n<p>Los Reyes y los Pr\u00edncipes de Asturias encabezaron las condolencias con telegramas de p\u00e9same a la familia de Aragon\u00e9s, en los que destacaron su amplia trayectoria como entrenador y seleccionador, as\u00ed como su contribuci\u00f3n al f\u00fatbol espa\u00f1ol.<\/p>\n<p>El presidente del Gobierno, Mariano Rajoy, tambi\u00e9n lament\u00f3 la muerte de una \u00abgran personalidad humana y deportiva\u00bb. Rajoy extendi\u00f3 su p\u00e9same, en su nombre y en el del Gobierno de Espa\u00f1a, a la familia y amigos del exentrenador y exfutbolista, as\u00ed como a todos sus seguidores y admiradores.<\/p>\n<p>El presidente record\u00f3 los hitos del que fue \u00abun gran futbolista y entrenador\u00bb -como el \u00abm\u00edtico gol\u00bb al Bayern de M\u00fanich en la final de la Copa de Europa de 1974- y reconoci\u00f3 que \u00abel sabio de Hortaleza\u00bb ha sido \u00abclave en las extraordinarias p\u00e1ginas de \u00e9xito\u00bb que est\u00e1 escribiendo el f\u00fatbol espa\u00f1ol actualmente.<\/p>\n<p>Su nombre, finaliz\u00f3 el presidente del Ejecutivo, \u00abest\u00e1 asociado para siempre a la mejor leyenda\u00bb del deporte espa\u00f1ol y por ello es \u00abadmirado y recordado\u00bb por todos.<\/p>\n<p>\u00c1ngel Mar\u00eda Villar, presidente de la Federaci\u00f3n Espa\u00f1ola de F\u00fatbol, dijo que lleva \u00aben el coraz\u00f3n\u00bb a Luis Aragon\u00e9s, y le llevar\u00e1 \u00absiempre\u00bb, al tiempo que destac\u00f3 que le ha admirado como jugador y ha sido un seleccionador \u00abextraordinario\u00bb.<\/p>\n<p>Vicente del Bosque, el encargado de tomar el relevo en el banquillo de la selecci\u00f3n, a la que llev\u00f3 luego al t\u00edtulo Mundial en Sud\u00e1frica 2010 y a otra Eurocopa en Polonia y Ucrania 2012, destac\u00f3 que Luis Aragon\u00e9s marc\u00f3 el camino de \u00ablos \u00e9xitos de la selecci\u00f3n espa\u00f1ola\u00bb y record\u00f3 que, cuando \u00e9l asumi\u00f3 el cargo, nunca quiso \u00abborrar ninguna huella de esos cuatro a\u00f1os magn\u00edficos\u00bb y explic\u00f3 que \u00abno\u00bb van \u00aba olvidarle nunca\u00bb.<\/p>\n<p>Son algunos de lo innumerables testimonios de reconocimiento y condolencias que se han ido sucediendo a lo largo de la jornada, todos en la misma direcci\u00f3n.<\/p>\n<p>Presidentes de clubes, entrenadores y futbolistas en activo han lamentado con sinceridad la p\u00e9rdida de un referente. \u00abYo me quedar\u00eda con su honradez y profesionalidad\u00bb, se\u00f1al\u00f3 Emilio Butrague\u00f1o, director de relaciones institucionales del Real Madrid, y remarc\u00f3 que \u00abes un ejemplo para las futuras generaciones\u00bb.<\/p>\n<p>Florentino P\u00e9rez, presidente del club blanco, habl\u00f3 de Luis como \u00abuna figura legendaria\u00bb y el entrenador del equipo blanco, el italiano Carlo Ancelotti, cuyos jugadores guardaron un emotivo minuto de silencio en el campo de entrenamiento de Valdebebas antes de comenzar los ejercicios, se refiri\u00f3 a Aragon\u00e9s como el creador de un estilo de f\u00fatbol en Espa\u00f1a.<\/p>\n<p>Desde Barcelona tampoco se hizo esperar el p\u00e9same. Su presidente, Josep Mar\u00eda Bartomeu, lament\u00f3 la muerte del exentrenador de quien dijo que \u00abera uno de los grandes\u00bb del mundo del f\u00fatbol.<\/p>\n<p>Desde la mayor\u00eda de los clubes llegaron telegramas a la Federaci\u00f3n Espa\u00f1ola y al Atl\u00e9tico de Madrid, donde Luis Aragon\u00e9s ejerci\u00f3 la mayor parte de su carrera deportiva, tanto de futbolista como de entrenador y donde, como \u00e9l dijo en m\u00e1s de una ocasi\u00f3n, creci\u00f3 y se hizo hombre.<\/p>\n<p>Por eso, en el Atl\u00e9tico ha causado una gran conmoci\u00f3n su fallecimiento. En la plantilla y cuerpo t\u00e9cnico actual y en ilustres veteranos que no pudieron reprimir las l\u00e1grimas cuando conocieron la triste noticia. Le ocurri\u00f3 a Armando Ufarte y a Adelardo Rodr\u00edguez, as\u00ed como a Miguel San Rom\u00e1n. De ellos y de otros muchos m\u00e1s salieron palabras de duelo al recordar a su maestro.<\/p>\n<p>Luis Aragon\u00e9s falleci\u00f3, a los 75 a\u00f1os, a la 6.15 de la ma\u00f1ana del 1 de febrero de 2014 en Madrid, aquejado de una leucemia. Hab\u00eda nacido en Hortaleza (Madrid) el 28 de julio de 1938.<\/p>\n<p>Con 19 a\u00f1os jug\u00f3 en Tercera con el Getafe y llamado la atenci\u00f3n del Real Madrid, que, sin embargo, nunca encontr\u00f3 hueco para \u00e9l en una plantilla llena de estrellas. Por eso le fue cediendo al Recreativo, H\u00e9rcules, \u00dabeda, y lo recuper\u00f3 para el Plus Ultra hasta que a finales de 1960 lo reclam\u00f3 el Real Oviedo. De all\u00ed pas\u00f3 al Betis en 1961 y en 1964 al Atl\u00e9tico de Madrid.<\/p>\n<p>Con los rojiblancos milit\u00f3 hasta 1974 y en noviembre de ese a\u00f1o se convirti\u00f3 en entrenador, cargo que tambi\u00e9n ostent\u00f3 en el Betis, Barcelona, Espanyol, Valencia, Sevilla, Oviedo y Mallorca. Y fuera de Espa\u00f1a, en el Fenerbahce turco, despu\u00e9s de hacerlo con la selecci\u00f3n espa\u00f1ola.<\/p>\n","protected":false},"excerpt":{"rendered":"<p>Madrid, 1 feb (EFE).- El mundo del f\u00fatbol, en particular, y la sociedad espa\u00f1ola, en general, llora el primer d\u00eda del mes de febrero la muerte del entrenador Luis Aragon\u00e9s, ocurrida a primera hora de la ma\u00f1ana en la cl\u00ednica Cemtro de la capital de Espa\u00f1a, donde hab\u00eda ingresado la noche anterior tras su \u00faltima [&hellip;]<\/p>\n","protected":false},"author":1,"featured_media":481934,"comment_status":"closed","ping_status":"open","sticky":false,"template":"","format":"standard","meta":{"footnotes":""},"categories":[1],"tags":[],"class_list":["post-481933","post","type-post","status-publish","format-standard","has-post-thumbnail","hentry","category-actualidad"],"aioseo_notices":[],"aioseo_head":"\n\t\t<!-- All in One SEO Pro 5.0.1 - aioseo.com -->\n\t<meta name=\"description\" content=\"Madrid, 1 feb (EFE).- El mundo del f\u00fatbol, en particular, y la sociedad espa\u00f1ola, en general, llora el primer d\u00eda del mes de febrero la muerte del entrenador Luis Aragon\u00e9s, ocurrida a primera hora de la ma\u00f1ana en la cl\u00ednica Cemtro de la capital de Espa\u00f1a, donde hab\u00eda ingresado la noche anterior tras su \u00faltima\" \/>\n\t<meta name=\"robots\" content=\"max-image-preview:large\" \/>\n\t<meta name=\"author\" content=\"El Digital de Asturias\"\/>\n\t<meta name=\"google-site-verification\" content=\"UA-38556648-1\" \/>\n\t<meta name=\"msvalidate.01\" content=\"7dfe9f3f1b24437ab69f4f2559babe99\" \/>\n\t<meta name=\"keywords\" content=\"actualidad\" \/>\n\t<link rel=\"canonical\" href=\"https:\/\/www.eldigitaldeasturias.com\/noticias\/luto-en-espana-por-la-muerte-del-impulsor-de-la-roja\/\" \/>\n\t<meta name=\"generator\" content=\"All in One SEO Pro (AIOSEO) 5.0.1\" \/>\n\t\t<meta property=\"og:locale\" content=\"es_ES\" \/>\n\t\t<meta property=\"og:site_name\" content=\"El Digital de Asturias\" \/>\n\t\t<meta property=\"og:type\" content=\"article\" \/>\n\t\t<meta property=\"og:title\" content=\"Luto en Espa\u00f1a por la muerte del impulsor de la \u00abRoja\u00bb - El Digital de Asturias\" \/>\n\t\t<meta property=\"og:description\" content=\"Madrid, 1 feb (EFE).- El mundo del f\u00fatbol, en particular, y la sociedad espa\u00f1ola, en general, llora el primer d\u00eda del mes de febrero la muerte del entrenador Luis Aragon\u00e9s, ocurrida a primera hora de la ma\u00f1ana en la cl\u00ednica Cemtro de la capital de Espa\u00f1a, donde hab\u00eda ingresado la noche anterior tras su \u00faltima\" \/>\n\t\t<meta property=\"og:url\" content=\"https:\/\/www.eldigitaldeasturias.com\/noticias\/luto-en-espana-por-la-muerte-del-impulsor-de-la-roja\/\" \/>\n\t\t<meta property=\"article:tag\" content=\"actualidad\" \/>\n\t\t<meta property=\"article:published_time\" content=\"2014-02-01T23:56:57+00:00\" \/>\n\t\t<meta property=\"article:modified_time\" content=\"2014-02-01T23:56:57+00:00\" \/>\n\t\t<meta property=\"article:publisher\" content=\"https:\/\/facebook.com\/eldigitaldeasturias\" \/>\n\t\t<meta name=\"twitter:card\" content=\"summary_large_image\" \/>\n\t\t<meta name=\"twitter:title\" content=\"Luto en Espa\u00f1a por la muerte del impulsor de la \u00abRoja\u00bb - El Digital de Asturias\" \/>\n\t\t<meta name=\"twitter:description\" content=\"Madrid, 1 feb (EFE).- El mundo del f\u00fatbol, en particular, y la sociedad espa\u00f1ola, en general, llora el primer d\u00eda del mes de febrero la muerte del entrenador Luis Aragon\u00e9s, ocurrida a primera hora de la ma\u00f1ana en la cl\u00ednica Cemtro de la capital de Espa\u00f1a, donde hab\u00eda ingresado la noche anterior tras su \u00faltima\" \/>\n\t\t<meta name=\"twitter:label1\" content=\"Escrito por\" \/>\n\t\t<meta name=\"twitter:data1\" content=\"El Digital de Asturias\" \/>\n\t\t<meta name=\"twitter:label2\" content=\"Tiempo de lectura estimado\" \/>\n\t\t<meta name=\"twitter:data2\" content=\"5 minutos\" \/>\n\t\t<script type=\"application\/ld+json\" class=\"aioseo-schema\">\n\t\t\t{\"@context\":\"https:\\\/\\\/schema.org\",\"@graph\":[{\"@type\":\"BlogPosting\",\"@id\":\"https:\\\/\\\/www.eldigitaldeasturias.com\\\/noticias\\\/luto-en-espana-por-la-muerte-del-impulsor-de-la-roja\\\/#blogposting\",\"name\":\"Luto en Espa\\u00f1a por la muerte del impulsor de la \\u00abRoja\\u00bb - El Digital de Asturias\",\"headline\":\"Luto en Espa\\u00f1a por la muerte del impulsor de la \\u00abRoja\\u00bb\",\"author\":{\"@id\":\"https:\\\/\\\/www.eldigitaldeasturias.com\\\/noticias\\\/author\\\/admin\\\/#author\"},\"publisher\":{\"@id\":\"https:\\\/\\\/www.eldigitaldeasturias.com\\\/noticias\\\/#organization\"},\"image\":{\"@type\":\"ImageObject\",\"url\":481934},\"datePublished\":\"2014-02-01T22:56:57+01:00\",\"dateModified\":\"2014-02-01T22:56:57+01:00\",\"inLanguage\":\"es-ES\",\"mainEntityOfPage\":{\"@id\":\"https:\\\/\\\/www.eldigitaldeasturias.com\\\/noticias\\\/luto-en-espana-por-la-muerte-del-impulsor-de-la-roja\\\/#webpage\"},\"isPartOf\":{\"@id\":\"https:\\\/\\\/www.eldigitaldeasturias.com\\\/noticias\\\/luto-en-espana-por-la-muerte-del-impulsor-de-la-roja\\\/#webpage\"},\"articleSection\":\"Actualidad\"},{\"@type\":\"BreadcrumbList\",\"@id\":\"https:\\\/\\\/www.eldigitaldeasturias.com\\\/noticias\\\/luto-en-espana-por-la-muerte-del-impulsor-de-la-roja\\\/#breadcrumblist\",\"itemListElement\":[{\"@type\":\"ListItem\",\"@id\":\"https:\\\/\\\/www.eldigitaldeasturias.com\\\/noticias#listItem\",\"position\":1,\"name\":\"Home\",\"item\":\"https:\\\/\\\/www.eldigitaldeasturias.com\\\/noticias\",\"nextItem\":{\"@type\":\"ListItem\",\"@id\":\"https:\\\/\\\/www.eldigitaldeasturias.com\\\/noticias\\\/category\\\/actualidad\\\/#listItem\",\"name\":\"Actualidad\"}},{\"@type\":\"ListItem\",\"@id\":\"https:\\\/\\\/www.eldigitaldeasturias.com\\\/noticias\\\/category\\\/actualidad\\\/#listItem\",\"position\":2,\"name\":\"Actualidad\",\"item\":\"https:\\\/\\\/www.eldigitaldeasturias.com\\\/noticias\\\/category\\\/actualidad\\\/\",\"nextItem\":{\"@type\":\"ListItem\",\"@id\":\"https:\\\/\\\/www.eldigitaldeasturias.com\\\/noticias\\\/luto-en-espana-por-la-muerte-del-impulsor-de-la-roja\\\/#listItem\",\"name\":\"Luto en Espa\\u00f1a por la muerte del impulsor de la \\u00abRoja\\u00bb\"},\"previousItem\":{\"@type\":\"ListItem\",\"@id\":\"https:\\\/\\\/www.eldigitaldeasturias.com\\\/noticias#listItem\",\"name\":\"Home\"}},{\"@type\":\"ListItem\",\"@id\":\"https:\\\/\\\/www.eldigitaldeasturias.com\\\/noticias\\\/luto-en-espana-por-la-muerte-del-impulsor-de-la-roja\\\/#listItem\",\"position\":3,\"name\":\"Luto en Espa\\u00f1a por la muerte del impulsor de la \\u00abRoja\\u00bb\",\"previousItem\":{\"@type\":\"ListItem\",\"@id\":\"https:\\\/\\\/www.eldigitaldeasturias.com\\\/noticias\\\/category\\\/actualidad\\\/#listItem\",\"name\":\"Actualidad\"}}]},{\"@type\":\"Organization\",\"@id\":\"https:\\\/\\\/www.eldigitaldeasturias.com\\\/noticias\\\/#organization\",\"name\":\"El Digital de Asturias\",\"description\":\"Hemeroteca\",\"url\":\"https:\\\/\\\/www.eldigitaldeasturias.com\\\/noticias\\\/\",\"email\":\"info@eldigitaldeasturias.com\",\"telephone\":\"+34652131393\",\"logo\":{\"@type\":\"ImageObject\",\"url\":\"https:\\\/\\\/www.eldigitaldeasturias.com\\\/noticias\\\/wp-content\\\/uploads\\\/2020\\\/12\\\/EDA.jpg\",\"@id\":\"https:\\\/\\\/www.eldigitaldeasturias.com\\\/noticias\\\/luto-en-espana-por-la-muerte-del-impulsor-de-la-roja\\\/#organizationLogo\"},\"image\":{\"@id\":\"https:\\\/\\\/www.eldigitaldeasturias.com\\\/noticias\\\/luto-en-espana-por-la-muerte-del-impulsor-de-la-roja\\\/#organizationLogo\"},\"sameAs\":[\"https:\\\/\\\/facebook.com\\\/eldigitaldeasturias\",\"https:\\\/\\\/www.youtube.com\\\/channel\\\/UCZP-2wLEB9Rv6erhFmqVnvg\"],\"address\":{\"@id\":\"https:\\\/\\\/www.eldigitaldeasturias.com\\\/noticias\\\/#postaladdress\",\"@type\":\"PostalAddress\",\"streetAddress\":\"san antonio 4\",\"postalCode\":\"33430\",\"addressLocality\":\"Cand\\u00e1s\",\"addressRegion\":\"Asturias\",\"addressCountry\":\"ES\"}},{\"@type\":\"Person\",\"@id\":\"https:\\\/\\\/www.eldigitaldeasturias.com\\\/noticias\\\/author\\\/admin\\\/#author\",\"url\":\"https:\\\/\\\/www.eldigitaldeasturias.com\\\/noticias\\\/author\\\/admin\\\/\",\"name\":\"El Digital de Asturias\",\"image\":{\"@type\":\"ImageObject\",\"@id\":\"https:\\\/\\\/www.eldigitaldeasturias.com\\\/noticias\\\/luto-en-espana-por-la-muerte-del-impulsor-de-la-roja\\\/#authorImage\",\"url\":\"https:\\\/\\\/secure.gravatar.com\\\/avatar\\\/df2aeffc32bcd13f8d26072ef8a91b623d677766deac7f97ca815868cd41bf5e?s=96&d=mm&r=g\",\"width\":96,\"height\":96,\"caption\":\"El Digital de Asturias\"}},{\"@type\":\"WebPage\",\"@id\":\"https:\\\/\\\/www.eldigitaldeasturias.com\\\/noticias\\\/luto-en-espana-por-la-muerte-del-impulsor-de-la-roja\\\/#webpage\",\"url\":\"https:\\\/\\\/www.eldigitaldeasturias.com\\\/noticias\\\/luto-en-espana-por-la-muerte-del-impulsor-de-la-roja\\\/\",\"name\":\"Luto en Espa\\u00f1a por la muerte del impulsor de la \\u00abRoja\\u00bb - El Digital de Asturias\",\"description\":\"Madrid, 1 feb (EFE).- El mundo del f\\u00fatbol, en particular, y la sociedad espa\\u00f1ola, en general, llora el primer d\\u00eda del mes de febrero la muerte del entrenador Luis Aragon\\u00e9s, ocurrida a primera hora de la ma\\u00f1ana en la cl\\u00ednica Cemtro de la capital de Espa\\u00f1a, donde hab\\u00eda ingresado la noche anterior tras su \\u00faltima\",\"inLanguage\":\"es-ES\",\"isPartOf\":{\"@id\":\"https:\\\/\\\/www.eldigitaldeasturias.com\\\/noticias\\\/#website\"},\"breadcrumb\":{\"@id\":\"https:\\\/\\\/www.eldigitaldeasturias.com\\\/noticias\\\/luto-en-espana-por-la-muerte-del-impulsor-de-la-roja\\\/#breadcrumblist\"},\"author\":{\"@id\":\"https:\\\/\\\/www.eldigitaldeasturias.com\\\/noticias\\\/author\\\/admin\\\/#author\"},\"creator\":{\"@id\":\"https:\\\/\\\/www.eldigitaldeasturias.com\\\/noticias\\\/author\\\/admin\\\/#author\"},\"image\":{\"@type\":\"ImageObject\",\"url\":481934,\"@id\":\"https:\\\/\\\/www.eldigitaldeasturias.com\\\/noticias\\\/luto-en-espana-por-la-muerte-del-impulsor-de-la-roja\\\/#mainImage\"},\"primaryImageOfPage\":{\"@id\":\"https:\\\/\\\/www.eldigitaldeasturias.com\\\/noticias\\\/luto-en-espana-por-la-muerte-del-impulsor-de-la-roja\\\/#mainImage\"},\"datePublished\":\"2014-02-01T22:56:57+01:00\",\"dateModified\":\"2014-02-01T22:56:57+01:00\"},{\"@type\":\"WebSite\",\"@id\":\"https:\\\/\\\/www.eldigitaldeasturias.com\\\/noticias\\\/#website\",\"url\":\"https:\\\/\\\/www.eldigitaldeasturias.com\\\/noticias\\\/\",\"name\":\"El Digital de Asturias - Diario de actualidad y noticias\",\"alternateName\":\"El Digital de Asturias - Diario de actualidad y noticias\",\"description\":\"Hemeroteca\",\"inLanguage\":\"es-ES\",\"publisher\":{\"@id\":\"https:\\\/\\\/www.eldigitaldeasturias.com\\\/noticias\\\/#organization\"}}]}\n\t\t<\/script>\n\t\t<!-- All in One SEO Pro -->\r\n\t\t<title>Luto en Espa\u00f1a por la muerte del impulsor de la \u00abRoja\u00bb - El Digital de Asturias<\/title>\n\n","aioseo_head_json":{"title":"Luto en Espa\u00f1a por la muerte del impulsor de la \u00abRoja\u00bb - El Digital de Asturias","description":"Madrid, 1 feb (EFE).- El mundo del f\u00fatbol, en particular, y la sociedad espa\u00f1ola, en general, llora el primer d\u00eda del mes de febrero la muerte del entrenador Luis Aragon\u00e9s, ocurrida a primera hora de la ma\u00f1ana en la cl\u00ednica Cemtro de la capital de Espa\u00f1a, donde hab\u00eda ingresado la noche anterior tras su \u00faltima","canonical_url":"https:\/\/www.eldigitaldeasturias.com\/noticias\/luto-en-espana-por-la-muerte-del-impulsor-de-la-roja\/","robots":"max-image-preview:large","keywords":"actualidad","webmasterTools":{"google-site-verification":"UA-38556648-1","msvalidate.01":"7dfe9f3f1b24437ab69f4f2559babe99","miscellaneous":""},"schema":{"@context":"https:\/\/schema.org","@graph":[{"@type":"BlogPosting","@id":"https:\/\/www.eldigitaldeasturias.com\/noticias\/luto-en-espana-por-la-muerte-del-impulsor-de-la-roja\/#blogposting","name":"Luto en Espa\u00f1a por la muerte del impulsor de la \u00abRoja\u00bb - El Digital de Asturias","headline":"Luto en Espa\u00f1a por la muerte del impulsor de la \u00abRoja\u00bb","author":{"@id":"https:\/\/www.eldigitaldeasturias.com\/noticias\/author\/admin\/#author"},"publisher":{"@id":"https:\/\/www.eldigitaldeasturias.com\/noticias\/#organization"},"image":{"@type":"ImageObject","url":481934},"datePublished":"2014-02-01T22:56:57+01:00","dateModified":"2014-02-01T22:56:57+01:00","inLanguage":"es-ES","mainEntityOfPage":{"@id":"https:\/\/www.eldigitaldeasturias.com\/noticias\/luto-en-espana-por-la-muerte-del-impulsor-de-la-roja\/#webpage"},"isPartOf":{"@id":"https:\/\/www.eldigitaldeasturias.com\/noticias\/luto-en-espana-por-la-muerte-del-impulsor-de-la-roja\/#webpage"},"articleSection":"Actualidad"},{"@type":"BreadcrumbList","@id":"https:\/\/www.eldigitaldeasturias.com\/noticias\/luto-en-espana-por-la-muerte-del-impulsor-de-la-roja\/#breadcrumblist","itemListElement":[{"@type":"ListItem","@id":"https:\/\/www.eldigitaldeasturias.com\/noticias#listItem","position":1,"name":"Home","item":"https:\/\/www.eldigitaldeasturias.com\/noticias","nextItem":{"@type":"ListItem","@id":"https:\/\/www.eldigitaldeasturias.com\/noticias\/category\/actualidad\/#listItem","name":"Actualidad"}},{"@type":"ListItem","@id":"https:\/\/www.eldigitaldeasturias.com\/noticias\/category\/actualidad\/#listItem","position":2,"name":"Actualidad","item":"https:\/\/www.eldigitaldeasturias.com\/noticias\/category\/actualidad\/","nextItem":{"@type":"ListItem","@id":"https:\/\/www.eldigitaldeasturias.com\/noticias\/luto-en-espana-por-la-muerte-del-impulsor-de-la-roja\/#listItem","name":"Luto en Espa\u00f1a por la muerte del impulsor de la \u00abRoja\u00bb"},"previousItem":{"@type":"ListItem","@id":"https:\/\/www.eldigitaldeasturias.com\/noticias#listItem","name":"Home"}},{"@type":"ListItem","@id":"https:\/\/www.eldigitaldeasturias.com\/noticias\/luto-en-espana-por-la-muerte-del-impulsor-de-la-roja\/#listItem","position":3,"name":"Luto en Espa\u00f1a por la muerte del impulsor de la \u00abRoja\u00bb","previousItem":{"@type":"ListItem","@id":"https:\/\/www.eldigitaldeasturias.com\/noticias\/category\/actualidad\/#listItem","name":"Actualidad"}}]},{"@type":"Organization","@id":"https:\/\/www.eldigitaldeasturias.com\/noticias\/#organization","name":"El Digital de Asturias","description":"Hemeroteca","url":"https:\/\/www.eldigitaldeasturias.com\/noticias\/","email":"info@eldigitaldeasturias.com","telephone":"+34652131393","logo":{"@type":"ImageObject","url":"https:\/\/www.eldigitaldeasturias.com\/noticias\/wp-content\/uploads\/2020\/12\/EDA.jpg","@id":"https:\/\/www.eldigitaldeasturias.com\/noticias\/luto-en-espana-por-la-muerte-del-impulsor-de-la-roja\/#organizationLogo"},"image":{"@id":"https:\/\/www.eldigitaldeasturias.com\/noticias\/luto-en-espana-por-la-muerte-del-impulsor-de-la-roja\/#organizationLogo"},"sameAs":["https:\/\/facebook.com\/eldigitaldeasturias","https:\/\/www.youtube.com\/channel\/UCZP-2wLEB9Rv6erhFmqVnvg"],"address":{"@id":"https:\/\/www.eldigitaldeasturias.com\/noticias\/#postaladdress","@type":"PostalAddress","streetAddress":"san antonio 4","postalCode":"33430","addressLocality":"Cand\u00e1s","addressRegion":"Asturias","addressCountry":"ES"}},{"@type":"Person","@id":"https:\/\/www.eldigitaldeasturias.com\/noticias\/author\/admin\/#author","url":"https:\/\/www.eldigitaldeasturias.com\/noticias\/author\/admin\/","name":"El Digital de Asturias","image":{"@type":"ImageObject","@id":"https:\/\/www.eldigitaldeasturias.com\/noticias\/luto-en-espana-por-la-muerte-del-impulsor-de-la-roja\/#authorImage","url":"https:\/\/secure.gravatar.com\/avatar\/df2aeffc32bcd13f8d26072ef8a91b623d677766deac7f97ca815868cd41bf5e?s=96&d=mm&r=g","width":96,"height":96,"caption":"El Digital de Asturias"}},{"@type":"WebPage","@id":"https:\/\/www.eldigitaldeasturias.com\/noticias\/luto-en-espana-por-la-muerte-del-impulsor-de-la-roja\/#webpage","url":"https:\/\/www.eldigitaldeasturias.com\/noticias\/luto-en-espana-por-la-muerte-del-impulsor-de-la-roja\/","name":"Luto en Espa\u00f1a por la muerte del impulsor de la \u00abRoja\u00bb - El Digital de Asturias","description":"Madrid, 1 feb (EFE).- El mundo del f\u00fatbol, en particular, y la sociedad espa\u00f1ola, en general, llora el primer d\u00eda del mes de febrero la muerte del entrenador Luis Aragon\u00e9s, ocurrida a primera hora de la ma\u00f1ana en la cl\u00ednica Cemtro de la capital de Espa\u00f1a, donde hab\u00eda ingresado la noche anterior tras su \u00faltima","inLanguage":"es-ES","isPartOf":{"@id":"https:\/\/www.eldigitaldeasturias.com\/noticias\/#website"},"breadcrumb":{"@id":"https:\/\/www.eldigitaldeasturias.com\/noticias\/luto-en-espana-por-la-muerte-del-impulsor-de-la-roja\/#breadcrumblist"},"author":{"@id":"https:\/\/www.eldigitaldeasturias.com\/noticias\/author\/admin\/#author"},"creator":{"@id":"https:\/\/www.eldigitaldeasturias.com\/noticias\/author\/admin\/#author"},"image":{"@type":"ImageObject","url":481934,"@id":"https:\/\/www.eldigitaldeasturias.com\/noticias\/luto-en-espana-por-la-muerte-del-impulsor-de-la-roja\/#mainImage"},"primaryImageOfPage":{"@id":"https:\/\/www.eldigitaldeasturias.com\/noticias\/luto-en-espana-por-la-muerte-del-impulsor-de-la-roja\/#mainImage"},"datePublished":"2014-02-01T22:56:57+01:00","dateModified":"2014-02-01T22:56:57+01:00"},{"@type":"WebSite","@id":"https:\/\/www.eldigitaldeasturias.com\/noticias\/#website","url":"https:\/\/www.eldigitaldeasturias.com\/noticias\/","name":"El Digital de Asturias - Diario de actualidad y noticias","alternateName":"El Digital de Asturias - Diario de actualidad y noticias","description":"Hemeroteca","inLanguage":"es-ES","publisher":{"@id":"https:\/\/www.eldigitaldeasturias.com\/noticias\/#organization"}}]},"og:locale":"es_ES","og:site_name":"El Digital de Asturias","og:type":"article","og:title":"Luto en Espa\u00f1a por la muerte del impulsor de la \u00abRoja\u00bb - El Digital de Asturias","og:description":"Madrid, 1 feb (EFE).- El mundo del f\u00fatbol, en particular, y la sociedad espa\u00f1ola, en general, llora el primer d\u00eda del mes de febrero la muerte del entrenador Luis Aragon\u00e9s, ocurrida a primera hora de la ma\u00f1ana en la cl\u00ednica Cemtro de la capital de Espa\u00f1a, donde hab\u00eda ingresado la noche anterior tras su \u00faltima","og:url":"https:\/\/www.eldigitaldeasturias.com\/noticias\/luto-en-espana-por-la-muerte-del-impulsor-de-la-roja\/","article:tag":["actualidad"],"article:published_time":"2014-02-01T23:56:57+00:00","article:modified_time":"2014-02-01T23:56:57+00:00","article:publisher":"https:\/\/facebook.com\/eldigitaldeasturias","twitter:card":"summary_large_image","twitter:title":"Luto en Espa\u00f1a por la muerte del impulsor de la \u00abRoja\u00bb - El Digital de Asturias","twitter:description":"Madrid, 1 feb (EFE).- El mundo del f\u00fatbol, en particular, y la sociedad espa\u00f1ola, en general, llora el primer d\u00eda del mes de febrero la muerte del entrenador Luis Aragon\u00e9s, ocurrida a primera hora de la ma\u00f1ana en la cl\u00ednica Cemtro de la capital de Espa\u00f1a, donde hab\u00eda ingresado la noche anterior tras su \u00faltima","twitter:label1":"Escrito por","twitter:data1":"El Digital de Asturias","twitter:label2":"Tiempo de lectura estimado","twitter:data2":"5 minutos"},"aioseo_meta_data":{"post_id":"481933","title":null,"description":null,"keywords":null,"keyphrases":null,"primary_term":null,"canonical_url":null,"og_title":null,"og_description":null,"og_object_type":"default","og_image_type":"default","og_image_url":null,"og_image_width":null,"og_image_height":null,"og_image_custom_url":null,"og_image_custom_fields":null,"og_video":null,"og_custom_url":null,"og_article_section":null,"og_article_tags":null,"twitter_use_og":true,"twitter_card":"default","twitter_image_type":"default","twitter_image_url":null,"twitter_image_custom_url":null,"twitter_image_custom_fields":null,"twitter_title":null,"twitter_description":null,"schema":{"blockGraphs":[],"customGraphs":[],"default":{"data":{"Article":[],"Course":[],"Dataset":[],"FAQPage":[],"Movie":[],"Person":[],"Product":[],"ProductReview":[],"Car":[],"Recipe":[],"Service":[],"SoftwareApplication":[],"WebPage":[]},"graphName":"","isEnabled":true},"graphs":[],"defaultGraph":"","defaultPostTypeGraph":""},"schema_type":null,"schema_type_options":null,"pillar_content":false,"robots_default":true,"robots_noindex":false,"robots_noarchive":false,"robots_nosnippet":false,"robots_nofollow":false,"robots_noimageindex":false,"robots_noodp":false,"robots_notranslate":false,"robots_max_snippet":null,"robots_max_videopreview":null,"robots_max_imagepreview":"none","priority":null,"frequency":null,"local_seo":null,"seo_analyzer_scan_date":"2026-06-02 08:19:09","breadcrumb_settings":null,"limit_modified_date":false,"open_ai":null,"ai":null,"created":"2020-11-14 22:54:29","updated":"2026-06-02 08:19:09","focus_keyword":null,"additional_keywords":null,"truseo_locale":null},"aioseo_breadcrumb":"<div class=\"aioseo-breadcrumbs\"><span class=\"aioseo-breadcrumb\">\n\t<a href=\"https:\/\/www.eldigitaldeasturias.com\/noticias\" title=\"Home\">Home<\/a>\n<\/span><span class=\"aioseo-breadcrumb-separator\">\u2013<\/span><span class=\"aioseo-breadcrumb\">\n\t<a href=\"https:\/\/www.eldigitaldeasturias.com\/noticias\/category\/actualidad\/\" title=\"Actualidad\">Actualidad<\/a>\n<\/span><span class=\"aioseo-breadcrumb-separator\">\u2013<\/span><span class=\"aioseo-breadcrumb\">\n\t<a href=\"https:\/\/www.eldigitaldeasturias.com\/noticias\/luto-en-espana-por-la-muerte-del-impulsor-de-la-roja\/\" title=\"Luto en Espa\u00f1a por la muerte del impulsor de la \u00abRoja\u00bb\">Luto en Espa\u00f1a por la muerte del impulsor de la \u00abRoja\u00bb<\/a>\n<\/span><\/div>","aioseo_breadcrumb_json":[{"label":"Home","link":"https:\/\/www.eldigitaldeasturias.com\/noticias"},{"label":"Actualidad","link":"https:\/\/www.eldigitaldeasturias.com\/noticias\/category\/actualidad\/"},{"label":"Luto en Espa\u00f1a por la muerte del impulsor de la \u00abRoja\u00bb","link":"https:\/\/www.eldigitaldeasturias.com\/noticias\/luto-en-espana-por-la-muerte-del-impulsor-de-la-roja\/"}],"_links":{"self":[{"href":"https:\/\/www.eldigitaldeasturias.com\/noticias\/wp-json\/wp\/v2\/posts\/481933","targetHints":{"allow":["GET"]}}],"collection":[{"href":"https:\/\/www.eldigitaldeasturias.com\/noticias\/wp-json\/wp\/v2\/posts"}],"about":[{"href":"https:\/\/www.eldigitaldeasturias.com\/noticias\/wp-json\/wp\/v2\/types\/post"}],"author":[{"embeddable":true,"href":"https:\/\/www.eldigitaldeasturias.com\/noticias\/wp-json\/wp\/v2\/users\/1"}],"replies":[{"embeddable":true,"href":"https:\/\/www.eldigitaldeasturias.com\/noticias\/wp-json\/wp\/v2\/comments?post=481933"}],"version-history":[{"count":0,"href":"https:\/\/www.eldigitaldeasturias.com\/noticias\/wp-json\/wp\/v2\/posts\/481933\/revisions"}],"wp:attachment":[{"href":"https:\/\/www.eldigitaldeasturias.com\/noticias\/wp-json\/wp\/v2\/media?parent=481933"}],"wp:term":[{"taxonomy":"category","embeddable":true,"href":"https:\/\/www.eldigitaldeasturias.com\/noticias\/wp-json\/wp\/v2\/categories?post=481933"},{"taxonomy":"post_tag","embeddable":true,"href":"https:\/\/www.eldigitaldeasturias.com\/noticias\/wp-json\/wp\/v2\/tags?post=481933"}],"curies":[{"name":"wp","href":"https:\/\/api.w.org\/{rel}","templated":true}]}}