{"id":481927,"date":"2014-02-01T22:17:10","date_gmt":"2014-02-01T23:17:10","guid":{"rendered":"http:\/\/www.eldigitaldeasturias.com\/noticias\/?p=481927"},"modified":"2014-02-01T22:17:10","modified_gmt":"2014-02-01T23:17:10","slug":"funes-llama-a-los-salvadorenos-a-votar-en-las-elecciones-presidenciales-de-manana","status":"publish","type":"post","link":"https:\/\/www.eldigitaldeasturias.com\/noticias\/funes-llama-a-los-salvadorenos-a-votar-en-las-elecciones-presidenciales-de-manana\/","title":{"rendered":"Funes llama a los salvadore\u00f1os a votar en las elecciones presidenciales de ma\u00f1ana"},"content":{"rendered":"<p><img loading=\"lazy\" decoding=\"async\" class=\"alignleft size-medium wp-image-481928\" alt=\"5900413w\" src=\"https:\/\/www.eldigitaldeasturias.com\/noticias\/wp-content\/uploads\/2014\/02\/5900413w-360x239.jpg\" width=\"360\" height=\"239\" \/>San Salvador, 1 feb (EFE).- El presidente de El Salvador, Mauricio Funes, llam\u00f3 hoy a los salvadore\u00f1os a votar en las elecciones presidenciales de ma\u00f1ana y afirm\u00f3 que las fuerzas de seguridad garantizar\u00e1n la \u00abtranquilidad\u00bb durante el proceso.<\/p>\n<p>\u00abVayan a votar, hemos desplegado suficientes polic\u00edas y militares para garantizar tranquilidad y seguridad en las votaciones\u00bb, manifest\u00f3 Funes en su programa sabatino de radio, \u00abConversando con el Presidente\u00bb.<\/p>\n<p>Casi 40.000 personas, entre militares, polic\u00edas, socorristas y personal sanitario, participar\u00e1n en la operaci\u00f3n nacional de seguridad por los comicios, seg\u00fan la Direcci\u00f3n de Protecci\u00f3n Civil.<\/p>\n<p>Funes destac\u00f3 que el ejercicio del sufragio se facilitar\u00e1 por la modalidad del voto residencial, consistente en que el ciudadano vota en la zona donde vive y que se aplicar\u00e1 por primera vez en los 262 municipios del pa\u00eds, tras una implementaci\u00f3n gradual desde 2006.<\/p>\n<p>\u00abEl Tribunal Supremo Electoral ha acercado los centros de votaci\u00f3n a sus lugares de residencias para que (los electores) no tengan que tomar bus, caminar mucho, para ir a votar; hoy es m\u00e1s f\u00e1cil votar que antes\u00bb, remarc\u00f3 el mandatario salvadore\u00f1o.<\/p>\n<p>Funes exhort\u00f3 a los ciudadanos a que \u00abvoten por la opci\u00f3n que ustedes estimen pertinentes, pero vayan a votar; salgan ma\u00f1ana a votar, ejerzan ese derecho, ejerzan el derecho del voto\u00bb.<\/p>\n<p>A\u00fan no est\u00e1 claro si el nuevo presidente salvadore\u00f1o saldr\u00e1 de los comicios de ma\u00f1ana, ya que ninguno de los cinco candidatos alcanza el 50 % m\u00e1s uno para ganar, seg\u00fan los \u00faltimos sondeos, que pronostican una segunda vuelta.<\/p>\n<p>De momento Salvador S\u00e1nchez Cer\u00e9n, del gobernante Frente Farabundo Mart\u00ed para la Liberaci\u00f3n Nacional (FMLN), y Norman Quijano, de la opositora Alianza Republicana Nacionalista (ARENA), figuran como los favoritos<\/p>\n<p>Al menos 4,9 millones de salvadore\u00f1os est\u00e1n convocados a los comicios presidenciales de ma\u00f1ana, en los que elegir\u00e1n al sustituto de Funes para el per\u00edodo 2014-2019.<\/p>\n","protected":false},"excerpt":{"rendered":"<p>San Salvador, 1 feb (EFE).- El presidente de El Salvador, Mauricio Funes, llam\u00f3 hoy a los salvadore\u00f1os a votar en las elecciones presidenciales de ma\u00f1ana y afirm\u00f3 que las fuerzas de seguridad garantizar\u00e1n la \u00abtranquilidad\u00bb durante el proceso. \u00abVayan a votar, hemos desplegado suficientes polic\u00edas y militares para garantizar tranquilidad y seguridad en las votaciones\u00bb, [&hellip;]<\/p>\n","protected":false},"author":1,"featured_media":481928,"comment_status":"closed","ping_status":"open","sticky":false,"template":"","format":"standard","meta":{"footnotes":""},"categories":[1],"tags":[],"class_list":["post-481927","post","type-post","status-publish","format-standard","has-post-thumbnail","hentry","category-actualidad"],"aioseo_notices":[],"aioseo_head":"\n\t\t<!-- All in One SEO Pro 5.0.1 - aioseo.com -->\n\t<meta name=\"description\" content=\"San Salvador, 1 feb (EFE).- El presidente de El Salvador, Mauricio Funes, llam\u00f3 hoy a los salvadore\u00f1os a votar en las elecciones presidenciales de ma\u00f1ana y afirm\u00f3 que las fuerzas de seguridad garantizar\u00e1n la &quot;tranquilidad&quot; durante el proceso. &quot;Vayan a votar, hemos desplegado suficientes polic\u00edas y militares para garantizar tranquilidad y seguridad en las votaciones&quot;,\" \/>\n\t<meta name=\"robots\" content=\"max-image-preview:large\" \/>\n\t<meta name=\"author\" content=\"El Digital de Asturias\"\/>\n\t<meta name=\"google-site-verification\" content=\"UA-38556648-1\" \/>\n\t<meta name=\"msvalidate.01\" content=\"7dfe9f3f1b24437ab69f4f2559babe99\" \/>\n\t<meta name=\"keywords\" content=\"actualidad\" \/>\n\t<link rel=\"canonical\" href=\"https:\/\/www.eldigitaldeasturias.com\/noticias\/funes-llama-a-los-salvadorenos-a-votar-en-las-elecciones-presidenciales-de-manana\/\" \/>\n\t<meta name=\"generator\" content=\"All in One SEO Pro (AIOSEO) 5.0.1\" \/>\n\t\t<meta property=\"og:locale\" content=\"es_ES\" \/>\n\t\t<meta property=\"og:site_name\" content=\"El Digital de Asturias\" \/>\n\t\t<meta property=\"og:type\" content=\"article\" \/>\n\t\t<meta property=\"og:title\" content=\"Funes llama a los salvadore\u00f1os a votar en las elecciones presidenciales de ma\u00f1ana - El Digital de Asturias\" \/>\n\t\t<meta property=\"og:description\" content=\"San Salvador, 1 feb (EFE).- El presidente de El Salvador, Mauricio Funes, llam\u00f3 hoy a los salvadore\u00f1os a votar en las elecciones presidenciales de ma\u00f1ana y afirm\u00f3 que las fuerzas de seguridad garantizar\u00e1n la &quot;tranquilidad&quot; durante el proceso. &quot;Vayan a votar, hemos desplegado suficientes polic\u00edas y militares para garantizar tranquilidad y seguridad en las votaciones&quot;,\" \/>\n\t\t<meta property=\"og:url\" content=\"https:\/\/www.eldigitaldeasturias.com\/noticias\/funes-llama-a-los-salvadorenos-a-votar-en-las-elecciones-presidenciales-de-manana\/\" \/>\n\t\t<meta property=\"article:tag\" content=\"actualidad\" \/>\n\t\t<meta property=\"article:published_time\" content=\"2014-02-01T23:17:10+00:00\" \/>\n\t\t<meta property=\"article:modified_time\" content=\"2014-02-01T23:17:10+00:00\" \/>\n\t\t<meta property=\"article:publisher\" content=\"https:\/\/facebook.com\/eldigitaldeasturias\" \/>\n\t\t<meta name=\"twitter:card\" content=\"summary_large_image\" \/>\n\t\t<meta name=\"twitter:title\" content=\"Funes llama a los salvadore\u00f1os a votar en las elecciones presidenciales de ma\u00f1ana - El Digital de Asturias\" \/>\n\t\t<meta name=\"twitter:description\" content=\"San Salvador, 1 feb (EFE).- El presidente de El Salvador, Mauricio Funes, llam\u00f3 hoy a los salvadore\u00f1os a votar en las elecciones presidenciales de ma\u00f1ana y afirm\u00f3 que las fuerzas de seguridad garantizar\u00e1n la &quot;tranquilidad&quot; durante el proceso. &quot;Vayan a votar, hemos desplegado suficientes polic\u00edas y militares para garantizar tranquilidad y seguridad en las votaciones&quot;,\" \/>\n\t\t<meta name=\"twitter:label1\" content=\"Escrito por\" \/>\n\t\t<meta name=\"twitter:data1\" content=\"El Digital de Asturias\" \/>\n\t\t<meta name=\"twitter:label2\" content=\"Tiempo de lectura estimado\" \/>\n\t\t<meta name=\"twitter:data2\" content=\"2 minutos\" \/>\n\t\t<script type=\"application\/ld+json\" class=\"aioseo-schema\">\n\t\t\t{\"@context\":\"https:\\\/\\\/schema.org\",\"@graph\":[{\"@type\":\"BlogPosting\",\"@id\":\"https:\\\/\\\/www.eldigitaldeasturias.com\\\/noticias\\\/funes-llama-a-los-salvadorenos-a-votar-en-las-elecciones-presidenciales-de-manana\\\/#blogposting\",\"name\":\"Funes llama a los salvadore\\u00f1os a votar en las elecciones presidenciales de ma\\u00f1ana - El Digital de Asturias\",\"headline\":\"Funes llama a los salvadore\\u00f1os a votar en las elecciones presidenciales de ma\\u00f1ana\",\"author\":{\"@id\":\"https:\\\/\\\/www.eldigitaldeasturias.com\\\/noticias\\\/author\\\/admin\\\/#author\"},\"publisher\":{\"@id\":\"https:\\\/\\\/www.eldigitaldeasturias.com\\\/noticias\\\/#organization\"},\"image\":{\"@type\":\"ImageObject\",\"url\":481928},\"datePublished\":\"2014-02-01T22:17:10+01:00\",\"dateModified\":\"2014-02-01T22:17:10+01:00\",\"inLanguage\":\"es-ES\",\"mainEntityOfPage\":{\"@id\":\"https:\\\/\\\/www.eldigitaldeasturias.com\\\/noticias\\\/funes-llama-a-los-salvadorenos-a-votar-en-las-elecciones-presidenciales-de-manana\\\/#webpage\"},\"isPartOf\":{\"@id\":\"https:\\\/\\\/www.eldigitaldeasturias.com\\\/noticias\\\/funes-llama-a-los-salvadorenos-a-votar-en-las-elecciones-presidenciales-de-manana\\\/#webpage\"},\"articleSection\":\"Actualidad\"},{\"@type\":\"BreadcrumbList\",\"@id\":\"https:\\\/\\\/www.eldigitaldeasturias.com\\\/noticias\\\/funes-llama-a-los-salvadorenos-a-votar-en-las-elecciones-presidenciales-de-manana\\\/#breadcrumblist\",\"itemListElement\":[{\"@type\":\"ListItem\",\"@id\":\"https:\\\/\\\/www.eldigitaldeasturias.com\\\/noticias#listItem\",\"position\":1,\"name\":\"Home\",\"item\":\"https:\\\/\\\/www.eldigitaldeasturias.com\\\/noticias\",\"nextItem\":{\"@type\":\"ListItem\",\"@id\":\"https:\\\/\\\/www.eldigitaldeasturias.com\\\/noticias\\\/category\\\/actualidad\\\/#listItem\",\"name\":\"Actualidad\"}},{\"@type\":\"ListItem\",\"@id\":\"https:\\\/\\\/www.eldigitaldeasturias.com\\\/noticias\\\/category\\\/actualidad\\\/#listItem\",\"position\":2,\"name\":\"Actualidad\",\"item\":\"https:\\\/\\\/www.eldigitaldeasturias.com\\\/noticias\\\/category\\\/actualidad\\\/\",\"nextItem\":{\"@type\":\"ListItem\",\"@id\":\"https:\\\/\\\/www.eldigitaldeasturias.com\\\/noticias\\\/funes-llama-a-los-salvadorenos-a-votar-en-las-elecciones-presidenciales-de-manana\\\/#listItem\",\"name\":\"Funes llama a los salvadore\\u00f1os a votar en las elecciones presidenciales de ma\\u00f1ana\"},\"previousItem\":{\"@type\":\"ListItem\",\"@id\":\"https:\\\/\\\/www.eldigitaldeasturias.com\\\/noticias#listItem\",\"name\":\"Home\"}},{\"@type\":\"ListItem\",\"@id\":\"https:\\\/\\\/www.eldigitaldeasturias.com\\\/noticias\\\/funes-llama-a-los-salvadorenos-a-votar-en-las-elecciones-presidenciales-de-manana\\\/#listItem\",\"position\":3,\"name\":\"Funes llama a los salvadore\\u00f1os a votar en las elecciones presidenciales de ma\\u00f1ana\",\"previousItem\":{\"@type\":\"ListItem\",\"@id\":\"https:\\\/\\\/www.eldigitaldeasturias.com\\\/noticias\\\/category\\\/actualidad\\\/#listItem\",\"name\":\"Actualidad\"}}]},{\"@type\":\"Organization\",\"@id\":\"https:\\\/\\\/www.eldigitaldeasturias.com\\\/noticias\\\/#organization\",\"name\":\"El Digital de Asturias\",\"description\":\"Hemeroteca\",\"url\":\"https:\\\/\\\/www.eldigitaldeasturias.com\\\/noticias\\\/\",\"email\":\"info@eldigitaldeasturias.com\",\"telephone\":\"+34652131393\",\"logo\":{\"@type\":\"ImageObject\",\"url\":\"https:\\\/\\\/www.eldigitaldeasturias.com\\\/noticias\\\/wp-content\\\/uploads\\\/2020\\\/12\\\/EDA.jpg\",\"@id\":\"https:\\\/\\\/www.eldigitaldeasturias.com\\\/noticias\\\/funes-llama-a-los-salvadorenos-a-votar-en-las-elecciones-presidenciales-de-manana\\\/#organizationLogo\"},\"image\":{\"@id\":\"https:\\\/\\\/www.eldigitaldeasturias.com\\\/noticias\\\/funes-llama-a-los-salvadorenos-a-votar-en-las-elecciones-presidenciales-de-manana\\\/#organizationLogo\"},\"sameAs\":[\"https:\\\/\\\/facebook.com\\\/eldigitaldeasturias\",\"https:\\\/\\\/www.youtube.com\\\/channel\\\/UCZP-2wLEB9Rv6erhFmqVnvg\"],\"address\":{\"@id\":\"https:\\\/\\\/www.eldigitaldeasturias.com\\\/noticias\\\/#postaladdress\",\"@type\":\"PostalAddress\",\"streetAddress\":\"san antonio 4\",\"postalCode\":\"33430\",\"addressLocality\":\"Cand\\u00e1s\",\"addressRegion\":\"Asturias\",\"addressCountry\":\"ES\"}},{\"@type\":\"Person\",\"@id\":\"https:\\\/\\\/www.eldigitaldeasturias.com\\\/noticias\\\/author\\\/admin\\\/#author\",\"url\":\"https:\\\/\\\/www.eldigitaldeasturias.com\\\/noticias\\\/author\\\/admin\\\/\",\"name\":\"El Digital de Asturias\",\"image\":{\"@type\":\"ImageObject\",\"@id\":\"https:\\\/\\\/www.eldigitaldeasturias.com\\\/noticias\\\/funes-llama-a-los-salvadorenos-a-votar-en-las-elecciones-presidenciales-de-manana\\\/#authorImage\",\"url\":\"https:\\\/\\\/secure.gravatar.com\\\/avatar\\\/df2aeffc32bcd13f8d26072ef8a91b623d677766deac7f97ca815868cd41bf5e?s=96&d=mm&r=g\",\"width\":96,\"height\":96,\"caption\":\"El Digital de Asturias\"}},{\"@type\":\"WebPage\",\"@id\":\"https:\\\/\\\/www.eldigitaldeasturias.com\\\/noticias\\\/funes-llama-a-los-salvadorenos-a-votar-en-las-elecciones-presidenciales-de-manana\\\/#webpage\",\"url\":\"https:\\\/\\\/www.eldigitaldeasturias.com\\\/noticias\\\/funes-llama-a-los-salvadorenos-a-votar-en-las-elecciones-presidenciales-de-manana\\\/\",\"name\":\"Funes llama a los salvadore\\u00f1os a votar en las elecciones presidenciales de ma\\u00f1ana - El Digital de Asturias\",\"description\":\"San Salvador, 1 feb (EFE).- El presidente de El Salvador, Mauricio Funes, llam\\u00f3 hoy a los salvadore\\u00f1os a votar en las elecciones presidenciales de ma\\u00f1ana y afirm\\u00f3 que las fuerzas de seguridad garantizar\\u00e1n la \\\"tranquilidad\\\" durante el proceso. \\\"Vayan a votar, hemos desplegado suficientes polic\\u00edas y militares para garantizar tranquilidad y seguridad en las votaciones\\\",\",\"inLanguage\":\"es-ES\",\"isPartOf\":{\"@id\":\"https:\\\/\\\/www.eldigitaldeasturias.com\\\/noticias\\\/#website\"},\"breadcrumb\":{\"@id\":\"https:\\\/\\\/www.eldigitaldeasturias.com\\\/noticias\\\/funes-llama-a-los-salvadorenos-a-votar-en-las-elecciones-presidenciales-de-manana\\\/#breadcrumblist\"},\"author\":{\"@id\":\"https:\\\/\\\/www.eldigitaldeasturias.com\\\/noticias\\\/author\\\/admin\\\/#author\"},\"creator\":{\"@id\":\"https:\\\/\\\/www.eldigitaldeasturias.com\\\/noticias\\\/author\\\/admin\\\/#author\"},\"image\":{\"@type\":\"ImageObject\",\"url\":481928,\"@id\":\"https:\\\/\\\/www.eldigitaldeasturias.com\\\/noticias\\\/funes-llama-a-los-salvadorenos-a-votar-en-las-elecciones-presidenciales-de-manana\\\/#mainImage\"},\"primaryImageOfPage\":{\"@id\":\"https:\\\/\\\/www.eldigitaldeasturias.com\\\/noticias\\\/funes-llama-a-los-salvadorenos-a-votar-en-las-elecciones-presidenciales-de-manana\\\/#mainImage\"},\"datePublished\":\"2014-02-01T22:17:10+01:00\",\"dateModified\":\"2014-02-01T22:17:10+01:00\"},{\"@type\":\"WebSite\",\"@id\":\"https:\\\/\\\/www.eldigitaldeasturias.com\\\/noticias\\\/#website\",\"url\":\"https:\\\/\\\/www.eldigitaldeasturias.com\\\/noticias\\\/\",\"name\":\"El Digital de Asturias - Diario de actualidad y noticias\",\"alternateName\":\"El Digital de Asturias - Diario de actualidad y noticias\",\"description\":\"Hemeroteca\",\"inLanguage\":\"es-ES\",\"publisher\":{\"@id\":\"https:\\\/\\\/www.eldigitaldeasturias.com\\\/noticias\\\/#organization\"}}]}\n\t\t<\/script>\n\t\t<!-- All in One SEO Pro -->\r\n\t\t<title>Funes llama a los salvadore\u00f1os a votar en las elecciones presidenciales de ma\u00f1ana - El Digital de Asturias<\/title>\n\n","aioseo_head_json":{"title":"Funes llama a los salvadore\u00f1os a votar en las elecciones presidenciales de ma\u00f1ana - El Digital de Asturias","description":"San Salvador, 1 feb (EFE).- El presidente de El Salvador, Mauricio Funes, llam\u00f3 hoy a los salvadore\u00f1os a votar en las elecciones presidenciales de ma\u00f1ana y afirm\u00f3 que las fuerzas de seguridad garantizar\u00e1n la \"tranquilidad\" durante el proceso. \"Vayan a votar, hemos desplegado suficientes polic\u00edas y militares para garantizar tranquilidad y seguridad en las votaciones\",","canonical_url":"https:\/\/www.eldigitaldeasturias.com\/noticias\/funes-llama-a-los-salvadorenos-a-votar-en-las-elecciones-presidenciales-de-manana\/","robots":"max-image-preview:large","keywords":"actualidad","webmasterTools":{"google-site-verification":"UA-38556648-1","msvalidate.01":"7dfe9f3f1b24437ab69f4f2559babe99","miscellaneous":""},"schema":{"@context":"https:\/\/schema.org","@graph":[{"@type":"BlogPosting","@id":"https:\/\/www.eldigitaldeasturias.com\/noticias\/funes-llama-a-los-salvadorenos-a-votar-en-las-elecciones-presidenciales-de-manana\/#blogposting","name":"Funes llama a los salvadore\u00f1os a votar en las elecciones presidenciales de ma\u00f1ana - El Digital de Asturias","headline":"Funes llama a los salvadore\u00f1os a votar en las elecciones presidenciales de ma\u00f1ana","author":{"@id":"https:\/\/www.eldigitaldeasturias.com\/noticias\/author\/admin\/#author"},"publisher":{"@id":"https:\/\/www.eldigitaldeasturias.com\/noticias\/#organization"},"image":{"@type":"ImageObject","url":481928},"datePublished":"2014-02-01T22:17:10+01:00","dateModified":"2014-02-01T22:17:10+01:00","inLanguage":"es-ES","mainEntityOfPage":{"@id":"https:\/\/www.eldigitaldeasturias.com\/noticias\/funes-llama-a-los-salvadorenos-a-votar-en-las-elecciones-presidenciales-de-manana\/#webpage"},"isPartOf":{"@id":"https:\/\/www.eldigitaldeasturias.com\/noticias\/funes-llama-a-los-salvadorenos-a-votar-en-las-elecciones-presidenciales-de-manana\/#webpage"},"articleSection":"Actualidad"},{"@type":"BreadcrumbList","@id":"https:\/\/www.eldigitaldeasturias.com\/noticias\/funes-llama-a-los-salvadorenos-a-votar-en-las-elecciones-presidenciales-de-manana\/#breadcrumblist","itemListElement":[{"@type":"ListItem","@id":"https:\/\/www.eldigitaldeasturias.com\/noticias#listItem","position":1,"name":"Home","item":"https:\/\/www.eldigitaldeasturias.com\/noticias","nextItem":{"@type":"ListItem","@id":"https:\/\/www.eldigitaldeasturias.com\/noticias\/category\/actualidad\/#listItem","name":"Actualidad"}},{"@type":"ListItem","@id":"https:\/\/www.eldigitaldeasturias.com\/noticias\/category\/actualidad\/#listItem","position":2,"name":"Actualidad","item":"https:\/\/www.eldigitaldeasturias.com\/noticias\/category\/actualidad\/","nextItem":{"@type":"ListItem","@id":"https:\/\/www.eldigitaldeasturias.com\/noticias\/funes-llama-a-los-salvadorenos-a-votar-en-las-elecciones-presidenciales-de-manana\/#listItem","name":"Funes llama a los salvadore\u00f1os a votar en las elecciones presidenciales de ma\u00f1ana"},"previousItem":{"@type":"ListItem","@id":"https:\/\/www.eldigitaldeasturias.com\/noticias#listItem","name":"Home"}},{"@type":"ListItem","@id":"https:\/\/www.eldigitaldeasturias.com\/noticias\/funes-llama-a-los-salvadorenos-a-votar-en-las-elecciones-presidenciales-de-manana\/#listItem","position":3,"name":"Funes llama a los salvadore\u00f1os a votar en las elecciones presidenciales de ma\u00f1ana","previousItem":{"@type":"ListItem","@id":"https:\/\/www.eldigitaldeasturias.com\/noticias\/category\/actualidad\/#listItem","name":"Actualidad"}}]},{"@type":"Organization","@id":"https:\/\/www.eldigitaldeasturias.com\/noticias\/#organization","name":"El Digital de Asturias","description":"Hemeroteca","url":"https:\/\/www.eldigitaldeasturias.com\/noticias\/","email":"info@eldigitaldeasturias.com","telephone":"+34652131393","logo":{"@type":"ImageObject","url":"https:\/\/www.eldigitaldeasturias.com\/noticias\/wp-content\/uploads\/2020\/12\/EDA.jpg","@id":"https:\/\/www.eldigitaldeasturias.com\/noticias\/funes-llama-a-los-salvadorenos-a-votar-en-las-elecciones-presidenciales-de-manana\/#organizationLogo"},"image":{"@id":"https:\/\/www.eldigitaldeasturias.com\/noticias\/funes-llama-a-los-salvadorenos-a-votar-en-las-elecciones-presidenciales-de-manana\/#organizationLogo"},"sameAs":["https:\/\/facebook.com\/eldigitaldeasturias","https:\/\/www.youtube.com\/channel\/UCZP-2wLEB9Rv6erhFmqVnvg"],"address":{"@id":"https:\/\/www.eldigitaldeasturias.com\/noticias\/#postaladdress","@type":"PostalAddress","streetAddress":"san antonio 4","postalCode":"33430","addressLocality":"Cand\u00e1s","addressRegion":"Asturias","addressCountry":"ES"}},{"@type":"Person","@id":"https:\/\/www.eldigitaldeasturias.com\/noticias\/author\/admin\/#author","url":"https:\/\/www.eldigitaldeasturias.com\/noticias\/author\/admin\/","name":"El Digital de Asturias","image":{"@type":"ImageObject","@id":"https:\/\/www.eldigitaldeasturias.com\/noticias\/funes-llama-a-los-salvadorenos-a-votar-en-las-elecciones-presidenciales-de-manana\/#authorImage","url":"https:\/\/secure.gravatar.com\/avatar\/df2aeffc32bcd13f8d26072ef8a91b623d677766deac7f97ca815868cd41bf5e?s=96&d=mm&r=g","width":96,"height":96,"caption":"El Digital de Asturias"}},{"@type":"WebPage","@id":"https:\/\/www.eldigitaldeasturias.com\/noticias\/funes-llama-a-los-salvadorenos-a-votar-en-las-elecciones-presidenciales-de-manana\/#webpage","url":"https:\/\/www.eldigitaldeasturias.com\/noticias\/funes-llama-a-los-salvadorenos-a-votar-en-las-elecciones-presidenciales-de-manana\/","name":"Funes llama a los salvadore\u00f1os a votar en las elecciones presidenciales de ma\u00f1ana - El Digital de Asturias","description":"San Salvador, 1 feb (EFE).- El presidente de El Salvador, Mauricio Funes, llam\u00f3 hoy a los salvadore\u00f1os a votar en las elecciones presidenciales de ma\u00f1ana y afirm\u00f3 que las fuerzas de seguridad garantizar\u00e1n la \"tranquilidad\" durante el proceso. \"Vayan a votar, hemos desplegado suficientes polic\u00edas y militares para garantizar tranquilidad y seguridad en las votaciones\",","inLanguage":"es-ES","isPartOf":{"@id":"https:\/\/www.eldigitaldeasturias.com\/noticias\/#website"},"breadcrumb":{"@id":"https:\/\/www.eldigitaldeasturias.com\/noticias\/funes-llama-a-los-salvadorenos-a-votar-en-las-elecciones-presidenciales-de-manana\/#breadcrumblist"},"author":{"@id":"https:\/\/www.eldigitaldeasturias.com\/noticias\/author\/admin\/#author"},"creator":{"@id":"https:\/\/www.eldigitaldeasturias.com\/noticias\/author\/admin\/#author"},"image":{"@type":"ImageObject","url":481928,"@id":"https:\/\/www.eldigitaldeasturias.com\/noticias\/funes-llama-a-los-salvadorenos-a-votar-en-las-elecciones-presidenciales-de-manana\/#mainImage"},"primaryImageOfPage":{"@id":"https:\/\/www.eldigitaldeasturias.com\/noticias\/funes-llama-a-los-salvadorenos-a-votar-en-las-elecciones-presidenciales-de-manana\/#mainImage"},"datePublished":"2014-02-01T22:17:10+01:00","dateModified":"2014-02-01T22:17:10+01:00"},{"@type":"WebSite","@id":"https:\/\/www.eldigitaldeasturias.com\/noticias\/#website","url":"https:\/\/www.eldigitaldeasturias.com\/noticias\/","name":"El Digital de Asturias - Diario de actualidad y noticias","alternateName":"El Digital de Asturias - Diario de actualidad y noticias","description":"Hemeroteca","inLanguage":"es-ES","publisher":{"@id":"https:\/\/www.eldigitaldeasturias.com\/noticias\/#organization"}}]},"og:locale":"es_ES","og:site_name":"El Digital de Asturias","og:type":"article","og:title":"Funes llama a los salvadore\u00f1os a votar en las elecciones presidenciales de ma\u00f1ana - El Digital de Asturias","og:description":"San Salvador, 1 feb (EFE).- El presidente de El Salvador, Mauricio Funes, llam\u00f3 hoy a los salvadore\u00f1os a votar en las elecciones presidenciales de ma\u00f1ana y afirm\u00f3 que las fuerzas de seguridad garantizar\u00e1n la &quot;tranquilidad&quot; durante el proceso. &quot;Vayan a votar, hemos desplegado suficientes polic\u00edas y militares para garantizar tranquilidad y seguridad en las votaciones&quot;,","og:url":"https:\/\/www.eldigitaldeasturias.com\/noticias\/funes-llama-a-los-salvadorenos-a-votar-en-las-elecciones-presidenciales-de-manana\/","article:tag":["actualidad"],"article:published_time":"2014-02-01T23:17:10+00:00","article:modified_time":"2014-02-01T23:17:10+00:00","article:publisher":"https:\/\/facebook.com\/eldigitaldeasturias","twitter:card":"summary_large_image","twitter:title":"Funes llama a los salvadore\u00f1os a votar en las elecciones presidenciales de ma\u00f1ana - El Digital de Asturias","twitter:description":"San Salvador, 1 feb (EFE).- El presidente de El Salvador, Mauricio Funes, llam\u00f3 hoy a los salvadore\u00f1os a votar en las elecciones presidenciales de ma\u00f1ana y afirm\u00f3 que las fuerzas de seguridad garantizar\u00e1n la &quot;tranquilidad&quot; durante el proceso. &quot;Vayan a votar, hemos desplegado suficientes polic\u00edas y militares para garantizar tranquilidad y seguridad en las votaciones&quot;,","twitter:label1":"Escrito por","twitter:data1":"El Digital de Asturias","twitter:label2":"Tiempo de lectura estimado","twitter:data2":"2 minutos"},"aioseo_meta_data":{"post_id":"481927","title":null,"description":null,"keywords":null,"keyphrases":null,"primary_term":null,"canonical_url":null,"og_title":null,"og_description":null,"og_object_type":"default","og_image_type":"default","og_image_url":null,"og_image_width":null,"og_image_height":null,"og_image_custom_url":null,"og_image_custom_fields":null,"og_video":null,"og_custom_url":null,"og_article_section":null,"og_article_tags":null,"twitter_use_og":true,"twitter_card":"default","twitter_image_type":"default","twitter_image_url":null,"twitter_image_custom_url":null,"twitter_image_custom_fields":null,"twitter_title":null,"twitter_description":null,"schema":{"blockGraphs":[],"customGraphs":[],"default":{"data":{"Article":[],"Course":[],"Dataset":[],"FAQPage":[],"Movie":[],"Person":[],"Product":[],"ProductReview":[],"Car":[],"Recipe":[],"Service":[],"SoftwareApplication":[],"WebPage":[]},"graphName":"","isEnabled":true},"graphs":[],"defaultGraph":"","defaultPostTypeGraph":""},"schema_type":null,"schema_type_options":null,"pillar_content":false,"robots_default":true,"robots_noindex":false,"robots_noarchive":false,"robots_nosnippet":false,"robots_nofollow":false,"robots_noimageindex":false,"robots_noodp":false,"robots_notranslate":false,"robots_max_snippet":null,"robots_max_videopreview":null,"robots_max_imagepreview":"none","priority":null,"frequency":null,"local_seo":null,"seo_analyzer_scan_date":"2026-06-02 08:19:07","breadcrumb_settings":null,"limit_modified_date":false,"open_ai":null,"ai":null,"created":"2020-11-14 22:54:29","updated":"2026-06-02 08:19:07","focus_keyword":null,"additional_keywords":null,"truseo_locale":null},"aioseo_breadcrumb":"<div class=\"aioseo-breadcrumbs\"><span class=\"aioseo-breadcrumb\">\n\t<a href=\"https:\/\/www.eldigitaldeasturias.com\/noticias\" title=\"Home\">Home<\/a>\n<\/span><span class=\"aioseo-breadcrumb-separator\">\u2013<\/span><span class=\"aioseo-breadcrumb\">\n\t<a href=\"https:\/\/www.eldigitaldeasturias.com\/noticias\/category\/actualidad\/\" title=\"Actualidad\">Actualidad<\/a>\n<\/span><span class=\"aioseo-breadcrumb-separator\">\u2013<\/span><span class=\"aioseo-breadcrumb\">\n\t<a href=\"https:\/\/www.eldigitaldeasturias.com\/noticias\/funes-llama-a-los-salvadorenos-a-votar-en-las-elecciones-presidenciales-de-manana\/\" title=\"Funes llama a los salvadore\u00f1os a votar en las elecciones presidenciales de ma\u00f1ana\">Funes llama a los salvadore\u00f1os a votar en las elecciones presidenciales de ma\u00f1ana<\/a>\n<\/span><\/div>","aioseo_breadcrumb_json":[{"label":"Home","link":"https:\/\/www.eldigitaldeasturias.com\/noticias"},{"label":"Actualidad","link":"https:\/\/www.eldigitaldeasturias.com\/noticias\/category\/actualidad\/"},{"label":"Funes llama a los salvadore\u00f1os a votar en las elecciones presidenciales de ma\u00f1ana","link":"https:\/\/www.eldigitaldeasturias.com\/noticias\/funes-llama-a-los-salvadorenos-a-votar-en-las-elecciones-presidenciales-de-manana\/"}],"_links":{"self":[{"href":"https:\/\/www.eldigitaldeasturias.com\/noticias\/wp-json\/wp\/v2\/posts\/481927","targetHints":{"allow":["GET"]}}],"collection":[{"href":"https:\/\/www.eldigitaldeasturias.com\/noticias\/wp-json\/wp\/v2\/posts"}],"about":[{"href":"https:\/\/www.eldigitaldeasturias.com\/noticias\/wp-json\/wp\/v2\/types\/post"}],"author":[{"embeddable":true,"href":"https:\/\/www.eldigitaldeasturias.com\/noticias\/wp-json\/wp\/v2\/users\/1"}],"replies":[{"embeddable":true,"href":"https:\/\/www.eldigitaldeasturias.com\/noticias\/wp-json\/wp\/v2\/comments?post=481927"}],"version-history":[{"count":0,"href":"https:\/\/www.eldigitaldeasturias.com\/noticias\/wp-json\/wp\/v2\/posts\/481927\/revisions"}],"wp:attachment":[{"href":"https:\/\/www.eldigitaldeasturias.com\/noticias\/wp-json\/wp\/v2\/media?parent=481927"}],"wp:term":[{"taxonomy":"category","embeddable":true,"href":"https:\/\/www.eldigitaldeasturias.com\/noticias\/wp-json\/wp\/v2\/categories?post=481927"},{"taxonomy":"post_tag","embeddable":true,"href":"https:\/\/www.eldigitaldeasturias.com\/noticias\/wp-json\/wp\/v2\/tags?post=481927"}],"curies":[{"name":"wp","href":"https:\/\/api.w.org\/{rel}","templated":true}]}}