{"id":481924,"date":"2014-02-01T22:15:51","date_gmt":"2014-02-01T23:15:51","guid":{"rendered":"http:\/\/www.eldigitaldeasturias.com\/noticias\/?p=481924"},"modified":"2014-02-01T22:15:51","modified_gmt":"2014-02-01T23:15:51","slug":"paraguay-conmemora-25-anos-de-democracia-incompleta","status":"publish","type":"post","link":"https:\/\/www.eldigitaldeasturias.com\/noticias\/paraguay-conmemora-25-anos-de-democracia-incompleta\/","title":{"rendered":"Paraguay conmemora 25 a\u00f1os de democracia incompleta"},"content":{"rendered":"<p><img loading=\"lazy\" decoding=\"async\" class=\"alignleft size-medium wp-image-481925\" alt=\"5899984w\" src=\"https:\/\/www.eldigitaldeasturias.com\/noticias\/wp-content\/uploads\/2014\/02\/5899984w-360x230.jpg\" width=\"360\" height=\"230\" \/>Asunci\u00f3n, 1 feb (EFE).- La ca\u00edda de Alfredo Stroessner el 3 de febrero de 1989 abri\u00f3 la puerta a la democracia en Paraguay, pero 25 a\u00f1os despu\u00e9s el pa\u00eds aun carga el pesado fardo del \u00abstronismo\u00bb, en forma de un Estado d\u00e9bil y ahogado por la corrupci\u00f3n y el nepotismo, seg\u00fan los expertos.<\/p>\n<p>Pese a los 425 muertos o desaparecidos y 20.000 presos pol\u00edticos durante la dictadura, en Paraguay un 32% de la poblaci\u00f3n preferir\u00eda un gobierno autoritario hoy en d\u00eda, el porcentaje m\u00e1s alto de Am\u00e9rica Latina, seg\u00fan el \u00faltimo sondeo de Latinobar\u00f3metro.<\/p>\n<p>Ese dato apunta en s\u00ed mismo a las fallas de su democracia, que comenz\u00f3 con grandes expectativas pero que ha tra\u00eddo mejoras sociales con mucha lentitud. \u00abEs una democracia de baja calidad\u00bb, dijo a Efe Fernando Masi, director del Centro de An\u00e1lisis y Difusi\u00f3n de la Econom\u00eda Paraguaya (Cadep).<\/p>\n<p>La salida de Stroessner, que gobern\u00f3 el pa\u00eds durante casi 35 a\u00f1os, en un golpe de estado llevado a cabo por su consuegro, el general Andr\u00e9s Rodr\u00edguez, acarre\u00f3 r\u00e9ditos democr\u00e1ticos inmediatos.<\/p>\n<p>El militar, que convoc\u00f3 elecciones y las gan\u00f3, levant\u00f3 el estado de sitio vigente desde 1954, reconoci\u00f3 a los partidos pol\u00edticos, incluido el comunista, y proclam\u00f3 el respeto a las libertades civiles.<\/p>\n<p>Para Paraguay ese momento no fue la recuperaci\u00f3n de la democracia, sino su construcci\u00f3n, porque antes de Stroessner tampoco existi\u00f3 un verdadero sistema democr\u00e1tico, seg\u00fan Masi.<\/p>\n<p>Al mismo tiempo, no hubo una ruptura radical con el pasado. En el poder sigui\u00f3 el Partido Colorado, la misma agrupaci\u00f3n que fue uno de los apoyos clave de Stroessner.<\/p>\n<p>\u00abEs un caso \u00fanico. El partido que sostuvo a la dictadura es el mismo partido que al d\u00eda siguiente dijo, nosotros apoyamos la democracia\u00bb, indic\u00f3 a Efe Antonio Pecci, Coordinador de la Mesa de la Memoria Hist\u00f3rica, una coalici\u00f3n de organizaciones de derechos humanos.<\/p>\n<p>Y el partido continu\u00f3 con las pr\u00e1cticas del r\u00e9gimen militar, un per\u00edodo en que por su aparente omnipotencia, el Estado paraguayo podr\u00eda verse como fuerte.<\/p>\n<p>En realidad, era muy d\u00e9bil, quien era poderoso era Stroessner, que coloc\u00f3 todas las instituciones, las Fuerzas Armadas y el partido a su servicio.<\/p>\n<p>Un cuarto de siglo despu\u00e9s, el Estado sigue an\u00e9mico, por su uso como \u00abbot\u00edn de guerra\u00bb por los pol\u00edticos ganadores de las elecciones, como se puso de manifiesto a finales del a\u00f1o pasado, cuando las entidades p\u00fablicas divulgaron por primera vez su lista de funcionarios, por presi\u00f3n de la prensa.<\/p>\n<p>Qued\u00f3 patente entonces que los pol\u00edticos siguen empleando su influencia para colocar a familiares y allegados en instituciones p\u00fablicas, donde llegan a recibir varios salarios, a veces sin hacer ning\u00fan trabajo.<\/p>\n<p>La democracia tambi\u00e9n abri\u00f3 grandes esperanzas de una mejora econ\u00f3mica, especialmente de una reforma agraria que revirtiese el proceso de concentraci\u00f3n y apropiaci\u00f3n irregular de tierras por parte de personas con v\u00ednculos con su r\u00e9gimen, seg\u00fan Pecci.<\/p>\n<p>Eso no ocurri\u00f3 y Paraguay mantiene hoy en d\u00eda la segunda mayor concentraci\u00f3n de tierras en el mundo, ya que el 2,6 % de los propietarios detenta el 85,5 % de la superficie agraria, seg\u00fan la ONU.<\/p>\n<p>Al mismo tiempo, esa minor\u00eda de latifundistas, que producen soja, carne y ma\u00edz para la exportaci\u00f3n y son el motor econ\u00f3mico del pa\u00eds, pagan menos impuestos que otros negocios, lo que limita la capacidad del Estado para invertir en salud o educaci\u00f3n.<\/p>\n<p>No todo ha sido negativo. Una de las mayores se\u00f1ales de avance democr\u00e1tico ocurri\u00f3 en 2008, con la victoria electoral de Fernando Lugo, que supuso la primera transferencia de poder pac\u00edfica de un partido a otro en la historia de Paraguay, seg\u00fan Masi.<\/p>\n<p>Adem\u00e1s, triunf\u00f3 una ideolog\u00eda no conservadora en un pa\u00eds donde la palabra \u00abizquierda\u00bb aun suena a insulto, tras ser estigmatizada por Stroessner.<\/p>\n<p>El exobispo no lleg\u00f3 a terminar su mandato al ser sujeto a un controvertido juicio parlamentario cuatro a\u00f1os despu\u00e9s, pero aun as\u00ed Latinobar\u00f3metro detect\u00f3 un salto importante de apoyo a la democracia, por la que actualmente se decanta el 50% de la poblaci\u00f3n.<\/p>\n<p>Una se\u00f1al m\u00e1s reciente de conciencia democr\u00e1tica fue la serie de protestas ocurridas el a\u00f1o pasado contra el nepotismo, despu\u00e9s de que el Senado rechazara quitar la inmunidad al legislador colorado V\u00edctor Bogado por el caso de la llamada \u00abni\u00f1era de oro\u00bb.<\/p>\n<p>Se trataba de una mujer que recib\u00eda dos sueldos como funcionaria p\u00fablica gracias al senador, pero que en realidad cuidaba de sus hijos.<\/p>\n<p>En respuesta al repudio popular, el Senado vot\u00f3 por el desafuero de Bogado, y los manifestantes, la mayor\u00eda asuncenos de clase media, volvieron a sus casas, para alivio de los pol\u00edticos.<\/p>\n","protected":false},"excerpt":{"rendered":"<p>Asunci\u00f3n, 1 feb (EFE).- La ca\u00edda de Alfredo Stroessner el 3 de febrero de 1989 abri\u00f3 la puerta a la democracia en Paraguay, pero 25 a\u00f1os despu\u00e9s el pa\u00eds aun carga el pesado fardo del \u00abstronismo\u00bb, en forma de un Estado d\u00e9bil y ahogado por la corrupci\u00f3n y el nepotismo, seg\u00fan los expertos. Pese a [&hellip;]<\/p>\n","protected":false},"author":1,"featured_media":481925,"comment_status":"closed","ping_status":"open","sticky":false,"template":"","format":"standard","meta":{"footnotes":""},"categories":[1],"tags":[],"class_list":["post-481924","post","type-post","status-publish","format-standard","has-post-thumbnail","hentry","category-actualidad"],"aioseo_notices":[],"aioseo_head":"\n\t\t<!-- All in One SEO Pro 5.0.1 - aioseo.com -->\n\t<meta name=\"description\" content=\"Asunci\u00f3n, 1 feb (EFE).- La ca\u00edda de Alfredo Stroessner el 3 de febrero de 1989 abri\u00f3 la puerta a la democracia en Paraguay, pero 25 a\u00f1os despu\u00e9s el pa\u00eds aun carga el pesado fardo del &quot;stronismo&quot;, en forma de un Estado d\u00e9bil y ahogado por la corrupci\u00f3n y el nepotismo, seg\u00fan los expertos. Pese a\" \/>\n\t<meta name=\"robots\" content=\"max-image-preview:large\" \/>\n\t<meta name=\"author\" content=\"El Digital de Asturias\"\/>\n\t<meta name=\"google-site-verification\" content=\"UA-38556648-1\" \/>\n\t<meta name=\"msvalidate.01\" content=\"7dfe9f3f1b24437ab69f4f2559babe99\" \/>\n\t<meta name=\"keywords\" content=\"actualidad\" \/>\n\t<link rel=\"canonical\" href=\"https:\/\/www.eldigitaldeasturias.com\/noticias\/paraguay-conmemora-25-anos-de-democracia-incompleta\/\" \/>\n\t<meta name=\"generator\" content=\"All in One SEO Pro (AIOSEO) 5.0.1\" \/>\n\t\t<meta property=\"og:locale\" content=\"es_ES\" \/>\n\t\t<meta property=\"og:site_name\" content=\"El Digital de Asturias\" \/>\n\t\t<meta property=\"og:type\" content=\"article\" \/>\n\t\t<meta property=\"og:title\" content=\"Paraguay conmemora 25 a\u00f1os de democracia incompleta - El Digital de Asturias\" \/>\n\t\t<meta property=\"og:description\" content=\"Asunci\u00f3n, 1 feb (EFE).- La ca\u00edda de Alfredo Stroessner el 3 de febrero de 1989 abri\u00f3 la puerta a la democracia en Paraguay, pero 25 a\u00f1os despu\u00e9s el pa\u00eds aun carga el pesado fardo del &quot;stronismo&quot;, en forma de un Estado d\u00e9bil y ahogado por la corrupci\u00f3n y el nepotismo, seg\u00fan los expertos. Pese a\" \/>\n\t\t<meta property=\"og:url\" content=\"https:\/\/www.eldigitaldeasturias.com\/noticias\/paraguay-conmemora-25-anos-de-democracia-incompleta\/\" \/>\n\t\t<meta property=\"article:tag\" content=\"actualidad\" \/>\n\t\t<meta property=\"article:published_time\" content=\"2014-02-01T23:15:51+00:00\" \/>\n\t\t<meta property=\"article:modified_time\" content=\"2014-02-01T23:15:51+00:00\" \/>\n\t\t<meta property=\"article:publisher\" content=\"https:\/\/facebook.com\/eldigitaldeasturias\" \/>\n\t\t<meta name=\"twitter:card\" content=\"summary_large_image\" \/>\n\t\t<meta name=\"twitter:title\" content=\"Paraguay conmemora 25 a\u00f1os de democracia incompleta - El Digital de Asturias\" \/>\n\t\t<meta name=\"twitter:description\" content=\"Asunci\u00f3n, 1 feb (EFE).- La ca\u00edda de Alfredo Stroessner el 3 de febrero de 1989 abri\u00f3 la puerta a la democracia en Paraguay, pero 25 a\u00f1os despu\u00e9s el pa\u00eds aun carga el pesado fardo del &quot;stronismo&quot;, en forma de un Estado d\u00e9bil y ahogado por la corrupci\u00f3n y el nepotismo, seg\u00fan los expertos. Pese a\" \/>\n\t\t<meta name=\"twitter:label1\" content=\"Escrito por\" \/>\n\t\t<meta name=\"twitter:data1\" content=\"El Digital de Asturias\" \/>\n\t\t<meta name=\"twitter:label2\" content=\"Tiempo de lectura estimado\" \/>\n\t\t<meta name=\"twitter:data2\" content=\"4 minutos\" \/>\n\t\t<script type=\"application\/ld+json\" class=\"aioseo-schema\">\n\t\t\t{\"@context\":\"https:\\\/\\\/schema.org\",\"@graph\":[{\"@type\":\"BlogPosting\",\"@id\":\"https:\\\/\\\/www.eldigitaldeasturias.com\\\/noticias\\\/paraguay-conmemora-25-anos-de-democracia-incompleta\\\/#blogposting\",\"name\":\"Paraguay conmemora 25 a\\u00f1os de democracia incompleta - El Digital de Asturias\",\"headline\":\"Paraguay conmemora 25 a\\u00f1os de democracia incompleta\",\"author\":{\"@id\":\"https:\\\/\\\/www.eldigitaldeasturias.com\\\/noticias\\\/author\\\/admin\\\/#author\"},\"publisher\":{\"@id\":\"https:\\\/\\\/www.eldigitaldeasturias.com\\\/noticias\\\/#organization\"},\"image\":{\"@type\":\"ImageObject\",\"url\":481925},\"datePublished\":\"2014-02-01T22:15:51+01:00\",\"dateModified\":\"2014-02-01T22:15:51+01:00\",\"inLanguage\":\"es-ES\",\"mainEntityOfPage\":{\"@id\":\"https:\\\/\\\/www.eldigitaldeasturias.com\\\/noticias\\\/paraguay-conmemora-25-anos-de-democracia-incompleta\\\/#webpage\"},\"isPartOf\":{\"@id\":\"https:\\\/\\\/www.eldigitaldeasturias.com\\\/noticias\\\/paraguay-conmemora-25-anos-de-democracia-incompleta\\\/#webpage\"},\"articleSection\":\"Actualidad\"},{\"@type\":\"BreadcrumbList\",\"@id\":\"https:\\\/\\\/www.eldigitaldeasturias.com\\\/noticias\\\/paraguay-conmemora-25-anos-de-democracia-incompleta\\\/#breadcrumblist\",\"itemListElement\":[{\"@type\":\"ListItem\",\"@id\":\"https:\\\/\\\/www.eldigitaldeasturias.com\\\/noticias#listItem\",\"position\":1,\"name\":\"Home\",\"item\":\"https:\\\/\\\/www.eldigitaldeasturias.com\\\/noticias\",\"nextItem\":{\"@type\":\"ListItem\",\"@id\":\"https:\\\/\\\/www.eldigitaldeasturias.com\\\/noticias\\\/category\\\/actualidad\\\/#listItem\",\"name\":\"Actualidad\"}},{\"@type\":\"ListItem\",\"@id\":\"https:\\\/\\\/www.eldigitaldeasturias.com\\\/noticias\\\/category\\\/actualidad\\\/#listItem\",\"position\":2,\"name\":\"Actualidad\",\"item\":\"https:\\\/\\\/www.eldigitaldeasturias.com\\\/noticias\\\/category\\\/actualidad\\\/\",\"nextItem\":{\"@type\":\"ListItem\",\"@id\":\"https:\\\/\\\/www.eldigitaldeasturias.com\\\/noticias\\\/paraguay-conmemora-25-anos-de-democracia-incompleta\\\/#listItem\",\"name\":\"Paraguay conmemora 25 a\\u00f1os de democracia incompleta\"},\"previousItem\":{\"@type\":\"ListItem\",\"@id\":\"https:\\\/\\\/www.eldigitaldeasturias.com\\\/noticias#listItem\",\"name\":\"Home\"}},{\"@type\":\"ListItem\",\"@id\":\"https:\\\/\\\/www.eldigitaldeasturias.com\\\/noticias\\\/paraguay-conmemora-25-anos-de-democracia-incompleta\\\/#listItem\",\"position\":3,\"name\":\"Paraguay conmemora 25 a\\u00f1os de democracia incompleta\",\"previousItem\":{\"@type\":\"ListItem\",\"@id\":\"https:\\\/\\\/www.eldigitaldeasturias.com\\\/noticias\\\/category\\\/actualidad\\\/#listItem\",\"name\":\"Actualidad\"}}]},{\"@type\":\"Organization\",\"@id\":\"https:\\\/\\\/www.eldigitaldeasturias.com\\\/noticias\\\/#organization\",\"name\":\"El Digital de Asturias\",\"description\":\"Hemeroteca\",\"url\":\"https:\\\/\\\/www.eldigitaldeasturias.com\\\/noticias\\\/\",\"email\":\"info@eldigitaldeasturias.com\",\"telephone\":\"+34652131393\",\"logo\":{\"@type\":\"ImageObject\",\"url\":\"https:\\\/\\\/www.eldigitaldeasturias.com\\\/noticias\\\/wp-content\\\/uploads\\\/2020\\\/12\\\/EDA.jpg\",\"@id\":\"https:\\\/\\\/www.eldigitaldeasturias.com\\\/noticias\\\/paraguay-conmemora-25-anos-de-democracia-incompleta\\\/#organizationLogo\"},\"image\":{\"@id\":\"https:\\\/\\\/www.eldigitaldeasturias.com\\\/noticias\\\/paraguay-conmemora-25-anos-de-democracia-incompleta\\\/#organizationLogo\"},\"sameAs\":[\"https:\\\/\\\/facebook.com\\\/eldigitaldeasturias\",\"https:\\\/\\\/www.youtube.com\\\/channel\\\/UCZP-2wLEB9Rv6erhFmqVnvg\"],\"address\":{\"@id\":\"https:\\\/\\\/www.eldigitaldeasturias.com\\\/noticias\\\/#postaladdress\",\"@type\":\"PostalAddress\",\"streetAddress\":\"san antonio 4\",\"postalCode\":\"33430\",\"addressLocality\":\"Cand\\u00e1s\",\"addressRegion\":\"Asturias\",\"addressCountry\":\"ES\"}},{\"@type\":\"Person\",\"@id\":\"https:\\\/\\\/www.eldigitaldeasturias.com\\\/noticias\\\/author\\\/admin\\\/#author\",\"url\":\"https:\\\/\\\/www.eldigitaldeasturias.com\\\/noticias\\\/author\\\/admin\\\/\",\"name\":\"El Digital de Asturias\",\"image\":{\"@type\":\"ImageObject\",\"@id\":\"https:\\\/\\\/www.eldigitaldeasturias.com\\\/noticias\\\/paraguay-conmemora-25-anos-de-democracia-incompleta\\\/#authorImage\",\"url\":\"https:\\\/\\\/secure.gravatar.com\\\/avatar\\\/df2aeffc32bcd13f8d26072ef8a91b623d677766deac7f97ca815868cd41bf5e?s=96&d=mm&r=g\",\"width\":96,\"height\":96,\"caption\":\"El Digital de Asturias\"}},{\"@type\":\"WebPage\",\"@id\":\"https:\\\/\\\/www.eldigitaldeasturias.com\\\/noticias\\\/paraguay-conmemora-25-anos-de-democracia-incompleta\\\/#webpage\",\"url\":\"https:\\\/\\\/www.eldigitaldeasturias.com\\\/noticias\\\/paraguay-conmemora-25-anos-de-democracia-incompleta\\\/\",\"name\":\"Paraguay conmemora 25 a\\u00f1os de democracia incompleta - El Digital de Asturias\",\"description\":\"Asunci\\u00f3n, 1 feb (EFE).- La ca\\u00edda de Alfredo Stroessner el 3 de febrero de 1989 abri\\u00f3 la puerta a la democracia en Paraguay, pero 25 a\\u00f1os despu\\u00e9s el pa\\u00eds aun carga el pesado fardo del \\\"stronismo\\\", en forma de un Estado d\\u00e9bil y ahogado por la corrupci\\u00f3n y el nepotismo, seg\\u00fan los expertos. Pese a\",\"inLanguage\":\"es-ES\",\"isPartOf\":{\"@id\":\"https:\\\/\\\/www.eldigitaldeasturias.com\\\/noticias\\\/#website\"},\"breadcrumb\":{\"@id\":\"https:\\\/\\\/www.eldigitaldeasturias.com\\\/noticias\\\/paraguay-conmemora-25-anos-de-democracia-incompleta\\\/#breadcrumblist\"},\"author\":{\"@id\":\"https:\\\/\\\/www.eldigitaldeasturias.com\\\/noticias\\\/author\\\/admin\\\/#author\"},\"creator\":{\"@id\":\"https:\\\/\\\/www.eldigitaldeasturias.com\\\/noticias\\\/author\\\/admin\\\/#author\"},\"image\":{\"@type\":\"ImageObject\",\"url\":481925,\"@id\":\"https:\\\/\\\/www.eldigitaldeasturias.com\\\/noticias\\\/paraguay-conmemora-25-anos-de-democracia-incompleta\\\/#mainImage\"},\"primaryImageOfPage\":{\"@id\":\"https:\\\/\\\/www.eldigitaldeasturias.com\\\/noticias\\\/paraguay-conmemora-25-anos-de-democracia-incompleta\\\/#mainImage\"},\"datePublished\":\"2014-02-01T22:15:51+01:00\",\"dateModified\":\"2014-02-01T22:15:51+01:00\"},{\"@type\":\"WebSite\",\"@id\":\"https:\\\/\\\/www.eldigitaldeasturias.com\\\/noticias\\\/#website\",\"url\":\"https:\\\/\\\/www.eldigitaldeasturias.com\\\/noticias\\\/\",\"name\":\"El Digital de Asturias - Diario de actualidad y noticias\",\"alternateName\":\"El Digital de Asturias - Diario de actualidad y noticias\",\"description\":\"Hemeroteca\",\"inLanguage\":\"es-ES\",\"publisher\":{\"@id\":\"https:\\\/\\\/www.eldigitaldeasturias.com\\\/noticias\\\/#organization\"}}]}\n\t\t<\/script>\n\t\t<!-- All in One SEO Pro -->\r\n\t\t<title>Paraguay conmemora 25 a\u00f1os de democracia incompleta - El Digital de Asturias<\/title>\n\n","aioseo_head_json":{"title":"Paraguay conmemora 25 a\u00f1os de democracia incompleta - El Digital de Asturias","description":"Asunci\u00f3n, 1 feb (EFE).- La ca\u00edda de Alfredo Stroessner el 3 de febrero de 1989 abri\u00f3 la puerta a la democracia en Paraguay, pero 25 a\u00f1os despu\u00e9s el pa\u00eds aun carga el pesado fardo del \"stronismo\", en forma de un Estado d\u00e9bil y ahogado por la corrupci\u00f3n y el nepotismo, seg\u00fan los expertos. Pese a","canonical_url":"https:\/\/www.eldigitaldeasturias.com\/noticias\/paraguay-conmemora-25-anos-de-democracia-incompleta\/","robots":"max-image-preview:large","keywords":"actualidad","webmasterTools":{"google-site-verification":"UA-38556648-1","msvalidate.01":"7dfe9f3f1b24437ab69f4f2559babe99","miscellaneous":""},"schema":{"@context":"https:\/\/schema.org","@graph":[{"@type":"BlogPosting","@id":"https:\/\/www.eldigitaldeasturias.com\/noticias\/paraguay-conmemora-25-anos-de-democracia-incompleta\/#blogposting","name":"Paraguay conmemora 25 a\u00f1os de democracia incompleta - El Digital de Asturias","headline":"Paraguay conmemora 25 a\u00f1os de democracia incompleta","author":{"@id":"https:\/\/www.eldigitaldeasturias.com\/noticias\/author\/admin\/#author"},"publisher":{"@id":"https:\/\/www.eldigitaldeasturias.com\/noticias\/#organization"},"image":{"@type":"ImageObject","url":481925},"datePublished":"2014-02-01T22:15:51+01:00","dateModified":"2014-02-01T22:15:51+01:00","inLanguage":"es-ES","mainEntityOfPage":{"@id":"https:\/\/www.eldigitaldeasturias.com\/noticias\/paraguay-conmemora-25-anos-de-democracia-incompleta\/#webpage"},"isPartOf":{"@id":"https:\/\/www.eldigitaldeasturias.com\/noticias\/paraguay-conmemora-25-anos-de-democracia-incompleta\/#webpage"},"articleSection":"Actualidad"},{"@type":"BreadcrumbList","@id":"https:\/\/www.eldigitaldeasturias.com\/noticias\/paraguay-conmemora-25-anos-de-democracia-incompleta\/#breadcrumblist","itemListElement":[{"@type":"ListItem","@id":"https:\/\/www.eldigitaldeasturias.com\/noticias#listItem","position":1,"name":"Home","item":"https:\/\/www.eldigitaldeasturias.com\/noticias","nextItem":{"@type":"ListItem","@id":"https:\/\/www.eldigitaldeasturias.com\/noticias\/category\/actualidad\/#listItem","name":"Actualidad"}},{"@type":"ListItem","@id":"https:\/\/www.eldigitaldeasturias.com\/noticias\/category\/actualidad\/#listItem","position":2,"name":"Actualidad","item":"https:\/\/www.eldigitaldeasturias.com\/noticias\/category\/actualidad\/","nextItem":{"@type":"ListItem","@id":"https:\/\/www.eldigitaldeasturias.com\/noticias\/paraguay-conmemora-25-anos-de-democracia-incompleta\/#listItem","name":"Paraguay conmemora 25 a\u00f1os de democracia incompleta"},"previousItem":{"@type":"ListItem","@id":"https:\/\/www.eldigitaldeasturias.com\/noticias#listItem","name":"Home"}},{"@type":"ListItem","@id":"https:\/\/www.eldigitaldeasturias.com\/noticias\/paraguay-conmemora-25-anos-de-democracia-incompleta\/#listItem","position":3,"name":"Paraguay conmemora 25 a\u00f1os de democracia incompleta","previousItem":{"@type":"ListItem","@id":"https:\/\/www.eldigitaldeasturias.com\/noticias\/category\/actualidad\/#listItem","name":"Actualidad"}}]},{"@type":"Organization","@id":"https:\/\/www.eldigitaldeasturias.com\/noticias\/#organization","name":"El Digital de Asturias","description":"Hemeroteca","url":"https:\/\/www.eldigitaldeasturias.com\/noticias\/","email":"info@eldigitaldeasturias.com","telephone":"+34652131393","logo":{"@type":"ImageObject","url":"https:\/\/www.eldigitaldeasturias.com\/noticias\/wp-content\/uploads\/2020\/12\/EDA.jpg","@id":"https:\/\/www.eldigitaldeasturias.com\/noticias\/paraguay-conmemora-25-anos-de-democracia-incompleta\/#organizationLogo"},"image":{"@id":"https:\/\/www.eldigitaldeasturias.com\/noticias\/paraguay-conmemora-25-anos-de-democracia-incompleta\/#organizationLogo"},"sameAs":["https:\/\/facebook.com\/eldigitaldeasturias","https:\/\/www.youtube.com\/channel\/UCZP-2wLEB9Rv6erhFmqVnvg"],"address":{"@id":"https:\/\/www.eldigitaldeasturias.com\/noticias\/#postaladdress","@type":"PostalAddress","streetAddress":"san antonio 4","postalCode":"33430","addressLocality":"Cand\u00e1s","addressRegion":"Asturias","addressCountry":"ES"}},{"@type":"Person","@id":"https:\/\/www.eldigitaldeasturias.com\/noticias\/author\/admin\/#author","url":"https:\/\/www.eldigitaldeasturias.com\/noticias\/author\/admin\/","name":"El Digital de Asturias","image":{"@type":"ImageObject","@id":"https:\/\/www.eldigitaldeasturias.com\/noticias\/paraguay-conmemora-25-anos-de-democracia-incompleta\/#authorImage","url":"https:\/\/secure.gravatar.com\/avatar\/df2aeffc32bcd13f8d26072ef8a91b623d677766deac7f97ca815868cd41bf5e?s=96&d=mm&r=g","width":96,"height":96,"caption":"El Digital de Asturias"}},{"@type":"WebPage","@id":"https:\/\/www.eldigitaldeasturias.com\/noticias\/paraguay-conmemora-25-anos-de-democracia-incompleta\/#webpage","url":"https:\/\/www.eldigitaldeasturias.com\/noticias\/paraguay-conmemora-25-anos-de-democracia-incompleta\/","name":"Paraguay conmemora 25 a\u00f1os de democracia incompleta - El Digital de Asturias","description":"Asunci\u00f3n, 1 feb (EFE).- La ca\u00edda de Alfredo Stroessner el 3 de febrero de 1989 abri\u00f3 la puerta a la democracia en Paraguay, pero 25 a\u00f1os despu\u00e9s el pa\u00eds aun carga el pesado fardo del \"stronismo\", en forma de un Estado d\u00e9bil y ahogado por la corrupci\u00f3n y el nepotismo, seg\u00fan los expertos. Pese a","inLanguage":"es-ES","isPartOf":{"@id":"https:\/\/www.eldigitaldeasturias.com\/noticias\/#website"},"breadcrumb":{"@id":"https:\/\/www.eldigitaldeasturias.com\/noticias\/paraguay-conmemora-25-anos-de-democracia-incompleta\/#breadcrumblist"},"author":{"@id":"https:\/\/www.eldigitaldeasturias.com\/noticias\/author\/admin\/#author"},"creator":{"@id":"https:\/\/www.eldigitaldeasturias.com\/noticias\/author\/admin\/#author"},"image":{"@type":"ImageObject","url":481925,"@id":"https:\/\/www.eldigitaldeasturias.com\/noticias\/paraguay-conmemora-25-anos-de-democracia-incompleta\/#mainImage"},"primaryImageOfPage":{"@id":"https:\/\/www.eldigitaldeasturias.com\/noticias\/paraguay-conmemora-25-anos-de-democracia-incompleta\/#mainImage"},"datePublished":"2014-02-01T22:15:51+01:00","dateModified":"2014-02-01T22:15:51+01:00"},{"@type":"WebSite","@id":"https:\/\/www.eldigitaldeasturias.com\/noticias\/#website","url":"https:\/\/www.eldigitaldeasturias.com\/noticias\/","name":"El Digital de Asturias - Diario de actualidad y noticias","alternateName":"El Digital de Asturias - Diario de actualidad y noticias","description":"Hemeroteca","inLanguage":"es-ES","publisher":{"@id":"https:\/\/www.eldigitaldeasturias.com\/noticias\/#organization"}}]},"og:locale":"es_ES","og:site_name":"El Digital de Asturias","og:type":"article","og:title":"Paraguay conmemora 25 a\u00f1os de democracia incompleta - El Digital de Asturias","og:description":"Asunci\u00f3n, 1 feb (EFE).- La ca\u00edda de Alfredo Stroessner el 3 de febrero de 1989 abri\u00f3 la puerta a la democracia en Paraguay, pero 25 a\u00f1os despu\u00e9s el pa\u00eds aun carga el pesado fardo del &quot;stronismo&quot;, en forma de un Estado d\u00e9bil y ahogado por la corrupci\u00f3n y el nepotismo, seg\u00fan los expertos. Pese a","og:url":"https:\/\/www.eldigitaldeasturias.com\/noticias\/paraguay-conmemora-25-anos-de-democracia-incompleta\/","article:tag":["actualidad"],"article:published_time":"2014-02-01T23:15:51+00:00","article:modified_time":"2014-02-01T23:15:51+00:00","article:publisher":"https:\/\/facebook.com\/eldigitaldeasturias","twitter:card":"summary_large_image","twitter:title":"Paraguay conmemora 25 a\u00f1os de democracia incompleta - El Digital de Asturias","twitter:description":"Asunci\u00f3n, 1 feb (EFE).- La ca\u00edda de Alfredo Stroessner el 3 de febrero de 1989 abri\u00f3 la puerta a la democracia en Paraguay, pero 25 a\u00f1os despu\u00e9s el pa\u00eds aun carga el pesado fardo del &quot;stronismo&quot;, en forma de un Estado d\u00e9bil y ahogado por la corrupci\u00f3n y el nepotismo, seg\u00fan los expertos. Pese a","twitter:label1":"Escrito por","twitter:data1":"El Digital de Asturias","twitter:label2":"Tiempo de lectura estimado","twitter:data2":"4 minutos"},"aioseo_meta_data":{"post_id":"481924","title":null,"description":null,"keywords":null,"keyphrases":null,"primary_term":null,"canonical_url":null,"og_title":null,"og_description":null,"og_object_type":"default","og_image_type":"default","og_image_url":null,"og_image_width":null,"og_image_height":null,"og_image_custom_url":null,"og_image_custom_fields":null,"og_video":null,"og_custom_url":null,"og_article_section":null,"og_article_tags":null,"twitter_use_og":true,"twitter_card":"default","twitter_image_type":"default","twitter_image_url":null,"twitter_image_custom_url":null,"twitter_image_custom_fields":null,"twitter_title":null,"twitter_description":null,"schema":{"blockGraphs":[],"customGraphs":[],"default":{"data":{"Article":[],"Course":[],"Dataset":[],"FAQPage":[],"Movie":[],"Person":[],"Product":[],"ProductReview":[],"Car":[],"Recipe":[],"Service":[],"SoftwareApplication":[],"WebPage":[]},"graphName":"","isEnabled":true},"graphs":[],"defaultGraph":"","defaultPostTypeGraph":""},"schema_type":null,"schema_type_options":null,"pillar_content":false,"robots_default":true,"robots_noindex":false,"robots_noarchive":false,"robots_nosnippet":false,"robots_nofollow":false,"robots_noimageindex":false,"robots_noodp":false,"robots_notranslate":false,"robots_max_snippet":null,"robots_max_videopreview":null,"robots_max_imagepreview":"none","priority":null,"frequency":null,"local_seo":null,"seo_analyzer_scan_date":"2026-06-02 08:19:07","breadcrumb_settings":null,"limit_modified_date":false,"open_ai":null,"ai":null,"created":"2020-11-14 22:54:29","updated":"2026-06-02 08:19:07","focus_keyword":null,"additional_keywords":null,"truseo_locale":null},"aioseo_breadcrumb":"<div class=\"aioseo-breadcrumbs\"><span class=\"aioseo-breadcrumb\">\n\t<a href=\"https:\/\/www.eldigitaldeasturias.com\/noticias\" title=\"Home\">Home<\/a>\n<\/span><span class=\"aioseo-breadcrumb-separator\">\u2013<\/span><span class=\"aioseo-breadcrumb\">\n\t<a href=\"https:\/\/www.eldigitaldeasturias.com\/noticias\/category\/actualidad\/\" title=\"Actualidad\">Actualidad<\/a>\n<\/span><span class=\"aioseo-breadcrumb-separator\">\u2013<\/span><span class=\"aioseo-breadcrumb\">\n\t<a href=\"https:\/\/www.eldigitaldeasturias.com\/noticias\/paraguay-conmemora-25-anos-de-democracia-incompleta\/\" title=\"Paraguay conmemora 25 a\u00f1os de democracia incompleta\">Paraguay conmemora 25 a\u00f1os de democracia incompleta<\/a>\n<\/span><\/div>","aioseo_breadcrumb_json":[{"label":"Home","link":"https:\/\/www.eldigitaldeasturias.com\/noticias"},{"label":"Actualidad","link":"https:\/\/www.eldigitaldeasturias.com\/noticias\/category\/actualidad\/"},{"label":"Paraguay conmemora 25 a\u00f1os de democracia incompleta","link":"https:\/\/www.eldigitaldeasturias.com\/noticias\/paraguay-conmemora-25-anos-de-democracia-incompleta\/"}],"_links":{"self":[{"href":"https:\/\/www.eldigitaldeasturias.com\/noticias\/wp-json\/wp\/v2\/posts\/481924","targetHints":{"allow":["GET"]}}],"collection":[{"href":"https:\/\/www.eldigitaldeasturias.com\/noticias\/wp-json\/wp\/v2\/posts"}],"about":[{"href":"https:\/\/www.eldigitaldeasturias.com\/noticias\/wp-json\/wp\/v2\/types\/post"}],"author":[{"embeddable":true,"href":"https:\/\/www.eldigitaldeasturias.com\/noticias\/wp-json\/wp\/v2\/users\/1"}],"replies":[{"embeddable":true,"href":"https:\/\/www.eldigitaldeasturias.com\/noticias\/wp-json\/wp\/v2\/comments?post=481924"}],"version-history":[{"count":0,"href":"https:\/\/www.eldigitaldeasturias.com\/noticias\/wp-json\/wp\/v2\/posts\/481924\/revisions"}],"wp:attachment":[{"href":"https:\/\/www.eldigitaldeasturias.com\/noticias\/wp-json\/wp\/v2\/media?parent=481924"}],"wp:term":[{"taxonomy":"category","embeddable":true,"href":"https:\/\/www.eldigitaldeasturias.com\/noticias\/wp-json\/wp\/v2\/categories?post=481924"},{"taxonomy":"post_tag","embeddable":true,"href":"https:\/\/www.eldigitaldeasturias.com\/noticias\/wp-json\/wp\/v2\/tags?post=481924"}],"curies":[{"name":"wp","href":"https:\/\/api.w.org\/{rel}","templated":true}]}}