{"id":481921,"date":"2014-02-01T22:14:14","date_gmt":"2014-02-01T23:14:14","guid":{"rendered":"http:\/\/www.eldigitaldeasturias.com\/noticias\/?p=481921"},"modified":"2014-02-01T22:14:14","modified_gmt":"2014-02-01T23:14:14","slug":"miles-de-personas-piden-en-francia-que-no-se-reforme-la-ley-espanola-del-aborto","status":"publish","type":"post","link":"https:\/\/www.eldigitaldeasturias.com\/noticias\/miles-de-personas-piden-en-francia-que-no-se-reforme-la-ley-espanola-del-aborto\/","title":{"rendered":"Miles de personas piden en Francia que no se reforme la ley espa\u00f1ola del aborto"},"content":{"rendered":"<p><img loading=\"lazy\" decoding=\"async\" class=\"alignleft size-medium wp-image-481922\" alt=\"5900376w\" src=\"https:\/\/www.eldigitaldeasturias.com\/noticias\/wp-content\/uploads\/2014\/02\/5900376w-360x235.jpg\" width=\"360\" height=\"235\" \/>Par\u00eds, 1 feb (EFE).- Miles de personas se manifestaron hoy en Par\u00eds y en decenas de ciudades de Francia contra el anteproyecto de ley del Gobierno espa\u00f1ol para reformar la legislaci\u00f3n vigente sobre el aborto, una iniciativa criticada por el Ejecutivo franc\u00e9s.<\/p>\n<p>La marcha de Par\u00eds, m\u00e1s multitudinaria que las de Nantes, Marsella o Burdeos, reuni\u00f3 a 30.000 personas, seg\u00fan los organizadores y a 3.000, seg\u00fan la polic\u00eda, en lo que quer\u00eda ser una r\u00e9plica de la protesta organizada en Madrid, que tambi\u00e9n conoci\u00f3 otro espejo de contestaci\u00f3n en Londres y en Estambul.<\/p>\n<p>Convocada por unas noventa asociaciones feministas francesas, con Le Planning Familial a la cabeza, y apoyada por el Partido Socialista (PS) franc\u00e9s, formaciones pol\u00edticas de izquierdas, M\u00e9dicos del Mundo o las feministas radicales de Femen, la manifestaci\u00f3n se desarroll\u00f3 sin incidentes y en un ambiente festivo entre el Campo de Marte y la embajada de Espa\u00f1a en Francia.<\/p>\n<p>\u00abNosotras parimos, nosotras decidimos\u00bb o \u00abMujeres unidas jam\u00e1s ser\u00e1n vencidas\u00bb fueron algunos de los esl\u00f3ganes que corearon los manifestantes -mujeres en su mayor\u00eda- en su recorrido parisino en el entorno de la Torre Eiffel, donde pudieron verse banderas espa\u00f1olas, francesas, tricolores republicanas y ense\u00f1as arco iris.<\/p>\n<p>El rostro m\u00e1s reconocible de cuantos concurrieron en la protesta fue el de la \u00abn\u00famero dos\u00bb del ayuntamiento parisino y candidata socialista a la alcald\u00eda de Par\u00eds, Anne Hidalgo, nacida en San Fernando (C\u00e1diz, Espa\u00f1a).<\/p>\n<p>\u00abEstoy aqu\u00ed por solidaridad con las mujeres espa\u00f1olas. Somos muchas. Aqu\u00ed hay mujeres de izquierdas, mujeres del movimiento asociativo, mujeres de derechas, mujeres de todos los horizontes que dicen que no podemos retroceder\u00bb, declar\u00f3 a Efe Hidalgo, favorita en las encuestas para convertirse en la nueva alcaldesa de Par\u00eds.<\/p>\n<p>En perfecto castellano, la gaditana destac\u00f3 que Francia ha \u00abcopiado\u00bb a Espa\u00f1a en su legislaci\u00f3n relativa a la igualdad de g\u00e9nero, por ejemplo en el caso de la violencia machista, y pidi\u00f3 al ejecutivo del pa\u00eds vecino que no retroceda \u00absiglos\u00bb con una ley que \u00abel pueblo espa\u00f1ol ha dicho que no quiere\u00bb.<\/p>\n<p>El Gobierno de Mariano Rajoy aprob\u00f3 un proyecto de reforma de la actual ley de plazos, que limita el aborto en Espa\u00f1a a los supuestos de violaci\u00f3n y peligro para la vida de la madre.<\/p>\n<p>Hidalgo destac\u00f3 que en Francia siempre ha existido \u00abun consenso entre mujeres de izquierdas y mujeres de derechas para luchar por un derecho fundamental\u00bb y se dirigi\u00f3 directamente a las mujeres del gobernante Partido Popular (PP) para pedirles que no apoyen ese anteproyecto de ley.<\/p>\n<p>\u00abNo pod\u00e9is dejar esto. Nosotras, mujeres de todos los partidos, os miramos, os apoyamos, pero no pod\u00e9is ser las mujeres que dar\u00e1n el voto para esta regresi\u00f3n\u00bb, concluy\u00f3.<\/p>\n<p>Por su parte, la responsable de la asociaci\u00f3n Le Planning Familial para la regi\u00f3n de Par\u00eds, Isabelle Louis, subray\u00f3 que la manifestaci\u00f3n parisina sirve para apoyar el \u00abderecho al aborto en Espa\u00f1a y en Europa\u00bb.<\/p>\n<p>\u00abHay un movimiento muy extremista de derecha contra los derechos de las mujeres y tenemos mucho miedo por las elecciones que van a venir\u00bb, dijo Louis, en referencia a las pr\u00f3ximas elecciones al Parlamento Europeo (PE).<\/p>\n<p>Adem\u00e1s de secundar en Francia la protesta, una delegaci\u00f3n de feministas francesas se desplaz\u00f3 hasta Madrid para participar en la manifestaci\u00f3n organizada en la capital espa\u00f1ola, mientras que cerca de 9.000 personas han secundado una campa\u00f1a de recogida de firmas en Francia a trav\u00e9s de Internet.<\/p>\n<p>La protesta coincide con la tramitaci\u00f3n parlamentaria en Francia de una ley que avanza en el sentido opuesto a la reforma espa\u00f1ola y que considera la interrupci\u00f3n voluntaria del embarazo un derecho de las mujeres, no sometido al supuesto de \u00abdesamparo\u00bb, como hasta ahora.<\/p>\n<p>En Francia, donde el aborto se despenaliz\u00f3 en 1975, se practican cada a\u00f1o unas 200.000 interrupciones voluntarias del embarazo, seg\u00fan los datos de los profesionales del sector.<\/p>\n<p>Javier Albisu<\/p>\n","protected":false},"excerpt":{"rendered":"<p>Par\u00eds, 1 feb (EFE).- Miles de personas se manifestaron hoy en Par\u00eds y en decenas de ciudades de Francia contra el anteproyecto de ley del Gobierno espa\u00f1ol para reformar la legislaci\u00f3n vigente sobre el aborto, una iniciativa criticada por el Ejecutivo franc\u00e9s. La marcha de Par\u00eds, m\u00e1s multitudinaria que las de Nantes, Marsella o Burdeos, [&hellip;]<\/p>\n","protected":false},"author":1,"featured_media":481922,"comment_status":"closed","ping_status":"open","sticky":false,"template":"","format":"standard","meta":{"footnotes":""},"categories":[1],"tags":[],"class_list":["post-481921","post","type-post","status-publish","format-standard","has-post-thumbnail","hentry","category-actualidad"],"aioseo_notices":[],"aioseo_head":"\n\t\t<!-- All in One SEO Pro 5.0.1 - aioseo.com -->\n\t<meta name=\"description\" content=\"Par\u00eds, 1 feb (EFE).- Miles de personas se manifestaron hoy en Par\u00eds y en decenas de ciudades de Francia contra el anteproyecto de ley del Gobierno espa\u00f1ol para reformar la legislaci\u00f3n vigente sobre el aborto, una iniciativa criticada por el Ejecutivo franc\u00e9s. La marcha de Par\u00eds, m\u00e1s multitudinaria que las de Nantes, Marsella o Burdeos,\" \/>\n\t<meta name=\"robots\" content=\"max-image-preview:large\" \/>\n\t<meta name=\"author\" content=\"El Digital de Asturias\"\/>\n\t<meta name=\"google-site-verification\" content=\"UA-38556648-1\" \/>\n\t<meta name=\"msvalidate.01\" content=\"7dfe9f3f1b24437ab69f4f2559babe99\" \/>\n\t<meta name=\"keywords\" content=\"actualidad\" \/>\n\t<link rel=\"canonical\" href=\"https:\/\/www.eldigitaldeasturias.com\/noticias\/miles-de-personas-piden-en-francia-que-no-se-reforme-la-ley-espanola-del-aborto\/\" \/>\n\t<meta name=\"generator\" content=\"All in One SEO Pro (AIOSEO) 5.0.1\" \/>\n\t\t<meta property=\"og:locale\" content=\"es_ES\" \/>\n\t\t<meta property=\"og:site_name\" content=\"El Digital de Asturias\" \/>\n\t\t<meta property=\"og:type\" content=\"article\" \/>\n\t\t<meta property=\"og:title\" content=\"Miles de personas piden en Francia que no se reforme la ley espa\u00f1ola del aborto - El Digital de Asturias\" \/>\n\t\t<meta property=\"og:description\" content=\"Par\u00eds, 1 feb (EFE).- Miles de personas se manifestaron hoy en Par\u00eds y en decenas de ciudades de Francia contra el anteproyecto de ley del Gobierno espa\u00f1ol para reformar la legislaci\u00f3n vigente sobre el aborto, una iniciativa criticada por el Ejecutivo franc\u00e9s. La marcha de Par\u00eds, m\u00e1s multitudinaria que las de Nantes, Marsella o Burdeos,\" \/>\n\t\t<meta property=\"og:url\" content=\"https:\/\/www.eldigitaldeasturias.com\/noticias\/miles-de-personas-piden-en-francia-que-no-se-reforme-la-ley-espanola-del-aborto\/\" \/>\n\t\t<meta property=\"article:tag\" content=\"actualidad\" \/>\n\t\t<meta property=\"article:published_time\" content=\"2014-02-01T23:14:14+00:00\" \/>\n\t\t<meta property=\"article:modified_time\" content=\"2014-02-01T23:14:14+00:00\" \/>\n\t\t<meta property=\"article:publisher\" content=\"https:\/\/facebook.com\/eldigitaldeasturias\" \/>\n\t\t<meta name=\"twitter:card\" content=\"summary_large_image\" \/>\n\t\t<meta name=\"twitter:title\" content=\"Miles de personas piden en Francia que no se reforme la ley espa\u00f1ola del aborto - El Digital de Asturias\" \/>\n\t\t<meta name=\"twitter:description\" content=\"Par\u00eds, 1 feb (EFE).- Miles de personas se manifestaron hoy en Par\u00eds y en decenas de ciudades de Francia contra el anteproyecto de ley del Gobierno espa\u00f1ol para reformar la legislaci\u00f3n vigente sobre el aborto, una iniciativa criticada por el Ejecutivo franc\u00e9s. La marcha de Par\u00eds, m\u00e1s multitudinaria que las de Nantes, Marsella o Burdeos,\" \/>\n\t\t<meta name=\"twitter:label1\" content=\"Escrito por\" \/>\n\t\t<meta name=\"twitter:data1\" content=\"El Digital de Asturias\" \/>\n\t\t<meta name=\"twitter:label2\" content=\"Tiempo de lectura estimado\" \/>\n\t\t<meta name=\"twitter:data2\" content=\"3 minutos\" \/>\n\t\t<script type=\"application\/ld+json\" class=\"aioseo-schema\">\n\t\t\t{\"@context\":\"https:\\\/\\\/schema.org\",\"@graph\":[{\"@type\":\"BlogPosting\",\"@id\":\"https:\\\/\\\/www.eldigitaldeasturias.com\\\/noticias\\\/miles-de-personas-piden-en-francia-que-no-se-reforme-la-ley-espanola-del-aborto\\\/#blogposting\",\"name\":\"Miles de personas piden en Francia que no se reforme la ley espa\\u00f1ola del aborto - El Digital de Asturias\",\"headline\":\"Miles de personas piden en Francia que no se reforme la ley espa\\u00f1ola del aborto\",\"author\":{\"@id\":\"https:\\\/\\\/www.eldigitaldeasturias.com\\\/noticias\\\/author\\\/admin\\\/#author\"},\"publisher\":{\"@id\":\"https:\\\/\\\/www.eldigitaldeasturias.com\\\/noticias\\\/#organization\"},\"image\":{\"@type\":\"ImageObject\",\"url\":481922},\"datePublished\":\"2014-02-01T22:14:14+01:00\",\"dateModified\":\"2014-02-01T22:14:14+01:00\",\"inLanguage\":\"es-ES\",\"mainEntityOfPage\":{\"@id\":\"https:\\\/\\\/www.eldigitaldeasturias.com\\\/noticias\\\/miles-de-personas-piden-en-francia-que-no-se-reforme-la-ley-espanola-del-aborto\\\/#webpage\"},\"isPartOf\":{\"@id\":\"https:\\\/\\\/www.eldigitaldeasturias.com\\\/noticias\\\/miles-de-personas-piden-en-francia-que-no-se-reforme-la-ley-espanola-del-aborto\\\/#webpage\"},\"articleSection\":\"Actualidad\"},{\"@type\":\"BreadcrumbList\",\"@id\":\"https:\\\/\\\/www.eldigitaldeasturias.com\\\/noticias\\\/miles-de-personas-piden-en-francia-que-no-se-reforme-la-ley-espanola-del-aborto\\\/#breadcrumblist\",\"itemListElement\":[{\"@type\":\"ListItem\",\"@id\":\"https:\\\/\\\/www.eldigitaldeasturias.com\\\/noticias#listItem\",\"position\":1,\"name\":\"Home\",\"item\":\"https:\\\/\\\/www.eldigitaldeasturias.com\\\/noticias\",\"nextItem\":{\"@type\":\"ListItem\",\"@id\":\"https:\\\/\\\/www.eldigitaldeasturias.com\\\/noticias\\\/category\\\/actualidad\\\/#listItem\",\"name\":\"Actualidad\"}},{\"@type\":\"ListItem\",\"@id\":\"https:\\\/\\\/www.eldigitaldeasturias.com\\\/noticias\\\/category\\\/actualidad\\\/#listItem\",\"position\":2,\"name\":\"Actualidad\",\"item\":\"https:\\\/\\\/www.eldigitaldeasturias.com\\\/noticias\\\/category\\\/actualidad\\\/\",\"nextItem\":{\"@type\":\"ListItem\",\"@id\":\"https:\\\/\\\/www.eldigitaldeasturias.com\\\/noticias\\\/miles-de-personas-piden-en-francia-que-no-se-reforme-la-ley-espanola-del-aborto\\\/#listItem\",\"name\":\"Miles de personas piden en Francia que no se reforme la ley espa\\u00f1ola del aborto\"},\"previousItem\":{\"@type\":\"ListItem\",\"@id\":\"https:\\\/\\\/www.eldigitaldeasturias.com\\\/noticias#listItem\",\"name\":\"Home\"}},{\"@type\":\"ListItem\",\"@id\":\"https:\\\/\\\/www.eldigitaldeasturias.com\\\/noticias\\\/miles-de-personas-piden-en-francia-que-no-se-reforme-la-ley-espanola-del-aborto\\\/#listItem\",\"position\":3,\"name\":\"Miles de personas piden en Francia que no se reforme la ley espa\\u00f1ola del aborto\",\"previousItem\":{\"@type\":\"ListItem\",\"@id\":\"https:\\\/\\\/www.eldigitaldeasturias.com\\\/noticias\\\/category\\\/actualidad\\\/#listItem\",\"name\":\"Actualidad\"}}]},{\"@type\":\"Organization\",\"@id\":\"https:\\\/\\\/www.eldigitaldeasturias.com\\\/noticias\\\/#organization\",\"name\":\"El Digital de Asturias\",\"description\":\"Hemeroteca\",\"url\":\"https:\\\/\\\/www.eldigitaldeasturias.com\\\/noticias\\\/\",\"email\":\"info@eldigitaldeasturias.com\",\"telephone\":\"+34652131393\",\"logo\":{\"@type\":\"ImageObject\",\"url\":\"https:\\\/\\\/www.eldigitaldeasturias.com\\\/noticias\\\/wp-content\\\/uploads\\\/2020\\\/12\\\/EDA.jpg\",\"@id\":\"https:\\\/\\\/www.eldigitaldeasturias.com\\\/noticias\\\/miles-de-personas-piden-en-francia-que-no-se-reforme-la-ley-espanola-del-aborto\\\/#organizationLogo\"},\"image\":{\"@id\":\"https:\\\/\\\/www.eldigitaldeasturias.com\\\/noticias\\\/miles-de-personas-piden-en-francia-que-no-se-reforme-la-ley-espanola-del-aborto\\\/#organizationLogo\"},\"sameAs\":[\"https:\\\/\\\/facebook.com\\\/eldigitaldeasturias\",\"https:\\\/\\\/www.youtube.com\\\/channel\\\/UCZP-2wLEB9Rv6erhFmqVnvg\"],\"address\":{\"@id\":\"https:\\\/\\\/www.eldigitaldeasturias.com\\\/noticias\\\/#postaladdress\",\"@type\":\"PostalAddress\",\"streetAddress\":\"san antonio 4\",\"postalCode\":\"33430\",\"addressLocality\":\"Cand\\u00e1s\",\"addressRegion\":\"Asturias\",\"addressCountry\":\"ES\"}},{\"@type\":\"Person\",\"@id\":\"https:\\\/\\\/www.eldigitaldeasturias.com\\\/noticias\\\/author\\\/admin\\\/#author\",\"url\":\"https:\\\/\\\/www.eldigitaldeasturias.com\\\/noticias\\\/author\\\/admin\\\/\",\"name\":\"El Digital de Asturias\",\"image\":{\"@type\":\"ImageObject\",\"@id\":\"https:\\\/\\\/www.eldigitaldeasturias.com\\\/noticias\\\/miles-de-personas-piden-en-francia-que-no-se-reforme-la-ley-espanola-del-aborto\\\/#authorImage\",\"url\":\"https:\\\/\\\/secure.gravatar.com\\\/avatar\\\/df2aeffc32bcd13f8d26072ef8a91b623d677766deac7f97ca815868cd41bf5e?s=96&d=mm&r=g\",\"width\":96,\"height\":96,\"caption\":\"El Digital de Asturias\"}},{\"@type\":\"WebPage\",\"@id\":\"https:\\\/\\\/www.eldigitaldeasturias.com\\\/noticias\\\/miles-de-personas-piden-en-francia-que-no-se-reforme-la-ley-espanola-del-aborto\\\/#webpage\",\"url\":\"https:\\\/\\\/www.eldigitaldeasturias.com\\\/noticias\\\/miles-de-personas-piden-en-francia-que-no-se-reforme-la-ley-espanola-del-aborto\\\/\",\"name\":\"Miles de personas piden en Francia que no se reforme la ley espa\\u00f1ola del aborto - El Digital de Asturias\",\"description\":\"Par\\u00eds, 1 feb (EFE).- Miles de personas se manifestaron hoy en Par\\u00eds y en decenas de ciudades de Francia contra el anteproyecto de ley del Gobierno espa\\u00f1ol para reformar la legislaci\\u00f3n vigente sobre el aborto, una iniciativa criticada por el Ejecutivo franc\\u00e9s. La marcha de Par\\u00eds, m\\u00e1s multitudinaria que las de Nantes, Marsella o Burdeos,\",\"inLanguage\":\"es-ES\",\"isPartOf\":{\"@id\":\"https:\\\/\\\/www.eldigitaldeasturias.com\\\/noticias\\\/#website\"},\"breadcrumb\":{\"@id\":\"https:\\\/\\\/www.eldigitaldeasturias.com\\\/noticias\\\/miles-de-personas-piden-en-francia-que-no-se-reforme-la-ley-espanola-del-aborto\\\/#breadcrumblist\"},\"author\":{\"@id\":\"https:\\\/\\\/www.eldigitaldeasturias.com\\\/noticias\\\/author\\\/admin\\\/#author\"},\"creator\":{\"@id\":\"https:\\\/\\\/www.eldigitaldeasturias.com\\\/noticias\\\/author\\\/admin\\\/#author\"},\"image\":{\"@type\":\"ImageObject\",\"url\":481922,\"@id\":\"https:\\\/\\\/www.eldigitaldeasturias.com\\\/noticias\\\/miles-de-personas-piden-en-francia-que-no-se-reforme-la-ley-espanola-del-aborto\\\/#mainImage\"},\"primaryImageOfPage\":{\"@id\":\"https:\\\/\\\/www.eldigitaldeasturias.com\\\/noticias\\\/miles-de-personas-piden-en-francia-que-no-se-reforme-la-ley-espanola-del-aborto\\\/#mainImage\"},\"datePublished\":\"2014-02-01T22:14:14+01:00\",\"dateModified\":\"2014-02-01T22:14:14+01:00\"},{\"@type\":\"WebSite\",\"@id\":\"https:\\\/\\\/www.eldigitaldeasturias.com\\\/noticias\\\/#website\",\"url\":\"https:\\\/\\\/www.eldigitaldeasturias.com\\\/noticias\\\/\",\"name\":\"El Digital de Asturias - Diario de actualidad y noticias\",\"alternateName\":\"El Digital de Asturias - Diario de actualidad y noticias\",\"description\":\"Hemeroteca\",\"inLanguage\":\"es-ES\",\"publisher\":{\"@id\":\"https:\\\/\\\/www.eldigitaldeasturias.com\\\/noticias\\\/#organization\"}}]}\n\t\t<\/script>\n\t\t<!-- All in One SEO Pro -->\r\n\t\t<title>Miles de personas piden en Francia que no se reforme la ley espa\u00f1ola del aborto - El Digital de Asturias<\/title>\n\n","aioseo_head_json":{"title":"Miles de personas piden en Francia que no se reforme la ley espa\u00f1ola del aborto - El Digital de Asturias","description":"Par\u00eds, 1 feb (EFE).- Miles de personas se manifestaron hoy en Par\u00eds y en decenas de ciudades de Francia contra el anteproyecto de ley del Gobierno espa\u00f1ol para reformar la legislaci\u00f3n vigente sobre el aborto, una iniciativa criticada por el Ejecutivo franc\u00e9s. La marcha de Par\u00eds, m\u00e1s multitudinaria que las de Nantes, Marsella o Burdeos,","canonical_url":"https:\/\/www.eldigitaldeasturias.com\/noticias\/miles-de-personas-piden-en-francia-que-no-se-reforme-la-ley-espanola-del-aborto\/","robots":"max-image-preview:large","keywords":"actualidad","webmasterTools":{"google-site-verification":"UA-38556648-1","msvalidate.01":"7dfe9f3f1b24437ab69f4f2559babe99","miscellaneous":""},"schema":{"@context":"https:\/\/schema.org","@graph":[{"@type":"BlogPosting","@id":"https:\/\/www.eldigitaldeasturias.com\/noticias\/miles-de-personas-piden-en-francia-que-no-se-reforme-la-ley-espanola-del-aborto\/#blogposting","name":"Miles de personas piden en Francia que no se reforme la ley espa\u00f1ola del aborto - El Digital de Asturias","headline":"Miles de personas piden en Francia que no se reforme la ley espa\u00f1ola del aborto","author":{"@id":"https:\/\/www.eldigitaldeasturias.com\/noticias\/author\/admin\/#author"},"publisher":{"@id":"https:\/\/www.eldigitaldeasturias.com\/noticias\/#organization"},"image":{"@type":"ImageObject","url":481922},"datePublished":"2014-02-01T22:14:14+01:00","dateModified":"2014-02-01T22:14:14+01:00","inLanguage":"es-ES","mainEntityOfPage":{"@id":"https:\/\/www.eldigitaldeasturias.com\/noticias\/miles-de-personas-piden-en-francia-que-no-se-reforme-la-ley-espanola-del-aborto\/#webpage"},"isPartOf":{"@id":"https:\/\/www.eldigitaldeasturias.com\/noticias\/miles-de-personas-piden-en-francia-que-no-se-reforme-la-ley-espanola-del-aborto\/#webpage"},"articleSection":"Actualidad"},{"@type":"BreadcrumbList","@id":"https:\/\/www.eldigitaldeasturias.com\/noticias\/miles-de-personas-piden-en-francia-que-no-se-reforme-la-ley-espanola-del-aborto\/#breadcrumblist","itemListElement":[{"@type":"ListItem","@id":"https:\/\/www.eldigitaldeasturias.com\/noticias#listItem","position":1,"name":"Home","item":"https:\/\/www.eldigitaldeasturias.com\/noticias","nextItem":{"@type":"ListItem","@id":"https:\/\/www.eldigitaldeasturias.com\/noticias\/category\/actualidad\/#listItem","name":"Actualidad"}},{"@type":"ListItem","@id":"https:\/\/www.eldigitaldeasturias.com\/noticias\/category\/actualidad\/#listItem","position":2,"name":"Actualidad","item":"https:\/\/www.eldigitaldeasturias.com\/noticias\/category\/actualidad\/","nextItem":{"@type":"ListItem","@id":"https:\/\/www.eldigitaldeasturias.com\/noticias\/miles-de-personas-piden-en-francia-que-no-se-reforme-la-ley-espanola-del-aborto\/#listItem","name":"Miles de personas piden en Francia que no se reforme la ley espa\u00f1ola del aborto"},"previousItem":{"@type":"ListItem","@id":"https:\/\/www.eldigitaldeasturias.com\/noticias#listItem","name":"Home"}},{"@type":"ListItem","@id":"https:\/\/www.eldigitaldeasturias.com\/noticias\/miles-de-personas-piden-en-francia-que-no-se-reforme-la-ley-espanola-del-aborto\/#listItem","position":3,"name":"Miles de personas piden en Francia que no se reforme la ley espa\u00f1ola del aborto","previousItem":{"@type":"ListItem","@id":"https:\/\/www.eldigitaldeasturias.com\/noticias\/category\/actualidad\/#listItem","name":"Actualidad"}}]},{"@type":"Organization","@id":"https:\/\/www.eldigitaldeasturias.com\/noticias\/#organization","name":"El Digital de Asturias","description":"Hemeroteca","url":"https:\/\/www.eldigitaldeasturias.com\/noticias\/","email":"info@eldigitaldeasturias.com","telephone":"+34652131393","logo":{"@type":"ImageObject","url":"https:\/\/www.eldigitaldeasturias.com\/noticias\/wp-content\/uploads\/2020\/12\/EDA.jpg","@id":"https:\/\/www.eldigitaldeasturias.com\/noticias\/miles-de-personas-piden-en-francia-que-no-se-reforme-la-ley-espanola-del-aborto\/#organizationLogo"},"image":{"@id":"https:\/\/www.eldigitaldeasturias.com\/noticias\/miles-de-personas-piden-en-francia-que-no-se-reforme-la-ley-espanola-del-aborto\/#organizationLogo"},"sameAs":["https:\/\/facebook.com\/eldigitaldeasturias","https:\/\/www.youtube.com\/channel\/UCZP-2wLEB9Rv6erhFmqVnvg"],"address":{"@id":"https:\/\/www.eldigitaldeasturias.com\/noticias\/#postaladdress","@type":"PostalAddress","streetAddress":"san antonio 4","postalCode":"33430","addressLocality":"Cand\u00e1s","addressRegion":"Asturias","addressCountry":"ES"}},{"@type":"Person","@id":"https:\/\/www.eldigitaldeasturias.com\/noticias\/author\/admin\/#author","url":"https:\/\/www.eldigitaldeasturias.com\/noticias\/author\/admin\/","name":"El Digital de Asturias","image":{"@type":"ImageObject","@id":"https:\/\/www.eldigitaldeasturias.com\/noticias\/miles-de-personas-piden-en-francia-que-no-se-reforme-la-ley-espanola-del-aborto\/#authorImage","url":"https:\/\/secure.gravatar.com\/avatar\/df2aeffc32bcd13f8d26072ef8a91b623d677766deac7f97ca815868cd41bf5e?s=96&d=mm&r=g","width":96,"height":96,"caption":"El Digital de Asturias"}},{"@type":"WebPage","@id":"https:\/\/www.eldigitaldeasturias.com\/noticias\/miles-de-personas-piden-en-francia-que-no-se-reforme-la-ley-espanola-del-aborto\/#webpage","url":"https:\/\/www.eldigitaldeasturias.com\/noticias\/miles-de-personas-piden-en-francia-que-no-se-reforme-la-ley-espanola-del-aborto\/","name":"Miles de personas piden en Francia que no se reforme la ley espa\u00f1ola del aborto - El Digital de Asturias","description":"Par\u00eds, 1 feb (EFE).- Miles de personas se manifestaron hoy en Par\u00eds y en decenas de ciudades de Francia contra el anteproyecto de ley del Gobierno espa\u00f1ol para reformar la legislaci\u00f3n vigente sobre el aborto, una iniciativa criticada por el Ejecutivo franc\u00e9s. La marcha de Par\u00eds, m\u00e1s multitudinaria que las de Nantes, Marsella o Burdeos,","inLanguage":"es-ES","isPartOf":{"@id":"https:\/\/www.eldigitaldeasturias.com\/noticias\/#website"},"breadcrumb":{"@id":"https:\/\/www.eldigitaldeasturias.com\/noticias\/miles-de-personas-piden-en-francia-que-no-se-reforme-la-ley-espanola-del-aborto\/#breadcrumblist"},"author":{"@id":"https:\/\/www.eldigitaldeasturias.com\/noticias\/author\/admin\/#author"},"creator":{"@id":"https:\/\/www.eldigitaldeasturias.com\/noticias\/author\/admin\/#author"},"image":{"@type":"ImageObject","url":481922,"@id":"https:\/\/www.eldigitaldeasturias.com\/noticias\/miles-de-personas-piden-en-francia-que-no-se-reforme-la-ley-espanola-del-aborto\/#mainImage"},"primaryImageOfPage":{"@id":"https:\/\/www.eldigitaldeasturias.com\/noticias\/miles-de-personas-piden-en-francia-que-no-se-reforme-la-ley-espanola-del-aborto\/#mainImage"},"datePublished":"2014-02-01T22:14:14+01:00","dateModified":"2014-02-01T22:14:14+01:00"},{"@type":"WebSite","@id":"https:\/\/www.eldigitaldeasturias.com\/noticias\/#website","url":"https:\/\/www.eldigitaldeasturias.com\/noticias\/","name":"El Digital de Asturias - Diario de actualidad y noticias","alternateName":"El Digital de Asturias - Diario de actualidad y noticias","description":"Hemeroteca","inLanguage":"es-ES","publisher":{"@id":"https:\/\/www.eldigitaldeasturias.com\/noticias\/#organization"}}]},"og:locale":"es_ES","og:site_name":"El Digital de Asturias","og:type":"article","og:title":"Miles de personas piden en Francia que no se reforme la ley espa\u00f1ola del aborto - El Digital de Asturias","og:description":"Par\u00eds, 1 feb (EFE).- Miles de personas se manifestaron hoy en Par\u00eds y en decenas de ciudades de Francia contra el anteproyecto de ley del Gobierno espa\u00f1ol para reformar la legislaci\u00f3n vigente sobre el aborto, una iniciativa criticada por el Ejecutivo franc\u00e9s. La marcha de Par\u00eds, m\u00e1s multitudinaria que las de Nantes, Marsella o Burdeos,","og:url":"https:\/\/www.eldigitaldeasturias.com\/noticias\/miles-de-personas-piden-en-francia-que-no-se-reforme-la-ley-espanola-del-aborto\/","article:tag":["actualidad"],"article:published_time":"2014-02-01T23:14:14+00:00","article:modified_time":"2014-02-01T23:14:14+00:00","article:publisher":"https:\/\/facebook.com\/eldigitaldeasturias","twitter:card":"summary_large_image","twitter:title":"Miles de personas piden en Francia que no se reforme la ley espa\u00f1ola del aborto - El Digital de Asturias","twitter:description":"Par\u00eds, 1 feb (EFE).- Miles de personas se manifestaron hoy en Par\u00eds y en decenas de ciudades de Francia contra el anteproyecto de ley del Gobierno espa\u00f1ol para reformar la legislaci\u00f3n vigente sobre el aborto, una iniciativa criticada por el Ejecutivo franc\u00e9s. La marcha de Par\u00eds, m\u00e1s multitudinaria que las de Nantes, Marsella o Burdeos,","twitter:label1":"Escrito por","twitter:data1":"El Digital de Asturias","twitter:label2":"Tiempo de lectura estimado","twitter:data2":"3 minutos"},"aioseo_meta_data":{"post_id":"481921","title":null,"description":null,"keywords":null,"keyphrases":null,"primary_term":null,"canonical_url":null,"og_title":null,"og_description":null,"og_object_type":"default","og_image_type":"default","og_image_url":null,"og_image_width":null,"og_image_height":null,"og_image_custom_url":null,"og_image_custom_fields":null,"og_video":null,"og_custom_url":null,"og_article_section":null,"og_article_tags":null,"twitter_use_og":true,"twitter_card":"default","twitter_image_type":"default","twitter_image_url":null,"twitter_image_custom_url":null,"twitter_image_custom_fields":null,"twitter_title":null,"twitter_description":null,"schema":{"blockGraphs":[],"customGraphs":[],"default":{"data":{"Article":[],"Course":[],"Dataset":[],"FAQPage":[],"Movie":[],"Person":[],"Product":[],"ProductReview":[],"Car":[],"Recipe":[],"Service":[],"SoftwareApplication":[],"WebPage":[]},"graphName":"","isEnabled":true},"graphs":[],"defaultGraph":"","defaultPostTypeGraph":""},"schema_type":null,"schema_type_options":null,"pillar_content":false,"robots_default":true,"robots_noindex":false,"robots_noarchive":false,"robots_nosnippet":false,"robots_nofollow":false,"robots_noimageindex":false,"robots_noodp":false,"robots_notranslate":false,"robots_max_snippet":null,"robots_max_videopreview":null,"robots_max_imagepreview":"none","priority":null,"frequency":null,"local_seo":null,"seo_analyzer_scan_date":"2026-06-02 08:16:47","breadcrumb_settings":null,"limit_modified_date":false,"open_ai":null,"ai":null,"created":"2020-11-14 22:54:29","updated":"2026-06-02 08:16:47","focus_keyword":null,"additional_keywords":null,"truseo_locale":null},"aioseo_breadcrumb":"<div class=\"aioseo-breadcrumbs\"><span class=\"aioseo-breadcrumb\">\n\t<a href=\"https:\/\/www.eldigitaldeasturias.com\/noticias\" title=\"Home\">Home<\/a>\n<\/span><span class=\"aioseo-breadcrumb-separator\">\u2013<\/span><span class=\"aioseo-breadcrumb\">\n\t<a href=\"https:\/\/www.eldigitaldeasturias.com\/noticias\/category\/actualidad\/\" title=\"Actualidad\">Actualidad<\/a>\n<\/span><span class=\"aioseo-breadcrumb-separator\">\u2013<\/span><span class=\"aioseo-breadcrumb\">\n\t<a href=\"https:\/\/www.eldigitaldeasturias.com\/noticias\/miles-de-personas-piden-en-francia-que-no-se-reforme-la-ley-espanola-del-aborto\/\" title=\"Miles de personas piden en Francia que no se reforme la ley espa\u00f1ola del aborto\">Miles de personas piden en Francia que no se reforme la ley espa\u00f1ola del aborto<\/a>\n<\/span><\/div>","aioseo_breadcrumb_json":[{"label":"Home","link":"https:\/\/www.eldigitaldeasturias.com\/noticias"},{"label":"Actualidad","link":"https:\/\/www.eldigitaldeasturias.com\/noticias\/category\/actualidad\/"},{"label":"Miles de personas piden en Francia que no se reforme la ley espa\u00f1ola del aborto","link":"https:\/\/www.eldigitaldeasturias.com\/noticias\/miles-de-personas-piden-en-francia-que-no-se-reforme-la-ley-espanola-del-aborto\/"}],"_links":{"self":[{"href":"https:\/\/www.eldigitaldeasturias.com\/noticias\/wp-json\/wp\/v2\/posts\/481921","targetHints":{"allow":["GET"]}}],"collection":[{"href":"https:\/\/www.eldigitaldeasturias.com\/noticias\/wp-json\/wp\/v2\/posts"}],"about":[{"href":"https:\/\/www.eldigitaldeasturias.com\/noticias\/wp-json\/wp\/v2\/types\/post"}],"author":[{"embeddable":true,"href":"https:\/\/www.eldigitaldeasturias.com\/noticias\/wp-json\/wp\/v2\/users\/1"}],"replies":[{"embeddable":true,"href":"https:\/\/www.eldigitaldeasturias.com\/noticias\/wp-json\/wp\/v2\/comments?post=481921"}],"version-history":[{"count":0,"href":"https:\/\/www.eldigitaldeasturias.com\/noticias\/wp-json\/wp\/v2\/posts\/481921\/revisions"}],"wp:attachment":[{"href":"https:\/\/www.eldigitaldeasturias.com\/noticias\/wp-json\/wp\/v2\/media?parent=481921"}],"wp:term":[{"taxonomy":"category","embeddable":true,"href":"https:\/\/www.eldigitaldeasturias.com\/noticias\/wp-json\/wp\/v2\/categories?post=481921"},{"taxonomy":"post_tag","embeddable":true,"href":"https:\/\/www.eldigitaldeasturias.com\/noticias\/wp-json\/wp\/v2\/tags?post=481921"}],"curies":[{"name":"wp","href":"https:\/\/api.w.org\/{rel}","templated":true}]}}