{"id":481912,"date":"2014-02-01T22:10:18","date_gmt":"2014-02-01T23:10:18","guid":{"rendered":"http:\/\/www.eldigitaldeasturias.com\/noticias\/?p=481912"},"modified":"2014-02-01T22:10:18","modified_gmt":"2014-02-01T23:10:18","slug":"al-menos-cuatro-muertos-por-la-explosion-de-un-coche-bomba-en-el-libano","status":"publish","type":"post","link":"https:\/\/www.eldigitaldeasturias.com\/noticias\/al-menos-cuatro-muertos-por-la-explosion-de-un-coche-bomba-en-el-libano\/","title":{"rendered":"Al menos cuatro muertos por la explosi\u00f3n de un coche bomba en el L\u00edbano"},"content":{"rendered":"<p><img loading=\"lazy\" decoding=\"async\" class=\"alignleft size-medium wp-image-481913\" alt=\"5900131w\" src=\"https:\/\/www.eldigitaldeasturias.com\/noticias\/wp-content\/uploads\/2014\/02\/5900131w-360x251.jpg\" width=\"360\" height=\"251\" \/>Beirut, 1 feb (EFE).- Al menos cuatro personas murieron y otras 18 resultaron heridas al estallar hoy un coche bomba, presuntamente conducido por un suicida, cerca de un colegio en la ciudad de Hermel, en el noreste del L\u00edbano, seg\u00fan fuentes oficiales citadas por la televisi\u00f3n estatal libanesa.<\/p>\n<p>Seg\u00fan la agencia nacional de noticias, ANN, la explosi\u00f3n se produjo junto al colegio Al Mabarat (La Caridad), en la entrada de la calle principal de esa ciudad, feudo del grupo chi\u00ed Hizbul\u00e1.<\/p>\n<p>El establecimiento es adem\u00e1s un orfanato, aunque la direcci\u00f3n ya ha asegurado que todos los ni\u00f1os est\u00e1n sanos y salvos.<\/p>\n<p>El ministro saliente del Interior, Maruan Charbel, declar\u00f3 a las televisiones libanesas que las primeras informaciones hacen creer que se trata de un atentado suicida.<\/p>\n<p>Tambi\u00e9n dijo que no se podr\u00e1 poner fin a esa clase de actos ni acabar con los terroristas mientras perdure la crisis en la vecina Siria, aunque s\u00ed se puede limitar el n\u00famero de v\u00edctimas.<\/p>\n<p>La televisi\u00f3n Al Manar, portavoz de Hizbul\u00e1, que transmite en directo im\u00e1genes desde el lugar del atentado, afirm\u00f3 que el veh\u00edculo utilizado fue un todoterreno y que el suicida lo hizo estallar cerca de una gasolinera.<\/p>\n<p>La televisi\u00f3n ha mostrado un gran incendio que se produjo despu\u00e9s de la explosi\u00f3n, y se ven equipos de salvamento tratando de rescatar a eventuales v\u00edctimas.<\/p>\n<p>En una primera reacci\u00f3n, el primer ministro saliente, Nayib Mikati, conden\u00f3 el atentado: \u00abHermel es una vez m\u00e1s blanco de los terroristas. Renovamos nuestro llamamiento a la unidad para proteger nuestro pa\u00eds\u00bb.<\/p>\n","protected":false},"excerpt":{"rendered":"<p>Beirut, 1 feb (EFE).- Al menos cuatro personas murieron y otras 18 resultaron heridas al estallar hoy un coche bomba, presuntamente conducido por un suicida, cerca de un colegio en la ciudad de Hermel, en el noreste del L\u00edbano, seg\u00fan fuentes oficiales citadas por la televisi\u00f3n estatal libanesa. Seg\u00fan la agencia nacional de noticias, ANN, [&hellip;]<\/p>\n","protected":false},"author":1,"featured_media":481913,"comment_status":"closed","ping_status":"open","sticky":false,"template":"","format":"standard","meta":{"footnotes":""},"categories":[1],"tags":[],"class_list":["post-481912","post","type-post","status-publish","format-standard","has-post-thumbnail","hentry","category-actualidad"],"aioseo_notices":[],"aioseo_head":"\n\t\t<!-- All in One SEO Pro 5.0.1 - aioseo.com -->\n\t<meta name=\"description\" content=\"Beirut, 1 feb (EFE).- Al menos cuatro personas murieron y otras 18 resultaron heridas al estallar hoy un coche bomba, presuntamente conducido por un suicida, cerca de un colegio en la ciudad de Hermel, en el noreste del L\u00edbano, seg\u00fan fuentes oficiales citadas por la televisi\u00f3n estatal libanesa. Seg\u00fan la agencia nacional de noticias, ANN,\" \/>\n\t<meta name=\"robots\" content=\"max-image-preview:large\" \/>\n\t<meta name=\"author\" content=\"El Digital de Asturias\"\/>\n\t<meta name=\"google-site-verification\" content=\"UA-38556648-1\" \/>\n\t<meta name=\"msvalidate.01\" content=\"7dfe9f3f1b24437ab69f4f2559babe99\" \/>\n\t<meta name=\"keywords\" content=\"actualidad\" \/>\n\t<link rel=\"canonical\" href=\"https:\/\/www.eldigitaldeasturias.com\/noticias\/al-menos-cuatro-muertos-por-la-explosion-de-un-coche-bomba-en-el-libano\/\" \/>\n\t<meta name=\"generator\" content=\"All in One SEO Pro (AIOSEO) 5.0.1\" \/>\n\t\t<meta property=\"og:locale\" content=\"es_ES\" \/>\n\t\t<meta property=\"og:site_name\" content=\"El Digital de Asturias\" \/>\n\t\t<meta property=\"og:type\" content=\"article\" \/>\n\t\t<meta property=\"og:title\" content=\"Al menos cuatro muertos por la explosi\u00f3n de un coche bomba en el L\u00edbano - El Digital de Asturias\" \/>\n\t\t<meta property=\"og:description\" content=\"Beirut, 1 feb (EFE).- Al menos cuatro personas murieron y otras 18 resultaron heridas al estallar hoy un coche bomba, presuntamente conducido por un suicida, cerca de un colegio en la ciudad de Hermel, en el noreste del L\u00edbano, seg\u00fan fuentes oficiales citadas por la televisi\u00f3n estatal libanesa. Seg\u00fan la agencia nacional de noticias, ANN,\" \/>\n\t\t<meta property=\"og:url\" content=\"https:\/\/www.eldigitaldeasturias.com\/noticias\/al-menos-cuatro-muertos-por-la-explosion-de-un-coche-bomba-en-el-libano\/\" \/>\n\t\t<meta property=\"article:tag\" content=\"actualidad\" \/>\n\t\t<meta property=\"article:published_time\" content=\"2014-02-01T23:10:18+00:00\" \/>\n\t\t<meta property=\"article:modified_time\" content=\"2014-02-01T23:10:18+00:00\" \/>\n\t\t<meta property=\"article:publisher\" content=\"https:\/\/facebook.com\/eldigitaldeasturias\" \/>\n\t\t<meta name=\"twitter:card\" content=\"summary_large_image\" \/>\n\t\t<meta name=\"twitter:title\" content=\"Al menos cuatro muertos por la explosi\u00f3n de un coche bomba en el L\u00edbano - El Digital de Asturias\" \/>\n\t\t<meta name=\"twitter:description\" content=\"Beirut, 1 feb (EFE).- Al menos cuatro personas murieron y otras 18 resultaron heridas al estallar hoy un coche bomba, presuntamente conducido por un suicida, cerca de un colegio en la ciudad de Hermel, en el noreste del L\u00edbano, seg\u00fan fuentes oficiales citadas por la televisi\u00f3n estatal libanesa. Seg\u00fan la agencia nacional de noticias, ANN,\" \/>\n\t\t<meta name=\"twitter:label1\" content=\"Escrito por\" \/>\n\t\t<meta name=\"twitter:data1\" content=\"El Digital de Asturias\" \/>\n\t\t<meta name=\"twitter:label2\" content=\"Tiempo de lectura estimado\" \/>\n\t\t<meta name=\"twitter:data2\" content=\"1 minuto\" \/>\n\t\t<script type=\"application\/ld+json\" class=\"aioseo-schema\">\n\t\t\t{\"@context\":\"https:\\\/\\\/schema.org\",\"@graph\":[{\"@type\":\"BlogPosting\",\"@id\":\"https:\\\/\\\/www.eldigitaldeasturias.com\\\/noticias\\\/al-menos-cuatro-muertos-por-la-explosion-de-un-coche-bomba-en-el-libano\\\/#blogposting\",\"name\":\"Al menos cuatro muertos por la explosi\\u00f3n de un coche bomba en el L\\u00edbano - El Digital de Asturias\",\"headline\":\"Al menos cuatro muertos por la explosi\\u00f3n de un coche bomba en el L\\u00edbano\",\"author\":{\"@id\":\"https:\\\/\\\/www.eldigitaldeasturias.com\\\/noticias\\\/author\\\/admin\\\/#author\"},\"publisher\":{\"@id\":\"https:\\\/\\\/www.eldigitaldeasturias.com\\\/noticias\\\/#organization\"},\"image\":{\"@type\":\"ImageObject\",\"url\":481913},\"datePublished\":\"2014-02-01T22:10:18+01:00\",\"dateModified\":\"2014-02-01T22:10:18+01:00\",\"inLanguage\":\"es-ES\",\"mainEntityOfPage\":{\"@id\":\"https:\\\/\\\/www.eldigitaldeasturias.com\\\/noticias\\\/al-menos-cuatro-muertos-por-la-explosion-de-un-coche-bomba-en-el-libano\\\/#webpage\"},\"isPartOf\":{\"@id\":\"https:\\\/\\\/www.eldigitaldeasturias.com\\\/noticias\\\/al-menos-cuatro-muertos-por-la-explosion-de-un-coche-bomba-en-el-libano\\\/#webpage\"},\"articleSection\":\"Actualidad\"},{\"@type\":\"BreadcrumbList\",\"@id\":\"https:\\\/\\\/www.eldigitaldeasturias.com\\\/noticias\\\/al-menos-cuatro-muertos-por-la-explosion-de-un-coche-bomba-en-el-libano\\\/#breadcrumblist\",\"itemListElement\":[{\"@type\":\"ListItem\",\"@id\":\"https:\\\/\\\/www.eldigitaldeasturias.com\\\/noticias#listItem\",\"position\":1,\"name\":\"Home\",\"item\":\"https:\\\/\\\/www.eldigitaldeasturias.com\\\/noticias\",\"nextItem\":{\"@type\":\"ListItem\",\"@id\":\"https:\\\/\\\/www.eldigitaldeasturias.com\\\/noticias\\\/category\\\/actualidad\\\/#listItem\",\"name\":\"Actualidad\"}},{\"@type\":\"ListItem\",\"@id\":\"https:\\\/\\\/www.eldigitaldeasturias.com\\\/noticias\\\/category\\\/actualidad\\\/#listItem\",\"position\":2,\"name\":\"Actualidad\",\"item\":\"https:\\\/\\\/www.eldigitaldeasturias.com\\\/noticias\\\/category\\\/actualidad\\\/\",\"nextItem\":{\"@type\":\"ListItem\",\"@id\":\"https:\\\/\\\/www.eldigitaldeasturias.com\\\/noticias\\\/al-menos-cuatro-muertos-por-la-explosion-de-un-coche-bomba-en-el-libano\\\/#listItem\",\"name\":\"Al menos cuatro muertos por la explosi\\u00f3n de un coche bomba en el L\\u00edbano\"},\"previousItem\":{\"@type\":\"ListItem\",\"@id\":\"https:\\\/\\\/www.eldigitaldeasturias.com\\\/noticias#listItem\",\"name\":\"Home\"}},{\"@type\":\"ListItem\",\"@id\":\"https:\\\/\\\/www.eldigitaldeasturias.com\\\/noticias\\\/al-menos-cuatro-muertos-por-la-explosion-de-un-coche-bomba-en-el-libano\\\/#listItem\",\"position\":3,\"name\":\"Al menos cuatro muertos por la explosi\\u00f3n de un coche bomba en el L\\u00edbano\",\"previousItem\":{\"@type\":\"ListItem\",\"@id\":\"https:\\\/\\\/www.eldigitaldeasturias.com\\\/noticias\\\/category\\\/actualidad\\\/#listItem\",\"name\":\"Actualidad\"}}]},{\"@type\":\"Organization\",\"@id\":\"https:\\\/\\\/www.eldigitaldeasturias.com\\\/noticias\\\/#organization\",\"name\":\"El Digital de Asturias\",\"description\":\"Hemeroteca\",\"url\":\"https:\\\/\\\/www.eldigitaldeasturias.com\\\/noticias\\\/\",\"email\":\"info@eldigitaldeasturias.com\",\"telephone\":\"+34652131393\",\"logo\":{\"@type\":\"ImageObject\",\"url\":\"https:\\\/\\\/www.eldigitaldeasturias.com\\\/noticias\\\/wp-content\\\/uploads\\\/2020\\\/12\\\/EDA.jpg\",\"@id\":\"https:\\\/\\\/www.eldigitaldeasturias.com\\\/noticias\\\/al-menos-cuatro-muertos-por-la-explosion-de-un-coche-bomba-en-el-libano\\\/#organizationLogo\"},\"image\":{\"@id\":\"https:\\\/\\\/www.eldigitaldeasturias.com\\\/noticias\\\/al-menos-cuatro-muertos-por-la-explosion-de-un-coche-bomba-en-el-libano\\\/#organizationLogo\"},\"sameAs\":[\"https:\\\/\\\/facebook.com\\\/eldigitaldeasturias\",\"https:\\\/\\\/www.youtube.com\\\/channel\\\/UCZP-2wLEB9Rv6erhFmqVnvg\"],\"address\":{\"@id\":\"https:\\\/\\\/www.eldigitaldeasturias.com\\\/noticias\\\/#postaladdress\",\"@type\":\"PostalAddress\",\"streetAddress\":\"san antonio 4\",\"postalCode\":\"33430\",\"addressLocality\":\"Cand\\u00e1s\",\"addressRegion\":\"Asturias\",\"addressCountry\":\"ES\"}},{\"@type\":\"Person\",\"@id\":\"https:\\\/\\\/www.eldigitaldeasturias.com\\\/noticias\\\/author\\\/admin\\\/#author\",\"url\":\"https:\\\/\\\/www.eldigitaldeasturias.com\\\/noticias\\\/author\\\/admin\\\/\",\"name\":\"El Digital de Asturias\",\"image\":{\"@type\":\"ImageObject\",\"@id\":\"https:\\\/\\\/www.eldigitaldeasturias.com\\\/noticias\\\/al-menos-cuatro-muertos-por-la-explosion-de-un-coche-bomba-en-el-libano\\\/#authorImage\",\"url\":\"https:\\\/\\\/secure.gravatar.com\\\/avatar\\\/df2aeffc32bcd13f8d26072ef8a91b623d677766deac7f97ca815868cd41bf5e?s=96&d=mm&r=g\",\"width\":96,\"height\":96,\"caption\":\"El Digital de Asturias\"}},{\"@type\":\"WebPage\",\"@id\":\"https:\\\/\\\/www.eldigitaldeasturias.com\\\/noticias\\\/al-menos-cuatro-muertos-por-la-explosion-de-un-coche-bomba-en-el-libano\\\/#webpage\",\"url\":\"https:\\\/\\\/www.eldigitaldeasturias.com\\\/noticias\\\/al-menos-cuatro-muertos-por-la-explosion-de-un-coche-bomba-en-el-libano\\\/\",\"name\":\"Al menos cuatro muertos por la explosi\\u00f3n de un coche bomba en el L\\u00edbano - El Digital de Asturias\",\"description\":\"Beirut, 1 feb (EFE).- Al menos cuatro personas murieron y otras 18 resultaron heridas al estallar hoy un coche bomba, presuntamente conducido por un suicida, cerca de un colegio en la ciudad de Hermel, en el noreste del L\\u00edbano, seg\\u00fan fuentes oficiales citadas por la televisi\\u00f3n estatal libanesa. Seg\\u00fan la agencia nacional de noticias, ANN,\",\"inLanguage\":\"es-ES\",\"isPartOf\":{\"@id\":\"https:\\\/\\\/www.eldigitaldeasturias.com\\\/noticias\\\/#website\"},\"breadcrumb\":{\"@id\":\"https:\\\/\\\/www.eldigitaldeasturias.com\\\/noticias\\\/al-menos-cuatro-muertos-por-la-explosion-de-un-coche-bomba-en-el-libano\\\/#breadcrumblist\"},\"author\":{\"@id\":\"https:\\\/\\\/www.eldigitaldeasturias.com\\\/noticias\\\/author\\\/admin\\\/#author\"},\"creator\":{\"@id\":\"https:\\\/\\\/www.eldigitaldeasturias.com\\\/noticias\\\/author\\\/admin\\\/#author\"},\"image\":{\"@type\":\"ImageObject\",\"url\":481913,\"@id\":\"https:\\\/\\\/www.eldigitaldeasturias.com\\\/noticias\\\/al-menos-cuatro-muertos-por-la-explosion-de-un-coche-bomba-en-el-libano\\\/#mainImage\"},\"primaryImageOfPage\":{\"@id\":\"https:\\\/\\\/www.eldigitaldeasturias.com\\\/noticias\\\/al-menos-cuatro-muertos-por-la-explosion-de-un-coche-bomba-en-el-libano\\\/#mainImage\"},\"datePublished\":\"2014-02-01T22:10:18+01:00\",\"dateModified\":\"2014-02-01T22:10:18+01:00\"},{\"@type\":\"WebSite\",\"@id\":\"https:\\\/\\\/www.eldigitaldeasturias.com\\\/noticias\\\/#website\",\"url\":\"https:\\\/\\\/www.eldigitaldeasturias.com\\\/noticias\\\/\",\"name\":\"El Digital de Asturias - Diario de actualidad y noticias\",\"alternateName\":\"El Digital de Asturias - Diario de actualidad y noticias\",\"description\":\"Hemeroteca\",\"inLanguage\":\"es-ES\",\"publisher\":{\"@id\":\"https:\\\/\\\/www.eldigitaldeasturias.com\\\/noticias\\\/#organization\"}}]}\n\t\t<\/script>\n\t\t<!-- All in One SEO Pro -->\r\n\t\t<title>Al menos cuatro muertos por la explosi\u00f3n de un coche bomba en el L\u00edbano - El Digital de Asturias<\/title>\n\n","aioseo_head_json":{"title":"Al menos cuatro muertos por la explosi\u00f3n de un coche bomba en el L\u00edbano - El Digital de Asturias","description":"Beirut, 1 feb (EFE).- Al menos cuatro personas murieron y otras 18 resultaron heridas al estallar hoy un coche bomba, presuntamente conducido por un suicida, cerca de un colegio en la ciudad de Hermel, en el noreste del L\u00edbano, seg\u00fan fuentes oficiales citadas por la televisi\u00f3n estatal libanesa. Seg\u00fan la agencia nacional de noticias, ANN,","canonical_url":"https:\/\/www.eldigitaldeasturias.com\/noticias\/al-menos-cuatro-muertos-por-la-explosion-de-un-coche-bomba-en-el-libano\/","robots":"max-image-preview:large","keywords":"actualidad","webmasterTools":{"google-site-verification":"UA-38556648-1","msvalidate.01":"7dfe9f3f1b24437ab69f4f2559babe99","miscellaneous":""},"schema":{"@context":"https:\/\/schema.org","@graph":[{"@type":"BlogPosting","@id":"https:\/\/www.eldigitaldeasturias.com\/noticias\/al-menos-cuatro-muertos-por-la-explosion-de-un-coche-bomba-en-el-libano\/#blogposting","name":"Al menos cuatro muertos por la explosi\u00f3n de un coche bomba en el L\u00edbano - El Digital de Asturias","headline":"Al menos cuatro muertos por la explosi\u00f3n de un coche bomba en el L\u00edbano","author":{"@id":"https:\/\/www.eldigitaldeasturias.com\/noticias\/author\/admin\/#author"},"publisher":{"@id":"https:\/\/www.eldigitaldeasturias.com\/noticias\/#organization"},"image":{"@type":"ImageObject","url":481913},"datePublished":"2014-02-01T22:10:18+01:00","dateModified":"2014-02-01T22:10:18+01:00","inLanguage":"es-ES","mainEntityOfPage":{"@id":"https:\/\/www.eldigitaldeasturias.com\/noticias\/al-menos-cuatro-muertos-por-la-explosion-de-un-coche-bomba-en-el-libano\/#webpage"},"isPartOf":{"@id":"https:\/\/www.eldigitaldeasturias.com\/noticias\/al-menos-cuatro-muertos-por-la-explosion-de-un-coche-bomba-en-el-libano\/#webpage"},"articleSection":"Actualidad"},{"@type":"BreadcrumbList","@id":"https:\/\/www.eldigitaldeasturias.com\/noticias\/al-menos-cuatro-muertos-por-la-explosion-de-un-coche-bomba-en-el-libano\/#breadcrumblist","itemListElement":[{"@type":"ListItem","@id":"https:\/\/www.eldigitaldeasturias.com\/noticias#listItem","position":1,"name":"Home","item":"https:\/\/www.eldigitaldeasturias.com\/noticias","nextItem":{"@type":"ListItem","@id":"https:\/\/www.eldigitaldeasturias.com\/noticias\/category\/actualidad\/#listItem","name":"Actualidad"}},{"@type":"ListItem","@id":"https:\/\/www.eldigitaldeasturias.com\/noticias\/category\/actualidad\/#listItem","position":2,"name":"Actualidad","item":"https:\/\/www.eldigitaldeasturias.com\/noticias\/category\/actualidad\/","nextItem":{"@type":"ListItem","@id":"https:\/\/www.eldigitaldeasturias.com\/noticias\/al-menos-cuatro-muertos-por-la-explosion-de-un-coche-bomba-en-el-libano\/#listItem","name":"Al menos cuatro muertos por la explosi\u00f3n de un coche bomba en el L\u00edbano"},"previousItem":{"@type":"ListItem","@id":"https:\/\/www.eldigitaldeasturias.com\/noticias#listItem","name":"Home"}},{"@type":"ListItem","@id":"https:\/\/www.eldigitaldeasturias.com\/noticias\/al-menos-cuatro-muertos-por-la-explosion-de-un-coche-bomba-en-el-libano\/#listItem","position":3,"name":"Al menos cuatro muertos por la explosi\u00f3n de un coche bomba en el L\u00edbano","previousItem":{"@type":"ListItem","@id":"https:\/\/www.eldigitaldeasturias.com\/noticias\/category\/actualidad\/#listItem","name":"Actualidad"}}]},{"@type":"Organization","@id":"https:\/\/www.eldigitaldeasturias.com\/noticias\/#organization","name":"El Digital de Asturias","description":"Hemeroteca","url":"https:\/\/www.eldigitaldeasturias.com\/noticias\/","email":"info@eldigitaldeasturias.com","telephone":"+34652131393","logo":{"@type":"ImageObject","url":"https:\/\/www.eldigitaldeasturias.com\/noticias\/wp-content\/uploads\/2020\/12\/EDA.jpg","@id":"https:\/\/www.eldigitaldeasturias.com\/noticias\/al-menos-cuatro-muertos-por-la-explosion-de-un-coche-bomba-en-el-libano\/#organizationLogo"},"image":{"@id":"https:\/\/www.eldigitaldeasturias.com\/noticias\/al-menos-cuatro-muertos-por-la-explosion-de-un-coche-bomba-en-el-libano\/#organizationLogo"},"sameAs":["https:\/\/facebook.com\/eldigitaldeasturias","https:\/\/www.youtube.com\/channel\/UCZP-2wLEB9Rv6erhFmqVnvg"],"address":{"@id":"https:\/\/www.eldigitaldeasturias.com\/noticias\/#postaladdress","@type":"PostalAddress","streetAddress":"san antonio 4","postalCode":"33430","addressLocality":"Cand\u00e1s","addressRegion":"Asturias","addressCountry":"ES"}},{"@type":"Person","@id":"https:\/\/www.eldigitaldeasturias.com\/noticias\/author\/admin\/#author","url":"https:\/\/www.eldigitaldeasturias.com\/noticias\/author\/admin\/","name":"El Digital de Asturias","image":{"@type":"ImageObject","@id":"https:\/\/www.eldigitaldeasturias.com\/noticias\/al-menos-cuatro-muertos-por-la-explosion-de-un-coche-bomba-en-el-libano\/#authorImage","url":"https:\/\/secure.gravatar.com\/avatar\/df2aeffc32bcd13f8d26072ef8a91b623d677766deac7f97ca815868cd41bf5e?s=96&d=mm&r=g","width":96,"height":96,"caption":"El Digital de Asturias"}},{"@type":"WebPage","@id":"https:\/\/www.eldigitaldeasturias.com\/noticias\/al-menos-cuatro-muertos-por-la-explosion-de-un-coche-bomba-en-el-libano\/#webpage","url":"https:\/\/www.eldigitaldeasturias.com\/noticias\/al-menos-cuatro-muertos-por-la-explosion-de-un-coche-bomba-en-el-libano\/","name":"Al menos cuatro muertos por la explosi\u00f3n de un coche bomba en el L\u00edbano - El Digital de Asturias","description":"Beirut, 1 feb (EFE).- Al menos cuatro personas murieron y otras 18 resultaron heridas al estallar hoy un coche bomba, presuntamente conducido por un suicida, cerca de un colegio en la ciudad de Hermel, en el noreste del L\u00edbano, seg\u00fan fuentes oficiales citadas por la televisi\u00f3n estatal libanesa. Seg\u00fan la agencia nacional de noticias, ANN,","inLanguage":"es-ES","isPartOf":{"@id":"https:\/\/www.eldigitaldeasturias.com\/noticias\/#website"},"breadcrumb":{"@id":"https:\/\/www.eldigitaldeasturias.com\/noticias\/al-menos-cuatro-muertos-por-la-explosion-de-un-coche-bomba-en-el-libano\/#breadcrumblist"},"author":{"@id":"https:\/\/www.eldigitaldeasturias.com\/noticias\/author\/admin\/#author"},"creator":{"@id":"https:\/\/www.eldigitaldeasturias.com\/noticias\/author\/admin\/#author"},"image":{"@type":"ImageObject","url":481913,"@id":"https:\/\/www.eldigitaldeasturias.com\/noticias\/al-menos-cuatro-muertos-por-la-explosion-de-un-coche-bomba-en-el-libano\/#mainImage"},"primaryImageOfPage":{"@id":"https:\/\/www.eldigitaldeasturias.com\/noticias\/al-menos-cuatro-muertos-por-la-explosion-de-un-coche-bomba-en-el-libano\/#mainImage"},"datePublished":"2014-02-01T22:10:18+01:00","dateModified":"2014-02-01T22:10:18+01:00"},{"@type":"WebSite","@id":"https:\/\/www.eldigitaldeasturias.com\/noticias\/#website","url":"https:\/\/www.eldigitaldeasturias.com\/noticias\/","name":"El Digital de Asturias - Diario de actualidad y noticias","alternateName":"El Digital de Asturias - Diario de actualidad y noticias","description":"Hemeroteca","inLanguage":"es-ES","publisher":{"@id":"https:\/\/www.eldigitaldeasturias.com\/noticias\/#organization"}}]},"og:locale":"es_ES","og:site_name":"El Digital de Asturias","og:type":"article","og:title":"Al menos cuatro muertos por la explosi\u00f3n de un coche bomba en el L\u00edbano - El Digital de Asturias","og:description":"Beirut, 1 feb (EFE).- Al menos cuatro personas murieron y otras 18 resultaron heridas al estallar hoy un coche bomba, presuntamente conducido por un suicida, cerca de un colegio en la ciudad de Hermel, en el noreste del L\u00edbano, seg\u00fan fuentes oficiales citadas por la televisi\u00f3n estatal libanesa. Seg\u00fan la agencia nacional de noticias, ANN,","og:url":"https:\/\/www.eldigitaldeasturias.com\/noticias\/al-menos-cuatro-muertos-por-la-explosion-de-un-coche-bomba-en-el-libano\/","article:tag":["actualidad"],"article:published_time":"2014-02-01T23:10:18+00:00","article:modified_time":"2014-02-01T23:10:18+00:00","article:publisher":"https:\/\/facebook.com\/eldigitaldeasturias","twitter:card":"summary_large_image","twitter:title":"Al menos cuatro muertos por la explosi\u00f3n de un coche bomba en el L\u00edbano - El Digital de Asturias","twitter:description":"Beirut, 1 feb (EFE).- Al menos cuatro personas murieron y otras 18 resultaron heridas al estallar hoy un coche bomba, presuntamente conducido por un suicida, cerca de un colegio en la ciudad de Hermel, en el noreste del L\u00edbano, seg\u00fan fuentes oficiales citadas por la televisi\u00f3n estatal libanesa. Seg\u00fan la agencia nacional de noticias, ANN,","twitter:label1":"Escrito por","twitter:data1":"El Digital de Asturias","twitter:label2":"Tiempo de lectura estimado","twitter:data2":"1 minuto"},"aioseo_meta_data":{"post_id":"481912","title":null,"description":null,"keywords":null,"keyphrases":null,"primary_term":null,"canonical_url":null,"og_title":null,"og_description":null,"og_object_type":"default","og_image_type":"default","og_image_url":null,"og_image_width":null,"og_image_height":null,"og_image_custom_url":null,"og_image_custom_fields":null,"og_video":null,"og_custom_url":null,"og_article_section":null,"og_article_tags":null,"twitter_use_og":true,"twitter_card":"default","twitter_image_type":"default","twitter_image_url":null,"twitter_image_custom_url":null,"twitter_image_custom_fields":null,"twitter_title":null,"twitter_description":null,"schema":{"blockGraphs":[],"customGraphs":[],"default":{"data":{"Article":[],"Course":[],"Dataset":[],"FAQPage":[],"Movie":[],"Person":[],"Product":[],"ProductReview":[],"Car":[],"Recipe":[],"Service":[],"SoftwareApplication":[],"WebPage":[]},"graphName":"","isEnabled":true},"graphs":[],"defaultGraph":"","defaultPostTypeGraph":""},"schema_type":null,"schema_type_options":null,"pillar_content":false,"robots_default":true,"robots_noindex":false,"robots_noarchive":false,"robots_nosnippet":false,"robots_nofollow":false,"robots_noimageindex":false,"robots_noodp":false,"robots_notranslate":false,"robots_max_snippet":null,"robots_max_videopreview":null,"robots_max_imagepreview":"none","priority":null,"frequency":null,"local_seo":null,"seo_analyzer_scan_date":"2026-06-02 08:16:46","breadcrumb_settings":null,"limit_modified_date":false,"open_ai":null,"ai":null,"created":"2020-11-14 22:54:29","updated":"2026-06-02 08:16:46","focus_keyword":null,"additional_keywords":null,"truseo_locale":null},"aioseo_breadcrumb":"<div class=\"aioseo-breadcrumbs\"><span class=\"aioseo-breadcrumb\">\n\t<a href=\"https:\/\/www.eldigitaldeasturias.com\/noticias\" title=\"Home\">Home<\/a>\n<\/span><span class=\"aioseo-breadcrumb-separator\">\u2013<\/span><span class=\"aioseo-breadcrumb\">\n\t<a href=\"https:\/\/www.eldigitaldeasturias.com\/noticias\/category\/actualidad\/\" title=\"Actualidad\">Actualidad<\/a>\n<\/span><span class=\"aioseo-breadcrumb-separator\">\u2013<\/span><span class=\"aioseo-breadcrumb\">\n\t<a href=\"https:\/\/www.eldigitaldeasturias.com\/noticias\/al-menos-cuatro-muertos-por-la-explosion-de-un-coche-bomba-en-el-libano\/\" title=\"Al menos cuatro muertos por la explosi\u00f3n de un coche bomba en el L\u00edbano\">Al menos cuatro muertos por la explosi\u00f3n de un coche bomba en el L\u00edbano<\/a>\n<\/span><\/div>","aioseo_breadcrumb_json":[{"label":"Home","link":"https:\/\/www.eldigitaldeasturias.com\/noticias"},{"label":"Actualidad","link":"https:\/\/www.eldigitaldeasturias.com\/noticias\/category\/actualidad\/"},{"label":"Al menos cuatro muertos por la explosi\u00f3n de un coche bomba en el L\u00edbano","link":"https:\/\/www.eldigitaldeasturias.com\/noticias\/al-menos-cuatro-muertos-por-la-explosion-de-un-coche-bomba-en-el-libano\/"}],"_links":{"self":[{"href":"https:\/\/www.eldigitaldeasturias.com\/noticias\/wp-json\/wp\/v2\/posts\/481912","targetHints":{"allow":["GET"]}}],"collection":[{"href":"https:\/\/www.eldigitaldeasturias.com\/noticias\/wp-json\/wp\/v2\/posts"}],"about":[{"href":"https:\/\/www.eldigitaldeasturias.com\/noticias\/wp-json\/wp\/v2\/types\/post"}],"author":[{"embeddable":true,"href":"https:\/\/www.eldigitaldeasturias.com\/noticias\/wp-json\/wp\/v2\/users\/1"}],"replies":[{"embeddable":true,"href":"https:\/\/www.eldigitaldeasturias.com\/noticias\/wp-json\/wp\/v2\/comments?post=481912"}],"version-history":[{"count":0,"href":"https:\/\/www.eldigitaldeasturias.com\/noticias\/wp-json\/wp\/v2\/posts\/481912\/revisions"}],"wp:attachment":[{"href":"https:\/\/www.eldigitaldeasturias.com\/noticias\/wp-json\/wp\/v2\/media?parent=481912"}],"wp:term":[{"taxonomy":"category","embeddable":true,"href":"https:\/\/www.eldigitaldeasturias.com\/noticias\/wp-json\/wp\/v2\/categories?post=481912"},{"taxonomy":"post_tag","embeddable":true,"href":"https:\/\/www.eldigitaldeasturias.com\/noticias\/wp-json\/wp\/v2\/tags?post=481912"}],"curies":[{"name":"wp","href":"https:\/\/api.w.org\/{rel}","templated":true}]}}