{"id":481909,"date":"2014-02-01T22:08:46","date_gmt":"2014-02-01T23:08:46","guid":{"rendered":"http:\/\/www.eldigitaldeasturias.com\/noticias\/?p=481909"},"modified":"2014-02-01T22:08:46","modified_gmt":"2014-02-01T23:08:46","slug":"aguirre-aboga-por-una-bajada-impositiva-y-por-administraciones-mas-pequenas","status":"publish","type":"post","link":"https:\/\/www.eldigitaldeasturias.com\/noticias\/aguirre-aboga-por-una-bajada-impositiva-y-por-administraciones-mas-pequenas\/","title":{"rendered":"Aguirre aboga por una bajada impositiva y por administraciones m\u00e1s peque\u00f1as"},"content":{"rendered":"<p><img loading=\"lazy\" decoding=\"async\" class=\"alignleft size-medium wp-image-481910\" alt=\"5900350w\" src=\"https:\/\/www.eldigitaldeasturias.com\/noticias\/wp-content\/uploads\/2014\/02\/5900350w-360x239.jpg\" width=\"360\" height=\"239\" \/>Valladolid, 1 feb (EFE).- La presidenta del PP de la Comunidad de Madrid, Esperanza Aguirre, ha propuesto hoy una bajada impositiva y que las administraciones sean \u00abm\u00e1s peque\u00f1as y m\u00e1s r\u00e1pidas\u00bb entre una bater\u00eda de medidas para combatir la crisis econ\u00f3mica y generar m\u00e1s riqueza y empleo.<\/p>\n<p>Aguirre ha intervenido en la convenci\u00f3n nacional del PP, que se celebra en Valladolid, en un di\u00e1logo sobre competitividad con el ministro de Econom\u00eda, Luis de Guindos, quien ha defendido hoy los beneficios que ha aportado a los ciudadanos el rescate del sector financiero: \u00abNo hemos rescatado a los banqueros, sino a los depositantes de los bancos espa\u00f1oles, a los ahorradores en Espa\u00f1a\u00bb.<\/p>\n<p>La expresidenta madrile\u00f1a, quien ha enumerado un dec\u00e1logo de propuestas econ\u00f3micas que ha empezado por la bajada de impuestos, ha instado adem\u00e1s a \u00abvencer\u00bb a todas las fuerzas \u00abconservadoras\u00bb y \u00abanquilosadas\u00bb que se niegan a que haya reformas y que quieren que \u00abtodo siga igual\u00bb, entre los que ha colocado a los partidos de izquierda, los sindicatos y tambi\u00e9n \u00abalgunos\u00bb dentro del propio PP.<\/p>\n<p>En este debate, De Guindos ha insistido en defender lo logrado en estos dos a\u00f1os, ha mantenido que este ejercicio se crear\u00e1 empleo neto y ha se\u00f1alado que no existe en la historia reciente del pa\u00eds un gobierno con una agenda reformista como el de Mariano Rajoy, aunque tambi\u00e9n ha admitido que quedan \u00abproblemas enormes\u00bb por resolver, empezando por el alto desempleo.<\/p>\n<p>De Guindos ha bromeado ante los militantes populares recordando que al principio de la legislatura, en los momentos de mayor dificultad, cuando le preguntaban c\u00f3mo dorm\u00eda contestaba: \u00abComo un ni\u00f1o. Me desvelo a las dos y toda la noche llorando\u00bb.<\/p>\n<p>Pero despu\u00e9s ha valorado que Espa\u00f1a haya conseguido mantenerse \u00aben pie\u00bb y haya recuperado la confianza y la credibilidad exterior.<\/p>\n<p>Adem\u00e1s, ha puesto en valor la figura del presidente del Gobierno, Mariano Rajoy, en todo este proceso y su \u00abseguridad\u00bb en los momentos complicados.<\/p>\n<p>Como el debate era sobre competitividad, Aguirre ha acudido con una lista de medidas econ\u00f3micas con las que, ha subrayado, Espa\u00f1a puede mejorar esta variable.<\/p>\n<p>Ha se\u00f1alado como la primera de todas la bajada de impuestos, y en este punto la presidenta del PP madrile\u00f1o ha dicho que se alegra mucho de haber le\u00eddo en la prensa que el partido iba a pedirle al Gobierno dicha bajada en esta convenci\u00f3n.<\/p>\n<p>Tambi\u00e9n ha reclamado Aguirre administraciones \u00abm\u00e1s peque\u00f1as y m\u00e1s r\u00e1pidas\u00bb, una justicia r\u00e1pida, un sistema de pensiones garantizado, unidad de mercado y que el Estado asuma \u00abcon rigor y convicci\u00f3n\u00bb las competencias que \u00abdebe tener\u00bb, entre las que ha citado la protecci\u00f3n de la vida, de la propiedad, la defensa o los grandes proyectos de infraestructuras.<\/p>\n<p>Aguirre ha valorado que la prioridad \u00ababsoluta\u00bb del Gobierno sea la creaci\u00f3n de empleo y para conseguirla ha insistido en que hay que \u00abponer incentivos a los creadores de empleo\u00bb.<\/p>\n<p>Por eso ha insistido en que \u00abno es lo m\u00e1s inteligente\u00bb que haya un gravamen fiscal elevado sobre el trabajo.<\/p>\n","protected":false},"excerpt":{"rendered":"<p>Valladolid, 1 feb (EFE).- La presidenta del PP de la Comunidad de Madrid, Esperanza Aguirre, ha propuesto hoy una bajada impositiva y que las administraciones sean \u00abm\u00e1s peque\u00f1as y m\u00e1s r\u00e1pidas\u00bb entre una bater\u00eda de medidas para combatir la crisis econ\u00f3mica y generar m\u00e1s riqueza y empleo. Aguirre ha intervenido en la convenci\u00f3n nacional del [&hellip;]<\/p>\n","protected":false},"author":1,"featured_media":481910,"comment_status":"closed","ping_status":"open","sticky":false,"template":"","format":"standard","meta":{"footnotes":""},"categories":[1],"tags":[],"class_list":["post-481909","post","type-post","status-publish","format-standard","has-post-thumbnail","hentry","category-actualidad"],"aioseo_notices":[],"aioseo_head":"\n\t\t<!-- All in One SEO Pro 5.0.1 - aioseo.com -->\n\t<meta name=\"description\" content=\"Valladolid, 1 feb (EFE).- La presidenta del PP de la Comunidad de Madrid, Esperanza Aguirre, ha propuesto hoy una bajada impositiva y que las administraciones sean &quot;m\u00e1s peque\u00f1as y m\u00e1s r\u00e1pidas&quot; entre una bater\u00eda de medidas para combatir la crisis econ\u00f3mica y generar m\u00e1s riqueza y empleo. Aguirre ha intervenido en la convenci\u00f3n nacional del\" \/>\n\t<meta name=\"robots\" content=\"max-image-preview:large\" \/>\n\t<meta name=\"author\" content=\"El Digital de Asturias\"\/>\n\t<meta name=\"google-site-verification\" content=\"UA-38556648-1\" \/>\n\t<meta name=\"msvalidate.01\" content=\"7dfe9f3f1b24437ab69f4f2559babe99\" \/>\n\t<meta name=\"keywords\" content=\"actualidad\" \/>\n\t<link rel=\"canonical\" href=\"https:\/\/www.eldigitaldeasturias.com\/noticias\/aguirre-aboga-por-una-bajada-impositiva-y-por-administraciones-mas-pequenas\/\" \/>\n\t<meta name=\"generator\" content=\"All in One SEO Pro (AIOSEO) 5.0.1\" \/>\n\t\t<meta property=\"og:locale\" content=\"es_ES\" \/>\n\t\t<meta property=\"og:site_name\" content=\"El Digital de Asturias\" \/>\n\t\t<meta property=\"og:type\" content=\"article\" \/>\n\t\t<meta property=\"og:title\" content=\"Aguirre aboga por una bajada impositiva y por administraciones m\u00e1s peque\u00f1as - El Digital de Asturias\" \/>\n\t\t<meta property=\"og:description\" content=\"Valladolid, 1 feb (EFE).- La presidenta del PP de la Comunidad de Madrid, Esperanza Aguirre, ha propuesto hoy una bajada impositiva y que las administraciones sean &quot;m\u00e1s peque\u00f1as y m\u00e1s r\u00e1pidas&quot; entre una bater\u00eda de medidas para combatir la crisis econ\u00f3mica y generar m\u00e1s riqueza y empleo. Aguirre ha intervenido en la convenci\u00f3n nacional del\" \/>\n\t\t<meta property=\"og:url\" content=\"https:\/\/www.eldigitaldeasturias.com\/noticias\/aguirre-aboga-por-una-bajada-impositiva-y-por-administraciones-mas-pequenas\/\" \/>\n\t\t<meta property=\"article:tag\" content=\"actualidad\" \/>\n\t\t<meta property=\"article:published_time\" content=\"2014-02-01T23:08:46+00:00\" \/>\n\t\t<meta property=\"article:modified_time\" content=\"2014-02-01T23:08:46+00:00\" \/>\n\t\t<meta property=\"article:publisher\" content=\"https:\/\/facebook.com\/eldigitaldeasturias\" \/>\n\t\t<meta name=\"twitter:card\" content=\"summary_large_image\" \/>\n\t\t<meta name=\"twitter:title\" content=\"Aguirre aboga por una bajada impositiva y por administraciones m\u00e1s peque\u00f1as - El Digital de Asturias\" \/>\n\t\t<meta name=\"twitter:description\" content=\"Valladolid, 1 feb (EFE).- La presidenta del PP de la Comunidad de Madrid, Esperanza Aguirre, ha propuesto hoy una bajada impositiva y que las administraciones sean &quot;m\u00e1s peque\u00f1as y m\u00e1s r\u00e1pidas&quot; entre una bater\u00eda de medidas para combatir la crisis econ\u00f3mica y generar m\u00e1s riqueza y empleo. Aguirre ha intervenido en la convenci\u00f3n nacional del\" \/>\n\t\t<meta name=\"twitter:label1\" content=\"Escrito por\" \/>\n\t\t<meta name=\"twitter:data1\" content=\"El Digital de Asturias\" \/>\n\t\t<meta name=\"twitter:label2\" content=\"Tiempo de lectura estimado\" \/>\n\t\t<meta name=\"twitter:data2\" content=\"3 minutos\" \/>\n\t\t<script type=\"application\/ld+json\" class=\"aioseo-schema\">\n\t\t\t{\"@context\":\"https:\\\/\\\/schema.org\",\"@graph\":[{\"@type\":\"BlogPosting\",\"@id\":\"https:\\\/\\\/www.eldigitaldeasturias.com\\\/noticias\\\/aguirre-aboga-por-una-bajada-impositiva-y-por-administraciones-mas-pequenas\\\/#blogposting\",\"name\":\"Aguirre aboga por una bajada impositiva y por administraciones m\\u00e1s peque\\u00f1as - El Digital de Asturias\",\"headline\":\"Aguirre aboga por una bajada impositiva y por administraciones m\\u00e1s peque\\u00f1as\",\"author\":{\"@id\":\"https:\\\/\\\/www.eldigitaldeasturias.com\\\/noticias\\\/author\\\/admin\\\/#author\"},\"publisher\":{\"@id\":\"https:\\\/\\\/www.eldigitaldeasturias.com\\\/noticias\\\/#organization\"},\"image\":{\"@type\":\"ImageObject\",\"url\":481910},\"datePublished\":\"2014-02-01T22:08:46+01:00\",\"dateModified\":\"2014-02-01T22:08:46+01:00\",\"inLanguage\":\"es-ES\",\"mainEntityOfPage\":{\"@id\":\"https:\\\/\\\/www.eldigitaldeasturias.com\\\/noticias\\\/aguirre-aboga-por-una-bajada-impositiva-y-por-administraciones-mas-pequenas\\\/#webpage\"},\"isPartOf\":{\"@id\":\"https:\\\/\\\/www.eldigitaldeasturias.com\\\/noticias\\\/aguirre-aboga-por-una-bajada-impositiva-y-por-administraciones-mas-pequenas\\\/#webpage\"},\"articleSection\":\"Actualidad\"},{\"@type\":\"BreadcrumbList\",\"@id\":\"https:\\\/\\\/www.eldigitaldeasturias.com\\\/noticias\\\/aguirre-aboga-por-una-bajada-impositiva-y-por-administraciones-mas-pequenas\\\/#breadcrumblist\",\"itemListElement\":[{\"@type\":\"ListItem\",\"@id\":\"https:\\\/\\\/www.eldigitaldeasturias.com\\\/noticias#listItem\",\"position\":1,\"name\":\"Home\",\"item\":\"https:\\\/\\\/www.eldigitaldeasturias.com\\\/noticias\",\"nextItem\":{\"@type\":\"ListItem\",\"@id\":\"https:\\\/\\\/www.eldigitaldeasturias.com\\\/noticias\\\/category\\\/actualidad\\\/#listItem\",\"name\":\"Actualidad\"}},{\"@type\":\"ListItem\",\"@id\":\"https:\\\/\\\/www.eldigitaldeasturias.com\\\/noticias\\\/category\\\/actualidad\\\/#listItem\",\"position\":2,\"name\":\"Actualidad\",\"item\":\"https:\\\/\\\/www.eldigitaldeasturias.com\\\/noticias\\\/category\\\/actualidad\\\/\",\"nextItem\":{\"@type\":\"ListItem\",\"@id\":\"https:\\\/\\\/www.eldigitaldeasturias.com\\\/noticias\\\/aguirre-aboga-por-una-bajada-impositiva-y-por-administraciones-mas-pequenas\\\/#listItem\",\"name\":\"Aguirre aboga por una bajada impositiva y por administraciones m\\u00e1s peque\\u00f1as\"},\"previousItem\":{\"@type\":\"ListItem\",\"@id\":\"https:\\\/\\\/www.eldigitaldeasturias.com\\\/noticias#listItem\",\"name\":\"Home\"}},{\"@type\":\"ListItem\",\"@id\":\"https:\\\/\\\/www.eldigitaldeasturias.com\\\/noticias\\\/aguirre-aboga-por-una-bajada-impositiva-y-por-administraciones-mas-pequenas\\\/#listItem\",\"position\":3,\"name\":\"Aguirre aboga por una bajada impositiva y por administraciones m\\u00e1s peque\\u00f1as\",\"previousItem\":{\"@type\":\"ListItem\",\"@id\":\"https:\\\/\\\/www.eldigitaldeasturias.com\\\/noticias\\\/category\\\/actualidad\\\/#listItem\",\"name\":\"Actualidad\"}}]},{\"@type\":\"Organization\",\"@id\":\"https:\\\/\\\/www.eldigitaldeasturias.com\\\/noticias\\\/#organization\",\"name\":\"El Digital de Asturias\",\"description\":\"Hemeroteca\",\"url\":\"https:\\\/\\\/www.eldigitaldeasturias.com\\\/noticias\\\/\",\"email\":\"info@eldigitaldeasturias.com\",\"telephone\":\"+34652131393\",\"logo\":{\"@type\":\"ImageObject\",\"url\":\"https:\\\/\\\/www.eldigitaldeasturias.com\\\/noticias\\\/wp-content\\\/uploads\\\/2020\\\/12\\\/EDA.jpg\",\"@id\":\"https:\\\/\\\/www.eldigitaldeasturias.com\\\/noticias\\\/aguirre-aboga-por-una-bajada-impositiva-y-por-administraciones-mas-pequenas\\\/#organizationLogo\"},\"image\":{\"@id\":\"https:\\\/\\\/www.eldigitaldeasturias.com\\\/noticias\\\/aguirre-aboga-por-una-bajada-impositiva-y-por-administraciones-mas-pequenas\\\/#organizationLogo\"},\"sameAs\":[\"https:\\\/\\\/facebook.com\\\/eldigitaldeasturias\",\"https:\\\/\\\/www.youtube.com\\\/channel\\\/UCZP-2wLEB9Rv6erhFmqVnvg\"],\"address\":{\"@id\":\"https:\\\/\\\/www.eldigitaldeasturias.com\\\/noticias\\\/#postaladdress\",\"@type\":\"PostalAddress\",\"streetAddress\":\"san antonio 4\",\"postalCode\":\"33430\",\"addressLocality\":\"Cand\\u00e1s\",\"addressRegion\":\"Asturias\",\"addressCountry\":\"ES\"}},{\"@type\":\"Person\",\"@id\":\"https:\\\/\\\/www.eldigitaldeasturias.com\\\/noticias\\\/author\\\/admin\\\/#author\",\"url\":\"https:\\\/\\\/www.eldigitaldeasturias.com\\\/noticias\\\/author\\\/admin\\\/\",\"name\":\"El Digital de Asturias\",\"image\":{\"@type\":\"ImageObject\",\"@id\":\"https:\\\/\\\/www.eldigitaldeasturias.com\\\/noticias\\\/aguirre-aboga-por-una-bajada-impositiva-y-por-administraciones-mas-pequenas\\\/#authorImage\",\"url\":\"https:\\\/\\\/secure.gravatar.com\\\/avatar\\\/df2aeffc32bcd13f8d26072ef8a91b623d677766deac7f97ca815868cd41bf5e?s=96&d=mm&r=g\",\"width\":96,\"height\":96,\"caption\":\"El Digital de Asturias\"}},{\"@type\":\"WebPage\",\"@id\":\"https:\\\/\\\/www.eldigitaldeasturias.com\\\/noticias\\\/aguirre-aboga-por-una-bajada-impositiva-y-por-administraciones-mas-pequenas\\\/#webpage\",\"url\":\"https:\\\/\\\/www.eldigitaldeasturias.com\\\/noticias\\\/aguirre-aboga-por-una-bajada-impositiva-y-por-administraciones-mas-pequenas\\\/\",\"name\":\"Aguirre aboga por una bajada impositiva y por administraciones m\\u00e1s peque\\u00f1as - El Digital de Asturias\",\"description\":\"Valladolid, 1 feb (EFE).- La presidenta del PP de la Comunidad de Madrid, Esperanza Aguirre, ha propuesto hoy una bajada impositiva y que las administraciones sean \\\"m\\u00e1s peque\\u00f1as y m\\u00e1s r\\u00e1pidas\\\" entre una bater\\u00eda de medidas para combatir la crisis econ\\u00f3mica y generar m\\u00e1s riqueza y empleo. Aguirre ha intervenido en la convenci\\u00f3n nacional del\",\"inLanguage\":\"es-ES\",\"isPartOf\":{\"@id\":\"https:\\\/\\\/www.eldigitaldeasturias.com\\\/noticias\\\/#website\"},\"breadcrumb\":{\"@id\":\"https:\\\/\\\/www.eldigitaldeasturias.com\\\/noticias\\\/aguirre-aboga-por-una-bajada-impositiva-y-por-administraciones-mas-pequenas\\\/#breadcrumblist\"},\"author\":{\"@id\":\"https:\\\/\\\/www.eldigitaldeasturias.com\\\/noticias\\\/author\\\/admin\\\/#author\"},\"creator\":{\"@id\":\"https:\\\/\\\/www.eldigitaldeasturias.com\\\/noticias\\\/author\\\/admin\\\/#author\"},\"image\":{\"@type\":\"ImageObject\",\"url\":481910,\"@id\":\"https:\\\/\\\/www.eldigitaldeasturias.com\\\/noticias\\\/aguirre-aboga-por-una-bajada-impositiva-y-por-administraciones-mas-pequenas\\\/#mainImage\"},\"primaryImageOfPage\":{\"@id\":\"https:\\\/\\\/www.eldigitaldeasturias.com\\\/noticias\\\/aguirre-aboga-por-una-bajada-impositiva-y-por-administraciones-mas-pequenas\\\/#mainImage\"},\"datePublished\":\"2014-02-01T22:08:46+01:00\",\"dateModified\":\"2014-02-01T22:08:46+01:00\"},{\"@type\":\"WebSite\",\"@id\":\"https:\\\/\\\/www.eldigitaldeasturias.com\\\/noticias\\\/#website\",\"url\":\"https:\\\/\\\/www.eldigitaldeasturias.com\\\/noticias\\\/\",\"name\":\"El Digital de Asturias - Diario de actualidad y noticias\",\"alternateName\":\"El Digital de Asturias - Diario de actualidad y noticias\",\"description\":\"Hemeroteca\",\"inLanguage\":\"es-ES\",\"publisher\":{\"@id\":\"https:\\\/\\\/www.eldigitaldeasturias.com\\\/noticias\\\/#organization\"}}]}\n\t\t<\/script>\n\t\t<!-- All in One SEO Pro -->\r\n\t\t<title>Aguirre aboga por una bajada impositiva y por administraciones m\u00e1s peque\u00f1as - El Digital de Asturias<\/title>\n\n","aioseo_head_json":{"title":"Aguirre aboga por una bajada impositiva y por administraciones m\u00e1s peque\u00f1as - El Digital de Asturias","description":"Valladolid, 1 feb (EFE).- La presidenta del PP de la Comunidad de Madrid, Esperanza Aguirre, ha propuesto hoy una bajada impositiva y que las administraciones sean \"m\u00e1s peque\u00f1as y m\u00e1s r\u00e1pidas\" entre una bater\u00eda de medidas para combatir la crisis econ\u00f3mica y generar m\u00e1s riqueza y empleo. Aguirre ha intervenido en la convenci\u00f3n nacional del","canonical_url":"https:\/\/www.eldigitaldeasturias.com\/noticias\/aguirre-aboga-por-una-bajada-impositiva-y-por-administraciones-mas-pequenas\/","robots":"max-image-preview:large","keywords":"actualidad","webmasterTools":{"google-site-verification":"UA-38556648-1","msvalidate.01":"7dfe9f3f1b24437ab69f4f2559babe99","miscellaneous":""},"schema":{"@context":"https:\/\/schema.org","@graph":[{"@type":"BlogPosting","@id":"https:\/\/www.eldigitaldeasturias.com\/noticias\/aguirre-aboga-por-una-bajada-impositiva-y-por-administraciones-mas-pequenas\/#blogposting","name":"Aguirre aboga por una bajada impositiva y por administraciones m\u00e1s peque\u00f1as - El Digital de Asturias","headline":"Aguirre aboga por una bajada impositiva y por administraciones m\u00e1s peque\u00f1as","author":{"@id":"https:\/\/www.eldigitaldeasturias.com\/noticias\/author\/admin\/#author"},"publisher":{"@id":"https:\/\/www.eldigitaldeasturias.com\/noticias\/#organization"},"image":{"@type":"ImageObject","url":481910},"datePublished":"2014-02-01T22:08:46+01:00","dateModified":"2014-02-01T22:08:46+01:00","inLanguage":"es-ES","mainEntityOfPage":{"@id":"https:\/\/www.eldigitaldeasturias.com\/noticias\/aguirre-aboga-por-una-bajada-impositiva-y-por-administraciones-mas-pequenas\/#webpage"},"isPartOf":{"@id":"https:\/\/www.eldigitaldeasturias.com\/noticias\/aguirre-aboga-por-una-bajada-impositiva-y-por-administraciones-mas-pequenas\/#webpage"},"articleSection":"Actualidad"},{"@type":"BreadcrumbList","@id":"https:\/\/www.eldigitaldeasturias.com\/noticias\/aguirre-aboga-por-una-bajada-impositiva-y-por-administraciones-mas-pequenas\/#breadcrumblist","itemListElement":[{"@type":"ListItem","@id":"https:\/\/www.eldigitaldeasturias.com\/noticias#listItem","position":1,"name":"Home","item":"https:\/\/www.eldigitaldeasturias.com\/noticias","nextItem":{"@type":"ListItem","@id":"https:\/\/www.eldigitaldeasturias.com\/noticias\/category\/actualidad\/#listItem","name":"Actualidad"}},{"@type":"ListItem","@id":"https:\/\/www.eldigitaldeasturias.com\/noticias\/category\/actualidad\/#listItem","position":2,"name":"Actualidad","item":"https:\/\/www.eldigitaldeasturias.com\/noticias\/category\/actualidad\/","nextItem":{"@type":"ListItem","@id":"https:\/\/www.eldigitaldeasturias.com\/noticias\/aguirre-aboga-por-una-bajada-impositiva-y-por-administraciones-mas-pequenas\/#listItem","name":"Aguirre aboga por una bajada impositiva y por administraciones m\u00e1s peque\u00f1as"},"previousItem":{"@type":"ListItem","@id":"https:\/\/www.eldigitaldeasturias.com\/noticias#listItem","name":"Home"}},{"@type":"ListItem","@id":"https:\/\/www.eldigitaldeasturias.com\/noticias\/aguirre-aboga-por-una-bajada-impositiva-y-por-administraciones-mas-pequenas\/#listItem","position":3,"name":"Aguirre aboga por una bajada impositiva y por administraciones m\u00e1s peque\u00f1as","previousItem":{"@type":"ListItem","@id":"https:\/\/www.eldigitaldeasturias.com\/noticias\/category\/actualidad\/#listItem","name":"Actualidad"}}]},{"@type":"Organization","@id":"https:\/\/www.eldigitaldeasturias.com\/noticias\/#organization","name":"El Digital de Asturias","description":"Hemeroteca","url":"https:\/\/www.eldigitaldeasturias.com\/noticias\/","email":"info@eldigitaldeasturias.com","telephone":"+34652131393","logo":{"@type":"ImageObject","url":"https:\/\/www.eldigitaldeasturias.com\/noticias\/wp-content\/uploads\/2020\/12\/EDA.jpg","@id":"https:\/\/www.eldigitaldeasturias.com\/noticias\/aguirre-aboga-por-una-bajada-impositiva-y-por-administraciones-mas-pequenas\/#organizationLogo"},"image":{"@id":"https:\/\/www.eldigitaldeasturias.com\/noticias\/aguirre-aboga-por-una-bajada-impositiva-y-por-administraciones-mas-pequenas\/#organizationLogo"},"sameAs":["https:\/\/facebook.com\/eldigitaldeasturias","https:\/\/www.youtube.com\/channel\/UCZP-2wLEB9Rv6erhFmqVnvg"],"address":{"@id":"https:\/\/www.eldigitaldeasturias.com\/noticias\/#postaladdress","@type":"PostalAddress","streetAddress":"san antonio 4","postalCode":"33430","addressLocality":"Cand\u00e1s","addressRegion":"Asturias","addressCountry":"ES"}},{"@type":"Person","@id":"https:\/\/www.eldigitaldeasturias.com\/noticias\/author\/admin\/#author","url":"https:\/\/www.eldigitaldeasturias.com\/noticias\/author\/admin\/","name":"El Digital de Asturias","image":{"@type":"ImageObject","@id":"https:\/\/www.eldigitaldeasturias.com\/noticias\/aguirre-aboga-por-una-bajada-impositiva-y-por-administraciones-mas-pequenas\/#authorImage","url":"https:\/\/secure.gravatar.com\/avatar\/df2aeffc32bcd13f8d26072ef8a91b623d677766deac7f97ca815868cd41bf5e?s=96&d=mm&r=g","width":96,"height":96,"caption":"El Digital de Asturias"}},{"@type":"WebPage","@id":"https:\/\/www.eldigitaldeasturias.com\/noticias\/aguirre-aboga-por-una-bajada-impositiva-y-por-administraciones-mas-pequenas\/#webpage","url":"https:\/\/www.eldigitaldeasturias.com\/noticias\/aguirre-aboga-por-una-bajada-impositiva-y-por-administraciones-mas-pequenas\/","name":"Aguirre aboga por una bajada impositiva y por administraciones m\u00e1s peque\u00f1as - El Digital de Asturias","description":"Valladolid, 1 feb (EFE).- La presidenta del PP de la Comunidad de Madrid, Esperanza Aguirre, ha propuesto hoy una bajada impositiva y que las administraciones sean \"m\u00e1s peque\u00f1as y m\u00e1s r\u00e1pidas\" entre una bater\u00eda de medidas para combatir la crisis econ\u00f3mica y generar m\u00e1s riqueza y empleo. Aguirre ha intervenido en la convenci\u00f3n nacional del","inLanguage":"es-ES","isPartOf":{"@id":"https:\/\/www.eldigitaldeasturias.com\/noticias\/#website"},"breadcrumb":{"@id":"https:\/\/www.eldigitaldeasturias.com\/noticias\/aguirre-aboga-por-una-bajada-impositiva-y-por-administraciones-mas-pequenas\/#breadcrumblist"},"author":{"@id":"https:\/\/www.eldigitaldeasturias.com\/noticias\/author\/admin\/#author"},"creator":{"@id":"https:\/\/www.eldigitaldeasturias.com\/noticias\/author\/admin\/#author"},"image":{"@type":"ImageObject","url":481910,"@id":"https:\/\/www.eldigitaldeasturias.com\/noticias\/aguirre-aboga-por-una-bajada-impositiva-y-por-administraciones-mas-pequenas\/#mainImage"},"primaryImageOfPage":{"@id":"https:\/\/www.eldigitaldeasturias.com\/noticias\/aguirre-aboga-por-una-bajada-impositiva-y-por-administraciones-mas-pequenas\/#mainImage"},"datePublished":"2014-02-01T22:08:46+01:00","dateModified":"2014-02-01T22:08:46+01:00"},{"@type":"WebSite","@id":"https:\/\/www.eldigitaldeasturias.com\/noticias\/#website","url":"https:\/\/www.eldigitaldeasturias.com\/noticias\/","name":"El Digital de Asturias - Diario de actualidad y noticias","alternateName":"El Digital de Asturias - Diario de actualidad y noticias","description":"Hemeroteca","inLanguage":"es-ES","publisher":{"@id":"https:\/\/www.eldigitaldeasturias.com\/noticias\/#organization"}}]},"og:locale":"es_ES","og:site_name":"El Digital de Asturias","og:type":"article","og:title":"Aguirre aboga por una bajada impositiva y por administraciones m\u00e1s peque\u00f1as - El Digital de Asturias","og:description":"Valladolid, 1 feb (EFE).- La presidenta del PP de la Comunidad de Madrid, Esperanza Aguirre, ha propuesto hoy una bajada impositiva y que las administraciones sean &quot;m\u00e1s peque\u00f1as y m\u00e1s r\u00e1pidas&quot; entre una bater\u00eda de medidas para combatir la crisis econ\u00f3mica y generar m\u00e1s riqueza y empleo. Aguirre ha intervenido en la convenci\u00f3n nacional del","og:url":"https:\/\/www.eldigitaldeasturias.com\/noticias\/aguirre-aboga-por-una-bajada-impositiva-y-por-administraciones-mas-pequenas\/","article:tag":["actualidad"],"article:published_time":"2014-02-01T23:08:46+00:00","article:modified_time":"2014-02-01T23:08:46+00:00","article:publisher":"https:\/\/facebook.com\/eldigitaldeasturias","twitter:card":"summary_large_image","twitter:title":"Aguirre aboga por una bajada impositiva y por administraciones m\u00e1s peque\u00f1as - El Digital de Asturias","twitter:description":"Valladolid, 1 feb (EFE).- La presidenta del PP de la Comunidad de Madrid, Esperanza Aguirre, ha propuesto hoy una bajada impositiva y que las administraciones sean &quot;m\u00e1s peque\u00f1as y m\u00e1s r\u00e1pidas&quot; entre una bater\u00eda de medidas para combatir la crisis econ\u00f3mica y generar m\u00e1s riqueza y empleo. Aguirre ha intervenido en la convenci\u00f3n nacional del","twitter:label1":"Escrito por","twitter:data1":"El Digital de Asturias","twitter:label2":"Tiempo de lectura estimado","twitter:data2":"3 minutos"},"aioseo_meta_data":{"post_id":"481909","title":null,"description":null,"keywords":null,"keyphrases":null,"primary_term":null,"canonical_url":null,"og_title":null,"og_description":null,"og_object_type":"default","og_image_type":"default","og_image_url":null,"og_image_width":null,"og_image_height":null,"og_image_custom_url":null,"og_image_custom_fields":null,"og_video":null,"og_custom_url":null,"og_article_section":null,"og_article_tags":null,"twitter_use_og":true,"twitter_card":"default","twitter_image_type":"default","twitter_image_url":null,"twitter_image_custom_url":null,"twitter_image_custom_fields":null,"twitter_title":null,"twitter_description":null,"schema":{"blockGraphs":[],"customGraphs":[],"default":{"data":{"Article":[],"Course":[],"Dataset":[],"FAQPage":[],"Movie":[],"Person":[],"Product":[],"ProductReview":[],"Car":[],"Recipe":[],"Service":[],"SoftwareApplication":[],"WebPage":[]},"graphName":"","isEnabled":true},"graphs":[],"defaultGraph":"","defaultPostTypeGraph":""},"schema_type":null,"schema_type_options":null,"pillar_content":false,"robots_default":true,"robots_noindex":false,"robots_noarchive":false,"robots_nosnippet":false,"robots_nofollow":false,"robots_noimageindex":false,"robots_noodp":false,"robots_notranslate":false,"robots_max_snippet":null,"robots_max_videopreview":null,"robots_max_imagepreview":"none","priority":null,"frequency":null,"local_seo":null,"seo_analyzer_scan_date":"2026-06-02 08:14:51","breadcrumb_settings":null,"limit_modified_date":false,"open_ai":null,"ai":null,"created":"2020-11-14 22:54:29","updated":"2026-06-02 08:14:51","focus_keyword":null,"additional_keywords":null,"truseo_locale":null},"aioseo_breadcrumb":"<div class=\"aioseo-breadcrumbs\"><span class=\"aioseo-breadcrumb\">\n\t<a href=\"https:\/\/www.eldigitaldeasturias.com\/noticias\" title=\"Home\">Home<\/a>\n<\/span><span class=\"aioseo-breadcrumb-separator\">\u2013<\/span><span class=\"aioseo-breadcrumb\">\n\t<a href=\"https:\/\/www.eldigitaldeasturias.com\/noticias\/category\/actualidad\/\" title=\"Actualidad\">Actualidad<\/a>\n<\/span><span class=\"aioseo-breadcrumb-separator\">\u2013<\/span><span class=\"aioseo-breadcrumb\">\n\t<a href=\"https:\/\/www.eldigitaldeasturias.com\/noticias\/aguirre-aboga-por-una-bajada-impositiva-y-por-administraciones-mas-pequenas\/\" title=\"Aguirre aboga por una bajada impositiva y por administraciones m\u00e1s peque\u00f1as\">Aguirre aboga por una bajada impositiva y por administraciones m\u00e1s peque\u00f1as<\/a>\n<\/span><\/div>","aioseo_breadcrumb_json":[{"label":"Home","link":"https:\/\/www.eldigitaldeasturias.com\/noticias"},{"label":"Actualidad","link":"https:\/\/www.eldigitaldeasturias.com\/noticias\/category\/actualidad\/"},{"label":"Aguirre aboga por una bajada impositiva y por administraciones m\u00e1s peque\u00f1as","link":"https:\/\/www.eldigitaldeasturias.com\/noticias\/aguirre-aboga-por-una-bajada-impositiva-y-por-administraciones-mas-pequenas\/"}],"_links":{"self":[{"href":"https:\/\/www.eldigitaldeasturias.com\/noticias\/wp-json\/wp\/v2\/posts\/481909","targetHints":{"allow":["GET"]}}],"collection":[{"href":"https:\/\/www.eldigitaldeasturias.com\/noticias\/wp-json\/wp\/v2\/posts"}],"about":[{"href":"https:\/\/www.eldigitaldeasturias.com\/noticias\/wp-json\/wp\/v2\/types\/post"}],"author":[{"embeddable":true,"href":"https:\/\/www.eldigitaldeasturias.com\/noticias\/wp-json\/wp\/v2\/users\/1"}],"replies":[{"embeddable":true,"href":"https:\/\/www.eldigitaldeasturias.com\/noticias\/wp-json\/wp\/v2\/comments?post=481909"}],"version-history":[{"count":0,"href":"https:\/\/www.eldigitaldeasturias.com\/noticias\/wp-json\/wp\/v2\/posts\/481909\/revisions"}],"wp:attachment":[{"href":"https:\/\/www.eldigitaldeasturias.com\/noticias\/wp-json\/wp\/v2\/media?parent=481909"}],"wp:term":[{"taxonomy":"category","embeddable":true,"href":"https:\/\/www.eldigitaldeasturias.com\/noticias\/wp-json\/wp\/v2\/categories?post=481909"},{"taxonomy":"post_tag","embeddable":true,"href":"https:\/\/www.eldigitaldeasturias.com\/noticias\/wp-json\/wp\/v2\/tags?post=481909"}],"curies":[{"name":"wp","href":"https:\/\/api.w.org\/{rel}","templated":true}]}}