{"id":481903,"date":"2014-02-01T22:05:01","date_gmt":"2014-02-01T23:05:01","guid":{"rendered":"http:\/\/www.eldigitaldeasturias.com\/noticias\/?p=481903"},"modified":"2014-02-01T22:05:01","modified_gmt":"2014-02-01T23:05:01","slug":"el-valencia-saca-los-colores-al-barcelona","status":"publish","type":"post","link":"https:\/\/www.eldigitaldeasturias.com\/noticias\/el-valencia-saca-los-colores-al-barcelona\/","title":{"rendered":"El Valencia saca los colores al Barcelona"},"content":{"rendered":"<p><img loading=\"lazy\" decoding=\"async\" class=\"alignleft size-medium wp-image-481904\" alt=\"5900172w\" src=\"https:\/\/www.eldigitaldeasturias.com\/noticias\/wp-content\/uploads\/2014\/02\/5900172w-360x214.jpg\" width=\"360\" height=\"214\" \/>Barcelona, 1 feb (EFE).- Un Barcelona bipolar, capaz de firmar una buena media hora y desaparecer despu\u00e9s, se ha dejado parte de sus opciones ligueras en una derrota contra el Valencia (2-3), que aprovech\u00f3 sus opciones en una buena segunda mitad.<\/p>\n<p>Los azulgranas no perd\u00edan un partido liguero en casa desde abril de 2012, cuando lo consigui\u00f3 el Real Madrid. El \u00faltimo encuentro perdido por el equipo catal\u00e1n en casa se produjo en mayo de 2013, con la victoria en &#8216;Champions&#8217; del Bayern de M\u00fanich en las semifinales.<\/p>\n<p>El Bar\u00e7a fue bipolar. Magn\u00edfico en la primera mitad y sin respuestas despu\u00e9s. A la hora de la verdad, los azulgranas cedieron frente a un Valencia que no necesit\u00f3 demasiado para sacar el partido adelante en la segunda mitad.<\/p>\n<p>Y eso que con un gran velocidad de circulaci\u00f3n de bal\u00f3n, coordinaci\u00f3n en las acciones, b\u00fasqueda de segundas jugadas y muchos pases filtrados, en los primeros 30 minutos, el Bar\u00e7a ofreci\u00f3 una muestra de sus se\u00f1as de identidad, las de siempre, un f\u00fatbol de toque con Leo Messi en su nueva posici\u00f3n, la de cerebro.<\/p>\n<p>Apost\u00f3 el &#8216;Tata&#8217; Martino por Cesc en lugar de Andr\u00e9s Iniesta, reci\u00e9n salido de una lesi\u00f3n, y le dio continuidad al resto en un hipot\u00e9tico equipo de gala sin el lesionado Neymar.<\/p>\n<p>El Valencia fue de salida un equipo menor, muy parapetado atr\u00e1s, con un solo punta, y los azulgranas tuvieron todo el tiempo para recrearse en las acciones. Las jugadas en corto las lideraban Xavi y Messi, Cesc jugaba en largo con Alexis y Pedro como principales receptores.<\/p>\n<p>En el primer desplazamiento, Alexis estuvo a punto de batir a Diego Alves en una doble ocasi\u00f3n; en el segundo, el chileno marc\u00f3. Alexis captur\u00f3 un centro en el segundo palo y bati\u00f3 al meta valencianista con un tiro parab\u00f3lico en el minuto 7 (1-0).<\/p>\n<p>Desde ese momento y hasta el minuto 30, los locales ofrecieron el mejor repertorio. Messi tuvo m\u00e1s intervenci\u00f3n en el juego dentro del \u00e1rea y Alexis dispuso de la ocasi\u00f3n m\u00e1s clara en el minuto 21, en una acci\u00f3n en la que Diego Alves tuvo que lucirse.<\/p>\n<p>El dominio del Bar\u00e7a era apabullante, pero con el paso de los minutos se fue desinflando y mostr\u00f3 su otra cara, la de equipo fr\u00e1gil en defensa, algo que le puede costar muy caro en el momento en el que se juega la temporada.<\/p>\n<p>En el minuto 37, en una salida en falso de Vald\u00e9s, Ricardo Costa remat\u00f3 fuera tras un saque de esquina y a un minuto para el descanso, un error de Alba, no corregido por Busquets, permiti\u00f3 una acci\u00f3n de Feghouli y una asistencia dentro del \u00e1rea peque\u00f1a para que Parejo empujara a la red.<\/p>\n<p>Con poco, con muy poco, el Valencia empat\u00f3. Los de Juan Antonio Pizzi, agazapados, dieron el &#8216;sorpasso&#8217;, pero en los primeros minutos del segundo tiempo, la sorpresa deriv\u00f3 en &#8216;pelotazo&#8217;.<\/p>\n<p>Un centro de Parejo, una indecisi\u00f3n de V\u00edctor Vald\u00e9s y de Alves, y un sorprendente remate de cabeza de Piatti, un jugador de 1,63 metros, puso patas arriba el Camp Nou (1-2, min. 51), aunque el Bar\u00e7a reaccion\u00f3 a los tres minutos tras un dudoso penalti se\u00f1alado por mano de Ricardo Costa y transformado por Messi (2-2, m.54).<\/p>\n<p>El Bar\u00e7a tuvo una segunda oportunidad para entrar en el partido, pero le dur\u00f3 cinco minutos. Un desconocido equipo azulgrana, sin presi\u00f3n ni tensi\u00f3n, permiti\u00f3 que el Valencia, en otra jugada a la contra le diera otra estocada, esta vez definitiva.<\/p>\n<p>Fue en una acci\u00f3n Feghouli y un centro sobre Alc\u00e1cer. Con 2-3 y media hora por delante, el Bar\u00e7a se asomaba al abismo. A partir de ese momento, a los azulgranas se les aparecieron todos los fantasmas de un pasado que ya no recordaban. Con muchos problemas en la circulaci\u00f3n, sin buena colocaci\u00f3n sobre el terreno de juego, cada contraataque del Valencia era una pu\u00f1alada.<\/p>\n<p>Feghouli desbord\u00f3 siempre que quiso y el Bar\u00e7a fue incrementando su nivel de tensi\u00f3n. Alc\u00e1cer desnud\u00f3 a Piqu\u00e9 cuando se midi\u00f3 en carrera con el central y el &#8216;Tata&#8217; Martino no acababa de encontrar soluciones.<\/p>\n<p>Ni la entrada de Iniesta por Xavi (min. 66) ni la de Tello por Cesc (min. 77) aportaron nada. Adem\u00e1s todo se complic\u00f3 para los locales con la expulsi\u00f3n a doce minutos del final de Jordi Alba por acumulaci\u00f3n de tarjetas amarillas.<\/p>\n<p>Al final Messi, en tiempo a\u00f1adido, tuvo el empate en sus botas, pero no acert\u00f3. El Bar\u00e7a, en el primer partido grande del complicado mes de febrero, fall\u00f3. Ma\u00f1ana puede perder ese liderato que ha mantenido durante 59 jornadas consecutivas.<\/p>\n<p>&nbsp;<\/p>\n<p>&#8211; Ficha t\u00e9cnica<\/p>\n<p>2 &#8211; Barcelona: Vald\u00e9s; Alves, Piqu\u00e9, Mascherano, Alba; Busquets, Xavi (Iniesta, min. 66), Cesc (Tello, min. 77); Alexis, Messi y Pedro.<\/p>\n<p>3 &#8211; Valencia: Alves; Barrag\u00e1n, R. Costa, Mathieu, Bernat; Javi Fuego, Oriol Romeu; Feghouli, Parejo (Michel, min. 93), Piatti (Fede, min. 87); y Alc\u00e1cer (Vargas, min.73).<\/p>\n<p>Goles: 1-0, min. 7: Alexis. 1-1, min.44: Parejo. 1-2, min. 49: Piatti. 2-2, min. 54: Messi, de penalti. 2-3, min. 59: Alc\u00e1cer.<\/p>\n<p>\u00c1rbitro: P\u00e9rez Montero (C. Andaluz). Mostr\u00f3 cartulina amarilla a Parejo (min.46+), Costa (min. 53), Mascherano (min. 79) y a Diego Alves (min. 94). Expuls\u00f3 por doble amonestaci\u00f3n a Alba (min.78)<\/p>\n<p>Incidencias: Asistieron al encuentro 66.969 espectadores, en partido de la vig\u00e9sima segunda jornada de Primera disputado en el Camp Nou.<\/p>\n<p>Francisco \u00c1vila.<\/p>\n","protected":false},"excerpt":{"rendered":"<p>Barcelona, 1 feb (EFE).- Un Barcelona bipolar, capaz de firmar una buena media hora y desaparecer despu\u00e9s, se ha dejado parte de sus opciones ligueras en una derrota contra el Valencia (2-3), que aprovech\u00f3 sus opciones en una buena segunda mitad. Los azulgranas no perd\u00edan un partido liguero en casa desde abril de 2012, cuando [&hellip;]<\/p>\n","protected":false},"author":1,"featured_media":481904,"comment_status":"closed","ping_status":"open","sticky":false,"template":"","format":"standard","meta":{"footnotes":""},"categories":[1],"tags":[],"class_list":["post-481903","post","type-post","status-publish","format-standard","has-post-thumbnail","hentry","category-actualidad"],"aioseo_notices":[],"aioseo_head":"\n\t\t<!-- All in One SEO Pro 5.0.1 - aioseo.com -->\n\t<meta name=\"description\" content=\"Barcelona, 1 feb (EFE).- Un Barcelona bipolar, capaz de firmar una buena media hora y desaparecer despu\u00e9s, se ha dejado parte de sus opciones ligueras en una derrota contra el Valencia (2-3), que aprovech\u00f3 sus opciones en una buena segunda mitad. Los azulgranas no perd\u00edan un partido liguero en casa desde abril de 2012, cuando\" \/>\n\t<meta name=\"robots\" content=\"max-image-preview:large\" \/>\n\t<meta name=\"author\" content=\"El Digital de Asturias\"\/>\n\t<meta name=\"google-site-verification\" content=\"UA-38556648-1\" \/>\n\t<meta name=\"msvalidate.01\" content=\"7dfe9f3f1b24437ab69f4f2559babe99\" \/>\n\t<meta name=\"keywords\" content=\"actualidad\" \/>\n\t<link rel=\"canonical\" href=\"https:\/\/www.eldigitaldeasturias.com\/noticias\/el-valencia-saca-los-colores-al-barcelona\/\" \/>\n\t<meta name=\"generator\" content=\"All in One SEO Pro (AIOSEO) 5.0.1\" \/>\n\t\t<meta property=\"og:locale\" content=\"es_ES\" \/>\n\t\t<meta property=\"og:site_name\" content=\"El Digital de Asturias\" \/>\n\t\t<meta property=\"og:type\" content=\"article\" \/>\n\t\t<meta property=\"og:title\" content=\"El Valencia saca los colores al Barcelona - El Digital de Asturias\" \/>\n\t\t<meta property=\"og:description\" content=\"Barcelona, 1 feb (EFE).- Un Barcelona bipolar, capaz de firmar una buena media hora y desaparecer despu\u00e9s, se ha dejado parte de sus opciones ligueras en una derrota contra el Valencia (2-3), que aprovech\u00f3 sus opciones en una buena segunda mitad. Los azulgranas no perd\u00edan un partido liguero en casa desde abril de 2012, cuando\" \/>\n\t\t<meta property=\"og:url\" content=\"https:\/\/www.eldigitaldeasturias.com\/noticias\/el-valencia-saca-los-colores-al-barcelona\/\" \/>\n\t\t<meta property=\"article:tag\" content=\"actualidad\" \/>\n\t\t<meta property=\"article:published_time\" content=\"2014-02-01T23:05:01+00:00\" \/>\n\t\t<meta property=\"article:modified_time\" content=\"2014-02-01T23:05:01+00:00\" \/>\n\t\t<meta property=\"article:publisher\" content=\"https:\/\/facebook.com\/eldigitaldeasturias\" \/>\n\t\t<meta name=\"twitter:card\" content=\"summary_large_image\" \/>\n\t\t<meta name=\"twitter:title\" content=\"El Valencia saca los colores al Barcelona - El Digital de Asturias\" \/>\n\t\t<meta name=\"twitter:description\" content=\"Barcelona, 1 feb (EFE).- Un Barcelona bipolar, capaz de firmar una buena media hora y desaparecer despu\u00e9s, se ha dejado parte de sus opciones ligueras en una derrota contra el Valencia (2-3), que aprovech\u00f3 sus opciones en una buena segunda mitad. Los azulgranas no perd\u00edan un partido liguero en casa desde abril de 2012, cuando\" \/>\n\t\t<meta name=\"twitter:label1\" content=\"Escrito por\" \/>\n\t\t<meta name=\"twitter:data1\" content=\"El Digital de Asturias\" \/>\n\t\t<meta name=\"twitter:label2\" content=\"Tiempo de lectura estimado\" \/>\n\t\t<meta name=\"twitter:data2\" content=\"5 minutos\" \/>\n\t\t<script type=\"application\/ld+json\" class=\"aioseo-schema\">\n\t\t\t{\"@context\":\"https:\\\/\\\/schema.org\",\"@graph\":[{\"@type\":\"BlogPosting\",\"@id\":\"https:\\\/\\\/www.eldigitaldeasturias.com\\\/noticias\\\/el-valencia-saca-los-colores-al-barcelona\\\/#blogposting\",\"name\":\"El Valencia saca los colores al Barcelona - El Digital de Asturias\",\"headline\":\"El Valencia saca los colores al Barcelona\",\"author\":{\"@id\":\"https:\\\/\\\/www.eldigitaldeasturias.com\\\/noticias\\\/author\\\/admin\\\/#author\"},\"publisher\":{\"@id\":\"https:\\\/\\\/www.eldigitaldeasturias.com\\\/noticias\\\/#organization\"},\"image\":{\"@type\":\"ImageObject\",\"url\":481904},\"datePublished\":\"2014-02-01T22:05:01+01:00\",\"dateModified\":\"2014-02-01T22:05:01+01:00\",\"inLanguage\":\"es-ES\",\"mainEntityOfPage\":{\"@id\":\"https:\\\/\\\/www.eldigitaldeasturias.com\\\/noticias\\\/el-valencia-saca-los-colores-al-barcelona\\\/#webpage\"},\"isPartOf\":{\"@id\":\"https:\\\/\\\/www.eldigitaldeasturias.com\\\/noticias\\\/el-valencia-saca-los-colores-al-barcelona\\\/#webpage\"},\"articleSection\":\"Actualidad\"},{\"@type\":\"BreadcrumbList\",\"@id\":\"https:\\\/\\\/www.eldigitaldeasturias.com\\\/noticias\\\/el-valencia-saca-los-colores-al-barcelona\\\/#breadcrumblist\",\"itemListElement\":[{\"@type\":\"ListItem\",\"@id\":\"https:\\\/\\\/www.eldigitaldeasturias.com\\\/noticias#listItem\",\"position\":1,\"name\":\"Home\",\"item\":\"https:\\\/\\\/www.eldigitaldeasturias.com\\\/noticias\",\"nextItem\":{\"@type\":\"ListItem\",\"@id\":\"https:\\\/\\\/www.eldigitaldeasturias.com\\\/noticias\\\/category\\\/actualidad\\\/#listItem\",\"name\":\"Actualidad\"}},{\"@type\":\"ListItem\",\"@id\":\"https:\\\/\\\/www.eldigitaldeasturias.com\\\/noticias\\\/category\\\/actualidad\\\/#listItem\",\"position\":2,\"name\":\"Actualidad\",\"item\":\"https:\\\/\\\/www.eldigitaldeasturias.com\\\/noticias\\\/category\\\/actualidad\\\/\",\"nextItem\":{\"@type\":\"ListItem\",\"@id\":\"https:\\\/\\\/www.eldigitaldeasturias.com\\\/noticias\\\/el-valencia-saca-los-colores-al-barcelona\\\/#listItem\",\"name\":\"El Valencia saca los colores al Barcelona\"},\"previousItem\":{\"@type\":\"ListItem\",\"@id\":\"https:\\\/\\\/www.eldigitaldeasturias.com\\\/noticias#listItem\",\"name\":\"Home\"}},{\"@type\":\"ListItem\",\"@id\":\"https:\\\/\\\/www.eldigitaldeasturias.com\\\/noticias\\\/el-valencia-saca-los-colores-al-barcelona\\\/#listItem\",\"position\":3,\"name\":\"El Valencia saca los colores al Barcelona\",\"previousItem\":{\"@type\":\"ListItem\",\"@id\":\"https:\\\/\\\/www.eldigitaldeasturias.com\\\/noticias\\\/category\\\/actualidad\\\/#listItem\",\"name\":\"Actualidad\"}}]},{\"@type\":\"Organization\",\"@id\":\"https:\\\/\\\/www.eldigitaldeasturias.com\\\/noticias\\\/#organization\",\"name\":\"El Digital de Asturias\",\"description\":\"Hemeroteca\",\"url\":\"https:\\\/\\\/www.eldigitaldeasturias.com\\\/noticias\\\/\",\"email\":\"info@eldigitaldeasturias.com\",\"telephone\":\"+34652131393\",\"logo\":{\"@type\":\"ImageObject\",\"url\":\"https:\\\/\\\/www.eldigitaldeasturias.com\\\/noticias\\\/wp-content\\\/uploads\\\/2020\\\/12\\\/EDA.jpg\",\"@id\":\"https:\\\/\\\/www.eldigitaldeasturias.com\\\/noticias\\\/el-valencia-saca-los-colores-al-barcelona\\\/#organizationLogo\"},\"image\":{\"@id\":\"https:\\\/\\\/www.eldigitaldeasturias.com\\\/noticias\\\/el-valencia-saca-los-colores-al-barcelona\\\/#organizationLogo\"},\"sameAs\":[\"https:\\\/\\\/facebook.com\\\/eldigitaldeasturias\",\"https:\\\/\\\/www.youtube.com\\\/channel\\\/UCZP-2wLEB9Rv6erhFmqVnvg\"],\"address\":{\"@id\":\"https:\\\/\\\/www.eldigitaldeasturias.com\\\/noticias\\\/#postaladdress\",\"@type\":\"PostalAddress\",\"streetAddress\":\"san antonio 4\",\"postalCode\":\"33430\",\"addressLocality\":\"Cand\\u00e1s\",\"addressRegion\":\"Asturias\",\"addressCountry\":\"ES\"}},{\"@type\":\"Person\",\"@id\":\"https:\\\/\\\/www.eldigitaldeasturias.com\\\/noticias\\\/author\\\/admin\\\/#author\",\"url\":\"https:\\\/\\\/www.eldigitaldeasturias.com\\\/noticias\\\/author\\\/admin\\\/\",\"name\":\"El Digital de Asturias\",\"image\":{\"@type\":\"ImageObject\",\"@id\":\"https:\\\/\\\/www.eldigitaldeasturias.com\\\/noticias\\\/el-valencia-saca-los-colores-al-barcelona\\\/#authorImage\",\"url\":\"https:\\\/\\\/secure.gravatar.com\\\/avatar\\\/df2aeffc32bcd13f8d26072ef8a91b623d677766deac7f97ca815868cd41bf5e?s=96&d=mm&r=g\",\"width\":96,\"height\":96,\"caption\":\"El Digital de Asturias\"}},{\"@type\":\"WebPage\",\"@id\":\"https:\\\/\\\/www.eldigitaldeasturias.com\\\/noticias\\\/el-valencia-saca-los-colores-al-barcelona\\\/#webpage\",\"url\":\"https:\\\/\\\/www.eldigitaldeasturias.com\\\/noticias\\\/el-valencia-saca-los-colores-al-barcelona\\\/\",\"name\":\"El Valencia saca los colores al Barcelona - El Digital de Asturias\",\"description\":\"Barcelona, 1 feb (EFE).- Un Barcelona bipolar, capaz de firmar una buena media hora y desaparecer despu\\u00e9s, se ha dejado parte de sus opciones ligueras en una derrota contra el Valencia (2-3), que aprovech\\u00f3 sus opciones en una buena segunda mitad. Los azulgranas no perd\\u00edan un partido liguero en casa desde abril de 2012, cuando\",\"inLanguage\":\"es-ES\",\"isPartOf\":{\"@id\":\"https:\\\/\\\/www.eldigitaldeasturias.com\\\/noticias\\\/#website\"},\"breadcrumb\":{\"@id\":\"https:\\\/\\\/www.eldigitaldeasturias.com\\\/noticias\\\/el-valencia-saca-los-colores-al-barcelona\\\/#breadcrumblist\"},\"author\":{\"@id\":\"https:\\\/\\\/www.eldigitaldeasturias.com\\\/noticias\\\/author\\\/admin\\\/#author\"},\"creator\":{\"@id\":\"https:\\\/\\\/www.eldigitaldeasturias.com\\\/noticias\\\/author\\\/admin\\\/#author\"},\"image\":{\"@type\":\"ImageObject\",\"url\":481904,\"@id\":\"https:\\\/\\\/www.eldigitaldeasturias.com\\\/noticias\\\/el-valencia-saca-los-colores-al-barcelona\\\/#mainImage\"},\"primaryImageOfPage\":{\"@id\":\"https:\\\/\\\/www.eldigitaldeasturias.com\\\/noticias\\\/el-valencia-saca-los-colores-al-barcelona\\\/#mainImage\"},\"datePublished\":\"2014-02-01T22:05:01+01:00\",\"dateModified\":\"2014-02-01T22:05:01+01:00\"},{\"@type\":\"WebSite\",\"@id\":\"https:\\\/\\\/www.eldigitaldeasturias.com\\\/noticias\\\/#website\",\"url\":\"https:\\\/\\\/www.eldigitaldeasturias.com\\\/noticias\\\/\",\"name\":\"El Digital de Asturias - Diario de actualidad y noticias\",\"alternateName\":\"El Digital de Asturias - Diario de actualidad y noticias\",\"description\":\"Hemeroteca\",\"inLanguage\":\"es-ES\",\"publisher\":{\"@id\":\"https:\\\/\\\/www.eldigitaldeasturias.com\\\/noticias\\\/#organization\"}}]}\n\t\t<\/script>\n\t\t<!-- All in One SEO Pro -->\r\n\t\t<title>El Valencia saca los colores al Barcelona - El Digital de Asturias<\/title>\n\n","aioseo_head_json":{"title":"El Valencia saca los colores al Barcelona - El Digital de Asturias","description":"Barcelona, 1 feb (EFE).- Un Barcelona bipolar, capaz de firmar una buena media hora y desaparecer despu\u00e9s, se ha dejado parte de sus opciones ligueras en una derrota contra el Valencia (2-3), que aprovech\u00f3 sus opciones en una buena segunda mitad. Los azulgranas no perd\u00edan un partido liguero en casa desde abril de 2012, cuando","canonical_url":"https:\/\/www.eldigitaldeasturias.com\/noticias\/el-valencia-saca-los-colores-al-barcelona\/","robots":"max-image-preview:large","keywords":"actualidad","webmasterTools":{"google-site-verification":"UA-38556648-1","msvalidate.01":"7dfe9f3f1b24437ab69f4f2559babe99","miscellaneous":""},"schema":{"@context":"https:\/\/schema.org","@graph":[{"@type":"BlogPosting","@id":"https:\/\/www.eldigitaldeasturias.com\/noticias\/el-valencia-saca-los-colores-al-barcelona\/#blogposting","name":"El Valencia saca los colores al Barcelona - El Digital de Asturias","headline":"El Valencia saca los colores al Barcelona","author":{"@id":"https:\/\/www.eldigitaldeasturias.com\/noticias\/author\/admin\/#author"},"publisher":{"@id":"https:\/\/www.eldigitaldeasturias.com\/noticias\/#organization"},"image":{"@type":"ImageObject","url":481904},"datePublished":"2014-02-01T22:05:01+01:00","dateModified":"2014-02-01T22:05:01+01:00","inLanguage":"es-ES","mainEntityOfPage":{"@id":"https:\/\/www.eldigitaldeasturias.com\/noticias\/el-valencia-saca-los-colores-al-barcelona\/#webpage"},"isPartOf":{"@id":"https:\/\/www.eldigitaldeasturias.com\/noticias\/el-valencia-saca-los-colores-al-barcelona\/#webpage"},"articleSection":"Actualidad"},{"@type":"BreadcrumbList","@id":"https:\/\/www.eldigitaldeasturias.com\/noticias\/el-valencia-saca-los-colores-al-barcelona\/#breadcrumblist","itemListElement":[{"@type":"ListItem","@id":"https:\/\/www.eldigitaldeasturias.com\/noticias#listItem","position":1,"name":"Home","item":"https:\/\/www.eldigitaldeasturias.com\/noticias","nextItem":{"@type":"ListItem","@id":"https:\/\/www.eldigitaldeasturias.com\/noticias\/category\/actualidad\/#listItem","name":"Actualidad"}},{"@type":"ListItem","@id":"https:\/\/www.eldigitaldeasturias.com\/noticias\/category\/actualidad\/#listItem","position":2,"name":"Actualidad","item":"https:\/\/www.eldigitaldeasturias.com\/noticias\/category\/actualidad\/","nextItem":{"@type":"ListItem","@id":"https:\/\/www.eldigitaldeasturias.com\/noticias\/el-valencia-saca-los-colores-al-barcelona\/#listItem","name":"El Valencia saca los colores al Barcelona"},"previousItem":{"@type":"ListItem","@id":"https:\/\/www.eldigitaldeasturias.com\/noticias#listItem","name":"Home"}},{"@type":"ListItem","@id":"https:\/\/www.eldigitaldeasturias.com\/noticias\/el-valencia-saca-los-colores-al-barcelona\/#listItem","position":3,"name":"El Valencia saca los colores al Barcelona","previousItem":{"@type":"ListItem","@id":"https:\/\/www.eldigitaldeasturias.com\/noticias\/category\/actualidad\/#listItem","name":"Actualidad"}}]},{"@type":"Organization","@id":"https:\/\/www.eldigitaldeasturias.com\/noticias\/#organization","name":"El Digital de Asturias","description":"Hemeroteca","url":"https:\/\/www.eldigitaldeasturias.com\/noticias\/","email":"info@eldigitaldeasturias.com","telephone":"+34652131393","logo":{"@type":"ImageObject","url":"https:\/\/www.eldigitaldeasturias.com\/noticias\/wp-content\/uploads\/2020\/12\/EDA.jpg","@id":"https:\/\/www.eldigitaldeasturias.com\/noticias\/el-valencia-saca-los-colores-al-barcelona\/#organizationLogo"},"image":{"@id":"https:\/\/www.eldigitaldeasturias.com\/noticias\/el-valencia-saca-los-colores-al-barcelona\/#organizationLogo"},"sameAs":["https:\/\/facebook.com\/eldigitaldeasturias","https:\/\/www.youtube.com\/channel\/UCZP-2wLEB9Rv6erhFmqVnvg"],"address":{"@id":"https:\/\/www.eldigitaldeasturias.com\/noticias\/#postaladdress","@type":"PostalAddress","streetAddress":"san antonio 4","postalCode":"33430","addressLocality":"Cand\u00e1s","addressRegion":"Asturias","addressCountry":"ES"}},{"@type":"Person","@id":"https:\/\/www.eldigitaldeasturias.com\/noticias\/author\/admin\/#author","url":"https:\/\/www.eldigitaldeasturias.com\/noticias\/author\/admin\/","name":"El Digital de Asturias","image":{"@type":"ImageObject","@id":"https:\/\/www.eldigitaldeasturias.com\/noticias\/el-valencia-saca-los-colores-al-barcelona\/#authorImage","url":"https:\/\/secure.gravatar.com\/avatar\/df2aeffc32bcd13f8d26072ef8a91b623d677766deac7f97ca815868cd41bf5e?s=96&d=mm&r=g","width":96,"height":96,"caption":"El Digital de Asturias"}},{"@type":"WebPage","@id":"https:\/\/www.eldigitaldeasturias.com\/noticias\/el-valencia-saca-los-colores-al-barcelona\/#webpage","url":"https:\/\/www.eldigitaldeasturias.com\/noticias\/el-valencia-saca-los-colores-al-barcelona\/","name":"El Valencia saca los colores al Barcelona - El Digital de Asturias","description":"Barcelona, 1 feb (EFE).- Un Barcelona bipolar, capaz de firmar una buena media hora y desaparecer despu\u00e9s, se ha dejado parte de sus opciones ligueras en una derrota contra el Valencia (2-3), que aprovech\u00f3 sus opciones en una buena segunda mitad. Los azulgranas no perd\u00edan un partido liguero en casa desde abril de 2012, cuando","inLanguage":"es-ES","isPartOf":{"@id":"https:\/\/www.eldigitaldeasturias.com\/noticias\/#website"},"breadcrumb":{"@id":"https:\/\/www.eldigitaldeasturias.com\/noticias\/el-valencia-saca-los-colores-al-barcelona\/#breadcrumblist"},"author":{"@id":"https:\/\/www.eldigitaldeasturias.com\/noticias\/author\/admin\/#author"},"creator":{"@id":"https:\/\/www.eldigitaldeasturias.com\/noticias\/author\/admin\/#author"},"image":{"@type":"ImageObject","url":481904,"@id":"https:\/\/www.eldigitaldeasturias.com\/noticias\/el-valencia-saca-los-colores-al-barcelona\/#mainImage"},"primaryImageOfPage":{"@id":"https:\/\/www.eldigitaldeasturias.com\/noticias\/el-valencia-saca-los-colores-al-barcelona\/#mainImage"},"datePublished":"2014-02-01T22:05:01+01:00","dateModified":"2014-02-01T22:05:01+01:00"},{"@type":"WebSite","@id":"https:\/\/www.eldigitaldeasturias.com\/noticias\/#website","url":"https:\/\/www.eldigitaldeasturias.com\/noticias\/","name":"El Digital de Asturias - Diario de actualidad y noticias","alternateName":"El Digital de Asturias - Diario de actualidad y noticias","description":"Hemeroteca","inLanguage":"es-ES","publisher":{"@id":"https:\/\/www.eldigitaldeasturias.com\/noticias\/#organization"}}]},"og:locale":"es_ES","og:site_name":"El Digital de Asturias","og:type":"article","og:title":"El Valencia saca los colores al Barcelona - El Digital de Asturias","og:description":"Barcelona, 1 feb (EFE).- Un Barcelona bipolar, capaz de firmar una buena media hora y desaparecer despu\u00e9s, se ha dejado parte de sus opciones ligueras en una derrota contra el Valencia (2-3), que aprovech\u00f3 sus opciones en una buena segunda mitad. Los azulgranas no perd\u00edan un partido liguero en casa desde abril de 2012, cuando","og:url":"https:\/\/www.eldigitaldeasturias.com\/noticias\/el-valencia-saca-los-colores-al-barcelona\/","article:tag":["actualidad"],"article:published_time":"2014-02-01T23:05:01+00:00","article:modified_time":"2014-02-01T23:05:01+00:00","article:publisher":"https:\/\/facebook.com\/eldigitaldeasturias","twitter:card":"summary_large_image","twitter:title":"El Valencia saca los colores al Barcelona - El Digital de Asturias","twitter:description":"Barcelona, 1 feb (EFE).- Un Barcelona bipolar, capaz de firmar una buena media hora y desaparecer despu\u00e9s, se ha dejado parte de sus opciones ligueras en una derrota contra el Valencia (2-3), que aprovech\u00f3 sus opciones en una buena segunda mitad. Los azulgranas no perd\u00edan un partido liguero en casa desde abril de 2012, cuando","twitter:label1":"Escrito por","twitter:data1":"El Digital de Asturias","twitter:label2":"Tiempo de lectura estimado","twitter:data2":"5 minutos"},"aioseo_meta_data":{"post_id":"481903","title":null,"description":null,"keywords":null,"keyphrases":null,"primary_term":null,"canonical_url":null,"og_title":null,"og_description":null,"og_object_type":"default","og_image_type":"default","og_image_url":null,"og_image_width":null,"og_image_height":null,"og_image_custom_url":null,"og_image_custom_fields":null,"og_video":null,"og_custom_url":null,"og_article_section":null,"og_article_tags":null,"twitter_use_og":true,"twitter_card":"default","twitter_image_type":"default","twitter_image_url":null,"twitter_image_custom_url":null,"twitter_image_custom_fields":null,"twitter_title":null,"twitter_description":null,"schema":{"blockGraphs":[],"customGraphs":[],"default":{"data":{"Article":[],"Course":[],"Dataset":[],"FAQPage":[],"Movie":[],"Person":[],"Product":[],"ProductReview":[],"Car":[],"Recipe":[],"Service":[],"SoftwareApplication":[],"WebPage":[]},"graphName":"","isEnabled":true},"graphs":[],"defaultGraph":"","defaultPostTypeGraph":""},"schema_type":null,"schema_type_options":null,"pillar_content":false,"robots_default":true,"robots_noindex":false,"robots_noarchive":false,"robots_nosnippet":false,"robots_nofollow":false,"robots_noimageindex":false,"robots_noodp":false,"robots_notranslate":false,"robots_max_snippet":null,"robots_max_videopreview":null,"robots_max_imagepreview":"none","priority":null,"frequency":null,"local_seo":null,"seo_analyzer_scan_date":"2026-06-02 08:14:49","breadcrumb_settings":null,"limit_modified_date":false,"open_ai":null,"ai":null,"created":"2020-11-14 22:54:29","updated":"2026-06-02 08:14:49","focus_keyword":null,"additional_keywords":null,"truseo_locale":null},"aioseo_breadcrumb":"<div class=\"aioseo-breadcrumbs\"><span class=\"aioseo-breadcrumb\">\n\t<a href=\"https:\/\/www.eldigitaldeasturias.com\/noticias\" title=\"Home\">Home<\/a>\n<\/span><span class=\"aioseo-breadcrumb-separator\">\u2013<\/span><span class=\"aioseo-breadcrumb\">\n\t<a href=\"https:\/\/www.eldigitaldeasturias.com\/noticias\/category\/actualidad\/\" title=\"Actualidad\">Actualidad<\/a>\n<\/span><span class=\"aioseo-breadcrumb-separator\">\u2013<\/span><span class=\"aioseo-breadcrumb\">\n\t<a href=\"https:\/\/www.eldigitaldeasturias.com\/noticias\/el-valencia-saca-los-colores-al-barcelona\/\" title=\"El Valencia saca los colores al Barcelona\">El Valencia saca los colores al Barcelona<\/a>\n<\/span><\/div>","aioseo_breadcrumb_json":[{"label":"Home","link":"https:\/\/www.eldigitaldeasturias.com\/noticias"},{"label":"Actualidad","link":"https:\/\/www.eldigitaldeasturias.com\/noticias\/category\/actualidad\/"},{"label":"El Valencia saca los colores al Barcelona","link":"https:\/\/www.eldigitaldeasturias.com\/noticias\/el-valencia-saca-los-colores-al-barcelona\/"}],"_links":{"self":[{"href":"https:\/\/www.eldigitaldeasturias.com\/noticias\/wp-json\/wp\/v2\/posts\/481903","targetHints":{"allow":["GET"]}}],"collection":[{"href":"https:\/\/www.eldigitaldeasturias.com\/noticias\/wp-json\/wp\/v2\/posts"}],"about":[{"href":"https:\/\/www.eldigitaldeasturias.com\/noticias\/wp-json\/wp\/v2\/types\/post"}],"author":[{"embeddable":true,"href":"https:\/\/www.eldigitaldeasturias.com\/noticias\/wp-json\/wp\/v2\/users\/1"}],"replies":[{"embeddable":true,"href":"https:\/\/www.eldigitaldeasturias.com\/noticias\/wp-json\/wp\/v2\/comments?post=481903"}],"version-history":[{"count":0,"href":"https:\/\/www.eldigitaldeasturias.com\/noticias\/wp-json\/wp\/v2\/posts\/481903\/revisions"}],"wp:attachment":[{"href":"https:\/\/www.eldigitaldeasturias.com\/noticias\/wp-json\/wp\/v2\/media?parent=481903"}],"wp:term":[{"taxonomy":"category","embeddable":true,"href":"https:\/\/www.eldigitaldeasturias.com\/noticias\/wp-json\/wp\/v2\/categories?post=481903"},{"taxonomy":"post_tag","embeddable":true,"href":"https:\/\/www.eldigitaldeasturias.com\/noticias\/wp-json\/wp\/v2\/tags?post=481903"}],"curies":[{"name":"wp","href":"https:\/\/api.w.org\/{rel}","templated":true}]}}