{"id":481900,"date":"2014-02-01T22:03:17","date_gmt":"2014-02-01T23:03:17","guid":{"rendered":"http:\/\/www.eldigitaldeasturias.com\/noticias\/?p=481900"},"modified":"2014-02-01T22:03:17","modified_gmt":"2014-02-01T23:03:17","slug":"miles-de-personas-movilizadas-en-23-ciudades-para-pedir-luz-a-precio-justo","status":"publish","type":"post","link":"https:\/\/www.eldigitaldeasturias.com\/noticias\/miles-de-personas-movilizadas-en-23-ciudades-para-pedir-luz-a-precio-justo\/","title":{"rendered":"Miles de personas movilizadas en 23 ciudades para pedir \u00abluz a precio justo\u00bb"},"content":{"rendered":"<p><img loading=\"lazy\" decoding=\"async\" class=\"alignleft size-medium wp-image-481901\" alt=\"5900249w\" src=\"https:\/\/www.eldigitaldeasturias.com\/noticias\/wp-content\/uploads\/2014\/02\/5900249w-360x265.jpg\" width=\"360\" height=\"265\" \/>Madrid, 1 feb (EFE).- Miles de personas se han movilizado hoy en 23 ciudades espa\u00f1olas para iniciar una campa\u00f1a bajo el lema \u00abLuz a Precio Justo\u00bb y para protestar contra la carga a los consumidores de \u00abla deuda de las el\u00e9ctricas y de tarifas manifiestamente injustas\u00bb, seg\u00fan un comunicado de la asociaci\u00f3n de consumidores Adicae.<\/p>\n<p>Las manifestaciones, apoyadas por m\u00e1s de 500 organizaciones, se han celebrado en Madrid, Zaragoza, Barcelona, Alicante, Valencia, Murcia, Santander, C\u00e1ceres, Badajoz, Don Benito, Las Palmas, Sevilla, C\u00e1diz, Almer\u00eda, Granada, M\u00e1laga, Ja\u00e9n, C\u00f3rdoba, Huelva, Santiago de Compostela, Toledo, Bilbao y Logro\u00f1o.<\/p>\n<p>Seg\u00fan Adicae, las movilizaciones de esta jornada \u00abconstituyen el punto de partida de una iniciativa global\u00bb que se realizar\u00e1 conjuntamente con centenares de organizaciones sociales para reivindicar una \u00abreforma de la reforma el\u00e9ctrica\u00bb.<\/p>\n<p>Adem\u00e1s de \u00abdenunciar el abuso al que se est\u00e1 sometiendo a millones de familias\u00bb, Adicae ha indicado que \u00ablos consumidores no van a continuar aceptando esta situaci\u00f3n\u00bb, por lo que ha reclamado cambios \u00abinmediatos y urgentes\u00bb como la revisi\u00f3n de los mecanismos de fijaci\u00f3n de precios y de todos los costes que se imputan a la tarifa el\u00e9ctrica.<\/p>\n<p>Tambi\u00e9n ha solicitado \u00abel establecimiento de garant\u00edas de un suministro a un precio razonable; la realizaci\u00f3n de una auditor\u00eda independiente del denominado d\u00e9ficit de tarifa, con la participaci\u00f3n de los consumidores, que clarifique esta deuda y fije qu\u00e9 parte es leg\u00edtima\u00bb.<\/p>\n<p>Entre las demandas de los consumidores tambi\u00e9n ha figurado \u00abque se garantice el acceso a la electricidad a todos los hogares a un precio justo, ya que es un servicio de primera necesidad\u00bb y que no se corte la electricidad \u00aben ning\u00fan momento a colectivos vulnerables por el impago de facturas\u00bb.<\/p>\n<p>Adicae tambi\u00e9n ha solicitado \u00abque se garantice y apoye la alternativa del autoconsumo y las energ\u00edas renovables; o la recuperaci\u00f3n del car\u00e1cter de servicio p\u00fablico esencial del suministro el\u00e9ctrico, y por ello la rebaja del IVA aplicable del 21 % al 4 %\u00bb.<\/p>\n<p>Adicae ha indicado que trasladar\u00e1 al ministro de Industria \u00abla necesidad de reconsiderar la reforma aprobada y las propuestas necesarias para que los consumidores no sean meros agentes pasivos a los que se les cargan los costes del sector\u00bb.<\/p>\n<p>Otras iniciativas que propondr\u00e1 la organizaci\u00f3n de consumidores para pelear contra la situaci\u00f3n consistir\u00e1n en la elaboraci\u00f3n de un censo de familias a las que se ha cortado la luz (1,4 millones en 2012) para \u00abrealizar acciones reivindicativas ante las compa\u00f1\u00edas responsables del corte en todas las provincias donde tengan lugar\u00bb.<\/p>\n<p>Adem\u00e1s, \u00abinvitar\u00e1 a los usuarios de las compa\u00f1\u00edas que procedan a estos cortes\u00bb a cambiar de suministrador \u00abdada la ausencia de competencia efectiva en el sector en materia de precios\u00bb, que no supondr\u00e1 esfuerzo econ\u00f3mico alguno para los consumidores.<\/p>\n","protected":false},"excerpt":{"rendered":"<p>Madrid, 1 feb (EFE).- Miles de personas se han movilizado hoy en 23 ciudades espa\u00f1olas para iniciar una campa\u00f1a bajo el lema \u00abLuz a Precio Justo\u00bb y para protestar contra la carga a los consumidores de \u00abla deuda de las el\u00e9ctricas y de tarifas manifiestamente injustas\u00bb, seg\u00fan un comunicado de la asociaci\u00f3n de consumidores Adicae. [&hellip;]<\/p>\n","protected":false},"author":1,"featured_media":481901,"comment_status":"closed","ping_status":"open","sticky":false,"template":"","format":"standard","meta":{"footnotes":""},"categories":[1],"tags":[],"class_list":["post-481900","post","type-post","status-publish","format-standard","has-post-thumbnail","hentry","category-actualidad"],"aioseo_notices":[],"aioseo_head":"\n\t\t<!-- All in One SEO Pro 5.0.1 - aioseo.com -->\n\t<meta name=\"description\" content=\"Madrid, 1 feb (EFE).- Miles de personas se han movilizado hoy en 23 ciudades espa\u00f1olas para iniciar una campa\u00f1a bajo el lema &quot;Luz a Precio Justo&quot; y para protestar contra la carga a los consumidores de &quot;la deuda de las el\u00e9ctricas y de tarifas manifiestamente injustas&quot;, seg\u00fan un comunicado de la asociaci\u00f3n de consumidores Adicae.\" \/>\n\t<meta name=\"robots\" content=\"max-image-preview:large\" \/>\n\t<meta name=\"author\" content=\"El Digital de Asturias\"\/>\n\t<meta name=\"google-site-verification\" content=\"UA-38556648-1\" \/>\n\t<meta name=\"msvalidate.01\" content=\"7dfe9f3f1b24437ab69f4f2559babe99\" \/>\n\t<meta name=\"keywords\" content=\"actualidad\" \/>\n\t<link rel=\"canonical\" href=\"https:\/\/www.eldigitaldeasturias.com\/noticias\/miles-de-personas-movilizadas-en-23-ciudades-para-pedir-luz-a-precio-justo\/\" \/>\n\t<meta name=\"generator\" content=\"All in One SEO Pro (AIOSEO) 5.0.1\" \/>\n\t\t<meta property=\"og:locale\" content=\"es_ES\" \/>\n\t\t<meta property=\"og:site_name\" content=\"El Digital de Asturias\" \/>\n\t\t<meta property=\"og:type\" content=\"article\" \/>\n\t\t<meta property=\"og:title\" content=\"Miles de personas movilizadas en 23 ciudades para pedir \u00abluz a precio justo\u00bb - El Digital de Asturias\" \/>\n\t\t<meta property=\"og:description\" content=\"Madrid, 1 feb (EFE).- Miles de personas se han movilizado hoy en 23 ciudades espa\u00f1olas para iniciar una campa\u00f1a bajo el lema &quot;Luz a Precio Justo&quot; y para protestar contra la carga a los consumidores de &quot;la deuda de las el\u00e9ctricas y de tarifas manifiestamente injustas&quot;, seg\u00fan un comunicado de la asociaci\u00f3n de consumidores Adicae.\" \/>\n\t\t<meta property=\"og:url\" content=\"https:\/\/www.eldigitaldeasturias.com\/noticias\/miles-de-personas-movilizadas-en-23-ciudades-para-pedir-luz-a-precio-justo\/\" \/>\n\t\t<meta property=\"article:tag\" content=\"actualidad\" \/>\n\t\t<meta property=\"article:published_time\" content=\"2014-02-01T23:03:17+00:00\" \/>\n\t\t<meta property=\"article:modified_time\" content=\"2014-02-01T23:03:17+00:00\" \/>\n\t\t<meta property=\"article:publisher\" content=\"https:\/\/facebook.com\/eldigitaldeasturias\" \/>\n\t\t<meta name=\"twitter:card\" content=\"summary_large_image\" \/>\n\t\t<meta name=\"twitter:title\" content=\"Miles de personas movilizadas en 23 ciudades para pedir \u00abluz a precio justo\u00bb - El Digital de Asturias\" \/>\n\t\t<meta name=\"twitter:description\" content=\"Madrid, 1 feb (EFE).- Miles de personas se han movilizado hoy en 23 ciudades espa\u00f1olas para iniciar una campa\u00f1a bajo el lema &quot;Luz a Precio Justo&quot; y para protestar contra la carga a los consumidores de &quot;la deuda de las el\u00e9ctricas y de tarifas manifiestamente injustas&quot;, seg\u00fan un comunicado de la asociaci\u00f3n de consumidores Adicae.\" \/>\n\t\t<meta name=\"twitter:label1\" content=\"Escrito por\" \/>\n\t\t<meta name=\"twitter:data1\" content=\"El Digital de Asturias\" \/>\n\t\t<meta name=\"twitter:label2\" content=\"Tiempo de lectura estimado\" \/>\n\t\t<meta name=\"twitter:data2\" content=\"2 minutos\" \/>\n\t\t<script type=\"application\/ld+json\" class=\"aioseo-schema\">\n\t\t\t{\"@context\":\"https:\\\/\\\/schema.org\",\"@graph\":[{\"@type\":\"BlogPosting\",\"@id\":\"https:\\\/\\\/www.eldigitaldeasturias.com\\\/noticias\\\/miles-de-personas-movilizadas-en-23-ciudades-para-pedir-luz-a-precio-justo\\\/#blogposting\",\"name\":\"Miles de personas movilizadas en 23 ciudades para pedir \\u00abluz a precio justo\\u00bb - El Digital de Asturias\",\"headline\":\"Miles de personas movilizadas en 23 ciudades para pedir \\u00abluz a precio justo\\u00bb\",\"author\":{\"@id\":\"https:\\\/\\\/www.eldigitaldeasturias.com\\\/noticias\\\/author\\\/admin\\\/#author\"},\"publisher\":{\"@id\":\"https:\\\/\\\/www.eldigitaldeasturias.com\\\/noticias\\\/#organization\"},\"image\":{\"@type\":\"ImageObject\",\"url\":481901},\"datePublished\":\"2014-02-01T22:03:17+01:00\",\"dateModified\":\"2014-02-01T22:03:17+01:00\",\"inLanguage\":\"es-ES\",\"mainEntityOfPage\":{\"@id\":\"https:\\\/\\\/www.eldigitaldeasturias.com\\\/noticias\\\/miles-de-personas-movilizadas-en-23-ciudades-para-pedir-luz-a-precio-justo\\\/#webpage\"},\"isPartOf\":{\"@id\":\"https:\\\/\\\/www.eldigitaldeasturias.com\\\/noticias\\\/miles-de-personas-movilizadas-en-23-ciudades-para-pedir-luz-a-precio-justo\\\/#webpage\"},\"articleSection\":\"Actualidad\"},{\"@type\":\"BreadcrumbList\",\"@id\":\"https:\\\/\\\/www.eldigitaldeasturias.com\\\/noticias\\\/miles-de-personas-movilizadas-en-23-ciudades-para-pedir-luz-a-precio-justo\\\/#breadcrumblist\",\"itemListElement\":[{\"@type\":\"ListItem\",\"@id\":\"https:\\\/\\\/www.eldigitaldeasturias.com\\\/noticias#listItem\",\"position\":1,\"name\":\"Home\",\"item\":\"https:\\\/\\\/www.eldigitaldeasturias.com\\\/noticias\",\"nextItem\":{\"@type\":\"ListItem\",\"@id\":\"https:\\\/\\\/www.eldigitaldeasturias.com\\\/noticias\\\/category\\\/actualidad\\\/#listItem\",\"name\":\"Actualidad\"}},{\"@type\":\"ListItem\",\"@id\":\"https:\\\/\\\/www.eldigitaldeasturias.com\\\/noticias\\\/category\\\/actualidad\\\/#listItem\",\"position\":2,\"name\":\"Actualidad\",\"item\":\"https:\\\/\\\/www.eldigitaldeasturias.com\\\/noticias\\\/category\\\/actualidad\\\/\",\"nextItem\":{\"@type\":\"ListItem\",\"@id\":\"https:\\\/\\\/www.eldigitaldeasturias.com\\\/noticias\\\/miles-de-personas-movilizadas-en-23-ciudades-para-pedir-luz-a-precio-justo\\\/#listItem\",\"name\":\"Miles de personas movilizadas en 23 ciudades para pedir \\u00abluz a precio justo\\u00bb\"},\"previousItem\":{\"@type\":\"ListItem\",\"@id\":\"https:\\\/\\\/www.eldigitaldeasturias.com\\\/noticias#listItem\",\"name\":\"Home\"}},{\"@type\":\"ListItem\",\"@id\":\"https:\\\/\\\/www.eldigitaldeasturias.com\\\/noticias\\\/miles-de-personas-movilizadas-en-23-ciudades-para-pedir-luz-a-precio-justo\\\/#listItem\",\"position\":3,\"name\":\"Miles de personas movilizadas en 23 ciudades para pedir \\u00abluz a precio justo\\u00bb\",\"previousItem\":{\"@type\":\"ListItem\",\"@id\":\"https:\\\/\\\/www.eldigitaldeasturias.com\\\/noticias\\\/category\\\/actualidad\\\/#listItem\",\"name\":\"Actualidad\"}}]},{\"@type\":\"Organization\",\"@id\":\"https:\\\/\\\/www.eldigitaldeasturias.com\\\/noticias\\\/#organization\",\"name\":\"El Digital de Asturias\",\"description\":\"Hemeroteca\",\"url\":\"https:\\\/\\\/www.eldigitaldeasturias.com\\\/noticias\\\/\",\"email\":\"info@eldigitaldeasturias.com\",\"telephone\":\"+34652131393\",\"logo\":{\"@type\":\"ImageObject\",\"url\":\"https:\\\/\\\/www.eldigitaldeasturias.com\\\/noticias\\\/wp-content\\\/uploads\\\/2020\\\/12\\\/EDA.jpg\",\"@id\":\"https:\\\/\\\/www.eldigitaldeasturias.com\\\/noticias\\\/miles-de-personas-movilizadas-en-23-ciudades-para-pedir-luz-a-precio-justo\\\/#organizationLogo\"},\"image\":{\"@id\":\"https:\\\/\\\/www.eldigitaldeasturias.com\\\/noticias\\\/miles-de-personas-movilizadas-en-23-ciudades-para-pedir-luz-a-precio-justo\\\/#organizationLogo\"},\"sameAs\":[\"https:\\\/\\\/facebook.com\\\/eldigitaldeasturias\",\"https:\\\/\\\/www.youtube.com\\\/channel\\\/UCZP-2wLEB9Rv6erhFmqVnvg\"],\"address\":{\"@id\":\"https:\\\/\\\/www.eldigitaldeasturias.com\\\/noticias\\\/#postaladdress\",\"@type\":\"PostalAddress\",\"streetAddress\":\"san antonio 4\",\"postalCode\":\"33430\",\"addressLocality\":\"Cand\\u00e1s\",\"addressRegion\":\"Asturias\",\"addressCountry\":\"ES\"}},{\"@type\":\"Person\",\"@id\":\"https:\\\/\\\/www.eldigitaldeasturias.com\\\/noticias\\\/author\\\/admin\\\/#author\",\"url\":\"https:\\\/\\\/www.eldigitaldeasturias.com\\\/noticias\\\/author\\\/admin\\\/\",\"name\":\"El Digital de Asturias\",\"image\":{\"@type\":\"ImageObject\",\"@id\":\"https:\\\/\\\/www.eldigitaldeasturias.com\\\/noticias\\\/miles-de-personas-movilizadas-en-23-ciudades-para-pedir-luz-a-precio-justo\\\/#authorImage\",\"url\":\"https:\\\/\\\/secure.gravatar.com\\\/avatar\\\/df2aeffc32bcd13f8d26072ef8a91b623d677766deac7f97ca815868cd41bf5e?s=96&d=mm&r=g\",\"width\":96,\"height\":96,\"caption\":\"El Digital de Asturias\"}},{\"@type\":\"WebPage\",\"@id\":\"https:\\\/\\\/www.eldigitaldeasturias.com\\\/noticias\\\/miles-de-personas-movilizadas-en-23-ciudades-para-pedir-luz-a-precio-justo\\\/#webpage\",\"url\":\"https:\\\/\\\/www.eldigitaldeasturias.com\\\/noticias\\\/miles-de-personas-movilizadas-en-23-ciudades-para-pedir-luz-a-precio-justo\\\/\",\"name\":\"Miles de personas movilizadas en 23 ciudades para pedir \\u00abluz a precio justo\\u00bb - El Digital de Asturias\",\"description\":\"Madrid, 1 feb (EFE).- Miles de personas se han movilizado hoy en 23 ciudades espa\\u00f1olas para iniciar una campa\\u00f1a bajo el lema \\\"Luz a Precio Justo\\\" y para protestar contra la carga a los consumidores de \\\"la deuda de las el\\u00e9ctricas y de tarifas manifiestamente injustas\\\", seg\\u00fan un comunicado de la asociaci\\u00f3n de consumidores Adicae.\",\"inLanguage\":\"es-ES\",\"isPartOf\":{\"@id\":\"https:\\\/\\\/www.eldigitaldeasturias.com\\\/noticias\\\/#website\"},\"breadcrumb\":{\"@id\":\"https:\\\/\\\/www.eldigitaldeasturias.com\\\/noticias\\\/miles-de-personas-movilizadas-en-23-ciudades-para-pedir-luz-a-precio-justo\\\/#breadcrumblist\"},\"author\":{\"@id\":\"https:\\\/\\\/www.eldigitaldeasturias.com\\\/noticias\\\/author\\\/admin\\\/#author\"},\"creator\":{\"@id\":\"https:\\\/\\\/www.eldigitaldeasturias.com\\\/noticias\\\/author\\\/admin\\\/#author\"},\"image\":{\"@type\":\"ImageObject\",\"url\":481901,\"@id\":\"https:\\\/\\\/www.eldigitaldeasturias.com\\\/noticias\\\/miles-de-personas-movilizadas-en-23-ciudades-para-pedir-luz-a-precio-justo\\\/#mainImage\"},\"primaryImageOfPage\":{\"@id\":\"https:\\\/\\\/www.eldigitaldeasturias.com\\\/noticias\\\/miles-de-personas-movilizadas-en-23-ciudades-para-pedir-luz-a-precio-justo\\\/#mainImage\"},\"datePublished\":\"2014-02-01T22:03:17+01:00\",\"dateModified\":\"2014-02-01T22:03:17+01:00\"},{\"@type\":\"WebSite\",\"@id\":\"https:\\\/\\\/www.eldigitaldeasturias.com\\\/noticias\\\/#website\",\"url\":\"https:\\\/\\\/www.eldigitaldeasturias.com\\\/noticias\\\/\",\"name\":\"El Digital de Asturias - Diario de actualidad y noticias\",\"alternateName\":\"El Digital de Asturias - Diario de actualidad y noticias\",\"description\":\"Hemeroteca\",\"inLanguage\":\"es-ES\",\"publisher\":{\"@id\":\"https:\\\/\\\/www.eldigitaldeasturias.com\\\/noticias\\\/#organization\"}}]}\n\t\t<\/script>\n\t\t<!-- All in One SEO Pro -->\r\n\t\t<title>Miles de personas movilizadas en 23 ciudades para pedir \u00abluz a precio justo\u00bb - El Digital de Asturias<\/title>\n\n","aioseo_head_json":{"title":"Miles de personas movilizadas en 23 ciudades para pedir \u00abluz a precio justo\u00bb - El Digital de Asturias","description":"Madrid, 1 feb (EFE).- Miles de personas se han movilizado hoy en 23 ciudades espa\u00f1olas para iniciar una campa\u00f1a bajo el lema \"Luz a Precio Justo\" y para protestar contra la carga a los consumidores de \"la deuda de las el\u00e9ctricas y de tarifas manifiestamente injustas\", seg\u00fan un comunicado de la asociaci\u00f3n de consumidores Adicae.","canonical_url":"https:\/\/www.eldigitaldeasturias.com\/noticias\/miles-de-personas-movilizadas-en-23-ciudades-para-pedir-luz-a-precio-justo\/","robots":"max-image-preview:large","keywords":"actualidad","webmasterTools":{"google-site-verification":"UA-38556648-1","msvalidate.01":"7dfe9f3f1b24437ab69f4f2559babe99","miscellaneous":""},"schema":{"@context":"https:\/\/schema.org","@graph":[{"@type":"BlogPosting","@id":"https:\/\/www.eldigitaldeasturias.com\/noticias\/miles-de-personas-movilizadas-en-23-ciudades-para-pedir-luz-a-precio-justo\/#blogposting","name":"Miles de personas movilizadas en 23 ciudades para pedir \u00abluz a precio justo\u00bb - El Digital de Asturias","headline":"Miles de personas movilizadas en 23 ciudades para pedir \u00abluz a precio justo\u00bb","author":{"@id":"https:\/\/www.eldigitaldeasturias.com\/noticias\/author\/admin\/#author"},"publisher":{"@id":"https:\/\/www.eldigitaldeasturias.com\/noticias\/#organization"},"image":{"@type":"ImageObject","url":481901},"datePublished":"2014-02-01T22:03:17+01:00","dateModified":"2014-02-01T22:03:17+01:00","inLanguage":"es-ES","mainEntityOfPage":{"@id":"https:\/\/www.eldigitaldeasturias.com\/noticias\/miles-de-personas-movilizadas-en-23-ciudades-para-pedir-luz-a-precio-justo\/#webpage"},"isPartOf":{"@id":"https:\/\/www.eldigitaldeasturias.com\/noticias\/miles-de-personas-movilizadas-en-23-ciudades-para-pedir-luz-a-precio-justo\/#webpage"},"articleSection":"Actualidad"},{"@type":"BreadcrumbList","@id":"https:\/\/www.eldigitaldeasturias.com\/noticias\/miles-de-personas-movilizadas-en-23-ciudades-para-pedir-luz-a-precio-justo\/#breadcrumblist","itemListElement":[{"@type":"ListItem","@id":"https:\/\/www.eldigitaldeasturias.com\/noticias#listItem","position":1,"name":"Home","item":"https:\/\/www.eldigitaldeasturias.com\/noticias","nextItem":{"@type":"ListItem","@id":"https:\/\/www.eldigitaldeasturias.com\/noticias\/category\/actualidad\/#listItem","name":"Actualidad"}},{"@type":"ListItem","@id":"https:\/\/www.eldigitaldeasturias.com\/noticias\/category\/actualidad\/#listItem","position":2,"name":"Actualidad","item":"https:\/\/www.eldigitaldeasturias.com\/noticias\/category\/actualidad\/","nextItem":{"@type":"ListItem","@id":"https:\/\/www.eldigitaldeasturias.com\/noticias\/miles-de-personas-movilizadas-en-23-ciudades-para-pedir-luz-a-precio-justo\/#listItem","name":"Miles de personas movilizadas en 23 ciudades para pedir \u00abluz a precio justo\u00bb"},"previousItem":{"@type":"ListItem","@id":"https:\/\/www.eldigitaldeasturias.com\/noticias#listItem","name":"Home"}},{"@type":"ListItem","@id":"https:\/\/www.eldigitaldeasturias.com\/noticias\/miles-de-personas-movilizadas-en-23-ciudades-para-pedir-luz-a-precio-justo\/#listItem","position":3,"name":"Miles de personas movilizadas en 23 ciudades para pedir \u00abluz a precio justo\u00bb","previousItem":{"@type":"ListItem","@id":"https:\/\/www.eldigitaldeasturias.com\/noticias\/category\/actualidad\/#listItem","name":"Actualidad"}}]},{"@type":"Organization","@id":"https:\/\/www.eldigitaldeasturias.com\/noticias\/#organization","name":"El Digital de Asturias","description":"Hemeroteca","url":"https:\/\/www.eldigitaldeasturias.com\/noticias\/","email":"info@eldigitaldeasturias.com","telephone":"+34652131393","logo":{"@type":"ImageObject","url":"https:\/\/www.eldigitaldeasturias.com\/noticias\/wp-content\/uploads\/2020\/12\/EDA.jpg","@id":"https:\/\/www.eldigitaldeasturias.com\/noticias\/miles-de-personas-movilizadas-en-23-ciudades-para-pedir-luz-a-precio-justo\/#organizationLogo"},"image":{"@id":"https:\/\/www.eldigitaldeasturias.com\/noticias\/miles-de-personas-movilizadas-en-23-ciudades-para-pedir-luz-a-precio-justo\/#organizationLogo"},"sameAs":["https:\/\/facebook.com\/eldigitaldeasturias","https:\/\/www.youtube.com\/channel\/UCZP-2wLEB9Rv6erhFmqVnvg"],"address":{"@id":"https:\/\/www.eldigitaldeasturias.com\/noticias\/#postaladdress","@type":"PostalAddress","streetAddress":"san antonio 4","postalCode":"33430","addressLocality":"Cand\u00e1s","addressRegion":"Asturias","addressCountry":"ES"}},{"@type":"Person","@id":"https:\/\/www.eldigitaldeasturias.com\/noticias\/author\/admin\/#author","url":"https:\/\/www.eldigitaldeasturias.com\/noticias\/author\/admin\/","name":"El Digital de Asturias","image":{"@type":"ImageObject","@id":"https:\/\/www.eldigitaldeasturias.com\/noticias\/miles-de-personas-movilizadas-en-23-ciudades-para-pedir-luz-a-precio-justo\/#authorImage","url":"https:\/\/secure.gravatar.com\/avatar\/df2aeffc32bcd13f8d26072ef8a91b623d677766deac7f97ca815868cd41bf5e?s=96&d=mm&r=g","width":96,"height":96,"caption":"El Digital de Asturias"}},{"@type":"WebPage","@id":"https:\/\/www.eldigitaldeasturias.com\/noticias\/miles-de-personas-movilizadas-en-23-ciudades-para-pedir-luz-a-precio-justo\/#webpage","url":"https:\/\/www.eldigitaldeasturias.com\/noticias\/miles-de-personas-movilizadas-en-23-ciudades-para-pedir-luz-a-precio-justo\/","name":"Miles de personas movilizadas en 23 ciudades para pedir \u00abluz a precio justo\u00bb - El Digital de Asturias","description":"Madrid, 1 feb (EFE).- Miles de personas se han movilizado hoy en 23 ciudades espa\u00f1olas para iniciar una campa\u00f1a bajo el lema \"Luz a Precio Justo\" y para protestar contra la carga a los consumidores de \"la deuda de las el\u00e9ctricas y de tarifas manifiestamente injustas\", seg\u00fan un comunicado de la asociaci\u00f3n de consumidores Adicae.","inLanguage":"es-ES","isPartOf":{"@id":"https:\/\/www.eldigitaldeasturias.com\/noticias\/#website"},"breadcrumb":{"@id":"https:\/\/www.eldigitaldeasturias.com\/noticias\/miles-de-personas-movilizadas-en-23-ciudades-para-pedir-luz-a-precio-justo\/#breadcrumblist"},"author":{"@id":"https:\/\/www.eldigitaldeasturias.com\/noticias\/author\/admin\/#author"},"creator":{"@id":"https:\/\/www.eldigitaldeasturias.com\/noticias\/author\/admin\/#author"},"image":{"@type":"ImageObject","url":481901,"@id":"https:\/\/www.eldigitaldeasturias.com\/noticias\/miles-de-personas-movilizadas-en-23-ciudades-para-pedir-luz-a-precio-justo\/#mainImage"},"primaryImageOfPage":{"@id":"https:\/\/www.eldigitaldeasturias.com\/noticias\/miles-de-personas-movilizadas-en-23-ciudades-para-pedir-luz-a-precio-justo\/#mainImage"},"datePublished":"2014-02-01T22:03:17+01:00","dateModified":"2014-02-01T22:03:17+01:00"},{"@type":"WebSite","@id":"https:\/\/www.eldigitaldeasturias.com\/noticias\/#website","url":"https:\/\/www.eldigitaldeasturias.com\/noticias\/","name":"El Digital de Asturias - Diario de actualidad y noticias","alternateName":"El Digital de Asturias - Diario de actualidad y noticias","description":"Hemeroteca","inLanguage":"es-ES","publisher":{"@id":"https:\/\/www.eldigitaldeasturias.com\/noticias\/#organization"}}]},"og:locale":"es_ES","og:site_name":"El Digital de Asturias","og:type":"article","og:title":"Miles de personas movilizadas en 23 ciudades para pedir \u00abluz a precio justo\u00bb - El Digital de Asturias","og:description":"Madrid, 1 feb (EFE).- Miles de personas se han movilizado hoy en 23 ciudades espa\u00f1olas para iniciar una campa\u00f1a bajo el lema &quot;Luz a Precio Justo&quot; y para protestar contra la carga a los consumidores de &quot;la deuda de las el\u00e9ctricas y de tarifas manifiestamente injustas&quot;, seg\u00fan un comunicado de la asociaci\u00f3n de consumidores Adicae.","og:url":"https:\/\/www.eldigitaldeasturias.com\/noticias\/miles-de-personas-movilizadas-en-23-ciudades-para-pedir-luz-a-precio-justo\/","article:tag":["actualidad"],"article:published_time":"2014-02-01T23:03:17+00:00","article:modified_time":"2014-02-01T23:03:17+00:00","article:publisher":"https:\/\/facebook.com\/eldigitaldeasturias","twitter:card":"summary_large_image","twitter:title":"Miles de personas movilizadas en 23 ciudades para pedir \u00abluz a precio justo\u00bb - El Digital de Asturias","twitter:description":"Madrid, 1 feb (EFE).- Miles de personas se han movilizado hoy en 23 ciudades espa\u00f1olas para iniciar una campa\u00f1a bajo el lema &quot;Luz a Precio Justo&quot; y para protestar contra la carga a los consumidores de &quot;la deuda de las el\u00e9ctricas y de tarifas manifiestamente injustas&quot;, seg\u00fan un comunicado de la asociaci\u00f3n de consumidores Adicae.","twitter:label1":"Escrito por","twitter:data1":"El Digital de Asturias","twitter:label2":"Tiempo de lectura estimado","twitter:data2":"2 minutos"},"aioseo_meta_data":{"post_id":"481900","title":null,"description":null,"keywords":null,"keyphrases":null,"primary_term":null,"canonical_url":null,"og_title":null,"og_description":null,"og_object_type":"default","og_image_type":"default","og_image_url":null,"og_image_width":null,"og_image_height":null,"og_image_custom_url":null,"og_image_custom_fields":null,"og_video":null,"og_custom_url":null,"og_article_section":null,"og_article_tags":null,"twitter_use_og":true,"twitter_card":"default","twitter_image_type":"default","twitter_image_url":null,"twitter_image_custom_url":null,"twitter_image_custom_fields":null,"twitter_title":null,"twitter_description":null,"schema":{"blockGraphs":[],"customGraphs":[],"default":{"data":{"Article":[],"Course":[],"Dataset":[],"FAQPage":[],"Movie":[],"Person":[],"Product":[],"ProductReview":[],"Car":[],"Recipe":[],"Service":[],"SoftwareApplication":[],"WebPage":[]},"graphName":"","isEnabled":true},"graphs":[],"defaultGraph":"","defaultPostTypeGraph":""},"schema_type":null,"schema_type_options":null,"pillar_content":false,"robots_default":true,"robots_noindex":false,"robots_noarchive":false,"robots_nosnippet":false,"robots_nofollow":false,"robots_noimageindex":false,"robots_noodp":false,"robots_notranslate":false,"robots_max_snippet":null,"robots_max_videopreview":null,"robots_max_imagepreview":"none","priority":null,"frequency":null,"local_seo":null,"seo_analyzer_scan_date":"2026-06-02 08:14:49","breadcrumb_settings":null,"limit_modified_date":false,"open_ai":null,"ai":null,"created":"2020-11-14 22:54:29","updated":"2026-06-02 08:14:49","focus_keyword":null,"additional_keywords":null,"truseo_locale":null},"aioseo_breadcrumb":"<div class=\"aioseo-breadcrumbs\"><span class=\"aioseo-breadcrumb\">\n\t<a href=\"https:\/\/www.eldigitaldeasturias.com\/noticias\" title=\"Home\">Home<\/a>\n<\/span><span class=\"aioseo-breadcrumb-separator\">\u2013<\/span><span class=\"aioseo-breadcrumb\">\n\t<a href=\"https:\/\/www.eldigitaldeasturias.com\/noticias\/category\/actualidad\/\" title=\"Actualidad\">Actualidad<\/a>\n<\/span><span class=\"aioseo-breadcrumb-separator\">\u2013<\/span><span class=\"aioseo-breadcrumb\">\n\t<a href=\"https:\/\/www.eldigitaldeasturias.com\/noticias\/miles-de-personas-movilizadas-en-23-ciudades-para-pedir-luz-a-precio-justo\/\" title=\"Miles de personas movilizadas en 23 ciudades para pedir \u00abluz a precio justo\u00bb\">Miles de personas movilizadas en 23 ciudades para pedir \u00abluz a precio justo\u00bb<\/a>\n<\/span><\/div>","aioseo_breadcrumb_json":[{"label":"Home","link":"https:\/\/www.eldigitaldeasturias.com\/noticias"},{"label":"Actualidad","link":"https:\/\/www.eldigitaldeasturias.com\/noticias\/category\/actualidad\/"},{"label":"Miles de personas movilizadas en 23 ciudades para pedir \u00abluz a precio justo\u00bb","link":"https:\/\/www.eldigitaldeasturias.com\/noticias\/miles-de-personas-movilizadas-en-23-ciudades-para-pedir-luz-a-precio-justo\/"}],"_links":{"self":[{"href":"https:\/\/www.eldigitaldeasturias.com\/noticias\/wp-json\/wp\/v2\/posts\/481900","targetHints":{"allow":["GET"]}}],"collection":[{"href":"https:\/\/www.eldigitaldeasturias.com\/noticias\/wp-json\/wp\/v2\/posts"}],"about":[{"href":"https:\/\/www.eldigitaldeasturias.com\/noticias\/wp-json\/wp\/v2\/types\/post"}],"author":[{"embeddable":true,"href":"https:\/\/www.eldigitaldeasturias.com\/noticias\/wp-json\/wp\/v2\/users\/1"}],"replies":[{"embeddable":true,"href":"https:\/\/www.eldigitaldeasturias.com\/noticias\/wp-json\/wp\/v2\/comments?post=481900"}],"version-history":[{"count":0,"href":"https:\/\/www.eldigitaldeasturias.com\/noticias\/wp-json\/wp\/v2\/posts\/481900\/revisions"}],"wp:attachment":[{"href":"https:\/\/www.eldigitaldeasturias.com\/noticias\/wp-json\/wp\/v2\/media?parent=481900"}],"wp:term":[{"taxonomy":"category","embeddable":true,"href":"https:\/\/www.eldigitaldeasturias.com\/noticias\/wp-json\/wp\/v2\/categories?post=481900"},{"taxonomy":"post_tag","embeddable":true,"href":"https:\/\/www.eldigitaldeasturias.com\/noticias\/wp-json\/wp\/v2\/tags?post=481900"}],"curies":[{"name":"wp","href":"https:\/\/api.w.org\/{rel}","templated":true}]}}