{"id":481897,"date":"2014-02-01T22:00:51","date_gmt":"2014-02-01T23:00:51","guid":{"rendered":"http:\/\/www.eldigitaldeasturias.com\/noticias\/?p=481897"},"modified":"2014-02-01T22:01:35","modified_gmt":"2014-02-01T23:01:35","slug":"miles-de-personas-se-manifiestan-en-madrid-en-contra-de-la-reforma-del-aborto","status":"publish","type":"post","link":"https:\/\/www.eldigitaldeasturias.com\/noticias\/miles-de-personas-se-manifiestan-en-madrid-en-contra-de-la-reforma-del-aborto\/","title":{"rendered":"Miles de personas se manifiestan en Madrid en contra de la reforma del aborto"},"content":{"rendered":"<p><img loading=\"lazy\" decoding=\"async\" class=\"alignleft size-medium wp-image-481898\" alt=\"5900007w\" src=\"https:\/\/www.eldigitaldeasturias.com\/noticias\/wp-content\/uploads\/2014\/02\/5900007w-360x232.jpg\" width=\"360\" height=\"232\" \/>Madrid, 1 feb (EFE).- Miles de personas se han manifestado hoy en Madrid apoyando as\u00ed la iniciativa del \u00abTren de la libertad\u00bb para exigir la retirada de la reforma de la ley del aborto y la dimisi\u00f3n del ministro de Justicia, Alberto Ruiz-Gallard\u00f3n, en un ambiente reivindicativo y festivo en el que no se han registrado incidentes.<\/p>\n<p>El \u00abtren de la libertad\u00bb, iniciativa que se gest\u00f3 entre la Tertulia Feminista Les Comadres y Mujeres por la Igualdad de Barredos (Asturias) y al que se han sumado numerosas organizaciones, partidos y sindicatos, parti\u00f3 ayer desde Asturias y otras provincias de Espa\u00f1a con 300 mujeres.<\/p>\n<p>A su llegada a Madrid ha sido recibido con aplausos por numerosas personas y a \u00e9l se han unido grupos procedentes de varias ciudades de Espa\u00f1a que han acudido a la capital para sumarse a la protesta.<\/p>\n<p>As\u00ed, en torno a las 12.00 horas ha comenzado la manifestaci\u00f3n al grito de \u00abGallard\u00f3n dimisi\u00f3n\u00bb y con pancartas con lemas como \u00abDecidir nos hace libres\u00bb, \u00abAborto legal\u00bb, \u00abNosotras decidimos\u00bb y en la que, adem\u00e1s, se han dado cita representantes pol\u00edticos y figuras del cine como las actrices Pilar Bardem, Loles Le\u00f3n y Mar\u00eda Ad\u00e1nez.<\/p>\n<p>Minutos antes, algunos de los pol\u00edticos que han acudido a la protesta han hecho declaraciones como la vicesecretaria general del PSOE, Elena Valenciano, quien ha advertido al PP de que, aunque tuvieran todos los esca\u00f1os del Congreso y los distintos Parlamentos regionales de Espa\u00f1a, nunca podr\u00e1n decidir por las mujeres.<\/p>\n<p>\u00abHace tiempo que decidimos ser libres\u00bb, ha se\u00f1alado Valenciano, en la estaci\u00f3n de Atocha donde ha acudido tambi\u00e9n a recibir al \u00abTren de la libertad\u00bb rodeada de mujeres que no dejaban de gritar \u00abnosotras parimos, nosotras decidimos\u00bb.<\/p>\n<p>El diputado de IU Gaspar Llamazares tambi\u00e9n ha mostrado su rechazo al anteproyecto de ley de protecci\u00f3n de la vida del concebido y de los derechos de la mujer embarazada, que ha tildado de \u00abarcaico\u00bb y \u00abmedieval, y ha denunciado que \u00abtrata de imponer un dogma religioso a las mujeres\u00bb.<\/p>\n<p>Llamazares ha asegurado que en estos momentos la reforma \u00abya est\u00e1 derrotada\u00bb y lo \u00fanico que hace falta es \u00abimpedir su entrada al Congreso\u00bb.<\/p>\n<p>La marcha ha transcurrido desde Atocha hasta la plaza de Neptuno pasando por el Ministerio de Sanidad, Servicios Sociales e Igualdad donde varios manifestantes se han detenido en forma de protesta y han proferido gritos contra el Gobierno.<\/p>\n<p>Posteriormente, tres delegadas de las asociaciones asturianas impulsoras de la iniciativa, acompa\u00f1adas por la portavoz parlamentaria del PSOE, Soraya Rodr\u00edguez, han entregado en el Congreso de los Diputados un manifiesto con el t\u00edtulo \u00abPorque yo decido\u00bb.<\/p>\n<p>En el texto piden al Gobierno que mantenga la actual ley, que establece el aborto libre como un derecho de la mujer hasta la semana 14.<\/p>\n<p>En declaraciones a los medios, la portavoz de Les Comadres, Bego\u00f1a Pi\u00f1ero, ha exigido al presidente del Ejecutivo, Mariano Rajoy, y a Gallard\u00f3n que retiren la reforma \u00abporque va en contra de la dignidad de las mujeres\u00bb.<\/p>\n<p>\u00abNosotras somos ciudadanas de primera y sabemos cu\u00e1ndo, c\u00f3mo y con qui\u00e9n queremos ser madres\u00bb, ha se\u00f1alado Pi\u00f1ero, que ha viajado esta ma\u00f1ana en el \u00abTren de la libertad\u00bb.<\/p>\n<p>Ha a\u00f1adido que las mujeres no necesitan \u00abque la Iglesia y la extrema derecha\u00bb les gu\u00eden y ha insistido en mantener la ley actual por ser la m\u00e1s plural.<\/p>\n<p>\u00abEl Tren de la Libertad\u00bb ha hecho su \u00faltima parada en \u00abuna asamblea abierta\u00bb en el Auditorio Marcelino Camacho de CCOO en la que han solicitado la palabra m\u00e1s de medio centenar de organizaciones de mujeres, sindicatos, partidos pol\u00edticos y ciudadanas an\u00f3nimas.<\/p>\n","protected":false},"excerpt":{"rendered":"<p>Madrid, 1 feb (EFE).- Miles de personas se han manifestado hoy en Madrid apoyando as\u00ed la iniciativa del \u00abTren de la libertad\u00bb para exigir la retirada de la reforma de la ley del aborto y la dimisi\u00f3n del ministro de Justicia, Alberto Ruiz-Gallard\u00f3n, en un ambiente reivindicativo y festivo en el que no se han [&hellip;]<\/p>\n","protected":false},"author":1,"featured_media":481898,"comment_status":"closed","ping_status":"open","sticky":false,"template":"","format":"standard","meta":{"footnotes":""},"categories":[1,12],"tags":[],"class_list":["post-481897","post","type-post","status-publish","format-standard","has-post-thumbnail","hentry","category-actualidad","category-actualidad-asturias"],"aioseo_notices":[],"aioseo_head":"\n\t\t<!-- All in One SEO Pro 5.0.1 - aioseo.com -->\n\t<meta name=\"description\" content=\"Madrid, 1 feb (EFE).- Miles de personas se han manifestado hoy en Madrid apoyando as\u00ed la iniciativa del &quot;Tren de la libertad&quot; para exigir la retirada de la reforma de la ley del aborto y la dimisi\u00f3n del ministro de Justicia, Alberto Ruiz-Gallard\u00f3n, en un ambiente reivindicativo y festivo en el que no se han\" \/>\n\t<meta name=\"robots\" content=\"max-image-preview:large\" \/>\n\t<meta name=\"author\" content=\"El Digital de Asturias\"\/>\n\t<meta name=\"google-site-verification\" content=\"UA-38556648-1\" \/>\n\t<meta name=\"msvalidate.01\" content=\"7dfe9f3f1b24437ab69f4f2559babe99\" \/>\n\t<meta name=\"keywords\" content=\"actualidad,actualidad asturias\" \/>\n\t<link rel=\"canonical\" href=\"https:\/\/www.eldigitaldeasturias.com\/noticias\/miles-de-personas-se-manifiestan-en-madrid-en-contra-de-la-reforma-del-aborto\/\" \/>\n\t<meta name=\"generator\" content=\"All in One SEO Pro (AIOSEO) 5.0.1\" \/>\n\t\t<meta property=\"og:locale\" content=\"es_ES\" \/>\n\t\t<meta property=\"og:site_name\" content=\"El Digital de Asturias\" \/>\n\t\t<meta property=\"og:type\" content=\"article\" \/>\n\t\t<meta property=\"og:title\" content=\"Miles de personas se manifiestan en Madrid en contra de la reforma del aborto - El Digital de Asturias\" \/>\n\t\t<meta property=\"og:description\" content=\"Madrid, 1 feb (EFE).- Miles de personas se han manifestado hoy en Madrid apoyando as\u00ed la iniciativa del &quot;Tren de la libertad&quot; para exigir la retirada de la reforma de la ley del aborto y la dimisi\u00f3n del ministro de Justicia, Alberto Ruiz-Gallard\u00f3n, en un ambiente reivindicativo y festivo en el que no se han\" \/>\n\t\t<meta property=\"og:url\" content=\"https:\/\/www.eldigitaldeasturias.com\/noticias\/miles-de-personas-se-manifiestan-en-madrid-en-contra-de-la-reforma-del-aborto\/\" \/>\n\t\t<meta property=\"article:tag\" content=\"actualidad\" \/>\n\t\t<meta property=\"article:tag\" content=\"actualidad asturias\" \/>\n\t\t<meta property=\"article:published_time\" content=\"2014-02-01T23:00:51+00:00\" \/>\n\t\t<meta property=\"article:modified_time\" content=\"2014-02-01T23:01:35+00:00\" \/>\n\t\t<meta property=\"article:publisher\" content=\"https:\/\/facebook.com\/eldigitaldeasturias\" \/>\n\t\t<meta name=\"twitter:card\" content=\"summary_large_image\" \/>\n\t\t<meta name=\"twitter:title\" content=\"Miles de personas se manifiestan en Madrid en contra de la reforma del aborto - El Digital de Asturias\" \/>\n\t\t<meta name=\"twitter:description\" content=\"Madrid, 1 feb (EFE).- Miles de personas se han manifestado hoy en Madrid apoyando as\u00ed la iniciativa del &quot;Tren de la libertad&quot; para exigir la retirada de la reforma de la ley del aborto y la dimisi\u00f3n del ministro de Justicia, Alberto Ruiz-Gallard\u00f3n, en un ambiente reivindicativo y festivo en el que no se han\" \/>\n\t\t<meta name=\"twitter:label1\" content=\"Escrito por\" \/>\n\t\t<meta name=\"twitter:data1\" content=\"El Digital de Asturias\" \/>\n\t\t<meta name=\"twitter:label2\" content=\"Tiempo de lectura estimado\" \/>\n\t\t<meta name=\"twitter:data2\" content=\"3 minutos\" \/>\n\t\t<script type=\"application\/ld+json\" class=\"aioseo-schema\">\n\t\t\t{\"@context\":\"https:\\\/\\\/schema.org\",\"@graph\":[{\"@type\":\"BlogPosting\",\"@id\":\"https:\\\/\\\/www.eldigitaldeasturias.com\\\/noticias\\\/miles-de-personas-se-manifiestan-en-madrid-en-contra-de-la-reforma-del-aborto\\\/#blogposting\",\"name\":\"Miles de personas se manifiestan en Madrid en contra de la reforma del aborto - El Digital de Asturias\",\"headline\":\"Miles de personas se manifiestan en Madrid en contra de la reforma del aborto\",\"author\":{\"@id\":\"https:\\\/\\\/www.eldigitaldeasturias.com\\\/noticias\\\/author\\\/admin\\\/#author\"},\"publisher\":{\"@id\":\"https:\\\/\\\/www.eldigitaldeasturias.com\\\/noticias\\\/#organization\"},\"image\":{\"@type\":\"ImageObject\",\"url\":481898},\"datePublished\":\"2014-02-01T22:00:51+01:00\",\"dateModified\":\"2014-02-01T22:01:35+01:00\",\"inLanguage\":\"es-ES\",\"mainEntityOfPage\":{\"@id\":\"https:\\\/\\\/www.eldigitaldeasturias.com\\\/noticias\\\/miles-de-personas-se-manifiestan-en-madrid-en-contra-de-la-reforma-del-aborto\\\/#webpage\"},\"isPartOf\":{\"@id\":\"https:\\\/\\\/www.eldigitaldeasturias.com\\\/noticias\\\/miles-de-personas-se-manifiestan-en-madrid-en-contra-de-la-reforma-del-aborto\\\/#webpage\"},\"articleSection\":\"Actualidad, Actualidad Asturias\"},{\"@type\":\"BreadcrumbList\",\"@id\":\"https:\\\/\\\/www.eldigitaldeasturias.com\\\/noticias\\\/miles-de-personas-se-manifiestan-en-madrid-en-contra-de-la-reforma-del-aborto\\\/#breadcrumblist\",\"itemListElement\":[{\"@type\":\"ListItem\",\"@id\":\"https:\\\/\\\/www.eldigitaldeasturias.com\\\/noticias#listItem\",\"position\":1,\"name\":\"Home\",\"item\":\"https:\\\/\\\/www.eldigitaldeasturias.com\\\/noticias\",\"nextItem\":{\"@type\":\"ListItem\",\"@id\":\"https:\\\/\\\/www.eldigitaldeasturias.com\\\/noticias\\\/category\\\/actualidad\\\/#listItem\",\"name\":\"Actualidad\"}},{\"@type\":\"ListItem\",\"@id\":\"https:\\\/\\\/www.eldigitaldeasturias.com\\\/noticias\\\/category\\\/actualidad\\\/#listItem\",\"position\":2,\"name\":\"Actualidad\",\"item\":\"https:\\\/\\\/www.eldigitaldeasturias.com\\\/noticias\\\/category\\\/actualidad\\\/\",\"nextItem\":{\"@type\":\"ListItem\",\"@id\":\"https:\\\/\\\/www.eldigitaldeasturias.com\\\/noticias\\\/miles-de-personas-se-manifiestan-en-madrid-en-contra-de-la-reforma-del-aborto\\\/#listItem\",\"name\":\"Miles de personas se manifiestan en Madrid en contra de la reforma del aborto\"},\"previousItem\":{\"@type\":\"ListItem\",\"@id\":\"https:\\\/\\\/www.eldigitaldeasturias.com\\\/noticias#listItem\",\"name\":\"Home\"}},{\"@type\":\"ListItem\",\"@id\":\"https:\\\/\\\/www.eldigitaldeasturias.com\\\/noticias\\\/miles-de-personas-se-manifiestan-en-madrid-en-contra-de-la-reforma-del-aborto\\\/#listItem\",\"position\":3,\"name\":\"Miles de personas se manifiestan en Madrid en contra de la reforma del aborto\",\"previousItem\":{\"@type\":\"ListItem\",\"@id\":\"https:\\\/\\\/www.eldigitaldeasturias.com\\\/noticias\\\/category\\\/actualidad\\\/#listItem\",\"name\":\"Actualidad\"}}]},{\"@type\":\"Organization\",\"@id\":\"https:\\\/\\\/www.eldigitaldeasturias.com\\\/noticias\\\/#organization\",\"name\":\"El Digital de Asturias\",\"description\":\"Hemeroteca\",\"url\":\"https:\\\/\\\/www.eldigitaldeasturias.com\\\/noticias\\\/\",\"email\":\"info@eldigitaldeasturias.com\",\"telephone\":\"+34652131393\",\"logo\":{\"@type\":\"ImageObject\",\"url\":\"https:\\\/\\\/www.eldigitaldeasturias.com\\\/noticias\\\/wp-content\\\/uploads\\\/2020\\\/12\\\/EDA.jpg\",\"@id\":\"https:\\\/\\\/www.eldigitaldeasturias.com\\\/noticias\\\/miles-de-personas-se-manifiestan-en-madrid-en-contra-de-la-reforma-del-aborto\\\/#organizationLogo\"},\"image\":{\"@id\":\"https:\\\/\\\/www.eldigitaldeasturias.com\\\/noticias\\\/miles-de-personas-se-manifiestan-en-madrid-en-contra-de-la-reforma-del-aborto\\\/#organizationLogo\"},\"sameAs\":[\"https:\\\/\\\/facebook.com\\\/eldigitaldeasturias\",\"https:\\\/\\\/www.youtube.com\\\/channel\\\/UCZP-2wLEB9Rv6erhFmqVnvg\"],\"address\":{\"@id\":\"https:\\\/\\\/www.eldigitaldeasturias.com\\\/noticias\\\/#postaladdress\",\"@type\":\"PostalAddress\",\"streetAddress\":\"san antonio 4\",\"postalCode\":\"33430\",\"addressLocality\":\"Cand\\u00e1s\",\"addressRegion\":\"Asturias\",\"addressCountry\":\"ES\"}},{\"@type\":\"Person\",\"@id\":\"https:\\\/\\\/www.eldigitaldeasturias.com\\\/noticias\\\/author\\\/admin\\\/#author\",\"url\":\"https:\\\/\\\/www.eldigitaldeasturias.com\\\/noticias\\\/author\\\/admin\\\/\",\"name\":\"El Digital de Asturias\",\"image\":{\"@type\":\"ImageObject\",\"@id\":\"https:\\\/\\\/www.eldigitaldeasturias.com\\\/noticias\\\/miles-de-personas-se-manifiestan-en-madrid-en-contra-de-la-reforma-del-aborto\\\/#authorImage\",\"url\":\"https:\\\/\\\/secure.gravatar.com\\\/avatar\\\/df2aeffc32bcd13f8d26072ef8a91b623d677766deac7f97ca815868cd41bf5e?s=96&d=mm&r=g\",\"width\":96,\"height\":96,\"caption\":\"El Digital de Asturias\"}},{\"@type\":\"WebPage\",\"@id\":\"https:\\\/\\\/www.eldigitaldeasturias.com\\\/noticias\\\/miles-de-personas-se-manifiestan-en-madrid-en-contra-de-la-reforma-del-aborto\\\/#webpage\",\"url\":\"https:\\\/\\\/www.eldigitaldeasturias.com\\\/noticias\\\/miles-de-personas-se-manifiestan-en-madrid-en-contra-de-la-reforma-del-aborto\\\/\",\"name\":\"Miles de personas se manifiestan en Madrid en contra de la reforma del aborto - El Digital de Asturias\",\"description\":\"Madrid, 1 feb (EFE).- Miles de personas se han manifestado hoy en Madrid apoyando as\\u00ed la iniciativa del \\\"Tren de la libertad\\\" para exigir la retirada de la reforma de la ley del aborto y la dimisi\\u00f3n del ministro de Justicia, Alberto Ruiz-Gallard\\u00f3n, en un ambiente reivindicativo y festivo en el que no se han\",\"inLanguage\":\"es-ES\",\"isPartOf\":{\"@id\":\"https:\\\/\\\/www.eldigitaldeasturias.com\\\/noticias\\\/#website\"},\"breadcrumb\":{\"@id\":\"https:\\\/\\\/www.eldigitaldeasturias.com\\\/noticias\\\/miles-de-personas-se-manifiestan-en-madrid-en-contra-de-la-reforma-del-aborto\\\/#breadcrumblist\"},\"author\":{\"@id\":\"https:\\\/\\\/www.eldigitaldeasturias.com\\\/noticias\\\/author\\\/admin\\\/#author\"},\"creator\":{\"@id\":\"https:\\\/\\\/www.eldigitaldeasturias.com\\\/noticias\\\/author\\\/admin\\\/#author\"},\"image\":{\"@type\":\"ImageObject\",\"url\":481898,\"@id\":\"https:\\\/\\\/www.eldigitaldeasturias.com\\\/noticias\\\/miles-de-personas-se-manifiestan-en-madrid-en-contra-de-la-reforma-del-aborto\\\/#mainImage\"},\"primaryImageOfPage\":{\"@id\":\"https:\\\/\\\/www.eldigitaldeasturias.com\\\/noticias\\\/miles-de-personas-se-manifiestan-en-madrid-en-contra-de-la-reforma-del-aborto\\\/#mainImage\"},\"datePublished\":\"2014-02-01T22:00:51+01:00\",\"dateModified\":\"2014-02-01T22:01:35+01:00\"},{\"@type\":\"WebSite\",\"@id\":\"https:\\\/\\\/www.eldigitaldeasturias.com\\\/noticias\\\/#website\",\"url\":\"https:\\\/\\\/www.eldigitaldeasturias.com\\\/noticias\\\/\",\"name\":\"El Digital de Asturias - Diario de actualidad y noticias\",\"alternateName\":\"El Digital de Asturias - Diario de actualidad y noticias\",\"description\":\"Hemeroteca\",\"inLanguage\":\"es-ES\",\"publisher\":{\"@id\":\"https:\\\/\\\/www.eldigitaldeasturias.com\\\/noticias\\\/#organization\"}}]}\n\t\t<\/script>\n\t\t<!-- All in One SEO Pro -->\r\n\t\t<title>Miles de personas se manifiestan en Madrid en contra de la reforma del aborto - El Digital de Asturias<\/title>\n\n","aioseo_head_json":{"title":"Miles de personas se manifiestan en Madrid en contra de la reforma del aborto - El Digital de Asturias","description":"Madrid, 1 feb (EFE).- Miles de personas se han manifestado hoy en Madrid apoyando as\u00ed la iniciativa del \"Tren de la libertad\" para exigir la retirada de la reforma de la ley del aborto y la dimisi\u00f3n del ministro de Justicia, Alberto Ruiz-Gallard\u00f3n, en un ambiente reivindicativo y festivo en el que no se han","canonical_url":"https:\/\/www.eldigitaldeasturias.com\/noticias\/miles-de-personas-se-manifiestan-en-madrid-en-contra-de-la-reforma-del-aborto\/","robots":"max-image-preview:large","keywords":"actualidad,actualidad asturias","webmasterTools":{"google-site-verification":"UA-38556648-1","msvalidate.01":"7dfe9f3f1b24437ab69f4f2559babe99","miscellaneous":""},"schema":{"@context":"https:\/\/schema.org","@graph":[{"@type":"BlogPosting","@id":"https:\/\/www.eldigitaldeasturias.com\/noticias\/miles-de-personas-se-manifiestan-en-madrid-en-contra-de-la-reforma-del-aborto\/#blogposting","name":"Miles de personas se manifiestan en Madrid en contra de la reforma del aborto - El Digital de Asturias","headline":"Miles de personas se manifiestan en Madrid en contra de la reforma del aborto","author":{"@id":"https:\/\/www.eldigitaldeasturias.com\/noticias\/author\/admin\/#author"},"publisher":{"@id":"https:\/\/www.eldigitaldeasturias.com\/noticias\/#organization"},"image":{"@type":"ImageObject","url":481898},"datePublished":"2014-02-01T22:00:51+01:00","dateModified":"2014-02-01T22:01:35+01:00","inLanguage":"es-ES","mainEntityOfPage":{"@id":"https:\/\/www.eldigitaldeasturias.com\/noticias\/miles-de-personas-se-manifiestan-en-madrid-en-contra-de-la-reforma-del-aborto\/#webpage"},"isPartOf":{"@id":"https:\/\/www.eldigitaldeasturias.com\/noticias\/miles-de-personas-se-manifiestan-en-madrid-en-contra-de-la-reforma-del-aborto\/#webpage"},"articleSection":"Actualidad, Actualidad Asturias"},{"@type":"BreadcrumbList","@id":"https:\/\/www.eldigitaldeasturias.com\/noticias\/miles-de-personas-se-manifiestan-en-madrid-en-contra-de-la-reforma-del-aborto\/#breadcrumblist","itemListElement":[{"@type":"ListItem","@id":"https:\/\/www.eldigitaldeasturias.com\/noticias#listItem","position":1,"name":"Home","item":"https:\/\/www.eldigitaldeasturias.com\/noticias","nextItem":{"@type":"ListItem","@id":"https:\/\/www.eldigitaldeasturias.com\/noticias\/category\/actualidad\/#listItem","name":"Actualidad"}},{"@type":"ListItem","@id":"https:\/\/www.eldigitaldeasturias.com\/noticias\/category\/actualidad\/#listItem","position":2,"name":"Actualidad","item":"https:\/\/www.eldigitaldeasturias.com\/noticias\/category\/actualidad\/","nextItem":{"@type":"ListItem","@id":"https:\/\/www.eldigitaldeasturias.com\/noticias\/miles-de-personas-se-manifiestan-en-madrid-en-contra-de-la-reforma-del-aborto\/#listItem","name":"Miles de personas se manifiestan en Madrid en contra de la reforma del aborto"},"previousItem":{"@type":"ListItem","@id":"https:\/\/www.eldigitaldeasturias.com\/noticias#listItem","name":"Home"}},{"@type":"ListItem","@id":"https:\/\/www.eldigitaldeasturias.com\/noticias\/miles-de-personas-se-manifiestan-en-madrid-en-contra-de-la-reforma-del-aborto\/#listItem","position":3,"name":"Miles de personas se manifiestan en Madrid en contra de la reforma del aborto","previousItem":{"@type":"ListItem","@id":"https:\/\/www.eldigitaldeasturias.com\/noticias\/category\/actualidad\/#listItem","name":"Actualidad"}}]},{"@type":"Organization","@id":"https:\/\/www.eldigitaldeasturias.com\/noticias\/#organization","name":"El Digital de Asturias","description":"Hemeroteca","url":"https:\/\/www.eldigitaldeasturias.com\/noticias\/","email":"info@eldigitaldeasturias.com","telephone":"+34652131393","logo":{"@type":"ImageObject","url":"https:\/\/www.eldigitaldeasturias.com\/noticias\/wp-content\/uploads\/2020\/12\/EDA.jpg","@id":"https:\/\/www.eldigitaldeasturias.com\/noticias\/miles-de-personas-se-manifiestan-en-madrid-en-contra-de-la-reforma-del-aborto\/#organizationLogo"},"image":{"@id":"https:\/\/www.eldigitaldeasturias.com\/noticias\/miles-de-personas-se-manifiestan-en-madrid-en-contra-de-la-reforma-del-aborto\/#organizationLogo"},"sameAs":["https:\/\/facebook.com\/eldigitaldeasturias","https:\/\/www.youtube.com\/channel\/UCZP-2wLEB9Rv6erhFmqVnvg"],"address":{"@id":"https:\/\/www.eldigitaldeasturias.com\/noticias\/#postaladdress","@type":"PostalAddress","streetAddress":"san antonio 4","postalCode":"33430","addressLocality":"Cand\u00e1s","addressRegion":"Asturias","addressCountry":"ES"}},{"@type":"Person","@id":"https:\/\/www.eldigitaldeasturias.com\/noticias\/author\/admin\/#author","url":"https:\/\/www.eldigitaldeasturias.com\/noticias\/author\/admin\/","name":"El Digital de Asturias","image":{"@type":"ImageObject","@id":"https:\/\/www.eldigitaldeasturias.com\/noticias\/miles-de-personas-se-manifiestan-en-madrid-en-contra-de-la-reforma-del-aborto\/#authorImage","url":"https:\/\/secure.gravatar.com\/avatar\/df2aeffc32bcd13f8d26072ef8a91b623d677766deac7f97ca815868cd41bf5e?s=96&d=mm&r=g","width":96,"height":96,"caption":"El Digital de Asturias"}},{"@type":"WebPage","@id":"https:\/\/www.eldigitaldeasturias.com\/noticias\/miles-de-personas-se-manifiestan-en-madrid-en-contra-de-la-reforma-del-aborto\/#webpage","url":"https:\/\/www.eldigitaldeasturias.com\/noticias\/miles-de-personas-se-manifiestan-en-madrid-en-contra-de-la-reforma-del-aborto\/","name":"Miles de personas se manifiestan en Madrid en contra de la reforma del aborto - El Digital de Asturias","description":"Madrid, 1 feb (EFE).- Miles de personas se han manifestado hoy en Madrid apoyando as\u00ed la iniciativa del \"Tren de la libertad\" para exigir la retirada de la reforma de la ley del aborto y la dimisi\u00f3n del ministro de Justicia, Alberto Ruiz-Gallard\u00f3n, en un ambiente reivindicativo y festivo en el que no se han","inLanguage":"es-ES","isPartOf":{"@id":"https:\/\/www.eldigitaldeasturias.com\/noticias\/#website"},"breadcrumb":{"@id":"https:\/\/www.eldigitaldeasturias.com\/noticias\/miles-de-personas-se-manifiestan-en-madrid-en-contra-de-la-reforma-del-aborto\/#breadcrumblist"},"author":{"@id":"https:\/\/www.eldigitaldeasturias.com\/noticias\/author\/admin\/#author"},"creator":{"@id":"https:\/\/www.eldigitaldeasturias.com\/noticias\/author\/admin\/#author"},"image":{"@type":"ImageObject","url":481898,"@id":"https:\/\/www.eldigitaldeasturias.com\/noticias\/miles-de-personas-se-manifiestan-en-madrid-en-contra-de-la-reforma-del-aborto\/#mainImage"},"primaryImageOfPage":{"@id":"https:\/\/www.eldigitaldeasturias.com\/noticias\/miles-de-personas-se-manifiestan-en-madrid-en-contra-de-la-reforma-del-aborto\/#mainImage"},"datePublished":"2014-02-01T22:00:51+01:00","dateModified":"2014-02-01T22:01:35+01:00"},{"@type":"WebSite","@id":"https:\/\/www.eldigitaldeasturias.com\/noticias\/#website","url":"https:\/\/www.eldigitaldeasturias.com\/noticias\/","name":"El Digital de Asturias - Diario de actualidad y noticias","alternateName":"El Digital de Asturias - Diario de actualidad y noticias","description":"Hemeroteca","inLanguage":"es-ES","publisher":{"@id":"https:\/\/www.eldigitaldeasturias.com\/noticias\/#organization"}}]},"og:locale":"es_ES","og:site_name":"El Digital de Asturias","og:type":"article","og:title":"Miles de personas se manifiestan en Madrid en contra de la reforma del aborto - El Digital de Asturias","og:description":"Madrid, 1 feb (EFE).- Miles de personas se han manifestado hoy en Madrid apoyando as\u00ed la iniciativa del &quot;Tren de la libertad&quot; para exigir la retirada de la reforma de la ley del aborto y la dimisi\u00f3n del ministro de Justicia, Alberto Ruiz-Gallard\u00f3n, en un ambiente reivindicativo y festivo en el que no se han","og:url":"https:\/\/www.eldigitaldeasturias.com\/noticias\/miles-de-personas-se-manifiestan-en-madrid-en-contra-de-la-reforma-del-aborto\/","article:tag":["actualidad","actualidad asturias"],"article:published_time":"2014-02-01T23:00:51+00:00","article:modified_time":"2014-02-01T23:01:35+00:00","article:publisher":"https:\/\/facebook.com\/eldigitaldeasturias","twitter:card":"summary_large_image","twitter:title":"Miles de personas se manifiestan en Madrid en contra de la reforma del aborto - El Digital de Asturias","twitter:description":"Madrid, 1 feb (EFE).- Miles de personas se han manifestado hoy en Madrid apoyando as\u00ed la iniciativa del &quot;Tren de la libertad&quot; para exigir la retirada de la reforma de la ley del aborto y la dimisi\u00f3n del ministro de Justicia, Alberto Ruiz-Gallard\u00f3n, en un ambiente reivindicativo y festivo en el que no se han","twitter:label1":"Escrito por","twitter:data1":"El Digital de Asturias","twitter:label2":"Tiempo de lectura estimado","twitter:data2":"3 minutos"},"aioseo_meta_data":{"post_id":"481897","title":null,"description":null,"keywords":null,"keyphrases":null,"primary_term":null,"canonical_url":null,"og_title":null,"og_description":null,"og_object_type":"default","og_image_type":"default","og_image_url":null,"og_image_width":null,"og_image_height":null,"og_image_custom_url":null,"og_image_custom_fields":null,"og_video":null,"og_custom_url":null,"og_article_section":null,"og_article_tags":null,"twitter_use_og":true,"twitter_card":"default","twitter_image_type":"default","twitter_image_url":null,"twitter_image_custom_url":null,"twitter_image_custom_fields":null,"twitter_title":null,"twitter_description":null,"schema":{"blockGraphs":[],"customGraphs":[],"default":{"data":{"Article":[],"Course":[],"Dataset":[],"FAQPage":[],"Movie":[],"Person":[],"Product":[],"ProductReview":[],"Car":[],"Recipe":[],"Service":[],"SoftwareApplication":[],"WebPage":[]},"graphName":"","isEnabled":true},"graphs":[],"defaultGraph":"","defaultPostTypeGraph":""},"schema_type":null,"schema_type_options":null,"pillar_content":false,"robots_default":true,"robots_noindex":false,"robots_noarchive":false,"robots_nosnippet":false,"robots_nofollow":false,"robots_noimageindex":false,"robots_noodp":false,"robots_notranslate":false,"robots_max_snippet":null,"robots_max_videopreview":null,"robots_max_imagepreview":"none","priority":null,"frequency":null,"local_seo":null,"seo_analyzer_scan_date":"2026-06-02 08:13:07","breadcrumb_settings":null,"limit_modified_date":false,"open_ai":null,"ai":null,"created":"2020-11-14 22:54:29","updated":"2026-06-02 08:13:07","focus_keyword":null,"additional_keywords":null,"truseo_locale":null},"aioseo_breadcrumb":"<div class=\"aioseo-breadcrumbs\"><span class=\"aioseo-breadcrumb\">\n\t<a href=\"https:\/\/www.eldigitaldeasturias.com\/noticias\" title=\"Home\">Home<\/a>\n<\/span><span class=\"aioseo-breadcrumb-separator\">\u2013<\/span><span class=\"aioseo-breadcrumb\">\n\t<a href=\"https:\/\/www.eldigitaldeasturias.com\/noticias\/category\/actualidad\/\" title=\"Actualidad\">Actualidad<\/a>\n<\/span><span class=\"aioseo-breadcrumb-separator\">\u2013<\/span><span class=\"aioseo-breadcrumb\">\n\t<a href=\"https:\/\/www.eldigitaldeasturias.com\/noticias\/miles-de-personas-se-manifiestan-en-madrid-en-contra-de-la-reforma-del-aborto\/\" title=\"Miles de personas se manifiestan en Madrid en contra de la reforma del aborto\">Miles de personas se manifiestan en Madrid en contra de la reforma del aborto<\/a>\n<\/span><\/div>","aioseo_breadcrumb_json":[{"label":"Home","link":"https:\/\/www.eldigitaldeasturias.com\/noticias"},{"label":"Actualidad","link":"https:\/\/www.eldigitaldeasturias.com\/noticias\/category\/actualidad\/"},{"label":"Miles de personas se manifiestan en Madrid en contra de la reforma del aborto","link":"https:\/\/www.eldigitaldeasturias.com\/noticias\/miles-de-personas-se-manifiestan-en-madrid-en-contra-de-la-reforma-del-aborto\/"}],"_links":{"self":[{"href":"https:\/\/www.eldigitaldeasturias.com\/noticias\/wp-json\/wp\/v2\/posts\/481897","targetHints":{"allow":["GET"]}}],"collection":[{"href":"https:\/\/www.eldigitaldeasturias.com\/noticias\/wp-json\/wp\/v2\/posts"}],"about":[{"href":"https:\/\/www.eldigitaldeasturias.com\/noticias\/wp-json\/wp\/v2\/types\/post"}],"author":[{"embeddable":true,"href":"https:\/\/www.eldigitaldeasturias.com\/noticias\/wp-json\/wp\/v2\/users\/1"}],"replies":[{"embeddable":true,"href":"https:\/\/www.eldigitaldeasturias.com\/noticias\/wp-json\/wp\/v2\/comments?post=481897"}],"version-history":[{"count":0,"href":"https:\/\/www.eldigitaldeasturias.com\/noticias\/wp-json\/wp\/v2\/posts\/481897\/revisions"}],"wp:attachment":[{"href":"https:\/\/www.eldigitaldeasturias.com\/noticias\/wp-json\/wp\/v2\/media?parent=481897"}],"wp:term":[{"taxonomy":"category","embeddable":true,"href":"https:\/\/www.eldigitaldeasturias.com\/noticias\/wp-json\/wp\/v2\/categories?post=481897"},{"taxonomy":"post_tag","embeddable":true,"href":"https:\/\/www.eldigitaldeasturias.com\/noticias\/wp-json\/wp\/v2\/tags?post=481897"}],"curies":[{"name":"wp","href":"https:\/\/api.w.org\/{rel}","templated":true}]}}