{"id":481888,"date":"2014-02-01T21:56:10","date_gmt":"2014-02-01T22:56:10","guid":{"rendered":"http:\/\/www.eldigitaldeasturias.com\/noticias\/?p=481888"},"modified":"2014-02-01T21:56:10","modified_gmt":"2014-02-01T22:56:10","slug":"berlusconi-reaparece-en-un-mitin-y-desmiente-divergencias-en-forza-italia","status":"publish","type":"post","link":"https:\/\/www.eldigitaldeasturias.com\/noticias\/berlusconi-reaparece-en-un-mitin-y-desmiente-divergencias-en-forza-italia\/","title":{"rendered":"Berlusconi reaparece en un mitin y desmiente divergencias en Forza Italia"},"content":{"rendered":"<p><img loading=\"lazy\" decoding=\"async\" class=\"alignleft size-medium wp-image-481889\" alt=\"5900115w\" src=\"https:\/\/www.eldigitaldeasturias.com\/noticias\/wp-content\/uploads\/2014\/02\/5900115w-360x252.jpg\" width=\"360\" height=\"252\" \/>Roma, 1 feb (EFE).- El ex primer ministro italiano Silvio Berlusconi reapareci\u00f3 hoy en un mitin en la isla de Cerde\u00f1a en el que desminti\u00f3 las divergencias en el seno de su formaci\u00f3n, Forza Italia, y present\u00f3 a su nuevo consejero, el periodista Giovanni Toti, del que dicen puede ser su heredero pol\u00edtico.<\/p>\n<p>Desde el pasado 27 de noviembre, cuando fue expulsado del Senado por su condena en firme por corrupci\u00f3n, Berlusconi no hab\u00eda vuelto a hablar en p\u00fablico, aunque s\u00ed hab\u00eda participado en reuniones con sus correligionarios.<\/p>\n<p>La reaparici\u00f3n del presidente de Forza Italia en un mitin para apoyar a su candidato Ugo Cappellacci para las pr\u00f3ximas elecciones regionales en Cerde\u00f1a, se convirti\u00f3 en un nuevo espect\u00e1culo con chistes y bromas.<\/p>\n<p>\u00abOs presento a un amigo m\u00edo, se llama Giovanni Toti, desde hace a\u00f1os trabaja en Mediaset y ha renunciado a un sueldo estupendo, como todos los que trabajan en Mediaset, por amor hacia m\u00ed. Pero os aseguro que no somos gays\u00bb, dijo Berlusconi.<\/p>\n<p>Berlusconi present\u00f3 as\u00ed a Toti, hasta ahora director de los informativos de \u00abRete4\u00bb, uno de los canales de Mediaset, el grupo televisivo de su propiedad y a quien ha nombrado consejero pol\u00edtico del partido.<\/p>\n<p>La prensa italiana presenta a Toti, de 45 a\u00f1os de edad, como el candidato a ser el delf\u00edn de Berlusconi en un intento de realizar un cambio generacional del partido, algo que no ha gustado en las filas de Forza Italia, aseguran los medios.<\/p>\n<p>Adem\u00e1s Berlusconi buscar\u00eda un heredero pol\u00edtico, debido a que por su condena en firme por el caso Mediaset, fue expulsado del Senado y no podr\u00eda presentarse a elecciones en los pr\u00f3ximos seis a\u00f1os, como dispone la actual legislaci\u00f3n italiana.<\/p>\n<p>Berlusconi asegur\u00f3 que los problemas de los que habla la prensa \u00abson estupideces\u00bb y que no habr\u00e1 ning\u00fan cambio generacional.<\/p>\n<p>Al respecto, Berlusconi, de 78 a\u00f1os, brome\u00f3 tambi\u00e9n sobre las fotograf\u00edas publicadas la semana pasada en el peri\u00f3dico brit\u00e1nico \u00abSunday Times\u00bb, al asegurar que pretend\u00edan representarlo cuando tuviera 90 a\u00f1os pero que las vendieron como si fueran de ahora.<\/p>\n<p>\u00abAlgunas arrugas hay, pero mis 80 a\u00f1os los llevo fenomenal\u00bb, dijo Berlusconi, quien despu\u00e9s \u00abinvit\u00f3\u00bb a las mujeres presentes a tocar su cara para comprobarlo.<\/p>\n<p>Berlusconi volvi\u00f3 a aprovechar la ocasi\u00f3n para declararse \u00abun perseguido\u00bb de la Justicia y asegur\u00f3 que su mala suerte ha sido \u00abhaber coincidido con tres presidente de la Rep\u00fablica de izquierdas\u00bb.<\/p>\n","protected":false},"excerpt":{"rendered":"<p>Roma, 1 feb (EFE).- El ex primer ministro italiano Silvio Berlusconi reapareci\u00f3 hoy en un mitin en la isla de Cerde\u00f1a en el que desminti\u00f3 las divergencias en el seno de su formaci\u00f3n, Forza Italia, y present\u00f3 a su nuevo consejero, el periodista Giovanni Toti, del que dicen puede ser su heredero pol\u00edtico. Desde el [&hellip;]<\/p>\n","protected":false},"author":1,"featured_media":481889,"comment_status":"closed","ping_status":"open","sticky":false,"template":"","format":"standard","meta":{"footnotes":""},"categories":[1],"tags":[],"class_list":["post-481888","post","type-post","status-publish","format-standard","has-post-thumbnail","hentry","category-actualidad"],"aioseo_notices":[],"aioseo_head":"\n\t\t<!-- All in One SEO Pro 5.0.1 - aioseo.com -->\n\t<meta name=\"description\" content=\"Roma, 1 feb (EFE).- El ex primer ministro italiano Silvio Berlusconi reapareci\u00f3 hoy en un mitin en la isla de Cerde\u00f1a en el que desminti\u00f3 las divergencias en el seno de su formaci\u00f3n, Forza Italia, y present\u00f3 a su nuevo consejero, el periodista Giovanni Toti, del que dicen puede ser su heredero pol\u00edtico. Desde el\" \/>\n\t<meta name=\"robots\" content=\"max-image-preview:large\" \/>\n\t<meta name=\"author\" content=\"El Digital de Asturias\"\/>\n\t<meta name=\"google-site-verification\" content=\"UA-38556648-1\" \/>\n\t<meta name=\"msvalidate.01\" content=\"7dfe9f3f1b24437ab69f4f2559babe99\" \/>\n\t<meta name=\"keywords\" content=\"actualidad\" \/>\n\t<link rel=\"canonical\" href=\"https:\/\/www.eldigitaldeasturias.com\/noticias\/berlusconi-reaparece-en-un-mitin-y-desmiente-divergencias-en-forza-italia\/\" \/>\n\t<meta name=\"generator\" content=\"All in One SEO Pro (AIOSEO) 5.0.1\" \/>\n\t\t<meta property=\"og:locale\" content=\"es_ES\" \/>\n\t\t<meta property=\"og:site_name\" content=\"El Digital de Asturias\" \/>\n\t\t<meta property=\"og:type\" content=\"article\" \/>\n\t\t<meta property=\"og:title\" content=\"Berlusconi reaparece en un mitin y desmiente divergencias en Forza Italia - El Digital de Asturias\" \/>\n\t\t<meta property=\"og:description\" content=\"Roma, 1 feb (EFE).- El ex primer ministro italiano Silvio Berlusconi reapareci\u00f3 hoy en un mitin en la isla de Cerde\u00f1a en el que desminti\u00f3 las divergencias en el seno de su formaci\u00f3n, Forza Italia, y present\u00f3 a su nuevo consejero, el periodista Giovanni Toti, del que dicen puede ser su heredero pol\u00edtico. Desde el\" \/>\n\t\t<meta property=\"og:url\" content=\"https:\/\/www.eldigitaldeasturias.com\/noticias\/berlusconi-reaparece-en-un-mitin-y-desmiente-divergencias-en-forza-italia\/\" \/>\n\t\t<meta property=\"article:tag\" content=\"actualidad\" \/>\n\t\t<meta property=\"article:published_time\" content=\"2014-02-01T22:56:10+00:00\" \/>\n\t\t<meta property=\"article:modified_time\" content=\"2014-02-01T22:56:10+00:00\" \/>\n\t\t<meta property=\"article:publisher\" content=\"https:\/\/facebook.com\/eldigitaldeasturias\" \/>\n\t\t<meta name=\"twitter:card\" content=\"summary_large_image\" \/>\n\t\t<meta name=\"twitter:title\" content=\"Berlusconi reaparece en un mitin y desmiente divergencias en Forza Italia - El Digital de Asturias\" \/>\n\t\t<meta name=\"twitter:description\" content=\"Roma, 1 feb (EFE).- El ex primer ministro italiano Silvio Berlusconi reapareci\u00f3 hoy en un mitin en la isla de Cerde\u00f1a en el que desminti\u00f3 las divergencias en el seno de su formaci\u00f3n, Forza Italia, y present\u00f3 a su nuevo consejero, el periodista Giovanni Toti, del que dicen puede ser su heredero pol\u00edtico. Desde el\" \/>\n\t\t<meta name=\"twitter:label1\" content=\"Escrito por\" \/>\n\t\t<meta name=\"twitter:data1\" content=\"El Digital de Asturias\" \/>\n\t\t<meta name=\"twitter:label2\" content=\"Tiempo de lectura estimado\" \/>\n\t\t<meta name=\"twitter:data2\" content=\"2 minutos\" \/>\n\t\t<script type=\"application\/ld+json\" class=\"aioseo-schema\">\n\t\t\t{\"@context\":\"https:\\\/\\\/schema.org\",\"@graph\":[{\"@type\":\"BlogPosting\",\"@id\":\"https:\\\/\\\/www.eldigitaldeasturias.com\\\/noticias\\\/berlusconi-reaparece-en-un-mitin-y-desmiente-divergencias-en-forza-italia\\\/#blogposting\",\"name\":\"Berlusconi reaparece en un mitin y desmiente divergencias en Forza Italia - El Digital de Asturias\",\"headline\":\"Berlusconi reaparece en un mitin y desmiente divergencias en Forza Italia\",\"author\":{\"@id\":\"https:\\\/\\\/www.eldigitaldeasturias.com\\\/noticias\\\/author\\\/admin\\\/#author\"},\"publisher\":{\"@id\":\"https:\\\/\\\/www.eldigitaldeasturias.com\\\/noticias\\\/#organization\"},\"image\":{\"@type\":\"ImageObject\",\"url\":481889},\"datePublished\":\"2014-02-01T21:56:10+01:00\",\"dateModified\":\"2014-02-01T21:56:10+01:00\",\"inLanguage\":\"es-ES\",\"mainEntityOfPage\":{\"@id\":\"https:\\\/\\\/www.eldigitaldeasturias.com\\\/noticias\\\/berlusconi-reaparece-en-un-mitin-y-desmiente-divergencias-en-forza-italia\\\/#webpage\"},\"isPartOf\":{\"@id\":\"https:\\\/\\\/www.eldigitaldeasturias.com\\\/noticias\\\/berlusconi-reaparece-en-un-mitin-y-desmiente-divergencias-en-forza-italia\\\/#webpage\"},\"articleSection\":\"Actualidad\"},{\"@type\":\"BreadcrumbList\",\"@id\":\"https:\\\/\\\/www.eldigitaldeasturias.com\\\/noticias\\\/berlusconi-reaparece-en-un-mitin-y-desmiente-divergencias-en-forza-italia\\\/#breadcrumblist\",\"itemListElement\":[{\"@type\":\"ListItem\",\"@id\":\"https:\\\/\\\/www.eldigitaldeasturias.com\\\/noticias#listItem\",\"position\":1,\"name\":\"Home\",\"item\":\"https:\\\/\\\/www.eldigitaldeasturias.com\\\/noticias\",\"nextItem\":{\"@type\":\"ListItem\",\"@id\":\"https:\\\/\\\/www.eldigitaldeasturias.com\\\/noticias\\\/category\\\/actualidad\\\/#listItem\",\"name\":\"Actualidad\"}},{\"@type\":\"ListItem\",\"@id\":\"https:\\\/\\\/www.eldigitaldeasturias.com\\\/noticias\\\/category\\\/actualidad\\\/#listItem\",\"position\":2,\"name\":\"Actualidad\",\"item\":\"https:\\\/\\\/www.eldigitaldeasturias.com\\\/noticias\\\/category\\\/actualidad\\\/\",\"nextItem\":{\"@type\":\"ListItem\",\"@id\":\"https:\\\/\\\/www.eldigitaldeasturias.com\\\/noticias\\\/berlusconi-reaparece-en-un-mitin-y-desmiente-divergencias-en-forza-italia\\\/#listItem\",\"name\":\"Berlusconi reaparece en un mitin y desmiente divergencias en Forza Italia\"},\"previousItem\":{\"@type\":\"ListItem\",\"@id\":\"https:\\\/\\\/www.eldigitaldeasturias.com\\\/noticias#listItem\",\"name\":\"Home\"}},{\"@type\":\"ListItem\",\"@id\":\"https:\\\/\\\/www.eldigitaldeasturias.com\\\/noticias\\\/berlusconi-reaparece-en-un-mitin-y-desmiente-divergencias-en-forza-italia\\\/#listItem\",\"position\":3,\"name\":\"Berlusconi reaparece en un mitin y desmiente divergencias en Forza Italia\",\"previousItem\":{\"@type\":\"ListItem\",\"@id\":\"https:\\\/\\\/www.eldigitaldeasturias.com\\\/noticias\\\/category\\\/actualidad\\\/#listItem\",\"name\":\"Actualidad\"}}]},{\"@type\":\"Organization\",\"@id\":\"https:\\\/\\\/www.eldigitaldeasturias.com\\\/noticias\\\/#organization\",\"name\":\"El Digital de Asturias\",\"description\":\"Hemeroteca\",\"url\":\"https:\\\/\\\/www.eldigitaldeasturias.com\\\/noticias\\\/\",\"email\":\"info@eldigitaldeasturias.com\",\"telephone\":\"+34652131393\",\"logo\":{\"@type\":\"ImageObject\",\"url\":\"https:\\\/\\\/www.eldigitaldeasturias.com\\\/noticias\\\/wp-content\\\/uploads\\\/2020\\\/12\\\/EDA.jpg\",\"@id\":\"https:\\\/\\\/www.eldigitaldeasturias.com\\\/noticias\\\/berlusconi-reaparece-en-un-mitin-y-desmiente-divergencias-en-forza-italia\\\/#organizationLogo\"},\"image\":{\"@id\":\"https:\\\/\\\/www.eldigitaldeasturias.com\\\/noticias\\\/berlusconi-reaparece-en-un-mitin-y-desmiente-divergencias-en-forza-italia\\\/#organizationLogo\"},\"sameAs\":[\"https:\\\/\\\/facebook.com\\\/eldigitaldeasturias\",\"https:\\\/\\\/www.youtube.com\\\/channel\\\/UCZP-2wLEB9Rv6erhFmqVnvg\"],\"address\":{\"@id\":\"https:\\\/\\\/www.eldigitaldeasturias.com\\\/noticias\\\/#postaladdress\",\"@type\":\"PostalAddress\",\"streetAddress\":\"san antonio 4\",\"postalCode\":\"33430\",\"addressLocality\":\"Cand\\u00e1s\",\"addressRegion\":\"Asturias\",\"addressCountry\":\"ES\"}},{\"@type\":\"Person\",\"@id\":\"https:\\\/\\\/www.eldigitaldeasturias.com\\\/noticias\\\/author\\\/admin\\\/#author\",\"url\":\"https:\\\/\\\/www.eldigitaldeasturias.com\\\/noticias\\\/author\\\/admin\\\/\",\"name\":\"El Digital de Asturias\",\"image\":{\"@type\":\"ImageObject\",\"@id\":\"https:\\\/\\\/www.eldigitaldeasturias.com\\\/noticias\\\/berlusconi-reaparece-en-un-mitin-y-desmiente-divergencias-en-forza-italia\\\/#authorImage\",\"url\":\"https:\\\/\\\/secure.gravatar.com\\\/avatar\\\/df2aeffc32bcd13f8d26072ef8a91b623d677766deac7f97ca815868cd41bf5e?s=96&d=mm&r=g\",\"width\":96,\"height\":96,\"caption\":\"El Digital de Asturias\"}},{\"@type\":\"WebPage\",\"@id\":\"https:\\\/\\\/www.eldigitaldeasturias.com\\\/noticias\\\/berlusconi-reaparece-en-un-mitin-y-desmiente-divergencias-en-forza-italia\\\/#webpage\",\"url\":\"https:\\\/\\\/www.eldigitaldeasturias.com\\\/noticias\\\/berlusconi-reaparece-en-un-mitin-y-desmiente-divergencias-en-forza-italia\\\/\",\"name\":\"Berlusconi reaparece en un mitin y desmiente divergencias en Forza Italia - El Digital de Asturias\",\"description\":\"Roma, 1 feb (EFE).- El ex primer ministro italiano Silvio Berlusconi reapareci\\u00f3 hoy en un mitin en la isla de Cerde\\u00f1a en el que desminti\\u00f3 las divergencias en el seno de su formaci\\u00f3n, Forza Italia, y present\\u00f3 a su nuevo consejero, el periodista Giovanni Toti, del que dicen puede ser su heredero pol\\u00edtico. Desde el\",\"inLanguage\":\"es-ES\",\"isPartOf\":{\"@id\":\"https:\\\/\\\/www.eldigitaldeasturias.com\\\/noticias\\\/#website\"},\"breadcrumb\":{\"@id\":\"https:\\\/\\\/www.eldigitaldeasturias.com\\\/noticias\\\/berlusconi-reaparece-en-un-mitin-y-desmiente-divergencias-en-forza-italia\\\/#breadcrumblist\"},\"author\":{\"@id\":\"https:\\\/\\\/www.eldigitaldeasturias.com\\\/noticias\\\/author\\\/admin\\\/#author\"},\"creator\":{\"@id\":\"https:\\\/\\\/www.eldigitaldeasturias.com\\\/noticias\\\/author\\\/admin\\\/#author\"},\"image\":{\"@type\":\"ImageObject\",\"url\":481889,\"@id\":\"https:\\\/\\\/www.eldigitaldeasturias.com\\\/noticias\\\/berlusconi-reaparece-en-un-mitin-y-desmiente-divergencias-en-forza-italia\\\/#mainImage\"},\"primaryImageOfPage\":{\"@id\":\"https:\\\/\\\/www.eldigitaldeasturias.com\\\/noticias\\\/berlusconi-reaparece-en-un-mitin-y-desmiente-divergencias-en-forza-italia\\\/#mainImage\"},\"datePublished\":\"2014-02-01T21:56:10+01:00\",\"dateModified\":\"2014-02-01T21:56:10+01:00\"},{\"@type\":\"WebSite\",\"@id\":\"https:\\\/\\\/www.eldigitaldeasturias.com\\\/noticias\\\/#website\",\"url\":\"https:\\\/\\\/www.eldigitaldeasturias.com\\\/noticias\\\/\",\"name\":\"El Digital de Asturias - Diario de actualidad y noticias\",\"alternateName\":\"El Digital de Asturias - Diario de actualidad y noticias\",\"description\":\"Hemeroteca\",\"inLanguage\":\"es-ES\",\"publisher\":{\"@id\":\"https:\\\/\\\/www.eldigitaldeasturias.com\\\/noticias\\\/#organization\"}}]}\n\t\t<\/script>\n\t\t<!-- All in One SEO Pro -->\r\n\t\t<title>Berlusconi reaparece en un mitin y desmiente divergencias en Forza Italia - El Digital de Asturias<\/title>\n\n","aioseo_head_json":{"title":"Berlusconi reaparece en un mitin y desmiente divergencias en Forza Italia - El Digital de Asturias","description":"Roma, 1 feb (EFE).- El ex primer ministro italiano Silvio Berlusconi reapareci\u00f3 hoy en un mitin en la isla de Cerde\u00f1a en el que desminti\u00f3 las divergencias en el seno de su formaci\u00f3n, Forza Italia, y present\u00f3 a su nuevo consejero, el periodista Giovanni Toti, del que dicen puede ser su heredero pol\u00edtico. Desde el","canonical_url":"https:\/\/www.eldigitaldeasturias.com\/noticias\/berlusconi-reaparece-en-un-mitin-y-desmiente-divergencias-en-forza-italia\/","robots":"max-image-preview:large","keywords":"actualidad","webmasterTools":{"google-site-verification":"UA-38556648-1","msvalidate.01":"7dfe9f3f1b24437ab69f4f2559babe99","miscellaneous":""},"schema":{"@context":"https:\/\/schema.org","@graph":[{"@type":"BlogPosting","@id":"https:\/\/www.eldigitaldeasturias.com\/noticias\/berlusconi-reaparece-en-un-mitin-y-desmiente-divergencias-en-forza-italia\/#blogposting","name":"Berlusconi reaparece en un mitin y desmiente divergencias en Forza Italia - El Digital de Asturias","headline":"Berlusconi reaparece en un mitin y desmiente divergencias en Forza Italia","author":{"@id":"https:\/\/www.eldigitaldeasturias.com\/noticias\/author\/admin\/#author"},"publisher":{"@id":"https:\/\/www.eldigitaldeasturias.com\/noticias\/#organization"},"image":{"@type":"ImageObject","url":481889},"datePublished":"2014-02-01T21:56:10+01:00","dateModified":"2014-02-01T21:56:10+01:00","inLanguage":"es-ES","mainEntityOfPage":{"@id":"https:\/\/www.eldigitaldeasturias.com\/noticias\/berlusconi-reaparece-en-un-mitin-y-desmiente-divergencias-en-forza-italia\/#webpage"},"isPartOf":{"@id":"https:\/\/www.eldigitaldeasturias.com\/noticias\/berlusconi-reaparece-en-un-mitin-y-desmiente-divergencias-en-forza-italia\/#webpage"},"articleSection":"Actualidad"},{"@type":"BreadcrumbList","@id":"https:\/\/www.eldigitaldeasturias.com\/noticias\/berlusconi-reaparece-en-un-mitin-y-desmiente-divergencias-en-forza-italia\/#breadcrumblist","itemListElement":[{"@type":"ListItem","@id":"https:\/\/www.eldigitaldeasturias.com\/noticias#listItem","position":1,"name":"Home","item":"https:\/\/www.eldigitaldeasturias.com\/noticias","nextItem":{"@type":"ListItem","@id":"https:\/\/www.eldigitaldeasturias.com\/noticias\/category\/actualidad\/#listItem","name":"Actualidad"}},{"@type":"ListItem","@id":"https:\/\/www.eldigitaldeasturias.com\/noticias\/category\/actualidad\/#listItem","position":2,"name":"Actualidad","item":"https:\/\/www.eldigitaldeasturias.com\/noticias\/category\/actualidad\/","nextItem":{"@type":"ListItem","@id":"https:\/\/www.eldigitaldeasturias.com\/noticias\/berlusconi-reaparece-en-un-mitin-y-desmiente-divergencias-en-forza-italia\/#listItem","name":"Berlusconi reaparece en un mitin y desmiente divergencias en Forza Italia"},"previousItem":{"@type":"ListItem","@id":"https:\/\/www.eldigitaldeasturias.com\/noticias#listItem","name":"Home"}},{"@type":"ListItem","@id":"https:\/\/www.eldigitaldeasturias.com\/noticias\/berlusconi-reaparece-en-un-mitin-y-desmiente-divergencias-en-forza-italia\/#listItem","position":3,"name":"Berlusconi reaparece en un mitin y desmiente divergencias en Forza Italia","previousItem":{"@type":"ListItem","@id":"https:\/\/www.eldigitaldeasturias.com\/noticias\/category\/actualidad\/#listItem","name":"Actualidad"}}]},{"@type":"Organization","@id":"https:\/\/www.eldigitaldeasturias.com\/noticias\/#organization","name":"El Digital de Asturias","description":"Hemeroteca","url":"https:\/\/www.eldigitaldeasturias.com\/noticias\/","email":"info@eldigitaldeasturias.com","telephone":"+34652131393","logo":{"@type":"ImageObject","url":"https:\/\/www.eldigitaldeasturias.com\/noticias\/wp-content\/uploads\/2020\/12\/EDA.jpg","@id":"https:\/\/www.eldigitaldeasturias.com\/noticias\/berlusconi-reaparece-en-un-mitin-y-desmiente-divergencias-en-forza-italia\/#organizationLogo"},"image":{"@id":"https:\/\/www.eldigitaldeasturias.com\/noticias\/berlusconi-reaparece-en-un-mitin-y-desmiente-divergencias-en-forza-italia\/#organizationLogo"},"sameAs":["https:\/\/facebook.com\/eldigitaldeasturias","https:\/\/www.youtube.com\/channel\/UCZP-2wLEB9Rv6erhFmqVnvg"],"address":{"@id":"https:\/\/www.eldigitaldeasturias.com\/noticias\/#postaladdress","@type":"PostalAddress","streetAddress":"san antonio 4","postalCode":"33430","addressLocality":"Cand\u00e1s","addressRegion":"Asturias","addressCountry":"ES"}},{"@type":"Person","@id":"https:\/\/www.eldigitaldeasturias.com\/noticias\/author\/admin\/#author","url":"https:\/\/www.eldigitaldeasturias.com\/noticias\/author\/admin\/","name":"El Digital de Asturias","image":{"@type":"ImageObject","@id":"https:\/\/www.eldigitaldeasturias.com\/noticias\/berlusconi-reaparece-en-un-mitin-y-desmiente-divergencias-en-forza-italia\/#authorImage","url":"https:\/\/secure.gravatar.com\/avatar\/df2aeffc32bcd13f8d26072ef8a91b623d677766deac7f97ca815868cd41bf5e?s=96&d=mm&r=g","width":96,"height":96,"caption":"El Digital de Asturias"}},{"@type":"WebPage","@id":"https:\/\/www.eldigitaldeasturias.com\/noticias\/berlusconi-reaparece-en-un-mitin-y-desmiente-divergencias-en-forza-italia\/#webpage","url":"https:\/\/www.eldigitaldeasturias.com\/noticias\/berlusconi-reaparece-en-un-mitin-y-desmiente-divergencias-en-forza-italia\/","name":"Berlusconi reaparece en un mitin y desmiente divergencias en Forza Italia - El Digital de Asturias","description":"Roma, 1 feb (EFE).- El ex primer ministro italiano Silvio Berlusconi reapareci\u00f3 hoy en un mitin en la isla de Cerde\u00f1a en el que desminti\u00f3 las divergencias en el seno de su formaci\u00f3n, Forza Italia, y present\u00f3 a su nuevo consejero, el periodista Giovanni Toti, del que dicen puede ser su heredero pol\u00edtico. Desde el","inLanguage":"es-ES","isPartOf":{"@id":"https:\/\/www.eldigitaldeasturias.com\/noticias\/#website"},"breadcrumb":{"@id":"https:\/\/www.eldigitaldeasturias.com\/noticias\/berlusconi-reaparece-en-un-mitin-y-desmiente-divergencias-en-forza-italia\/#breadcrumblist"},"author":{"@id":"https:\/\/www.eldigitaldeasturias.com\/noticias\/author\/admin\/#author"},"creator":{"@id":"https:\/\/www.eldigitaldeasturias.com\/noticias\/author\/admin\/#author"},"image":{"@type":"ImageObject","url":481889,"@id":"https:\/\/www.eldigitaldeasturias.com\/noticias\/berlusconi-reaparece-en-un-mitin-y-desmiente-divergencias-en-forza-italia\/#mainImage"},"primaryImageOfPage":{"@id":"https:\/\/www.eldigitaldeasturias.com\/noticias\/berlusconi-reaparece-en-un-mitin-y-desmiente-divergencias-en-forza-italia\/#mainImage"},"datePublished":"2014-02-01T21:56:10+01:00","dateModified":"2014-02-01T21:56:10+01:00"},{"@type":"WebSite","@id":"https:\/\/www.eldigitaldeasturias.com\/noticias\/#website","url":"https:\/\/www.eldigitaldeasturias.com\/noticias\/","name":"El Digital de Asturias - Diario de actualidad y noticias","alternateName":"El Digital de Asturias - Diario de actualidad y noticias","description":"Hemeroteca","inLanguage":"es-ES","publisher":{"@id":"https:\/\/www.eldigitaldeasturias.com\/noticias\/#organization"}}]},"og:locale":"es_ES","og:site_name":"El Digital de Asturias","og:type":"article","og:title":"Berlusconi reaparece en un mitin y desmiente divergencias en Forza Italia - El Digital de Asturias","og:description":"Roma, 1 feb (EFE).- El ex primer ministro italiano Silvio Berlusconi reapareci\u00f3 hoy en un mitin en la isla de Cerde\u00f1a en el que desminti\u00f3 las divergencias en el seno de su formaci\u00f3n, Forza Italia, y present\u00f3 a su nuevo consejero, el periodista Giovanni Toti, del que dicen puede ser su heredero pol\u00edtico. Desde el","og:url":"https:\/\/www.eldigitaldeasturias.com\/noticias\/berlusconi-reaparece-en-un-mitin-y-desmiente-divergencias-en-forza-italia\/","article:tag":["actualidad"],"article:published_time":"2014-02-01T22:56:10+00:00","article:modified_time":"2014-02-01T22:56:10+00:00","article:publisher":"https:\/\/facebook.com\/eldigitaldeasturias","twitter:card":"summary_large_image","twitter:title":"Berlusconi reaparece en un mitin y desmiente divergencias en Forza Italia - El Digital de Asturias","twitter:description":"Roma, 1 feb (EFE).- El ex primer ministro italiano Silvio Berlusconi reapareci\u00f3 hoy en un mitin en la isla de Cerde\u00f1a en el que desminti\u00f3 las divergencias en el seno de su formaci\u00f3n, Forza Italia, y present\u00f3 a su nuevo consejero, el periodista Giovanni Toti, del que dicen puede ser su heredero pol\u00edtico. Desde el","twitter:label1":"Escrito por","twitter:data1":"El Digital de Asturias","twitter:label2":"Tiempo de lectura estimado","twitter:data2":"2 minutos"},"aioseo_meta_data":{"post_id":"481888","title":null,"description":null,"keywords":null,"keyphrases":null,"primary_term":null,"canonical_url":null,"og_title":null,"og_description":null,"og_object_type":"default","og_image_type":"default","og_image_url":null,"og_image_width":null,"og_image_height":null,"og_image_custom_url":null,"og_image_custom_fields":null,"og_video":null,"og_custom_url":null,"og_article_section":null,"og_article_tags":null,"twitter_use_og":true,"twitter_card":"default","twitter_image_type":"default","twitter_image_url":null,"twitter_image_custom_url":null,"twitter_image_custom_fields":null,"twitter_title":null,"twitter_description":null,"schema":{"blockGraphs":[],"customGraphs":[],"default":{"data":{"Article":[],"Course":[],"Dataset":[],"FAQPage":[],"Movie":[],"Person":[],"Product":[],"ProductReview":[],"Car":[],"Recipe":[],"Service":[],"SoftwareApplication":[],"WebPage":[]},"graphName":"","isEnabled":true},"graphs":[],"defaultGraph":"","defaultPostTypeGraph":""},"schema_type":null,"schema_type_options":null,"pillar_content":false,"robots_default":true,"robots_noindex":false,"robots_noarchive":false,"robots_nosnippet":false,"robots_nofollow":false,"robots_noimageindex":false,"robots_noodp":false,"robots_notranslate":false,"robots_max_snippet":null,"robots_max_videopreview":null,"robots_max_imagepreview":"none","priority":null,"frequency":null,"local_seo":null,"seo_analyzer_scan_date":"2026-06-02 08:13:05","breadcrumb_settings":null,"limit_modified_date":false,"open_ai":null,"ai":null,"created":"2020-11-14 22:54:29","updated":"2026-06-02 08:13:05","focus_keyword":null,"additional_keywords":null,"truseo_locale":null},"aioseo_breadcrumb":"<div class=\"aioseo-breadcrumbs\"><span class=\"aioseo-breadcrumb\">\n\t<a href=\"https:\/\/www.eldigitaldeasturias.com\/noticias\" title=\"Home\">Home<\/a>\n<\/span><span class=\"aioseo-breadcrumb-separator\">\u2013<\/span><span class=\"aioseo-breadcrumb\">\n\t<a href=\"https:\/\/www.eldigitaldeasturias.com\/noticias\/category\/actualidad\/\" title=\"Actualidad\">Actualidad<\/a>\n<\/span><span class=\"aioseo-breadcrumb-separator\">\u2013<\/span><span class=\"aioseo-breadcrumb\">\n\t<a href=\"https:\/\/www.eldigitaldeasturias.com\/noticias\/berlusconi-reaparece-en-un-mitin-y-desmiente-divergencias-en-forza-italia\/\" title=\"Berlusconi reaparece en un mitin y desmiente divergencias en Forza Italia\">Berlusconi reaparece en un mitin y desmiente divergencias en Forza Italia<\/a>\n<\/span><\/div>","aioseo_breadcrumb_json":[{"label":"Home","link":"https:\/\/www.eldigitaldeasturias.com\/noticias"},{"label":"Actualidad","link":"https:\/\/www.eldigitaldeasturias.com\/noticias\/category\/actualidad\/"},{"label":"Berlusconi reaparece en un mitin y desmiente divergencias en Forza Italia","link":"https:\/\/www.eldigitaldeasturias.com\/noticias\/berlusconi-reaparece-en-un-mitin-y-desmiente-divergencias-en-forza-italia\/"}],"_links":{"self":[{"href":"https:\/\/www.eldigitaldeasturias.com\/noticias\/wp-json\/wp\/v2\/posts\/481888","targetHints":{"allow":["GET"]}}],"collection":[{"href":"https:\/\/www.eldigitaldeasturias.com\/noticias\/wp-json\/wp\/v2\/posts"}],"about":[{"href":"https:\/\/www.eldigitaldeasturias.com\/noticias\/wp-json\/wp\/v2\/types\/post"}],"author":[{"embeddable":true,"href":"https:\/\/www.eldigitaldeasturias.com\/noticias\/wp-json\/wp\/v2\/users\/1"}],"replies":[{"embeddable":true,"href":"https:\/\/www.eldigitaldeasturias.com\/noticias\/wp-json\/wp\/v2\/comments?post=481888"}],"version-history":[{"count":0,"href":"https:\/\/www.eldigitaldeasturias.com\/noticias\/wp-json\/wp\/v2\/posts\/481888\/revisions"}],"wp:attachment":[{"href":"https:\/\/www.eldigitaldeasturias.com\/noticias\/wp-json\/wp\/v2\/media?parent=481888"}],"wp:term":[{"taxonomy":"category","embeddable":true,"href":"https:\/\/www.eldigitaldeasturias.com\/noticias\/wp-json\/wp\/v2\/categories?post=481888"},{"taxonomy":"post_tag","embeddable":true,"href":"https:\/\/www.eldigitaldeasturias.com\/noticias\/wp-json\/wp\/v2\/tags?post=481888"}],"curies":[{"name":"wp","href":"https:\/\/api.w.org\/{rel}","templated":true}]}}