{"id":481885,"date":"2014-02-01T21:50:05","date_gmt":"2014-02-01T22:50:05","guid":{"rendered":"http:\/\/www.eldigitaldeasturias.com\/noticias\/?p=481885"},"modified":"2014-02-01T21:50:05","modified_gmt":"2014-02-01T22:50:05","slug":"obama-reafirma-su-compromiso-de-devolver-las-oportunidades-a-la-clase-media","status":"publish","type":"post","link":"https:\/\/www.eldigitaldeasturias.com\/noticias\/obama-reafirma-su-compromiso-de-devolver-las-oportunidades-a-la-clase-media\/","title":{"rendered":"Obama reafirma su compromiso de devolver las oportunidades a la clase media"},"content":{"rendered":"<p><img loading=\"lazy\" decoding=\"async\" class=\"alignleft size-medium wp-image-481886\" alt=\"5899537w\" src=\"https:\/\/www.eldigitaldeasturias.com\/noticias\/wp-content\/uploads\/2014\/02\/5899537w-360x239.jpg\" width=\"360\" height=\"239\" \/>Washington, 1 feb (EFE).- El presidente de EEUU, Barack Obama, reafirm\u00f3 hoy en su discurso de los s\u00e1bados su compromiso de devolver las oportunidades a las clases medias y trabajadoras del pa\u00eds, ahora que la econom\u00eda nacional remonta y deja atr\u00e1s por fin la larga recesi\u00f3n econ\u00f3mica.<\/p>\n<p>\u00abA pesar de la recuperaci\u00f3n, mientras que las personas que m\u00e1s ingresan est\u00e1n mejor que nunca, la media de sueldos apenas ha cambiado. La desigualdad se ha acentuado. Demasiadas personas en Estados Unidos est\u00e1n trabajando m\u00e1s y m\u00e1s duro solamente para sobrevivir. Y demasiadas personas todav\u00eda no tienen trabajo\u00bb, dijo hoy Obama en su habitual discurso radiof\u00f3nico de los s\u00e1bados.<\/p>\n<p>El mandatario estadounidense tiene la lucha contra la desigualdad como caballo de batalla de los tres a\u00f1os que le quedan de presidencia, un objetivo que puso negro sobre blanco en su discurso sobre el Estado de la Uni\u00f3n ante el Congreso esta semana.<\/p>\n<p>\u00abNuestro trabajo es revertir esas tendencias. Es hora de restaurar la oportunidad para todos; la idea de que no importa qui\u00e9n seas, si trabajas duro y cumples con las responsabilidades, puedes lograrlo si lo intentas\u00bb, subray\u00f3 en su mensaje de hoy s\u00e1bado.<\/p>\n<p>En su alocuci\u00f3n, Obama aprovech\u00f3 para insistir en la idea de que tomar\u00e1 acciones ejecutivas, es decir, gobernar\u00e1 con decretos en las materias que as\u00ed lo permitan si el Congreso no act\u00faa en asuntos que considera prioritarios.<\/p>\n<p>\u00abAlgunas medidas requerir\u00e1n al Congreso. Pero dondequiera que pueda tomar medidas para ampliar las oportunidades para las familias por mi cuenta, lo har\u00e9. Voy a pedir a los l\u00edderes empresariales, l\u00edderes de la educaci\u00f3n y l\u00edderes filantr\u00f3picos que se al\u00eden con nosotros para promover estos objetivos\u00bb, concluy\u00f3.<\/p>\n<p>Obama realiz\u00f3 esta semana una gira por varios estados para explicar las propuestas que desgran\u00f3 durante su discurso m\u00e1s importante del a\u00f1o ante el Congreso, entre ellas la de elevar el salario m\u00ednimo.<\/p>\n","protected":false},"excerpt":{"rendered":"<p>Washington, 1 feb (EFE).- El presidente de EEUU, Barack Obama, reafirm\u00f3 hoy en su discurso de los s\u00e1bados su compromiso de devolver las oportunidades a las clases medias y trabajadoras del pa\u00eds, ahora que la econom\u00eda nacional remonta y deja atr\u00e1s por fin la larga recesi\u00f3n econ\u00f3mica. \u00abA pesar de la recuperaci\u00f3n, mientras que las [&hellip;]<\/p>\n","protected":false},"author":1,"featured_media":481886,"comment_status":"closed","ping_status":"open","sticky":false,"template":"","format":"standard","meta":{"footnotes":""},"categories":[1],"tags":[],"class_list":["post-481885","post","type-post","status-publish","format-standard","has-post-thumbnail","hentry","category-actualidad"],"aioseo_notices":[],"aioseo_head":"\n\t\t<!-- All in One SEO Pro 5.0.1 - aioseo.com -->\n\t<meta name=\"description\" content=\"Washington, 1 feb (EFE).- El presidente de EEUU, Barack Obama, reafirm\u00f3 hoy en su discurso de los s\u00e1bados su compromiso de devolver las oportunidades a las clases medias y trabajadoras del pa\u00eds, ahora que la econom\u00eda nacional remonta y deja atr\u00e1s por fin la larga recesi\u00f3n econ\u00f3mica. &quot;A pesar de la recuperaci\u00f3n, mientras que las\" \/>\n\t<meta name=\"robots\" content=\"max-image-preview:large\" \/>\n\t<meta name=\"author\" content=\"El Digital de Asturias\"\/>\n\t<meta name=\"google-site-verification\" content=\"UA-38556648-1\" \/>\n\t<meta name=\"msvalidate.01\" content=\"7dfe9f3f1b24437ab69f4f2559babe99\" \/>\n\t<meta name=\"keywords\" content=\"actualidad\" \/>\n\t<link rel=\"canonical\" href=\"https:\/\/www.eldigitaldeasturias.com\/noticias\/obama-reafirma-su-compromiso-de-devolver-las-oportunidades-a-la-clase-media\/\" \/>\n\t<meta name=\"generator\" content=\"All in One SEO Pro (AIOSEO) 5.0.1\" \/>\n\t\t<meta property=\"og:locale\" content=\"es_ES\" \/>\n\t\t<meta property=\"og:site_name\" content=\"El Digital de Asturias\" \/>\n\t\t<meta property=\"og:type\" content=\"article\" \/>\n\t\t<meta property=\"og:title\" content=\"Obama reafirma su compromiso de devolver las oportunidades a la clase media - El Digital de Asturias\" \/>\n\t\t<meta property=\"og:description\" content=\"Washington, 1 feb (EFE).- El presidente de EEUU, Barack Obama, reafirm\u00f3 hoy en su discurso de los s\u00e1bados su compromiso de devolver las oportunidades a las clases medias y trabajadoras del pa\u00eds, ahora que la econom\u00eda nacional remonta y deja atr\u00e1s por fin la larga recesi\u00f3n econ\u00f3mica. &quot;A pesar de la recuperaci\u00f3n, mientras que las\" \/>\n\t\t<meta property=\"og:url\" content=\"https:\/\/www.eldigitaldeasturias.com\/noticias\/obama-reafirma-su-compromiso-de-devolver-las-oportunidades-a-la-clase-media\/\" \/>\n\t\t<meta property=\"article:tag\" content=\"actualidad\" \/>\n\t\t<meta property=\"article:published_time\" content=\"2014-02-01T22:50:05+00:00\" \/>\n\t\t<meta property=\"article:modified_time\" content=\"2014-02-01T22:50:05+00:00\" \/>\n\t\t<meta property=\"article:publisher\" content=\"https:\/\/facebook.com\/eldigitaldeasturias\" \/>\n\t\t<meta name=\"twitter:card\" content=\"summary_large_image\" \/>\n\t\t<meta name=\"twitter:title\" content=\"Obama reafirma su compromiso de devolver las oportunidades a la clase media - El Digital de Asturias\" \/>\n\t\t<meta name=\"twitter:description\" content=\"Washington, 1 feb (EFE).- El presidente de EEUU, Barack Obama, reafirm\u00f3 hoy en su discurso de los s\u00e1bados su compromiso de devolver las oportunidades a las clases medias y trabajadoras del pa\u00eds, ahora que la econom\u00eda nacional remonta y deja atr\u00e1s por fin la larga recesi\u00f3n econ\u00f3mica. &quot;A pesar de la recuperaci\u00f3n, mientras que las\" \/>\n\t\t<meta name=\"twitter:label1\" content=\"Escrito por\" \/>\n\t\t<meta name=\"twitter:data1\" content=\"El Digital de Asturias\" \/>\n\t\t<meta name=\"twitter:label2\" content=\"Tiempo de lectura estimado\" \/>\n\t\t<meta name=\"twitter:data2\" content=\"2 minutos\" \/>\n\t\t<script type=\"application\/ld+json\" class=\"aioseo-schema\">\n\t\t\t{\"@context\":\"https:\\\/\\\/schema.org\",\"@graph\":[{\"@type\":\"BlogPosting\",\"@id\":\"https:\\\/\\\/www.eldigitaldeasturias.com\\\/noticias\\\/obama-reafirma-su-compromiso-de-devolver-las-oportunidades-a-la-clase-media\\\/#blogposting\",\"name\":\"Obama reafirma su compromiso de devolver las oportunidades a la clase media - El Digital de Asturias\",\"headline\":\"Obama reafirma su compromiso de devolver las oportunidades a la clase media\",\"author\":{\"@id\":\"https:\\\/\\\/www.eldigitaldeasturias.com\\\/noticias\\\/author\\\/admin\\\/#author\"},\"publisher\":{\"@id\":\"https:\\\/\\\/www.eldigitaldeasturias.com\\\/noticias\\\/#organization\"},\"image\":{\"@type\":\"ImageObject\",\"url\":481886},\"datePublished\":\"2014-02-01T21:50:05+01:00\",\"dateModified\":\"2014-02-01T21:50:05+01:00\",\"inLanguage\":\"es-ES\",\"mainEntityOfPage\":{\"@id\":\"https:\\\/\\\/www.eldigitaldeasturias.com\\\/noticias\\\/obama-reafirma-su-compromiso-de-devolver-las-oportunidades-a-la-clase-media\\\/#webpage\"},\"isPartOf\":{\"@id\":\"https:\\\/\\\/www.eldigitaldeasturias.com\\\/noticias\\\/obama-reafirma-su-compromiso-de-devolver-las-oportunidades-a-la-clase-media\\\/#webpage\"},\"articleSection\":\"Actualidad\"},{\"@type\":\"BreadcrumbList\",\"@id\":\"https:\\\/\\\/www.eldigitaldeasturias.com\\\/noticias\\\/obama-reafirma-su-compromiso-de-devolver-las-oportunidades-a-la-clase-media\\\/#breadcrumblist\",\"itemListElement\":[{\"@type\":\"ListItem\",\"@id\":\"https:\\\/\\\/www.eldigitaldeasturias.com\\\/noticias#listItem\",\"position\":1,\"name\":\"Home\",\"item\":\"https:\\\/\\\/www.eldigitaldeasturias.com\\\/noticias\",\"nextItem\":{\"@type\":\"ListItem\",\"@id\":\"https:\\\/\\\/www.eldigitaldeasturias.com\\\/noticias\\\/category\\\/actualidad\\\/#listItem\",\"name\":\"Actualidad\"}},{\"@type\":\"ListItem\",\"@id\":\"https:\\\/\\\/www.eldigitaldeasturias.com\\\/noticias\\\/category\\\/actualidad\\\/#listItem\",\"position\":2,\"name\":\"Actualidad\",\"item\":\"https:\\\/\\\/www.eldigitaldeasturias.com\\\/noticias\\\/category\\\/actualidad\\\/\",\"nextItem\":{\"@type\":\"ListItem\",\"@id\":\"https:\\\/\\\/www.eldigitaldeasturias.com\\\/noticias\\\/obama-reafirma-su-compromiso-de-devolver-las-oportunidades-a-la-clase-media\\\/#listItem\",\"name\":\"Obama reafirma su compromiso de devolver las oportunidades a la clase media\"},\"previousItem\":{\"@type\":\"ListItem\",\"@id\":\"https:\\\/\\\/www.eldigitaldeasturias.com\\\/noticias#listItem\",\"name\":\"Home\"}},{\"@type\":\"ListItem\",\"@id\":\"https:\\\/\\\/www.eldigitaldeasturias.com\\\/noticias\\\/obama-reafirma-su-compromiso-de-devolver-las-oportunidades-a-la-clase-media\\\/#listItem\",\"position\":3,\"name\":\"Obama reafirma su compromiso de devolver las oportunidades a la clase media\",\"previousItem\":{\"@type\":\"ListItem\",\"@id\":\"https:\\\/\\\/www.eldigitaldeasturias.com\\\/noticias\\\/category\\\/actualidad\\\/#listItem\",\"name\":\"Actualidad\"}}]},{\"@type\":\"Organization\",\"@id\":\"https:\\\/\\\/www.eldigitaldeasturias.com\\\/noticias\\\/#organization\",\"name\":\"El Digital de Asturias\",\"description\":\"Hemeroteca\",\"url\":\"https:\\\/\\\/www.eldigitaldeasturias.com\\\/noticias\\\/\",\"email\":\"info@eldigitaldeasturias.com\",\"telephone\":\"+34652131393\",\"logo\":{\"@type\":\"ImageObject\",\"url\":\"https:\\\/\\\/www.eldigitaldeasturias.com\\\/noticias\\\/wp-content\\\/uploads\\\/2020\\\/12\\\/EDA.jpg\",\"@id\":\"https:\\\/\\\/www.eldigitaldeasturias.com\\\/noticias\\\/obama-reafirma-su-compromiso-de-devolver-las-oportunidades-a-la-clase-media\\\/#organizationLogo\"},\"image\":{\"@id\":\"https:\\\/\\\/www.eldigitaldeasturias.com\\\/noticias\\\/obama-reafirma-su-compromiso-de-devolver-las-oportunidades-a-la-clase-media\\\/#organizationLogo\"},\"sameAs\":[\"https:\\\/\\\/facebook.com\\\/eldigitaldeasturias\",\"https:\\\/\\\/www.youtube.com\\\/channel\\\/UCZP-2wLEB9Rv6erhFmqVnvg\"],\"address\":{\"@id\":\"https:\\\/\\\/www.eldigitaldeasturias.com\\\/noticias\\\/#postaladdress\",\"@type\":\"PostalAddress\",\"streetAddress\":\"san antonio 4\",\"postalCode\":\"33430\",\"addressLocality\":\"Cand\\u00e1s\",\"addressRegion\":\"Asturias\",\"addressCountry\":\"ES\"}},{\"@type\":\"Person\",\"@id\":\"https:\\\/\\\/www.eldigitaldeasturias.com\\\/noticias\\\/author\\\/admin\\\/#author\",\"url\":\"https:\\\/\\\/www.eldigitaldeasturias.com\\\/noticias\\\/author\\\/admin\\\/\",\"name\":\"El Digital de Asturias\",\"image\":{\"@type\":\"ImageObject\",\"@id\":\"https:\\\/\\\/www.eldigitaldeasturias.com\\\/noticias\\\/obama-reafirma-su-compromiso-de-devolver-las-oportunidades-a-la-clase-media\\\/#authorImage\",\"url\":\"https:\\\/\\\/secure.gravatar.com\\\/avatar\\\/df2aeffc32bcd13f8d26072ef8a91b623d677766deac7f97ca815868cd41bf5e?s=96&d=mm&r=g\",\"width\":96,\"height\":96,\"caption\":\"El Digital de Asturias\"}},{\"@type\":\"WebPage\",\"@id\":\"https:\\\/\\\/www.eldigitaldeasturias.com\\\/noticias\\\/obama-reafirma-su-compromiso-de-devolver-las-oportunidades-a-la-clase-media\\\/#webpage\",\"url\":\"https:\\\/\\\/www.eldigitaldeasturias.com\\\/noticias\\\/obama-reafirma-su-compromiso-de-devolver-las-oportunidades-a-la-clase-media\\\/\",\"name\":\"Obama reafirma su compromiso de devolver las oportunidades a la clase media - El Digital de Asturias\",\"description\":\"Washington, 1 feb (EFE).- El presidente de EEUU, Barack Obama, reafirm\\u00f3 hoy en su discurso de los s\\u00e1bados su compromiso de devolver las oportunidades a las clases medias y trabajadoras del pa\\u00eds, ahora que la econom\\u00eda nacional remonta y deja atr\\u00e1s por fin la larga recesi\\u00f3n econ\\u00f3mica. \\\"A pesar de la recuperaci\\u00f3n, mientras que las\",\"inLanguage\":\"es-ES\",\"isPartOf\":{\"@id\":\"https:\\\/\\\/www.eldigitaldeasturias.com\\\/noticias\\\/#website\"},\"breadcrumb\":{\"@id\":\"https:\\\/\\\/www.eldigitaldeasturias.com\\\/noticias\\\/obama-reafirma-su-compromiso-de-devolver-las-oportunidades-a-la-clase-media\\\/#breadcrumblist\"},\"author\":{\"@id\":\"https:\\\/\\\/www.eldigitaldeasturias.com\\\/noticias\\\/author\\\/admin\\\/#author\"},\"creator\":{\"@id\":\"https:\\\/\\\/www.eldigitaldeasturias.com\\\/noticias\\\/author\\\/admin\\\/#author\"},\"image\":{\"@type\":\"ImageObject\",\"url\":481886,\"@id\":\"https:\\\/\\\/www.eldigitaldeasturias.com\\\/noticias\\\/obama-reafirma-su-compromiso-de-devolver-las-oportunidades-a-la-clase-media\\\/#mainImage\"},\"primaryImageOfPage\":{\"@id\":\"https:\\\/\\\/www.eldigitaldeasturias.com\\\/noticias\\\/obama-reafirma-su-compromiso-de-devolver-las-oportunidades-a-la-clase-media\\\/#mainImage\"},\"datePublished\":\"2014-02-01T21:50:05+01:00\",\"dateModified\":\"2014-02-01T21:50:05+01:00\"},{\"@type\":\"WebSite\",\"@id\":\"https:\\\/\\\/www.eldigitaldeasturias.com\\\/noticias\\\/#website\",\"url\":\"https:\\\/\\\/www.eldigitaldeasturias.com\\\/noticias\\\/\",\"name\":\"El Digital de Asturias - Diario de actualidad y noticias\",\"alternateName\":\"El Digital de Asturias - Diario de actualidad y noticias\",\"description\":\"Hemeroteca\",\"inLanguage\":\"es-ES\",\"publisher\":{\"@id\":\"https:\\\/\\\/www.eldigitaldeasturias.com\\\/noticias\\\/#organization\"}}]}\n\t\t<\/script>\n\t\t<!-- All in One SEO Pro -->\r\n\t\t<title>Obama reafirma su compromiso de devolver las oportunidades a la clase media - El Digital de Asturias<\/title>\n\n","aioseo_head_json":{"title":"Obama reafirma su compromiso de devolver las oportunidades a la clase media - El Digital de Asturias","description":"Washington, 1 feb (EFE).- El presidente de EEUU, Barack Obama, reafirm\u00f3 hoy en su discurso de los s\u00e1bados su compromiso de devolver las oportunidades a las clases medias y trabajadoras del pa\u00eds, ahora que la econom\u00eda nacional remonta y deja atr\u00e1s por fin la larga recesi\u00f3n econ\u00f3mica. \"A pesar de la recuperaci\u00f3n, mientras que las","canonical_url":"https:\/\/www.eldigitaldeasturias.com\/noticias\/obama-reafirma-su-compromiso-de-devolver-las-oportunidades-a-la-clase-media\/","robots":"max-image-preview:large","keywords":"actualidad","webmasterTools":{"google-site-verification":"UA-38556648-1","msvalidate.01":"7dfe9f3f1b24437ab69f4f2559babe99","miscellaneous":""},"schema":{"@context":"https:\/\/schema.org","@graph":[{"@type":"BlogPosting","@id":"https:\/\/www.eldigitaldeasturias.com\/noticias\/obama-reafirma-su-compromiso-de-devolver-las-oportunidades-a-la-clase-media\/#blogposting","name":"Obama reafirma su compromiso de devolver las oportunidades a la clase media - El Digital de Asturias","headline":"Obama reafirma su compromiso de devolver las oportunidades a la clase media","author":{"@id":"https:\/\/www.eldigitaldeasturias.com\/noticias\/author\/admin\/#author"},"publisher":{"@id":"https:\/\/www.eldigitaldeasturias.com\/noticias\/#organization"},"image":{"@type":"ImageObject","url":481886},"datePublished":"2014-02-01T21:50:05+01:00","dateModified":"2014-02-01T21:50:05+01:00","inLanguage":"es-ES","mainEntityOfPage":{"@id":"https:\/\/www.eldigitaldeasturias.com\/noticias\/obama-reafirma-su-compromiso-de-devolver-las-oportunidades-a-la-clase-media\/#webpage"},"isPartOf":{"@id":"https:\/\/www.eldigitaldeasturias.com\/noticias\/obama-reafirma-su-compromiso-de-devolver-las-oportunidades-a-la-clase-media\/#webpage"},"articleSection":"Actualidad"},{"@type":"BreadcrumbList","@id":"https:\/\/www.eldigitaldeasturias.com\/noticias\/obama-reafirma-su-compromiso-de-devolver-las-oportunidades-a-la-clase-media\/#breadcrumblist","itemListElement":[{"@type":"ListItem","@id":"https:\/\/www.eldigitaldeasturias.com\/noticias#listItem","position":1,"name":"Home","item":"https:\/\/www.eldigitaldeasturias.com\/noticias","nextItem":{"@type":"ListItem","@id":"https:\/\/www.eldigitaldeasturias.com\/noticias\/category\/actualidad\/#listItem","name":"Actualidad"}},{"@type":"ListItem","@id":"https:\/\/www.eldigitaldeasturias.com\/noticias\/category\/actualidad\/#listItem","position":2,"name":"Actualidad","item":"https:\/\/www.eldigitaldeasturias.com\/noticias\/category\/actualidad\/","nextItem":{"@type":"ListItem","@id":"https:\/\/www.eldigitaldeasturias.com\/noticias\/obama-reafirma-su-compromiso-de-devolver-las-oportunidades-a-la-clase-media\/#listItem","name":"Obama reafirma su compromiso de devolver las oportunidades a la clase media"},"previousItem":{"@type":"ListItem","@id":"https:\/\/www.eldigitaldeasturias.com\/noticias#listItem","name":"Home"}},{"@type":"ListItem","@id":"https:\/\/www.eldigitaldeasturias.com\/noticias\/obama-reafirma-su-compromiso-de-devolver-las-oportunidades-a-la-clase-media\/#listItem","position":3,"name":"Obama reafirma su compromiso de devolver las oportunidades a la clase media","previousItem":{"@type":"ListItem","@id":"https:\/\/www.eldigitaldeasturias.com\/noticias\/category\/actualidad\/#listItem","name":"Actualidad"}}]},{"@type":"Organization","@id":"https:\/\/www.eldigitaldeasturias.com\/noticias\/#organization","name":"El Digital de Asturias","description":"Hemeroteca","url":"https:\/\/www.eldigitaldeasturias.com\/noticias\/","email":"info@eldigitaldeasturias.com","telephone":"+34652131393","logo":{"@type":"ImageObject","url":"https:\/\/www.eldigitaldeasturias.com\/noticias\/wp-content\/uploads\/2020\/12\/EDA.jpg","@id":"https:\/\/www.eldigitaldeasturias.com\/noticias\/obama-reafirma-su-compromiso-de-devolver-las-oportunidades-a-la-clase-media\/#organizationLogo"},"image":{"@id":"https:\/\/www.eldigitaldeasturias.com\/noticias\/obama-reafirma-su-compromiso-de-devolver-las-oportunidades-a-la-clase-media\/#organizationLogo"},"sameAs":["https:\/\/facebook.com\/eldigitaldeasturias","https:\/\/www.youtube.com\/channel\/UCZP-2wLEB9Rv6erhFmqVnvg"],"address":{"@id":"https:\/\/www.eldigitaldeasturias.com\/noticias\/#postaladdress","@type":"PostalAddress","streetAddress":"san antonio 4","postalCode":"33430","addressLocality":"Cand\u00e1s","addressRegion":"Asturias","addressCountry":"ES"}},{"@type":"Person","@id":"https:\/\/www.eldigitaldeasturias.com\/noticias\/author\/admin\/#author","url":"https:\/\/www.eldigitaldeasturias.com\/noticias\/author\/admin\/","name":"El Digital de Asturias","image":{"@type":"ImageObject","@id":"https:\/\/www.eldigitaldeasturias.com\/noticias\/obama-reafirma-su-compromiso-de-devolver-las-oportunidades-a-la-clase-media\/#authorImage","url":"https:\/\/secure.gravatar.com\/avatar\/df2aeffc32bcd13f8d26072ef8a91b623d677766deac7f97ca815868cd41bf5e?s=96&d=mm&r=g","width":96,"height":96,"caption":"El Digital de Asturias"}},{"@type":"WebPage","@id":"https:\/\/www.eldigitaldeasturias.com\/noticias\/obama-reafirma-su-compromiso-de-devolver-las-oportunidades-a-la-clase-media\/#webpage","url":"https:\/\/www.eldigitaldeasturias.com\/noticias\/obama-reafirma-su-compromiso-de-devolver-las-oportunidades-a-la-clase-media\/","name":"Obama reafirma su compromiso de devolver las oportunidades a la clase media - El Digital de Asturias","description":"Washington, 1 feb (EFE).- El presidente de EEUU, Barack Obama, reafirm\u00f3 hoy en su discurso de los s\u00e1bados su compromiso de devolver las oportunidades a las clases medias y trabajadoras del pa\u00eds, ahora que la econom\u00eda nacional remonta y deja atr\u00e1s por fin la larga recesi\u00f3n econ\u00f3mica. \"A pesar de la recuperaci\u00f3n, mientras que las","inLanguage":"es-ES","isPartOf":{"@id":"https:\/\/www.eldigitaldeasturias.com\/noticias\/#website"},"breadcrumb":{"@id":"https:\/\/www.eldigitaldeasturias.com\/noticias\/obama-reafirma-su-compromiso-de-devolver-las-oportunidades-a-la-clase-media\/#breadcrumblist"},"author":{"@id":"https:\/\/www.eldigitaldeasturias.com\/noticias\/author\/admin\/#author"},"creator":{"@id":"https:\/\/www.eldigitaldeasturias.com\/noticias\/author\/admin\/#author"},"image":{"@type":"ImageObject","url":481886,"@id":"https:\/\/www.eldigitaldeasturias.com\/noticias\/obama-reafirma-su-compromiso-de-devolver-las-oportunidades-a-la-clase-media\/#mainImage"},"primaryImageOfPage":{"@id":"https:\/\/www.eldigitaldeasturias.com\/noticias\/obama-reafirma-su-compromiso-de-devolver-las-oportunidades-a-la-clase-media\/#mainImage"},"datePublished":"2014-02-01T21:50:05+01:00","dateModified":"2014-02-01T21:50:05+01:00"},{"@type":"WebSite","@id":"https:\/\/www.eldigitaldeasturias.com\/noticias\/#website","url":"https:\/\/www.eldigitaldeasturias.com\/noticias\/","name":"El Digital de Asturias - Diario de actualidad y noticias","alternateName":"El Digital de Asturias - Diario de actualidad y noticias","description":"Hemeroteca","inLanguage":"es-ES","publisher":{"@id":"https:\/\/www.eldigitaldeasturias.com\/noticias\/#organization"}}]},"og:locale":"es_ES","og:site_name":"El Digital de Asturias","og:type":"article","og:title":"Obama reafirma su compromiso de devolver las oportunidades a la clase media - El Digital de Asturias","og:description":"Washington, 1 feb (EFE).- El presidente de EEUU, Barack Obama, reafirm\u00f3 hoy en su discurso de los s\u00e1bados su compromiso de devolver las oportunidades a las clases medias y trabajadoras del pa\u00eds, ahora que la econom\u00eda nacional remonta y deja atr\u00e1s por fin la larga recesi\u00f3n econ\u00f3mica. &quot;A pesar de la recuperaci\u00f3n, mientras que las","og:url":"https:\/\/www.eldigitaldeasturias.com\/noticias\/obama-reafirma-su-compromiso-de-devolver-las-oportunidades-a-la-clase-media\/","article:tag":["actualidad"],"article:published_time":"2014-02-01T22:50:05+00:00","article:modified_time":"2014-02-01T22:50:05+00:00","article:publisher":"https:\/\/facebook.com\/eldigitaldeasturias","twitter:card":"summary_large_image","twitter:title":"Obama reafirma su compromiso de devolver las oportunidades a la clase media - El Digital de Asturias","twitter:description":"Washington, 1 feb (EFE).- El presidente de EEUU, Barack Obama, reafirm\u00f3 hoy en su discurso de los s\u00e1bados su compromiso de devolver las oportunidades a las clases medias y trabajadoras del pa\u00eds, ahora que la econom\u00eda nacional remonta y deja atr\u00e1s por fin la larga recesi\u00f3n econ\u00f3mica. &quot;A pesar de la recuperaci\u00f3n, mientras que las","twitter:label1":"Escrito por","twitter:data1":"El Digital de Asturias","twitter:label2":"Tiempo de lectura estimado","twitter:data2":"2 minutos"},"aioseo_meta_data":{"post_id":"481885","title":null,"description":null,"keywords":null,"keyphrases":null,"primary_term":null,"canonical_url":null,"og_title":null,"og_description":null,"og_object_type":"default","og_image_type":"default","og_image_url":null,"og_image_width":null,"og_image_height":null,"og_image_custom_url":null,"og_image_custom_fields":null,"og_video":null,"og_custom_url":null,"og_article_section":null,"og_article_tags":null,"twitter_use_og":true,"twitter_card":"default","twitter_image_type":"default","twitter_image_url":null,"twitter_image_custom_url":null,"twitter_image_custom_fields":null,"twitter_title":null,"twitter_description":null,"schema":{"blockGraphs":[],"customGraphs":[],"default":{"data":{"Article":[],"Course":[],"Dataset":[],"FAQPage":[],"Movie":[],"Person":[],"Product":[],"ProductReview":[],"Car":[],"Recipe":[],"Service":[],"SoftwareApplication":[],"WebPage":[]},"graphName":"","isEnabled":true},"graphs":[],"defaultGraph":"","defaultPostTypeGraph":""},"schema_type":null,"schema_type_options":null,"pillar_content":false,"robots_default":true,"robots_noindex":false,"robots_noarchive":false,"robots_nosnippet":false,"robots_nofollow":false,"robots_noimageindex":false,"robots_noodp":false,"robots_notranslate":false,"robots_max_snippet":null,"robots_max_videopreview":null,"robots_max_imagepreview":"none","priority":null,"frequency":null,"local_seo":null,"seo_analyzer_scan_date":"2026-06-02 08:10:54","breadcrumb_settings":null,"limit_modified_date":false,"open_ai":null,"ai":null,"created":"2020-11-14 22:54:29","updated":"2026-06-02 08:10:54","focus_keyword":null,"additional_keywords":null,"truseo_locale":null},"aioseo_breadcrumb":"<div class=\"aioseo-breadcrumbs\"><span class=\"aioseo-breadcrumb\">\n\t<a href=\"https:\/\/www.eldigitaldeasturias.com\/noticias\" title=\"Home\">Home<\/a>\n<\/span><span class=\"aioseo-breadcrumb-separator\">\u2013<\/span><span class=\"aioseo-breadcrumb\">\n\t<a href=\"https:\/\/www.eldigitaldeasturias.com\/noticias\/category\/actualidad\/\" title=\"Actualidad\">Actualidad<\/a>\n<\/span><span class=\"aioseo-breadcrumb-separator\">\u2013<\/span><span class=\"aioseo-breadcrumb\">\n\t<a href=\"https:\/\/www.eldigitaldeasturias.com\/noticias\/obama-reafirma-su-compromiso-de-devolver-las-oportunidades-a-la-clase-media\/\" title=\"Obama reafirma su compromiso de devolver las oportunidades a la clase media\">Obama reafirma su compromiso de devolver las oportunidades a la clase media<\/a>\n<\/span><\/div>","aioseo_breadcrumb_json":[{"label":"Home","link":"https:\/\/www.eldigitaldeasturias.com\/noticias"},{"label":"Actualidad","link":"https:\/\/www.eldigitaldeasturias.com\/noticias\/category\/actualidad\/"},{"label":"Obama reafirma su compromiso de devolver las oportunidades a la clase media","link":"https:\/\/www.eldigitaldeasturias.com\/noticias\/obama-reafirma-su-compromiso-de-devolver-las-oportunidades-a-la-clase-media\/"}],"_links":{"self":[{"href":"https:\/\/www.eldigitaldeasturias.com\/noticias\/wp-json\/wp\/v2\/posts\/481885","targetHints":{"allow":["GET"]}}],"collection":[{"href":"https:\/\/www.eldigitaldeasturias.com\/noticias\/wp-json\/wp\/v2\/posts"}],"about":[{"href":"https:\/\/www.eldigitaldeasturias.com\/noticias\/wp-json\/wp\/v2\/types\/post"}],"author":[{"embeddable":true,"href":"https:\/\/www.eldigitaldeasturias.com\/noticias\/wp-json\/wp\/v2\/users\/1"}],"replies":[{"embeddable":true,"href":"https:\/\/www.eldigitaldeasturias.com\/noticias\/wp-json\/wp\/v2\/comments?post=481885"}],"version-history":[{"count":0,"href":"https:\/\/www.eldigitaldeasturias.com\/noticias\/wp-json\/wp\/v2\/posts\/481885\/revisions"}],"wp:attachment":[{"href":"https:\/\/www.eldigitaldeasturias.com\/noticias\/wp-json\/wp\/v2\/media?parent=481885"}],"wp:term":[{"taxonomy":"category","embeddable":true,"href":"https:\/\/www.eldigitaldeasturias.com\/noticias\/wp-json\/wp\/v2\/categories?post=481885"},{"taxonomy":"post_tag","embeddable":true,"href":"https:\/\/www.eldigitaldeasturias.com\/noticias\/wp-json\/wp\/v2\/tags?post=481885"}],"curies":[{"name":"wp","href":"https:\/\/api.w.org\/{rel}","templated":true}]}}