{"id":481861,"date":"2014-02-01T21:39:41","date_gmt":"2014-02-01T22:39:41","guid":{"rendered":"http:\/\/www.eldigitaldeasturias.com\/noticias\/?p=481861"},"modified":"2014-02-01T21:39:41","modified_gmt":"2014-02-01T22:39:41","slug":"cristobal-montoro-el-deseado","status":"publish","type":"post","link":"https:\/\/www.eldigitaldeasturias.com\/noticias\/cristobal-montoro-el-deseado\/","title":{"rendered":"Crist\u00f3bal Montoro, \u00abel deseado\u00bb"},"content":{"rendered":"<p><img loading=\"lazy\" decoding=\"async\" class=\"alignleft size-medium wp-image-481862\" alt=\"5900025w\" src=\"https:\/\/www.eldigitaldeasturias.com\/noticias\/wp-content\/uploads\/2014\/02\/5900025w-360x240.jpg\" width=\"360\" height=\"240\" \/>Valladolid, 1 feb (EFE).- Ser el ministro encargado de obligar a hacer un agujero m\u00e1s en el cintur\u00f3n del gasto p\u00fablico, no propicia precisamente que Crist\u00f3bal Montoro pueda ser el destinatario de piropos como el que hoy ha escuchado en Valladolid en el marco de la convenci\u00f3n nacional del PP.<\/p>\n<p>\u00abEres el ministro m\u00e1s deseado\u00bb. Eso es lo que le han dicho dos compa\u00f1eras de partido: la presidenta del PP catal\u00e1n, Alicia S\u00e1nchez-Camacho, y la secretaria ejecutiva de formaci\u00f3n del partido, Susana Camarero.<\/p>\n<p>Ella ha sido la encargada de moderar uno de los foros de la convenci\u00f3n popular, el que se ha desarrollado con el ep\u00edgrafe \u00abLa reforma del sector p\u00fablico y crecimiento econ\u00f3mico\u00bb, y que ha estado protagonizado por el titular de Hacienda y la m\u00e1xima responsable del partido en Catalu\u00f1a.<\/p>\n<p>Ha sido \u00e9sta quien primero ha lanzado su halago a Montoro asegurando que estaba ante el ministro \u00abm\u00e1s esperado, el m\u00e1s querido por todos los gestores p\u00fablicos, por todos los espa\u00f1oles, por todos los empresarios y todos los aut\u00f3nomos\u00bb.<\/p>\n<p>Los aplausos que han acompa\u00f1ado esa afirmaci\u00f3n, que el ministro ha acogido entre sonrisas, se han repetido cuando Camarero, minutos despu\u00e9s, ha apoyado esas palabras: \u00abEres el ministro m\u00e1s deseado\u00bb.<\/p>\n<p>Montoro ya no ha podido aguantarse una respuesta asegurando que esas afirmaciones s\u00f3lo pod\u00edan llegar desde el \u00abhumor\u00bb, aunque ha agradecido el cumplido: \u00abGracias, Alicia, por ese t\u00edtulo que me has dado\u00bb.<\/p>\n<p>Susana Camarero ha querido entonces aclarar que las palabras de ambas ten\u00edan base en que una convenci\u00f3n con tantos alcaldes y presidentes auton\u00f3micos, sin duda (por aquello de intentar que el ministerio sea m\u00e1s magn\u00e1nimo con sus arcas) le hac\u00edan ser el miembro del Gobierno m\u00e1s ansiado.<\/p>\n<p>El titular de Hacienda no ha querido quedarse solo con ese \u00abhonor\u00bb y ha querido compartirlo con su n\u00famero dos, el secretario de Estado Antonio Beteta, presente tambi\u00e9n en el foro, y al que, entre bromas, ha instado que se dirijan los responsables municipales y auton\u00f3micos.<\/p>\n<p>Montoro no ha desvelado detalles de la reforma tributaria del Gobierno pero s\u00ed ha adelantado que ma\u00f1ana, en la clausura de la convenci\u00f3n, hablar\u00e1 de ello Mariano Rajoy.<\/p>\n<p>El presidente del Gobierno, en una charla con los j\u00f3venes de Nuevas Generaciones, ha certificado que as\u00ed ser\u00e1 y ha explicado que habr\u00e1 una bajada sucesiva de impuestos en los pr\u00f3ximos a\u00f1os.<\/p>\n<p>Ha hecho una confesi\u00f3n m\u00e1s: Duerme bien. Se lo ha comentado a los j\u00f3venes populares tras escuchar los elogios de su presidenta, Beatriz Jurado, por haber batallado por Espa\u00f1a en Europa y haber pasado toda una noche en vela cuando se negociaban los presupuestos de la UE hasta 2020.<\/p>\n<p>Y dormir bien, ha asegurado, es importante para estar l\u00facido ante las decisiones que tiene que tomar en el ejercicio de sus responsabilidades.<\/p>\n<p>Si ayer era el turno para que Rajoy luciera unas gafas Google Glass disponibles en el expositor de la nueva web del partido, hoy han querido emularle numerosos asistentes al c\u00f3nclave popular, como el ministro Jos\u00e9 Manuel Soria, el presidente de la Comunidad de Madrid, Ignacio Gonz\u00e1lez, o la presidenta del PP madrile\u00f1o, Esperanza Aguirre.<\/p>\n<p>Los corrillos en los pasillos de la convenci\u00f3n se han sucedido desde primera hora, con aut\u00e9nticos atascos en algunos momentos a los que ha contribuido que alguna de las organizaciones que cuentan con espacio propio invitara a una degustaci\u00f3n de queso.<\/p>\n<p>No hay foto en ella de alguien que suele estar en los actos de promoci\u00f3n de productos t\u00edpicos espa\u00f1oles, Miguel Arias Ca\u00f1ete, el nombre que m\u00e1s suena para encabezar la candidatura del PP para las elecciones europeas y al que se ha dirigido Mar\u00eda Luisa Soriano, la moderadora del foro en el que ha participado, con el apelativo de \u00abel ministro de pata negra\u00bb.<\/p>\n<p>Pero no s\u00f3lo de pol\u00edtica se ha hablado hoy en la convenci\u00f3n. Bastaba con intercambiar unas palabras con muchos de los participantes en ella para que no tardara en salir a relucir Luis Aragon\u00e9s.<\/p>\n<p>El exseleccionador de f\u00fatbol, que muri\u00f3 hoy en Madrid, tambi\u00e9n puso su granito de arena para quienes se sientan identificados con una afirmaci\u00f3n realizada hoy ante el plenario por Esteban Gonz\u00e1lez Pons: \u00abJuntos somos Espa\u00f1a. Ser espa\u00f1ol es una de las mejores cosas que te pueden pasar en la vida\u00bb.<\/p>\n<p>Jos\u00e9 Miguel Blanco.<\/p>\n","protected":false},"excerpt":{"rendered":"<p>Valladolid, 1 feb (EFE).- Ser el ministro encargado de obligar a hacer un agujero m\u00e1s en el cintur\u00f3n del gasto p\u00fablico, no propicia precisamente que Crist\u00f3bal Montoro pueda ser el destinatario de piropos como el que hoy ha escuchado en Valladolid en el marco de la convenci\u00f3n nacional del PP. \u00abEres el ministro m\u00e1s deseado\u00bb. [&hellip;]<\/p>\n","protected":false},"author":1,"featured_media":481862,"comment_status":"closed","ping_status":"open","sticky":false,"template":"","format":"standard","meta":{"footnotes":""},"categories":[1],"tags":[],"class_list":["post-481861","post","type-post","status-publish","format-standard","has-post-thumbnail","hentry","category-actualidad"],"aioseo_notices":[],"aioseo_head":"\n\t\t<!-- All in One SEO Pro 5.0.1 - aioseo.com -->\n\t<meta name=\"description\" content=\"Valladolid, 1 feb (EFE).- Ser el ministro encargado de obligar a hacer un agujero m\u00e1s en el cintur\u00f3n del gasto p\u00fablico, no propicia precisamente que Crist\u00f3bal Montoro pueda ser el destinatario de piropos como el que hoy ha escuchado en Valladolid en el marco de la convenci\u00f3n nacional del PP. &quot;Eres el ministro m\u00e1s deseado&quot;.\" \/>\n\t<meta name=\"robots\" content=\"max-image-preview:large\" \/>\n\t<meta name=\"author\" content=\"El Digital de Asturias\"\/>\n\t<meta name=\"google-site-verification\" content=\"UA-38556648-1\" \/>\n\t<meta name=\"msvalidate.01\" content=\"7dfe9f3f1b24437ab69f4f2559babe99\" \/>\n\t<meta name=\"keywords\" content=\"actualidad\" \/>\n\t<link rel=\"canonical\" href=\"https:\/\/www.eldigitaldeasturias.com\/noticias\/cristobal-montoro-el-deseado\/\" \/>\n\t<meta name=\"generator\" content=\"All in One SEO Pro (AIOSEO) 5.0.1\" \/>\n\t\t<meta property=\"og:locale\" content=\"es_ES\" \/>\n\t\t<meta property=\"og:site_name\" content=\"El Digital de Asturias\" \/>\n\t\t<meta property=\"og:type\" content=\"article\" \/>\n\t\t<meta property=\"og:title\" content=\"Crist\u00f3bal Montoro, \u00abel deseado\u00bb - El Digital de Asturias\" \/>\n\t\t<meta property=\"og:description\" content=\"Valladolid, 1 feb (EFE).- Ser el ministro encargado de obligar a hacer un agujero m\u00e1s en el cintur\u00f3n del gasto p\u00fablico, no propicia precisamente que Crist\u00f3bal Montoro pueda ser el destinatario de piropos como el que hoy ha escuchado en Valladolid en el marco de la convenci\u00f3n nacional del PP. &quot;Eres el ministro m\u00e1s deseado&quot;.\" \/>\n\t\t<meta property=\"og:url\" content=\"https:\/\/www.eldigitaldeasturias.com\/noticias\/cristobal-montoro-el-deseado\/\" \/>\n\t\t<meta property=\"article:tag\" content=\"actualidad\" \/>\n\t\t<meta property=\"article:published_time\" content=\"2014-02-01T22:39:41+00:00\" \/>\n\t\t<meta property=\"article:modified_time\" content=\"2014-02-01T22:39:41+00:00\" \/>\n\t\t<meta property=\"article:publisher\" content=\"https:\/\/facebook.com\/eldigitaldeasturias\" \/>\n\t\t<meta name=\"twitter:card\" content=\"summary_large_image\" \/>\n\t\t<meta name=\"twitter:title\" content=\"Crist\u00f3bal Montoro, \u00abel deseado\u00bb - El Digital de Asturias\" \/>\n\t\t<meta name=\"twitter:description\" content=\"Valladolid, 1 feb (EFE).- Ser el ministro encargado de obligar a hacer un agujero m\u00e1s en el cintur\u00f3n del gasto p\u00fablico, no propicia precisamente que Crist\u00f3bal Montoro pueda ser el destinatario de piropos como el que hoy ha escuchado en Valladolid en el marco de la convenci\u00f3n nacional del PP. &quot;Eres el ministro m\u00e1s deseado&quot;.\" \/>\n\t\t<meta name=\"twitter:label1\" content=\"Escrito por\" \/>\n\t\t<meta name=\"twitter:data1\" content=\"El Digital de Asturias\" \/>\n\t\t<meta name=\"twitter:label2\" content=\"Tiempo de lectura estimado\" \/>\n\t\t<meta name=\"twitter:data2\" content=\"4 minutos\" \/>\n\t\t<script type=\"application\/ld+json\" class=\"aioseo-schema\">\n\t\t\t{\"@context\":\"https:\\\/\\\/schema.org\",\"@graph\":[{\"@type\":\"BlogPosting\",\"@id\":\"https:\\\/\\\/www.eldigitaldeasturias.com\\\/noticias\\\/cristobal-montoro-el-deseado\\\/#blogposting\",\"name\":\"Crist\\u00f3bal Montoro, \\u00abel deseado\\u00bb - El Digital de Asturias\",\"headline\":\"Crist\\u00f3bal Montoro, \\u00abel deseado\\u00bb\",\"author\":{\"@id\":\"https:\\\/\\\/www.eldigitaldeasturias.com\\\/noticias\\\/author\\\/admin\\\/#author\"},\"publisher\":{\"@id\":\"https:\\\/\\\/www.eldigitaldeasturias.com\\\/noticias\\\/#organization\"},\"image\":{\"@type\":\"ImageObject\",\"url\":481862},\"datePublished\":\"2014-02-01T21:39:41+01:00\",\"dateModified\":\"2014-02-01T21:39:41+01:00\",\"inLanguage\":\"es-ES\",\"mainEntityOfPage\":{\"@id\":\"https:\\\/\\\/www.eldigitaldeasturias.com\\\/noticias\\\/cristobal-montoro-el-deseado\\\/#webpage\"},\"isPartOf\":{\"@id\":\"https:\\\/\\\/www.eldigitaldeasturias.com\\\/noticias\\\/cristobal-montoro-el-deseado\\\/#webpage\"},\"articleSection\":\"Actualidad\"},{\"@type\":\"BreadcrumbList\",\"@id\":\"https:\\\/\\\/www.eldigitaldeasturias.com\\\/noticias\\\/cristobal-montoro-el-deseado\\\/#breadcrumblist\",\"itemListElement\":[{\"@type\":\"ListItem\",\"@id\":\"https:\\\/\\\/www.eldigitaldeasturias.com\\\/noticias#listItem\",\"position\":1,\"name\":\"Home\",\"item\":\"https:\\\/\\\/www.eldigitaldeasturias.com\\\/noticias\",\"nextItem\":{\"@type\":\"ListItem\",\"@id\":\"https:\\\/\\\/www.eldigitaldeasturias.com\\\/noticias\\\/category\\\/actualidad\\\/#listItem\",\"name\":\"Actualidad\"}},{\"@type\":\"ListItem\",\"@id\":\"https:\\\/\\\/www.eldigitaldeasturias.com\\\/noticias\\\/category\\\/actualidad\\\/#listItem\",\"position\":2,\"name\":\"Actualidad\",\"item\":\"https:\\\/\\\/www.eldigitaldeasturias.com\\\/noticias\\\/category\\\/actualidad\\\/\",\"nextItem\":{\"@type\":\"ListItem\",\"@id\":\"https:\\\/\\\/www.eldigitaldeasturias.com\\\/noticias\\\/cristobal-montoro-el-deseado\\\/#listItem\",\"name\":\"Crist\\u00f3bal Montoro, \\u00abel deseado\\u00bb\"},\"previousItem\":{\"@type\":\"ListItem\",\"@id\":\"https:\\\/\\\/www.eldigitaldeasturias.com\\\/noticias#listItem\",\"name\":\"Home\"}},{\"@type\":\"ListItem\",\"@id\":\"https:\\\/\\\/www.eldigitaldeasturias.com\\\/noticias\\\/cristobal-montoro-el-deseado\\\/#listItem\",\"position\":3,\"name\":\"Crist\\u00f3bal Montoro, \\u00abel deseado\\u00bb\",\"previousItem\":{\"@type\":\"ListItem\",\"@id\":\"https:\\\/\\\/www.eldigitaldeasturias.com\\\/noticias\\\/category\\\/actualidad\\\/#listItem\",\"name\":\"Actualidad\"}}]},{\"@type\":\"Organization\",\"@id\":\"https:\\\/\\\/www.eldigitaldeasturias.com\\\/noticias\\\/#organization\",\"name\":\"El Digital de Asturias\",\"description\":\"Hemeroteca\",\"url\":\"https:\\\/\\\/www.eldigitaldeasturias.com\\\/noticias\\\/\",\"email\":\"info@eldigitaldeasturias.com\",\"telephone\":\"+34652131393\",\"logo\":{\"@type\":\"ImageObject\",\"url\":\"https:\\\/\\\/www.eldigitaldeasturias.com\\\/noticias\\\/wp-content\\\/uploads\\\/2020\\\/12\\\/EDA.jpg\",\"@id\":\"https:\\\/\\\/www.eldigitaldeasturias.com\\\/noticias\\\/cristobal-montoro-el-deseado\\\/#organizationLogo\"},\"image\":{\"@id\":\"https:\\\/\\\/www.eldigitaldeasturias.com\\\/noticias\\\/cristobal-montoro-el-deseado\\\/#organizationLogo\"},\"sameAs\":[\"https:\\\/\\\/facebook.com\\\/eldigitaldeasturias\",\"https:\\\/\\\/www.youtube.com\\\/channel\\\/UCZP-2wLEB9Rv6erhFmqVnvg\"],\"address\":{\"@id\":\"https:\\\/\\\/www.eldigitaldeasturias.com\\\/noticias\\\/#postaladdress\",\"@type\":\"PostalAddress\",\"streetAddress\":\"san antonio 4\",\"postalCode\":\"33430\",\"addressLocality\":\"Cand\\u00e1s\",\"addressRegion\":\"Asturias\",\"addressCountry\":\"ES\"}},{\"@type\":\"Person\",\"@id\":\"https:\\\/\\\/www.eldigitaldeasturias.com\\\/noticias\\\/author\\\/admin\\\/#author\",\"url\":\"https:\\\/\\\/www.eldigitaldeasturias.com\\\/noticias\\\/author\\\/admin\\\/\",\"name\":\"El Digital de Asturias\",\"image\":{\"@type\":\"ImageObject\",\"@id\":\"https:\\\/\\\/www.eldigitaldeasturias.com\\\/noticias\\\/cristobal-montoro-el-deseado\\\/#authorImage\",\"url\":\"https:\\\/\\\/secure.gravatar.com\\\/avatar\\\/df2aeffc32bcd13f8d26072ef8a91b623d677766deac7f97ca815868cd41bf5e?s=96&d=mm&r=g\",\"width\":96,\"height\":96,\"caption\":\"El Digital de Asturias\"}},{\"@type\":\"WebPage\",\"@id\":\"https:\\\/\\\/www.eldigitaldeasturias.com\\\/noticias\\\/cristobal-montoro-el-deseado\\\/#webpage\",\"url\":\"https:\\\/\\\/www.eldigitaldeasturias.com\\\/noticias\\\/cristobal-montoro-el-deseado\\\/\",\"name\":\"Crist\\u00f3bal Montoro, \\u00abel deseado\\u00bb - El Digital de Asturias\",\"description\":\"Valladolid, 1 feb (EFE).- Ser el ministro encargado de obligar a hacer un agujero m\\u00e1s en el cintur\\u00f3n del gasto p\\u00fablico, no propicia precisamente que Crist\\u00f3bal Montoro pueda ser el destinatario de piropos como el que hoy ha escuchado en Valladolid en el marco de la convenci\\u00f3n nacional del PP. \\\"Eres el ministro m\\u00e1s deseado\\\".\",\"inLanguage\":\"es-ES\",\"isPartOf\":{\"@id\":\"https:\\\/\\\/www.eldigitaldeasturias.com\\\/noticias\\\/#website\"},\"breadcrumb\":{\"@id\":\"https:\\\/\\\/www.eldigitaldeasturias.com\\\/noticias\\\/cristobal-montoro-el-deseado\\\/#breadcrumblist\"},\"author\":{\"@id\":\"https:\\\/\\\/www.eldigitaldeasturias.com\\\/noticias\\\/author\\\/admin\\\/#author\"},\"creator\":{\"@id\":\"https:\\\/\\\/www.eldigitaldeasturias.com\\\/noticias\\\/author\\\/admin\\\/#author\"},\"image\":{\"@type\":\"ImageObject\",\"url\":481862,\"@id\":\"https:\\\/\\\/www.eldigitaldeasturias.com\\\/noticias\\\/cristobal-montoro-el-deseado\\\/#mainImage\"},\"primaryImageOfPage\":{\"@id\":\"https:\\\/\\\/www.eldigitaldeasturias.com\\\/noticias\\\/cristobal-montoro-el-deseado\\\/#mainImage\"},\"datePublished\":\"2014-02-01T21:39:41+01:00\",\"dateModified\":\"2014-02-01T21:39:41+01:00\"},{\"@type\":\"WebSite\",\"@id\":\"https:\\\/\\\/www.eldigitaldeasturias.com\\\/noticias\\\/#website\",\"url\":\"https:\\\/\\\/www.eldigitaldeasturias.com\\\/noticias\\\/\",\"name\":\"El Digital de Asturias - Diario de actualidad y noticias\",\"alternateName\":\"El Digital de Asturias - Diario de actualidad y noticias\",\"description\":\"Hemeroteca\",\"inLanguage\":\"es-ES\",\"publisher\":{\"@id\":\"https:\\\/\\\/www.eldigitaldeasturias.com\\\/noticias\\\/#organization\"}}]}\n\t\t<\/script>\n\t\t<!-- All in One SEO Pro -->\r\n\t\t<title>Crist\u00f3bal Montoro, \u00abel deseado\u00bb - El Digital de Asturias<\/title>\n\n","aioseo_head_json":{"title":"Crist\u00f3bal Montoro, \u00abel deseado\u00bb - El Digital de Asturias","description":"Valladolid, 1 feb (EFE).- Ser el ministro encargado de obligar a hacer un agujero m\u00e1s en el cintur\u00f3n del gasto p\u00fablico, no propicia precisamente que Crist\u00f3bal Montoro pueda ser el destinatario de piropos como el que hoy ha escuchado en Valladolid en el marco de la convenci\u00f3n nacional del PP. \"Eres el ministro m\u00e1s deseado\".","canonical_url":"https:\/\/www.eldigitaldeasturias.com\/noticias\/cristobal-montoro-el-deseado\/","robots":"max-image-preview:large","keywords":"actualidad","webmasterTools":{"google-site-verification":"UA-38556648-1","msvalidate.01":"7dfe9f3f1b24437ab69f4f2559babe99","miscellaneous":""},"schema":{"@context":"https:\/\/schema.org","@graph":[{"@type":"BlogPosting","@id":"https:\/\/www.eldigitaldeasturias.com\/noticias\/cristobal-montoro-el-deseado\/#blogposting","name":"Crist\u00f3bal Montoro, \u00abel deseado\u00bb - El Digital de Asturias","headline":"Crist\u00f3bal Montoro, \u00abel deseado\u00bb","author":{"@id":"https:\/\/www.eldigitaldeasturias.com\/noticias\/author\/admin\/#author"},"publisher":{"@id":"https:\/\/www.eldigitaldeasturias.com\/noticias\/#organization"},"image":{"@type":"ImageObject","url":481862},"datePublished":"2014-02-01T21:39:41+01:00","dateModified":"2014-02-01T21:39:41+01:00","inLanguage":"es-ES","mainEntityOfPage":{"@id":"https:\/\/www.eldigitaldeasturias.com\/noticias\/cristobal-montoro-el-deseado\/#webpage"},"isPartOf":{"@id":"https:\/\/www.eldigitaldeasturias.com\/noticias\/cristobal-montoro-el-deseado\/#webpage"},"articleSection":"Actualidad"},{"@type":"BreadcrumbList","@id":"https:\/\/www.eldigitaldeasturias.com\/noticias\/cristobal-montoro-el-deseado\/#breadcrumblist","itemListElement":[{"@type":"ListItem","@id":"https:\/\/www.eldigitaldeasturias.com\/noticias#listItem","position":1,"name":"Home","item":"https:\/\/www.eldigitaldeasturias.com\/noticias","nextItem":{"@type":"ListItem","@id":"https:\/\/www.eldigitaldeasturias.com\/noticias\/category\/actualidad\/#listItem","name":"Actualidad"}},{"@type":"ListItem","@id":"https:\/\/www.eldigitaldeasturias.com\/noticias\/category\/actualidad\/#listItem","position":2,"name":"Actualidad","item":"https:\/\/www.eldigitaldeasturias.com\/noticias\/category\/actualidad\/","nextItem":{"@type":"ListItem","@id":"https:\/\/www.eldigitaldeasturias.com\/noticias\/cristobal-montoro-el-deseado\/#listItem","name":"Crist\u00f3bal Montoro, \u00abel deseado\u00bb"},"previousItem":{"@type":"ListItem","@id":"https:\/\/www.eldigitaldeasturias.com\/noticias#listItem","name":"Home"}},{"@type":"ListItem","@id":"https:\/\/www.eldigitaldeasturias.com\/noticias\/cristobal-montoro-el-deseado\/#listItem","position":3,"name":"Crist\u00f3bal Montoro, \u00abel deseado\u00bb","previousItem":{"@type":"ListItem","@id":"https:\/\/www.eldigitaldeasturias.com\/noticias\/category\/actualidad\/#listItem","name":"Actualidad"}}]},{"@type":"Organization","@id":"https:\/\/www.eldigitaldeasturias.com\/noticias\/#organization","name":"El Digital de Asturias","description":"Hemeroteca","url":"https:\/\/www.eldigitaldeasturias.com\/noticias\/","email":"info@eldigitaldeasturias.com","telephone":"+34652131393","logo":{"@type":"ImageObject","url":"https:\/\/www.eldigitaldeasturias.com\/noticias\/wp-content\/uploads\/2020\/12\/EDA.jpg","@id":"https:\/\/www.eldigitaldeasturias.com\/noticias\/cristobal-montoro-el-deseado\/#organizationLogo"},"image":{"@id":"https:\/\/www.eldigitaldeasturias.com\/noticias\/cristobal-montoro-el-deseado\/#organizationLogo"},"sameAs":["https:\/\/facebook.com\/eldigitaldeasturias","https:\/\/www.youtube.com\/channel\/UCZP-2wLEB9Rv6erhFmqVnvg"],"address":{"@id":"https:\/\/www.eldigitaldeasturias.com\/noticias\/#postaladdress","@type":"PostalAddress","streetAddress":"san antonio 4","postalCode":"33430","addressLocality":"Cand\u00e1s","addressRegion":"Asturias","addressCountry":"ES"}},{"@type":"Person","@id":"https:\/\/www.eldigitaldeasturias.com\/noticias\/author\/admin\/#author","url":"https:\/\/www.eldigitaldeasturias.com\/noticias\/author\/admin\/","name":"El Digital de Asturias","image":{"@type":"ImageObject","@id":"https:\/\/www.eldigitaldeasturias.com\/noticias\/cristobal-montoro-el-deseado\/#authorImage","url":"https:\/\/secure.gravatar.com\/avatar\/df2aeffc32bcd13f8d26072ef8a91b623d677766deac7f97ca815868cd41bf5e?s=96&d=mm&r=g","width":96,"height":96,"caption":"El Digital de Asturias"}},{"@type":"WebPage","@id":"https:\/\/www.eldigitaldeasturias.com\/noticias\/cristobal-montoro-el-deseado\/#webpage","url":"https:\/\/www.eldigitaldeasturias.com\/noticias\/cristobal-montoro-el-deseado\/","name":"Crist\u00f3bal Montoro, \u00abel deseado\u00bb - El Digital de Asturias","description":"Valladolid, 1 feb (EFE).- Ser el ministro encargado de obligar a hacer un agujero m\u00e1s en el cintur\u00f3n del gasto p\u00fablico, no propicia precisamente que Crist\u00f3bal Montoro pueda ser el destinatario de piropos como el que hoy ha escuchado en Valladolid en el marco de la convenci\u00f3n nacional del PP. \"Eres el ministro m\u00e1s deseado\".","inLanguage":"es-ES","isPartOf":{"@id":"https:\/\/www.eldigitaldeasturias.com\/noticias\/#website"},"breadcrumb":{"@id":"https:\/\/www.eldigitaldeasturias.com\/noticias\/cristobal-montoro-el-deseado\/#breadcrumblist"},"author":{"@id":"https:\/\/www.eldigitaldeasturias.com\/noticias\/author\/admin\/#author"},"creator":{"@id":"https:\/\/www.eldigitaldeasturias.com\/noticias\/author\/admin\/#author"},"image":{"@type":"ImageObject","url":481862,"@id":"https:\/\/www.eldigitaldeasturias.com\/noticias\/cristobal-montoro-el-deseado\/#mainImage"},"primaryImageOfPage":{"@id":"https:\/\/www.eldigitaldeasturias.com\/noticias\/cristobal-montoro-el-deseado\/#mainImage"},"datePublished":"2014-02-01T21:39:41+01:00","dateModified":"2014-02-01T21:39:41+01:00"},{"@type":"WebSite","@id":"https:\/\/www.eldigitaldeasturias.com\/noticias\/#website","url":"https:\/\/www.eldigitaldeasturias.com\/noticias\/","name":"El Digital de Asturias - Diario de actualidad y noticias","alternateName":"El Digital de Asturias - Diario de actualidad y noticias","description":"Hemeroteca","inLanguage":"es-ES","publisher":{"@id":"https:\/\/www.eldigitaldeasturias.com\/noticias\/#organization"}}]},"og:locale":"es_ES","og:site_name":"El Digital de Asturias","og:type":"article","og:title":"Crist\u00f3bal Montoro, \u00abel deseado\u00bb - El Digital de Asturias","og:description":"Valladolid, 1 feb (EFE).- Ser el ministro encargado de obligar a hacer un agujero m\u00e1s en el cintur\u00f3n del gasto p\u00fablico, no propicia precisamente que Crist\u00f3bal Montoro pueda ser el destinatario de piropos como el que hoy ha escuchado en Valladolid en el marco de la convenci\u00f3n nacional del PP. &quot;Eres el ministro m\u00e1s deseado&quot;.","og:url":"https:\/\/www.eldigitaldeasturias.com\/noticias\/cristobal-montoro-el-deseado\/","article:tag":["actualidad"],"article:published_time":"2014-02-01T22:39:41+00:00","article:modified_time":"2014-02-01T22:39:41+00:00","article:publisher":"https:\/\/facebook.com\/eldigitaldeasturias","twitter:card":"summary_large_image","twitter:title":"Crist\u00f3bal Montoro, \u00abel deseado\u00bb - El Digital de Asturias","twitter:description":"Valladolid, 1 feb (EFE).- Ser el ministro encargado de obligar a hacer un agujero m\u00e1s en el cintur\u00f3n del gasto p\u00fablico, no propicia precisamente que Crist\u00f3bal Montoro pueda ser el destinatario de piropos como el que hoy ha escuchado en Valladolid en el marco de la convenci\u00f3n nacional del PP. &quot;Eres el ministro m\u00e1s deseado&quot;.","twitter:label1":"Escrito por","twitter:data1":"El Digital de Asturias","twitter:label2":"Tiempo de lectura estimado","twitter:data2":"4 minutos"},"aioseo_meta_data":{"post_id":"481861","title":null,"description":null,"keywords":null,"keyphrases":null,"primary_term":null,"canonical_url":null,"og_title":null,"og_description":null,"og_object_type":"default","og_image_type":"default","og_image_url":null,"og_image_width":null,"og_image_height":null,"og_image_custom_url":null,"og_image_custom_fields":null,"og_video":null,"og_custom_url":null,"og_article_section":null,"og_article_tags":null,"twitter_use_og":true,"twitter_card":"default","twitter_image_type":"default","twitter_image_url":null,"twitter_image_custom_url":null,"twitter_image_custom_fields":null,"twitter_title":null,"twitter_description":null,"schema":{"blockGraphs":[],"customGraphs":[],"default":{"data":{"Article":[],"Course":[],"Dataset":[],"FAQPage":[],"Movie":[],"Person":[],"Product":[],"ProductReview":[],"Car":[],"Recipe":[],"Service":[],"SoftwareApplication":[],"WebPage":[]},"graphName":"","isEnabled":true},"graphs":[],"defaultGraph":"","defaultPostTypeGraph":""},"schema_type":null,"schema_type_options":null,"pillar_content":false,"robots_default":true,"robots_noindex":false,"robots_noarchive":false,"robots_nosnippet":false,"robots_nofollow":false,"robots_noimageindex":false,"robots_noodp":false,"robots_notranslate":false,"robots_max_snippet":null,"robots_max_videopreview":null,"robots_max_imagepreview":"none","priority":null,"frequency":null,"local_seo":null,"seo_analyzer_scan_date":"2026-06-02 08:06:55","breadcrumb_settings":null,"limit_modified_date":false,"open_ai":null,"ai":null,"created":"2020-11-14 22:54:29","updated":"2026-06-02 08:06:55","focus_keyword":null,"additional_keywords":null,"truseo_locale":null},"aioseo_breadcrumb":"<div class=\"aioseo-breadcrumbs\"><span class=\"aioseo-breadcrumb\">\n\t<a href=\"https:\/\/www.eldigitaldeasturias.com\/noticias\" title=\"Home\">Home<\/a>\n<\/span><span class=\"aioseo-breadcrumb-separator\">\u2013<\/span><span class=\"aioseo-breadcrumb\">\n\t<a href=\"https:\/\/www.eldigitaldeasturias.com\/noticias\/category\/actualidad\/\" title=\"Actualidad\">Actualidad<\/a>\n<\/span><span class=\"aioseo-breadcrumb-separator\">\u2013<\/span><span class=\"aioseo-breadcrumb\">\n\t<a href=\"https:\/\/www.eldigitaldeasturias.com\/noticias\/cristobal-montoro-el-deseado\/\" title=\"Crist\u00f3bal Montoro, \u00abel deseado\u00bb\">Crist\u00f3bal Montoro, \u00abel deseado\u00bb<\/a>\n<\/span><\/div>","aioseo_breadcrumb_json":[{"label":"Home","link":"https:\/\/www.eldigitaldeasturias.com\/noticias"},{"label":"Actualidad","link":"https:\/\/www.eldigitaldeasturias.com\/noticias\/category\/actualidad\/"},{"label":"Crist\u00f3bal Montoro, \u00abel deseado\u00bb","link":"https:\/\/www.eldigitaldeasturias.com\/noticias\/cristobal-montoro-el-deseado\/"}],"_links":{"self":[{"href":"https:\/\/www.eldigitaldeasturias.com\/noticias\/wp-json\/wp\/v2\/posts\/481861","targetHints":{"allow":["GET"]}}],"collection":[{"href":"https:\/\/www.eldigitaldeasturias.com\/noticias\/wp-json\/wp\/v2\/posts"}],"about":[{"href":"https:\/\/www.eldigitaldeasturias.com\/noticias\/wp-json\/wp\/v2\/types\/post"}],"author":[{"embeddable":true,"href":"https:\/\/www.eldigitaldeasturias.com\/noticias\/wp-json\/wp\/v2\/users\/1"}],"replies":[{"embeddable":true,"href":"https:\/\/www.eldigitaldeasturias.com\/noticias\/wp-json\/wp\/v2\/comments?post=481861"}],"version-history":[{"count":0,"href":"https:\/\/www.eldigitaldeasturias.com\/noticias\/wp-json\/wp\/v2\/posts\/481861\/revisions"}],"wp:attachment":[{"href":"https:\/\/www.eldigitaldeasturias.com\/noticias\/wp-json\/wp\/v2\/media?parent=481861"}],"wp:term":[{"taxonomy":"category","embeddable":true,"href":"https:\/\/www.eldigitaldeasturias.com\/noticias\/wp-json\/wp\/v2\/categories?post=481861"},{"taxonomy":"post_tag","embeddable":true,"href":"https:\/\/www.eldigitaldeasturias.com\/noticias\/wp-json\/wp\/v2\/tags?post=481861"}],"curies":[{"name":"wp","href":"https:\/\/api.w.org\/{rel}","templated":true}]}}