{"id":481852,"date":"2014-02-01T21:36:36","date_gmt":"2014-02-01T22:36:36","guid":{"rendered":"http:\/\/www.eldigitaldeasturias.com\/noticias\/?p=481852"},"modified":"2014-02-01T21:36:36","modified_gmt":"2014-02-01T22:36:36","slug":"preferentistas-reclaman-su-dinero-en-una-multitudinaria-protesta-en-vigo","status":"publish","type":"post","link":"https:\/\/www.eldigitaldeasturias.com\/noticias\/preferentistas-reclaman-su-dinero-en-una-multitudinaria-protesta-en-vigo\/","title":{"rendered":"Preferentistas reclaman su dinero en una multitudinaria protesta en Vigo"},"content":{"rendered":"<p><img loading=\"lazy\" decoding=\"async\" class=\"alignleft size-medium wp-image-481853\" alt=\"5900009w\" src=\"https:\/\/www.eldigitaldeasturias.com\/noticias\/wp-content\/uploads\/2014\/02\/5900009w-360x232.jpg\" width=\"360\" height=\"232\" \/>Vigo, 1 feb (EFE).- Miembros de diversas plataformas gallegas de afectados por preferentes y deuda subordinada se han reunido hoy, en una multitudinaria manifestaci\u00f3n por las calles viguesas, para reclamar la devoluci\u00f3n de los 500 millones de euros correspondientes a los ahorros de 35.000 estafados que todav\u00eda no han visto restituido su dinero.<\/p>\n<p>La marcha ha transcurrido sin incidentes desde el cruce de la calle Urz\u00e1iz con Arag\u00f3n para finalizar con la lectura del manifiesto en las inmediaciones de Porta do Sol donde se concentraron, seg\u00fan las informaciones transmitidas por la Polic\u00eda Local, unas 3.000 personas, a pesar de que el recuento por parte de las plataformas es m\u00e1s optimista con un c\u00e1lculo de 10.000 asistentes.<\/p>\n<p>Un portavoz de la Plataforma de Afectados de Santiago de Compostela, Xos\u00e9 Palacio, ha celebrado en declaraciones a Efe el \u00ab\u00e9xito masivo\u00bb de la marcha a la que se han sumado colectivos de afectados por las cl\u00e1usulas suelo, emigrantes retornados y afectados por la ley hipotecaria, as\u00ed como sindicatos y asociaciones reivindicativas contrarias a la situaci\u00f3n actual del pa\u00eds.<\/p>\n<p>En sus declaraciones, Palacio ha censurado que, tras la venta \u00abde saldo\u00bb de Novagalicia Banco, las administraciones no den una \u00abrespuesta colectiva\u00bb y \u00abobliguen\u00bb a los afectados a someterse a \u00ablargos, costosos y deprimentes\u00bb procesos judiciales.<\/p>\n<p>Asimismo, ha denunciado que sea el nuevo due\u00f1o de la entidad financiera, Juan Carlos Escotet, el encargado de transmitir una soluci\u00f3n al conflicto cuando \u00abactualmente no tiene ninguna capacidad de decisi\u00f3n y el Consejo de Administraci\u00f3n del banco sigue en manos del FROB y con Jose Mar\u00eda Castellano como miembro de la directiva\u00bb.<\/p>\n<p>\u00abSolicitamos tambi\u00e9n la retirada de las multas y sanciones administrativas a los miembros de plataformas, porque recurrir y demostrar nuestra verdad es casi imposible con la nueva ley de tasas de Gallard\u00f3n que dobla la cantidad a pagar en cada caso\u00bb, ha justificado.<\/p>\n<p>Representantes del Bloque Nacionalista Galego (BNG) acompa\u00f1aron a los manifestantes durante su marcha denunciando que las pol\u00edticas econ\u00f3micas del Partido Popular (PP) son las responsables de \u00abexpoliar a m\u00e1s de 65 mil peque\u00f1os ahorradores gallegos, de que no se detengan los desahucios y de que la banca no vuelva a dar cr\u00e9dito a las empresas\u00bb.<\/p>\n<p>La lectura del manifiesto se realiz\u00f3 a cargo de la preferentista viguesa Dolores, \u00abLola la del bombo\u00bb, ha dicho de s\u00ed misma esta mujer, que compar\u00f3 la situaci\u00f3n de los afectados con la famosa fotograf\u00eda de un ni\u00f1o africano desnutrido siendo perseguido por un buitre.<\/p>\n<p>\u00abMe veo reflejada y os veo a todos vosotros, porque estamos rodeados de buitres\u00bb, critic\u00f3 durante su lectura.<\/p>\n<p>En el discurso tambi\u00e9n particip\u00f3 un afectado por preferentes, a la par que emigrante retornado, que critic\u00f3 el \u00ababuso del sistema de gesti\u00f3n de la Naci\u00f3n\u00bb que el Gobierno llev\u00f3 a cabo con la utilizaci\u00f3n de las divisas enviadas desde el extranjero para la creaci\u00f3n \u00abde paradores de los cuales solo disfrutaban unos pocos mientras el resto trabaj\u00e1bamos como negros\u00bb.<\/p>\n<p>Para finalizar, unos y otros han agradecido al Ayuntamiento de Vigo, y a los sindicatos, plataformas y asociaciones presentes, el apoyo recibido en sus actos reivindicativos.<\/p>\n<p>La financiera NCG Banco acumula 274 sentencias judiciales a su favor -cifra en la que se incluyen las demandas desistidas por los clientes- y 616 en contra, relacionadas con la comercializaci\u00f3n de productos h\u00edbridos, tanto participaciones preferentes como deuda subordinada.<\/p>\n<p>En estos momentos est\u00e1n pendientes de sentencia 4.479 demandas de clientes de NCG Banco, informaron hoy a Efe fuentes de la entidad financiera gallega.<\/p>\n<p>El banco coloc\u00f3 -a trav\u00e9s de las cajas de las que proviene, Caixa Galicia y Caixanova, luego fusionadas en Novacaixagalicia- productos h\u00edbridos a 77.194 clientes, el 0,3% de su total actual.<\/p>\n<p>De esa cantidad, 39.234 han recuperado el 100 % de su inversi\u00f3n; y 37.960, el 71 %, seg\u00fan el c\u00e1lculo de la media por cliente realizada por el banco.<\/p>\n<p>NCG Banco cifra en un 15,5 % la p\u00e9rdida media de inversi\u00f3n por cliente y en un 25,7 % para quienes no fueron al arbitraje ni llegaron a acuerdos judiciales.<\/p>\n","protected":false},"excerpt":{"rendered":"<p>Vigo, 1 feb (EFE).- Miembros de diversas plataformas gallegas de afectados por preferentes y deuda subordinada se han reunido hoy, en una multitudinaria manifestaci\u00f3n por las calles viguesas, para reclamar la devoluci\u00f3n de los 500 millones de euros correspondientes a los ahorros de 35.000 estafados que todav\u00eda no han visto restituido su dinero. La marcha [&hellip;]<\/p>\n","protected":false},"author":1,"featured_media":481853,"comment_status":"closed","ping_status":"open","sticky":false,"template":"","format":"standard","meta":{"footnotes":""},"categories":[1],"tags":[],"class_list":["post-481852","post","type-post","status-publish","format-standard","has-post-thumbnail","hentry","category-actualidad"],"aioseo_notices":[],"aioseo_head":"\n\t\t<!-- All in One SEO Pro 5.0.1 - aioseo.com -->\n\t<meta name=\"description\" content=\"Vigo, 1 feb (EFE).- Miembros de diversas plataformas gallegas de afectados por preferentes y deuda subordinada se han reunido hoy, en una multitudinaria manifestaci\u00f3n por las calles viguesas, para reclamar la devoluci\u00f3n de los 500 millones de euros correspondientes a los ahorros de 35.000 estafados que todav\u00eda no han visto restituido su dinero. La marcha\" \/>\n\t<meta name=\"robots\" content=\"max-image-preview:large\" \/>\n\t<meta name=\"author\" content=\"El Digital de Asturias\"\/>\n\t<meta name=\"google-site-verification\" content=\"UA-38556648-1\" \/>\n\t<meta name=\"msvalidate.01\" content=\"7dfe9f3f1b24437ab69f4f2559babe99\" \/>\n\t<meta name=\"keywords\" content=\"actualidad\" \/>\n\t<link rel=\"canonical\" href=\"https:\/\/www.eldigitaldeasturias.com\/noticias\/preferentistas-reclaman-su-dinero-en-una-multitudinaria-protesta-en-vigo\/\" \/>\n\t<meta name=\"generator\" content=\"All in One SEO Pro (AIOSEO) 5.0.1\" \/>\n\t\t<meta property=\"og:locale\" content=\"es_ES\" \/>\n\t\t<meta property=\"og:site_name\" content=\"El Digital de Asturias\" \/>\n\t\t<meta property=\"og:type\" content=\"article\" \/>\n\t\t<meta property=\"og:title\" content=\"Preferentistas reclaman su dinero en una multitudinaria protesta en Vigo - El Digital de Asturias\" \/>\n\t\t<meta property=\"og:description\" content=\"Vigo, 1 feb (EFE).- Miembros de diversas plataformas gallegas de afectados por preferentes y deuda subordinada se han reunido hoy, en una multitudinaria manifestaci\u00f3n por las calles viguesas, para reclamar la devoluci\u00f3n de los 500 millones de euros correspondientes a los ahorros de 35.000 estafados que todav\u00eda no han visto restituido su dinero. La marcha\" \/>\n\t\t<meta property=\"og:url\" content=\"https:\/\/www.eldigitaldeasturias.com\/noticias\/preferentistas-reclaman-su-dinero-en-una-multitudinaria-protesta-en-vigo\/\" \/>\n\t\t<meta property=\"article:tag\" content=\"actualidad\" \/>\n\t\t<meta property=\"article:published_time\" content=\"2014-02-01T22:36:36+00:00\" \/>\n\t\t<meta property=\"article:modified_time\" content=\"2014-02-01T22:36:36+00:00\" \/>\n\t\t<meta property=\"article:publisher\" content=\"https:\/\/facebook.com\/eldigitaldeasturias\" \/>\n\t\t<meta name=\"twitter:card\" content=\"summary_large_image\" \/>\n\t\t<meta name=\"twitter:title\" content=\"Preferentistas reclaman su dinero en una multitudinaria protesta en Vigo - El Digital de Asturias\" \/>\n\t\t<meta name=\"twitter:description\" content=\"Vigo, 1 feb (EFE).- Miembros de diversas plataformas gallegas de afectados por preferentes y deuda subordinada se han reunido hoy, en una multitudinaria manifestaci\u00f3n por las calles viguesas, para reclamar la devoluci\u00f3n de los 500 millones de euros correspondientes a los ahorros de 35.000 estafados que todav\u00eda no han visto restituido su dinero. La marcha\" \/>\n\t\t<meta name=\"twitter:label1\" content=\"Escrito por\" \/>\n\t\t<meta name=\"twitter:data1\" content=\"El Digital de Asturias\" \/>\n\t\t<meta name=\"twitter:label2\" content=\"Tiempo de lectura estimado\" \/>\n\t\t<meta name=\"twitter:data2\" content=\"3 minutos\" \/>\n\t\t<script type=\"application\/ld+json\" class=\"aioseo-schema\">\n\t\t\t{\"@context\":\"https:\\\/\\\/schema.org\",\"@graph\":[{\"@type\":\"BlogPosting\",\"@id\":\"https:\\\/\\\/www.eldigitaldeasturias.com\\\/noticias\\\/preferentistas-reclaman-su-dinero-en-una-multitudinaria-protesta-en-vigo\\\/#blogposting\",\"name\":\"Preferentistas reclaman su dinero en una multitudinaria protesta en Vigo - El Digital de Asturias\",\"headline\":\"Preferentistas reclaman su dinero en una multitudinaria protesta en Vigo\",\"author\":{\"@id\":\"https:\\\/\\\/www.eldigitaldeasturias.com\\\/noticias\\\/author\\\/admin\\\/#author\"},\"publisher\":{\"@id\":\"https:\\\/\\\/www.eldigitaldeasturias.com\\\/noticias\\\/#organization\"},\"image\":{\"@type\":\"ImageObject\",\"url\":481853},\"datePublished\":\"2014-02-01T21:36:36+01:00\",\"dateModified\":\"2014-02-01T21:36:36+01:00\",\"inLanguage\":\"es-ES\",\"mainEntityOfPage\":{\"@id\":\"https:\\\/\\\/www.eldigitaldeasturias.com\\\/noticias\\\/preferentistas-reclaman-su-dinero-en-una-multitudinaria-protesta-en-vigo\\\/#webpage\"},\"isPartOf\":{\"@id\":\"https:\\\/\\\/www.eldigitaldeasturias.com\\\/noticias\\\/preferentistas-reclaman-su-dinero-en-una-multitudinaria-protesta-en-vigo\\\/#webpage\"},\"articleSection\":\"Actualidad\"},{\"@type\":\"BreadcrumbList\",\"@id\":\"https:\\\/\\\/www.eldigitaldeasturias.com\\\/noticias\\\/preferentistas-reclaman-su-dinero-en-una-multitudinaria-protesta-en-vigo\\\/#breadcrumblist\",\"itemListElement\":[{\"@type\":\"ListItem\",\"@id\":\"https:\\\/\\\/www.eldigitaldeasturias.com\\\/noticias#listItem\",\"position\":1,\"name\":\"Home\",\"item\":\"https:\\\/\\\/www.eldigitaldeasturias.com\\\/noticias\",\"nextItem\":{\"@type\":\"ListItem\",\"@id\":\"https:\\\/\\\/www.eldigitaldeasturias.com\\\/noticias\\\/category\\\/actualidad\\\/#listItem\",\"name\":\"Actualidad\"}},{\"@type\":\"ListItem\",\"@id\":\"https:\\\/\\\/www.eldigitaldeasturias.com\\\/noticias\\\/category\\\/actualidad\\\/#listItem\",\"position\":2,\"name\":\"Actualidad\",\"item\":\"https:\\\/\\\/www.eldigitaldeasturias.com\\\/noticias\\\/category\\\/actualidad\\\/\",\"nextItem\":{\"@type\":\"ListItem\",\"@id\":\"https:\\\/\\\/www.eldigitaldeasturias.com\\\/noticias\\\/preferentistas-reclaman-su-dinero-en-una-multitudinaria-protesta-en-vigo\\\/#listItem\",\"name\":\"Preferentistas reclaman su dinero en una multitudinaria protesta en Vigo\"},\"previousItem\":{\"@type\":\"ListItem\",\"@id\":\"https:\\\/\\\/www.eldigitaldeasturias.com\\\/noticias#listItem\",\"name\":\"Home\"}},{\"@type\":\"ListItem\",\"@id\":\"https:\\\/\\\/www.eldigitaldeasturias.com\\\/noticias\\\/preferentistas-reclaman-su-dinero-en-una-multitudinaria-protesta-en-vigo\\\/#listItem\",\"position\":3,\"name\":\"Preferentistas reclaman su dinero en una multitudinaria protesta en Vigo\",\"previousItem\":{\"@type\":\"ListItem\",\"@id\":\"https:\\\/\\\/www.eldigitaldeasturias.com\\\/noticias\\\/category\\\/actualidad\\\/#listItem\",\"name\":\"Actualidad\"}}]},{\"@type\":\"Organization\",\"@id\":\"https:\\\/\\\/www.eldigitaldeasturias.com\\\/noticias\\\/#organization\",\"name\":\"El Digital de Asturias\",\"description\":\"Hemeroteca\",\"url\":\"https:\\\/\\\/www.eldigitaldeasturias.com\\\/noticias\\\/\",\"email\":\"info@eldigitaldeasturias.com\",\"telephone\":\"+34652131393\",\"logo\":{\"@type\":\"ImageObject\",\"url\":\"https:\\\/\\\/www.eldigitaldeasturias.com\\\/noticias\\\/wp-content\\\/uploads\\\/2020\\\/12\\\/EDA.jpg\",\"@id\":\"https:\\\/\\\/www.eldigitaldeasturias.com\\\/noticias\\\/preferentistas-reclaman-su-dinero-en-una-multitudinaria-protesta-en-vigo\\\/#organizationLogo\"},\"image\":{\"@id\":\"https:\\\/\\\/www.eldigitaldeasturias.com\\\/noticias\\\/preferentistas-reclaman-su-dinero-en-una-multitudinaria-protesta-en-vigo\\\/#organizationLogo\"},\"sameAs\":[\"https:\\\/\\\/facebook.com\\\/eldigitaldeasturias\",\"https:\\\/\\\/www.youtube.com\\\/channel\\\/UCZP-2wLEB9Rv6erhFmqVnvg\"],\"address\":{\"@id\":\"https:\\\/\\\/www.eldigitaldeasturias.com\\\/noticias\\\/#postaladdress\",\"@type\":\"PostalAddress\",\"streetAddress\":\"san antonio 4\",\"postalCode\":\"33430\",\"addressLocality\":\"Cand\\u00e1s\",\"addressRegion\":\"Asturias\",\"addressCountry\":\"ES\"}},{\"@type\":\"Person\",\"@id\":\"https:\\\/\\\/www.eldigitaldeasturias.com\\\/noticias\\\/author\\\/admin\\\/#author\",\"url\":\"https:\\\/\\\/www.eldigitaldeasturias.com\\\/noticias\\\/author\\\/admin\\\/\",\"name\":\"El Digital de Asturias\",\"image\":{\"@type\":\"ImageObject\",\"@id\":\"https:\\\/\\\/www.eldigitaldeasturias.com\\\/noticias\\\/preferentistas-reclaman-su-dinero-en-una-multitudinaria-protesta-en-vigo\\\/#authorImage\",\"url\":\"https:\\\/\\\/secure.gravatar.com\\\/avatar\\\/df2aeffc32bcd13f8d26072ef8a91b623d677766deac7f97ca815868cd41bf5e?s=96&d=mm&r=g\",\"width\":96,\"height\":96,\"caption\":\"El Digital de Asturias\"}},{\"@type\":\"WebPage\",\"@id\":\"https:\\\/\\\/www.eldigitaldeasturias.com\\\/noticias\\\/preferentistas-reclaman-su-dinero-en-una-multitudinaria-protesta-en-vigo\\\/#webpage\",\"url\":\"https:\\\/\\\/www.eldigitaldeasturias.com\\\/noticias\\\/preferentistas-reclaman-su-dinero-en-una-multitudinaria-protesta-en-vigo\\\/\",\"name\":\"Preferentistas reclaman su dinero en una multitudinaria protesta en Vigo - El Digital de Asturias\",\"description\":\"Vigo, 1 feb (EFE).- Miembros de diversas plataformas gallegas de afectados por preferentes y deuda subordinada se han reunido hoy, en una multitudinaria manifestaci\\u00f3n por las calles viguesas, para reclamar la devoluci\\u00f3n de los 500 millones de euros correspondientes a los ahorros de 35.000 estafados que todav\\u00eda no han visto restituido su dinero. La marcha\",\"inLanguage\":\"es-ES\",\"isPartOf\":{\"@id\":\"https:\\\/\\\/www.eldigitaldeasturias.com\\\/noticias\\\/#website\"},\"breadcrumb\":{\"@id\":\"https:\\\/\\\/www.eldigitaldeasturias.com\\\/noticias\\\/preferentistas-reclaman-su-dinero-en-una-multitudinaria-protesta-en-vigo\\\/#breadcrumblist\"},\"author\":{\"@id\":\"https:\\\/\\\/www.eldigitaldeasturias.com\\\/noticias\\\/author\\\/admin\\\/#author\"},\"creator\":{\"@id\":\"https:\\\/\\\/www.eldigitaldeasturias.com\\\/noticias\\\/author\\\/admin\\\/#author\"},\"image\":{\"@type\":\"ImageObject\",\"url\":481853,\"@id\":\"https:\\\/\\\/www.eldigitaldeasturias.com\\\/noticias\\\/preferentistas-reclaman-su-dinero-en-una-multitudinaria-protesta-en-vigo\\\/#mainImage\"},\"primaryImageOfPage\":{\"@id\":\"https:\\\/\\\/www.eldigitaldeasturias.com\\\/noticias\\\/preferentistas-reclaman-su-dinero-en-una-multitudinaria-protesta-en-vigo\\\/#mainImage\"},\"datePublished\":\"2014-02-01T21:36:36+01:00\",\"dateModified\":\"2014-02-01T21:36:36+01:00\"},{\"@type\":\"WebSite\",\"@id\":\"https:\\\/\\\/www.eldigitaldeasturias.com\\\/noticias\\\/#website\",\"url\":\"https:\\\/\\\/www.eldigitaldeasturias.com\\\/noticias\\\/\",\"name\":\"El Digital de Asturias - Diario de actualidad y noticias\",\"alternateName\":\"El Digital de Asturias - Diario de actualidad y noticias\",\"description\":\"Hemeroteca\",\"inLanguage\":\"es-ES\",\"publisher\":{\"@id\":\"https:\\\/\\\/www.eldigitaldeasturias.com\\\/noticias\\\/#organization\"}}]}\n\t\t<\/script>\n\t\t<!-- All in One SEO Pro -->\r\n\t\t<title>Preferentistas reclaman su dinero en una multitudinaria protesta en Vigo - El Digital de Asturias<\/title>\n\n","aioseo_head_json":{"title":"Preferentistas reclaman su dinero en una multitudinaria protesta en Vigo - El Digital de Asturias","description":"Vigo, 1 feb (EFE).- Miembros de diversas plataformas gallegas de afectados por preferentes y deuda subordinada se han reunido hoy, en una multitudinaria manifestaci\u00f3n por las calles viguesas, para reclamar la devoluci\u00f3n de los 500 millones de euros correspondientes a los ahorros de 35.000 estafados que todav\u00eda no han visto restituido su dinero. La marcha","canonical_url":"https:\/\/www.eldigitaldeasturias.com\/noticias\/preferentistas-reclaman-su-dinero-en-una-multitudinaria-protesta-en-vigo\/","robots":"max-image-preview:large","keywords":"actualidad","webmasterTools":{"google-site-verification":"UA-38556648-1","msvalidate.01":"7dfe9f3f1b24437ab69f4f2559babe99","miscellaneous":""},"schema":{"@context":"https:\/\/schema.org","@graph":[{"@type":"BlogPosting","@id":"https:\/\/www.eldigitaldeasturias.com\/noticias\/preferentistas-reclaman-su-dinero-en-una-multitudinaria-protesta-en-vigo\/#blogposting","name":"Preferentistas reclaman su dinero en una multitudinaria protesta en Vigo - El Digital de Asturias","headline":"Preferentistas reclaman su dinero en una multitudinaria protesta en Vigo","author":{"@id":"https:\/\/www.eldigitaldeasturias.com\/noticias\/author\/admin\/#author"},"publisher":{"@id":"https:\/\/www.eldigitaldeasturias.com\/noticias\/#organization"},"image":{"@type":"ImageObject","url":481853},"datePublished":"2014-02-01T21:36:36+01:00","dateModified":"2014-02-01T21:36:36+01:00","inLanguage":"es-ES","mainEntityOfPage":{"@id":"https:\/\/www.eldigitaldeasturias.com\/noticias\/preferentistas-reclaman-su-dinero-en-una-multitudinaria-protesta-en-vigo\/#webpage"},"isPartOf":{"@id":"https:\/\/www.eldigitaldeasturias.com\/noticias\/preferentistas-reclaman-su-dinero-en-una-multitudinaria-protesta-en-vigo\/#webpage"},"articleSection":"Actualidad"},{"@type":"BreadcrumbList","@id":"https:\/\/www.eldigitaldeasturias.com\/noticias\/preferentistas-reclaman-su-dinero-en-una-multitudinaria-protesta-en-vigo\/#breadcrumblist","itemListElement":[{"@type":"ListItem","@id":"https:\/\/www.eldigitaldeasturias.com\/noticias#listItem","position":1,"name":"Home","item":"https:\/\/www.eldigitaldeasturias.com\/noticias","nextItem":{"@type":"ListItem","@id":"https:\/\/www.eldigitaldeasturias.com\/noticias\/category\/actualidad\/#listItem","name":"Actualidad"}},{"@type":"ListItem","@id":"https:\/\/www.eldigitaldeasturias.com\/noticias\/category\/actualidad\/#listItem","position":2,"name":"Actualidad","item":"https:\/\/www.eldigitaldeasturias.com\/noticias\/category\/actualidad\/","nextItem":{"@type":"ListItem","@id":"https:\/\/www.eldigitaldeasturias.com\/noticias\/preferentistas-reclaman-su-dinero-en-una-multitudinaria-protesta-en-vigo\/#listItem","name":"Preferentistas reclaman su dinero en una multitudinaria protesta en Vigo"},"previousItem":{"@type":"ListItem","@id":"https:\/\/www.eldigitaldeasturias.com\/noticias#listItem","name":"Home"}},{"@type":"ListItem","@id":"https:\/\/www.eldigitaldeasturias.com\/noticias\/preferentistas-reclaman-su-dinero-en-una-multitudinaria-protesta-en-vigo\/#listItem","position":3,"name":"Preferentistas reclaman su dinero en una multitudinaria protesta en Vigo","previousItem":{"@type":"ListItem","@id":"https:\/\/www.eldigitaldeasturias.com\/noticias\/category\/actualidad\/#listItem","name":"Actualidad"}}]},{"@type":"Organization","@id":"https:\/\/www.eldigitaldeasturias.com\/noticias\/#organization","name":"El Digital de Asturias","description":"Hemeroteca","url":"https:\/\/www.eldigitaldeasturias.com\/noticias\/","email":"info@eldigitaldeasturias.com","telephone":"+34652131393","logo":{"@type":"ImageObject","url":"https:\/\/www.eldigitaldeasturias.com\/noticias\/wp-content\/uploads\/2020\/12\/EDA.jpg","@id":"https:\/\/www.eldigitaldeasturias.com\/noticias\/preferentistas-reclaman-su-dinero-en-una-multitudinaria-protesta-en-vigo\/#organizationLogo"},"image":{"@id":"https:\/\/www.eldigitaldeasturias.com\/noticias\/preferentistas-reclaman-su-dinero-en-una-multitudinaria-protesta-en-vigo\/#organizationLogo"},"sameAs":["https:\/\/facebook.com\/eldigitaldeasturias","https:\/\/www.youtube.com\/channel\/UCZP-2wLEB9Rv6erhFmqVnvg"],"address":{"@id":"https:\/\/www.eldigitaldeasturias.com\/noticias\/#postaladdress","@type":"PostalAddress","streetAddress":"san antonio 4","postalCode":"33430","addressLocality":"Cand\u00e1s","addressRegion":"Asturias","addressCountry":"ES"}},{"@type":"Person","@id":"https:\/\/www.eldigitaldeasturias.com\/noticias\/author\/admin\/#author","url":"https:\/\/www.eldigitaldeasturias.com\/noticias\/author\/admin\/","name":"El Digital de Asturias","image":{"@type":"ImageObject","@id":"https:\/\/www.eldigitaldeasturias.com\/noticias\/preferentistas-reclaman-su-dinero-en-una-multitudinaria-protesta-en-vigo\/#authorImage","url":"https:\/\/secure.gravatar.com\/avatar\/df2aeffc32bcd13f8d26072ef8a91b623d677766deac7f97ca815868cd41bf5e?s=96&d=mm&r=g","width":96,"height":96,"caption":"El Digital de Asturias"}},{"@type":"WebPage","@id":"https:\/\/www.eldigitaldeasturias.com\/noticias\/preferentistas-reclaman-su-dinero-en-una-multitudinaria-protesta-en-vigo\/#webpage","url":"https:\/\/www.eldigitaldeasturias.com\/noticias\/preferentistas-reclaman-su-dinero-en-una-multitudinaria-protesta-en-vigo\/","name":"Preferentistas reclaman su dinero en una multitudinaria protesta en Vigo - El Digital de Asturias","description":"Vigo, 1 feb (EFE).- Miembros de diversas plataformas gallegas de afectados por preferentes y deuda subordinada se han reunido hoy, en una multitudinaria manifestaci\u00f3n por las calles viguesas, para reclamar la devoluci\u00f3n de los 500 millones de euros correspondientes a los ahorros de 35.000 estafados que todav\u00eda no han visto restituido su dinero. La marcha","inLanguage":"es-ES","isPartOf":{"@id":"https:\/\/www.eldigitaldeasturias.com\/noticias\/#website"},"breadcrumb":{"@id":"https:\/\/www.eldigitaldeasturias.com\/noticias\/preferentistas-reclaman-su-dinero-en-una-multitudinaria-protesta-en-vigo\/#breadcrumblist"},"author":{"@id":"https:\/\/www.eldigitaldeasturias.com\/noticias\/author\/admin\/#author"},"creator":{"@id":"https:\/\/www.eldigitaldeasturias.com\/noticias\/author\/admin\/#author"},"image":{"@type":"ImageObject","url":481853,"@id":"https:\/\/www.eldigitaldeasturias.com\/noticias\/preferentistas-reclaman-su-dinero-en-una-multitudinaria-protesta-en-vigo\/#mainImage"},"primaryImageOfPage":{"@id":"https:\/\/www.eldigitaldeasturias.com\/noticias\/preferentistas-reclaman-su-dinero-en-una-multitudinaria-protesta-en-vigo\/#mainImage"},"datePublished":"2014-02-01T21:36:36+01:00","dateModified":"2014-02-01T21:36:36+01:00"},{"@type":"WebSite","@id":"https:\/\/www.eldigitaldeasturias.com\/noticias\/#website","url":"https:\/\/www.eldigitaldeasturias.com\/noticias\/","name":"El Digital de Asturias - Diario de actualidad y noticias","alternateName":"El Digital de Asturias - Diario de actualidad y noticias","description":"Hemeroteca","inLanguage":"es-ES","publisher":{"@id":"https:\/\/www.eldigitaldeasturias.com\/noticias\/#organization"}}]},"og:locale":"es_ES","og:site_name":"El Digital de Asturias","og:type":"article","og:title":"Preferentistas reclaman su dinero en una multitudinaria protesta en Vigo - El Digital de Asturias","og:description":"Vigo, 1 feb (EFE).- Miembros de diversas plataformas gallegas de afectados por preferentes y deuda subordinada se han reunido hoy, en una multitudinaria manifestaci\u00f3n por las calles viguesas, para reclamar la devoluci\u00f3n de los 500 millones de euros correspondientes a los ahorros de 35.000 estafados que todav\u00eda no han visto restituido su dinero. La marcha","og:url":"https:\/\/www.eldigitaldeasturias.com\/noticias\/preferentistas-reclaman-su-dinero-en-una-multitudinaria-protesta-en-vigo\/","article:tag":["actualidad"],"article:published_time":"2014-02-01T22:36:36+00:00","article:modified_time":"2014-02-01T22:36:36+00:00","article:publisher":"https:\/\/facebook.com\/eldigitaldeasturias","twitter:card":"summary_large_image","twitter:title":"Preferentistas reclaman su dinero en una multitudinaria protesta en Vigo - El Digital de Asturias","twitter:description":"Vigo, 1 feb (EFE).- Miembros de diversas plataformas gallegas de afectados por preferentes y deuda subordinada se han reunido hoy, en una multitudinaria manifestaci\u00f3n por las calles viguesas, para reclamar la devoluci\u00f3n de los 500 millones de euros correspondientes a los ahorros de 35.000 estafados que todav\u00eda no han visto restituido su dinero. La marcha","twitter:label1":"Escrito por","twitter:data1":"El Digital de Asturias","twitter:label2":"Tiempo de lectura estimado","twitter:data2":"3 minutos"},"aioseo_meta_data":{"post_id":"481852","title":null,"description":null,"keywords":null,"keyphrases":null,"primary_term":null,"canonical_url":null,"og_title":null,"og_description":null,"og_object_type":"default","og_image_type":"default","og_image_url":null,"og_image_width":null,"og_image_height":null,"og_image_custom_url":null,"og_image_custom_fields":null,"og_video":null,"og_custom_url":null,"og_article_section":null,"og_article_tags":null,"twitter_use_og":true,"twitter_card":"default","twitter_image_type":"default","twitter_image_url":null,"twitter_image_custom_url":null,"twitter_image_custom_fields":null,"twitter_title":null,"twitter_description":null,"schema":{"blockGraphs":[],"customGraphs":[],"default":{"data":{"Article":[],"Course":[],"Dataset":[],"FAQPage":[],"Movie":[],"Person":[],"Product":[],"ProductReview":[],"Car":[],"Recipe":[],"Service":[],"SoftwareApplication":[],"WebPage":[]},"graphName":"","isEnabled":true},"graphs":[],"defaultGraph":"","defaultPostTypeGraph":""},"schema_type":null,"schema_type_options":null,"pillar_content":false,"robots_default":true,"robots_noindex":false,"robots_noarchive":false,"robots_nosnippet":false,"robots_nofollow":false,"robots_noimageindex":false,"robots_noodp":false,"robots_notranslate":false,"robots_max_snippet":null,"robots_max_videopreview":null,"robots_max_imagepreview":"none","priority":null,"frequency":null,"local_seo":null,"seo_analyzer_scan_date":"2026-06-02 08:06:53","breadcrumb_settings":null,"limit_modified_date":false,"open_ai":null,"ai":null,"created":"2020-11-14 22:54:29","updated":"2026-06-02 08:06:53","focus_keyword":null,"additional_keywords":null,"truseo_locale":null},"aioseo_breadcrumb":"<div class=\"aioseo-breadcrumbs\"><span class=\"aioseo-breadcrumb\">\n\t<a href=\"https:\/\/www.eldigitaldeasturias.com\/noticias\" title=\"Home\">Home<\/a>\n<\/span><span class=\"aioseo-breadcrumb-separator\">\u2013<\/span><span class=\"aioseo-breadcrumb\">\n\t<a href=\"https:\/\/www.eldigitaldeasturias.com\/noticias\/category\/actualidad\/\" title=\"Actualidad\">Actualidad<\/a>\n<\/span><span class=\"aioseo-breadcrumb-separator\">\u2013<\/span><span class=\"aioseo-breadcrumb\">\n\t<a href=\"https:\/\/www.eldigitaldeasturias.com\/noticias\/preferentistas-reclaman-su-dinero-en-una-multitudinaria-protesta-en-vigo\/\" title=\"Preferentistas reclaman su dinero en una multitudinaria protesta en Vigo\">Preferentistas reclaman su dinero en una multitudinaria protesta en Vigo<\/a>\n<\/span><\/div>","aioseo_breadcrumb_json":[{"label":"Home","link":"https:\/\/www.eldigitaldeasturias.com\/noticias"},{"label":"Actualidad","link":"https:\/\/www.eldigitaldeasturias.com\/noticias\/category\/actualidad\/"},{"label":"Preferentistas reclaman su dinero en una multitudinaria protesta en Vigo","link":"https:\/\/www.eldigitaldeasturias.com\/noticias\/preferentistas-reclaman-su-dinero-en-una-multitudinaria-protesta-en-vigo\/"}],"_links":{"self":[{"href":"https:\/\/www.eldigitaldeasturias.com\/noticias\/wp-json\/wp\/v2\/posts\/481852","targetHints":{"allow":["GET"]}}],"collection":[{"href":"https:\/\/www.eldigitaldeasturias.com\/noticias\/wp-json\/wp\/v2\/posts"}],"about":[{"href":"https:\/\/www.eldigitaldeasturias.com\/noticias\/wp-json\/wp\/v2\/types\/post"}],"author":[{"embeddable":true,"href":"https:\/\/www.eldigitaldeasturias.com\/noticias\/wp-json\/wp\/v2\/users\/1"}],"replies":[{"embeddable":true,"href":"https:\/\/www.eldigitaldeasturias.com\/noticias\/wp-json\/wp\/v2\/comments?post=481852"}],"version-history":[{"count":0,"href":"https:\/\/www.eldigitaldeasturias.com\/noticias\/wp-json\/wp\/v2\/posts\/481852\/revisions"}],"wp:attachment":[{"href":"https:\/\/www.eldigitaldeasturias.com\/noticias\/wp-json\/wp\/v2\/media?parent=481852"}],"wp:term":[{"taxonomy":"category","embeddable":true,"href":"https:\/\/www.eldigitaldeasturias.com\/noticias\/wp-json\/wp\/v2\/categories?post=481852"},{"taxonomy":"post_tag","embeddable":true,"href":"https:\/\/www.eldigitaldeasturias.com\/noticias\/wp-json\/wp\/v2\/tags?post=481852"}],"curies":[{"name":"wp","href":"https:\/\/api.w.org\/{rel}","templated":true}]}}