{"id":481834,"date":"2014-02-01T21:30:33","date_gmt":"2014-02-01T22:30:33","guid":{"rendered":"http:\/\/www.eldigitaldeasturias.com\/noticias\/?p=481834"},"modified":"2014-02-01T21:30:33","modified_gmt":"2014-02-01T22:30:33","slug":"mato-y-feijoo-piden-al-psoe-que-deje-de-usar-la-sanidad-con-fines-partidistas","status":"publish","type":"post","link":"https:\/\/www.eldigitaldeasturias.com\/noticias\/mato-y-feijoo-piden-al-psoe-que-deje-de-usar-la-sanidad-con-fines-partidistas\/","title":{"rendered":"Mato y Feij\u00f3o piden al PSOE que deje de usar la sanidad con fines partidistas"},"content":{"rendered":"<p><img loading=\"lazy\" decoding=\"async\" class=\"alignleft size-medium wp-image-481835\" alt=\"5899969w\" src=\"https:\/\/www.eldigitaldeasturias.com\/noticias\/wp-content\/uploads\/2014\/02\/5899969w-360x240.jpg\" width=\"360\" height=\"240\" \/>Valladolid, 1 feb (EFE).- La ministra de Sanidad, Ana Mato, y el presidente de la Xunta, Alberto Nu\u00f1ez Feij\u00f3o, han coincidido hoy en pedir a los grupos pol\u00edticos, y en especial al PSOE, que \u00abdejen de utilizar la sanidad con fines partidistas\u00bb y trabajen con el PP para mejorar la sanidad de todos los ciudadanos.<\/p>\n<p>Esas han sido las palabras de la titular de Sanidad en uno de los foros de debate que se han celebrado hoy en la convenci\u00f3n nacional del PP en la que, bajo el t\u00edtulo \u00abSanidad para todos\u00bb, Mato ha defendido que gracias a las reformas del PP hoy \u00abtenemos la sanidad m\u00e1s universal que nunca\u00bb y se garantiza que todos los espa\u00f1oles tienen acceso a una asistencia sanitaria gratuita.<\/p>\n<p>Tras recordar el pacto firmado con el personal sanitario para mejorar la sanidad, Mato ha instado a todos los grupos pol\u00edticos a trabajar con el Gobierno por mejorar la calidad del sistema, un llamamiento al que se ha sumado el presidente gallego, que ha aludido directamente al PSOE.<\/p>\n<p>Nu\u00f1ez Feij\u00f3o ha instado a los socialistas a que \u00absi de verdad\u00bb creen en la sanidad p\u00fablica \u00abse sienten a negociar un pacto por la sostenibilidad del sistema nacional de salud\u00bb y se ha mostrado convencido de que si el PSOE hiciera lo que sus dirigentes comentan en privado ese pacto ser\u00eda una realidad.<\/p>\n<p>Tanto Mato como Feij\u00f3o han criticado tambi\u00e9n la herencia recibida del PSOE, que s\u00f3lo dej\u00f3 facturas sin pagar y deuda.<\/p>\n<p>No obstante, la ministra ha subrayado que tras la gesti\u00f3n del PP en los dos \u00faltimos a\u00f1os hoy la sanidad est\u00e1 mejor preparada para afrontar los retos del futuro.<\/p>\n<p>El objetivo del Gobierno y el PP es que todos los espa\u00f1oles tengan acceso a las mismas prestaciones sanitarias y en las mismas condiciones en todos los territorios y ese es el fin que persigue la cartera \u00fanica de servicios aprobada por el Ejecutivo o la unificaci\u00f3n del calendario de vacunas en todas las comunidades.<\/p>\n<p>Asimismo, ha apostado por la integraci\u00f3n de la sanidad y los servicios sociales, y ha agradecido la colaboraci\u00f3n de las comunidades aut\u00f3nomas en la puesta en marcha de las medidas sanitarias.<\/p>\n<p>\u00abSi hay un partido que ha mantenido la sanidad p\u00fablica en su objetivo n\u00famero uno de sus pol\u00edticas es el PP\u00bb, ha a\u00f1adido N\u00fa\u00f1ez Feij\u00f3o, tras garantizar que \u00abno se vende lo que es patrimonio de todos\u00bb.<\/p>\n<p>\u00abNadie consentir\u00eda que vendi\u00e9semos el sistema de salud, no hay que confundir gestionar con hablar. No hay que confundir con la gesti\u00f3n para mantener la viabilidad\u00bb, ha concluido.<\/p>\n<p>El Partido Popular ha homenajeado hoy a las v\u00edctimas del terrorismo en un acto durante su convenci\u00f3n nacional en el que les ha asegurado con un v\u00eddeo que su recuerdo \u00absiempre estar\u00e1 vivo\u00bb y les ha prometido que \u00abnunca perder\u00e1n el apoyo y el respeto\u00bb del PP.<\/p>\n<p>El hijo del presidente del PP de Arag\u00f3n Manuel Gim\u00e9nez Abad, asesinado por ETA en mayo de 2001, ha abierto este acto con un discurso en el que ha subrayado la necesidad de que se mantenga la unidad de los partidos pol\u00edticos en la lucha contra ETA.<\/p>\n","protected":false},"excerpt":{"rendered":"<p>Valladolid, 1 feb (EFE).- La ministra de Sanidad, Ana Mato, y el presidente de la Xunta, Alberto Nu\u00f1ez Feij\u00f3o, han coincidido hoy en pedir a los grupos pol\u00edticos, y en especial al PSOE, que \u00abdejen de utilizar la sanidad con fines partidistas\u00bb y trabajen con el PP para mejorar la sanidad de todos los ciudadanos. [&hellip;]<\/p>\n","protected":false},"author":1,"featured_media":481835,"comment_status":"closed","ping_status":"open","sticky":false,"template":"","format":"standard","meta":{"footnotes":""},"categories":[1],"tags":[],"class_list":["post-481834","post","type-post","status-publish","format-standard","has-post-thumbnail","hentry","category-actualidad"],"aioseo_notices":[],"aioseo_head":"\n\t\t<!-- All in One SEO Pro 5.0.1 - aioseo.com -->\n\t<meta name=\"description\" content=\"Valladolid, 1 feb (EFE).- La ministra de Sanidad, Ana Mato, y el presidente de la Xunta, Alberto Nu\u00f1ez Feij\u00f3o, han coincidido hoy en pedir a los grupos pol\u00edticos, y en especial al PSOE, que &quot;dejen de utilizar la sanidad con fines partidistas&quot; y trabajen con el PP para mejorar la sanidad de todos los ciudadanos.\" \/>\n\t<meta name=\"robots\" content=\"max-image-preview:large\" \/>\n\t<meta name=\"author\" content=\"El Digital de Asturias\"\/>\n\t<meta name=\"google-site-verification\" content=\"UA-38556648-1\" \/>\n\t<meta name=\"msvalidate.01\" content=\"7dfe9f3f1b24437ab69f4f2559babe99\" \/>\n\t<meta name=\"keywords\" content=\"actualidad\" \/>\n\t<link rel=\"canonical\" href=\"https:\/\/www.eldigitaldeasturias.com\/noticias\/mato-y-feijoo-piden-al-psoe-que-deje-de-usar-la-sanidad-con-fines-partidistas\/\" \/>\n\t<meta name=\"generator\" content=\"All in One SEO Pro (AIOSEO) 5.0.1\" \/>\n\t\t<meta property=\"og:locale\" content=\"es_ES\" \/>\n\t\t<meta property=\"og:site_name\" content=\"El Digital de Asturias\" \/>\n\t\t<meta property=\"og:type\" content=\"article\" \/>\n\t\t<meta property=\"og:title\" content=\"Mato y Feij\u00f3o piden al PSOE que deje de usar la sanidad con fines partidistas - El Digital de Asturias\" \/>\n\t\t<meta property=\"og:description\" content=\"Valladolid, 1 feb (EFE).- La ministra de Sanidad, Ana Mato, y el presidente de la Xunta, Alberto Nu\u00f1ez Feij\u00f3o, han coincidido hoy en pedir a los grupos pol\u00edticos, y en especial al PSOE, que &quot;dejen de utilizar la sanidad con fines partidistas&quot; y trabajen con el PP para mejorar la sanidad de todos los ciudadanos.\" \/>\n\t\t<meta property=\"og:url\" content=\"https:\/\/www.eldigitaldeasturias.com\/noticias\/mato-y-feijoo-piden-al-psoe-que-deje-de-usar-la-sanidad-con-fines-partidistas\/\" \/>\n\t\t<meta property=\"article:tag\" content=\"actualidad\" \/>\n\t\t<meta property=\"article:published_time\" content=\"2014-02-01T22:30:33+00:00\" \/>\n\t\t<meta property=\"article:modified_time\" content=\"2014-02-01T22:30:33+00:00\" \/>\n\t\t<meta property=\"article:publisher\" content=\"https:\/\/facebook.com\/eldigitaldeasturias\" \/>\n\t\t<meta name=\"twitter:card\" content=\"summary_large_image\" \/>\n\t\t<meta name=\"twitter:title\" content=\"Mato y Feij\u00f3o piden al PSOE que deje de usar la sanidad con fines partidistas - El Digital de Asturias\" \/>\n\t\t<meta name=\"twitter:description\" content=\"Valladolid, 1 feb (EFE).- La ministra de Sanidad, Ana Mato, y el presidente de la Xunta, Alberto Nu\u00f1ez Feij\u00f3o, han coincidido hoy en pedir a los grupos pol\u00edticos, y en especial al PSOE, que &quot;dejen de utilizar la sanidad con fines partidistas&quot; y trabajen con el PP para mejorar la sanidad de todos los ciudadanos.\" \/>\n\t\t<meta name=\"twitter:label1\" content=\"Escrito por\" \/>\n\t\t<meta name=\"twitter:data1\" content=\"El Digital de Asturias\" \/>\n\t\t<meta name=\"twitter:label2\" content=\"Tiempo de lectura estimado\" \/>\n\t\t<meta name=\"twitter:data2\" content=\"3 minutos\" \/>\n\t\t<script type=\"application\/ld+json\" class=\"aioseo-schema\">\n\t\t\t{\"@context\":\"https:\\\/\\\/schema.org\",\"@graph\":[{\"@type\":\"BlogPosting\",\"@id\":\"https:\\\/\\\/www.eldigitaldeasturias.com\\\/noticias\\\/mato-y-feijoo-piden-al-psoe-que-deje-de-usar-la-sanidad-con-fines-partidistas\\\/#blogposting\",\"name\":\"Mato y Feij\\u00f3o piden al PSOE que deje de usar la sanidad con fines partidistas - El Digital de Asturias\",\"headline\":\"Mato y Feij\\u00f3o piden al PSOE que deje de usar la sanidad con fines partidistas\",\"author\":{\"@id\":\"https:\\\/\\\/www.eldigitaldeasturias.com\\\/noticias\\\/author\\\/admin\\\/#author\"},\"publisher\":{\"@id\":\"https:\\\/\\\/www.eldigitaldeasturias.com\\\/noticias\\\/#organization\"},\"image\":{\"@type\":\"ImageObject\",\"url\":481835},\"datePublished\":\"2014-02-01T21:30:33+01:00\",\"dateModified\":\"2014-02-01T21:30:33+01:00\",\"inLanguage\":\"es-ES\",\"mainEntityOfPage\":{\"@id\":\"https:\\\/\\\/www.eldigitaldeasturias.com\\\/noticias\\\/mato-y-feijoo-piden-al-psoe-que-deje-de-usar-la-sanidad-con-fines-partidistas\\\/#webpage\"},\"isPartOf\":{\"@id\":\"https:\\\/\\\/www.eldigitaldeasturias.com\\\/noticias\\\/mato-y-feijoo-piden-al-psoe-que-deje-de-usar-la-sanidad-con-fines-partidistas\\\/#webpage\"},\"articleSection\":\"Actualidad\"},{\"@type\":\"BreadcrumbList\",\"@id\":\"https:\\\/\\\/www.eldigitaldeasturias.com\\\/noticias\\\/mato-y-feijoo-piden-al-psoe-que-deje-de-usar-la-sanidad-con-fines-partidistas\\\/#breadcrumblist\",\"itemListElement\":[{\"@type\":\"ListItem\",\"@id\":\"https:\\\/\\\/www.eldigitaldeasturias.com\\\/noticias#listItem\",\"position\":1,\"name\":\"Home\",\"item\":\"https:\\\/\\\/www.eldigitaldeasturias.com\\\/noticias\",\"nextItem\":{\"@type\":\"ListItem\",\"@id\":\"https:\\\/\\\/www.eldigitaldeasturias.com\\\/noticias\\\/category\\\/actualidad\\\/#listItem\",\"name\":\"Actualidad\"}},{\"@type\":\"ListItem\",\"@id\":\"https:\\\/\\\/www.eldigitaldeasturias.com\\\/noticias\\\/category\\\/actualidad\\\/#listItem\",\"position\":2,\"name\":\"Actualidad\",\"item\":\"https:\\\/\\\/www.eldigitaldeasturias.com\\\/noticias\\\/category\\\/actualidad\\\/\",\"nextItem\":{\"@type\":\"ListItem\",\"@id\":\"https:\\\/\\\/www.eldigitaldeasturias.com\\\/noticias\\\/mato-y-feijoo-piden-al-psoe-que-deje-de-usar-la-sanidad-con-fines-partidistas\\\/#listItem\",\"name\":\"Mato y Feij\\u00f3o piden al PSOE que deje de usar la sanidad con fines partidistas\"},\"previousItem\":{\"@type\":\"ListItem\",\"@id\":\"https:\\\/\\\/www.eldigitaldeasturias.com\\\/noticias#listItem\",\"name\":\"Home\"}},{\"@type\":\"ListItem\",\"@id\":\"https:\\\/\\\/www.eldigitaldeasturias.com\\\/noticias\\\/mato-y-feijoo-piden-al-psoe-que-deje-de-usar-la-sanidad-con-fines-partidistas\\\/#listItem\",\"position\":3,\"name\":\"Mato y Feij\\u00f3o piden al PSOE que deje de usar la sanidad con fines partidistas\",\"previousItem\":{\"@type\":\"ListItem\",\"@id\":\"https:\\\/\\\/www.eldigitaldeasturias.com\\\/noticias\\\/category\\\/actualidad\\\/#listItem\",\"name\":\"Actualidad\"}}]},{\"@type\":\"Organization\",\"@id\":\"https:\\\/\\\/www.eldigitaldeasturias.com\\\/noticias\\\/#organization\",\"name\":\"El Digital de Asturias\",\"description\":\"Hemeroteca\",\"url\":\"https:\\\/\\\/www.eldigitaldeasturias.com\\\/noticias\\\/\",\"email\":\"info@eldigitaldeasturias.com\",\"telephone\":\"+34652131393\",\"logo\":{\"@type\":\"ImageObject\",\"url\":\"https:\\\/\\\/www.eldigitaldeasturias.com\\\/noticias\\\/wp-content\\\/uploads\\\/2020\\\/12\\\/EDA.jpg\",\"@id\":\"https:\\\/\\\/www.eldigitaldeasturias.com\\\/noticias\\\/mato-y-feijoo-piden-al-psoe-que-deje-de-usar-la-sanidad-con-fines-partidistas\\\/#organizationLogo\"},\"image\":{\"@id\":\"https:\\\/\\\/www.eldigitaldeasturias.com\\\/noticias\\\/mato-y-feijoo-piden-al-psoe-que-deje-de-usar-la-sanidad-con-fines-partidistas\\\/#organizationLogo\"},\"sameAs\":[\"https:\\\/\\\/facebook.com\\\/eldigitaldeasturias\",\"https:\\\/\\\/www.youtube.com\\\/channel\\\/UCZP-2wLEB9Rv6erhFmqVnvg\"],\"address\":{\"@id\":\"https:\\\/\\\/www.eldigitaldeasturias.com\\\/noticias\\\/#postaladdress\",\"@type\":\"PostalAddress\",\"streetAddress\":\"san antonio 4\",\"postalCode\":\"33430\",\"addressLocality\":\"Cand\\u00e1s\",\"addressRegion\":\"Asturias\",\"addressCountry\":\"ES\"}},{\"@type\":\"Person\",\"@id\":\"https:\\\/\\\/www.eldigitaldeasturias.com\\\/noticias\\\/author\\\/admin\\\/#author\",\"url\":\"https:\\\/\\\/www.eldigitaldeasturias.com\\\/noticias\\\/author\\\/admin\\\/\",\"name\":\"El Digital de Asturias\",\"image\":{\"@type\":\"ImageObject\",\"@id\":\"https:\\\/\\\/www.eldigitaldeasturias.com\\\/noticias\\\/mato-y-feijoo-piden-al-psoe-que-deje-de-usar-la-sanidad-con-fines-partidistas\\\/#authorImage\",\"url\":\"https:\\\/\\\/secure.gravatar.com\\\/avatar\\\/df2aeffc32bcd13f8d26072ef8a91b623d677766deac7f97ca815868cd41bf5e?s=96&d=mm&r=g\",\"width\":96,\"height\":96,\"caption\":\"El Digital de Asturias\"}},{\"@type\":\"WebPage\",\"@id\":\"https:\\\/\\\/www.eldigitaldeasturias.com\\\/noticias\\\/mato-y-feijoo-piden-al-psoe-que-deje-de-usar-la-sanidad-con-fines-partidistas\\\/#webpage\",\"url\":\"https:\\\/\\\/www.eldigitaldeasturias.com\\\/noticias\\\/mato-y-feijoo-piden-al-psoe-que-deje-de-usar-la-sanidad-con-fines-partidistas\\\/\",\"name\":\"Mato y Feij\\u00f3o piden al PSOE que deje de usar la sanidad con fines partidistas - El Digital de Asturias\",\"description\":\"Valladolid, 1 feb (EFE).- La ministra de Sanidad, Ana Mato, y el presidente de la Xunta, Alberto Nu\\u00f1ez Feij\\u00f3o, han coincidido hoy en pedir a los grupos pol\\u00edticos, y en especial al PSOE, que \\\"dejen de utilizar la sanidad con fines partidistas\\\" y trabajen con el PP para mejorar la sanidad de todos los ciudadanos.\",\"inLanguage\":\"es-ES\",\"isPartOf\":{\"@id\":\"https:\\\/\\\/www.eldigitaldeasturias.com\\\/noticias\\\/#website\"},\"breadcrumb\":{\"@id\":\"https:\\\/\\\/www.eldigitaldeasturias.com\\\/noticias\\\/mato-y-feijoo-piden-al-psoe-que-deje-de-usar-la-sanidad-con-fines-partidistas\\\/#breadcrumblist\"},\"author\":{\"@id\":\"https:\\\/\\\/www.eldigitaldeasturias.com\\\/noticias\\\/author\\\/admin\\\/#author\"},\"creator\":{\"@id\":\"https:\\\/\\\/www.eldigitaldeasturias.com\\\/noticias\\\/author\\\/admin\\\/#author\"},\"image\":{\"@type\":\"ImageObject\",\"url\":481835,\"@id\":\"https:\\\/\\\/www.eldigitaldeasturias.com\\\/noticias\\\/mato-y-feijoo-piden-al-psoe-que-deje-de-usar-la-sanidad-con-fines-partidistas\\\/#mainImage\"},\"primaryImageOfPage\":{\"@id\":\"https:\\\/\\\/www.eldigitaldeasturias.com\\\/noticias\\\/mato-y-feijoo-piden-al-psoe-que-deje-de-usar-la-sanidad-con-fines-partidistas\\\/#mainImage\"},\"datePublished\":\"2014-02-01T21:30:33+01:00\",\"dateModified\":\"2014-02-01T21:30:33+01:00\"},{\"@type\":\"WebSite\",\"@id\":\"https:\\\/\\\/www.eldigitaldeasturias.com\\\/noticias\\\/#website\",\"url\":\"https:\\\/\\\/www.eldigitaldeasturias.com\\\/noticias\\\/\",\"name\":\"El Digital de Asturias - Diario de actualidad y noticias\",\"alternateName\":\"El Digital de Asturias - Diario de actualidad y noticias\",\"description\":\"Hemeroteca\",\"inLanguage\":\"es-ES\",\"publisher\":{\"@id\":\"https:\\\/\\\/www.eldigitaldeasturias.com\\\/noticias\\\/#organization\"}}]}\n\t\t<\/script>\n\t\t<!-- All in One SEO Pro -->\r\n\t\t<title>Mato y Feij\u00f3o piden al PSOE que deje de usar la sanidad con fines partidistas - El Digital de Asturias<\/title>\n\n","aioseo_head_json":{"title":"Mato y Feij\u00f3o piden al PSOE que deje de usar la sanidad con fines partidistas - El Digital de Asturias","description":"Valladolid, 1 feb (EFE).- La ministra de Sanidad, Ana Mato, y el presidente de la Xunta, Alberto Nu\u00f1ez Feij\u00f3o, han coincidido hoy en pedir a los grupos pol\u00edticos, y en especial al PSOE, que \"dejen de utilizar la sanidad con fines partidistas\" y trabajen con el PP para mejorar la sanidad de todos los ciudadanos.","canonical_url":"https:\/\/www.eldigitaldeasturias.com\/noticias\/mato-y-feijoo-piden-al-psoe-que-deje-de-usar-la-sanidad-con-fines-partidistas\/","robots":"max-image-preview:large","keywords":"actualidad","webmasterTools":{"google-site-verification":"UA-38556648-1","msvalidate.01":"7dfe9f3f1b24437ab69f4f2559babe99","miscellaneous":""},"schema":{"@context":"https:\/\/schema.org","@graph":[{"@type":"BlogPosting","@id":"https:\/\/www.eldigitaldeasturias.com\/noticias\/mato-y-feijoo-piden-al-psoe-que-deje-de-usar-la-sanidad-con-fines-partidistas\/#blogposting","name":"Mato y Feij\u00f3o piden al PSOE que deje de usar la sanidad con fines partidistas - El Digital de Asturias","headline":"Mato y Feij\u00f3o piden al PSOE que deje de usar la sanidad con fines partidistas","author":{"@id":"https:\/\/www.eldigitaldeasturias.com\/noticias\/author\/admin\/#author"},"publisher":{"@id":"https:\/\/www.eldigitaldeasturias.com\/noticias\/#organization"},"image":{"@type":"ImageObject","url":481835},"datePublished":"2014-02-01T21:30:33+01:00","dateModified":"2014-02-01T21:30:33+01:00","inLanguage":"es-ES","mainEntityOfPage":{"@id":"https:\/\/www.eldigitaldeasturias.com\/noticias\/mato-y-feijoo-piden-al-psoe-que-deje-de-usar-la-sanidad-con-fines-partidistas\/#webpage"},"isPartOf":{"@id":"https:\/\/www.eldigitaldeasturias.com\/noticias\/mato-y-feijoo-piden-al-psoe-que-deje-de-usar-la-sanidad-con-fines-partidistas\/#webpage"},"articleSection":"Actualidad"},{"@type":"BreadcrumbList","@id":"https:\/\/www.eldigitaldeasturias.com\/noticias\/mato-y-feijoo-piden-al-psoe-que-deje-de-usar-la-sanidad-con-fines-partidistas\/#breadcrumblist","itemListElement":[{"@type":"ListItem","@id":"https:\/\/www.eldigitaldeasturias.com\/noticias#listItem","position":1,"name":"Home","item":"https:\/\/www.eldigitaldeasturias.com\/noticias","nextItem":{"@type":"ListItem","@id":"https:\/\/www.eldigitaldeasturias.com\/noticias\/category\/actualidad\/#listItem","name":"Actualidad"}},{"@type":"ListItem","@id":"https:\/\/www.eldigitaldeasturias.com\/noticias\/category\/actualidad\/#listItem","position":2,"name":"Actualidad","item":"https:\/\/www.eldigitaldeasturias.com\/noticias\/category\/actualidad\/","nextItem":{"@type":"ListItem","@id":"https:\/\/www.eldigitaldeasturias.com\/noticias\/mato-y-feijoo-piden-al-psoe-que-deje-de-usar-la-sanidad-con-fines-partidistas\/#listItem","name":"Mato y Feij\u00f3o piden al PSOE que deje de usar la sanidad con fines partidistas"},"previousItem":{"@type":"ListItem","@id":"https:\/\/www.eldigitaldeasturias.com\/noticias#listItem","name":"Home"}},{"@type":"ListItem","@id":"https:\/\/www.eldigitaldeasturias.com\/noticias\/mato-y-feijoo-piden-al-psoe-que-deje-de-usar-la-sanidad-con-fines-partidistas\/#listItem","position":3,"name":"Mato y Feij\u00f3o piden al PSOE que deje de usar la sanidad con fines partidistas","previousItem":{"@type":"ListItem","@id":"https:\/\/www.eldigitaldeasturias.com\/noticias\/category\/actualidad\/#listItem","name":"Actualidad"}}]},{"@type":"Organization","@id":"https:\/\/www.eldigitaldeasturias.com\/noticias\/#organization","name":"El Digital de Asturias","description":"Hemeroteca","url":"https:\/\/www.eldigitaldeasturias.com\/noticias\/","email":"info@eldigitaldeasturias.com","telephone":"+34652131393","logo":{"@type":"ImageObject","url":"https:\/\/www.eldigitaldeasturias.com\/noticias\/wp-content\/uploads\/2020\/12\/EDA.jpg","@id":"https:\/\/www.eldigitaldeasturias.com\/noticias\/mato-y-feijoo-piden-al-psoe-que-deje-de-usar-la-sanidad-con-fines-partidistas\/#organizationLogo"},"image":{"@id":"https:\/\/www.eldigitaldeasturias.com\/noticias\/mato-y-feijoo-piden-al-psoe-que-deje-de-usar-la-sanidad-con-fines-partidistas\/#organizationLogo"},"sameAs":["https:\/\/facebook.com\/eldigitaldeasturias","https:\/\/www.youtube.com\/channel\/UCZP-2wLEB9Rv6erhFmqVnvg"],"address":{"@id":"https:\/\/www.eldigitaldeasturias.com\/noticias\/#postaladdress","@type":"PostalAddress","streetAddress":"san antonio 4","postalCode":"33430","addressLocality":"Cand\u00e1s","addressRegion":"Asturias","addressCountry":"ES"}},{"@type":"Person","@id":"https:\/\/www.eldigitaldeasturias.com\/noticias\/author\/admin\/#author","url":"https:\/\/www.eldigitaldeasturias.com\/noticias\/author\/admin\/","name":"El Digital de Asturias","image":{"@type":"ImageObject","@id":"https:\/\/www.eldigitaldeasturias.com\/noticias\/mato-y-feijoo-piden-al-psoe-que-deje-de-usar-la-sanidad-con-fines-partidistas\/#authorImage","url":"https:\/\/secure.gravatar.com\/avatar\/df2aeffc32bcd13f8d26072ef8a91b623d677766deac7f97ca815868cd41bf5e?s=96&d=mm&r=g","width":96,"height":96,"caption":"El Digital de Asturias"}},{"@type":"WebPage","@id":"https:\/\/www.eldigitaldeasturias.com\/noticias\/mato-y-feijoo-piden-al-psoe-que-deje-de-usar-la-sanidad-con-fines-partidistas\/#webpage","url":"https:\/\/www.eldigitaldeasturias.com\/noticias\/mato-y-feijoo-piden-al-psoe-que-deje-de-usar-la-sanidad-con-fines-partidistas\/","name":"Mato y Feij\u00f3o piden al PSOE que deje de usar la sanidad con fines partidistas - El Digital de Asturias","description":"Valladolid, 1 feb (EFE).- La ministra de Sanidad, Ana Mato, y el presidente de la Xunta, Alberto Nu\u00f1ez Feij\u00f3o, han coincidido hoy en pedir a los grupos pol\u00edticos, y en especial al PSOE, que \"dejen de utilizar la sanidad con fines partidistas\" y trabajen con el PP para mejorar la sanidad de todos los ciudadanos.","inLanguage":"es-ES","isPartOf":{"@id":"https:\/\/www.eldigitaldeasturias.com\/noticias\/#website"},"breadcrumb":{"@id":"https:\/\/www.eldigitaldeasturias.com\/noticias\/mato-y-feijoo-piden-al-psoe-que-deje-de-usar-la-sanidad-con-fines-partidistas\/#breadcrumblist"},"author":{"@id":"https:\/\/www.eldigitaldeasturias.com\/noticias\/author\/admin\/#author"},"creator":{"@id":"https:\/\/www.eldigitaldeasturias.com\/noticias\/author\/admin\/#author"},"image":{"@type":"ImageObject","url":481835,"@id":"https:\/\/www.eldigitaldeasturias.com\/noticias\/mato-y-feijoo-piden-al-psoe-que-deje-de-usar-la-sanidad-con-fines-partidistas\/#mainImage"},"primaryImageOfPage":{"@id":"https:\/\/www.eldigitaldeasturias.com\/noticias\/mato-y-feijoo-piden-al-psoe-que-deje-de-usar-la-sanidad-con-fines-partidistas\/#mainImage"},"datePublished":"2014-02-01T21:30:33+01:00","dateModified":"2014-02-01T21:30:33+01:00"},{"@type":"WebSite","@id":"https:\/\/www.eldigitaldeasturias.com\/noticias\/#website","url":"https:\/\/www.eldigitaldeasturias.com\/noticias\/","name":"El Digital de Asturias - Diario de actualidad y noticias","alternateName":"El Digital de Asturias - Diario de actualidad y noticias","description":"Hemeroteca","inLanguage":"es-ES","publisher":{"@id":"https:\/\/www.eldigitaldeasturias.com\/noticias\/#organization"}}]},"og:locale":"es_ES","og:site_name":"El Digital de Asturias","og:type":"article","og:title":"Mato y Feij\u00f3o piden al PSOE que deje de usar la sanidad con fines partidistas - El Digital de Asturias","og:description":"Valladolid, 1 feb (EFE).- La ministra de Sanidad, Ana Mato, y el presidente de la Xunta, Alberto Nu\u00f1ez Feij\u00f3o, han coincidido hoy en pedir a los grupos pol\u00edticos, y en especial al PSOE, que &quot;dejen de utilizar la sanidad con fines partidistas&quot; y trabajen con el PP para mejorar la sanidad de todos los ciudadanos.","og:url":"https:\/\/www.eldigitaldeasturias.com\/noticias\/mato-y-feijoo-piden-al-psoe-que-deje-de-usar-la-sanidad-con-fines-partidistas\/","article:tag":["actualidad"],"article:published_time":"2014-02-01T22:30:33+00:00","article:modified_time":"2014-02-01T22:30:33+00:00","article:publisher":"https:\/\/facebook.com\/eldigitaldeasturias","twitter:card":"summary_large_image","twitter:title":"Mato y Feij\u00f3o piden al PSOE que deje de usar la sanidad con fines partidistas - El Digital de Asturias","twitter:description":"Valladolid, 1 feb (EFE).- La ministra de Sanidad, Ana Mato, y el presidente de la Xunta, Alberto Nu\u00f1ez Feij\u00f3o, han coincidido hoy en pedir a los grupos pol\u00edticos, y en especial al PSOE, que &quot;dejen de utilizar la sanidad con fines partidistas&quot; y trabajen con el PP para mejorar la sanidad de todos los ciudadanos.","twitter:label1":"Escrito por","twitter:data1":"El Digital de Asturias","twitter:label2":"Tiempo de lectura estimado","twitter:data2":"3 minutos"},"aioseo_meta_data":{"post_id":"481834","title":null,"description":null,"keywords":null,"keyphrases":null,"primary_term":null,"canonical_url":null,"og_title":null,"og_description":null,"og_object_type":"default","og_image_type":"default","og_image_url":null,"og_image_width":null,"og_image_height":null,"og_image_custom_url":null,"og_image_custom_fields":null,"og_video":null,"og_custom_url":null,"og_article_section":null,"og_article_tags":null,"twitter_use_og":true,"twitter_card":"default","twitter_image_type":"default","twitter_image_url":null,"twitter_image_custom_url":null,"twitter_image_custom_fields":null,"twitter_title":null,"twitter_description":null,"schema":{"blockGraphs":[],"customGraphs":[],"default":{"data":{"Article":[],"Course":[],"Dataset":[],"FAQPage":[],"Movie":[],"Person":[],"Product":[],"ProductReview":[],"Car":[],"Recipe":[],"Service":[],"SoftwareApplication":[],"WebPage":[]},"graphName":"","isEnabled":true},"graphs":[],"defaultGraph":"","defaultPostTypeGraph":""},"schema_type":null,"schema_type_options":null,"pillar_content":false,"robots_default":true,"robots_noindex":false,"robots_noarchive":false,"robots_nosnippet":false,"robots_nofollow":false,"robots_noimageindex":false,"robots_noodp":false,"robots_notranslate":false,"robots_max_snippet":null,"robots_max_videopreview":null,"robots_max_imagepreview":"none","priority":null,"frequency":null,"local_seo":null,"seo_analyzer_scan_date":"2026-06-02 08:02:41","breadcrumb_settings":null,"limit_modified_date":false,"open_ai":null,"ai":null,"created":"2020-11-14 22:54:29","updated":"2026-06-02 08:02:41","focus_keyword":null,"additional_keywords":null,"truseo_locale":null},"aioseo_breadcrumb":"<div class=\"aioseo-breadcrumbs\"><span class=\"aioseo-breadcrumb\">\n\t<a href=\"https:\/\/www.eldigitaldeasturias.com\/noticias\" title=\"Home\">Home<\/a>\n<\/span><span class=\"aioseo-breadcrumb-separator\">\u2013<\/span><span class=\"aioseo-breadcrumb\">\n\t<a href=\"https:\/\/www.eldigitaldeasturias.com\/noticias\/category\/actualidad\/\" title=\"Actualidad\">Actualidad<\/a>\n<\/span><span class=\"aioseo-breadcrumb-separator\">\u2013<\/span><span class=\"aioseo-breadcrumb\">\n\t<a href=\"https:\/\/www.eldigitaldeasturias.com\/noticias\/mato-y-feijoo-piden-al-psoe-que-deje-de-usar-la-sanidad-con-fines-partidistas\/\" title=\"Mato y Feij\u00f3o piden al PSOE que deje de usar la sanidad con fines partidistas\">Mato y Feij\u00f3o piden al PSOE que deje de usar la sanidad con fines partidistas<\/a>\n<\/span><\/div>","aioseo_breadcrumb_json":[{"label":"Home","link":"https:\/\/www.eldigitaldeasturias.com\/noticias"},{"label":"Actualidad","link":"https:\/\/www.eldigitaldeasturias.com\/noticias\/category\/actualidad\/"},{"label":"Mato y Feij\u00f3o piden al PSOE que deje de usar la sanidad con fines partidistas","link":"https:\/\/www.eldigitaldeasturias.com\/noticias\/mato-y-feijoo-piden-al-psoe-que-deje-de-usar-la-sanidad-con-fines-partidistas\/"}],"_links":{"self":[{"href":"https:\/\/www.eldigitaldeasturias.com\/noticias\/wp-json\/wp\/v2\/posts\/481834","targetHints":{"allow":["GET"]}}],"collection":[{"href":"https:\/\/www.eldigitaldeasturias.com\/noticias\/wp-json\/wp\/v2\/posts"}],"about":[{"href":"https:\/\/www.eldigitaldeasturias.com\/noticias\/wp-json\/wp\/v2\/types\/post"}],"author":[{"embeddable":true,"href":"https:\/\/www.eldigitaldeasturias.com\/noticias\/wp-json\/wp\/v2\/users\/1"}],"replies":[{"embeddable":true,"href":"https:\/\/www.eldigitaldeasturias.com\/noticias\/wp-json\/wp\/v2\/comments?post=481834"}],"version-history":[{"count":0,"href":"https:\/\/www.eldigitaldeasturias.com\/noticias\/wp-json\/wp\/v2\/posts\/481834\/revisions"}],"wp:attachment":[{"href":"https:\/\/www.eldigitaldeasturias.com\/noticias\/wp-json\/wp\/v2\/media?parent=481834"}],"wp:term":[{"taxonomy":"category","embeddable":true,"href":"https:\/\/www.eldigitaldeasturias.com\/noticias\/wp-json\/wp\/v2\/categories?post=481834"},{"taxonomy":"post_tag","embeddable":true,"href":"https:\/\/www.eldigitaldeasturias.com\/noticias\/wp-json\/wp\/v2\/tags?post=481834"}],"curies":[{"name":"wp","href":"https:\/\/api.w.org\/{rel}","templated":true}]}}