{"id":481828,"date":"2014-02-01T21:28:19","date_gmt":"2014-02-01T22:28:19","guid":{"rendered":"http:\/\/www.eldigitaldeasturias.com\/noticias\/?p=481828"},"modified":"2014-02-01T21:28:19","modified_gmt":"2014-02-01T22:28:19","slug":"javier-arenas-afirma-que-en-este-partido-no-sobra-nadie","status":"publish","type":"post","link":"https:\/\/www.eldigitaldeasturias.com\/noticias\/javier-arenas-afirma-que-en-este-partido-no-sobra-nadie\/","title":{"rendered":"Javier Arenas afirma que \u00aben este partido no sobra nadie\u00bb"},"content":{"rendered":"<p><img loading=\"lazy\" decoding=\"async\" class=\"alignleft size-medium wp-image-481829\" alt=\"5899957w\" src=\"https:\/\/www.eldigitaldeasturias.com\/noticias\/wp-content\/uploads\/2014\/02\/5899957w-360x282.jpg\" width=\"360\" height=\"282\" \/>Valladolid, 1 feb (EFE).- El vicesecretario general de Pol\u00edtica Auton\u00f3mica y Local del PP, Javier Arenas, ha hecho hoy un llamamiento a la cohesi\u00f3n interna de los populares y ha proclamado: \u00abEn este partido no sobra nadie, llevamos muchos a\u00f1os ense\u00f1ando la puerta de entrada y no la puerta de salida\u00bb.<\/p>\n<p>Arenas ha aprovechado su intervenci\u00f3n en el plenario de la Convenci\u00f3n nacional del PP para presentar la resoluci\u00f3n de pol\u00edtica social para insistir en que cuando el partido tiene cohesi\u00f3n interna es cuando dedica \u00abel cien por cien de su tiempo a los problemas de los espa\u00f1oles\u00bb y eso es lo que debe hacer en este momento.<\/p>\n<p>Y se ha mostrado convencido de que con el presidente del Gobierno y del partido, Mariano Rajoy, es con quien el PP podr\u00e1 \u00abseguir siendo el gran Partido Popular de la cohesi\u00f3n\u00bb, en el que \u00abcomparten proyecto muchas personas\u00bb y donde es \u00abmucho m\u00e1s\u00bb lo que les une que lo que les pueda separar.<\/p>\n<p>Al recordar que puede haber asuntos en los que haya desacuerdo entre los populares, Arenas se ha dirigido expresamente a Celia Villalobos, presente en el plenario y conocida por ser cr\u00edtica en cuestiones como la del aborto.<\/p>\n<p>Y ha valorado que Villalobos d\u00e9 su opini\u00f3n \u00abdentro\u00bb de la organizaci\u00f3n, en las reuniones internas, para insistir despu\u00e9s en que \u00ablas se\u00f1as\u00bb del PP unen \u00abmucho m\u00e1s\u00bb de lo que puedan separar y lo convierten en el \u00abpartido m\u00e1s importante de Europa\u00bb y en el partido \u00abde la cohesi\u00f3n y la unidad\u00bb.<\/p>\n<p>Por otro lado, Javier Arenas ha vuelto a proclamar el apoyo de todo el PP a los populares vascos. \u00abLo mejor del PP antes, ahora y siempre ha estado en el Pa\u00eds Vasco y Navarra\u00bb, ha dicho el dirigente popular.<\/p>\n<p>Y como ya hizo en su intervenci\u00f3n de ayer, Arenas ha pedido al partido que \u00abse vuelque\u00bb con Arantza Quiroga, la presidenta de los populares vascos, del mismo modo que lo hizo, en su momento, con otros dirigentes como Jaime Mayor Oreja, Carlos Irutg\u00e1iz y Mar\u00eda San Gil.<\/p>\n<p>Tambi\u00e9n ha repetido Arenas su loa a Mayor Oreja, a quien ha definido como uno de los mejores servidores p\u00fablicos que ha habido en el Pa\u00eds Vasco y un gran dirigente.<\/p>\n","protected":false},"excerpt":{"rendered":"<p>Valladolid, 1 feb (EFE).- El vicesecretario general de Pol\u00edtica Auton\u00f3mica y Local del PP, Javier Arenas, ha hecho hoy un llamamiento a la cohesi\u00f3n interna de los populares y ha proclamado: \u00abEn este partido no sobra nadie, llevamos muchos a\u00f1os ense\u00f1ando la puerta de entrada y no la puerta de salida\u00bb. Arenas ha aprovechado su [&hellip;]<\/p>\n","protected":false},"author":1,"featured_media":481829,"comment_status":"closed","ping_status":"open","sticky":false,"template":"","format":"standard","meta":{"footnotes":""},"categories":[1],"tags":[],"class_list":["post-481828","post","type-post","status-publish","format-standard","has-post-thumbnail","hentry","category-actualidad"],"aioseo_notices":[],"aioseo_head":"\n\t\t<!-- All in One SEO Pro 5.0.1 - aioseo.com -->\n\t<meta name=\"description\" content=\"Valladolid, 1 feb (EFE).- El vicesecretario general de Pol\u00edtica Auton\u00f3mica y Local del PP, Javier Arenas, ha hecho hoy un llamamiento a la cohesi\u00f3n interna de los populares y ha proclamado: &quot;En este partido no sobra nadie, llevamos muchos a\u00f1os ense\u00f1ando la puerta de entrada y no la puerta de salida&quot;. Arenas ha aprovechado su\" \/>\n\t<meta name=\"robots\" content=\"max-image-preview:large\" \/>\n\t<meta name=\"author\" content=\"El Digital de Asturias\"\/>\n\t<meta name=\"google-site-verification\" content=\"UA-38556648-1\" \/>\n\t<meta name=\"msvalidate.01\" content=\"7dfe9f3f1b24437ab69f4f2559babe99\" \/>\n\t<meta name=\"keywords\" content=\"actualidad\" \/>\n\t<link rel=\"canonical\" href=\"https:\/\/www.eldigitaldeasturias.com\/noticias\/javier-arenas-afirma-que-en-este-partido-no-sobra-nadie\/\" \/>\n\t<meta name=\"generator\" content=\"All in One SEO Pro (AIOSEO) 5.0.1\" \/>\n\t\t<meta property=\"og:locale\" content=\"es_ES\" \/>\n\t\t<meta property=\"og:site_name\" content=\"El Digital de Asturias\" \/>\n\t\t<meta property=\"og:type\" content=\"article\" \/>\n\t\t<meta property=\"og:title\" content=\"Javier Arenas afirma que \u00aben este partido no sobra nadie\u00bb - El Digital de Asturias\" \/>\n\t\t<meta property=\"og:description\" content=\"Valladolid, 1 feb (EFE).- El vicesecretario general de Pol\u00edtica Auton\u00f3mica y Local del PP, Javier Arenas, ha hecho hoy un llamamiento a la cohesi\u00f3n interna de los populares y ha proclamado: &quot;En este partido no sobra nadie, llevamos muchos a\u00f1os ense\u00f1ando la puerta de entrada y no la puerta de salida&quot;. Arenas ha aprovechado su\" \/>\n\t\t<meta property=\"og:url\" content=\"https:\/\/www.eldigitaldeasturias.com\/noticias\/javier-arenas-afirma-que-en-este-partido-no-sobra-nadie\/\" \/>\n\t\t<meta property=\"article:tag\" content=\"actualidad\" \/>\n\t\t<meta property=\"article:published_time\" content=\"2014-02-01T22:28:19+00:00\" \/>\n\t\t<meta property=\"article:modified_time\" content=\"2014-02-01T22:28:19+00:00\" \/>\n\t\t<meta property=\"article:publisher\" content=\"https:\/\/facebook.com\/eldigitaldeasturias\" \/>\n\t\t<meta name=\"twitter:card\" content=\"summary_large_image\" \/>\n\t\t<meta name=\"twitter:title\" content=\"Javier Arenas afirma que \u00aben este partido no sobra nadie\u00bb - El Digital de Asturias\" \/>\n\t\t<meta name=\"twitter:description\" content=\"Valladolid, 1 feb (EFE).- El vicesecretario general de Pol\u00edtica Auton\u00f3mica y Local del PP, Javier Arenas, ha hecho hoy un llamamiento a la cohesi\u00f3n interna de los populares y ha proclamado: &quot;En este partido no sobra nadie, llevamos muchos a\u00f1os ense\u00f1ando la puerta de entrada y no la puerta de salida&quot;. Arenas ha aprovechado su\" \/>\n\t\t<meta name=\"twitter:label1\" content=\"Escrito por\" \/>\n\t\t<meta name=\"twitter:data1\" content=\"El Digital de Asturias\" \/>\n\t\t<meta name=\"twitter:label2\" content=\"Tiempo de lectura estimado\" \/>\n\t\t<meta name=\"twitter:data2\" content=\"2 minutos\" \/>\n\t\t<script type=\"application\/ld+json\" class=\"aioseo-schema\">\n\t\t\t{\"@context\":\"https:\\\/\\\/schema.org\",\"@graph\":[{\"@type\":\"BlogPosting\",\"@id\":\"https:\\\/\\\/www.eldigitaldeasturias.com\\\/noticias\\\/javier-arenas-afirma-que-en-este-partido-no-sobra-nadie\\\/#blogposting\",\"name\":\"Javier Arenas afirma que \\u00aben este partido no sobra nadie\\u00bb - El Digital de Asturias\",\"headline\":\"Javier Arenas afirma que \\u00aben este partido no sobra nadie\\u00bb\",\"author\":{\"@id\":\"https:\\\/\\\/www.eldigitaldeasturias.com\\\/noticias\\\/author\\\/admin\\\/#author\"},\"publisher\":{\"@id\":\"https:\\\/\\\/www.eldigitaldeasturias.com\\\/noticias\\\/#organization\"},\"image\":{\"@type\":\"ImageObject\",\"url\":481829},\"datePublished\":\"2014-02-01T21:28:19+01:00\",\"dateModified\":\"2014-02-01T21:28:19+01:00\",\"inLanguage\":\"es-ES\",\"mainEntityOfPage\":{\"@id\":\"https:\\\/\\\/www.eldigitaldeasturias.com\\\/noticias\\\/javier-arenas-afirma-que-en-este-partido-no-sobra-nadie\\\/#webpage\"},\"isPartOf\":{\"@id\":\"https:\\\/\\\/www.eldigitaldeasturias.com\\\/noticias\\\/javier-arenas-afirma-que-en-este-partido-no-sobra-nadie\\\/#webpage\"},\"articleSection\":\"Actualidad\"},{\"@type\":\"BreadcrumbList\",\"@id\":\"https:\\\/\\\/www.eldigitaldeasturias.com\\\/noticias\\\/javier-arenas-afirma-que-en-este-partido-no-sobra-nadie\\\/#breadcrumblist\",\"itemListElement\":[{\"@type\":\"ListItem\",\"@id\":\"https:\\\/\\\/www.eldigitaldeasturias.com\\\/noticias#listItem\",\"position\":1,\"name\":\"Home\",\"item\":\"https:\\\/\\\/www.eldigitaldeasturias.com\\\/noticias\",\"nextItem\":{\"@type\":\"ListItem\",\"@id\":\"https:\\\/\\\/www.eldigitaldeasturias.com\\\/noticias\\\/category\\\/actualidad\\\/#listItem\",\"name\":\"Actualidad\"}},{\"@type\":\"ListItem\",\"@id\":\"https:\\\/\\\/www.eldigitaldeasturias.com\\\/noticias\\\/category\\\/actualidad\\\/#listItem\",\"position\":2,\"name\":\"Actualidad\",\"item\":\"https:\\\/\\\/www.eldigitaldeasturias.com\\\/noticias\\\/category\\\/actualidad\\\/\",\"nextItem\":{\"@type\":\"ListItem\",\"@id\":\"https:\\\/\\\/www.eldigitaldeasturias.com\\\/noticias\\\/javier-arenas-afirma-que-en-este-partido-no-sobra-nadie\\\/#listItem\",\"name\":\"Javier Arenas afirma que \\u00aben este partido no sobra nadie\\u00bb\"},\"previousItem\":{\"@type\":\"ListItem\",\"@id\":\"https:\\\/\\\/www.eldigitaldeasturias.com\\\/noticias#listItem\",\"name\":\"Home\"}},{\"@type\":\"ListItem\",\"@id\":\"https:\\\/\\\/www.eldigitaldeasturias.com\\\/noticias\\\/javier-arenas-afirma-que-en-este-partido-no-sobra-nadie\\\/#listItem\",\"position\":3,\"name\":\"Javier Arenas afirma que \\u00aben este partido no sobra nadie\\u00bb\",\"previousItem\":{\"@type\":\"ListItem\",\"@id\":\"https:\\\/\\\/www.eldigitaldeasturias.com\\\/noticias\\\/category\\\/actualidad\\\/#listItem\",\"name\":\"Actualidad\"}}]},{\"@type\":\"Organization\",\"@id\":\"https:\\\/\\\/www.eldigitaldeasturias.com\\\/noticias\\\/#organization\",\"name\":\"El Digital de Asturias\",\"description\":\"Hemeroteca\",\"url\":\"https:\\\/\\\/www.eldigitaldeasturias.com\\\/noticias\\\/\",\"email\":\"info@eldigitaldeasturias.com\",\"telephone\":\"+34652131393\",\"logo\":{\"@type\":\"ImageObject\",\"url\":\"https:\\\/\\\/www.eldigitaldeasturias.com\\\/noticias\\\/wp-content\\\/uploads\\\/2020\\\/12\\\/EDA.jpg\",\"@id\":\"https:\\\/\\\/www.eldigitaldeasturias.com\\\/noticias\\\/javier-arenas-afirma-que-en-este-partido-no-sobra-nadie\\\/#organizationLogo\"},\"image\":{\"@id\":\"https:\\\/\\\/www.eldigitaldeasturias.com\\\/noticias\\\/javier-arenas-afirma-que-en-este-partido-no-sobra-nadie\\\/#organizationLogo\"},\"sameAs\":[\"https:\\\/\\\/facebook.com\\\/eldigitaldeasturias\",\"https:\\\/\\\/www.youtube.com\\\/channel\\\/UCZP-2wLEB9Rv6erhFmqVnvg\"],\"address\":{\"@id\":\"https:\\\/\\\/www.eldigitaldeasturias.com\\\/noticias\\\/#postaladdress\",\"@type\":\"PostalAddress\",\"streetAddress\":\"san antonio 4\",\"postalCode\":\"33430\",\"addressLocality\":\"Cand\\u00e1s\",\"addressRegion\":\"Asturias\",\"addressCountry\":\"ES\"}},{\"@type\":\"Person\",\"@id\":\"https:\\\/\\\/www.eldigitaldeasturias.com\\\/noticias\\\/author\\\/admin\\\/#author\",\"url\":\"https:\\\/\\\/www.eldigitaldeasturias.com\\\/noticias\\\/author\\\/admin\\\/\",\"name\":\"El Digital de Asturias\",\"image\":{\"@type\":\"ImageObject\",\"@id\":\"https:\\\/\\\/www.eldigitaldeasturias.com\\\/noticias\\\/javier-arenas-afirma-que-en-este-partido-no-sobra-nadie\\\/#authorImage\",\"url\":\"https:\\\/\\\/secure.gravatar.com\\\/avatar\\\/df2aeffc32bcd13f8d26072ef8a91b623d677766deac7f97ca815868cd41bf5e?s=96&d=mm&r=g\",\"width\":96,\"height\":96,\"caption\":\"El Digital de Asturias\"}},{\"@type\":\"WebPage\",\"@id\":\"https:\\\/\\\/www.eldigitaldeasturias.com\\\/noticias\\\/javier-arenas-afirma-que-en-este-partido-no-sobra-nadie\\\/#webpage\",\"url\":\"https:\\\/\\\/www.eldigitaldeasturias.com\\\/noticias\\\/javier-arenas-afirma-que-en-este-partido-no-sobra-nadie\\\/\",\"name\":\"Javier Arenas afirma que \\u00aben este partido no sobra nadie\\u00bb - El Digital de Asturias\",\"description\":\"Valladolid, 1 feb (EFE).- El vicesecretario general de Pol\\u00edtica Auton\\u00f3mica y Local del PP, Javier Arenas, ha hecho hoy un llamamiento a la cohesi\\u00f3n interna de los populares y ha proclamado: \\\"En este partido no sobra nadie, llevamos muchos a\\u00f1os ense\\u00f1ando la puerta de entrada y no la puerta de salida\\\". Arenas ha aprovechado su\",\"inLanguage\":\"es-ES\",\"isPartOf\":{\"@id\":\"https:\\\/\\\/www.eldigitaldeasturias.com\\\/noticias\\\/#website\"},\"breadcrumb\":{\"@id\":\"https:\\\/\\\/www.eldigitaldeasturias.com\\\/noticias\\\/javier-arenas-afirma-que-en-este-partido-no-sobra-nadie\\\/#breadcrumblist\"},\"author\":{\"@id\":\"https:\\\/\\\/www.eldigitaldeasturias.com\\\/noticias\\\/author\\\/admin\\\/#author\"},\"creator\":{\"@id\":\"https:\\\/\\\/www.eldigitaldeasturias.com\\\/noticias\\\/author\\\/admin\\\/#author\"},\"image\":{\"@type\":\"ImageObject\",\"url\":481829,\"@id\":\"https:\\\/\\\/www.eldigitaldeasturias.com\\\/noticias\\\/javier-arenas-afirma-que-en-este-partido-no-sobra-nadie\\\/#mainImage\"},\"primaryImageOfPage\":{\"@id\":\"https:\\\/\\\/www.eldigitaldeasturias.com\\\/noticias\\\/javier-arenas-afirma-que-en-este-partido-no-sobra-nadie\\\/#mainImage\"},\"datePublished\":\"2014-02-01T21:28:19+01:00\",\"dateModified\":\"2014-02-01T21:28:19+01:00\"},{\"@type\":\"WebSite\",\"@id\":\"https:\\\/\\\/www.eldigitaldeasturias.com\\\/noticias\\\/#website\",\"url\":\"https:\\\/\\\/www.eldigitaldeasturias.com\\\/noticias\\\/\",\"name\":\"El Digital de Asturias - Diario de actualidad y noticias\",\"alternateName\":\"El Digital de Asturias - Diario de actualidad y noticias\",\"description\":\"Hemeroteca\",\"inLanguage\":\"es-ES\",\"publisher\":{\"@id\":\"https:\\\/\\\/www.eldigitaldeasturias.com\\\/noticias\\\/#organization\"}}]}\n\t\t<\/script>\n\t\t<!-- All in One SEO Pro -->\r\n\t\t<title>Javier Arenas afirma que \u00aben este partido no sobra nadie\u00bb - El Digital de Asturias<\/title>\n\n","aioseo_head_json":{"title":"Javier Arenas afirma que \u00aben este partido no sobra nadie\u00bb - El Digital de Asturias","description":"Valladolid, 1 feb (EFE).- El vicesecretario general de Pol\u00edtica Auton\u00f3mica y Local del PP, Javier Arenas, ha hecho hoy un llamamiento a la cohesi\u00f3n interna de los populares y ha proclamado: \"En este partido no sobra nadie, llevamos muchos a\u00f1os ense\u00f1ando la puerta de entrada y no la puerta de salida\". Arenas ha aprovechado su","canonical_url":"https:\/\/www.eldigitaldeasturias.com\/noticias\/javier-arenas-afirma-que-en-este-partido-no-sobra-nadie\/","robots":"max-image-preview:large","keywords":"actualidad","webmasterTools":{"google-site-verification":"UA-38556648-1","msvalidate.01":"7dfe9f3f1b24437ab69f4f2559babe99","miscellaneous":""},"schema":{"@context":"https:\/\/schema.org","@graph":[{"@type":"BlogPosting","@id":"https:\/\/www.eldigitaldeasturias.com\/noticias\/javier-arenas-afirma-que-en-este-partido-no-sobra-nadie\/#blogposting","name":"Javier Arenas afirma que \u00aben este partido no sobra nadie\u00bb - El Digital de Asturias","headline":"Javier Arenas afirma que \u00aben este partido no sobra nadie\u00bb","author":{"@id":"https:\/\/www.eldigitaldeasturias.com\/noticias\/author\/admin\/#author"},"publisher":{"@id":"https:\/\/www.eldigitaldeasturias.com\/noticias\/#organization"},"image":{"@type":"ImageObject","url":481829},"datePublished":"2014-02-01T21:28:19+01:00","dateModified":"2014-02-01T21:28:19+01:00","inLanguage":"es-ES","mainEntityOfPage":{"@id":"https:\/\/www.eldigitaldeasturias.com\/noticias\/javier-arenas-afirma-que-en-este-partido-no-sobra-nadie\/#webpage"},"isPartOf":{"@id":"https:\/\/www.eldigitaldeasturias.com\/noticias\/javier-arenas-afirma-que-en-este-partido-no-sobra-nadie\/#webpage"},"articleSection":"Actualidad"},{"@type":"BreadcrumbList","@id":"https:\/\/www.eldigitaldeasturias.com\/noticias\/javier-arenas-afirma-que-en-este-partido-no-sobra-nadie\/#breadcrumblist","itemListElement":[{"@type":"ListItem","@id":"https:\/\/www.eldigitaldeasturias.com\/noticias#listItem","position":1,"name":"Home","item":"https:\/\/www.eldigitaldeasturias.com\/noticias","nextItem":{"@type":"ListItem","@id":"https:\/\/www.eldigitaldeasturias.com\/noticias\/category\/actualidad\/#listItem","name":"Actualidad"}},{"@type":"ListItem","@id":"https:\/\/www.eldigitaldeasturias.com\/noticias\/category\/actualidad\/#listItem","position":2,"name":"Actualidad","item":"https:\/\/www.eldigitaldeasturias.com\/noticias\/category\/actualidad\/","nextItem":{"@type":"ListItem","@id":"https:\/\/www.eldigitaldeasturias.com\/noticias\/javier-arenas-afirma-que-en-este-partido-no-sobra-nadie\/#listItem","name":"Javier Arenas afirma que \u00aben este partido no sobra nadie\u00bb"},"previousItem":{"@type":"ListItem","@id":"https:\/\/www.eldigitaldeasturias.com\/noticias#listItem","name":"Home"}},{"@type":"ListItem","@id":"https:\/\/www.eldigitaldeasturias.com\/noticias\/javier-arenas-afirma-que-en-este-partido-no-sobra-nadie\/#listItem","position":3,"name":"Javier Arenas afirma que \u00aben este partido no sobra nadie\u00bb","previousItem":{"@type":"ListItem","@id":"https:\/\/www.eldigitaldeasturias.com\/noticias\/category\/actualidad\/#listItem","name":"Actualidad"}}]},{"@type":"Organization","@id":"https:\/\/www.eldigitaldeasturias.com\/noticias\/#organization","name":"El Digital de Asturias","description":"Hemeroteca","url":"https:\/\/www.eldigitaldeasturias.com\/noticias\/","email":"info@eldigitaldeasturias.com","telephone":"+34652131393","logo":{"@type":"ImageObject","url":"https:\/\/www.eldigitaldeasturias.com\/noticias\/wp-content\/uploads\/2020\/12\/EDA.jpg","@id":"https:\/\/www.eldigitaldeasturias.com\/noticias\/javier-arenas-afirma-que-en-este-partido-no-sobra-nadie\/#organizationLogo"},"image":{"@id":"https:\/\/www.eldigitaldeasturias.com\/noticias\/javier-arenas-afirma-que-en-este-partido-no-sobra-nadie\/#organizationLogo"},"sameAs":["https:\/\/facebook.com\/eldigitaldeasturias","https:\/\/www.youtube.com\/channel\/UCZP-2wLEB9Rv6erhFmqVnvg"],"address":{"@id":"https:\/\/www.eldigitaldeasturias.com\/noticias\/#postaladdress","@type":"PostalAddress","streetAddress":"san antonio 4","postalCode":"33430","addressLocality":"Cand\u00e1s","addressRegion":"Asturias","addressCountry":"ES"}},{"@type":"Person","@id":"https:\/\/www.eldigitaldeasturias.com\/noticias\/author\/admin\/#author","url":"https:\/\/www.eldigitaldeasturias.com\/noticias\/author\/admin\/","name":"El Digital de Asturias","image":{"@type":"ImageObject","@id":"https:\/\/www.eldigitaldeasturias.com\/noticias\/javier-arenas-afirma-que-en-este-partido-no-sobra-nadie\/#authorImage","url":"https:\/\/secure.gravatar.com\/avatar\/df2aeffc32bcd13f8d26072ef8a91b623d677766deac7f97ca815868cd41bf5e?s=96&d=mm&r=g","width":96,"height":96,"caption":"El Digital de Asturias"}},{"@type":"WebPage","@id":"https:\/\/www.eldigitaldeasturias.com\/noticias\/javier-arenas-afirma-que-en-este-partido-no-sobra-nadie\/#webpage","url":"https:\/\/www.eldigitaldeasturias.com\/noticias\/javier-arenas-afirma-que-en-este-partido-no-sobra-nadie\/","name":"Javier Arenas afirma que \u00aben este partido no sobra nadie\u00bb - El Digital de Asturias","description":"Valladolid, 1 feb (EFE).- El vicesecretario general de Pol\u00edtica Auton\u00f3mica y Local del PP, Javier Arenas, ha hecho hoy un llamamiento a la cohesi\u00f3n interna de los populares y ha proclamado: \"En este partido no sobra nadie, llevamos muchos a\u00f1os ense\u00f1ando la puerta de entrada y no la puerta de salida\". Arenas ha aprovechado su","inLanguage":"es-ES","isPartOf":{"@id":"https:\/\/www.eldigitaldeasturias.com\/noticias\/#website"},"breadcrumb":{"@id":"https:\/\/www.eldigitaldeasturias.com\/noticias\/javier-arenas-afirma-que-en-este-partido-no-sobra-nadie\/#breadcrumblist"},"author":{"@id":"https:\/\/www.eldigitaldeasturias.com\/noticias\/author\/admin\/#author"},"creator":{"@id":"https:\/\/www.eldigitaldeasturias.com\/noticias\/author\/admin\/#author"},"image":{"@type":"ImageObject","url":481829,"@id":"https:\/\/www.eldigitaldeasturias.com\/noticias\/javier-arenas-afirma-que-en-este-partido-no-sobra-nadie\/#mainImage"},"primaryImageOfPage":{"@id":"https:\/\/www.eldigitaldeasturias.com\/noticias\/javier-arenas-afirma-que-en-este-partido-no-sobra-nadie\/#mainImage"},"datePublished":"2014-02-01T21:28:19+01:00","dateModified":"2014-02-01T21:28:19+01:00"},{"@type":"WebSite","@id":"https:\/\/www.eldigitaldeasturias.com\/noticias\/#website","url":"https:\/\/www.eldigitaldeasturias.com\/noticias\/","name":"El Digital de Asturias - Diario de actualidad y noticias","alternateName":"El Digital de Asturias - Diario de actualidad y noticias","description":"Hemeroteca","inLanguage":"es-ES","publisher":{"@id":"https:\/\/www.eldigitaldeasturias.com\/noticias\/#organization"}}]},"og:locale":"es_ES","og:site_name":"El Digital de Asturias","og:type":"article","og:title":"Javier Arenas afirma que \u00aben este partido no sobra nadie\u00bb - El Digital de Asturias","og:description":"Valladolid, 1 feb (EFE).- El vicesecretario general de Pol\u00edtica Auton\u00f3mica y Local del PP, Javier Arenas, ha hecho hoy un llamamiento a la cohesi\u00f3n interna de los populares y ha proclamado: &quot;En este partido no sobra nadie, llevamos muchos a\u00f1os ense\u00f1ando la puerta de entrada y no la puerta de salida&quot;. Arenas ha aprovechado su","og:url":"https:\/\/www.eldigitaldeasturias.com\/noticias\/javier-arenas-afirma-que-en-este-partido-no-sobra-nadie\/","article:tag":["actualidad"],"article:published_time":"2014-02-01T22:28:19+00:00","article:modified_time":"2014-02-01T22:28:19+00:00","article:publisher":"https:\/\/facebook.com\/eldigitaldeasturias","twitter:card":"summary_large_image","twitter:title":"Javier Arenas afirma que \u00aben este partido no sobra nadie\u00bb - El Digital de Asturias","twitter:description":"Valladolid, 1 feb (EFE).- El vicesecretario general de Pol\u00edtica Auton\u00f3mica y Local del PP, Javier Arenas, ha hecho hoy un llamamiento a la cohesi\u00f3n interna de los populares y ha proclamado: &quot;En este partido no sobra nadie, llevamos muchos a\u00f1os ense\u00f1ando la puerta de entrada y no la puerta de salida&quot;. Arenas ha aprovechado su","twitter:label1":"Escrito por","twitter:data1":"El Digital de Asturias","twitter:label2":"Tiempo de lectura estimado","twitter:data2":"2 minutos"},"aioseo_meta_data":{"post_id":"481828","title":null,"description":null,"keywords":null,"keyphrases":null,"primary_term":null,"canonical_url":null,"og_title":null,"og_description":null,"og_object_type":"default","og_image_type":"default","og_image_url":null,"og_image_width":null,"og_image_height":null,"og_image_custom_url":null,"og_image_custom_fields":null,"og_video":null,"og_custom_url":null,"og_article_section":null,"og_article_tags":null,"twitter_use_og":true,"twitter_card":"default","twitter_image_type":"default","twitter_image_url":null,"twitter_image_custom_url":null,"twitter_image_custom_fields":null,"twitter_title":null,"twitter_description":null,"schema":{"blockGraphs":[],"customGraphs":[],"default":{"data":{"Article":[],"Course":[],"Dataset":[],"FAQPage":[],"Movie":[],"Person":[],"Product":[],"ProductReview":[],"Car":[],"Recipe":[],"Service":[],"SoftwareApplication":[],"WebPage":[]},"graphName":"","isEnabled":true},"graphs":[],"defaultGraph":"","defaultPostTypeGraph":""},"schema_type":null,"schema_type_options":null,"pillar_content":false,"robots_default":true,"robots_noindex":false,"robots_noarchive":false,"robots_nosnippet":false,"robots_nofollow":false,"robots_noimageindex":false,"robots_noodp":false,"robots_notranslate":false,"robots_max_snippet":null,"robots_max_videopreview":null,"robots_max_imagepreview":"none","priority":null,"frequency":null,"local_seo":null,"seo_analyzer_scan_date":"2026-06-02 08:02:39","breadcrumb_settings":null,"limit_modified_date":false,"open_ai":null,"ai":null,"created":"2020-11-14 22:54:29","updated":"2026-06-02 08:02:39","focus_keyword":null,"additional_keywords":null,"truseo_locale":null},"aioseo_breadcrumb":"<div class=\"aioseo-breadcrumbs\"><span class=\"aioseo-breadcrumb\">\n\t<a href=\"https:\/\/www.eldigitaldeasturias.com\/noticias\" title=\"Home\">Home<\/a>\n<\/span><span class=\"aioseo-breadcrumb-separator\">\u2013<\/span><span class=\"aioseo-breadcrumb\">\n\t<a href=\"https:\/\/www.eldigitaldeasturias.com\/noticias\/category\/actualidad\/\" title=\"Actualidad\">Actualidad<\/a>\n<\/span><span class=\"aioseo-breadcrumb-separator\">\u2013<\/span><span class=\"aioseo-breadcrumb\">\n\t<a href=\"https:\/\/www.eldigitaldeasturias.com\/noticias\/javier-arenas-afirma-que-en-este-partido-no-sobra-nadie\/\" title=\"Javier Arenas afirma que \u00aben este partido no sobra nadie\u00bb\">Javier Arenas afirma que \u00aben este partido no sobra nadie\u00bb<\/a>\n<\/span><\/div>","aioseo_breadcrumb_json":[{"label":"Home","link":"https:\/\/www.eldigitaldeasturias.com\/noticias"},{"label":"Actualidad","link":"https:\/\/www.eldigitaldeasturias.com\/noticias\/category\/actualidad\/"},{"label":"Javier Arenas afirma que \u00aben este partido no sobra nadie\u00bb","link":"https:\/\/www.eldigitaldeasturias.com\/noticias\/javier-arenas-afirma-que-en-este-partido-no-sobra-nadie\/"}],"_links":{"self":[{"href":"https:\/\/www.eldigitaldeasturias.com\/noticias\/wp-json\/wp\/v2\/posts\/481828","targetHints":{"allow":["GET"]}}],"collection":[{"href":"https:\/\/www.eldigitaldeasturias.com\/noticias\/wp-json\/wp\/v2\/posts"}],"about":[{"href":"https:\/\/www.eldigitaldeasturias.com\/noticias\/wp-json\/wp\/v2\/types\/post"}],"author":[{"embeddable":true,"href":"https:\/\/www.eldigitaldeasturias.com\/noticias\/wp-json\/wp\/v2\/users\/1"}],"replies":[{"embeddable":true,"href":"https:\/\/www.eldigitaldeasturias.com\/noticias\/wp-json\/wp\/v2\/comments?post=481828"}],"version-history":[{"count":0,"href":"https:\/\/www.eldigitaldeasturias.com\/noticias\/wp-json\/wp\/v2\/posts\/481828\/revisions"}],"wp:attachment":[{"href":"https:\/\/www.eldigitaldeasturias.com\/noticias\/wp-json\/wp\/v2\/media?parent=481828"}],"wp:term":[{"taxonomy":"category","embeddable":true,"href":"https:\/\/www.eldigitaldeasturias.com\/noticias\/wp-json\/wp\/v2\/categories?post=481828"},{"taxonomy":"post_tag","embeddable":true,"href":"https:\/\/www.eldigitaldeasturias.com\/noticias\/wp-json\/wp\/v2\/tags?post=481828"}],"curies":[{"name":"wp","href":"https:\/\/api.w.org\/{rel}","templated":true}]}}