{"id":481825,"date":"2014-02-01T21:27:10","date_gmt":"2014-02-01T22:27:10","guid":{"rendered":"http:\/\/www.eldigitaldeasturias.com\/noticias\/?p=481825"},"modified":"2014-02-01T21:27:10","modified_gmt":"2014-02-01T22:27:10","slug":"el-pp-homenajea-a-las-victimas-prometiendo-que-su-recuerdo-siempre-estara-vivo","status":"publish","type":"post","link":"https:\/\/www.eldigitaldeasturias.com\/noticias\/el-pp-homenajea-a-las-victimas-prometiendo-que-su-recuerdo-siempre-estara-vivo\/","title":{"rendered":"El PP homenajea a las v\u00edctimas prometiendo que su recuerdo siempre estar\u00e1 vivo"},"content":{"rendered":"<p><img loading=\"lazy\" decoding=\"async\" class=\"alignleft size-medium wp-image-481826\" alt=\"5899847w\" src=\"https:\/\/www.eldigitaldeasturias.com\/noticias\/wp-content\/uploads\/2014\/02\/5899847w-360x240.jpg\" width=\"360\" height=\"240\" \/>Valladolid, 1 feb (EFE).- El Partido Popular ha homenajeado hoy a las v\u00edctimas del terrorismo en un acto durante su convenci\u00f3n nacional en el que les ha asegurado con un v\u00eddeo que su recuerdo \u00absiempre estar\u00e1 vivo\u00bb y les ha prometido que \u00abnunca perder\u00e1n el apoyo y el respeto\u00bb del PP.<\/p>\n<p>El hijo del presidente del PP de Arag\u00f3n Manuel Gim\u00e9nez Abad, asesinado por ETA en mayo de 2001, ha abierto este acto con un discurso en el que ha subrayado la necesidad de que se mantenga la unidad de los partidos pol\u00edticos en la lucha contra ETA.<\/p>\n<p>Manuel Gim\u00e9nez ha defendido que el Gobierno est\u00e9 aplicando la sentencia europea que tumba la doctrina Parot, no porque sienta la m\u00e1s \u00abm\u00ednima compasi\u00f3n\u00bb por los asesinos sino porque, aunque le \u00abrepugnan\u00bb sus consecuencias -la salida de la c\u00e1rcel de presos de ETA- se cumple la ley, y esto supone \u00abun hito m\u00e1s en la constante lucha deslegitimadora del terrorismo\u00bb.<\/p>\n<p>Cuando el hijo de Gim\u00e9nez Abad ha subido al estrado y se ha identificado, el plenario de la convenci\u00f3n popular se ha puesto en pie y le ha aplaudido durante unos minutos, y ha vuelto a hacerlo al final del discurso y cuando el presidente del Gobierno, Mariano Rajoy, ha subido a saludarle.<\/p>\n<p>El v\u00eddeo que ha elaborado el PP muestra los testimonios de familiares de miembros del partido asesinados por ETA que relatan que con la muerte de sus seres queridos lo perdieron todo y pusieron \u00aba cero\u00bb el marcador de su vida.<\/p>\n<p>La hermana de Miguel \u00c1ngel Blanco, las viudas de Ram\u00f3n Baglietto y Jes\u00fas Mar\u00eda Pedrosa y el hijo de Manuel Gim\u00e9nez Abad protagonizan este v\u00eddeo tras el cual una voz en off se\u00f1ala, en nombre del PP: \u00ablo que nunca vais a perder es nuestro respeto, nuestro apoyo y nuestro cari\u00f1o, porque la memoria reside en el coraz\u00f3n\u00bb.<\/p>\n<p>\u00abEn memoria de nuestros compa\u00f1eros y todos aquellos miembros otros partidos, polic\u00edas, guardias civiles, hombres, mujeres y ni\u00f1os que dieron su vida contra el terror y por la democracia\u00bb. \u00abMientras nuestro coraz\u00f3n siga latiendo vuestro recuerdo estar\u00e1 vivo\u00bb, concluye la narraci\u00f3n.<\/p>\n<p>En su intervenci\u00f3n previa, Manuel Gim\u00e9nez ha subrayado que hoy ETA \u00ablanguidece\u00bb, y su \u00abagon\u00eda\u00bb ha sido posible gracias al \u00abpulso\u00bb que los dem\u00f3cratas han hecho durante d\u00e9cadas \u00abderramando sangre, dolor, rabia e impotencia\u00bb.<\/p>\n<p>Un pulso que ha combinado, ha dicho, dos elementos. Primero la unidad de los partidos, \u00abque ha sido fundamental y debe seguir si\u00e9ndolo en lo que al terrorismo se refiere\u00bb y despu\u00e9s un hecho, que la \u00ab\u00fanica v\u00eda para derrotar a ETA es la aplicaci\u00f3n de todas herramientas del Estado de derecho\u00bb.<\/p>\n<p>Manuel Gim\u00e9nez ha subrayado que la libertad, la igualdad y el pluralismo pol\u00edtico y en definitiva \u00abtodos los valores que sustentan la democracia\u00bb llevan el nombre de su padre y el de todas las v\u00edctimas del terrorismo.<\/p>\n","protected":false},"excerpt":{"rendered":"<p>Valladolid, 1 feb (EFE).- El Partido Popular ha homenajeado hoy a las v\u00edctimas del terrorismo en un acto durante su convenci\u00f3n nacional en el que les ha asegurado con un v\u00eddeo que su recuerdo \u00absiempre estar\u00e1 vivo\u00bb y les ha prometido que \u00abnunca perder\u00e1n el apoyo y el respeto\u00bb del PP. El hijo del presidente [&hellip;]<\/p>\n","protected":false},"author":1,"featured_media":481826,"comment_status":"closed","ping_status":"open","sticky":false,"template":"","format":"standard","meta":{"footnotes":""},"categories":[1],"tags":[],"class_list":["post-481825","post","type-post","status-publish","format-standard","has-post-thumbnail","hentry","category-actualidad"],"aioseo_notices":[],"aioseo_head":"\n\t\t<!-- All in One SEO Pro 5.0.1 - aioseo.com -->\n\t<meta name=\"description\" content=\"Valladolid, 1 feb (EFE).- El Partido Popular ha homenajeado hoy a las v\u00edctimas del terrorismo en un acto durante su convenci\u00f3n nacional en el que les ha asegurado con un v\u00eddeo que su recuerdo &quot;siempre estar\u00e1 vivo&quot; y les ha prometido que &quot;nunca perder\u00e1n el apoyo y el respeto&quot; del PP. El hijo del presidente\" \/>\n\t<meta name=\"robots\" content=\"max-image-preview:large\" \/>\n\t<meta name=\"author\" content=\"El Digital de Asturias\"\/>\n\t<meta name=\"google-site-verification\" content=\"UA-38556648-1\" \/>\n\t<meta name=\"msvalidate.01\" content=\"7dfe9f3f1b24437ab69f4f2559babe99\" \/>\n\t<meta name=\"keywords\" content=\"actualidad\" \/>\n\t<link rel=\"canonical\" href=\"https:\/\/www.eldigitaldeasturias.com\/noticias\/el-pp-homenajea-a-las-victimas-prometiendo-que-su-recuerdo-siempre-estara-vivo\/\" \/>\n\t<meta name=\"generator\" content=\"All in One SEO Pro (AIOSEO) 5.0.1\" \/>\n\t\t<meta property=\"og:locale\" content=\"es_ES\" \/>\n\t\t<meta property=\"og:site_name\" content=\"El Digital de Asturias\" \/>\n\t\t<meta property=\"og:type\" content=\"article\" \/>\n\t\t<meta property=\"og:title\" content=\"El PP homenajea a las v\u00edctimas prometiendo que su recuerdo siempre estar\u00e1 vivo - El Digital de Asturias\" \/>\n\t\t<meta property=\"og:description\" content=\"Valladolid, 1 feb (EFE).- El Partido Popular ha homenajeado hoy a las v\u00edctimas del terrorismo en un acto durante su convenci\u00f3n nacional en el que les ha asegurado con un v\u00eddeo que su recuerdo &quot;siempre estar\u00e1 vivo&quot; y les ha prometido que &quot;nunca perder\u00e1n el apoyo y el respeto&quot; del PP. El hijo del presidente\" \/>\n\t\t<meta property=\"og:url\" content=\"https:\/\/www.eldigitaldeasturias.com\/noticias\/el-pp-homenajea-a-las-victimas-prometiendo-que-su-recuerdo-siempre-estara-vivo\/\" \/>\n\t\t<meta property=\"article:tag\" content=\"actualidad\" \/>\n\t\t<meta property=\"article:published_time\" content=\"2014-02-01T22:27:10+00:00\" \/>\n\t\t<meta property=\"article:modified_time\" content=\"2014-02-01T22:27:10+00:00\" \/>\n\t\t<meta property=\"article:publisher\" content=\"https:\/\/facebook.com\/eldigitaldeasturias\" \/>\n\t\t<meta name=\"twitter:card\" content=\"summary_large_image\" \/>\n\t\t<meta name=\"twitter:title\" content=\"El PP homenajea a las v\u00edctimas prometiendo que su recuerdo siempre estar\u00e1 vivo - El Digital de Asturias\" \/>\n\t\t<meta name=\"twitter:description\" content=\"Valladolid, 1 feb (EFE).- El Partido Popular ha homenajeado hoy a las v\u00edctimas del terrorismo en un acto durante su convenci\u00f3n nacional en el que les ha asegurado con un v\u00eddeo que su recuerdo &quot;siempre estar\u00e1 vivo&quot; y les ha prometido que &quot;nunca perder\u00e1n el apoyo y el respeto&quot; del PP. El hijo del presidente\" \/>\n\t\t<meta name=\"twitter:label1\" content=\"Escrito por\" \/>\n\t\t<meta name=\"twitter:data1\" content=\"El Digital de Asturias\" \/>\n\t\t<meta name=\"twitter:label2\" content=\"Tiempo de lectura estimado\" \/>\n\t\t<meta name=\"twitter:data2\" content=\"3 minutos\" \/>\n\t\t<script type=\"application\/ld+json\" class=\"aioseo-schema\">\n\t\t\t{\"@context\":\"https:\\\/\\\/schema.org\",\"@graph\":[{\"@type\":\"BlogPosting\",\"@id\":\"https:\\\/\\\/www.eldigitaldeasturias.com\\\/noticias\\\/el-pp-homenajea-a-las-victimas-prometiendo-que-su-recuerdo-siempre-estara-vivo\\\/#blogposting\",\"name\":\"El PP homenajea a las v\\u00edctimas prometiendo que su recuerdo siempre estar\\u00e1 vivo - El Digital de Asturias\",\"headline\":\"El PP homenajea a las v\\u00edctimas prometiendo que su recuerdo siempre estar\\u00e1 vivo\",\"author\":{\"@id\":\"https:\\\/\\\/www.eldigitaldeasturias.com\\\/noticias\\\/author\\\/admin\\\/#author\"},\"publisher\":{\"@id\":\"https:\\\/\\\/www.eldigitaldeasturias.com\\\/noticias\\\/#organization\"},\"image\":{\"@type\":\"ImageObject\",\"url\":481826},\"datePublished\":\"2014-02-01T21:27:10+01:00\",\"dateModified\":\"2014-02-01T21:27:10+01:00\",\"inLanguage\":\"es-ES\",\"mainEntityOfPage\":{\"@id\":\"https:\\\/\\\/www.eldigitaldeasturias.com\\\/noticias\\\/el-pp-homenajea-a-las-victimas-prometiendo-que-su-recuerdo-siempre-estara-vivo\\\/#webpage\"},\"isPartOf\":{\"@id\":\"https:\\\/\\\/www.eldigitaldeasturias.com\\\/noticias\\\/el-pp-homenajea-a-las-victimas-prometiendo-que-su-recuerdo-siempre-estara-vivo\\\/#webpage\"},\"articleSection\":\"Actualidad\"},{\"@type\":\"BreadcrumbList\",\"@id\":\"https:\\\/\\\/www.eldigitaldeasturias.com\\\/noticias\\\/el-pp-homenajea-a-las-victimas-prometiendo-que-su-recuerdo-siempre-estara-vivo\\\/#breadcrumblist\",\"itemListElement\":[{\"@type\":\"ListItem\",\"@id\":\"https:\\\/\\\/www.eldigitaldeasturias.com\\\/noticias#listItem\",\"position\":1,\"name\":\"Home\",\"item\":\"https:\\\/\\\/www.eldigitaldeasturias.com\\\/noticias\",\"nextItem\":{\"@type\":\"ListItem\",\"@id\":\"https:\\\/\\\/www.eldigitaldeasturias.com\\\/noticias\\\/category\\\/actualidad\\\/#listItem\",\"name\":\"Actualidad\"}},{\"@type\":\"ListItem\",\"@id\":\"https:\\\/\\\/www.eldigitaldeasturias.com\\\/noticias\\\/category\\\/actualidad\\\/#listItem\",\"position\":2,\"name\":\"Actualidad\",\"item\":\"https:\\\/\\\/www.eldigitaldeasturias.com\\\/noticias\\\/category\\\/actualidad\\\/\",\"nextItem\":{\"@type\":\"ListItem\",\"@id\":\"https:\\\/\\\/www.eldigitaldeasturias.com\\\/noticias\\\/el-pp-homenajea-a-las-victimas-prometiendo-que-su-recuerdo-siempre-estara-vivo\\\/#listItem\",\"name\":\"El PP homenajea a las v\\u00edctimas prometiendo que su recuerdo siempre estar\\u00e1 vivo\"},\"previousItem\":{\"@type\":\"ListItem\",\"@id\":\"https:\\\/\\\/www.eldigitaldeasturias.com\\\/noticias#listItem\",\"name\":\"Home\"}},{\"@type\":\"ListItem\",\"@id\":\"https:\\\/\\\/www.eldigitaldeasturias.com\\\/noticias\\\/el-pp-homenajea-a-las-victimas-prometiendo-que-su-recuerdo-siempre-estara-vivo\\\/#listItem\",\"position\":3,\"name\":\"El PP homenajea a las v\\u00edctimas prometiendo que su recuerdo siempre estar\\u00e1 vivo\",\"previousItem\":{\"@type\":\"ListItem\",\"@id\":\"https:\\\/\\\/www.eldigitaldeasturias.com\\\/noticias\\\/category\\\/actualidad\\\/#listItem\",\"name\":\"Actualidad\"}}]},{\"@type\":\"Organization\",\"@id\":\"https:\\\/\\\/www.eldigitaldeasturias.com\\\/noticias\\\/#organization\",\"name\":\"El Digital de Asturias\",\"description\":\"Hemeroteca\",\"url\":\"https:\\\/\\\/www.eldigitaldeasturias.com\\\/noticias\\\/\",\"email\":\"info@eldigitaldeasturias.com\",\"telephone\":\"+34652131393\",\"logo\":{\"@type\":\"ImageObject\",\"url\":\"https:\\\/\\\/www.eldigitaldeasturias.com\\\/noticias\\\/wp-content\\\/uploads\\\/2020\\\/12\\\/EDA.jpg\",\"@id\":\"https:\\\/\\\/www.eldigitaldeasturias.com\\\/noticias\\\/el-pp-homenajea-a-las-victimas-prometiendo-que-su-recuerdo-siempre-estara-vivo\\\/#organizationLogo\"},\"image\":{\"@id\":\"https:\\\/\\\/www.eldigitaldeasturias.com\\\/noticias\\\/el-pp-homenajea-a-las-victimas-prometiendo-que-su-recuerdo-siempre-estara-vivo\\\/#organizationLogo\"},\"sameAs\":[\"https:\\\/\\\/facebook.com\\\/eldigitaldeasturias\",\"https:\\\/\\\/www.youtube.com\\\/channel\\\/UCZP-2wLEB9Rv6erhFmqVnvg\"],\"address\":{\"@id\":\"https:\\\/\\\/www.eldigitaldeasturias.com\\\/noticias\\\/#postaladdress\",\"@type\":\"PostalAddress\",\"streetAddress\":\"san antonio 4\",\"postalCode\":\"33430\",\"addressLocality\":\"Cand\\u00e1s\",\"addressRegion\":\"Asturias\",\"addressCountry\":\"ES\"}},{\"@type\":\"Person\",\"@id\":\"https:\\\/\\\/www.eldigitaldeasturias.com\\\/noticias\\\/author\\\/admin\\\/#author\",\"url\":\"https:\\\/\\\/www.eldigitaldeasturias.com\\\/noticias\\\/author\\\/admin\\\/\",\"name\":\"El Digital de Asturias\",\"image\":{\"@type\":\"ImageObject\",\"@id\":\"https:\\\/\\\/www.eldigitaldeasturias.com\\\/noticias\\\/el-pp-homenajea-a-las-victimas-prometiendo-que-su-recuerdo-siempre-estara-vivo\\\/#authorImage\",\"url\":\"https:\\\/\\\/secure.gravatar.com\\\/avatar\\\/df2aeffc32bcd13f8d26072ef8a91b623d677766deac7f97ca815868cd41bf5e?s=96&d=mm&r=g\",\"width\":96,\"height\":96,\"caption\":\"El Digital de Asturias\"}},{\"@type\":\"WebPage\",\"@id\":\"https:\\\/\\\/www.eldigitaldeasturias.com\\\/noticias\\\/el-pp-homenajea-a-las-victimas-prometiendo-que-su-recuerdo-siempre-estara-vivo\\\/#webpage\",\"url\":\"https:\\\/\\\/www.eldigitaldeasturias.com\\\/noticias\\\/el-pp-homenajea-a-las-victimas-prometiendo-que-su-recuerdo-siempre-estara-vivo\\\/\",\"name\":\"El PP homenajea a las v\\u00edctimas prometiendo que su recuerdo siempre estar\\u00e1 vivo - El Digital de Asturias\",\"description\":\"Valladolid, 1 feb (EFE).- El Partido Popular ha homenajeado hoy a las v\\u00edctimas del terrorismo en un acto durante su convenci\\u00f3n nacional en el que les ha asegurado con un v\\u00eddeo que su recuerdo \\\"siempre estar\\u00e1 vivo\\\" y les ha prometido que \\\"nunca perder\\u00e1n el apoyo y el respeto\\\" del PP. El hijo del presidente\",\"inLanguage\":\"es-ES\",\"isPartOf\":{\"@id\":\"https:\\\/\\\/www.eldigitaldeasturias.com\\\/noticias\\\/#website\"},\"breadcrumb\":{\"@id\":\"https:\\\/\\\/www.eldigitaldeasturias.com\\\/noticias\\\/el-pp-homenajea-a-las-victimas-prometiendo-que-su-recuerdo-siempre-estara-vivo\\\/#breadcrumblist\"},\"author\":{\"@id\":\"https:\\\/\\\/www.eldigitaldeasturias.com\\\/noticias\\\/author\\\/admin\\\/#author\"},\"creator\":{\"@id\":\"https:\\\/\\\/www.eldigitaldeasturias.com\\\/noticias\\\/author\\\/admin\\\/#author\"},\"image\":{\"@type\":\"ImageObject\",\"url\":481826,\"@id\":\"https:\\\/\\\/www.eldigitaldeasturias.com\\\/noticias\\\/el-pp-homenajea-a-las-victimas-prometiendo-que-su-recuerdo-siempre-estara-vivo\\\/#mainImage\"},\"primaryImageOfPage\":{\"@id\":\"https:\\\/\\\/www.eldigitaldeasturias.com\\\/noticias\\\/el-pp-homenajea-a-las-victimas-prometiendo-que-su-recuerdo-siempre-estara-vivo\\\/#mainImage\"},\"datePublished\":\"2014-02-01T21:27:10+01:00\",\"dateModified\":\"2014-02-01T21:27:10+01:00\"},{\"@type\":\"WebSite\",\"@id\":\"https:\\\/\\\/www.eldigitaldeasturias.com\\\/noticias\\\/#website\",\"url\":\"https:\\\/\\\/www.eldigitaldeasturias.com\\\/noticias\\\/\",\"name\":\"El Digital de Asturias - Diario de actualidad y noticias\",\"alternateName\":\"El Digital de Asturias - Diario de actualidad y noticias\",\"description\":\"Hemeroteca\",\"inLanguage\":\"es-ES\",\"publisher\":{\"@id\":\"https:\\\/\\\/www.eldigitaldeasturias.com\\\/noticias\\\/#organization\"}}]}\n\t\t<\/script>\n\t\t<!-- All in One SEO Pro -->\r\n\t\t<title>El PP homenajea a las v\u00edctimas prometiendo que su recuerdo siempre estar\u00e1 vivo - El Digital de Asturias<\/title>\n\n","aioseo_head_json":{"title":"El PP homenajea a las v\u00edctimas prometiendo que su recuerdo siempre estar\u00e1 vivo - El Digital de Asturias","description":"Valladolid, 1 feb (EFE).- El Partido Popular ha homenajeado hoy a las v\u00edctimas del terrorismo en un acto durante su convenci\u00f3n nacional en el que les ha asegurado con un v\u00eddeo que su recuerdo \"siempre estar\u00e1 vivo\" y les ha prometido que \"nunca perder\u00e1n el apoyo y el respeto\" del PP. El hijo del presidente","canonical_url":"https:\/\/www.eldigitaldeasturias.com\/noticias\/el-pp-homenajea-a-las-victimas-prometiendo-que-su-recuerdo-siempre-estara-vivo\/","robots":"max-image-preview:large","keywords":"actualidad","webmasterTools":{"google-site-verification":"UA-38556648-1","msvalidate.01":"7dfe9f3f1b24437ab69f4f2559babe99","miscellaneous":""},"schema":{"@context":"https:\/\/schema.org","@graph":[{"@type":"BlogPosting","@id":"https:\/\/www.eldigitaldeasturias.com\/noticias\/el-pp-homenajea-a-las-victimas-prometiendo-que-su-recuerdo-siempre-estara-vivo\/#blogposting","name":"El PP homenajea a las v\u00edctimas prometiendo que su recuerdo siempre estar\u00e1 vivo - El Digital de Asturias","headline":"El PP homenajea a las v\u00edctimas prometiendo que su recuerdo siempre estar\u00e1 vivo","author":{"@id":"https:\/\/www.eldigitaldeasturias.com\/noticias\/author\/admin\/#author"},"publisher":{"@id":"https:\/\/www.eldigitaldeasturias.com\/noticias\/#organization"},"image":{"@type":"ImageObject","url":481826},"datePublished":"2014-02-01T21:27:10+01:00","dateModified":"2014-02-01T21:27:10+01:00","inLanguage":"es-ES","mainEntityOfPage":{"@id":"https:\/\/www.eldigitaldeasturias.com\/noticias\/el-pp-homenajea-a-las-victimas-prometiendo-que-su-recuerdo-siempre-estara-vivo\/#webpage"},"isPartOf":{"@id":"https:\/\/www.eldigitaldeasturias.com\/noticias\/el-pp-homenajea-a-las-victimas-prometiendo-que-su-recuerdo-siempre-estara-vivo\/#webpage"},"articleSection":"Actualidad"},{"@type":"BreadcrumbList","@id":"https:\/\/www.eldigitaldeasturias.com\/noticias\/el-pp-homenajea-a-las-victimas-prometiendo-que-su-recuerdo-siempre-estara-vivo\/#breadcrumblist","itemListElement":[{"@type":"ListItem","@id":"https:\/\/www.eldigitaldeasturias.com\/noticias#listItem","position":1,"name":"Home","item":"https:\/\/www.eldigitaldeasturias.com\/noticias","nextItem":{"@type":"ListItem","@id":"https:\/\/www.eldigitaldeasturias.com\/noticias\/category\/actualidad\/#listItem","name":"Actualidad"}},{"@type":"ListItem","@id":"https:\/\/www.eldigitaldeasturias.com\/noticias\/category\/actualidad\/#listItem","position":2,"name":"Actualidad","item":"https:\/\/www.eldigitaldeasturias.com\/noticias\/category\/actualidad\/","nextItem":{"@type":"ListItem","@id":"https:\/\/www.eldigitaldeasturias.com\/noticias\/el-pp-homenajea-a-las-victimas-prometiendo-que-su-recuerdo-siempre-estara-vivo\/#listItem","name":"El PP homenajea a las v\u00edctimas prometiendo que su recuerdo siempre estar\u00e1 vivo"},"previousItem":{"@type":"ListItem","@id":"https:\/\/www.eldigitaldeasturias.com\/noticias#listItem","name":"Home"}},{"@type":"ListItem","@id":"https:\/\/www.eldigitaldeasturias.com\/noticias\/el-pp-homenajea-a-las-victimas-prometiendo-que-su-recuerdo-siempre-estara-vivo\/#listItem","position":3,"name":"El PP homenajea a las v\u00edctimas prometiendo que su recuerdo siempre estar\u00e1 vivo","previousItem":{"@type":"ListItem","@id":"https:\/\/www.eldigitaldeasturias.com\/noticias\/category\/actualidad\/#listItem","name":"Actualidad"}}]},{"@type":"Organization","@id":"https:\/\/www.eldigitaldeasturias.com\/noticias\/#organization","name":"El Digital de Asturias","description":"Hemeroteca","url":"https:\/\/www.eldigitaldeasturias.com\/noticias\/","email":"info@eldigitaldeasturias.com","telephone":"+34652131393","logo":{"@type":"ImageObject","url":"https:\/\/www.eldigitaldeasturias.com\/noticias\/wp-content\/uploads\/2020\/12\/EDA.jpg","@id":"https:\/\/www.eldigitaldeasturias.com\/noticias\/el-pp-homenajea-a-las-victimas-prometiendo-que-su-recuerdo-siempre-estara-vivo\/#organizationLogo"},"image":{"@id":"https:\/\/www.eldigitaldeasturias.com\/noticias\/el-pp-homenajea-a-las-victimas-prometiendo-que-su-recuerdo-siempre-estara-vivo\/#organizationLogo"},"sameAs":["https:\/\/facebook.com\/eldigitaldeasturias","https:\/\/www.youtube.com\/channel\/UCZP-2wLEB9Rv6erhFmqVnvg"],"address":{"@id":"https:\/\/www.eldigitaldeasturias.com\/noticias\/#postaladdress","@type":"PostalAddress","streetAddress":"san antonio 4","postalCode":"33430","addressLocality":"Cand\u00e1s","addressRegion":"Asturias","addressCountry":"ES"}},{"@type":"Person","@id":"https:\/\/www.eldigitaldeasturias.com\/noticias\/author\/admin\/#author","url":"https:\/\/www.eldigitaldeasturias.com\/noticias\/author\/admin\/","name":"El Digital de Asturias","image":{"@type":"ImageObject","@id":"https:\/\/www.eldigitaldeasturias.com\/noticias\/el-pp-homenajea-a-las-victimas-prometiendo-que-su-recuerdo-siempre-estara-vivo\/#authorImage","url":"https:\/\/secure.gravatar.com\/avatar\/df2aeffc32bcd13f8d26072ef8a91b623d677766deac7f97ca815868cd41bf5e?s=96&d=mm&r=g","width":96,"height":96,"caption":"El Digital de Asturias"}},{"@type":"WebPage","@id":"https:\/\/www.eldigitaldeasturias.com\/noticias\/el-pp-homenajea-a-las-victimas-prometiendo-que-su-recuerdo-siempre-estara-vivo\/#webpage","url":"https:\/\/www.eldigitaldeasturias.com\/noticias\/el-pp-homenajea-a-las-victimas-prometiendo-que-su-recuerdo-siempre-estara-vivo\/","name":"El PP homenajea a las v\u00edctimas prometiendo que su recuerdo siempre estar\u00e1 vivo - El Digital de Asturias","description":"Valladolid, 1 feb (EFE).- El Partido Popular ha homenajeado hoy a las v\u00edctimas del terrorismo en un acto durante su convenci\u00f3n nacional en el que les ha asegurado con un v\u00eddeo que su recuerdo \"siempre estar\u00e1 vivo\" y les ha prometido que \"nunca perder\u00e1n el apoyo y el respeto\" del PP. El hijo del presidente","inLanguage":"es-ES","isPartOf":{"@id":"https:\/\/www.eldigitaldeasturias.com\/noticias\/#website"},"breadcrumb":{"@id":"https:\/\/www.eldigitaldeasturias.com\/noticias\/el-pp-homenajea-a-las-victimas-prometiendo-que-su-recuerdo-siempre-estara-vivo\/#breadcrumblist"},"author":{"@id":"https:\/\/www.eldigitaldeasturias.com\/noticias\/author\/admin\/#author"},"creator":{"@id":"https:\/\/www.eldigitaldeasturias.com\/noticias\/author\/admin\/#author"},"image":{"@type":"ImageObject","url":481826,"@id":"https:\/\/www.eldigitaldeasturias.com\/noticias\/el-pp-homenajea-a-las-victimas-prometiendo-que-su-recuerdo-siempre-estara-vivo\/#mainImage"},"primaryImageOfPage":{"@id":"https:\/\/www.eldigitaldeasturias.com\/noticias\/el-pp-homenajea-a-las-victimas-prometiendo-que-su-recuerdo-siempre-estara-vivo\/#mainImage"},"datePublished":"2014-02-01T21:27:10+01:00","dateModified":"2014-02-01T21:27:10+01:00"},{"@type":"WebSite","@id":"https:\/\/www.eldigitaldeasturias.com\/noticias\/#website","url":"https:\/\/www.eldigitaldeasturias.com\/noticias\/","name":"El Digital de Asturias - Diario de actualidad y noticias","alternateName":"El Digital de Asturias - Diario de actualidad y noticias","description":"Hemeroteca","inLanguage":"es-ES","publisher":{"@id":"https:\/\/www.eldigitaldeasturias.com\/noticias\/#organization"}}]},"og:locale":"es_ES","og:site_name":"El Digital de Asturias","og:type":"article","og:title":"El PP homenajea a las v\u00edctimas prometiendo que su recuerdo siempre estar\u00e1 vivo - El Digital de Asturias","og:description":"Valladolid, 1 feb (EFE).- El Partido Popular ha homenajeado hoy a las v\u00edctimas del terrorismo en un acto durante su convenci\u00f3n nacional en el que les ha asegurado con un v\u00eddeo que su recuerdo &quot;siempre estar\u00e1 vivo&quot; y les ha prometido que &quot;nunca perder\u00e1n el apoyo y el respeto&quot; del PP. El hijo del presidente","og:url":"https:\/\/www.eldigitaldeasturias.com\/noticias\/el-pp-homenajea-a-las-victimas-prometiendo-que-su-recuerdo-siempre-estara-vivo\/","article:tag":["actualidad"],"article:published_time":"2014-02-01T22:27:10+00:00","article:modified_time":"2014-02-01T22:27:10+00:00","article:publisher":"https:\/\/facebook.com\/eldigitaldeasturias","twitter:card":"summary_large_image","twitter:title":"El PP homenajea a las v\u00edctimas prometiendo que su recuerdo siempre estar\u00e1 vivo - El Digital de Asturias","twitter:description":"Valladolid, 1 feb (EFE).- El Partido Popular ha homenajeado hoy a las v\u00edctimas del terrorismo en un acto durante su convenci\u00f3n nacional en el que les ha asegurado con un v\u00eddeo que su recuerdo &quot;siempre estar\u00e1 vivo&quot; y les ha prometido que &quot;nunca perder\u00e1n el apoyo y el respeto&quot; del PP. El hijo del presidente","twitter:label1":"Escrito por","twitter:data1":"El Digital de Asturias","twitter:label2":"Tiempo de lectura estimado","twitter:data2":"3 minutos"},"aioseo_meta_data":{"post_id":"481825","title":null,"description":null,"keywords":null,"keyphrases":null,"primary_term":null,"canonical_url":null,"og_title":null,"og_description":null,"og_object_type":"default","og_image_type":"default","og_image_url":null,"og_image_width":null,"og_image_height":null,"og_image_custom_url":null,"og_image_custom_fields":null,"og_video":null,"og_custom_url":null,"og_article_section":null,"og_article_tags":null,"twitter_use_og":true,"twitter_card":"default","twitter_image_type":"default","twitter_image_url":null,"twitter_image_custom_url":null,"twitter_image_custom_fields":null,"twitter_title":null,"twitter_description":null,"schema":{"blockGraphs":[],"customGraphs":[],"default":{"data":{"Article":[],"Course":[],"Dataset":[],"FAQPage":[],"Movie":[],"Person":[],"Product":[],"ProductReview":[],"Car":[],"Recipe":[],"Service":[],"SoftwareApplication":[],"WebPage":[]},"graphName":"","isEnabled":true},"graphs":[],"defaultGraph":"","defaultPostTypeGraph":""},"schema_type":null,"schema_type_options":null,"pillar_content":false,"robots_default":true,"robots_noindex":false,"robots_noarchive":false,"robots_nosnippet":false,"robots_nofollow":false,"robots_noimageindex":false,"robots_noodp":false,"robots_notranslate":false,"robots_max_snippet":null,"robots_max_videopreview":null,"robots_max_imagepreview":"none","priority":null,"frequency":null,"local_seo":null,"seo_analyzer_scan_date":"2026-06-02 08:00:25","breadcrumb_settings":null,"limit_modified_date":false,"open_ai":null,"ai":null,"created":"2020-11-14 22:54:29","updated":"2026-06-02 08:00:25","focus_keyword":null,"additional_keywords":null,"truseo_locale":null},"aioseo_breadcrumb":"<div class=\"aioseo-breadcrumbs\"><span class=\"aioseo-breadcrumb\">\n\t<a href=\"https:\/\/www.eldigitaldeasturias.com\/noticias\" title=\"Home\">Home<\/a>\n<\/span><span class=\"aioseo-breadcrumb-separator\">\u2013<\/span><span class=\"aioseo-breadcrumb\">\n\t<a href=\"https:\/\/www.eldigitaldeasturias.com\/noticias\/category\/actualidad\/\" title=\"Actualidad\">Actualidad<\/a>\n<\/span><span class=\"aioseo-breadcrumb-separator\">\u2013<\/span><span class=\"aioseo-breadcrumb\">\n\t<a href=\"https:\/\/www.eldigitaldeasturias.com\/noticias\/el-pp-homenajea-a-las-victimas-prometiendo-que-su-recuerdo-siempre-estara-vivo\/\" title=\"El PP homenajea a las v\u00edctimas prometiendo que su recuerdo siempre estar\u00e1 vivo\">El PP homenajea a las v\u00edctimas prometiendo que su recuerdo siempre estar\u00e1 vivo<\/a>\n<\/span><\/div>","aioseo_breadcrumb_json":[{"label":"Home","link":"https:\/\/www.eldigitaldeasturias.com\/noticias"},{"label":"Actualidad","link":"https:\/\/www.eldigitaldeasturias.com\/noticias\/category\/actualidad\/"},{"label":"El PP homenajea a las v\u00edctimas prometiendo que su recuerdo siempre estar\u00e1 vivo","link":"https:\/\/www.eldigitaldeasturias.com\/noticias\/el-pp-homenajea-a-las-victimas-prometiendo-que-su-recuerdo-siempre-estara-vivo\/"}],"_links":{"self":[{"href":"https:\/\/www.eldigitaldeasturias.com\/noticias\/wp-json\/wp\/v2\/posts\/481825","targetHints":{"allow":["GET"]}}],"collection":[{"href":"https:\/\/www.eldigitaldeasturias.com\/noticias\/wp-json\/wp\/v2\/posts"}],"about":[{"href":"https:\/\/www.eldigitaldeasturias.com\/noticias\/wp-json\/wp\/v2\/types\/post"}],"author":[{"embeddable":true,"href":"https:\/\/www.eldigitaldeasturias.com\/noticias\/wp-json\/wp\/v2\/users\/1"}],"replies":[{"embeddable":true,"href":"https:\/\/www.eldigitaldeasturias.com\/noticias\/wp-json\/wp\/v2\/comments?post=481825"}],"version-history":[{"count":0,"href":"https:\/\/www.eldigitaldeasturias.com\/noticias\/wp-json\/wp\/v2\/posts\/481825\/revisions"}],"wp:attachment":[{"href":"https:\/\/www.eldigitaldeasturias.com\/noticias\/wp-json\/wp\/v2\/media?parent=481825"}],"wp:term":[{"taxonomy":"category","embeddable":true,"href":"https:\/\/www.eldigitaldeasturias.com\/noticias\/wp-json\/wp\/v2\/categories?post=481825"},{"taxonomy":"post_tag","embeddable":true,"href":"https:\/\/www.eldigitaldeasturias.com\/noticias\/wp-json\/wp\/v2\/tags?post=481825"}],"curies":[{"name":"wp","href":"https:\/\/api.w.org\/{rel}","templated":true}]}}