{"id":481791,"date":"2014-02-01T20:56:29","date_gmt":"2014-02-01T21:56:29","guid":{"rendered":"http:\/\/www.eldigitaldeasturias.com\/noticias\/?p=481791"},"modified":"2014-02-01T20:56:29","modified_gmt":"2014-02-01T21:56:29","slug":"ana-pastor-reivindica-el-trabajo-de-los-politicos-para-mejorar-la-sociedad","status":"publish","type":"post","link":"https:\/\/www.eldigitaldeasturias.com\/noticias\/ana-pastor-reivindica-el-trabajo-de-los-politicos-para-mejorar-la-sociedad\/","title":{"rendered":"Ana Pastor reivindica el trabajo de los pol\u00edticos para mejorar la sociedad"},"content":{"rendered":"<p><img loading=\"lazy\" decoding=\"async\" class=\"alignleft size-medium wp-image-481792\" alt=\"5899833w\" src=\"https:\/\/www.eldigitaldeasturias.com\/noticias\/wp-content\/uploads\/2014\/02\/5899833w-360x240.jpg\" width=\"360\" height=\"240\" \/>Valladolid, 1 feb (EFE).- La ministra de Fomento, Ana Pastor, ha reivindicado hoy en la convenci\u00f3n nacional del PP el trabajo de los pol\u00edticos para mejorar la sociedad, as\u00ed como la importancia de gestionar los recursos con racionalidad e invirtiendo de forma equilibrada para lograr una Espa\u00f1a vertebrada.<\/p>\n<p>\u00abEstamos aqu\u00ed para dar ejemplo y ser un poquito mejor\u00bb en trabajo, honradez y lealtad, \u00abpara ponernos al servicio de la sociedad\u00bb, ha dicho Pastor tras destacar que no comparte las afirmaciones de quienes piensan que \u00abtodos los pol\u00edticos son iguales.<\/p>\n<p>Tanto Pastor como la presidenta de Arag\u00f3n, Luisa Fernanda Rud\u00ed, que tambi\u00e9n ha participado en el debate sobre \u00abEspa\u00f1a vertebrada\u00bb, ha reivindicado adem\u00e1s el orgullo de ser del PP.<\/p>\n<p>La ministra ha defendido los valores de un partido de centro y el modelo de convivencia y sociedad que propugna el PP con las personas como \u00abcorresponsables de lo que pasa en la sociedad\u00bb.<\/p>\n<p>\u00abSomos un partido que ha dado respuesta a un amplio espectro de la sociedad espa\u00f1ola y debemos ser capaces entre todos de seguir encontrando ese punto de coincidencia para seguir dando respuestas\u00bb, ha a\u00f1adido Rud\u00ed, que ha definido al PP como un partido de centro \u00abcomo punto de encuentro\u00bb y reformista.<\/p>\n<p>Pastor ha hecho hincapi\u00e9 en que para llevar a cabo una buena gesti\u00f3n y lograr una Espa\u00f1a vertebrada no hay que pensar en \u00abqu\u00e9 hay de lo m\u00edo\u00bb, sino en \u00abqu\u00e9 hay de lo nuestro\u00bb, y en que \u00e9se es el principio en el que se basan las pol\u00edticas del Gobierno en infraestructuras, transportes y vivienda.<\/p>\n<p>Para seguir \u00abvertebrando\u00bb tras la crisis econ\u00f3mica m\u00e1s profunda que ha sufrido Espa\u00f1a en democracia, ha insistido Rud\u00ed, hay que profundizar en las reformas en infraestructuras, que a su vez incrementan la actividad econ\u00f3mica y con ello avanzan hacia una mayor cohesi\u00f3n social.<\/p>\n<p>Ha apostado por proyectos que favorecen a Arag\u00f3n y al tiempo favorecen a Espa\u00f1a y por una planificaci\u00f3n de las infraestructuras pensando en la \u00abrentabilidad social\u00bb.<\/p>\n<p>\u00abEso es lo que ha faltado en Espa\u00f1a\u00bb, ha recalcado la presidenta de Arag\u00f3n, que sostiene que las infraestructuras no hay que llevarlas \u00fanicamente donde hay una mayor concentraci\u00f3n de poblaci\u00f3n, sin tambi\u00e9n a territorios donde la poblaci\u00f3n est\u00e1 m\u00e1s dispersa.<\/p>\n","protected":false},"excerpt":{"rendered":"<p>Valladolid, 1 feb (EFE).- La ministra de Fomento, Ana Pastor, ha reivindicado hoy en la convenci\u00f3n nacional del PP el trabajo de los pol\u00edticos para mejorar la sociedad, as\u00ed como la importancia de gestionar los recursos con racionalidad e invirtiendo de forma equilibrada para lograr una Espa\u00f1a vertebrada. \u00abEstamos aqu\u00ed para dar ejemplo y ser [&hellip;]<\/p>\n","protected":false},"author":1,"featured_media":481792,"comment_status":"closed","ping_status":"open","sticky":false,"template":"","format":"standard","meta":{"footnotes":""},"categories":[1],"tags":[],"class_list":["post-481791","post","type-post","status-publish","format-standard","has-post-thumbnail","hentry","category-actualidad"],"aioseo_notices":[],"aioseo_head":"\n\t\t<!-- All in One SEO Pro 5.0.1 - aioseo.com -->\n\t<meta name=\"description\" content=\"Valladolid, 1 feb (EFE).- La ministra de Fomento, Ana Pastor, ha reivindicado hoy en la convenci\u00f3n nacional del PP el trabajo de los pol\u00edticos para mejorar la sociedad, as\u00ed como la importancia de gestionar los recursos con racionalidad e invirtiendo de forma equilibrada para lograr una Espa\u00f1a vertebrada. &quot;Estamos aqu\u00ed para dar ejemplo y ser\" \/>\n\t<meta name=\"robots\" content=\"max-image-preview:large\" \/>\n\t<meta name=\"author\" content=\"El Digital de Asturias\"\/>\n\t<meta name=\"google-site-verification\" content=\"UA-38556648-1\" \/>\n\t<meta name=\"msvalidate.01\" content=\"7dfe9f3f1b24437ab69f4f2559babe99\" \/>\n\t<meta name=\"keywords\" content=\"actualidad\" \/>\n\t<link rel=\"canonical\" href=\"https:\/\/www.eldigitaldeasturias.com\/noticias\/ana-pastor-reivindica-el-trabajo-de-los-politicos-para-mejorar-la-sociedad\/\" \/>\n\t<meta name=\"generator\" content=\"All in One SEO Pro (AIOSEO) 5.0.1\" \/>\n\t\t<meta property=\"og:locale\" content=\"es_ES\" \/>\n\t\t<meta property=\"og:site_name\" content=\"El Digital de Asturias\" \/>\n\t\t<meta property=\"og:type\" content=\"article\" \/>\n\t\t<meta property=\"og:title\" content=\"Ana Pastor reivindica el trabajo de los pol\u00edticos para mejorar la sociedad - El Digital de Asturias\" \/>\n\t\t<meta property=\"og:description\" content=\"Valladolid, 1 feb (EFE).- La ministra de Fomento, Ana Pastor, ha reivindicado hoy en la convenci\u00f3n nacional del PP el trabajo de los pol\u00edticos para mejorar la sociedad, as\u00ed como la importancia de gestionar los recursos con racionalidad e invirtiendo de forma equilibrada para lograr una Espa\u00f1a vertebrada. &quot;Estamos aqu\u00ed para dar ejemplo y ser\" \/>\n\t\t<meta property=\"og:url\" content=\"https:\/\/www.eldigitaldeasturias.com\/noticias\/ana-pastor-reivindica-el-trabajo-de-los-politicos-para-mejorar-la-sociedad\/\" \/>\n\t\t<meta property=\"article:tag\" content=\"actualidad\" \/>\n\t\t<meta property=\"article:published_time\" content=\"2014-02-01T21:56:29+00:00\" \/>\n\t\t<meta property=\"article:modified_time\" content=\"2014-02-01T21:56:29+00:00\" \/>\n\t\t<meta property=\"article:publisher\" content=\"https:\/\/facebook.com\/eldigitaldeasturias\" \/>\n\t\t<meta name=\"twitter:card\" content=\"summary_large_image\" \/>\n\t\t<meta name=\"twitter:title\" content=\"Ana Pastor reivindica el trabajo de los pol\u00edticos para mejorar la sociedad - El Digital de Asturias\" \/>\n\t\t<meta name=\"twitter:description\" content=\"Valladolid, 1 feb (EFE).- La ministra de Fomento, Ana Pastor, ha reivindicado hoy en la convenci\u00f3n nacional del PP el trabajo de los pol\u00edticos para mejorar la sociedad, as\u00ed como la importancia de gestionar los recursos con racionalidad e invirtiendo de forma equilibrada para lograr una Espa\u00f1a vertebrada. &quot;Estamos aqu\u00ed para dar ejemplo y ser\" \/>\n\t\t<meta name=\"twitter:label1\" content=\"Escrito por\" \/>\n\t\t<meta name=\"twitter:data1\" content=\"El Digital de Asturias\" \/>\n\t\t<meta name=\"twitter:label2\" content=\"Tiempo de lectura estimado\" \/>\n\t\t<meta name=\"twitter:data2\" content=\"2 minutos\" \/>\n\t\t<script type=\"application\/ld+json\" class=\"aioseo-schema\">\n\t\t\t{\"@context\":\"https:\\\/\\\/schema.org\",\"@graph\":[{\"@type\":\"BlogPosting\",\"@id\":\"https:\\\/\\\/www.eldigitaldeasturias.com\\\/noticias\\\/ana-pastor-reivindica-el-trabajo-de-los-politicos-para-mejorar-la-sociedad\\\/#blogposting\",\"name\":\"Ana Pastor reivindica el trabajo de los pol\\u00edticos para mejorar la sociedad - El Digital de Asturias\",\"headline\":\"Ana Pastor reivindica el trabajo de los pol\\u00edticos para mejorar la sociedad\",\"author\":{\"@id\":\"https:\\\/\\\/www.eldigitaldeasturias.com\\\/noticias\\\/author\\\/admin\\\/#author\"},\"publisher\":{\"@id\":\"https:\\\/\\\/www.eldigitaldeasturias.com\\\/noticias\\\/#organization\"},\"image\":{\"@type\":\"ImageObject\",\"url\":481792},\"datePublished\":\"2014-02-01T20:56:29+01:00\",\"dateModified\":\"2014-02-01T20:56:29+01:00\",\"inLanguage\":\"es-ES\",\"mainEntityOfPage\":{\"@id\":\"https:\\\/\\\/www.eldigitaldeasturias.com\\\/noticias\\\/ana-pastor-reivindica-el-trabajo-de-los-politicos-para-mejorar-la-sociedad\\\/#webpage\"},\"isPartOf\":{\"@id\":\"https:\\\/\\\/www.eldigitaldeasturias.com\\\/noticias\\\/ana-pastor-reivindica-el-trabajo-de-los-politicos-para-mejorar-la-sociedad\\\/#webpage\"},\"articleSection\":\"Actualidad\"},{\"@type\":\"BreadcrumbList\",\"@id\":\"https:\\\/\\\/www.eldigitaldeasturias.com\\\/noticias\\\/ana-pastor-reivindica-el-trabajo-de-los-politicos-para-mejorar-la-sociedad\\\/#breadcrumblist\",\"itemListElement\":[{\"@type\":\"ListItem\",\"@id\":\"https:\\\/\\\/www.eldigitaldeasturias.com\\\/noticias#listItem\",\"position\":1,\"name\":\"Home\",\"item\":\"https:\\\/\\\/www.eldigitaldeasturias.com\\\/noticias\",\"nextItem\":{\"@type\":\"ListItem\",\"@id\":\"https:\\\/\\\/www.eldigitaldeasturias.com\\\/noticias\\\/category\\\/actualidad\\\/#listItem\",\"name\":\"Actualidad\"}},{\"@type\":\"ListItem\",\"@id\":\"https:\\\/\\\/www.eldigitaldeasturias.com\\\/noticias\\\/category\\\/actualidad\\\/#listItem\",\"position\":2,\"name\":\"Actualidad\",\"item\":\"https:\\\/\\\/www.eldigitaldeasturias.com\\\/noticias\\\/category\\\/actualidad\\\/\",\"nextItem\":{\"@type\":\"ListItem\",\"@id\":\"https:\\\/\\\/www.eldigitaldeasturias.com\\\/noticias\\\/ana-pastor-reivindica-el-trabajo-de-los-politicos-para-mejorar-la-sociedad\\\/#listItem\",\"name\":\"Ana Pastor reivindica el trabajo de los pol\\u00edticos para mejorar la sociedad\"},\"previousItem\":{\"@type\":\"ListItem\",\"@id\":\"https:\\\/\\\/www.eldigitaldeasturias.com\\\/noticias#listItem\",\"name\":\"Home\"}},{\"@type\":\"ListItem\",\"@id\":\"https:\\\/\\\/www.eldigitaldeasturias.com\\\/noticias\\\/ana-pastor-reivindica-el-trabajo-de-los-politicos-para-mejorar-la-sociedad\\\/#listItem\",\"position\":3,\"name\":\"Ana Pastor reivindica el trabajo de los pol\\u00edticos para mejorar la sociedad\",\"previousItem\":{\"@type\":\"ListItem\",\"@id\":\"https:\\\/\\\/www.eldigitaldeasturias.com\\\/noticias\\\/category\\\/actualidad\\\/#listItem\",\"name\":\"Actualidad\"}}]},{\"@type\":\"Organization\",\"@id\":\"https:\\\/\\\/www.eldigitaldeasturias.com\\\/noticias\\\/#organization\",\"name\":\"El Digital de Asturias\",\"description\":\"Hemeroteca\",\"url\":\"https:\\\/\\\/www.eldigitaldeasturias.com\\\/noticias\\\/\",\"email\":\"info@eldigitaldeasturias.com\",\"telephone\":\"+34652131393\",\"logo\":{\"@type\":\"ImageObject\",\"url\":\"https:\\\/\\\/www.eldigitaldeasturias.com\\\/noticias\\\/wp-content\\\/uploads\\\/2020\\\/12\\\/EDA.jpg\",\"@id\":\"https:\\\/\\\/www.eldigitaldeasturias.com\\\/noticias\\\/ana-pastor-reivindica-el-trabajo-de-los-politicos-para-mejorar-la-sociedad\\\/#organizationLogo\"},\"image\":{\"@id\":\"https:\\\/\\\/www.eldigitaldeasturias.com\\\/noticias\\\/ana-pastor-reivindica-el-trabajo-de-los-politicos-para-mejorar-la-sociedad\\\/#organizationLogo\"},\"sameAs\":[\"https:\\\/\\\/facebook.com\\\/eldigitaldeasturias\",\"https:\\\/\\\/www.youtube.com\\\/channel\\\/UCZP-2wLEB9Rv6erhFmqVnvg\"],\"address\":{\"@id\":\"https:\\\/\\\/www.eldigitaldeasturias.com\\\/noticias\\\/#postaladdress\",\"@type\":\"PostalAddress\",\"streetAddress\":\"san antonio 4\",\"postalCode\":\"33430\",\"addressLocality\":\"Cand\\u00e1s\",\"addressRegion\":\"Asturias\",\"addressCountry\":\"ES\"}},{\"@type\":\"Person\",\"@id\":\"https:\\\/\\\/www.eldigitaldeasturias.com\\\/noticias\\\/author\\\/admin\\\/#author\",\"url\":\"https:\\\/\\\/www.eldigitaldeasturias.com\\\/noticias\\\/author\\\/admin\\\/\",\"name\":\"El Digital de Asturias\",\"image\":{\"@type\":\"ImageObject\",\"@id\":\"https:\\\/\\\/www.eldigitaldeasturias.com\\\/noticias\\\/ana-pastor-reivindica-el-trabajo-de-los-politicos-para-mejorar-la-sociedad\\\/#authorImage\",\"url\":\"https:\\\/\\\/secure.gravatar.com\\\/avatar\\\/df2aeffc32bcd13f8d26072ef8a91b623d677766deac7f97ca815868cd41bf5e?s=96&d=mm&r=g\",\"width\":96,\"height\":96,\"caption\":\"El Digital de Asturias\"}},{\"@type\":\"WebPage\",\"@id\":\"https:\\\/\\\/www.eldigitaldeasturias.com\\\/noticias\\\/ana-pastor-reivindica-el-trabajo-de-los-politicos-para-mejorar-la-sociedad\\\/#webpage\",\"url\":\"https:\\\/\\\/www.eldigitaldeasturias.com\\\/noticias\\\/ana-pastor-reivindica-el-trabajo-de-los-politicos-para-mejorar-la-sociedad\\\/\",\"name\":\"Ana Pastor reivindica el trabajo de los pol\\u00edticos para mejorar la sociedad - El Digital de Asturias\",\"description\":\"Valladolid, 1 feb (EFE).- La ministra de Fomento, Ana Pastor, ha reivindicado hoy en la convenci\\u00f3n nacional del PP el trabajo de los pol\\u00edticos para mejorar la sociedad, as\\u00ed como la importancia de gestionar los recursos con racionalidad e invirtiendo de forma equilibrada para lograr una Espa\\u00f1a vertebrada. \\\"Estamos aqu\\u00ed para dar ejemplo y ser\",\"inLanguage\":\"es-ES\",\"isPartOf\":{\"@id\":\"https:\\\/\\\/www.eldigitaldeasturias.com\\\/noticias\\\/#website\"},\"breadcrumb\":{\"@id\":\"https:\\\/\\\/www.eldigitaldeasturias.com\\\/noticias\\\/ana-pastor-reivindica-el-trabajo-de-los-politicos-para-mejorar-la-sociedad\\\/#breadcrumblist\"},\"author\":{\"@id\":\"https:\\\/\\\/www.eldigitaldeasturias.com\\\/noticias\\\/author\\\/admin\\\/#author\"},\"creator\":{\"@id\":\"https:\\\/\\\/www.eldigitaldeasturias.com\\\/noticias\\\/author\\\/admin\\\/#author\"},\"image\":{\"@type\":\"ImageObject\",\"url\":481792,\"@id\":\"https:\\\/\\\/www.eldigitaldeasturias.com\\\/noticias\\\/ana-pastor-reivindica-el-trabajo-de-los-politicos-para-mejorar-la-sociedad\\\/#mainImage\"},\"primaryImageOfPage\":{\"@id\":\"https:\\\/\\\/www.eldigitaldeasturias.com\\\/noticias\\\/ana-pastor-reivindica-el-trabajo-de-los-politicos-para-mejorar-la-sociedad\\\/#mainImage\"},\"datePublished\":\"2014-02-01T20:56:29+01:00\",\"dateModified\":\"2014-02-01T20:56:29+01:00\"},{\"@type\":\"WebSite\",\"@id\":\"https:\\\/\\\/www.eldigitaldeasturias.com\\\/noticias\\\/#website\",\"url\":\"https:\\\/\\\/www.eldigitaldeasturias.com\\\/noticias\\\/\",\"name\":\"El Digital de Asturias - Diario de actualidad y noticias\",\"alternateName\":\"El Digital de Asturias - Diario de actualidad y noticias\",\"description\":\"Hemeroteca\",\"inLanguage\":\"es-ES\",\"publisher\":{\"@id\":\"https:\\\/\\\/www.eldigitaldeasturias.com\\\/noticias\\\/#organization\"}}]}\n\t\t<\/script>\n\t\t<!-- All in One SEO Pro -->\r\n\t\t<title>Ana Pastor reivindica el trabajo de los pol\u00edticos para mejorar la sociedad - El Digital de Asturias<\/title>\n\n","aioseo_head_json":{"title":"Ana Pastor reivindica el trabajo de los pol\u00edticos para mejorar la sociedad - El Digital de Asturias","description":"Valladolid, 1 feb (EFE).- La ministra de Fomento, Ana Pastor, ha reivindicado hoy en la convenci\u00f3n nacional del PP el trabajo de los pol\u00edticos para mejorar la sociedad, as\u00ed como la importancia de gestionar los recursos con racionalidad e invirtiendo de forma equilibrada para lograr una Espa\u00f1a vertebrada. \"Estamos aqu\u00ed para dar ejemplo y ser","canonical_url":"https:\/\/www.eldigitaldeasturias.com\/noticias\/ana-pastor-reivindica-el-trabajo-de-los-politicos-para-mejorar-la-sociedad\/","robots":"max-image-preview:large","keywords":"actualidad","webmasterTools":{"google-site-verification":"UA-38556648-1","msvalidate.01":"7dfe9f3f1b24437ab69f4f2559babe99","miscellaneous":""},"schema":{"@context":"https:\/\/schema.org","@graph":[{"@type":"BlogPosting","@id":"https:\/\/www.eldigitaldeasturias.com\/noticias\/ana-pastor-reivindica-el-trabajo-de-los-politicos-para-mejorar-la-sociedad\/#blogposting","name":"Ana Pastor reivindica el trabajo de los pol\u00edticos para mejorar la sociedad - El Digital de Asturias","headline":"Ana Pastor reivindica el trabajo de los pol\u00edticos para mejorar la sociedad","author":{"@id":"https:\/\/www.eldigitaldeasturias.com\/noticias\/author\/admin\/#author"},"publisher":{"@id":"https:\/\/www.eldigitaldeasturias.com\/noticias\/#organization"},"image":{"@type":"ImageObject","url":481792},"datePublished":"2014-02-01T20:56:29+01:00","dateModified":"2014-02-01T20:56:29+01:00","inLanguage":"es-ES","mainEntityOfPage":{"@id":"https:\/\/www.eldigitaldeasturias.com\/noticias\/ana-pastor-reivindica-el-trabajo-de-los-politicos-para-mejorar-la-sociedad\/#webpage"},"isPartOf":{"@id":"https:\/\/www.eldigitaldeasturias.com\/noticias\/ana-pastor-reivindica-el-trabajo-de-los-politicos-para-mejorar-la-sociedad\/#webpage"},"articleSection":"Actualidad"},{"@type":"BreadcrumbList","@id":"https:\/\/www.eldigitaldeasturias.com\/noticias\/ana-pastor-reivindica-el-trabajo-de-los-politicos-para-mejorar-la-sociedad\/#breadcrumblist","itemListElement":[{"@type":"ListItem","@id":"https:\/\/www.eldigitaldeasturias.com\/noticias#listItem","position":1,"name":"Home","item":"https:\/\/www.eldigitaldeasturias.com\/noticias","nextItem":{"@type":"ListItem","@id":"https:\/\/www.eldigitaldeasturias.com\/noticias\/category\/actualidad\/#listItem","name":"Actualidad"}},{"@type":"ListItem","@id":"https:\/\/www.eldigitaldeasturias.com\/noticias\/category\/actualidad\/#listItem","position":2,"name":"Actualidad","item":"https:\/\/www.eldigitaldeasturias.com\/noticias\/category\/actualidad\/","nextItem":{"@type":"ListItem","@id":"https:\/\/www.eldigitaldeasturias.com\/noticias\/ana-pastor-reivindica-el-trabajo-de-los-politicos-para-mejorar-la-sociedad\/#listItem","name":"Ana Pastor reivindica el trabajo de los pol\u00edticos para mejorar la sociedad"},"previousItem":{"@type":"ListItem","@id":"https:\/\/www.eldigitaldeasturias.com\/noticias#listItem","name":"Home"}},{"@type":"ListItem","@id":"https:\/\/www.eldigitaldeasturias.com\/noticias\/ana-pastor-reivindica-el-trabajo-de-los-politicos-para-mejorar-la-sociedad\/#listItem","position":3,"name":"Ana Pastor reivindica el trabajo de los pol\u00edticos para mejorar la sociedad","previousItem":{"@type":"ListItem","@id":"https:\/\/www.eldigitaldeasturias.com\/noticias\/category\/actualidad\/#listItem","name":"Actualidad"}}]},{"@type":"Organization","@id":"https:\/\/www.eldigitaldeasturias.com\/noticias\/#organization","name":"El Digital de Asturias","description":"Hemeroteca","url":"https:\/\/www.eldigitaldeasturias.com\/noticias\/","email":"info@eldigitaldeasturias.com","telephone":"+34652131393","logo":{"@type":"ImageObject","url":"https:\/\/www.eldigitaldeasturias.com\/noticias\/wp-content\/uploads\/2020\/12\/EDA.jpg","@id":"https:\/\/www.eldigitaldeasturias.com\/noticias\/ana-pastor-reivindica-el-trabajo-de-los-politicos-para-mejorar-la-sociedad\/#organizationLogo"},"image":{"@id":"https:\/\/www.eldigitaldeasturias.com\/noticias\/ana-pastor-reivindica-el-trabajo-de-los-politicos-para-mejorar-la-sociedad\/#organizationLogo"},"sameAs":["https:\/\/facebook.com\/eldigitaldeasturias","https:\/\/www.youtube.com\/channel\/UCZP-2wLEB9Rv6erhFmqVnvg"],"address":{"@id":"https:\/\/www.eldigitaldeasturias.com\/noticias\/#postaladdress","@type":"PostalAddress","streetAddress":"san antonio 4","postalCode":"33430","addressLocality":"Cand\u00e1s","addressRegion":"Asturias","addressCountry":"ES"}},{"@type":"Person","@id":"https:\/\/www.eldigitaldeasturias.com\/noticias\/author\/admin\/#author","url":"https:\/\/www.eldigitaldeasturias.com\/noticias\/author\/admin\/","name":"El Digital de Asturias","image":{"@type":"ImageObject","@id":"https:\/\/www.eldigitaldeasturias.com\/noticias\/ana-pastor-reivindica-el-trabajo-de-los-politicos-para-mejorar-la-sociedad\/#authorImage","url":"https:\/\/secure.gravatar.com\/avatar\/df2aeffc32bcd13f8d26072ef8a91b623d677766deac7f97ca815868cd41bf5e?s=96&d=mm&r=g","width":96,"height":96,"caption":"El Digital de Asturias"}},{"@type":"WebPage","@id":"https:\/\/www.eldigitaldeasturias.com\/noticias\/ana-pastor-reivindica-el-trabajo-de-los-politicos-para-mejorar-la-sociedad\/#webpage","url":"https:\/\/www.eldigitaldeasturias.com\/noticias\/ana-pastor-reivindica-el-trabajo-de-los-politicos-para-mejorar-la-sociedad\/","name":"Ana Pastor reivindica el trabajo de los pol\u00edticos para mejorar la sociedad - El Digital de Asturias","description":"Valladolid, 1 feb (EFE).- La ministra de Fomento, Ana Pastor, ha reivindicado hoy en la convenci\u00f3n nacional del PP el trabajo de los pol\u00edticos para mejorar la sociedad, as\u00ed como la importancia de gestionar los recursos con racionalidad e invirtiendo de forma equilibrada para lograr una Espa\u00f1a vertebrada. \"Estamos aqu\u00ed para dar ejemplo y ser","inLanguage":"es-ES","isPartOf":{"@id":"https:\/\/www.eldigitaldeasturias.com\/noticias\/#website"},"breadcrumb":{"@id":"https:\/\/www.eldigitaldeasturias.com\/noticias\/ana-pastor-reivindica-el-trabajo-de-los-politicos-para-mejorar-la-sociedad\/#breadcrumblist"},"author":{"@id":"https:\/\/www.eldigitaldeasturias.com\/noticias\/author\/admin\/#author"},"creator":{"@id":"https:\/\/www.eldigitaldeasturias.com\/noticias\/author\/admin\/#author"},"image":{"@type":"ImageObject","url":481792,"@id":"https:\/\/www.eldigitaldeasturias.com\/noticias\/ana-pastor-reivindica-el-trabajo-de-los-politicos-para-mejorar-la-sociedad\/#mainImage"},"primaryImageOfPage":{"@id":"https:\/\/www.eldigitaldeasturias.com\/noticias\/ana-pastor-reivindica-el-trabajo-de-los-politicos-para-mejorar-la-sociedad\/#mainImage"},"datePublished":"2014-02-01T20:56:29+01:00","dateModified":"2014-02-01T20:56:29+01:00"},{"@type":"WebSite","@id":"https:\/\/www.eldigitaldeasturias.com\/noticias\/#website","url":"https:\/\/www.eldigitaldeasturias.com\/noticias\/","name":"El Digital de Asturias - Diario de actualidad y noticias","alternateName":"El Digital de Asturias - Diario de actualidad y noticias","description":"Hemeroteca","inLanguage":"es-ES","publisher":{"@id":"https:\/\/www.eldigitaldeasturias.com\/noticias\/#organization"}}]},"og:locale":"es_ES","og:site_name":"El Digital de Asturias","og:type":"article","og:title":"Ana Pastor reivindica el trabajo de los pol\u00edticos para mejorar la sociedad - El Digital de Asturias","og:description":"Valladolid, 1 feb (EFE).- La ministra de Fomento, Ana Pastor, ha reivindicado hoy en la convenci\u00f3n nacional del PP el trabajo de los pol\u00edticos para mejorar la sociedad, as\u00ed como la importancia de gestionar los recursos con racionalidad e invirtiendo de forma equilibrada para lograr una Espa\u00f1a vertebrada. &quot;Estamos aqu\u00ed para dar ejemplo y ser","og:url":"https:\/\/www.eldigitaldeasturias.com\/noticias\/ana-pastor-reivindica-el-trabajo-de-los-politicos-para-mejorar-la-sociedad\/","article:tag":["actualidad"],"article:published_time":"2014-02-01T21:56:29+00:00","article:modified_time":"2014-02-01T21:56:29+00:00","article:publisher":"https:\/\/facebook.com\/eldigitaldeasturias","twitter:card":"summary_large_image","twitter:title":"Ana Pastor reivindica el trabajo de los pol\u00edticos para mejorar la sociedad - El Digital de Asturias","twitter:description":"Valladolid, 1 feb (EFE).- La ministra de Fomento, Ana Pastor, ha reivindicado hoy en la convenci\u00f3n nacional del PP el trabajo de los pol\u00edticos para mejorar la sociedad, as\u00ed como la importancia de gestionar los recursos con racionalidad e invirtiendo de forma equilibrada para lograr una Espa\u00f1a vertebrada. &quot;Estamos aqu\u00ed para dar ejemplo y ser","twitter:label1":"Escrito por","twitter:data1":"El Digital de Asturias","twitter:label2":"Tiempo de lectura estimado","twitter:data2":"2 minutos"},"aioseo_meta_data":{"post_id":"481791","title":null,"description":null,"keywords":null,"keyphrases":null,"primary_term":null,"canonical_url":null,"og_title":null,"og_description":null,"og_object_type":"default","og_image_type":"default","og_image_url":null,"og_image_width":null,"og_image_height":null,"og_image_custom_url":null,"og_image_custom_fields":null,"og_video":null,"og_custom_url":null,"og_article_section":null,"og_article_tags":null,"twitter_use_og":true,"twitter_card":"default","twitter_image_type":"default","twitter_image_url":null,"twitter_image_custom_url":null,"twitter_image_custom_fields":null,"twitter_title":null,"twitter_description":null,"schema":{"blockGraphs":[],"customGraphs":[],"default":{"data":{"Article":[],"Course":[],"Dataset":[],"FAQPage":[],"Movie":[],"Person":[],"Product":[],"ProductReview":[],"Car":[],"Recipe":[],"Service":[],"SoftwareApplication":[],"WebPage":[]},"graphName":"","isEnabled":true},"graphs":[],"defaultGraph":"","defaultPostTypeGraph":""},"schema_type":null,"schema_type_options":null,"pillar_content":false,"robots_default":true,"robots_noindex":false,"robots_noarchive":false,"robots_nosnippet":false,"robots_nofollow":false,"robots_noimageindex":false,"robots_noodp":false,"robots_notranslate":false,"robots_max_snippet":null,"robots_max_videopreview":null,"robots_max_imagepreview":"none","priority":null,"frequency":null,"local_seo":null,"seo_analyzer_scan_date":"2026-06-02 07:54:06","breadcrumb_settings":null,"limit_modified_date":false,"open_ai":null,"ai":null,"created":"2020-11-14 22:54:28","updated":"2026-06-02 07:54:06","focus_keyword":null,"additional_keywords":null,"truseo_locale":null},"aioseo_breadcrumb":"<div class=\"aioseo-breadcrumbs\"><span class=\"aioseo-breadcrumb\">\n\t<a href=\"https:\/\/www.eldigitaldeasturias.com\/noticias\" title=\"Home\">Home<\/a>\n<\/span><span class=\"aioseo-breadcrumb-separator\">\u2013<\/span><span class=\"aioseo-breadcrumb\">\n\t<a href=\"https:\/\/www.eldigitaldeasturias.com\/noticias\/category\/actualidad\/\" title=\"Actualidad\">Actualidad<\/a>\n<\/span><span class=\"aioseo-breadcrumb-separator\">\u2013<\/span><span class=\"aioseo-breadcrumb\">\n\t<a href=\"https:\/\/www.eldigitaldeasturias.com\/noticias\/ana-pastor-reivindica-el-trabajo-de-los-politicos-para-mejorar-la-sociedad\/\" title=\"Ana Pastor reivindica el trabajo de los pol\u00edticos para mejorar la sociedad\">Ana Pastor reivindica el trabajo de los pol\u00edticos para mejorar la sociedad<\/a>\n<\/span><\/div>","aioseo_breadcrumb_json":[{"label":"Home","link":"https:\/\/www.eldigitaldeasturias.com\/noticias"},{"label":"Actualidad","link":"https:\/\/www.eldigitaldeasturias.com\/noticias\/category\/actualidad\/"},{"label":"Ana Pastor reivindica el trabajo de los pol\u00edticos para mejorar la sociedad","link":"https:\/\/www.eldigitaldeasturias.com\/noticias\/ana-pastor-reivindica-el-trabajo-de-los-politicos-para-mejorar-la-sociedad\/"}],"_links":{"self":[{"href":"https:\/\/www.eldigitaldeasturias.com\/noticias\/wp-json\/wp\/v2\/posts\/481791","targetHints":{"allow":["GET"]}}],"collection":[{"href":"https:\/\/www.eldigitaldeasturias.com\/noticias\/wp-json\/wp\/v2\/posts"}],"about":[{"href":"https:\/\/www.eldigitaldeasturias.com\/noticias\/wp-json\/wp\/v2\/types\/post"}],"author":[{"embeddable":true,"href":"https:\/\/www.eldigitaldeasturias.com\/noticias\/wp-json\/wp\/v2\/users\/1"}],"replies":[{"embeddable":true,"href":"https:\/\/www.eldigitaldeasturias.com\/noticias\/wp-json\/wp\/v2\/comments?post=481791"}],"version-history":[{"count":0,"href":"https:\/\/www.eldigitaldeasturias.com\/noticias\/wp-json\/wp\/v2\/posts\/481791\/revisions"}],"wp:attachment":[{"href":"https:\/\/www.eldigitaldeasturias.com\/noticias\/wp-json\/wp\/v2\/media?parent=481791"}],"wp:term":[{"taxonomy":"category","embeddable":true,"href":"https:\/\/www.eldigitaldeasturias.com\/noticias\/wp-json\/wp\/v2\/categories?post=481791"},{"taxonomy":"post_tag","embeddable":true,"href":"https:\/\/www.eldigitaldeasturias.com\/noticias\/wp-json\/wp\/v2\/tags?post=481791"}],"curies":[{"name":"wp","href":"https:\/\/api.w.org\/{rel}","templated":true}]}}