{"id":481788,"date":"2014-02-01T20:54:57","date_gmt":"2014-02-01T21:54:57","guid":{"rendered":"http:\/\/www.eldigitaldeasturias.com\/noticias\/?p=481788"},"modified":"2014-02-01T20:54:57","modified_gmt":"2014-02-01T21:54:57","slug":"rescatan-en-serbia-a-mil-personas-en-vehiculos-atrapados-por-la-nieve","status":"publish","type":"post","link":"https:\/\/www.eldigitaldeasturias.com\/noticias\/rescatan-en-serbia-a-mil-personas-en-vehiculos-atrapados-por-la-nieve\/","title":{"rendered":"Rescatan en Serbia a mil personas en veh\u00edculos atrapados por la nieve"},"content":{"rendered":"<p><img loading=\"lazy\" decoding=\"async\" class=\"alignleft size-medium wp-image-481789\" alt=\"5899825w\" src=\"https:\/\/www.eldigitaldeasturias.com\/noticias\/wp-content\/uploads\/2014\/02\/5899825w-360x239.jpg\" width=\"360\" height=\"239\" \/>Zagreb, 1 feb (EFE).- El Ej\u00e9rcito y la Polic\u00eda han evacuado en las \u00faltimas 24 horas en el norte de Serbia a alrededor de mil personas de autom\u00f3viles y trenes atrapados en la nieve, mientras que varios centenares todav\u00eda siguen a la espera de ayuda.<\/p>\n<p>As\u00ed lo comunic\u00f3 hoy el Gobierno, que asegur\u00f3 que ha ordenado el empleo de toda los medios mecanizados disponible para el r\u00e1pido rescate de los ciudadanos que todav\u00eda est\u00e1n bloqueados por la nieve en carreteras y v\u00edas f\u00e9rreas.<\/p>\n<p>Seg\u00fan el portal de noticias \u00abB-92\u00bb, un centenar de veh\u00edculos, muchos con ni\u00f1os, est\u00e1n bloqueados desde hace 16 horas cerca de la localidad de Feketici, pero por ahora todos los pasajeros est\u00e1n bien.<\/p>\n<p>Anoche fueron evacuados un centenar de pasajeros de dos trenes internacionales de la conexi\u00f3n Belgrado-Budapest, mientras que est\u00e1 detenido tambi\u00e9n el transporte fluvial por el Danubio, seg\u00fan los medios locales.<\/p>\n<p>En la provincia norte\u00f1a de Vojvodina la ventisca, que alcanzaba hasta 100 kil\u00f3metros por hora, ha creado c\u00famulos de hasta cuatro metros de nieve, de modo que en el rescate de las personas bloqueadas en algunos lugares tuvieron que intervenir carros de combate y helic\u00f3pteros militares.<\/p>\n<p>Serbia no es el \u00fanico pa\u00eds azotado por el temporal de nieve en los Balcanes, ya que en la \u00faltima semana cinco personas han muerto en Ruman\u00eda por las bajas temperaturas y otras siete fallecieron en la vecina Bulgaria.<\/p>\n","protected":false},"excerpt":{"rendered":"<p>Zagreb, 1 feb (EFE).- El Ej\u00e9rcito y la Polic\u00eda han evacuado en las \u00faltimas 24 horas en el norte de Serbia a alrededor de mil personas de autom\u00f3viles y trenes atrapados en la nieve, mientras que varios centenares todav\u00eda siguen a la espera de ayuda. As\u00ed lo comunic\u00f3 hoy el Gobierno, que asegur\u00f3 que ha [&hellip;]<\/p>\n","protected":false},"author":1,"featured_media":481789,"comment_status":"closed","ping_status":"open","sticky":false,"template":"","format":"standard","meta":{"footnotes":""},"categories":[1],"tags":[],"class_list":["post-481788","post","type-post","status-publish","format-standard","has-post-thumbnail","hentry","category-actualidad"],"aioseo_notices":[],"aioseo_head":"\n\t\t<!-- All in One SEO Pro 5.0.1 - aioseo.com -->\n\t<meta name=\"description\" content=\"Zagreb, 1 feb (EFE).- El Ej\u00e9rcito y la Polic\u00eda han evacuado en las \u00faltimas 24 horas en el norte de Serbia a alrededor de mil personas de autom\u00f3viles y trenes atrapados en la nieve, mientras que varios centenares todav\u00eda siguen a la espera de ayuda. As\u00ed lo comunic\u00f3 hoy el Gobierno, que asegur\u00f3 que ha\" \/>\n\t<meta name=\"robots\" content=\"max-image-preview:large\" \/>\n\t<meta name=\"author\" content=\"El Digital de Asturias\"\/>\n\t<meta name=\"google-site-verification\" content=\"UA-38556648-1\" \/>\n\t<meta name=\"msvalidate.01\" content=\"7dfe9f3f1b24437ab69f4f2559babe99\" \/>\n\t<meta name=\"keywords\" content=\"actualidad\" \/>\n\t<link rel=\"canonical\" href=\"https:\/\/www.eldigitaldeasturias.com\/noticias\/rescatan-en-serbia-a-mil-personas-en-vehiculos-atrapados-por-la-nieve\/\" \/>\n\t<meta name=\"generator\" content=\"All in One SEO Pro (AIOSEO) 5.0.1\" \/>\n\t\t<meta property=\"og:locale\" content=\"es_ES\" \/>\n\t\t<meta property=\"og:site_name\" content=\"El Digital de Asturias\" \/>\n\t\t<meta property=\"og:type\" content=\"article\" \/>\n\t\t<meta property=\"og:title\" content=\"Rescatan en Serbia a mil personas en veh\u00edculos atrapados por la nieve - El Digital de Asturias\" \/>\n\t\t<meta property=\"og:description\" content=\"Zagreb, 1 feb (EFE).- El Ej\u00e9rcito y la Polic\u00eda han evacuado en las \u00faltimas 24 horas en el norte de Serbia a alrededor de mil personas de autom\u00f3viles y trenes atrapados en la nieve, mientras que varios centenares todav\u00eda siguen a la espera de ayuda. As\u00ed lo comunic\u00f3 hoy el Gobierno, que asegur\u00f3 que ha\" \/>\n\t\t<meta property=\"og:url\" content=\"https:\/\/www.eldigitaldeasturias.com\/noticias\/rescatan-en-serbia-a-mil-personas-en-vehiculos-atrapados-por-la-nieve\/\" \/>\n\t\t<meta property=\"article:tag\" content=\"actualidad\" \/>\n\t\t<meta property=\"article:published_time\" content=\"2014-02-01T21:54:57+00:00\" \/>\n\t\t<meta property=\"article:modified_time\" content=\"2014-02-01T21:54:57+00:00\" \/>\n\t\t<meta property=\"article:publisher\" content=\"https:\/\/facebook.com\/eldigitaldeasturias\" \/>\n\t\t<meta name=\"twitter:card\" content=\"summary_large_image\" \/>\n\t\t<meta name=\"twitter:title\" content=\"Rescatan en Serbia a mil personas en veh\u00edculos atrapados por la nieve - El Digital de Asturias\" \/>\n\t\t<meta name=\"twitter:description\" content=\"Zagreb, 1 feb (EFE).- El Ej\u00e9rcito y la Polic\u00eda han evacuado en las \u00faltimas 24 horas en el norte de Serbia a alrededor de mil personas de autom\u00f3viles y trenes atrapados en la nieve, mientras que varios centenares todav\u00eda siguen a la espera de ayuda. As\u00ed lo comunic\u00f3 hoy el Gobierno, que asegur\u00f3 que ha\" \/>\n\t\t<meta name=\"twitter:label1\" content=\"Escrito por\" \/>\n\t\t<meta name=\"twitter:data1\" content=\"El Digital de Asturias\" \/>\n\t\t<meta name=\"twitter:label2\" content=\"Tiempo de lectura estimado\" \/>\n\t\t<meta name=\"twitter:data2\" content=\"1 minuto\" \/>\n\t\t<script type=\"application\/ld+json\" class=\"aioseo-schema\">\n\t\t\t{\"@context\":\"https:\\\/\\\/schema.org\",\"@graph\":[{\"@type\":\"BlogPosting\",\"@id\":\"https:\\\/\\\/www.eldigitaldeasturias.com\\\/noticias\\\/rescatan-en-serbia-a-mil-personas-en-vehiculos-atrapados-por-la-nieve\\\/#blogposting\",\"name\":\"Rescatan en Serbia a mil personas en veh\\u00edculos atrapados por la nieve - El Digital de Asturias\",\"headline\":\"Rescatan en Serbia a mil personas en veh\\u00edculos atrapados por la nieve\",\"author\":{\"@id\":\"https:\\\/\\\/www.eldigitaldeasturias.com\\\/noticias\\\/author\\\/admin\\\/#author\"},\"publisher\":{\"@id\":\"https:\\\/\\\/www.eldigitaldeasturias.com\\\/noticias\\\/#organization\"},\"image\":{\"@type\":\"ImageObject\",\"url\":481789},\"datePublished\":\"2014-02-01T20:54:57+01:00\",\"dateModified\":\"2014-02-01T20:54:57+01:00\",\"inLanguage\":\"es-ES\",\"mainEntityOfPage\":{\"@id\":\"https:\\\/\\\/www.eldigitaldeasturias.com\\\/noticias\\\/rescatan-en-serbia-a-mil-personas-en-vehiculos-atrapados-por-la-nieve\\\/#webpage\"},\"isPartOf\":{\"@id\":\"https:\\\/\\\/www.eldigitaldeasturias.com\\\/noticias\\\/rescatan-en-serbia-a-mil-personas-en-vehiculos-atrapados-por-la-nieve\\\/#webpage\"},\"articleSection\":\"Actualidad\"},{\"@type\":\"BreadcrumbList\",\"@id\":\"https:\\\/\\\/www.eldigitaldeasturias.com\\\/noticias\\\/rescatan-en-serbia-a-mil-personas-en-vehiculos-atrapados-por-la-nieve\\\/#breadcrumblist\",\"itemListElement\":[{\"@type\":\"ListItem\",\"@id\":\"https:\\\/\\\/www.eldigitaldeasturias.com\\\/noticias#listItem\",\"position\":1,\"name\":\"Home\",\"item\":\"https:\\\/\\\/www.eldigitaldeasturias.com\\\/noticias\",\"nextItem\":{\"@type\":\"ListItem\",\"@id\":\"https:\\\/\\\/www.eldigitaldeasturias.com\\\/noticias\\\/category\\\/actualidad\\\/#listItem\",\"name\":\"Actualidad\"}},{\"@type\":\"ListItem\",\"@id\":\"https:\\\/\\\/www.eldigitaldeasturias.com\\\/noticias\\\/category\\\/actualidad\\\/#listItem\",\"position\":2,\"name\":\"Actualidad\",\"item\":\"https:\\\/\\\/www.eldigitaldeasturias.com\\\/noticias\\\/category\\\/actualidad\\\/\",\"nextItem\":{\"@type\":\"ListItem\",\"@id\":\"https:\\\/\\\/www.eldigitaldeasturias.com\\\/noticias\\\/rescatan-en-serbia-a-mil-personas-en-vehiculos-atrapados-por-la-nieve\\\/#listItem\",\"name\":\"Rescatan en Serbia a mil personas en veh\\u00edculos atrapados por la nieve\"},\"previousItem\":{\"@type\":\"ListItem\",\"@id\":\"https:\\\/\\\/www.eldigitaldeasturias.com\\\/noticias#listItem\",\"name\":\"Home\"}},{\"@type\":\"ListItem\",\"@id\":\"https:\\\/\\\/www.eldigitaldeasturias.com\\\/noticias\\\/rescatan-en-serbia-a-mil-personas-en-vehiculos-atrapados-por-la-nieve\\\/#listItem\",\"position\":3,\"name\":\"Rescatan en Serbia a mil personas en veh\\u00edculos atrapados por la nieve\",\"previousItem\":{\"@type\":\"ListItem\",\"@id\":\"https:\\\/\\\/www.eldigitaldeasturias.com\\\/noticias\\\/category\\\/actualidad\\\/#listItem\",\"name\":\"Actualidad\"}}]},{\"@type\":\"Organization\",\"@id\":\"https:\\\/\\\/www.eldigitaldeasturias.com\\\/noticias\\\/#organization\",\"name\":\"El Digital de Asturias\",\"description\":\"Hemeroteca\",\"url\":\"https:\\\/\\\/www.eldigitaldeasturias.com\\\/noticias\\\/\",\"email\":\"info@eldigitaldeasturias.com\",\"telephone\":\"+34652131393\",\"logo\":{\"@type\":\"ImageObject\",\"url\":\"https:\\\/\\\/www.eldigitaldeasturias.com\\\/noticias\\\/wp-content\\\/uploads\\\/2020\\\/12\\\/EDA.jpg\",\"@id\":\"https:\\\/\\\/www.eldigitaldeasturias.com\\\/noticias\\\/rescatan-en-serbia-a-mil-personas-en-vehiculos-atrapados-por-la-nieve\\\/#organizationLogo\"},\"image\":{\"@id\":\"https:\\\/\\\/www.eldigitaldeasturias.com\\\/noticias\\\/rescatan-en-serbia-a-mil-personas-en-vehiculos-atrapados-por-la-nieve\\\/#organizationLogo\"},\"sameAs\":[\"https:\\\/\\\/facebook.com\\\/eldigitaldeasturias\",\"https:\\\/\\\/www.youtube.com\\\/channel\\\/UCZP-2wLEB9Rv6erhFmqVnvg\"],\"address\":{\"@id\":\"https:\\\/\\\/www.eldigitaldeasturias.com\\\/noticias\\\/#postaladdress\",\"@type\":\"PostalAddress\",\"streetAddress\":\"san antonio 4\",\"postalCode\":\"33430\",\"addressLocality\":\"Cand\\u00e1s\",\"addressRegion\":\"Asturias\",\"addressCountry\":\"ES\"}},{\"@type\":\"Person\",\"@id\":\"https:\\\/\\\/www.eldigitaldeasturias.com\\\/noticias\\\/author\\\/admin\\\/#author\",\"url\":\"https:\\\/\\\/www.eldigitaldeasturias.com\\\/noticias\\\/author\\\/admin\\\/\",\"name\":\"El Digital de Asturias\",\"image\":{\"@type\":\"ImageObject\",\"@id\":\"https:\\\/\\\/www.eldigitaldeasturias.com\\\/noticias\\\/rescatan-en-serbia-a-mil-personas-en-vehiculos-atrapados-por-la-nieve\\\/#authorImage\",\"url\":\"https:\\\/\\\/secure.gravatar.com\\\/avatar\\\/df2aeffc32bcd13f8d26072ef8a91b623d677766deac7f97ca815868cd41bf5e?s=96&d=mm&r=g\",\"width\":96,\"height\":96,\"caption\":\"El Digital de Asturias\"}},{\"@type\":\"WebPage\",\"@id\":\"https:\\\/\\\/www.eldigitaldeasturias.com\\\/noticias\\\/rescatan-en-serbia-a-mil-personas-en-vehiculos-atrapados-por-la-nieve\\\/#webpage\",\"url\":\"https:\\\/\\\/www.eldigitaldeasturias.com\\\/noticias\\\/rescatan-en-serbia-a-mil-personas-en-vehiculos-atrapados-por-la-nieve\\\/\",\"name\":\"Rescatan en Serbia a mil personas en veh\\u00edculos atrapados por la nieve - El Digital de Asturias\",\"description\":\"Zagreb, 1 feb (EFE).- El Ej\\u00e9rcito y la Polic\\u00eda han evacuado en las \\u00faltimas 24 horas en el norte de Serbia a alrededor de mil personas de autom\\u00f3viles y trenes atrapados en la nieve, mientras que varios centenares todav\\u00eda siguen a la espera de ayuda. As\\u00ed lo comunic\\u00f3 hoy el Gobierno, que asegur\\u00f3 que ha\",\"inLanguage\":\"es-ES\",\"isPartOf\":{\"@id\":\"https:\\\/\\\/www.eldigitaldeasturias.com\\\/noticias\\\/#website\"},\"breadcrumb\":{\"@id\":\"https:\\\/\\\/www.eldigitaldeasturias.com\\\/noticias\\\/rescatan-en-serbia-a-mil-personas-en-vehiculos-atrapados-por-la-nieve\\\/#breadcrumblist\"},\"author\":{\"@id\":\"https:\\\/\\\/www.eldigitaldeasturias.com\\\/noticias\\\/author\\\/admin\\\/#author\"},\"creator\":{\"@id\":\"https:\\\/\\\/www.eldigitaldeasturias.com\\\/noticias\\\/author\\\/admin\\\/#author\"},\"image\":{\"@type\":\"ImageObject\",\"url\":481789,\"@id\":\"https:\\\/\\\/www.eldigitaldeasturias.com\\\/noticias\\\/rescatan-en-serbia-a-mil-personas-en-vehiculos-atrapados-por-la-nieve\\\/#mainImage\"},\"primaryImageOfPage\":{\"@id\":\"https:\\\/\\\/www.eldigitaldeasturias.com\\\/noticias\\\/rescatan-en-serbia-a-mil-personas-en-vehiculos-atrapados-por-la-nieve\\\/#mainImage\"},\"datePublished\":\"2014-02-01T20:54:57+01:00\",\"dateModified\":\"2014-02-01T20:54:57+01:00\"},{\"@type\":\"WebSite\",\"@id\":\"https:\\\/\\\/www.eldigitaldeasturias.com\\\/noticias\\\/#website\",\"url\":\"https:\\\/\\\/www.eldigitaldeasturias.com\\\/noticias\\\/\",\"name\":\"El Digital de Asturias - Diario de actualidad y noticias\",\"alternateName\":\"El Digital de Asturias - Diario de actualidad y noticias\",\"description\":\"Hemeroteca\",\"inLanguage\":\"es-ES\",\"publisher\":{\"@id\":\"https:\\\/\\\/www.eldigitaldeasturias.com\\\/noticias\\\/#organization\"}}]}\n\t\t<\/script>\n\t\t<!-- All in One SEO Pro -->\r\n\t\t<title>Rescatan en Serbia a mil personas en veh\u00edculos atrapados por la nieve - El Digital de Asturias<\/title>\n\n","aioseo_head_json":{"title":"Rescatan en Serbia a mil personas en veh\u00edculos atrapados por la nieve - El Digital de Asturias","description":"Zagreb, 1 feb (EFE).- El Ej\u00e9rcito y la Polic\u00eda han evacuado en las \u00faltimas 24 horas en el norte de Serbia a alrededor de mil personas de autom\u00f3viles y trenes atrapados en la nieve, mientras que varios centenares todav\u00eda siguen a la espera de ayuda. As\u00ed lo comunic\u00f3 hoy el Gobierno, que asegur\u00f3 que ha","canonical_url":"https:\/\/www.eldigitaldeasturias.com\/noticias\/rescatan-en-serbia-a-mil-personas-en-vehiculos-atrapados-por-la-nieve\/","robots":"max-image-preview:large","keywords":"actualidad","webmasterTools":{"google-site-verification":"UA-38556648-1","msvalidate.01":"7dfe9f3f1b24437ab69f4f2559babe99","miscellaneous":""},"schema":{"@context":"https:\/\/schema.org","@graph":[{"@type":"BlogPosting","@id":"https:\/\/www.eldigitaldeasturias.com\/noticias\/rescatan-en-serbia-a-mil-personas-en-vehiculos-atrapados-por-la-nieve\/#blogposting","name":"Rescatan en Serbia a mil personas en veh\u00edculos atrapados por la nieve - El Digital de Asturias","headline":"Rescatan en Serbia a mil personas en veh\u00edculos atrapados por la nieve","author":{"@id":"https:\/\/www.eldigitaldeasturias.com\/noticias\/author\/admin\/#author"},"publisher":{"@id":"https:\/\/www.eldigitaldeasturias.com\/noticias\/#organization"},"image":{"@type":"ImageObject","url":481789},"datePublished":"2014-02-01T20:54:57+01:00","dateModified":"2014-02-01T20:54:57+01:00","inLanguage":"es-ES","mainEntityOfPage":{"@id":"https:\/\/www.eldigitaldeasturias.com\/noticias\/rescatan-en-serbia-a-mil-personas-en-vehiculos-atrapados-por-la-nieve\/#webpage"},"isPartOf":{"@id":"https:\/\/www.eldigitaldeasturias.com\/noticias\/rescatan-en-serbia-a-mil-personas-en-vehiculos-atrapados-por-la-nieve\/#webpage"},"articleSection":"Actualidad"},{"@type":"BreadcrumbList","@id":"https:\/\/www.eldigitaldeasturias.com\/noticias\/rescatan-en-serbia-a-mil-personas-en-vehiculos-atrapados-por-la-nieve\/#breadcrumblist","itemListElement":[{"@type":"ListItem","@id":"https:\/\/www.eldigitaldeasturias.com\/noticias#listItem","position":1,"name":"Home","item":"https:\/\/www.eldigitaldeasturias.com\/noticias","nextItem":{"@type":"ListItem","@id":"https:\/\/www.eldigitaldeasturias.com\/noticias\/category\/actualidad\/#listItem","name":"Actualidad"}},{"@type":"ListItem","@id":"https:\/\/www.eldigitaldeasturias.com\/noticias\/category\/actualidad\/#listItem","position":2,"name":"Actualidad","item":"https:\/\/www.eldigitaldeasturias.com\/noticias\/category\/actualidad\/","nextItem":{"@type":"ListItem","@id":"https:\/\/www.eldigitaldeasturias.com\/noticias\/rescatan-en-serbia-a-mil-personas-en-vehiculos-atrapados-por-la-nieve\/#listItem","name":"Rescatan en Serbia a mil personas en veh\u00edculos atrapados por la nieve"},"previousItem":{"@type":"ListItem","@id":"https:\/\/www.eldigitaldeasturias.com\/noticias#listItem","name":"Home"}},{"@type":"ListItem","@id":"https:\/\/www.eldigitaldeasturias.com\/noticias\/rescatan-en-serbia-a-mil-personas-en-vehiculos-atrapados-por-la-nieve\/#listItem","position":3,"name":"Rescatan en Serbia a mil personas en veh\u00edculos atrapados por la nieve","previousItem":{"@type":"ListItem","@id":"https:\/\/www.eldigitaldeasturias.com\/noticias\/category\/actualidad\/#listItem","name":"Actualidad"}}]},{"@type":"Organization","@id":"https:\/\/www.eldigitaldeasturias.com\/noticias\/#organization","name":"El Digital de Asturias","description":"Hemeroteca","url":"https:\/\/www.eldigitaldeasturias.com\/noticias\/","email":"info@eldigitaldeasturias.com","telephone":"+34652131393","logo":{"@type":"ImageObject","url":"https:\/\/www.eldigitaldeasturias.com\/noticias\/wp-content\/uploads\/2020\/12\/EDA.jpg","@id":"https:\/\/www.eldigitaldeasturias.com\/noticias\/rescatan-en-serbia-a-mil-personas-en-vehiculos-atrapados-por-la-nieve\/#organizationLogo"},"image":{"@id":"https:\/\/www.eldigitaldeasturias.com\/noticias\/rescatan-en-serbia-a-mil-personas-en-vehiculos-atrapados-por-la-nieve\/#organizationLogo"},"sameAs":["https:\/\/facebook.com\/eldigitaldeasturias","https:\/\/www.youtube.com\/channel\/UCZP-2wLEB9Rv6erhFmqVnvg"],"address":{"@id":"https:\/\/www.eldigitaldeasturias.com\/noticias\/#postaladdress","@type":"PostalAddress","streetAddress":"san antonio 4","postalCode":"33430","addressLocality":"Cand\u00e1s","addressRegion":"Asturias","addressCountry":"ES"}},{"@type":"Person","@id":"https:\/\/www.eldigitaldeasturias.com\/noticias\/author\/admin\/#author","url":"https:\/\/www.eldigitaldeasturias.com\/noticias\/author\/admin\/","name":"El Digital de Asturias","image":{"@type":"ImageObject","@id":"https:\/\/www.eldigitaldeasturias.com\/noticias\/rescatan-en-serbia-a-mil-personas-en-vehiculos-atrapados-por-la-nieve\/#authorImage","url":"https:\/\/secure.gravatar.com\/avatar\/df2aeffc32bcd13f8d26072ef8a91b623d677766deac7f97ca815868cd41bf5e?s=96&d=mm&r=g","width":96,"height":96,"caption":"El Digital de Asturias"}},{"@type":"WebPage","@id":"https:\/\/www.eldigitaldeasturias.com\/noticias\/rescatan-en-serbia-a-mil-personas-en-vehiculos-atrapados-por-la-nieve\/#webpage","url":"https:\/\/www.eldigitaldeasturias.com\/noticias\/rescatan-en-serbia-a-mil-personas-en-vehiculos-atrapados-por-la-nieve\/","name":"Rescatan en Serbia a mil personas en veh\u00edculos atrapados por la nieve - El Digital de Asturias","description":"Zagreb, 1 feb (EFE).- El Ej\u00e9rcito y la Polic\u00eda han evacuado en las \u00faltimas 24 horas en el norte de Serbia a alrededor de mil personas de autom\u00f3viles y trenes atrapados en la nieve, mientras que varios centenares todav\u00eda siguen a la espera de ayuda. As\u00ed lo comunic\u00f3 hoy el Gobierno, que asegur\u00f3 que ha","inLanguage":"es-ES","isPartOf":{"@id":"https:\/\/www.eldigitaldeasturias.com\/noticias\/#website"},"breadcrumb":{"@id":"https:\/\/www.eldigitaldeasturias.com\/noticias\/rescatan-en-serbia-a-mil-personas-en-vehiculos-atrapados-por-la-nieve\/#breadcrumblist"},"author":{"@id":"https:\/\/www.eldigitaldeasturias.com\/noticias\/author\/admin\/#author"},"creator":{"@id":"https:\/\/www.eldigitaldeasturias.com\/noticias\/author\/admin\/#author"},"image":{"@type":"ImageObject","url":481789,"@id":"https:\/\/www.eldigitaldeasturias.com\/noticias\/rescatan-en-serbia-a-mil-personas-en-vehiculos-atrapados-por-la-nieve\/#mainImage"},"primaryImageOfPage":{"@id":"https:\/\/www.eldigitaldeasturias.com\/noticias\/rescatan-en-serbia-a-mil-personas-en-vehiculos-atrapados-por-la-nieve\/#mainImage"},"datePublished":"2014-02-01T20:54:57+01:00","dateModified":"2014-02-01T20:54:57+01:00"},{"@type":"WebSite","@id":"https:\/\/www.eldigitaldeasturias.com\/noticias\/#website","url":"https:\/\/www.eldigitaldeasturias.com\/noticias\/","name":"El Digital de Asturias - Diario de actualidad y noticias","alternateName":"El Digital de Asturias - Diario de actualidad y noticias","description":"Hemeroteca","inLanguage":"es-ES","publisher":{"@id":"https:\/\/www.eldigitaldeasturias.com\/noticias\/#organization"}}]},"og:locale":"es_ES","og:site_name":"El Digital de Asturias","og:type":"article","og:title":"Rescatan en Serbia a mil personas en veh\u00edculos atrapados por la nieve - El Digital de Asturias","og:description":"Zagreb, 1 feb (EFE).- El Ej\u00e9rcito y la Polic\u00eda han evacuado en las \u00faltimas 24 horas en el norte de Serbia a alrededor de mil personas de autom\u00f3viles y trenes atrapados en la nieve, mientras que varios centenares todav\u00eda siguen a la espera de ayuda. As\u00ed lo comunic\u00f3 hoy el Gobierno, que asegur\u00f3 que ha","og:url":"https:\/\/www.eldigitaldeasturias.com\/noticias\/rescatan-en-serbia-a-mil-personas-en-vehiculos-atrapados-por-la-nieve\/","article:tag":["actualidad"],"article:published_time":"2014-02-01T21:54:57+00:00","article:modified_time":"2014-02-01T21:54:57+00:00","article:publisher":"https:\/\/facebook.com\/eldigitaldeasturias","twitter:card":"summary_large_image","twitter:title":"Rescatan en Serbia a mil personas en veh\u00edculos atrapados por la nieve - El Digital de Asturias","twitter:description":"Zagreb, 1 feb (EFE).- El Ej\u00e9rcito y la Polic\u00eda han evacuado en las \u00faltimas 24 horas en el norte de Serbia a alrededor de mil personas de autom\u00f3viles y trenes atrapados en la nieve, mientras que varios centenares todav\u00eda siguen a la espera de ayuda. As\u00ed lo comunic\u00f3 hoy el Gobierno, que asegur\u00f3 que ha","twitter:label1":"Escrito por","twitter:data1":"El Digital de Asturias","twitter:label2":"Tiempo de lectura estimado","twitter:data2":"1 minuto"},"aioseo_meta_data":{"post_id":"481788","title":null,"description":null,"keywords":null,"keyphrases":null,"primary_term":null,"canonical_url":null,"og_title":null,"og_description":null,"og_object_type":"default","og_image_type":"default","og_image_url":null,"og_image_width":null,"og_image_height":null,"og_image_custom_url":null,"og_image_custom_fields":null,"og_video":null,"og_custom_url":null,"og_article_section":null,"og_article_tags":null,"twitter_use_og":true,"twitter_card":"default","twitter_image_type":"default","twitter_image_url":null,"twitter_image_custom_url":null,"twitter_image_custom_fields":null,"twitter_title":null,"twitter_description":null,"schema":{"blockGraphs":[],"customGraphs":[],"default":{"data":{"Article":[],"Course":[],"Dataset":[],"FAQPage":[],"Movie":[],"Person":[],"Product":[],"ProductReview":[],"Car":[],"Recipe":[],"Service":[],"SoftwareApplication":[],"WebPage":[]},"graphName":"","isEnabled":true},"graphs":[],"defaultGraph":"","defaultPostTypeGraph":""},"schema_type":null,"schema_type_options":null,"pillar_content":false,"robots_default":true,"robots_noindex":false,"robots_noarchive":false,"robots_nosnippet":false,"robots_nofollow":false,"robots_noimageindex":false,"robots_noodp":false,"robots_notranslate":false,"robots_max_snippet":null,"robots_max_videopreview":null,"robots_max_imagepreview":"none","priority":null,"frequency":null,"local_seo":null,"seo_analyzer_scan_date":"2026-06-02 07:54:05","breadcrumb_settings":null,"limit_modified_date":false,"open_ai":null,"ai":null,"created":"2020-11-14 22:54:28","updated":"2026-06-02 07:54:05","focus_keyword":null,"additional_keywords":null,"truseo_locale":null},"aioseo_breadcrumb":"<div class=\"aioseo-breadcrumbs\"><span class=\"aioseo-breadcrumb\">\n\t<a href=\"https:\/\/www.eldigitaldeasturias.com\/noticias\" title=\"Home\">Home<\/a>\n<\/span><span class=\"aioseo-breadcrumb-separator\">\u2013<\/span><span class=\"aioseo-breadcrumb\">\n\t<a href=\"https:\/\/www.eldigitaldeasturias.com\/noticias\/category\/actualidad\/\" title=\"Actualidad\">Actualidad<\/a>\n<\/span><span class=\"aioseo-breadcrumb-separator\">\u2013<\/span><span class=\"aioseo-breadcrumb\">\n\t<a href=\"https:\/\/www.eldigitaldeasturias.com\/noticias\/rescatan-en-serbia-a-mil-personas-en-vehiculos-atrapados-por-la-nieve\/\" title=\"Rescatan en Serbia a mil personas en veh\u00edculos atrapados por la nieve\">Rescatan en Serbia a mil personas en veh\u00edculos atrapados por la nieve<\/a>\n<\/span><\/div>","aioseo_breadcrumb_json":[{"label":"Home","link":"https:\/\/www.eldigitaldeasturias.com\/noticias"},{"label":"Actualidad","link":"https:\/\/www.eldigitaldeasturias.com\/noticias\/category\/actualidad\/"},{"label":"Rescatan en Serbia a mil personas en veh\u00edculos atrapados por la nieve","link":"https:\/\/www.eldigitaldeasturias.com\/noticias\/rescatan-en-serbia-a-mil-personas-en-vehiculos-atrapados-por-la-nieve\/"}],"_links":{"self":[{"href":"https:\/\/www.eldigitaldeasturias.com\/noticias\/wp-json\/wp\/v2\/posts\/481788","targetHints":{"allow":["GET"]}}],"collection":[{"href":"https:\/\/www.eldigitaldeasturias.com\/noticias\/wp-json\/wp\/v2\/posts"}],"about":[{"href":"https:\/\/www.eldigitaldeasturias.com\/noticias\/wp-json\/wp\/v2\/types\/post"}],"author":[{"embeddable":true,"href":"https:\/\/www.eldigitaldeasturias.com\/noticias\/wp-json\/wp\/v2\/users\/1"}],"replies":[{"embeddable":true,"href":"https:\/\/www.eldigitaldeasturias.com\/noticias\/wp-json\/wp\/v2\/comments?post=481788"}],"version-history":[{"count":0,"href":"https:\/\/www.eldigitaldeasturias.com\/noticias\/wp-json\/wp\/v2\/posts\/481788\/revisions"}],"wp:attachment":[{"href":"https:\/\/www.eldigitaldeasturias.com\/noticias\/wp-json\/wp\/v2\/media?parent=481788"}],"wp:term":[{"taxonomy":"category","embeddable":true,"href":"https:\/\/www.eldigitaldeasturias.com\/noticias\/wp-json\/wp\/v2\/categories?post=481788"},{"taxonomy":"post_tag","embeddable":true,"href":"https:\/\/www.eldigitaldeasturias.com\/noticias\/wp-json\/wp\/v2\/tags?post=481788"}],"curies":[{"name":"wp","href":"https:\/\/api.w.org\/{rel}","templated":true}]}}