{"id":481785,"date":"2014-02-01T20:53:31","date_gmt":"2014-02-01T21:53:31","guid":{"rendered":"http:\/\/www.eldigitaldeasturias.com\/noticias\/?p=481785"},"modified":"2014-02-01T20:53:31","modified_gmt":"2014-02-01T21:53:31","slug":"tomas-gomez-confia-en-ganar-la-batalla-del-aborto-igual-que-la-sanitaria","status":"publish","type":"post","link":"https:\/\/www.eldigitaldeasturias.com\/noticias\/tomas-gomez-confia-en-ganar-la-batalla-del-aborto-igual-que-la-sanitaria\/","title":{"rendered":"Tom\u00e1s G\u00f3mez conf\u00eda en ganar la \u00abbatalla\u00bb del aborto, igual que la sanitaria"},"content":{"rendered":"<p><img loading=\"lazy\" decoding=\"async\" class=\"alignleft size-medium wp-image-481786\" alt=\"5899790w\" src=\"https:\/\/www.eldigitaldeasturias.com\/noticias\/wp-content\/uploads\/2014\/02\/5899790w-360x239.jpg\" width=\"360\" height=\"239\" \/>Madrid, 1 feb (EFE).- El secretario general del PSM, Tom\u00e1s G\u00f3mez, ha expresado hoy su confianza en ganar la \u00abbatalla\u00bb contra la ley de la reforma del aborto planteada por el PP, igual que se consigui\u00f3 recientemente con la paralizaci\u00f3n de la externalizaci\u00f3n de la gesti\u00f3n de seis hospitales madrile\u00f1os.<\/p>\n<p>En declaraciones a los medios durante su participaci\u00f3n en la manifestaci\u00f3n contra la reforma del aborto, G\u00f3mez ha solicitado al Ejecutivo de Mariano Rajoy que retire un proyecto que ha calificado de \u00abretr\u00f3grado\u00bb al querer llevarnos, seg\u00fan ha dicho, \u00aba una \u00e9poca que pr\u00e1cticamente es preconstitucional\u00bb.<\/p>\n<p>\u00abUna sociedad aspira siempre a progresar, al futuro, a m\u00e1s libertades y m\u00e1s derechos, este gobierno representa exactamente lo contrario\u00bb, ha denunciado.<\/p>\n<p>Asimismo, el l\u00edder del PSM ha recordado el \u00ab\u00e9xito\u00bb de los ciudadanos y los profesionales sanitarios que, en su opini\u00f3n, con las manifestaciones en forma de mareas blancas contribuyeron a que el presidente regional, Ignacio Gonz\u00e1lez, decidiera dejar sin efecto el proceso de \u00abprivatizaci\u00f3n\u00bb sanitaria.<\/p>\n<p>\u00abAhora hay que ganar tambi\u00e9n esta batalla\u00bb, ha manifestado G\u00f3mez, que ha estado acompa\u00f1ado en la marcha entre la Puerta de Atocha y la plaza de Neptuno por otros miembros del PSM como la secretaria de Organizaci\u00f3n, Maru Men\u00e9ndez, y la de Igualdad, Carmen Toledano.<\/p>\n","protected":false},"excerpt":{"rendered":"<p>Madrid, 1 feb (EFE).- El secretario general del PSM, Tom\u00e1s G\u00f3mez, ha expresado hoy su confianza en ganar la \u00abbatalla\u00bb contra la ley de la reforma del aborto planteada por el PP, igual que se consigui\u00f3 recientemente con la paralizaci\u00f3n de la externalizaci\u00f3n de la gesti\u00f3n de seis hospitales madrile\u00f1os. En declaraciones a los medios [&hellip;]<\/p>\n","protected":false},"author":1,"featured_media":481786,"comment_status":"closed","ping_status":"open","sticky":false,"template":"","format":"standard","meta":{"footnotes":""},"categories":[1],"tags":[],"class_list":["post-481785","post","type-post","status-publish","format-standard","has-post-thumbnail","hentry","category-actualidad"],"aioseo_notices":[],"aioseo_head":"\n\t\t<!-- All in One SEO Pro 5.0.1 - aioseo.com -->\n\t<meta name=\"description\" content=\"Madrid, 1 feb (EFE).- El secretario general del PSM, Tom\u00e1s G\u00f3mez, ha expresado hoy su confianza en ganar la &quot;batalla&quot; contra la ley de la reforma del aborto planteada por el PP, igual que se consigui\u00f3 recientemente con la paralizaci\u00f3n de la externalizaci\u00f3n de la gesti\u00f3n de seis hospitales madrile\u00f1os. En declaraciones a los medios\" \/>\n\t<meta name=\"robots\" content=\"max-image-preview:large\" \/>\n\t<meta name=\"author\" content=\"El Digital de Asturias\"\/>\n\t<meta name=\"google-site-verification\" content=\"UA-38556648-1\" \/>\n\t<meta name=\"msvalidate.01\" content=\"7dfe9f3f1b24437ab69f4f2559babe99\" \/>\n\t<meta name=\"keywords\" content=\"actualidad\" \/>\n\t<link rel=\"canonical\" href=\"https:\/\/www.eldigitaldeasturias.com\/noticias\/tomas-gomez-confia-en-ganar-la-batalla-del-aborto-igual-que-la-sanitaria\/\" \/>\n\t<meta name=\"generator\" content=\"All in One SEO Pro (AIOSEO) 5.0.1\" \/>\n\t\t<meta property=\"og:locale\" content=\"es_ES\" \/>\n\t\t<meta property=\"og:site_name\" content=\"El Digital de Asturias\" \/>\n\t\t<meta property=\"og:type\" content=\"article\" \/>\n\t\t<meta property=\"og:title\" content=\"Tom\u00e1s G\u00f3mez conf\u00eda en ganar la \u00abbatalla\u00bb del aborto, igual que la sanitaria - El Digital de Asturias\" \/>\n\t\t<meta property=\"og:description\" content=\"Madrid, 1 feb (EFE).- El secretario general del PSM, Tom\u00e1s G\u00f3mez, ha expresado hoy su confianza en ganar la &quot;batalla&quot; contra la ley de la reforma del aborto planteada por el PP, igual que se consigui\u00f3 recientemente con la paralizaci\u00f3n de la externalizaci\u00f3n de la gesti\u00f3n de seis hospitales madrile\u00f1os. En declaraciones a los medios\" \/>\n\t\t<meta property=\"og:url\" content=\"https:\/\/www.eldigitaldeasturias.com\/noticias\/tomas-gomez-confia-en-ganar-la-batalla-del-aborto-igual-que-la-sanitaria\/\" \/>\n\t\t<meta property=\"article:tag\" content=\"actualidad\" \/>\n\t\t<meta property=\"article:published_time\" content=\"2014-02-01T21:53:31+00:00\" \/>\n\t\t<meta property=\"article:modified_time\" content=\"2014-02-01T21:53:31+00:00\" \/>\n\t\t<meta property=\"article:publisher\" content=\"https:\/\/facebook.com\/eldigitaldeasturias\" \/>\n\t\t<meta name=\"twitter:card\" content=\"summary_large_image\" \/>\n\t\t<meta name=\"twitter:title\" content=\"Tom\u00e1s G\u00f3mez conf\u00eda en ganar la \u00abbatalla\u00bb del aborto, igual que la sanitaria - El Digital de Asturias\" \/>\n\t\t<meta name=\"twitter:description\" content=\"Madrid, 1 feb (EFE).- El secretario general del PSM, Tom\u00e1s G\u00f3mez, ha expresado hoy su confianza en ganar la &quot;batalla&quot; contra la ley de la reforma del aborto planteada por el PP, igual que se consigui\u00f3 recientemente con la paralizaci\u00f3n de la externalizaci\u00f3n de la gesti\u00f3n de seis hospitales madrile\u00f1os. En declaraciones a los medios\" \/>\n\t\t<meta name=\"twitter:label1\" content=\"Escrito por\" \/>\n\t\t<meta name=\"twitter:data1\" content=\"El Digital de Asturias\" \/>\n\t\t<meta name=\"twitter:label2\" content=\"Tiempo de lectura estimado\" \/>\n\t\t<meta name=\"twitter:data2\" content=\"1 minuto\" \/>\n\t\t<script type=\"application\/ld+json\" class=\"aioseo-schema\">\n\t\t\t{\"@context\":\"https:\\\/\\\/schema.org\",\"@graph\":[{\"@type\":\"BlogPosting\",\"@id\":\"https:\\\/\\\/www.eldigitaldeasturias.com\\\/noticias\\\/tomas-gomez-confia-en-ganar-la-batalla-del-aborto-igual-que-la-sanitaria\\\/#blogposting\",\"name\":\"Tom\\u00e1s G\\u00f3mez conf\\u00eda en ganar la \\u00abbatalla\\u00bb del aborto, igual que la sanitaria - El Digital de Asturias\",\"headline\":\"Tom\\u00e1s G\\u00f3mez conf\\u00eda en ganar la \\u00abbatalla\\u00bb del aborto, igual que la sanitaria\",\"author\":{\"@id\":\"https:\\\/\\\/www.eldigitaldeasturias.com\\\/noticias\\\/author\\\/admin\\\/#author\"},\"publisher\":{\"@id\":\"https:\\\/\\\/www.eldigitaldeasturias.com\\\/noticias\\\/#organization\"},\"image\":{\"@type\":\"ImageObject\",\"url\":481786},\"datePublished\":\"2014-02-01T20:53:31+01:00\",\"dateModified\":\"2014-02-01T20:53:31+01:00\",\"inLanguage\":\"es-ES\",\"mainEntityOfPage\":{\"@id\":\"https:\\\/\\\/www.eldigitaldeasturias.com\\\/noticias\\\/tomas-gomez-confia-en-ganar-la-batalla-del-aborto-igual-que-la-sanitaria\\\/#webpage\"},\"isPartOf\":{\"@id\":\"https:\\\/\\\/www.eldigitaldeasturias.com\\\/noticias\\\/tomas-gomez-confia-en-ganar-la-batalla-del-aborto-igual-que-la-sanitaria\\\/#webpage\"},\"articleSection\":\"Actualidad\"},{\"@type\":\"BreadcrumbList\",\"@id\":\"https:\\\/\\\/www.eldigitaldeasturias.com\\\/noticias\\\/tomas-gomez-confia-en-ganar-la-batalla-del-aborto-igual-que-la-sanitaria\\\/#breadcrumblist\",\"itemListElement\":[{\"@type\":\"ListItem\",\"@id\":\"https:\\\/\\\/www.eldigitaldeasturias.com\\\/noticias#listItem\",\"position\":1,\"name\":\"Home\",\"item\":\"https:\\\/\\\/www.eldigitaldeasturias.com\\\/noticias\",\"nextItem\":{\"@type\":\"ListItem\",\"@id\":\"https:\\\/\\\/www.eldigitaldeasturias.com\\\/noticias\\\/category\\\/actualidad\\\/#listItem\",\"name\":\"Actualidad\"}},{\"@type\":\"ListItem\",\"@id\":\"https:\\\/\\\/www.eldigitaldeasturias.com\\\/noticias\\\/category\\\/actualidad\\\/#listItem\",\"position\":2,\"name\":\"Actualidad\",\"item\":\"https:\\\/\\\/www.eldigitaldeasturias.com\\\/noticias\\\/category\\\/actualidad\\\/\",\"nextItem\":{\"@type\":\"ListItem\",\"@id\":\"https:\\\/\\\/www.eldigitaldeasturias.com\\\/noticias\\\/tomas-gomez-confia-en-ganar-la-batalla-del-aborto-igual-que-la-sanitaria\\\/#listItem\",\"name\":\"Tom\\u00e1s G\\u00f3mez conf\\u00eda en ganar la \\u00abbatalla\\u00bb del aborto, igual que la sanitaria\"},\"previousItem\":{\"@type\":\"ListItem\",\"@id\":\"https:\\\/\\\/www.eldigitaldeasturias.com\\\/noticias#listItem\",\"name\":\"Home\"}},{\"@type\":\"ListItem\",\"@id\":\"https:\\\/\\\/www.eldigitaldeasturias.com\\\/noticias\\\/tomas-gomez-confia-en-ganar-la-batalla-del-aborto-igual-que-la-sanitaria\\\/#listItem\",\"position\":3,\"name\":\"Tom\\u00e1s G\\u00f3mez conf\\u00eda en ganar la \\u00abbatalla\\u00bb del aborto, igual que la sanitaria\",\"previousItem\":{\"@type\":\"ListItem\",\"@id\":\"https:\\\/\\\/www.eldigitaldeasturias.com\\\/noticias\\\/category\\\/actualidad\\\/#listItem\",\"name\":\"Actualidad\"}}]},{\"@type\":\"Organization\",\"@id\":\"https:\\\/\\\/www.eldigitaldeasturias.com\\\/noticias\\\/#organization\",\"name\":\"El Digital de Asturias\",\"description\":\"Hemeroteca\",\"url\":\"https:\\\/\\\/www.eldigitaldeasturias.com\\\/noticias\\\/\",\"email\":\"info@eldigitaldeasturias.com\",\"telephone\":\"+34652131393\",\"logo\":{\"@type\":\"ImageObject\",\"url\":\"https:\\\/\\\/www.eldigitaldeasturias.com\\\/noticias\\\/wp-content\\\/uploads\\\/2020\\\/12\\\/EDA.jpg\",\"@id\":\"https:\\\/\\\/www.eldigitaldeasturias.com\\\/noticias\\\/tomas-gomez-confia-en-ganar-la-batalla-del-aborto-igual-que-la-sanitaria\\\/#organizationLogo\"},\"image\":{\"@id\":\"https:\\\/\\\/www.eldigitaldeasturias.com\\\/noticias\\\/tomas-gomez-confia-en-ganar-la-batalla-del-aborto-igual-que-la-sanitaria\\\/#organizationLogo\"},\"sameAs\":[\"https:\\\/\\\/facebook.com\\\/eldigitaldeasturias\",\"https:\\\/\\\/www.youtube.com\\\/channel\\\/UCZP-2wLEB9Rv6erhFmqVnvg\"],\"address\":{\"@id\":\"https:\\\/\\\/www.eldigitaldeasturias.com\\\/noticias\\\/#postaladdress\",\"@type\":\"PostalAddress\",\"streetAddress\":\"san antonio 4\",\"postalCode\":\"33430\",\"addressLocality\":\"Cand\\u00e1s\",\"addressRegion\":\"Asturias\",\"addressCountry\":\"ES\"}},{\"@type\":\"Person\",\"@id\":\"https:\\\/\\\/www.eldigitaldeasturias.com\\\/noticias\\\/author\\\/admin\\\/#author\",\"url\":\"https:\\\/\\\/www.eldigitaldeasturias.com\\\/noticias\\\/author\\\/admin\\\/\",\"name\":\"El Digital de Asturias\",\"image\":{\"@type\":\"ImageObject\",\"@id\":\"https:\\\/\\\/www.eldigitaldeasturias.com\\\/noticias\\\/tomas-gomez-confia-en-ganar-la-batalla-del-aborto-igual-que-la-sanitaria\\\/#authorImage\",\"url\":\"https:\\\/\\\/secure.gravatar.com\\\/avatar\\\/df2aeffc32bcd13f8d26072ef8a91b623d677766deac7f97ca815868cd41bf5e?s=96&d=mm&r=g\",\"width\":96,\"height\":96,\"caption\":\"El Digital de Asturias\"}},{\"@type\":\"WebPage\",\"@id\":\"https:\\\/\\\/www.eldigitaldeasturias.com\\\/noticias\\\/tomas-gomez-confia-en-ganar-la-batalla-del-aborto-igual-que-la-sanitaria\\\/#webpage\",\"url\":\"https:\\\/\\\/www.eldigitaldeasturias.com\\\/noticias\\\/tomas-gomez-confia-en-ganar-la-batalla-del-aborto-igual-que-la-sanitaria\\\/\",\"name\":\"Tom\\u00e1s G\\u00f3mez conf\\u00eda en ganar la \\u00abbatalla\\u00bb del aborto, igual que la sanitaria - El Digital de Asturias\",\"description\":\"Madrid, 1 feb (EFE).- El secretario general del PSM, Tom\\u00e1s G\\u00f3mez, ha expresado hoy su confianza en ganar la \\\"batalla\\\" contra la ley de la reforma del aborto planteada por el PP, igual que se consigui\\u00f3 recientemente con la paralizaci\\u00f3n de la externalizaci\\u00f3n de la gesti\\u00f3n de seis hospitales madrile\\u00f1os. En declaraciones a los medios\",\"inLanguage\":\"es-ES\",\"isPartOf\":{\"@id\":\"https:\\\/\\\/www.eldigitaldeasturias.com\\\/noticias\\\/#website\"},\"breadcrumb\":{\"@id\":\"https:\\\/\\\/www.eldigitaldeasturias.com\\\/noticias\\\/tomas-gomez-confia-en-ganar-la-batalla-del-aborto-igual-que-la-sanitaria\\\/#breadcrumblist\"},\"author\":{\"@id\":\"https:\\\/\\\/www.eldigitaldeasturias.com\\\/noticias\\\/author\\\/admin\\\/#author\"},\"creator\":{\"@id\":\"https:\\\/\\\/www.eldigitaldeasturias.com\\\/noticias\\\/author\\\/admin\\\/#author\"},\"image\":{\"@type\":\"ImageObject\",\"url\":481786,\"@id\":\"https:\\\/\\\/www.eldigitaldeasturias.com\\\/noticias\\\/tomas-gomez-confia-en-ganar-la-batalla-del-aborto-igual-que-la-sanitaria\\\/#mainImage\"},\"primaryImageOfPage\":{\"@id\":\"https:\\\/\\\/www.eldigitaldeasturias.com\\\/noticias\\\/tomas-gomez-confia-en-ganar-la-batalla-del-aborto-igual-que-la-sanitaria\\\/#mainImage\"},\"datePublished\":\"2014-02-01T20:53:31+01:00\",\"dateModified\":\"2014-02-01T20:53:31+01:00\"},{\"@type\":\"WebSite\",\"@id\":\"https:\\\/\\\/www.eldigitaldeasturias.com\\\/noticias\\\/#website\",\"url\":\"https:\\\/\\\/www.eldigitaldeasturias.com\\\/noticias\\\/\",\"name\":\"El Digital de Asturias - Diario de actualidad y noticias\",\"alternateName\":\"El Digital de Asturias - Diario de actualidad y noticias\",\"description\":\"Hemeroteca\",\"inLanguage\":\"es-ES\",\"publisher\":{\"@id\":\"https:\\\/\\\/www.eldigitaldeasturias.com\\\/noticias\\\/#organization\"}}]}\n\t\t<\/script>\n\t\t<!-- All in One SEO Pro -->\r\n\t\t<title>Tom\u00e1s G\u00f3mez conf\u00eda en ganar la \u00abbatalla\u00bb del aborto, igual que la sanitaria - El Digital de Asturias<\/title>\n\n","aioseo_head_json":{"title":"Tom\u00e1s G\u00f3mez conf\u00eda en ganar la \u00abbatalla\u00bb del aborto, igual que la sanitaria - El Digital de Asturias","description":"Madrid, 1 feb (EFE).- El secretario general del PSM, Tom\u00e1s G\u00f3mez, ha expresado hoy su confianza en ganar la \"batalla\" contra la ley de la reforma del aborto planteada por el PP, igual que se consigui\u00f3 recientemente con la paralizaci\u00f3n de la externalizaci\u00f3n de la gesti\u00f3n de seis hospitales madrile\u00f1os. En declaraciones a los medios","canonical_url":"https:\/\/www.eldigitaldeasturias.com\/noticias\/tomas-gomez-confia-en-ganar-la-batalla-del-aborto-igual-que-la-sanitaria\/","robots":"max-image-preview:large","keywords":"actualidad","webmasterTools":{"google-site-verification":"UA-38556648-1","msvalidate.01":"7dfe9f3f1b24437ab69f4f2559babe99","miscellaneous":""},"schema":{"@context":"https:\/\/schema.org","@graph":[{"@type":"BlogPosting","@id":"https:\/\/www.eldigitaldeasturias.com\/noticias\/tomas-gomez-confia-en-ganar-la-batalla-del-aborto-igual-que-la-sanitaria\/#blogposting","name":"Tom\u00e1s G\u00f3mez conf\u00eda en ganar la \u00abbatalla\u00bb del aborto, igual que la sanitaria - El Digital de Asturias","headline":"Tom\u00e1s G\u00f3mez conf\u00eda en ganar la \u00abbatalla\u00bb del aborto, igual que la sanitaria","author":{"@id":"https:\/\/www.eldigitaldeasturias.com\/noticias\/author\/admin\/#author"},"publisher":{"@id":"https:\/\/www.eldigitaldeasturias.com\/noticias\/#organization"},"image":{"@type":"ImageObject","url":481786},"datePublished":"2014-02-01T20:53:31+01:00","dateModified":"2014-02-01T20:53:31+01:00","inLanguage":"es-ES","mainEntityOfPage":{"@id":"https:\/\/www.eldigitaldeasturias.com\/noticias\/tomas-gomez-confia-en-ganar-la-batalla-del-aborto-igual-que-la-sanitaria\/#webpage"},"isPartOf":{"@id":"https:\/\/www.eldigitaldeasturias.com\/noticias\/tomas-gomez-confia-en-ganar-la-batalla-del-aborto-igual-que-la-sanitaria\/#webpage"},"articleSection":"Actualidad"},{"@type":"BreadcrumbList","@id":"https:\/\/www.eldigitaldeasturias.com\/noticias\/tomas-gomez-confia-en-ganar-la-batalla-del-aborto-igual-que-la-sanitaria\/#breadcrumblist","itemListElement":[{"@type":"ListItem","@id":"https:\/\/www.eldigitaldeasturias.com\/noticias#listItem","position":1,"name":"Home","item":"https:\/\/www.eldigitaldeasturias.com\/noticias","nextItem":{"@type":"ListItem","@id":"https:\/\/www.eldigitaldeasturias.com\/noticias\/category\/actualidad\/#listItem","name":"Actualidad"}},{"@type":"ListItem","@id":"https:\/\/www.eldigitaldeasturias.com\/noticias\/category\/actualidad\/#listItem","position":2,"name":"Actualidad","item":"https:\/\/www.eldigitaldeasturias.com\/noticias\/category\/actualidad\/","nextItem":{"@type":"ListItem","@id":"https:\/\/www.eldigitaldeasturias.com\/noticias\/tomas-gomez-confia-en-ganar-la-batalla-del-aborto-igual-que-la-sanitaria\/#listItem","name":"Tom\u00e1s G\u00f3mez conf\u00eda en ganar la \u00abbatalla\u00bb del aborto, igual que la sanitaria"},"previousItem":{"@type":"ListItem","@id":"https:\/\/www.eldigitaldeasturias.com\/noticias#listItem","name":"Home"}},{"@type":"ListItem","@id":"https:\/\/www.eldigitaldeasturias.com\/noticias\/tomas-gomez-confia-en-ganar-la-batalla-del-aborto-igual-que-la-sanitaria\/#listItem","position":3,"name":"Tom\u00e1s G\u00f3mez conf\u00eda en ganar la \u00abbatalla\u00bb del aborto, igual que la sanitaria","previousItem":{"@type":"ListItem","@id":"https:\/\/www.eldigitaldeasturias.com\/noticias\/category\/actualidad\/#listItem","name":"Actualidad"}}]},{"@type":"Organization","@id":"https:\/\/www.eldigitaldeasturias.com\/noticias\/#organization","name":"El Digital de Asturias","description":"Hemeroteca","url":"https:\/\/www.eldigitaldeasturias.com\/noticias\/","email":"info@eldigitaldeasturias.com","telephone":"+34652131393","logo":{"@type":"ImageObject","url":"https:\/\/www.eldigitaldeasturias.com\/noticias\/wp-content\/uploads\/2020\/12\/EDA.jpg","@id":"https:\/\/www.eldigitaldeasturias.com\/noticias\/tomas-gomez-confia-en-ganar-la-batalla-del-aborto-igual-que-la-sanitaria\/#organizationLogo"},"image":{"@id":"https:\/\/www.eldigitaldeasturias.com\/noticias\/tomas-gomez-confia-en-ganar-la-batalla-del-aborto-igual-que-la-sanitaria\/#organizationLogo"},"sameAs":["https:\/\/facebook.com\/eldigitaldeasturias","https:\/\/www.youtube.com\/channel\/UCZP-2wLEB9Rv6erhFmqVnvg"],"address":{"@id":"https:\/\/www.eldigitaldeasturias.com\/noticias\/#postaladdress","@type":"PostalAddress","streetAddress":"san antonio 4","postalCode":"33430","addressLocality":"Cand\u00e1s","addressRegion":"Asturias","addressCountry":"ES"}},{"@type":"Person","@id":"https:\/\/www.eldigitaldeasturias.com\/noticias\/author\/admin\/#author","url":"https:\/\/www.eldigitaldeasturias.com\/noticias\/author\/admin\/","name":"El Digital de Asturias","image":{"@type":"ImageObject","@id":"https:\/\/www.eldigitaldeasturias.com\/noticias\/tomas-gomez-confia-en-ganar-la-batalla-del-aborto-igual-que-la-sanitaria\/#authorImage","url":"https:\/\/secure.gravatar.com\/avatar\/df2aeffc32bcd13f8d26072ef8a91b623d677766deac7f97ca815868cd41bf5e?s=96&d=mm&r=g","width":96,"height":96,"caption":"El Digital de Asturias"}},{"@type":"WebPage","@id":"https:\/\/www.eldigitaldeasturias.com\/noticias\/tomas-gomez-confia-en-ganar-la-batalla-del-aborto-igual-que-la-sanitaria\/#webpage","url":"https:\/\/www.eldigitaldeasturias.com\/noticias\/tomas-gomez-confia-en-ganar-la-batalla-del-aborto-igual-que-la-sanitaria\/","name":"Tom\u00e1s G\u00f3mez conf\u00eda en ganar la \u00abbatalla\u00bb del aborto, igual que la sanitaria - El Digital de Asturias","description":"Madrid, 1 feb (EFE).- El secretario general del PSM, Tom\u00e1s G\u00f3mez, ha expresado hoy su confianza en ganar la \"batalla\" contra la ley de la reforma del aborto planteada por el PP, igual que se consigui\u00f3 recientemente con la paralizaci\u00f3n de la externalizaci\u00f3n de la gesti\u00f3n de seis hospitales madrile\u00f1os. En declaraciones a los medios","inLanguage":"es-ES","isPartOf":{"@id":"https:\/\/www.eldigitaldeasturias.com\/noticias\/#website"},"breadcrumb":{"@id":"https:\/\/www.eldigitaldeasturias.com\/noticias\/tomas-gomez-confia-en-ganar-la-batalla-del-aborto-igual-que-la-sanitaria\/#breadcrumblist"},"author":{"@id":"https:\/\/www.eldigitaldeasturias.com\/noticias\/author\/admin\/#author"},"creator":{"@id":"https:\/\/www.eldigitaldeasturias.com\/noticias\/author\/admin\/#author"},"image":{"@type":"ImageObject","url":481786,"@id":"https:\/\/www.eldigitaldeasturias.com\/noticias\/tomas-gomez-confia-en-ganar-la-batalla-del-aborto-igual-que-la-sanitaria\/#mainImage"},"primaryImageOfPage":{"@id":"https:\/\/www.eldigitaldeasturias.com\/noticias\/tomas-gomez-confia-en-ganar-la-batalla-del-aborto-igual-que-la-sanitaria\/#mainImage"},"datePublished":"2014-02-01T20:53:31+01:00","dateModified":"2014-02-01T20:53:31+01:00"},{"@type":"WebSite","@id":"https:\/\/www.eldigitaldeasturias.com\/noticias\/#website","url":"https:\/\/www.eldigitaldeasturias.com\/noticias\/","name":"El Digital de Asturias - Diario de actualidad y noticias","alternateName":"El Digital de Asturias - Diario de actualidad y noticias","description":"Hemeroteca","inLanguage":"es-ES","publisher":{"@id":"https:\/\/www.eldigitaldeasturias.com\/noticias\/#organization"}}]},"og:locale":"es_ES","og:site_name":"El Digital de Asturias","og:type":"article","og:title":"Tom\u00e1s G\u00f3mez conf\u00eda en ganar la \u00abbatalla\u00bb del aborto, igual que la sanitaria - El Digital de Asturias","og:description":"Madrid, 1 feb (EFE).- El secretario general del PSM, Tom\u00e1s G\u00f3mez, ha expresado hoy su confianza en ganar la &quot;batalla&quot; contra la ley de la reforma del aborto planteada por el PP, igual que se consigui\u00f3 recientemente con la paralizaci\u00f3n de la externalizaci\u00f3n de la gesti\u00f3n de seis hospitales madrile\u00f1os. En declaraciones a los medios","og:url":"https:\/\/www.eldigitaldeasturias.com\/noticias\/tomas-gomez-confia-en-ganar-la-batalla-del-aborto-igual-que-la-sanitaria\/","article:tag":["actualidad"],"article:published_time":"2014-02-01T21:53:31+00:00","article:modified_time":"2014-02-01T21:53:31+00:00","article:publisher":"https:\/\/facebook.com\/eldigitaldeasturias","twitter:card":"summary_large_image","twitter:title":"Tom\u00e1s G\u00f3mez conf\u00eda en ganar la \u00abbatalla\u00bb del aborto, igual que la sanitaria - El Digital de Asturias","twitter:description":"Madrid, 1 feb (EFE).- El secretario general del PSM, Tom\u00e1s G\u00f3mez, ha expresado hoy su confianza en ganar la &quot;batalla&quot; contra la ley de la reforma del aborto planteada por el PP, igual que se consigui\u00f3 recientemente con la paralizaci\u00f3n de la externalizaci\u00f3n de la gesti\u00f3n de seis hospitales madrile\u00f1os. En declaraciones a los medios","twitter:label1":"Escrito por","twitter:data1":"El Digital de Asturias","twitter:label2":"Tiempo de lectura estimado","twitter:data2":"1 minuto"},"aioseo_meta_data":{"post_id":"481785","title":null,"description":null,"keywords":null,"keyphrases":null,"primary_term":null,"canonical_url":null,"og_title":null,"og_description":null,"og_object_type":"default","og_image_type":"default","og_image_url":null,"og_image_width":null,"og_image_height":null,"og_image_custom_url":null,"og_image_custom_fields":null,"og_video":null,"og_custom_url":null,"og_article_section":null,"og_article_tags":null,"twitter_use_og":true,"twitter_card":"default","twitter_image_type":"default","twitter_image_url":null,"twitter_image_custom_url":null,"twitter_image_custom_fields":null,"twitter_title":null,"twitter_description":null,"schema":{"blockGraphs":[],"customGraphs":[],"default":{"data":{"Article":[],"Course":[],"Dataset":[],"FAQPage":[],"Movie":[],"Person":[],"Product":[],"ProductReview":[],"Car":[],"Recipe":[],"Service":[],"SoftwareApplication":[],"WebPage":[]},"graphName":"","isEnabled":true},"graphs":[],"defaultGraph":"","defaultPostTypeGraph":""},"schema_type":null,"schema_type_options":null,"pillar_content":false,"robots_default":true,"robots_noindex":false,"robots_noarchive":false,"robots_nosnippet":false,"robots_nofollow":false,"robots_noimageindex":false,"robots_noodp":false,"robots_notranslate":false,"robots_max_snippet":null,"robots_max_videopreview":null,"robots_max_imagepreview":"none","priority":null,"frequency":null,"local_seo":null,"seo_analyzer_scan_date":"2026-06-02 07:54:04","breadcrumb_settings":null,"limit_modified_date":false,"open_ai":null,"ai":null,"created":"2020-11-14 22:54:28","updated":"2026-06-02 07:54:04","focus_keyword":null,"additional_keywords":null,"truseo_locale":null},"aioseo_breadcrumb":"<div class=\"aioseo-breadcrumbs\"><span class=\"aioseo-breadcrumb\">\n\t<a href=\"https:\/\/www.eldigitaldeasturias.com\/noticias\" title=\"Home\">Home<\/a>\n<\/span><span class=\"aioseo-breadcrumb-separator\">\u2013<\/span><span class=\"aioseo-breadcrumb\">\n\t<a href=\"https:\/\/www.eldigitaldeasturias.com\/noticias\/category\/actualidad\/\" title=\"Actualidad\">Actualidad<\/a>\n<\/span><span class=\"aioseo-breadcrumb-separator\">\u2013<\/span><span class=\"aioseo-breadcrumb\">\n\t<a href=\"https:\/\/www.eldigitaldeasturias.com\/noticias\/tomas-gomez-confia-en-ganar-la-batalla-del-aborto-igual-que-la-sanitaria\/\" title=\"Tom\u00e1s G\u00f3mez conf\u00eda en ganar la \u00abbatalla\u00bb del aborto, igual que la sanitaria\">Tom\u00e1s G\u00f3mez conf\u00eda en ganar la \u00abbatalla\u00bb del aborto, igual que la sanitaria<\/a>\n<\/span><\/div>","aioseo_breadcrumb_json":[{"label":"Home","link":"https:\/\/www.eldigitaldeasturias.com\/noticias"},{"label":"Actualidad","link":"https:\/\/www.eldigitaldeasturias.com\/noticias\/category\/actualidad\/"},{"label":"Tom\u00e1s G\u00f3mez conf\u00eda en ganar la \u00abbatalla\u00bb del aborto, igual que la sanitaria","link":"https:\/\/www.eldigitaldeasturias.com\/noticias\/tomas-gomez-confia-en-ganar-la-batalla-del-aborto-igual-que-la-sanitaria\/"}],"_links":{"self":[{"href":"https:\/\/www.eldigitaldeasturias.com\/noticias\/wp-json\/wp\/v2\/posts\/481785","targetHints":{"allow":["GET"]}}],"collection":[{"href":"https:\/\/www.eldigitaldeasturias.com\/noticias\/wp-json\/wp\/v2\/posts"}],"about":[{"href":"https:\/\/www.eldigitaldeasturias.com\/noticias\/wp-json\/wp\/v2\/types\/post"}],"author":[{"embeddable":true,"href":"https:\/\/www.eldigitaldeasturias.com\/noticias\/wp-json\/wp\/v2\/users\/1"}],"replies":[{"embeddable":true,"href":"https:\/\/www.eldigitaldeasturias.com\/noticias\/wp-json\/wp\/v2\/comments?post=481785"}],"version-history":[{"count":0,"href":"https:\/\/www.eldigitaldeasturias.com\/noticias\/wp-json\/wp\/v2\/posts\/481785\/revisions"}],"wp:attachment":[{"href":"https:\/\/www.eldigitaldeasturias.com\/noticias\/wp-json\/wp\/v2\/media?parent=481785"}],"wp:term":[{"taxonomy":"category","embeddable":true,"href":"https:\/\/www.eldigitaldeasturias.com\/noticias\/wp-json\/wp\/v2\/categories?post=481785"},{"taxonomy":"post_tag","embeddable":true,"href":"https:\/\/www.eldigitaldeasturias.com\/noticias\/wp-json\/wp\/v2\/tags?post=481785"}],"curies":[{"name":"wp","href":"https:\/\/api.w.org\/{rel}","templated":true}]}}