{"id":481779,"date":"2014-02-01T20:50:40","date_gmt":"2014-02-01T21:50:40","guid":{"rendered":"http:\/\/www.eldigitaldeasturias.com\/noticias\/?p=481779"},"modified":"2014-02-01T20:50:40","modified_gmt":"2014-02-01T21:50:40","slug":"montoro-garantiza-que-el-iva-se-va-a-quedar-donde-esta","status":"publish","type":"post","link":"https:\/\/www.eldigitaldeasturias.com\/noticias\/montoro-garantiza-que-el-iva-se-va-a-quedar-donde-esta\/","title":{"rendered":"Montoro garantiza que \u00abel IVA se va a quedar donde est\u00e1\u00bb"},"content":{"rendered":"<p><img loading=\"lazy\" decoding=\"async\" class=\"alignleft size-medium wp-image-481780\" alt=\"5899746w\" src=\"https:\/\/www.eldigitaldeasturias.com\/noticias\/wp-content\/uploads\/2014\/02\/5899746w1-360x240.jpg\" width=\"360\" height=\"240\" \/>Valladolid, 1 feb (EFE).- El ministro de Hacienda, Crist\u00f3bal Montoro, ha destacado hoy la trascendencia de la reforma fiscal que va a aprobar el Gobierno y ha garantizado que, en esa reforma, \u00abel IVA se va a quedar donde est\u00e1\u00bb y en ella el Ejecutivo \u00abva a hacer lo que sabe hacer: bajar los impuestos\u00bb.<\/p>\n<p>Montoro se ha referido a los planes en relaci\u00f3n con el sistema tributario en su intervenci\u00f3n en el foro sobre la reforma del sector p\u00fablico organizado en el marco de la convenci\u00f3n nacional del PP que se celebra en Valladolid y en el que ha participado junto a la presidenta del PP de Catalu\u00f1a, Alicia S\u00e1nchez-Camacho.<\/p>\n<p>El titular de Hacienda ha recordado la mala situaci\u00f3n econ\u00f3mica heredada del PSOE y ha destacado la eficacia ante ello de medidas como la reforma laboral, la del sistema financiero y la de la administraci\u00f3n p\u00fablica.<\/p>\n<p>Montoro ha reconocido que, para bajar el gasto p\u00fablico, el Gobierno ha tenido que subir impuestos principalmente, \u00aba los que m\u00e1s capacidad econ\u00f3mica tienen\u00bb y aumentar algunos como el IRPF y el IVA.<\/p>\n<p>Ahora, cuando se est\u00e1 en la senda de la recuperaci\u00f3n, ha se\u00f1alado que va a llevarse a cabo una reforma tributaria que se abordar\u00e1 ya en el presente mes y a la que ha anunciado que har\u00e1 alusi\u00f3n ma\u00f1ana, en la clausura de la convenci\u00f3n, el presidente del Gobierno, Mariano Rajoy.<\/p>\n<p>El ministro s\u00ed ha recalcado que \u00abel IVA se va a quedar donde est\u00e1\u00bb y ante las previsibles criticas de la oposici\u00f3n de que el Gobierno va a reducir impuestos como el IRPF porque se acercan las elecciones, ha rechazado ese argumento y lo ha justificado por la distinta situaci\u00f3n econ\u00f3mica que vive el pa\u00eds.<\/p>\n<p>Para Montoro, lo que va a hacer el Gobierno es una modernizaci\u00f3n del sistema tributario y hacer lo que sabe hacer: \u00abbajar los impuestos a los espa\u00f1oles\u00bb.<\/p>\n<p>El ministro ha se\u00f1alado que se ver\u00e1 si los socialistas \u00absiguen equivoc\u00e1ndose\u00bb no apoyando la reforma prevista y ha recordado que antes del verano el Gobierno abordar\u00e1 tambi\u00e9n de forma paralela la reforma de la financiaci\u00f3n auton\u00f3mica y la local.<\/p>\n<p>S\u00e1nchez-Camacho tambi\u00e9n ha hecho alusi\u00f3n a la herencia recibida por parte del PSOE en Espa\u00f1a y del tripartito en Catalu\u00f1a y ha lamentado que el presidente de la Generalitat, Artur Mas, haya tomado como \u00abexcusa el independentismo, el separatismo y el victimismo\u00bb para gobernar esa comunidad.<\/p>\n<p>La presidenta del PP de Catalu\u00f1a ha respaldado que el Gobierno vaya a dar cuenta de los datos territorializados de lo que recibe y aporta al Estado cada comunidad, y ha dicho que, con esos datos en la mano, Catalu\u00f1a es la m\u00e1s beneficiada.<\/p>\n<p>Y eso, ha subrayado, lo deben saber los catalanes.<\/p>\n","protected":false},"excerpt":{"rendered":"<p>Valladolid, 1 feb (EFE).- El ministro de Hacienda, Crist\u00f3bal Montoro, ha destacado hoy la trascendencia de la reforma fiscal que va a aprobar el Gobierno y ha garantizado que, en esa reforma, \u00abel IVA se va a quedar donde est\u00e1\u00bb y en ella el Ejecutivo \u00abva a hacer lo que sabe hacer: bajar los impuestos\u00bb. [&hellip;]<\/p>\n","protected":false},"author":1,"featured_media":481780,"comment_status":"closed","ping_status":"open","sticky":false,"template":"","format":"standard","meta":{"footnotes":""},"categories":[1],"tags":[],"class_list":["post-481779","post","type-post","status-publish","format-standard","has-post-thumbnail","hentry","category-actualidad"],"aioseo_notices":[],"aioseo_head":"\n\t\t<!-- All in One SEO Pro 5.0.1 - aioseo.com -->\n\t<meta name=\"description\" content=\"Valladolid, 1 feb (EFE).- El ministro de Hacienda, Crist\u00f3bal Montoro, ha destacado hoy la trascendencia de la reforma fiscal que va a aprobar el Gobierno y ha garantizado que, en esa reforma, &quot;el IVA se va a quedar donde est\u00e1&quot; y en ella el Ejecutivo &quot;va a hacer lo que sabe hacer: bajar los impuestos&quot;.\" \/>\n\t<meta name=\"robots\" content=\"max-image-preview:large\" \/>\n\t<meta name=\"author\" content=\"El Digital de Asturias\"\/>\n\t<meta name=\"google-site-verification\" content=\"UA-38556648-1\" \/>\n\t<meta name=\"msvalidate.01\" content=\"7dfe9f3f1b24437ab69f4f2559babe99\" \/>\n\t<meta name=\"keywords\" content=\"actualidad\" \/>\n\t<link rel=\"canonical\" href=\"https:\/\/www.eldigitaldeasturias.com\/noticias\/montoro-garantiza-que-el-iva-se-va-a-quedar-donde-esta\/\" \/>\n\t<meta name=\"generator\" content=\"All in One SEO Pro (AIOSEO) 5.0.1\" \/>\n\t\t<meta property=\"og:locale\" content=\"es_ES\" \/>\n\t\t<meta property=\"og:site_name\" content=\"El Digital de Asturias\" \/>\n\t\t<meta property=\"og:type\" content=\"article\" \/>\n\t\t<meta property=\"og:title\" content=\"Montoro garantiza que \u00abel IVA se va a quedar donde est\u00e1\u00bb - El Digital de Asturias\" \/>\n\t\t<meta property=\"og:description\" content=\"Valladolid, 1 feb (EFE).- El ministro de Hacienda, Crist\u00f3bal Montoro, ha destacado hoy la trascendencia de la reforma fiscal que va a aprobar el Gobierno y ha garantizado que, en esa reforma, &quot;el IVA se va a quedar donde est\u00e1&quot; y en ella el Ejecutivo &quot;va a hacer lo que sabe hacer: bajar los impuestos&quot;.\" \/>\n\t\t<meta property=\"og:url\" content=\"https:\/\/www.eldigitaldeasturias.com\/noticias\/montoro-garantiza-que-el-iva-se-va-a-quedar-donde-esta\/\" \/>\n\t\t<meta property=\"article:tag\" content=\"actualidad\" \/>\n\t\t<meta property=\"article:published_time\" content=\"2014-02-01T21:50:40+00:00\" \/>\n\t\t<meta property=\"article:modified_time\" content=\"2014-02-01T21:50:40+00:00\" \/>\n\t\t<meta property=\"article:publisher\" content=\"https:\/\/facebook.com\/eldigitaldeasturias\" \/>\n\t\t<meta name=\"twitter:card\" content=\"summary_large_image\" \/>\n\t\t<meta name=\"twitter:title\" content=\"Montoro garantiza que \u00abel IVA se va a quedar donde est\u00e1\u00bb - El Digital de Asturias\" \/>\n\t\t<meta name=\"twitter:description\" content=\"Valladolid, 1 feb (EFE).- El ministro de Hacienda, Crist\u00f3bal Montoro, ha destacado hoy la trascendencia de la reforma fiscal que va a aprobar el Gobierno y ha garantizado que, en esa reforma, &quot;el IVA se va a quedar donde est\u00e1&quot; y en ella el Ejecutivo &quot;va a hacer lo que sabe hacer: bajar los impuestos&quot;.\" \/>\n\t\t<meta name=\"twitter:label1\" content=\"Escrito por\" \/>\n\t\t<meta name=\"twitter:data1\" content=\"El Digital de Asturias\" \/>\n\t\t<meta name=\"twitter:label2\" content=\"Tiempo de lectura estimado\" \/>\n\t\t<meta name=\"twitter:data2\" content=\"2 minutos\" \/>\n\t\t<script type=\"application\/ld+json\" class=\"aioseo-schema\">\n\t\t\t{\"@context\":\"https:\\\/\\\/schema.org\",\"@graph\":[{\"@type\":\"BlogPosting\",\"@id\":\"https:\\\/\\\/www.eldigitaldeasturias.com\\\/noticias\\\/montoro-garantiza-que-el-iva-se-va-a-quedar-donde-esta\\\/#blogposting\",\"name\":\"Montoro garantiza que \\u00abel IVA se va a quedar donde est\\u00e1\\u00bb - El Digital de Asturias\",\"headline\":\"Montoro garantiza que \\u00abel IVA se va a quedar donde est\\u00e1\\u00bb\",\"author\":{\"@id\":\"https:\\\/\\\/www.eldigitaldeasturias.com\\\/noticias\\\/author\\\/admin\\\/#author\"},\"publisher\":{\"@id\":\"https:\\\/\\\/www.eldigitaldeasturias.com\\\/noticias\\\/#organization\"},\"image\":{\"@type\":\"ImageObject\",\"url\":481780},\"datePublished\":\"2014-02-01T20:50:40+01:00\",\"dateModified\":\"2014-02-01T20:50:40+01:00\",\"inLanguage\":\"es-ES\",\"mainEntityOfPage\":{\"@id\":\"https:\\\/\\\/www.eldigitaldeasturias.com\\\/noticias\\\/montoro-garantiza-que-el-iva-se-va-a-quedar-donde-esta\\\/#webpage\"},\"isPartOf\":{\"@id\":\"https:\\\/\\\/www.eldigitaldeasturias.com\\\/noticias\\\/montoro-garantiza-que-el-iva-se-va-a-quedar-donde-esta\\\/#webpage\"},\"articleSection\":\"Actualidad\"},{\"@type\":\"BreadcrumbList\",\"@id\":\"https:\\\/\\\/www.eldigitaldeasturias.com\\\/noticias\\\/montoro-garantiza-que-el-iva-se-va-a-quedar-donde-esta\\\/#breadcrumblist\",\"itemListElement\":[{\"@type\":\"ListItem\",\"@id\":\"https:\\\/\\\/www.eldigitaldeasturias.com\\\/noticias#listItem\",\"position\":1,\"name\":\"Home\",\"item\":\"https:\\\/\\\/www.eldigitaldeasturias.com\\\/noticias\",\"nextItem\":{\"@type\":\"ListItem\",\"@id\":\"https:\\\/\\\/www.eldigitaldeasturias.com\\\/noticias\\\/category\\\/actualidad\\\/#listItem\",\"name\":\"Actualidad\"}},{\"@type\":\"ListItem\",\"@id\":\"https:\\\/\\\/www.eldigitaldeasturias.com\\\/noticias\\\/category\\\/actualidad\\\/#listItem\",\"position\":2,\"name\":\"Actualidad\",\"item\":\"https:\\\/\\\/www.eldigitaldeasturias.com\\\/noticias\\\/category\\\/actualidad\\\/\",\"nextItem\":{\"@type\":\"ListItem\",\"@id\":\"https:\\\/\\\/www.eldigitaldeasturias.com\\\/noticias\\\/montoro-garantiza-que-el-iva-se-va-a-quedar-donde-esta\\\/#listItem\",\"name\":\"Montoro garantiza que \\u00abel IVA se va a quedar donde est\\u00e1\\u00bb\"},\"previousItem\":{\"@type\":\"ListItem\",\"@id\":\"https:\\\/\\\/www.eldigitaldeasturias.com\\\/noticias#listItem\",\"name\":\"Home\"}},{\"@type\":\"ListItem\",\"@id\":\"https:\\\/\\\/www.eldigitaldeasturias.com\\\/noticias\\\/montoro-garantiza-que-el-iva-se-va-a-quedar-donde-esta\\\/#listItem\",\"position\":3,\"name\":\"Montoro garantiza que \\u00abel IVA se va a quedar donde est\\u00e1\\u00bb\",\"previousItem\":{\"@type\":\"ListItem\",\"@id\":\"https:\\\/\\\/www.eldigitaldeasturias.com\\\/noticias\\\/category\\\/actualidad\\\/#listItem\",\"name\":\"Actualidad\"}}]},{\"@type\":\"Organization\",\"@id\":\"https:\\\/\\\/www.eldigitaldeasturias.com\\\/noticias\\\/#organization\",\"name\":\"El Digital de Asturias\",\"description\":\"Hemeroteca\",\"url\":\"https:\\\/\\\/www.eldigitaldeasturias.com\\\/noticias\\\/\",\"email\":\"info@eldigitaldeasturias.com\",\"telephone\":\"+34652131393\",\"logo\":{\"@type\":\"ImageObject\",\"url\":\"https:\\\/\\\/www.eldigitaldeasturias.com\\\/noticias\\\/wp-content\\\/uploads\\\/2020\\\/12\\\/EDA.jpg\",\"@id\":\"https:\\\/\\\/www.eldigitaldeasturias.com\\\/noticias\\\/montoro-garantiza-que-el-iva-se-va-a-quedar-donde-esta\\\/#organizationLogo\"},\"image\":{\"@id\":\"https:\\\/\\\/www.eldigitaldeasturias.com\\\/noticias\\\/montoro-garantiza-que-el-iva-se-va-a-quedar-donde-esta\\\/#organizationLogo\"},\"sameAs\":[\"https:\\\/\\\/facebook.com\\\/eldigitaldeasturias\",\"https:\\\/\\\/www.youtube.com\\\/channel\\\/UCZP-2wLEB9Rv6erhFmqVnvg\"],\"address\":{\"@id\":\"https:\\\/\\\/www.eldigitaldeasturias.com\\\/noticias\\\/#postaladdress\",\"@type\":\"PostalAddress\",\"streetAddress\":\"san antonio 4\",\"postalCode\":\"33430\",\"addressLocality\":\"Cand\\u00e1s\",\"addressRegion\":\"Asturias\",\"addressCountry\":\"ES\"}},{\"@type\":\"Person\",\"@id\":\"https:\\\/\\\/www.eldigitaldeasturias.com\\\/noticias\\\/author\\\/admin\\\/#author\",\"url\":\"https:\\\/\\\/www.eldigitaldeasturias.com\\\/noticias\\\/author\\\/admin\\\/\",\"name\":\"El Digital de Asturias\",\"image\":{\"@type\":\"ImageObject\",\"@id\":\"https:\\\/\\\/www.eldigitaldeasturias.com\\\/noticias\\\/montoro-garantiza-que-el-iva-se-va-a-quedar-donde-esta\\\/#authorImage\",\"url\":\"https:\\\/\\\/secure.gravatar.com\\\/avatar\\\/df2aeffc32bcd13f8d26072ef8a91b623d677766deac7f97ca815868cd41bf5e?s=96&d=mm&r=g\",\"width\":96,\"height\":96,\"caption\":\"El Digital de Asturias\"}},{\"@type\":\"WebPage\",\"@id\":\"https:\\\/\\\/www.eldigitaldeasturias.com\\\/noticias\\\/montoro-garantiza-que-el-iva-se-va-a-quedar-donde-esta\\\/#webpage\",\"url\":\"https:\\\/\\\/www.eldigitaldeasturias.com\\\/noticias\\\/montoro-garantiza-que-el-iva-se-va-a-quedar-donde-esta\\\/\",\"name\":\"Montoro garantiza que \\u00abel IVA se va a quedar donde est\\u00e1\\u00bb - El Digital de Asturias\",\"description\":\"Valladolid, 1 feb (EFE).- El ministro de Hacienda, Crist\\u00f3bal Montoro, ha destacado hoy la trascendencia de la reforma fiscal que va a aprobar el Gobierno y ha garantizado que, en esa reforma, \\\"el IVA se va a quedar donde est\\u00e1\\\" y en ella el Ejecutivo \\\"va a hacer lo que sabe hacer: bajar los impuestos\\\".\",\"inLanguage\":\"es-ES\",\"isPartOf\":{\"@id\":\"https:\\\/\\\/www.eldigitaldeasturias.com\\\/noticias\\\/#website\"},\"breadcrumb\":{\"@id\":\"https:\\\/\\\/www.eldigitaldeasturias.com\\\/noticias\\\/montoro-garantiza-que-el-iva-se-va-a-quedar-donde-esta\\\/#breadcrumblist\"},\"author\":{\"@id\":\"https:\\\/\\\/www.eldigitaldeasturias.com\\\/noticias\\\/author\\\/admin\\\/#author\"},\"creator\":{\"@id\":\"https:\\\/\\\/www.eldigitaldeasturias.com\\\/noticias\\\/author\\\/admin\\\/#author\"},\"image\":{\"@type\":\"ImageObject\",\"url\":481780,\"@id\":\"https:\\\/\\\/www.eldigitaldeasturias.com\\\/noticias\\\/montoro-garantiza-que-el-iva-se-va-a-quedar-donde-esta\\\/#mainImage\"},\"primaryImageOfPage\":{\"@id\":\"https:\\\/\\\/www.eldigitaldeasturias.com\\\/noticias\\\/montoro-garantiza-que-el-iva-se-va-a-quedar-donde-esta\\\/#mainImage\"},\"datePublished\":\"2014-02-01T20:50:40+01:00\",\"dateModified\":\"2014-02-01T20:50:40+01:00\"},{\"@type\":\"WebSite\",\"@id\":\"https:\\\/\\\/www.eldigitaldeasturias.com\\\/noticias\\\/#website\",\"url\":\"https:\\\/\\\/www.eldigitaldeasturias.com\\\/noticias\\\/\",\"name\":\"El Digital de Asturias - Diario de actualidad y noticias\",\"alternateName\":\"El Digital de Asturias - Diario de actualidad y noticias\",\"description\":\"Hemeroteca\",\"inLanguage\":\"es-ES\",\"publisher\":{\"@id\":\"https:\\\/\\\/www.eldigitaldeasturias.com\\\/noticias\\\/#organization\"}}]}\n\t\t<\/script>\n\t\t<!-- All in One SEO Pro -->\r\n\t\t<title>Montoro garantiza que \u00abel IVA se va a quedar donde est\u00e1\u00bb - El Digital de Asturias<\/title>\n\n","aioseo_head_json":{"title":"Montoro garantiza que \u00abel IVA se va a quedar donde est\u00e1\u00bb - El Digital de Asturias","description":"Valladolid, 1 feb (EFE).- El ministro de Hacienda, Crist\u00f3bal Montoro, ha destacado hoy la trascendencia de la reforma fiscal que va a aprobar el Gobierno y ha garantizado que, en esa reforma, \"el IVA se va a quedar donde est\u00e1\" y en ella el Ejecutivo \"va a hacer lo que sabe hacer: bajar los impuestos\".","canonical_url":"https:\/\/www.eldigitaldeasturias.com\/noticias\/montoro-garantiza-que-el-iva-se-va-a-quedar-donde-esta\/","robots":"max-image-preview:large","keywords":"actualidad","webmasterTools":{"google-site-verification":"UA-38556648-1","msvalidate.01":"7dfe9f3f1b24437ab69f4f2559babe99","miscellaneous":""},"schema":{"@context":"https:\/\/schema.org","@graph":[{"@type":"BlogPosting","@id":"https:\/\/www.eldigitaldeasturias.com\/noticias\/montoro-garantiza-que-el-iva-se-va-a-quedar-donde-esta\/#blogposting","name":"Montoro garantiza que \u00abel IVA se va a quedar donde est\u00e1\u00bb - El Digital de Asturias","headline":"Montoro garantiza que \u00abel IVA se va a quedar donde est\u00e1\u00bb","author":{"@id":"https:\/\/www.eldigitaldeasturias.com\/noticias\/author\/admin\/#author"},"publisher":{"@id":"https:\/\/www.eldigitaldeasturias.com\/noticias\/#organization"},"image":{"@type":"ImageObject","url":481780},"datePublished":"2014-02-01T20:50:40+01:00","dateModified":"2014-02-01T20:50:40+01:00","inLanguage":"es-ES","mainEntityOfPage":{"@id":"https:\/\/www.eldigitaldeasturias.com\/noticias\/montoro-garantiza-que-el-iva-se-va-a-quedar-donde-esta\/#webpage"},"isPartOf":{"@id":"https:\/\/www.eldigitaldeasturias.com\/noticias\/montoro-garantiza-que-el-iva-se-va-a-quedar-donde-esta\/#webpage"},"articleSection":"Actualidad"},{"@type":"BreadcrumbList","@id":"https:\/\/www.eldigitaldeasturias.com\/noticias\/montoro-garantiza-que-el-iva-se-va-a-quedar-donde-esta\/#breadcrumblist","itemListElement":[{"@type":"ListItem","@id":"https:\/\/www.eldigitaldeasturias.com\/noticias#listItem","position":1,"name":"Home","item":"https:\/\/www.eldigitaldeasturias.com\/noticias","nextItem":{"@type":"ListItem","@id":"https:\/\/www.eldigitaldeasturias.com\/noticias\/category\/actualidad\/#listItem","name":"Actualidad"}},{"@type":"ListItem","@id":"https:\/\/www.eldigitaldeasturias.com\/noticias\/category\/actualidad\/#listItem","position":2,"name":"Actualidad","item":"https:\/\/www.eldigitaldeasturias.com\/noticias\/category\/actualidad\/","nextItem":{"@type":"ListItem","@id":"https:\/\/www.eldigitaldeasturias.com\/noticias\/montoro-garantiza-que-el-iva-se-va-a-quedar-donde-esta\/#listItem","name":"Montoro garantiza que \u00abel IVA se va a quedar donde est\u00e1\u00bb"},"previousItem":{"@type":"ListItem","@id":"https:\/\/www.eldigitaldeasturias.com\/noticias#listItem","name":"Home"}},{"@type":"ListItem","@id":"https:\/\/www.eldigitaldeasturias.com\/noticias\/montoro-garantiza-que-el-iva-se-va-a-quedar-donde-esta\/#listItem","position":3,"name":"Montoro garantiza que \u00abel IVA se va a quedar donde est\u00e1\u00bb","previousItem":{"@type":"ListItem","@id":"https:\/\/www.eldigitaldeasturias.com\/noticias\/category\/actualidad\/#listItem","name":"Actualidad"}}]},{"@type":"Organization","@id":"https:\/\/www.eldigitaldeasturias.com\/noticias\/#organization","name":"El Digital de Asturias","description":"Hemeroteca","url":"https:\/\/www.eldigitaldeasturias.com\/noticias\/","email":"info@eldigitaldeasturias.com","telephone":"+34652131393","logo":{"@type":"ImageObject","url":"https:\/\/www.eldigitaldeasturias.com\/noticias\/wp-content\/uploads\/2020\/12\/EDA.jpg","@id":"https:\/\/www.eldigitaldeasturias.com\/noticias\/montoro-garantiza-que-el-iva-se-va-a-quedar-donde-esta\/#organizationLogo"},"image":{"@id":"https:\/\/www.eldigitaldeasturias.com\/noticias\/montoro-garantiza-que-el-iva-se-va-a-quedar-donde-esta\/#organizationLogo"},"sameAs":["https:\/\/facebook.com\/eldigitaldeasturias","https:\/\/www.youtube.com\/channel\/UCZP-2wLEB9Rv6erhFmqVnvg"],"address":{"@id":"https:\/\/www.eldigitaldeasturias.com\/noticias\/#postaladdress","@type":"PostalAddress","streetAddress":"san antonio 4","postalCode":"33430","addressLocality":"Cand\u00e1s","addressRegion":"Asturias","addressCountry":"ES"}},{"@type":"Person","@id":"https:\/\/www.eldigitaldeasturias.com\/noticias\/author\/admin\/#author","url":"https:\/\/www.eldigitaldeasturias.com\/noticias\/author\/admin\/","name":"El Digital de Asturias","image":{"@type":"ImageObject","@id":"https:\/\/www.eldigitaldeasturias.com\/noticias\/montoro-garantiza-que-el-iva-se-va-a-quedar-donde-esta\/#authorImage","url":"https:\/\/secure.gravatar.com\/avatar\/df2aeffc32bcd13f8d26072ef8a91b623d677766deac7f97ca815868cd41bf5e?s=96&d=mm&r=g","width":96,"height":96,"caption":"El Digital de Asturias"}},{"@type":"WebPage","@id":"https:\/\/www.eldigitaldeasturias.com\/noticias\/montoro-garantiza-que-el-iva-se-va-a-quedar-donde-esta\/#webpage","url":"https:\/\/www.eldigitaldeasturias.com\/noticias\/montoro-garantiza-que-el-iva-se-va-a-quedar-donde-esta\/","name":"Montoro garantiza que \u00abel IVA se va a quedar donde est\u00e1\u00bb - El Digital de Asturias","description":"Valladolid, 1 feb (EFE).- El ministro de Hacienda, Crist\u00f3bal Montoro, ha destacado hoy la trascendencia de la reforma fiscal que va a aprobar el Gobierno y ha garantizado que, en esa reforma, \"el IVA se va a quedar donde est\u00e1\" y en ella el Ejecutivo \"va a hacer lo que sabe hacer: bajar los impuestos\".","inLanguage":"es-ES","isPartOf":{"@id":"https:\/\/www.eldigitaldeasturias.com\/noticias\/#website"},"breadcrumb":{"@id":"https:\/\/www.eldigitaldeasturias.com\/noticias\/montoro-garantiza-que-el-iva-se-va-a-quedar-donde-esta\/#breadcrumblist"},"author":{"@id":"https:\/\/www.eldigitaldeasturias.com\/noticias\/author\/admin\/#author"},"creator":{"@id":"https:\/\/www.eldigitaldeasturias.com\/noticias\/author\/admin\/#author"},"image":{"@type":"ImageObject","url":481780,"@id":"https:\/\/www.eldigitaldeasturias.com\/noticias\/montoro-garantiza-que-el-iva-se-va-a-quedar-donde-esta\/#mainImage"},"primaryImageOfPage":{"@id":"https:\/\/www.eldigitaldeasturias.com\/noticias\/montoro-garantiza-que-el-iva-se-va-a-quedar-donde-esta\/#mainImage"},"datePublished":"2014-02-01T20:50:40+01:00","dateModified":"2014-02-01T20:50:40+01:00"},{"@type":"WebSite","@id":"https:\/\/www.eldigitaldeasturias.com\/noticias\/#website","url":"https:\/\/www.eldigitaldeasturias.com\/noticias\/","name":"El Digital de Asturias - Diario de actualidad y noticias","alternateName":"El Digital de Asturias - Diario de actualidad y noticias","description":"Hemeroteca","inLanguage":"es-ES","publisher":{"@id":"https:\/\/www.eldigitaldeasturias.com\/noticias\/#organization"}}]},"og:locale":"es_ES","og:site_name":"El Digital de Asturias","og:type":"article","og:title":"Montoro garantiza que \u00abel IVA se va a quedar donde est\u00e1\u00bb - El Digital de Asturias","og:description":"Valladolid, 1 feb (EFE).- El ministro de Hacienda, Crist\u00f3bal Montoro, ha destacado hoy la trascendencia de la reforma fiscal que va a aprobar el Gobierno y ha garantizado que, en esa reforma, &quot;el IVA se va a quedar donde est\u00e1&quot; y en ella el Ejecutivo &quot;va a hacer lo que sabe hacer: bajar los impuestos&quot;.","og:url":"https:\/\/www.eldigitaldeasturias.com\/noticias\/montoro-garantiza-que-el-iva-se-va-a-quedar-donde-esta\/","article:tag":["actualidad"],"article:published_time":"2014-02-01T21:50:40+00:00","article:modified_time":"2014-02-01T21:50:40+00:00","article:publisher":"https:\/\/facebook.com\/eldigitaldeasturias","twitter:card":"summary_large_image","twitter:title":"Montoro garantiza que \u00abel IVA se va a quedar donde est\u00e1\u00bb - El Digital de Asturias","twitter:description":"Valladolid, 1 feb (EFE).- El ministro de Hacienda, Crist\u00f3bal Montoro, ha destacado hoy la trascendencia de la reforma fiscal que va a aprobar el Gobierno y ha garantizado que, en esa reforma, &quot;el IVA se va a quedar donde est\u00e1&quot; y en ella el Ejecutivo &quot;va a hacer lo que sabe hacer: bajar los impuestos&quot;.","twitter:label1":"Escrito por","twitter:data1":"El Digital de Asturias","twitter:label2":"Tiempo de lectura estimado","twitter:data2":"2 minutos"},"aioseo_meta_data":{"post_id":"481779","title":null,"description":null,"keywords":null,"keyphrases":null,"primary_term":null,"canonical_url":null,"og_title":null,"og_description":null,"og_object_type":"default","og_image_type":"default","og_image_url":null,"og_image_width":null,"og_image_height":null,"og_image_custom_url":null,"og_image_custom_fields":null,"og_video":null,"og_custom_url":null,"og_article_section":null,"og_article_tags":null,"twitter_use_og":true,"twitter_card":"default","twitter_image_type":"default","twitter_image_url":null,"twitter_image_custom_url":null,"twitter_image_custom_fields":null,"twitter_title":null,"twitter_description":null,"schema":{"blockGraphs":[],"customGraphs":[],"default":{"data":{"Article":[],"Course":[],"Dataset":[],"FAQPage":[],"Movie":[],"Person":[],"Product":[],"ProductReview":[],"Car":[],"Recipe":[],"Service":[],"SoftwareApplication":[],"WebPage":[]},"graphName":"","isEnabled":true},"graphs":[],"defaultGraph":"","defaultPostTypeGraph":""},"schema_type":null,"schema_type_options":null,"pillar_content":false,"robots_default":true,"robots_noindex":false,"robots_noarchive":false,"robots_nosnippet":false,"robots_nofollow":false,"robots_noimageindex":false,"robots_noodp":false,"robots_notranslate":false,"robots_max_snippet":null,"robots_max_videopreview":null,"robots_max_imagepreview":"none","priority":null,"frequency":null,"local_seo":null,"seo_analyzer_scan_date":"2026-06-02 07:51:57","breadcrumb_settings":null,"limit_modified_date":false,"open_ai":null,"ai":null,"created":"2020-11-14 22:54:28","updated":"2026-06-02 07:51:57","focus_keyword":null,"additional_keywords":null,"truseo_locale":null},"aioseo_breadcrumb":"<div class=\"aioseo-breadcrumbs\"><span class=\"aioseo-breadcrumb\">\n\t<a href=\"https:\/\/www.eldigitaldeasturias.com\/noticias\" title=\"Home\">Home<\/a>\n<\/span><span class=\"aioseo-breadcrumb-separator\">\u2013<\/span><span class=\"aioseo-breadcrumb\">\n\t<a href=\"https:\/\/www.eldigitaldeasturias.com\/noticias\/category\/actualidad\/\" title=\"Actualidad\">Actualidad<\/a>\n<\/span><span class=\"aioseo-breadcrumb-separator\">\u2013<\/span><span class=\"aioseo-breadcrumb\">\n\t<a href=\"https:\/\/www.eldigitaldeasturias.com\/noticias\/montoro-garantiza-que-el-iva-se-va-a-quedar-donde-esta\/\" title=\"Montoro garantiza que \u00abel IVA se va a quedar donde est\u00e1\u00bb\">Montoro garantiza que \u00abel IVA se va a quedar donde est\u00e1\u00bb<\/a>\n<\/span><\/div>","aioseo_breadcrumb_json":[{"label":"Home","link":"https:\/\/www.eldigitaldeasturias.com\/noticias"},{"label":"Actualidad","link":"https:\/\/www.eldigitaldeasturias.com\/noticias\/category\/actualidad\/"},{"label":"Montoro garantiza que \u00abel IVA se va a quedar donde est\u00e1\u00bb","link":"https:\/\/www.eldigitaldeasturias.com\/noticias\/montoro-garantiza-que-el-iva-se-va-a-quedar-donde-esta\/"}],"_links":{"self":[{"href":"https:\/\/www.eldigitaldeasturias.com\/noticias\/wp-json\/wp\/v2\/posts\/481779","targetHints":{"allow":["GET"]}}],"collection":[{"href":"https:\/\/www.eldigitaldeasturias.com\/noticias\/wp-json\/wp\/v2\/posts"}],"about":[{"href":"https:\/\/www.eldigitaldeasturias.com\/noticias\/wp-json\/wp\/v2\/types\/post"}],"author":[{"embeddable":true,"href":"https:\/\/www.eldigitaldeasturias.com\/noticias\/wp-json\/wp\/v2\/users\/1"}],"replies":[{"embeddable":true,"href":"https:\/\/www.eldigitaldeasturias.com\/noticias\/wp-json\/wp\/v2\/comments?post=481779"}],"version-history":[{"count":0,"href":"https:\/\/www.eldigitaldeasturias.com\/noticias\/wp-json\/wp\/v2\/posts\/481779\/revisions"}],"wp:attachment":[{"href":"https:\/\/www.eldigitaldeasturias.com\/noticias\/wp-json\/wp\/v2\/media?parent=481779"}],"wp:term":[{"taxonomy":"category","embeddable":true,"href":"https:\/\/www.eldigitaldeasturias.com\/noticias\/wp-json\/wp\/v2\/categories?post=481779"},{"taxonomy":"post_tag","embeddable":true,"href":"https:\/\/www.eldigitaldeasturias.com\/noticias\/wp-json\/wp\/v2\/tags?post=481779"}],"curies":[{"name":"wp","href":"https:\/\/api.w.org\/{rel}","templated":true}]}}