{"id":481767,"date":"2014-02-01T20:47:05","date_gmt":"2014-02-01T21:47:05","guid":{"rendered":"http:\/\/www.eldigitaldeasturias.com\/noticias\/?p=481767"},"modified":"2014-02-01T20:47:05","modified_gmt":"2014-02-01T21:47:05","slug":"casillas-afirma-que-luis-cambio-la-historia-del-futbol-espanol","status":"publish","type":"post","link":"https:\/\/www.eldigitaldeasturias.com\/noticias\/casillas-afirma-que-luis-cambio-la-historia-del-futbol-espanol\/","title":{"rendered":"Casillas afirma que \u00abLuis cambi\u00f3 la historia del f\u00fatbol espa\u00f1ol\u00bb"},"content":{"rendered":"<p><img loading=\"lazy\" decoding=\"async\" class=\"alignleft size-medium wp-image-481768\" alt=\"5899734w\" src=\"https:\/\/www.eldigitaldeasturias.com\/noticias\/wp-content\/uploads\/2014\/02\/5899734w-360x247.jpg\" width=\"360\" height=\"247\" \/>Madrid, 1 feb (EFE).- Iker Casillas, capit\u00e1n de la selecci\u00f3n espa\u00f1ola y el Real Madrid, mostr\u00f3 su dolor por la p\u00e9rdida de Luis Aragon\u00e9s, que asegur\u00f3 \u00abcambi\u00f3 la historia del f\u00fatbol espa\u00f1ol\u00bb y con una sonrisa record\u00f3 su primera an\u00e9cdota cuando le sent\u00f3 a su llegada a la Roja y le dijo que no le mirase \u00abcomo las vacas al tren\u00bb.<\/p>\n<p>Casillas compareci\u00f3 junto a Carlo Ancelotti en la rueda de prensa de la ciudad deportiva de Valdebebas, para tomar la palabra antes que su t\u00e9cnico y transmitir un sentido p\u00e9same por el fallecimiento de Luis Aragon\u00e9s.<\/p>\n<p>\u00abEn nombre de la primera plantilla del Real Madrid transmito nuestro m\u00e1s sincero p\u00e9same a toda la familia de Luis Aragon\u00e9s por su perdida. Que descanse en paz. Nuestras condolencias en estos momentos tan dif\u00edciles a su familia, al f\u00fatbol espa\u00f1ol, a todos los equipos en los que ha estado y sobre todo al Atl\u00e9tico de Madrid\u00bb, comenz\u00f3 diciendo Casillas.<\/p>\n<p>El capit\u00e1n ensalz\u00f3 la figura del Luis entrenador. \u00abHa sido el que cambi\u00f3 la historia del f\u00fatbol espa\u00f1ol y se lo tenemos que agradecer todos. El propio Vicente del Bosque siempre ha dado las gracias por el legado que tuvo en su momento. Hay que agradecerle lo que nos dio en el 2008, esa Eurocopa que cambi\u00f3 todos los acontecimientos\u00bb.<\/p>\n<p>Y tambi\u00e9n destac\u00f3 sus virtudes como persona. \u00abEra bueno porque te hablaba de una manera campechana, franca, sincera y honesta. Mi relaci\u00f3n con \u00e9l fue buen\u00edsima. Una persona que ha influido bastante a todos los de mi generaci\u00f3n, a nivel internacional sobre todo. Son momentos duros para los que le hemos conocido, era una persona entra\u00f1able y querido por todos los jugadores que ha tenido\u00bb, coment\u00f3.<\/p>\n<p>Y reconoci\u00f3 que guarda para siempre \u00abmiles de an\u00e9cdotas\u00bb pero record\u00f3 la primera, cuando le comenz\u00f3 a tener como seleccionador en la Roja.<\/p>\n<p>\u00abEn su primer partido con la selecci\u00f3n espa\u00f1ola opt\u00f3 por Ca\u00f1izares y yo me qued\u00e9 triste porque ven\u00eda jugando con I\u00f1aki Saez. Me cogi\u00f3 en un entrenamiento en Canarias y me pregunt\u00f3 por lo que me pasaba. Yo ten\u00eda 23 a\u00f1os y le dije que no entend\u00eda los cambios que hab\u00eda hecho pero que deb\u00eda ser compa\u00f1ero. Me respondi\u00f3 que entonces no le mirase como lo hacen las vacas al paso del tren\u00bb.<\/p>\n","protected":false},"excerpt":{"rendered":"<p>Madrid, 1 feb (EFE).- Iker Casillas, capit\u00e1n de la selecci\u00f3n espa\u00f1ola y el Real Madrid, mostr\u00f3 su dolor por la p\u00e9rdida de Luis Aragon\u00e9s, que asegur\u00f3 \u00abcambi\u00f3 la historia del f\u00fatbol espa\u00f1ol\u00bb y con una sonrisa record\u00f3 su primera an\u00e9cdota cuando le sent\u00f3 a su llegada a la Roja y le dijo que no le [&hellip;]<\/p>\n","protected":false},"author":1,"featured_media":481768,"comment_status":"closed","ping_status":"open","sticky":false,"template":"","format":"standard","meta":{"footnotes":""},"categories":[1],"tags":[],"class_list":["post-481767","post","type-post","status-publish","format-standard","has-post-thumbnail","hentry","category-actualidad"],"aioseo_notices":[],"aioseo_head":"\n\t\t<!-- All in One SEO Pro 5.0.1 - aioseo.com -->\n\t<meta name=\"description\" content=\"Madrid, 1 feb (EFE).- Iker Casillas, capit\u00e1n de la selecci\u00f3n espa\u00f1ola y el Real Madrid, mostr\u00f3 su dolor por la p\u00e9rdida de Luis Aragon\u00e9s, que asegur\u00f3 &quot;cambi\u00f3 la historia del f\u00fatbol espa\u00f1ol&quot; y con una sonrisa record\u00f3 su primera an\u00e9cdota cuando le sent\u00f3 a su llegada a la Roja y le dijo que no le\" \/>\n\t<meta name=\"robots\" content=\"max-image-preview:large\" \/>\n\t<meta name=\"author\" content=\"El Digital de Asturias\"\/>\n\t<meta name=\"google-site-verification\" content=\"UA-38556648-1\" \/>\n\t<meta name=\"msvalidate.01\" content=\"7dfe9f3f1b24437ab69f4f2559babe99\" \/>\n\t<meta name=\"keywords\" content=\"actualidad\" \/>\n\t<link rel=\"canonical\" href=\"https:\/\/www.eldigitaldeasturias.com\/noticias\/casillas-afirma-que-luis-cambio-la-historia-del-futbol-espanol\/\" \/>\n\t<meta name=\"generator\" content=\"All in One SEO Pro (AIOSEO) 5.0.1\" \/>\n\t\t<meta property=\"og:locale\" content=\"es_ES\" \/>\n\t\t<meta property=\"og:site_name\" content=\"El Digital de Asturias\" \/>\n\t\t<meta property=\"og:type\" content=\"article\" \/>\n\t\t<meta property=\"og:title\" content=\"Casillas afirma que \u00abLuis cambi\u00f3 la historia del f\u00fatbol espa\u00f1ol\u00bb - El Digital de Asturias\" \/>\n\t\t<meta property=\"og:description\" content=\"Madrid, 1 feb (EFE).- Iker Casillas, capit\u00e1n de la selecci\u00f3n espa\u00f1ola y el Real Madrid, mostr\u00f3 su dolor por la p\u00e9rdida de Luis Aragon\u00e9s, que asegur\u00f3 &quot;cambi\u00f3 la historia del f\u00fatbol espa\u00f1ol&quot; y con una sonrisa record\u00f3 su primera an\u00e9cdota cuando le sent\u00f3 a su llegada a la Roja y le dijo que no le\" \/>\n\t\t<meta property=\"og:url\" content=\"https:\/\/www.eldigitaldeasturias.com\/noticias\/casillas-afirma-que-luis-cambio-la-historia-del-futbol-espanol\/\" \/>\n\t\t<meta property=\"article:tag\" content=\"actualidad\" \/>\n\t\t<meta property=\"article:published_time\" content=\"2014-02-01T21:47:05+00:00\" \/>\n\t\t<meta property=\"article:modified_time\" content=\"2014-02-01T21:47:05+00:00\" \/>\n\t\t<meta property=\"article:publisher\" content=\"https:\/\/facebook.com\/eldigitaldeasturias\" \/>\n\t\t<meta name=\"twitter:card\" content=\"summary_large_image\" \/>\n\t\t<meta name=\"twitter:title\" content=\"Casillas afirma que \u00abLuis cambi\u00f3 la historia del f\u00fatbol espa\u00f1ol\u00bb - El Digital de Asturias\" \/>\n\t\t<meta name=\"twitter:description\" content=\"Madrid, 1 feb (EFE).- Iker Casillas, capit\u00e1n de la selecci\u00f3n espa\u00f1ola y el Real Madrid, mostr\u00f3 su dolor por la p\u00e9rdida de Luis Aragon\u00e9s, que asegur\u00f3 &quot;cambi\u00f3 la historia del f\u00fatbol espa\u00f1ol&quot; y con una sonrisa record\u00f3 su primera an\u00e9cdota cuando le sent\u00f3 a su llegada a la Roja y le dijo que no le\" \/>\n\t\t<meta name=\"twitter:label1\" content=\"Escrito por\" \/>\n\t\t<meta name=\"twitter:data1\" content=\"El Digital de Asturias\" \/>\n\t\t<meta name=\"twitter:label2\" content=\"Tiempo de lectura estimado\" \/>\n\t\t<meta name=\"twitter:data2\" content=\"2 minutos\" \/>\n\t\t<script type=\"application\/ld+json\" class=\"aioseo-schema\">\n\t\t\t{\"@context\":\"https:\\\/\\\/schema.org\",\"@graph\":[{\"@type\":\"BlogPosting\",\"@id\":\"https:\\\/\\\/www.eldigitaldeasturias.com\\\/noticias\\\/casillas-afirma-que-luis-cambio-la-historia-del-futbol-espanol\\\/#blogposting\",\"name\":\"Casillas afirma que \\u00abLuis cambi\\u00f3 la historia del f\\u00fatbol espa\\u00f1ol\\u00bb - El Digital de Asturias\",\"headline\":\"Casillas afirma que \\u00abLuis cambi\\u00f3 la historia del f\\u00fatbol espa\\u00f1ol\\u00bb\",\"author\":{\"@id\":\"https:\\\/\\\/www.eldigitaldeasturias.com\\\/noticias\\\/author\\\/admin\\\/#author\"},\"publisher\":{\"@id\":\"https:\\\/\\\/www.eldigitaldeasturias.com\\\/noticias\\\/#organization\"},\"image\":{\"@type\":\"ImageObject\",\"url\":481768},\"datePublished\":\"2014-02-01T20:47:05+01:00\",\"dateModified\":\"2014-02-01T20:47:05+01:00\",\"inLanguage\":\"es-ES\",\"mainEntityOfPage\":{\"@id\":\"https:\\\/\\\/www.eldigitaldeasturias.com\\\/noticias\\\/casillas-afirma-que-luis-cambio-la-historia-del-futbol-espanol\\\/#webpage\"},\"isPartOf\":{\"@id\":\"https:\\\/\\\/www.eldigitaldeasturias.com\\\/noticias\\\/casillas-afirma-que-luis-cambio-la-historia-del-futbol-espanol\\\/#webpage\"},\"articleSection\":\"Actualidad\"},{\"@type\":\"BreadcrumbList\",\"@id\":\"https:\\\/\\\/www.eldigitaldeasturias.com\\\/noticias\\\/casillas-afirma-que-luis-cambio-la-historia-del-futbol-espanol\\\/#breadcrumblist\",\"itemListElement\":[{\"@type\":\"ListItem\",\"@id\":\"https:\\\/\\\/www.eldigitaldeasturias.com\\\/noticias#listItem\",\"position\":1,\"name\":\"Home\",\"item\":\"https:\\\/\\\/www.eldigitaldeasturias.com\\\/noticias\",\"nextItem\":{\"@type\":\"ListItem\",\"@id\":\"https:\\\/\\\/www.eldigitaldeasturias.com\\\/noticias\\\/category\\\/actualidad\\\/#listItem\",\"name\":\"Actualidad\"}},{\"@type\":\"ListItem\",\"@id\":\"https:\\\/\\\/www.eldigitaldeasturias.com\\\/noticias\\\/category\\\/actualidad\\\/#listItem\",\"position\":2,\"name\":\"Actualidad\",\"item\":\"https:\\\/\\\/www.eldigitaldeasturias.com\\\/noticias\\\/category\\\/actualidad\\\/\",\"nextItem\":{\"@type\":\"ListItem\",\"@id\":\"https:\\\/\\\/www.eldigitaldeasturias.com\\\/noticias\\\/casillas-afirma-que-luis-cambio-la-historia-del-futbol-espanol\\\/#listItem\",\"name\":\"Casillas afirma que \\u00abLuis cambi\\u00f3 la historia del f\\u00fatbol espa\\u00f1ol\\u00bb\"},\"previousItem\":{\"@type\":\"ListItem\",\"@id\":\"https:\\\/\\\/www.eldigitaldeasturias.com\\\/noticias#listItem\",\"name\":\"Home\"}},{\"@type\":\"ListItem\",\"@id\":\"https:\\\/\\\/www.eldigitaldeasturias.com\\\/noticias\\\/casillas-afirma-que-luis-cambio-la-historia-del-futbol-espanol\\\/#listItem\",\"position\":3,\"name\":\"Casillas afirma que \\u00abLuis cambi\\u00f3 la historia del f\\u00fatbol espa\\u00f1ol\\u00bb\",\"previousItem\":{\"@type\":\"ListItem\",\"@id\":\"https:\\\/\\\/www.eldigitaldeasturias.com\\\/noticias\\\/category\\\/actualidad\\\/#listItem\",\"name\":\"Actualidad\"}}]},{\"@type\":\"Organization\",\"@id\":\"https:\\\/\\\/www.eldigitaldeasturias.com\\\/noticias\\\/#organization\",\"name\":\"El Digital de Asturias\",\"description\":\"Hemeroteca\",\"url\":\"https:\\\/\\\/www.eldigitaldeasturias.com\\\/noticias\\\/\",\"email\":\"info@eldigitaldeasturias.com\",\"telephone\":\"+34652131393\",\"logo\":{\"@type\":\"ImageObject\",\"url\":\"https:\\\/\\\/www.eldigitaldeasturias.com\\\/noticias\\\/wp-content\\\/uploads\\\/2020\\\/12\\\/EDA.jpg\",\"@id\":\"https:\\\/\\\/www.eldigitaldeasturias.com\\\/noticias\\\/casillas-afirma-que-luis-cambio-la-historia-del-futbol-espanol\\\/#organizationLogo\"},\"image\":{\"@id\":\"https:\\\/\\\/www.eldigitaldeasturias.com\\\/noticias\\\/casillas-afirma-que-luis-cambio-la-historia-del-futbol-espanol\\\/#organizationLogo\"},\"sameAs\":[\"https:\\\/\\\/facebook.com\\\/eldigitaldeasturias\",\"https:\\\/\\\/www.youtube.com\\\/channel\\\/UCZP-2wLEB9Rv6erhFmqVnvg\"],\"address\":{\"@id\":\"https:\\\/\\\/www.eldigitaldeasturias.com\\\/noticias\\\/#postaladdress\",\"@type\":\"PostalAddress\",\"streetAddress\":\"san antonio 4\",\"postalCode\":\"33430\",\"addressLocality\":\"Cand\\u00e1s\",\"addressRegion\":\"Asturias\",\"addressCountry\":\"ES\"}},{\"@type\":\"Person\",\"@id\":\"https:\\\/\\\/www.eldigitaldeasturias.com\\\/noticias\\\/author\\\/admin\\\/#author\",\"url\":\"https:\\\/\\\/www.eldigitaldeasturias.com\\\/noticias\\\/author\\\/admin\\\/\",\"name\":\"El Digital de Asturias\",\"image\":{\"@type\":\"ImageObject\",\"@id\":\"https:\\\/\\\/www.eldigitaldeasturias.com\\\/noticias\\\/casillas-afirma-que-luis-cambio-la-historia-del-futbol-espanol\\\/#authorImage\",\"url\":\"https:\\\/\\\/secure.gravatar.com\\\/avatar\\\/df2aeffc32bcd13f8d26072ef8a91b623d677766deac7f97ca815868cd41bf5e?s=96&d=mm&r=g\",\"width\":96,\"height\":96,\"caption\":\"El Digital de Asturias\"}},{\"@type\":\"WebPage\",\"@id\":\"https:\\\/\\\/www.eldigitaldeasturias.com\\\/noticias\\\/casillas-afirma-que-luis-cambio-la-historia-del-futbol-espanol\\\/#webpage\",\"url\":\"https:\\\/\\\/www.eldigitaldeasturias.com\\\/noticias\\\/casillas-afirma-que-luis-cambio-la-historia-del-futbol-espanol\\\/\",\"name\":\"Casillas afirma que \\u00abLuis cambi\\u00f3 la historia del f\\u00fatbol espa\\u00f1ol\\u00bb - El Digital de Asturias\",\"description\":\"Madrid, 1 feb (EFE).- Iker Casillas, capit\\u00e1n de la selecci\\u00f3n espa\\u00f1ola y el Real Madrid, mostr\\u00f3 su dolor por la p\\u00e9rdida de Luis Aragon\\u00e9s, que asegur\\u00f3 \\\"cambi\\u00f3 la historia del f\\u00fatbol espa\\u00f1ol\\\" y con una sonrisa record\\u00f3 su primera an\\u00e9cdota cuando le sent\\u00f3 a su llegada a la Roja y le dijo que no le\",\"inLanguage\":\"es-ES\",\"isPartOf\":{\"@id\":\"https:\\\/\\\/www.eldigitaldeasturias.com\\\/noticias\\\/#website\"},\"breadcrumb\":{\"@id\":\"https:\\\/\\\/www.eldigitaldeasturias.com\\\/noticias\\\/casillas-afirma-que-luis-cambio-la-historia-del-futbol-espanol\\\/#breadcrumblist\"},\"author\":{\"@id\":\"https:\\\/\\\/www.eldigitaldeasturias.com\\\/noticias\\\/author\\\/admin\\\/#author\"},\"creator\":{\"@id\":\"https:\\\/\\\/www.eldigitaldeasturias.com\\\/noticias\\\/author\\\/admin\\\/#author\"},\"image\":{\"@type\":\"ImageObject\",\"url\":481768,\"@id\":\"https:\\\/\\\/www.eldigitaldeasturias.com\\\/noticias\\\/casillas-afirma-que-luis-cambio-la-historia-del-futbol-espanol\\\/#mainImage\"},\"primaryImageOfPage\":{\"@id\":\"https:\\\/\\\/www.eldigitaldeasturias.com\\\/noticias\\\/casillas-afirma-que-luis-cambio-la-historia-del-futbol-espanol\\\/#mainImage\"},\"datePublished\":\"2014-02-01T20:47:05+01:00\",\"dateModified\":\"2014-02-01T20:47:05+01:00\"},{\"@type\":\"WebSite\",\"@id\":\"https:\\\/\\\/www.eldigitaldeasturias.com\\\/noticias\\\/#website\",\"url\":\"https:\\\/\\\/www.eldigitaldeasturias.com\\\/noticias\\\/\",\"name\":\"El Digital de Asturias - Diario de actualidad y noticias\",\"alternateName\":\"El Digital de Asturias - Diario de actualidad y noticias\",\"description\":\"Hemeroteca\",\"inLanguage\":\"es-ES\",\"publisher\":{\"@id\":\"https:\\\/\\\/www.eldigitaldeasturias.com\\\/noticias\\\/#organization\"}}]}\n\t\t<\/script>\n\t\t<!-- All in One SEO Pro -->\r\n\t\t<title>Casillas afirma que \u00abLuis cambi\u00f3 la historia del f\u00fatbol espa\u00f1ol\u00bb - El Digital de Asturias<\/title>\n\n","aioseo_head_json":{"title":"Casillas afirma que \u00abLuis cambi\u00f3 la historia del f\u00fatbol espa\u00f1ol\u00bb - El Digital de Asturias","description":"Madrid, 1 feb (EFE).- Iker Casillas, capit\u00e1n de la selecci\u00f3n espa\u00f1ola y el Real Madrid, mostr\u00f3 su dolor por la p\u00e9rdida de Luis Aragon\u00e9s, que asegur\u00f3 \"cambi\u00f3 la historia del f\u00fatbol espa\u00f1ol\" y con una sonrisa record\u00f3 su primera an\u00e9cdota cuando le sent\u00f3 a su llegada a la Roja y le dijo que no le","canonical_url":"https:\/\/www.eldigitaldeasturias.com\/noticias\/casillas-afirma-que-luis-cambio-la-historia-del-futbol-espanol\/","robots":"max-image-preview:large","keywords":"actualidad","webmasterTools":{"google-site-verification":"UA-38556648-1","msvalidate.01":"7dfe9f3f1b24437ab69f4f2559babe99","miscellaneous":""},"schema":{"@context":"https:\/\/schema.org","@graph":[{"@type":"BlogPosting","@id":"https:\/\/www.eldigitaldeasturias.com\/noticias\/casillas-afirma-que-luis-cambio-la-historia-del-futbol-espanol\/#blogposting","name":"Casillas afirma que \u00abLuis cambi\u00f3 la historia del f\u00fatbol espa\u00f1ol\u00bb - El Digital de Asturias","headline":"Casillas afirma que \u00abLuis cambi\u00f3 la historia del f\u00fatbol espa\u00f1ol\u00bb","author":{"@id":"https:\/\/www.eldigitaldeasturias.com\/noticias\/author\/admin\/#author"},"publisher":{"@id":"https:\/\/www.eldigitaldeasturias.com\/noticias\/#organization"},"image":{"@type":"ImageObject","url":481768},"datePublished":"2014-02-01T20:47:05+01:00","dateModified":"2014-02-01T20:47:05+01:00","inLanguage":"es-ES","mainEntityOfPage":{"@id":"https:\/\/www.eldigitaldeasturias.com\/noticias\/casillas-afirma-que-luis-cambio-la-historia-del-futbol-espanol\/#webpage"},"isPartOf":{"@id":"https:\/\/www.eldigitaldeasturias.com\/noticias\/casillas-afirma-que-luis-cambio-la-historia-del-futbol-espanol\/#webpage"},"articleSection":"Actualidad"},{"@type":"BreadcrumbList","@id":"https:\/\/www.eldigitaldeasturias.com\/noticias\/casillas-afirma-que-luis-cambio-la-historia-del-futbol-espanol\/#breadcrumblist","itemListElement":[{"@type":"ListItem","@id":"https:\/\/www.eldigitaldeasturias.com\/noticias#listItem","position":1,"name":"Home","item":"https:\/\/www.eldigitaldeasturias.com\/noticias","nextItem":{"@type":"ListItem","@id":"https:\/\/www.eldigitaldeasturias.com\/noticias\/category\/actualidad\/#listItem","name":"Actualidad"}},{"@type":"ListItem","@id":"https:\/\/www.eldigitaldeasturias.com\/noticias\/category\/actualidad\/#listItem","position":2,"name":"Actualidad","item":"https:\/\/www.eldigitaldeasturias.com\/noticias\/category\/actualidad\/","nextItem":{"@type":"ListItem","@id":"https:\/\/www.eldigitaldeasturias.com\/noticias\/casillas-afirma-que-luis-cambio-la-historia-del-futbol-espanol\/#listItem","name":"Casillas afirma que \u00abLuis cambi\u00f3 la historia del f\u00fatbol espa\u00f1ol\u00bb"},"previousItem":{"@type":"ListItem","@id":"https:\/\/www.eldigitaldeasturias.com\/noticias#listItem","name":"Home"}},{"@type":"ListItem","@id":"https:\/\/www.eldigitaldeasturias.com\/noticias\/casillas-afirma-que-luis-cambio-la-historia-del-futbol-espanol\/#listItem","position":3,"name":"Casillas afirma que \u00abLuis cambi\u00f3 la historia del f\u00fatbol espa\u00f1ol\u00bb","previousItem":{"@type":"ListItem","@id":"https:\/\/www.eldigitaldeasturias.com\/noticias\/category\/actualidad\/#listItem","name":"Actualidad"}}]},{"@type":"Organization","@id":"https:\/\/www.eldigitaldeasturias.com\/noticias\/#organization","name":"El Digital de Asturias","description":"Hemeroteca","url":"https:\/\/www.eldigitaldeasturias.com\/noticias\/","email":"info@eldigitaldeasturias.com","telephone":"+34652131393","logo":{"@type":"ImageObject","url":"https:\/\/www.eldigitaldeasturias.com\/noticias\/wp-content\/uploads\/2020\/12\/EDA.jpg","@id":"https:\/\/www.eldigitaldeasturias.com\/noticias\/casillas-afirma-que-luis-cambio-la-historia-del-futbol-espanol\/#organizationLogo"},"image":{"@id":"https:\/\/www.eldigitaldeasturias.com\/noticias\/casillas-afirma-que-luis-cambio-la-historia-del-futbol-espanol\/#organizationLogo"},"sameAs":["https:\/\/facebook.com\/eldigitaldeasturias","https:\/\/www.youtube.com\/channel\/UCZP-2wLEB9Rv6erhFmqVnvg"],"address":{"@id":"https:\/\/www.eldigitaldeasturias.com\/noticias\/#postaladdress","@type":"PostalAddress","streetAddress":"san antonio 4","postalCode":"33430","addressLocality":"Cand\u00e1s","addressRegion":"Asturias","addressCountry":"ES"}},{"@type":"Person","@id":"https:\/\/www.eldigitaldeasturias.com\/noticias\/author\/admin\/#author","url":"https:\/\/www.eldigitaldeasturias.com\/noticias\/author\/admin\/","name":"El Digital de Asturias","image":{"@type":"ImageObject","@id":"https:\/\/www.eldigitaldeasturias.com\/noticias\/casillas-afirma-que-luis-cambio-la-historia-del-futbol-espanol\/#authorImage","url":"https:\/\/secure.gravatar.com\/avatar\/df2aeffc32bcd13f8d26072ef8a91b623d677766deac7f97ca815868cd41bf5e?s=96&d=mm&r=g","width":96,"height":96,"caption":"El Digital de Asturias"}},{"@type":"WebPage","@id":"https:\/\/www.eldigitaldeasturias.com\/noticias\/casillas-afirma-que-luis-cambio-la-historia-del-futbol-espanol\/#webpage","url":"https:\/\/www.eldigitaldeasturias.com\/noticias\/casillas-afirma-que-luis-cambio-la-historia-del-futbol-espanol\/","name":"Casillas afirma que \u00abLuis cambi\u00f3 la historia del f\u00fatbol espa\u00f1ol\u00bb - El Digital de Asturias","description":"Madrid, 1 feb (EFE).- Iker Casillas, capit\u00e1n de la selecci\u00f3n espa\u00f1ola y el Real Madrid, mostr\u00f3 su dolor por la p\u00e9rdida de Luis Aragon\u00e9s, que asegur\u00f3 \"cambi\u00f3 la historia del f\u00fatbol espa\u00f1ol\" y con una sonrisa record\u00f3 su primera an\u00e9cdota cuando le sent\u00f3 a su llegada a la Roja y le dijo que no le","inLanguage":"es-ES","isPartOf":{"@id":"https:\/\/www.eldigitaldeasturias.com\/noticias\/#website"},"breadcrumb":{"@id":"https:\/\/www.eldigitaldeasturias.com\/noticias\/casillas-afirma-que-luis-cambio-la-historia-del-futbol-espanol\/#breadcrumblist"},"author":{"@id":"https:\/\/www.eldigitaldeasturias.com\/noticias\/author\/admin\/#author"},"creator":{"@id":"https:\/\/www.eldigitaldeasturias.com\/noticias\/author\/admin\/#author"},"image":{"@type":"ImageObject","url":481768,"@id":"https:\/\/www.eldigitaldeasturias.com\/noticias\/casillas-afirma-que-luis-cambio-la-historia-del-futbol-espanol\/#mainImage"},"primaryImageOfPage":{"@id":"https:\/\/www.eldigitaldeasturias.com\/noticias\/casillas-afirma-que-luis-cambio-la-historia-del-futbol-espanol\/#mainImage"},"datePublished":"2014-02-01T20:47:05+01:00","dateModified":"2014-02-01T20:47:05+01:00"},{"@type":"WebSite","@id":"https:\/\/www.eldigitaldeasturias.com\/noticias\/#website","url":"https:\/\/www.eldigitaldeasturias.com\/noticias\/","name":"El Digital de Asturias - Diario de actualidad y noticias","alternateName":"El Digital de Asturias - Diario de actualidad y noticias","description":"Hemeroteca","inLanguage":"es-ES","publisher":{"@id":"https:\/\/www.eldigitaldeasturias.com\/noticias\/#organization"}}]},"og:locale":"es_ES","og:site_name":"El Digital de Asturias","og:type":"article","og:title":"Casillas afirma que \u00abLuis cambi\u00f3 la historia del f\u00fatbol espa\u00f1ol\u00bb - El Digital de Asturias","og:description":"Madrid, 1 feb (EFE).- Iker Casillas, capit\u00e1n de la selecci\u00f3n espa\u00f1ola y el Real Madrid, mostr\u00f3 su dolor por la p\u00e9rdida de Luis Aragon\u00e9s, que asegur\u00f3 &quot;cambi\u00f3 la historia del f\u00fatbol espa\u00f1ol&quot; y con una sonrisa record\u00f3 su primera an\u00e9cdota cuando le sent\u00f3 a su llegada a la Roja y le dijo que no le","og:url":"https:\/\/www.eldigitaldeasturias.com\/noticias\/casillas-afirma-que-luis-cambio-la-historia-del-futbol-espanol\/","article:tag":["actualidad"],"article:published_time":"2014-02-01T21:47:05+00:00","article:modified_time":"2014-02-01T21:47:05+00:00","article:publisher":"https:\/\/facebook.com\/eldigitaldeasturias","twitter:card":"summary_large_image","twitter:title":"Casillas afirma que \u00abLuis cambi\u00f3 la historia del f\u00fatbol espa\u00f1ol\u00bb - El Digital de Asturias","twitter:description":"Madrid, 1 feb (EFE).- Iker Casillas, capit\u00e1n de la selecci\u00f3n espa\u00f1ola y el Real Madrid, mostr\u00f3 su dolor por la p\u00e9rdida de Luis Aragon\u00e9s, que asegur\u00f3 &quot;cambi\u00f3 la historia del f\u00fatbol espa\u00f1ol&quot; y con una sonrisa record\u00f3 su primera an\u00e9cdota cuando le sent\u00f3 a su llegada a la Roja y le dijo que no le","twitter:label1":"Escrito por","twitter:data1":"El Digital de Asturias","twitter:label2":"Tiempo de lectura estimado","twitter:data2":"2 minutos"},"aioseo_meta_data":{"post_id":"481767","title":null,"description":null,"keywords":null,"keyphrases":null,"primary_term":null,"canonical_url":null,"og_title":null,"og_description":null,"og_object_type":"default","og_image_type":"default","og_image_url":null,"og_image_width":null,"og_image_height":null,"og_image_custom_url":null,"og_image_custom_fields":null,"og_video":null,"og_custom_url":null,"og_article_section":null,"og_article_tags":null,"twitter_use_og":true,"twitter_card":"default","twitter_image_type":"default","twitter_image_url":null,"twitter_image_custom_url":null,"twitter_image_custom_fields":null,"twitter_title":null,"twitter_description":null,"schema":{"blockGraphs":[],"customGraphs":[],"default":{"data":{"Article":[],"Course":[],"Dataset":[],"FAQPage":[],"Movie":[],"Person":[],"Product":[],"ProductReview":[],"Car":[],"Recipe":[],"Service":[],"SoftwareApplication":[],"WebPage":[]},"graphName":"","isEnabled":true},"graphs":[],"defaultGraph":"","defaultPostTypeGraph":""},"schema_type":null,"schema_type_options":null,"pillar_content":false,"robots_default":true,"robots_noindex":false,"robots_noarchive":false,"robots_nosnippet":false,"robots_nofollow":false,"robots_noimageindex":false,"robots_noodp":false,"robots_notranslate":false,"robots_max_snippet":null,"robots_max_videopreview":null,"robots_max_imagepreview":"none","priority":null,"frequency":null,"local_seo":null,"seo_analyzer_scan_date":"2026-06-02 07:50:13","breadcrumb_settings":null,"limit_modified_date":false,"open_ai":null,"ai":null,"created":"2020-11-14 22:54:28","updated":"2026-06-02 07:50:13","focus_keyword":null,"additional_keywords":null,"truseo_locale":null},"aioseo_breadcrumb":"<div class=\"aioseo-breadcrumbs\"><span class=\"aioseo-breadcrumb\">\n\t<a href=\"https:\/\/www.eldigitaldeasturias.com\/noticias\" title=\"Home\">Home<\/a>\n<\/span><span class=\"aioseo-breadcrumb-separator\">\u2013<\/span><span class=\"aioseo-breadcrumb\">\n\t<a href=\"https:\/\/www.eldigitaldeasturias.com\/noticias\/category\/actualidad\/\" title=\"Actualidad\">Actualidad<\/a>\n<\/span><span class=\"aioseo-breadcrumb-separator\">\u2013<\/span><span class=\"aioseo-breadcrumb\">\n\t<a href=\"https:\/\/www.eldigitaldeasturias.com\/noticias\/casillas-afirma-que-luis-cambio-la-historia-del-futbol-espanol\/\" title=\"Casillas afirma que \u00abLuis cambi\u00f3 la historia del f\u00fatbol espa\u00f1ol\u00bb\">Casillas afirma que \u00abLuis cambi\u00f3 la historia del f\u00fatbol espa\u00f1ol\u00bb<\/a>\n<\/span><\/div>","aioseo_breadcrumb_json":[{"label":"Home","link":"https:\/\/www.eldigitaldeasturias.com\/noticias"},{"label":"Actualidad","link":"https:\/\/www.eldigitaldeasturias.com\/noticias\/category\/actualidad\/"},{"label":"Casillas afirma que \u00abLuis cambi\u00f3 la historia del f\u00fatbol espa\u00f1ol\u00bb","link":"https:\/\/www.eldigitaldeasturias.com\/noticias\/casillas-afirma-que-luis-cambio-la-historia-del-futbol-espanol\/"}],"_links":{"self":[{"href":"https:\/\/www.eldigitaldeasturias.com\/noticias\/wp-json\/wp\/v2\/posts\/481767","targetHints":{"allow":["GET"]}}],"collection":[{"href":"https:\/\/www.eldigitaldeasturias.com\/noticias\/wp-json\/wp\/v2\/posts"}],"about":[{"href":"https:\/\/www.eldigitaldeasturias.com\/noticias\/wp-json\/wp\/v2\/types\/post"}],"author":[{"embeddable":true,"href":"https:\/\/www.eldigitaldeasturias.com\/noticias\/wp-json\/wp\/v2\/users\/1"}],"replies":[{"embeddable":true,"href":"https:\/\/www.eldigitaldeasturias.com\/noticias\/wp-json\/wp\/v2\/comments?post=481767"}],"version-history":[{"count":0,"href":"https:\/\/www.eldigitaldeasturias.com\/noticias\/wp-json\/wp\/v2\/posts\/481767\/revisions"}],"wp:attachment":[{"href":"https:\/\/www.eldigitaldeasturias.com\/noticias\/wp-json\/wp\/v2\/media?parent=481767"}],"wp:term":[{"taxonomy":"category","embeddable":true,"href":"https:\/\/www.eldigitaldeasturias.com\/noticias\/wp-json\/wp\/v2\/categories?post=481767"},{"taxonomy":"post_tag","embeddable":true,"href":"https:\/\/www.eldigitaldeasturias.com\/noticias\/wp-json\/wp\/v2\/tags?post=481767"}],"curies":[{"name":"wp","href":"https:\/\/api.w.org\/{rel}","templated":true}]}}