{"id":481758,"date":"2014-02-01T20:42:18","date_gmt":"2014-02-01T21:42:18","guid":{"rendered":"http:\/\/www.eldigitaldeasturias.com\/noticias\/?p=481758"},"modified":"2014-02-01T20:42:18","modified_gmt":"2014-02-01T21:42:18","slug":"el-ministro-del-interior-afirma-que-las-victimas-saben-que-siempre-estamos-con-ellas","status":"publish","type":"post","link":"https:\/\/www.eldigitaldeasturias.com\/noticias\/el-ministro-del-interior-afirma-que-las-victimas-saben-que-siempre-estamos-con-ellas\/","title":{"rendered":"El ministro del Interior afirma que \u00ablas v\u00edctimas saben que siempre estamos con ellas\u00bb"},"content":{"rendered":"<p><img loading=\"lazy\" decoding=\"async\" class=\"alignleft size-medium wp-image-481759\" alt=\"5899686w\" src=\"https:\/\/www.eldigitaldeasturias.com\/noticias\/wp-content\/uploads\/2014\/02\/5899686w-360x247.jpg\" width=\"360\" height=\"247\" \/>Valladolid, 1 feb (EFE).- El ministro del Interior, Jorge Fern\u00e1ndez D\u00edaz, ha recalcado hoy que las v\u00edctimas del terrorismo han merecido y siempre merecer\u00e1n el respeto y la ayuda del PP porque \u00abotra cosa ser\u00eda una inmoralidad\u00bb y ha a\u00f1adido: \u00absaben las v\u00edctimas que siempre estamos y estaremos con ellas\u00bb.<\/p>\n<p>El titular de Interior, que ha hecho estas declaraciones a los periodistas en la convenci\u00f3n nacional que el PP celebra en Valladolid, ha afirmado que \u00abning\u00fan partido como el PP ha sufrido tanto en sus carnes el azote del terrorismo\u00bb y que la pol\u00edtica antiterrorista del Gobierno no ha cambiado.<\/p>\n<p>\u00abQuien dice lo contrario o lo dice desde el desconocimiento o lo dice desde la mala fe\u00bb, ha asegurado el ministro, que ha recordado el fracaso de las conversaciones de Noruega y las 96 detenciones de etarras que se han producido en los dos a\u00f1os de Gobierno de Mariano Rajoy.<\/p>\n<p>Asimismo, ha explicado que ya no hay comandos operativos porque ETA no est\u00e1 atentando, que se han desmontado las estructuras clandestinas de la organizaci\u00f3n terrorista y, en concreto, las \u00faltimas contra el frente de Makos de las c\u00e1rceles y la plataforma Herrira, que han supuesto el arresto de 26 personas, de las que varias permanecen en prisi\u00f3n.<\/p>\n<p>\u00abAs\u00ed vamos a continuar hasta conseguir el objetivo que todos deseamos: la disoluci\u00f3n sin condiciones y sin concesiones a ETA\u00bb, ha destacado el titular de Interior tras reafirmar que \u00abel Gobierno, al igual que la mayor\u00eda de la sociedad espa\u00f1ola, quiere vivir sin ETA, que pertenezca al pasado\u00bb.<\/p>\n","protected":false},"excerpt":{"rendered":"<p>Valladolid, 1 feb (EFE).- El ministro del Interior, Jorge Fern\u00e1ndez D\u00edaz, ha recalcado hoy que las v\u00edctimas del terrorismo han merecido y siempre merecer\u00e1n el respeto y la ayuda del PP porque \u00abotra cosa ser\u00eda una inmoralidad\u00bb y ha a\u00f1adido: \u00absaben las v\u00edctimas que siempre estamos y estaremos con ellas\u00bb. El titular de Interior, que [&hellip;]<\/p>\n","protected":false},"author":1,"featured_media":481759,"comment_status":"closed","ping_status":"open","sticky":false,"template":"","format":"standard","meta":{"footnotes":""},"categories":[1],"tags":[],"class_list":["post-481758","post","type-post","status-publish","format-standard","has-post-thumbnail","hentry","category-actualidad"],"aioseo_notices":[],"aioseo_head":"\n\t\t<!-- All in One SEO Pro 5.0.1 - aioseo.com -->\n\t<meta name=\"description\" content=\"Valladolid, 1 feb (EFE).- El ministro del Interior, Jorge Fern\u00e1ndez D\u00edaz, ha recalcado hoy que las v\u00edctimas del terrorismo han merecido y siempre merecer\u00e1n el respeto y la ayuda del PP porque &quot;otra cosa ser\u00eda una inmoralidad&quot; y ha a\u00f1adido: &quot;saben las v\u00edctimas que siempre estamos y estaremos con ellas&quot;. El titular de Interior, que\" \/>\n\t<meta name=\"robots\" content=\"max-image-preview:large\" \/>\n\t<meta name=\"author\" content=\"El Digital de Asturias\"\/>\n\t<meta name=\"google-site-verification\" content=\"UA-38556648-1\" \/>\n\t<meta name=\"msvalidate.01\" content=\"7dfe9f3f1b24437ab69f4f2559babe99\" \/>\n\t<meta name=\"keywords\" content=\"actualidad\" \/>\n\t<link rel=\"canonical\" href=\"https:\/\/www.eldigitaldeasturias.com\/noticias\/el-ministro-del-interior-afirma-que-las-victimas-saben-que-siempre-estamos-con-ellas\/\" \/>\n\t<meta name=\"generator\" content=\"All in One SEO Pro (AIOSEO) 5.0.1\" \/>\n\t\t<meta property=\"og:locale\" content=\"es_ES\" \/>\n\t\t<meta property=\"og:site_name\" content=\"El Digital de Asturias\" \/>\n\t\t<meta property=\"og:type\" content=\"article\" \/>\n\t\t<meta property=\"og:title\" content=\"El ministro del Interior afirma que \u00ablas v\u00edctimas saben que siempre estamos con ellas\u00bb - El Digital de Asturias\" \/>\n\t\t<meta property=\"og:description\" content=\"Valladolid, 1 feb (EFE).- El ministro del Interior, Jorge Fern\u00e1ndez D\u00edaz, ha recalcado hoy que las v\u00edctimas del terrorismo han merecido y siempre merecer\u00e1n el respeto y la ayuda del PP porque &quot;otra cosa ser\u00eda una inmoralidad&quot; y ha a\u00f1adido: &quot;saben las v\u00edctimas que siempre estamos y estaremos con ellas&quot;. El titular de Interior, que\" \/>\n\t\t<meta property=\"og:url\" content=\"https:\/\/www.eldigitaldeasturias.com\/noticias\/el-ministro-del-interior-afirma-que-las-victimas-saben-que-siempre-estamos-con-ellas\/\" \/>\n\t\t<meta property=\"article:tag\" content=\"actualidad\" \/>\n\t\t<meta property=\"article:published_time\" content=\"2014-02-01T21:42:18+00:00\" \/>\n\t\t<meta property=\"article:modified_time\" content=\"2014-02-01T21:42:18+00:00\" \/>\n\t\t<meta property=\"article:publisher\" content=\"https:\/\/facebook.com\/eldigitaldeasturias\" \/>\n\t\t<meta name=\"twitter:card\" content=\"summary_large_image\" \/>\n\t\t<meta name=\"twitter:title\" content=\"El ministro del Interior afirma que \u00ablas v\u00edctimas saben que siempre estamos con ellas\u00bb - El Digital de Asturias\" \/>\n\t\t<meta name=\"twitter:description\" content=\"Valladolid, 1 feb (EFE).- El ministro del Interior, Jorge Fern\u00e1ndez D\u00edaz, ha recalcado hoy que las v\u00edctimas del terrorismo han merecido y siempre merecer\u00e1n el respeto y la ayuda del PP porque &quot;otra cosa ser\u00eda una inmoralidad&quot; y ha a\u00f1adido: &quot;saben las v\u00edctimas que siempre estamos y estaremos con ellas&quot;. El titular de Interior, que\" \/>\n\t\t<meta name=\"twitter:label1\" content=\"Escrito por\" \/>\n\t\t<meta name=\"twitter:data1\" content=\"El Digital de Asturias\" \/>\n\t\t<meta name=\"twitter:label2\" content=\"Tiempo de lectura estimado\" \/>\n\t\t<meta name=\"twitter:data2\" content=\"1 minuto\" \/>\n\t\t<script type=\"application\/ld+json\" class=\"aioseo-schema\">\n\t\t\t{\"@context\":\"https:\\\/\\\/schema.org\",\"@graph\":[{\"@type\":\"BlogPosting\",\"@id\":\"https:\\\/\\\/www.eldigitaldeasturias.com\\\/noticias\\\/el-ministro-del-interior-afirma-que-las-victimas-saben-que-siempre-estamos-con-ellas\\\/#blogposting\",\"name\":\"El ministro del Interior afirma que \\u00ablas v\\u00edctimas saben que siempre estamos con ellas\\u00bb - El Digital de Asturias\",\"headline\":\"El ministro del Interior afirma que \\u00ablas v\\u00edctimas saben que siempre estamos con ellas\\u00bb\",\"author\":{\"@id\":\"https:\\\/\\\/www.eldigitaldeasturias.com\\\/noticias\\\/author\\\/admin\\\/#author\"},\"publisher\":{\"@id\":\"https:\\\/\\\/www.eldigitaldeasturias.com\\\/noticias\\\/#organization\"},\"image\":{\"@type\":\"ImageObject\",\"url\":481759},\"datePublished\":\"2014-02-01T20:42:18+01:00\",\"dateModified\":\"2014-02-01T20:42:18+01:00\",\"inLanguage\":\"es-ES\",\"mainEntityOfPage\":{\"@id\":\"https:\\\/\\\/www.eldigitaldeasturias.com\\\/noticias\\\/el-ministro-del-interior-afirma-que-las-victimas-saben-que-siempre-estamos-con-ellas\\\/#webpage\"},\"isPartOf\":{\"@id\":\"https:\\\/\\\/www.eldigitaldeasturias.com\\\/noticias\\\/el-ministro-del-interior-afirma-que-las-victimas-saben-que-siempre-estamos-con-ellas\\\/#webpage\"},\"articleSection\":\"Actualidad\"},{\"@type\":\"BreadcrumbList\",\"@id\":\"https:\\\/\\\/www.eldigitaldeasturias.com\\\/noticias\\\/el-ministro-del-interior-afirma-que-las-victimas-saben-que-siempre-estamos-con-ellas\\\/#breadcrumblist\",\"itemListElement\":[{\"@type\":\"ListItem\",\"@id\":\"https:\\\/\\\/www.eldigitaldeasturias.com\\\/noticias#listItem\",\"position\":1,\"name\":\"Home\",\"item\":\"https:\\\/\\\/www.eldigitaldeasturias.com\\\/noticias\",\"nextItem\":{\"@type\":\"ListItem\",\"@id\":\"https:\\\/\\\/www.eldigitaldeasturias.com\\\/noticias\\\/category\\\/actualidad\\\/#listItem\",\"name\":\"Actualidad\"}},{\"@type\":\"ListItem\",\"@id\":\"https:\\\/\\\/www.eldigitaldeasturias.com\\\/noticias\\\/category\\\/actualidad\\\/#listItem\",\"position\":2,\"name\":\"Actualidad\",\"item\":\"https:\\\/\\\/www.eldigitaldeasturias.com\\\/noticias\\\/category\\\/actualidad\\\/\",\"nextItem\":{\"@type\":\"ListItem\",\"@id\":\"https:\\\/\\\/www.eldigitaldeasturias.com\\\/noticias\\\/el-ministro-del-interior-afirma-que-las-victimas-saben-que-siempre-estamos-con-ellas\\\/#listItem\",\"name\":\"El ministro del Interior afirma que \\u00ablas v\\u00edctimas saben que siempre estamos con ellas\\u00bb\"},\"previousItem\":{\"@type\":\"ListItem\",\"@id\":\"https:\\\/\\\/www.eldigitaldeasturias.com\\\/noticias#listItem\",\"name\":\"Home\"}},{\"@type\":\"ListItem\",\"@id\":\"https:\\\/\\\/www.eldigitaldeasturias.com\\\/noticias\\\/el-ministro-del-interior-afirma-que-las-victimas-saben-que-siempre-estamos-con-ellas\\\/#listItem\",\"position\":3,\"name\":\"El ministro del Interior afirma que \\u00ablas v\\u00edctimas saben que siempre estamos con ellas\\u00bb\",\"previousItem\":{\"@type\":\"ListItem\",\"@id\":\"https:\\\/\\\/www.eldigitaldeasturias.com\\\/noticias\\\/category\\\/actualidad\\\/#listItem\",\"name\":\"Actualidad\"}}]},{\"@type\":\"Organization\",\"@id\":\"https:\\\/\\\/www.eldigitaldeasturias.com\\\/noticias\\\/#organization\",\"name\":\"El Digital de Asturias\",\"description\":\"Hemeroteca\",\"url\":\"https:\\\/\\\/www.eldigitaldeasturias.com\\\/noticias\\\/\",\"email\":\"info@eldigitaldeasturias.com\",\"telephone\":\"+34652131393\",\"logo\":{\"@type\":\"ImageObject\",\"url\":\"https:\\\/\\\/www.eldigitaldeasturias.com\\\/noticias\\\/wp-content\\\/uploads\\\/2020\\\/12\\\/EDA.jpg\",\"@id\":\"https:\\\/\\\/www.eldigitaldeasturias.com\\\/noticias\\\/el-ministro-del-interior-afirma-que-las-victimas-saben-que-siempre-estamos-con-ellas\\\/#organizationLogo\"},\"image\":{\"@id\":\"https:\\\/\\\/www.eldigitaldeasturias.com\\\/noticias\\\/el-ministro-del-interior-afirma-que-las-victimas-saben-que-siempre-estamos-con-ellas\\\/#organizationLogo\"},\"sameAs\":[\"https:\\\/\\\/facebook.com\\\/eldigitaldeasturias\",\"https:\\\/\\\/www.youtube.com\\\/channel\\\/UCZP-2wLEB9Rv6erhFmqVnvg\"],\"address\":{\"@id\":\"https:\\\/\\\/www.eldigitaldeasturias.com\\\/noticias\\\/#postaladdress\",\"@type\":\"PostalAddress\",\"streetAddress\":\"san antonio 4\",\"postalCode\":\"33430\",\"addressLocality\":\"Cand\\u00e1s\",\"addressRegion\":\"Asturias\",\"addressCountry\":\"ES\"}},{\"@type\":\"Person\",\"@id\":\"https:\\\/\\\/www.eldigitaldeasturias.com\\\/noticias\\\/author\\\/admin\\\/#author\",\"url\":\"https:\\\/\\\/www.eldigitaldeasturias.com\\\/noticias\\\/author\\\/admin\\\/\",\"name\":\"El Digital de Asturias\",\"image\":{\"@type\":\"ImageObject\",\"@id\":\"https:\\\/\\\/www.eldigitaldeasturias.com\\\/noticias\\\/el-ministro-del-interior-afirma-que-las-victimas-saben-que-siempre-estamos-con-ellas\\\/#authorImage\",\"url\":\"https:\\\/\\\/secure.gravatar.com\\\/avatar\\\/df2aeffc32bcd13f8d26072ef8a91b623d677766deac7f97ca815868cd41bf5e?s=96&d=mm&r=g\",\"width\":96,\"height\":96,\"caption\":\"El Digital de Asturias\"}},{\"@type\":\"WebPage\",\"@id\":\"https:\\\/\\\/www.eldigitaldeasturias.com\\\/noticias\\\/el-ministro-del-interior-afirma-que-las-victimas-saben-que-siempre-estamos-con-ellas\\\/#webpage\",\"url\":\"https:\\\/\\\/www.eldigitaldeasturias.com\\\/noticias\\\/el-ministro-del-interior-afirma-que-las-victimas-saben-que-siempre-estamos-con-ellas\\\/\",\"name\":\"El ministro del Interior afirma que \\u00ablas v\\u00edctimas saben que siempre estamos con ellas\\u00bb - El Digital de Asturias\",\"description\":\"Valladolid, 1 feb (EFE).- El ministro del Interior, Jorge Fern\\u00e1ndez D\\u00edaz, ha recalcado hoy que las v\\u00edctimas del terrorismo han merecido y siempre merecer\\u00e1n el respeto y la ayuda del PP porque \\\"otra cosa ser\\u00eda una inmoralidad\\\" y ha a\\u00f1adido: \\\"saben las v\\u00edctimas que siempre estamos y estaremos con ellas\\\". El titular de Interior, que\",\"inLanguage\":\"es-ES\",\"isPartOf\":{\"@id\":\"https:\\\/\\\/www.eldigitaldeasturias.com\\\/noticias\\\/#website\"},\"breadcrumb\":{\"@id\":\"https:\\\/\\\/www.eldigitaldeasturias.com\\\/noticias\\\/el-ministro-del-interior-afirma-que-las-victimas-saben-que-siempre-estamos-con-ellas\\\/#breadcrumblist\"},\"author\":{\"@id\":\"https:\\\/\\\/www.eldigitaldeasturias.com\\\/noticias\\\/author\\\/admin\\\/#author\"},\"creator\":{\"@id\":\"https:\\\/\\\/www.eldigitaldeasturias.com\\\/noticias\\\/author\\\/admin\\\/#author\"},\"image\":{\"@type\":\"ImageObject\",\"url\":481759,\"@id\":\"https:\\\/\\\/www.eldigitaldeasturias.com\\\/noticias\\\/el-ministro-del-interior-afirma-que-las-victimas-saben-que-siempre-estamos-con-ellas\\\/#mainImage\"},\"primaryImageOfPage\":{\"@id\":\"https:\\\/\\\/www.eldigitaldeasturias.com\\\/noticias\\\/el-ministro-del-interior-afirma-que-las-victimas-saben-que-siempre-estamos-con-ellas\\\/#mainImage\"},\"datePublished\":\"2014-02-01T20:42:18+01:00\",\"dateModified\":\"2014-02-01T20:42:18+01:00\"},{\"@type\":\"WebSite\",\"@id\":\"https:\\\/\\\/www.eldigitaldeasturias.com\\\/noticias\\\/#website\",\"url\":\"https:\\\/\\\/www.eldigitaldeasturias.com\\\/noticias\\\/\",\"name\":\"El Digital de Asturias - Diario de actualidad y noticias\",\"alternateName\":\"El Digital de Asturias - Diario de actualidad y noticias\",\"description\":\"Hemeroteca\",\"inLanguage\":\"es-ES\",\"publisher\":{\"@id\":\"https:\\\/\\\/www.eldigitaldeasturias.com\\\/noticias\\\/#organization\"}}]}\n\t\t<\/script>\n\t\t<!-- All in One SEO Pro -->\r\n\t\t<title>El ministro del Interior afirma que \u00ablas v\u00edctimas saben que siempre estamos con ellas\u00bb - El Digital de Asturias<\/title>\n\n","aioseo_head_json":{"title":"El ministro del Interior afirma que \u00ablas v\u00edctimas saben que siempre estamos con ellas\u00bb - El Digital de Asturias","description":"Valladolid, 1 feb (EFE).- El ministro del Interior, Jorge Fern\u00e1ndez D\u00edaz, ha recalcado hoy que las v\u00edctimas del terrorismo han merecido y siempre merecer\u00e1n el respeto y la ayuda del PP porque \"otra cosa ser\u00eda una inmoralidad\" y ha a\u00f1adido: \"saben las v\u00edctimas que siempre estamos y estaremos con ellas\". El titular de Interior, que","canonical_url":"https:\/\/www.eldigitaldeasturias.com\/noticias\/el-ministro-del-interior-afirma-que-las-victimas-saben-que-siempre-estamos-con-ellas\/","robots":"max-image-preview:large","keywords":"actualidad","webmasterTools":{"google-site-verification":"UA-38556648-1","msvalidate.01":"7dfe9f3f1b24437ab69f4f2559babe99","miscellaneous":""},"schema":{"@context":"https:\/\/schema.org","@graph":[{"@type":"BlogPosting","@id":"https:\/\/www.eldigitaldeasturias.com\/noticias\/el-ministro-del-interior-afirma-que-las-victimas-saben-que-siempre-estamos-con-ellas\/#blogposting","name":"El ministro del Interior afirma que \u00ablas v\u00edctimas saben que siempre estamos con ellas\u00bb - El Digital de Asturias","headline":"El ministro del Interior afirma que \u00ablas v\u00edctimas saben que siempre estamos con ellas\u00bb","author":{"@id":"https:\/\/www.eldigitaldeasturias.com\/noticias\/author\/admin\/#author"},"publisher":{"@id":"https:\/\/www.eldigitaldeasturias.com\/noticias\/#organization"},"image":{"@type":"ImageObject","url":481759},"datePublished":"2014-02-01T20:42:18+01:00","dateModified":"2014-02-01T20:42:18+01:00","inLanguage":"es-ES","mainEntityOfPage":{"@id":"https:\/\/www.eldigitaldeasturias.com\/noticias\/el-ministro-del-interior-afirma-que-las-victimas-saben-que-siempre-estamos-con-ellas\/#webpage"},"isPartOf":{"@id":"https:\/\/www.eldigitaldeasturias.com\/noticias\/el-ministro-del-interior-afirma-que-las-victimas-saben-que-siempre-estamos-con-ellas\/#webpage"},"articleSection":"Actualidad"},{"@type":"BreadcrumbList","@id":"https:\/\/www.eldigitaldeasturias.com\/noticias\/el-ministro-del-interior-afirma-que-las-victimas-saben-que-siempre-estamos-con-ellas\/#breadcrumblist","itemListElement":[{"@type":"ListItem","@id":"https:\/\/www.eldigitaldeasturias.com\/noticias#listItem","position":1,"name":"Home","item":"https:\/\/www.eldigitaldeasturias.com\/noticias","nextItem":{"@type":"ListItem","@id":"https:\/\/www.eldigitaldeasturias.com\/noticias\/category\/actualidad\/#listItem","name":"Actualidad"}},{"@type":"ListItem","@id":"https:\/\/www.eldigitaldeasturias.com\/noticias\/category\/actualidad\/#listItem","position":2,"name":"Actualidad","item":"https:\/\/www.eldigitaldeasturias.com\/noticias\/category\/actualidad\/","nextItem":{"@type":"ListItem","@id":"https:\/\/www.eldigitaldeasturias.com\/noticias\/el-ministro-del-interior-afirma-que-las-victimas-saben-que-siempre-estamos-con-ellas\/#listItem","name":"El ministro del Interior afirma que \u00ablas v\u00edctimas saben que siempre estamos con ellas\u00bb"},"previousItem":{"@type":"ListItem","@id":"https:\/\/www.eldigitaldeasturias.com\/noticias#listItem","name":"Home"}},{"@type":"ListItem","@id":"https:\/\/www.eldigitaldeasturias.com\/noticias\/el-ministro-del-interior-afirma-que-las-victimas-saben-que-siempre-estamos-con-ellas\/#listItem","position":3,"name":"El ministro del Interior afirma que \u00ablas v\u00edctimas saben que siempre estamos con ellas\u00bb","previousItem":{"@type":"ListItem","@id":"https:\/\/www.eldigitaldeasturias.com\/noticias\/category\/actualidad\/#listItem","name":"Actualidad"}}]},{"@type":"Organization","@id":"https:\/\/www.eldigitaldeasturias.com\/noticias\/#organization","name":"El Digital de Asturias","description":"Hemeroteca","url":"https:\/\/www.eldigitaldeasturias.com\/noticias\/","email":"info@eldigitaldeasturias.com","telephone":"+34652131393","logo":{"@type":"ImageObject","url":"https:\/\/www.eldigitaldeasturias.com\/noticias\/wp-content\/uploads\/2020\/12\/EDA.jpg","@id":"https:\/\/www.eldigitaldeasturias.com\/noticias\/el-ministro-del-interior-afirma-que-las-victimas-saben-que-siempre-estamos-con-ellas\/#organizationLogo"},"image":{"@id":"https:\/\/www.eldigitaldeasturias.com\/noticias\/el-ministro-del-interior-afirma-que-las-victimas-saben-que-siempre-estamos-con-ellas\/#organizationLogo"},"sameAs":["https:\/\/facebook.com\/eldigitaldeasturias","https:\/\/www.youtube.com\/channel\/UCZP-2wLEB9Rv6erhFmqVnvg"],"address":{"@id":"https:\/\/www.eldigitaldeasturias.com\/noticias\/#postaladdress","@type":"PostalAddress","streetAddress":"san antonio 4","postalCode":"33430","addressLocality":"Cand\u00e1s","addressRegion":"Asturias","addressCountry":"ES"}},{"@type":"Person","@id":"https:\/\/www.eldigitaldeasturias.com\/noticias\/author\/admin\/#author","url":"https:\/\/www.eldigitaldeasturias.com\/noticias\/author\/admin\/","name":"El Digital de Asturias","image":{"@type":"ImageObject","@id":"https:\/\/www.eldigitaldeasturias.com\/noticias\/el-ministro-del-interior-afirma-que-las-victimas-saben-que-siempre-estamos-con-ellas\/#authorImage","url":"https:\/\/secure.gravatar.com\/avatar\/df2aeffc32bcd13f8d26072ef8a91b623d677766deac7f97ca815868cd41bf5e?s=96&d=mm&r=g","width":96,"height":96,"caption":"El Digital de Asturias"}},{"@type":"WebPage","@id":"https:\/\/www.eldigitaldeasturias.com\/noticias\/el-ministro-del-interior-afirma-que-las-victimas-saben-que-siempre-estamos-con-ellas\/#webpage","url":"https:\/\/www.eldigitaldeasturias.com\/noticias\/el-ministro-del-interior-afirma-que-las-victimas-saben-que-siempre-estamos-con-ellas\/","name":"El ministro del Interior afirma que \u00ablas v\u00edctimas saben que siempre estamos con ellas\u00bb - El Digital de Asturias","description":"Valladolid, 1 feb (EFE).- El ministro del Interior, Jorge Fern\u00e1ndez D\u00edaz, ha recalcado hoy que las v\u00edctimas del terrorismo han merecido y siempre merecer\u00e1n el respeto y la ayuda del PP porque \"otra cosa ser\u00eda una inmoralidad\" y ha a\u00f1adido: \"saben las v\u00edctimas que siempre estamos y estaremos con ellas\". El titular de Interior, que","inLanguage":"es-ES","isPartOf":{"@id":"https:\/\/www.eldigitaldeasturias.com\/noticias\/#website"},"breadcrumb":{"@id":"https:\/\/www.eldigitaldeasturias.com\/noticias\/el-ministro-del-interior-afirma-que-las-victimas-saben-que-siempre-estamos-con-ellas\/#breadcrumblist"},"author":{"@id":"https:\/\/www.eldigitaldeasturias.com\/noticias\/author\/admin\/#author"},"creator":{"@id":"https:\/\/www.eldigitaldeasturias.com\/noticias\/author\/admin\/#author"},"image":{"@type":"ImageObject","url":481759,"@id":"https:\/\/www.eldigitaldeasturias.com\/noticias\/el-ministro-del-interior-afirma-que-las-victimas-saben-que-siempre-estamos-con-ellas\/#mainImage"},"primaryImageOfPage":{"@id":"https:\/\/www.eldigitaldeasturias.com\/noticias\/el-ministro-del-interior-afirma-que-las-victimas-saben-que-siempre-estamos-con-ellas\/#mainImage"},"datePublished":"2014-02-01T20:42:18+01:00","dateModified":"2014-02-01T20:42:18+01:00"},{"@type":"WebSite","@id":"https:\/\/www.eldigitaldeasturias.com\/noticias\/#website","url":"https:\/\/www.eldigitaldeasturias.com\/noticias\/","name":"El Digital de Asturias - Diario de actualidad y noticias","alternateName":"El Digital de Asturias - Diario de actualidad y noticias","description":"Hemeroteca","inLanguage":"es-ES","publisher":{"@id":"https:\/\/www.eldigitaldeasturias.com\/noticias\/#organization"}}]},"og:locale":"es_ES","og:site_name":"El Digital de Asturias","og:type":"article","og:title":"El ministro del Interior afirma que \u00ablas v\u00edctimas saben que siempre estamos con ellas\u00bb - El Digital de Asturias","og:description":"Valladolid, 1 feb (EFE).- El ministro del Interior, Jorge Fern\u00e1ndez D\u00edaz, ha recalcado hoy que las v\u00edctimas del terrorismo han merecido y siempre merecer\u00e1n el respeto y la ayuda del PP porque &quot;otra cosa ser\u00eda una inmoralidad&quot; y ha a\u00f1adido: &quot;saben las v\u00edctimas que siempre estamos y estaremos con ellas&quot;. El titular de Interior, que","og:url":"https:\/\/www.eldigitaldeasturias.com\/noticias\/el-ministro-del-interior-afirma-que-las-victimas-saben-que-siempre-estamos-con-ellas\/","article:tag":["actualidad"],"article:published_time":"2014-02-01T21:42:18+00:00","article:modified_time":"2014-02-01T21:42:18+00:00","article:publisher":"https:\/\/facebook.com\/eldigitaldeasturias","twitter:card":"summary_large_image","twitter:title":"El ministro del Interior afirma que \u00ablas v\u00edctimas saben que siempre estamos con ellas\u00bb - El Digital de Asturias","twitter:description":"Valladolid, 1 feb (EFE).- El ministro del Interior, Jorge Fern\u00e1ndez D\u00edaz, ha recalcado hoy que las v\u00edctimas del terrorismo han merecido y siempre merecer\u00e1n el respeto y la ayuda del PP porque &quot;otra cosa ser\u00eda una inmoralidad&quot; y ha a\u00f1adido: &quot;saben las v\u00edctimas que siempre estamos y estaremos con ellas&quot;. El titular de Interior, que","twitter:label1":"Escrito por","twitter:data1":"El Digital de Asturias","twitter:label2":"Tiempo de lectura estimado","twitter:data2":"1 minuto"},"aioseo_meta_data":{"post_id":"481758","title":null,"description":null,"keywords":null,"keyphrases":null,"primary_term":null,"canonical_url":null,"og_title":null,"og_description":null,"og_object_type":"default","og_image_type":"default","og_image_url":null,"og_image_width":null,"og_image_height":null,"og_image_custom_url":null,"og_image_custom_fields":null,"og_video":null,"og_custom_url":null,"og_article_section":null,"og_article_tags":null,"twitter_use_og":true,"twitter_card":"default","twitter_image_type":"default","twitter_image_url":null,"twitter_image_custom_url":null,"twitter_image_custom_fields":null,"twitter_title":null,"twitter_description":null,"schema":{"blockGraphs":[],"customGraphs":[],"default":{"data":{"Article":[],"Course":[],"Dataset":[],"FAQPage":[],"Movie":[],"Person":[],"Product":[],"ProductReview":[],"Car":[],"Recipe":[],"Service":[],"SoftwareApplication":[],"WebPage":[]},"graphName":"","isEnabled":true},"graphs":[],"defaultGraph":"","defaultPostTypeGraph":""},"schema_type":null,"schema_type_options":null,"pillar_content":false,"robots_default":true,"robots_noindex":false,"robots_noarchive":false,"robots_nosnippet":false,"robots_nofollow":false,"robots_noimageindex":false,"robots_noodp":false,"robots_notranslate":false,"robots_max_snippet":null,"robots_max_videopreview":null,"robots_max_imagepreview":"none","priority":null,"frequency":null,"local_seo":null,"seo_analyzer_scan_date":"2026-06-02 07:50:06","breadcrumb_settings":null,"limit_modified_date":false,"open_ai":null,"ai":null,"created":"2020-11-14 22:54:28","updated":"2026-06-02 07:50:06","focus_keyword":null,"additional_keywords":null,"truseo_locale":null},"aioseo_breadcrumb":"<div class=\"aioseo-breadcrumbs\"><span class=\"aioseo-breadcrumb\">\n\t<a href=\"https:\/\/www.eldigitaldeasturias.com\/noticias\" title=\"Home\">Home<\/a>\n<\/span><span class=\"aioseo-breadcrumb-separator\">\u2013<\/span><span class=\"aioseo-breadcrumb\">\n\t<a href=\"https:\/\/www.eldigitaldeasturias.com\/noticias\/category\/actualidad\/\" title=\"Actualidad\">Actualidad<\/a>\n<\/span><span class=\"aioseo-breadcrumb-separator\">\u2013<\/span><span class=\"aioseo-breadcrumb\">\n\t<a href=\"https:\/\/www.eldigitaldeasturias.com\/noticias\/el-ministro-del-interior-afirma-que-las-victimas-saben-que-siempre-estamos-con-ellas\/\" title=\"El ministro del Interior afirma que \u00ablas v\u00edctimas saben que siempre estamos con ellas\u00bb\">El ministro del Interior afirma que \u00ablas v\u00edctimas saben que siempre estamos con ellas\u00bb<\/a>\n<\/span><\/div>","aioseo_breadcrumb_json":[{"label":"Home","link":"https:\/\/www.eldigitaldeasturias.com\/noticias"},{"label":"Actualidad","link":"https:\/\/www.eldigitaldeasturias.com\/noticias\/category\/actualidad\/"},{"label":"El ministro del Interior afirma que \u00ablas v\u00edctimas saben que siempre estamos con ellas\u00bb","link":"https:\/\/www.eldigitaldeasturias.com\/noticias\/el-ministro-del-interior-afirma-que-las-victimas-saben-que-siempre-estamos-con-ellas\/"}],"_links":{"self":[{"href":"https:\/\/www.eldigitaldeasturias.com\/noticias\/wp-json\/wp\/v2\/posts\/481758","targetHints":{"allow":["GET"]}}],"collection":[{"href":"https:\/\/www.eldigitaldeasturias.com\/noticias\/wp-json\/wp\/v2\/posts"}],"about":[{"href":"https:\/\/www.eldigitaldeasturias.com\/noticias\/wp-json\/wp\/v2\/types\/post"}],"author":[{"embeddable":true,"href":"https:\/\/www.eldigitaldeasturias.com\/noticias\/wp-json\/wp\/v2\/users\/1"}],"replies":[{"embeddable":true,"href":"https:\/\/www.eldigitaldeasturias.com\/noticias\/wp-json\/wp\/v2\/comments?post=481758"}],"version-history":[{"count":0,"href":"https:\/\/www.eldigitaldeasturias.com\/noticias\/wp-json\/wp\/v2\/posts\/481758\/revisions"}],"wp:attachment":[{"href":"https:\/\/www.eldigitaldeasturias.com\/noticias\/wp-json\/wp\/v2\/media?parent=481758"}],"wp:term":[{"taxonomy":"category","embeddable":true,"href":"https:\/\/www.eldigitaldeasturias.com\/noticias\/wp-json\/wp\/v2\/categories?post=481758"},{"taxonomy":"post_tag","embeddable":true,"href":"https:\/\/www.eldigitaldeasturias.com\/noticias\/wp-json\/wp\/v2\/tags?post=481758"}],"curies":[{"name":"wp","href":"https:\/\/api.w.org\/{rel}","templated":true}]}}