{"id":481752,"date":"2014-02-01T20:40:11","date_gmt":"2014-02-01T21:40:11","guid":{"rendered":"http:\/\/www.eldigitaldeasturias.com\/noticias\/?p=481752"},"modified":"2014-02-01T20:40:11","modified_gmt":"2014-02-01T21:40:11","slug":"sarasola-destaca-la-potencia-de-la-agricultura-madrilena","status":"publish","type":"post","link":"https:\/\/www.eldigitaldeasturias.com\/noticias\/sarasola-destaca-la-potencia-de-la-agricultura-madrilena\/","title":{"rendered":"Sarasola destaca la \u00abpotencia\u00bb de la agricultura madrile\u00f1a"},"content":{"rendered":"<p><img loading=\"lazy\" decoding=\"async\" class=\"alignleft size-medium wp-image-481753\" alt=\"5899711w\" src=\"https:\/\/www.eldigitaldeasturias.com\/noticias\/wp-content\/uploads\/2014\/02\/5899711w-360x241.jpg\" width=\"360\" height=\"241\" \/>Madrid, 1 feb (EFE).- El consejero de Medio Ambiente y Ordenaci\u00f3n del Territorio, Borja Sarasola, ha destacado hoy la \u00abpotencia\u00bb de la agricultura madrile\u00f1a y ha elogiado la labor de \u00abpromoci\u00f3n permanente\u00bb de los productos regionales en los mercados de proximidad.<\/p>\n<p>\u00abCuando los madrile\u00f1os conocen estos productos y su extraordinaria calidad lo aprecian much\u00edsimo y quieren volver\u00bb, ha dicho durante la celebraci\u00f3n del D\u00eda de Mercado, que organiza el primer s\u00e1bado de mes la C\u00e1mara Agraria de la Comunidad de Madrid y en el que participan agricultores y productores de la regi\u00f3n.<\/p>\n<p>En esta ocasi\u00f3n, han estado presentes por primera vez el verm\u00fa, los judiones de la Sierra Norte y el caf\u00e9, que han compartido espacio con otros productos que ofrecen tradicionalmente los expositores, como aceites, aceitunas, carnes, frutas, verduras, legumbres, panes, dulces, cerveza, vino, quesos, l\u00e1cteos y miel.<\/p>\n<p>Sarasola ha comentado que cuando comenz\u00f3 esta iniciativa, en el verano de 2011, hab\u00eda 30 expositores y ahora el n\u00famero ha ascendido a 61, \u00abalgunos de ellos nuevas empresas que recibieron su primer impulso en esta feria alimentaria\u00bb.<\/p>\n<p>El consejero ha destacado la \u00abpromoci\u00f3n permanente\u00bb que se hace en mercados de proximidad como \u00e9ste a los productos madrile\u00f1os que, seg\u00fan ha dicho, adem\u00e1s de ser de \u00abcalidad\u00bb resultan \u00abmuy poco contaminantes\u00bb al tener un tiempo de transporte \u00abm\u00ednimo\u00bb.<\/p>\n<p>\u00abPotenciamos el campo de Madrid, su agricultura, que cada vez es m\u00e1s potente\u00bb, ha afirmado.<\/p>\n<p>Seg\u00fan los datos publicados por el Ministerio de Empleo y Seguridad Social, en 2013 el paro registrado en la Comunidad de Madrid baj\u00f3 en la Agricultura en 193, hasta los 4.550 desempleados.<\/p>\n<p>La Comunidad de Madrid invirti\u00f3 en 2013 un total de 50,4 millones de euros para mejorar la competitividad del sector agroalimentario con 30 l\u00edneas de ayuda, en las que cont\u00f3 con cofinanciaci\u00f3n del Fondo Europeo Agr\u00edcola de Desarrollo Rural y la Administraci\u00f3n General de Estado, ha recordado hoy el Gobierno regional en una nota de prensa.<\/p>\n<p>Adem\u00e1s, en los \u00faltimos cinco a\u00f1os, la Comunidad de Madrid ha destinado 3,5 millones de euros a la promoci\u00f3n alimentaria y 7,8 al fomento de las figuras de calidad diferenciada y agricultura ecol\u00f3gica.<\/p>\n<p>Por otro lado, la regi\u00f3n ha mantenido las ayudas directas procedentes de la Pol\u00edtica Agraria Com\u00fan de 2014 a 2020 alrededor de los 41 millones de euros e incrementar un 10 % los fondos europeos para el desarrollo rural.<\/p>\n","protected":false},"excerpt":{"rendered":"<p>Madrid, 1 feb (EFE).- El consejero de Medio Ambiente y Ordenaci\u00f3n del Territorio, Borja Sarasola, ha destacado hoy la \u00abpotencia\u00bb de la agricultura madrile\u00f1a y ha elogiado la labor de \u00abpromoci\u00f3n permanente\u00bb de los productos regionales en los mercados de proximidad. \u00abCuando los madrile\u00f1os conocen estos productos y su extraordinaria calidad lo aprecian much\u00edsimo y [&hellip;]<\/p>\n","protected":false},"author":1,"featured_media":481753,"comment_status":"closed","ping_status":"open","sticky":false,"template":"","format":"standard","meta":{"footnotes":""},"categories":[1],"tags":[],"class_list":["post-481752","post","type-post","status-publish","format-standard","has-post-thumbnail","hentry","category-actualidad"],"aioseo_notices":[],"aioseo_head":"\n\t\t<!-- All in One SEO Pro 5.0.1 - aioseo.com -->\n\t<meta name=\"description\" content=\"Madrid, 1 feb (EFE).- El consejero de Medio Ambiente y Ordenaci\u00f3n del Territorio, Borja Sarasola, ha destacado hoy la &quot;potencia&quot; de la agricultura madrile\u00f1a y ha elogiado la labor de &quot;promoci\u00f3n permanente&quot; de los productos regionales en los mercados de proximidad. &quot;Cuando los madrile\u00f1os conocen estos productos y su extraordinaria calidad lo aprecian much\u00edsimo y\" \/>\n\t<meta name=\"robots\" content=\"max-image-preview:large\" \/>\n\t<meta name=\"author\" content=\"El Digital de Asturias\"\/>\n\t<meta name=\"google-site-verification\" content=\"UA-38556648-1\" \/>\n\t<meta name=\"msvalidate.01\" content=\"7dfe9f3f1b24437ab69f4f2559babe99\" \/>\n\t<meta name=\"keywords\" content=\"actualidad\" \/>\n\t<link rel=\"canonical\" href=\"https:\/\/www.eldigitaldeasturias.com\/noticias\/sarasola-destaca-la-potencia-de-la-agricultura-madrilena\/\" \/>\n\t<meta name=\"generator\" content=\"All in One SEO Pro (AIOSEO) 5.0.1\" \/>\n\t\t<meta property=\"og:locale\" content=\"es_ES\" \/>\n\t\t<meta property=\"og:site_name\" content=\"El Digital de Asturias\" \/>\n\t\t<meta property=\"og:type\" content=\"article\" \/>\n\t\t<meta property=\"og:title\" content=\"Sarasola destaca la \u00abpotencia\u00bb de la agricultura madrile\u00f1a - El Digital de Asturias\" \/>\n\t\t<meta property=\"og:description\" content=\"Madrid, 1 feb (EFE).- El consejero de Medio Ambiente y Ordenaci\u00f3n del Territorio, Borja Sarasola, ha destacado hoy la &quot;potencia&quot; de la agricultura madrile\u00f1a y ha elogiado la labor de &quot;promoci\u00f3n permanente&quot; de los productos regionales en los mercados de proximidad. &quot;Cuando los madrile\u00f1os conocen estos productos y su extraordinaria calidad lo aprecian much\u00edsimo y\" \/>\n\t\t<meta property=\"og:url\" content=\"https:\/\/www.eldigitaldeasturias.com\/noticias\/sarasola-destaca-la-potencia-de-la-agricultura-madrilena\/\" \/>\n\t\t<meta property=\"article:tag\" content=\"actualidad\" \/>\n\t\t<meta property=\"article:published_time\" content=\"2014-02-01T21:40:11+00:00\" \/>\n\t\t<meta property=\"article:modified_time\" content=\"2014-02-01T21:40:11+00:00\" \/>\n\t\t<meta property=\"article:publisher\" content=\"https:\/\/facebook.com\/eldigitaldeasturias\" \/>\n\t\t<meta name=\"twitter:card\" content=\"summary_large_image\" \/>\n\t\t<meta name=\"twitter:title\" content=\"Sarasola destaca la \u00abpotencia\u00bb de la agricultura madrile\u00f1a - El Digital de Asturias\" \/>\n\t\t<meta name=\"twitter:description\" content=\"Madrid, 1 feb (EFE).- El consejero de Medio Ambiente y Ordenaci\u00f3n del Territorio, Borja Sarasola, ha destacado hoy la &quot;potencia&quot; de la agricultura madrile\u00f1a y ha elogiado la labor de &quot;promoci\u00f3n permanente&quot; de los productos regionales en los mercados de proximidad. &quot;Cuando los madrile\u00f1os conocen estos productos y su extraordinaria calidad lo aprecian much\u00edsimo y\" \/>\n\t\t<meta name=\"twitter:label1\" content=\"Escrito por\" \/>\n\t\t<meta name=\"twitter:data1\" content=\"El Digital de Asturias\" \/>\n\t\t<meta name=\"twitter:label2\" content=\"Tiempo de lectura estimado\" \/>\n\t\t<meta name=\"twitter:data2\" content=\"2 minutos\" \/>\n\t\t<script type=\"application\/ld+json\" class=\"aioseo-schema\">\n\t\t\t{\"@context\":\"https:\\\/\\\/schema.org\",\"@graph\":[{\"@type\":\"BlogPosting\",\"@id\":\"https:\\\/\\\/www.eldigitaldeasturias.com\\\/noticias\\\/sarasola-destaca-la-potencia-de-la-agricultura-madrilena\\\/#blogposting\",\"name\":\"Sarasola destaca la \\u00abpotencia\\u00bb de la agricultura madrile\\u00f1a - El Digital de Asturias\",\"headline\":\"Sarasola destaca la \\u00abpotencia\\u00bb de la agricultura madrile\\u00f1a\",\"author\":{\"@id\":\"https:\\\/\\\/www.eldigitaldeasturias.com\\\/noticias\\\/author\\\/admin\\\/#author\"},\"publisher\":{\"@id\":\"https:\\\/\\\/www.eldigitaldeasturias.com\\\/noticias\\\/#organization\"},\"image\":{\"@type\":\"ImageObject\",\"url\":481753},\"datePublished\":\"2014-02-01T20:40:11+01:00\",\"dateModified\":\"2014-02-01T20:40:11+01:00\",\"inLanguage\":\"es-ES\",\"mainEntityOfPage\":{\"@id\":\"https:\\\/\\\/www.eldigitaldeasturias.com\\\/noticias\\\/sarasola-destaca-la-potencia-de-la-agricultura-madrilena\\\/#webpage\"},\"isPartOf\":{\"@id\":\"https:\\\/\\\/www.eldigitaldeasturias.com\\\/noticias\\\/sarasola-destaca-la-potencia-de-la-agricultura-madrilena\\\/#webpage\"},\"articleSection\":\"Actualidad\"},{\"@type\":\"BreadcrumbList\",\"@id\":\"https:\\\/\\\/www.eldigitaldeasturias.com\\\/noticias\\\/sarasola-destaca-la-potencia-de-la-agricultura-madrilena\\\/#breadcrumblist\",\"itemListElement\":[{\"@type\":\"ListItem\",\"@id\":\"https:\\\/\\\/www.eldigitaldeasturias.com\\\/noticias#listItem\",\"position\":1,\"name\":\"Home\",\"item\":\"https:\\\/\\\/www.eldigitaldeasturias.com\\\/noticias\",\"nextItem\":{\"@type\":\"ListItem\",\"@id\":\"https:\\\/\\\/www.eldigitaldeasturias.com\\\/noticias\\\/category\\\/actualidad\\\/#listItem\",\"name\":\"Actualidad\"}},{\"@type\":\"ListItem\",\"@id\":\"https:\\\/\\\/www.eldigitaldeasturias.com\\\/noticias\\\/category\\\/actualidad\\\/#listItem\",\"position\":2,\"name\":\"Actualidad\",\"item\":\"https:\\\/\\\/www.eldigitaldeasturias.com\\\/noticias\\\/category\\\/actualidad\\\/\",\"nextItem\":{\"@type\":\"ListItem\",\"@id\":\"https:\\\/\\\/www.eldigitaldeasturias.com\\\/noticias\\\/sarasola-destaca-la-potencia-de-la-agricultura-madrilena\\\/#listItem\",\"name\":\"Sarasola destaca la \\u00abpotencia\\u00bb de la agricultura madrile\\u00f1a\"},\"previousItem\":{\"@type\":\"ListItem\",\"@id\":\"https:\\\/\\\/www.eldigitaldeasturias.com\\\/noticias#listItem\",\"name\":\"Home\"}},{\"@type\":\"ListItem\",\"@id\":\"https:\\\/\\\/www.eldigitaldeasturias.com\\\/noticias\\\/sarasola-destaca-la-potencia-de-la-agricultura-madrilena\\\/#listItem\",\"position\":3,\"name\":\"Sarasola destaca la \\u00abpotencia\\u00bb de la agricultura madrile\\u00f1a\",\"previousItem\":{\"@type\":\"ListItem\",\"@id\":\"https:\\\/\\\/www.eldigitaldeasturias.com\\\/noticias\\\/category\\\/actualidad\\\/#listItem\",\"name\":\"Actualidad\"}}]},{\"@type\":\"Organization\",\"@id\":\"https:\\\/\\\/www.eldigitaldeasturias.com\\\/noticias\\\/#organization\",\"name\":\"El Digital de Asturias\",\"description\":\"Hemeroteca\",\"url\":\"https:\\\/\\\/www.eldigitaldeasturias.com\\\/noticias\\\/\",\"email\":\"info@eldigitaldeasturias.com\",\"telephone\":\"+34652131393\",\"logo\":{\"@type\":\"ImageObject\",\"url\":\"https:\\\/\\\/www.eldigitaldeasturias.com\\\/noticias\\\/wp-content\\\/uploads\\\/2020\\\/12\\\/EDA.jpg\",\"@id\":\"https:\\\/\\\/www.eldigitaldeasturias.com\\\/noticias\\\/sarasola-destaca-la-potencia-de-la-agricultura-madrilena\\\/#organizationLogo\"},\"image\":{\"@id\":\"https:\\\/\\\/www.eldigitaldeasturias.com\\\/noticias\\\/sarasola-destaca-la-potencia-de-la-agricultura-madrilena\\\/#organizationLogo\"},\"sameAs\":[\"https:\\\/\\\/facebook.com\\\/eldigitaldeasturias\",\"https:\\\/\\\/www.youtube.com\\\/channel\\\/UCZP-2wLEB9Rv6erhFmqVnvg\"],\"address\":{\"@id\":\"https:\\\/\\\/www.eldigitaldeasturias.com\\\/noticias\\\/#postaladdress\",\"@type\":\"PostalAddress\",\"streetAddress\":\"san antonio 4\",\"postalCode\":\"33430\",\"addressLocality\":\"Cand\\u00e1s\",\"addressRegion\":\"Asturias\",\"addressCountry\":\"ES\"}},{\"@type\":\"Person\",\"@id\":\"https:\\\/\\\/www.eldigitaldeasturias.com\\\/noticias\\\/author\\\/admin\\\/#author\",\"url\":\"https:\\\/\\\/www.eldigitaldeasturias.com\\\/noticias\\\/author\\\/admin\\\/\",\"name\":\"El Digital de Asturias\",\"image\":{\"@type\":\"ImageObject\",\"@id\":\"https:\\\/\\\/www.eldigitaldeasturias.com\\\/noticias\\\/sarasola-destaca-la-potencia-de-la-agricultura-madrilena\\\/#authorImage\",\"url\":\"https:\\\/\\\/secure.gravatar.com\\\/avatar\\\/df2aeffc32bcd13f8d26072ef8a91b623d677766deac7f97ca815868cd41bf5e?s=96&d=mm&r=g\",\"width\":96,\"height\":96,\"caption\":\"El Digital de Asturias\"}},{\"@type\":\"WebPage\",\"@id\":\"https:\\\/\\\/www.eldigitaldeasturias.com\\\/noticias\\\/sarasola-destaca-la-potencia-de-la-agricultura-madrilena\\\/#webpage\",\"url\":\"https:\\\/\\\/www.eldigitaldeasturias.com\\\/noticias\\\/sarasola-destaca-la-potencia-de-la-agricultura-madrilena\\\/\",\"name\":\"Sarasola destaca la \\u00abpotencia\\u00bb de la agricultura madrile\\u00f1a - El Digital de Asturias\",\"description\":\"Madrid, 1 feb (EFE).- El consejero de Medio Ambiente y Ordenaci\\u00f3n del Territorio, Borja Sarasola, ha destacado hoy la \\\"potencia\\\" de la agricultura madrile\\u00f1a y ha elogiado la labor de \\\"promoci\\u00f3n permanente\\\" de los productos regionales en los mercados de proximidad. \\\"Cuando los madrile\\u00f1os conocen estos productos y su extraordinaria calidad lo aprecian much\\u00edsimo y\",\"inLanguage\":\"es-ES\",\"isPartOf\":{\"@id\":\"https:\\\/\\\/www.eldigitaldeasturias.com\\\/noticias\\\/#website\"},\"breadcrumb\":{\"@id\":\"https:\\\/\\\/www.eldigitaldeasturias.com\\\/noticias\\\/sarasola-destaca-la-potencia-de-la-agricultura-madrilena\\\/#breadcrumblist\"},\"author\":{\"@id\":\"https:\\\/\\\/www.eldigitaldeasturias.com\\\/noticias\\\/author\\\/admin\\\/#author\"},\"creator\":{\"@id\":\"https:\\\/\\\/www.eldigitaldeasturias.com\\\/noticias\\\/author\\\/admin\\\/#author\"},\"image\":{\"@type\":\"ImageObject\",\"url\":481753,\"@id\":\"https:\\\/\\\/www.eldigitaldeasturias.com\\\/noticias\\\/sarasola-destaca-la-potencia-de-la-agricultura-madrilena\\\/#mainImage\"},\"primaryImageOfPage\":{\"@id\":\"https:\\\/\\\/www.eldigitaldeasturias.com\\\/noticias\\\/sarasola-destaca-la-potencia-de-la-agricultura-madrilena\\\/#mainImage\"},\"datePublished\":\"2014-02-01T20:40:11+01:00\",\"dateModified\":\"2014-02-01T20:40:11+01:00\"},{\"@type\":\"WebSite\",\"@id\":\"https:\\\/\\\/www.eldigitaldeasturias.com\\\/noticias\\\/#website\",\"url\":\"https:\\\/\\\/www.eldigitaldeasturias.com\\\/noticias\\\/\",\"name\":\"El Digital de Asturias - Diario de actualidad y noticias\",\"alternateName\":\"El Digital de Asturias - Diario de actualidad y noticias\",\"description\":\"Hemeroteca\",\"inLanguage\":\"es-ES\",\"publisher\":{\"@id\":\"https:\\\/\\\/www.eldigitaldeasturias.com\\\/noticias\\\/#organization\"}}]}\n\t\t<\/script>\n\t\t<!-- All in One SEO Pro -->\r\n\t\t<title>Sarasola destaca la \u00abpotencia\u00bb de la agricultura madrile\u00f1a - El Digital de Asturias<\/title>\n\n","aioseo_head_json":{"title":"Sarasola destaca la \u00abpotencia\u00bb de la agricultura madrile\u00f1a - El Digital de Asturias","description":"Madrid, 1 feb (EFE).- El consejero de Medio Ambiente y Ordenaci\u00f3n del Territorio, Borja Sarasola, ha destacado hoy la \"potencia\" de la agricultura madrile\u00f1a y ha elogiado la labor de \"promoci\u00f3n permanente\" de los productos regionales en los mercados de proximidad. \"Cuando los madrile\u00f1os conocen estos productos y su extraordinaria calidad lo aprecian much\u00edsimo y","canonical_url":"https:\/\/www.eldigitaldeasturias.com\/noticias\/sarasola-destaca-la-potencia-de-la-agricultura-madrilena\/","robots":"max-image-preview:large","keywords":"actualidad","webmasterTools":{"google-site-verification":"UA-38556648-1","msvalidate.01":"7dfe9f3f1b24437ab69f4f2559babe99","miscellaneous":""},"schema":{"@context":"https:\/\/schema.org","@graph":[{"@type":"BlogPosting","@id":"https:\/\/www.eldigitaldeasturias.com\/noticias\/sarasola-destaca-la-potencia-de-la-agricultura-madrilena\/#blogposting","name":"Sarasola destaca la \u00abpotencia\u00bb de la agricultura madrile\u00f1a - El Digital de Asturias","headline":"Sarasola destaca la \u00abpotencia\u00bb de la agricultura madrile\u00f1a","author":{"@id":"https:\/\/www.eldigitaldeasturias.com\/noticias\/author\/admin\/#author"},"publisher":{"@id":"https:\/\/www.eldigitaldeasturias.com\/noticias\/#organization"},"image":{"@type":"ImageObject","url":481753},"datePublished":"2014-02-01T20:40:11+01:00","dateModified":"2014-02-01T20:40:11+01:00","inLanguage":"es-ES","mainEntityOfPage":{"@id":"https:\/\/www.eldigitaldeasturias.com\/noticias\/sarasola-destaca-la-potencia-de-la-agricultura-madrilena\/#webpage"},"isPartOf":{"@id":"https:\/\/www.eldigitaldeasturias.com\/noticias\/sarasola-destaca-la-potencia-de-la-agricultura-madrilena\/#webpage"},"articleSection":"Actualidad"},{"@type":"BreadcrumbList","@id":"https:\/\/www.eldigitaldeasturias.com\/noticias\/sarasola-destaca-la-potencia-de-la-agricultura-madrilena\/#breadcrumblist","itemListElement":[{"@type":"ListItem","@id":"https:\/\/www.eldigitaldeasturias.com\/noticias#listItem","position":1,"name":"Home","item":"https:\/\/www.eldigitaldeasturias.com\/noticias","nextItem":{"@type":"ListItem","@id":"https:\/\/www.eldigitaldeasturias.com\/noticias\/category\/actualidad\/#listItem","name":"Actualidad"}},{"@type":"ListItem","@id":"https:\/\/www.eldigitaldeasturias.com\/noticias\/category\/actualidad\/#listItem","position":2,"name":"Actualidad","item":"https:\/\/www.eldigitaldeasturias.com\/noticias\/category\/actualidad\/","nextItem":{"@type":"ListItem","@id":"https:\/\/www.eldigitaldeasturias.com\/noticias\/sarasola-destaca-la-potencia-de-la-agricultura-madrilena\/#listItem","name":"Sarasola destaca la \u00abpotencia\u00bb de la agricultura madrile\u00f1a"},"previousItem":{"@type":"ListItem","@id":"https:\/\/www.eldigitaldeasturias.com\/noticias#listItem","name":"Home"}},{"@type":"ListItem","@id":"https:\/\/www.eldigitaldeasturias.com\/noticias\/sarasola-destaca-la-potencia-de-la-agricultura-madrilena\/#listItem","position":3,"name":"Sarasola destaca la \u00abpotencia\u00bb de la agricultura madrile\u00f1a","previousItem":{"@type":"ListItem","@id":"https:\/\/www.eldigitaldeasturias.com\/noticias\/category\/actualidad\/#listItem","name":"Actualidad"}}]},{"@type":"Organization","@id":"https:\/\/www.eldigitaldeasturias.com\/noticias\/#organization","name":"El Digital de Asturias","description":"Hemeroteca","url":"https:\/\/www.eldigitaldeasturias.com\/noticias\/","email":"info@eldigitaldeasturias.com","telephone":"+34652131393","logo":{"@type":"ImageObject","url":"https:\/\/www.eldigitaldeasturias.com\/noticias\/wp-content\/uploads\/2020\/12\/EDA.jpg","@id":"https:\/\/www.eldigitaldeasturias.com\/noticias\/sarasola-destaca-la-potencia-de-la-agricultura-madrilena\/#organizationLogo"},"image":{"@id":"https:\/\/www.eldigitaldeasturias.com\/noticias\/sarasola-destaca-la-potencia-de-la-agricultura-madrilena\/#organizationLogo"},"sameAs":["https:\/\/facebook.com\/eldigitaldeasturias","https:\/\/www.youtube.com\/channel\/UCZP-2wLEB9Rv6erhFmqVnvg"],"address":{"@id":"https:\/\/www.eldigitaldeasturias.com\/noticias\/#postaladdress","@type":"PostalAddress","streetAddress":"san antonio 4","postalCode":"33430","addressLocality":"Cand\u00e1s","addressRegion":"Asturias","addressCountry":"ES"}},{"@type":"Person","@id":"https:\/\/www.eldigitaldeasturias.com\/noticias\/author\/admin\/#author","url":"https:\/\/www.eldigitaldeasturias.com\/noticias\/author\/admin\/","name":"El Digital de Asturias","image":{"@type":"ImageObject","@id":"https:\/\/www.eldigitaldeasturias.com\/noticias\/sarasola-destaca-la-potencia-de-la-agricultura-madrilena\/#authorImage","url":"https:\/\/secure.gravatar.com\/avatar\/df2aeffc32bcd13f8d26072ef8a91b623d677766deac7f97ca815868cd41bf5e?s=96&d=mm&r=g","width":96,"height":96,"caption":"El Digital de Asturias"}},{"@type":"WebPage","@id":"https:\/\/www.eldigitaldeasturias.com\/noticias\/sarasola-destaca-la-potencia-de-la-agricultura-madrilena\/#webpage","url":"https:\/\/www.eldigitaldeasturias.com\/noticias\/sarasola-destaca-la-potencia-de-la-agricultura-madrilena\/","name":"Sarasola destaca la \u00abpotencia\u00bb de la agricultura madrile\u00f1a - El Digital de Asturias","description":"Madrid, 1 feb (EFE).- El consejero de Medio Ambiente y Ordenaci\u00f3n del Territorio, Borja Sarasola, ha destacado hoy la \"potencia\" de la agricultura madrile\u00f1a y ha elogiado la labor de \"promoci\u00f3n permanente\" de los productos regionales en los mercados de proximidad. \"Cuando los madrile\u00f1os conocen estos productos y su extraordinaria calidad lo aprecian much\u00edsimo y","inLanguage":"es-ES","isPartOf":{"@id":"https:\/\/www.eldigitaldeasturias.com\/noticias\/#website"},"breadcrumb":{"@id":"https:\/\/www.eldigitaldeasturias.com\/noticias\/sarasola-destaca-la-potencia-de-la-agricultura-madrilena\/#breadcrumblist"},"author":{"@id":"https:\/\/www.eldigitaldeasturias.com\/noticias\/author\/admin\/#author"},"creator":{"@id":"https:\/\/www.eldigitaldeasturias.com\/noticias\/author\/admin\/#author"},"image":{"@type":"ImageObject","url":481753,"@id":"https:\/\/www.eldigitaldeasturias.com\/noticias\/sarasola-destaca-la-potencia-de-la-agricultura-madrilena\/#mainImage"},"primaryImageOfPage":{"@id":"https:\/\/www.eldigitaldeasturias.com\/noticias\/sarasola-destaca-la-potencia-de-la-agricultura-madrilena\/#mainImage"},"datePublished":"2014-02-01T20:40:11+01:00","dateModified":"2014-02-01T20:40:11+01:00"},{"@type":"WebSite","@id":"https:\/\/www.eldigitaldeasturias.com\/noticias\/#website","url":"https:\/\/www.eldigitaldeasturias.com\/noticias\/","name":"El Digital de Asturias - Diario de actualidad y noticias","alternateName":"El Digital de Asturias - Diario de actualidad y noticias","description":"Hemeroteca","inLanguage":"es-ES","publisher":{"@id":"https:\/\/www.eldigitaldeasturias.com\/noticias\/#organization"}}]},"og:locale":"es_ES","og:site_name":"El Digital de Asturias","og:type":"article","og:title":"Sarasola destaca la \u00abpotencia\u00bb de la agricultura madrile\u00f1a - El Digital de Asturias","og:description":"Madrid, 1 feb (EFE).- El consejero de Medio Ambiente y Ordenaci\u00f3n del Territorio, Borja Sarasola, ha destacado hoy la &quot;potencia&quot; de la agricultura madrile\u00f1a y ha elogiado la labor de &quot;promoci\u00f3n permanente&quot; de los productos regionales en los mercados de proximidad. &quot;Cuando los madrile\u00f1os conocen estos productos y su extraordinaria calidad lo aprecian much\u00edsimo y","og:url":"https:\/\/www.eldigitaldeasturias.com\/noticias\/sarasola-destaca-la-potencia-de-la-agricultura-madrilena\/","article:tag":["actualidad"],"article:published_time":"2014-02-01T21:40:11+00:00","article:modified_time":"2014-02-01T21:40:11+00:00","article:publisher":"https:\/\/facebook.com\/eldigitaldeasturias","twitter:card":"summary_large_image","twitter:title":"Sarasola destaca la \u00abpotencia\u00bb de la agricultura madrile\u00f1a - El Digital de Asturias","twitter:description":"Madrid, 1 feb (EFE).- El consejero de Medio Ambiente y Ordenaci\u00f3n del Territorio, Borja Sarasola, ha destacado hoy la &quot;potencia&quot; de la agricultura madrile\u00f1a y ha elogiado la labor de &quot;promoci\u00f3n permanente&quot; de los productos regionales en los mercados de proximidad. &quot;Cuando los madrile\u00f1os conocen estos productos y su extraordinaria calidad lo aprecian much\u00edsimo y","twitter:label1":"Escrito por","twitter:data1":"El Digital de Asturias","twitter:label2":"Tiempo de lectura estimado","twitter:data2":"2 minutos"},"aioseo_meta_data":{"post_id":"481752","title":null,"description":null,"keywords":null,"keyphrases":null,"primary_term":null,"canonical_url":null,"og_title":null,"og_description":null,"og_object_type":"default","og_image_type":"default","og_image_url":null,"og_image_width":null,"og_image_height":null,"og_image_custom_url":null,"og_image_custom_fields":null,"og_video":null,"og_custom_url":null,"og_article_section":null,"og_article_tags":null,"twitter_use_og":true,"twitter_card":"default","twitter_image_type":"default","twitter_image_url":null,"twitter_image_custom_url":null,"twitter_image_custom_fields":null,"twitter_title":null,"twitter_description":null,"schema":{"blockGraphs":[],"customGraphs":[],"default":{"data":{"Article":[],"Course":[],"Dataset":[],"FAQPage":[],"Movie":[],"Person":[],"Product":[],"ProductReview":[],"Car":[],"Recipe":[],"Service":[],"SoftwareApplication":[],"WebPage":[]},"graphName":"","isEnabled":true},"graphs":[],"defaultGraph":"","defaultPostTypeGraph":""},"schema_type":null,"schema_type_options":null,"pillar_content":false,"robots_default":true,"robots_noindex":false,"robots_noarchive":false,"robots_nosnippet":false,"robots_nofollow":false,"robots_noimageindex":false,"robots_noodp":false,"robots_notranslate":false,"robots_max_snippet":null,"robots_max_videopreview":null,"robots_max_imagepreview":"none","priority":null,"frequency":null,"local_seo":null,"seo_analyzer_scan_date":"2026-06-02 07:47:34","breadcrumb_settings":null,"limit_modified_date":false,"open_ai":null,"ai":null,"created":"2020-11-14 22:54:28","updated":"2026-06-02 07:47:34","focus_keyword":null,"additional_keywords":null,"truseo_locale":null},"aioseo_breadcrumb":"<div class=\"aioseo-breadcrumbs\"><span class=\"aioseo-breadcrumb\">\n\t<a href=\"https:\/\/www.eldigitaldeasturias.com\/noticias\" title=\"Home\">Home<\/a>\n<\/span><span class=\"aioseo-breadcrumb-separator\">\u2013<\/span><span class=\"aioseo-breadcrumb\">\n\t<a href=\"https:\/\/www.eldigitaldeasturias.com\/noticias\/category\/actualidad\/\" title=\"Actualidad\">Actualidad<\/a>\n<\/span><span class=\"aioseo-breadcrumb-separator\">\u2013<\/span><span class=\"aioseo-breadcrumb\">\n\t<a href=\"https:\/\/www.eldigitaldeasturias.com\/noticias\/sarasola-destaca-la-potencia-de-la-agricultura-madrilena\/\" title=\"Sarasola destaca la \u00abpotencia\u00bb de la agricultura madrile\u00f1a\">Sarasola destaca la \u00abpotencia\u00bb de la agricultura madrile\u00f1a<\/a>\n<\/span><\/div>","aioseo_breadcrumb_json":[{"label":"Home","link":"https:\/\/www.eldigitaldeasturias.com\/noticias"},{"label":"Actualidad","link":"https:\/\/www.eldigitaldeasturias.com\/noticias\/category\/actualidad\/"},{"label":"Sarasola destaca la \u00abpotencia\u00bb de la agricultura madrile\u00f1a","link":"https:\/\/www.eldigitaldeasturias.com\/noticias\/sarasola-destaca-la-potencia-de-la-agricultura-madrilena\/"}],"_links":{"self":[{"href":"https:\/\/www.eldigitaldeasturias.com\/noticias\/wp-json\/wp\/v2\/posts\/481752","targetHints":{"allow":["GET"]}}],"collection":[{"href":"https:\/\/www.eldigitaldeasturias.com\/noticias\/wp-json\/wp\/v2\/posts"}],"about":[{"href":"https:\/\/www.eldigitaldeasturias.com\/noticias\/wp-json\/wp\/v2\/types\/post"}],"author":[{"embeddable":true,"href":"https:\/\/www.eldigitaldeasturias.com\/noticias\/wp-json\/wp\/v2\/users\/1"}],"replies":[{"embeddable":true,"href":"https:\/\/www.eldigitaldeasturias.com\/noticias\/wp-json\/wp\/v2\/comments?post=481752"}],"version-history":[{"count":0,"href":"https:\/\/www.eldigitaldeasturias.com\/noticias\/wp-json\/wp\/v2\/posts\/481752\/revisions"}],"wp:attachment":[{"href":"https:\/\/www.eldigitaldeasturias.com\/noticias\/wp-json\/wp\/v2\/media?parent=481752"}],"wp:term":[{"taxonomy":"category","embeddable":true,"href":"https:\/\/www.eldigitaldeasturias.com\/noticias\/wp-json\/wp\/v2\/categories?post=481752"},{"taxonomy":"post_tag","embeddable":true,"href":"https:\/\/www.eldigitaldeasturias.com\/noticias\/wp-json\/wp\/v2\/tags?post=481752"}],"curies":[{"name":"wp","href":"https:\/\/api.w.org\/{rel}","templated":true}]}}