{"id":481740,"date":"2014-02-01T20:35:27","date_gmt":"2014-02-01T21:35:27","guid":{"rendered":"http:\/\/www.eldigitaldeasturias.com\/noticias\/?p=481740"},"modified":"2014-02-01T20:35:27","modified_gmt":"2014-02-01T21:35:27","slug":"red-bull-busca-su-quinto-titulo-mundial-aunque-reconoce-problemas-con-motores","status":"publish","type":"post","link":"https:\/\/www.eldigitaldeasturias.com\/noticias\/red-bull-busca-su-quinto-titulo-mundial-aunque-reconoce-problemas-con-motores\/","title":{"rendered":"Red Bull busca su quinto t\u00edtulo mundial aunque reconoce problemas con motores"},"content":{"rendered":"<p><img loading=\"lazy\" decoding=\"async\" class=\"alignleft size-medium wp-image-481741\" alt=\"5899649w\" src=\"https:\/\/www.eldigitaldeasturias.com\/noticias\/wp-content\/uploads\/2014\/02\/5899649w-360x243.jpg\" width=\"360\" height=\"243\" \/>Viena, 1 feb (EFE).- La escuder\u00eda Red Bull se ha puesto como objetivo lograr este a\u00f1o su quinto t\u00edtulo mundial consecutivo, y subray\u00f3 que los problemas con los motores Renault \u00abtodav\u00eda\u00bb no son motivo de \u00abpreocupaci\u00f3n\u00bb.<\/p>\n<p>La escuder\u00eda del actual campe\u00f3n del mundo, el alem\u00e1n Sebastian Vettel, tuvo que terminar antes de lo previsto sus ensayos en el Circuito de Jerez debido a unos problemas mec\u00e1nicos que no permitieron ni hacer 100 kil\u00f3metros en ese trazado.<\/p>\n<p>El austr\u00edaco Dietrich Matschitz, propietario de la escuder\u00eda, declar\u00f3 en una entrevista con el diario Salzburger Nachrichten que no ve \u00abtodav\u00eda ning\u00fan motivo de preocupaci\u00f3n\u00bb por los problemas de los motores Renault.<\/p>\n<p>\u00abLos problemas los tenemos que eliminar de aqu\u00ed a la pr\u00f3xima prueba en Bar\u00e9in\u00bb, dijo Mateschitz, aunque \u00abel momento de la verdad\u00bb ser\u00e1 en la primera carrera del campeonato en Melbourne el pr\u00f3ximo 16 de marzo.<\/p>\n<p>\u00abIncluso en caso de que se produzca un mal inicio del campeonato, no significar\u00eda que el Mundial estuviera perdido ya que tambi\u00e9n se podr\u00eda remontar m\u00e1s adelante\u00bb, subray\u00f3.<\/p>\n<p>En cualquier caso, el objetivo de la escuder\u00eda es revalidar por quinta vez consecutiva el t\u00edtulo mundial, un objetivo que \u00absiempre se debe perseguir\u00bb, concluy\u00f3.<\/p>\n","protected":false},"excerpt":{"rendered":"<p>Viena, 1 feb (EFE).- La escuder\u00eda Red Bull se ha puesto como objetivo lograr este a\u00f1o su quinto t\u00edtulo mundial consecutivo, y subray\u00f3 que los problemas con los motores Renault \u00abtodav\u00eda\u00bb no son motivo de \u00abpreocupaci\u00f3n\u00bb. La escuder\u00eda del actual campe\u00f3n del mundo, el alem\u00e1n Sebastian Vettel, tuvo que terminar antes de lo previsto sus [&hellip;]<\/p>\n","protected":false},"author":1,"featured_media":481741,"comment_status":"closed","ping_status":"open","sticky":false,"template":"","format":"standard","meta":{"footnotes":""},"categories":[1],"tags":[],"class_list":["post-481740","post","type-post","status-publish","format-standard","has-post-thumbnail","hentry","category-actualidad"],"aioseo_notices":[],"aioseo_head":"\n\t\t<!-- All in One SEO Pro 5.0.1 - aioseo.com -->\n\t<meta name=\"description\" content=\"Viena, 1 feb (EFE).- La escuder\u00eda Red Bull se ha puesto como objetivo lograr este a\u00f1o su quinto t\u00edtulo mundial consecutivo, y subray\u00f3 que los problemas con los motores Renault &quot;todav\u00eda&quot; no son motivo de &quot;preocupaci\u00f3n&quot;. La escuder\u00eda del actual campe\u00f3n del mundo, el alem\u00e1n Sebastian Vettel, tuvo que terminar antes de lo previsto sus\" \/>\n\t<meta name=\"robots\" content=\"max-image-preview:large\" \/>\n\t<meta name=\"author\" content=\"El Digital de Asturias\"\/>\n\t<meta name=\"google-site-verification\" content=\"UA-38556648-1\" \/>\n\t<meta name=\"msvalidate.01\" content=\"7dfe9f3f1b24437ab69f4f2559babe99\" \/>\n\t<meta name=\"keywords\" content=\"actualidad\" \/>\n\t<link rel=\"canonical\" href=\"https:\/\/www.eldigitaldeasturias.com\/noticias\/red-bull-busca-su-quinto-titulo-mundial-aunque-reconoce-problemas-con-motores\/\" \/>\n\t<meta name=\"generator\" content=\"All in One SEO Pro (AIOSEO) 5.0.1\" \/>\n\t\t<meta property=\"og:locale\" content=\"es_ES\" \/>\n\t\t<meta property=\"og:site_name\" content=\"El Digital de Asturias\" \/>\n\t\t<meta property=\"og:type\" content=\"article\" \/>\n\t\t<meta property=\"og:title\" content=\"Red Bull busca su quinto t\u00edtulo mundial aunque reconoce problemas con motores - El Digital de Asturias\" \/>\n\t\t<meta property=\"og:description\" content=\"Viena, 1 feb (EFE).- La escuder\u00eda Red Bull se ha puesto como objetivo lograr este a\u00f1o su quinto t\u00edtulo mundial consecutivo, y subray\u00f3 que los problemas con los motores Renault &quot;todav\u00eda&quot; no son motivo de &quot;preocupaci\u00f3n&quot;. La escuder\u00eda del actual campe\u00f3n del mundo, el alem\u00e1n Sebastian Vettel, tuvo que terminar antes de lo previsto sus\" \/>\n\t\t<meta property=\"og:url\" content=\"https:\/\/www.eldigitaldeasturias.com\/noticias\/red-bull-busca-su-quinto-titulo-mundial-aunque-reconoce-problemas-con-motores\/\" \/>\n\t\t<meta property=\"article:tag\" content=\"actualidad\" \/>\n\t\t<meta property=\"article:published_time\" content=\"2014-02-01T21:35:27+00:00\" \/>\n\t\t<meta property=\"article:modified_time\" content=\"2014-02-01T21:35:27+00:00\" \/>\n\t\t<meta property=\"article:publisher\" content=\"https:\/\/facebook.com\/eldigitaldeasturias\" \/>\n\t\t<meta name=\"twitter:card\" content=\"summary_large_image\" \/>\n\t\t<meta name=\"twitter:title\" content=\"Red Bull busca su quinto t\u00edtulo mundial aunque reconoce problemas con motores - El Digital de Asturias\" \/>\n\t\t<meta name=\"twitter:description\" content=\"Viena, 1 feb (EFE).- La escuder\u00eda Red Bull se ha puesto como objetivo lograr este a\u00f1o su quinto t\u00edtulo mundial consecutivo, y subray\u00f3 que los problemas con los motores Renault &quot;todav\u00eda&quot; no son motivo de &quot;preocupaci\u00f3n&quot;. La escuder\u00eda del actual campe\u00f3n del mundo, el alem\u00e1n Sebastian Vettel, tuvo que terminar antes de lo previsto sus\" \/>\n\t\t<meta name=\"twitter:label1\" content=\"Escrito por\" \/>\n\t\t<meta name=\"twitter:data1\" content=\"El Digital de Asturias\" \/>\n\t\t<meta name=\"twitter:label2\" content=\"Tiempo de lectura estimado\" \/>\n\t\t<meta name=\"twitter:data2\" content=\"1 minuto\" \/>\n\t\t<script type=\"application\/ld+json\" class=\"aioseo-schema\">\n\t\t\t{\"@context\":\"https:\\\/\\\/schema.org\",\"@graph\":[{\"@type\":\"BlogPosting\",\"@id\":\"https:\\\/\\\/www.eldigitaldeasturias.com\\\/noticias\\\/red-bull-busca-su-quinto-titulo-mundial-aunque-reconoce-problemas-con-motores\\\/#blogposting\",\"name\":\"Red Bull busca su quinto t\\u00edtulo mundial aunque reconoce problemas con motores - El Digital de Asturias\",\"headline\":\"Red Bull busca su quinto t\\u00edtulo mundial aunque reconoce problemas con motores\",\"author\":{\"@id\":\"https:\\\/\\\/www.eldigitaldeasturias.com\\\/noticias\\\/author\\\/admin\\\/#author\"},\"publisher\":{\"@id\":\"https:\\\/\\\/www.eldigitaldeasturias.com\\\/noticias\\\/#organization\"},\"image\":{\"@type\":\"ImageObject\",\"url\":481741},\"datePublished\":\"2014-02-01T20:35:27+01:00\",\"dateModified\":\"2014-02-01T20:35:27+01:00\",\"inLanguage\":\"es-ES\",\"mainEntityOfPage\":{\"@id\":\"https:\\\/\\\/www.eldigitaldeasturias.com\\\/noticias\\\/red-bull-busca-su-quinto-titulo-mundial-aunque-reconoce-problemas-con-motores\\\/#webpage\"},\"isPartOf\":{\"@id\":\"https:\\\/\\\/www.eldigitaldeasturias.com\\\/noticias\\\/red-bull-busca-su-quinto-titulo-mundial-aunque-reconoce-problemas-con-motores\\\/#webpage\"},\"articleSection\":\"Actualidad\"},{\"@type\":\"BreadcrumbList\",\"@id\":\"https:\\\/\\\/www.eldigitaldeasturias.com\\\/noticias\\\/red-bull-busca-su-quinto-titulo-mundial-aunque-reconoce-problemas-con-motores\\\/#breadcrumblist\",\"itemListElement\":[{\"@type\":\"ListItem\",\"@id\":\"https:\\\/\\\/www.eldigitaldeasturias.com\\\/noticias#listItem\",\"position\":1,\"name\":\"Home\",\"item\":\"https:\\\/\\\/www.eldigitaldeasturias.com\\\/noticias\",\"nextItem\":{\"@type\":\"ListItem\",\"@id\":\"https:\\\/\\\/www.eldigitaldeasturias.com\\\/noticias\\\/category\\\/actualidad\\\/#listItem\",\"name\":\"Actualidad\"}},{\"@type\":\"ListItem\",\"@id\":\"https:\\\/\\\/www.eldigitaldeasturias.com\\\/noticias\\\/category\\\/actualidad\\\/#listItem\",\"position\":2,\"name\":\"Actualidad\",\"item\":\"https:\\\/\\\/www.eldigitaldeasturias.com\\\/noticias\\\/category\\\/actualidad\\\/\",\"nextItem\":{\"@type\":\"ListItem\",\"@id\":\"https:\\\/\\\/www.eldigitaldeasturias.com\\\/noticias\\\/red-bull-busca-su-quinto-titulo-mundial-aunque-reconoce-problemas-con-motores\\\/#listItem\",\"name\":\"Red Bull busca su quinto t\\u00edtulo mundial aunque reconoce problemas con motores\"},\"previousItem\":{\"@type\":\"ListItem\",\"@id\":\"https:\\\/\\\/www.eldigitaldeasturias.com\\\/noticias#listItem\",\"name\":\"Home\"}},{\"@type\":\"ListItem\",\"@id\":\"https:\\\/\\\/www.eldigitaldeasturias.com\\\/noticias\\\/red-bull-busca-su-quinto-titulo-mundial-aunque-reconoce-problemas-con-motores\\\/#listItem\",\"position\":3,\"name\":\"Red Bull busca su quinto t\\u00edtulo mundial aunque reconoce problemas con motores\",\"previousItem\":{\"@type\":\"ListItem\",\"@id\":\"https:\\\/\\\/www.eldigitaldeasturias.com\\\/noticias\\\/category\\\/actualidad\\\/#listItem\",\"name\":\"Actualidad\"}}]},{\"@type\":\"Organization\",\"@id\":\"https:\\\/\\\/www.eldigitaldeasturias.com\\\/noticias\\\/#organization\",\"name\":\"El Digital de Asturias\",\"description\":\"Hemeroteca\",\"url\":\"https:\\\/\\\/www.eldigitaldeasturias.com\\\/noticias\\\/\",\"email\":\"info@eldigitaldeasturias.com\",\"telephone\":\"+34652131393\",\"logo\":{\"@type\":\"ImageObject\",\"url\":\"https:\\\/\\\/www.eldigitaldeasturias.com\\\/noticias\\\/wp-content\\\/uploads\\\/2020\\\/12\\\/EDA.jpg\",\"@id\":\"https:\\\/\\\/www.eldigitaldeasturias.com\\\/noticias\\\/red-bull-busca-su-quinto-titulo-mundial-aunque-reconoce-problemas-con-motores\\\/#organizationLogo\"},\"image\":{\"@id\":\"https:\\\/\\\/www.eldigitaldeasturias.com\\\/noticias\\\/red-bull-busca-su-quinto-titulo-mundial-aunque-reconoce-problemas-con-motores\\\/#organizationLogo\"},\"sameAs\":[\"https:\\\/\\\/facebook.com\\\/eldigitaldeasturias\",\"https:\\\/\\\/www.youtube.com\\\/channel\\\/UCZP-2wLEB9Rv6erhFmqVnvg\"],\"address\":{\"@id\":\"https:\\\/\\\/www.eldigitaldeasturias.com\\\/noticias\\\/#postaladdress\",\"@type\":\"PostalAddress\",\"streetAddress\":\"san antonio 4\",\"postalCode\":\"33430\",\"addressLocality\":\"Cand\\u00e1s\",\"addressRegion\":\"Asturias\",\"addressCountry\":\"ES\"}},{\"@type\":\"Person\",\"@id\":\"https:\\\/\\\/www.eldigitaldeasturias.com\\\/noticias\\\/author\\\/admin\\\/#author\",\"url\":\"https:\\\/\\\/www.eldigitaldeasturias.com\\\/noticias\\\/author\\\/admin\\\/\",\"name\":\"El Digital de Asturias\",\"image\":{\"@type\":\"ImageObject\",\"@id\":\"https:\\\/\\\/www.eldigitaldeasturias.com\\\/noticias\\\/red-bull-busca-su-quinto-titulo-mundial-aunque-reconoce-problemas-con-motores\\\/#authorImage\",\"url\":\"https:\\\/\\\/secure.gravatar.com\\\/avatar\\\/df2aeffc32bcd13f8d26072ef8a91b623d677766deac7f97ca815868cd41bf5e?s=96&d=mm&r=g\",\"width\":96,\"height\":96,\"caption\":\"El Digital de Asturias\"}},{\"@type\":\"WebPage\",\"@id\":\"https:\\\/\\\/www.eldigitaldeasturias.com\\\/noticias\\\/red-bull-busca-su-quinto-titulo-mundial-aunque-reconoce-problemas-con-motores\\\/#webpage\",\"url\":\"https:\\\/\\\/www.eldigitaldeasturias.com\\\/noticias\\\/red-bull-busca-su-quinto-titulo-mundial-aunque-reconoce-problemas-con-motores\\\/\",\"name\":\"Red Bull busca su quinto t\\u00edtulo mundial aunque reconoce problemas con motores - El Digital de Asturias\",\"description\":\"Viena, 1 feb (EFE).- La escuder\\u00eda Red Bull se ha puesto como objetivo lograr este a\\u00f1o su quinto t\\u00edtulo mundial consecutivo, y subray\\u00f3 que los problemas con los motores Renault \\\"todav\\u00eda\\\" no son motivo de \\\"preocupaci\\u00f3n\\\". La escuder\\u00eda del actual campe\\u00f3n del mundo, el alem\\u00e1n Sebastian Vettel, tuvo que terminar antes de lo previsto sus\",\"inLanguage\":\"es-ES\",\"isPartOf\":{\"@id\":\"https:\\\/\\\/www.eldigitaldeasturias.com\\\/noticias\\\/#website\"},\"breadcrumb\":{\"@id\":\"https:\\\/\\\/www.eldigitaldeasturias.com\\\/noticias\\\/red-bull-busca-su-quinto-titulo-mundial-aunque-reconoce-problemas-con-motores\\\/#breadcrumblist\"},\"author\":{\"@id\":\"https:\\\/\\\/www.eldigitaldeasturias.com\\\/noticias\\\/author\\\/admin\\\/#author\"},\"creator\":{\"@id\":\"https:\\\/\\\/www.eldigitaldeasturias.com\\\/noticias\\\/author\\\/admin\\\/#author\"},\"image\":{\"@type\":\"ImageObject\",\"url\":481741,\"@id\":\"https:\\\/\\\/www.eldigitaldeasturias.com\\\/noticias\\\/red-bull-busca-su-quinto-titulo-mundial-aunque-reconoce-problemas-con-motores\\\/#mainImage\"},\"primaryImageOfPage\":{\"@id\":\"https:\\\/\\\/www.eldigitaldeasturias.com\\\/noticias\\\/red-bull-busca-su-quinto-titulo-mundial-aunque-reconoce-problemas-con-motores\\\/#mainImage\"},\"datePublished\":\"2014-02-01T20:35:27+01:00\",\"dateModified\":\"2014-02-01T20:35:27+01:00\"},{\"@type\":\"WebSite\",\"@id\":\"https:\\\/\\\/www.eldigitaldeasturias.com\\\/noticias\\\/#website\",\"url\":\"https:\\\/\\\/www.eldigitaldeasturias.com\\\/noticias\\\/\",\"name\":\"El Digital de Asturias - Diario de actualidad y noticias\",\"alternateName\":\"El Digital de Asturias - Diario de actualidad y noticias\",\"description\":\"Hemeroteca\",\"inLanguage\":\"es-ES\",\"publisher\":{\"@id\":\"https:\\\/\\\/www.eldigitaldeasturias.com\\\/noticias\\\/#organization\"}}]}\n\t\t<\/script>\n\t\t<!-- All in One SEO Pro -->\r\n\t\t<title>Red Bull busca su quinto t\u00edtulo mundial aunque reconoce problemas con motores - El Digital de Asturias<\/title>\n\n","aioseo_head_json":{"title":"Red Bull busca su quinto t\u00edtulo mundial aunque reconoce problemas con motores - El Digital de Asturias","description":"Viena, 1 feb (EFE).- La escuder\u00eda Red Bull se ha puesto como objetivo lograr este a\u00f1o su quinto t\u00edtulo mundial consecutivo, y subray\u00f3 que los problemas con los motores Renault \"todav\u00eda\" no son motivo de \"preocupaci\u00f3n\". La escuder\u00eda del actual campe\u00f3n del mundo, el alem\u00e1n Sebastian Vettel, tuvo que terminar antes de lo previsto sus","canonical_url":"https:\/\/www.eldigitaldeasturias.com\/noticias\/red-bull-busca-su-quinto-titulo-mundial-aunque-reconoce-problemas-con-motores\/","robots":"max-image-preview:large","keywords":"actualidad","webmasterTools":{"google-site-verification":"UA-38556648-1","msvalidate.01":"7dfe9f3f1b24437ab69f4f2559babe99","miscellaneous":""},"schema":{"@context":"https:\/\/schema.org","@graph":[{"@type":"BlogPosting","@id":"https:\/\/www.eldigitaldeasturias.com\/noticias\/red-bull-busca-su-quinto-titulo-mundial-aunque-reconoce-problemas-con-motores\/#blogposting","name":"Red Bull busca su quinto t\u00edtulo mundial aunque reconoce problemas con motores - El Digital de Asturias","headline":"Red Bull busca su quinto t\u00edtulo mundial aunque reconoce problemas con motores","author":{"@id":"https:\/\/www.eldigitaldeasturias.com\/noticias\/author\/admin\/#author"},"publisher":{"@id":"https:\/\/www.eldigitaldeasturias.com\/noticias\/#organization"},"image":{"@type":"ImageObject","url":481741},"datePublished":"2014-02-01T20:35:27+01:00","dateModified":"2014-02-01T20:35:27+01:00","inLanguage":"es-ES","mainEntityOfPage":{"@id":"https:\/\/www.eldigitaldeasturias.com\/noticias\/red-bull-busca-su-quinto-titulo-mundial-aunque-reconoce-problemas-con-motores\/#webpage"},"isPartOf":{"@id":"https:\/\/www.eldigitaldeasturias.com\/noticias\/red-bull-busca-su-quinto-titulo-mundial-aunque-reconoce-problemas-con-motores\/#webpage"},"articleSection":"Actualidad"},{"@type":"BreadcrumbList","@id":"https:\/\/www.eldigitaldeasturias.com\/noticias\/red-bull-busca-su-quinto-titulo-mundial-aunque-reconoce-problemas-con-motores\/#breadcrumblist","itemListElement":[{"@type":"ListItem","@id":"https:\/\/www.eldigitaldeasturias.com\/noticias#listItem","position":1,"name":"Home","item":"https:\/\/www.eldigitaldeasturias.com\/noticias","nextItem":{"@type":"ListItem","@id":"https:\/\/www.eldigitaldeasturias.com\/noticias\/category\/actualidad\/#listItem","name":"Actualidad"}},{"@type":"ListItem","@id":"https:\/\/www.eldigitaldeasturias.com\/noticias\/category\/actualidad\/#listItem","position":2,"name":"Actualidad","item":"https:\/\/www.eldigitaldeasturias.com\/noticias\/category\/actualidad\/","nextItem":{"@type":"ListItem","@id":"https:\/\/www.eldigitaldeasturias.com\/noticias\/red-bull-busca-su-quinto-titulo-mundial-aunque-reconoce-problemas-con-motores\/#listItem","name":"Red Bull busca su quinto t\u00edtulo mundial aunque reconoce problemas con motores"},"previousItem":{"@type":"ListItem","@id":"https:\/\/www.eldigitaldeasturias.com\/noticias#listItem","name":"Home"}},{"@type":"ListItem","@id":"https:\/\/www.eldigitaldeasturias.com\/noticias\/red-bull-busca-su-quinto-titulo-mundial-aunque-reconoce-problemas-con-motores\/#listItem","position":3,"name":"Red Bull busca su quinto t\u00edtulo mundial aunque reconoce problemas con motores","previousItem":{"@type":"ListItem","@id":"https:\/\/www.eldigitaldeasturias.com\/noticias\/category\/actualidad\/#listItem","name":"Actualidad"}}]},{"@type":"Organization","@id":"https:\/\/www.eldigitaldeasturias.com\/noticias\/#organization","name":"El Digital de Asturias","description":"Hemeroteca","url":"https:\/\/www.eldigitaldeasturias.com\/noticias\/","email":"info@eldigitaldeasturias.com","telephone":"+34652131393","logo":{"@type":"ImageObject","url":"https:\/\/www.eldigitaldeasturias.com\/noticias\/wp-content\/uploads\/2020\/12\/EDA.jpg","@id":"https:\/\/www.eldigitaldeasturias.com\/noticias\/red-bull-busca-su-quinto-titulo-mundial-aunque-reconoce-problemas-con-motores\/#organizationLogo"},"image":{"@id":"https:\/\/www.eldigitaldeasturias.com\/noticias\/red-bull-busca-su-quinto-titulo-mundial-aunque-reconoce-problemas-con-motores\/#organizationLogo"},"sameAs":["https:\/\/facebook.com\/eldigitaldeasturias","https:\/\/www.youtube.com\/channel\/UCZP-2wLEB9Rv6erhFmqVnvg"],"address":{"@id":"https:\/\/www.eldigitaldeasturias.com\/noticias\/#postaladdress","@type":"PostalAddress","streetAddress":"san antonio 4","postalCode":"33430","addressLocality":"Cand\u00e1s","addressRegion":"Asturias","addressCountry":"ES"}},{"@type":"Person","@id":"https:\/\/www.eldigitaldeasturias.com\/noticias\/author\/admin\/#author","url":"https:\/\/www.eldigitaldeasturias.com\/noticias\/author\/admin\/","name":"El Digital de Asturias","image":{"@type":"ImageObject","@id":"https:\/\/www.eldigitaldeasturias.com\/noticias\/red-bull-busca-su-quinto-titulo-mundial-aunque-reconoce-problemas-con-motores\/#authorImage","url":"https:\/\/secure.gravatar.com\/avatar\/df2aeffc32bcd13f8d26072ef8a91b623d677766deac7f97ca815868cd41bf5e?s=96&d=mm&r=g","width":96,"height":96,"caption":"El Digital de Asturias"}},{"@type":"WebPage","@id":"https:\/\/www.eldigitaldeasturias.com\/noticias\/red-bull-busca-su-quinto-titulo-mundial-aunque-reconoce-problemas-con-motores\/#webpage","url":"https:\/\/www.eldigitaldeasturias.com\/noticias\/red-bull-busca-su-quinto-titulo-mundial-aunque-reconoce-problemas-con-motores\/","name":"Red Bull busca su quinto t\u00edtulo mundial aunque reconoce problemas con motores - El Digital de Asturias","description":"Viena, 1 feb (EFE).- La escuder\u00eda Red Bull se ha puesto como objetivo lograr este a\u00f1o su quinto t\u00edtulo mundial consecutivo, y subray\u00f3 que los problemas con los motores Renault \"todav\u00eda\" no son motivo de \"preocupaci\u00f3n\". La escuder\u00eda del actual campe\u00f3n del mundo, el alem\u00e1n Sebastian Vettel, tuvo que terminar antes de lo previsto sus","inLanguage":"es-ES","isPartOf":{"@id":"https:\/\/www.eldigitaldeasturias.com\/noticias\/#website"},"breadcrumb":{"@id":"https:\/\/www.eldigitaldeasturias.com\/noticias\/red-bull-busca-su-quinto-titulo-mundial-aunque-reconoce-problemas-con-motores\/#breadcrumblist"},"author":{"@id":"https:\/\/www.eldigitaldeasturias.com\/noticias\/author\/admin\/#author"},"creator":{"@id":"https:\/\/www.eldigitaldeasturias.com\/noticias\/author\/admin\/#author"},"image":{"@type":"ImageObject","url":481741,"@id":"https:\/\/www.eldigitaldeasturias.com\/noticias\/red-bull-busca-su-quinto-titulo-mundial-aunque-reconoce-problemas-con-motores\/#mainImage"},"primaryImageOfPage":{"@id":"https:\/\/www.eldigitaldeasturias.com\/noticias\/red-bull-busca-su-quinto-titulo-mundial-aunque-reconoce-problemas-con-motores\/#mainImage"},"datePublished":"2014-02-01T20:35:27+01:00","dateModified":"2014-02-01T20:35:27+01:00"},{"@type":"WebSite","@id":"https:\/\/www.eldigitaldeasturias.com\/noticias\/#website","url":"https:\/\/www.eldigitaldeasturias.com\/noticias\/","name":"El Digital de Asturias - Diario de actualidad y noticias","alternateName":"El Digital de Asturias - Diario de actualidad y noticias","description":"Hemeroteca","inLanguage":"es-ES","publisher":{"@id":"https:\/\/www.eldigitaldeasturias.com\/noticias\/#organization"}}]},"og:locale":"es_ES","og:site_name":"El Digital de Asturias","og:type":"article","og:title":"Red Bull busca su quinto t\u00edtulo mundial aunque reconoce problemas con motores - El Digital de Asturias","og:description":"Viena, 1 feb (EFE).- La escuder\u00eda Red Bull se ha puesto como objetivo lograr este a\u00f1o su quinto t\u00edtulo mundial consecutivo, y subray\u00f3 que los problemas con los motores Renault &quot;todav\u00eda&quot; no son motivo de &quot;preocupaci\u00f3n&quot;. La escuder\u00eda del actual campe\u00f3n del mundo, el alem\u00e1n Sebastian Vettel, tuvo que terminar antes de lo previsto sus","og:url":"https:\/\/www.eldigitaldeasturias.com\/noticias\/red-bull-busca-su-quinto-titulo-mundial-aunque-reconoce-problemas-con-motores\/","article:tag":["actualidad"],"article:published_time":"2014-02-01T21:35:27+00:00","article:modified_time":"2014-02-01T21:35:27+00:00","article:publisher":"https:\/\/facebook.com\/eldigitaldeasturias","twitter:card":"summary_large_image","twitter:title":"Red Bull busca su quinto t\u00edtulo mundial aunque reconoce problemas con motores - El Digital de Asturias","twitter:description":"Viena, 1 feb (EFE).- La escuder\u00eda Red Bull se ha puesto como objetivo lograr este a\u00f1o su quinto t\u00edtulo mundial consecutivo, y subray\u00f3 que los problemas con los motores Renault &quot;todav\u00eda&quot; no son motivo de &quot;preocupaci\u00f3n&quot;. La escuder\u00eda del actual campe\u00f3n del mundo, el alem\u00e1n Sebastian Vettel, tuvo que terminar antes de lo previsto sus","twitter:label1":"Escrito por","twitter:data1":"El Digital de Asturias","twitter:label2":"Tiempo de lectura estimado","twitter:data2":"1 minuto"},"aioseo_meta_data":{"post_id":"481740","title":null,"description":null,"keywords":null,"keyphrases":null,"primary_term":null,"canonical_url":null,"og_title":null,"og_description":null,"og_object_type":"default","og_image_type":"default","og_image_url":null,"og_image_width":null,"og_image_height":null,"og_image_custom_url":null,"og_image_custom_fields":null,"og_video":null,"og_custom_url":null,"og_article_section":null,"og_article_tags":null,"twitter_use_og":true,"twitter_card":"default","twitter_image_type":"default","twitter_image_url":null,"twitter_image_custom_url":null,"twitter_image_custom_fields":null,"twitter_title":null,"twitter_description":null,"schema":{"blockGraphs":[],"customGraphs":[],"default":{"data":{"Article":[],"Course":[],"Dataset":[],"FAQPage":[],"Movie":[],"Person":[],"Product":[],"ProductReview":[],"Car":[],"Recipe":[],"Service":[],"SoftwareApplication":[],"WebPage":[]},"graphName":"","isEnabled":true},"graphs":[],"defaultGraph":"","defaultPostTypeGraph":""},"schema_type":null,"schema_type_options":null,"pillar_content":false,"robots_default":true,"robots_noindex":false,"robots_noarchive":false,"robots_nosnippet":false,"robots_nofollow":false,"robots_noimageindex":false,"robots_noodp":false,"robots_notranslate":false,"robots_max_snippet":null,"robots_max_videopreview":null,"robots_max_imagepreview":"none","priority":null,"frequency":null,"local_seo":null,"seo_analyzer_scan_date":"2026-06-02 07:44:56","breadcrumb_settings":null,"limit_modified_date":false,"open_ai":null,"ai":null,"created":"2020-11-14 22:54:28","updated":"2026-06-02 07:44:56","focus_keyword":null,"additional_keywords":null,"truseo_locale":null},"aioseo_breadcrumb":"<div class=\"aioseo-breadcrumbs\"><span class=\"aioseo-breadcrumb\">\n\t<a href=\"https:\/\/www.eldigitaldeasturias.com\/noticias\" title=\"Home\">Home<\/a>\n<\/span><span class=\"aioseo-breadcrumb-separator\">\u2013<\/span><span class=\"aioseo-breadcrumb\">\n\t<a href=\"https:\/\/www.eldigitaldeasturias.com\/noticias\/category\/actualidad\/\" title=\"Actualidad\">Actualidad<\/a>\n<\/span><span class=\"aioseo-breadcrumb-separator\">\u2013<\/span><span class=\"aioseo-breadcrumb\">\n\t<a href=\"https:\/\/www.eldigitaldeasturias.com\/noticias\/red-bull-busca-su-quinto-titulo-mundial-aunque-reconoce-problemas-con-motores\/\" title=\"Red Bull busca su quinto t\u00edtulo mundial aunque reconoce problemas con motores\">Red Bull busca su quinto t\u00edtulo mundial aunque reconoce problemas con motores<\/a>\n<\/span><\/div>","aioseo_breadcrumb_json":[{"label":"Home","link":"https:\/\/www.eldigitaldeasturias.com\/noticias"},{"label":"Actualidad","link":"https:\/\/www.eldigitaldeasturias.com\/noticias\/category\/actualidad\/"},{"label":"Red Bull busca su quinto t\u00edtulo mundial aunque reconoce problemas con motores","link":"https:\/\/www.eldigitaldeasturias.com\/noticias\/red-bull-busca-su-quinto-titulo-mundial-aunque-reconoce-problemas-con-motores\/"}],"_links":{"self":[{"href":"https:\/\/www.eldigitaldeasturias.com\/noticias\/wp-json\/wp\/v2\/posts\/481740","targetHints":{"allow":["GET"]}}],"collection":[{"href":"https:\/\/www.eldigitaldeasturias.com\/noticias\/wp-json\/wp\/v2\/posts"}],"about":[{"href":"https:\/\/www.eldigitaldeasturias.com\/noticias\/wp-json\/wp\/v2\/types\/post"}],"author":[{"embeddable":true,"href":"https:\/\/www.eldigitaldeasturias.com\/noticias\/wp-json\/wp\/v2\/users\/1"}],"replies":[{"embeddable":true,"href":"https:\/\/www.eldigitaldeasturias.com\/noticias\/wp-json\/wp\/v2\/comments?post=481740"}],"version-history":[{"count":0,"href":"https:\/\/www.eldigitaldeasturias.com\/noticias\/wp-json\/wp\/v2\/posts\/481740\/revisions"}],"wp:attachment":[{"href":"https:\/\/www.eldigitaldeasturias.com\/noticias\/wp-json\/wp\/v2\/media?parent=481740"}],"wp:term":[{"taxonomy":"category","embeddable":true,"href":"https:\/\/www.eldigitaldeasturias.com\/noticias\/wp-json\/wp\/v2\/categories?post=481740"},{"taxonomy":"post_tag","embeddable":true,"href":"https:\/\/www.eldigitaldeasturias.com\/noticias\/wp-json\/wp\/v2\/tags?post=481740"}],"curies":[{"name":"wp","href":"https:\/\/api.w.org\/{rel}","templated":true}]}}