{"id":481722,"date":"2014-02-01T20:24:54","date_gmt":"2014-02-01T21:24:54","guid":{"rendered":"http:\/\/www.eldigitaldeasturias.com\/noticias\/?p=481722"},"modified":"2014-02-01T20:24:54","modified_gmt":"2014-02-01T21:24:54","slug":"duran-reclama-al-gobierno-la-documentacion-para-el-calculo-de-las-balanzas-fiscales","status":"publish","type":"post","link":"https:\/\/www.eldigitaldeasturias.com\/noticias\/duran-reclama-al-gobierno-la-documentacion-para-el-calculo-de-las-balanzas-fiscales\/","title":{"rendered":"Duran reclama al Gobierno la documentaci\u00f3n para el c\u00e1lculo de las balanzas fiscales"},"content":{"rendered":"<p><img loading=\"lazy\" decoding=\"async\" class=\"alignleft size-medium wp-image-481723\" alt=\"5899579w\" src=\"https:\/\/www.eldigitaldeasturias.com\/noticias\/wp-content\/uploads\/2014\/02\/5899579w-360x125.jpg\" width=\"360\" height=\"125\" \/>Barcelona, 1 feb (EFE).- El portavoz del grupo parlamentario de CiU en el Congreso, Josep Antoni Duran Lleida, registr\u00f3 ayer en la C\u00e1mara Baja una petici\u00f3n al Gobierno de toda la documentaci\u00f3n necesaria que depende de la Intervenci\u00f3n General de la Administraci\u00f3n del Estado para calcular las balanzas fiscales.<\/p>\n<p>Seg\u00fan ha informado hoy CiU en un comunicado, Duran denuncia la \u00abfalta de transparencia y opacidad\u00bb del Ejecutivo al no hacer p\u00fablicas \u00ablas bases de datos utilizadas, los criterios y los m\u00e9todos de c\u00e1lculo\u00bb.<\/p>\n<p>CiU se\u00f1ala que hace un a\u00f1o la Generalitat solicit\u00f3 los datos con los que se hac\u00edan los c\u00e1lculos de las balanzas fiscales que permiten saber \u00abcu\u00e1l es el d\u00e9ficit fiscal de Catalu\u00f1a con car\u00e1cter anual\u00bb.<\/p>\n<p>A\u00f1ade que \u00abpor primera vez el Ejecutivo se ha negado a enviar al Gobierno catal\u00e1n esta informaci\u00f3n\u00bb, por lo que el portavoz de la federaci\u00f3n nacionalista \u00abha realizado esta misma petici\u00f3n a trav\u00e9s del Congreso\u00bb.<\/p>\n<p>CiU subraya que \u00abtienen la sospecha\u00bb de que con la nueva metodolog\u00eda de c\u00e1lculo anunciada por el ministro de Hacienda, Crist\u00f3bal Montoro, el Gobierno \u00abest\u00e1 cocinando estos datos que durante 25 a\u00f1os la Administraci\u00f3n General del Estado hab\u00eda facilitado a la Generalitat\u00bb.<\/p>\n<p>El economista investigador del CSIC \u00c1ngel de la Fuente, uno de los tres acad\u00e9micos que dise\u00f1an la metodolog\u00eda de las cuentas p\u00fablicas territorializadas, el sistema que suplir\u00e1 a las balanzas fiscales, explic\u00f3 ayer en Girona que la financiaci\u00f3n de Catalu\u00f1a se sit\u00faa con este nuevo c\u00e1lculo en el promedio de Espa\u00f1a.<\/p>\n<p>De la Fuente anunci\u00f3 que publicar\u00e1 en Internet un primer informe de unas 700 p\u00e1ginas para abrir un debate acad\u00e9mico que dar\u00e1 paso al documento definitivo, el cual se presentar\u00e1 en marzo en Madrid.<\/p>\n<p>El investigador defendi\u00f3 esta nueva \u00abherramienta estad\u00edstica\u00bb y detall\u00f3 que, con los datos que maneja por el momento, la financiaci\u00f3n de las grandes comunidades aut\u00f3nomas como Catalu\u00f1a o Madrid est\u00e1 en el promedio y apenas cambiar\u00eda su situaci\u00f3n con la nueva metodolog\u00eda.<\/p>\n","protected":false},"excerpt":{"rendered":"<p>Barcelona, 1 feb (EFE).- El portavoz del grupo parlamentario de CiU en el Congreso, Josep Antoni Duran Lleida, registr\u00f3 ayer en la C\u00e1mara Baja una petici\u00f3n al Gobierno de toda la documentaci\u00f3n necesaria que depende de la Intervenci\u00f3n General de la Administraci\u00f3n del Estado para calcular las balanzas fiscales. Seg\u00fan ha informado hoy CiU en [&hellip;]<\/p>\n","protected":false},"author":1,"featured_media":481723,"comment_status":"closed","ping_status":"open","sticky":false,"template":"","format":"standard","meta":{"footnotes":""},"categories":[1],"tags":[],"class_list":["post-481722","post","type-post","status-publish","format-standard","has-post-thumbnail","hentry","category-actualidad"],"aioseo_notices":[],"aioseo_head":"\n\t\t<!-- All in One SEO Pro 5.0.1 - aioseo.com -->\n\t<meta name=\"description\" content=\"Barcelona, 1 feb (EFE).- El portavoz del grupo parlamentario de CiU en el Congreso, Josep Antoni Duran Lleida, registr\u00f3 ayer en la C\u00e1mara Baja una petici\u00f3n al Gobierno de toda la documentaci\u00f3n necesaria que depende de la Intervenci\u00f3n General de la Administraci\u00f3n del Estado para calcular las balanzas fiscales. Seg\u00fan ha informado hoy CiU en\" \/>\n\t<meta name=\"robots\" content=\"max-image-preview:large\" \/>\n\t<meta name=\"author\" content=\"El Digital de Asturias\"\/>\n\t<meta name=\"google-site-verification\" content=\"UA-38556648-1\" \/>\n\t<meta name=\"msvalidate.01\" content=\"7dfe9f3f1b24437ab69f4f2559babe99\" \/>\n\t<meta name=\"keywords\" content=\"actualidad\" \/>\n\t<link rel=\"canonical\" href=\"https:\/\/www.eldigitaldeasturias.com\/noticias\/duran-reclama-al-gobierno-la-documentacion-para-el-calculo-de-las-balanzas-fiscales\/\" \/>\n\t<meta name=\"generator\" content=\"All in One SEO Pro (AIOSEO) 5.0.1\" \/>\n\t\t<meta property=\"og:locale\" content=\"es_ES\" \/>\n\t\t<meta property=\"og:site_name\" content=\"El Digital de Asturias\" \/>\n\t\t<meta property=\"og:type\" content=\"article\" \/>\n\t\t<meta property=\"og:title\" content=\"Duran reclama al Gobierno la documentaci\u00f3n para el c\u00e1lculo de las balanzas fiscales - El Digital de Asturias\" \/>\n\t\t<meta property=\"og:description\" content=\"Barcelona, 1 feb (EFE).- El portavoz del grupo parlamentario de CiU en el Congreso, Josep Antoni Duran Lleida, registr\u00f3 ayer en la C\u00e1mara Baja una petici\u00f3n al Gobierno de toda la documentaci\u00f3n necesaria que depende de la Intervenci\u00f3n General de la Administraci\u00f3n del Estado para calcular las balanzas fiscales. Seg\u00fan ha informado hoy CiU en\" \/>\n\t\t<meta property=\"og:url\" content=\"https:\/\/www.eldigitaldeasturias.com\/noticias\/duran-reclama-al-gobierno-la-documentacion-para-el-calculo-de-las-balanzas-fiscales\/\" \/>\n\t\t<meta property=\"article:tag\" content=\"actualidad\" \/>\n\t\t<meta property=\"article:published_time\" content=\"2014-02-01T21:24:54+00:00\" \/>\n\t\t<meta property=\"article:modified_time\" content=\"2014-02-01T21:24:54+00:00\" \/>\n\t\t<meta property=\"article:publisher\" content=\"https:\/\/facebook.com\/eldigitaldeasturias\" \/>\n\t\t<meta name=\"twitter:card\" content=\"summary_large_image\" \/>\n\t\t<meta name=\"twitter:title\" content=\"Duran reclama al Gobierno la documentaci\u00f3n para el c\u00e1lculo de las balanzas fiscales - El Digital de Asturias\" \/>\n\t\t<meta name=\"twitter:description\" content=\"Barcelona, 1 feb (EFE).- El portavoz del grupo parlamentario de CiU en el Congreso, Josep Antoni Duran Lleida, registr\u00f3 ayer en la C\u00e1mara Baja una petici\u00f3n al Gobierno de toda la documentaci\u00f3n necesaria que depende de la Intervenci\u00f3n General de la Administraci\u00f3n del Estado para calcular las balanzas fiscales. Seg\u00fan ha informado hoy CiU en\" \/>\n\t\t<meta name=\"twitter:label1\" content=\"Escrito por\" \/>\n\t\t<meta name=\"twitter:data1\" content=\"El Digital de Asturias\" \/>\n\t\t<meta name=\"twitter:label2\" content=\"Tiempo de lectura estimado\" \/>\n\t\t<meta name=\"twitter:data2\" content=\"2 minutos\" \/>\n\t\t<script type=\"application\/ld+json\" class=\"aioseo-schema\">\n\t\t\t{\"@context\":\"https:\\\/\\\/schema.org\",\"@graph\":[{\"@type\":\"BlogPosting\",\"@id\":\"https:\\\/\\\/www.eldigitaldeasturias.com\\\/noticias\\\/duran-reclama-al-gobierno-la-documentacion-para-el-calculo-de-las-balanzas-fiscales\\\/#blogposting\",\"name\":\"Duran reclama al Gobierno la documentaci\\u00f3n para el c\\u00e1lculo de las balanzas fiscales - El Digital de Asturias\",\"headline\":\"Duran reclama al Gobierno la documentaci\\u00f3n para el c\\u00e1lculo de las balanzas fiscales\",\"author\":{\"@id\":\"https:\\\/\\\/www.eldigitaldeasturias.com\\\/noticias\\\/author\\\/admin\\\/#author\"},\"publisher\":{\"@id\":\"https:\\\/\\\/www.eldigitaldeasturias.com\\\/noticias\\\/#organization\"},\"image\":{\"@type\":\"ImageObject\",\"url\":481723},\"datePublished\":\"2014-02-01T20:24:54+01:00\",\"dateModified\":\"2014-02-01T20:24:54+01:00\",\"inLanguage\":\"es-ES\",\"mainEntityOfPage\":{\"@id\":\"https:\\\/\\\/www.eldigitaldeasturias.com\\\/noticias\\\/duran-reclama-al-gobierno-la-documentacion-para-el-calculo-de-las-balanzas-fiscales\\\/#webpage\"},\"isPartOf\":{\"@id\":\"https:\\\/\\\/www.eldigitaldeasturias.com\\\/noticias\\\/duran-reclama-al-gobierno-la-documentacion-para-el-calculo-de-las-balanzas-fiscales\\\/#webpage\"},\"articleSection\":\"Actualidad\"},{\"@type\":\"BreadcrumbList\",\"@id\":\"https:\\\/\\\/www.eldigitaldeasturias.com\\\/noticias\\\/duran-reclama-al-gobierno-la-documentacion-para-el-calculo-de-las-balanzas-fiscales\\\/#breadcrumblist\",\"itemListElement\":[{\"@type\":\"ListItem\",\"@id\":\"https:\\\/\\\/www.eldigitaldeasturias.com\\\/noticias#listItem\",\"position\":1,\"name\":\"Home\",\"item\":\"https:\\\/\\\/www.eldigitaldeasturias.com\\\/noticias\",\"nextItem\":{\"@type\":\"ListItem\",\"@id\":\"https:\\\/\\\/www.eldigitaldeasturias.com\\\/noticias\\\/category\\\/actualidad\\\/#listItem\",\"name\":\"Actualidad\"}},{\"@type\":\"ListItem\",\"@id\":\"https:\\\/\\\/www.eldigitaldeasturias.com\\\/noticias\\\/category\\\/actualidad\\\/#listItem\",\"position\":2,\"name\":\"Actualidad\",\"item\":\"https:\\\/\\\/www.eldigitaldeasturias.com\\\/noticias\\\/category\\\/actualidad\\\/\",\"nextItem\":{\"@type\":\"ListItem\",\"@id\":\"https:\\\/\\\/www.eldigitaldeasturias.com\\\/noticias\\\/duran-reclama-al-gobierno-la-documentacion-para-el-calculo-de-las-balanzas-fiscales\\\/#listItem\",\"name\":\"Duran reclama al Gobierno la documentaci\\u00f3n para el c\\u00e1lculo de las balanzas fiscales\"},\"previousItem\":{\"@type\":\"ListItem\",\"@id\":\"https:\\\/\\\/www.eldigitaldeasturias.com\\\/noticias#listItem\",\"name\":\"Home\"}},{\"@type\":\"ListItem\",\"@id\":\"https:\\\/\\\/www.eldigitaldeasturias.com\\\/noticias\\\/duran-reclama-al-gobierno-la-documentacion-para-el-calculo-de-las-balanzas-fiscales\\\/#listItem\",\"position\":3,\"name\":\"Duran reclama al Gobierno la documentaci\\u00f3n para el c\\u00e1lculo de las balanzas fiscales\",\"previousItem\":{\"@type\":\"ListItem\",\"@id\":\"https:\\\/\\\/www.eldigitaldeasturias.com\\\/noticias\\\/category\\\/actualidad\\\/#listItem\",\"name\":\"Actualidad\"}}]},{\"@type\":\"Organization\",\"@id\":\"https:\\\/\\\/www.eldigitaldeasturias.com\\\/noticias\\\/#organization\",\"name\":\"El Digital de Asturias\",\"description\":\"Hemeroteca\",\"url\":\"https:\\\/\\\/www.eldigitaldeasturias.com\\\/noticias\\\/\",\"email\":\"info@eldigitaldeasturias.com\",\"telephone\":\"+34652131393\",\"logo\":{\"@type\":\"ImageObject\",\"url\":\"https:\\\/\\\/www.eldigitaldeasturias.com\\\/noticias\\\/wp-content\\\/uploads\\\/2020\\\/12\\\/EDA.jpg\",\"@id\":\"https:\\\/\\\/www.eldigitaldeasturias.com\\\/noticias\\\/duran-reclama-al-gobierno-la-documentacion-para-el-calculo-de-las-balanzas-fiscales\\\/#organizationLogo\"},\"image\":{\"@id\":\"https:\\\/\\\/www.eldigitaldeasturias.com\\\/noticias\\\/duran-reclama-al-gobierno-la-documentacion-para-el-calculo-de-las-balanzas-fiscales\\\/#organizationLogo\"},\"sameAs\":[\"https:\\\/\\\/facebook.com\\\/eldigitaldeasturias\",\"https:\\\/\\\/www.youtube.com\\\/channel\\\/UCZP-2wLEB9Rv6erhFmqVnvg\"],\"address\":{\"@id\":\"https:\\\/\\\/www.eldigitaldeasturias.com\\\/noticias\\\/#postaladdress\",\"@type\":\"PostalAddress\",\"streetAddress\":\"san antonio 4\",\"postalCode\":\"33430\",\"addressLocality\":\"Cand\\u00e1s\",\"addressRegion\":\"Asturias\",\"addressCountry\":\"ES\"}},{\"@type\":\"Person\",\"@id\":\"https:\\\/\\\/www.eldigitaldeasturias.com\\\/noticias\\\/author\\\/admin\\\/#author\",\"url\":\"https:\\\/\\\/www.eldigitaldeasturias.com\\\/noticias\\\/author\\\/admin\\\/\",\"name\":\"El Digital de Asturias\",\"image\":{\"@type\":\"ImageObject\",\"@id\":\"https:\\\/\\\/www.eldigitaldeasturias.com\\\/noticias\\\/duran-reclama-al-gobierno-la-documentacion-para-el-calculo-de-las-balanzas-fiscales\\\/#authorImage\",\"url\":\"https:\\\/\\\/secure.gravatar.com\\\/avatar\\\/df2aeffc32bcd13f8d26072ef8a91b623d677766deac7f97ca815868cd41bf5e?s=96&d=mm&r=g\",\"width\":96,\"height\":96,\"caption\":\"El Digital de Asturias\"}},{\"@type\":\"WebPage\",\"@id\":\"https:\\\/\\\/www.eldigitaldeasturias.com\\\/noticias\\\/duran-reclama-al-gobierno-la-documentacion-para-el-calculo-de-las-balanzas-fiscales\\\/#webpage\",\"url\":\"https:\\\/\\\/www.eldigitaldeasturias.com\\\/noticias\\\/duran-reclama-al-gobierno-la-documentacion-para-el-calculo-de-las-balanzas-fiscales\\\/\",\"name\":\"Duran reclama al Gobierno la documentaci\\u00f3n para el c\\u00e1lculo de las balanzas fiscales - El Digital de Asturias\",\"description\":\"Barcelona, 1 feb (EFE).- El portavoz del grupo parlamentario de CiU en el Congreso, Josep Antoni Duran Lleida, registr\\u00f3 ayer en la C\\u00e1mara Baja una petici\\u00f3n al Gobierno de toda la documentaci\\u00f3n necesaria que depende de la Intervenci\\u00f3n General de la Administraci\\u00f3n del Estado para calcular las balanzas fiscales. Seg\\u00fan ha informado hoy CiU en\",\"inLanguage\":\"es-ES\",\"isPartOf\":{\"@id\":\"https:\\\/\\\/www.eldigitaldeasturias.com\\\/noticias\\\/#website\"},\"breadcrumb\":{\"@id\":\"https:\\\/\\\/www.eldigitaldeasturias.com\\\/noticias\\\/duran-reclama-al-gobierno-la-documentacion-para-el-calculo-de-las-balanzas-fiscales\\\/#breadcrumblist\"},\"author\":{\"@id\":\"https:\\\/\\\/www.eldigitaldeasturias.com\\\/noticias\\\/author\\\/admin\\\/#author\"},\"creator\":{\"@id\":\"https:\\\/\\\/www.eldigitaldeasturias.com\\\/noticias\\\/author\\\/admin\\\/#author\"},\"image\":{\"@type\":\"ImageObject\",\"url\":481723,\"@id\":\"https:\\\/\\\/www.eldigitaldeasturias.com\\\/noticias\\\/duran-reclama-al-gobierno-la-documentacion-para-el-calculo-de-las-balanzas-fiscales\\\/#mainImage\"},\"primaryImageOfPage\":{\"@id\":\"https:\\\/\\\/www.eldigitaldeasturias.com\\\/noticias\\\/duran-reclama-al-gobierno-la-documentacion-para-el-calculo-de-las-balanzas-fiscales\\\/#mainImage\"},\"datePublished\":\"2014-02-01T20:24:54+01:00\",\"dateModified\":\"2014-02-01T20:24:54+01:00\"},{\"@type\":\"WebSite\",\"@id\":\"https:\\\/\\\/www.eldigitaldeasturias.com\\\/noticias\\\/#website\",\"url\":\"https:\\\/\\\/www.eldigitaldeasturias.com\\\/noticias\\\/\",\"name\":\"El Digital de Asturias - Diario de actualidad y noticias\",\"alternateName\":\"El Digital de Asturias - Diario de actualidad y noticias\",\"description\":\"Hemeroteca\",\"inLanguage\":\"es-ES\",\"publisher\":{\"@id\":\"https:\\\/\\\/www.eldigitaldeasturias.com\\\/noticias\\\/#organization\"}}]}\n\t\t<\/script>\n\t\t<!-- All in One SEO Pro -->\r\n\t\t<title>Duran reclama al Gobierno la documentaci\u00f3n para el c\u00e1lculo de las balanzas fiscales - El Digital de Asturias<\/title>\n\n","aioseo_head_json":{"title":"Duran reclama al Gobierno la documentaci\u00f3n para el c\u00e1lculo de las balanzas fiscales - El Digital de Asturias","description":"Barcelona, 1 feb (EFE).- El portavoz del grupo parlamentario de CiU en el Congreso, Josep Antoni Duran Lleida, registr\u00f3 ayer en la C\u00e1mara Baja una petici\u00f3n al Gobierno de toda la documentaci\u00f3n necesaria que depende de la Intervenci\u00f3n General de la Administraci\u00f3n del Estado para calcular las balanzas fiscales. Seg\u00fan ha informado hoy CiU en","canonical_url":"https:\/\/www.eldigitaldeasturias.com\/noticias\/duran-reclama-al-gobierno-la-documentacion-para-el-calculo-de-las-balanzas-fiscales\/","robots":"max-image-preview:large","keywords":"actualidad","webmasterTools":{"google-site-verification":"UA-38556648-1","msvalidate.01":"7dfe9f3f1b24437ab69f4f2559babe99","miscellaneous":""},"schema":{"@context":"https:\/\/schema.org","@graph":[{"@type":"BlogPosting","@id":"https:\/\/www.eldigitaldeasturias.com\/noticias\/duran-reclama-al-gobierno-la-documentacion-para-el-calculo-de-las-balanzas-fiscales\/#blogposting","name":"Duran reclama al Gobierno la documentaci\u00f3n para el c\u00e1lculo de las balanzas fiscales - El Digital de Asturias","headline":"Duran reclama al Gobierno la documentaci\u00f3n para el c\u00e1lculo de las balanzas fiscales","author":{"@id":"https:\/\/www.eldigitaldeasturias.com\/noticias\/author\/admin\/#author"},"publisher":{"@id":"https:\/\/www.eldigitaldeasturias.com\/noticias\/#organization"},"image":{"@type":"ImageObject","url":481723},"datePublished":"2014-02-01T20:24:54+01:00","dateModified":"2014-02-01T20:24:54+01:00","inLanguage":"es-ES","mainEntityOfPage":{"@id":"https:\/\/www.eldigitaldeasturias.com\/noticias\/duran-reclama-al-gobierno-la-documentacion-para-el-calculo-de-las-balanzas-fiscales\/#webpage"},"isPartOf":{"@id":"https:\/\/www.eldigitaldeasturias.com\/noticias\/duran-reclama-al-gobierno-la-documentacion-para-el-calculo-de-las-balanzas-fiscales\/#webpage"},"articleSection":"Actualidad"},{"@type":"BreadcrumbList","@id":"https:\/\/www.eldigitaldeasturias.com\/noticias\/duran-reclama-al-gobierno-la-documentacion-para-el-calculo-de-las-balanzas-fiscales\/#breadcrumblist","itemListElement":[{"@type":"ListItem","@id":"https:\/\/www.eldigitaldeasturias.com\/noticias#listItem","position":1,"name":"Home","item":"https:\/\/www.eldigitaldeasturias.com\/noticias","nextItem":{"@type":"ListItem","@id":"https:\/\/www.eldigitaldeasturias.com\/noticias\/category\/actualidad\/#listItem","name":"Actualidad"}},{"@type":"ListItem","@id":"https:\/\/www.eldigitaldeasturias.com\/noticias\/category\/actualidad\/#listItem","position":2,"name":"Actualidad","item":"https:\/\/www.eldigitaldeasturias.com\/noticias\/category\/actualidad\/","nextItem":{"@type":"ListItem","@id":"https:\/\/www.eldigitaldeasturias.com\/noticias\/duran-reclama-al-gobierno-la-documentacion-para-el-calculo-de-las-balanzas-fiscales\/#listItem","name":"Duran reclama al Gobierno la documentaci\u00f3n para el c\u00e1lculo de las balanzas fiscales"},"previousItem":{"@type":"ListItem","@id":"https:\/\/www.eldigitaldeasturias.com\/noticias#listItem","name":"Home"}},{"@type":"ListItem","@id":"https:\/\/www.eldigitaldeasturias.com\/noticias\/duran-reclama-al-gobierno-la-documentacion-para-el-calculo-de-las-balanzas-fiscales\/#listItem","position":3,"name":"Duran reclama al Gobierno la documentaci\u00f3n para el c\u00e1lculo de las balanzas fiscales","previousItem":{"@type":"ListItem","@id":"https:\/\/www.eldigitaldeasturias.com\/noticias\/category\/actualidad\/#listItem","name":"Actualidad"}}]},{"@type":"Organization","@id":"https:\/\/www.eldigitaldeasturias.com\/noticias\/#organization","name":"El Digital de Asturias","description":"Hemeroteca","url":"https:\/\/www.eldigitaldeasturias.com\/noticias\/","email":"info@eldigitaldeasturias.com","telephone":"+34652131393","logo":{"@type":"ImageObject","url":"https:\/\/www.eldigitaldeasturias.com\/noticias\/wp-content\/uploads\/2020\/12\/EDA.jpg","@id":"https:\/\/www.eldigitaldeasturias.com\/noticias\/duran-reclama-al-gobierno-la-documentacion-para-el-calculo-de-las-balanzas-fiscales\/#organizationLogo"},"image":{"@id":"https:\/\/www.eldigitaldeasturias.com\/noticias\/duran-reclama-al-gobierno-la-documentacion-para-el-calculo-de-las-balanzas-fiscales\/#organizationLogo"},"sameAs":["https:\/\/facebook.com\/eldigitaldeasturias","https:\/\/www.youtube.com\/channel\/UCZP-2wLEB9Rv6erhFmqVnvg"],"address":{"@id":"https:\/\/www.eldigitaldeasturias.com\/noticias\/#postaladdress","@type":"PostalAddress","streetAddress":"san antonio 4","postalCode":"33430","addressLocality":"Cand\u00e1s","addressRegion":"Asturias","addressCountry":"ES"}},{"@type":"Person","@id":"https:\/\/www.eldigitaldeasturias.com\/noticias\/author\/admin\/#author","url":"https:\/\/www.eldigitaldeasturias.com\/noticias\/author\/admin\/","name":"El Digital de Asturias","image":{"@type":"ImageObject","@id":"https:\/\/www.eldigitaldeasturias.com\/noticias\/duran-reclama-al-gobierno-la-documentacion-para-el-calculo-de-las-balanzas-fiscales\/#authorImage","url":"https:\/\/secure.gravatar.com\/avatar\/df2aeffc32bcd13f8d26072ef8a91b623d677766deac7f97ca815868cd41bf5e?s=96&d=mm&r=g","width":96,"height":96,"caption":"El Digital de Asturias"}},{"@type":"WebPage","@id":"https:\/\/www.eldigitaldeasturias.com\/noticias\/duran-reclama-al-gobierno-la-documentacion-para-el-calculo-de-las-balanzas-fiscales\/#webpage","url":"https:\/\/www.eldigitaldeasturias.com\/noticias\/duran-reclama-al-gobierno-la-documentacion-para-el-calculo-de-las-balanzas-fiscales\/","name":"Duran reclama al Gobierno la documentaci\u00f3n para el c\u00e1lculo de las balanzas fiscales - El Digital de Asturias","description":"Barcelona, 1 feb (EFE).- El portavoz del grupo parlamentario de CiU en el Congreso, Josep Antoni Duran Lleida, registr\u00f3 ayer en la C\u00e1mara Baja una petici\u00f3n al Gobierno de toda la documentaci\u00f3n necesaria que depende de la Intervenci\u00f3n General de la Administraci\u00f3n del Estado para calcular las balanzas fiscales. Seg\u00fan ha informado hoy CiU en","inLanguage":"es-ES","isPartOf":{"@id":"https:\/\/www.eldigitaldeasturias.com\/noticias\/#website"},"breadcrumb":{"@id":"https:\/\/www.eldigitaldeasturias.com\/noticias\/duran-reclama-al-gobierno-la-documentacion-para-el-calculo-de-las-balanzas-fiscales\/#breadcrumblist"},"author":{"@id":"https:\/\/www.eldigitaldeasturias.com\/noticias\/author\/admin\/#author"},"creator":{"@id":"https:\/\/www.eldigitaldeasturias.com\/noticias\/author\/admin\/#author"},"image":{"@type":"ImageObject","url":481723,"@id":"https:\/\/www.eldigitaldeasturias.com\/noticias\/duran-reclama-al-gobierno-la-documentacion-para-el-calculo-de-las-balanzas-fiscales\/#mainImage"},"primaryImageOfPage":{"@id":"https:\/\/www.eldigitaldeasturias.com\/noticias\/duran-reclama-al-gobierno-la-documentacion-para-el-calculo-de-las-balanzas-fiscales\/#mainImage"},"datePublished":"2014-02-01T20:24:54+01:00","dateModified":"2014-02-01T20:24:54+01:00"},{"@type":"WebSite","@id":"https:\/\/www.eldigitaldeasturias.com\/noticias\/#website","url":"https:\/\/www.eldigitaldeasturias.com\/noticias\/","name":"El Digital de Asturias - Diario de actualidad y noticias","alternateName":"El Digital de Asturias - Diario de actualidad y noticias","description":"Hemeroteca","inLanguage":"es-ES","publisher":{"@id":"https:\/\/www.eldigitaldeasturias.com\/noticias\/#organization"}}]},"og:locale":"es_ES","og:site_name":"El Digital de Asturias","og:type":"article","og:title":"Duran reclama al Gobierno la documentaci\u00f3n para el c\u00e1lculo de las balanzas fiscales - El Digital de Asturias","og:description":"Barcelona, 1 feb (EFE).- El portavoz del grupo parlamentario de CiU en el Congreso, Josep Antoni Duran Lleida, registr\u00f3 ayer en la C\u00e1mara Baja una petici\u00f3n al Gobierno de toda la documentaci\u00f3n necesaria que depende de la Intervenci\u00f3n General de la Administraci\u00f3n del Estado para calcular las balanzas fiscales. Seg\u00fan ha informado hoy CiU en","og:url":"https:\/\/www.eldigitaldeasturias.com\/noticias\/duran-reclama-al-gobierno-la-documentacion-para-el-calculo-de-las-balanzas-fiscales\/","article:tag":["actualidad"],"article:published_time":"2014-02-01T21:24:54+00:00","article:modified_time":"2014-02-01T21:24:54+00:00","article:publisher":"https:\/\/facebook.com\/eldigitaldeasturias","twitter:card":"summary_large_image","twitter:title":"Duran reclama al Gobierno la documentaci\u00f3n para el c\u00e1lculo de las balanzas fiscales - El Digital de Asturias","twitter:description":"Barcelona, 1 feb (EFE).- El portavoz del grupo parlamentario de CiU en el Congreso, Josep Antoni Duran Lleida, registr\u00f3 ayer en la C\u00e1mara Baja una petici\u00f3n al Gobierno de toda la documentaci\u00f3n necesaria que depende de la Intervenci\u00f3n General de la Administraci\u00f3n del Estado para calcular las balanzas fiscales. Seg\u00fan ha informado hoy CiU en","twitter:label1":"Escrito por","twitter:data1":"El Digital de Asturias","twitter:label2":"Tiempo de lectura estimado","twitter:data2":"2 minutos"},"aioseo_meta_data":{"post_id":"481722","title":null,"description":null,"keywords":null,"keyphrases":null,"primary_term":null,"canonical_url":null,"og_title":null,"og_description":null,"og_object_type":"default","og_image_type":"default","og_image_url":null,"og_image_width":null,"og_image_height":null,"og_image_custom_url":null,"og_image_custom_fields":null,"og_video":null,"og_custom_url":null,"og_article_section":null,"og_article_tags":null,"twitter_use_og":true,"twitter_card":"default","twitter_image_type":"default","twitter_image_url":null,"twitter_image_custom_url":null,"twitter_image_custom_fields":null,"twitter_title":null,"twitter_description":null,"schema":{"blockGraphs":[],"customGraphs":[],"default":{"data":{"Article":[],"Course":[],"Dataset":[],"FAQPage":[],"Movie":[],"Person":[],"Product":[],"ProductReview":[],"Car":[],"Recipe":[],"Service":[],"SoftwareApplication":[],"WebPage":[]},"graphName":"","isEnabled":true},"graphs":[],"defaultGraph":"","defaultPostTypeGraph":""},"schema_type":null,"schema_type_options":null,"pillar_content":false,"robots_default":true,"robots_noindex":false,"robots_noarchive":false,"robots_nosnippet":false,"robots_nofollow":false,"robots_noimageindex":false,"robots_noodp":false,"robots_notranslate":false,"robots_max_snippet":null,"robots_max_videopreview":null,"robots_max_imagepreview":"none","priority":null,"frequency":null,"local_seo":null,"seo_analyzer_scan_date":"2026-06-02 07:42:44","breadcrumb_settings":null,"limit_modified_date":false,"open_ai":null,"ai":null,"created":"2020-11-14 22:54:28","updated":"2026-06-02 07:42:44","focus_keyword":null,"additional_keywords":null,"truseo_locale":null},"aioseo_breadcrumb":"<div class=\"aioseo-breadcrumbs\"><span class=\"aioseo-breadcrumb\">\n\t<a href=\"https:\/\/www.eldigitaldeasturias.com\/noticias\" title=\"Home\">Home<\/a>\n<\/span><span class=\"aioseo-breadcrumb-separator\">\u2013<\/span><span class=\"aioseo-breadcrumb\">\n\t<a href=\"https:\/\/www.eldigitaldeasturias.com\/noticias\/category\/actualidad\/\" title=\"Actualidad\">Actualidad<\/a>\n<\/span><span class=\"aioseo-breadcrumb-separator\">\u2013<\/span><span class=\"aioseo-breadcrumb\">\n\t<a href=\"https:\/\/www.eldigitaldeasturias.com\/noticias\/duran-reclama-al-gobierno-la-documentacion-para-el-calculo-de-las-balanzas-fiscales\/\" title=\"Duran reclama al Gobierno la documentaci\u00f3n para el c\u00e1lculo de las balanzas fiscales\">Duran reclama al Gobierno la documentaci\u00f3n para el c\u00e1lculo de las balanzas fiscales<\/a>\n<\/span><\/div>","aioseo_breadcrumb_json":[{"label":"Home","link":"https:\/\/www.eldigitaldeasturias.com\/noticias"},{"label":"Actualidad","link":"https:\/\/www.eldigitaldeasturias.com\/noticias\/category\/actualidad\/"},{"label":"Duran reclama al Gobierno la documentaci\u00f3n para el c\u00e1lculo de las balanzas fiscales","link":"https:\/\/www.eldigitaldeasturias.com\/noticias\/duran-reclama-al-gobierno-la-documentacion-para-el-calculo-de-las-balanzas-fiscales\/"}],"_links":{"self":[{"href":"https:\/\/www.eldigitaldeasturias.com\/noticias\/wp-json\/wp\/v2\/posts\/481722","targetHints":{"allow":["GET"]}}],"collection":[{"href":"https:\/\/www.eldigitaldeasturias.com\/noticias\/wp-json\/wp\/v2\/posts"}],"about":[{"href":"https:\/\/www.eldigitaldeasturias.com\/noticias\/wp-json\/wp\/v2\/types\/post"}],"author":[{"embeddable":true,"href":"https:\/\/www.eldigitaldeasturias.com\/noticias\/wp-json\/wp\/v2\/users\/1"}],"replies":[{"embeddable":true,"href":"https:\/\/www.eldigitaldeasturias.com\/noticias\/wp-json\/wp\/v2\/comments?post=481722"}],"version-history":[{"count":0,"href":"https:\/\/www.eldigitaldeasturias.com\/noticias\/wp-json\/wp\/v2\/posts\/481722\/revisions"}],"wp:attachment":[{"href":"https:\/\/www.eldigitaldeasturias.com\/noticias\/wp-json\/wp\/v2\/media?parent=481722"}],"wp:term":[{"taxonomy":"category","embeddable":true,"href":"https:\/\/www.eldigitaldeasturias.com\/noticias\/wp-json\/wp\/v2\/categories?post=481722"},{"taxonomy":"post_tag","embeddable":true,"href":"https:\/\/www.eldigitaldeasturias.com\/noticias\/wp-json\/wp\/v2\/tags?post=481722"}],"curies":[{"name":"wp","href":"https:\/\/api.w.org\/{rel}","templated":true}]}}