{"id":481689,"date":"2014-02-01T19:28:51","date_gmt":"2014-02-01T20:28:51","guid":{"rendered":"http:\/\/www.eldigitaldeasturias.com\/noticias\/?p=481689"},"modified":"2014-02-01T19:28:51","modified_gmt":"2014-02-01T20:28:51","slug":"la-situacion-en-siria-ha-pasado-de-ser-grave-a-cronica","status":"publish","type":"post","link":"https:\/\/www.eldigitaldeasturias.com\/noticias\/la-situacion-en-siria-ha-pasado-de-ser-grave-a-cronica\/","title":{"rendered":"La situaci\u00f3n en Siria ha pasado de ser grave a cr\u00f3nica"},"content":{"rendered":"<p><img loading=\"lazy\" decoding=\"async\" class=\"alignleft size-medium wp-image-453154\" alt=\"5749312wsiria\" src=\"https:\/\/www.eldigitaldeasturias.com\/noticias\/wp-content\/uploads\/2013\/11\/5749312w-360x239.jpg\" width=\"360\" height=\"239\" \/>M\u00fanich, 1 feb (dpa) &#8211; La guerra civil en Siria \u00abha pasado r\u00e1pidamente de grave a cr\u00f3nica. No hay un final a la vista\u00bb, asegur\u00f3 hoy a dpa la presidenta del Grupo Internacional de Crisis (ICG, por sus siglas en ingl\u00e9s), Louise Arbour.<\/p>\n<p>Un d\u00eda despu\u00e9s de que concluyeran en Ginebra las negociaciones entre las partes en conflicto en Siria no parece haber una soluci\u00f3n cercana a la sangrienta guerra civil y todos los esfuerzos se centran ahora en poder conseguir abrir las puertas a la entrada de ayuda humanitaria en el pa\u00eds.<\/p>\n<p>A pesar de que \u00e9sta ha sido la primera vez que las partes se han encontrado en tres a\u00f1os de conflicto para discutir sobre la guerra y tratar de encontrar una soluci\u00f3n pol\u00edtica para salvar su pa\u00eds, Arbour se\u00f1al\u00f3 que lo han hecho sobre una \u00abbase muy problem\u00e1tica\u00bb y no parece haber ning\u00fan \u00abavance diplom\u00e1tico\u00bb. Asimismo, apunt\u00f3 a que las negociaciones se van a alargar durante \u00abmucho tiempo\u00bb.<\/p>\n<p>\u00abEs por eso por lo que los esfuerzos van encaminados a conseguir acceso humanitario\u00bb, afirm\u00f3 la presidenta de la ONG encargada de la resoluci\u00f3n y prevenci\u00f3n de conflictos armados internacionales.<\/p>\n<p>Arbour no cree que la raz\u00f3n de que sea tan dif\u00edcil alcanzar un acuerdo se deba en parte al desacuerdo entre Rusia y Estados Unidos. \u00abNo se trata s\u00f3lo de Rusia o de los Estados Unidos. Es toda la regi\u00f3n. Mira alrededor de Siria. Todos sus vecinos son parte del problema, no de la soluci\u00f3n\u00bb.<\/p>\n<p>El ICG intenta aclarar de \u00abmanera profunda\u00bb los puntos discordantes en el conflicto. \u00abNuestro trabajo no es mediar en \u00e9l\u00bb, asegur\u00f3. \u00abPara que la gente pueda entender c\u00f3mo se produjo el conflicto e indicarles que no hay una soluci\u00f3n f\u00e1cil\u00bb.<\/p>\n","protected":false},"excerpt":{"rendered":"<p>M\u00fanich, 1 feb (dpa) &#8211; La guerra civil en Siria \u00abha pasado r\u00e1pidamente de grave a cr\u00f3nica. No hay un final a la vista\u00bb, asegur\u00f3 hoy a dpa la presidenta del Grupo Internacional de Crisis (ICG, por sus siglas en ingl\u00e9s), Louise Arbour. Un d\u00eda despu\u00e9s de que concluyeran en Ginebra las negociaciones entre las [&hellip;]<\/p>\n","protected":false},"author":1,"featured_media":1132184,"comment_status":"closed","ping_status":"open","sticky":false,"template":"","format":"standard","meta":{"footnotes":""},"categories":[1],"tags":[],"class_list":["post-481689","post","type-post","status-publish","format-standard","has-post-thumbnail","hentry","category-actualidad"],"aioseo_notices":[],"aioseo_head":"\n\t\t<!-- All in One SEO Pro 5.0.1 - aioseo.com -->\n\t<meta name=\"description\" content=\"M\u00fanich, 1 feb (dpa) - La guerra civil en Siria &quot;ha pasado r\u00e1pidamente de grave a cr\u00f3nica. No hay un final a la vista&quot;, asegur\u00f3 hoy a dpa la presidenta del Grupo Internacional de Crisis (ICG, por sus siglas en ingl\u00e9s), Louise Arbour. Un d\u00eda despu\u00e9s de que concluyeran en Ginebra las negociaciones entre las\" \/>\n\t<meta name=\"robots\" content=\"max-image-preview:large\" \/>\n\t<meta name=\"author\" content=\"El Digital de Asturias\"\/>\n\t<meta name=\"google-site-verification\" content=\"UA-38556648-1\" \/>\n\t<meta name=\"msvalidate.01\" content=\"7dfe9f3f1b24437ab69f4f2559babe99\" \/>\n\t<meta name=\"keywords\" content=\"actualidad\" \/>\n\t<link rel=\"canonical\" href=\"https:\/\/www.eldigitaldeasturias.com\/noticias\/la-situacion-en-siria-ha-pasado-de-ser-grave-a-cronica\/\" \/>\n\t<meta name=\"generator\" content=\"All in One SEO Pro (AIOSEO) 5.0.1\" \/>\n\t\t<meta property=\"og:locale\" content=\"es_ES\" \/>\n\t\t<meta property=\"og:site_name\" content=\"El Digital de Asturias\" \/>\n\t\t<meta property=\"og:type\" content=\"article\" \/>\n\t\t<meta property=\"og:title\" content=\"La situaci\u00f3n en Siria ha pasado de ser grave a cr\u00f3nica - El Digital de Asturias\" \/>\n\t\t<meta property=\"og:description\" content=\"M\u00fanich, 1 feb (dpa) - La guerra civil en Siria &quot;ha pasado r\u00e1pidamente de grave a cr\u00f3nica. No hay un final a la vista&quot;, asegur\u00f3 hoy a dpa la presidenta del Grupo Internacional de Crisis (ICG, por sus siglas en ingl\u00e9s), Louise Arbour. Un d\u00eda despu\u00e9s de que concluyeran en Ginebra las negociaciones entre las\" \/>\n\t\t<meta property=\"og:url\" content=\"https:\/\/www.eldigitaldeasturias.com\/noticias\/la-situacion-en-siria-ha-pasado-de-ser-grave-a-cronica\/\" \/>\n\t\t<meta property=\"og:image\" content=\"https:\/\/www.eldigitaldeasturias.com\/noticias\/wp-content\/uploads\/2026\/06\/Contenidos.jpg\" \/>\n\t\t<meta property=\"og:image:secure_url\" content=\"https:\/\/www.eldigitaldeasturias.com\/noticias\/wp-content\/uploads\/2026\/06\/Contenidos.jpg\" \/>\n\t\t<meta property=\"og:image:width\" content=\"1265\" \/>\n\t\t<meta property=\"og:image:height\" content=\"697\" \/>\n\t\t<meta property=\"article:tag\" content=\"actualidad\" \/>\n\t\t<meta property=\"article:published_time\" content=\"2014-02-01T20:28:51+00:00\" \/>\n\t\t<meta property=\"article:modified_time\" content=\"2014-02-01T20:28:51+00:00\" \/>\n\t\t<meta property=\"article:publisher\" content=\"https:\/\/facebook.com\/eldigitaldeasturias\" \/>\n\t\t<meta name=\"twitter:card\" content=\"summary_large_image\" \/>\n\t\t<meta name=\"twitter:title\" content=\"La situaci\u00f3n en Siria ha pasado de ser grave a cr\u00f3nica - El Digital de Asturias\" \/>\n\t\t<meta name=\"twitter:description\" content=\"M\u00fanich, 1 feb (dpa) - La guerra civil en Siria &quot;ha pasado r\u00e1pidamente de grave a cr\u00f3nica. No hay un final a la vista&quot;, asegur\u00f3 hoy a dpa la presidenta del Grupo Internacional de Crisis (ICG, por sus siglas en ingl\u00e9s), Louise Arbour. Un d\u00eda despu\u00e9s de que concluyeran en Ginebra las negociaciones entre las\" \/>\n\t\t<meta name=\"twitter:image\" content=\"https:\/\/www.eldigitaldeasturias.com\/noticias\/wp-content\/uploads\/2026\/06\/Contenidos.jpg\" \/>\n\t\t<meta name=\"twitter:label1\" content=\"Escrito por\" \/>\n\t\t<meta name=\"twitter:data1\" content=\"El Digital de Asturias\" \/>\n\t\t<meta name=\"twitter:label2\" content=\"Tiempo de lectura estimado\" \/>\n\t\t<meta name=\"twitter:data2\" content=\"2 minutos\" \/>\n\t\t<script type=\"application\/ld+json\" class=\"aioseo-schema\">\n\t\t\t{\"@context\":\"https:\\\/\\\/schema.org\",\"@graph\":[{\"@type\":\"BlogPosting\",\"@id\":\"https:\\\/\\\/www.eldigitaldeasturias.com\\\/noticias\\\/la-situacion-en-siria-ha-pasado-de-ser-grave-a-cronica\\\/#blogposting\",\"name\":\"La situaci\\u00f3n en Siria ha pasado de ser grave a cr\\u00f3nica - El Digital de Asturias\",\"headline\":\"La situaci\\u00f3n en Siria ha pasado de ser grave a cr\\u00f3nica\",\"author\":{\"@id\":\"https:\\\/\\\/www.eldigitaldeasturias.com\\\/noticias\\\/author\\\/admin\\\/#author\"},\"publisher\":{\"@id\":\"https:\\\/\\\/www.eldigitaldeasturias.com\\\/noticias\\\/#organization\"},\"image\":{\"@type\":\"ImageObject\",\"url\":\"https:\\\/\\\/www.eldigitaldeasturias.com\\\/noticias\\\/wp-content\\\/uploads\\\/2026\\\/06\\\/Contenidos.jpg\",\"width\":1265,\"height\":697,\"caption\":\"Contenidos\"},\"datePublished\":\"2014-02-01T19:28:51+01:00\",\"dateModified\":\"2014-02-01T19:28:51+01:00\",\"inLanguage\":\"es-ES\",\"mainEntityOfPage\":{\"@id\":\"https:\\\/\\\/www.eldigitaldeasturias.com\\\/noticias\\\/la-situacion-en-siria-ha-pasado-de-ser-grave-a-cronica\\\/#webpage\"},\"isPartOf\":{\"@id\":\"https:\\\/\\\/www.eldigitaldeasturias.com\\\/noticias\\\/la-situacion-en-siria-ha-pasado-de-ser-grave-a-cronica\\\/#webpage\"},\"articleSection\":\"Actualidad\"},{\"@type\":\"BreadcrumbList\",\"@id\":\"https:\\\/\\\/www.eldigitaldeasturias.com\\\/noticias\\\/la-situacion-en-siria-ha-pasado-de-ser-grave-a-cronica\\\/#breadcrumblist\",\"itemListElement\":[{\"@type\":\"ListItem\",\"@id\":\"https:\\\/\\\/www.eldigitaldeasturias.com\\\/noticias#listItem\",\"position\":1,\"name\":\"Home\",\"item\":\"https:\\\/\\\/www.eldigitaldeasturias.com\\\/noticias\",\"nextItem\":{\"@type\":\"ListItem\",\"@id\":\"https:\\\/\\\/www.eldigitaldeasturias.com\\\/noticias\\\/category\\\/actualidad\\\/#listItem\",\"name\":\"Actualidad\"}},{\"@type\":\"ListItem\",\"@id\":\"https:\\\/\\\/www.eldigitaldeasturias.com\\\/noticias\\\/category\\\/actualidad\\\/#listItem\",\"position\":2,\"name\":\"Actualidad\",\"item\":\"https:\\\/\\\/www.eldigitaldeasturias.com\\\/noticias\\\/category\\\/actualidad\\\/\",\"nextItem\":{\"@type\":\"ListItem\",\"@id\":\"https:\\\/\\\/www.eldigitaldeasturias.com\\\/noticias\\\/la-situacion-en-siria-ha-pasado-de-ser-grave-a-cronica\\\/#listItem\",\"name\":\"La situaci\\u00f3n en Siria ha pasado de ser grave a cr\\u00f3nica\"},\"previousItem\":{\"@type\":\"ListItem\",\"@id\":\"https:\\\/\\\/www.eldigitaldeasturias.com\\\/noticias#listItem\",\"name\":\"Home\"}},{\"@type\":\"ListItem\",\"@id\":\"https:\\\/\\\/www.eldigitaldeasturias.com\\\/noticias\\\/la-situacion-en-siria-ha-pasado-de-ser-grave-a-cronica\\\/#listItem\",\"position\":3,\"name\":\"La situaci\\u00f3n en Siria ha pasado de ser grave a cr\\u00f3nica\",\"previousItem\":{\"@type\":\"ListItem\",\"@id\":\"https:\\\/\\\/www.eldigitaldeasturias.com\\\/noticias\\\/category\\\/actualidad\\\/#listItem\",\"name\":\"Actualidad\"}}]},{\"@type\":\"Organization\",\"@id\":\"https:\\\/\\\/www.eldigitaldeasturias.com\\\/noticias\\\/#organization\",\"name\":\"El Digital de Asturias\",\"description\":\"Hemeroteca\",\"url\":\"https:\\\/\\\/www.eldigitaldeasturias.com\\\/noticias\\\/\",\"email\":\"info@eldigitaldeasturias.com\",\"telephone\":\"+34652131393\",\"logo\":{\"@type\":\"ImageObject\",\"url\":\"https:\\\/\\\/www.eldigitaldeasturias.com\\\/noticias\\\/wp-content\\\/uploads\\\/2020\\\/12\\\/EDA.jpg\",\"@id\":\"https:\\\/\\\/www.eldigitaldeasturias.com\\\/noticias\\\/la-situacion-en-siria-ha-pasado-de-ser-grave-a-cronica\\\/#organizationLogo\"},\"image\":{\"@id\":\"https:\\\/\\\/www.eldigitaldeasturias.com\\\/noticias\\\/la-situacion-en-siria-ha-pasado-de-ser-grave-a-cronica\\\/#organizationLogo\"},\"sameAs\":[\"https:\\\/\\\/facebook.com\\\/eldigitaldeasturias\",\"https:\\\/\\\/www.youtube.com\\\/channel\\\/UCZP-2wLEB9Rv6erhFmqVnvg\"],\"address\":{\"@id\":\"https:\\\/\\\/www.eldigitaldeasturias.com\\\/noticias\\\/#postaladdress\",\"@type\":\"PostalAddress\",\"streetAddress\":\"san antonio 4\",\"postalCode\":\"33430\",\"addressLocality\":\"Cand\\u00e1s\",\"addressRegion\":\"Asturias\",\"addressCountry\":\"ES\"}},{\"@type\":\"Person\",\"@id\":\"https:\\\/\\\/www.eldigitaldeasturias.com\\\/noticias\\\/author\\\/admin\\\/#author\",\"url\":\"https:\\\/\\\/www.eldigitaldeasturias.com\\\/noticias\\\/author\\\/admin\\\/\",\"name\":\"El Digital de Asturias\",\"image\":{\"@type\":\"ImageObject\",\"@id\":\"https:\\\/\\\/www.eldigitaldeasturias.com\\\/noticias\\\/la-situacion-en-siria-ha-pasado-de-ser-grave-a-cronica\\\/#authorImage\",\"url\":\"https:\\\/\\\/secure.gravatar.com\\\/avatar\\\/df2aeffc32bcd13f8d26072ef8a91b623d677766deac7f97ca815868cd41bf5e?s=96&d=mm&r=g\",\"width\":96,\"height\":96,\"caption\":\"El Digital de Asturias\"}},{\"@type\":\"WebPage\",\"@id\":\"https:\\\/\\\/www.eldigitaldeasturias.com\\\/noticias\\\/la-situacion-en-siria-ha-pasado-de-ser-grave-a-cronica\\\/#webpage\",\"url\":\"https:\\\/\\\/www.eldigitaldeasturias.com\\\/noticias\\\/la-situacion-en-siria-ha-pasado-de-ser-grave-a-cronica\\\/\",\"name\":\"La situaci\\u00f3n en Siria ha pasado de ser grave a cr\\u00f3nica - El Digital de Asturias\",\"description\":\"M\\u00fanich, 1 feb (dpa) - La guerra civil en Siria \\\"ha pasado r\\u00e1pidamente de grave a cr\\u00f3nica. No hay un final a la vista\\\", asegur\\u00f3 hoy a dpa la presidenta del Grupo Internacional de Crisis (ICG, por sus siglas en ingl\\u00e9s), Louise Arbour. Un d\\u00eda despu\\u00e9s de que concluyeran en Ginebra las negociaciones entre las\",\"inLanguage\":\"es-ES\",\"isPartOf\":{\"@id\":\"https:\\\/\\\/www.eldigitaldeasturias.com\\\/noticias\\\/#website\"},\"breadcrumb\":{\"@id\":\"https:\\\/\\\/www.eldigitaldeasturias.com\\\/noticias\\\/la-situacion-en-siria-ha-pasado-de-ser-grave-a-cronica\\\/#breadcrumblist\"},\"author\":{\"@id\":\"https:\\\/\\\/www.eldigitaldeasturias.com\\\/noticias\\\/author\\\/admin\\\/#author\"},\"creator\":{\"@id\":\"https:\\\/\\\/www.eldigitaldeasturias.com\\\/noticias\\\/author\\\/admin\\\/#author\"},\"image\":{\"@type\":\"ImageObject\",\"url\":\"https:\\\/\\\/www.eldigitaldeasturias.com\\\/noticias\\\/wp-content\\\/uploads\\\/2026\\\/06\\\/Contenidos.jpg\",\"@id\":\"https:\\\/\\\/www.eldigitaldeasturias.com\\\/noticias\\\/la-situacion-en-siria-ha-pasado-de-ser-grave-a-cronica\\\/#mainImage\",\"width\":1265,\"height\":697,\"caption\":\"Contenidos\"},\"primaryImageOfPage\":{\"@id\":\"https:\\\/\\\/www.eldigitaldeasturias.com\\\/noticias\\\/la-situacion-en-siria-ha-pasado-de-ser-grave-a-cronica\\\/#mainImage\"},\"datePublished\":\"2014-02-01T19:28:51+01:00\",\"dateModified\":\"2014-02-01T19:28:51+01:00\"},{\"@type\":\"WebSite\",\"@id\":\"https:\\\/\\\/www.eldigitaldeasturias.com\\\/noticias\\\/#website\",\"url\":\"https:\\\/\\\/www.eldigitaldeasturias.com\\\/noticias\\\/\",\"name\":\"El Digital de Asturias - Diario de actualidad y noticias\",\"alternateName\":\"El Digital de Asturias - Diario de actualidad y noticias\",\"description\":\"Hemeroteca\",\"inLanguage\":\"es-ES\",\"publisher\":{\"@id\":\"https:\\\/\\\/www.eldigitaldeasturias.com\\\/noticias\\\/#organization\"}}]}\n\t\t<\/script>\n\t\t<!-- All in One SEO Pro -->\r\n\t\t<title>La situaci\u00f3n en Siria ha pasado de ser grave a cr\u00f3nica - El Digital de Asturias<\/title>\n\n","aioseo_head_json":{"title":"La situaci\u00f3n en Siria ha pasado de ser grave a cr\u00f3nica - El Digital de Asturias","description":"M\u00fanich, 1 feb (dpa) - La guerra civil en Siria \"ha pasado r\u00e1pidamente de grave a cr\u00f3nica. No hay un final a la vista\", asegur\u00f3 hoy a dpa la presidenta del Grupo Internacional de Crisis (ICG, por sus siglas en ingl\u00e9s), Louise Arbour. Un d\u00eda despu\u00e9s de que concluyeran en Ginebra las negociaciones entre las","canonical_url":"https:\/\/www.eldigitaldeasturias.com\/noticias\/la-situacion-en-siria-ha-pasado-de-ser-grave-a-cronica\/","robots":"max-image-preview:large","keywords":"actualidad","webmasterTools":{"google-site-verification":"UA-38556648-1","msvalidate.01":"7dfe9f3f1b24437ab69f4f2559babe99","miscellaneous":""},"schema":{"@context":"https:\/\/schema.org","@graph":[{"@type":"BlogPosting","@id":"https:\/\/www.eldigitaldeasturias.com\/noticias\/la-situacion-en-siria-ha-pasado-de-ser-grave-a-cronica\/#blogposting","name":"La situaci\u00f3n en Siria ha pasado de ser grave a cr\u00f3nica - El Digital de Asturias","headline":"La situaci\u00f3n en Siria ha pasado de ser grave a cr\u00f3nica","author":{"@id":"https:\/\/www.eldigitaldeasturias.com\/noticias\/author\/admin\/#author"},"publisher":{"@id":"https:\/\/www.eldigitaldeasturias.com\/noticias\/#organization"},"image":{"@type":"ImageObject","url":"https:\/\/www.eldigitaldeasturias.com\/noticias\/wp-content\/uploads\/2026\/06\/Contenidos.jpg","width":1265,"height":697,"caption":"Contenidos"},"datePublished":"2014-02-01T19:28:51+01:00","dateModified":"2014-02-01T19:28:51+01:00","inLanguage":"es-ES","mainEntityOfPage":{"@id":"https:\/\/www.eldigitaldeasturias.com\/noticias\/la-situacion-en-siria-ha-pasado-de-ser-grave-a-cronica\/#webpage"},"isPartOf":{"@id":"https:\/\/www.eldigitaldeasturias.com\/noticias\/la-situacion-en-siria-ha-pasado-de-ser-grave-a-cronica\/#webpage"},"articleSection":"Actualidad"},{"@type":"BreadcrumbList","@id":"https:\/\/www.eldigitaldeasturias.com\/noticias\/la-situacion-en-siria-ha-pasado-de-ser-grave-a-cronica\/#breadcrumblist","itemListElement":[{"@type":"ListItem","@id":"https:\/\/www.eldigitaldeasturias.com\/noticias#listItem","position":1,"name":"Home","item":"https:\/\/www.eldigitaldeasturias.com\/noticias","nextItem":{"@type":"ListItem","@id":"https:\/\/www.eldigitaldeasturias.com\/noticias\/category\/actualidad\/#listItem","name":"Actualidad"}},{"@type":"ListItem","@id":"https:\/\/www.eldigitaldeasturias.com\/noticias\/category\/actualidad\/#listItem","position":2,"name":"Actualidad","item":"https:\/\/www.eldigitaldeasturias.com\/noticias\/category\/actualidad\/","nextItem":{"@type":"ListItem","@id":"https:\/\/www.eldigitaldeasturias.com\/noticias\/la-situacion-en-siria-ha-pasado-de-ser-grave-a-cronica\/#listItem","name":"La situaci\u00f3n en Siria ha pasado de ser grave a cr\u00f3nica"},"previousItem":{"@type":"ListItem","@id":"https:\/\/www.eldigitaldeasturias.com\/noticias#listItem","name":"Home"}},{"@type":"ListItem","@id":"https:\/\/www.eldigitaldeasturias.com\/noticias\/la-situacion-en-siria-ha-pasado-de-ser-grave-a-cronica\/#listItem","position":3,"name":"La situaci\u00f3n en Siria ha pasado de ser grave a cr\u00f3nica","previousItem":{"@type":"ListItem","@id":"https:\/\/www.eldigitaldeasturias.com\/noticias\/category\/actualidad\/#listItem","name":"Actualidad"}}]},{"@type":"Organization","@id":"https:\/\/www.eldigitaldeasturias.com\/noticias\/#organization","name":"El Digital de Asturias","description":"Hemeroteca","url":"https:\/\/www.eldigitaldeasturias.com\/noticias\/","email":"info@eldigitaldeasturias.com","telephone":"+34652131393","logo":{"@type":"ImageObject","url":"https:\/\/www.eldigitaldeasturias.com\/noticias\/wp-content\/uploads\/2020\/12\/EDA.jpg","@id":"https:\/\/www.eldigitaldeasturias.com\/noticias\/la-situacion-en-siria-ha-pasado-de-ser-grave-a-cronica\/#organizationLogo"},"image":{"@id":"https:\/\/www.eldigitaldeasturias.com\/noticias\/la-situacion-en-siria-ha-pasado-de-ser-grave-a-cronica\/#organizationLogo"},"sameAs":["https:\/\/facebook.com\/eldigitaldeasturias","https:\/\/www.youtube.com\/channel\/UCZP-2wLEB9Rv6erhFmqVnvg"],"address":{"@id":"https:\/\/www.eldigitaldeasturias.com\/noticias\/#postaladdress","@type":"PostalAddress","streetAddress":"san antonio 4","postalCode":"33430","addressLocality":"Cand\u00e1s","addressRegion":"Asturias","addressCountry":"ES"}},{"@type":"Person","@id":"https:\/\/www.eldigitaldeasturias.com\/noticias\/author\/admin\/#author","url":"https:\/\/www.eldigitaldeasturias.com\/noticias\/author\/admin\/","name":"El Digital de Asturias","image":{"@type":"ImageObject","@id":"https:\/\/www.eldigitaldeasturias.com\/noticias\/la-situacion-en-siria-ha-pasado-de-ser-grave-a-cronica\/#authorImage","url":"https:\/\/secure.gravatar.com\/avatar\/df2aeffc32bcd13f8d26072ef8a91b623d677766deac7f97ca815868cd41bf5e?s=96&d=mm&r=g","width":96,"height":96,"caption":"El Digital de Asturias"}},{"@type":"WebPage","@id":"https:\/\/www.eldigitaldeasturias.com\/noticias\/la-situacion-en-siria-ha-pasado-de-ser-grave-a-cronica\/#webpage","url":"https:\/\/www.eldigitaldeasturias.com\/noticias\/la-situacion-en-siria-ha-pasado-de-ser-grave-a-cronica\/","name":"La situaci\u00f3n en Siria ha pasado de ser grave a cr\u00f3nica - El Digital de Asturias","description":"M\u00fanich, 1 feb (dpa) - La guerra civil en Siria \"ha pasado r\u00e1pidamente de grave a cr\u00f3nica. No hay un final a la vista\", asegur\u00f3 hoy a dpa la presidenta del Grupo Internacional de Crisis (ICG, por sus siglas en ingl\u00e9s), Louise Arbour. Un d\u00eda despu\u00e9s de que concluyeran en Ginebra las negociaciones entre las","inLanguage":"es-ES","isPartOf":{"@id":"https:\/\/www.eldigitaldeasturias.com\/noticias\/#website"},"breadcrumb":{"@id":"https:\/\/www.eldigitaldeasturias.com\/noticias\/la-situacion-en-siria-ha-pasado-de-ser-grave-a-cronica\/#breadcrumblist"},"author":{"@id":"https:\/\/www.eldigitaldeasturias.com\/noticias\/author\/admin\/#author"},"creator":{"@id":"https:\/\/www.eldigitaldeasturias.com\/noticias\/author\/admin\/#author"},"image":{"@type":"ImageObject","url":"https:\/\/www.eldigitaldeasturias.com\/noticias\/wp-content\/uploads\/2026\/06\/Contenidos.jpg","@id":"https:\/\/www.eldigitaldeasturias.com\/noticias\/la-situacion-en-siria-ha-pasado-de-ser-grave-a-cronica\/#mainImage","width":1265,"height":697,"caption":"Contenidos"},"primaryImageOfPage":{"@id":"https:\/\/www.eldigitaldeasturias.com\/noticias\/la-situacion-en-siria-ha-pasado-de-ser-grave-a-cronica\/#mainImage"},"datePublished":"2014-02-01T19:28:51+01:00","dateModified":"2014-02-01T19:28:51+01:00"},{"@type":"WebSite","@id":"https:\/\/www.eldigitaldeasturias.com\/noticias\/#website","url":"https:\/\/www.eldigitaldeasturias.com\/noticias\/","name":"El Digital de Asturias - Diario de actualidad y noticias","alternateName":"El Digital de Asturias - Diario de actualidad y noticias","description":"Hemeroteca","inLanguage":"es-ES","publisher":{"@id":"https:\/\/www.eldigitaldeasturias.com\/noticias\/#organization"}}]},"og:locale":"es_ES","og:site_name":"El Digital de Asturias","og:type":"article","og:title":"La situaci\u00f3n en Siria ha pasado de ser grave a cr\u00f3nica - El Digital de Asturias","og:description":"M\u00fanich, 1 feb (dpa) - La guerra civil en Siria &quot;ha pasado r\u00e1pidamente de grave a cr\u00f3nica. No hay un final a la vista&quot;, asegur\u00f3 hoy a dpa la presidenta del Grupo Internacional de Crisis (ICG, por sus siglas en ingl\u00e9s), Louise Arbour. Un d\u00eda despu\u00e9s de que concluyeran en Ginebra las negociaciones entre las","og:url":"https:\/\/www.eldigitaldeasturias.com\/noticias\/la-situacion-en-siria-ha-pasado-de-ser-grave-a-cronica\/","og:image":"https:\/\/www.eldigitaldeasturias.com\/noticias\/wp-content\/uploads\/2026\/06\/Contenidos.jpg","og:image:secure_url":"https:\/\/www.eldigitaldeasturias.com\/noticias\/wp-content\/uploads\/2026\/06\/Contenidos.jpg","og:image:width":1265,"og:image:height":697,"article:tag":["actualidad"],"article:published_time":"2014-02-01T20:28:51+00:00","article:modified_time":"2014-02-01T20:28:51+00:00","article:publisher":"https:\/\/facebook.com\/eldigitaldeasturias","twitter:card":"summary_large_image","twitter:title":"La situaci\u00f3n en Siria ha pasado de ser grave a cr\u00f3nica - El Digital de Asturias","twitter:description":"M\u00fanich, 1 feb (dpa) - La guerra civil en Siria &quot;ha pasado r\u00e1pidamente de grave a cr\u00f3nica. No hay un final a la vista&quot;, asegur\u00f3 hoy a dpa la presidenta del Grupo Internacional de Crisis (ICG, por sus siglas en ingl\u00e9s), Louise Arbour. Un d\u00eda despu\u00e9s de que concluyeran en Ginebra las negociaciones entre las","twitter:image":"https:\/\/www.eldigitaldeasturias.com\/noticias\/wp-content\/uploads\/2026\/06\/Contenidos.jpg","twitter:label1":"Escrito por","twitter:data1":"El Digital de Asturias","twitter:label2":"Tiempo de lectura estimado","twitter:data2":"2 minutos"},"aioseo_meta_data":{"post_id":"481689","title":null,"description":null,"keywords":null,"keyphrases":null,"primary_term":null,"canonical_url":null,"og_title":null,"og_description":null,"og_object_type":"default","og_image_type":"default","og_image_url":null,"og_image_width":null,"og_image_height":null,"og_image_custom_url":null,"og_image_custom_fields":null,"og_video":null,"og_custom_url":null,"og_article_section":null,"og_article_tags":null,"twitter_use_og":true,"twitter_card":"default","twitter_image_type":"default","twitter_image_url":null,"twitter_image_custom_url":null,"twitter_image_custom_fields":null,"twitter_title":null,"twitter_description":null,"schema":{"blockGraphs":[],"customGraphs":[],"default":{"data":{"Article":[],"Course":[],"Dataset":[],"FAQPage":[],"Movie":[],"Person":[],"Product":[],"ProductReview":[],"Car":[],"Recipe":[],"Service":[],"SoftwareApplication":[],"WebPage":[]},"graphName":"","isEnabled":true},"graphs":[],"defaultGraph":"","defaultPostTypeGraph":""},"schema_type":null,"schema_type_options":null,"pillar_content":false,"robots_default":true,"robots_noindex":false,"robots_noarchive":false,"robots_nosnippet":false,"robots_nofollow":false,"robots_noimageindex":false,"robots_noodp":false,"robots_notranslate":false,"robots_max_snippet":null,"robots_max_videopreview":null,"robots_max_imagepreview":"none","priority":null,"frequency":null,"local_seo":null,"seo_analyzer_scan_date":"2026-06-02 07:36:49","breadcrumb_settings":null,"limit_modified_date":false,"open_ai":null,"ai":null,"created":"2020-11-14 22:54:28","updated":"2026-06-02 07:36:49","focus_keyword":null,"additional_keywords":null,"truseo_locale":null},"aioseo_breadcrumb":"<div class=\"aioseo-breadcrumbs\"><span class=\"aioseo-breadcrumb\">\n\t<a href=\"https:\/\/www.eldigitaldeasturias.com\/noticias\" title=\"Home\">Home<\/a>\n<\/span><span class=\"aioseo-breadcrumb-separator\">\u2013<\/span><span class=\"aioseo-breadcrumb\">\n\t<a href=\"https:\/\/www.eldigitaldeasturias.com\/noticias\/category\/actualidad\/\" title=\"Actualidad\">Actualidad<\/a>\n<\/span><span class=\"aioseo-breadcrumb-separator\">\u2013<\/span><span class=\"aioseo-breadcrumb\">\n\t<a href=\"https:\/\/www.eldigitaldeasturias.com\/noticias\/la-situacion-en-siria-ha-pasado-de-ser-grave-a-cronica\/\" title=\"La situaci\u00f3n en Siria ha pasado de ser grave a cr\u00f3nica\">La situaci\u00f3n en Siria ha pasado de ser grave a cr\u00f3nica<\/a>\n<\/span><\/div>","aioseo_breadcrumb_json":[{"label":"Home","link":"https:\/\/www.eldigitaldeasturias.com\/noticias"},{"label":"Actualidad","link":"https:\/\/www.eldigitaldeasturias.com\/noticias\/category\/actualidad\/"},{"label":"La situaci\u00f3n en Siria ha pasado de ser grave a cr\u00f3nica","link":"https:\/\/www.eldigitaldeasturias.com\/noticias\/la-situacion-en-siria-ha-pasado-de-ser-grave-a-cronica\/"}],"_links":{"self":[{"href":"https:\/\/www.eldigitaldeasturias.com\/noticias\/wp-json\/wp\/v2\/posts\/481689","targetHints":{"allow":["GET"]}}],"collection":[{"href":"https:\/\/www.eldigitaldeasturias.com\/noticias\/wp-json\/wp\/v2\/posts"}],"about":[{"href":"https:\/\/www.eldigitaldeasturias.com\/noticias\/wp-json\/wp\/v2\/types\/post"}],"author":[{"embeddable":true,"href":"https:\/\/www.eldigitaldeasturias.com\/noticias\/wp-json\/wp\/v2\/users\/1"}],"replies":[{"embeddable":true,"href":"https:\/\/www.eldigitaldeasturias.com\/noticias\/wp-json\/wp\/v2\/comments?post=481689"}],"version-history":[{"count":0,"href":"https:\/\/www.eldigitaldeasturias.com\/noticias\/wp-json\/wp\/v2\/posts\/481689\/revisions"}],"wp:featuredmedia":[{"embeddable":true,"href":"https:\/\/www.eldigitaldeasturias.com\/noticias\/wp-json\/wp\/v2\/media\/1132184"}],"wp:attachment":[{"href":"https:\/\/www.eldigitaldeasturias.com\/noticias\/wp-json\/wp\/v2\/media?parent=481689"}],"wp:term":[{"taxonomy":"category","embeddable":true,"href":"https:\/\/www.eldigitaldeasturias.com\/noticias\/wp-json\/wp\/v2\/categories?post=481689"},{"taxonomy":"post_tag","embeddable":true,"href":"https:\/\/www.eldigitaldeasturias.com\/noticias\/wp-json\/wp\/v2\/tags?post=481689"}],"curies":[{"name":"wp","href":"https:\/\/api.w.org\/{rel}","templated":true}]}}