{"id":481675,"date":"2014-02-01T17:04:14","date_gmt":"2014-02-01T18:04:14","guid":{"rendered":"http:\/\/www.eldigitaldeasturias.com\/noticias\/?p=481675"},"modified":"2014-02-01T17:04:14","modified_gmt":"2014-02-01T18:04:14","slug":"el-oviedo-lucira-brazalete-negro-por-aragones-ex-jugador-y-entrenador-azul","status":"publish","type":"post","link":"https:\/\/www.eldigitaldeasturias.com\/noticias\/el-oviedo-lucira-brazalete-negro-por-aragones-ex-jugador-y-entrenador-azul\/","title":{"rendered":"El Oviedo lucir\u00e1 brazalete negro por Aragon\u00e9s, ex jugador y entrenador azul"},"content":{"rendered":"<p><img loading=\"lazy\" decoding=\"async\" class=\"alignleft size-medium wp-image-438397\" alt=\"ctartiere\" src=\"https:\/\/www.eldigitaldeasturias.com\/noticias\/wp-content\/uploads\/2013\/10\/ctartiere-360x239.jpg\" width=\"360\" height=\"239\" \/>Oviedo, 1 feb (EFE).- El Real Oviedo lucir\u00e1 brazalete negro en el encuentro del grupo II de Segunda B que disputar\u00e1 el domingo en el nuevo Carlos Tartiere ante el Ourense en se\u00f1al de luto por el fallecimiento de Luis Aragon\u00e9s, ex jugador y ex entrenador del conjunto azul.<\/p>\n<p>Seg\u00fan informa en su p\u00e1gina web el equipo de la capital asturiana, las muestras de condolencia entre los aficionados azules han sido permanentes desde primera hora de la ma\u00f1ana \u00abrecordando con cari\u00f1o a un entrenador que se granje\u00f3 una exitosa carrera en los banquillos\u00bb.<\/p>\n<p>Aragon\u00e9s lleg\u00f3 como jugador al Real Oviedo en la temporada 1960\/61 cedido por el Real Madrid y debut\u00f3 as\u00ed en Primera Divisi\u00f3n en una campa\u00f1a en la que disput\u00f3 trece encuentros de Liga y en los dos de promoci\u00f3n de descenso contra el Celta de Vigo.<\/p>\n<p>\u00abEl sabio de Hortaleza\u00bb anot\u00f3 cuatro goles en el campeonato regular y uno en la eliminatoria de la permanencia en la m\u00e1xima categor\u00eda, el tanto que sellaba la victoria en Oviedo.<\/p>\n<p>Como entrenador dirigi\u00f3 al primer equipo en la temporada 1999\/2000, en la que el conjunto azul finaliz\u00f3 en decimosexta posici\u00f3n con 45 puntos lo que le permiti\u00f3 mantenerse en Primera.<\/p>\n<p>El Real Oviedo, que ha enviado sus muestras de condolencia a la familia de Luis Aragon\u00e9s, ha decidido adem\u00e1s que se guarde un minuto de silencio en su memoria en el encuentro de ma\u00f1ana ante el Ourense.<\/p>\n","protected":false},"excerpt":{"rendered":"<p>Oviedo, 1 feb (EFE).- El Real Oviedo lucir\u00e1 brazalete negro en el encuentro del grupo II de Segunda B que disputar\u00e1 el domingo en el nuevo Carlos Tartiere ante el Ourense en se\u00f1al de luto por el fallecimiento de Luis Aragon\u00e9s, ex jugador y ex entrenador del conjunto azul. Seg\u00fan informa en su p\u00e1gina web [&hellip;]<\/p>\n","protected":false},"author":1,"featured_media":438397,"comment_status":"closed","ping_status":"open","sticky":false,"template":"","format":"standard","meta":{"footnotes":""},"categories":[1],"tags":[],"class_list":["post-481675","post","type-post","status-publish","format-standard","has-post-thumbnail","hentry","category-actualidad"],"aioseo_notices":[],"aioseo_head":"\n\t\t<!-- All in One SEO Pro 5.0.1 - aioseo.com -->\n\t<meta name=\"description\" content=\"Oviedo, 1 feb (EFE).- El Real Oviedo lucir\u00e1 brazalete negro en el encuentro del grupo II de Segunda B que disputar\u00e1 el domingo en el nuevo Carlos Tartiere ante el Ourense en se\u00f1al de luto por el fallecimiento de Luis Aragon\u00e9s, ex jugador y ex entrenador del conjunto azul. Seg\u00fan informa en su p\u00e1gina web\" \/>\n\t<meta name=\"robots\" content=\"max-image-preview:large\" \/>\n\t<meta name=\"author\" content=\"El Digital de Asturias\"\/>\n\t<meta name=\"google-site-verification\" content=\"UA-38556648-1\" \/>\n\t<meta name=\"msvalidate.01\" content=\"7dfe9f3f1b24437ab69f4f2559babe99\" \/>\n\t<meta name=\"keywords\" content=\"actualidad\" \/>\n\t<link rel=\"canonical\" href=\"https:\/\/www.eldigitaldeasturias.com\/noticias\/el-oviedo-lucira-brazalete-negro-por-aragones-ex-jugador-y-entrenador-azul\/\" \/>\n\t<meta name=\"generator\" content=\"All in One SEO Pro (AIOSEO) 5.0.1\" \/>\n\t\t<meta property=\"og:locale\" content=\"es_ES\" \/>\n\t\t<meta property=\"og:site_name\" content=\"El Digital de Asturias\" \/>\n\t\t<meta property=\"og:type\" content=\"article\" \/>\n\t\t<meta property=\"og:title\" content=\"El Oviedo lucir\u00e1 brazalete negro por Aragon\u00e9s, ex jugador y entrenador azul - El Digital de Asturias\" \/>\n\t\t<meta property=\"og:description\" content=\"Oviedo, 1 feb (EFE).- El Real Oviedo lucir\u00e1 brazalete negro en el encuentro del grupo II de Segunda B que disputar\u00e1 el domingo en el nuevo Carlos Tartiere ante el Ourense en se\u00f1al de luto por el fallecimiento de Luis Aragon\u00e9s, ex jugador y ex entrenador del conjunto azul. Seg\u00fan informa en su p\u00e1gina web\" \/>\n\t\t<meta property=\"og:url\" content=\"https:\/\/www.eldigitaldeasturias.com\/noticias\/el-oviedo-lucira-brazalete-negro-por-aragones-ex-jugador-y-entrenador-azul\/\" \/>\n\t\t<meta property=\"article:tag\" content=\"actualidad\" \/>\n\t\t<meta property=\"article:published_time\" content=\"2014-02-01T18:04:14+00:00\" \/>\n\t\t<meta property=\"article:modified_time\" content=\"2014-02-01T18:04:14+00:00\" \/>\n\t\t<meta property=\"article:publisher\" content=\"https:\/\/facebook.com\/eldigitaldeasturias\" \/>\n\t\t<meta name=\"twitter:card\" content=\"summary_large_image\" \/>\n\t\t<meta name=\"twitter:title\" content=\"El Oviedo lucir\u00e1 brazalete negro por Aragon\u00e9s, ex jugador y entrenador azul - El Digital de Asturias\" \/>\n\t\t<meta name=\"twitter:description\" content=\"Oviedo, 1 feb (EFE).- El Real Oviedo lucir\u00e1 brazalete negro en el encuentro del grupo II de Segunda B que disputar\u00e1 el domingo en el nuevo Carlos Tartiere ante el Ourense en se\u00f1al de luto por el fallecimiento de Luis Aragon\u00e9s, ex jugador y ex entrenador del conjunto azul. Seg\u00fan informa en su p\u00e1gina web\" \/>\n\t\t<meta name=\"twitter:label1\" content=\"Escrito por\" \/>\n\t\t<meta name=\"twitter:data1\" content=\"El Digital de Asturias\" \/>\n\t\t<meta name=\"twitter:label2\" content=\"Tiempo de lectura estimado\" \/>\n\t\t<meta name=\"twitter:data2\" content=\"1 minuto\" \/>\n\t\t<script type=\"application\/ld+json\" class=\"aioseo-schema\">\n\t\t\t{\"@context\":\"https:\\\/\\\/schema.org\",\"@graph\":[{\"@type\":\"BlogPosting\",\"@id\":\"https:\\\/\\\/www.eldigitaldeasturias.com\\\/noticias\\\/el-oviedo-lucira-brazalete-negro-por-aragones-ex-jugador-y-entrenador-azul\\\/#blogposting\",\"name\":\"El Oviedo lucir\\u00e1 brazalete negro por Aragon\\u00e9s, ex jugador y entrenador azul - El Digital de Asturias\",\"headline\":\"El Oviedo lucir\\u00e1 brazalete negro por Aragon\\u00e9s, ex jugador y entrenador azul\",\"author\":{\"@id\":\"https:\\\/\\\/www.eldigitaldeasturias.com\\\/noticias\\\/author\\\/admin\\\/#author\"},\"publisher\":{\"@id\":\"https:\\\/\\\/www.eldigitaldeasturias.com\\\/noticias\\\/#organization\"},\"image\":{\"@type\":\"ImageObject\",\"url\":438397},\"datePublished\":\"2014-02-01T17:04:14+01:00\",\"dateModified\":\"2014-02-01T17:04:14+01:00\",\"inLanguage\":\"es-ES\",\"mainEntityOfPage\":{\"@id\":\"https:\\\/\\\/www.eldigitaldeasturias.com\\\/noticias\\\/el-oviedo-lucira-brazalete-negro-por-aragones-ex-jugador-y-entrenador-azul\\\/#webpage\"},\"isPartOf\":{\"@id\":\"https:\\\/\\\/www.eldigitaldeasturias.com\\\/noticias\\\/el-oviedo-lucira-brazalete-negro-por-aragones-ex-jugador-y-entrenador-azul\\\/#webpage\"},\"articleSection\":\"Actualidad\"},{\"@type\":\"BreadcrumbList\",\"@id\":\"https:\\\/\\\/www.eldigitaldeasturias.com\\\/noticias\\\/el-oviedo-lucira-brazalete-negro-por-aragones-ex-jugador-y-entrenador-azul\\\/#breadcrumblist\",\"itemListElement\":[{\"@type\":\"ListItem\",\"@id\":\"https:\\\/\\\/www.eldigitaldeasturias.com\\\/noticias#listItem\",\"position\":1,\"name\":\"Home\",\"item\":\"https:\\\/\\\/www.eldigitaldeasturias.com\\\/noticias\",\"nextItem\":{\"@type\":\"ListItem\",\"@id\":\"https:\\\/\\\/www.eldigitaldeasturias.com\\\/noticias\\\/category\\\/actualidad\\\/#listItem\",\"name\":\"Actualidad\"}},{\"@type\":\"ListItem\",\"@id\":\"https:\\\/\\\/www.eldigitaldeasturias.com\\\/noticias\\\/category\\\/actualidad\\\/#listItem\",\"position\":2,\"name\":\"Actualidad\",\"item\":\"https:\\\/\\\/www.eldigitaldeasturias.com\\\/noticias\\\/category\\\/actualidad\\\/\",\"nextItem\":{\"@type\":\"ListItem\",\"@id\":\"https:\\\/\\\/www.eldigitaldeasturias.com\\\/noticias\\\/el-oviedo-lucira-brazalete-negro-por-aragones-ex-jugador-y-entrenador-azul\\\/#listItem\",\"name\":\"El Oviedo lucir\\u00e1 brazalete negro por Aragon\\u00e9s, ex jugador y entrenador azul\"},\"previousItem\":{\"@type\":\"ListItem\",\"@id\":\"https:\\\/\\\/www.eldigitaldeasturias.com\\\/noticias#listItem\",\"name\":\"Home\"}},{\"@type\":\"ListItem\",\"@id\":\"https:\\\/\\\/www.eldigitaldeasturias.com\\\/noticias\\\/el-oviedo-lucira-brazalete-negro-por-aragones-ex-jugador-y-entrenador-azul\\\/#listItem\",\"position\":3,\"name\":\"El Oviedo lucir\\u00e1 brazalete negro por Aragon\\u00e9s, ex jugador y entrenador azul\",\"previousItem\":{\"@type\":\"ListItem\",\"@id\":\"https:\\\/\\\/www.eldigitaldeasturias.com\\\/noticias\\\/category\\\/actualidad\\\/#listItem\",\"name\":\"Actualidad\"}}]},{\"@type\":\"Organization\",\"@id\":\"https:\\\/\\\/www.eldigitaldeasturias.com\\\/noticias\\\/#organization\",\"name\":\"El Digital de Asturias\",\"description\":\"Hemeroteca\",\"url\":\"https:\\\/\\\/www.eldigitaldeasturias.com\\\/noticias\\\/\",\"email\":\"info@eldigitaldeasturias.com\",\"telephone\":\"+34652131393\",\"logo\":{\"@type\":\"ImageObject\",\"url\":\"https:\\\/\\\/www.eldigitaldeasturias.com\\\/noticias\\\/wp-content\\\/uploads\\\/2020\\\/12\\\/EDA.jpg\",\"@id\":\"https:\\\/\\\/www.eldigitaldeasturias.com\\\/noticias\\\/el-oviedo-lucira-brazalete-negro-por-aragones-ex-jugador-y-entrenador-azul\\\/#organizationLogo\"},\"image\":{\"@id\":\"https:\\\/\\\/www.eldigitaldeasturias.com\\\/noticias\\\/el-oviedo-lucira-brazalete-negro-por-aragones-ex-jugador-y-entrenador-azul\\\/#organizationLogo\"},\"sameAs\":[\"https:\\\/\\\/facebook.com\\\/eldigitaldeasturias\",\"https:\\\/\\\/www.youtube.com\\\/channel\\\/UCZP-2wLEB9Rv6erhFmqVnvg\"],\"address\":{\"@id\":\"https:\\\/\\\/www.eldigitaldeasturias.com\\\/noticias\\\/#postaladdress\",\"@type\":\"PostalAddress\",\"streetAddress\":\"san antonio 4\",\"postalCode\":\"33430\",\"addressLocality\":\"Cand\\u00e1s\",\"addressRegion\":\"Asturias\",\"addressCountry\":\"ES\"}},{\"@type\":\"Person\",\"@id\":\"https:\\\/\\\/www.eldigitaldeasturias.com\\\/noticias\\\/author\\\/admin\\\/#author\",\"url\":\"https:\\\/\\\/www.eldigitaldeasturias.com\\\/noticias\\\/author\\\/admin\\\/\",\"name\":\"El Digital de Asturias\",\"image\":{\"@type\":\"ImageObject\",\"@id\":\"https:\\\/\\\/www.eldigitaldeasturias.com\\\/noticias\\\/el-oviedo-lucira-brazalete-negro-por-aragones-ex-jugador-y-entrenador-azul\\\/#authorImage\",\"url\":\"https:\\\/\\\/secure.gravatar.com\\\/avatar\\\/df2aeffc32bcd13f8d26072ef8a91b623d677766deac7f97ca815868cd41bf5e?s=96&d=mm&r=g\",\"width\":96,\"height\":96,\"caption\":\"El Digital de Asturias\"}},{\"@type\":\"WebPage\",\"@id\":\"https:\\\/\\\/www.eldigitaldeasturias.com\\\/noticias\\\/el-oviedo-lucira-brazalete-negro-por-aragones-ex-jugador-y-entrenador-azul\\\/#webpage\",\"url\":\"https:\\\/\\\/www.eldigitaldeasturias.com\\\/noticias\\\/el-oviedo-lucira-brazalete-negro-por-aragones-ex-jugador-y-entrenador-azul\\\/\",\"name\":\"El Oviedo lucir\\u00e1 brazalete negro por Aragon\\u00e9s, ex jugador y entrenador azul - El Digital de Asturias\",\"description\":\"Oviedo, 1 feb (EFE).- El Real Oviedo lucir\\u00e1 brazalete negro en el encuentro del grupo II de Segunda B que disputar\\u00e1 el domingo en el nuevo Carlos Tartiere ante el Ourense en se\\u00f1al de luto por el fallecimiento de Luis Aragon\\u00e9s, ex jugador y ex entrenador del conjunto azul. Seg\\u00fan informa en su p\\u00e1gina web\",\"inLanguage\":\"es-ES\",\"isPartOf\":{\"@id\":\"https:\\\/\\\/www.eldigitaldeasturias.com\\\/noticias\\\/#website\"},\"breadcrumb\":{\"@id\":\"https:\\\/\\\/www.eldigitaldeasturias.com\\\/noticias\\\/el-oviedo-lucira-brazalete-negro-por-aragones-ex-jugador-y-entrenador-azul\\\/#breadcrumblist\"},\"author\":{\"@id\":\"https:\\\/\\\/www.eldigitaldeasturias.com\\\/noticias\\\/author\\\/admin\\\/#author\"},\"creator\":{\"@id\":\"https:\\\/\\\/www.eldigitaldeasturias.com\\\/noticias\\\/author\\\/admin\\\/#author\"},\"image\":{\"@type\":\"ImageObject\",\"url\":438397,\"@id\":\"https:\\\/\\\/www.eldigitaldeasturias.com\\\/noticias\\\/el-oviedo-lucira-brazalete-negro-por-aragones-ex-jugador-y-entrenador-azul\\\/#mainImage\"},\"primaryImageOfPage\":{\"@id\":\"https:\\\/\\\/www.eldigitaldeasturias.com\\\/noticias\\\/el-oviedo-lucira-brazalete-negro-por-aragones-ex-jugador-y-entrenador-azul\\\/#mainImage\"},\"datePublished\":\"2014-02-01T17:04:14+01:00\",\"dateModified\":\"2014-02-01T17:04:14+01:00\"},{\"@type\":\"WebSite\",\"@id\":\"https:\\\/\\\/www.eldigitaldeasturias.com\\\/noticias\\\/#website\",\"url\":\"https:\\\/\\\/www.eldigitaldeasturias.com\\\/noticias\\\/\",\"name\":\"El Digital de Asturias - Diario de actualidad y noticias\",\"alternateName\":\"El Digital de Asturias - Diario de actualidad y noticias\",\"description\":\"Hemeroteca\",\"inLanguage\":\"es-ES\",\"publisher\":{\"@id\":\"https:\\\/\\\/www.eldigitaldeasturias.com\\\/noticias\\\/#organization\"}}]}\n\t\t<\/script>\n\t\t<!-- All in One SEO Pro -->\r\n\t\t<title>El Oviedo lucir\u00e1 brazalete negro por Aragon\u00e9s, ex jugador y entrenador azul - El Digital de Asturias<\/title>\n\n","aioseo_head_json":{"title":"El Oviedo lucir\u00e1 brazalete negro por Aragon\u00e9s, ex jugador y entrenador azul - El Digital de Asturias","description":"Oviedo, 1 feb (EFE).- El Real Oviedo lucir\u00e1 brazalete negro en el encuentro del grupo II de Segunda B que disputar\u00e1 el domingo en el nuevo Carlos Tartiere ante el Ourense en se\u00f1al de luto por el fallecimiento de Luis Aragon\u00e9s, ex jugador y ex entrenador del conjunto azul. Seg\u00fan informa en su p\u00e1gina web","canonical_url":"https:\/\/www.eldigitaldeasturias.com\/noticias\/el-oviedo-lucira-brazalete-negro-por-aragones-ex-jugador-y-entrenador-azul\/","robots":"max-image-preview:large","keywords":"actualidad","webmasterTools":{"google-site-verification":"UA-38556648-1","msvalidate.01":"7dfe9f3f1b24437ab69f4f2559babe99","miscellaneous":""},"schema":{"@context":"https:\/\/schema.org","@graph":[{"@type":"BlogPosting","@id":"https:\/\/www.eldigitaldeasturias.com\/noticias\/el-oviedo-lucira-brazalete-negro-por-aragones-ex-jugador-y-entrenador-azul\/#blogposting","name":"El Oviedo lucir\u00e1 brazalete negro por Aragon\u00e9s, ex jugador y entrenador azul - El Digital de Asturias","headline":"El Oviedo lucir\u00e1 brazalete negro por Aragon\u00e9s, ex jugador y entrenador azul","author":{"@id":"https:\/\/www.eldigitaldeasturias.com\/noticias\/author\/admin\/#author"},"publisher":{"@id":"https:\/\/www.eldigitaldeasturias.com\/noticias\/#organization"},"image":{"@type":"ImageObject","url":438397},"datePublished":"2014-02-01T17:04:14+01:00","dateModified":"2014-02-01T17:04:14+01:00","inLanguage":"es-ES","mainEntityOfPage":{"@id":"https:\/\/www.eldigitaldeasturias.com\/noticias\/el-oviedo-lucira-brazalete-negro-por-aragones-ex-jugador-y-entrenador-azul\/#webpage"},"isPartOf":{"@id":"https:\/\/www.eldigitaldeasturias.com\/noticias\/el-oviedo-lucira-brazalete-negro-por-aragones-ex-jugador-y-entrenador-azul\/#webpage"},"articleSection":"Actualidad"},{"@type":"BreadcrumbList","@id":"https:\/\/www.eldigitaldeasturias.com\/noticias\/el-oviedo-lucira-brazalete-negro-por-aragones-ex-jugador-y-entrenador-azul\/#breadcrumblist","itemListElement":[{"@type":"ListItem","@id":"https:\/\/www.eldigitaldeasturias.com\/noticias#listItem","position":1,"name":"Home","item":"https:\/\/www.eldigitaldeasturias.com\/noticias","nextItem":{"@type":"ListItem","@id":"https:\/\/www.eldigitaldeasturias.com\/noticias\/category\/actualidad\/#listItem","name":"Actualidad"}},{"@type":"ListItem","@id":"https:\/\/www.eldigitaldeasturias.com\/noticias\/category\/actualidad\/#listItem","position":2,"name":"Actualidad","item":"https:\/\/www.eldigitaldeasturias.com\/noticias\/category\/actualidad\/","nextItem":{"@type":"ListItem","@id":"https:\/\/www.eldigitaldeasturias.com\/noticias\/el-oviedo-lucira-brazalete-negro-por-aragones-ex-jugador-y-entrenador-azul\/#listItem","name":"El Oviedo lucir\u00e1 brazalete negro por Aragon\u00e9s, ex jugador y entrenador azul"},"previousItem":{"@type":"ListItem","@id":"https:\/\/www.eldigitaldeasturias.com\/noticias#listItem","name":"Home"}},{"@type":"ListItem","@id":"https:\/\/www.eldigitaldeasturias.com\/noticias\/el-oviedo-lucira-brazalete-negro-por-aragones-ex-jugador-y-entrenador-azul\/#listItem","position":3,"name":"El Oviedo lucir\u00e1 brazalete negro por Aragon\u00e9s, ex jugador y entrenador azul","previousItem":{"@type":"ListItem","@id":"https:\/\/www.eldigitaldeasturias.com\/noticias\/category\/actualidad\/#listItem","name":"Actualidad"}}]},{"@type":"Organization","@id":"https:\/\/www.eldigitaldeasturias.com\/noticias\/#organization","name":"El Digital de Asturias","description":"Hemeroteca","url":"https:\/\/www.eldigitaldeasturias.com\/noticias\/","email":"info@eldigitaldeasturias.com","telephone":"+34652131393","logo":{"@type":"ImageObject","url":"https:\/\/www.eldigitaldeasturias.com\/noticias\/wp-content\/uploads\/2020\/12\/EDA.jpg","@id":"https:\/\/www.eldigitaldeasturias.com\/noticias\/el-oviedo-lucira-brazalete-negro-por-aragones-ex-jugador-y-entrenador-azul\/#organizationLogo"},"image":{"@id":"https:\/\/www.eldigitaldeasturias.com\/noticias\/el-oviedo-lucira-brazalete-negro-por-aragones-ex-jugador-y-entrenador-azul\/#organizationLogo"},"sameAs":["https:\/\/facebook.com\/eldigitaldeasturias","https:\/\/www.youtube.com\/channel\/UCZP-2wLEB9Rv6erhFmqVnvg"],"address":{"@id":"https:\/\/www.eldigitaldeasturias.com\/noticias\/#postaladdress","@type":"PostalAddress","streetAddress":"san antonio 4","postalCode":"33430","addressLocality":"Cand\u00e1s","addressRegion":"Asturias","addressCountry":"ES"}},{"@type":"Person","@id":"https:\/\/www.eldigitaldeasturias.com\/noticias\/author\/admin\/#author","url":"https:\/\/www.eldigitaldeasturias.com\/noticias\/author\/admin\/","name":"El Digital de Asturias","image":{"@type":"ImageObject","@id":"https:\/\/www.eldigitaldeasturias.com\/noticias\/el-oviedo-lucira-brazalete-negro-por-aragones-ex-jugador-y-entrenador-azul\/#authorImage","url":"https:\/\/secure.gravatar.com\/avatar\/df2aeffc32bcd13f8d26072ef8a91b623d677766deac7f97ca815868cd41bf5e?s=96&d=mm&r=g","width":96,"height":96,"caption":"El Digital de Asturias"}},{"@type":"WebPage","@id":"https:\/\/www.eldigitaldeasturias.com\/noticias\/el-oviedo-lucira-brazalete-negro-por-aragones-ex-jugador-y-entrenador-azul\/#webpage","url":"https:\/\/www.eldigitaldeasturias.com\/noticias\/el-oviedo-lucira-brazalete-negro-por-aragones-ex-jugador-y-entrenador-azul\/","name":"El Oviedo lucir\u00e1 brazalete negro por Aragon\u00e9s, ex jugador y entrenador azul - El Digital de Asturias","description":"Oviedo, 1 feb (EFE).- El Real Oviedo lucir\u00e1 brazalete negro en el encuentro del grupo II de Segunda B que disputar\u00e1 el domingo en el nuevo Carlos Tartiere ante el Ourense en se\u00f1al de luto por el fallecimiento de Luis Aragon\u00e9s, ex jugador y ex entrenador del conjunto azul. Seg\u00fan informa en su p\u00e1gina web","inLanguage":"es-ES","isPartOf":{"@id":"https:\/\/www.eldigitaldeasturias.com\/noticias\/#website"},"breadcrumb":{"@id":"https:\/\/www.eldigitaldeasturias.com\/noticias\/el-oviedo-lucira-brazalete-negro-por-aragones-ex-jugador-y-entrenador-azul\/#breadcrumblist"},"author":{"@id":"https:\/\/www.eldigitaldeasturias.com\/noticias\/author\/admin\/#author"},"creator":{"@id":"https:\/\/www.eldigitaldeasturias.com\/noticias\/author\/admin\/#author"},"image":{"@type":"ImageObject","url":438397,"@id":"https:\/\/www.eldigitaldeasturias.com\/noticias\/el-oviedo-lucira-brazalete-negro-por-aragones-ex-jugador-y-entrenador-azul\/#mainImage"},"primaryImageOfPage":{"@id":"https:\/\/www.eldigitaldeasturias.com\/noticias\/el-oviedo-lucira-brazalete-negro-por-aragones-ex-jugador-y-entrenador-azul\/#mainImage"},"datePublished":"2014-02-01T17:04:14+01:00","dateModified":"2014-02-01T17:04:14+01:00"},{"@type":"WebSite","@id":"https:\/\/www.eldigitaldeasturias.com\/noticias\/#website","url":"https:\/\/www.eldigitaldeasturias.com\/noticias\/","name":"El Digital de Asturias - Diario de actualidad y noticias","alternateName":"El Digital de Asturias - Diario de actualidad y noticias","description":"Hemeroteca","inLanguage":"es-ES","publisher":{"@id":"https:\/\/www.eldigitaldeasturias.com\/noticias\/#organization"}}]},"og:locale":"es_ES","og:site_name":"El Digital de Asturias","og:type":"article","og:title":"El Oviedo lucir\u00e1 brazalete negro por Aragon\u00e9s, ex jugador y entrenador azul - El Digital de Asturias","og:description":"Oviedo, 1 feb (EFE).- El Real Oviedo lucir\u00e1 brazalete negro en el encuentro del grupo II de Segunda B que disputar\u00e1 el domingo en el nuevo Carlos Tartiere ante el Ourense en se\u00f1al de luto por el fallecimiento de Luis Aragon\u00e9s, ex jugador y ex entrenador del conjunto azul. Seg\u00fan informa en su p\u00e1gina web","og:url":"https:\/\/www.eldigitaldeasturias.com\/noticias\/el-oviedo-lucira-brazalete-negro-por-aragones-ex-jugador-y-entrenador-azul\/","article:tag":["actualidad"],"article:published_time":"2014-02-01T18:04:14+00:00","article:modified_time":"2014-02-01T18:04:14+00:00","article:publisher":"https:\/\/facebook.com\/eldigitaldeasturias","twitter:card":"summary_large_image","twitter:title":"El Oviedo lucir\u00e1 brazalete negro por Aragon\u00e9s, ex jugador y entrenador azul - El Digital de Asturias","twitter:description":"Oviedo, 1 feb (EFE).- El Real Oviedo lucir\u00e1 brazalete negro en el encuentro del grupo II de Segunda B que disputar\u00e1 el domingo en el nuevo Carlos Tartiere ante el Ourense en se\u00f1al de luto por el fallecimiento de Luis Aragon\u00e9s, ex jugador y ex entrenador del conjunto azul. Seg\u00fan informa en su p\u00e1gina web","twitter:label1":"Escrito por","twitter:data1":"El Digital de Asturias","twitter:label2":"Tiempo de lectura estimado","twitter:data2":"1 minuto"},"aioseo_meta_data":{"post_id":"481675","title":null,"description":null,"keywords":null,"keyphrases":null,"primary_term":null,"canonical_url":null,"og_title":null,"og_description":null,"og_object_type":"default","og_image_type":"default","og_image_url":null,"og_image_width":null,"og_image_height":null,"og_image_custom_url":null,"og_image_custom_fields":null,"og_video":null,"og_custom_url":null,"og_article_section":null,"og_article_tags":null,"twitter_use_og":true,"twitter_card":"default","twitter_image_type":"default","twitter_image_url":null,"twitter_image_custom_url":null,"twitter_image_custom_fields":null,"twitter_title":null,"twitter_description":null,"schema":{"blockGraphs":[],"customGraphs":[],"default":{"data":{"Article":[],"Course":[],"Dataset":[],"FAQPage":[],"Movie":[],"Person":[],"Product":[],"ProductReview":[],"Car":[],"Recipe":[],"Service":[],"SoftwareApplication":[],"WebPage":[]},"graphName":"","isEnabled":true},"graphs":[],"defaultGraph":"","defaultPostTypeGraph":""},"schema_type":null,"schema_type_options":null,"pillar_content":false,"robots_default":true,"robots_noindex":false,"robots_noarchive":false,"robots_nosnippet":false,"robots_nofollow":false,"robots_noimageindex":false,"robots_noodp":false,"robots_notranslate":false,"robots_max_snippet":null,"robots_max_videopreview":null,"robots_max_imagepreview":"none","priority":null,"frequency":null,"local_seo":null,"seo_analyzer_scan_date":"2026-06-02 07:32:54","breadcrumb_settings":null,"limit_modified_date":false,"open_ai":null,"ai":null,"created":"2020-11-14 22:54:28","updated":"2026-06-02 07:32:54","focus_keyword":null,"additional_keywords":null,"truseo_locale":null},"aioseo_breadcrumb":"<div class=\"aioseo-breadcrumbs\"><span class=\"aioseo-breadcrumb\">\n\t<a href=\"https:\/\/www.eldigitaldeasturias.com\/noticias\" title=\"Home\">Home<\/a>\n<\/span><span class=\"aioseo-breadcrumb-separator\">\u2013<\/span><span class=\"aioseo-breadcrumb\">\n\t<a href=\"https:\/\/www.eldigitaldeasturias.com\/noticias\/category\/actualidad\/\" title=\"Actualidad\">Actualidad<\/a>\n<\/span><span class=\"aioseo-breadcrumb-separator\">\u2013<\/span><span class=\"aioseo-breadcrumb\">\n\t<a href=\"https:\/\/www.eldigitaldeasturias.com\/noticias\/el-oviedo-lucira-brazalete-negro-por-aragones-ex-jugador-y-entrenador-azul\/\" title=\"El Oviedo lucir\u00e1 brazalete negro por Aragon\u00e9s, ex jugador y entrenador azul\">El Oviedo lucir\u00e1 brazalete negro por Aragon\u00e9s, ex jugador y entrenador azul<\/a>\n<\/span><\/div>","aioseo_breadcrumb_json":[{"label":"Home","link":"https:\/\/www.eldigitaldeasturias.com\/noticias"},{"label":"Actualidad","link":"https:\/\/www.eldigitaldeasturias.com\/noticias\/category\/actualidad\/"},{"label":"El Oviedo lucir\u00e1 brazalete negro por Aragon\u00e9s, ex jugador y entrenador azul","link":"https:\/\/www.eldigitaldeasturias.com\/noticias\/el-oviedo-lucira-brazalete-negro-por-aragones-ex-jugador-y-entrenador-azul\/"}],"_links":{"self":[{"href":"https:\/\/www.eldigitaldeasturias.com\/noticias\/wp-json\/wp\/v2\/posts\/481675","targetHints":{"allow":["GET"]}}],"collection":[{"href":"https:\/\/www.eldigitaldeasturias.com\/noticias\/wp-json\/wp\/v2\/posts"}],"about":[{"href":"https:\/\/www.eldigitaldeasturias.com\/noticias\/wp-json\/wp\/v2\/types\/post"}],"author":[{"embeddable":true,"href":"https:\/\/www.eldigitaldeasturias.com\/noticias\/wp-json\/wp\/v2\/users\/1"}],"replies":[{"embeddable":true,"href":"https:\/\/www.eldigitaldeasturias.com\/noticias\/wp-json\/wp\/v2\/comments?post=481675"}],"version-history":[{"count":0,"href":"https:\/\/www.eldigitaldeasturias.com\/noticias\/wp-json\/wp\/v2\/posts\/481675\/revisions"}],"wp:attachment":[{"href":"https:\/\/www.eldigitaldeasturias.com\/noticias\/wp-json\/wp\/v2\/media?parent=481675"}],"wp:term":[{"taxonomy":"category","embeddable":true,"href":"https:\/\/www.eldigitaldeasturias.com\/noticias\/wp-json\/wp\/v2\/categories?post=481675"},{"taxonomy":"post_tag","embeddable":true,"href":"https:\/\/www.eldigitaldeasturias.com\/noticias\/wp-json\/wp\/v2\/tags?post=481675"}],"curies":[{"name":"wp","href":"https:\/\/api.w.org\/{rel}","templated":true}]}}