{"id":481671,"date":"2014-02-01T17:01:14","date_gmt":"2014-02-01T18:01:14","guid":{"rendered":"http:\/\/www.eldigitaldeasturias.com\/noticias\/?p=481671"},"modified":"2014-02-01T17:01:14","modified_gmt":"2014-02-01T18:01:14","slug":"sandoval-baraja-cambiar-el-esquema-y-dejar-a-lekic-en-el-banquillo","status":"publish","type":"post","link":"https:\/\/www.eldigitaldeasturias.com\/noticias\/sandoval-baraja-cambiar-el-esquema-y-dejar-a-lekic-en-el-banquillo\/","title":{"rendered":"Sandoval baraja cambiar el esquema y dejar a Lekic en el banquillo"},"content":{"rendered":"<p><img loading=\"lazy\" decoding=\"async\" class=\"alignleft size-medium wp-image-438679\" alt=\"sandoval\" src=\"https:\/\/www.eldigitaldeasturias.com\/noticias\/wp-content\/uploads\/2013\/10\/sandoval-360x183.jpg\" width=\"360\" height=\"183\" \/>Gij\u00f3n, 1 feb (EFE).- El entrenador del Sporting Jos\u00e9 Ram\u00f3n Sandoval podr\u00eda variar en Mallorca el esquema t\u00e1ctico empleado de las \u00faltimas jornadas y volver a situar al Scepovic como delantero centro, lo que supondr\u00eda la suplencia para Dejan Lekic en un encuentro en el que los rojiblancos necesitan la victoria para mantenerse en posiciones de ascenso directo.<\/p>\n<p>El Sporting quiere cerrar con una victoria en Mallorca una semana que Sandoval considera muy positiva tras alcanzarse acuerdos de renovaci\u00f3n por cuatro temporadas con los jugadores Lora y Nacho Cases y alcanzar un principio de acuerdo con Scepovic para que siga en Gij\u00f3n, condicionado a que los rojiblancos asciendan a Primera.<\/p>\n<p>Sandoval ensay\u00f3 varias veces esta semana con Scepovic como delantero centro en vez de m\u00e1s desplazado a la banda donde lo hab\u00eda situado en las \u00faltimas jornadas, posici\u00f3n en la que el serbio no rinde al mismo nivel que cuando lo hace jugando dentro del \u00e1rea.<\/p>\n<p>Esta podr\u00eda ser la principal novedad de los rojiblancos para Mallorca junto con la vuelta al equipo de Nacho Cases, una vez cumplido un partido de sanci\u00f3n por acumulaci\u00f3n de tarjetas y la previsible de Carmona si Sandoval opta por el cambio de sistema.<\/p>\n<p>El empate cedido por el Sporting la pasada jornada ante el Recreativo de Huelva le ha hecho perder el liderato a la vez que se aprieta la parte alta de la clasificaci\u00f3n por lo que los rojiblancos buscar\u00e1n los tres puntos en un campo donde ha ganado en sus dos \u00faltimas visitas.<\/p>\n<p>El entrenador rojiblanco ha recuperado para esta convocatoria a cuatro jugadores con los que no pudo contar ante el Recreativo -Iv\u00e1n Hern\u00e1ndez, Lora, Carmona y Nacho Cases- con lo que aumenta el potencial del equipo y adem\u00e1s ha viajado con 19 futbolistas por lo que deber\u00e1 descartar a uno antes del encuentro.<\/p>\n<p>Tanto Sandoval como los jugadores consideran al Mallorca un rival directo en la lucha por el ascenso a pesar de que el conjunto balear no ha tenido un buen inicio de temporada, pero ya est\u00e1 en la zona alta y en el Sporting est\u00e1n seguros que se meter\u00e1 en la pelea por volver a Primera divisi\u00f3n.<\/p>\n<p>El entrenador rojiblanco alab\u00f3 a su hom\u00f3nimo en el Mallorca, Jos\u00e9 Luis Oltra, del que ha asegurado que \u00abes la referencia de los entrenadores en Segunda\u00bb, pero espera hacer valer el potencial ofensivo de su equipo ante un rival que encaja muchos goles.<\/p>\n<p>La plantilla del Sporting se ejercit\u00f3 hoy en las instalaciones de la Federaci\u00f3n Espa\u00f1ola en Las Rozas donde recibi\u00f3 la visita del ex-sportinguista Borja L\u00f3pez, traspasado al M\u00f3naco y recientemente cedido por al Rayo Vallecano y donde se enteraron del fallecimiento de Luis Aragon\u00e9s para desplazarse ma\u00f1ana a Mallorca.<\/p>\n","protected":false},"excerpt":{"rendered":"<p>Gij\u00f3n, 1 feb (EFE).- El entrenador del Sporting Jos\u00e9 Ram\u00f3n Sandoval podr\u00eda variar en Mallorca el esquema t\u00e1ctico empleado de las \u00faltimas jornadas y volver a situar al Scepovic como delantero centro, lo que supondr\u00eda la suplencia para Dejan Lekic en un encuentro en el que los rojiblancos necesitan la victoria para mantenerse en posiciones [&hellip;]<\/p>\n","protected":false},"author":1,"featured_media":438679,"comment_status":"closed","ping_status":"open","sticky":false,"template":"","format":"standard","meta":{"footnotes":""},"categories":[1],"tags":[],"class_list":["post-481671","post","type-post","status-publish","format-standard","has-post-thumbnail","hentry","category-actualidad"],"aioseo_notices":[],"aioseo_head":"\n\t\t<!-- All in One SEO Pro 5.0.1 - aioseo.com -->\n\t<meta name=\"description\" content=\"Gij\u00f3n, 1 feb (EFE).- El entrenador del Sporting Jos\u00e9 Ram\u00f3n Sandoval podr\u00eda variar en Mallorca el esquema t\u00e1ctico empleado de las \u00faltimas jornadas y volver a situar al Scepovic como delantero centro, lo que supondr\u00eda la suplencia para Dejan Lekic en un encuentro en el que los rojiblancos necesitan la victoria para mantenerse en posiciones\" \/>\n\t<meta name=\"robots\" content=\"max-image-preview:large\" \/>\n\t<meta name=\"author\" content=\"El Digital de Asturias\"\/>\n\t<meta name=\"google-site-verification\" content=\"UA-38556648-1\" \/>\n\t<meta name=\"msvalidate.01\" content=\"7dfe9f3f1b24437ab69f4f2559babe99\" \/>\n\t<meta name=\"keywords\" content=\"actualidad\" \/>\n\t<link rel=\"canonical\" href=\"https:\/\/www.eldigitaldeasturias.com\/noticias\/sandoval-baraja-cambiar-el-esquema-y-dejar-a-lekic-en-el-banquillo\/\" \/>\n\t<meta name=\"generator\" content=\"All in One SEO Pro (AIOSEO) 5.0.1\" \/>\n\t\t<meta property=\"og:locale\" content=\"es_ES\" \/>\n\t\t<meta property=\"og:site_name\" content=\"El Digital de Asturias\" \/>\n\t\t<meta property=\"og:type\" content=\"article\" \/>\n\t\t<meta property=\"og:title\" content=\"Sandoval baraja cambiar el esquema y dejar a Lekic en el banquillo - El Digital de Asturias\" \/>\n\t\t<meta property=\"og:description\" content=\"Gij\u00f3n, 1 feb (EFE).- El entrenador del Sporting Jos\u00e9 Ram\u00f3n Sandoval podr\u00eda variar en Mallorca el esquema t\u00e1ctico empleado de las \u00faltimas jornadas y volver a situar al Scepovic como delantero centro, lo que supondr\u00eda la suplencia para Dejan Lekic en un encuentro en el que los rojiblancos necesitan la victoria para mantenerse en posiciones\" \/>\n\t\t<meta property=\"og:url\" content=\"https:\/\/www.eldigitaldeasturias.com\/noticias\/sandoval-baraja-cambiar-el-esquema-y-dejar-a-lekic-en-el-banquillo\/\" \/>\n\t\t<meta property=\"article:tag\" content=\"actualidad\" \/>\n\t\t<meta property=\"article:published_time\" content=\"2014-02-01T18:01:14+00:00\" \/>\n\t\t<meta property=\"article:modified_time\" content=\"2014-02-01T18:01:14+00:00\" \/>\n\t\t<meta property=\"article:publisher\" content=\"https:\/\/facebook.com\/eldigitaldeasturias\" \/>\n\t\t<meta name=\"twitter:card\" content=\"summary_large_image\" \/>\n\t\t<meta name=\"twitter:title\" content=\"Sandoval baraja cambiar el esquema y dejar a Lekic en el banquillo - El Digital de Asturias\" \/>\n\t\t<meta name=\"twitter:description\" content=\"Gij\u00f3n, 1 feb (EFE).- El entrenador del Sporting Jos\u00e9 Ram\u00f3n Sandoval podr\u00eda variar en Mallorca el esquema t\u00e1ctico empleado de las \u00faltimas jornadas y volver a situar al Scepovic como delantero centro, lo que supondr\u00eda la suplencia para Dejan Lekic en un encuentro en el que los rojiblancos necesitan la victoria para mantenerse en posiciones\" \/>\n\t\t<meta name=\"twitter:label1\" content=\"Escrito por\" \/>\n\t\t<meta name=\"twitter:data1\" content=\"El Digital de Asturias\" \/>\n\t\t<meta name=\"twitter:label2\" content=\"Tiempo de lectura estimado\" \/>\n\t\t<meta name=\"twitter:data2\" content=\"2 minutos\" \/>\n\t\t<script type=\"application\/ld+json\" class=\"aioseo-schema\">\n\t\t\t{\"@context\":\"https:\\\/\\\/schema.org\",\"@graph\":[{\"@type\":\"BlogPosting\",\"@id\":\"https:\\\/\\\/www.eldigitaldeasturias.com\\\/noticias\\\/sandoval-baraja-cambiar-el-esquema-y-dejar-a-lekic-en-el-banquillo\\\/#blogposting\",\"name\":\"Sandoval baraja cambiar el esquema y dejar a Lekic en el banquillo - El Digital de Asturias\",\"headline\":\"Sandoval baraja cambiar el esquema y dejar a Lekic en el banquillo\",\"author\":{\"@id\":\"https:\\\/\\\/www.eldigitaldeasturias.com\\\/noticias\\\/author\\\/admin\\\/#author\"},\"publisher\":{\"@id\":\"https:\\\/\\\/www.eldigitaldeasturias.com\\\/noticias\\\/#organization\"},\"image\":{\"@type\":\"ImageObject\",\"url\":438679},\"datePublished\":\"2014-02-01T17:01:14+01:00\",\"dateModified\":\"2014-02-01T17:01:14+01:00\",\"inLanguage\":\"es-ES\",\"mainEntityOfPage\":{\"@id\":\"https:\\\/\\\/www.eldigitaldeasturias.com\\\/noticias\\\/sandoval-baraja-cambiar-el-esquema-y-dejar-a-lekic-en-el-banquillo\\\/#webpage\"},\"isPartOf\":{\"@id\":\"https:\\\/\\\/www.eldigitaldeasturias.com\\\/noticias\\\/sandoval-baraja-cambiar-el-esquema-y-dejar-a-lekic-en-el-banquillo\\\/#webpage\"},\"articleSection\":\"Actualidad\"},{\"@type\":\"BreadcrumbList\",\"@id\":\"https:\\\/\\\/www.eldigitaldeasturias.com\\\/noticias\\\/sandoval-baraja-cambiar-el-esquema-y-dejar-a-lekic-en-el-banquillo\\\/#breadcrumblist\",\"itemListElement\":[{\"@type\":\"ListItem\",\"@id\":\"https:\\\/\\\/www.eldigitaldeasturias.com\\\/noticias#listItem\",\"position\":1,\"name\":\"Home\",\"item\":\"https:\\\/\\\/www.eldigitaldeasturias.com\\\/noticias\",\"nextItem\":{\"@type\":\"ListItem\",\"@id\":\"https:\\\/\\\/www.eldigitaldeasturias.com\\\/noticias\\\/category\\\/actualidad\\\/#listItem\",\"name\":\"Actualidad\"}},{\"@type\":\"ListItem\",\"@id\":\"https:\\\/\\\/www.eldigitaldeasturias.com\\\/noticias\\\/category\\\/actualidad\\\/#listItem\",\"position\":2,\"name\":\"Actualidad\",\"item\":\"https:\\\/\\\/www.eldigitaldeasturias.com\\\/noticias\\\/category\\\/actualidad\\\/\",\"nextItem\":{\"@type\":\"ListItem\",\"@id\":\"https:\\\/\\\/www.eldigitaldeasturias.com\\\/noticias\\\/sandoval-baraja-cambiar-el-esquema-y-dejar-a-lekic-en-el-banquillo\\\/#listItem\",\"name\":\"Sandoval baraja cambiar el esquema y dejar a Lekic en el banquillo\"},\"previousItem\":{\"@type\":\"ListItem\",\"@id\":\"https:\\\/\\\/www.eldigitaldeasturias.com\\\/noticias#listItem\",\"name\":\"Home\"}},{\"@type\":\"ListItem\",\"@id\":\"https:\\\/\\\/www.eldigitaldeasturias.com\\\/noticias\\\/sandoval-baraja-cambiar-el-esquema-y-dejar-a-lekic-en-el-banquillo\\\/#listItem\",\"position\":3,\"name\":\"Sandoval baraja cambiar el esquema y dejar a Lekic en el banquillo\",\"previousItem\":{\"@type\":\"ListItem\",\"@id\":\"https:\\\/\\\/www.eldigitaldeasturias.com\\\/noticias\\\/category\\\/actualidad\\\/#listItem\",\"name\":\"Actualidad\"}}]},{\"@type\":\"Organization\",\"@id\":\"https:\\\/\\\/www.eldigitaldeasturias.com\\\/noticias\\\/#organization\",\"name\":\"El Digital de Asturias\",\"description\":\"Hemeroteca\",\"url\":\"https:\\\/\\\/www.eldigitaldeasturias.com\\\/noticias\\\/\",\"email\":\"info@eldigitaldeasturias.com\",\"telephone\":\"+34652131393\",\"logo\":{\"@type\":\"ImageObject\",\"url\":\"https:\\\/\\\/www.eldigitaldeasturias.com\\\/noticias\\\/wp-content\\\/uploads\\\/2020\\\/12\\\/EDA.jpg\",\"@id\":\"https:\\\/\\\/www.eldigitaldeasturias.com\\\/noticias\\\/sandoval-baraja-cambiar-el-esquema-y-dejar-a-lekic-en-el-banquillo\\\/#organizationLogo\"},\"image\":{\"@id\":\"https:\\\/\\\/www.eldigitaldeasturias.com\\\/noticias\\\/sandoval-baraja-cambiar-el-esquema-y-dejar-a-lekic-en-el-banquillo\\\/#organizationLogo\"},\"sameAs\":[\"https:\\\/\\\/facebook.com\\\/eldigitaldeasturias\",\"https:\\\/\\\/www.youtube.com\\\/channel\\\/UCZP-2wLEB9Rv6erhFmqVnvg\"],\"address\":{\"@id\":\"https:\\\/\\\/www.eldigitaldeasturias.com\\\/noticias\\\/#postaladdress\",\"@type\":\"PostalAddress\",\"streetAddress\":\"san antonio 4\",\"postalCode\":\"33430\",\"addressLocality\":\"Cand\\u00e1s\",\"addressRegion\":\"Asturias\",\"addressCountry\":\"ES\"}},{\"@type\":\"Person\",\"@id\":\"https:\\\/\\\/www.eldigitaldeasturias.com\\\/noticias\\\/author\\\/admin\\\/#author\",\"url\":\"https:\\\/\\\/www.eldigitaldeasturias.com\\\/noticias\\\/author\\\/admin\\\/\",\"name\":\"El Digital de Asturias\",\"image\":{\"@type\":\"ImageObject\",\"@id\":\"https:\\\/\\\/www.eldigitaldeasturias.com\\\/noticias\\\/sandoval-baraja-cambiar-el-esquema-y-dejar-a-lekic-en-el-banquillo\\\/#authorImage\",\"url\":\"https:\\\/\\\/secure.gravatar.com\\\/avatar\\\/df2aeffc32bcd13f8d26072ef8a91b623d677766deac7f97ca815868cd41bf5e?s=96&d=mm&r=g\",\"width\":96,\"height\":96,\"caption\":\"El Digital de Asturias\"}},{\"@type\":\"WebPage\",\"@id\":\"https:\\\/\\\/www.eldigitaldeasturias.com\\\/noticias\\\/sandoval-baraja-cambiar-el-esquema-y-dejar-a-lekic-en-el-banquillo\\\/#webpage\",\"url\":\"https:\\\/\\\/www.eldigitaldeasturias.com\\\/noticias\\\/sandoval-baraja-cambiar-el-esquema-y-dejar-a-lekic-en-el-banquillo\\\/\",\"name\":\"Sandoval baraja cambiar el esquema y dejar a Lekic en el banquillo - El Digital de Asturias\",\"description\":\"Gij\\u00f3n, 1 feb (EFE).- El entrenador del Sporting Jos\\u00e9 Ram\\u00f3n Sandoval podr\\u00eda variar en Mallorca el esquema t\\u00e1ctico empleado de las \\u00faltimas jornadas y volver a situar al Scepovic como delantero centro, lo que supondr\\u00eda la suplencia para Dejan Lekic en un encuentro en el que los rojiblancos necesitan la victoria para mantenerse en posiciones\",\"inLanguage\":\"es-ES\",\"isPartOf\":{\"@id\":\"https:\\\/\\\/www.eldigitaldeasturias.com\\\/noticias\\\/#website\"},\"breadcrumb\":{\"@id\":\"https:\\\/\\\/www.eldigitaldeasturias.com\\\/noticias\\\/sandoval-baraja-cambiar-el-esquema-y-dejar-a-lekic-en-el-banquillo\\\/#breadcrumblist\"},\"author\":{\"@id\":\"https:\\\/\\\/www.eldigitaldeasturias.com\\\/noticias\\\/author\\\/admin\\\/#author\"},\"creator\":{\"@id\":\"https:\\\/\\\/www.eldigitaldeasturias.com\\\/noticias\\\/author\\\/admin\\\/#author\"},\"image\":{\"@type\":\"ImageObject\",\"url\":438679,\"@id\":\"https:\\\/\\\/www.eldigitaldeasturias.com\\\/noticias\\\/sandoval-baraja-cambiar-el-esquema-y-dejar-a-lekic-en-el-banquillo\\\/#mainImage\"},\"primaryImageOfPage\":{\"@id\":\"https:\\\/\\\/www.eldigitaldeasturias.com\\\/noticias\\\/sandoval-baraja-cambiar-el-esquema-y-dejar-a-lekic-en-el-banquillo\\\/#mainImage\"},\"datePublished\":\"2014-02-01T17:01:14+01:00\",\"dateModified\":\"2014-02-01T17:01:14+01:00\"},{\"@type\":\"WebSite\",\"@id\":\"https:\\\/\\\/www.eldigitaldeasturias.com\\\/noticias\\\/#website\",\"url\":\"https:\\\/\\\/www.eldigitaldeasturias.com\\\/noticias\\\/\",\"name\":\"El Digital de Asturias - Diario de actualidad y noticias\",\"alternateName\":\"El Digital de Asturias - Diario de actualidad y noticias\",\"description\":\"Hemeroteca\",\"inLanguage\":\"es-ES\",\"publisher\":{\"@id\":\"https:\\\/\\\/www.eldigitaldeasturias.com\\\/noticias\\\/#organization\"}}]}\n\t\t<\/script>\n\t\t<!-- All in One SEO Pro -->\r\n\t\t<title>Sandoval baraja cambiar el esquema y dejar a Lekic en el banquillo - El Digital de Asturias<\/title>\n\n","aioseo_head_json":{"title":"Sandoval baraja cambiar el esquema y dejar a Lekic en el banquillo - El Digital de Asturias","description":"Gij\u00f3n, 1 feb (EFE).- El entrenador del Sporting Jos\u00e9 Ram\u00f3n Sandoval podr\u00eda variar en Mallorca el esquema t\u00e1ctico empleado de las \u00faltimas jornadas y volver a situar al Scepovic como delantero centro, lo que supondr\u00eda la suplencia para Dejan Lekic en un encuentro en el que los rojiblancos necesitan la victoria para mantenerse en posiciones","canonical_url":"https:\/\/www.eldigitaldeasturias.com\/noticias\/sandoval-baraja-cambiar-el-esquema-y-dejar-a-lekic-en-el-banquillo\/","robots":"max-image-preview:large","keywords":"actualidad","webmasterTools":{"google-site-verification":"UA-38556648-1","msvalidate.01":"7dfe9f3f1b24437ab69f4f2559babe99","miscellaneous":""},"schema":{"@context":"https:\/\/schema.org","@graph":[{"@type":"BlogPosting","@id":"https:\/\/www.eldigitaldeasturias.com\/noticias\/sandoval-baraja-cambiar-el-esquema-y-dejar-a-lekic-en-el-banquillo\/#blogposting","name":"Sandoval baraja cambiar el esquema y dejar a Lekic en el banquillo - El Digital de Asturias","headline":"Sandoval baraja cambiar el esquema y dejar a Lekic en el banquillo","author":{"@id":"https:\/\/www.eldigitaldeasturias.com\/noticias\/author\/admin\/#author"},"publisher":{"@id":"https:\/\/www.eldigitaldeasturias.com\/noticias\/#organization"},"image":{"@type":"ImageObject","url":438679},"datePublished":"2014-02-01T17:01:14+01:00","dateModified":"2014-02-01T17:01:14+01:00","inLanguage":"es-ES","mainEntityOfPage":{"@id":"https:\/\/www.eldigitaldeasturias.com\/noticias\/sandoval-baraja-cambiar-el-esquema-y-dejar-a-lekic-en-el-banquillo\/#webpage"},"isPartOf":{"@id":"https:\/\/www.eldigitaldeasturias.com\/noticias\/sandoval-baraja-cambiar-el-esquema-y-dejar-a-lekic-en-el-banquillo\/#webpage"},"articleSection":"Actualidad"},{"@type":"BreadcrumbList","@id":"https:\/\/www.eldigitaldeasturias.com\/noticias\/sandoval-baraja-cambiar-el-esquema-y-dejar-a-lekic-en-el-banquillo\/#breadcrumblist","itemListElement":[{"@type":"ListItem","@id":"https:\/\/www.eldigitaldeasturias.com\/noticias#listItem","position":1,"name":"Home","item":"https:\/\/www.eldigitaldeasturias.com\/noticias","nextItem":{"@type":"ListItem","@id":"https:\/\/www.eldigitaldeasturias.com\/noticias\/category\/actualidad\/#listItem","name":"Actualidad"}},{"@type":"ListItem","@id":"https:\/\/www.eldigitaldeasturias.com\/noticias\/category\/actualidad\/#listItem","position":2,"name":"Actualidad","item":"https:\/\/www.eldigitaldeasturias.com\/noticias\/category\/actualidad\/","nextItem":{"@type":"ListItem","@id":"https:\/\/www.eldigitaldeasturias.com\/noticias\/sandoval-baraja-cambiar-el-esquema-y-dejar-a-lekic-en-el-banquillo\/#listItem","name":"Sandoval baraja cambiar el esquema y dejar a Lekic en el banquillo"},"previousItem":{"@type":"ListItem","@id":"https:\/\/www.eldigitaldeasturias.com\/noticias#listItem","name":"Home"}},{"@type":"ListItem","@id":"https:\/\/www.eldigitaldeasturias.com\/noticias\/sandoval-baraja-cambiar-el-esquema-y-dejar-a-lekic-en-el-banquillo\/#listItem","position":3,"name":"Sandoval baraja cambiar el esquema y dejar a Lekic en el banquillo","previousItem":{"@type":"ListItem","@id":"https:\/\/www.eldigitaldeasturias.com\/noticias\/category\/actualidad\/#listItem","name":"Actualidad"}}]},{"@type":"Organization","@id":"https:\/\/www.eldigitaldeasturias.com\/noticias\/#organization","name":"El Digital de Asturias","description":"Hemeroteca","url":"https:\/\/www.eldigitaldeasturias.com\/noticias\/","email":"info@eldigitaldeasturias.com","telephone":"+34652131393","logo":{"@type":"ImageObject","url":"https:\/\/www.eldigitaldeasturias.com\/noticias\/wp-content\/uploads\/2020\/12\/EDA.jpg","@id":"https:\/\/www.eldigitaldeasturias.com\/noticias\/sandoval-baraja-cambiar-el-esquema-y-dejar-a-lekic-en-el-banquillo\/#organizationLogo"},"image":{"@id":"https:\/\/www.eldigitaldeasturias.com\/noticias\/sandoval-baraja-cambiar-el-esquema-y-dejar-a-lekic-en-el-banquillo\/#organizationLogo"},"sameAs":["https:\/\/facebook.com\/eldigitaldeasturias","https:\/\/www.youtube.com\/channel\/UCZP-2wLEB9Rv6erhFmqVnvg"],"address":{"@id":"https:\/\/www.eldigitaldeasturias.com\/noticias\/#postaladdress","@type":"PostalAddress","streetAddress":"san antonio 4","postalCode":"33430","addressLocality":"Cand\u00e1s","addressRegion":"Asturias","addressCountry":"ES"}},{"@type":"Person","@id":"https:\/\/www.eldigitaldeasturias.com\/noticias\/author\/admin\/#author","url":"https:\/\/www.eldigitaldeasturias.com\/noticias\/author\/admin\/","name":"El Digital de Asturias","image":{"@type":"ImageObject","@id":"https:\/\/www.eldigitaldeasturias.com\/noticias\/sandoval-baraja-cambiar-el-esquema-y-dejar-a-lekic-en-el-banquillo\/#authorImage","url":"https:\/\/secure.gravatar.com\/avatar\/df2aeffc32bcd13f8d26072ef8a91b623d677766deac7f97ca815868cd41bf5e?s=96&d=mm&r=g","width":96,"height":96,"caption":"El Digital de Asturias"}},{"@type":"WebPage","@id":"https:\/\/www.eldigitaldeasturias.com\/noticias\/sandoval-baraja-cambiar-el-esquema-y-dejar-a-lekic-en-el-banquillo\/#webpage","url":"https:\/\/www.eldigitaldeasturias.com\/noticias\/sandoval-baraja-cambiar-el-esquema-y-dejar-a-lekic-en-el-banquillo\/","name":"Sandoval baraja cambiar el esquema y dejar a Lekic en el banquillo - El Digital de Asturias","description":"Gij\u00f3n, 1 feb (EFE).- El entrenador del Sporting Jos\u00e9 Ram\u00f3n Sandoval podr\u00eda variar en Mallorca el esquema t\u00e1ctico empleado de las \u00faltimas jornadas y volver a situar al Scepovic como delantero centro, lo que supondr\u00eda la suplencia para Dejan Lekic en un encuentro en el que los rojiblancos necesitan la victoria para mantenerse en posiciones","inLanguage":"es-ES","isPartOf":{"@id":"https:\/\/www.eldigitaldeasturias.com\/noticias\/#website"},"breadcrumb":{"@id":"https:\/\/www.eldigitaldeasturias.com\/noticias\/sandoval-baraja-cambiar-el-esquema-y-dejar-a-lekic-en-el-banquillo\/#breadcrumblist"},"author":{"@id":"https:\/\/www.eldigitaldeasturias.com\/noticias\/author\/admin\/#author"},"creator":{"@id":"https:\/\/www.eldigitaldeasturias.com\/noticias\/author\/admin\/#author"},"image":{"@type":"ImageObject","url":438679,"@id":"https:\/\/www.eldigitaldeasturias.com\/noticias\/sandoval-baraja-cambiar-el-esquema-y-dejar-a-lekic-en-el-banquillo\/#mainImage"},"primaryImageOfPage":{"@id":"https:\/\/www.eldigitaldeasturias.com\/noticias\/sandoval-baraja-cambiar-el-esquema-y-dejar-a-lekic-en-el-banquillo\/#mainImage"},"datePublished":"2014-02-01T17:01:14+01:00","dateModified":"2014-02-01T17:01:14+01:00"},{"@type":"WebSite","@id":"https:\/\/www.eldigitaldeasturias.com\/noticias\/#website","url":"https:\/\/www.eldigitaldeasturias.com\/noticias\/","name":"El Digital de Asturias - Diario de actualidad y noticias","alternateName":"El Digital de Asturias - Diario de actualidad y noticias","description":"Hemeroteca","inLanguage":"es-ES","publisher":{"@id":"https:\/\/www.eldigitaldeasturias.com\/noticias\/#organization"}}]},"og:locale":"es_ES","og:site_name":"El Digital de Asturias","og:type":"article","og:title":"Sandoval baraja cambiar el esquema y dejar a Lekic en el banquillo - El Digital de Asturias","og:description":"Gij\u00f3n, 1 feb (EFE).- El entrenador del Sporting Jos\u00e9 Ram\u00f3n Sandoval podr\u00eda variar en Mallorca el esquema t\u00e1ctico empleado de las \u00faltimas jornadas y volver a situar al Scepovic como delantero centro, lo que supondr\u00eda la suplencia para Dejan Lekic en un encuentro en el que los rojiblancos necesitan la victoria para mantenerse en posiciones","og:url":"https:\/\/www.eldigitaldeasturias.com\/noticias\/sandoval-baraja-cambiar-el-esquema-y-dejar-a-lekic-en-el-banquillo\/","article:tag":["actualidad"],"article:published_time":"2014-02-01T18:01:14+00:00","article:modified_time":"2014-02-01T18:01:14+00:00","article:publisher":"https:\/\/facebook.com\/eldigitaldeasturias","twitter:card":"summary_large_image","twitter:title":"Sandoval baraja cambiar el esquema y dejar a Lekic en el banquillo - El Digital de Asturias","twitter:description":"Gij\u00f3n, 1 feb (EFE).- El entrenador del Sporting Jos\u00e9 Ram\u00f3n Sandoval podr\u00eda variar en Mallorca el esquema t\u00e1ctico empleado de las \u00faltimas jornadas y volver a situar al Scepovic como delantero centro, lo que supondr\u00eda la suplencia para Dejan Lekic en un encuentro en el que los rojiblancos necesitan la victoria para mantenerse en posiciones","twitter:label1":"Escrito por","twitter:data1":"El Digital de Asturias","twitter:label2":"Tiempo de lectura estimado","twitter:data2":"2 minutos"},"aioseo_meta_data":{"post_id":"481671","title":null,"description":null,"keywords":null,"keyphrases":null,"primary_term":null,"canonical_url":null,"og_title":null,"og_description":null,"og_object_type":"default","og_image_type":"default","og_image_url":null,"og_image_width":null,"og_image_height":null,"og_image_custom_url":null,"og_image_custom_fields":null,"og_video":null,"og_custom_url":null,"og_article_section":null,"og_article_tags":null,"twitter_use_og":true,"twitter_card":"default","twitter_image_type":"default","twitter_image_url":null,"twitter_image_custom_url":null,"twitter_image_custom_fields":null,"twitter_title":null,"twitter_description":null,"schema":{"blockGraphs":[],"customGraphs":[],"default":{"data":{"Article":[],"Course":[],"Dataset":[],"FAQPage":[],"Movie":[],"Person":[],"Product":[],"ProductReview":[],"Car":[],"Recipe":[],"Service":[],"SoftwareApplication":[],"WebPage":[]},"graphName":"","isEnabled":true},"graphs":[],"defaultGraph":"","defaultPostTypeGraph":""},"schema_type":null,"schema_type_options":null,"pillar_content":false,"robots_default":true,"robots_noindex":false,"robots_noarchive":false,"robots_nosnippet":false,"robots_nofollow":false,"robots_noimageindex":false,"robots_noodp":false,"robots_notranslate":false,"robots_max_snippet":null,"robots_max_videopreview":null,"robots_max_imagepreview":"none","priority":null,"frequency":null,"local_seo":null,"seo_analyzer_scan_date":"2026-06-02 07:32:53","breadcrumb_settings":null,"limit_modified_date":false,"open_ai":null,"ai":null,"created":"2020-11-14 22:54:28","updated":"2026-06-02 07:32:53","focus_keyword":null,"additional_keywords":null,"truseo_locale":null},"aioseo_breadcrumb":"<div class=\"aioseo-breadcrumbs\"><span class=\"aioseo-breadcrumb\">\n\t<a href=\"https:\/\/www.eldigitaldeasturias.com\/noticias\" title=\"Home\">Home<\/a>\n<\/span><span class=\"aioseo-breadcrumb-separator\">\u2013<\/span><span class=\"aioseo-breadcrumb\">\n\t<a href=\"https:\/\/www.eldigitaldeasturias.com\/noticias\/category\/actualidad\/\" title=\"Actualidad\">Actualidad<\/a>\n<\/span><span class=\"aioseo-breadcrumb-separator\">\u2013<\/span><span class=\"aioseo-breadcrumb\">\n\t<a href=\"https:\/\/www.eldigitaldeasturias.com\/noticias\/sandoval-baraja-cambiar-el-esquema-y-dejar-a-lekic-en-el-banquillo\/\" title=\"Sandoval baraja cambiar el esquema y dejar a Lekic en el banquillo\">Sandoval baraja cambiar el esquema y dejar a Lekic en el banquillo<\/a>\n<\/span><\/div>","aioseo_breadcrumb_json":[{"label":"Home","link":"https:\/\/www.eldigitaldeasturias.com\/noticias"},{"label":"Actualidad","link":"https:\/\/www.eldigitaldeasturias.com\/noticias\/category\/actualidad\/"},{"label":"Sandoval baraja cambiar el esquema y dejar a Lekic en el banquillo","link":"https:\/\/www.eldigitaldeasturias.com\/noticias\/sandoval-baraja-cambiar-el-esquema-y-dejar-a-lekic-en-el-banquillo\/"}],"_links":{"self":[{"href":"https:\/\/www.eldigitaldeasturias.com\/noticias\/wp-json\/wp\/v2\/posts\/481671","targetHints":{"allow":["GET"]}}],"collection":[{"href":"https:\/\/www.eldigitaldeasturias.com\/noticias\/wp-json\/wp\/v2\/posts"}],"about":[{"href":"https:\/\/www.eldigitaldeasturias.com\/noticias\/wp-json\/wp\/v2\/types\/post"}],"author":[{"embeddable":true,"href":"https:\/\/www.eldigitaldeasturias.com\/noticias\/wp-json\/wp\/v2\/users\/1"}],"replies":[{"embeddable":true,"href":"https:\/\/www.eldigitaldeasturias.com\/noticias\/wp-json\/wp\/v2\/comments?post=481671"}],"version-history":[{"count":0,"href":"https:\/\/www.eldigitaldeasturias.com\/noticias\/wp-json\/wp\/v2\/posts\/481671\/revisions"}],"wp:attachment":[{"href":"https:\/\/www.eldigitaldeasturias.com\/noticias\/wp-json\/wp\/v2\/media?parent=481671"}],"wp:term":[{"taxonomy":"category","embeddable":true,"href":"https:\/\/www.eldigitaldeasturias.com\/noticias\/wp-json\/wp\/v2\/categories?post=481671"},{"taxonomy":"post_tag","embeddable":true,"href":"https:\/\/www.eldigitaldeasturias.com\/noticias\/wp-json\/wp\/v2\/tags?post=481671"}],"curies":[{"name":"wp","href":"https:\/\/api.w.org\/{rel}","templated":true}]}}