{"id":481593,"date":"2014-02-01T11:55:12","date_gmt":"2014-02-01T12:55:12","guid":{"rendered":"http:\/\/www.eldigitaldeasturias.com\/noticias\/?p=481593"},"modified":"2014-02-01T12:09:56","modified_gmt":"2014-02-01T13:09:56","slug":"berlin-insta-a-yanukovich-a-satisfacer-las-demandas-de-la-oposicion","status":"publish","type":"post","link":"https:\/\/www.eldigitaldeasturias.com\/noticias\/berlin-insta-a-yanukovich-a-satisfacer-las-demandas-de-la-oposicion\/","title":{"rendered":"Berl\u00edn insta a Yanuk\u00f3vich a satisfacer las demandas de la oposici\u00f3n"},"content":{"rendered":"<p><img loading=\"lazy\" decoding=\"async\" class=\"alignleft size-medium wp-image-481594\" alt=\"5899395w\" src=\"https:\/\/www.eldigitaldeasturias.com\/noticias\/wp-content\/uploads\/2014\/02\/5899395w-360x252.jpg\" width=\"360\" height=\"252\" \/>M\u00fanich (Alemania), 1 feb (EFE).- El ministro de Asuntos Exteriores alem\u00e1n, Frank-Walter Steinmeier, inst\u00f3 hoy al presidente ucraniano, V\u00edktor Yanuk\u00f3vich, a \u00absatisfacer\u00bb las \u00faltimas demandas de la oposici\u00f3n.<\/p>\n<p>Steinmeier realiz\u00f3 estas declaraciones en la Conferencia de Seguridad de M\u00fanich (MSC), un foro denominado el \u00abDavos de la defensa\u00bb en el que desde ayer y hasta ma\u00f1ana decenas de dirigentes pol\u00edticos buscan salidas a conflictos como los de Siria, Ucrania, Ir\u00e1n y Oriente Medio.<\/p>\n<p>A juicio del titular de Asuntos Exteriores germano, el cumplimiento de sus exigencias es una de las \u00faltimas \u00absalidas realistas\u00bb a la crisis que sufre el pa\u00eds desde el pasado noviembre.<\/p>\n<p>Es preciso evitar \u00abuna soluci\u00f3n violenta\u00bb a las protestas contra Yanuk\u00f3vich y su gobierno, argument\u00f3 Steinmeier.<\/p>\n<p>El l\u00edder del principal partido de la oposici\u00f3n ucraniana (Batkivshina), Arseni Yatseniuk, pidi\u00f3 ayer a Yanuk\u00f3vich que revocase las leyes que recortaron los derechos ciudadanos recientemente.<\/p>\n<p>Argument\u00f3 que esto mandar\u00eda la se\u00f1al de que las autoridades tienen la firme determinaci\u00f3n de hallar el compromiso para salir de la crisis que vive el pa\u00eds.<\/p>\n<p>\u00abLa gente no cree en la disposici\u00f3n del poder a una resoluci\u00f3n pac\u00edfica del conflicto en Ucrania\u00bb, dijo Yatseniuk antes de partir hacia Munich, donde tiene previsto intervenir en la MSC esta tarde.<\/p>\n<p>Yatseniuk y Vitali Klitsko, otro l\u00edder de la oposici\u00f3n, debatir\u00e1n en una sesi\u00f3n sobre su pa\u00eds con el ministro de Exteriores ucraniano, Leonid Kozhara.<\/p>\n<p>Las manifestaciones opositoras estallaron en noviembre pasado despu\u00e9s de que Yanuk\u00f3vich aplaz\u00f3 la firma del Acuerdo de Asociaci\u00f3n con la Uni\u00f3n Europea prevista para fines de ese mes.<\/p>\n<p>Las protestas se recrudecieron este mes, tras la aprobaci\u00f3n de las leyes represivas, con choques entre manifestantes y polic\u00edas antidisturbios que causaron tres muertos, seg\u00fan la versi\u00f3n oficial, y el doble seg\u00fan la oposici\u00f3n, adem\u00e1s de centenares de heridos.<\/p>\n<p>Est\u00e1 previsto que entre hoy y el domingo se den cita en este foro, entre otros, el secretario general de la ONU, Ban Ki-moon, el secretario de Estado de Estados Unidos, John Kerry, el ministro de Asuntos Exteriores ruso, Serg\u00e9i Lavrov, el presidente del Consejo Europeo, Hermann Van Rompuy, el ministro de Defensa espa\u00f1ol, Pedro Moren\u00e9s y el ministro de Asuntos Exteriores iran\u00ed, Mohamed Yavad Zarif.<\/p>\n","protected":false},"excerpt":{"rendered":"<p>M\u00fanich (Alemania), 1 feb (EFE).- El ministro de Asuntos Exteriores alem\u00e1n, Frank-Walter Steinmeier, inst\u00f3 hoy al presidente ucraniano, V\u00edktor Yanuk\u00f3vich, a \u00absatisfacer\u00bb las \u00faltimas demandas de la oposici\u00f3n. Steinmeier realiz\u00f3 estas declaraciones en la Conferencia de Seguridad de M\u00fanich (MSC), un foro denominado el \u00abDavos de la defensa\u00bb en el que desde ayer y hasta [&hellip;]<\/p>\n","protected":false},"author":1,"featured_media":481594,"comment_status":"closed","ping_status":"open","sticky":false,"template":"","format":"standard","meta":{"footnotes":""},"categories":[1],"tags":[],"class_list":["post-481593","post","type-post","status-publish","format-standard","has-post-thumbnail","hentry","category-actualidad"],"aioseo_notices":[],"aioseo_head":"\n\t\t<!-- All in One SEO Pro 5.0.1 - aioseo.com -->\n\t<meta name=\"description\" content=\"M\u00fanich (Alemania), 1 feb (EFE).- El ministro de Asuntos Exteriores alem\u00e1n, Frank-Walter Steinmeier, inst\u00f3 hoy al presidente ucraniano, V\u00edktor Yanuk\u00f3vich, a &quot;satisfacer&quot; las \u00faltimas demandas de la oposici\u00f3n. Steinmeier realiz\u00f3 estas declaraciones en la Conferencia de Seguridad de M\u00fanich (MSC), un foro denominado el &quot;Davos de la defensa&quot; en el que desde ayer y hasta\" \/>\n\t<meta name=\"robots\" content=\"max-image-preview:large\" \/>\n\t<meta name=\"author\" content=\"El Digital de Asturias\"\/>\n\t<meta name=\"google-site-verification\" content=\"UA-38556648-1\" \/>\n\t<meta name=\"msvalidate.01\" content=\"7dfe9f3f1b24437ab69f4f2559babe99\" \/>\n\t<meta name=\"keywords\" content=\"actualidad\" \/>\n\t<link rel=\"canonical\" href=\"https:\/\/www.eldigitaldeasturias.com\/noticias\/berlin-insta-a-yanukovich-a-satisfacer-las-demandas-de-la-oposicion\/\" \/>\n\t<meta name=\"generator\" content=\"All in One SEO Pro (AIOSEO) 5.0.1\" \/>\n\t\t<meta property=\"og:locale\" content=\"es_ES\" \/>\n\t\t<meta property=\"og:site_name\" content=\"El Digital de Asturias\" \/>\n\t\t<meta property=\"og:type\" content=\"article\" \/>\n\t\t<meta property=\"og:title\" content=\"Berl\u00edn insta a Yanuk\u00f3vich a satisfacer las demandas de la oposici\u00f3n - El Digital de Asturias\" \/>\n\t\t<meta property=\"og:description\" content=\"M\u00fanich (Alemania), 1 feb (EFE).- El ministro de Asuntos Exteriores alem\u00e1n, Frank-Walter Steinmeier, inst\u00f3 hoy al presidente ucraniano, V\u00edktor Yanuk\u00f3vich, a &quot;satisfacer&quot; las \u00faltimas demandas de la oposici\u00f3n. Steinmeier realiz\u00f3 estas declaraciones en la Conferencia de Seguridad de M\u00fanich (MSC), un foro denominado el &quot;Davos de la defensa&quot; en el que desde ayer y hasta\" \/>\n\t\t<meta property=\"og:url\" content=\"https:\/\/www.eldigitaldeasturias.com\/noticias\/berlin-insta-a-yanukovich-a-satisfacer-las-demandas-de-la-oposicion\/\" \/>\n\t\t<meta property=\"article:tag\" content=\"actualidad\" \/>\n\t\t<meta property=\"article:published_time\" content=\"2014-02-01T12:55:12+00:00\" \/>\n\t\t<meta property=\"article:modified_time\" content=\"2014-02-01T13:09:56+00:00\" \/>\n\t\t<meta property=\"article:publisher\" content=\"https:\/\/facebook.com\/eldigitaldeasturias\" \/>\n\t\t<meta name=\"twitter:card\" content=\"summary_large_image\" \/>\n\t\t<meta name=\"twitter:title\" content=\"Berl\u00edn insta a Yanuk\u00f3vich a satisfacer las demandas de la oposici\u00f3n - El Digital de Asturias\" \/>\n\t\t<meta name=\"twitter:description\" content=\"M\u00fanich (Alemania), 1 feb (EFE).- El ministro de Asuntos Exteriores alem\u00e1n, Frank-Walter Steinmeier, inst\u00f3 hoy al presidente ucraniano, V\u00edktor Yanuk\u00f3vich, a &quot;satisfacer&quot; las \u00faltimas demandas de la oposici\u00f3n. Steinmeier realiz\u00f3 estas declaraciones en la Conferencia de Seguridad de M\u00fanich (MSC), un foro denominado el &quot;Davos de la defensa&quot; en el que desde ayer y hasta\" \/>\n\t\t<meta name=\"twitter:label1\" content=\"Escrito por\" \/>\n\t\t<meta name=\"twitter:data1\" content=\"El Digital de Asturias\" \/>\n\t\t<meta name=\"twitter:label2\" content=\"Tiempo de lectura estimado\" \/>\n\t\t<meta name=\"twitter:data2\" content=\"2 minutos\" \/>\n\t\t<script type=\"application\/ld+json\" class=\"aioseo-schema\">\n\t\t\t{\"@context\":\"https:\\\/\\\/schema.org\",\"@graph\":[{\"@type\":\"BlogPosting\",\"@id\":\"https:\\\/\\\/www.eldigitaldeasturias.com\\\/noticias\\\/berlin-insta-a-yanukovich-a-satisfacer-las-demandas-de-la-oposicion\\\/#blogposting\",\"name\":\"Berl\\u00edn insta a Yanuk\\u00f3vich a satisfacer las demandas de la oposici\\u00f3n - El Digital de Asturias\",\"headline\":\"Berl\\u00edn insta a Yanuk\\u00f3vich a satisfacer las demandas de la oposici\\u00f3n\",\"author\":{\"@id\":\"https:\\\/\\\/www.eldigitaldeasturias.com\\\/noticias\\\/author\\\/admin\\\/#author\"},\"publisher\":{\"@id\":\"https:\\\/\\\/www.eldigitaldeasturias.com\\\/noticias\\\/#organization\"},\"image\":{\"@type\":\"ImageObject\",\"url\":481594},\"datePublished\":\"2014-02-01T11:55:12+01:00\",\"dateModified\":\"2014-02-01T12:09:56+01:00\",\"inLanguage\":\"es-ES\",\"mainEntityOfPage\":{\"@id\":\"https:\\\/\\\/www.eldigitaldeasturias.com\\\/noticias\\\/berlin-insta-a-yanukovich-a-satisfacer-las-demandas-de-la-oposicion\\\/#webpage\"},\"isPartOf\":{\"@id\":\"https:\\\/\\\/www.eldigitaldeasturias.com\\\/noticias\\\/berlin-insta-a-yanukovich-a-satisfacer-las-demandas-de-la-oposicion\\\/#webpage\"},\"articleSection\":\"Actualidad\"},{\"@type\":\"BreadcrumbList\",\"@id\":\"https:\\\/\\\/www.eldigitaldeasturias.com\\\/noticias\\\/berlin-insta-a-yanukovich-a-satisfacer-las-demandas-de-la-oposicion\\\/#breadcrumblist\",\"itemListElement\":[{\"@type\":\"ListItem\",\"@id\":\"https:\\\/\\\/www.eldigitaldeasturias.com\\\/noticias#listItem\",\"position\":1,\"name\":\"Home\",\"item\":\"https:\\\/\\\/www.eldigitaldeasturias.com\\\/noticias\",\"nextItem\":{\"@type\":\"ListItem\",\"@id\":\"https:\\\/\\\/www.eldigitaldeasturias.com\\\/noticias\\\/category\\\/actualidad\\\/#listItem\",\"name\":\"Actualidad\"}},{\"@type\":\"ListItem\",\"@id\":\"https:\\\/\\\/www.eldigitaldeasturias.com\\\/noticias\\\/category\\\/actualidad\\\/#listItem\",\"position\":2,\"name\":\"Actualidad\",\"item\":\"https:\\\/\\\/www.eldigitaldeasturias.com\\\/noticias\\\/category\\\/actualidad\\\/\",\"nextItem\":{\"@type\":\"ListItem\",\"@id\":\"https:\\\/\\\/www.eldigitaldeasturias.com\\\/noticias\\\/berlin-insta-a-yanukovich-a-satisfacer-las-demandas-de-la-oposicion\\\/#listItem\",\"name\":\"Berl\\u00edn insta a Yanuk\\u00f3vich a satisfacer las demandas de la oposici\\u00f3n\"},\"previousItem\":{\"@type\":\"ListItem\",\"@id\":\"https:\\\/\\\/www.eldigitaldeasturias.com\\\/noticias#listItem\",\"name\":\"Home\"}},{\"@type\":\"ListItem\",\"@id\":\"https:\\\/\\\/www.eldigitaldeasturias.com\\\/noticias\\\/berlin-insta-a-yanukovich-a-satisfacer-las-demandas-de-la-oposicion\\\/#listItem\",\"position\":3,\"name\":\"Berl\\u00edn insta a Yanuk\\u00f3vich a satisfacer las demandas de la oposici\\u00f3n\",\"previousItem\":{\"@type\":\"ListItem\",\"@id\":\"https:\\\/\\\/www.eldigitaldeasturias.com\\\/noticias\\\/category\\\/actualidad\\\/#listItem\",\"name\":\"Actualidad\"}}]},{\"@type\":\"Organization\",\"@id\":\"https:\\\/\\\/www.eldigitaldeasturias.com\\\/noticias\\\/#organization\",\"name\":\"El Digital de Asturias\",\"description\":\"Hemeroteca\",\"url\":\"https:\\\/\\\/www.eldigitaldeasturias.com\\\/noticias\\\/\",\"email\":\"info@eldigitaldeasturias.com\",\"telephone\":\"+34652131393\",\"logo\":{\"@type\":\"ImageObject\",\"url\":\"https:\\\/\\\/www.eldigitaldeasturias.com\\\/noticias\\\/wp-content\\\/uploads\\\/2020\\\/12\\\/EDA.jpg\",\"@id\":\"https:\\\/\\\/www.eldigitaldeasturias.com\\\/noticias\\\/berlin-insta-a-yanukovich-a-satisfacer-las-demandas-de-la-oposicion\\\/#organizationLogo\"},\"image\":{\"@id\":\"https:\\\/\\\/www.eldigitaldeasturias.com\\\/noticias\\\/berlin-insta-a-yanukovich-a-satisfacer-las-demandas-de-la-oposicion\\\/#organizationLogo\"},\"sameAs\":[\"https:\\\/\\\/facebook.com\\\/eldigitaldeasturias\",\"https:\\\/\\\/www.youtube.com\\\/channel\\\/UCZP-2wLEB9Rv6erhFmqVnvg\"],\"address\":{\"@id\":\"https:\\\/\\\/www.eldigitaldeasturias.com\\\/noticias\\\/#postaladdress\",\"@type\":\"PostalAddress\",\"streetAddress\":\"san antonio 4\",\"postalCode\":\"33430\",\"addressLocality\":\"Cand\\u00e1s\",\"addressRegion\":\"Asturias\",\"addressCountry\":\"ES\"}},{\"@type\":\"Person\",\"@id\":\"https:\\\/\\\/www.eldigitaldeasturias.com\\\/noticias\\\/author\\\/admin\\\/#author\",\"url\":\"https:\\\/\\\/www.eldigitaldeasturias.com\\\/noticias\\\/author\\\/admin\\\/\",\"name\":\"El Digital de Asturias\",\"image\":{\"@type\":\"ImageObject\",\"@id\":\"https:\\\/\\\/www.eldigitaldeasturias.com\\\/noticias\\\/berlin-insta-a-yanukovich-a-satisfacer-las-demandas-de-la-oposicion\\\/#authorImage\",\"url\":\"https:\\\/\\\/secure.gravatar.com\\\/avatar\\\/df2aeffc32bcd13f8d26072ef8a91b623d677766deac7f97ca815868cd41bf5e?s=96&d=mm&r=g\",\"width\":96,\"height\":96,\"caption\":\"El Digital de Asturias\"}},{\"@type\":\"WebPage\",\"@id\":\"https:\\\/\\\/www.eldigitaldeasturias.com\\\/noticias\\\/berlin-insta-a-yanukovich-a-satisfacer-las-demandas-de-la-oposicion\\\/#webpage\",\"url\":\"https:\\\/\\\/www.eldigitaldeasturias.com\\\/noticias\\\/berlin-insta-a-yanukovich-a-satisfacer-las-demandas-de-la-oposicion\\\/\",\"name\":\"Berl\\u00edn insta a Yanuk\\u00f3vich a satisfacer las demandas de la oposici\\u00f3n - El Digital de Asturias\",\"description\":\"M\\u00fanich (Alemania), 1 feb (EFE).- El ministro de Asuntos Exteriores alem\\u00e1n, Frank-Walter Steinmeier, inst\\u00f3 hoy al presidente ucraniano, V\\u00edktor Yanuk\\u00f3vich, a \\\"satisfacer\\\" las \\u00faltimas demandas de la oposici\\u00f3n. Steinmeier realiz\\u00f3 estas declaraciones en la Conferencia de Seguridad de M\\u00fanich (MSC), un foro denominado el \\\"Davos de la defensa\\\" en el que desde ayer y hasta\",\"inLanguage\":\"es-ES\",\"isPartOf\":{\"@id\":\"https:\\\/\\\/www.eldigitaldeasturias.com\\\/noticias\\\/#website\"},\"breadcrumb\":{\"@id\":\"https:\\\/\\\/www.eldigitaldeasturias.com\\\/noticias\\\/berlin-insta-a-yanukovich-a-satisfacer-las-demandas-de-la-oposicion\\\/#breadcrumblist\"},\"author\":{\"@id\":\"https:\\\/\\\/www.eldigitaldeasturias.com\\\/noticias\\\/author\\\/admin\\\/#author\"},\"creator\":{\"@id\":\"https:\\\/\\\/www.eldigitaldeasturias.com\\\/noticias\\\/author\\\/admin\\\/#author\"},\"image\":{\"@type\":\"ImageObject\",\"url\":481594,\"@id\":\"https:\\\/\\\/www.eldigitaldeasturias.com\\\/noticias\\\/berlin-insta-a-yanukovich-a-satisfacer-las-demandas-de-la-oposicion\\\/#mainImage\"},\"primaryImageOfPage\":{\"@id\":\"https:\\\/\\\/www.eldigitaldeasturias.com\\\/noticias\\\/berlin-insta-a-yanukovich-a-satisfacer-las-demandas-de-la-oposicion\\\/#mainImage\"},\"datePublished\":\"2014-02-01T11:55:12+01:00\",\"dateModified\":\"2014-02-01T12:09:56+01:00\"},{\"@type\":\"WebSite\",\"@id\":\"https:\\\/\\\/www.eldigitaldeasturias.com\\\/noticias\\\/#website\",\"url\":\"https:\\\/\\\/www.eldigitaldeasturias.com\\\/noticias\\\/\",\"name\":\"El Digital de Asturias - Diario de actualidad y noticias\",\"alternateName\":\"El Digital de Asturias - Diario de actualidad y noticias\",\"description\":\"Hemeroteca\",\"inLanguage\":\"es-ES\",\"publisher\":{\"@id\":\"https:\\\/\\\/www.eldigitaldeasturias.com\\\/noticias\\\/#organization\"}}]}\n\t\t<\/script>\n\t\t<!-- All in One SEO Pro -->\r\n\t\t<title>Berl\u00edn insta a Yanuk\u00f3vich a satisfacer las demandas de la oposici\u00f3n - El Digital de Asturias<\/title>\n\n","aioseo_head_json":{"title":"Berl\u00edn insta a Yanuk\u00f3vich a satisfacer las demandas de la oposici\u00f3n - El Digital de Asturias","description":"M\u00fanich (Alemania), 1 feb (EFE).- El ministro de Asuntos Exteriores alem\u00e1n, Frank-Walter Steinmeier, inst\u00f3 hoy al presidente ucraniano, V\u00edktor Yanuk\u00f3vich, a \"satisfacer\" las \u00faltimas demandas de la oposici\u00f3n. Steinmeier realiz\u00f3 estas declaraciones en la Conferencia de Seguridad de M\u00fanich (MSC), un foro denominado el \"Davos de la defensa\" en el que desde ayer y hasta","canonical_url":"https:\/\/www.eldigitaldeasturias.com\/noticias\/berlin-insta-a-yanukovich-a-satisfacer-las-demandas-de-la-oposicion\/","robots":"max-image-preview:large","keywords":"actualidad","webmasterTools":{"google-site-verification":"UA-38556648-1","msvalidate.01":"7dfe9f3f1b24437ab69f4f2559babe99","miscellaneous":""},"schema":{"@context":"https:\/\/schema.org","@graph":[{"@type":"BlogPosting","@id":"https:\/\/www.eldigitaldeasturias.com\/noticias\/berlin-insta-a-yanukovich-a-satisfacer-las-demandas-de-la-oposicion\/#blogposting","name":"Berl\u00edn insta a Yanuk\u00f3vich a satisfacer las demandas de la oposici\u00f3n - El Digital de Asturias","headline":"Berl\u00edn insta a Yanuk\u00f3vich a satisfacer las demandas de la oposici\u00f3n","author":{"@id":"https:\/\/www.eldigitaldeasturias.com\/noticias\/author\/admin\/#author"},"publisher":{"@id":"https:\/\/www.eldigitaldeasturias.com\/noticias\/#organization"},"image":{"@type":"ImageObject","url":481594},"datePublished":"2014-02-01T11:55:12+01:00","dateModified":"2014-02-01T12:09:56+01:00","inLanguage":"es-ES","mainEntityOfPage":{"@id":"https:\/\/www.eldigitaldeasturias.com\/noticias\/berlin-insta-a-yanukovich-a-satisfacer-las-demandas-de-la-oposicion\/#webpage"},"isPartOf":{"@id":"https:\/\/www.eldigitaldeasturias.com\/noticias\/berlin-insta-a-yanukovich-a-satisfacer-las-demandas-de-la-oposicion\/#webpage"},"articleSection":"Actualidad"},{"@type":"BreadcrumbList","@id":"https:\/\/www.eldigitaldeasturias.com\/noticias\/berlin-insta-a-yanukovich-a-satisfacer-las-demandas-de-la-oposicion\/#breadcrumblist","itemListElement":[{"@type":"ListItem","@id":"https:\/\/www.eldigitaldeasturias.com\/noticias#listItem","position":1,"name":"Home","item":"https:\/\/www.eldigitaldeasturias.com\/noticias","nextItem":{"@type":"ListItem","@id":"https:\/\/www.eldigitaldeasturias.com\/noticias\/category\/actualidad\/#listItem","name":"Actualidad"}},{"@type":"ListItem","@id":"https:\/\/www.eldigitaldeasturias.com\/noticias\/category\/actualidad\/#listItem","position":2,"name":"Actualidad","item":"https:\/\/www.eldigitaldeasturias.com\/noticias\/category\/actualidad\/","nextItem":{"@type":"ListItem","@id":"https:\/\/www.eldigitaldeasturias.com\/noticias\/berlin-insta-a-yanukovich-a-satisfacer-las-demandas-de-la-oposicion\/#listItem","name":"Berl\u00edn insta a Yanuk\u00f3vich a satisfacer las demandas de la oposici\u00f3n"},"previousItem":{"@type":"ListItem","@id":"https:\/\/www.eldigitaldeasturias.com\/noticias#listItem","name":"Home"}},{"@type":"ListItem","@id":"https:\/\/www.eldigitaldeasturias.com\/noticias\/berlin-insta-a-yanukovich-a-satisfacer-las-demandas-de-la-oposicion\/#listItem","position":3,"name":"Berl\u00edn insta a Yanuk\u00f3vich a satisfacer las demandas de la oposici\u00f3n","previousItem":{"@type":"ListItem","@id":"https:\/\/www.eldigitaldeasturias.com\/noticias\/category\/actualidad\/#listItem","name":"Actualidad"}}]},{"@type":"Organization","@id":"https:\/\/www.eldigitaldeasturias.com\/noticias\/#organization","name":"El Digital de Asturias","description":"Hemeroteca","url":"https:\/\/www.eldigitaldeasturias.com\/noticias\/","email":"info@eldigitaldeasturias.com","telephone":"+34652131393","logo":{"@type":"ImageObject","url":"https:\/\/www.eldigitaldeasturias.com\/noticias\/wp-content\/uploads\/2020\/12\/EDA.jpg","@id":"https:\/\/www.eldigitaldeasturias.com\/noticias\/berlin-insta-a-yanukovich-a-satisfacer-las-demandas-de-la-oposicion\/#organizationLogo"},"image":{"@id":"https:\/\/www.eldigitaldeasturias.com\/noticias\/berlin-insta-a-yanukovich-a-satisfacer-las-demandas-de-la-oposicion\/#organizationLogo"},"sameAs":["https:\/\/facebook.com\/eldigitaldeasturias","https:\/\/www.youtube.com\/channel\/UCZP-2wLEB9Rv6erhFmqVnvg"],"address":{"@id":"https:\/\/www.eldigitaldeasturias.com\/noticias\/#postaladdress","@type":"PostalAddress","streetAddress":"san antonio 4","postalCode":"33430","addressLocality":"Cand\u00e1s","addressRegion":"Asturias","addressCountry":"ES"}},{"@type":"Person","@id":"https:\/\/www.eldigitaldeasturias.com\/noticias\/author\/admin\/#author","url":"https:\/\/www.eldigitaldeasturias.com\/noticias\/author\/admin\/","name":"El Digital de Asturias","image":{"@type":"ImageObject","@id":"https:\/\/www.eldigitaldeasturias.com\/noticias\/berlin-insta-a-yanukovich-a-satisfacer-las-demandas-de-la-oposicion\/#authorImage","url":"https:\/\/secure.gravatar.com\/avatar\/df2aeffc32bcd13f8d26072ef8a91b623d677766deac7f97ca815868cd41bf5e?s=96&d=mm&r=g","width":96,"height":96,"caption":"El Digital de Asturias"}},{"@type":"WebPage","@id":"https:\/\/www.eldigitaldeasturias.com\/noticias\/berlin-insta-a-yanukovich-a-satisfacer-las-demandas-de-la-oposicion\/#webpage","url":"https:\/\/www.eldigitaldeasturias.com\/noticias\/berlin-insta-a-yanukovich-a-satisfacer-las-demandas-de-la-oposicion\/","name":"Berl\u00edn insta a Yanuk\u00f3vich a satisfacer las demandas de la oposici\u00f3n - El Digital de Asturias","description":"M\u00fanich (Alemania), 1 feb (EFE).- El ministro de Asuntos Exteriores alem\u00e1n, Frank-Walter Steinmeier, inst\u00f3 hoy al presidente ucraniano, V\u00edktor Yanuk\u00f3vich, a \"satisfacer\" las \u00faltimas demandas de la oposici\u00f3n. Steinmeier realiz\u00f3 estas declaraciones en la Conferencia de Seguridad de M\u00fanich (MSC), un foro denominado el \"Davos de la defensa\" en el que desde ayer y hasta","inLanguage":"es-ES","isPartOf":{"@id":"https:\/\/www.eldigitaldeasturias.com\/noticias\/#website"},"breadcrumb":{"@id":"https:\/\/www.eldigitaldeasturias.com\/noticias\/berlin-insta-a-yanukovich-a-satisfacer-las-demandas-de-la-oposicion\/#breadcrumblist"},"author":{"@id":"https:\/\/www.eldigitaldeasturias.com\/noticias\/author\/admin\/#author"},"creator":{"@id":"https:\/\/www.eldigitaldeasturias.com\/noticias\/author\/admin\/#author"},"image":{"@type":"ImageObject","url":481594,"@id":"https:\/\/www.eldigitaldeasturias.com\/noticias\/berlin-insta-a-yanukovich-a-satisfacer-las-demandas-de-la-oposicion\/#mainImage"},"primaryImageOfPage":{"@id":"https:\/\/www.eldigitaldeasturias.com\/noticias\/berlin-insta-a-yanukovich-a-satisfacer-las-demandas-de-la-oposicion\/#mainImage"},"datePublished":"2014-02-01T11:55:12+01:00","dateModified":"2014-02-01T12:09:56+01:00"},{"@type":"WebSite","@id":"https:\/\/www.eldigitaldeasturias.com\/noticias\/#website","url":"https:\/\/www.eldigitaldeasturias.com\/noticias\/","name":"El Digital de Asturias - Diario de actualidad y noticias","alternateName":"El Digital de Asturias - Diario de actualidad y noticias","description":"Hemeroteca","inLanguage":"es-ES","publisher":{"@id":"https:\/\/www.eldigitaldeasturias.com\/noticias\/#organization"}}]},"og:locale":"es_ES","og:site_name":"El Digital de Asturias","og:type":"article","og:title":"Berl\u00edn insta a Yanuk\u00f3vich a satisfacer las demandas de la oposici\u00f3n - El Digital de Asturias","og:description":"M\u00fanich (Alemania), 1 feb (EFE).- El ministro de Asuntos Exteriores alem\u00e1n, Frank-Walter Steinmeier, inst\u00f3 hoy al presidente ucraniano, V\u00edktor Yanuk\u00f3vich, a &quot;satisfacer&quot; las \u00faltimas demandas de la oposici\u00f3n. Steinmeier realiz\u00f3 estas declaraciones en la Conferencia de Seguridad de M\u00fanich (MSC), un foro denominado el &quot;Davos de la defensa&quot; en el que desde ayer y hasta","og:url":"https:\/\/www.eldigitaldeasturias.com\/noticias\/berlin-insta-a-yanukovich-a-satisfacer-las-demandas-de-la-oposicion\/","article:tag":["actualidad"],"article:published_time":"2014-02-01T12:55:12+00:00","article:modified_time":"2014-02-01T13:09:56+00:00","article:publisher":"https:\/\/facebook.com\/eldigitaldeasturias","twitter:card":"summary_large_image","twitter:title":"Berl\u00edn insta a Yanuk\u00f3vich a satisfacer las demandas de la oposici\u00f3n - El Digital de Asturias","twitter:description":"M\u00fanich (Alemania), 1 feb (EFE).- El ministro de Asuntos Exteriores alem\u00e1n, Frank-Walter Steinmeier, inst\u00f3 hoy al presidente ucraniano, V\u00edktor Yanuk\u00f3vich, a &quot;satisfacer&quot; las \u00faltimas demandas de la oposici\u00f3n. Steinmeier realiz\u00f3 estas declaraciones en la Conferencia de Seguridad de M\u00fanich (MSC), un foro denominado el &quot;Davos de la defensa&quot; en el que desde ayer y hasta","twitter:label1":"Escrito por","twitter:data1":"El Digital de Asturias","twitter:label2":"Tiempo de lectura estimado","twitter:data2":"2 minutos"},"aioseo_meta_data":{"post_id":"481593","title":null,"description":null,"keywords":null,"keyphrases":null,"primary_term":null,"canonical_url":null,"og_title":null,"og_description":null,"og_object_type":"default","og_image_type":"default","og_image_url":null,"og_image_width":null,"og_image_height":null,"og_image_custom_url":null,"og_image_custom_fields":null,"og_video":null,"og_custom_url":null,"og_article_section":null,"og_article_tags":null,"twitter_use_og":true,"twitter_card":"default","twitter_image_type":"default","twitter_image_url":null,"twitter_image_custom_url":null,"twitter_image_custom_fields":null,"twitter_title":null,"twitter_description":null,"schema":{"blockGraphs":[],"customGraphs":[],"default":{"data":{"Article":[],"Course":[],"Dataset":[],"FAQPage":[],"Movie":[],"Person":[],"Product":[],"ProductReview":[],"Car":[],"Recipe":[],"Service":[],"SoftwareApplication":[],"WebPage":[]},"graphName":"","isEnabled":true},"graphs":[],"defaultGraph":"","defaultPostTypeGraph":""},"schema_type":null,"schema_type_options":null,"pillar_content":false,"robots_default":true,"robots_noindex":false,"robots_noarchive":false,"robots_nosnippet":false,"robots_nofollow":false,"robots_noimageindex":false,"robots_noodp":false,"robots_notranslate":false,"robots_max_snippet":null,"robots_max_videopreview":null,"robots_max_imagepreview":"none","priority":null,"frequency":null,"local_seo":null,"seo_analyzer_scan_date":"2026-06-02 07:15:46","breadcrumb_settings":null,"limit_modified_date":false,"open_ai":null,"ai":null,"created":"2020-11-14 22:54:27","updated":"2026-06-02 07:15:46","focus_keyword":null,"additional_keywords":null,"truseo_locale":null},"aioseo_breadcrumb":"<div class=\"aioseo-breadcrumbs\"><span class=\"aioseo-breadcrumb\">\n\t<a href=\"https:\/\/www.eldigitaldeasturias.com\/noticias\" title=\"Home\">Home<\/a>\n<\/span><span class=\"aioseo-breadcrumb-separator\">\u2013<\/span><span class=\"aioseo-breadcrumb\">\n\t<a href=\"https:\/\/www.eldigitaldeasturias.com\/noticias\/category\/actualidad\/\" title=\"Actualidad\">Actualidad<\/a>\n<\/span><span class=\"aioseo-breadcrumb-separator\">\u2013<\/span><span class=\"aioseo-breadcrumb\">\n\t<a href=\"https:\/\/www.eldigitaldeasturias.com\/noticias\/berlin-insta-a-yanukovich-a-satisfacer-las-demandas-de-la-oposicion\/\" title=\"Berl\u00edn insta a Yanuk\u00f3vich a satisfacer las demandas de la oposici\u00f3n\">Berl\u00edn insta a Yanuk\u00f3vich a satisfacer las demandas de la oposici\u00f3n<\/a>\n<\/span><\/div>","aioseo_breadcrumb_json":[{"label":"Home","link":"https:\/\/www.eldigitaldeasturias.com\/noticias"},{"label":"Actualidad","link":"https:\/\/www.eldigitaldeasturias.com\/noticias\/category\/actualidad\/"},{"label":"Berl\u00edn insta a Yanuk\u00f3vich a satisfacer las demandas de la oposici\u00f3n","link":"https:\/\/www.eldigitaldeasturias.com\/noticias\/berlin-insta-a-yanukovich-a-satisfacer-las-demandas-de-la-oposicion\/"}],"_links":{"self":[{"href":"https:\/\/www.eldigitaldeasturias.com\/noticias\/wp-json\/wp\/v2\/posts\/481593","targetHints":{"allow":["GET"]}}],"collection":[{"href":"https:\/\/www.eldigitaldeasturias.com\/noticias\/wp-json\/wp\/v2\/posts"}],"about":[{"href":"https:\/\/www.eldigitaldeasturias.com\/noticias\/wp-json\/wp\/v2\/types\/post"}],"author":[{"embeddable":true,"href":"https:\/\/www.eldigitaldeasturias.com\/noticias\/wp-json\/wp\/v2\/users\/1"}],"replies":[{"embeddable":true,"href":"https:\/\/www.eldigitaldeasturias.com\/noticias\/wp-json\/wp\/v2\/comments?post=481593"}],"version-history":[{"count":0,"href":"https:\/\/www.eldigitaldeasturias.com\/noticias\/wp-json\/wp\/v2\/posts\/481593\/revisions"}],"wp:attachment":[{"href":"https:\/\/www.eldigitaldeasturias.com\/noticias\/wp-json\/wp\/v2\/media?parent=481593"}],"wp:term":[{"taxonomy":"category","embeddable":true,"href":"https:\/\/www.eldigitaldeasturias.com\/noticias\/wp-json\/wp\/v2\/categories?post=481593"},{"taxonomy":"post_tag","embeddable":true,"href":"https:\/\/www.eldigitaldeasturias.com\/noticias\/wp-json\/wp\/v2\/tags?post=481593"}],"curies":[{"name":"wp","href":"https:\/\/api.w.org\/{rel}","templated":true}]}}