{"id":481587,"date":"2014-02-01T11:53:06","date_gmt":"2014-02-01T12:53:06","guid":{"rendered":"http:\/\/www.eldigitaldeasturias.com\/noticias\/?p=481587"},"modified":"2014-02-01T11:53:06","modified_gmt":"2014-02-01T12:53:06","slug":"osasuna-cierra-mercado-de-fichajes-con-la-incorporacion-de-lobato-acuna-y-nino","status":"publish","type":"post","link":"https:\/\/www.eldigitaldeasturias.com\/noticias\/osasuna-cierra-mercado-de-fichajes-con-la-incorporacion-de-lobato-acuna-y-nino\/","title":{"rendered":"Osasuna cierra mercado de fichajes con la incorporaci\u00f3n de Lobato, Acu\u00f1a y Nino"},"content":{"rendered":"<p><img loading=\"lazy\" decoding=\"async\" class=\"alignleft size-medium wp-image-481588\" alt=\"5899369w\" src=\"https:\/\/www.eldigitaldeasturias.com\/noticias\/wp-content\/uploads\/2014\/02\/5899369w-360x255.jpg\" width=\"360\" height=\"255\" \/>Pamplona, 1 feb (EFE).- El Osasuna se ha reforzado con el fichaje de tres jugadores en el mercado de invierno, que se cerr\u00f3 anoche, al incorporar a su plantilla a Cristian Lobato, Javier Acu\u00f1a y a Juan Francisco Mart\u00ednez \u00abNino\u00bb.<\/p>\n<p>Cristian Lobato, fichado el 8 de enero con un contrato hasta el 30 de junio, lleg\u00f3 al club navarro sin coste alguno por traspaso, al encontrarse sin equipo, mientras que el delantero paraguayo Javier Acu\u00f1a lleg\u00f3 el 9 de enero en las mismas condiciones, procedente del club Udinese, propietario de sus derechos.<\/p>\n<p>Osasuna tramit\u00f3 anoche, \u00faltimo d\u00eda de plazo, el alta federativa en la Liga de F\u00fatbol Profesional de Juan Francisco Mart\u00ednez Modesto \u00abNino\u00bb, de forma que el delantero andaluz pasa a formar parte de la plantilla profesional de Osasuna hasta el pr\u00f3ximo 30 de junio de 2014.<\/p>\n<p>El jugador almeriense fue dado de baja por el club navarro al comienzo de la temporada, despu\u00e9s de que el pasado 12 de julio sufriera una rotura del ligamento cruzado anterior de su rodilla derecha. El delantero se ha recuperado de su lesi\u00f3n en Tajonar y lleva un mes entren\u00e1ndose con el resto de la plantilla.<\/p>\n<p>Por el contrario, Osasuna se ha desprendido durante el mercado de invierno de los jugadores Ariel N\u00fa\u00f1ez, que ha vuelto al Libertad de Asunci\u00f3n y anoche firm\u00f3 por el Brondby dan\u00e9s, y tambi\u00e9n de Ion Echaide, que esta semana ha sido cedido al H\u00e9rcules hasta el 30 de junio.<\/p>\n","protected":false},"excerpt":{"rendered":"<p>Pamplona, 1 feb (EFE).- El Osasuna se ha reforzado con el fichaje de tres jugadores en el mercado de invierno, que se cerr\u00f3 anoche, al incorporar a su plantilla a Cristian Lobato, Javier Acu\u00f1a y a Juan Francisco Mart\u00ednez \u00abNino\u00bb. Cristian Lobato, fichado el 8 de enero con un contrato hasta el 30 de junio, [&hellip;]<\/p>\n","protected":false},"author":1,"featured_media":481588,"comment_status":"closed","ping_status":"open","sticky":false,"template":"","format":"standard","meta":{"footnotes":""},"categories":[1],"tags":[],"class_list":["post-481587","post","type-post","status-publish","format-standard","has-post-thumbnail","hentry","category-actualidad"],"aioseo_notices":[],"aioseo_head":"\n\t\t<!-- All in One SEO Pro 5.0.1 - aioseo.com -->\n\t<meta name=\"description\" content=\"Pamplona, 1 feb (EFE).- El Osasuna se ha reforzado con el fichaje de tres jugadores en el mercado de invierno, que se cerr\u00f3 anoche, al incorporar a su plantilla a Cristian Lobato, Javier Acu\u00f1a y a Juan Francisco Mart\u00ednez &quot;Nino&quot;. Cristian Lobato, fichado el 8 de enero con un contrato hasta el 30 de junio,\" \/>\n\t<meta name=\"robots\" content=\"max-image-preview:large\" \/>\n\t<meta name=\"author\" content=\"El Digital de Asturias\"\/>\n\t<meta name=\"google-site-verification\" content=\"UA-38556648-1\" \/>\n\t<meta name=\"msvalidate.01\" content=\"7dfe9f3f1b24437ab69f4f2559babe99\" \/>\n\t<meta name=\"keywords\" content=\"actualidad\" \/>\n\t<link rel=\"canonical\" href=\"https:\/\/www.eldigitaldeasturias.com\/noticias\/osasuna-cierra-mercado-de-fichajes-con-la-incorporacion-de-lobato-acuna-y-nino\/\" \/>\n\t<meta name=\"generator\" content=\"All in One SEO Pro (AIOSEO) 5.0.1\" \/>\n\t\t<meta property=\"og:locale\" content=\"es_ES\" \/>\n\t\t<meta property=\"og:site_name\" content=\"El Digital de Asturias\" \/>\n\t\t<meta property=\"og:type\" content=\"article\" \/>\n\t\t<meta property=\"og:title\" content=\"Osasuna cierra mercado de fichajes con la incorporaci\u00f3n de Lobato, Acu\u00f1a y Nino - El Digital de Asturias\" \/>\n\t\t<meta property=\"og:description\" content=\"Pamplona, 1 feb (EFE).- El Osasuna se ha reforzado con el fichaje de tres jugadores en el mercado de invierno, que se cerr\u00f3 anoche, al incorporar a su plantilla a Cristian Lobato, Javier Acu\u00f1a y a Juan Francisco Mart\u00ednez &quot;Nino&quot;. Cristian Lobato, fichado el 8 de enero con un contrato hasta el 30 de junio,\" \/>\n\t\t<meta property=\"og:url\" content=\"https:\/\/www.eldigitaldeasturias.com\/noticias\/osasuna-cierra-mercado-de-fichajes-con-la-incorporacion-de-lobato-acuna-y-nino\/\" \/>\n\t\t<meta property=\"article:tag\" content=\"actualidad\" \/>\n\t\t<meta property=\"article:published_time\" content=\"2014-02-01T12:53:06+00:00\" \/>\n\t\t<meta property=\"article:modified_time\" content=\"2014-02-01T12:53:06+00:00\" \/>\n\t\t<meta property=\"article:publisher\" content=\"https:\/\/facebook.com\/eldigitaldeasturias\" \/>\n\t\t<meta name=\"twitter:card\" content=\"summary_large_image\" \/>\n\t\t<meta name=\"twitter:title\" content=\"Osasuna cierra mercado de fichajes con la incorporaci\u00f3n de Lobato, Acu\u00f1a y Nino - El Digital de Asturias\" \/>\n\t\t<meta name=\"twitter:description\" content=\"Pamplona, 1 feb (EFE).- El Osasuna se ha reforzado con el fichaje de tres jugadores en el mercado de invierno, que se cerr\u00f3 anoche, al incorporar a su plantilla a Cristian Lobato, Javier Acu\u00f1a y a Juan Francisco Mart\u00ednez &quot;Nino&quot;. Cristian Lobato, fichado el 8 de enero con un contrato hasta el 30 de junio,\" \/>\n\t\t<meta name=\"twitter:label1\" content=\"Escrito por\" \/>\n\t\t<meta name=\"twitter:data1\" content=\"El Digital de Asturias\" \/>\n\t\t<meta name=\"twitter:label2\" content=\"Tiempo de lectura estimado\" \/>\n\t\t<meta name=\"twitter:data2\" content=\"1 minuto\" \/>\n\t\t<script type=\"application\/ld+json\" class=\"aioseo-schema\">\n\t\t\t{\"@context\":\"https:\\\/\\\/schema.org\",\"@graph\":[{\"@type\":\"BlogPosting\",\"@id\":\"https:\\\/\\\/www.eldigitaldeasturias.com\\\/noticias\\\/osasuna-cierra-mercado-de-fichajes-con-la-incorporacion-de-lobato-acuna-y-nino\\\/#blogposting\",\"name\":\"Osasuna cierra mercado de fichajes con la incorporaci\\u00f3n de Lobato, Acu\\u00f1a y Nino - El Digital de Asturias\",\"headline\":\"Osasuna cierra mercado de fichajes con la incorporaci\\u00f3n de Lobato, Acu\\u00f1a y Nino\",\"author\":{\"@id\":\"https:\\\/\\\/www.eldigitaldeasturias.com\\\/noticias\\\/author\\\/admin\\\/#author\"},\"publisher\":{\"@id\":\"https:\\\/\\\/www.eldigitaldeasturias.com\\\/noticias\\\/#organization\"},\"image\":{\"@type\":\"ImageObject\",\"url\":481588},\"datePublished\":\"2014-02-01T11:53:06+01:00\",\"dateModified\":\"2014-02-01T11:53:06+01:00\",\"inLanguage\":\"es-ES\",\"mainEntityOfPage\":{\"@id\":\"https:\\\/\\\/www.eldigitaldeasturias.com\\\/noticias\\\/osasuna-cierra-mercado-de-fichajes-con-la-incorporacion-de-lobato-acuna-y-nino\\\/#webpage\"},\"isPartOf\":{\"@id\":\"https:\\\/\\\/www.eldigitaldeasturias.com\\\/noticias\\\/osasuna-cierra-mercado-de-fichajes-con-la-incorporacion-de-lobato-acuna-y-nino\\\/#webpage\"},\"articleSection\":\"Actualidad\"},{\"@type\":\"BreadcrumbList\",\"@id\":\"https:\\\/\\\/www.eldigitaldeasturias.com\\\/noticias\\\/osasuna-cierra-mercado-de-fichajes-con-la-incorporacion-de-lobato-acuna-y-nino\\\/#breadcrumblist\",\"itemListElement\":[{\"@type\":\"ListItem\",\"@id\":\"https:\\\/\\\/www.eldigitaldeasturias.com\\\/noticias#listItem\",\"position\":1,\"name\":\"Home\",\"item\":\"https:\\\/\\\/www.eldigitaldeasturias.com\\\/noticias\",\"nextItem\":{\"@type\":\"ListItem\",\"@id\":\"https:\\\/\\\/www.eldigitaldeasturias.com\\\/noticias\\\/category\\\/actualidad\\\/#listItem\",\"name\":\"Actualidad\"}},{\"@type\":\"ListItem\",\"@id\":\"https:\\\/\\\/www.eldigitaldeasturias.com\\\/noticias\\\/category\\\/actualidad\\\/#listItem\",\"position\":2,\"name\":\"Actualidad\",\"item\":\"https:\\\/\\\/www.eldigitaldeasturias.com\\\/noticias\\\/category\\\/actualidad\\\/\",\"nextItem\":{\"@type\":\"ListItem\",\"@id\":\"https:\\\/\\\/www.eldigitaldeasturias.com\\\/noticias\\\/osasuna-cierra-mercado-de-fichajes-con-la-incorporacion-de-lobato-acuna-y-nino\\\/#listItem\",\"name\":\"Osasuna cierra mercado de fichajes con la incorporaci\\u00f3n de Lobato, Acu\\u00f1a y Nino\"},\"previousItem\":{\"@type\":\"ListItem\",\"@id\":\"https:\\\/\\\/www.eldigitaldeasturias.com\\\/noticias#listItem\",\"name\":\"Home\"}},{\"@type\":\"ListItem\",\"@id\":\"https:\\\/\\\/www.eldigitaldeasturias.com\\\/noticias\\\/osasuna-cierra-mercado-de-fichajes-con-la-incorporacion-de-lobato-acuna-y-nino\\\/#listItem\",\"position\":3,\"name\":\"Osasuna cierra mercado de fichajes con la incorporaci\\u00f3n de Lobato, Acu\\u00f1a y Nino\",\"previousItem\":{\"@type\":\"ListItem\",\"@id\":\"https:\\\/\\\/www.eldigitaldeasturias.com\\\/noticias\\\/category\\\/actualidad\\\/#listItem\",\"name\":\"Actualidad\"}}]},{\"@type\":\"Organization\",\"@id\":\"https:\\\/\\\/www.eldigitaldeasturias.com\\\/noticias\\\/#organization\",\"name\":\"El Digital de Asturias\",\"description\":\"Hemeroteca\",\"url\":\"https:\\\/\\\/www.eldigitaldeasturias.com\\\/noticias\\\/\",\"email\":\"info@eldigitaldeasturias.com\",\"telephone\":\"+34652131393\",\"logo\":{\"@type\":\"ImageObject\",\"url\":\"https:\\\/\\\/www.eldigitaldeasturias.com\\\/noticias\\\/wp-content\\\/uploads\\\/2020\\\/12\\\/EDA.jpg\",\"@id\":\"https:\\\/\\\/www.eldigitaldeasturias.com\\\/noticias\\\/osasuna-cierra-mercado-de-fichajes-con-la-incorporacion-de-lobato-acuna-y-nino\\\/#organizationLogo\"},\"image\":{\"@id\":\"https:\\\/\\\/www.eldigitaldeasturias.com\\\/noticias\\\/osasuna-cierra-mercado-de-fichajes-con-la-incorporacion-de-lobato-acuna-y-nino\\\/#organizationLogo\"},\"sameAs\":[\"https:\\\/\\\/facebook.com\\\/eldigitaldeasturias\",\"https:\\\/\\\/www.youtube.com\\\/channel\\\/UCZP-2wLEB9Rv6erhFmqVnvg\"],\"address\":{\"@id\":\"https:\\\/\\\/www.eldigitaldeasturias.com\\\/noticias\\\/#postaladdress\",\"@type\":\"PostalAddress\",\"streetAddress\":\"san antonio 4\",\"postalCode\":\"33430\",\"addressLocality\":\"Cand\\u00e1s\",\"addressRegion\":\"Asturias\",\"addressCountry\":\"ES\"}},{\"@type\":\"Person\",\"@id\":\"https:\\\/\\\/www.eldigitaldeasturias.com\\\/noticias\\\/author\\\/admin\\\/#author\",\"url\":\"https:\\\/\\\/www.eldigitaldeasturias.com\\\/noticias\\\/author\\\/admin\\\/\",\"name\":\"El Digital de Asturias\",\"image\":{\"@type\":\"ImageObject\",\"@id\":\"https:\\\/\\\/www.eldigitaldeasturias.com\\\/noticias\\\/osasuna-cierra-mercado-de-fichajes-con-la-incorporacion-de-lobato-acuna-y-nino\\\/#authorImage\",\"url\":\"https:\\\/\\\/secure.gravatar.com\\\/avatar\\\/df2aeffc32bcd13f8d26072ef8a91b623d677766deac7f97ca815868cd41bf5e?s=96&d=mm&r=g\",\"width\":96,\"height\":96,\"caption\":\"El Digital de Asturias\"}},{\"@type\":\"WebPage\",\"@id\":\"https:\\\/\\\/www.eldigitaldeasturias.com\\\/noticias\\\/osasuna-cierra-mercado-de-fichajes-con-la-incorporacion-de-lobato-acuna-y-nino\\\/#webpage\",\"url\":\"https:\\\/\\\/www.eldigitaldeasturias.com\\\/noticias\\\/osasuna-cierra-mercado-de-fichajes-con-la-incorporacion-de-lobato-acuna-y-nino\\\/\",\"name\":\"Osasuna cierra mercado de fichajes con la incorporaci\\u00f3n de Lobato, Acu\\u00f1a y Nino - El Digital de Asturias\",\"description\":\"Pamplona, 1 feb (EFE).- El Osasuna se ha reforzado con el fichaje de tres jugadores en el mercado de invierno, que se cerr\\u00f3 anoche, al incorporar a su plantilla a Cristian Lobato, Javier Acu\\u00f1a y a Juan Francisco Mart\\u00ednez \\\"Nino\\\". Cristian Lobato, fichado el 8 de enero con un contrato hasta el 30 de junio,\",\"inLanguage\":\"es-ES\",\"isPartOf\":{\"@id\":\"https:\\\/\\\/www.eldigitaldeasturias.com\\\/noticias\\\/#website\"},\"breadcrumb\":{\"@id\":\"https:\\\/\\\/www.eldigitaldeasturias.com\\\/noticias\\\/osasuna-cierra-mercado-de-fichajes-con-la-incorporacion-de-lobato-acuna-y-nino\\\/#breadcrumblist\"},\"author\":{\"@id\":\"https:\\\/\\\/www.eldigitaldeasturias.com\\\/noticias\\\/author\\\/admin\\\/#author\"},\"creator\":{\"@id\":\"https:\\\/\\\/www.eldigitaldeasturias.com\\\/noticias\\\/author\\\/admin\\\/#author\"},\"image\":{\"@type\":\"ImageObject\",\"url\":481588,\"@id\":\"https:\\\/\\\/www.eldigitaldeasturias.com\\\/noticias\\\/osasuna-cierra-mercado-de-fichajes-con-la-incorporacion-de-lobato-acuna-y-nino\\\/#mainImage\"},\"primaryImageOfPage\":{\"@id\":\"https:\\\/\\\/www.eldigitaldeasturias.com\\\/noticias\\\/osasuna-cierra-mercado-de-fichajes-con-la-incorporacion-de-lobato-acuna-y-nino\\\/#mainImage\"},\"datePublished\":\"2014-02-01T11:53:06+01:00\",\"dateModified\":\"2014-02-01T11:53:06+01:00\"},{\"@type\":\"WebSite\",\"@id\":\"https:\\\/\\\/www.eldigitaldeasturias.com\\\/noticias\\\/#website\",\"url\":\"https:\\\/\\\/www.eldigitaldeasturias.com\\\/noticias\\\/\",\"name\":\"El Digital de Asturias - Diario de actualidad y noticias\",\"alternateName\":\"El Digital de Asturias - Diario de actualidad y noticias\",\"description\":\"Hemeroteca\",\"inLanguage\":\"es-ES\",\"publisher\":{\"@id\":\"https:\\\/\\\/www.eldigitaldeasturias.com\\\/noticias\\\/#organization\"}}]}\n\t\t<\/script>\n\t\t<!-- All in One SEO Pro -->\r\n\t\t<title>Osasuna cierra mercado de fichajes con la incorporaci\u00f3n de Lobato, Acu\u00f1a y Nino - El Digital de Asturias<\/title>\n\n","aioseo_head_json":{"title":"Osasuna cierra mercado de fichajes con la incorporaci\u00f3n de Lobato, Acu\u00f1a y Nino - El Digital de Asturias","description":"Pamplona, 1 feb (EFE).- El Osasuna se ha reforzado con el fichaje de tres jugadores en el mercado de invierno, que se cerr\u00f3 anoche, al incorporar a su plantilla a Cristian Lobato, Javier Acu\u00f1a y a Juan Francisco Mart\u00ednez \"Nino\". Cristian Lobato, fichado el 8 de enero con un contrato hasta el 30 de junio,","canonical_url":"https:\/\/www.eldigitaldeasturias.com\/noticias\/osasuna-cierra-mercado-de-fichajes-con-la-incorporacion-de-lobato-acuna-y-nino\/","robots":"max-image-preview:large","keywords":"actualidad","webmasterTools":{"google-site-verification":"UA-38556648-1","msvalidate.01":"7dfe9f3f1b24437ab69f4f2559babe99","miscellaneous":""},"schema":{"@context":"https:\/\/schema.org","@graph":[{"@type":"BlogPosting","@id":"https:\/\/www.eldigitaldeasturias.com\/noticias\/osasuna-cierra-mercado-de-fichajes-con-la-incorporacion-de-lobato-acuna-y-nino\/#blogposting","name":"Osasuna cierra mercado de fichajes con la incorporaci\u00f3n de Lobato, Acu\u00f1a y Nino - El Digital de Asturias","headline":"Osasuna cierra mercado de fichajes con la incorporaci\u00f3n de Lobato, Acu\u00f1a y Nino","author":{"@id":"https:\/\/www.eldigitaldeasturias.com\/noticias\/author\/admin\/#author"},"publisher":{"@id":"https:\/\/www.eldigitaldeasturias.com\/noticias\/#organization"},"image":{"@type":"ImageObject","url":481588},"datePublished":"2014-02-01T11:53:06+01:00","dateModified":"2014-02-01T11:53:06+01:00","inLanguage":"es-ES","mainEntityOfPage":{"@id":"https:\/\/www.eldigitaldeasturias.com\/noticias\/osasuna-cierra-mercado-de-fichajes-con-la-incorporacion-de-lobato-acuna-y-nino\/#webpage"},"isPartOf":{"@id":"https:\/\/www.eldigitaldeasturias.com\/noticias\/osasuna-cierra-mercado-de-fichajes-con-la-incorporacion-de-lobato-acuna-y-nino\/#webpage"},"articleSection":"Actualidad"},{"@type":"BreadcrumbList","@id":"https:\/\/www.eldigitaldeasturias.com\/noticias\/osasuna-cierra-mercado-de-fichajes-con-la-incorporacion-de-lobato-acuna-y-nino\/#breadcrumblist","itemListElement":[{"@type":"ListItem","@id":"https:\/\/www.eldigitaldeasturias.com\/noticias#listItem","position":1,"name":"Home","item":"https:\/\/www.eldigitaldeasturias.com\/noticias","nextItem":{"@type":"ListItem","@id":"https:\/\/www.eldigitaldeasturias.com\/noticias\/category\/actualidad\/#listItem","name":"Actualidad"}},{"@type":"ListItem","@id":"https:\/\/www.eldigitaldeasturias.com\/noticias\/category\/actualidad\/#listItem","position":2,"name":"Actualidad","item":"https:\/\/www.eldigitaldeasturias.com\/noticias\/category\/actualidad\/","nextItem":{"@type":"ListItem","@id":"https:\/\/www.eldigitaldeasturias.com\/noticias\/osasuna-cierra-mercado-de-fichajes-con-la-incorporacion-de-lobato-acuna-y-nino\/#listItem","name":"Osasuna cierra mercado de fichajes con la incorporaci\u00f3n de Lobato, Acu\u00f1a y Nino"},"previousItem":{"@type":"ListItem","@id":"https:\/\/www.eldigitaldeasturias.com\/noticias#listItem","name":"Home"}},{"@type":"ListItem","@id":"https:\/\/www.eldigitaldeasturias.com\/noticias\/osasuna-cierra-mercado-de-fichajes-con-la-incorporacion-de-lobato-acuna-y-nino\/#listItem","position":3,"name":"Osasuna cierra mercado de fichajes con la incorporaci\u00f3n de Lobato, Acu\u00f1a y Nino","previousItem":{"@type":"ListItem","@id":"https:\/\/www.eldigitaldeasturias.com\/noticias\/category\/actualidad\/#listItem","name":"Actualidad"}}]},{"@type":"Organization","@id":"https:\/\/www.eldigitaldeasturias.com\/noticias\/#organization","name":"El Digital de Asturias","description":"Hemeroteca","url":"https:\/\/www.eldigitaldeasturias.com\/noticias\/","email":"info@eldigitaldeasturias.com","telephone":"+34652131393","logo":{"@type":"ImageObject","url":"https:\/\/www.eldigitaldeasturias.com\/noticias\/wp-content\/uploads\/2020\/12\/EDA.jpg","@id":"https:\/\/www.eldigitaldeasturias.com\/noticias\/osasuna-cierra-mercado-de-fichajes-con-la-incorporacion-de-lobato-acuna-y-nino\/#organizationLogo"},"image":{"@id":"https:\/\/www.eldigitaldeasturias.com\/noticias\/osasuna-cierra-mercado-de-fichajes-con-la-incorporacion-de-lobato-acuna-y-nino\/#organizationLogo"},"sameAs":["https:\/\/facebook.com\/eldigitaldeasturias","https:\/\/www.youtube.com\/channel\/UCZP-2wLEB9Rv6erhFmqVnvg"],"address":{"@id":"https:\/\/www.eldigitaldeasturias.com\/noticias\/#postaladdress","@type":"PostalAddress","streetAddress":"san antonio 4","postalCode":"33430","addressLocality":"Cand\u00e1s","addressRegion":"Asturias","addressCountry":"ES"}},{"@type":"Person","@id":"https:\/\/www.eldigitaldeasturias.com\/noticias\/author\/admin\/#author","url":"https:\/\/www.eldigitaldeasturias.com\/noticias\/author\/admin\/","name":"El Digital de Asturias","image":{"@type":"ImageObject","@id":"https:\/\/www.eldigitaldeasturias.com\/noticias\/osasuna-cierra-mercado-de-fichajes-con-la-incorporacion-de-lobato-acuna-y-nino\/#authorImage","url":"https:\/\/secure.gravatar.com\/avatar\/df2aeffc32bcd13f8d26072ef8a91b623d677766deac7f97ca815868cd41bf5e?s=96&d=mm&r=g","width":96,"height":96,"caption":"El Digital de Asturias"}},{"@type":"WebPage","@id":"https:\/\/www.eldigitaldeasturias.com\/noticias\/osasuna-cierra-mercado-de-fichajes-con-la-incorporacion-de-lobato-acuna-y-nino\/#webpage","url":"https:\/\/www.eldigitaldeasturias.com\/noticias\/osasuna-cierra-mercado-de-fichajes-con-la-incorporacion-de-lobato-acuna-y-nino\/","name":"Osasuna cierra mercado de fichajes con la incorporaci\u00f3n de Lobato, Acu\u00f1a y Nino - El Digital de Asturias","description":"Pamplona, 1 feb (EFE).- El Osasuna se ha reforzado con el fichaje de tres jugadores en el mercado de invierno, que se cerr\u00f3 anoche, al incorporar a su plantilla a Cristian Lobato, Javier Acu\u00f1a y a Juan Francisco Mart\u00ednez \"Nino\". Cristian Lobato, fichado el 8 de enero con un contrato hasta el 30 de junio,","inLanguage":"es-ES","isPartOf":{"@id":"https:\/\/www.eldigitaldeasturias.com\/noticias\/#website"},"breadcrumb":{"@id":"https:\/\/www.eldigitaldeasturias.com\/noticias\/osasuna-cierra-mercado-de-fichajes-con-la-incorporacion-de-lobato-acuna-y-nino\/#breadcrumblist"},"author":{"@id":"https:\/\/www.eldigitaldeasturias.com\/noticias\/author\/admin\/#author"},"creator":{"@id":"https:\/\/www.eldigitaldeasturias.com\/noticias\/author\/admin\/#author"},"image":{"@type":"ImageObject","url":481588,"@id":"https:\/\/www.eldigitaldeasturias.com\/noticias\/osasuna-cierra-mercado-de-fichajes-con-la-incorporacion-de-lobato-acuna-y-nino\/#mainImage"},"primaryImageOfPage":{"@id":"https:\/\/www.eldigitaldeasturias.com\/noticias\/osasuna-cierra-mercado-de-fichajes-con-la-incorporacion-de-lobato-acuna-y-nino\/#mainImage"},"datePublished":"2014-02-01T11:53:06+01:00","dateModified":"2014-02-01T11:53:06+01:00"},{"@type":"WebSite","@id":"https:\/\/www.eldigitaldeasturias.com\/noticias\/#website","url":"https:\/\/www.eldigitaldeasturias.com\/noticias\/","name":"El Digital de Asturias - Diario de actualidad y noticias","alternateName":"El Digital de Asturias - Diario de actualidad y noticias","description":"Hemeroteca","inLanguage":"es-ES","publisher":{"@id":"https:\/\/www.eldigitaldeasturias.com\/noticias\/#organization"}}]},"og:locale":"es_ES","og:site_name":"El Digital de Asturias","og:type":"article","og:title":"Osasuna cierra mercado de fichajes con la incorporaci\u00f3n de Lobato, Acu\u00f1a y Nino - El Digital de Asturias","og:description":"Pamplona, 1 feb (EFE).- El Osasuna se ha reforzado con el fichaje de tres jugadores en el mercado de invierno, que se cerr\u00f3 anoche, al incorporar a su plantilla a Cristian Lobato, Javier Acu\u00f1a y a Juan Francisco Mart\u00ednez &quot;Nino&quot;. Cristian Lobato, fichado el 8 de enero con un contrato hasta el 30 de junio,","og:url":"https:\/\/www.eldigitaldeasturias.com\/noticias\/osasuna-cierra-mercado-de-fichajes-con-la-incorporacion-de-lobato-acuna-y-nino\/","article:tag":["actualidad"],"article:published_time":"2014-02-01T12:53:06+00:00","article:modified_time":"2014-02-01T12:53:06+00:00","article:publisher":"https:\/\/facebook.com\/eldigitaldeasturias","twitter:card":"summary_large_image","twitter:title":"Osasuna cierra mercado de fichajes con la incorporaci\u00f3n de Lobato, Acu\u00f1a y Nino - El Digital de Asturias","twitter:description":"Pamplona, 1 feb (EFE).- El Osasuna se ha reforzado con el fichaje de tres jugadores en el mercado de invierno, que se cerr\u00f3 anoche, al incorporar a su plantilla a Cristian Lobato, Javier Acu\u00f1a y a Juan Francisco Mart\u00ednez &quot;Nino&quot;. Cristian Lobato, fichado el 8 de enero con un contrato hasta el 30 de junio,","twitter:label1":"Escrito por","twitter:data1":"El Digital de Asturias","twitter:label2":"Tiempo de lectura estimado","twitter:data2":"1 minuto"},"aioseo_meta_data":{"post_id":"481587","title":null,"description":null,"keywords":null,"keyphrases":null,"primary_term":null,"canonical_url":null,"og_title":null,"og_description":null,"og_object_type":"default","og_image_type":"default","og_image_url":null,"og_image_width":null,"og_image_height":null,"og_image_custom_url":null,"og_image_custom_fields":null,"og_video":null,"og_custom_url":null,"og_article_section":null,"og_article_tags":null,"twitter_use_og":true,"twitter_card":"default","twitter_image_type":"default","twitter_image_url":null,"twitter_image_custom_url":null,"twitter_image_custom_fields":null,"twitter_title":null,"twitter_description":null,"schema":{"blockGraphs":[],"customGraphs":[],"default":{"data":{"Article":[],"Course":[],"Dataset":[],"FAQPage":[],"Movie":[],"Person":[],"Product":[],"ProductReview":[],"Car":[],"Recipe":[],"Service":[],"SoftwareApplication":[],"WebPage":[]},"graphName":"","isEnabled":true},"graphs":[],"defaultGraph":"","defaultPostTypeGraph":""},"schema_type":null,"schema_type_options":null,"pillar_content":false,"robots_default":true,"robots_noindex":false,"robots_noarchive":false,"robots_nosnippet":false,"robots_nofollow":false,"robots_noimageindex":false,"robots_noodp":false,"robots_notranslate":false,"robots_max_snippet":null,"robots_max_videopreview":null,"robots_max_imagepreview":"none","priority":null,"frequency":null,"local_seo":null,"seo_analyzer_scan_date":"2026-06-02 07:13:10","breadcrumb_settings":null,"limit_modified_date":false,"open_ai":null,"ai":null,"created":"2020-11-14 22:54:27","updated":"2026-06-02 07:13:10","focus_keyword":null,"additional_keywords":null,"truseo_locale":null},"aioseo_breadcrumb":"<div class=\"aioseo-breadcrumbs\"><span class=\"aioseo-breadcrumb\">\n\t<a href=\"https:\/\/www.eldigitaldeasturias.com\/noticias\" title=\"Home\">Home<\/a>\n<\/span><span class=\"aioseo-breadcrumb-separator\">\u2013<\/span><span class=\"aioseo-breadcrumb\">\n\t<a href=\"https:\/\/www.eldigitaldeasturias.com\/noticias\/category\/actualidad\/\" title=\"Actualidad\">Actualidad<\/a>\n<\/span><span class=\"aioseo-breadcrumb-separator\">\u2013<\/span><span class=\"aioseo-breadcrumb\">\n\t<a href=\"https:\/\/www.eldigitaldeasturias.com\/noticias\/osasuna-cierra-mercado-de-fichajes-con-la-incorporacion-de-lobato-acuna-y-nino\/\" title=\"Osasuna cierra mercado de fichajes con la incorporaci\u00f3n de Lobato, Acu\u00f1a y Nino\">Osasuna cierra mercado de fichajes con la incorporaci\u00f3n de Lobato, Acu\u00f1a y Nino<\/a>\n<\/span><\/div>","aioseo_breadcrumb_json":[{"label":"Home","link":"https:\/\/www.eldigitaldeasturias.com\/noticias"},{"label":"Actualidad","link":"https:\/\/www.eldigitaldeasturias.com\/noticias\/category\/actualidad\/"},{"label":"Osasuna cierra mercado de fichajes con la incorporaci\u00f3n de Lobato, Acu\u00f1a y Nino","link":"https:\/\/www.eldigitaldeasturias.com\/noticias\/osasuna-cierra-mercado-de-fichajes-con-la-incorporacion-de-lobato-acuna-y-nino\/"}],"_links":{"self":[{"href":"https:\/\/www.eldigitaldeasturias.com\/noticias\/wp-json\/wp\/v2\/posts\/481587","targetHints":{"allow":["GET"]}}],"collection":[{"href":"https:\/\/www.eldigitaldeasturias.com\/noticias\/wp-json\/wp\/v2\/posts"}],"about":[{"href":"https:\/\/www.eldigitaldeasturias.com\/noticias\/wp-json\/wp\/v2\/types\/post"}],"author":[{"embeddable":true,"href":"https:\/\/www.eldigitaldeasturias.com\/noticias\/wp-json\/wp\/v2\/users\/1"}],"replies":[{"embeddable":true,"href":"https:\/\/www.eldigitaldeasturias.com\/noticias\/wp-json\/wp\/v2\/comments?post=481587"}],"version-history":[{"count":0,"href":"https:\/\/www.eldigitaldeasturias.com\/noticias\/wp-json\/wp\/v2\/posts\/481587\/revisions"}],"wp:attachment":[{"href":"https:\/\/www.eldigitaldeasturias.com\/noticias\/wp-json\/wp\/v2\/media?parent=481587"}],"wp:term":[{"taxonomy":"category","embeddable":true,"href":"https:\/\/www.eldigitaldeasturias.com\/noticias\/wp-json\/wp\/v2\/categories?post=481587"},{"taxonomy":"post_tag","embeddable":true,"href":"https:\/\/www.eldigitaldeasturias.com\/noticias\/wp-json\/wp\/v2\/tags?post=481587"}],"curies":[{"name":"wp","href":"https:\/\/api.w.org\/{rel}","templated":true}]}}