{"id":481581,"date":"2014-02-01T11:50:46","date_gmt":"2014-02-01T12:50:46","guid":{"rendered":"http:\/\/www.eldigitaldeasturias.com\/noticias\/?p=481581"},"modified":"2014-02-01T11:50:46","modified_gmt":"2014-02-01T12:50:46","slug":"ashton-volvera-a-kiev-la-proxima-semana-donde-la-situacion-es-preocupante","status":"publish","type":"post","link":"https:\/\/www.eldigitaldeasturias.com\/noticias\/ashton-volvera-a-kiev-la-proxima-semana-donde-la-situacion-es-preocupante\/","title":{"rendered":"Ashton volver\u00e1 a Kiev la pr\u00f3xima semana, donde la situaci\u00f3n es \u00abpreocupante\u00bb"},"content":{"rendered":"<p><img loading=\"lazy\" decoding=\"async\" class=\"alignleft size-medium wp-image-481582\" alt=\"5899365w\" src=\"https:\/\/www.eldigitaldeasturias.com\/noticias\/wp-content\/uploads\/2014\/02\/5899365w-360x250.jpg\" width=\"360\" height=\"250\" \/>Bruselas, 1 feb (EFE).- La jefa de la diplomacia de la Uni\u00f3n Europea (UE), Catherine Ashton, ha anunciado que volver\u00e1 a viajar a Kiev la pr\u00f3xima semana, despu\u00e9s de constatar que la situaci\u00f3n es \u00abmuy preocupante\u00bb en Ucrania.<\/p>\n<p>Tras reunirse con los representantes de la oposici\u00f3n ucraniana en Munich (Alemania) este viernes, al margen de la Conferencia de Seguridad de Munich, Ashton afirm\u00f3 esta medianoche en un comunicado que regresar\u00e1 a la capital ucraniana la pr\u00f3xima semana \u00aben nombre de la Uni\u00f3n Europea\u00bb.<\/p>\n<p>Ashton indic\u00f3 que mantuvo una \u00abdiscusi\u00f3n en profundidad sobre la situaci\u00f3n en Ucrania\u00bb con los representantes de la oposici\u00f3n.<\/p>\n<p>La alta representante de la UE se mostr\u00f3 \u00abprofundamente alarmada por la violencia y los casos de intimidaci\u00f3n y tortura\u00bb, y asegur\u00f3 estar \u00abparticularmente consternada por el trato cruel y la tortura\u00bb sufrida por el opositor Dmytro Bulatov.<\/p>\n<p>Bulatov, uno de los l\u00edderes del grupo opositor \u00abAutomaid\u00e1n\u00bb que organiza caravanas de veh\u00edculos para realizar escraches, reapareci\u00f3 el pasado jueves despu\u00e9s de estar desaparecido durante una semana con numerosos signos de violencia, como navajazos en el rostro y en el cuerpo, as\u00ed como cortes en una oreja.<\/p>\n<p>La jefa de la diplomacia comunitaria se mostr\u00f3 tambi\u00e9n especialmente preocupada por las informaciones que apuntan a que se habr\u00eda intentado arrestar a Bulatov mientras contin\u00faa hospitalizado.<\/p>\n<p>\u00abEsto es completamente inaceptable y debe parar de manera inmediata\u00bb, dijo.<\/p>\n<p>Ashton viaj\u00f3 a Kiev esta semana para reunirse con las autoridades, la oposici\u00f3n y la sociedad civil de Ucrania, con vistas a continuar los esfuerzos de mediaci\u00f3n de la UE en el conflicto y fomentar que las partes logren una salida negociada y pac\u00edfica a la crisis.<\/p>\n","protected":false},"excerpt":{"rendered":"<p>Bruselas, 1 feb (EFE).- La jefa de la diplomacia de la Uni\u00f3n Europea (UE), Catherine Ashton, ha anunciado que volver\u00e1 a viajar a Kiev la pr\u00f3xima semana, despu\u00e9s de constatar que la situaci\u00f3n es \u00abmuy preocupante\u00bb en Ucrania. Tras reunirse con los representantes de la oposici\u00f3n ucraniana en Munich (Alemania) este viernes, al margen de [&hellip;]<\/p>\n","protected":false},"author":1,"featured_media":481582,"comment_status":"closed","ping_status":"open","sticky":false,"template":"","format":"standard","meta":{"footnotes":""},"categories":[1],"tags":[],"class_list":["post-481581","post","type-post","status-publish","format-standard","has-post-thumbnail","hentry","category-actualidad"],"aioseo_notices":[],"aioseo_head":"\n\t\t<!-- All in One SEO Pro 5.0.1 - aioseo.com -->\n\t<meta name=\"description\" content=\"Bruselas, 1 feb (EFE).- La jefa de la diplomacia de la Uni\u00f3n Europea (UE), Catherine Ashton, ha anunciado que volver\u00e1 a viajar a Kiev la pr\u00f3xima semana, despu\u00e9s de constatar que la situaci\u00f3n es &quot;muy preocupante&quot; en Ucrania. Tras reunirse con los representantes de la oposici\u00f3n ucraniana en Munich (Alemania) este viernes, al margen de\" \/>\n\t<meta name=\"robots\" content=\"max-image-preview:large\" \/>\n\t<meta name=\"author\" content=\"El Digital de Asturias\"\/>\n\t<meta name=\"google-site-verification\" content=\"UA-38556648-1\" \/>\n\t<meta name=\"msvalidate.01\" content=\"7dfe9f3f1b24437ab69f4f2559babe99\" \/>\n\t<meta name=\"keywords\" content=\"actualidad\" \/>\n\t<link rel=\"canonical\" href=\"https:\/\/www.eldigitaldeasturias.com\/noticias\/ashton-volvera-a-kiev-la-proxima-semana-donde-la-situacion-es-preocupante\/\" \/>\n\t<meta name=\"generator\" content=\"All in One SEO Pro (AIOSEO) 5.0.1\" \/>\n\t\t<meta property=\"og:locale\" content=\"es_ES\" \/>\n\t\t<meta property=\"og:site_name\" content=\"El Digital de Asturias\" \/>\n\t\t<meta property=\"og:type\" content=\"article\" \/>\n\t\t<meta property=\"og:title\" content=\"Ashton volver\u00e1 a Kiev la pr\u00f3xima semana, donde la situaci\u00f3n es \u00abpreocupante\u00bb - El Digital de Asturias\" \/>\n\t\t<meta property=\"og:description\" content=\"Bruselas, 1 feb (EFE).- La jefa de la diplomacia de la Uni\u00f3n Europea (UE), Catherine Ashton, ha anunciado que volver\u00e1 a viajar a Kiev la pr\u00f3xima semana, despu\u00e9s de constatar que la situaci\u00f3n es &quot;muy preocupante&quot; en Ucrania. Tras reunirse con los representantes de la oposici\u00f3n ucraniana en Munich (Alemania) este viernes, al margen de\" \/>\n\t\t<meta property=\"og:url\" content=\"https:\/\/www.eldigitaldeasturias.com\/noticias\/ashton-volvera-a-kiev-la-proxima-semana-donde-la-situacion-es-preocupante\/\" \/>\n\t\t<meta property=\"article:tag\" content=\"actualidad\" \/>\n\t\t<meta property=\"article:published_time\" content=\"2014-02-01T12:50:46+00:00\" \/>\n\t\t<meta property=\"article:modified_time\" content=\"2014-02-01T12:50:46+00:00\" \/>\n\t\t<meta property=\"article:publisher\" content=\"https:\/\/facebook.com\/eldigitaldeasturias\" \/>\n\t\t<meta name=\"twitter:card\" content=\"summary_large_image\" \/>\n\t\t<meta name=\"twitter:title\" content=\"Ashton volver\u00e1 a Kiev la pr\u00f3xima semana, donde la situaci\u00f3n es \u00abpreocupante\u00bb - El Digital de Asturias\" \/>\n\t\t<meta name=\"twitter:description\" content=\"Bruselas, 1 feb (EFE).- La jefa de la diplomacia de la Uni\u00f3n Europea (UE), Catherine Ashton, ha anunciado que volver\u00e1 a viajar a Kiev la pr\u00f3xima semana, despu\u00e9s de constatar que la situaci\u00f3n es &quot;muy preocupante&quot; en Ucrania. Tras reunirse con los representantes de la oposici\u00f3n ucraniana en Munich (Alemania) este viernes, al margen de\" \/>\n\t\t<meta name=\"twitter:label1\" content=\"Escrito por\" \/>\n\t\t<meta name=\"twitter:data1\" content=\"El Digital de Asturias\" \/>\n\t\t<meta name=\"twitter:label2\" content=\"Tiempo de lectura estimado\" \/>\n\t\t<meta name=\"twitter:data2\" content=\"1 minuto\" \/>\n\t\t<script type=\"application\/ld+json\" class=\"aioseo-schema\">\n\t\t\t{\"@context\":\"https:\\\/\\\/schema.org\",\"@graph\":[{\"@type\":\"BlogPosting\",\"@id\":\"https:\\\/\\\/www.eldigitaldeasturias.com\\\/noticias\\\/ashton-volvera-a-kiev-la-proxima-semana-donde-la-situacion-es-preocupante\\\/#blogposting\",\"name\":\"Ashton volver\\u00e1 a Kiev la pr\\u00f3xima semana, donde la situaci\\u00f3n es \\u00abpreocupante\\u00bb - El Digital de Asturias\",\"headline\":\"Ashton volver\\u00e1 a Kiev la pr\\u00f3xima semana, donde la situaci\\u00f3n es \\u00abpreocupante\\u00bb\",\"author\":{\"@id\":\"https:\\\/\\\/www.eldigitaldeasturias.com\\\/noticias\\\/author\\\/admin\\\/#author\"},\"publisher\":{\"@id\":\"https:\\\/\\\/www.eldigitaldeasturias.com\\\/noticias\\\/#organization\"},\"image\":{\"@type\":\"ImageObject\",\"url\":481582},\"datePublished\":\"2014-02-01T11:50:46+01:00\",\"dateModified\":\"2014-02-01T11:50:46+01:00\",\"inLanguage\":\"es-ES\",\"mainEntityOfPage\":{\"@id\":\"https:\\\/\\\/www.eldigitaldeasturias.com\\\/noticias\\\/ashton-volvera-a-kiev-la-proxima-semana-donde-la-situacion-es-preocupante\\\/#webpage\"},\"isPartOf\":{\"@id\":\"https:\\\/\\\/www.eldigitaldeasturias.com\\\/noticias\\\/ashton-volvera-a-kiev-la-proxima-semana-donde-la-situacion-es-preocupante\\\/#webpage\"},\"articleSection\":\"Actualidad\"},{\"@type\":\"BreadcrumbList\",\"@id\":\"https:\\\/\\\/www.eldigitaldeasturias.com\\\/noticias\\\/ashton-volvera-a-kiev-la-proxima-semana-donde-la-situacion-es-preocupante\\\/#breadcrumblist\",\"itemListElement\":[{\"@type\":\"ListItem\",\"@id\":\"https:\\\/\\\/www.eldigitaldeasturias.com\\\/noticias#listItem\",\"position\":1,\"name\":\"Home\",\"item\":\"https:\\\/\\\/www.eldigitaldeasturias.com\\\/noticias\",\"nextItem\":{\"@type\":\"ListItem\",\"@id\":\"https:\\\/\\\/www.eldigitaldeasturias.com\\\/noticias\\\/category\\\/actualidad\\\/#listItem\",\"name\":\"Actualidad\"}},{\"@type\":\"ListItem\",\"@id\":\"https:\\\/\\\/www.eldigitaldeasturias.com\\\/noticias\\\/category\\\/actualidad\\\/#listItem\",\"position\":2,\"name\":\"Actualidad\",\"item\":\"https:\\\/\\\/www.eldigitaldeasturias.com\\\/noticias\\\/category\\\/actualidad\\\/\",\"nextItem\":{\"@type\":\"ListItem\",\"@id\":\"https:\\\/\\\/www.eldigitaldeasturias.com\\\/noticias\\\/ashton-volvera-a-kiev-la-proxima-semana-donde-la-situacion-es-preocupante\\\/#listItem\",\"name\":\"Ashton volver\\u00e1 a Kiev la pr\\u00f3xima semana, donde la situaci\\u00f3n es \\u00abpreocupante\\u00bb\"},\"previousItem\":{\"@type\":\"ListItem\",\"@id\":\"https:\\\/\\\/www.eldigitaldeasturias.com\\\/noticias#listItem\",\"name\":\"Home\"}},{\"@type\":\"ListItem\",\"@id\":\"https:\\\/\\\/www.eldigitaldeasturias.com\\\/noticias\\\/ashton-volvera-a-kiev-la-proxima-semana-donde-la-situacion-es-preocupante\\\/#listItem\",\"position\":3,\"name\":\"Ashton volver\\u00e1 a Kiev la pr\\u00f3xima semana, donde la situaci\\u00f3n es \\u00abpreocupante\\u00bb\",\"previousItem\":{\"@type\":\"ListItem\",\"@id\":\"https:\\\/\\\/www.eldigitaldeasturias.com\\\/noticias\\\/category\\\/actualidad\\\/#listItem\",\"name\":\"Actualidad\"}}]},{\"@type\":\"Organization\",\"@id\":\"https:\\\/\\\/www.eldigitaldeasturias.com\\\/noticias\\\/#organization\",\"name\":\"El Digital de Asturias\",\"description\":\"Hemeroteca\",\"url\":\"https:\\\/\\\/www.eldigitaldeasturias.com\\\/noticias\\\/\",\"email\":\"info@eldigitaldeasturias.com\",\"telephone\":\"+34652131393\",\"logo\":{\"@type\":\"ImageObject\",\"url\":\"https:\\\/\\\/www.eldigitaldeasturias.com\\\/noticias\\\/wp-content\\\/uploads\\\/2020\\\/12\\\/EDA.jpg\",\"@id\":\"https:\\\/\\\/www.eldigitaldeasturias.com\\\/noticias\\\/ashton-volvera-a-kiev-la-proxima-semana-donde-la-situacion-es-preocupante\\\/#organizationLogo\"},\"image\":{\"@id\":\"https:\\\/\\\/www.eldigitaldeasturias.com\\\/noticias\\\/ashton-volvera-a-kiev-la-proxima-semana-donde-la-situacion-es-preocupante\\\/#organizationLogo\"},\"sameAs\":[\"https:\\\/\\\/facebook.com\\\/eldigitaldeasturias\",\"https:\\\/\\\/www.youtube.com\\\/channel\\\/UCZP-2wLEB9Rv6erhFmqVnvg\"],\"address\":{\"@id\":\"https:\\\/\\\/www.eldigitaldeasturias.com\\\/noticias\\\/#postaladdress\",\"@type\":\"PostalAddress\",\"streetAddress\":\"san antonio 4\",\"postalCode\":\"33430\",\"addressLocality\":\"Cand\\u00e1s\",\"addressRegion\":\"Asturias\",\"addressCountry\":\"ES\"}},{\"@type\":\"Person\",\"@id\":\"https:\\\/\\\/www.eldigitaldeasturias.com\\\/noticias\\\/author\\\/admin\\\/#author\",\"url\":\"https:\\\/\\\/www.eldigitaldeasturias.com\\\/noticias\\\/author\\\/admin\\\/\",\"name\":\"El Digital de Asturias\",\"image\":{\"@type\":\"ImageObject\",\"@id\":\"https:\\\/\\\/www.eldigitaldeasturias.com\\\/noticias\\\/ashton-volvera-a-kiev-la-proxima-semana-donde-la-situacion-es-preocupante\\\/#authorImage\",\"url\":\"https:\\\/\\\/secure.gravatar.com\\\/avatar\\\/df2aeffc32bcd13f8d26072ef8a91b623d677766deac7f97ca815868cd41bf5e?s=96&d=mm&r=g\",\"width\":96,\"height\":96,\"caption\":\"El Digital de Asturias\"}},{\"@type\":\"WebPage\",\"@id\":\"https:\\\/\\\/www.eldigitaldeasturias.com\\\/noticias\\\/ashton-volvera-a-kiev-la-proxima-semana-donde-la-situacion-es-preocupante\\\/#webpage\",\"url\":\"https:\\\/\\\/www.eldigitaldeasturias.com\\\/noticias\\\/ashton-volvera-a-kiev-la-proxima-semana-donde-la-situacion-es-preocupante\\\/\",\"name\":\"Ashton volver\\u00e1 a Kiev la pr\\u00f3xima semana, donde la situaci\\u00f3n es \\u00abpreocupante\\u00bb - El Digital de Asturias\",\"description\":\"Bruselas, 1 feb (EFE).- La jefa de la diplomacia de la Uni\\u00f3n Europea (UE), Catherine Ashton, ha anunciado que volver\\u00e1 a viajar a Kiev la pr\\u00f3xima semana, despu\\u00e9s de constatar que la situaci\\u00f3n es \\\"muy preocupante\\\" en Ucrania. Tras reunirse con los representantes de la oposici\\u00f3n ucraniana en Munich (Alemania) este viernes, al margen de\",\"inLanguage\":\"es-ES\",\"isPartOf\":{\"@id\":\"https:\\\/\\\/www.eldigitaldeasturias.com\\\/noticias\\\/#website\"},\"breadcrumb\":{\"@id\":\"https:\\\/\\\/www.eldigitaldeasturias.com\\\/noticias\\\/ashton-volvera-a-kiev-la-proxima-semana-donde-la-situacion-es-preocupante\\\/#breadcrumblist\"},\"author\":{\"@id\":\"https:\\\/\\\/www.eldigitaldeasturias.com\\\/noticias\\\/author\\\/admin\\\/#author\"},\"creator\":{\"@id\":\"https:\\\/\\\/www.eldigitaldeasturias.com\\\/noticias\\\/author\\\/admin\\\/#author\"},\"image\":{\"@type\":\"ImageObject\",\"url\":481582,\"@id\":\"https:\\\/\\\/www.eldigitaldeasturias.com\\\/noticias\\\/ashton-volvera-a-kiev-la-proxima-semana-donde-la-situacion-es-preocupante\\\/#mainImage\"},\"primaryImageOfPage\":{\"@id\":\"https:\\\/\\\/www.eldigitaldeasturias.com\\\/noticias\\\/ashton-volvera-a-kiev-la-proxima-semana-donde-la-situacion-es-preocupante\\\/#mainImage\"},\"datePublished\":\"2014-02-01T11:50:46+01:00\",\"dateModified\":\"2014-02-01T11:50:46+01:00\"},{\"@type\":\"WebSite\",\"@id\":\"https:\\\/\\\/www.eldigitaldeasturias.com\\\/noticias\\\/#website\",\"url\":\"https:\\\/\\\/www.eldigitaldeasturias.com\\\/noticias\\\/\",\"name\":\"El Digital de Asturias - Diario de actualidad y noticias\",\"alternateName\":\"El Digital de Asturias - Diario de actualidad y noticias\",\"description\":\"Hemeroteca\",\"inLanguage\":\"es-ES\",\"publisher\":{\"@id\":\"https:\\\/\\\/www.eldigitaldeasturias.com\\\/noticias\\\/#organization\"}}]}\n\t\t<\/script>\n\t\t<!-- All in One SEO Pro -->\r\n\t\t<title>Ashton volver\u00e1 a Kiev la pr\u00f3xima semana, donde la situaci\u00f3n es \u00abpreocupante\u00bb - El Digital de Asturias<\/title>\n\n","aioseo_head_json":{"title":"Ashton volver\u00e1 a Kiev la pr\u00f3xima semana, donde la situaci\u00f3n es \u00abpreocupante\u00bb - El Digital de Asturias","description":"Bruselas, 1 feb (EFE).- La jefa de la diplomacia de la Uni\u00f3n Europea (UE), Catherine Ashton, ha anunciado que volver\u00e1 a viajar a Kiev la pr\u00f3xima semana, despu\u00e9s de constatar que la situaci\u00f3n es \"muy preocupante\" en Ucrania. Tras reunirse con los representantes de la oposici\u00f3n ucraniana en Munich (Alemania) este viernes, al margen de","canonical_url":"https:\/\/www.eldigitaldeasturias.com\/noticias\/ashton-volvera-a-kiev-la-proxima-semana-donde-la-situacion-es-preocupante\/","robots":"max-image-preview:large","keywords":"actualidad","webmasterTools":{"google-site-verification":"UA-38556648-1","msvalidate.01":"7dfe9f3f1b24437ab69f4f2559babe99","miscellaneous":""},"schema":{"@context":"https:\/\/schema.org","@graph":[{"@type":"BlogPosting","@id":"https:\/\/www.eldigitaldeasturias.com\/noticias\/ashton-volvera-a-kiev-la-proxima-semana-donde-la-situacion-es-preocupante\/#blogposting","name":"Ashton volver\u00e1 a Kiev la pr\u00f3xima semana, donde la situaci\u00f3n es \u00abpreocupante\u00bb - El Digital de Asturias","headline":"Ashton volver\u00e1 a Kiev la pr\u00f3xima semana, donde la situaci\u00f3n es \u00abpreocupante\u00bb","author":{"@id":"https:\/\/www.eldigitaldeasturias.com\/noticias\/author\/admin\/#author"},"publisher":{"@id":"https:\/\/www.eldigitaldeasturias.com\/noticias\/#organization"},"image":{"@type":"ImageObject","url":481582},"datePublished":"2014-02-01T11:50:46+01:00","dateModified":"2014-02-01T11:50:46+01:00","inLanguage":"es-ES","mainEntityOfPage":{"@id":"https:\/\/www.eldigitaldeasturias.com\/noticias\/ashton-volvera-a-kiev-la-proxima-semana-donde-la-situacion-es-preocupante\/#webpage"},"isPartOf":{"@id":"https:\/\/www.eldigitaldeasturias.com\/noticias\/ashton-volvera-a-kiev-la-proxima-semana-donde-la-situacion-es-preocupante\/#webpage"},"articleSection":"Actualidad"},{"@type":"BreadcrumbList","@id":"https:\/\/www.eldigitaldeasturias.com\/noticias\/ashton-volvera-a-kiev-la-proxima-semana-donde-la-situacion-es-preocupante\/#breadcrumblist","itemListElement":[{"@type":"ListItem","@id":"https:\/\/www.eldigitaldeasturias.com\/noticias#listItem","position":1,"name":"Home","item":"https:\/\/www.eldigitaldeasturias.com\/noticias","nextItem":{"@type":"ListItem","@id":"https:\/\/www.eldigitaldeasturias.com\/noticias\/category\/actualidad\/#listItem","name":"Actualidad"}},{"@type":"ListItem","@id":"https:\/\/www.eldigitaldeasturias.com\/noticias\/category\/actualidad\/#listItem","position":2,"name":"Actualidad","item":"https:\/\/www.eldigitaldeasturias.com\/noticias\/category\/actualidad\/","nextItem":{"@type":"ListItem","@id":"https:\/\/www.eldigitaldeasturias.com\/noticias\/ashton-volvera-a-kiev-la-proxima-semana-donde-la-situacion-es-preocupante\/#listItem","name":"Ashton volver\u00e1 a Kiev la pr\u00f3xima semana, donde la situaci\u00f3n es \u00abpreocupante\u00bb"},"previousItem":{"@type":"ListItem","@id":"https:\/\/www.eldigitaldeasturias.com\/noticias#listItem","name":"Home"}},{"@type":"ListItem","@id":"https:\/\/www.eldigitaldeasturias.com\/noticias\/ashton-volvera-a-kiev-la-proxima-semana-donde-la-situacion-es-preocupante\/#listItem","position":3,"name":"Ashton volver\u00e1 a Kiev la pr\u00f3xima semana, donde la situaci\u00f3n es \u00abpreocupante\u00bb","previousItem":{"@type":"ListItem","@id":"https:\/\/www.eldigitaldeasturias.com\/noticias\/category\/actualidad\/#listItem","name":"Actualidad"}}]},{"@type":"Organization","@id":"https:\/\/www.eldigitaldeasturias.com\/noticias\/#organization","name":"El Digital de Asturias","description":"Hemeroteca","url":"https:\/\/www.eldigitaldeasturias.com\/noticias\/","email":"info@eldigitaldeasturias.com","telephone":"+34652131393","logo":{"@type":"ImageObject","url":"https:\/\/www.eldigitaldeasturias.com\/noticias\/wp-content\/uploads\/2020\/12\/EDA.jpg","@id":"https:\/\/www.eldigitaldeasturias.com\/noticias\/ashton-volvera-a-kiev-la-proxima-semana-donde-la-situacion-es-preocupante\/#organizationLogo"},"image":{"@id":"https:\/\/www.eldigitaldeasturias.com\/noticias\/ashton-volvera-a-kiev-la-proxima-semana-donde-la-situacion-es-preocupante\/#organizationLogo"},"sameAs":["https:\/\/facebook.com\/eldigitaldeasturias","https:\/\/www.youtube.com\/channel\/UCZP-2wLEB9Rv6erhFmqVnvg"],"address":{"@id":"https:\/\/www.eldigitaldeasturias.com\/noticias\/#postaladdress","@type":"PostalAddress","streetAddress":"san antonio 4","postalCode":"33430","addressLocality":"Cand\u00e1s","addressRegion":"Asturias","addressCountry":"ES"}},{"@type":"Person","@id":"https:\/\/www.eldigitaldeasturias.com\/noticias\/author\/admin\/#author","url":"https:\/\/www.eldigitaldeasturias.com\/noticias\/author\/admin\/","name":"El Digital de Asturias","image":{"@type":"ImageObject","@id":"https:\/\/www.eldigitaldeasturias.com\/noticias\/ashton-volvera-a-kiev-la-proxima-semana-donde-la-situacion-es-preocupante\/#authorImage","url":"https:\/\/secure.gravatar.com\/avatar\/df2aeffc32bcd13f8d26072ef8a91b623d677766deac7f97ca815868cd41bf5e?s=96&d=mm&r=g","width":96,"height":96,"caption":"El Digital de Asturias"}},{"@type":"WebPage","@id":"https:\/\/www.eldigitaldeasturias.com\/noticias\/ashton-volvera-a-kiev-la-proxima-semana-donde-la-situacion-es-preocupante\/#webpage","url":"https:\/\/www.eldigitaldeasturias.com\/noticias\/ashton-volvera-a-kiev-la-proxima-semana-donde-la-situacion-es-preocupante\/","name":"Ashton volver\u00e1 a Kiev la pr\u00f3xima semana, donde la situaci\u00f3n es \u00abpreocupante\u00bb - El Digital de Asturias","description":"Bruselas, 1 feb (EFE).- La jefa de la diplomacia de la Uni\u00f3n Europea (UE), Catherine Ashton, ha anunciado que volver\u00e1 a viajar a Kiev la pr\u00f3xima semana, despu\u00e9s de constatar que la situaci\u00f3n es \"muy preocupante\" en Ucrania. Tras reunirse con los representantes de la oposici\u00f3n ucraniana en Munich (Alemania) este viernes, al margen de","inLanguage":"es-ES","isPartOf":{"@id":"https:\/\/www.eldigitaldeasturias.com\/noticias\/#website"},"breadcrumb":{"@id":"https:\/\/www.eldigitaldeasturias.com\/noticias\/ashton-volvera-a-kiev-la-proxima-semana-donde-la-situacion-es-preocupante\/#breadcrumblist"},"author":{"@id":"https:\/\/www.eldigitaldeasturias.com\/noticias\/author\/admin\/#author"},"creator":{"@id":"https:\/\/www.eldigitaldeasturias.com\/noticias\/author\/admin\/#author"},"image":{"@type":"ImageObject","url":481582,"@id":"https:\/\/www.eldigitaldeasturias.com\/noticias\/ashton-volvera-a-kiev-la-proxima-semana-donde-la-situacion-es-preocupante\/#mainImage"},"primaryImageOfPage":{"@id":"https:\/\/www.eldigitaldeasturias.com\/noticias\/ashton-volvera-a-kiev-la-proxima-semana-donde-la-situacion-es-preocupante\/#mainImage"},"datePublished":"2014-02-01T11:50:46+01:00","dateModified":"2014-02-01T11:50:46+01:00"},{"@type":"WebSite","@id":"https:\/\/www.eldigitaldeasturias.com\/noticias\/#website","url":"https:\/\/www.eldigitaldeasturias.com\/noticias\/","name":"El Digital de Asturias - Diario de actualidad y noticias","alternateName":"El Digital de Asturias - Diario de actualidad y noticias","description":"Hemeroteca","inLanguage":"es-ES","publisher":{"@id":"https:\/\/www.eldigitaldeasturias.com\/noticias\/#organization"}}]},"og:locale":"es_ES","og:site_name":"El Digital de Asturias","og:type":"article","og:title":"Ashton volver\u00e1 a Kiev la pr\u00f3xima semana, donde la situaci\u00f3n es \u00abpreocupante\u00bb - El Digital de Asturias","og:description":"Bruselas, 1 feb (EFE).- La jefa de la diplomacia de la Uni\u00f3n Europea (UE), Catherine Ashton, ha anunciado que volver\u00e1 a viajar a Kiev la pr\u00f3xima semana, despu\u00e9s de constatar que la situaci\u00f3n es &quot;muy preocupante&quot; en Ucrania. Tras reunirse con los representantes de la oposici\u00f3n ucraniana en Munich (Alemania) este viernes, al margen de","og:url":"https:\/\/www.eldigitaldeasturias.com\/noticias\/ashton-volvera-a-kiev-la-proxima-semana-donde-la-situacion-es-preocupante\/","article:tag":["actualidad"],"article:published_time":"2014-02-01T12:50:46+00:00","article:modified_time":"2014-02-01T12:50:46+00:00","article:publisher":"https:\/\/facebook.com\/eldigitaldeasturias","twitter:card":"summary_large_image","twitter:title":"Ashton volver\u00e1 a Kiev la pr\u00f3xima semana, donde la situaci\u00f3n es \u00abpreocupante\u00bb - El Digital de Asturias","twitter:description":"Bruselas, 1 feb (EFE).- La jefa de la diplomacia de la Uni\u00f3n Europea (UE), Catherine Ashton, ha anunciado que volver\u00e1 a viajar a Kiev la pr\u00f3xima semana, despu\u00e9s de constatar que la situaci\u00f3n es &quot;muy preocupante&quot; en Ucrania. Tras reunirse con los representantes de la oposici\u00f3n ucraniana en Munich (Alemania) este viernes, al margen de","twitter:label1":"Escrito por","twitter:data1":"El Digital de Asturias","twitter:label2":"Tiempo de lectura estimado","twitter:data2":"1 minuto"},"aioseo_meta_data":{"post_id":"481581","title":null,"description":null,"keywords":null,"keyphrases":null,"primary_term":null,"canonical_url":null,"og_title":null,"og_description":null,"og_object_type":"default","og_image_type":"default","og_image_url":null,"og_image_width":null,"og_image_height":null,"og_image_custom_url":null,"og_image_custom_fields":null,"og_video":null,"og_custom_url":null,"og_article_section":null,"og_article_tags":null,"twitter_use_og":true,"twitter_card":"default","twitter_image_type":"default","twitter_image_url":null,"twitter_image_custom_url":null,"twitter_image_custom_fields":null,"twitter_title":null,"twitter_description":null,"schema":{"blockGraphs":[],"customGraphs":[],"default":{"data":{"Article":[],"Course":[],"Dataset":[],"FAQPage":[],"Movie":[],"Person":[],"Product":[],"ProductReview":[],"Car":[],"Recipe":[],"Service":[],"SoftwareApplication":[],"WebPage":[]},"graphName":"","isEnabled":true},"graphs":[],"defaultGraph":"","defaultPostTypeGraph":""},"schema_type":null,"schema_type_options":null,"pillar_content":false,"robots_default":true,"robots_noindex":false,"robots_noarchive":false,"robots_nosnippet":false,"robots_nofollow":false,"robots_noimageindex":false,"robots_noodp":false,"robots_notranslate":false,"robots_max_snippet":null,"robots_max_videopreview":null,"robots_max_imagepreview":"none","priority":null,"frequency":null,"local_seo":null,"seo_analyzer_scan_date":"2026-06-02 07:13:08","breadcrumb_settings":null,"limit_modified_date":false,"open_ai":null,"ai":null,"created":"2020-11-14 22:54:27","updated":"2026-06-02 07:13:08","focus_keyword":null,"additional_keywords":null,"truseo_locale":null},"aioseo_breadcrumb":"<div class=\"aioseo-breadcrumbs\"><span class=\"aioseo-breadcrumb\">\n\t<a href=\"https:\/\/www.eldigitaldeasturias.com\/noticias\" title=\"Home\">Home<\/a>\n<\/span><span class=\"aioseo-breadcrumb-separator\">\u2013<\/span><span class=\"aioseo-breadcrumb\">\n\t<a href=\"https:\/\/www.eldigitaldeasturias.com\/noticias\/category\/actualidad\/\" title=\"Actualidad\">Actualidad<\/a>\n<\/span><span class=\"aioseo-breadcrumb-separator\">\u2013<\/span><span class=\"aioseo-breadcrumb\">\n\t<a href=\"https:\/\/www.eldigitaldeasturias.com\/noticias\/ashton-volvera-a-kiev-la-proxima-semana-donde-la-situacion-es-preocupante\/\" title=\"Ashton volver\u00e1 a Kiev la pr\u00f3xima semana, donde la situaci\u00f3n es \u00abpreocupante\u00bb\">Ashton volver\u00e1 a Kiev la pr\u00f3xima semana, donde la situaci\u00f3n es \u00abpreocupante\u00bb<\/a>\n<\/span><\/div>","aioseo_breadcrumb_json":[{"label":"Home","link":"https:\/\/www.eldigitaldeasturias.com\/noticias"},{"label":"Actualidad","link":"https:\/\/www.eldigitaldeasturias.com\/noticias\/category\/actualidad\/"},{"label":"Ashton volver\u00e1 a Kiev la pr\u00f3xima semana, donde la situaci\u00f3n es \u00abpreocupante\u00bb","link":"https:\/\/www.eldigitaldeasturias.com\/noticias\/ashton-volvera-a-kiev-la-proxima-semana-donde-la-situacion-es-preocupante\/"}],"_links":{"self":[{"href":"https:\/\/www.eldigitaldeasturias.com\/noticias\/wp-json\/wp\/v2\/posts\/481581","targetHints":{"allow":["GET"]}}],"collection":[{"href":"https:\/\/www.eldigitaldeasturias.com\/noticias\/wp-json\/wp\/v2\/posts"}],"about":[{"href":"https:\/\/www.eldigitaldeasturias.com\/noticias\/wp-json\/wp\/v2\/types\/post"}],"author":[{"embeddable":true,"href":"https:\/\/www.eldigitaldeasturias.com\/noticias\/wp-json\/wp\/v2\/users\/1"}],"replies":[{"embeddable":true,"href":"https:\/\/www.eldigitaldeasturias.com\/noticias\/wp-json\/wp\/v2\/comments?post=481581"}],"version-history":[{"count":0,"href":"https:\/\/www.eldigitaldeasturias.com\/noticias\/wp-json\/wp\/v2\/posts\/481581\/revisions"}],"wp:attachment":[{"href":"https:\/\/www.eldigitaldeasturias.com\/noticias\/wp-json\/wp\/v2\/media?parent=481581"}],"wp:term":[{"taxonomy":"category","embeddable":true,"href":"https:\/\/www.eldigitaldeasturias.com\/noticias\/wp-json\/wp\/v2\/categories?post=481581"},{"taxonomy":"post_tag","embeddable":true,"href":"https:\/\/www.eldigitaldeasturias.com\/noticias\/wp-json\/wp\/v2\/tags?post=481581"}],"curies":[{"name":"wp","href":"https:\/\/api.w.org\/{rel}","templated":true}]}}