{"id":481578,"date":"2014-02-01T11:49:06","date_gmt":"2014-02-01T12:49:06","guid":{"rendered":"http:\/\/www.eldigitaldeasturias.com\/noticias\/?p=481578"},"modified":"2014-02-01T11:49:06","modified_gmt":"2014-02-01T12:49:06","slug":"el-consejo-del-racing-rebaja-entradas-para-llenar-el-campo-y-homenajear-al-equipo","status":"publish","type":"post","link":"https:\/\/www.eldigitaldeasturias.com\/noticias\/el-consejo-del-racing-rebaja-entradas-para-llenar-el-campo-y-homenajear-al-equipo\/","title":{"rendered":"El Consejo del Racing rebaja entradas para llenar el campo y homenajear al equipo"},"content":{"rendered":"<p><img loading=\"lazy\" decoding=\"async\" class=\"alignleft size-medium wp-image-481579\" alt=\"5899354w\" src=\"https:\/\/www.eldigitaldeasturias.com\/noticias\/wp-content\/uploads\/2014\/02\/5899354w-360x291.jpg\" width=\"360\" height=\"291\" \/>Santander, 1 feb (EFE).- El nuevo Consejo de Administraci\u00f3n del Racing ha decidido en su primera reuni\u00f3n poner a la venta las entradas del partido de este domingo a precios de 5 y 10 euros, y dejar entrar gratis a los menores de 12 a\u00f1os, para llenar el Sardinero y rendir homenaje a la plantilla y trabajadores del club.<\/p>\n<p>Los nuevos consejeros, encabezados por el presidente Juan Antonio &#8216;Tuto&#8217; Sa\u00f1udo, han acordado tambi\u00e9n invitar al palco a un \u00abnutrido\u00bb grupo de abonados, una medida que se mantendr\u00e1 para los pr\u00f3ximos partidos del equipo.<\/p>\n<p>Seg\u00fan ha informado el Racing en un comunicado, el Consejo adopt\u00f3 estos acuerdos en la tarde del viernes, en su primera reuni\u00f3n, s\u00f3lo horas despu\u00e9s de su nombramiento en la Junta de Accionistas.<\/p>\n<p>De esta forma, las entradas para el partido de este domingo frente a la Cultural Leonesa se vender\u00e1n a 5 euros para las localidades de preferencia y a 10 para las tribunas. Los ni\u00f1os de hasta 12 a\u00f1os podr\u00e1n entrar gratis al partido, recogiendo previamente la invitaci\u00f3n en las taquillas.<\/p>\n<p>El nuevo Consejo de Administraci\u00f3n quiere conseguir as\u00ed llenar los Campos de Sport del Sardinero y rendir con ello un \u00abmerecido homenaje\u00bb a los jugadores, al cuerpo t\u00e9cnico y a todos los trabajadores del club.<\/p>\n<p>Su objetivo es que el estadio se convierta en \u00abuna aut\u00e9ntica fiesta\u00bb con la afluencia \u00abmasiva\u00bb de aficionados, explican.<\/p>\n<p>Tambi\u00e9n participar\u00e1n en este homenaje los jugadores y t\u00e9cnicos de las secciones inferiores.<\/p>\n","protected":false},"excerpt":{"rendered":"<p>Santander, 1 feb (EFE).- El nuevo Consejo de Administraci\u00f3n del Racing ha decidido en su primera reuni\u00f3n poner a la venta las entradas del partido de este domingo a precios de 5 y 10 euros, y dejar entrar gratis a los menores de 12 a\u00f1os, para llenar el Sardinero y rendir homenaje a la plantilla [&hellip;]<\/p>\n","protected":false},"author":1,"featured_media":481579,"comment_status":"closed","ping_status":"open","sticky":false,"template":"","format":"standard","meta":{"footnotes":""},"categories":[1],"tags":[],"class_list":["post-481578","post","type-post","status-publish","format-standard","has-post-thumbnail","hentry","category-actualidad"],"aioseo_notices":[],"aioseo_head":"\n\t\t<!-- All in One SEO Pro 5.0.1 - aioseo.com -->\n\t<meta name=\"description\" content=\"Santander, 1 feb (EFE).- El nuevo Consejo de Administraci\u00f3n del Racing ha decidido en su primera reuni\u00f3n poner a la venta las entradas del partido de este domingo a precios de 5 y 10 euros, y dejar entrar gratis a los menores de 12 a\u00f1os, para llenar el Sardinero y rendir homenaje a la plantilla\" \/>\n\t<meta name=\"robots\" content=\"max-image-preview:large\" \/>\n\t<meta name=\"author\" content=\"El Digital de Asturias\"\/>\n\t<meta name=\"google-site-verification\" content=\"UA-38556648-1\" \/>\n\t<meta name=\"msvalidate.01\" content=\"7dfe9f3f1b24437ab69f4f2559babe99\" \/>\n\t<meta name=\"keywords\" content=\"actualidad\" \/>\n\t<link rel=\"canonical\" href=\"https:\/\/www.eldigitaldeasturias.com\/noticias\/el-consejo-del-racing-rebaja-entradas-para-llenar-el-campo-y-homenajear-al-equipo\/\" \/>\n\t<meta name=\"generator\" content=\"All in One SEO Pro (AIOSEO) 5.0.1\" \/>\n\t\t<meta property=\"og:locale\" content=\"es_ES\" \/>\n\t\t<meta property=\"og:site_name\" content=\"El Digital de Asturias\" \/>\n\t\t<meta property=\"og:type\" content=\"article\" \/>\n\t\t<meta property=\"og:title\" content=\"El Consejo del Racing rebaja entradas para llenar el campo y homenajear al equipo - El Digital de Asturias\" \/>\n\t\t<meta property=\"og:description\" content=\"Santander, 1 feb (EFE).- El nuevo Consejo de Administraci\u00f3n del Racing ha decidido en su primera reuni\u00f3n poner a la venta las entradas del partido de este domingo a precios de 5 y 10 euros, y dejar entrar gratis a los menores de 12 a\u00f1os, para llenar el Sardinero y rendir homenaje a la plantilla\" \/>\n\t\t<meta property=\"og:url\" content=\"https:\/\/www.eldigitaldeasturias.com\/noticias\/el-consejo-del-racing-rebaja-entradas-para-llenar-el-campo-y-homenajear-al-equipo\/\" \/>\n\t\t<meta property=\"article:tag\" content=\"actualidad\" \/>\n\t\t<meta property=\"article:published_time\" content=\"2014-02-01T12:49:06+00:00\" \/>\n\t\t<meta property=\"article:modified_time\" content=\"2014-02-01T12:49:06+00:00\" \/>\n\t\t<meta property=\"article:publisher\" content=\"https:\/\/facebook.com\/eldigitaldeasturias\" \/>\n\t\t<meta name=\"twitter:card\" content=\"summary_large_image\" \/>\n\t\t<meta name=\"twitter:title\" content=\"El Consejo del Racing rebaja entradas para llenar el campo y homenajear al equipo - El Digital de Asturias\" \/>\n\t\t<meta name=\"twitter:description\" content=\"Santander, 1 feb (EFE).- El nuevo Consejo de Administraci\u00f3n del Racing ha decidido en su primera reuni\u00f3n poner a la venta las entradas del partido de este domingo a precios de 5 y 10 euros, y dejar entrar gratis a los menores de 12 a\u00f1os, para llenar el Sardinero y rendir homenaje a la plantilla\" \/>\n\t\t<meta name=\"twitter:label1\" content=\"Escrito por\" \/>\n\t\t<meta name=\"twitter:data1\" content=\"El Digital de Asturias\" \/>\n\t\t<meta name=\"twitter:label2\" content=\"Tiempo de lectura estimado\" \/>\n\t\t<meta name=\"twitter:data2\" content=\"1 minuto\" \/>\n\t\t<script type=\"application\/ld+json\" class=\"aioseo-schema\">\n\t\t\t{\"@context\":\"https:\\\/\\\/schema.org\",\"@graph\":[{\"@type\":\"BlogPosting\",\"@id\":\"https:\\\/\\\/www.eldigitaldeasturias.com\\\/noticias\\\/el-consejo-del-racing-rebaja-entradas-para-llenar-el-campo-y-homenajear-al-equipo\\\/#blogposting\",\"name\":\"El Consejo del Racing rebaja entradas para llenar el campo y homenajear al equipo - El Digital de Asturias\",\"headline\":\"El Consejo del Racing rebaja entradas para llenar el campo y homenajear al equipo\",\"author\":{\"@id\":\"https:\\\/\\\/www.eldigitaldeasturias.com\\\/noticias\\\/author\\\/admin\\\/#author\"},\"publisher\":{\"@id\":\"https:\\\/\\\/www.eldigitaldeasturias.com\\\/noticias\\\/#organization\"},\"image\":{\"@type\":\"ImageObject\",\"url\":481579},\"datePublished\":\"2014-02-01T11:49:06+01:00\",\"dateModified\":\"2014-02-01T11:49:06+01:00\",\"inLanguage\":\"es-ES\",\"mainEntityOfPage\":{\"@id\":\"https:\\\/\\\/www.eldigitaldeasturias.com\\\/noticias\\\/el-consejo-del-racing-rebaja-entradas-para-llenar-el-campo-y-homenajear-al-equipo\\\/#webpage\"},\"isPartOf\":{\"@id\":\"https:\\\/\\\/www.eldigitaldeasturias.com\\\/noticias\\\/el-consejo-del-racing-rebaja-entradas-para-llenar-el-campo-y-homenajear-al-equipo\\\/#webpage\"},\"articleSection\":\"Actualidad\"},{\"@type\":\"BreadcrumbList\",\"@id\":\"https:\\\/\\\/www.eldigitaldeasturias.com\\\/noticias\\\/el-consejo-del-racing-rebaja-entradas-para-llenar-el-campo-y-homenajear-al-equipo\\\/#breadcrumblist\",\"itemListElement\":[{\"@type\":\"ListItem\",\"@id\":\"https:\\\/\\\/www.eldigitaldeasturias.com\\\/noticias#listItem\",\"position\":1,\"name\":\"Home\",\"item\":\"https:\\\/\\\/www.eldigitaldeasturias.com\\\/noticias\",\"nextItem\":{\"@type\":\"ListItem\",\"@id\":\"https:\\\/\\\/www.eldigitaldeasturias.com\\\/noticias\\\/category\\\/actualidad\\\/#listItem\",\"name\":\"Actualidad\"}},{\"@type\":\"ListItem\",\"@id\":\"https:\\\/\\\/www.eldigitaldeasturias.com\\\/noticias\\\/category\\\/actualidad\\\/#listItem\",\"position\":2,\"name\":\"Actualidad\",\"item\":\"https:\\\/\\\/www.eldigitaldeasturias.com\\\/noticias\\\/category\\\/actualidad\\\/\",\"nextItem\":{\"@type\":\"ListItem\",\"@id\":\"https:\\\/\\\/www.eldigitaldeasturias.com\\\/noticias\\\/el-consejo-del-racing-rebaja-entradas-para-llenar-el-campo-y-homenajear-al-equipo\\\/#listItem\",\"name\":\"El Consejo del Racing rebaja entradas para llenar el campo y homenajear al equipo\"},\"previousItem\":{\"@type\":\"ListItem\",\"@id\":\"https:\\\/\\\/www.eldigitaldeasturias.com\\\/noticias#listItem\",\"name\":\"Home\"}},{\"@type\":\"ListItem\",\"@id\":\"https:\\\/\\\/www.eldigitaldeasturias.com\\\/noticias\\\/el-consejo-del-racing-rebaja-entradas-para-llenar-el-campo-y-homenajear-al-equipo\\\/#listItem\",\"position\":3,\"name\":\"El Consejo del Racing rebaja entradas para llenar el campo y homenajear al equipo\",\"previousItem\":{\"@type\":\"ListItem\",\"@id\":\"https:\\\/\\\/www.eldigitaldeasturias.com\\\/noticias\\\/category\\\/actualidad\\\/#listItem\",\"name\":\"Actualidad\"}}]},{\"@type\":\"Organization\",\"@id\":\"https:\\\/\\\/www.eldigitaldeasturias.com\\\/noticias\\\/#organization\",\"name\":\"El Digital de Asturias\",\"description\":\"Hemeroteca\",\"url\":\"https:\\\/\\\/www.eldigitaldeasturias.com\\\/noticias\\\/\",\"email\":\"info@eldigitaldeasturias.com\",\"telephone\":\"+34652131393\",\"logo\":{\"@type\":\"ImageObject\",\"url\":\"https:\\\/\\\/www.eldigitaldeasturias.com\\\/noticias\\\/wp-content\\\/uploads\\\/2020\\\/12\\\/EDA.jpg\",\"@id\":\"https:\\\/\\\/www.eldigitaldeasturias.com\\\/noticias\\\/el-consejo-del-racing-rebaja-entradas-para-llenar-el-campo-y-homenajear-al-equipo\\\/#organizationLogo\"},\"image\":{\"@id\":\"https:\\\/\\\/www.eldigitaldeasturias.com\\\/noticias\\\/el-consejo-del-racing-rebaja-entradas-para-llenar-el-campo-y-homenajear-al-equipo\\\/#organizationLogo\"},\"sameAs\":[\"https:\\\/\\\/facebook.com\\\/eldigitaldeasturias\",\"https:\\\/\\\/www.youtube.com\\\/channel\\\/UCZP-2wLEB9Rv6erhFmqVnvg\"],\"address\":{\"@id\":\"https:\\\/\\\/www.eldigitaldeasturias.com\\\/noticias\\\/#postaladdress\",\"@type\":\"PostalAddress\",\"streetAddress\":\"san antonio 4\",\"postalCode\":\"33430\",\"addressLocality\":\"Cand\\u00e1s\",\"addressRegion\":\"Asturias\",\"addressCountry\":\"ES\"}},{\"@type\":\"Person\",\"@id\":\"https:\\\/\\\/www.eldigitaldeasturias.com\\\/noticias\\\/author\\\/admin\\\/#author\",\"url\":\"https:\\\/\\\/www.eldigitaldeasturias.com\\\/noticias\\\/author\\\/admin\\\/\",\"name\":\"El Digital de Asturias\",\"image\":{\"@type\":\"ImageObject\",\"@id\":\"https:\\\/\\\/www.eldigitaldeasturias.com\\\/noticias\\\/el-consejo-del-racing-rebaja-entradas-para-llenar-el-campo-y-homenajear-al-equipo\\\/#authorImage\",\"url\":\"https:\\\/\\\/secure.gravatar.com\\\/avatar\\\/df2aeffc32bcd13f8d26072ef8a91b623d677766deac7f97ca815868cd41bf5e?s=96&d=mm&r=g\",\"width\":96,\"height\":96,\"caption\":\"El Digital de Asturias\"}},{\"@type\":\"WebPage\",\"@id\":\"https:\\\/\\\/www.eldigitaldeasturias.com\\\/noticias\\\/el-consejo-del-racing-rebaja-entradas-para-llenar-el-campo-y-homenajear-al-equipo\\\/#webpage\",\"url\":\"https:\\\/\\\/www.eldigitaldeasturias.com\\\/noticias\\\/el-consejo-del-racing-rebaja-entradas-para-llenar-el-campo-y-homenajear-al-equipo\\\/\",\"name\":\"El Consejo del Racing rebaja entradas para llenar el campo y homenajear al equipo - El Digital de Asturias\",\"description\":\"Santander, 1 feb (EFE).- El nuevo Consejo de Administraci\\u00f3n del Racing ha decidido en su primera reuni\\u00f3n poner a la venta las entradas del partido de este domingo a precios de 5 y 10 euros, y dejar entrar gratis a los menores de 12 a\\u00f1os, para llenar el Sardinero y rendir homenaje a la plantilla\",\"inLanguage\":\"es-ES\",\"isPartOf\":{\"@id\":\"https:\\\/\\\/www.eldigitaldeasturias.com\\\/noticias\\\/#website\"},\"breadcrumb\":{\"@id\":\"https:\\\/\\\/www.eldigitaldeasturias.com\\\/noticias\\\/el-consejo-del-racing-rebaja-entradas-para-llenar-el-campo-y-homenajear-al-equipo\\\/#breadcrumblist\"},\"author\":{\"@id\":\"https:\\\/\\\/www.eldigitaldeasturias.com\\\/noticias\\\/author\\\/admin\\\/#author\"},\"creator\":{\"@id\":\"https:\\\/\\\/www.eldigitaldeasturias.com\\\/noticias\\\/author\\\/admin\\\/#author\"},\"image\":{\"@type\":\"ImageObject\",\"url\":481579,\"@id\":\"https:\\\/\\\/www.eldigitaldeasturias.com\\\/noticias\\\/el-consejo-del-racing-rebaja-entradas-para-llenar-el-campo-y-homenajear-al-equipo\\\/#mainImage\"},\"primaryImageOfPage\":{\"@id\":\"https:\\\/\\\/www.eldigitaldeasturias.com\\\/noticias\\\/el-consejo-del-racing-rebaja-entradas-para-llenar-el-campo-y-homenajear-al-equipo\\\/#mainImage\"},\"datePublished\":\"2014-02-01T11:49:06+01:00\",\"dateModified\":\"2014-02-01T11:49:06+01:00\"},{\"@type\":\"WebSite\",\"@id\":\"https:\\\/\\\/www.eldigitaldeasturias.com\\\/noticias\\\/#website\",\"url\":\"https:\\\/\\\/www.eldigitaldeasturias.com\\\/noticias\\\/\",\"name\":\"El Digital de Asturias - Diario de actualidad y noticias\",\"alternateName\":\"El Digital de Asturias - Diario de actualidad y noticias\",\"description\":\"Hemeroteca\",\"inLanguage\":\"es-ES\",\"publisher\":{\"@id\":\"https:\\\/\\\/www.eldigitaldeasturias.com\\\/noticias\\\/#organization\"}}]}\n\t\t<\/script>\n\t\t<!-- All in One SEO Pro -->\r\n\t\t<title>El Consejo del Racing rebaja entradas para llenar el campo y homenajear al equipo - El Digital de Asturias<\/title>\n\n","aioseo_head_json":{"title":"El Consejo del Racing rebaja entradas para llenar el campo y homenajear al equipo - El Digital de Asturias","description":"Santander, 1 feb (EFE).- El nuevo Consejo de Administraci\u00f3n del Racing ha decidido en su primera reuni\u00f3n poner a la venta las entradas del partido de este domingo a precios de 5 y 10 euros, y dejar entrar gratis a los menores de 12 a\u00f1os, para llenar el Sardinero y rendir homenaje a la plantilla","canonical_url":"https:\/\/www.eldigitaldeasturias.com\/noticias\/el-consejo-del-racing-rebaja-entradas-para-llenar-el-campo-y-homenajear-al-equipo\/","robots":"max-image-preview:large","keywords":"actualidad","webmasterTools":{"google-site-verification":"UA-38556648-1","msvalidate.01":"7dfe9f3f1b24437ab69f4f2559babe99","miscellaneous":""},"schema":{"@context":"https:\/\/schema.org","@graph":[{"@type":"BlogPosting","@id":"https:\/\/www.eldigitaldeasturias.com\/noticias\/el-consejo-del-racing-rebaja-entradas-para-llenar-el-campo-y-homenajear-al-equipo\/#blogposting","name":"El Consejo del Racing rebaja entradas para llenar el campo y homenajear al equipo - El Digital de Asturias","headline":"El Consejo del Racing rebaja entradas para llenar el campo y homenajear al equipo","author":{"@id":"https:\/\/www.eldigitaldeasturias.com\/noticias\/author\/admin\/#author"},"publisher":{"@id":"https:\/\/www.eldigitaldeasturias.com\/noticias\/#organization"},"image":{"@type":"ImageObject","url":481579},"datePublished":"2014-02-01T11:49:06+01:00","dateModified":"2014-02-01T11:49:06+01:00","inLanguage":"es-ES","mainEntityOfPage":{"@id":"https:\/\/www.eldigitaldeasturias.com\/noticias\/el-consejo-del-racing-rebaja-entradas-para-llenar-el-campo-y-homenajear-al-equipo\/#webpage"},"isPartOf":{"@id":"https:\/\/www.eldigitaldeasturias.com\/noticias\/el-consejo-del-racing-rebaja-entradas-para-llenar-el-campo-y-homenajear-al-equipo\/#webpage"},"articleSection":"Actualidad"},{"@type":"BreadcrumbList","@id":"https:\/\/www.eldigitaldeasturias.com\/noticias\/el-consejo-del-racing-rebaja-entradas-para-llenar-el-campo-y-homenajear-al-equipo\/#breadcrumblist","itemListElement":[{"@type":"ListItem","@id":"https:\/\/www.eldigitaldeasturias.com\/noticias#listItem","position":1,"name":"Home","item":"https:\/\/www.eldigitaldeasturias.com\/noticias","nextItem":{"@type":"ListItem","@id":"https:\/\/www.eldigitaldeasturias.com\/noticias\/category\/actualidad\/#listItem","name":"Actualidad"}},{"@type":"ListItem","@id":"https:\/\/www.eldigitaldeasturias.com\/noticias\/category\/actualidad\/#listItem","position":2,"name":"Actualidad","item":"https:\/\/www.eldigitaldeasturias.com\/noticias\/category\/actualidad\/","nextItem":{"@type":"ListItem","@id":"https:\/\/www.eldigitaldeasturias.com\/noticias\/el-consejo-del-racing-rebaja-entradas-para-llenar-el-campo-y-homenajear-al-equipo\/#listItem","name":"El Consejo del Racing rebaja entradas para llenar el campo y homenajear al equipo"},"previousItem":{"@type":"ListItem","@id":"https:\/\/www.eldigitaldeasturias.com\/noticias#listItem","name":"Home"}},{"@type":"ListItem","@id":"https:\/\/www.eldigitaldeasturias.com\/noticias\/el-consejo-del-racing-rebaja-entradas-para-llenar-el-campo-y-homenajear-al-equipo\/#listItem","position":3,"name":"El Consejo del Racing rebaja entradas para llenar el campo y homenajear al equipo","previousItem":{"@type":"ListItem","@id":"https:\/\/www.eldigitaldeasturias.com\/noticias\/category\/actualidad\/#listItem","name":"Actualidad"}}]},{"@type":"Organization","@id":"https:\/\/www.eldigitaldeasturias.com\/noticias\/#organization","name":"El Digital de Asturias","description":"Hemeroteca","url":"https:\/\/www.eldigitaldeasturias.com\/noticias\/","email":"info@eldigitaldeasturias.com","telephone":"+34652131393","logo":{"@type":"ImageObject","url":"https:\/\/www.eldigitaldeasturias.com\/noticias\/wp-content\/uploads\/2020\/12\/EDA.jpg","@id":"https:\/\/www.eldigitaldeasturias.com\/noticias\/el-consejo-del-racing-rebaja-entradas-para-llenar-el-campo-y-homenajear-al-equipo\/#organizationLogo"},"image":{"@id":"https:\/\/www.eldigitaldeasturias.com\/noticias\/el-consejo-del-racing-rebaja-entradas-para-llenar-el-campo-y-homenajear-al-equipo\/#organizationLogo"},"sameAs":["https:\/\/facebook.com\/eldigitaldeasturias","https:\/\/www.youtube.com\/channel\/UCZP-2wLEB9Rv6erhFmqVnvg"],"address":{"@id":"https:\/\/www.eldigitaldeasturias.com\/noticias\/#postaladdress","@type":"PostalAddress","streetAddress":"san antonio 4","postalCode":"33430","addressLocality":"Cand\u00e1s","addressRegion":"Asturias","addressCountry":"ES"}},{"@type":"Person","@id":"https:\/\/www.eldigitaldeasturias.com\/noticias\/author\/admin\/#author","url":"https:\/\/www.eldigitaldeasturias.com\/noticias\/author\/admin\/","name":"El Digital de Asturias","image":{"@type":"ImageObject","@id":"https:\/\/www.eldigitaldeasturias.com\/noticias\/el-consejo-del-racing-rebaja-entradas-para-llenar-el-campo-y-homenajear-al-equipo\/#authorImage","url":"https:\/\/secure.gravatar.com\/avatar\/df2aeffc32bcd13f8d26072ef8a91b623d677766deac7f97ca815868cd41bf5e?s=96&d=mm&r=g","width":96,"height":96,"caption":"El Digital de Asturias"}},{"@type":"WebPage","@id":"https:\/\/www.eldigitaldeasturias.com\/noticias\/el-consejo-del-racing-rebaja-entradas-para-llenar-el-campo-y-homenajear-al-equipo\/#webpage","url":"https:\/\/www.eldigitaldeasturias.com\/noticias\/el-consejo-del-racing-rebaja-entradas-para-llenar-el-campo-y-homenajear-al-equipo\/","name":"El Consejo del Racing rebaja entradas para llenar el campo y homenajear al equipo - El Digital de Asturias","description":"Santander, 1 feb (EFE).- El nuevo Consejo de Administraci\u00f3n del Racing ha decidido en su primera reuni\u00f3n poner a la venta las entradas del partido de este domingo a precios de 5 y 10 euros, y dejar entrar gratis a los menores de 12 a\u00f1os, para llenar el Sardinero y rendir homenaje a la plantilla","inLanguage":"es-ES","isPartOf":{"@id":"https:\/\/www.eldigitaldeasturias.com\/noticias\/#website"},"breadcrumb":{"@id":"https:\/\/www.eldigitaldeasturias.com\/noticias\/el-consejo-del-racing-rebaja-entradas-para-llenar-el-campo-y-homenajear-al-equipo\/#breadcrumblist"},"author":{"@id":"https:\/\/www.eldigitaldeasturias.com\/noticias\/author\/admin\/#author"},"creator":{"@id":"https:\/\/www.eldigitaldeasturias.com\/noticias\/author\/admin\/#author"},"image":{"@type":"ImageObject","url":481579,"@id":"https:\/\/www.eldigitaldeasturias.com\/noticias\/el-consejo-del-racing-rebaja-entradas-para-llenar-el-campo-y-homenajear-al-equipo\/#mainImage"},"primaryImageOfPage":{"@id":"https:\/\/www.eldigitaldeasturias.com\/noticias\/el-consejo-del-racing-rebaja-entradas-para-llenar-el-campo-y-homenajear-al-equipo\/#mainImage"},"datePublished":"2014-02-01T11:49:06+01:00","dateModified":"2014-02-01T11:49:06+01:00"},{"@type":"WebSite","@id":"https:\/\/www.eldigitaldeasturias.com\/noticias\/#website","url":"https:\/\/www.eldigitaldeasturias.com\/noticias\/","name":"El Digital de Asturias - Diario de actualidad y noticias","alternateName":"El Digital de Asturias - Diario de actualidad y noticias","description":"Hemeroteca","inLanguage":"es-ES","publisher":{"@id":"https:\/\/www.eldigitaldeasturias.com\/noticias\/#organization"}}]},"og:locale":"es_ES","og:site_name":"El Digital de Asturias","og:type":"article","og:title":"El Consejo del Racing rebaja entradas para llenar el campo y homenajear al equipo - El Digital de Asturias","og:description":"Santander, 1 feb (EFE).- El nuevo Consejo de Administraci\u00f3n del Racing ha decidido en su primera reuni\u00f3n poner a la venta las entradas del partido de este domingo a precios de 5 y 10 euros, y dejar entrar gratis a los menores de 12 a\u00f1os, para llenar el Sardinero y rendir homenaje a la plantilla","og:url":"https:\/\/www.eldigitaldeasturias.com\/noticias\/el-consejo-del-racing-rebaja-entradas-para-llenar-el-campo-y-homenajear-al-equipo\/","article:tag":["actualidad"],"article:published_time":"2014-02-01T12:49:06+00:00","article:modified_time":"2014-02-01T12:49:06+00:00","article:publisher":"https:\/\/facebook.com\/eldigitaldeasturias","twitter:card":"summary_large_image","twitter:title":"El Consejo del Racing rebaja entradas para llenar el campo y homenajear al equipo - El Digital de Asturias","twitter:description":"Santander, 1 feb (EFE).- El nuevo Consejo de Administraci\u00f3n del Racing ha decidido en su primera reuni\u00f3n poner a la venta las entradas del partido de este domingo a precios de 5 y 10 euros, y dejar entrar gratis a los menores de 12 a\u00f1os, para llenar el Sardinero y rendir homenaje a la plantilla","twitter:label1":"Escrito por","twitter:data1":"El Digital de Asturias","twitter:label2":"Tiempo de lectura estimado","twitter:data2":"1 minuto"},"aioseo_meta_data":{"post_id":"481578","title":null,"description":null,"keywords":null,"keyphrases":null,"primary_term":null,"canonical_url":null,"og_title":null,"og_description":null,"og_object_type":"default","og_image_type":"default","og_image_url":null,"og_image_width":null,"og_image_height":null,"og_image_custom_url":null,"og_image_custom_fields":null,"og_video":null,"og_custom_url":null,"og_article_section":null,"og_article_tags":null,"twitter_use_og":true,"twitter_card":"default","twitter_image_type":"default","twitter_image_url":null,"twitter_image_custom_url":null,"twitter_image_custom_fields":null,"twitter_title":null,"twitter_description":null,"schema":{"blockGraphs":[],"customGraphs":[],"default":{"data":{"Article":[],"Course":[],"Dataset":[],"FAQPage":[],"Movie":[],"Person":[],"Product":[],"ProductReview":[],"Car":[],"Recipe":[],"Service":[],"SoftwareApplication":[],"WebPage":[]},"graphName":"","isEnabled":true},"graphs":[],"defaultGraph":"","defaultPostTypeGraph":""},"schema_type":null,"schema_type_options":null,"pillar_content":false,"robots_default":true,"robots_noindex":false,"robots_noarchive":false,"robots_nosnippet":false,"robots_nofollow":false,"robots_noimageindex":false,"robots_noodp":false,"robots_notranslate":false,"robots_max_snippet":null,"robots_max_videopreview":null,"robots_max_imagepreview":"none","priority":null,"frequency":null,"local_seo":null,"seo_analyzer_scan_date":"2026-06-02 07:13:07","breadcrumb_settings":null,"limit_modified_date":false,"open_ai":null,"ai":null,"created":"2020-11-14 22:54:27","updated":"2026-06-02 07:13:07","focus_keyword":null,"additional_keywords":null,"truseo_locale":null},"aioseo_breadcrumb":"<div class=\"aioseo-breadcrumbs\"><span class=\"aioseo-breadcrumb\">\n\t<a href=\"https:\/\/www.eldigitaldeasturias.com\/noticias\" title=\"Home\">Home<\/a>\n<\/span><span class=\"aioseo-breadcrumb-separator\">\u2013<\/span><span class=\"aioseo-breadcrumb\">\n\t<a href=\"https:\/\/www.eldigitaldeasturias.com\/noticias\/category\/actualidad\/\" title=\"Actualidad\">Actualidad<\/a>\n<\/span><span class=\"aioseo-breadcrumb-separator\">\u2013<\/span><span class=\"aioseo-breadcrumb\">\n\t<a href=\"https:\/\/www.eldigitaldeasturias.com\/noticias\/el-consejo-del-racing-rebaja-entradas-para-llenar-el-campo-y-homenajear-al-equipo\/\" title=\"El Consejo del Racing rebaja entradas para llenar el campo y homenajear al equipo\">El Consejo del Racing rebaja entradas para llenar el campo y homenajear al equipo<\/a>\n<\/span><\/div>","aioseo_breadcrumb_json":[{"label":"Home","link":"https:\/\/www.eldigitaldeasturias.com\/noticias"},{"label":"Actualidad","link":"https:\/\/www.eldigitaldeasturias.com\/noticias\/category\/actualidad\/"},{"label":"El Consejo del Racing rebaja entradas para llenar el campo y homenajear al equipo","link":"https:\/\/www.eldigitaldeasturias.com\/noticias\/el-consejo-del-racing-rebaja-entradas-para-llenar-el-campo-y-homenajear-al-equipo\/"}],"_links":{"self":[{"href":"https:\/\/www.eldigitaldeasturias.com\/noticias\/wp-json\/wp\/v2\/posts\/481578","targetHints":{"allow":["GET"]}}],"collection":[{"href":"https:\/\/www.eldigitaldeasturias.com\/noticias\/wp-json\/wp\/v2\/posts"}],"about":[{"href":"https:\/\/www.eldigitaldeasturias.com\/noticias\/wp-json\/wp\/v2\/types\/post"}],"author":[{"embeddable":true,"href":"https:\/\/www.eldigitaldeasturias.com\/noticias\/wp-json\/wp\/v2\/users\/1"}],"replies":[{"embeddable":true,"href":"https:\/\/www.eldigitaldeasturias.com\/noticias\/wp-json\/wp\/v2\/comments?post=481578"}],"version-history":[{"count":0,"href":"https:\/\/www.eldigitaldeasturias.com\/noticias\/wp-json\/wp\/v2\/posts\/481578\/revisions"}],"wp:attachment":[{"href":"https:\/\/www.eldigitaldeasturias.com\/noticias\/wp-json\/wp\/v2\/media?parent=481578"}],"wp:term":[{"taxonomy":"category","embeddable":true,"href":"https:\/\/www.eldigitaldeasturias.com\/noticias\/wp-json\/wp\/v2\/categories?post=481578"},{"taxonomy":"post_tag","embeddable":true,"href":"https:\/\/www.eldigitaldeasturias.com\/noticias\/wp-json\/wp\/v2\/tags?post=481578"}],"curies":[{"name":"wp","href":"https:\/\/api.w.org\/{rel}","templated":true}]}}