{"id":481572,"date":"2014-02-01T11:46:04","date_gmt":"2014-02-01T12:46:04","guid":{"rendered":"http:\/\/www.eldigitaldeasturias.com\/noticias\/?p=481572"},"modified":"2014-02-01T11:46:04","modified_gmt":"2014-02-01T12:46:04","slug":"clegg-visitara-colombia-y-mexico-para-estrechar-la-relacion-comercial","status":"publish","type":"post","link":"https:\/\/www.eldigitaldeasturias.com\/noticias\/clegg-visitara-colombia-y-mexico-para-estrechar-la-relacion-comercial\/","title":{"rendered":"Clegg visitar\u00e1 Colombia y M\u00e9xico para estrechar la relaci\u00f3n comercial"},"content":{"rendered":"<p><img loading=\"lazy\" decoding=\"async\" class=\"alignleft size-medium wp-image-481573\" alt=\"5899341w\" src=\"https:\/\/www.eldigitaldeasturias.com\/noticias\/wp-content\/uploads\/2014\/02\/5899341w-360x288.jpg\" width=\"360\" height=\"288\" \/>Londres, 1 feb (EFE).- El Reino Unido busca fomentar los lazos comerciales con Colombia y M\u00e9xico con una visita la pr\u00f3xima semana de una delegaci\u00f3n brit\u00e1nica de alto nivel, encabezada por el viceprimer ministro, Nick Clegg.<\/p>\n<p>El \u00abn\u00famero dos\u00bb del Gobierno brit\u00e1nico parte ma\u00f1ana domingo junto con 40 empresarios de su pa\u00eds a Bogot\u00e1, donde se entrevistar\u00e1 el lunes con el presidente colombiano, Juan Manuel Santos, y se desplazar\u00e1n el martes a M\u00e9xico, donde permanecer\u00e1 hasta el d\u00eda 5.<\/p>\n<p>Con este viaje del l\u00edder liberaldem\u00f3crata, Londres persigue identificar nuevas oportunidades de inversi\u00f3n en esos dos pa\u00edses latinoamericanos en sectores como infraestructuras, petr\u00f3leo y gas y educaci\u00f3n.<\/p>\n<p>En un acto celebrado esta semana en el Museo Brit\u00e1nico con inversores de este pa\u00eds, Clegg, casado con una espa\u00f1ola y que habla espa\u00f1ol, dijo que \u00abgran parte del nuevo crecimiento econ\u00f3mico estar\u00e1 ubicado en Latinoam\u00e9rica, particularmente en econom\u00edas reformadoras abiertas como son la de M\u00e9xico y Colombia\u00bb.<\/p>\n<p>El viceprimer ministro subray\u00f3 que esas dos naciones \u00abatraviesan una extraordinaria transformaci\u00f3n pol\u00edtica y econ\u00f3mica\u00bb.<\/p>\n<p>Este pa\u00eds ha registrado un aumento del 126 % en la relaci\u00f3n con las exportaciones con Colombia entre 2009-2012 y un aumento del 9 % en las exportaciones a M\u00e9xico en el \u00faltimo a\u00f1o.<\/p>\n<p>Para Colombia, que tiene en Reino Unido a su segundo mayor inversor del mundo, es \u00abla primera visita de esta magnitud\u00bb en la historia de una misi\u00f3n comercial brit\u00e1nica y Clegg es el representante gubernamental de mayor rango de este pa\u00eds que lo visita desde 1992.<\/p>\n<p>Santos anim\u00f3 en un viaje oficial a Londres en 2011 a empresarios brit\u00e1nicos a hacer negocios en su pa\u00eds, donde en los \u00faltimos cinco a\u00f1os el Reino Unido invirti\u00f3 6.032 millones de d\u00f3lares, seg\u00fan datos de ProExport Colombia, entidad que promociona la inversi\u00f3n extranjera en Colombia.<\/p>\n<p>Hasta noviembre de 2013 el comercio bilateral se increment\u00f3 en un 38 % desde 2010, al pasar de 1.065 millones de d\u00f3lares a 1.471 millones, aumento que ha aportado en su totalidad Colombia gracias al crecimiento de sus exportaciones hasta 1.042 millones de d\u00f3lares.<\/p>\n<p>En este sentido, el 8 % de las flores que se comercian en el Reino Unido son colombianas, como lo son el 25 % de los bananos que se consumen en este pa\u00eds.<\/p>\n<p>El Reino Unido, por su parte, aument\u00f3 el n\u00famero de sus turistas a Colombia el pasado a\u00f1o en un 12,5 %.<\/p>\n<p>El Gobierno del conservador David Cameron ha manifestado su inter\u00e9s en ampliar su presencia comercial en Latinoam\u00e9rica y pidi\u00f3 ser observador en la Alianza del Pac\u00edfico, un bloque de integraci\u00f3n comercial y econ\u00f3mica, integrado por Chile, Per\u00fa, Colombia y M\u00e9xico.<\/p>\n<p>Ese bloque, presentado el pasado diciembre a inversores brit\u00e1nicos en Londres, est\u00e1 abierto a los pa\u00edses latinoamericanos que compartan el inter\u00e9s por la apertura y el libre comercio.<\/p>\n<p>Clegg ha enfatizado su objetivo reforzar sus v\u00ednculos con las econom\u00edas colombiana y mexicana, \u00abenormemente significativas, no solo en Latinoam\u00e9rica hoy, sino para la econom\u00eda mundial en el futuro\u00bb.<\/p>\n<p>Hasta la fecha, la presencia brit\u00e1nica en esos pa\u00edses ha sido \u00abdemasiado lenta, demasiado silenciosa, demasiado reticente y demasiado modesta durante demasiado tiempo\u00bb, considera.<\/p>\n<p>En el caso de M\u00e9xico, en una visita oficial en junio de 2012, el secretario de Estado de Comercio e Inversiones brit\u00e1nico, Lord Stephen Green, ya indic\u00f3 que era necesario duplicar la presencia comercial de este pa\u00eds.<\/p>\n<p>El Reino Unido, quinto pa\u00eds con mayor inversi\u00f3n en M\u00e9xico, se ha propuesto incrementar el comercio bilateral de 3.500 a 7.000 millones de d\u00f3lares en 2015, seg\u00fan datos oficiales.<\/p>\n<p>Con relaci\u00f3n a este punto, Clegg se ha mostrado optimista y ha dicho que su pa\u00eds est\u00e1 \u00aben el camino de cumplir el objetivo o incluso superarlo\u00bb.<\/p>\n<p>En 2013, M\u00e9xico, un pa\u00eds con 112 millones de habitantes, de los que 47 millones conforman la fuerza laboral, registr\u00f3 un aumento del 9 % en las exportaciones brit\u00e1nicas durante los primeros once meses del a\u00f1o pasado frente al mismo periodo en 2012.<\/p>\n<p>M\u00e9xico fue considerado en 2013, seg\u00fan la consultora Behre Dolbear, el quinto mejor destino para invertir en proyectos mineros y es el productor y exportador l\u00edder de plata del mundo; as\u00ed como el segundo productor de oro de Latinoam\u00e9rica.<\/p>\n<p>Patricia Rodr\u00edguez<\/p>\n","protected":false},"excerpt":{"rendered":"<p>Londres, 1 feb (EFE).- El Reino Unido busca fomentar los lazos comerciales con Colombia y M\u00e9xico con una visita la pr\u00f3xima semana de una delegaci\u00f3n brit\u00e1nica de alto nivel, encabezada por el viceprimer ministro, Nick Clegg. El \u00abn\u00famero dos\u00bb del Gobierno brit\u00e1nico parte ma\u00f1ana domingo junto con 40 empresarios de su pa\u00eds a Bogot\u00e1, donde [&hellip;]<\/p>\n","protected":false},"author":1,"featured_media":481573,"comment_status":"closed","ping_status":"open","sticky":false,"template":"","format":"standard","meta":{"footnotes":""},"categories":[1],"tags":[],"class_list":["post-481572","post","type-post","status-publish","format-standard","has-post-thumbnail","hentry","category-actualidad"],"aioseo_notices":[],"aioseo_head":"\n\t\t<!-- All in One SEO Pro 5.0.1 - aioseo.com -->\n\t<meta name=\"description\" content=\"Londres, 1 feb (EFE).- El Reino Unido busca fomentar los lazos comerciales con Colombia y M\u00e9xico con una visita la pr\u00f3xima semana de una delegaci\u00f3n brit\u00e1nica de alto nivel, encabezada por el viceprimer ministro, Nick Clegg. El &quot;n\u00famero dos&quot; del Gobierno brit\u00e1nico parte ma\u00f1ana domingo junto con 40 empresarios de su pa\u00eds a Bogot\u00e1, donde\" \/>\n\t<meta name=\"robots\" content=\"max-image-preview:large\" \/>\n\t<meta name=\"author\" content=\"El Digital de Asturias\"\/>\n\t<meta name=\"google-site-verification\" content=\"UA-38556648-1\" \/>\n\t<meta name=\"msvalidate.01\" content=\"7dfe9f3f1b24437ab69f4f2559babe99\" \/>\n\t<meta name=\"keywords\" content=\"actualidad\" \/>\n\t<link rel=\"canonical\" href=\"https:\/\/www.eldigitaldeasturias.com\/noticias\/clegg-visitara-colombia-y-mexico-para-estrechar-la-relacion-comercial\/\" \/>\n\t<meta name=\"generator\" content=\"All in One SEO Pro (AIOSEO) 5.0.1\" \/>\n\t\t<meta property=\"og:locale\" content=\"es_ES\" \/>\n\t\t<meta property=\"og:site_name\" content=\"El Digital de Asturias\" \/>\n\t\t<meta property=\"og:type\" content=\"article\" \/>\n\t\t<meta property=\"og:title\" content=\"Clegg visitar\u00e1 Colombia y M\u00e9xico para estrechar la relaci\u00f3n comercial - El Digital de Asturias\" \/>\n\t\t<meta property=\"og:description\" content=\"Londres, 1 feb (EFE).- El Reino Unido busca fomentar los lazos comerciales con Colombia y M\u00e9xico con una visita la pr\u00f3xima semana de una delegaci\u00f3n brit\u00e1nica de alto nivel, encabezada por el viceprimer ministro, Nick Clegg. El &quot;n\u00famero dos&quot; del Gobierno brit\u00e1nico parte ma\u00f1ana domingo junto con 40 empresarios de su pa\u00eds a Bogot\u00e1, donde\" \/>\n\t\t<meta property=\"og:url\" content=\"https:\/\/www.eldigitaldeasturias.com\/noticias\/clegg-visitara-colombia-y-mexico-para-estrechar-la-relacion-comercial\/\" \/>\n\t\t<meta property=\"article:tag\" content=\"actualidad\" \/>\n\t\t<meta property=\"article:published_time\" content=\"2014-02-01T12:46:04+00:00\" \/>\n\t\t<meta property=\"article:modified_time\" content=\"2014-02-01T12:46:04+00:00\" \/>\n\t\t<meta property=\"article:publisher\" content=\"https:\/\/facebook.com\/eldigitaldeasturias\" \/>\n\t\t<meta name=\"twitter:card\" content=\"summary_large_image\" \/>\n\t\t<meta name=\"twitter:title\" content=\"Clegg visitar\u00e1 Colombia y M\u00e9xico para estrechar la relaci\u00f3n comercial - El Digital de Asturias\" \/>\n\t\t<meta name=\"twitter:description\" content=\"Londres, 1 feb (EFE).- El Reino Unido busca fomentar los lazos comerciales con Colombia y M\u00e9xico con una visita la pr\u00f3xima semana de una delegaci\u00f3n brit\u00e1nica de alto nivel, encabezada por el viceprimer ministro, Nick Clegg. El &quot;n\u00famero dos&quot; del Gobierno brit\u00e1nico parte ma\u00f1ana domingo junto con 40 empresarios de su pa\u00eds a Bogot\u00e1, donde\" \/>\n\t\t<meta name=\"twitter:label1\" content=\"Escrito por\" \/>\n\t\t<meta name=\"twitter:data1\" content=\"El Digital de Asturias\" \/>\n\t\t<meta name=\"twitter:label2\" content=\"Tiempo de lectura estimado\" \/>\n\t\t<meta name=\"twitter:data2\" content=\"4 minutos\" \/>\n\t\t<script type=\"application\/ld+json\" class=\"aioseo-schema\">\n\t\t\t{\"@context\":\"https:\\\/\\\/schema.org\",\"@graph\":[{\"@type\":\"BlogPosting\",\"@id\":\"https:\\\/\\\/www.eldigitaldeasturias.com\\\/noticias\\\/clegg-visitara-colombia-y-mexico-para-estrechar-la-relacion-comercial\\\/#blogposting\",\"name\":\"Clegg visitar\\u00e1 Colombia y M\\u00e9xico para estrechar la relaci\\u00f3n comercial - El Digital de Asturias\",\"headline\":\"Clegg visitar\\u00e1 Colombia y M\\u00e9xico para estrechar la relaci\\u00f3n comercial\",\"author\":{\"@id\":\"https:\\\/\\\/www.eldigitaldeasturias.com\\\/noticias\\\/author\\\/admin\\\/#author\"},\"publisher\":{\"@id\":\"https:\\\/\\\/www.eldigitaldeasturias.com\\\/noticias\\\/#organization\"},\"image\":{\"@type\":\"ImageObject\",\"url\":481573},\"datePublished\":\"2014-02-01T11:46:04+01:00\",\"dateModified\":\"2014-02-01T11:46:04+01:00\",\"inLanguage\":\"es-ES\",\"mainEntityOfPage\":{\"@id\":\"https:\\\/\\\/www.eldigitaldeasturias.com\\\/noticias\\\/clegg-visitara-colombia-y-mexico-para-estrechar-la-relacion-comercial\\\/#webpage\"},\"isPartOf\":{\"@id\":\"https:\\\/\\\/www.eldigitaldeasturias.com\\\/noticias\\\/clegg-visitara-colombia-y-mexico-para-estrechar-la-relacion-comercial\\\/#webpage\"},\"articleSection\":\"Actualidad\"},{\"@type\":\"BreadcrumbList\",\"@id\":\"https:\\\/\\\/www.eldigitaldeasturias.com\\\/noticias\\\/clegg-visitara-colombia-y-mexico-para-estrechar-la-relacion-comercial\\\/#breadcrumblist\",\"itemListElement\":[{\"@type\":\"ListItem\",\"@id\":\"https:\\\/\\\/www.eldigitaldeasturias.com\\\/noticias#listItem\",\"position\":1,\"name\":\"Home\",\"item\":\"https:\\\/\\\/www.eldigitaldeasturias.com\\\/noticias\",\"nextItem\":{\"@type\":\"ListItem\",\"@id\":\"https:\\\/\\\/www.eldigitaldeasturias.com\\\/noticias\\\/category\\\/actualidad\\\/#listItem\",\"name\":\"Actualidad\"}},{\"@type\":\"ListItem\",\"@id\":\"https:\\\/\\\/www.eldigitaldeasturias.com\\\/noticias\\\/category\\\/actualidad\\\/#listItem\",\"position\":2,\"name\":\"Actualidad\",\"item\":\"https:\\\/\\\/www.eldigitaldeasturias.com\\\/noticias\\\/category\\\/actualidad\\\/\",\"nextItem\":{\"@type\":\"ListItem\",\"@id\":\"https:\\\/\\\/www.eldigitaldeasturias.com\\\/noticias\\\/clegg-visitara-colombia-y-mexico-para-estrechar-la-relacion-comercial\\\/#listItem\",\"name\":\"Clegg visitar\\u00e1 Colombia y M\\u00e9xico para estrechar la relaci\\u00f3n comercial\"},\"previousItem\":{\"@type\":\"ListItem\",\"@id\":\"https:\\\/\\\/www.eldigitaldeasturias.com\\\/noticias#listItem\",\"name\":\"Home\"}},{\"@type\":\"ListItem\",\"@id\":\"https:\\\/\\\/www.eldigitaldeasturias.com\\\/noticias\\\/clegg-visitara-colombia-y-mexico-para-estrechar-la-relacion-comercial\\\/#listItem\",\"position\":3,\"name\":\"Clegg visitar\\u00e1 Colombia y M\\u00e9xico para estrechar la relaci\\u00f3n comercial\",\"previousItem\":{\"@type\":\"ListItem\",\"@id\":\"https:\\\/\\\/www.eldigitaldeasturias.com\\\/noticias\\\/category\\\/actualidad\\\/#listItem\",\"name\":\"Actualidad\"}}]},{\"@type\":\"Organization\",\"@id\":\"https:\\\/\\\/www.eldigitaldeasturias.com\\\/noticias\\\/#organization\",\"name\":\"El Digital de Asturias\",\"description\":\"Hemeroteca\",\"url\":\"https:\\\/\\\/www.eldigitaldeasturias.com\\\/noticias\\\/\",\"email\":\"info@eldigitaldeasturias.com\",\"telephone\":\"+34652131393\",\"logo\":{\"@type\":\"ImageObject\",\"url\":\"https:\\\/\\\/www.eldigitaldeasturias.com\\\/noticias\\\/wp-content\\\/uploads\\\/2020\\\/12\\\/EDA.jpg\",\"@id\":\"https:\\\/\\\/www.eldigitaldeasturias.com\\\/noticias\\\/clegg-visitara-colombia-y-mexico-para-estrechar-la-relacion-comercial\\\/#organizationLogo\"},\"image\":{\"@id\":\"https:\\\/\\\/www.eldigitaldeasturias.com\\\/noticias\\\/clegg-visitara-colombia-y-mexico-para-estrechar-la-relacion-comercial\\\/#organizationLogo\"},\"sameAs\":[\"https:\\\/\\\/facebook.com\\\/eldigitaldeasturias\",\"https:\\\/\\\/www.youtube.com\\\/channel\\\/UCZP-2wLEB9Rv6erhFmqVnvg\"],\"address\":{\"@id\":\"https:\\\/\\\/www.eldigitaldeasturias.com\\\/noticias\\\/#postaladdress\",\"@type\":\"PostalAddress\",\"streetAddress\":\"san antonio 4\",\"postalCode\":\"33430\",\"addressLocality\":\"Cand\\u00e1s\",\"addressRegion\":\"Asturias\",\"addressCountry\":\"ES\"}},{\"@type\":\"Person\",\"@id\":\"https:\\\/\\\/www.eldigitaldeasturias.com\\\/noticias\\\/author\\\/admin\\\/#author\",\"url\":\"https:\\\/\\\/www.eldigitaldeasturias.com\\\/noticias\\\/author\\\/admin\\\/\",\"name\":\"El Digital de Asturias\",\"image\":{\"@type\":\"ImageObject\",\"@id\":\"https:\\\/\\\/www.eldigitaldeasturias.com\\\/noticias\\\/clegg-visitara-colombia-y-mexico-para-estrechar-la-relacion-comercial\\\/#authorImage\",\"url\":\"https:\\\/\\\/secure.gravatar.com\\\/avatar\\\/df2aeffc32bcd13f8d26072ef8a91b623d677766deac7f97ca815868cd41bf5e?s=96&d=mm&r=g\",\"width\":96,\"height\":96,\"caption\":\"El Digital de Asturias\"}},{\"@type\":\"WebPage\",\"@id\":\"https:\\\/\\\/www.eldigitaldeasturias.com\\\/noticias\\\/clegg-visitara-colombia-y-mexico-para-estrechar-la-relacion-comercial\\\/#webpage\",\"url\":\"https:\\\/\\\/www.eldigitaldeasturias.com\\\/noticias\\\/clegg-visitara-colombia-y-mexico-para-estrechar-la-relacion-comercial\\\/\",\"name\":\"Clegg visitar\\u00e1 Colombia y M\\u00e9xico para estrechar la relaci\\u00f3n comercial - El Digital de Asturias\",\"description\":\"Londres, 1 feb (EFE).- El Reino Unido busca fomentar los lazos comerciales con Colombia y M\\u00e9xico con una visita la pr\\u00f3xima semana de una delegaci\\u00f3n brit\\u00e1nica de alto nivel, encabezada por el viceprimer ministro, Nick Clegg. El \\\"n\\u00famero dos\\\" del Gobierno brit\\u00e1nico parte ma\\u00f1ana domingo junto con 40 empresarios de su pa\\u00eds a Bogot\\u00e1, donde\",\"inLanguage\":\"es-ES\",\"isPartOf\":{\"@id\":\"https:\\\/\\\/www.eldigitaldeasturias.com\\\/noticias\\\/#website\"},\"breadcrumb\":{\"@id\":\"https:\\\/\\\/www.eldigitaldeasturias.com\\\/noticias\\\/clegg-visitara-colombia-y-mexico-para-estrechar-la-relacion-comercial\\\/#breadcrumblist\"},\"author\":{\"@id\":\"https:\\\/\\\/www.eldigitaldeasturias.com\\\/noticias\\\/author\\\/admin\\\/#author\"},\"creator\":{\"@id\":\"https:\\\/\\\/www.eldigitaldeasturias.com\\\/noticias\\\/author\\\/admin\\\/#author\"},\"image\":{\"@type\":\"ImageObject\",\"url\":481573,\"@id\":\"https:\\\/\\\/www.eldigitaldeasturias.com\\\/noticias\\\/clegg-visitara-colombia-y-mexico-para-estrechar-la-relacion-comercial\\\/#mainImage\"},\"primaryImageOfPage\":{\"@id\":\"https:\\\/\\\/www.eldigitaldeasturias.com\\\/noticias\\\/clegg-visitara-colombia-y-mexico-para-estrechar-la-relacion-comercial\\\/#mainImage\"},\"datePublished\":\"2014-02-01T11:46:04+01:00\",\"dateModified\":\"2014-02-01T11:46:04+01:00\"},{\"@type\":\"WebSite\",\"@id\":\"https:\\\/\\\/www.eldigitaldeasturias.com\\\/noticias\\\/#website\",\"url\":\"https:\\\/\\\/www.eldigitaldeasturias.com\\\/noticias\\\/\",\"name\":\"El Digital de Asturias - Diario de actualidad y noticias\",\"alternateName\":\"El Digital de Asturias - Diario de actualidad y noticias\",\"description\":\"Hemeroteca\",\"inLanguage\":\"es-ES\",\"publisher\":{\"@id\":\"https:\\\/\\\/www.eldigitaldeasturias.com\\\/noticias\\\/#organization\"}}]}\n\t\t<\/script>\n\t\t<!-- All in One SEO Pro -->\r\n\t\t<title>Clegg visitar\u00e1 Colombia y M\u00e9xico para estrechar la relaci\u00f3n comercial - El Digital de Asturias<\/title>\n\n","aioseo_head_json":{"title":"Clegg visitar\u00e1 Colombia y M\u00e9xico para estrechar la relaci\u00f3n comercial - El Digital de Asturias","description":"Londres, 1 feb (EFE).- El Reino Unido busca fomentar los lazos comerciales con Colombia y M\u00e9xico con una visita la pr\u00f3xima semana de una delegaci\u00f3n brit\u00e1nica de alto nivel, encabezada por el viceprimer ministro, Nick Clegg. El \"n\u00famero dos\" del Gobierno brit\u00e1nico parte ma\u00f1ana domingo junto con 40 empresarios de su pa\u00eds a Bogot\u00e1, donde","canonical_url":"https:\/\/www.eldigitaldeasturias.com\/noticias\/clegg-visitara-colombia-y-mexico-para-estrechar-la-relacion-comercial\/","robots":"max-image-preview:large","keywords":"actualidad","webmasterTools":{"google-site-verification":"UA-38556648-1","msvalidate.01":"7dfe9f3f1b24437ab69f4f2559babe99","miscellaneous":""},"schema":{"@context":"https:\/\/schema.org","@graph":[{"@type":"BlogPosting","@id":"https:\/\/www.eldigitaldeasturias.com\/noticias\/clegg-visitara-colombia-y-mexico-para-estrechar-la-relacion-comercial\/#blogposting","name":"Clegg visitar\u00e1 Colombia y M\u00e9xico para estrechar la relaci\u00f3n comercial - El Digital de Asturias","headline":"Clegg visitar\u00e1 Colombia y M\u00e9xico para estrechar la relaci\u00f3n comercial","author":{"@id":"https:\/\/www.eldigitaldeasturias.com\/noticias\/author\/admin\/#author"},"publisher":{"@id":"https:\/\/www.eldigitaldeasturias.com\/noticias\/#organization"},"image":{"@type":"ImageObject","url":481573},"datePublished":"2014-02-01T11:46:04+01:00","dateModified":"2014-02-01T11:46:04+01:00","inLanguage":"es-ES","mainEntityOfPage":{"@id":"https:\/\/www.eldigitaldeasturias.com\/noticias\/clegg-visitara-colombia-y-mexico-para-estrechar-la-relacion-comercial\/#webpage"},"isPartOf":{"@id":"https:\/\/www.eldigitaldeasturias.com\/noticias\/clegg-visitara-colombia-y-mexico-para-estrechar-la-relacion-comercial\/#webpage"},"articleSection":"Actualidad"},{"@type":"BreadcrumbList","@id":"https:\/\/www.eldigitaldeasturias.com\/noticias\/clegg-visitara-colombia-y-mexico-para-estrechar-la-relacion-comercial\/#breadcrumblist","itemListElement":[{"@type":"ListItem","@id":"https:\/\/www.eldigitaldeasturias.com\/noticias#listItem","position":1,"name":"Home","item":"https:\/\/www.eldigitaldeasturias.com\/noticias","nextItem":{"@type":"ListItem","@id":"https:\/\/www.eldigitaldeasturias.com\/noticias\/category\/actualidad\/#listItem","name":"Actualidad"}},{"@type":"ListItem","@id":"https:\/\/www.eldigitaldeasturias.com\/noticias\/category\/actualidad\/#listItem","position":2,"name":"Actualidad","item":"https:\/\/www.eldigitaldeasturias.com\/noticias\/category\/actualidad\/","nextItem":{"@type":"ListItem","@id":"https:\/\/www.eldigitaldeasturias.com\/noticias\/clegg-visitara-colombia-y-mexico-para-estrechar-la-relacion-comercial\/#listItem","name":"Clegg visitar\u00e1 Colombia y M\u00e9xico para estrechar la relaci\u00f3n comercial"},"previousItem":{"@type":"ListItem","@id":"https:\/\/www.eldigitaldeasturias.com\/noticias#listItem","name":"Home"}},{"@type":"ListItem","@id":"https:\/\/www.eldigitaldeasturias.com\/noticias\/clegg-visitara-colombia-y-mexico-para-estrechar-la-relacion-comercial\/#listItem","position":3,"name":"Clegg visitar\u00e1 Colombia y M\u00e9xico para estrechar la relaci\u00f3n comercial","previousItem":{"@type":"ListItem","@id":"https:\/\/www.eldigitaldeasturias.com\/noticias\/category\/actualidad\/#listItem","name":"Actualidad"}}]},{"@type":"Organization","@id":"https:\/\/www.eldigitaldeasturias.com\/noticias\/#organization","name":"El Digital de Asturias","description":"Hemeroteca","url":"https:\/\/www.eldigitaldeasturias.com\/noticias\/","email":"info@eldigitaldeasturias.com","telephone":"+34652131393","logo":{"@type":"ImageObject","url":"https:\/\/www.eldigitaldeasturias.com\/noticias\/wp-content\/uploads\/2020\/12\/EDA.jpg","@id":"https:\/\/www.eldigitaldeasturias.com\/noticias\/clegg-visitara-colombia-y-mexico-para-estrechar-la-relacion-comercial\/#organizationLogo"},"image":{"@id":"https:\/\/www.eldigitaldeasturias.com\/noticias\/clegg-visitara-colombia-y-mexico-para-estrechar-la-relacion-comercial\/#organizationLogo"},"sameAs":["https:\/\/facebook.com\/eldigitaldeasturias","https:\/\/www.youtube.com\/channel\/UCZP-2wLEB9Rv6erhFmqVnvg"],"address":{"@id":"https:\/\/www.eldigitaldeasturias.com\/noticias\/#postaladdress","@type":"PostalAddress","streetAddress":"san antonio 4","postalCode":"33430","addressLocality":"Cand\u00e1s","addressRegion":"Asturias","addressCountry":"ES"}},{"@type":"Person","@id":"https:\/\/www.eldigitaldeasturias.com\/noticias\/author\/admin\/#author","url":"https:\/\/www.eldigitaldeasturias.com\/noticias\/author\/admin\/","name":"El Digital de Asturias","image":{"@type":"ImageObject","@id":"https:\/\/www.eldigitaldeasturias.com\/noticias\/clegg-visitara-colombia-y-mexico-para-estrechar-la-relacion-comercial\/#authorImage","url":"https:\/\/secure.gravatar.com\/avatar\/df2aeffc32bcd13f8d26072ef8a91b623d677766deac7f97ca815868cd41bf5e?s=96&d=mm&r=g","width":96,"height":96,"caption":"El Digital de Asturias"}},{"@type":"WebPage","@id":"https:\/\/www.eldigitaldeasturias.com\/noticias\/clegg-visitara-colombia-y-mexico-para-estrechar-la-relacion-comercial\/#webpage","url":"https:\/\/www.eldigitaldeasturias.com\/noticias\/clegg-visitara-colombia-y-mexico-para-estrechar-la-relacion-comercial\/","name":"Clegg visitar\u00e1 Colombia y M\u00e9xico para estrechar la relaci\u00f3n comercial - El Digital de Asturias","description":"Londres, 1 feb (EFE).- El Reino Unido busca fomentar los lazos comerciales con Colombia y M\u00e9xico con una visita la pr\u00f3xima semana de una delegaci\u00f3n brit\u00e1nica de alto nivel, encabezada por el viceprimer ministro, Nick Clegg. El \"n\u00famero dos\" del Gobierno brit\u00e1nico parte ma\u00f1ana domingo junto con 40 empresarios de su pa\u00eds a Bogot\u00e1, donde","inLanguage":"es-ES","isPartOf":{"@id":"https:\/\/www.eldigitaldeasturias.com\/noticias\/#website"},"breadcrumb":{"@id":"https:\/\/www.eldigitaldeasturias.com\/noticias\/clegg-visitara-colombia-y-mexico-para-estrechar-la-relacion-comercial\/#breadcrumblist"},"author":{"@id":"https:\/\/www.eldigitaldeasturias.com\/noticias\/author\/admin\/#author"},"creator":{"@id":"https:\/\/www.eldigitaldeasturias.com\/noticias\/author\/admin\/#author"},"image":{"@type":"ImageObject","url":481573,"@id":"https:\/\/www.eldigitaldeasturias.com\/noticias\/clegg-visitara-colombia-y-mexico-para-estrechar-la-relacion-comercial\/#mainImage"},"primaryImageOfPage":{"@id":"https:\/\/www.eldigitaldeasturias.com\/noticias\/clegg-visitara-colombia-y-mexico-para-estrechar-la-relacion-comercial\/#mainImage"},"datePublished":"2014-02-01T11:46:04+01:00","dateModified":"2014-02-01T11:46:04+01:00"},{"@type":"WebSite","@id":"https:\/\/www.eldigitaldeasturias.com\/noticias\/#website","url":"https:\/\/www.eldigitaldeasturias.com\/noticias\/","name":"El Digital de Asturias - Diario de actualidad y noticias","alternateName":"El Digital de Asturias - Diario de actualidad y noticias","description":"Hemeroteca","inLanguage":"es-ES","publisher":{"@id":"https:\/\/www.eldigitaldeasturias.com\/noticias\/#organization"}}]},"og:locale":"es_ES","og:site_name":"El Digital de Asturias","og:type":"article","og:title":"Clegg visitar\u00e1 Colombia y M\u00e9xico para estrechar la relaci\u00f3n comercial - El Digital de Asturias","og:description":"Londres, 1 feb (EFE).- El Reino Unido busca fomentar los lazos comerciales con Colombia y M\u00e9xico con una visita la pr\u00f3xima semana de una delegaci\u00f3n brit\u00e1nica de alto nivel, encabezada por el viceprimer ministro, Nick Clegg. El &quot;n\u00famero dos&quot; del Gobierno brit\u00e1nico parte ma\u00f1ana domingo junto con 40 empresarios de su pa\u00eds a Bogot\u00e1, donde","og:url":"https:\/\/www.eldigitaldeasturias.com\/noticias\/clegg-visitara-colombia-y-mexico-para-estrechar-la-relacion-comercial\/","article:tag":["actualidad"],"article:published_time":"2014-02-01T12:46:04+00:00","article:modified_time":"2014-02-01T12:46:04+00:00","article:publisher":"https:\/\/facebook.com\/eldigitaldeasturias","twitter:card":"summary_large_image","twitter:title":"Clegg visitar\u00e1 Colombia y M\u00e9xico para estrechar la relaci\u00f3n comercial - El Digital de Asturias","twitter:description":"Londres, 1 feb (EFE).- El Reino Unido busca fomentar los lazos comerciales con Colombia y M\u00e9xico con una visita la pr\u00f3xima semana de una delegaci\u00f3n brit\u00e1nica de alto nivel, encabezada por el viceprimer ministro, Nick Clegg. El &quot;n\u00famero dos&quot; del Gobierno brit\u00e1nico parte ma\u00f1ana domingo junto con 40 empresarios de su pa\u00eds a Bogot\u00e1, donde","twitter:label1":"Escrito por","twitter:data1":"El Digital de Asturias","twitter:label2":"Tiempo de lectura estimado","twitter:data2":"4 minutos"},"aioseo_meta_data":{"post_id":"481572","title":null,"description":null,"keywords":null,"keyphrases":null,"primary_term":null,"canonical_url":null,"og_title":null,"og_description":null,"og_object_type":"default","og_image_type":"default","og_image_url":null,"og_image_width":null,"og_image_height":null,"og_image_custom_url":null,"og_image_custom_fields":null,"og_video":null,"og_custom_url":null,"og_article_section":null,"og_article_tags":null,"twitter_use_og":true,"twitter_card":"default","twitter_image_type":"default","twitter_image_url":null,"twitter_image_custom_url":null,"twitter_image_custom_fields":null,"twitter_title":null,"twitter_description":null,"schema":{"blockGraphs":[],"customGraphs":[],"default":{"data":{"Article":[],"Course":[],"Dataset":[],"FAQPage":[],"Movie":[],"Person":[],"Product":[],"ProductReview":[],"Car":[],"Recipe":[],"Service":[],"SoftwareApplication":[],"WebPage":[]},"graphName":"","isEnabled":true},"graphs":[],"defaultGraph":"","defaultPostTypeGraph":""},"schema_type":null,"schema_type_options":null,"pillar_content":false,"robots_default":true,"robots_noindex":false,"robots_noarchive":false,"robots_nosnippet":false,"robots_nofollow":false,"robots_noimageindex":false,"robots_noodp":false,"robots_notranslate":false,"robots_max_snippet":null,"robots_max_videopreview":null,"robots_max_imagepreview":"none","priority":null,"frequency":null,"local_seo":null,"seo_analyzer_scan_date":"2026-06-02 07:11:29","breadcrumb_settings":null,"limit_modified_date":false,"open_ai":null,"ai":null,"created":"2020-11-14 22:54:27","updated":"2026-06-02 07:11:29","focus_keyword":null,"additional_keywords":null,"truseo_locale":null},"aioseo_breadcrumb":"<div class=\"aioseo-breadcrumbs\"><span class=\"aioseo-breadcrumb\">\n\t<a href=\"https:\/\/www.eldigitaldeasturias.com\/noticias\" title=\"Home\">Home<\/a>\n<\/span><span class=\"aioseo-breadcrumb-separator\">\u2013<\/span><span class=\"aioseo-breadcrumb\">\n\t<a href=\"https:\/\/www.eldigitaldeasturias.com\/noticias\/category\/actualidad\/\" title=\"Actualidad\">Actualidad<\/a>\n<\/span><span class=\"aioseo-breadcrumb-separator\">\u2013<\/span><span class=\"aioseo-breadcrumb\">\n\t<a href=\"https:\/\/www.eldigitaldeasturias.com\/noticias\/clegg-visitara-colombia-y-mexico-para-estrechar-la-relacion-comercial\/\" title=\"Clegg visitar\u00e1 Colombia y M\u00e9xico para estrechar la relaci\u00f3n comercial\">Clegg visitar\u00e1 Colombia y M\u00e9xico para estrechar la relaci\u00f3n comercial<\/a>\n<\/span><\/div>","aioseo_breadcrumb_json":[{"label":"Home","link":"https:\/\/www.eldigitaldeasturias.com\/noticias"},{"label":"Actualidad","link":"https:\/\/www.eldigitaldeasturias.com\/noticias\/category\/actualidad\/"},{"label":"Clegg visitar\u00e1 Colombia y M\u00e9xico para estrechar la relaci\u00f3n comercial","link":"https:\/\/www.eldigitaldeasturias.com\/noticias\/clegg-visitara-colombia-y-mexico-para-estrechar-la-relacion-comercial\/"}],"_links":{"self":[{"href":"https:\/\/www.eldigitaldeasturias.com\/noticias\/wp-json\/wp\/v2\/posts\/481572","targetHints":{"allow":["GET"]}}],"collection":[{"href":"https:\/\/www.eldigitaldeasturias.com\/noticias\/wp-json\/wp\/v2\/posts"}],"about":[{"href":"https:\/\/www.eldigitaldeasturias.com\/noticias\/wp-json\/wp\/v2\/types\/post"}],"author":[{"embeddable":true,"href":"https:\/\/www.eldigitaldeasturias.com\/noticias\/wp-json\/wp\/v2\/users\/1"}],"replies":[{"embeddable":true,"href":"https:\/\/www.eldigitaldeasturias.com\/noticias\/wp-json\/wp\/v2\/comments?post=481572"}],"version-history":[{"count":0,"href":"https:\/\/www.eldigitaldeasturias.com\/noticias\/wp-json\/wp\/v2\/posts\/481572\/revisions"}],"wp:attachment":[{"href":"https:\/\/www.eldigitaldeasturias.com\/noticias\/wp-json\/wp\/v2\/media?parent=481572"}],"wp:term":[{"taxonomy":"category","embeddable":true,"href":"https:\/\/www.eldigitaldeasturias.com\/noticias\/wp-json\/wp\/v2\/categories?post=481572"},{"taxonomy":"post_tag","embeddable":true,"href":"https:\/\/www.eldigitaldeasturias.com\/noticias\/wp-json\/wp\/v2\/tags?post=481572"}],"curies":[{"name":"wp","href":"https:\/\/api.w.org\/{rel}","templated":true}]}}