{"id":481566,"date":"2014-02-01T11:43:44","date_gmt":"2014-02-01T12:43:44","guid":{"rendered":"http:\/\/www.eldigitaldeasturias.com\/noticias\/?p=481566"},"modified":"2014-02-01T11:43:44","modified_gmt":"2014-02-01T12:43:44","slug":"el-lider-de-la-oposicion-tailandesa-renuncia-a-su-derecho-al-voto","status":"publish","type":"post","link":"https:\/\/www.eldigitaldeasturias.com\/noticias\/el-lider-de-la-oposicion-tailandesa-renuncia-a-su-derecho-al-voto\/","title":{"rendered":"El l\u00edder de la oposici\u00f3n tailandesa renuncia a su derecho al voto"},"content":{"rendered":"<p><img loading=\"lazy\" decoding=\"async\" class=\"alignleft size-medium wp-image-481567\" alt=\"5899077w\" src=\"https:\/\/www.eldigitaldeasturias.com\/noticias\/wp-content\/uploads\/2014\/02\/5899077w-360x271.jpg\" width=\"360\" height=\"271\" \/>Bangkok, 1 feb (EFE).- El l\u00edder del opositor Partido Dem\u00f3crata, Abhistiv Vejjajiva, indic\u00f3 hoy que no ejercer\u00e1 su derecho al voto en las elecciones que se celebran ma\u00f1ana en Tailandia en medio de las protestas antigubernamentales.<\/p>\n<p>\u00abMa\u00f1ana no ejercer\u00e1 mi derecho al voto porque estas elecciones son inconstitucionales y no lograr\u00e1n el objetivo de una elecci\u00f3n bajo un sistema democr\u00e1tico\u00bb, dijo Abhisit en su p\u00e1gina de Facebook, seg\u00fan los medios locales.<\/p>\n<p>El pasado jueves, el l\u00edder opositor indic\u00f3 que cada ciudadano deb\u00eda decidir si ejerce su derecho al voto, o no, y aceptar \u00ablas consecuencias legales de perder este derecho\u00bb.<\/p>\n<p>Los parlamentarios del Partido Dem\u00f3crata abandonaron sus esca\u00f1os en diciembre para protestar contra el Gobierno y m\u00e1s adelante se negaron a presentar candidatos en los comicios.<\/p>\n<p>Entonces, Abhisit afirm\u00f3 que hab\u00eda perdido la confianza en el actual sistema pol\u00edtico, sobre el que pidi\u00f3 que se aborde su reforma antes de ir a las urnas.<\/p>\n<p>Tambi\u00e9n acus\u00f3 al Gobierno de la primera ministra en funciones, Yingluck Shinawatra, de empa\u00f1ar el sistema parlamentario y de provocar una crisis pol\u00edtica que estall\u00f3 a finales de noviembre con la presentaci\u00f3n de una propuesta de ley de amnist\u00eda.<\/p>\n<p>En medio de las protestas antigubernamentales y espor\u00e1dicos estallidos de violencia, la primera ministra interina ha estado m\u00e1s ocupada en sortea la crisis y a los manifestantes que en hacer campa\u00f1a electoral.<\/p>\n<p>Las autoridades temen que ma\u00f1ana se puedan producir enfrentamientos violentos entre grupos de ciudadanos que defienden su derecho al voto y los antigubernamentales liderados por el ex viceprimer ministro Thusep Thaugsuban.<\/p>\n<p>Unos 200.000 polic\u00edas se desplegar\u00e1n en todo el pa\u00eds para garantizar el desarrollo pac\u00edfico de la jornada electoral, de los cuales unos 10.000 lo har\u00e1n en Bangkok, apoyados por unos 7.000 soldados.<\/p>\n<p>Cientos de manifestantes volvieron hoy a marchar por las calles de la capital para pedir el boicot del sufragio, aunque afirmaron que no bloquear\u00e1n los colegios electorales, tal como ocurri\u00f3 en la votaci\u00f3n anticipada el pasado domingo.<\/p>\n<p>Yingluck decidi\u00f3 esta semana mantener la convocatoria electoral al rechazar el aplazamiento que le ped\u00eda la Comisi\u00f3n Electoral ante el riesgo de una escalada de la violencia y pese a las escasas posibilidades de que la votaci\u00f3n resuelva la crisis pol\u00edtica.<\/p>\n<p>Al menos diez personas han muerto y m\u00e1s de 570 han resultado heridas en la protestas en diversos tiroteos y ataques con explosivos desde el pasado noviembre.<\/p>\n","protected":false},"excerpt":{"rendered":"<p>Bangkok, 1 feb (EFE).- El l\u00edder del opositor Partido Dem\u00f3crata, Abhistiv Vejjajiva, indic\u00f3 hoy que no ejercer\u00e1 su derecho al voto en las elecciones que se celebran ma\u00f1ana en Tailandia en medio de las protestas antigubernamentales. \u00abMa\u00f1ana no ejercer\u00e1 mi derecho al voto porque estas elecciones son inconstitucionales y no lograr\u00e1n el objetivo de una [&hellip;]<\/p>\n","protected":false},"author":1,"featured_media":481567,"comment_status":"closed","ping_status":"open","sticky":false,"template":"","format":"standard","meta":{"footnotes":""},"categories":[1],"tags":[],"class_list":["post-481566","post","type-post","status-publish","format-standard","has-post-thumbnail","hentry","category-actualidad"],"aioseo_notices":[],"aioseo_head":"\n\t\t<!-- All in One SEO Pro 5.0.1 - aioseo.com -->\n\t<meta name=\"description\" content=\"Bangkok, 1 feb (EFE).- El l\u00edder del opositor Partido Dem\u00f3crata, Abhistiv Vejjajiva, indic\u00f3 hoy que no ejercer\u00e1 su derecho al voto en las elecciones que se celebran ma\u00f1ana en Tailandia en medio de las protestas antigubernamentales. &quot;Ma\u00f1ana no ejercer\u00e1 mi derecho al voto porque estas elecciones son inconstitucionales y no lograr\u00e1n el objetivo de una\" \/>\n\t<meta name=\"robots\" content=\"max-image-preview:large\" \/>\n\t<meta name=\"author\" content=\"El Digital de Asturias\"\/>\n\t<meta name=\"google-site-verification\" content=\"UA-38556648-1\" \/>\n\t<meta name=\"msvalidate.01\" content=\"7dfe9f3f1b24437ab69f4f2559babe99\" \/>\n\t<meta name=\"keywords\" content=\"actualidad\" \/>\n\t<link rel=\"canonical\" href=\"https:\/\/www.eldigitaldeasturias.com\/noticias\/el-lider-de-la-oposicion-tailandesa-renuncia-a-su-derecho-al-voto\/\" \/>\n\t<meta name=\"generator\" content=\"All in One SEO Pro (AIOSEO) 5.0.1\" \/>\n\t\t<meta property=\"og:locale\" content=\"es_ES\" \/>\n\t\t<meta property=\"og:site_name\" content=\"El Digital de Asturias\" \/>\n\t\t<meta property=\"og:type\" content=\"article\" \/>\n\t\t<meta property=\"og:title\" content=\"El l\u00edder de la oposici\u00f3n tailandesa renuncia a su derecho al voto - El Digital de Asturias\" \/>\n\t\t<meta property=\"og:description\" content=\"Bangkok, 1 feb (EFE).- El l\u00edder del opositor Partido Dem\u00f3crata, Abhistiv Vejjajiva, indic\u00f3 hoy que no ejercer\u00e1 su derecho al voto en las elecciones que se celebran ma\u00f1ana en Tailandia en medio de las protestas antigubernamentales. &quot;Ma\u00f1ana no ejercer\u00e1 mi derecho al voto porque estas elecciones son inconstitucionales y no lograr\u00e1n el objetivo de una\" \/>\n\t\t<meta property=\"og:url\" content=\"https:\/\/www.eldigitaldeasturias.com\/noticias\/el-lider-de-la-oposicion-tailandesa-renuncia-a-su-derecho-al-voto\/\" \/>\n\t\t<meta property=\"article:tag\" content=\"actualidad\" \/>\n\t\t<meta property=\"article:published_time\" content=\"2014-02-01T12:43:44+00:00\" \/>\n\t\t<meta property=\"article:modified_time\" content=\"2014-02-01T12:43:44+00:00\" \/>\n\t\t<meta property=\"article:publisher\" content=\"https:\/\/facebook.com\/eldigitaldeasturias\" \/>\n\t\t<meta name=\"twitter:card\" content=\"summary_large_image\" \/>\n\t\t<meta name=\"twitter:title\" content=\"El l\u00edder de la oposici\u00f3n tailandesa renuncia a su derecho al voto - El Digital de Asturias\" \/>\n\t\t<meta name=\"twitter:description\" content=\"Bangkok, 1 feb (EFE).- El l\u00edder del opositor Partido Dem\u00f3crata, Abhistiv Vejjajiva, indic\u00f3 hoy que no ejercer\u00e1 su derecho al voto en las elecciones que se celebran ma\u00f1ana en Tailandia en medio de las protestas antigubernamentales. &quot;Ma\u00f1ana no ejercer\u00e1 mi derecho al voto porque estas elecciones son inconstitucionales y no lograr\u00e1n el objetivo de una\" \/>\n\t\t<meta name=\"twitter:label1\" content=\"Escrito por\" \/>\n\t\t<meta name=\"twitter:data1\" content=\"El Digital de Asturias\" \/>\n\t\t<meta name=\"twitter:label2\" content=\"Tiempo de lectura estimado\" \/>\n\t\t<meta name=\"twitter:data2\" content=\"2 minutos\" \/>\n\t\t<script type=\"application\/ld+json\" class=\"aioseo-schema\">\n\t\t\t{\"@context\":\"https:\\\/\\\/schema.org\",\"@graph\":[{\"@type\":\"BlogPosting\",\"@id\":\"https:\\\/\\\/www.eldigitaldeasturias.com\\\/noticias\\\/el-lider-de-la-oposicion-tailandesa-renuncia-a-su-derecho-al-voto\\\/#blogposting\",\"name\":\"El l\\u00edder de la oposici\\u00f3n tailandesa renuncia a su derecho al voto - El Digital de Asturias\",\"headline\":\"El l\\u00edder de la oposici\\u00f3n tailandesa renuncia a su derecho al voto\",\"author\":{\"@id\":\"https:\\\/\\\/www.eldigitaldeasturias.com\\\/noticias\\\/author\\\/admin\\\/#author\"},\"publisher\":{\"@id\":\"https:\\\/\\\/www.eldigitaldeasturias.com\\\/noticias\\\/#organization\"},\"image\":{\"@type\":\"ImageObject\",\"url\":481567},\"datePublished\":\"2014-02-01T11:43:44+01:00\",\"dateModified\":\"2014-02-01T11:43:44+01:00\",\"inLanguage\":\"es-ES\",\"mainEntityOfPage\":{\"@id\":\"https:\\\/\\\/www.eldigitaldeasturias.com\\\/noticias\\\/el-lider-de-la-oposicion-tailandesa-renuncia-a-su-derecho-al-voto\\\/#webpage\"},\"isPartOf\":{\"@id\":\"https:\\\/\\\/www.eldigitaldeasturias.com\\\/noticias\\\/el-lider-de-la-oposicion-tailandesa-renuncia-a-su-derecho-al-voto\\\/#webpage\"},\"articleSection\":\"Actualidad\"},{\"@type\":\"BreadcrumbList\",\"@id\":\"https:\\\/\\\/www.eldigitaldeasturias.com\\\/noticias\\\/el-lider-de-la-oposicion-tailandesa-renuncia-a-su-derecho-al-voto\\\/#breadcrumblist\",\"itemListElement\":[{\"@type\":\"ListItem\",\"@id\":\"https:\\\/\\\/www.eldigitaldeasturias.com\\\/noticias#listItem\",\"position\":1,\"name\":\"Home\",\"item\":\"https:\\\/\\\/www.eldigitaldeasturias.com\\\/noticias\",\"nextItem\":{\"@type\":\"ListItem\",\"@id\":\"https:\\\/\\\/www.eldigitaldeasturias.com\\\/noticias\\\/category\\\/actualidad\\\/#listItem\",\"name\":\"Actualidad\"}},{\"@type\":\"ListItem\",\"@id\":\"https:\\\/\\\/www.eldigitaldeasturias.com\\\/noticias\\\/category\\\/actualidad\\\/#listItem\",\"position\":2,\"name\":\"Actualidad\",\"item\":\"https:\\\/\\\/www.eldigitaldeasturias.com\\\/noticias\\\/category\\\/actualidad\\\/\",\"nextItem\":{\"@type\":\"ListItem\",\"@id\":\"https:\\\/\\\/www.eldigitaldeasturias.com\\\/noticias\\\/el-lider-de-la-oposicion-tailandesa-renuncia-a-su-derecho-al-voto\\\/#listItem\",\"name\":\"El l\\u00edder de la oposici\\u00f3n tailandesa renuncia a su derecho al voto\"},\"previousItem\":{\"@type\":\"ListItem\",\"@id\":\"https:\\\/\\\/www.eldigitaldeasturias.com\\\/noticias#listItem\",\"name\":\"Home\"}},{\"@type\":\"ListItem\",\"@id\":\"https:\\\/\\\/www.eldigitaldeasturias.com\\\/noticias\\\/el-lider-de-la-oposicion-tailandesa-renuncia-a-su-derecho-al-voto\\\/#listItem\",\"position\":3,\"name\":\"El l\\u00edder de la oposici\\u00f3n tailandesa renuncia a su derecho al voto\",\"previousItem\":{\"@type\":\"ListItem\",\"@id\":\"https:\\\/\\\/www.eldigitaldeasturias.com\\\/noticias\\\/category\\\/actualidad\\\/#listItem\",\"name\":\"Actualidad\"}}]},{\"@type\":\"Organization\",\"@id\":\"https:\\\/\\\/www.eldigitaldeasturias.com\\\/noticias\\\/#organization\",\"name\":\"El Digital de Asturias\",\"description\":\"Hemeroteca\",\"url\":\"https:\\\/\\\/www.eldigitaldeasturias.com\\\/noticias\\\/\",\"email\":\"info@eldigitaldeasturias.com\",\"telephone\":\"+34652131393\",\"logo\":{\"@type\":\"ImageObject\",\"url\":\"https:\\\/\\\/www.eldigitaldeasturias.com\\\/noticias\\\/wp-content\\\/uploads\\\/2020\\\/12\\\/EDA.jpg\",\"@id\":\"https:\\\/\\\/www.eldigitaldeasturias.com\\\/noticias\\\/el-lider-de-la-oposicion-tailandesa-renuncia-a-su-derecho-al-voto\\\/#organizationLogo\"},\"image\":{\"@id\":\"https:\\\/\\\/www.eldigitaldeasturias.com\\\/noticias\\\/el-lider-de-la-oposicion-tailandesa-renuncia-a-su-derecho-al-voto\\\/#organizationLogo\"},\"sameAs\":[\"https:\\\/\\\/facebook.com\\\/eldigitaldeasturias\",\"https:\\\/\\\/www.youtube.com\\\/channel\\\/UCZP-2wLEB9Rv6erhFmqVnvg\"],\"address\":{\"@id\":\"https:\\\/\\\/www.eldigitaldeasturias.com\\\/noticias\\\/#postaladdress\",\"@type\":\"PostalAddress\",\"streetAddress\":\"san antonio 4\",\"postalCode\":\"33430\",\"addressLocality\":\"Cand\\u00e1s\",\"addressRegion\":\"Asturias\",\"addressCountry\":\"ES\"}},{\"@type\":\"Person\",\"@id\":\"https:\\\/\\\/www.eldigitaldeasturias.com\\\/noticias\\\/author\\\/admin\\\/#author\",\"url\":\"https:\\\/\\\/www.eldigitaldeasturias.com\\\/noticias\\\/author\\\/admin\\\/\",\"name\":\"El Digital de Asturias\",\"image\":{\"@type\":\"ImageObject\",\"@id\":\"https:\\\/\\\/www.eldigitaldeasturias.com\\\/noticias\\\/el-lider-de-la-oposicion-tailandesa-renuncia-a-su-derecho-al-voto\\\/#authorImage\",\"url\":\"https:\\\/\\\/secure.gravatar.com\\\/avatar\\\/df2aeffc32bcd13f8d26072ef8a91b623d677766deac7f97ca815868cd41bf5e?s=96&d=mm&r=g\",\"width\":96,\"height\":96,\"caption\":\"El Digital de Asturias\"}},{\"@type\":\"WebPage\",\"@id\":\"https:\\\/\\\/www.eldigitaldeasturias.com\\\/noticias\\\/el-lider-de-la-oposicion-tailandesa-renuncia-a-su-derecho-al-voto\\\/#webpage\",\"url\":\"https:\\\/\\\/www.eldigitaldeasturias.com\\\/noticias\\\/el-lider-de-la-oposicion-tailandesa-renuncia-a-su-derecho-al-voto\\\/\",\"name\":\"El l\\u00edder de la oposici\\u00f3n tailandesa renuncia a su derecho al voto - El Digital de Asturias\",\"description\":\"Bangkok, 1 feb (EFE).- El l\\u00edder del opositor Partido Dem\\u00f3crata, Abhistiv Vejjajiva, indic\\u00f3 hoy que no ejercer\\u00e1 su derecho al voto en las elecciones que se celebran ma\\u00f1ana en Tailandia en medio de las protestas antigubernamentales. \\\"Ma\\u00f1ana no ejercer\\u00e1 mi derecho al voto porque estas elecciones son inconstitucionales y no lograr\\u00e1n el objetivo de una\",\"inLanguage\":\"es-ES\",\"isPartOf\":{\"@id\":\"https:\\\/\\\/www.eldigitaldeasturias.com\\\/noticias\\\/#website\"},\"breadcrumb\":{\"@id\":\"https:\\\/\\\/www.eldigitaldeasturias.com\\\/noticias\\\/el-lider-de-la-oposicion-tailandesa-renuncia-a-su-derecho-al-voto\\\/#breadcrumblist\"},\"author\":{\"@id\":\"https:\\\/\\\/www.eldigitaldeasturias.com\\\/noticias\\\/author\\\/admin\\\/#author\"},\"creator\":{\"@id\":\"https:\\\/\\\/www.eldigitaldeasturias.com\\\/noticias\\\/author\\\/admin\\\/#author\"},\"image\":{\"@type\":\"ImageObject\",\"url\":481567,\"@id\":\"https:\\\/\\\/www.eldigitaldeasturias.com\\\/noticias\\\/el-lider-de-la-oposicion-tailandesa-renuncia-a-su-derecho-al-voto\\\/#mainImage\"},\"primaryImageOfPage\":{\"@id\":\"https:\\\/\\\/www.eldigitaldeasturias.com\\\/noticias\\\/el-lider-de-la-oposicion-tailandesa-renuncia-a-su-derecho-al-voto\\\/#mainImage\"},\"datePublished\":\"2014-02-01T11:43:44+01:00\",\"dateModified\":\"2014-02-01T11:43:44+01:00\"},{\"@type\":\"WebSite\",\"@id\":\"https:\\\/\\\/www.eldigitaldeasturias.com\\\/noticias\\\/#website\",\"url\":\"https:\\\/\\\/www.eldigitaldeasturias.com\\\/noticias\\\/\",\"name\":\"El Digital de Asturias - Diario de actualidad y noticias\",\"alternateName\":\"El Digital de Asturias - Diario de actualidad y noticias\",\"description\":\"Hemeroteca\",\"inLanguage\":\"es-ES\",\"publisher\":{\"@id\":\"https:\\\/\\\/www.eldigitaldeasturias.com\\\/noticias\\\/#organization\"}}]}\n\t\t<\/script>\n\t\t<!-- All in One SEO Pro -->\r\n\t\t<title>El l\u00edder de la oposici\u00f3n tailandesa renuncia a su derecho al voto - El Digital de Asturias<\/title>\n\n","aioseo_head_json":{"title":"El l\u00edder de la oposici\u00f3n tailandesa renuncia a su derecho al voto - El Digital de Asturias","description":"Bangkok, 1 feb (EFE).- El l\u00edder del opositor Partido Dem\u00f3crata, Abhistiv Vejjajiva, indic\u00f3 hoy que no ejercer\u00e1 su derecho al voto en las elecciones que se celebran ma\u00f1ana en Tailandia en medio de las protestas antigubernamentales. \"Ma\u00f1ana no ejercer\u00e1 mi derecho al voto porque estas elecciones son inconstitucionales y no lograr\u00e1n el objetivo de una","canonical_url":"https:\/\/www.eldigitaldeasturias.com\/noticias\/el-lider-de-la-oposicion-tailandesa-renuncia-a-su-derecho-al-voto\/","robots":"max-image-preview:large","keywords":"actualidad","webmasterTools":{"google-site-verification":"UA-38556648-1","msvalidate.01":"7dfe9f3f1b24437ab69f4f2559babe99","miscellaneous":""},"schema":{"@context":"https:\/\/schema.org","@graph":[{"@type":"BlogPosting","@id":"https:\/\/www.eldigitaldeasturias.com\/noticias\/el-lider-de-la-oposicion-tailandesa-renuncia-a-su-derecho-al-voto\/#blogposting","name":"El l\u00edder de la oposici\u00f3n tailandesa renuncia a su derecho al voto - El Digital de Asturias","headline":"El l\u00edder de la oposici\u00f3n tailandesa renuncia a su derecho al voto","author":{"@id":"https:\/\/www.eldigitaldeasturias.com\/noticias\/author\/admin\/#author"},"publisher":{"@id":"https:\/\/www.eldigitaldeasturias.com\/noticias\/#organization"},"image":{"@type":"ImageObject","url":481567},"datePublished":"2014-02-01T11:43:44+01:00","dateModified":"2014-02-01T11:43:44+01:00","inLanguage":"es-ES","mainEntityOfPage":{"@id":"https:\/\/www.eldigitaldeasturias.com\/noticias\/el-lider-de-la-oposicion-tailandesa-renuncia-a-su-derecho-al-voto\/#webpage"},"isPartOf":{"@id":"https:\/\/www.eldigitaldeasturias.com\/noticias\/el-lider-de-la-oposicion-tailandesa-renuncia-a-su-derecho-al-voto\/#webpage"},"articleSection":"Actualidad"},{"@type":"BreadcrumbList","@id":"https:\/\/www.eldigitaldeasturias.com\/noticias\/el-lider-de-la-oposicion-tailandesa-renuncia-a-su-derecho-al-voto\/#breadcrumblist","itemListElement":[{"@type":"ListItem","@id":"https:\/\/www.eldigitaldeasturias.com\/noticias#listItem","position":1,"name":"Home","item":"https:\/\/www.eldigitaldeasturias.com\/noticias","nextItem":{"@type":"ListItem","@id":"https:\/\/www.eldigitaldeasturias.com\/noticias\/category\/actualidad\/#listItem","name":"Actualidad"}},{"@type":"ListItem","@id":"https:\/\/www.eldigitaldeasturias.com\/noticias\/category\/actualidad\/#listItem","position":2,"name":"Actualidad","item":"https:\/\/www.eldigitaldeasturias.com\/noticias\/category\/actualidad\/","nextItem":{"@type":"ListItem","@id":"https:\/\/www.eldigitaldeasturias.com\/noticias\/el-lider-de-la-oposicion-tailandesa-renuncia-a-su-derecho-al-voto\/#listItem","name":"El l\u00edder de la oposici\u00f3n tailandesa renuncia a su derecho al voto"},"previousItem":{"@type":"ListItem","@id":"https:\/\/www.eldigitaldeasturias.com\/noticias#listItem","name":"Home"}},{"@type":"ListItem","@id":"https:\/\/www.eldigitaldeasturias.com\/noticias\/el-lider-de-la-oposicion-tailandesa-renuncia-a-su-derecho-al-voto\/#listItem","position":3,"name":"El l\u00edder de la oposici\u00f3n tailandesa renuncia a su derecho al voto","previousItem":{"@type":"ListItem","@id":"https:\/\/www.eldigitaldeasturias.com\/noticias\/category\/actualidad\/#listItem","name":"Actualidad"}}]},{"@type":"Organization","@id":"https:\/\/www.eldigitaldeasturias.com\/noticias\/#organization","name":"El Digital de Asturias","description":"Hemeroteca","url":"https:\/\/www.eldigitaldeasturias.com\/noticias\/","email":"info@eldigitaldeasturias.com","telephone":"+34652131393","logo":{"@type":"ImageObject","url":"https:\/\/www.eldigitaldeasturias.com\/noticias\/wp-content\/uploads\/2020\/12\/EDA.jpg","@id":"https:\/\/www.eldigitaldeasturias.com\/noticias\/el-lider-de-la-oposicion-tailandesa-renuncia-a-su-derecho-al-voto\/#organizationLogo"},"image":{"@id":"https:\/\/www.eldigitaldeasturias.com\/noticias\/el-lider-de-la-oposicion-tailandesa-renuncia-a-su-derecho-al-voto\/#organizationLogo"},"sameAs":["https:\/\/facebook.com\/eldigitaldeasturias","https:\/\/www.youtube.com\/channel\/UCZP-2wLEB9Rv6erhFmqVnvg"],"address":{"@id":"https:\/\/www.eldigitaldeasturias.com\/noticias\/#postaladdress","@type":"PostalAddress","streetAddress":"san antonio 4","postalCode":"33430","addressLocality":"Cand\u00e1s","addressRegion":"Asturias","addressCountry":"ES"}},{"@type":"Person","@id":"https:\/\/www.eldigitaldeasturias.com\/noticias\/author\/admin\/#author","url":"https:\/\/www.eldigitaldeasturias.com\/noticias\/author\/admin\/","name":"El Digital de Asturias","image":{"@type":"ImageObject","@id":"https:\/\/www.eldigitaldeasturias.com\/noticias\/el-lider-de-la-oposicion-tailandesa-renuncia-a-su-derecho-al-voto\/#authorImage","url":"https:\/\/secure.gravatar.com\/avatar\/df2aeffc32bcd13f8d26072ef8a91b623d677766deac7f97ca815868cd41bf5e?s=96&d=mm&r=g","width":96,"height":96,"caption":"El Digital de Asturias"}},{"@type":"WebPage","@id":"https:\/\/www.eldigitaldeasturias.com\/noticias\/el-lider-de-la-oposicion-tailandesa-renuncia-a-su-derecho-al-voto\/#webpage","url":"https:\/\/www.eldigitaldeasturias.com\/noticias\/el-lider-de-la-oposicion-tailandesa-renuncia-a-su-derecho-al-voto\/","name":"El l\u00edder de la oposici\u00f3n tailandesa renuncia a su derecho al voto - El Digital de Asturias","description":"Bangkok, 1 feb (EFE).- El l\u00edder del opositor Partido Dem\u00f3crata, Abhistiv Vejjajiva, indic\u00f3 hoy que no ejercer\u00e1 su derecho al voto en las elecciones que se celebran ma\u00f1ana en Tailandia en medio de las protestas antigubernamentales. \"Ma\u00f1ana no ejercer\u00e1 mi derecho al voto porque estas elecciones son inconstitucionales y no lograr\u00e1n el objetivo de una","inLanguage":"es-ES","isPartOf":{"@id":"https:\/\/www.eldigitaldeasturias.com\/noticias\/#website"},"breadcrumb":{"@id":"https:\/\/www.eldigitaldeasturias.com\/noticias\/el-lider-de-la-oposicion-tailandesa-renuncia-a-su-derecho-al-voto\/#breadcrumblist"},"author":{"@id":"https:\/\/www.eldigitaldeasturias.com\/noticias\/author\/admin\/#author"},"creator":{"@id":"https:\/\/www.eldigitaldeasturias.com\/noticias\/author\/admin\/#author"},"image":{"@type":"ImageObject","url":481567,"@id":"https:\/\/www.eldigitaldeasturias.com\/noticias\/el-lider-de-la-oposicion-tailandesa-renuncia-a-su-derecho-al-voto\/#mainImage"},"primaryImageOfPage":{"@id":"https:\/\/www.eldigitaldeasturias.com\/noticias\/el-lider-de-la-oposicion-tailandesa-renuncia-a-su-derecho-al-voto\/#mainImage"},"datePublished":"2014-02-01T11:43:44+01:00","dateModified":"2014-02-01T11:43:44+01:00"},{"@type":"WebSite","@id":"https:\/\/www.eldigitaldeasturias.com\/noticias\/#website","url":"https:\/\/www.eldigitaldeasturias.com\/noticias\/","name":"El Digital de Asturias - Diario de actualidad y noticias","alternateName":"El Digital de Asturias - Diario de actualidad y noticias","description":"Hemeroteca","inLanguage":"es-ES","publisher":{"@id":"https:\/\/www.eldigitaldeasturias.com\/noticias\/#organization"}}]},"og:locale":"es_ES","og:site_name":"El Digital de Asturias","og:type":"article","og:title":"El l\u00edder de la oposici\u00f3n tailandesa renuncia a su derecho al voto - El Digital de Asturias","og:description":"Bangkok, 1 feb (EFE).- El l\u00edder del opositor Partido Dem\u00f3crata, Abhistiv Vejjajiva, indic\u00f3 hoy que no ejercer\u00e1 su derecho al voto en las elecciones que se celebran ma\u00f1ana en Tailandia en medio de las protestas antigubernamentales. &quot;Ma\u00f1ana no ejercer\u00e1 mi derecho al voto porque estas elecciones son inconstitucionales y no lograr\u00e1n el objetivo de una","og:url":"https:\/\/www.eldigitaldeasturias.com\/noticias\/el-lider-de-la-oposicion-tailandesa-renuncia-a-su-derecho-al-voto\/","article:tag":["actualidad"],"article:published_time":"2014-02-01T12:43:44+00:00","article:modified_time":"2014-02-01T12:43:44+00:00","article:publisher":"https:\/\/facebook.com\/eldigitaldeasturias","twitter:card":"summary_large_image","twitter:title":"El l\u00edder de la oposici\u00f3n tailandesa renuncia a su derecho al voto - El Digital de Asturias","twitter:description":"Bangkok, 1 feb (EFE).- El l\u00edder del opositor Partido Dem\u00f3crata, Abhistiv Vejjajiva, indic\u00f3 hoy que no ejercer\u00e1 su derecho al voto en las elecciones que se celebran ma\u00f1ana en Tailandia en medio de las protestas antigubernamentales. &quot;Ma\u00f1ana no ejercer\u00e1 mi derecho al voto porque estas elecciones son inconstitucionales y no lograr\u00e1n el objetivo de una","twitter:label1":"Escrito por","twitter:data1":"El Digital de Asturias","twitter:label2":"Tiempo de lectura estimado","twitter:data2":"2 minutos"},"aioseo_meta_data":{"post_id":"481566","title":null,"description":null,"keywords":null,"keyphrases":null,"primary_term":null,"canonical_url":null,"og_title":null,"og_description":null,"og_object_type":"default","og_image_type":"default","og_image_url":null,"og_image_width":null,"og_image_height":null,"og_image_custom_url":null,"og_image_custom_fields":null,"og_video":null,"og_custom_url":null,"og_article_section":null,"og_article_tags":null,"twitter_use_og":true,"twitter_card":"default","twitter_image_type":"default","twitter_image_url":null,"twitter_image_custom_url":null,"twitter_image_custom_fields":null,"twitter_title":null,"twitter_description":null,"schema":{"blockGraphs":[],"customGraphs":[],"default":{"data":{"Article":[],"Course":[],"Dataset":[],"FAQPage":[],"Movie":[],"Person":[],"Product":[],"ProductReview":[],"Car":[],"Recipe":[],"Service":[],"SoftwareApplication":[],"WebPage":[]},"graphName":"","isEnabled":true},"graphs":[],"defaultGraph":"","defaultPostTypeGraph":""},"schema_type":null,"schema_type_options":null,"pillar_content":false,"robots_default":true,"robots_noindex":false,"robots_noarchive":false,"robots_nosnippet":false,"robots_nofollow":false,"robots_noimageindex":false,"robots_noodp":false,"robots_notranslate":false,"robots_max_snippet":null,"robots_max_videopreview":null,"robots_max_imagepreview":"none","priority":null,"frequency":null,"local_seo":null,"seo_analyzer_scan_date":"2026-06-02 07:11:28","breadcrumb_settings":null,"limit_modified_date":false,"open_ai":null,"ai":null,"created":"2020-11-14 22:54:27","updated":"2026-06-02 07:11:28","focus_keyword":null,"additional_keywords":null,"truseo_locale":null},"aioseo_breadcrumb":"<div class=\"aioseo-breadcrumbs\"><span class=\"aioseo-breadcrumb\">\n\t<a href=\"https:\/\/www.eldigitaldeasturias.com\/noticias\" title=\"Home\">Home<\/a>\n<\/span><span class=\"aioseo-breadcrumb-separator\">\u2013<\/span><span class=\"aioseo-breadcrumb\">\n\t<a href=\"https:\/\/www.eldigitaldeasturias.com\/noticias\/category\/actualidad\/\" title=\"Actualidad\">Actualidad<\/a>\n<\/span><span class=\"aioseo-breadcrumb-separator\">\u2013<\/span><span class=\"aioseo-breadcrumb\">\n\t<a href=\"https:\/\/www.eldigitaldeasturias.com\/noticias\/el-lider-de-la-oposicion-tailandesa-renuncia-a-su-derecho-al-voto\/\" title=\"El l\u00edder de la oposici\u00f3n tailandesa renuncia a su derecho al voto\">El l\u00edder de la oposici\u00f3n tailandesa renuncia a su derecho al voto<\/a>\n<\/span><\/div>","aioseo_breadcrumb_json":[{"label":"Home","link":"https:\/\/www.eldigitaldeasturias.com\/noticias"},{"label":"Actualidad","link":"https:\/\/www.eldigitaldeasturias.com\/noticias\/category\/actualidad\/"},{"label":"El l\u00edder de la oposici\u00f3n tailandesa renuncia a su derecho al voto","link":"https:\/\/www.eldigitaldeasturias.com\/noticias\/el-lider-de-la-oposicion-tailandesa-renuncia-a-su-derecho-al-voto\/"}],"_links":{"self":[{"href":"https:\/\/www.eldigitaldeasturias.com\/noticias\/wp-json\/wp\/v2\/posts\/481566","targetHints":{"allow":["GET"]}}],"collection":[{"href":"https:\/\/www.eldigitaldeasturias.com\/noticias\/wp-json\/wp\/v2\/posts"}],"about":[{"href":"https:\/\/www.eldigitaldeasturias.com\/noticias\/wp-json\/wp\/v2\/types\/post"}],"author":[{"embeddable":true,"href":"https:\/\/www.eldigitaldeasturias.com\/noticias\/wp-json\/wp\/v2\/users\/1"}],"replies":[{"embeddable":true,"href":"https:\/\/www.eldigitaldeasturias.com\/noticias\/wp-json\/wp\/v2\/comments?post=481566"}],"version-history":[{"count":0,"href":"https:\/\/www.eldigitaldeasturias.com\/noticias\/wp-json\/wp\/v2\/posts\/481566\/revisions"}],"wp:attachment":[{"href":"https:\/\/www.eldigitaldeasturias.com\/noticias\/wp-json\/wp\/v2\/media?parent=481566"}],"wp:term":[{"taxonomy":"category","embeddable":true,"href":"https:\/\/www.eldigitaldeasturias.com\/noticias\/wp-json\/wp\/v2\/categories?post=481566"},{"taxonomy":"post_tag","embeddable":true,"href":"https:\/\/www.eldigitaldeasturias.com\/noticias\/wp-json\/wp\/v2\/tags?post=481566"}],"curies":[{"name":"wp","href":"https:\/\/api.w.org\/{rel}","templated":true}]}}