{"id":481545,"date":"2014-02-01T11:35:24","date_gmt":"2014-02-01T12:35:24","guid":{"rendered":"http:\/\/www.eldigitaldeasturias.com\/noticias\/?p=481545"},"modified":"2014-02-01T11:35:24","modified_gmt":"2014-02-01T12:35:24","slug":"buques-de-guerra-ee-uu-parten-al-mar-negro-para-una-eventual-evacuacion-en-sochi","status":"publish","type":"post","link":"https:\/\/www.eldigitaldeasturias.com\/noticias\/buques-de-guerra-ee-uu-parten-al-mar-negro-para-una-eventual-evacuacion-en-sochi\/","title":{"rendered":"Buques de guerra EE.UU. parten al mar Negro para una eventual evacuaci\u00f3n en Sochi"},"content":{"rendered":"<p><img loading=\"lazy\" decoding=\"async\" class=\"alignleft size-medium wp-image-481546\" alt=\"5899064w\" src=\"https:\/\/www.eldigitaldeasturias.com\/noticias\/wp-content\/uploads\/2014\/02\/5899064w-360x239.jpg\" width=\"360\" height=\"239\" \/>Washington, 1 feb (EFE).- El primero de los dos barcos de guerra que Estados Unidos ha destinado para eventuales evacuaciones durante los Juegos Ol\u00edmpicos de Invierno de Sochi parti\u00f3 el viernes hacia el mar Negro, a donde se dirigir\u00e1 hoy el segundo de los nav\u00edos, cuya intervenci\u00f3n se podr\u00eda requerir en caso de ataque terrorista en la cita ol\u00edmpica.<\/p>\n<p>El \u00abUSS Mount Whitney\u00bb zarp\u00f3 el viernes del puerto de Gaeta, en Italia, y el \u00abUSS Taylor\u00bb saldr\u00e1 hoy de otro puerto italiano, seg\u00fan fuentes del Pent\u00e1gono, que prev\u00e9n que los nav\u00edos lleguen al mar Negro la pr\u00f3xima semana.<\/p>\n<p>El Departamento de Defensa de Estados Unidos anunci\u00f3 la semana pasada el env\u00edo de estos dos buques, aunque subray\u00f3 que la seguridad de la competici\u00f3n deportiva descansa en el Gobierno ruso.<\/p>\n<p>Estados Unidos ha ofrecido a Rusia su colaboraci\u00f3n para evitar posibles ataques durante esta competici\u00f3n que tendr\u00e1 lugar del 7 al 23 de febrero en Sochi, una ciudad cercana a la explosiva regi\u00f3n del C\u00e1ucaso Norte, donde act\u00faan grupos guerrilleros y terroristas islamistas.<\/p>\n<p>Aunque hab\u00edan existido amenazas previas, las alarmas se incrementaron el pasado diciembre, despu\u00e9s de que dos atentados suicidas causaran la muerte de m\u00e1s de 30 personas en la vecina ciudad de Volgogrado.<\/p>\n<p>Los dos barcos de guerra, junto con aviones de transporte C-17 disponibles desde bases estadounidenses en pa\u00edses europeos, forman parte del plan de contingencia de Estados Unidos para efectuar evacuaciones en el caso de que se produzca un ataque terrorista en Sochi.<\/p>\n<p>No obstante, el Pent\u00e1gono ha subrayado en repetidas ocasiones que Estados Unidos est\u00e1 listo para ayudar, pero no ha habido ninguna petici\u00f3n rusa en este sentido.<\/p>\n<p>La Casa Blanca dijo la semana pasada haber notado \u00abun repunte\u00bb de las amenazas terroristas relacionadas con esta competici\u00f3n, aunque matiz\u00f3 que \u00abno son inusuales\u00bb al tratarse de un gran evento internacional.<\/p>\n<p>El presidente estadounidense, Barack Obama, convers\u00f3 recientemente por tel\u00e9fono con su hom\u00f3logo ruso, Vladimir Putin, para abordar las cuestiones de seguridad antes de la esperada cita deportiva.<\/p>\n<p>En los \u00faltimos d\u00edas, los comit\u00e9s ol\u00edmpicos de varios pa\u00edses han informado de amenazas terroristas relacionadas con los Juegos de Sochi.<\/p>\n","protected":false},"excerpt":{"rendered":"<p>Washington, 1 feb (EFE).- El primero de los dos barcos de guerra que Estados Unidos ha destinado para eventuales evacuaciones durante los Juegos Ol\u00edmpicos de Invierno de Sochi parti\u00f3 el viernes hacia el mar Negro, a donde se dirigir\u00e1 hoy el segundo de los nav\u00edos, cuya intervenci\u00f3n se podr\u00eda requerir en caso de ataque terrorista [&hellip;]<\/p>\n","protected":false},"author":1,"featured_media":481546,"comment_status":"closed","ping_status":"open","sticky":false,"template":"","format":"standard","meta":{"footnotes":""},"categories":[1],"tags":[],"class_list":["post-481545","post","type-post","status-publish","format-standard","has-post-thumbnail","hentry","category-actualidad"],"aioseo_notices":[],"aioseo_head":"\n\t\t<!-- All in One SEO Pro 5.0.1 - aioseo.com -->\n\t<meta name=\"description\" content=\"Washington, 1 feb (EFE).- El primero de los dos barcos de guerra que Estados Unidos ha destinado para eventuales evacuaciones durante los Juegos Ol\u00edmpicos de Invierno de Sochi parti\u00f3 el viernes hacia el mar Negro, a donde se dirigir\u00e1 hoy el segundo de los nav\u00edos, cuya intervenci\u00f3n se podr\u00eda requerir en caso de ataque terrorista\" \/>\n\t<meta name=\"robots\" content=\"max-image-preview:large\" \/>\n\t<meta name=\"author\" content=\"El Digital de Asturias\"\/>\n\t<meta name=\"google-site-verification\" content=\"UA-38556648-1\" \/>\n\t<meta name=\"msvalidate.01\" content=\"7dfe9f3f1b24437ab69f4f2559babe99\" \/>\n\t<meta name=\"keywords\" content=\"actualidad\" \/>\n\t<link rel=\"canonical\" href=\"https:\/\/www.eldigitaldeasturias.com\/noticias\/buques-de-guerra-ee-uu-parten-al-mar-negro-para-una-eventual-evacuacion-en-sochi\/\" \/>\n\t<meta name=\"generator\" content=\"All in One SEO Pro (AIOSEO) 5.0.1\" \/>\n\t\t<meta property=\"og:locale\" content=\"es_ES\" \/>\n\t\t<meta property=\"og:site_name\" content=\"El Digital de Asturias\" \/>\n\t\t<meta property=\"og:type\" content=\"article\" \/>\n\t\t<meta property=\"og:title\" content=\"Buques de guerra EE.UU. parten al mar Negro para una eventual evacuaci\u00f3n en Sochi - El Digital de Asturias\" \/>\n\t\t<meta property=\"og:description\" content=\"Washington, 1 feb (EFE).- El primero de los dos barcos de guerra que Estados Unidos ha destinado para eventuales evacuaciones durante los Juegos Ol\u00edmpicos de Invierno de Sochi parti\u00f3 el viernes hacia el mar Negro, a donde se dirigir\u00e1 hoy el segundo de los nav\u00edos, cuya intervenci\u00f3n se podr\u00eda requerir en caso de ataque terrorista\" \/>\n\t\t<meta property=\"og:url\" content=\"https:\/\/www.eldigitaldeasturias.com\/noticias\/buques-de-guerra-ee-uu-parten-al-mar-negro-para-una-eventual-evacuacion-en-sochi\/\" \/>\n\t\t<meta property=\"article:tag\" content=\"actualidad\" \/>\n\t\t<meta property=\"article:published_time\" content=\"2014-02-01T12:35:24+00:00\" \/>\n\t\t<meta property=\"article:modified_time\" content=\"2014-02-01T12:35:24+00:00\" \/>\n\t\t<meta property=\"article:publisher\" content=\"https:\/\/facebook.com\/eldigitaldeasturias\" \/>\n\t\t<meta name=\"twitter:card\" content=\"summary_large_image\" \/>\n\t\t<meta name=\"twitter:title\" content=\"Buques de guerra EE.UU. parten al mar Negro para una eventual evacuaci\u00f3n en Sochi - El Digital de Asturias\" \/>\n\t\t<meta name=\"twitter:description\" content=\"Washington, 1 feb (EFE).- El primero de los dos barcos de guerra que Estados Unidos ha destinado para eventuales evacuaciones durante los Juegos Ol\u00edmpicos de Invierno de Sochi parti\u00f3 el viernes hacia el mar Negro, a donde se dirigir\u00e1 hoy el segundo de los nav\u00edos, cuya intervenci\u00f3n se podr\u00eda requerir en caso de ataque terrorista\" \/>\n\t\t<meta name=\"twitter:label1\" content=\"Escrito por\" \/>\n\t\t<meta name=\"twitter:data1\" content=\"El Digital de Asturias\" \/>\n\t\t<meta name=\"twitter:label2\" content=\"Tiempo de lectura estimado\" \/>\n\t\t<meta name=\"twitter:data2\" content=\"2 minutos\" \/>\n\t\t<script type=\"application\/ld+json\" class=\"aioseo-schema\">\n\t\t\t{\"@context\":\"https:\\\/\\\/schema.org\",\"@graph\":[{\"@type\":\"BlogPosting\",\"@id\":\"https:\\\/\\\/www.eldigitaldeasturias.com\\\/noticias\\\/buques-de-guerra-ee-uu-parten-al-mar-negro-para-una-eventual-evacuacion-en-sochi\\\/#blogposting\",\"name\":\"Buques de guerra EE.UU. parten al mar Negro para una eventual evacuaci\\u00f3n en Sochi - El Digital de Asturias\",\"headline\":\"Buques de guerra EE.UU. parten al mar Negro para una eventual evacuaci\\u00f3n en Sochi\",\"author\":{\"@id\":\"https:\\\/\\\/www.eldigitaldeasturias.com\\\/noticias\\\/author\\\/admin\\\/#author\"},\"publisher\":{\"@id\":\"https:\\\/\\\/www.eldigitaldeasturias.com\\\/noticias\\\/#organization\"},\"image\":{\"@type\":\"ImageObject\",\"url\":481546},\"datePublished\":\"2014-02-01T11:35:24+01:00\",\"dateModified\":\"2014-02-01T11:35:24+01:00\",\"inLanguage\":\"es-ES\",\"mainEntityOfPage\":{\"@id\":\"https:\\\/\\\/www.eldigitaldeasturias.com\\\/noticias\\\/buques-de-guerra-ee-uu-parten-al-mar-negro-para-una-eventual-evacuacion-en-sochi\\\/#webpage\"},\"isPartOf\":{\"@id\":\"https:\\\/\\\/www.eldigitaldeasturias.com\\\/noticias\\\/buques-de-guerra-ee-uu-parten-al-mar-negro-para-una-eventual-evacuacion-en-sochi\\\/#webpage\"},\"articleSection\":\"Actualidad\"},{\"@type\":\"BreadcrumbList\",\"@id\":\"https:\\\/\\\/www.eldigitaldeasturias.com\\\/noticias\\\/buques-de-guerra-ee-uu-parten-al-mar-negro-para-una-eventual-evacuacion-en-sochi\\\/#breadcrumblist\",\"itemListElement\":[{\"@type\":\"ListItem\",\"@id\":\"https:\\\/\\\/www.eldigitaldeasturias.com\\\/noticias#listItem\",\"position\":1,\"name\":\"Home\",\"item\":\"https:\\\/\\\/www.eldigitaldeasturias.com\\\/noticias\",\"nextItem\":{\"@type\":\"ListItem\",\"@id\":\"https:\\\/\\\/www.eldigitaldeasturias.com\\\/noticias\\\/category\\\/actualidad\\\/#listItem\",\"name\":\"Actualidad\"}},{\"@type\":\"ListItem\",\"@id\":\"https:\\\/\\\/www.eldigitaldeasturias.com\\\/noticias\\\/category\\\/actualidad\\\/#listItem\",\"position\":2,\"name\":\"Actualidad\",\"item\":\"https:\\\/\\\/www.eldigitaldeasturias.com\\\/noticias\\\/category\\\/actualidad\\\/\",\"nextItem\":{\"@type\":\"ListItem\",\"@id\":\"https:\\\/\\\/www.eldigitaldeasturias.com\\\/noticias\\\/buques-de-guerra-ee-uu-parten-al-mar-negro-para-una-eventual-evacuacion-en-sochi\\\/#listItem\",\"name\":\"Buques de guerra EE.UU. parten al mar Negro para una eventual evacuaci\\u00f3n en Sochi\"},\"previousItem\":{\"@type\":\"ListItem\",\"@id\":\"https:\\\/\\\/www.eldigitaldeasturias.com\\\/noticias#listItem\",\"name\":\"Home\"}},{\"@type\":\"ListItem\",\"@id\":\"https:\\\/\\\/www.eldigitaldeasturias.com\\\/noticias\\\/buques-de-guerra-ee-uu-parten-al-mar-negro-para-una-eventual-evacuacion-en-sochi\\\/#listItem\",\"position\":3,\"name\":\"Buques de guerra EE.UU. parten al mar Negro para una eventual evacuaci\\u00f3n en Sochi\",\"previousItem\":{\"@type\":\"ListItem\",\"@id\":\"https:\\\/\\\/www.eldigitaldeasturias.com\\\/noticias\\\/category\\\/actualidad\\\/#listItem\",\"name\":\"Actualidad\"}}]},{\"@type\":\"Organization\",\"@id\":\"https:\\\/\\\/www.eldigitaldeasturias.com\\\/noticias\\\/#organization\",\"name\":\"El Digital de Asturias\",\"description\":\"Hemeroteca\",\"url\":\"https:\\\/\\\/www.eldigitaldeasturias.com\\\/noticias\\\/\",\"email\":\"info@eldigitaldeasturias.com\",\"telephone\":\"+34652131393\",\"logo\":{\"@type\":\"ImageObject\",\"url\":\"https:\\\/\\\/www.eldigitaldeasturias.com\\\/noticias\\\/wp-content\\\/uploads\\\/2020\\\/12\\\/EDA.jpg\",\"@id\":\"https:\\\/\\\/www.eldigitaldeasturias.com\\\/noticias\\\/buques-de-guerra-ee-uu-parten-al-mar-negro-para-una-eventual-evacuacion-en-sochi\\\/#organizationLogo\"},\"image\":{\"@id\":\"https:\\\/\\\/www.eldigitaldeasturias.com\\\/noticias\\\/buques-de-guerra-ee-uu-parten-al-mar-negro-para-una-eventual-evacuacion-en-sochi\\\/#organizationLogo\"},\"sameAs\":[\"https:\\\/\\\/facebook.com\\\/eldigitaldeasturias\",\"https:\\\/\\\/www.youtube.com\\\/channel\\\/UCZP-2wLEB9Rv6erhFmqVnvg\"],\"address\":{\"@id\":\"https:\\\/\\\/www.eldigitaldeasturias.com\\\/noticias\\\/#postaladdress\",\"@type\":\"PostalAddress\",\"streetAddress\":\"san antonio 4\",\"postalCode\":\"33430\",\"addressLocality\":\"Cand\\u00e1s\",\"addressRegion\":\"Asturias\",\"addressCountry\":\"ES\"}},{\"@type\":\"Person\",\"@id\":\"https:\\\/\\\/www.eldigitaldeasturias.com\\\/noticias\\\/author\\\/admin\\\/#author\",\"url\":\"https:\\\/\\\/www.eldigitaldeasturias.com\\\/noticias\\\/author\\\/admin\\\/\",\"name\":\"El Digital de Asturias\",\"image\":{\"@type\":\"ImageObject\",\"@id\":\"https:\\\/\\\/www.eldigitaldeasturias.com\\\/noticias\\\/buques-de-guerra-ee-uu-parten-al-mar-negro-para-una-eventual-evacuacion-en-sochi\\\/#authorImage\",\"url\":\"https:\\\/\\\/secure.gravatar.com\\\/avatar\\\/df2aeffc32bcd13f8d26072ef8a91b623d677766deac7f97ca815868cd41bf5e?s=96&d=mm&r=g\",\"width\":96,\"height\":96,\"caption\":\"El Digital de Asturias\"}},{\"@type\":\"WebPage\",\"@id\":\"https:\\\/\\\/www.eldigitaldeasturias.com\\\/noticias\\\/buques-de-guerra-ee-uu-parten-al-mar-negro-para-una-eventual-evacuacion-en-sochi\\\/#webpage\",\"url\":\"https:\\\/\\\/www.eldigitaldeasturias.com\\\/noticias\\\/buques-de-guerra-ee-uu-parten-al-mar-negro-para-una-eventual-evacuacion-en-sochi\\\/\",\"name\":\"Buques de guerra EE.UU. parten al mar Negro para una eventual evacuaci\\u00f3n en Sochi - El Digital de Asturias\",\"description\":\"Washington, 1 feb (EFE).- El primero de los dos barcos de guerra que Estados Unidos ha destinado para eventuales evacuaciones durante los Juegos Ol\\u00edmpicos de Invierno de Sochi parti\\u00f3 el viernes hacia el mar Negro, a donde se dirigir\\u00e1 hoy el segundo de los nav\\u00edos, cuya intervenci\\u00f3n se podr\\u00eda requerir en caso de ataque terrorista\",\"inLanguage\":\"es-ES\",\"isPartOf\":{\"@id\":\"https:\\\/\\\/www.eldigitaldeasturias.com\\\/noticias\\\/#website\"},\"breadcrumb\":{\"@id\":\"https:\\\/\\\/www.eldigitaldeasturias.com\\\/noticias\\\/buques-de-guerra-ee-uu-parten-al-mar-negro-para-una-eventual-evacuacion-en-sochi\\\/#breadcrumblist\"},\"author\":{\"@id\":\"https:\\\/\\\/www.eldigitaldeasturias.com\\\/noticias\\\/author\\\/admin\\\/#author\"},\"creator\":{\"@id\":\"https:\\\/\\\/www.eldigitaldeasturias.com\\\/noticias\\\/author\\\/admin\\\/#author\"},\"image\":{\"@type\":\"ImageObject\",\"url\":481546,\"@id\":\"https:\\\/\\\/www.eldigitaldeasturias.com\\\/noticias\\\/buques-de-guerra-ee-uu-parten-al-mar-negro-para-una-eventual-evacuacion-en-sochi\\\/#mainImage\"},\"primaryImageOfPage\":{\"@id\":\"https:\\\/\\\/www.eldigitaldeasturias.com\\\/noticias\\\/buques-de-guerra-ee-uu-parten-al-mar-negro-para-una-eventual-evacuacion-en-sochi\\\/#mainImage\"},\"datePublished\":\"2014-02-01T11:35:24+01:00\",\"dateModified\":\"2014-02-01T11:35:24+01:00\"},{\"@type\":\"WebSite\",\"@id\":\"https:\\\/\\\/www.eldigitaldeasturias.com\\\/noticias\\\/#website\",\"url\":\"https:\\\/\\\/www.eldigitaldeasturias.com\\\/noticias\\\/\",\"name\":\"El Digital de Asturias - Diario de actualidad y noticias\",\"alternateName\":\"El Digital de Asturias - Diario de actualidad y noticias\",\"description\":\"Hemeroteca\",\"inLanguage\":\"es-ES\",\"publisher\":{\"@id\":\"https:\\\/\\\/www.eldigitaldeasturias.com\\\/noticias\\\/#organization\"}}]}\n\t\t<\/script>\n\t\t<!-- All in One SEO Pro -->\r\n\t\t<title>Buques de guerra EE.UU. parten al mar Negro para una eventual evacuaci\u00f3n en Sochi - El Digital de Asturias<\/title>\n\n","aioseo_head_json":{"title":"Buques de guerra EE.UU. parten al mar Negro para una eventual evacuaci\u00f3n en Sochi - El Digital de Asturias","description":"Washington, 1 feb (EFE).- El primero de los dos barcos de guerra que Estados Unidos ha destinado para eventuales evacuaciones durante los Juegos Ol\u00edmpicos de Invierno de Sochi parti\u00f3 el viernes hacia el mar Negro, a donde se dirigir\u00e1 hoy el segundo de los nav\u00edos, cuya intervenci\u00f3n se podr\u00eda requerir en caso de ataque terrorista","canonical_url":"https:\/\/www.eldigitaldeasturias.com\/noticias\/buques-de-guerra-ee-uu-parten-al-mar-negro-para-una-eventual-evacuacion-en-sochi\/","robots":"max-image-preview:large","keywords":"actualidad","webmasterTools":{"google-site-verification":"UA-38556648-1","msvalidate.01":"7dfe9f3f1b24437ab69f4f2559babe99","miscellaneous":""},"schema":{"@context":"https:\/\/schema.org","@graph":[{"@type":"BlogPosting","@id":"https:\/\/www.eldigitaldeasturias.com\/noticias\/buques-de-guerra-ee-uu-parten-al-mar-negro-para-una-eventual-evacuacion-en-sochi\/#blogposting","name":"Buques de guerra EE.UU. parten al mar Negro para una eventual evacuaci\u00f3n en Sochi - El Digital de Asturias","headline":"Buques de guerra EE.UU. parten al mar Negro para una eventual evacuaci\u00f3n en Sochi","author":{"@id":"https:\/\/www.eldigitaldeasturias.com\/noticias\/author\/admin\/#author"},"publisher":{"@id":"https:\/\/www.eldigitaldeasturias.com\/noticias\/#organization"},"image":{"@type":"ImageObject","url":481546},"datePublished":"2014-02-01T11:35:24+01:00","dateModified":"2014-02-01T11:35:24+01:00","inLanguage":"es-ES","mainEntityOfPage":{"@id":"https:\/\/www.eldigitaldeasturias.com\/noticias\/buques-de-guerra-ee-uu-parten-al-mar-negro-para-una-eventual-evacuacion-en-sochi\/#webpage"},"isPartOf":{"@id":"https:\/\/www.eldigitaldeasturias.com\/noticias\/buques-de-guerra-ee-uu-parten-al-mar-negro-para-una-eventual-evacuacion-en-sochi\/#webpage"},"articleSection":"Actualidad"},{"@type":"BreadcrumbList","@id":"https:\/\/www.eldigitaldeasturias.com\/noticias\/buques-de-guerra-ee-uu-parten-al-mar-negro-para-una-eventual-evacuacion-en-sochi\/#breadcrumblist","itemListElement":[{"@type":"ListItem","@id":"https:\/\/www.eldigitaldeasturias.com\/noticias#listItem","position":1,"name":"Home","item":"https:\/\/www.eldigitaldeasturias.com\/noticias","nextItem":{"@type":"ListItem","@id":"https:\/\/www.eldigitaldeasturias.com\/noticias\/category\/actualidad\/#listItem","name":"Actualidad"}},{"@type":"ListItem","@id":"https:\/\/www.eldigitaldeasturias.com\/noticias\/category\/actualidad\/#listItem","position":2,"name":"Actualidad","item":"https:\/\/www.eldigitaldeasturias.com\/noticias\/category\/actualidad\/","nextItem":{"@type":"ListItem","@id":"https:\/\/www.eldigitaldeasturias.com\/noticias\/buques-de-guerra-ee-uu-parten-al-mar-negro-para-una-eventual-evacuacion-en-sochi\/#listItem","name":"Buques de guerra EE.UU. parten al mar Negro para una eventual evacuaci\u00f3n en Sochi"},"previousItem":{"@type":"ListItem","@id":"https:\/\/www.eldigitaldeasturias.com\/noticias#listItem","name":"Home"}},{"@type":"ListItem","@id":"https:\/\/www.eldigitaldeasturias.com\/noticias\/buques-de-guerra-ee-uu-parten-al-mar-negro-para-una-eventual-evacuacion-en-sochi\/#listItem","position":3,"name":"Buques de guerra EE.UU. parten al mar Negro para una eventual evacuaci\u00f3n en Sochi","previousItem":{"@type":"ListItem","@id":"https:\/\/www.eldigitaldeasturias.com\/noticias\/category\/actualidad\/#listItem","name":"Actualidad"}}]},{"@type":"Organization","@id":"https:\/\/www.eldigitaldeasturias.com\/noticias\/#organization","name":"El Digital de Asturias","description":"Hemeroteca","url":"https:\/\/www.eldigitaldeasturias.com\/noticias\/","email":"info@eldigitaldeasturias.com","telephone":"+34652131393","logo":{"@type":"ImageObject","url":"https:\/\/www.eldigitaldeasturias.com\/noticias\/wp-content\/uploads\/2020\/12\/EDA.jpg","@id":"https:\/\/www.eldigitaldeasturias.com\/noticias\/buques-de-guerra-ee-uu-parten-al-mar-negro-para-una-eventual-evacuacion-en-sochi\/#organizationLogo"},"image":{"@id":"https:\/\/www.eldigitaldeasturias.com\/noticias\/buques-de-guerra-ee-uu-parten-al-mar-negro-para-una-eventual-evacuacion-en-sochi\/#organizationLogo"},"sameAs":["https:\/\/facebook.com\/eldigitaldeasturias","https:\/\/www.youtube.com\/channel\/UCZP-2wLEB9Rv6erhFmqVnvg"],"address":{"@id":"https:\/\/www.eldigitaldeasturias.com\/noticias\/#postaladdress","@type":"PostalAddress","streetAddress":"san antonio 4","postalCode":"33430","addressLocality":"Cand\u00e1s","addressRegion":"Asturias","addressCountry":"ES"}},{"@type":"Person","@id":"https:\/\/www.eldigitaldeasturias.com\/noticias\/author\/admin\/#author","url":"https:\/\/www.eldigitaldeasturias.com\/noticias\/author\/admin\/","name":"El Digital de Asturias","image":{"@type":"ImageObject","@id":"https:\/\/www.eldigitaldeasturias.com\/noticias\/buques-de-guerra-ee-uu-parten-al-mar-negro-para-una-eventual-evacuacion-en-sochi\/#authorImage","url":"https:\/\/secure.gravatar.com\/avatar\/df2aeffc32bcd13f8d26072ef8a91b623d677766deac7f97ca815868cd41bf5e?s=96&d=mm&r=g","width":96,"height":96,"caption":"El Digital de Asturias"}},{"@type":"WebPage","@id":"https:\/\/www.eldigitaldeasturias.com\/noticias\/buques-de-guerra-ee-uu-parten-al-mar-negro-para-una-eventual-evacuacion-en-sochi\/#webpage","url":"https:\/\/www.eldigitaldeasturias.com\/noticias\/buques-de-guerra-ee-uu-parten-al-mar-negro-para-una-eventual-evacuacion-en-sochi\/","name":"Buques de guerra EE.UU. parten al mar Negro para una eventual evacuaci\u00f3n en Sochi - El Digital de Asturias","description":"Washington, 1 feb (EFE).- El primero de los dos barcos de guerra que Estados Unidos ha destinado para eventuales evacuaciones durante los Juegos Ol\u00edmpicos de Invierno de Sochi parti\u00f3 el viernes hacia el mar Negro, a donde se dirigir\u00e1 hoy el segundo de los nav\u00edos, cuya intervenci\u00f3n se podr\u00eda requerir en caso de ataque terrorista","inLanguage":"es-ES","isPartOf":{"@id":"https:\/\/www.eldigitaldeasturias.com\/noticias\/#website"},"breadcrumb":{"@id":"https:\/\/www.eldigitaldeasturias.com\/noticias\/buques-de-guerra-ee-uu-parten-al-mar-negro-para-una-eventual-evacuacion-en-sochi\/#breadcrumblist"},"author":{"@id":"https:\/\/www.eldigitaldeasturias.com\/noticias\/author\/admin\/#author"},"creator":{"@id":"https:\/\/www.eldigitaldeasturias.com\/noticias\/author\/admin\/#author"},"image":{"@type":"ImageObject","url":481546,"@id":"https:\/\/www.eldigitaldeasturias.com\/noticias\/buques-de-guerra-ee-uu-parten-al-mar-negro-para-una-eventual-evacuacion-en-sochi\/#mainImage"},"primaryImageOfPage":{"@id":"https:\/\/www.eldigitaldeasturias.com\/noticias\/buques-de-guerra-ee-uu-parten-al-mar-negro-para-una-eventual-evacuacion-en-sochi\/#mainImage"},"datePublished":"2014-02-01T11:35:24+01:00","dateModified":"2014-02-01T11:35:24+01:00"},{"@type":"WebSite","@id":"https:\/\/www.eldigitaldeasturias.com\/noticias\/#website","url":"https:\/\/www.eldigitaldeasturias.com\/noticias\/","name":"El Digital de Asturias - Diario de actualidad y noticias","alternateName":"El Digital de Asturias - Diario de actualidad y noticias","description":"Hemeroteca","inLanguage":"es-ES","publisher":{"@id":"https:\/\/www.eldigitaldeasturias.com\/noticias\/#organization"}}]},"og:locale":"es_ES","og:site_name":"El Digital de Asturias","og:type":"article","og:title":"Buques de guerra EE.UU. parten al mar Negro para una eventual evacuaci\u00f3n en Sochi - El Digital de Asturias","og:description":"Washington, 1 feb (EFE).- El primero de los dos barcos de guerra que Estados Unidos ha destinado para eventuales evacuaciones durante los Juegos Ol\u00edmpicos de Invierno de Sochi parti\u00f3 el viernes hacia el mar Negro, a donde se dirigir\u00e1 hoy el segundo de los nav\u00edos, cuya intervenci\u00f3n se podr\u00eda requerir en caso de ataque terrorista","og:url":"https:\/\/www.eldigitaldeasturias.com\/noticias\/buques-de-guerra-ee-uu-parten-al-mar-negro-para-una-eventual-evacuacion-en-sochi\/","article:tag":["actualidad"],"article:published_time":"2014-02-01T12:35:24+00:00","article:modified_time":"2014-02-01T12:35:24+00:00","article:publisher":"https:\/\/facebook.com\/eldigitaldeasturias","twitter:card":"summary_large_image","twitter:title":"Buques de guerra EE.UU. parten al mar Negro para una eventual evacuaci\u00f3n en Sochi - El Digital de Asturias","twitter:description":"Washington, 1 feb (EFE).- El primero de los dos barcos de guerra que Estados Unidos ha destinado para eventuales evacuaciones durante los Juegos Ol\u00edmpicos de Invierno de Sochi parti\u00f3 el viernes hacia el mar Negro, a donde se dirigir\u00e1 hoy el segundo de los nav\u00edos, cuya intervenci\u00f3n se podr\u00eda requerir en caso de ataque terrorista","twitter:label1":"Escrito por","twitter:data1":"El Digital de Asturias","twitter:label2":"Tiempo de lectura estimado","twitter:data2":"2 minutos"},"aioseo_meta_data":{"post_id":"481545","title":null,"description":null,"keywords":null,"keyphrases":null,"primary_term":null,"canonical_url":null,"og_title":null,"og_description":null,"og_object_type":"default","og_image_type":"default","og_image_url":null,"og_image_width":null,"og_image_height":null,"og_image_custom_url":null,"og_image_custom_fields":null,"og_video":null,"og_custom_url":null,"og_article_section":null,"og_article_tags":null,"twitter_use_og":true,"twitter_card":"default","twitter_image_type":"default","twitter_image_url":null,"twitter_image_custom_url":null,"twitter_image_custom_fields":null,"twitter_title":null,"twitter_description":null,"schema":{"blockGraphs":[],"customGraphs":[],"default":{"data":{"Article":[],"Course":[],"Dataset":[],"FAQPage":[],"Movie":[],"Person":[],"Product":[],"ProductReview":[],"Car":[],"Recipe":[],"Service":[],"SoftwareApplication":[],"WebPage":[]},"graphName":"","isEnabled":true},"graphs":[],"defaultGraph":"","defaultPostTypeGraph":""},"schema_type":null,"schema_type_options":null,"pillar_content":false,"robots_default":true,"robots_noindex":false,"robots_noarchive":false,"robots_nosnippet":false,"robots_nofollow":false,"robots_noimageindex":false,"robots_noodp":false,"robots_notranslate":false,"robots_max_snippet":null,"robots_max_videopreview":null,"robots_max_imagepreview":"none","priority":null,"frequency":null,"local_seo":null,"seo_analyzer_scan_date":"2026-06-02 07:06:53","breadcrumb_settings":null,"limit_modified_date":false,"open_ai":null,"ai":null,"created":"2020-11-14 22:54:27","updated":"2026-06-02 07:06:53","focus_keyword":null,"additional_keywords":null,"truseo_locale":null},"aioseo_breadcrumb":"<div class=\"aioseo-breadcrumbs\"><span class=\"aioseo-breadcrumb\">\n\t<a href=\"https:\/\/www.eldigitaldeasturias.com\/noticias\" title=\"Home\">Home<\/a>\n<\/span><span class=\"aioseo-breadcrumb-separator\">\u2013<\/span><span class=\"aioseo-breadcrumb\">\n\t<a href=\"https:\/\/www.eldigitaldeasturias.com\/noticias\/category\/actualidad\/\" title=\"Actualidad\">Actualidad<\/a>\n<\/span><span class=\"aioseo-breadcrumb-separator\">\u2013<\/span><span class=\"aioseo-breadcrumb\">\n\t<a href=\"https:\/\/www.eldigitaldeasturias.com\/noticias\/buques-de-guerra-ee-uu-parten-al-mar-negro-para-una-eventual-evacuacion-en-sochi\/\" title=\"Buques de guerra EE.UU. parten al mar Negro para una eventual evacuaci\u00f3n en Sochi\">Buques de guerra EE.UU. parten al mar Negro para una eventual evacuaci\u00f3n en Sochi<\/a>\n<\/span><\/div>","aioseo_breadcrumb_json":[{"label":"Home","link":"https:\/\/www.eldigitaldeasturias.com\/noticias"},{"label":"Actualidad","link":"https:\/\/www.eldigitaldeasturias.com\/noticias\/category\/actualidad\/"},{"label":"Buques de guerra EE.UU. parten al mar Negro para una eventual evacuaci\u00f3n en Sochi","link":"https:\/\/www.eldigitaldeasturias.com\/noticias\/buques-de-guerra-ee-uu-parten-al-mar-negro-para-una-eventual-evacuacion-en-sochi\/"}],"_links":{"self":[{"href":"https:\/\/www.eldigitaldeasturias.com\/noticias\/wp-json\/wp\/v2\/posts\/481545","targetHints":{"allow":["GET"]}}],"collection":[{"href":"https:\/\/www.eldigitaldeasturias.com\/noticias\/wp-json\/wp\/v2\/posts"}],"about":[{"href":"https:\/\/www.eldigitaldeasturias.com\/noticias\/wp-json\/wp\/v2\/types\/post"}],"author":[{"embeddable":true,"href":"https:\/\/www.eldigitaldeasturias.com\/noticias\/wp-json\/wp\/v2\/users\/1"}],"replies":[{"embeddable":true,"href":"https:\/\/www.eldigitaldeasturias.com\/noticias\/wp-json\/wp\/v2\/comments?post=481545"}],"version-history":[{"count":0,"href":"https:\/\/www.eldigitaldeasturias.com\/noticias\/wp-json\/wp\/v2\/posts\/481545\/revisions"}],"wp:attachment":[{"href":"https:\/\/www.eldigitaldeasturias.com\/noticias\/wp-json\/wp\/v2\/media?parent=481545"}],"wp:term":[{"taxonomy":"category","embeddable":true,"href":"https:\/\/www.eldigitaldeasturias.com\/noticias\/wp-json\/wp\/v2\/categories?post=481545"},{"taxonomy":"post_tag","embeddable":true,"href":"https:\/\/www.eldigitaldeasturias.com\/noticias\/wp-json\/wp\/v2\/tags?post=481545"}],"curies":[{"name":"wp","href":"https:\/\/api.w.org\/{rel}","templated":true}]}}