{"id":481542,"date":"2014-02-01T11:33:47","date_gmt":"2014-02-01T12:33:47","guid":{"rendered":"http:\/\/www.eldigitaldeasturias.com\/noticias\/?p=481542"},"modified":"2014-02-01T11:33:47","modified_gmt":"2014-02-01T12:33:47","slug":"el-tren-de-la-libertad-llega-a-madrid-contra-la-reforma-del-aborto","status":"publish","type":"post","link":"https:\/\/www.eldigitaldeasturias.com\/noticias\/el-tren-de-la-libertad-llega-a-madrid-contra-la-reforma-del-aborto\/","title":{"rendered":"\u00abEl tren de la libertad\u00bb llega a Madrid contra la reforma del aborto"},"content":{"rendered":"<p><img loading=\"lazy\" decoding=\"async\" class=\"alignleft size-medium wp-image-481543\" alt=\"5899022wtren\" src=\"https:\/\/www.eldigitaldeasturias.com\/noticias\/wp-content\/uploads\/2014\/02\/5899022w-360x205.jpg\" width=\"360\" height=\"205\" \/>Madrid, 1 feb (EFE).- La iniciativa \u00abEl tren de la libertad\u00bb en defensa de los derechos de las mujeres y contra la reforma de la ley del aborto llega hoy a Madrid donde se prev\u00e9 que tenga un gran apoyo por parte de la ciudadan\u00eda, organizaciones, sindicatos y varios partidos pol\u00edticos.<\/p>\n<p>Esta iniciativa, que se gest\u00f3 en la Tertulia Feminista les Comadres y de Mujeres por la Igualdad de Barredos (Asturias), ha sido organizada desde en Madrid por la Plataforma \u00abDecidir Nos hace libres\u00bb, formada por m\u00e1s de 300 organizaciones de distintos \u00e1mbitos, y cuenta con el apoyo de asociaciones de varios pa\u00edses.<\/p>\n<p>Las organizadoras estiman que se dar\u00e1n cita en Madrid miles de personas de toda Espa\u00f1a para mostrar al Gobierno su oposici\u00f3n al anteproyecto de ley de protecci\u00f3n de la vida del concebido y de los derechos de la mujer embarazada, elaborado por el Ministerio de Justicia y aprobado por el Consejo de Ministros el pasado 20 de diciembre.<\/p>\n<p>La jornada comenzar\u00e1 en la estaci\u00f3n de Atocha a las 11.30 horas con el recibimiento, por parte de una representaci\u00f3n de organizaciones de mujeres, partidos y sindicatos, al \u00abTren de la libertad\u00bb, en el que viajan 300 mujeres desde Asturias y de varias provincias del norte de Espa\u00f1a.<\/p>\n<p>Tras su llegada a Madrid, arrancar\u00e1 a las 12.00 horas una manifestaci\u00f3n que transcurrir\u00e1 desde Atocha hasta la plaza de Neptuno.<\/p>\n<p>Posteriormente, un grupo de mujeres registrar\u00e1 un documento en el Congreso, en el que rechazan el anteproyecto de reforma de la ley del aborto.<\/p>\n<p>\u00abEl Tren de la Libertad\u00bb har\u00e1 su \u00faltima parada en \u00abuna asamblea abierta\u00bb, que se celebrar\u00e1 en el Auditorio Marcelino Camacho de CCOO, a partir de las 15.00 horas, para la que ya han solicitado la palabra m\u00e1s de medio centenar de organizaciones de mujeres, sindicatos, partidos y ciudadanas an\u00f3nimas.<\/p>\n","protected":false},"excerpt":{"rendered":"<p>Madrid, 1 feb (EFE).- La iniciativa \u00abEl tren de la libertad\u00bb en defensa de los derechos de las mujeres y contra la reforma de la ley del aborto llega hoy a Madrid donde se prev\u00e9 que tenga un gran apoyo por parte de la ciudadan\u00eda, organizaciones, sindicatos y varios partidos pol\u00edticos. Esta iniciativa, que se [&hellip;]<\/p>\n","protected":false},"author":1,"featured_media":481543,"comment_status":"closed","ping_status":"open","sticky":false,"template":"","format":"standard","meta":{"footnotes":""},"categories":[1,12],"tags":[],"class_list":["post-481542","post","type-post","status-publish","format-standard","has-post-thumbnail","hentry","category-actualidad","category-actualidad-asturias"],"aioseo_notices":[],"aioseo_head":"\n\t\t<!-- All in One SEO Pro 5.0.1 - aioseo.com -->\n\t<meta name=\"description\" content=\"Madrid, 1 feb (EFE).- La iniciativa &quot;El tren de la libertad&quot; en defensa de los derechos de las mujeres y contra la reforma de la ley del aborto llega hoy a Madrid donde se prev\u00e9 que tenga un gran apoyo por parte de la ciudadan\u00eda, organizaciones, sindicatos y varios partidos pol\u00edticos. Esta iniciativa, que se\" \/>\n\t<meta name=\"robots\" content=\"max-image-preview:large\" \/>\n\t<meta name=\"author\" content=\"El Digital de Asturias\"\/>\n\t<meta name=\"google-site-verification\" content=\"UA-38556648-1\" \/>\n\t<meta name=\"msvalidate.01\" content=\"7dfe9f3f1b24437ab69f4f2559babe99\" \/>\n\t<meta name=\"keywords\" content=\"actualidad,actualidad asturias\" \/>\n\t<link rel=\"canonical\" href=\"https:\/\/www.eldigitaldeasturias.com\/noticias\/el-tren-de-la-libertad-llega-a-madrid-contra-la-reforma-del-aborto\/\" \/>\n\t<meta name=\"generator\" content=\"All in One SEO Pro (AIOSEO) 5.0.1\" \/>\n\t\t<meta property=\"og:locale\" content=\"es_ES\" \/>\n\t\t<meta property=\"og:site_name\" content=\"El Digital de Asturias\" \/>\n\t\t<meta property=\"og:type\" content=\"article\" \/>\n\t\t<meta property=\"og:title\" content=\"\u00abEl tren de la libertad\u00bb llega a Madrid contra la reforma del aborto - El Digital de Asturias\" \/>\n\t\t<meta property=\"og:description\" content=\"Madrid, 1 feb (EFE).- La iniciativa &quot;El tren de la libertad&quot; en defensa de los derechos de las mujeres y contra la reforma de la ley del aborto llega hoy a Madrid donde se prev\u00e9 que tenga un gran apoyo por parte de la ciudadan\u00eda, organizaciones, sindicatos y varios partidos pol\u00edticos. Esta iniciativa, que se\" \/>\n\t\t<meta property=\"og:url\" content=\"https:\/\/www.eldigitaldeasturias.com\/noticias\/el-tren-de-la-libertad-llega-a-madrid-contra-la-reforma-del-aborto\/\" \/>\n\t\t<meta property=\"article:tag\" content=\"actualidad\" \/>\n\t\t<meta property=\"article:tag\" content=\"actualidad asturias\" \/>\n\t\t<meta property=\"article:published_time\" content=\"2014-02-01T12:33:47+00:00\" \/>\n\t\t<meta property=\"article:modified_time\" content=\"2014-02-01T12:33:47+00:00\" \/>\n\t\t<meta property=\"article:publisher\" content=\"https:\/\/facebook.com\/eldigitaldeasturias\" \/>\n\t\t<meta name=\"twitter:card\" content=\"summary_large_image\" \/>\n\t\t<meta name=\"twitter:title\" content=\"\u00abEl tren de la libertad\u00bb llega a Madrid contra la reforma del aborto - El Digital de Asturias\" \/>\n\t\t<meta name=\"twitter:description\" content=\"Madrid, 1 feb (EFE).- La iniciativa &quot;El tren de la libertad&quot; en defensa de los derechos de las mujeres y contra la reforma de la ley del aborto llega hoy a Madrid donde se prev\u00e9 que tenga un gran apoyo por parte de la ciudadan\u00eda, organizaciones, sindicatos y varios partidos pol\u00edticos. Esta iniciativa, que se\" \/>\n\t\t<meta name=\"twitter:label1\" content=\"Escrito por\" \/>\n\t\t<meta name=\"twitter:data1\" content=\"El Digital de Asturias\" \/>\n\t\t<meta name=\"twitter:label2\" content=\"Tiempo de lectura estimado\" \/>\n\t\t<meta name=\"twitter:data2\" content=\"2 minutos\" \/>\n\t\t<script type=\"application\/ld+json\" class=\"aioseo-schema\">\n\t\t\t{\"@context\":\"https:\\\/\\\/schema.org\",\"@graph\":[{\"@type\":\"BlogPosting\",\"@id\":\"https:\\\/\\\/www.eldigitaldeasturias.com\\\/noticias\\\/el-tren-de-la-libertad-llega-a-madrid-contra-la-reforma-del-aborto\\\/#blogposting\",\"name\":\"\\u00abEl tren de la libertad\\u00bb llega a Madrid contra la reforma del aborto - El Digital de Asturias\",\"headline\":\"\\u00abEl tren de la libertad\\u00bb llega a Madrid contra la reforma del aborto\",\"author\":{\"@id\":\"https:\\\/\\\/www.eldigitaldeasturias.com\\\/noticias\\\/author\\\/admin\\\/#author\"},\"publisher\":{\"@id\":\"https:\\\/\\\/www.eldigitaldeasturias.com\\\/noticias\\\/#organization\"},\"image\":{\"@type\":\"ImageObject\",\"url\":481543},\"datePublished\":\"2014-02-01T11:33:47+01:00\",\"dateModified\":\"2014-02-01T11:33:47+01:00\",\"inLanguage\":\"es-ES\",\"mainEntityOfPage\":{\"@id\":\"https:\\\/\\\/www.eldigitaldeasturias.com\\\/noticias\\\/el-tren-de-la-libertad-llega-a-madrid-contra-la-reforma-del-aborto\\\/#webpage\"},\"isPartOf\":{\"@id\":\"https:\\\/\\\/www.eldigitaldeasturias.com\\\/noticias\\\/el-tren-de-la-libertad-llega-a-madrid-contra-la-reforma-del-aborto\\\/#webpage\"},\"articleSection\":\"Actualidad, Actualidad Asturias\"},{\"@type\":\"BreadcrumbList\",\"@id\":\"https:\\\/\\\/www.eldigitaldeasturias.com\\\/noticias\\\/el-tren-de-la-libertad-llega-a-madrid-contra-la-reforma-del-aborto\\\/#breadcrumblist\",\"itemListElement\":[{\"@type\":\"ListItem\",\"@id\":\"https:\\\/\\\/www.eldigitaldeasturias.com\\\/noticias#listItem\",\"position\":1,\"name\":\"Home\",\"item\":\"https:\\\/\\\/www.eldigitaldeasturias.com\\\/noticias\",\"nextItem\":{\"@type\":\"ListItem\",\"@id\":\"https:\\\/\\\/www.eldigitaldeasturias.com\\\/noticias\\\/category\\\/actualidad\\\/#listItem\",\"name\":\"Actualidad\"}},{\"@type\":\"ListItem\",\"@id\":\"https:\\\/\\\/www.eldigitaldeasturias.com\\\/noticias\\\/category\\\/actualidad\\\/#listItem\",\"position\":2,\"name\":\"Actualidad\",\"item\":\"https:\\\/\\\/www.eldigitaldeasturias.com\\\/noticias\\\/category\\\/actualidad\\\/\",\"nextItem\":{\"@type\":\"ListItem\",\"@id\":\"https:\\\/\\\/www.eldigitaldeasturias.com\\\/noticias\\\/el-tren-de-la-libertad-llega-a-madrid-contra-la-reforma-del-aborto\\\/#listItem\",\"name\":\"\\u00abEl tren de la libertad\\u00bb llega a Madrid contra la reforma del aborto\"},\"previousItem\":{\"@type\":\"ListItem\",\"@id\":\"https:\\\/\\\/www.eldigitaldeasturias.com\\\/noticias#listItem\",\"name\":\"Home\"}},{\"@type\":\"ListItem\",\"@id\":\"https:\\\/\\\/www.eldigitaldeasturias.com\\\/noticias\\\/el-tren-de-la-libertad-llega-a-madrid-contra-la-reforma-del-aborto\\\/#listItem\",\"position\":3,\"name\":\"\\u00abEl tren de la libertad\\u00bb llega a Madrid contra la reforma del aborto\",\"previousItem\":{\"@type\":\"ListItem\",\"@id\":\"https:\\\/\\\/www.eldigitaldeasturias.com\\\/noticias\\\/category\\\/actualidad\\\/#listItem\",\"name\":\"Actualidad\"}}]},{\"@type\":\"Organization\",\"@id\":\"https:\\\/\\\/www.eldigitaldeasturias.com\\\/noticias\\\/#organization\",\"name\":\"El Digital de Asturias\",\"description\":\"Hemeroteca\",\"url\":\"https:\\\/\\\/www.eldigitaldeasturias.com\\\/noticias\\\/\",\"email\":\"info@eldigitaldeasturias.com\",\"telephone\":\"+34652131393\",\"logo\":{\"@type\":\"ImageObject\",\"url\":\"https:\\\/\\\/www.eldigitaldeasturias.com\\\/noticias\\\/wp-content\\\/uploads\\\/2020\\\/12\\\/EDA.jpg\",\"@id\":\"https:\\\/\\\/www.eldigitaldeasturias.com\\\/noticias\\\/el-tren-de-la-libertad-llega-a-madrid-contra-la-reforma-del-aborto\\\/#organizationLogo\"},\"image\":{\"@id\":\"https:\\\/\\\/www.eldigitaldeasturias.com\\\/noticias\\\/el-tren-de-la-libertad-llega-a-madrid-contra-la-reforma-del-aborto\\\/#organizationLogo\"},\"sameAs\":[\"https:\\\/\\\/facebook.com\\\/eldigitaldeasturias\",\"https:\\\/\\\/www.youtube.com\\\/channel\\\/UCZP-2wLEB9Rv6erhFmqVnvg\"],\"address\":{\"@id\":\"https:\\\/\\\/www.eldigitaldeasturias.com\\\/noticias\\\/#postaladdress\",\"@type\":\"PostalAddress\",\"streetAddress\":\"san antonio 4\",\"postalCode\":\"33430\",\"addressLocality\":\"Cand\\u00e1s\",\"addressRegion\":\"Asturias\",\"addressCountry\":\"ES\"}},{\"@type\":\"Person\",\"@id\":\"https:\\\/\\\/www.eldigitaldeasturias.com\\\/noticias\\\/author\\\/admin\\\/#author\",\"url\":\"https:\\\/\\\/www.eldigitaldeasturias.com\\\/noticias\\\/author\\\/admin\\\/\",\"name\":\"El Digital de Asturias\",\"image\":{\"@type\":\"ImageObject\",\"@id\":\"https:\\\/\\\/www.eldigitaldeasturias.com\\\/noticias\\\/el-tren-de-la-libertad-llega-a-madrid-contra-la-reforma-del-aborto\\\/#authorImage\",\"url\":\"https:\\\/\\\/secure.gravatar.com\\\/avatar\\\/df2aeffc32bcd13f8d26072ef8a91b623d677766deac7f97ca815868cd41bf5e?s=96&d=mm&r=g\",\"width\":96,\"height\":96,\"caption\":\"El Digital de Asturias\"}},{\"@type\":\"WebPage\",\"@id\":\"https:\\\/\\\/www.eldigitaldeasturias.com\\\/noticias\\\/el-tren-de-la-libertad-llega-a-madrid-contra-la-reforma-del-aborto\\\/#webpage\",\"url\":\"https:\\\/\\\/www.eldigitaldeasturias.com\\\/noticias\\\/el-tren-de-la-libertad-llega-a-madrid-contra-la-reforma-del-aborto\\\/\",\"name\":\"\\u00abEl tren de la libertad\\u00bb llega a Madrid contra la reforma del aborto - El Digital de Asturias\",\"description\":\"Madrid, 1 feb (EFE).- La iniciativa \\\"El tren de la libertad\\\" en defensa de los derechos de las mujeres y contra la reforma de la ley del aborto llega hoy a Madrid donde se prev\\u00e9 que tenga un gran apoyo por parte de la ciudadan\\u00eda, organizaciones, sindicatos y varios partidos pol\\u00edticos. Esta iniciativa, que se\",\"inLanguage\":\"es-ES\",\"isPartOf\":{\"@id\":\"https:\\\/\\\/www.eldigitaldeasturias.com\\\/noticias\\\/#website\"},\"breadcrumb\":{\"@id\":\"https:\\\/\\\/www.eldigitaldeasturias.com\\\/noticias\\\/el-tren-de-la-libertad-llega-a-madrid-contra-la-reforma-del-aborto\\\/#breadcrumblist\"},\"author\":{\"@id\":\"https:\\\/\\\/www.eldigitaldeasturias.com\\\/noticias\\\/author\\\/admin\\\/#author\"},\"creator\":{\"@id\":\"https:\\\/\\\/www.eldigitaldeasturias.com\\\/noticias\\\/author\\\/admin\\\/#author\"},\"image\":{\"@type\":\"ImageObject\",\"url\":481543,\"@id\":\"https:\\\/\\\/www.eldigitaldeasturias.com\\\/noticias\\\/el-tren-de-la-libertad-llega-a-madrid-contra-la-reforma-del-aborto\\\/#mainImage\"},\"primaryImageOfPage\":{\"@id\":\"https:\\\/\\\/www.eldigitaldeasturias.com\\\/noticias\\\/el-tren-de-la-libertad-llega-a-madrid-contra-la-reforma-del-aborto\\\/#mainImage\"},\"datePublished\":\"2014-02-01T11:33:47+01:00\",\"dateModified\":\"2014-02-01T11:33:47+01:00\"},{\"@type\":\"WebSite\",\"@id\":\"https:\\\/\\\/www.eldigitaldeasturias.com\\\/noticias\\\/#website\",\"url\":\"https:\\\/\\\/www.eldigitaldeasturias.com\\\/noticias\\\/\",\"name\":\"El Digital de Asturias - Diario de actualidad y noticias\",\"alternateName\":\"El Digital de Asturias - Diario de actualidad y noticias\",\"description\":\"Hemeroteca\",\"inLanguage\":\"es-ES\",\"publisher\":{\"@id\":\"https:\\\/\\\/www.eldigitaldeasturias.com\\\/noticias\\\/#organization\"}}]}\n\t\t<\/script>\n\t\t<!-- All in One SEO Pro -->\r\n\t\t<title>\u00abEl tren de la libertad\u00bb llega a Madrid contra la reforma del aborto - El Digital de Asturias<\/title>\n\n","aioseo_head_json":{"title":"\u00abEl tren de la libertad\u00bb llega a Madrid contra la reforma del aborto - El Digital de Asturias","description":"Madrid, 1 feb (EFE).- La iniciativa \"El tren de la libertad\" en defensa de los derechos de las mujeres y contra la reforma de la ley del aborto llega hoy a Madrid donde se prev\u00e9 que tenga un gran apoyo por parte de la ciudadan\u00eda, organizaciones, sindicatos y varios partidos pol\u00edticos. Esta iniciativa, que se","canonical_url":"https:\/\/www.eldigitaldeasturias.com\/noticias\/el-tren-de-la-libertad-llega-a-madrid-contra-la-reforma-del-aborto\/","robots":"max-image-preview:large","keywords":"actualidad,actualidad asturias","webmasterTools":{"google-site-verification":"UA-38556648-1","msvalidate.01":"7dfe9f3f1b24437ab69f4f2559babe99","miscellaneous":""},"schema":{"@context":"https:\/\/schema.org","@graph":[{"@type":"BlogPosting","@id":"https:\/\/www.eldigitaldeasturias.com\/noticias\/el-tren-de-la-libertad-llega-a-madrid-contra-la-reforma-del-aborto\/#blogposting","name":"\u00abEl tren de la libertad\u00bb llega a Madrid contra la reforma del aborto - El Digital de Asturias","headline":"\u00abEl tren de la libertad\u00bb llega a Madrid contra la reforma del aborto","author":{"@id":"https:\/\/www.eldigitaldeasturias.com\/noticias\/author\/admin\/#author"},"publisher":{"@id":"https:\/\/www.eldigitaldeasturias.com\/noticias\/#organization"},"image":{"@type":"ImageObject","url":481543},"datePublished":"2014-02-01T11:33:47+01:00","dateModified":"2014-02-01T11:33:47+01:00","inLanguage":"es-ES","mainEntityOfPage":{"@id":"https:\/\/www.eldigitaldeasturias.com\/noticias\/el-tren-de-la-libertad-llega-a-madrid-contra-la-reforma-del-aborto\/#webpage"},"isPartOf":{"@id":"https:\/\/www.eldigitaldeasturias.com\/noticias\/el-tren-de-la-libertad-llega-a-madrid-contra-la-reforma-del-aborto\/#webpage"},"articleSection":"Actualidad, Actualidad Asturias"},{"@type":"BreadcrumbList","@id":"https:\/\/www.eldigitaldeasturias.com\/noticias\/el-tren-de-la-libertad-llega-a-madrid-contra-la-reforma-del-aborto\/#breadcrumblist","itemListElement":[{"@type":"ListItem","@id":"https:\/\/www.eldigitaldeasturias.com\/noticias#listItem","position":1,"name":"Home","item":"https:\/\/www.eldigitaldeasturias.com\/noticias","nextItem":{"@type":"ListItem","@id":"https:\/\/www.eldigitaldeasturias.com\/noticias\/category\/actualidad\/#listItem","name":"Actualidad"}},{"@type":"ListItem","@id":"https:\/\/www.eldigitaldeasturias.com\/noticias\/category\/actualidad\/#listItem","position":2,"name":"Actualidad","item":"https:\/\/www.eldigitaldeasturias.com\/noticias\/category\/actualidad\/","nextItem":{"@type":"ListItem","@id":"https:\/\/www.eldigitaldeasturias.com\/noticias\/el-tren-de-la-libertad-llega-a-madrid-contra-la-reforma-del-aborto\/#listItem","name":"\u00abEl tren de la libertad\u00bb llega a Madrid contra la reforma del aborto"},"previousItem":{"@type":"ListItem","@id":"https:\/\/www.eldigitaldeasturias.com\/noticias#listItem","name":"Home"}},{"@type":"ListItem","@id":"https:\/\/www.eldigitaldeasturias.com\/noticias\/el-tren-de-la-libertad-llega-a-madrid-contra-la-reforma-del-aborto\/#listItem","position":3,"name":"\u00abEl tren de la libertad\u00bb llega a Madrid contra la reforma del aborto","previousItem":{"@type":"ListItem","@id":"https:\/\/www.eldigitaldeasturias.com\/noticias\/category\/actualidad\/#listItem","name":"Actualidad"}}]},{"@type":"Organization","@id":"https:\/\/www.eldigitaldeasturias.com\/noticias\/#organization","name":"El Digital de Asturias","description":"Hemeroteca","url":"https:\/\/www.eldigitaldeasturias.com\/noticias\/","email":"info@eldigitaldeasturias.com","telephone":"+34652131393","logo":{"@type":"ImageObject","url":"https:\/\/www.eldigitaldeasturias.com\/noticias\/wp-content\/uploads\/2020\/12\/EDA.jpg","@id":"https:\/\/www.eldigitaldeasturias.com\/noticias\/el-tren-de-la-libertad-llega-a-madrid-contra-la-reforma-del-aborto\/#organizationLogo"},"image":{"@id":"https:\/\/www.eldigitaldeasturias.com\/noticias\/el-tren-de-la-libertad-llega-a-madrid-contra-la-reforma-del-aborto\/#organizationLogo"},"sameAs":["https:\/\/facebook.com\/eldigitaldeasturias","https:\/\/www.youtube.com\/channel\/UCZP-2wLEB9Rv6erhFmqVnvg"],"address":{"@id":"https:\/\/www.eldigitaldeasturias.com\/noticias\/#postaladdress","@type":"PostalAddress","streetAddress":"san antonio 4","postalCode":"33430","addressLocality":"Cand\u00e1s","addressRegion":"Asturias","addressCountry":"ES"}},{"@type":"Person","@id":"https:\/\/www.eldigitaldeasturias.com\/noticias\/author\/admin\/#author","url":"https:\/\/www.eldigitaldeasturias.com\/noticias\/author\/admin\/","name":"El Digital de Asturias","image":{"@type":"ImageObject","@id":"https:\/\/www.eldigitaldeasturias.com\/noticias\/el-tren-de-la-libertad-llega-a-madrid-contra-la-reforma-del-aborto\/#authorImage","url":"https:\/\/secure.gravatar.com\/avatar\/df2aeffc32bcd13f8d26072ef8a91b623d677766deac7f97ca815868cd41bf5e?s=96&d=mm&r=g","width":96,"height":96,"caption":"El Digital de Asturias"}},{"@type":"WebPage","@id":"https:\/\/www.eldigitaldeasturias.com\/noticias\/el-tren-de-la-libertad-llega-a-madrid-contra-la-reforma-del-aborto\/#webpage","url":"https:\/\/www.eldigitaldeasturias.com\/noticias\/el-tren-de-la-libertad-llega-a-madrid-contra-la-reforma-del-aborto\/","name":"\u00abEl tren de la libertad\u00bb llega a Madrid contra la reforma del aborto - El Digital de Asturias","description":"Madrid, 1 feb (EFE).- La iniciativa \"El tren de la libertad\" en defensa de los derechos de las mujeres y contra la reforma de la ley del aborto llega hoy a Madrid donde se prev\u00e9 que tenga un gran apoyo por parte de la ciudadan\u00eda, organizaciones, sindicatos y varios partidos pol\u00edticos. Esta iniciativa, que se","inLanguage":"es-ES","isPartOf":{"@id":"https:\/\/www.eldigitaldeasturias.com\/noticias\/#website"},"breadcrumb":{"@id":"https:\/\/www.eldigitaldeasturias.com\/noticias\/el-tren-de-la-libertad-llega-a-madrid-contra-la-reforma-del-aborto\/#breadcrumblist"},"author":{"@id":"https:\/\/www.eldigitaldeasturias.com\/noticias\/author\/admin\/#author"},"creator":{"@id":"https:\/\/www.eldigitaldeasturias.com\/noticias\/author\/admin\/#author"},"image":{"@type":"ImageObject","url":481543,"@id":"https:\/\/www.eldigitaldeasturias.com\/noticias\/el-tren-de-la-libertad-llega-a-madrid-contra-la-reforma-del-aborto\/#mainImage"},"primaryImageOfPage":{"@id":"https:\/\/www.eldigitaldeasturias.com\/noticias\/el-tren-de-la-libertad-llega-a-madrid-contra-la-reforma-del-aborto\/#mainImage"},"datePublished":"2014-02-01T11:33:47+01:00","dateModified":"2014-02-01T11:33:47+01:00"},{"@type":"WebSite","@id":"https:\/\/www.eldigitaldeasturias.com\/noticias\/#website","url":"https:\/\/www.eldigitaldeasturias.com\/noticias\/","name":"El Digital de Asturias - Diario de actualidad y noticias","alternateName":"El Digital de Asturias - Diario de actualidad y noticias","description":"Hemeroteca","inLanguage":"es-ES","publisher":{"@id":"https:\/\/www.eldigitaldeasturias.com\/noticias\/#organization"}}]},"og:locale":"es_ES","og:site_name":"El Digital de Asturias","og:type":"article","og:title":"\u00abEl tren de la libertad\u00bb llega a Madrid contra la reforma del aborto - El Digital de Asturias","og:description":"Madrid, 1 feb (EFE).- La iniciativa &quot;El tren de la libertad&quot; en defensa de los derechos de las mujeres y contra la reforma de la ley del aborto llega hoy a Madrid donde se prev\u00e9 que tenga un gran apoyo por parte de la ciudadan\u00eda, organizaciones, sindicatos y varios partidos pol\u00edticos. Esta iniciativa, que se","og:url":"https:\/\/www.eldigitaldeasturias.com\/noticias\/el-tren-de-la-libertad-llega-a-madrid-contra-la-reforma-del-aborto\/","article:tag":["actualidad","actualidad asturias"],"article:published_time":"2014-02-01T12:33:47+00:00","article:modified_time":"2014-02-01T12:33:47+00:00","article:publisher":"https:\/\/facebook.com\/eldigitaldeasturias","twitter:card":"summary_large_image","twitter:title":"\u00abEl tren de la libertad\u00bb llega a Madrid contra la reforma del aborto - El Digital de Asturias","twitter:description":"Madrid, 1 feb (EFE).- La iniciativa &quot;El tren de la libertad&quot; en defensa de los derechos de las mujeres y contra la reforma de la ley del aborto llega hoy a Madrid donde se prev\u00e9 que tenga un gran apoyo por parte de la ciudadan\u00eda, organizaciones, sindicatos y varios partidos pol\u00edticos. Esta iniciativa, que se","twitter:label1":"Escrito por","twitter:data1":"El Digital de Asturias","twitter:label2":"Tiempo de lectura estimado","twitter:data2":"2 minutos"},"aioseo_meta_data":{"post_id":"481542","title":null,"description":null,"keywords":null,"keyphrases":null,"primary_term":null,"canonical_url":null,"og_title":null,"og_description":null,"og_object_type":"default","og_image_type":"default","og_image_url":null,"og_image_width":null,"og_image_height":null,"og_image_custom_url":null,"og_image_custom_fields":null,"og_video":null,"og_custom_url":null,"og_article_section":null,"og_article_tags":null,"twitter_use_og":true,"twitter_card":"default","twitter_image_type":"default","twitter_image_url":null,"twitter_image_custom_url":null,"twitter_image_custom_fields":null,"twitter_title":null,"twitter_description":null,"schema":{"blockGraphs":[],"customGraphs":[],"default":{"data":{"Article":[],"Course":[],"Dataset":[],"FAQPage":[],"Movie":[],"Person":[],"Product":[],"ProductReview":[],"Car":[],"Recipe":[],"Service":[],"SoftwareApplication":[],"WebPage":[]},"graphName":"","isEnabled":true},"graphs":[],"defaultGraph":"","defaultPostTypeGraph":""},"schema_type":null,"schema_type_options":null,"pillar_content":false,"robots_default":true,"robots_noindex":false,"robots_noarchive":false,"robots_nosnippet":false,"robots_nofollow":false,"robots_noimageindex":false,"robots_noodp":false,"robots_notranslate":false,"robots_max_snippet":null,"robots_max_videopreview":null,"robots_max_imagepreview":"none","priority":null,"frequency":null,"local_seo":null,"seo_analyzer_scan_date":"2026-06-02 07:06:52","breadcrumb_settings":null,"limit_modified_date":false,"open_ai":null,"ai":null,"created":"2020-11-14 22:54:27","updated":"2026-06-02 07:06:52","focus_keyword":null,"additional_keywords":null,"truseo_locale":null},"aioseo_breadcrumb":"<div class=\"aioseo-breadcrumbs\"><span class=\"aioseo-breadcrumb\">\n\t<a href=\"https:\/\/www.eldigitaldeasturias.com\/noticias\" title=\"Home\">Home<\/a>\n<\/span><span class=\"aioseo-breadcrumb-separator\">\u2013<\/span><span class=\"aioseo-breadcrumb\">\n\t<a href=\"https:\/\/www.eldigitaldeasturias.com\/noticias\/category\/actualidad\/\" title=\"Actualidad\">Actualidad<\/a>\n<\/span><span class=\"aioseo-breadcrumb-separator\">\u2013<\/span><span class=\"aioseo-breadcrumb\">\n\t<a href=\"https:\/\/www.eldigitaldeasturias.com\/noticias\/el-tren-de-la-libertad-llega-a-madrid-contra-la-reforma-del-aborto\/\" title=\"\u00abEl tren de la libertad\u00bb llega a Madrid contra la reforma del aborto\">\u00abEl tren de la libertad\u00bb llega a Madrid contra la reforma del aborto<\/a>\n<\/span><\/div>","aioseo_breadcrumb_json":[{"label":"Home","link":"https:\/\/www.eldigitaldeasturias.com\/noticias"},{"label":"Actualidad","link":"https:\/\/www.eldigitaldeasturias.com\/noticias\/category\/actualidad\/"},{"label":"\u00abEl tren de la libertad\u00bb llega a Madrid contra la reforma del aborto","link":"https:\/\/www.eldigitaldeasturias.com\/noticias\/el-tren-de-la-libertad-llega-a-madrid-contra-la-reforma-del-aborto\/"}],"_links":{"self":[{"href":"https:\/\/www.eldigitaldeasturias.com\/noticias\/wp-json\/wp\/v2\/posts\/481542","targetHints":{"allow":["GET"]}}],"collection":[{"href":"https:\/\/www.eldigitaldeasturias.com\/noticias\/wp-json\/wp\/v2\/posts"}],"about":[{"href":"https:\/\/www.eldigitaldeasturias.com\/noticias\/wp-json\/wp\/v2\/types\/post"}],"author":[{"embeddable":true,"href":"https:\/\/www.eldigitaldeasturias.com\/noticias\/wp-json\/wp\/v2\/users\/1"}],"replies":[{"embeddable":true,"href":"https:\/\/www.eldigitaldeasturias.com\/noticias\/wp-json\/wp\/v2\/comments?post=481542"}],"version-history":[{"count":0,"href":"https:\/\/www.eldigitaldeasturias.com\/noticias\/wp-json\/wp\/v2\/posts\/481542\/revisions"}],"wp:attachment":[{"href":"https:\/\/www.eldigitaldeasturias.com\/noticias\/wp-json\/wp\/v2\/media?parent=481542"}],"wp:term":[{"taxonomy":"category","embeddable":true,"href":"https:\/\/www.eldigitaldeasturias.com\/noticias\/wp-json\/wp\/v2\/categories?post=481542"},{"taxonomy":"post_tag","embeddable":true,"href":"https:\/\/www.eldigitaldeasturias.com\/noticias\/wp-json\/wp\/v2\/tags?post=481542"}],"curies":[{"name":"wp","href":"https:\/\/api.w.org\/{rel}","templated":true}]}}